{"id":10021,"date":"2023-05-24T20:27:16","date_gmt":"2023-05-24T18:27:16","guid":{"rendered":"https:\/\/notabene.world\/nb\/?p=10021"},"modified":"2023-05-28T09:10:54","modified_gmt":"2023-05-28T07:10:54","slug":"10021-2","status":"publish","type":"post","link":"https:\/\/notabene.world\/nb\/10021-2\/","title":{"rendered":""},"content":{"rendered":"\n<p><strong>Turcja<\/strong><\/p>\n\n\n\n<p>Druga tura wybor\u00f3w w Turcji, w kt\u00f3rej zmierz\u0105 si\u0119 urz\u0119duj\u0105cy prezydent Recep Erdogan i kandydat opozycji Kilicdaroglu odb\u0119dzie si\u0119 28 maja.<\/p>\n\n\n\n<p>Trwaj\u0105 ostatnie polityczne ustalenia. Trzeci z kandydat\u00f3w na urz\u0105d prezydenta nacjonalista Sinan Ogan ( zdoby\u0142 w pierwszej turze 5,3% g\u0142os\u00f3w) zadeklarowa\u0142, \u017ce poprze w drugiej turze ubiegaj\u0105cego si\u0119 o reelekcj\u0119 Erdogana. Kandydata opozycji Kemala Kilicdarogulu popar\u0142 ju\u017c lider nacjonalistycznej Partii Zwyci\u0119stwo Umit Ozdag.<\/p>\n\n\n\n<p><\/p>\n\n\n\n<p><strong>Grecja<\/strong><\/p>\n\n\n\n<p>Wybory parlamentarne w Grecji wygra\u0142a rz\u0105dz\u0105ca krajem konserwatywna Nowa Demokracja, kt\u00f3ra uzyska\u0142a 40,8% g\u0142os\u00f3w. Nie uzyska\u0142a ona bezwzgl\u0119dnej wi\u0119kszo\u015bci w parlamencie co oznacza, \u017ce kraj czekaj\u0105 prawdopodobnie przedterminowe wybory, mog\u0105 si\u0119 one odby\u0107 ju\u017c 25 czerwca.<\/p>\n\n\n\n<p><\/p>\n\n\n\n<p><strong>W\u0142ochy<\/strong><\/p>\n\n\n\n<p>Wst\u0119pne szacunki w\u0142oskich w\u0142adz m\u00f3wi\u0105 o 7 miliardach euro strat w zwi\u0105zku z powodziami jakie nawiedzi\u0142y region Emilia \u2013 Romania. Zamkni\u0119tych jest mi\u0119dzy innymi ponad 660 dr\u00f3g, zniszczone przez wod\u0119 i b\u0142oto s\u0105 tysi\u0105ce hektar\u00f3w winnic i drzew owocowych.<\/p>\n","protected":false},"excerpt":{"rendered":"<p><b>\u2022\u2022\u2022 Turcja<\/b><\/p>\n<p>Druga tura wybor\u00f3w w Turcji, w kt\u00f3rej zmierz\u0105 si\u0119 urz\u0119duj\u0105cy prezydent Recep Erdogan i kandydat opozycji Kilicdaroglu odb\u0119dzie si\u0119 28 maja.<\/p>\n<p>Trwaj\u0105 ostatnie polityczne ustalenia. Trzeci z kandydat\u00f3w na urz\u0105d prezydenta nacjonalista Sinan Ogan ( zdoby\u0142 w pierwszej turze 5,3% g\u0142os\u00f3w) zadeklarowa\u0142, \u017ce poprze w drugiej turze ubiegaj\u0105cego si\u0119 o reelekcj\u0119 Erdogana. Kandydata opozycji Kemala Kilicdarogulu popar\u0142 ju\u017c lider nacjonalistycznej Partii Zwyci\u0119stwo Umit Ozdag.<\/p>\n<p><b>\u2022\u2022\u2022 Grecja<\/b><\/p>\n<p>Wybory parlamentarne w Grecji wygra\u0142a rz\u0105dz\u0105ca krajem konserwatywna Nowa Demokracja, kt\u00f3ra uzyska\u0142a 40,8% g\u0142os\u00f3w. Nie uzyska\u0142a ona bezwzgl\u0119dnej wi\u0119kszo\u015bci w parlamencie co oznacza, \u017ce kraj czekaj\u0105 prawdopodobnie przedterminowe wybory, mog\u0105 si\u0119 one odby\u0107 ju\u017c 25 czerwca.<\/p>\n<p><b>\u2022\u2022\u2022 W\u0142ochy<\/b><\/p>\n<p>Wst\u0119pne szacunki w\u0142oskich w\u0142adz m\u00f3wi\u0105 o 7 miliardach euro strat w zwi\u0105zku z powodziami jakie nawiedzi\u0142y region Emilia \u2013 Romania. Zamkni\u0119tych jest mi\u0119dzy innymi ponad 660 dr\u00f3g, zniszczone przez wod\u0119 i b\u0142oto s\u0105 tysi\u0105ce hektar\u00f3w winnic i drzew owocowych.<\/p>\n","protected":false},"author":49,"featured_media":8275,"comment_status":"closed","ping_status":"closed","sticky":false,"template":"","format":"standard","meta":{"colormag_page_container_layout":"default_layout","colormag_page_sidebar_layout":"default_layout","_jetpack_memberships_contains_paid_content":false,"footnotes":"","_links_to":"","_links_to_target":""},"categories":[64,212],"tags":[],"class_list":["post-10021","post","type-post","status-publish","format-standard","has-post-thumbnail","hentry","category-aktualnosci","category-od-notki-do-notki"],"yoast_head":"<!-- This site is optimized with the Yoast SEO plugin v27.4 - https:\/\/yoast.com\/product\/yoast-seo-wordpress\/ -->\n<title>- NOTABENE.WORLD<\/title>\n<meta name=\"robots\" content=\"index, follow, max-snippet:-1, max-image-preview:large, max-video-preview:-1\" \/>\n<link rel=\"canonical\" href=\"https:\/\/notabene.world\/nb\/10021-2\/\" \/>\n<meta property=\"og:locale\" content=\"pl_PL\" \/>\n<meta property=\"og:type\" content=\"article\" \/>\n<meta property=\"og:title\" content=\"- NOTABENE.WORLD\" \/>\n<meta property=\"og:description\" content=\"\u2022\u2022\u2022 Turcja Druga tura wybor\u00f3w w Turcji, w kt\u00f3rej zmierz\u0105 si\u0119 urz\u0119duj\u0105cy prezydent Recep Erdogan i kandydat opozycji Kilicdaroglu odb\u0119dzie si\u0119 28 maja. Trwaj\u0105 ostatnie polityczne ustalenia. Trzeci z kandydat\u00f3w na urz\u0105d prezydenta nacjonalista Sinan Ogan ( zdoby\u0142 w pierwszej turze 5,3% g\u0142os\u00f3w) zadeklarowa\u0142, \u017ce poprze w drugiej turze ubiegaj\u0105cego si\u0119 o reelekcj\u0119 Erdogana. Kandydata opozycji Kemala Kilicdarogulu popar\u0142 ju\u017c lider nacjonalistycznej Partii Zwyci\u0119stwo Umit Ozdag. \u2022\u2022\u2022 Grecja Wybory parlamentarne w Grecji wygra\u0142a rz\u0105dz\u0105ca krajem konserwatywna Nowa Demokracja, kt\u00f3ra uzyska\u0142a 40,8% g\u0142os\u00f3w. Nie uzyska\u0142a ona bezwzgl\u0119dnej wi\u0119kszo\u015bci w parlamencie co oznacza, \u017ce kraj czekaj\u0105 prawdopodobnie przedterminowe wybory, mog\u0105 si\u0119 one odby\u0107 ju\u017c 25 czerwca. \u2022\u2022\u2022 W\u0142ochy Wst\u0119pne szacunki w\u0142oskich w\u0142adz m\u00f3wi\u0105 o 7 miliardach euro strat w zwi\u0105zku z powodziami jakie nawiedzi\u0142y region Emilia \u2013 Romania. Zamkni\u0119tych jest mi\u0119dzy innymi ponad 660 dr\u00f3g, zniszczone przez wod\u0119 i b\u0142oto s\u0105 tysi\u0105ce hektar\u00f3w winnic i drzew owocowych.\" \/>\n<meta property=\"og:url\" content=\"https:\/\/notabene.world\/nb\/10021-2\/\" \/>\n<meta property=\"og:site_name\" content=\"NOTABENE.WORLD\" \/>\n<meta property=\"article:publisher\" content=\"https:\/\/www.facebook.com\/Notabene.World\" \/>\n<meta property=\"article:published_time\" content=\"2023-05-24T18:27:16+00:00\" \/>\n<meta property=\"article:modified_time\" content=\"2023-05-28T07:10:54+00:00\" \/>\n<meta property=\"og:image\" content=\"https:\/\/notabene.world\/nb\/wp-content\/uploads\/2022\/11\/oko-notka-800.jpg\" \/>\n\t<meta property=\"og:image:width\" content=\"800\" \/>\n\t<meta property=\"og:image:height\" content=\"445\" \/>\n\t<meta property=\"og:image:type\" content=\"image\/jpeg\" \/>\n<meta name=\"author\" content=\"L D\" \/>\n<meta name=\"twitter:card\" content=\"summary_large_image\" \/>\n<meta name=\"twitter:label1\" content=\"Napisane przez\" \/>\n\t<meta name=\"twitter:data1\" content=\"L D\" \/>\n\t<meta name=\"twitter:label2\" content=\"Szacowany czas czytania\" \/>\n\t<meta name=\"twitter:data2\" content=\"1 minuta\" \/>\n<script type=\"application\/ld+json\" class=\"yoast-schema-graph\">{\"@context\":\"https:\\\/\\\/schema.org\",\"@graph\":[{\"@type\":\"Article\",\"@id\":\"https:\\\/\\\/notabene.world\\\/nb\\\/10021-2\\\/#article\",\"isPartOf\":{\"@id\":\"https:\\\/\\\/notabene.world\\\/nb\\\/10021-2\\\/\"},\"author\":{\"name\":\"L D\",\"@id\":\"https:\\\/\\\/notabene.world\\\/nb\\\/#\\\/schema\\\/person\\\/a8a4b2b811d0db2e360de334d1d4db71\"},\"headline\":\"Brak tytu\u0142u\",\"datePublished\":\"2023-05-24T18:27:16+00:00\",\"dateModified\":\"2023-05-28T07:10:54+00:00\",\"mainEntityOfPage\":{\"@id\":\"https:\\\/\\\/notabene.world\\\/nb\\\/10021-2\\\/\"},\"wordCount\":169,\"publisher\":{\"@id\":\"https:\\\/\\\/notabene.world\\\/nb\\\/#organization\"},\"image\":{\"@id\":\"https:\\\/\\\/notabene.world\\\/nb\\\/10021-2\\\/#primaryimage\"},\"thumbnailUrl\":\"https:\\\/\\\/i0.wp.com\\\/notabene.world\\\/nb\\\/wp-content\\\/uploads\\\/2022\\\/11\\\/oko-notka-800.jpg?fit=800%2C445&ssl=1\",\"articleSection\":[\"Aktualno\u015bci\",\"Od Notki do Notki\"],\"inLanguage\":\"pl-PL\"},{\"@type\":\"WebPage\",\"@id\":\"https:\\\/\\\/notabene.world\\\/nb\\\/10021-2\\\/\",\"url\":\"https:\\\/\\\/notabene.world\\\/nb\\\/10021-2\\\/\",\"name\":\"- NOTABENE.WORLD\",\"isPartOf\":{\"@id\":\"https:\\\/\\\/notabene.world\\\/nb\\\/#website\"},\"primaryImageOfPage\":{\"@id\":\"https:\\\/\\\/notabene.world\\\/nb\\\/10021-2\\\/#primaryimage\"},\"image\":{\"@id\":\"https:\\\/\\\/notabene.world\\\/nb\\\/10021-2\\\/#primaryimage\"},\"thumbnailUrl\":\"https:\\\/\\\/i0.wp.com\\\/notabene.world\\\/nb\\\/wp-content\\\/uploads\\\/2022\\\/11\\\/oko-notka-800.jpg?fit=800%2C445&ssl=1\",\"datePublished\":\"2023-05-24T18:27:16+00:00\",\"dateModified\":\"2023-05-28T07:10:54+00:00\",\"inLanguage\":\"pl-PL\",\"potentialAction\":[{\"@type\":\"ReadAction\",\"target\":[\"https:\\\/\\\/notabene.world\\\/nb\\\/10021-2\\\/\"]}]},{\"@type\":\"ImageObject\",\"inLanguage\":\"pl-PL\",\"@id\":\"https:\\\/\\\/notabene.world\\\/nb\\\/10021-2\\\/#primaryimage\",\"url\":\"https:\\\/\\\/i0.wp.com\\\/notabene.world\\\/nb\\\/wp-content\\\/uploads\\\/2022\\\/11\\\/oko-notka-800.jpg?fit=800%2C445&ssl=1\",\"contentUrl\":\"https:\\\/\\\/i0.wp.com\\\/notabene.world\\\/nb\\\/wp-content\\\/uploads\\\/2022\\\/11\\\/oko-notka-800.jpg?fit=800%2C445&ssl=1\",\"width\":800,\"height\":445},{\"@type\":\"WebSite\",\"@id\":\"https:\\\/\\\/notabene.world\\\/nb\\\/#website\",\"url\":\"https:\\\/\\\/notabene.world\\\/nb\\\/\",\"name\":\"NOTABENE.WORLD\",\"description\":\"Przekaz. Warto\u015bci. Wsp\u00f3lnota.\",\"publisher\":{\"@id\":\"https:\\\/\\\/notabene.world\\\/nb\\\/#organization\"},\"potentialAction\":[{\"@type\":\"SearchAction\",\"target\":{\"@type\":\"EntryPoint\",\"urlTemplate\":\"https:\\\/\\\/notabene.world\\\/nb\\\/?s={search_term_string}\"},\"query-input\":{\"@type\":\"PropertyValueSpecification\",\"valueRequired\":true,\"valueName\":\"search_term_string\"}}],\"inLanguage\":\"pl-PL\"},{\"@type\":\"Organization\",\"@id\":\"https:\\\/\\\/notabene.world\\\/nb\\\/#organization\",\"name\":\"NOTABENE.WORLD\",\"url\":\"https:\\\/\\\/notabene.world\\\/nb\\\/\",\"logo\":{\"@type\":\"ImageObject\",\"inLanguage\":\"pl-PL\",\"@id\":\"https:\\\/\\\/notabene.world\\\/nb\\\/#\\\/schema\\\/logo\\\/image\\\/\",\"url\":\"https:\\\/\\\/notabene.world\\\/nb\\\/wp-content\\\/uploads\\\/2022\\\/01\\\/NB-club-start-www1.jpg\",\"contentUrl\":\"https:\\\/\\\/notabene.world\\\/nb\\\/wp-content\\\/uploads\\\/2022\\\/01\\\/NB-club-start-www1.jpg\",\"width\":1000,\"height\":839,\"caption\":\"NOTABENE.WORLD\"},\"image\":{\"@id\":\"https:\\\/\\\/notabene.world\\\/nb\\\/#\\\/schema\\\/logo\\\/image\\\/\"},\"sameAs\":[\"https:\\\/\\\/www.facebook.com\\\/Notabene.World\"]},{\"@type\":\"Person\",\"@id\":\"https:\\\/\\\/notabene.world\\\/nb\\\/#\\\/schema\\\/person\\\/a8a4b2b811d0db2e360de334d1d4db71\",\"name\":\"L D\",\"image\":{\"@type\":\"ImageObject\",\"inLanguage\":\"pl-PL\",\"@id\":\"https:\\\/\\\/secure.gravatar.com\\\/avatar\\\/e72422680a1a547cdc9e05215034441a836c068f3e1634de36136c70bc2f9d4a?s=96&d=mm&r=g\",\"url\":\"https:\\\/\\\/secure.gravatar.com\\\/avatar\\\/e72422680a1a547cdc9e05215034441a836c068f3e1634de36136c70bc2f9d4a?s=96&d=mm&r=g\",\"contentUrl\":\"https:\\\/\\\/secure.gravatar.com\\\/avatar\\\/e72422680a1a547cdc9e05215034441a836c068f3e1634de36136c70bc2f9d4a?s=96&d=mm&r=g\",\"caption\":\"L D\"},\"url\":\"https:\\\/\\\/notabene.world\\\/nb\\\/author\\\/jo-da2\\\/\"}]}<\/script>\n<!-- \/ Yoast SEO plugin. -->","yoast_head_json":{"title":"- NOTABENE.WORLD","robots":{"index":"index","follow":"follow","max-snippet":"max-snippet:-1","max-image-preview":"max-image-preview:large","max-video-preview":"max-video-preview:-1"},"canonical":"https:\/\/notabene.world\/nb\/10021-2\/","og_locale":"pl_PL","og_type":"article","og_title":"- NOTABENE.WORLD","og_description":"\u2022\u2022\u2022 Turcja Druga tura wybor\u00f3w w Turcji, w kt\u00f3rej zmierz\u0105 si\u0119 urz\u0119duj\u0105cy prezydent Recep Erdogan i kandydat opozycji Kilicdaroglu odb\u0119dzie si\u0119 28 maja. Trwaj\u0105 ostatnie polityczne ustalenia. Trzeci z kandydat\u00f3w na urz\u0105d prezydenta nacjonalista Sinan Ogan ( zdoby\u0142 w pierwszej turze 5,3% g\u0142os\u00f3w) zadeklarowa\u0142, \u017ce poprze w drugiej turze ubiegaj\u0105cego si\u0119 o reelekcj\u0119 Erdogana. Kandydata opozycji Kemala Kilicdarogulu popar\u0142 ju\u017c lider nacjonalistycznej Partii Zwyci\u0119stwo Umit Ozdag. \u2022\u2022\u2022 Grecja Wybory parlamentarne w Grecji wygra\u0142a rz\u0105dz\u0105ca krajem konserwatywna Nowa Demokracja, kt\u00f3ra uzyska\u0142a 40,8% g\u0142os\u00f3w. Nie uzyska\u0142a ona bezwzgl\u0119dnej wi\u0119kszo\u015bci w parlamencie co oznacza, \u017ce kraj czekaj\u0105 prawdopodobnie przedterminowe wybory, mog\u0105 si\u0119 one odby\u0107 ju\u017c 25 czerwca. \u2022\u2022\u2022 W\u0142ochy Wst\u0119pne szacunki w\u0142oskich w\u0142adz m\u00f3wi\u0105 o 7 miliardach euro strat w zwi\u0105zku z powodziami jakie nawiedzi\u0142y region Emilia \u2013 Romania. Zamkni\u0119tych jest mi\u0119dzy innymi ponad 660 dr\u00f3g, zniszczone przez wod\u0119 i b\u0142oto s\u0105 tysi\u0105ce hektar\u00f3w winnic i drzew owocowych.","og_url":"https:\/\/notabene.world\/nb\/10021-2\/","og_site_name":"NOTABENE.WORLD","article_publisher":"https:\/\/www.facebook.com\/Notabene.World","article_published_time":"2023-05-24T18:27:16+00:00","article_modified_time":"2023-05-28T07:10:54+00:00","og_image":[{"width":800,"height":445,"url":"https:\/\/notabene.world\/nb\/wp-content\/uploads\/2022\/11\/oko-notka-800.jpg","type":"image\/jpeg"}],"author":"L D","twitter_card":"summary_large_image","twitter_misc":{"Napisane przez":"L D","Szacowany czas czytania":"1 minuta"},"schema":{"@context":"https:\/\/schema.org","@graph":[{"@type":"Article","@id":"https:\/\/notabene.world\/nb\/10021-2\/#article","isPartOf":{"@id":"https:\/\/notabene.world\/nb\/10021-2\/"},"author":{"name":"L D","@id":"https:\/\/notabene.world\/nb\/#\/schema\/person\/a8a4b2b811d0db2e360de334d1d4db71"},"headline":"Brak tytu\u0142u","datePublished":"2023-05-24T18:27:16+00:00","dateModified":"2023-05-28T07:10:54+00:00","mainEntityOfPage":{"@id":"https:\/\/notabene.world\/nb\/10021-2\/"},"wordCount":169,"publisher":{"@id":"https:\/\/notabene.world\/nb\/#organization"},"image":{"@id":"https:\/\/notabene.world\/nb\/10021-2\/#primaryimage"},"thumbnailUrl":"https:\/\/i0.wp.com\/notabene.world\/nb\/wp-content\/uploads\/2022\/11\/oko-notka-800.jpg?fit=800%2C445&ssl=1","articleSection":["Aktualno\u015bci","Od Notki do Notki"],"inLanguage":"pl-PL"},{"@type":"WebPage","@id":"https:\/\/notabene.world\/nb\/10021-2\/","url":"https:\/\/notabene.world\/nb\/10021-2\/","name":"- NOTABENE.WORLD","isPartOf":{"@id":"https:\/\/notabene.world\/nb\/#website"},"primaryImageOfPage":{"@id":"https:\/\/notabene.world\/nb\/10021-2\/#primaryimage"},"image":{"@id":"https:\/\/notabene.world\/nb\/10021-2\/#primaryimage"},"thumbnailUrl":"https:\/\/i0.wp.com\/notabene.world\/nb\/wp-content\/uploads\/2022\/11\/oko-notka-800.jpg?fit=800%2C445&ssl=1","datePublished":"2023-05-24T18:27:16+00:00","dateModified":"2023-05-28T07:10:54+00:00","inLanguage":"pl-PL","potentialAction":[{"@type":"ReadAction","target":["https:\/\/notabene.world\/nb\/10021-2\/"]}]},{"@type":"ImageObject","inLanguage":"pl-PL","@id":"https:\/\/notabene.world\/nb\/10021-2\/#primaryimage","url":"https:\/\/i0.wp.com\/notabene.world\/nb\/wp-content\/uploads\/2022\/11\/oko-notka-800.jpg?fit=800%2C445&ssl=1","contentUrl":"https:\/\/i0.wp.com\/notabene.world\/nb\/wp-content\/uploads\/2022\/11\/oko-notka-800.jpg?fit=800%2C445&ssl=1","width":800,"height":445},{"@type":"WebSite","@id":"https:\/\/notabene.world\/nb\/#website","url":"https:\/\/notabene.world\/nb\/","name":"NOTABENE.WORLD","description":"Przekaz. Warto\u015bci. Wsp\u00f3lnota.","publisher":{"@id":"https:\/\/notabene.world\/nb\/#organization"},"potentialAction":[{"@type":"SearchAction","target":{"@type":"EntryPoint","urlTemplate":"https:\/\/notabene.world\/nb\/?s={search_term_string}"},"query-input":{"@type":"PropertyValueSpecification","valueRequired":true,"valueName":"search_term_string"}}],"inLanguage":"pl-PL"},{"@type":"Organization","@id":"https:\/\/notabene.world\/nb\/#organization","name":"NOTABENE.WORLD","url":"https:\/\/notabene.world\/nb\/","logo":{"@type":"ImageObject","inLanguage":"pl-PL","@id":"https:\/\/notabene.world\/nb\/#\/schema\/logo\/image\/","url":"https:\/\/notabene.world\/nb\/wp-content\/uploads\/2022\/01\/NB-club-start-www1.jpg","contentUrl":"https:\/\/notabene.world\/nb\/wp-content\/uploads\/2022\/01\/NB-club-start-www1.jpg","width":1000,"height":839,"caption":"NOTABENE.WORLD"},"image":{"@id":"https:\/\/notabene.world\/nb\/#\/schema\/logo\/image\/"},"sameAs":["https:\/\/www.facebook.com\/Notabene.World"]},{"@type":"Person","@id":"https:\/\/notabene.world\/nb\/#\/schema\/person\/a8a4b2b811d0db2e360de334d1d4db71","name":"L D","image":{"@type":"ImageObject","inLanguage":"pl-PL","@id":"https:\/\/secure.gravatar.com\/avatar\/e72422680a1a547cdc9e05215034441a836c068f3e1634de36136c70bc2f9d4a?s=96&d=mm&r=g","url":"https:\/\/secure.gravatar.com\/avatar\/e72422680a1a547cdc9e05215034441a836c068f3e1634de36136c70bc2f9d4a?s=96&d=mm&r=g","contentUrl":"https:\/\/secure.gravatar.com\/avatar\/e72422680a1a547cdc9e05215034441a836c068f3e1634de36136c70bc2f9d4a?s=96&d=mm&r=g","caption":"L D"},"url":"https:\/\/notabene.world\/nb\/author\/jo-da2\/"}]}},"jetpack_featured_media_url":"https:\/\/i0.wp.com\/notabene.world\/nb\/wp-content\/uploads\/2022\/11\/oko-notka-800.jpg?fit=800%2C445&ssl=1","jetpack_sharing_enabled":true,"jetpack_shortlink":"https:\/\/wp.me\/pdCobN-2BD","_links":{"self":[{"href":"https:\/\/notabene.world\/nb\/wp-json\/wp\/v2\/posts\/10021","targetHints":{"allow":["GET"]}}],"collection":[{"href":"https:\/\/notabene.world\/nb\/wp-json\/wp\/v2\/posts"}],"about":[{"href":"https:\/\/notabene.world\/nb\/wp-json\/wp\/v2\/types\/post"}],"author":[{"embeddable":true,"href":"https:\/\/notabene.world\/nb\/wp-json\/wp\/v2\/users\/49"}],"replies":[{"embeddable":true,"href":"https:\/\/notabene.world\/nb\/wp-json\/wp\/v2\/comments?post=10021"}],"version-history":[{"count":4,"href":"https:\/\/notabene.world\/nb\/wp-json\/wp\/v2\/posts\/10021\/revisions"}],"predecessor-version":[{"id":10028,"href":"https:\/\/notabene.world\/nb\/wp-json\/wp\/v2\/posts\/10021\/revisions\/10028"}],"wp:featuredmedia":[{"embeddable":true,"href":"https:\/\/notabene.world\/nb\/wp-json\/wp\/v2\/media\/8275"}],"wp:attachment":[{"href":"https:\/\/notabene.world\/nb\/wp-json\/wp\/v2\/media?parent=10021"}],"wp:term":[{"taxonomy":"category","embeddable":true,"href":"https:\/\/notabene.world\/nb\/wp-json\/wp\/v2\/categories?post=10021"},{"taxonomy":"post_tag","embeddable":true,"href":"https:\/\/notabene.world\/nb\/wp-json\/wp\/v2\/tags?post=10021"}],"curies":[{"name":"wp","href":"https:\/\/api.w.org\/{rel}","templated":true}]}}