{"id":10056,"date":"2023-05-31T20:39:00","date_gmt":"2023-05-31T18:39:00","guid":{"rendered":"https:\/\/notabene.world\/nb\/?p=10056"},"modified":"2023-06-12T03:04:57","modified_gmt":"2023-06-12T01:04:57","slug":"najlepszy-serial-od-netflixa","status":"publish","type":"post","link":"https:\/\/notabene.world\/nb\/najlepszy-serial-od-netflixa\/","title":{"rendered":"Najlepszy serial od Netflixa"},"content":{"rendered":"\n<p class=\"has-text-align-left has-black-color has-text-color\" style=\"font-size:19px;font-style:normal;font-weight:600\">Nie oszukujmy si\u0119, powod\u00f3w do nienawi\u015bci w kierunku Netflixa jest wiele, ale niestety czasami (rzadko) co\u015b im wyjdzie. Takim bia\u0142ym krukiem ameryka\u0144skiej platformy jest Dark, autorstwa Barana Bo Odara i Jantje Friese. Na podstawie kilku przyk\u0142ad\u00f3w udowodni\u0119 jego wybitno\u015b\u0107. Je\u017celi nie ogl\u0105da\u0142e\u015b, to przeczytaj, w tym artykule <strong>nie<\/strong> wyst\u0119puj\u0105 spoilery.&nbsp;<\/p>\n\n\n\n<p class=\"has-vivid-purple-color has-text-color\" style=\"font-size:18px\"><strong>Spis tre\u015bci:<\/strong><\/p>\n\n\n\n<ul class=\"wp-block-list\">\n<li><strong><a href=\"#1\">Praca Kamery, paleta barw<\/a><\/strong><\/li>\n\n\n\n<li><strong><a href=\"#2\">Synteza Sztuk<\/a>&nbsp;<\/strong><\/li>\n\n\n\n<li><strong><a href=\"#3\">Oryginalno\u015b\u0107 tematyki przy zachowaniu budowy zwierciadlanej<\/a>&nbsp;<\/strong><\/li>\n\n\n\n<li><strong><a href=\"#4\">Aktorzy i muzyka&nbsp;<\/a><\/strong><\/li>\n\n\n\n<li><strong><a href=\"#5\">Symbolizm, mnogo\u015b\u0107 motyw\u00f3w i interpretacji<\/a><\/strong><\/li>\n\n\n\n<li><a href=\"#6\"><strong>Wady<\/strong><\/a><\/li>\n\n\n\n<li><strong><a href=\"#7\">Podsumowanie<\/a><\/strong><\/li>\n<\/ul>\n\n\n\n<p class=\"has-vivid-purple-color has-text-color\" id=\"1\" style=\"font-size:18px\"><strong>Praca Kamery, paleta barw<\/strong><\/p>\n\n\n\n<p class=\"has-black-color has-text-color\">Warto rozpocz\u0105\u0107 dywagacje nad serialem od warstwy technicznej. Nie jestem wykszta\u0142cony w tym temacie tak, jak <a href=\"https:\/\/www.youtube.com\/@NaGalezi\">na ga\u0142\u0119zi<\/a>, \u017ceby analizowa\u0107 dok\u0142adnie prac\u0119 kamery w ka\u017cdej scenie. Jednak\u017ce wystarcz\u0105 oczy (sprawne!!!), by zauwa\u017cy\u0107, z jak\u0105 precyzj\u0105 <em>Dark<\/em> zosta\u0142o zrealizowane. Wi\u0119kszo\u015b\u0107 scen nagrano statycznymi, spokojnymi uj\u0119ciami, kt\u00f3re niekiedy wplatano gwa\u0142towne przeskoki i zbli\u017cenia, aby ww. napi\u0119cie roz\u0142adowa\u0107. (na przyk\u0142ad wybudzanie si\u0119 ze snu Jonasa albo Marty). Taki zabieg, wspomagany ci\u0119\u017ck\u0105 muzyk\u0105 Bena Frosta i ch\u0142odn\u0105 palet\u0105 barw, powoduje w odbiorcy niepok\u00f3j, poczucie zagro\u017cenia. Brak w cz\u0119\u015bci pierwszej ciep\u0142ych kolor\u00f3w; wyj\u0105tkiem jest Jonas i jego kurtka, co oczywi\u015bcie wsp\u00f3\u0142gra z przedstawian\u0105 w\u00f3wczas fabu\u0142\u0105.<\/p>\n\n\n\n<figure class=\"wp-block-image aligncenter size-full is-resized\"><img data-recalc-dims=\"1\" loading=\"lazy\" decoding=\"async\" src=\"https:\/\/i0.wp.com\/notabene.world\/nb\/wp-content\/uploads\/2023\/05\/image-2.png?resize=800%2C406&#038;ssl=1\" alt=\"\" class=\"wp-image-10064\" width=\"800\" height=\"406\" srcset=\"https:\/\/i0.wp.com\/notabene.world\/nb\/wp-content\/uploads\/2023\/05\/image-2.png?w=857&amp;ssl=1 857w, https:\/\/i0.wp.com\/notabene.world\/nb\/wp-content\/uploads\/2023\/05\/image-2.png?resize=300%2C152&amp;ssl=1 300w, https:\/\/i0.wp.com\/notabene.world\/nb\/wp-content\/uploads\/2023\/05\/image-2.png?resize=768%2C390&amp;ssl=1 768w\" sizes=\"auto, (max-width: 800px) 100vw, 800px\" \/><figcaption class=\"wp-element-caption\"><a href=\"https:\/\/www.google.com\/url?sa=i&amp;url=https%3A%2F%2Fwww.yorokobu.es%2Fdark%2F&amp;psig=AOvVaw2qfY8d75KG8DuRMsjwvJIt&amp;ust=1685449003614000&amp;source=images&amp;cd=vfe&amp;ved=0CBEQjRxqFwoTCID-pvvAmv8CFQAAAAAdAAAAABB2\">Martha w sztuce <em>Nic Ariadny<\/em><\/a><em> <\/em><\/figcaption><\/figure>\n\n\n\n<p class=\"has-vivid-purple-color has-text-color\" id=\"2\" style=\"font-size:18px\"><strong>Synteza Sztuk&nbsp;<\/strong><\/p>\n\n\n\n<p class=\"has-black-color has-text-color\">Synteza sztuk zak\u0142ada harmonijne po\u0142\u0105czenie dziedzin sztuki w jedn\u0105 ca\u0142o\u015b\u0107. Aby lepiej to zobrazowa\u0107, pos\u0142u\u017cmy si\u0119 <em>Weselem <\/em>Stanis\u0142awa Wyspia\u0144skiego, kt\u00f3ry w akcj\u0119 dramatu wpl\u00f3t\u0142 liczne obrazy, skoczn\u0105 muzyk\u0119, do kt\u00f3rej bawi\u0105 si\u0119 weselnicy, a za pomoc\u0105 didaskali\u00f3w precyzyjnie opisa\u0142 przestrze\u0144 teatraln\u0105 i rekwizyty. Tym samym, neoromantyczny poeta przyk\u0142ada\u0142 du\u017c\u0105 uwag\u0119 do szczeg\u00f3\u0142\u00f3w, takich jak kolory, d\u017awi\u0119ki, \u015bwiat\u0142o, rozplanowanie przestrzeni &#8211; nic nie pojawia si\u0119 w <em>Weselu<\/em> przypadkiem. <em>Dark<\/em> jednak idzie o krok dalej &#8211; ka\u017cde uj\u0119cie (na przyk\u0142ad na pude\u0142ko z lekami Jonasa), rekwizyt (czapka Elizabeth), ruch oraz wypowied\u017a postaci (Martha przewiduj\u0105ca nie\u015bwiadomie przysz\u0142o\u015b\u0107 w \u017cartobliwym tonie) jest na swoim w\u0142a\u015bciwym miejscu i jest wa\u017cna w ca\u0142ej konstrukcji \u015bwiata przedstawionego. W skr\u00f3cie &#8211; wszystko tu jest po co\u015b, co r\u00f3wnie\u017c wsp\u00f3\u0142gra z tre\u015bci\u0105, czyli z wylewaj\u0105cymi si\u0119 z ekranu fatalizmem i determinizmem.<\/p>\n\n\n\n<p class=\"has-black-color has-text-color\">Ponadto <em>Dark<\/em> w swojej przemy\u015blanej do granic ob\u0142\u0119du konstrukcji, podobnie jak Wyspia\u0144ski, harmonijnie wplata w g\u0142\u00f3wn\u0105 o\u015b akcji (w zasadzie g\u0142\u00f3wnych osi akcji jest 7) spektakl teatralny <em>Ni\u0107 Ariadny<\/em>, utwory muzyczne z epoki, obrazy, a nawet powie\u015b\u0107 (na tyle oczywi\u015bcie, o ile jest to mo\u017cliwe w serialu &#8211; ciekawym jest, chocia\u017cby samo wprowadzenie narratora &#8211; tw\u00f3rcy ksi\u0105\u017cki). Oczywi\u015bcie ka\u017cdy z przyk\u0142ad\u00f3w syntezy sztuk wsp\u00f3\u0142gra z tre\u015bci\u0105 i przes\u0142aniem; stanowi komentarz, spojrzenie z innej perspektywy, a tak\u017ce pe\u0142ni funkcj\u0119 &#8222;kotwicy&#8221; osadzaj\u0105cej serial w r\u00f3\u017cnych kontekstach (o nawi\u0105zaniach <a href=\"#5\">tutaj<\/a>), a tak\u017ce niejako upodabnia \u015bwiat przedstawiony do naszego \u015bwiata.<\/p>\n\n\n\n<p class=\"has-black-color has-text-color\">Nauki w <em>Dark <\/em>jest niezwykle du\u017co, gdy\u017c serial oparty jest g\u0142\u00f3wnie mi\u0119dzy innymi na fizyce kwantowej, ale tak\u017ce na hermetyzmie czy chrze\u015bcija\u0144stwie i r\u00f3\u017cnych mitologiach. Ogl\u0105daj\u0105c, polecam robi\u0107 przerwy i notatki z artyku\u0142\u00f3w na Wikipedii. Wa\u017cne poj\u0119cia pojawiaj\u0105ce si\u0119 w serialu to stan spl\u0105tany, boska cz\u0105stka, teoria wiecznego powrotu, most Einsteina-Rosena, kot Schr\u00f6dingera&nbsp; i wiele, wiele innych.<\/p>\n\n\n\n<figure class=\"wp-block-image aligncenter size-large\"><img data-recalc-dims=\"1\" loading=\"lazy\" decoding=\"async\" width=\"800\" height=\"400\" src=\"https:\/\/i0.wp.com\/notabene.world\/nb\/wp-content\/uploads\/2023\/05\/image-6.png?resize=800%2C400&#038;ssl=1\" alt=\"\" class=\"wp-image-10071\" srcset=\"https:\/\/i0.wp.com\/notabene.world\/nb\/wp-content\/uploads\/2023\/05\/image-6.png?resize=1024%2C512&amp;ssl=1 1024w, https:\/\/i0.wp.com\/notabene.world\/nb\/wp-content\/uploads\/2023\/05\/image-6.png?resize=300%2C150&amp;ssl=1 300w, https:\/\/i0.wp.com\/notabene.world\/nb\/wp-content\/uploads\/2023\/05\/image-6.png?resize=768%2C384&amp;ssl=1 768w, https:\/\/i0.wp.com\/notabene.world\/nb\/wp-content\/uploads\/2023\/05\/image-6.png?resize=1536%2C768&amp;ssl=1 1536w, https:\/\/i0.wp.com\/notabene.world\/nb\/wp-content\/uploads\/2023\/05\/image-6.png?w=1920&amp;ssl=1 1920w, https:\/\/i0.wp.com\/notabene.world\/nb\/wp-content\/uploads\/2023\/05\/image-6.png?w=1600&amp;ssl=1 1600w\" sizes=\"auto, (max-width: 800px) 100vw, 800px\" \/><figcaption class=\"wp-element-caption\"><a href=\"https:\/\/www.google.com\/url?sa=i&amp;url=https%3A%2F%2Finews.co.uk%2Fculture%2Ftelevision%2Fdark-filmed-where-filming-locations-germany-berlin-season-3-netflix-series-458619&amp;psig=AOvVaw2F_PshxHwZMGmzwMUwBQhv&amp;ust=1685471362775000&amp;source=images&amp;cd=vfe&amp;ved=0CBEQjRxqFwoTCPi7wKCUm_8CFQAAAAAdAAAAABA1\">Jonas<\/a><\/figcaption><\/figure>\n\n\n\n<p class=\"has-vivid-purple-color has-text-color\" id=\"3\" style=\"font-size:18px\"><strong>Oryginalno\u015b\u0107 tematyki przy zachowaniu budowy zwierciadlanej&nbsp;<\/strong><\/p>\n\n\n\n<p class=\"has-black-color has-text-color\">Nie mog\u0142em sobie odpu\u015bci\u0107 trudnych zwrot\u00f3w, wi\u0119c tym razem wymy\u015bli\u0142em nawet sw\u00f3j w\u0142asny. Baran Bo Odar i Jantje Friese opowiadaj\u0105 histori\u0119 mieszka\u0144c\u00f3w ma\u0142ego miasteczka Winden, kt\u00f3rzy walcz\u0105 dzielnie z przeznaczeniem;  imponuje nam ich up\u00f3r ze wzgl\u0119du na to, \u017ce nauczeni histori\u0105 Edypa albo Antygony wiemy, \u017ce taka walka zawsze jest z g\u00f3ry przegrana. Paradoks czasowy goni kolejny paradoks, ko\u0142o \u017cycia i \u015bmierci nieustannie zamyka, a pocz\u0105tku nie da si\u0119 znale\u017a\u0107 tak samo, jak ko\u0144ca. Tak wi\u0119c oryginalna tematyka, przedstawiona w interesuj\u0105cy i dopracowany spos\u00f3b, pozwala odbiorcy uto\u017csami\u0107 si\u0119 z bohaterami, wi\u0119c zostaje zachowana budowa zwierciadlana. Mimo \u017ce nie jest to serial realistyczny, wr\u0119cz przeciwnie &#8211; <em>Dark <\/em>bli\u017cej do fantastyki naukowej, to jednak brak tu wyidealizowanych, granicznych postaci, superbohater\u00f3w (kt\u00f3rych szczerze nienawidz\u0119) itp.; postacie to zwykli ludzie, tacy jak my; ich problemy nie odbiegaj\u0105 od naszych. Pozwala to na nawi\u0105zanie z nimi bli\u017cszej wi\u0119zi emocjonalnej, co przek\u0142ada si\u0119 na, wr\u0119cz bezpo\u015bredni udzia\u0142 w \u015bwiecie przedstawionym. Mimo bardzo rozbudowanego w\u0105tku metafizycznego,&nbsp; kt\u00f3ry na wszystkie postacie mimo wszystko wp\u0142ywa, ich los wygl\u0105da jednak do\u015b\u0107 zwyczajnie. Zale\u017cno\u015b\u0107 mi\u0119dzy metafizyk\u0105 i codzienno\u015bci\u0105 jest tutaj bardzo typowa (w dobrym tego s\u0142owa znaczeniu). Bo kto cho\u0107 raz nie zastanawia\u0142 si\u0119 nad tym, jak powsta\u0142 wszech\u015bwiat czy jego \u017cycie nie jest jakim\u015b b\u0142\u0119dem i czy jego dzia\u0142ania maj\u0105 jakikolwiek sens?<\/p>\n\n\n\n<p class=\"has-vivid-purple-color has-text-color\" id=\"4\" style=\"font-size:18px\"><strong>Aktorzy i muzyka&nbsp;<\/strong><\/p>\n\n\n\n<p class=\"has-black-color has-text-color\">W obsadzie nie pojawia si\u0119 \u017cadne, szerzej znane nazwisko, a mimo to, aktorzy dali sobie rad\u0119 znakomicie i s\u0105 kolejn\u0105, siln\u0105 stron\u0105 niemieckiej produkcji. Na szczeg\u00f3lne wyr\u00f3\u017cnienie zas\u0142uguje:<\/p>\n\n\n\n<div class=\"wp-block-group is-layout-constrained wp-block-group-is-layout-constrained\">\n<p class=\"has-black-color has-text-color\">&#8211;<strong><a href=\"https:\/\/www.filmweb.pl\/person\/Oliver+Masucci-475608\">Oliver Masucci<\/a><\/strong>; wspaniale odegrana rola policjanta; genialna praca mimik\u0105 twarzy; chyba najlepiej oddawa\u0142 swoj\u0105 gr\u0105 cierpienie swojej postaci<\/p>\n\n\n\n<p class=\"has-black-color has-text-color\">&#8211;<a href=\"https:\/\/www.filmweb.pl\/person\/J%C3%B6rdis+Triebel-527025\"><strong>J\u00f6rdis Triebel<\/strong><\/a>; irytuj\u0105ca, ale twarda i stanowcza matka oraz \u017cona; tutaj du\u017ca zas\u0142uga samych tw\u00f3rc\u00f3w, gdy\u017c sama jej historia jest po prostu ciekawa.&nbsp;<\/p>\n\n\n\n<p class=\"has-black-color has-text-color\">&#8211;<a href=\"https:\/\/www.filmweb.pl\/person\/Louis+Hofmann-1509309\"><strong>Louis Hofmann<\/strong><\/a>; gra\u0142 g\u0142\u00f3wn\u0105 rol\u0119 i akurat w tym przypadku, by\u0142a ona niezwykle wymagaj\u0105ca; nie da\u0142o si\u0119 jej chyba zagra\u0107 lepiej, co nie znaczy oczywi\u015bcie, \u017ce zagra\u0142 j\u0105 wybitnie.<\/p>\n\n\n\n<p class=\"has-black-color has-text-color\">Warto wspomnie\u0107, \u017ce oryginalna \u015bcie\u017cka d\u017awi\u0119kowa jest w j\u0119zyku niemieckim, kt\u00f3rego ekspresyjno\u015b\u0107 oraz swoista ostro\u015b\u0107 dodaje klimatu. Polecam ogl\u0105da\u0107 w\u0142a\u015bnie po niemiecku (i w nocy, albo z zas\u0142oni\u0119tymi \u017caluzjami). Ponadto nie wiem, czy jakikolwiek serial dostarczy\u0142 mi tak du\u017cej ilo\u015bci muzyki, kt\u00f3r\u0105 s\u0142ucham praktycznie na co dzie\u0144. Moi faworyci to:<\/p>\n<\/div>\n\n\n\n<ul class=\"wp-block-list\">\n<li style=\"font-size:15px\">Apparat &#8211; <a href=\"https:\/\/open.spotify.com\/track\/7M0fsXo6rpXOKkveYooBob?si=d4501e9ffd1e4782\">Goodbye<\/a>&nbsp;<\/li>\n\n\n\n<li style=\"font-size:15px\">Soap&amp;Skin &#8211; <a href=\"https:\/\/open.spotify.com\/track\/0wrWxW18WK2MkrfDpRHkyh?si=08761e825c1a46de\">Me and the devil<\/a>&nbsp;<\/li>\n\n\n\n<li style=\"font-size:15px\">Hozier &#8211; <a href=\"https:\/\/open.spotify.com\/track\/5LDb4ZwsEAar1EIFd9iTkF?si=939b61d9754d49fd\">In the woods somewhere<\/a><\/li>\n\n\n\n<li style=\"font-size:15px\">Teho Teardo &#8211; <a href=\"https:\/\/open.spotify.com\/track\/5OzrMDf9ec7hm0J9GrovnY?si=e7bbbfa048fa44d4\">A quiet life<\/a>&nbsp;<\/li>\n\n\n\n<li style=\"font-size:15px\">Nena &#8211; <a href=\"https:\/\/open.spotify.com\/track\/61OMeme3atDikStS4QxGIE?si=00baed66de044f80\">Irgendwie irgendwo irgendwan<\/a><\/li>\n\n\n\n<li style=\"font-size:15px\">\u015acie\u017cka Bena Frosta (niestety zosta\u0142a usuni\u0119ta ze Spotify) <a href=\"https:\/\/www.youtube.com\/watch?v=gF1m3BPkU0I&amp;t=712s\">s1<\/a> <a href=\"https:\/\/youtube.com\/playlist?list=OLAK5uy_nususKCJ4eohKj1axgonTnkj3wACByqVQ\">s2<\/a> <a href=\"https:\/\/www.youtube.com\/watch?v=g12xVBwzSFw&amp;t=56s\">s3<\/a><\/li>\n<\/ul>\n\n\n\n<figure class=\"wp-block-image aligncenter size-large\"><img data-recalc-dims=\"1\" loading=\"lazy\" decoding=\"async\" width=\"707\" height=\"1024\" src=\"https:\/\/i0.wp.com\/notabene.world\/nb\/wp-content\/uploads\/2023\/05\/image-5.png?resize=707%2C1024&#038;ssl=1\" alt=\"\" class=\"wp-image-10068\" srcset=\"https:\/\/i0.wp.com\/notabene.world\/nb\/wp-content\/uploads\/2023\/05\/image-5.png?resize=707%2C1024&amp;ssl=1 707w, https:\/\/i0.wp.com\/notabene.world\/nb\/wp-content\/uploads\/2023\/05\/image-5.png?resize=207%2C300&amp;ssl=1 207w, https:\/\/i0.wp.com\/notabene.world\/nb\/wp-content\/uploads\/2023\/05\/image-5.png?resize=768%2C1113&amp;ssl=1 768w, https:\/\/i0.wp.com\/notabene.world\/nb\/wp-content\/uploads\/2023\/05\/image-5.png?w=1035&amp;ssl=1 1035w\" sizes=\"auto, (max-width: 707px) 100vw, 707px\" \/><figcaption class=\"wp-element-caption\"><a href=\"https:\/\/www.google.com\/url?sa=i&amp;url=https%3A%2F%2Fwww.everypainterpaintshimself.com%2Farticle%2Fcranachs_animals_in_adam_and_eves_1509-1533&amp;psig=AOvVaw1Oqdsg7GkvlY1C6Ovf_RXZ&amp;ust=1685470695666000&amp;source=images&amp;cd=vfe&amp;ved=0CBEQjRxqFwoTCMDKr-KRm_8CFQAAAAAdAAAAABB1\">Adam und Eve<\/a> <\/figcaption><\/figure>\n\n\n\n<p class=\"has-vivid-purple-color has-text-color\" id=\"5\" style=\"font-size:18px\"><strong>Symbolizm, mnogo\u015b\u0107 motyw\u00f3w i interpretacji<\/strong><\/p>\n\n\n\n<p>Symbolizm r\u00f3wnie\u017c kojarzy si\u0119 z M\u0142od\u0105 Polsk\u0105. Podobnie jak w Weselu, symbole obecne w serialu mo\u017cemy podzieli\u0107 na grupy:<\/p>\n\n\n\n<ul class=\"wp-block-list\">\n<li><strong>Naukowe<\/strong> (Einstein, Schr\u00f6dinger, ksi\u0119ga [to podw\u00f3jnie ciekawe, gdy\u017c motyw\/symbol ksi\u0119gi uto\u017csamiany jest raczej z bibli\u0105] )<\/li>\n\n\n\n<li><strong>Mitologiczne<\/strong> (Ariadna, Erynie, Tezeusz, Uroboros, Triquetra, mit eleuzyjski)<\/li>\n\n\n\n<li><strong>Biblijne<\/strong> (Adam i Ewa, \u015bw. Krzysztof, dualizm, Noe i jego arka, apokalipsa, ponowne przyj\u015bcie Zbawiciela)<\/li>\n\n\n\n<li><strong>Hermetyczne<\/strong> (Tablica szmaragdowa, 7 praw hermetycznych)<\/li>\n<\/ul>\n\n\n\n<p class=\"has-black-color has-text-color\">Ogromna ilo\u015b\u0107 symboli wsp\u00f3\u0142gra z prac\u0105 kamery i prezentowan\u0105 palet\u0105 barw, buduj\u0105c ma\u0142omiasteczkowy, tajemniczy klimat zbrodni, pozwalaj\u0105c uwa\u017cnym widzom na w\u0142asne interpretowanie przedstawianych wydarze\u0144. <\/p>\n\n\n\n<p class=\"has-black-color has-text-color\">No w\u0142a\u015bnie, bo jak\u0105 nauk\u0119 niesie ze sob\u0105 <em>Dark<\/em>? Nie chc\u0119 odpowiada\u0107 tutaj na to pytanie, gdy\u017c oznacza\u0142oby to pot\u0119\u017cn\u0105 dawk\u0119 spoiler\u00f3w, kt\u00f3rych przecie\u017c chcemy unikn\u0105\u0107. Musicie mi wi\u0119c uwierzy\u0107 na s\u0142owo, \u017ce serial oferuje zachwycaj\u0105co du\u017ce pole do w\u0142asnej interpretacji. <\/p>\n\n\n\n<p class=\"has-black-color has-text-color\">Motywy obecne w <em>Dark <\/em>s\u0105 bardzo oryginalnie poprowadzone. Przyk\u0142adowo motyw dorastania, (nudny jak flaki z olejem), tutaj odwr\u00f3cony jest do g\u00f3ry nogami. Odkrywanie przez m\u0142odych ludzi swojej seksualno\u015bci, pogl\u0105d\u00f3w politycznych i spo\u0142ecznych, czyli \u015bwi\u0119ta tr\u00f3jca tego motywu (na przyk\u0142ad <em>Przedwio\u015bnie<\/em>) chowaj\u0105 si\u0119 za du\u017co wa\u017cniejszymi, filozoficznymi i egzystencjalnymi rozterkami. \u015awiat zmienia si\u0119 w ruin\u0119 i ka\u017cdy nastolatek z Winden musi okre\u015bli\u0107 si\u0119, po kt\u00f3rej stronie stanie &#8211; \u015bwiat\u0142a, czy mroku. Motyw podr\u00f3\u017cy &#8211; od razu na my\u015bl przychodzi <em>Odyseja<\/em>, gdzie motyw podr\u00f3\u017cy jest uwaga\u2026 podr\u00f3\u017c\u0105. <em>Dark <\/em>oferuje natomiast podr\u00f3\u017c w zupe\u0142nie innym tego s\u0142owa znaczeniu.&nbsp;<\/p>\n\n\n\n<p class=\"has-black-color has-text-color\">\u00c0 propos, mam rad\u0119 dla wszystkich przysz\u0142ych maturzyst\u00f3w &#8211; je\u017celi nie macie ochoty pisa\u0107 na rozprawkach dwadzie\u015bcia razy o tych samych ksi\u0105\u017ckach w kontekstach, mo\u017cecie odwo\u0142a\u0107 si\u0119 na przyk\u0142ad do <em>Dark.<\/em> Sam z tego skorzysta\u0142em i to na maturze rozszerzonej. Gwarantuj\u0119 wam, \u017ce sprawi wam to o wiele wi\u0119cej przyjemno\u015bci, a je\u017celi dok\u0142adnie ogarniecie tre\u015b\u0107 serialu i symbolik\u0119 (przy motywie podr\u00f3\u017cy grzechem by\u0142oby nie wspomnie\u0107 o medaliku z wizerunkiem \u015bwi\u0119tego Krzysztofa) to na pewno obejdzie si\u0119 bez nieporozumie\u0144.&nbsp;<\/p>\n\n\n\n<p class=\"has-vivid-purple-color has-text-color\" id=\"6\" style=\"font-size:18px\"><strong>Oto jest pytanie?<\/strong><\/p>\n\n\n\n<p class=\"has-black-color has-text-color\">Pozostaje wi\u0119c pytanie, czy Dark jest serialem idealnym? Odpowied\u017a jest banalnie prosta. Oczywi\u015bcie, \u017ce nie. Przede wszystkim, p\u00f3\u0142metek 2 sezonu i  3 odcinek 3 sezonu d\u0142u\u017c\u0105 si\u0119 nies\u0142ychanie. Naprawd\u0119, niekt\u00f3re sceny po prostu pomijam, gdy\u017c s\u0105 niepotrzebnie za d\u0142ugie. Martha te\u017c nie zosta\u0142a odegrana najlepiej; kiedy\u015b przeczyta\u0142em, \u017ce gra, jakby po\u0142kn\u0119\u0142a kija. Niestety momentami to prawda, jednak jedno trzeba jej odda\u0107 &#8211; spektakl, o kt\u00f3rym wcze\u015bniej by\u0142a mowa, wykona\u0142a GENIALNIE. Przedstawienie jest jedn\u0105 z najlepszych scen w ca\u0142ym serialu. Warto te\u017c wspomnie\u0107, \u017ce ci\u0119\u017cki, a nawet bardzo ci\u0119\u017cki klimat serialu mo\u017ce by\u0107 dla wielu po prostu m\u0119cz\u0105cy. G\u0142o\u015bna, przenikliwa muzyka, szaro\u015b\u0107 i do\u015b\u0107 sm\u0119tne dialogi nie wszystkim podpasuj\u0105. Sprawy nie u\u0142atwia r\u00f3wnie\u017c ww. symbolizm, kt\u00f3ry wymaga od odbiorcy nieustannego skupienia; tak wi\u0119c <em>Dark <\/em>nie jest serialem \u0142atwym, kt\u00f3ry idealnie pasuje do relaksu po ci\u0119\u017ckim dniu pracy. Bardzo du\u017co od widza wymaga &#8211; przede wszystkim skupienia i uwagi. Ma to jednak swoje plusy &#8211; w Winden mo\u017cna si\u0119 bardzo dobrze ukry\u0107 przed szar\u0105 codzienno\u015bci\u0105. <\/p>\n\n\n\n<p class=\"has-black-color has-text-color\" id=\"7\" style=\"font-size:18px\"><strong>Podsumowanie<\/strong><\/p>\n\n\n\n<p class=\"has-black-color has-text-color\">Artyku\u0142 jest wyj\u0105tkowo d\u0142ugi, wi\u0119c wypada\u0142oby zrobi\u0107 podsumowanie.&nbsp;<\/p>\n\n\n\n<p class=\"has-black-color has-text-color\">Dlaczego warto obejrze\u0107 <em>Dark<\/em>? My\u015bl\u0119, \u017ce najwa\u017cniejszym powodem jest fakt, \u017ce serial ten jest po prostu co najmniej bardzo dobry na ka\u017cdej p\u0142aszczy\u017anie. Ka\u017cdy element formy wsp\u00f3\u0142gra z innym elementem formy i tre\u015bci,oraz na odwr\u00f3t. Wszystko zosta\u0142o przez tw\u00f3rc\u00f3w skrupulatnie zaplanowane, wi\u0119c w serialu nie pojawiaj\u0105 si\u0119 nie\u015bcis\u0142o\u015bci fabularne, ani interpretacyjne (co w tekstach kultury o tak bogatej symbolice jest niezwykle cz\u0119ste). Wybitnie dobrana muzyka, dobrze odwzorowane klimaty wielu epok, wci\u0105gaj\u0105ca na p\u0142aszczy\u017anie dos\u0142ownej i metaforycznej opowie\u015b\u0107 &#8211; to wszystko sprawia, \u017ce <em>Dark <\/em>sta\u0142 si\u0119 dla mnie dzie\u0142em \u017cycia. <\/p>\n","protected":false},"excerpt":{"rendered":"<p>Dlaczego warto obejrze\u0107 &#8222;Dark&#8221;? My\u015bl\u0119, \u017ce najwa\u017cniejszym powodem jest fakt, \u017ce serial ten jest po prostu co najmniej bardzo dobry na ka\u017cdej p\u0142aszczy\u017anie. Ka\u017cdy element formy wsp\u00f3\u0142gra z innym elementem formy i tre\u015bci, oraz na odwr\u00f3t. Wszystko zosta\u0142o przez tw\u00f3rc\u00f3w skrupulatnie zaplanowane, wi\u0119c w serialu nie pojawiaj\u0105 si\u0119 nie\u015bcis\u0142o\u015bci fabularne, ani interpretacyjne (co w tekstach kultury o tak bogatej symbolice jest niezwykle cz\u0119ste). Wybitnie dobrana muzyka, dobrze odwzorowane klimaty wielu epok, wci\u0105gaj\u0105ca na p\u0142aszczy\u017anie dos\u0142ownej i metaforycznej opowie\u015b\u0107 &#8211; to wszystko sprawia, \u017ce &#8222;Dark&#8221; sta\u0142 si\u0119 dla mnie dzie\u0142em \u017cycia.<\/p>\n","protected":false},"author":6,"featured_media":10077,"comment_status":"closed","ping_status":"closed","sticky":false,"template":"","format":"standard","meta":{"colormag_page_container_layout":"default_layout","colormag_page_sidebar_layout":"default_layout","_jetpack_memberships_contains_paid_content":false,"footnotes":"","_links_to":"","_links_to_target":""},"categories":[64,42,46,6],"tags":[60,52],"class_list":["post-10056","post","type-post","status-publish","format-standard","has-post-thumbnail","hentry","category-aktualnosci","category-felietony","category-film","category-kultura","tag-kino","tag-kultura"],"yoast_head":"<!-- This site is optimized with the Yoast SEO plugin v27.4 - https:\/\/yoast.com\/product\/yoast-seo-wordpress\/ -->\n<title>Najlepszy serial od Netflixa - NOTABENE.WORLD<\/title>\n<meta name=\"robots\" content=\"index, follow, max-snippet:-1, max-image-preview:large, max-video-preview:-1\" \/>\n<link rel=\"canonical\" href=\"https:\/\/notabene.world\/nb\/najlepszy-serial-od-netflixa\/\" \/>\n<meta property=\"og:locale\" content=\"pl_PL\" \/>\n<meta property=\"og:type\" content=\"article\" \/>\n<meta property=\"og:title\" content=\"Najlepszy serial od Netflixa - NOTABENE.WORLD\" \/>\n<meta property=\"og:description\" content=\"Dlaczego warto obejrze\u0107 &quot;Dark&quot;? My\u015bl\u0119, \u017ce najwa\u017cniejszym powodem jest fakt, \u017ce serial ten jest po prostu co najmniej bardzo dobry na ka\u017cdej p\u0142aszczy\u017anie. Ka\u017cdy element formy wsp\u00f3\u0142gra z innym elementem formy i tre\u015bci, oraz na odwr\u00f3t. Wszystko zosta\u0142o przez tw\u00f3rc\u00f3w skrupulatnie zaplanowane, wi\u0119c w serialu nie pojawiaj\u0105 si\u0119 nie\u015bcis\u0142o\u015bci fabularne, ani interpretacyjne (co w tekstach kultury o tak bogatej symbolice jest niezwykle cz\u0119ste). Wybitnie dobrana muzyka, dobrze odwzorowane klimaty wielu epok, wci\u0105gaj\u0105ca na p\u0142aszczy\u017anie dos\u0142ownej i metaforycznej opowie\u015b\u0107 - to wszystko sprawia, \u017ce &quot;Dark&quot; sta\u0142 si\u0119 dla mnie dzie\u0142em \u017cycia.\" \/>\n<meta property=\"og:url\" content=\"https:\/\/notabene.world\/nb\/najlepszy-serial-od-netflixa\/\" \/>\n<meta property=\"og:site_name\" content=\"NOTABENE.WORLD\" \/>\n<meta property=\"article:publisher\" content=\"https:\/\/www.facebook.com\/Notabene.World\" \/>\n<meta property=\"article:author\" content=\"https:\/\/www.facebook.com\/profile.php?id=100014087373140\" \/>\n<meta property=\"article:published_time\" content=\"2023-05-31T18:39:00+00:00\" \/>\n<meta property=\"article:modified_time\" content=\"2023-06-12T01:04:57+00:00\" \/>\n<meta property=\"og:image\" content=\"https:\/\/notabene.world\/nb\/wp-content\/uploads\/2023\/05\/dark-winden-800x445-1.jpg\" \/>\n\t<meta property=\"og:image:width\" content=\"800\" \/>\n\t<meta property=\"og:image:height\" content=\"445\" \/>\n\t<meta property=\"og:image:type\" content=\"image\/jpeg\" \/>\n<meta name=\"author\" content=\"Julian Tarnowski\" \/>\n<meta name=\"twitter:card\" content=\"summary_large_image\" \/>\n<meta name=\"twitter:creator\" content=\"@JulianTarnowsk1\" \/>\n<meta name=\"twitter:label1\" content=\"Napisane przez\" \/>\n\t<meta name=\"twitter:data1\" content=\"Julian Tarnowski\" \/>\n\t<meta name=\"twitter:label2\" content=\"Szacowany czas czytania\" \/>\n\t<meta name=\"twitter:data2\" content=\"9 minut\" \/>\n<script type=\"application\/ld+json\" class=\"yoast-schema-graph\">{\"@context\":\"https:\\\/\\\/schema.org\",\"@graph\":[{\"@type\":\"Article\",\"@id\":\"https:\\\/\\\/notabene.world\\\/nb\\\/najlepszy-serial-od-netflixa\\\/#article\",\"isPartOf\":{\"@id\":\"https:\\\/\\\/notabene.world\\\/nb\\\/najlepszy-serial-od-netflixa\\\/\"},\"author\":{\"name\":\"Julian Tarnowski\",\"@id\":\"https:\\\/\\\/notabene.world\\\/nb\\\/#\\\/schema\\\/person\\\/890c5cc2bd0337867802bcca5ee56dee\"},\"headline\":\"Najlepszy serial od Netflixa\",\"datePublished\":\"2023-05-31T18:39:00+00:00\",\"dateModified\":\"2023-06-12T01:04:57+00:00\",\"mainEntityOfPage\":{\"@id\":\"https:\\\/\\\/notabene.world\\\/nb\\\/najlepszy-serial-od-netflixa\\\/\"},\"wordCount\":1781,\"publisher\":{\"@id\":\"https:\\\/\\\/notabene.world\\\/nb\\\/#organization\"},\"image\":{\"@id\":\"https:\\\/\\\/notabene.world\\\/nb\\\/najlepszy-serial-od-netflixa\\\/#primaryimage\"},\"thumbnailUrl\":\"https:\\\/\\\/i0.wp.com\\\/notabene.world\\\/nb\\\/wp-content\\\/uploads\\\/2023\\\/05\\\/dark-winden-800x445-1.jpg?fit=800%2C445&ssl=1\",\"keywords\":[\"#kino\",\"#kultura\"],\"articleSection\":[\"Aktualno\u015bci\",\"Felietony\",\"Film\",\"Kultura\"],\"inLanguage\":\"pl-PL\"},{\"@type\":\"WebPage\",\"@id\":\"https:\\\/\\\/notabene.world\\\/nb\\\/najlepszy-serial-od-netflixa\\\/\",\"url\":\"https:\\\/\\\/notabene.world\\\/nb\\\/najlepszy-serial-od-netflixa\\\/\",\"name\":\"Najlepszy serial od Netflixa - NOTABENE.WORLD\",\"isPartOf\":{\"@id\":\"https:\\\/\\\/notabene.world\\\/nb\\\/#website\"},\"primaryImageOfPage\":{\"@id\":\"https:\\\/\\\/notabene.world\\\/nb\\\/najlepszy-serial-od-netflixa\\\/#primaryimage\"},\"image\":{\"@id\":\"https:\\\/\\\/notabene.world\\\/nb\\\/najlepszy-serial-od-netflixa\\\/#primaryimage\"},\"thumbnailUrl\":\"https:\\\/\\\/i0.wp.com\\\/notabene.world\\\/nb\\\/wp-content\\\/uploads\\\/2023\\\/05\\\/dark-winden-800x445-1.jpg?fit=800%2C445&ssl=1\",\"datePublished\":\"2023-05-31T18:39:00+00:00\",\"dateModified\":\"2023-06-12T01:04:57+00:00\",\"breadcrumb\":{\"@id\":\"https:\\\/\\\/notabene.world\\\/nb\\\/najlepszy-serial-od-netflixa\\\/#breadcrumb\"},\"inLanguage\":\"pl-PL\",\"potentialAction\":[{\"@type\":\"ReadAction\",\"target\":[\"https:\\\/\\\/notabene.world\\\/nb\\\/najlepszy-serial-od-netflixa\\\/\"]}]},{\"@type\":\"ImageObject\",\"inLanguage\":\"pl-PL\",\"@id\":\"https:\\\/\\\/notabene.world\\\/nb\\\/najlepszy-serial-od-netflixa\\\/#primaryimage\",\"url\":\"https:\\\/\\\/i0.wp.com\\\/notabene.world\\\/nb\\\/wp-content\\\/uploads\\\/2023\\\/05\\\/dark-winden-800x445-1.jpg?fit=800%2C445&ssl=1\",\"contentUrl\":\"https:\\\/\\\/i0.wp.com\\\/notabene.world\\\/nb\\\/wp-content\\\/uploads\\\/2023\\\/05\\\/dark-winden-800x445-1.jpg?fit=800%2C445&ssl=1\",\"width\":800,\"height\":445},{\"@type\":\"BreadcrumbList\",\"@id\":\"https:\\\/\\\/notabene.world\\\/nb\\\/najlepszy-serial-od-netflixa\\\/#breadcrumb\",\"itemListElement\":[{\"@type\":\"ListItem\",\"position\":1,\"name\":\"Home\",\"item\":\"https:\\\/\\\/notabene.world\\\/nb\\\/\"},{\"@type\":\"ListItem\",\"position\":2,\"name\":\"Najlepszy serial od Netflixa\"}]},{\"@type\":\"WebSite\",\"@id\":\"https:\\\/\\\/notabene.world\\\/nb\\\/#website\",\"url\":\"https:\\\/\\\/notabene.world\\\/nb\\\/\",\"name\":\"NOTABENE.WORLD\",\"description\":\"Przekaz. Warto\u015bci. Wsp\u00f3lnota.\",\"publisher\":{\"@id\":\"https:\\\/\\\/notabene.world\\\/nb\\\/#organization\"},\"potentialAction\":[{\"@type\":\"SearchAction\",\"target\":{\"@type\":\"EntryPoint\",\"urlTemplate\":\"https:\\\/\\\/notabene.world\\\/nb\\\/?s={search_term_string}\"},\"query-input\":{\"@type\":\"PropertyValueSpecification\",\"valueRequired\":true,\"valueName\":\"search_term_string\"}}],\"inLanguage\":\"pl-PL\"},{\"@type\":\"Organization\",\"@id\":\"https:\\\/\\\/notabene.world\\\/nb\\\/#organization\",\"name\":\"NOTABENE.WORLD\",\"url\":\"https:\\\/\\\/notabene.world\\\/nb\\\/\",\"logo\":{\"@type\":\"ImageObject\",\"inLanguage\":\"pl-PL\",\"@id\":\"https:\\\/\\\/notabene.world\\\/nb\\\/#\\\/schema\\\/logo\\\/image\\\/\",\"url\":\"https:\\\/\\\/notabene.world\\\/nb\\\/wp-content\\\/uploads\\\/2022\\\/01\\\/NB-club-start-www1.jpg\",\"contentUrl\":\"https:\\\/\\\/notabene.world\\\/nb\\\/wp-content\\\/uploads\\\/2022\\\/01\\\/NB-club-start-www1.jpg\",\"width\":1000,\"height\":839,\"caption\":\"NOTABENE.WORLD\"},\"image\":{\"@id\":\"https:\\\/\\\/notabene.world\\\/nb\\\/#\\\/schema\\\/logo\\\/image\\\/\"},\"sameAs\":[\"https:\\\/\\\/www.facebook.com\\\/Notabene.World\"]},{\"@type\":\"Person\",\"@id\":\"https:\\\/\\\/notabene.world\\\/nb\\\/#\\\/schema\\\/person\\\/890c5cc2bd0337867802bcca5ee56dee\",\"name\":\"Julian Tarnowski\",\"image\":{\"@type\":\"ImageObject\",\"inLanguage\":\"pl-PL\",\"@id\":\"https:\\\/\\\/secure.gravatar.com\\\/avatar\\\/151c2da0993f25c9e553bfa30b4da86942b5a68cf934473be0bc4dc52284b95b?s=96&d=mm&r=g\",\"url\":\"https:\\\/\\\/secure.gravatar.com\\\/avatar\\\/151c2da0993f25c9e553bfa30b4da86942b5a68cf934473be0bc4dc52284b95b?s=96&d=mm&r=g\",\"contentUrl\":\"https:\\\/\\\/secure.gravatar.com\\\/avatar\\\/151c2da0993f25c9e553bfa30b4da86942b5a68cf934473be0bc4dc52284b95b?s=96&d=mm&r=g\",\"caption\":\"Julian Tarnowski\"},\"sameAs\":[\"https:\\\/\\\/www.facebook.com\\\/profile.php?id=100014087373140\",\"https:\\\/\\\/www.instagram.com\\\/tarnowskiofficial\\\/\",\"https:\\\/\\\/x.com\\\/JulianTarnowsk1\"],\"url\":\"https:\\\/\\\/notabene.world\\\/nb\\\/author\\\/julian\\\/\"}]}<\/script>\n<!-- \/ Yoast SEO plugin. -->","yoast_head_json":{"title":"Najlepszy serial od Netflixa - NOTABENE.WORLD","robots":{"index":"index","follow":"follow","max-snippet":"max-snippet:-1","max-image-preview":"max-image-preview:large","max-video-preview":"max-video-preview:-1"},"canonical":"https:\/\/notabene.world\/nb\/najlepszy-serial-od-netflixa\/","og_locale":"pl_PL","og_type":"article","og_title":"Najlepszy serial od Netflixa - NOTABENE.WORLD","og_description":"Dlaczego warto obejrze\u0107 \"Dark\"? My\u015bl\u0119, \u017ce najwa\u017cniejszym powodem jest fakt, \u017ce serial ten jest po prostu co najmniej bardzo dobry na ka\u017cdej p\u0142aszczy\u017anie. Ka\u017cdy element formy wsp\u00f3\u0142gra z innym elementem formy i tre\u015bci, oraz na odwr\u00f3t. Wszystko zosta\u0142o przez tw\u00f3rc\u00f3w skrupulatnie zaplanowane, wi\u0119c w serialu nie pojawiaj\u0105 si\u0119 nie\u015bcis\u0142o\u015bci fabularne, ani interpretacyjne (co w tekstach kultury o tak bogatej symbolice jest niezwykle cz\u0119ste). Wybitnie dobrana muzyka, dobrze odwzorowane klimaty wielu epok, wci\u0105gaj\u0105ca na p\u0142aszczy\u017anie dos\u0142ownej i metaforycznej opowie\u015b\u0107 - to wszystko sprawia, \u017ce \"Dark\" sta\u0142 si\u0119 dla mnie dzie\u0142em \u017cycia.","og_url":"https:\/\/notabene.world\/nb\/najlepszy-serial-od-netflixa\/","og_site_name":"NOTABENE.WORLD","article_publisher":"https:\/\/www.facebook.com\/Notabene.World","article_author":"https:\/\/www.facebook.com\/profile.php?id=100014087373140","article_published_time":"2023-05-31T18:39:00+00:00","article_modified_time":"2023-06-12T01:04:57+00:00","og_image":[{"width":800,"height":445,"url":"https:\/\/notabene.world\/nb\/wp-content\/uploads\/2023\/05\/dark-winden-800x445-1.jpg","type":"image\/jpeg"}],"author":"Julian Tarnowski","twitter_card":"summary_large_image","twitter_creator":"@JulianTarnowsk1","twitter_misc":{"Napisane przez":"Julian Tarnowski","Szacowany czas czytania":"9 minut"},"schema":{"@context":"https:\/\/schema.org","@graph":[{"@type":"Article","@id":"https:\/\/notabene.world\/nb\/najlepszy-serial-od-netflixa\/#article","isPartOf":{"@id":"https:\/\/notabene.world\/nb\/najlepszy-serial-od-netflixa\/"},"author":{"name":"Julian Tarnowski","@id":"https:\/\/notabene.world\/nb\/#\/schema\/person\/890c5cc2bd0337867802bcca5ee56dee"},"headline":"Najlepszy serial od Netflixa","datePublished":"2023-05-31T18:39:00+00:00","dateModified":"2023-06-12T01:04:57+00:00","mainEntityOfPage":{"@id":"https:\/\/notabene.world\/nb\/najlepszy-serial-od-netflixa\/"},"wordCount":1781,"publisher":{"@id":"https:\/\/notabene.world\/nb\/#organization"},"image":{"@id":"https:\/\/notabene.world\/nb\/najlepszy-serial-od-netflixa\/#primaryimage"},"thumbnailUrl":"https:\/\/i0.wp.com\/notabene.world\/nb\/wp-content\/uploads\/2023\/05\/dark-winden-800x445-1.jpg?fit=800%2C445&ssl=1","keywords":["#kino","#kultura"],"articleSection":["Aktualno\u015bci","Felietony","Film","Kultura"],"inLanguage":"pl-PL"},{"@type":"WebPage","@id":"https:\/\/notabene.world\/nb\/najlepszy-serial-od-netflixa\/","url":"https:\/\/notabene.world\/nb\/najlepszy-serial-od-netflixa\/","name":"Najlepszy serial od Netflixa - NOTABENE.WORLD","isPartOf":{"@id":"https:\/\/notabene.world\/nb\/#website"},"primaryImageOfPage":{"@id":"https:\/\/notabene.world\/nb\/najlepszy-serial-od-netflixa\/#primaryimage"},"image":{"@id":"https:\/\/notabene.world\/nb\/najlepszy-serial-od-netflixa\/#primaryimage"},"thumbnailUrl":"https:\/\/i0.wp.com\/notabene.world\/nb\/wp-content\/uploads\/2023\/05\/dark-winden-800x445-1.jpg?fit=800%2C445&ssl=1","datePublished":"2023-05-31T18:39:00+00:00","dateModified":"2023-06-12T01:04:57+00:00","breadcrumb":{"@id":"https:\/\/notabene.world\/nb\/najlepszy-serial-od-netflixa\/#breadcrumb"},"inLanguage":"pl-PL","potentialAction":[{"@type":"ReadAction","target":["https:\/\/notabene.world\/nb\/najlepszy-serial-od-netflixa\/"]}]},{"@type":"ImageObject","inLanguage":"pl-PL","@id":"https:\/\/notabene.world\/nb\/najlepszy-serial-od-netflixa\/#primaryimage","url":"https:\/\/i0.wp.com\/notabene.world\/nb\/wp-content\/uploads\/2023\/05\/dark-winden-800x445-1.jpg?fit=800%2C445&ssl=1","contentUrl":"https:\/\/i0.wp.com\/notabene.world\/nb\/wp-content\/uploads\/2023\/05\/dark-winden-800x445-1.jpg?fit=800%2C445&ssl=1","width":800,"height":445},{"@type":"BreadcrumbList","@id":"https:\/\/notabene.world\/nb\/najlepszy-serial-od-netflixa\/#breadcrumb","itemListElement":[{"@type":"ListItem","position":1,"name":"Home","item":"https:\/\/notabene.world\/nb\/"},{"@type":"ListItem","position":2,"name":"Najlepszy serial od Netflixa"}]},{"@type":"WebSite","@id":"https:\/\/notabene.world\/nb\/#website","url":"https:\/\/notabene.world\/nb\/","name":"NOTABENE.WORLD","description":"Przekaz. Warto\u015bci. Wsp\u00f3lnota.","publisher":{"@id":"https:\/\/notabene.world\/nb\/#organization"},"potentialAction":[{"@type":"SearchAction","target":{"@type":"EntryPoint","urlTemplate":"https:\/\/notabene.world\/nb\/?s={search_term_string}"},"query-input":{"@type":"PropertyValueSpecification","valueRequired":true,"valueName":"search_term_string"}}],"inLanguage":"pl-PL"},{"@type":"Organization","@id":"https:\/\/notabene.world\/nb\/#organization","name":"NOTABENE.WORLD","url":"https:\/\/notabene.world\/nb\/","logo":{"@type":"ImageObject","inLanguage":"pl-PL","@id":"https:\/\/notabene.world\/nb\/#\/schema\/logo\/image\/","url":"https:\/\/notabene.world\/nb\/wp-content\/uploads\/2022\/01\/NB-club-start-www1.jpg","contentUrl":"https:\/\/notabene.world\/nb\/wp-content\/uploads\/2022\/01\/NB-club-start-www1.jpg","width":1000,"height":839,"caption":"NOTABENE.WORLD"},"image":{"@id":"https:\/\/notabene.world\/nb\/#\/schema\/logo\/image\/"},"sameAs":["https:\/\/www.facebook.com\/Notabene.World"]},{"@type":"Person","@id":"https:\/\/notabene.world\/nb\/#\/schema\/person\/890c5cc2bd0337867802bcca5ee56dee","name":"Julian Tarnowski","image":{"@type":"ImageObject","inLanguage":"pl-PL","@id":"https:\/\/secure.gravatar.com\/avatar\/151c2da0993f25c9e553bfa30b4da86942b5a68cf934473be0bc4dc52284b95b?s=96&d=mm&r=g","url":"https:\/\/secure.gravatar.com\/avatar\/151c2da0993f25c9e553bfa30b4da86942b5a68cf934473be0bc4dc52284b95b?s=96&d=mm&r=g","contentUrl":"https:\/\/secure.gravatar.com\/avatar\/151c2da0993f25c9e553bfa30b4da86942b5a68cf934473be0bc4dc52284b95b?s=96&d=mm&r=g","caption":"Julian Tarnowski"},"sameAs":["https:\/\/www.facebook.com\/profile.php?id=100014087373140","https:\/\/www.instagram.com\/tarnowskiofficial\/","https:\/\/x.com\/JulianTarnowsk1"],"url":"https:\/\/notabene.world\/nb\/author\/julian\/"}]}},"jetpack_featured_media_url":"https:\/\/i0.wp.com\/notabene.world\/nb\/wp-content\/uploads\/2023\/05\/dark-winden-800x445-1.jpg?fit=800%2C445&ssl=1","jetpack_sharing_enabled":true,"jetpack_shortlink":"https:\/\/wp.me\/pdCobN-2Cc","_links":{"self":[{"href":"https:\/\/notabene.world\/nb\/wp-json\/wp\/v2\/posts\/10056","targetHints":{"allow":["GET"]}}],"collection":[{"href":"https:\/\/notabene.world\/nb\/wp-json\/wp\/v2\/posts"}],"about":[{"href":"https:\/\/notabene.world\/nb\/wp-json\/wp\/v2\/types\/post"}],"author":[{"embeddable":true,"href":"https:\/\/notabene.world\/nb\/wp-json\/wp\/v2\/users\/6"}],"replies":[{"embeddable":true,"href":"https:\/\/notabene.world\/nb\/wp-json\/wp\/v2\/comments?post=10056"}],"version-history":[{"count":5,"href":"https:\/\/notabene.world\/nb\/wp-json\/wp\/v2\/posts\/10056\/revisions"}],"predecessor-version":[{"id":10079,"href":"https:\/\/notabene.world\/nb\/wp-json\/wp\/v2\/posts\/10056\/revisions\/10079"}],"wp:featuredmedia":[{"embeddable":true,"href":"https:\/\/notabene.world\/nb\/wp-json\/wp\/v2\/media\/10077"}],"wp:attachment":[{"href":"https:\/\/notabene.world\/nb\/wp-json\/wp\/v2\/media?parent=10056"}],"wp:term":[{"taxonomy":"category","embeddable":true,"href":"https:\/\/notabene.world\/nb\/wp-json\/wp\/v2\/categories?post=10056"},{"taxonomy":"post_tag","embeddable":true,"href":"https:\/\/notabene.world\/nb\/wp-json\/wp\/v2\/tags?post=10056"}],"curies":[{"name":"wp","href":"https:\/\/api.w.org\/{rel}","templated":true}]}}