{"id":10106,"date":"2023-06-07T05:01:13","date_gmt":"2023-06-07T03:01:13","guid":{"rendered":"https:\/\/notabene.world\/nb\/?p=10106"},"modified":"2023-07-25T21:05:06","modified_gmt":"2023-07-25T19:05:06","slug":"corpus-christi","status":"publish","type":"post","link":"https:\/\/notabene.world\/nb\/corpus-christi\/","title":{"rendered":"Corpus Christi"},"content":{"rendered":"\n<p><strong>Bo\u017ce Cia\u0142o to jedno z&nbsp;g\u0142\u00f3wnych \u015bwi\u0105t obchodzonych w&nbsp;Ko\u015bciele katolickim. Jest to celebra Naj\u015bwi\u0119tszego Cia\u0142a i&nbsp;Krwi Chrystusa \u2013 cudu przemiany konsekrowanego chleba i&nbsp;wina w&nbsp; Cia\u0142o i&nbsp;Krew Chrystusa. \u015awi\u0119to eucharystyczne przypada\u0142o w&nbsp;tym okresie zwyczajowo w&nbsp;Wielki Czwartek, w&nbsp;czasie kt\u00f3rego \u2013 zgodnie z&nbsp;tradycj\u0105 ewangeliczn\u0105 \u2013 Jezus po raz pierwszy dokona\u0142 przemiany chleba i&nbsp;wina w&nbsp;swoje Cia\u0142o i&nbsp;Krew czyli transsubstancjacji, z&nbsp;zachowaniem ich naturalnych przypad\u0142o\u015bci, takich jak smak, wygl\u0105d i forma.<\/strong><\/p>\n\n\n\n<p>Uroczysto\u015b\u0107 ta znana jest od pocz\u0105tku chrze\u015bcija\u0144stwa, ale min\u0119\u0142o tysi\u0105clecie zanim kult powsta\u0142 i&nbsp;zadomowi\u0142 si\u0119 w&nbsp;Ko\u015bciele katolickim. Zwyczaj obchodzenia \u015bwi\u0119ta Bo\u017cego Cia\u0142a datowany jest na XIII w., kiedy to na Soborze Latera\u0144skim IV (1215) przyj\u0119to dogmat o&nbsp;transsubstancjacji, czyli przemianie substancji chleba i&nbsp;wina w&nbsp;cia\u0142o i&nbsp;krew Chrystusa z&nbsp;zachowaniem ich naturalnych przypad\u0142o\u015bci, takich jak smak, wygl\u0105d, forma itp. Wida\u0107 tu mocny wp\u0142yw filozofii greckiej i&nbsp;tradycji scholastycznej w&nbsp;teologii Ko\u015bcio\u0142a zachodniego. Bezpo\u015bredni\u0105 przyczyn\u0105 ustanowienia \u015bwi\u0119ta by\u0142y objawienia, jakich dozna\u0142a przeorysza zgromadzenia augustianek w&nbsp;Mont Cornillon ko\u0142o Liege, w\u00f3wczas szesnastoletnia dziewczyna (p\u00f3\u017aniej b\u0142. Julianny z&nbsp;Cornillon). Wed\u0142ug \u017ar\u00f3de\u0142 historycznych, mia\u0142o to miejsce oko\u0142o 1207 r. Zgodnie z&nbsp;tradycj\u0105 hagiograficzn\u0105 dopiero kilkana\u015bcie lat p\u00f3\u017aniej, w&nbsp;1245 r., \u015bw. Juliannie ukaza\u0107 mia\u0142 si\u0119 Chrystus, kt\u00f3ry w&nbsp;widzeniu domaga\u0142 si\u0119 ustanowienia \u015bwi\u0119ta Eucharystii na pierwszy czwartek po \u015bwi\u0119cie Tr\u00f3jcy Przenaj\u015bwi\u0119tszej. Po tych zdarzeniach, bp Robert ustanowi\u0142 w&nbsp;1246 r. \u015bwi\u0119to Bo\u017cego Cia\u0142a, najpierw&nbsp; dla diecezji Liege. On te\u017c poprowadzi\u0142 pierwsz\u0105 procesj\u0119 ulicami miasta.<\/p>\n\n\n\n<p>Warto przypomnie\u0107, \u017ce&nbsp; Juliann\u0119 oskar\u017cano o&nbsp;herezj\u0119, dlatego decyzj\u0119 o&nbsp;uchwaleniu \u015bwi\u0119ta Bo\u017cego Cia\u0142a w&nbsp;diecezji Liege uznano za przedwczesn\u0105 i&nbsp;zaprzestano jego obchod\u00f3w.<\/p>\n\n\n\n<p>Do ostatecznego uznania \u015bwi\u0119ta Bo\u017cego Cia\u0142a za og\u00f3lnoko\u015bcielne Urbana IV sk\u0142oni\u0142 jednak dopiero cud eucharystyczny, jaki mia\u0142 miejsce w&nbsp;Bolsenie (w \u015brodkowych W\u0142oszech) w&nbsp;1263 r. W&nbsp;czasie jednej z&nbsp;mszy, podczas przemienienia, odprawiaj\u0105cy kap\u0142an zauwa\u017cy\u0107 mia\u0142, \u017ce z&nbsp;konsekrowanej hostii wprost na le\u017c\u0105cy na o\u0142tarzu korpora\u0142 zaczyna\u0142y spada\u0107 krople krwi. Poplamiona krwi\u0105 chusta zosta\u0142a przes\u0142ana papie\u017cowi, kt\u00f3ry w&nbsp;tym czasie przebywa\u0142 w&nbsp;Orvieto w&nbsp;Umbrii. Urban IV umie\u015bci\u0142 relikwi\u0119 w&nbsp;tamtejszej katedrze i&nbsp;rozpocz\u0105\u0142 starania nad ustanowieniem \u015bwi\u0119ta Naj\u015bwi\u0119tszego Cia\u0142a i&nbsp;Krwi Chrystusa obowi\u0105zuj\u0105cego dla ca\u0142ego Ko\u015bcio\u0142a katolickiego. Sta\u0142o si\u0119 to 11 sierpnia 1264 r. na mocy jego bulli&nbsp;<em>Transiturus de hoc Mundo<\/em>.<\/p>\n\n\n\n<p>W pa\u017adzierniku tego samego roku papie\u017c zmar\u0142, a&nbsp;o uroczysto\u015bciach \u015bwi\u0119ta Bo\u017cego Cia\u0142a zapomniano. Przypomnia\u0142 o&nbsp;nim papie\u017c Klemens V dopiero w&nbsp;1314 r., a&nbsp;uroczysto\u015b\u0107 ostatecznie zatwierdzi\u0142 Jan XXII, poprzez w\u0142\u0105czenie bulli z&nbsp;1264 r. do zbioru praw kanonicznych, tzw. Klementyn, i&nbsp;nada\u0142 postanowieniu Urbana IV moc obowi\u0105zuj\u0105c\u0105. W&nbsp;1389 r. papie\u017c Urban VI wliczy\u0142 uroczysto\u015bci Naj\u015bwi\u0119tszego Cia\u0142a i&nbsp;Krwi w&nbsp;poczet g\u0142\u00f3wnych \u015bwi\u0105t Ko\u015bcio\u0142a.<\/p>\n\n\n\n<p>W Polsce jako pierwszy w&nbsp;1320 r. wprowadzi\u0142 to \u015bwi\u0119to w&nbsp;diecezji krakowskiej bp Nankier.&nbsp; Jednak\u017ce za \u015bwi\u0119to obowi\u0105zuj\u0105ce wszystkie diecezje polskie uzna\u0142 je dopiero synod gnie\u017anie\u0144ski z&nbsp;1420 r. Od ko\u0144ca XV w. przy okazji tego \u015bwi\u0119ta udzielane jest b\u0142ogos\u0142awie\u0144stwo Naj\u015bwi\u0119tszym Sakramentem.<\/p>\n\n\n\n<p>Od XVI w. w&nbsp;Ko\u015bcio\u0142ach odbywaj\u0105 si\u0119 czterdziestogodzinne adoracja Naj\u015bwi\u0119tszego Sakramentu. Zapocz\u0105tkowa\u0142 j\u0105 w&nbsp;Mediolanie \u015bw. Karol Boromeusz w&nbsp;1520 r. Za\u0142o\u017cono specjalne zakony z&nbsp;nieustann\u0105 adoracj\u0105 Chrystusa w&nbsp;Naj\u015bwi\u0119tszym Sakramencie. Na terenie naszego kraju s\u0105 to:&nbsp; benedyktynki-sakramentki, franciszkanki od Naj\u015bwi\u0119tszego Sakramentu i&nbsp;eucharystki.<\/p>\n\n\n\n<p>Nieod\u0142\u0105cznym elementem \u015bwi\u0119ta Bo\u017cego Cia\u0142a jest procesja eucharystyczna, wprowadzona do obrz\u0105dku&nbsp; p\u00f3\u017aniej ni\u017c samo \u015bwi\u0119to. Pierwsza wzmianka o&nbsp;uroczystej procesji przed sum\u0105 pochodzi z&nbsp; Kolonii, z&nbsp; lat 1265\u20131275. Jak czytamy w&nbsp;zapisie, podczas procesji niesiono krzy\u017c z&nbsp;Naj\u015bwi\u0119tszym Sakramentem. Jest to nawi\u0105zanie do dawnego zwyczaju zabierania w&nbsp;podr\u00f3\u017c Eucharystii dla ochrony przed niebezpiecze\u0144stwami. Od XV w. procesje odprawiano ju\u017c w&nbsp;ca\u0142ych Niemczech, Anglii, Francji, p\u00f3\u0142nocnych W\u0142oszech i&nbsp;Polsce. W&nbsp;Niemczech procesj\u0119 w&nbsp;uroczysto\u015b\u0107 Bo\u017cego Cia\u0142a \u0142\u0105czono z&nbsp;procesj\u0105 b\u0142agaln\u0105 o&nbsp;odwr\u00f3cenie nieszcz\u0119\u015b\u0107 i&nbsp;dobr\u0105 pogod\u0119, dlatego przy czterech o\u0142tarzach \u015bpiewano tylko teksty Ewangelii i&nbsp;udzielano uroczystego b\u0142ogos\u0142awie\u0144stwa. W&nbsp;Polsce zwyczaj ten wszed\u0142 do \u201eRytua\u0142u piotrkowskiego\u201d z&nbsp;1631 r. Rzymskie przepisy procesji zawarte w&nbsp;\u201eCaeremoniale episcoporum\u201d (1600 r.) i&nbsp;\u201eRituale romanum\u201d (1614 r.) przewidywa\u0142y jedynie przej\u015bcie z&nbsp;Naj\u015bwi\u0119tszym Sakramentem bez zatrzymywania si\u0119, zako\u0144czone b\u0142ogos\u0142awie\u0144stwem. Procesje odprawiane by\u0142y z&nbsp;wielkim przepychem od pocz\u0105tku ich wprowadzenia, a&nbsp;udzia\u0142 w&nbsp;nich traktowano jako publiczne wyznanie wiary.<\/p>\n\n\n\n<p>W Polsce od czas\u00f3w rozbior\u00f3w z&nbsp;udzia\u0142em w&nbsp;procesji \u0142\u0105czy\u0142a si\u0119 w&nbsp;\u015bwiadomo\u015bci wiernych manifestacja przynale\u017cno\u015bci narodowej. Po II wojnie \u015bwiatowej procesje w&nbsp;czasie Bo\u017cego Cia\u0142a by\u0142y znakiem jedno\u015bci narodu i&nbsp;wiary.&nbsp;<\/p>\n\n\n\n<p>Zachowa\u0142y si\u0119 do dzisiaj przys\u0142owia zwi\u0105zane z&nbsp;tym \u015bwi\u0119tem: \u201eBo\u017ce Cia\u0142o \u2014 skocz do wody \u015bmia\u0142o\u201d, \u201eDzie\u0144 Bo\u017cego Cia\u0142a pogodny dobry urodzaj znaczy\u201d lub \u201eNa Bo\u017ce Cia\u0142o siej proso \u015bmia\u0142o\u201d.<\/p>\n\n\n\n<p>Nieod\u0142\u0105cznym elementem tego \u015bwi\u0119ta s\u0105 uroczyste \u015bwi\u0119cenia zi\u00f3\u0142, szczeg\u00f3lnie leczniczych, splecionych w&nbsp;wianki. By\u0142y to wianuszki ma\u0142e jak d\u0142o\u0144, uwite z&nbsp;pachn\u0105cych krzew\u00f3w, zi\u00f3\u0142 i&nbsp;kwiat\u00f3w. Wo\u0144 zi\u00f3\u0142 uwa\u017cana by\u0142a bowiem za symbol cnoty, a&nbsp;Ko\u015bci\u00f3\u0142 w&nbsp;modlitwie, kt\u00f3r\u0105 odmawia\u0142 kap\u0142an przy ceremonii po\u015bwi\u0119cenia wiank\u00f3w, prosi\u0142 Boga, aby przyj\u0105\u0142 do wiecznej szcz\u0119\u015bliwo\u015bci wonne cnoty tych, kt\u00f3rzy sk\u0142adali Bogu na o\u0142tarzu wie\u0144ce i&nbsp;p\u0119ki pachn\u0105cego ziela. Wianuszki zawieszano we wn\u0119trzach dom\u00f3w, a&nbsp;gdy wysch\u0142y, palono je jako kadzid\u0142a i&nbsp;okadzano dom, wn\u0119trze stajni i&nbsp;byd\u0142o. Opr\u00f3cz znaczenia symbolicznego, dym takiego kadzid\u0142a spe\u0142nia funkcje dezynfekcyjne.<\/p>\n\n\n\n<p>W &nbsp;ludowej tradycji, tak kiedy\u015b, jak i dzisiaj, wianki by\u0142y i s\u0105 obecne przy najwa\u017cniejszych dla cz\u0142owieka chwilach, w obrz\u0119dach przej\u015bcia &#8211; narodzinach, \u015blubie i&nbsp;\u015bmierci. Malutki wianuszek uwity z macierzanki przypinany by\u0142 w&nbsp;czasie chrztu do becika. Le\u015bny rozmaryn symbolizuj\u0105cy mi\u0142o\u015b\u0107, wierno\u015b\u0107 i&nbsp;nie\u015bmiertelno\u015b\u0107 \u0142\u0105czony z&nbsp;dzikim rozchodnikiem i&nbsp;nie\u015bmiertelnikiem stanowi\u0142 ozdob\u0119 wianuszka na \u015blubnej sukni. Ma\u0142e wianuszki, po po\u015bwi\u0119ceniu w&nbsp;czasie Bo\u017cego Cia\u0142a wisia\u0142y jeszcze przez ca\u0142\u0105 oktaw\u0119 w&nbsp;ko\u015bciele, a&nbsp;po o\u015bmiu dniach ka\u017cdy zabiera\u0142 sw\u00f3j do domu., najcz\u0119\u015bciej z&nbsp;rozchodnika, kopytnika, bobownika, niezapominajek i&nbsp;macierzanki, rosiczki, czyli bo\u017cej rosy, i&nbsp;nawrotka, mi\u0119ty, rumianku, koniczyny, ja\u015bminu i&nbsp;dzikiej r\u00f3\u017cy po\u015bwi\u0119conych w&nbsp;czasie nabo\u017ce\u0144stwa chroniono domy przed po\u017carami. Z&nbsp;zasuszonych i&nbsp;skruszonych zi\u00f3\u0142 przyrz\u0105dzano napary, kt\u00f3re mia\u0142y w\u0142a\u015bciwo\u015bci lecznicze.<\/p>\n\n\n\n<p>Wianki po\u015bwi\u0119cone w&nbsp;czasie oktawy Bo\u017cego Cia\u0142a symbolizuj\u0105 ludzk\u0105 prac\u0119 i&nbsp;dary od Boga s\u0142u\u017c\u0105ce ludziom i&nbsp;wszystkim istotom na ziemi. Gdy wiosn\u0105 wyje\u017cd\u017cano po raz pierwszy w&nbsp;pole, wianek wk\u0142adano pod pierwsz\u0105 wyoran\u0105 skib\u0119, aby \u201eB\u00f3g b\u0142ogos\u0142awi\u0142 zasiewom\u201d, k\u0142adziono je w&nbsp;stodole pod pierwszy przywieziony snop zbo\u017ca, a&nbsp;palonymi okadzano dzie\u017c\u0119 do wyrabiania chleba Dawniej wianki zostawiano w&nbsp;ko\u015bciele na osiem dni, a&nbsp;do domu zabierano je dopiero ostatniego dnia oktawy. Wianki zwi\u0105zano s\u0105 ze&nbsp;sob\u0105 najcz\u0119\u015bciej czerwon\u0105 tasiemk\u0105.&nbsp;W wierzeniach prostego ludu ogromne&nbsp;&nbsp;znaczenie magiczne (obok wiank\u00f3w) mia\u0142y r\u00f3wnie\u017c ga\u0142\u0105zki brzozy z&nbsp;o\u0142tarzy, s\u0142u\u017c\u0105ce do wszelakiego rodzaju zabieg\u00f3w leczniczych i&nbsp;gospodarskich. Wetkni\u0119te w ziemi\u0119 na granicach pola, chroni\u0142y zasiewy przed chorobami i&nbsp;szkodnikami. Zatkni\u0119t\u0119 za strzech\u0119 chroni\u0142y dom i&nbsp;zabudowania gospodarskie przed po\u017carem i uderzeniami piorun\u00f3w, a&nbsp;kiedy zaczyna\u0142o grzmie\u0107, wrzucano te ga\u0142\u0105zki do ognia. Dym z&nbsp;tego ognia mia\u0142 powodowa\u0107 rozchodzenie si\u0119 chmur burzowych.&nbsp;<\/p>\n\n\n\n<p>&nbsp;Tak\u017ce dzi\u015b od\u0142amujemy po\u015bwi\u0119cone brzozowe ga\u0142\u0105zki, kt\u00f3re maj\u0105 chroni\u0107 dom i rodzin\u0119 przed nieszcz\u0119\u015bciami.<\/p>\n","protected":false},"excerpt":{"rendered":"<p>Nieod\u0142\u0105cznym elementem \u015bwi\u0119ta Bo\u017cego Cia\u0142a jest procesja eucharystyczna, wprowadzona do obrz\u0105dku  p\u00f3\u017aniej ni\u017c samo \u015bwi\u0119to. Pierwsza wzmianka o uroczystej procesji przed sum\u0105 pochodzi z  Kolonii, z  lat 1265\u20131275. Jak czytamy w zapisie, podczas procesji niesiono krzy\u017c z Naj\u015bwi\u0119tszym Sakramentem. Jest to nawi\u0105zanie do dawnego zwyczaju zabierania w podr\u00f3\u017c Eucharystii dla ochrony przed niebezpiecze\u0144stwami. Od XV w. procesje odprawiano ju\u017c w ca\u0142ych Niemczech, Anglii, Francji, p\u00f3\u0142nocnych W\u0142oszech i Polsce. W Niemczech procesj\u0119 w uroczysto\u015b\u0107 Bo\u017cego Cia\u0142a \u0142\u0105czono z procesj\u0105 b\u0142agaln\u0105 o odwr\u00f3cenie nieszcz\u0119\u015b\u0107 i dobr\u0105 pogod\u0119, dlatego przy czterech o\u0142tarzach \u015bpiewano tylko teksty Ewangelii i udzielano uroczystego b\u0142ogos\u0142awie\u0144stwa.<\/p>\n","protected":false},"author":54,"featured_media":10109,"comment_status":"closed","ping_status":"closed","sticky":false,"template":"","format":"standard","meta":{"colormag_page_container_layout":"default_layout","colormag_page_sidebar_layout":"default_layout","_jetpack_memberships_contains_paid_content":false,"footnotes":"","_links_to":"","_links_to_target":""},"categories":[6,12],"tags":[],"class_list":["post-10106","post","type-post","status-publish","format-standard","has-post-thumbnail","hentry","category-kultura","category-spoleczenstwo"],"yoast_head":"<!-- This site is optimized with the Yoast SEO plugin v27.5 - https:\/\/yoast.com\/product\/yoast-seo-wordpress\/ -->\n<title>Corpus Christi - NOTABENE.WORLD<\/title>\n<meta name=\"robots\" content=\"index, follow, max-snippet:-1, max-image-preview:large, max-video-preview:-1\" \/>\n<link rel=\"canonical\" href=\"https:\/\/notabene.world\/nb\/corpus-christi\/\" \/>\n<meta property=\"og:locale\" content=\"pl_PL\" \/>\n<meta property=\"og:type\" content=\"article\" \/>\n<meta property=\"og:title\" content=\"Corpus Christi - NOTABENE.WORLD\" \/>\n<meta property=\"og:description\" content=\"Nieod\u0142\u0105cznym elementem \u015bwi\u0119ta Bo\u017cego Cia\u0142a jest procesja eucharystyczna, wprowadzona do obrz\u0105dku p\u00f3\u017aniej ni\u017c samo \u015bwi\u0119to. Pierwsza wzmianka o uroczystej procesji przed sum\u0105 pochodzi z Kolonii, z lat 1265\u20131275. Jak czytamy w zapisie, podczas procesji niesiono krzy\u017c z Naj\u015bwi\u0119tszym Sakramentem. Jest to nawi\u0105zanie do dawnego zwyczaju zabierania w podr\u00f3\u017c Eucharystii dla ochrony przed niebezpiecze\u0144stwami. Od XV w. procesje odprawiano ju\u017c w ca\u0142ych Niemczech, Anglii, Francji, p\u00f3\u0142nocnych W\u0142oszech i Polsce. W Niemczech procesj\u0119 w uroczysto\u015b\u0107 Bo\u017cego Cia\u0142a \u0142\u0105czono z procesj\u0105 b\u0142agaln\u0105 o odwr\u00f3cenie nieszcz\u0119\u015b\u0107 i dobr\u0105 pogod\u0119, dlatego przy czterech o\u0142tarzach \u015bpiewano tylko teksty Ewangelii i udzielano uroczystego b\u0142ogos\u0142awie\u0144stwa.\" \/>\n<meta property=\"og:url\" content=\"https:\/\/notabene.world\/nb\/corpus-christi\/\" \/>\n<meta property=\"og:site_name\" content=\"NOTABENE.WORLD\" \/>\n<meta property=\"article:publisher\" content=\"https:\/\/www.facebook.com\/Notabene.World\" \/>\n<meta property=\"article:published_time\" content=\"2023-06-07T03:01:13+00:00\" \/>\n<meta property=\"article:modified_time\" content=\"2023-07-25T19:05:06+00:00\" \/>\n<meta property=\"og:image\" content=\"https:\/\/notabene.world\/nb\/wp-content\/uploads\/2023\/06\/ccr.jpg\" \/>\n\t<meta property=\"og:image:width\" content=\"800\" \/>\n\t<meta property=\"og:image:height\" content=\"445\" \/>\n\t<meta property=\"og:image:type\" content=\"image\/jpeg\" \/>\n<meta name=\"author\" content=\"Alicja Trukszyn\" \/>\n<meta name=\"twitter:card\" content=\"summary_large_image\" \/>\n<meta name=\"twitter:label1\" content=\"Napisane przez\" \/>\n\t<meta name=\"twitter:data1\" content=\"Alicja Trukszyn\" \/>\n\t<meta name=\"twitter:label2\" content=\"Szacowany czas czytania\" \/>\n\t<meta name=\"twitter:data2\" content=\"8 minut\" \/>\n<script type=\"application\/ld+json\" class=\"yoast-schema-graph\">{\"@context\":\"https:\\\/\\\/schema.org\",\"@graph\":[{\"@type\":\"Article\",\"@id\":\"https:\\\/\\\/notabene.world\\\/nb\\\/corpus-christi\\\/#article\",\"isPartOf\":{\"@id\":\"https:\\\/\\\/notabene.world\\\/nb\\\/corpus-christi\\\/\"},\"author\":{\"name\":\"Alicja Trukszyn\",\"@id\":\"https:\\\/\\\/notabene.world\\\/nb\\\/#\\\/schema\\\/person\\\/338079b1b2fd3868f194c552290a2cac\"},\"headline\":\"Corpus Christi\",\"datePublished\":\"2023-06-07T03:01:13+00:00\",\"dateModified\":\"2023-07-25T19:05:06+00:00\",\"mainEntityOfPage\":{\"@id\":\"https:\\\/\\\/notabene.world\\\/nb\\\/corpus-christi\\\/\"},\"wordCount\":1530,\"publisher\":{\"@id\":\"https:\\\/\\\/notabene.world\\\/nb\\\/#organization\"},\"image\":{\"@id\":\"https:\\\/\\\/notabene.world\\\/nb\\\/corpus-christi\\\/#primaryimage\"},\"thumbnailUrl\":\"https:\\\/\\\/i0.wp.com\\\/notabene.world\\\/nb\\\/wp-content\\\/uploads\\\/2023\\\/06\\\/ccr.jpg?fit=800%2C445&ssl=1\",\"articleSection\":[\"Kultura\",\"Nasz \u015awiat\"],\"inLanguage\":\"pl-PL\"},{\"@type\":\"WebPage\",\"@id\":\"https:\\\/\\\/notabene.world\\\/nb\\\/corpus-christi\\\/\",\"url\":\"https:\\\/\\\/notabene.world\\\/nb\\\/corpus-christi\\\/\",\"name\":\"Corpus Christi - NOTABENE.WORLD\",\"isPartOf\":{\"@id\":\"https:\\\/\\\/notabene.world\\\/nb\\\/#website\"},\"primaryImageOfPage\":{\"@id\":\"https:\\\/\\\/notabene.world\\\/nb\\\/corpus-christi\\\/#primaryimage\"},\"image\":{\"@id\":\"https:\\\/\\\/notabene.world\\\/nb\\\/corpus-christi\\\/#primaryimage\"},\"thumbnailUrl\":\"https:\\\/\\\/i0.wp.com\\\/notabene.world\\\/nb\\\/wp-content\\\/uploads\\\/2023\\\/06\\\/ccr.jpg?fit=800%2C445&ssl=1\",\"datePublished\":\"2023-06-07T03:01:13+00:00\",\"dateModified\":\"2023-07-25T19:05:06+00:00\",\"breadcrumb\":{\"@id\":\"https:\\\/\\\/notabene.world\\\/nb\\\/corpus-christi\\\/#breadcrumb\"},\"inLanguage\":\"pl-PL\",\"potentialAction\":[{\"@type\":\"ReadAction\",\"target\":[\"https:\\\/\\\/notabene.world\\\/nb\\\/corpus-christi\\\/\"]}]},{\"@type\":\"ImageObject\",\"inLanguage\":\"pl-PL\",\"@id\":\"https:\\\/\\\/notabene.world\\\/nb\\\/corpus-christi\\\/#primaryimage\",\"url\":\"https:\\\/\\\/i0.wp.com\\\/notabene.world\\\/nb\\\/wp-content\\\/uploads\\\/2023\\\/06\\\/ccr.jpg?fit=800%2C445&ssl=1\",\"contentUrl\":\"https:\\\/\\\/i0.wp.com\\\/notabene.world\\\/nb\\\/wp-content\\\/uploads\\\/2023\\\/06\\\/ccr.jpg?fit=800%2C445&ssl=1\",\"width\":800,\"height\":445},{\"@type\":\"BreadcrumbList\",\"@id\":\"https:\\\/\\\/notabene.world\\\/nb\\\/corpus-christi\\\/#breadcrumb\",\"itemListElement\":[{\"@type\":\"ListItem\",\"position\":1,\"name\":\"Home\",\"item\":\"https:\\\/\\\/notabene.world\\\/nb\\\/\"},{\"@type\":\"ListItem\",\"position\":2,\"name\":\"Corpus Christi\"}]},{\"@type\":\"WebSite\",\"@id\":\"https:\\\/\\\/notabene.world\\\/nb\\\/#website\",\"url\":\"https:\\\/\\\/notabene.world\\\/nb\\\/\",\"name\":\"NOTABENE.WORLD\",\"description\":\"Przekaz. Warto\u015bci. Wsp\u00f3lnota.\",\"publisher\":{\"@id\":\"https:\\\/\\\/notabene.world\\\/nb\\\/#organization\"},\"potentialAction\":[{\"@type\":\"SearchAction\",\"target\":{\"@type\":\"EntryPoint\",\"urlTemplate\":\"https:\\\/\\\/notabene.world\\\/nb\\\/?s={search_term_string}\"},\"query-input\":{\"@type\":\"PropertyValueSpecification\",\"valueRequired\":true,\"valueName\":\"search_term_string\"}}],\"inLanguage\":\"pl-PL\"},{\"@type\":\"Organization\",\"@id\":\"https:\\\/\\\/notabene.world\\\/nb\\\/#organization\",\"name\":\"NOTABENE.WORLD\",\"url\":\"https:\\\/\\\/notabene.world\\\/nb\\\/\",\"logo\":{\"@type\":\"ImageObject\",\"inLanguage\":\"pl-PL\",\"@id\":\"https:\\\/\\\/notabene.world\\\/nb\\\/#\\\/schema\\\/logo\\\/image\\\/\",\"url\":\"https:\\\/\\\/notabene.world\\\/nb\\\/wp-content\\\/uploads\\\/2022\\\/01\\\/NB-club-start-www1.jpg\",\"contentUrl\":\"https:\\\/\\\/notabene.world\\\/nb\\\/wp-content\\\/uploads\\\/2022\\\/01\\\/NB-club-start-www1.jpg\",\"width\":1000,\"height\":839,\"caption\":\"NOTABENE.WORLD\"},\"image\":{\"@id\":\"https:\\\/\\\/notabene.world\\\/nb\\\/#\\\/schema\\\/logo\\\/image\\\/\"},\"sameAs\":[\"https:\\\/\\\/www.facebook.com\\\/Notabene.World\"]},{\"@type\":\"Person\",\"@id\":\"https:\\\/\\\/notabene.world\\\/nb\\\/#\\\/schema\\\/person\\\/338079b1b2fd3868f194c552290a2cac\",\"name\":\"Alicja Trukszyn\",\"image\":{\"@type\":\"ImageObject\",\"inLanguage\":\"pl-PL\",\"@id\":\"https:\\\/\\\/secure.gravatar.com\\\/avatar\\\/b8ba5c34b152f60a8160ff28eeea236f511a586590269eacea6d2177ff0d3fa5?s=96&d=mm&r=g\",\"url\":\"https:\\\/\\\/secure.gravatar.com\\\/avatar\\\/b8ba5c34b152f60a8160ff28eeea236f511a586590269eacea6d2177ff0d3fa5?s=96&d=mm&r=g\",\"contentUrl\":\"https:\\\/\\\/secure.gravatar.com\\\/avatar\\\/b8ba5c34b152f60a8160ff28eeea236f511a586590269eacea6d2177ff0d3fa5?s=96&d=mm&r=g\",\"caption\":\"Alicja Trukszyn\"},\"url\":\"https:\\\/\\\/notabene.world\\\/nb\\\/author\\\/a-t\\\/\"}]}<\/script>\n<!-- \/ Yoast SEO plugin. -->","yoast_head_json":{"title":"Corpus Christi - NOTABENE.WORLD","robots":{"index":"index","follow":"follow","max-snippet":"max-snippet:-1","max-image-preview":"max-image-preview:large","max-video-preview":"max-video-preview:-1"},"canonical":"https:\/\/notabene.world\/nb\/corpus-christi\/","og_locale":"pl_PL","og_type":"article","og_title":"Corpus Christi - NOTABENE.WORLD","og_description":"Nieod\u0142\u0105cznym elementem \u015bwi\u0119ta Bo\u017cego Cia\u0142a jest procesja eucharystyczna, wprowadzona do obrz\u0105dku p\u00f3\u017aniej ni\u017c samo \u015bwi\u0119to. Pierwsza wzmianka o uroczystej procesji przed sum\u0105 pochodzi z Kolonii, z lat 1265\u20131275. Jak czytamy w zapisie, podczas procesji niesiono krzy\u017c z Naj\u015bwi\u0119tszym Sakramentem. Jest to nawi\u0105zanie do dawnego zwyczaju zabierania w podr\u00f3\u017c Eucharystii dla ochrony przed niebezpiecze\u0144stwami. Od XV w. procesje odprawiano ju\u017c w ca\u0142ych Niemczech, Anglii, Francji, p\u00f3\u0142nocnych W\u0142oszech i Polsce. W Niemczech procesj\u0119 w uroczysto\u015b\u0107 Bo\u017cego Cia\u0142a \u0142\u0105czono z procesj\u0105 b\u0142agaln\u0105 o odwr\u00f3cenie nieszcz\u0119\u015b\u0107 i dobr\u0105 pogod\u0119, dlatego przy czterech o\u0142tarzach \u015bpiewano tylko teksty Ewangelii i udzielano uroczystego b\u0142ogos\u0142awie\u0144stwa.","og_url":"https:\/\/notabene.world\/nb\/corpus-christi\/","og_site_name":"NOTABENE.WORLD","article_publisher":"https:\/\/www.facebook.com\/Notabene.World","article_published_time":"2023-06-07T03:01:13+00:00","article_modified_time":"2023-07-25T19:05:06+00:00","og_image":[{"width":800,"height":445,"url":"https:\/\/notabene.world\/nb\/wp-content\/uploads\/2023\/06\/ccr.jpg","type":"image\/jpeg"}],"author":"Alicja Trukszyn","twitter_card":"summary_large_image","twitter_misc":{"Napisane przez":"Alicja Trukszyn","Szacowany czas czytania":"8 minut"},"schema":{"@context":"https:\/\/schema.org","@graph":[{"@type":"Article","@id":"https:\/\/notabene.world\/nb\/corpus-christi\/#article","isPartOf":{"@id":"https:\/\/notabene.world\/nb\/corpus-christi\/"},"author":{"name":"Alicja Trukszyn","@id":"https:\/\/notabene.world\/nb\/#\/schema\/person\/338079b1b2fd3868f194c552290a2cac"},"headline":"Corpus Christi","datePublished":"2023-06-07T03:01:13+00:00","dateModified":"2023-07-25T19:05:06+00:00","mainEntityOfPage":{"@id":"https:\/\/notabene.world\/nb\/corpus-christi\/"},"wordCount":1530,"publisher":{"@id":"https:\/\/notabene.world\/nb\/#organization"},"image":{"@id":"https:\/\/notabene.world\/nb\/corpus-christi\/#primaryimage"},"thumbnailUrl":"https:\/\/i0.wp.com\/notabene.world\/nb\/wp-content\/uploads\/2023\/06\/ccr.jpg?fit=800%2C445&ssl=1","articleSection":["Kultura","Nasz \u015awiat"],"inLanguage":"pl-PL"},{"@type":"WebPage","@id":"https:\/\/notabene.world\/nb\/corpus-christi\/","url":"https:\/\/notabene.world\/nb\/corpus-christi\/","name":"Corpus Christi - NOTABENE.WORLD","isPartOf":{"@id":"https:\/\/notabene.world\/nb\/#website"},"primaryImageOfPage":{"@id":"https:\/\/notabene.world\/nb\/corpus-christi\/#primaryimage"},"image":{"@id":"https:\/\/notabene.world\/nb\/corpus-christi\/#primaryimage"},"thumbnailUrl":"https:\/\/i0.wp.com\/notabene.world\/nb\/wp-content\/uploads\/2023\/06\/ccr.jpg?fit=800%2C445&ssl=1","datePublished":"2023-06-07T03:01:13+00:00","dateModified":"2023-07-25T19:05:06+00:00","breadcrumb":{"@id":"https:\/\/notabene.world\/nb\/corpus-christi\/#breadcrumb"},"inLanguage":"pl-PL","potentialAction":[{"@type":"ReadAction","target":["https:\/\/notabene.world\/nb\/corpus-christi\/"]}]},{"@type":"ImageObject","inLanguage":"pl-PL","@id":"https:\/\/notabene.world\/nb\/corpus-christi\/#primaryimage","url":"https:\/\/i0.wp.com\/notabene.world\/nb\/wp-content\/uploads\/2023\/06\/ccr.jpg?fit=800%2C445&ssl=1","contentUrl":"https:\/\/i0.wp.com\/notabene.world\/nb\/wp-content\/uploads\/2023\/06\/ccr.jpg?fit=800%2C445&ssl=1","width":800,"height":445},{"@type":"BreadcrumbList","@id":"https:\/\/notabene.world\/nb\/corpus-christi\/#breadcrumb","itemListElement":[{"@type":"ListItem","position":1,"name":"Home","item":"https:\/\/notabene.world\/nb\/"},{"@type":"ListItem","position":2,"name":"Corpus Christi"}]},{"@type":"WebSite","@id":"https:\/\/notabene.world\/nb\/#website","url":"https:\/\/notabene.world\/nb\/","name":"NOTABENE.WORLD","description":"Przekaz. Warto\u015bci. Wsp\u00f3lnota.","publisher":{"@id":"https:\/\/notabene.world\/nb\/#organization"},"potentialAction":[{"@type":"SearchAction","target":{"@type":"EntryPoint","urlTemplate":"https:\/\/notabene.world\/nb\/?s={search_term_string}"},"query-input":{"@type":"PropertyValueSpecification","valueRequired":true,"valueName":"search_term_string"}}],"inLanguage":"pl-PL"},{"@type":"Organization","@id":"https:\/\/notabene.world\/nb\/#organization","name":"NOTABENE.WORLD","url":"https:\/\/notabene.world\/nb\/","logo":{"@type":"ImageObject","inLanguage":"pl-PL","@id":"https:\/\/notabene.world\/nb\/#\/schema\/logo\/image\/","url":"https:\/\/notabene.world\/nb\/wp-content\/uploads\/2022\/01\/NB-club-start-www1.jpg","contentUrl":"https:\/\/notabene.world\/nb\/wp-content\/uploads\/2022\/01\/NB-club-start-www1.jpg","width":1000,"height":839,"caption":"NOTABENE.WORLD"},"image":{"@id":"https:\/\/notabene.world\/nb\/#\/schema\/logo\/image\/"},"sameAs":["https:\/\/www.facebook.com\/Notabene.World"]},{"@type":"Person","@id":"https:\/\/notabene.world\/nb\/#\/schema\/person\/338079b1b2fd3868f194c552290a2cac","name":"Alicja Trukszyn","image":{"@type":"ImageObject","inLanguage":"pl-PL","@id":"https:\/\/secure.gravatar.com\/avatar\/b8ba5c34b152f60a8160ff28eeea236f511a586590269eacea6d2177ff0d3fa5?s=96&d=mm&r=g","url":"https:\/\/secure.gravatar.com\/avatar\/b8ba5c34b152f60a8160ff28eeea236f511a586590269eacea6d2177ff0d3fa5?s=96&d=mm&r=g","contentUrl":"https:\/\/secure.gravatar.com\/avatar\/b8ba5c34b152f60a8160ff28eeea236f511a586590269eacea6d2177ff0d3fa5?s=96&d=mm&r=g","caption":"Alicja Trukszyn"},"url":"https:\/\/notabene.world\/nb\/author\/a-t\/"}]}},"jetpack_featured_media_url":"https:\/\/i0.wp.com\/notabene.world\/nb\/wp-content\/uploads\/2023\/06\/ccr.jpg?fit=800%2C445&ssl=1","jetpack_sharing_enabled":true,"jetpack_shortlink":"https:\/\/wp.me\/pdCobN-2D0","_links":{"self":[{"href":"https:\/\/notabene.world\/nb\/wp-json\/wp\/v2\/posts\/10106","targetHints":{"allow":["GET"]}}],"collection":[{"href":"https:\/\/notabene.world\/nb\/wp-json\/wp\/v2\/posts"}],"about":[{"href":"https:\/\/notabene.world\/nb\/wp-json\/wp\/v2\/types\/post"}],"author":[{"embeddable":true,"href":"https:\/\/notabene.world\/nb\/wp-json\/wp\/v2\/users\/54"}],"replies":[{"embeddable":true,"href":"https:\/\/notabene.world\/nb\/wp-json\/wp\/v2\/comments?post=10106"}],"version-history":[{"count":3,"href":"https:\/\/notabene.world\/nb\/wp-json\/wp\/v2\/posts\/10106\/revisions"}],"predecessor-version":[{"id":10110,"href":"https:\/\/notabene.world\/nb\/wp-json\/wp\/v2\/posts\/10106\/revisions\/10110"}],"wp:featuredmedia":[{"embeddable":true,"href":"https:\/\/notabene.world\/nb\/wp-json\/wp\/v2\/media\/10109"}],"wp:attachment":[{"href":"https:\/\/notabene.world\/nb\/wp-json\/wp\/v2\/media?parent=10106"}],"wp:term":[{"taxonomy":"category","embeddable":true,"href":"https:\/\/notabene.world\/nb\/wp-json\/wp\/v2\/categories?post=10106"},{"taxonomy":"post_tag","embeddable":true,"href":"https:\/\/notabene.world\/nb\/wp-json\/wp\/v2\/tags?post=10106"}],"curies":[{"name":"wp","href":"https:\/\/api.w.org\/{rel}","templated":true}]}}