{"id":10535,"date":"2023-10-12T23:33:52","date_gmt":"2023-10-12T21:33:52","guid":{"rendered":"https:\/\/notabene.world\/nb\/?p=10535"},"modified":"2023-11-20T03:53:01","modified_gmt":"2023-11-20T02:53:01","slug":"przeboj-nocy-na-dwa-glosy","status":"publish","type":"post","link":"https:\/\/notabene.world\/nb\/przeboj-nocy-na-dwa-glosy\/","title":{"rendered":"PRZEB\u00d3J NOCY na dwa g\u0142osy"},"content":{"rendered":"\r\n<p>Tytu\u0142 jest nieprzypadkowy, wskazuje przede wszystkim na nasz g\u0142\u00f3wny, wymarzony obszar zainteresowania &#8211; to znaczy o czym chcieliby\u015bmy pisa\u0107. Wzi\u0119li\u015bmy go z p\u0142yty Pro8l3mu \u201eArtbrut 2\u201d, ale oczywi\u015bcie nie tylko tego artyst\u0119 we\u017amiemy na tapet, ale wszystkich &#8222;<em>artbrutowych<\/em>&#8222;, wykluczonych i na pierwszy rzut oka nieokrzesanych. Ta p\u0142yta jest wa\u017cna, bo \u0142\u0105czy m\u0142ode i stare, wulgarne i klasycznie dopracowane. Jest wa\u017cna, bo pokazuje, \u017ce mo\u017cna. I w\u0142a\u015bnie to nas interesuje.<\/p>\r\n<p><br \/>Dodatkowo wi\u0119ksza cze\u015b\u0107 naszych tekst\u00f3w (przewiduj\u0105c przysz\u0142o\u015b\u0107 i listopadowe wieczory) b\u0119dzie powstawa\u0142a w nocy, wtedy kiedy na ulicach jest cicho, a w s\u0142uchawkach w ko\u0144cu mo\u017ce by\u0107 g\u0142o\u015bno.<br \/>Niedalekie plany zapowiadaj\u0105 Belmonda, Kub\u0119 Knapa, \u0141on\u0119, Pezeta, Kartky\u2019ego, Webbera, Mat\u0119 czy oczywi\u015bcie Oskara i Pro8l3m. Zale\u017cy nam na nie tyle podr\u0119cznikowej interpretacji, ale na wyci\u0105gni\u0119ciu z tych \u015bwie\u017cych artyst\u00f3w tego co rusza m\u0142odych, a jednocze\u015bnie wci\u0105\u017c powinno by\u0107 aktualne i wa\u017cne dla starszych. \u2028<\/p>\r\n<p><br \/>Ja, jeden z dw\u00f3ch g\u0142os\u00f3w naszego bloga, dostrzegam co\u015b wi\u0119cej w tej wulgarno\u015bci, a raczej ponad ni\u0105, jaki\u015b sens, kunszt, co\u015b co nie jest proste i podw\u00f3rkowe, ale stanowi prawd\u0119 wykrzyczan\u0105 w twarz.<\/p>\r\n<p>Jak uda nam si\u0119 obroni\u0107 teksty tak r\u00f3\u017cne od tych, kt\u00f3re na co dzie\u0144 omawiamy na studiach filologicznych? <br \/>Well&#8230;stay tuned!<\/p>\r\n<p><img data-recalc-dims=\"1\" loading=\"lazy\" decoding=\"async\" class=\"size-medium wp-image-10573 aligncenter\" src=\"https:\/\/i0.wp.com\/notabene.world\/nb\/wp-content\/uploads\/2023\/10\/pro8l3m-art-brut-2-1000x600-1.jpg?resize=300%2C180&#038;ssl=1\" alt=\"\" width=\"300\" height=\"180\" srcset=\"https:\/\/i0.wp.com\/notabene.world\/nb\/wp-content\/uploads\/2023\/10\/pro8l3m-art-brut-2-1000x600-1.jpg?resize=300%2C180&amp;ssl=1 300w, https:\/\/i0.wp.com\/notabene.world\/nb\/wp-content\/uploads\/2023\/10\/pro8l3m-art-brut-2-1000x600-1.jpg?resize=768%2C461&amp;ssl=1 768w, https:\/\/i0.wp.com\/notabene.world\/nb\/wp-content\/uploads\/2023\/10\/pro8l3m-art-brut-2-1000x600-1.jpg?w=1000&amp;ssl=1 1000w\" sizes=\"auto, (max-width: 300px) 100vw, 300px\" \/><\/p>\r\n","protected":false},"excerpt":{"rendered":"<p>Tytu\u0142 jest nieprzypadkowy, wskazuje przede wszystkim na nasz g\u0142\u00f3wny, wymarzony obszar zainteresowania &#8211; to znaczy o czym chcieliby\u015bmy pisa\u0107. Wzi\u0119li\u015bmy go z p\u0142yty Pro8l3mu \u201eArtbrut 2\u201d, ale oczywi\u015bcie nie tylko tego artyst\u0119 we\u017amiemy na tapet, ale wszystkich &#8222;artbrutowych&#8221;, wykluczonych i na pierwszy rzut oka nieokrzesanych. Ta p\u0142yta jest wa\u017cna, bo \u0142\u0105czy m\u0142ode i stare, wulgarne i klasycznie dopracowane. Jest wa\u017cna, bo pokazuje, \u017ce mo\u017cna. I w\u0142a\u015bnie to nas interesuje.<\/p>\n<p>Dodatkowo wi\u0119ksza cze\u015b\u0107 naszych tekst\u00f3w (przewiduj\u0105c przysz\u0142o\u015b\u0107 i listopadowe wieczory) b\u0119dzie powstawa\u0142a w nocy, wtedy kiedy na ulicach jest cicho, a w s\u0142uchawkach w ko\u0144cu mo\u017ce by\u0107 g\u0142o\u015bno.<br \/>\nNiedalekie plany zapowiadaj\u0105 Belmonda, Kub\u0119 Knapa, \u0141on\u0119, Pezeta, Kartky\u2019ego, Webbera, Mat\u0119 czy oczywi\u015bcie Oskara i Pro8l3m. Zale\u017cy nam na nie tyle podr\u0119cznikowej interpretacji, ale na wyci\u0105gni\u0119ciu z tych \u015bwie\u017cych artyst\u00f3w tego co rusza m\u0142odych, a jednocze\u015bnie wci\u0105\u017c powinno by\u0107 aktualne i wa\u017cne dla starszych. <\/p>\n","protected":false},"author":55,"featured_media":10778,"comment_status":"closed","ping_status":"closed","sticky":false,"template":"","format":"standard","meta":{"colormag_page_container_layout":"no_sidebar_content_centered","colormag_page_sidebar_layout":"no_sidebar","_jetpack_memberships_contains_paid_content":false,"footnotes":"","_links_to":"","_links_to_target":""},"categories":[5,225,229],"tags":[],"class_list":["post-10535","post","type-post","status-publish","format-standard","has-post-thumbnail","hentry","category-muzyka","category-projekt-kulturalny","category-przeboj-nocy"],"yoast_head":"<!-- This site is optimized with the Yoast SEO plugin v27.4 - https:\/\/yoast.com\/product\/yoast-seo-wordpress\/ -->\n<title>PRZEB\u00d3J NOCY na dwa g\u0142osy - NOTABENE.WORLD<\/title>\n<meta name=\"robots\" content=\"index, follow, max-snippet:-1, max-image-preview:large, max-video-preview:-1\" \/>\n<link rel=\"canonical\" href=\"https:\/\/notabene.world\/nb\/przeboj-nocy-na-dwa-glosy\/\" \/>\n<meta property=\"og:locale\" content=\"pl_PL\" \/>\n<meta property=\"og:type\" content=\"article\" \/>\n<meta property=\"og:title\" content=\"PRZEB\u00d3J NOCY na dwa g\u0142osy - NOTABENE.WORLD\" \/>\n<meta property=\"og:description\" content=\"Tytu\u0142 jest nieprzypadkowy, wskazuje przede wszystkim na nasz g\u0142\u00f3wny, wymarzony obszar zainteresowania - to znaczy o czym chcieliby\u015bmy pisa\u0107. Wzi\u0119li\u015bmy go z p\u0142yty Pro8l3mu \u201eArtbrut 2\u201d, ale oczywi\u015bcie nie tylko tego artyst\u0119 we\u017amiemy na tapet, ale wszystkich &quot;artbrutowych&quot;, wykluczonych i na pierwszy rzut oka nieokrzesanych. Ta p\u0142yta jest wa\u017cna, bo \u0142\u0105czy m\u0142ode i stare, wulgarne i klasycznie dopracowane. Jest wa\u017cna, bo pokazuje, \u017ce mo\u017cna. I w\u0142a\u015bnie to nas interesuje.  Dodatkowo wi\u0119ksza cze\u015b\u0107 naszych tekst\u00f3w (przewiduj\u0105c przysz\u0142o\u015b\u0107 i listopadowe wieczory) b\u0119dzie powstawa\u0142a w nocy, wtedy kiedy na ulicach jest cicho, a w s\u0142uchawkach w ko\u0144cu mo\u017ce by\u0107 g\u0142o\u015bno. Niedalekie plany zapowiadaj\u0105 Belmonda, Kub\u0119 Knapa, \u0141on\u0119, Pezeta, Kartky\u2019ego, Webbera, Mat\u0119 czy oczywi\u015bcie Oskara i Pro8l3m. Zale\u017cy nam na nie tyle podr\u0119cznikowej interpretacji, ale na wyci\u0105gni\u0119ciu z tych \u015bwie\u017cych artyst\u00f3w tego co rusza m\u0142odych, a jednocze\u015bnie wci\u0105\u017c powinno by\u0107 aktualne i wa\u017cne dla starszych.\" \/>\n<meta property=\"og:url\" content=\"https:\/\/notabene.world\/nb\/przeboj-nocy-na-dwa-glosy\/\" \/>\n<meta property=\"og:site_name\" content=\"NOTABENE.WORLD\" \/>\n<meta property=\"article:publisher\" content=\"https:\/\/www.facebook.com\/Notabene.World\" \/>\n<meta property=\"article:published_time\" content=\"2023-10-12T21:33:52+00:00\" \/>\n<meta property=\"article:modified_time\" content=\"2023-11-20T02:53:01+00:00\" \/>\n<meta property=\"og:image\" content=\"https:\/\/notabene.world\/nb\/wp-content\/uploads\/2023\/10\/pro8l3m-art-brut-2-1000x600-1-800x445-2.jpg\" \/>\n\t<meta property=\"og:image:width\" content=\"800\" \/>\n\t<meta property=\"og:image:height\" content=\"445\" \/>\n\t<meta property=\"og:image:type\" content=\"image\/jpeg\" \/>\n<meta name=\"author\" content=\"Barbara Makowiecka\" \/>\n<meta name=\"twitter:card\" content=\"summary_large_image\" \/>\n<meta name=\"twitter:label1\" content=\"Napisane przez\" \/>\n\t<meta name=\"twitter:data1\" content=\"Barbara Makowiecka\" \/>\n\t<meta name=\"twitter:label2\" content=\"Szacowany czas czytania\" \/>\n\t<meta name=\"twitter:data2\" content=\"1 minuta\" \/>\n<script type=\"application\/ld+json\" class=\"yoast-schema-graph\">{\"@context\":\"https:\\\/\\\/schema.org\",\"@graph\":[{\"@type\":\"Article\",\"@id\":\"https:\\\/\\\/notabene.world\\\/nb\\\/przeboj-nocy-na-dwa-glosy\\\/#article\",\"isPartOf\":{\"@id\":\"https:\\\/\\\/notabene.world\\\/nb\\\/przeboj-nocy-na-dwa-glosy\\\/\"},\"author\":{\"name\":\"Barbara Makowiecka\",\"@id\":\"https:\\\/\\\/notabene.world\\\/nb\\\/#\\\/schema\\\/person\\\/aa30bd80ff85437087790debd0a9008f\"},\"headline\":\"PRZEB\u00d3J NOCY na dwa g\u0142osy\",\"datePublished\":\"2023-10-12T21:33:52+00:00\",\"dateModified\":\"2023-11-20T02:53:01+00:00\",\"mainEntityOfPage\":{\"@id\":\"https:\\\/\\\/notabene.world\\\/nb\\\/przeboj-nocy-na-dwa-glosy\\\/\"},\"wordCount\":249,\"publisher\":{\"@id\":\"https:\\\/\\\/notabene.world\\\/nb\\\/#organization\"},\"image\":{\"@id\":\"https:\\\/\\\/notabene.world\\\/nb\\\/przeboj-nocy-na-dwa-glosy\\\/#primaryimage\"},\"thumbnailUrl\":\"https:\\\/\\\/i0.wp.com\\\/notabene.world\\\/nb\\\/wp-content\\\/uploads\\\/2023\\\/10\\\/pro8l3m-art-brut-2-1000x600-1-800x445-2.jpg?fit=800%2C445&ssl=1\",\"articleSection\":[\"Muzyka\",\"Projekt kulturalny\",\"PRZEB\u00d3J NOCY\"],\"inLanguage\":\"pl-PL\"},{\"@type\":\"WebPage\",\"@id\":\"https:\\\/\\\/notabene.world\\\/nb\\\/przeboj-nocy-na-dwa-glosy\\\/\",\"url\":\"https:\\\/\\\/notabene.world\\\/nb\\\/przeboj-nocy-na-dwa-glosy\\\/\",\"name\":\"PRZEB\u00d3J NOCY na dwa g\u0142osy - NOTABENE.WORLD\",\"isPartOf\":{\"@id\":\"https:\\\/\\\/notabene.world\\\/nb\\\/#website\"},\"primaryImageOfPage\":{\"@id\":\"https:\\\/\\\/notabene.world\\\/nb\\\/przeboj-nocy-na-dwa-glosy\\\/#primaryimage\"},\"image\":{\"@id\":\"https:\\\/\\\/notabene.world\\\/nb\\\/przeboj-nocy-na-dwa-glosy\\\/#primaryimage\"},\"thumbnailUrl\":\"https:\\\/\\\/i0.wp.com\\\/notabene.world\\\/nb\\\/wp-content\\\/uploads\\\/2023\\\/10\\\/pro8l3m-art-brut-2-1000x600-1-800x445-2.jpg?fit=800%2C445&ssl=1\",\"datePublished\":\"2023-10-12T21:33:52+00:00\",\"dateModified\":\"2023-11-20T02:53:01+00:00\",\"breadcrumb\":{\"@id\":\"https:\\\/\\\/notabene.world\\\/nb\\\/przeboj-nocy-na-dwa-glosy\\\/#breadcrumb\"},\"inLanguage\":\"pl-PL\",\"potentialAction\":[{\"@type\":\"ReadAction\",\"target\":[\"https:\\\/\\\/notabene.world\\\/nb\\\/przeboj-nocy-na-dwa-glosy\\\/\"]}]},{\"@type\":\"ImageObject\",\"inLanguage\":\"pl-PL\",\"@id\":\"https:\\\/\\\/notabene.world\\\/nb\\\/przeboj-nocy-na-dwa-glosy\\\/#primaryimage\",\"url\":\"https:\\\/\\\/i0.wp.com\\\/notabene.world\\\/nb\\\/wp-content\\\/uploads\\\/2023\\\/10\\\/pro8l3m-art-brut-2-1000x600-1-800x445-2.jpg?fit=800%2C445&ssl=1\",\"contentUrl\":\"https:\\\/\\\/i0.wp.com\\\/notabene.world\\\/nb\\\/wp-content\\\/uploads\\\/2023\\\/10\\\/pro8l3m-art-brut-2-1000x600-1-800x445-2.jpg?fit=800%2C445&ssl=1\",\"width\":800,\"height\":445},{\"@type\":\"BreadcrumbList\",\"@id\":\"https:\\\/\\\/notabene.world\\\/nb\\\/przeboj-nocy-na-dwa-glosy\\\/#breadcrumb\",\"itemListElement\":[{\"@type\":\"ListItem\",\"position\":1,\"name\":\"Home\",\"item\":\"https:\\\/\\\/notabene.world\\\/nb\\\/\"},{\"@type\":\"ListItem\",\"position\":2,\"name\":\"PRZEB\u00d3J NOCY na dwa g\u0142osy\"}]},{\"@type\":\"WebSite\",\"@id\":\"https:\\\/\\\/notabene.world\\\/nb\\\/#website\",\"url\":\"https:\\\/\\\/notabene.world\\\/nb\\\/\",\"name\":\"NOTABENE.WORLD\",\"description\":\"Przekaz. Warto\u015bci. Wsp\u00f3lnota.\",\"publisher\":{\"@id\":\"https:\\\/\\\/notabene.world\\\/nb\\\/#organization\"},\"potentialAction\":[{\"@type\":\"SearchAction\",\"target\":{\"@type\":\"EntryPoint\",\"urlTemplate\":\"https:\\\/\\\/notabene.world\\\/nb\\\/?s={search_term_string}\"},\"query-input\":{\"@type\":\"PropertyValueSpecification\",\"valueRequired\":true,\"valueName\":\"search_term_string\"}}],\"inLanguage\":\"pl-PL\"},{\"@type\":\"Organization\",\"@id\":\"https:\\\/\\\/notabene.world\\\/nb\\\/#organization\",\"name\":\"NOTABENE.WORLD\",\"url\":\"https:\\\/\\\/notabene.world\\\/nb\\\/\",\"logo\":{\"@type\":\"ImageObject\",\"inLanguage\":\"pl-PL\",\"@id\":\"https:\\\/\\\/notabene.world\\\/nb\\\/#\\\/schema\\\/logo\\\/image\\\/\",\"url\":\"https:\\\/\\\/notabene.world\\\/nb\\\/wp-content\\\/uploads\\\/2022\\\/01\\\/NB-club-start-www1.jpg\",\"contentUrl\":\"https:\\\/\\\/notabene.world\\\/nb\\\/wp-content\\\/uploads\\\/2022\\\/01\\\/NB-club-start-www1.jpg\",\"width\":1000,\"height\":839,\"caption\":\"NOTABENE.WORLD\"},\"image\":{\"@id\":\"https:\\\/\\\/notabene.world\\\/nb\\\/#\\\/schema\\\/logo\\\/image\\\/\"},\"sameAs\":[\"https:\\\/\\\/www.facebook.com\\\/Notabene.World\"]},{\"@type\":\"Person\",\"@id\":\"https:\\\/\\\/notabene.world\\\/nb\\\/#\\\/schema\\\/person\\\/aa30bd80ff85437087790debd0a9008f\",\"name\":\"Barbara Makowiecka\",\"image\":{\"@type\":\"ImageObject\",\"inLanguage\":\"pl-PL\",\"@id\":\"https:\\\/\\\/secure.gravatar.com\\\/avatar\\\/14bc34a5752e5fa1c44016b4eba551b5cbf6036d20f809212a9d8038b5ebae3b?s=96&d=mm&r=g\",\"url\":\"https:\\\/\\\/secure.gravatar.com\\\/avatar\\\/14bc34a5752e5fa1c44016b4eba551b5cbf6036d20f809212a9d8038b5ebae3b?s=96&d=mm&r=g\",\"contentUrl\":\"https:\\\/\\\/secure.gravatar.com\\\/avatar\\\/14bc34a5752e5fa1c44016b4eba551b5cbf6036d20f809212a9d8038b5ebae3b?s=96&d=mm&r=g\",\"caption\":\"Barbara Makowiecka\"},\"url\":\"https:\\\/\\\/notabene.world\\\/nb\\\/author\\\/ba-ma\\\/\"}]}<\/script>\n<!-- \/ Yoast SEO plugin. -->","yoast_head_json":{"title":"PRZEB\u00d3J NOCY na dwa g\u0142osy - NOTABENE.WORLD","robots":{"index":"index","follow":"follow","max-snippet":"max-snippet:-1","max-image-preview":"max-image-preview:large","max-video-preview":"max-video-preview:-1"},"canonical":"https:\/\/notabene.world\/nb\/przeboj-nocy-na-dwa-glosy\/","og_locale":"pl_PL","og_type":"article","og_title":"PRZEB\u00d3J NOCY na dwa g\u0142osy - NOTABENE.WORLD","og_description":"Tytu\u0142 jest nieprzypadkowy, wskazuje przede wszystkim na nasz g\u0142\u00f3wny, wymarzony obszar zainteresowania - to znaczy o czym chcieliby\u015bmy pisa\u0107. Wzi\u0119li\u015bmy go z p\u0142yty Pro8l3mu \u201eArtbrut 2\u201d, ale oczywi\u015bcie nie tylko tego artyst\u0119 we\u017amiemy na tapet, ale wszystkich \"artbrutowych\", wykluczonych i na pierwszy rzut oka nieokrzesanych. Ta p\u0142yta jest wa\u017cna, bo \u0142\u0105czy m\u0142ode i stare, wulgarne i klasycznie dopracowane. Jest wa\u017cna, bo pokazuje, \u017ce mo\u017cna. I w\u0142a\u015bnie to nas interesuje.  Dodatkowo wi\u0119ksza cze\u015b\u0107 naszych tekst\u00f3w (przewiduj\u0105c przysz\u0142o\u015b\u0107 i listopadowe wieczory) b\u0119dzie powstawa\u0142a w nocy, wtedy kiedy na ulicach jest cicho, a w s\u0142uchawkach w ko\u0144cu mo\u017ce by\u0107 g\u0142o\u015bno. Niedalekie plany zapowiadaj\u0105 Belmonda, Kub\u0119 Knapa, \u0141on\u0119, Pezeta, Kartky\u2019ego, Webbera, Mat\u0119 czy oczywi\u015bcie Oskara i Pro8l3m. Zale\u017cy nam na nie tyle podr\u0119cznikowej interpretacji, ale na wyci\u0105gni\u0119ciu z tych \u015bwie\u017cych artyst\u00f3w tego co rusza m\u0142odych, a jednocze\u015bnie wci\u0105\u017c powinno by\u0107 aktualne i wa\u017cne dla starszych.","og_url":"https:\/\/notabene.world\/nb\/przeboj-nocy-na-dwa-glosy\/","og_site_name":"NOTABENE.WORLD","article_publisher":"https:\/\/www.facebook.com\/Notabene.World","article_published_time":"2023-10-12T21:33:52+00:00","article_modified_time":"2023-11-20T02:53:01+00:00","og_image":[{"width":800,"height":445,"url":"https:\/\/notabene.world\/nb\/wp-content\/uploads\/2023\/10\/pro8l3m-art-brut-2-1000x600-1-800x445-2.jpg","type":"image\/jpeg"}],"author":"Barbara Makowiecka","twitter_card":"summary_large_image","twitter_misc":{"Napisane przez":"Barbara Makowiecka","Szacowany czas czytania":"1 minuta"},"schema":{"@context":"https:\/\/schema.org","@graph":[{"@type":"Article","@id":"https:\/\/notabene.world\/nb\/przeboj-nocy-na-dwa-glosy\/#article","isPartOf":{"@id":"https:\/\/notabene.world\/nb\/przeboj-nocy-na-dwa-glosy\/"},"author":{"name":"Barbara Makowiecka","@id":"https:\/\/notabene.world\/nb\/#\/schema\/person\/aa30bd80ff85437087790debd0a9008f"},"headline":"PRZEB\u00d3J NOCY na dwa g\u0142osy","datePublished":"2023-10-12T21:33:52+00:00","dateModified":"2023-11-20T02:53:01+00:00","mainEntityOfPage":{"@id":"https:\/\/notabene.world\/nb\/przeboj-nocy-na-dwa-glosy\/"},"wordCount":249,"publisher":{"@id":"https:\/\/notabene.world\/nb\/#organization"},"image":{"@id":"https:\/\/notabene.world\/nb\/przeboj-nocy-na-dwa-glosy\/#primaryimage"},"thumbnailUrl":"https:\/\/i0.wp.com\/notabene.world\/nb\/wp-content\/uploads\/2023\/10\/pro8l3m-art-brut-2-1000x600-1-800x445-2.jpg?fit=800%2C445&ssl=1","articleSection":["Muzyka","Projekt kulturalny","PRZEB\u00d3J NOCY"],"inLanguage":"pl-PL"},{"@type":"WebPage","@id":"https:\/\/notabene.world\/nb\/przeboj-nocy-na-dwa-glosy\/","url":"https:\/\/notabene.world\/nb\/przeboj-nocy-na-dwa-glosy\/","name":"PRZEB\u00d3J NOCY na dwa g\u0142osy - NOTABENE.WORLD","isPartOf":{"@id":"https:\/\/notabene.world\/nb\/#website"},"primaryImageOfPage":{"@id":"https:\/\/notabene.world\/nb\/przeboj-nocy-na-dwa-glosy\/#primaryimage"},"image":{"@id":"https:\/\/notabene.world\/nb\/przeboj-nocy-na-dwa-glosy\/#primaryimage"},"thumbnailUrl":"https:\/\/i0.wp.com\/notabene.world\/nb\/wp-content\/uploads\/2023\/10\/pro8l3m-art-brut-2-1000x600-1-800x445-2.jpg?fit=800%2C445&ssl=1","datePublished":"2023-10-12T21:33:52+00:00","dateModified":"2023-11-20T02:53:01+00:00","breadcrumb":{"@id":"https:\/\/notabene.world\/nb\/przeboj-nocy-na-dwa-glosy\/#breadcrumb"},"inLanguage":"pl-PL","potentialAction":[{"@type":"ReadAction","target":["https:\/\/notabene.world\/nb\/przeboj-nocy-na-dwa-glosy\/"]}]},{"@type":"ImageObject","inLanguage":"pl-PL","@id":"https:\/\/notabene.world\/nb\/przeboj-nocy-na-dwa-glosy\/#primaryimage","url":"https:\/\/i0.wp.com\/notabene.world\/nb\/wp-content\/uploads\/2023\/10\/pro8l3m-art-brut-2-1000x600-1-800x445-2.jpg?fit=800%2C445&ssl=1","contentUrl":"https:\/\/i0.wp.com\/notabene.world\/nb\/wp-content\/uploads\/2023\/10\/pro8l3m-art-brut-2-1000x600-1-800x445-2.jpg?fit=800%2C445&ssl=1","width":800,"height":445},{"@type":"BreadcrumbList","@id":"https:\/\/notabene.world\/nb\/przeboj-nocy-na-dwa-glosy\/#breadcrumb","itemListElement":[{"@type":"ListItem","position":1,"name":"Home","item":"https:\/\/notabene.world\/nb\/"},{"@type":"ListItem","position":2,"name":"PRZEB\u00d3J NOCY na dwa g\u0142osy"}]},{"@type":"WebSite","@id":"https:\/\/notabene.world\/nb\/#website","url":"https:\/\/notabene.world\/nb\/","name":"NOTABENE.WORLD","description":"Przekaz. Warto\u015bci. Wsp\u00f3lnota.","publisher":{"@id":"https:\/\/notabene.world\/nb\/#organization"},"potentialAction":[{"@type":"SearchAction","target":{"@type":"EntryPoint","urlTemplate":"https:\/\/notabene.world\/nb\/?s={search_term_string}"},"query-input":{"@type":"PropertyValueSpecification","valueRequired":true,"valueName":"search_term_string"}}],"inLanguage":"pl-PL"},{"@type":"Organization","@id":"https:\/\/notabene.world\/nb\/#organization","name":"NOTABENE.WORLD","url":"https:\/\/notabene.world\/nb\/","logo":{"@type":"ImageObject","inLanguage":"pl-PL","@id":"https:\/\/notabene.world\/nb\/#\/schema\/logo\/image\/","url":"https:\/\/notabene.world\/nb\/wp-content\/uploads\/2022\/01\/NB-club-start-www1.jpg","contentUrl":"https:\/\/notabene.world\/nb\/wp-content\/uploads\/2022\/01\/NB-club-start-www1.jpg","width":1000,"height":839,"caption":"NOTABENE.WORLD"},"image":{"@id":"https:\/\/notabene.world\/nb\/#\/schema\/logo\/image\/"},"sameAs":["https:\/\/www.facebook.com\/Notabene.World"]},{"@type":"Person","@id":"https:\/\/notabene.world\/nb\/#\/schema\/person\/aa30bd80ff85437087790debd0a9008f","name":"Barbara Makowiecka","image":{"@type":"ImageObject","inLanguage":"pl-PL","@id":"https:\/\/secure.gravatar.com\/avatar\/14bc34a5752e5fa1c44016b4eba551b5cbf6036d20f809212a9d8038b5ebae3b?s=96&d=mm&r=g","url":"https:\/\/secure.gravatar.com\/avatar\/14bc34a5752e5fa1c44016b4eba551b5cbf6036d20f809212a9d8038b5ebae3b?s=96&d=mm&r=g","contentUrl":"https:\/\/secure.gravatar.com\/avatar\/14bc34a5752e5fa1c44016b4eba551b5cbf6036d20f809212a9d8038b5ebae3b?s=96&d=mm&r=g","caption":"Barbara Makowiecka"},"url":"https:\/\/notabene.world\/nb\/author\/ba-ma\/"}]}},"jetpack_featured_media_url":"https:\/\/i0.wp.com\/notabene.world\/nb\/wp-content\/uploads\/2023\/10\/pro8l3m-art-brut-2-1000x600-1-800x445-2.jpg?fit=800%2C445&ssl=1","jetpack_sharing_enabled":true,"jetpack_shortlink":"https:\/\/wp.me\/pdCobN-2JV","_links":{"self":[{"href":"https:\/\/notabene.world\/nb\/wp-json\/wp\/v2\/posts\/10535","targetHints":{"allow":["GET"]}}],"collection":[{"href":"https:\/\/notabene.world\/nb\/wp-json\/wp\/v2\/posts"}],"about":[{"href":"https:\/\/notabene.world\/nb\/wp-json\/wp\/v2\/types\/post"}],"author":[{"embeddable":true,"href":"https:\/\/notabene.world\/nb\/wp-json\/wp\/v2\/users\/55"}],"replies":[{"embeddable":true,"href":"https:\/\/notabene.world\/nb\/wp-json\/wp\/v2\/comments?post=10535"}],"version-history":[{"count":4,"href":"https:\/\/notabene.world\/nb\/wp-json\/wp\/v2\/posts\/10535\/revisions"}],"predecessor-version":[{"id":10576,"href":"https:\/\/notabene.world\/nb\/wp-json\/wp\/v2\/posts\/10535\/revisions\/10576"}],"wp:featuredmedia":[{"embeddable":true,"href":"https:\/\/notabene.world\/nb\/wp-json\/wp\/v2\/media\/10778"}],"wp:attachment":[{"href":"https:\/\/notabene.world\/nb\/wp-json\/wp\/v2\/media?parent=10535"}],"wp:term":[{"taxonomy":"category","embeddable":true,"href":"https:\/\/notabene.world\/nb\/wp-json\/wp\/v2\/categories?post=10535"},{"taxonomy":"post_tag","embeddable":true,"href":"https:\/\/notabene.world\/nb\/wp-json\/wp\/v2\/tags?post=10535"}],"curies":[{"name":"wp","href":"https:\/\/api.w.org\/{rel}","templated":true}]}}