{"id":10540,"date":"2023-10-13T23:55:28","date_gmt":"2023-10-13T21:55:28","guid":{"rendered":"https:\/\/notabene.world\/nb\/?p=10540"},"modified":"2023-11-20T03:52:24","modified_gmt":"2023-11-20T02:52:24","slug":"przedwyborcza-maskarada","status":"publish","type":"post","link":"https:\/\/notabene.world\/nb\/przedwyborcza-maskarada\/","title":{"rendered":"Przedwyborcza maskarada"},"content":{"rendered":"<p>Wszechobecna w otaczaj\u0105cym nas \u015bwiecie rzymska zasada \u201edivide et impera&#8221; (dziel i rz\u0105d\u017a) \u2013 sprowadza si\u0119 w gruncie rzeczy do osi\u0105gania iluzorycznch zwyci\u0119stw za pomoc\u0105 strachu. Ci\u0105g\u0142e podsycanie konflikt\u00f3w wewn\u0119trznych i zewn\u0119trznych s\u0142u\u017cy realizacji cel\u00f3w niewiele maj\u0105cych wsp\u00f3lnego z tworzeniem pozytywnej i trwa\u0142ej lokalno-globalnej wsp\u00f3lnoty,\u00a0w kt\u00f3rej przecie\u017c dla wszystkich powinno starczy\u0107 miejsca (niezale\u017cnie od \u015bwiatopogl\u0105du)&#8230; Makiaweliczna logika sk\u0142\u00f3cania wszystkich ze wszystkimi to mroczna droga donik\u0105d. Nawet najbardziej szczytny cel nie mo\u017ce u\u015bwi\u0119ca\u0107 \u015brodk\u00f3w, a wzajemne straszenie si\u0119 na d\u0142u\u017csz\u0105 met\u0119 naprawd\u0119 nie ma sensu.<\/p>\n<p>Trudno nie ulec wra\u017ceniu, i\u017c w przededniu najwa\u017cniejszych wybor\u00f3w parlamentarnych od 1989 roku zostajemy metodycznie poddawani socjotechnicznej manipulacji. Zamiast uspokaja\u0107 i koi\u0107 nasz\u0105 niepewno\u015b\u0107 oraz egzystencjalne rozdarcie, celowo podsyca si\u0119 wok\u00f3\u0142 nas niepok\u00f3j o przysz\u0142o\u015b\u0107. Codzienny l\u0119k, jakiego do\u015bwiadczamy jest w gruncie rzeczy do\u015b\u0107 irracjonalny i cz\u0119sto wyolbrzymiony nie do ko\u0144ca przemy\u015blanymi decyzjami rz\u0105du oraz przekazem medialnym. Nie\u0142atwo jest zachowa\u0107 zimn\u0105 krew i spok\u00f3j w sytuacji nieustannie podsycanego zagro\u017cenia. Polityka strachu, jakiej do\u015bwiadczamy w ostatnich latach oddali\u0142a nas od siebie jeszcze bardziej ni\u017c kiedykolwiek. Znale\u017ali\u015bmy si\u0119 w sytuacji do\u015b\u0107 kuriozalnej, gdzie tragedia miesza si\u0119 raz po raz z komedi\u0105 i przybiera form\u0119 pompatycznej oraz pe\u0142nej absurd\u00f3w i sprzeczno\u015bci tragifarsy, kt\u00f3r\u0105 najlepiej chyba nale\u017ca\u0142oby nazwa\u0107 <em>maskarad\u0105.\u00a0<\/em>To wszystko dzieje si\u0119 naturalnie\u00a0<em>ze strachu.<\/em><\/p>\n<p>W roku 2020 pandemiczny blady strach przyby\u0142 do nas wielokrotnie i z tego samego kierunku \u2013 z krainy Wielkiego Muru: najpierw <em>incognito<\/em>, potem ju\u017c otwarcie \u2013 na pok\u0142adzie pe\u0142nego zdefektowanych masek<em>\u00a0Najwi\u0119kszego Samolotu \u015awiata,\u00a0<\/em>kt\u00f3ry entuzjastycznie powita\u0142y na Ok\u0119ciu\u00a0<em>najwy\u017csze czynniki pa\u0144stwowe.\u00a0<\/em>Ze strachu zapewne odebra\u0142o komu\u015b rozum a nam wszystkim zapar\u0142o dech w piersiach.\u00a0<em>\u0141ubudubu,<\/em>\u00a0zabrak\u0142o tylko\u00a0<em>misia na miar\u0119 naszych mo\u017cliwo\u015bci,\u00a0<\/em>\u00a0podwieszonego pod gigantycznym antonowem. Wszystko wielkie, wi\u0119c wszystko pasuje: Wielki Mur, Wielki Samolot, Wielki Mi\u015b, Wielki Cyrk \u2013\u00a0<em>Nowa Normalno\u015b\u0107 (megaloma\u0144ski Plan Dudy i Morawieckiego) <\/em>od Mierzei Wi\u015blanej a\u017c po CPK. Stanis\u0142aw Bareja w grobie si\u0119 przewraca, bynajmniej nie ze strachu, ale ze \u015bmiechu i rozpaczy.<\/p>\n<p>Niespodziewana rezygnacja najwa\u017cniejszych genera\u0142\u00f3w polskiej armii tu\u017c przed wyborami nie daje jednak powod\u00f3w do rado\u015bci. W\u0142a\u015bciwie to by\u0107 mo\u017ce by\u0142oby to nawet \u015bmieszne, gdyby nie by\u0142o straszne. Tymczasem partia rz\u0105dz\u0105ca milczy, udaj\u0105c \u017ce nie ma w tym niczego istotnego. Naprawd\u0119? Dawniej powiedzieliby\u015bmy, \u017ce pr\u00f3buj\u0105 robi\u0107 nas w bolo. Obecnie to ju\u017c nie jest <em>bolo<\/em>, ale wyrachowane <em>delulu<\/em>. Oczywi\u015bcie, \u017ce chodzi tylko o to, by utrzyma\u0107 w\u0142adz\u0119, czyli wygra\u0107 wybory, ale co b\u0119dzie je\u015bli przegraj\u0105? Strach si\u0119 ba\u0107.<\/p>\n<p>Ostatecznie okazuje si\u0119, \u017ce Wielki Strach te\u017c ma okropnie wielkie wszystko: i oczy, i uszy a nawet paszcz\u0119 Babci-Wilka z bajki o Czerwonym Kapturku. Zanim nas po\u017cre, nie dajmy si\u0119 zwariowa\u0107 &#8211; nie dajmy si\u0119 po\u017cre\u0107. W pandemii w\u0142adza najpierw zamkn\u0119\u0142a nam las, by go potem otworzy\u0107. Teraz europos\u0142anka Szyd\u0142o namawia, by <em>zamkn\u0105\u0107 oczy, zacisn\u0105\u0107 z\u0119by i g\u0142osowa\u0107 na PiS, <\/em>no bo &#8211; wiadom<em>o &#8211; bez PiSu u w\u0142adzy nie b\u0119dzie Polski! <\/em>Czy kto\u015b w to wierzy?<\/p>\n<p>Najwy\u017cszy czas, by maski wreszcie opad\u0142y, cho\u0107by po to, by lepiej <em>widzie\u0107, s\u0142ysze\u0107 i czu\u0107\u2026\u00a0<\/em>Mamy do\u015b\u0107 strachu, a ka\u017cda bajeczka \u2013 na szcz\u0119\u015bcie \u2013 ma zawsze sw\u00f3j <em>happy-end,\u00a0<\/em> czyli mora\u0142. Ta sm\u0119tna maskarada dobiegnie ko\u0144ca w najbli\u017csz\u0105 niedziel\u0119. Czary-mary, hokus-pokus&#8230; Po prostu: Id\u017acie na wybory!<\/p>\n<p style=\"text-align: center;\"><img data-recalc-dims=\"1\" loading=\"lazy\" decoding=\"async\" class=\"size-full wp-image-10584 aligncenter\" src=\"https:\/\/i0.wp.com\/notabene.world\/nb\/wp-content\/uploads\/2023\/10\/mask.jpg?resize=800%2C445&#038;ssl=1\" alt=\"\" width=\"800\" height=\"445\" srcset=\"https:\/\/i0.wp.com\/notabene.world\/nb\/wp-content\/uploads\/2023\/10\/mask.jpg?w=800&amp;ssl=1 800w, https:\/\/i0.wp.com\/notabene.world\/nb\/wp-content\/uploads\/2023\/10\/mask.jpg?resize=300%2C167&amp;ssl=1 300w, https:\/\/i0.wp.com\/notabene.world\/nb\/wp-content\/uploads\/2023\/10\/mask.jpg?resize=768%2C427&amp;ssl=1 768w\" sizes=\"auto, (max-width: 800px) 100vw, 800px\" \/><\/p>\n<p style=\"text-align: center;\"><img data-recalc-dims=\"1\" loading=\"lazy\" decoding=\"async\" class=\"aligncenter wp-image-10601 size-full\" src=\"https:\/\/i0.wp.com\/notabene.world\/nb\/wp-content\/uploads\/2023\/10\/mask2.jpg?resize=800%2C445&#038;ssl=1\" alt=\"\" width=\"800\" height=\"445\" srcset=\"https:\/\/i0.wp.com\/notabene.world\/nb\/wp-content\/uploads\/2023\/10\/mask2.jpg?w=800&amp;ssl=1 800w, https:\/\/i0.wp.com\/notabene.world\/nb\/wp-content\/uploads\/2023\/10\/mask2.jpg?resize=300%2C167&amp;ssl=1 300w, https:\/\/i0.wp.com\/notabene.world\/nb\/wp-content\/uploads\/2023\/10\/mask2.jpg?resize=768%2C427&amp;ssl=1 768w\" sizes=\"auto, (max-width: 800px) 100vw, 800px\" \/><\/p>\n<p style=\"text-align: center;\"><img data-recalc-dims=\"1\" loading=\"lazy\" decoding=\"async\" class=\"aligncenter wp-image-10545 size-full\" src=\"https:\/\/i0.wp.com\/notabene.world\/nb\/wp-content\/uploads\/2023\/10\/strach1210.jpeg?resize=800%2C445&#038;ssl=1\" alt=\"\" width=\"800\" height=\"445\" srcset=\"https:\/\/i0.wp.com\/notabene.world\/nb\/wp-content\/uploads\/2023\/10\/strach1210.jpeg?w=800&amp;ssl=1 800w, https:\/\/i0.wp.com\/notabene.world\/nb\/wp-content\/uploads\/2023\/10\/strach1210.jpeg?resize=300%2C167&amp;ssl=1 300w, https:\/\/i0.wp.com\/notabene.world\/nb\/wp-content\/uploads\/2023\/10\/strach1210.jpeg?resize=768%2C427&amp;ssl=1 768w\" sizes=\"auto, (max-width: 800px) 100vw, 800px\" \/><\/p>\n","protected":false},"excerpt":{"rendered":"<p>Trudno nie ulec wra\u017ceniu, i\u017c w przededniu najwa\u017cniejszych wybor\u00f3w parlamentarnych od 1989 roku zostajemy metodycznie poddawani socjotechnicznej manipulacji. Zamiast uspokaja\u0107 i koi\u0107 nasz\u0105 niepewno\u015b\u0107 oraz egzystencjalne rozdarcie celowo podsyca si\u0119 wok\u00f3\u0142 nas niepok\u00f3j o przysz\u0142o\u015b\u0107. Codzienny l\u0119k, jakiego do\u015bwiadczamy jest w gruncie rzeczy do\u015b\u0107 irracjonalny i cz\u0119sto wyolbrzymiony nie do ko\u0144ca przemy\u015blanymi decyzjami rz\u0105du oraz przekazem medialnym. Nie\u0142atwo jest zachowa\u0107 zimn\u0105 krew i spok\u00f3j w sytuacji nieustannie podsycanego zagro\u017cenia. Polityka strachu, jakiej do\u015bwiadczamy w ostatnich latach oddali\u0142a nas od siebie jeszcze bardziej ni\u017c kiedykolwiek. Znale\u017ali\u015bmy si\u0119 w sytuacji do\u015b\u0107 kuriozalnej, gdzie tragedia miesza si\u0119 raz po raz z komedi\u0105 i przybiera form\u0119 pompatycznej oraz pe\u0142nej absurd\u00f3w i sprzeczno\u015bci tragifarsy, kt\u00f3r\u0105 najlepiej chyba nale\u017ca\u0142oby nazwa\u0107 maskarad\u0105.\u00a0To wszystko dzieje si\u0119 naturalnie\u00a0ze strachu.<\/p>\n","protected":false},"author":1,"featured_media":10603,"comment_status":"closed","ping_status":"closed","sticky":false,"template":"","format":"standard","meta":{"colormag_page_container_layout":"no_sidebar_content_centered","colormag_page_sidebar_layout":"no_sidebar","_jetpack_memberships_contains_paid_content":false,"footnotes":"","_links_to":"","_links_to_target":""},"categories":[64,42,48],"tags":[],"class_list":["post-10540","post","type-post","status-publish","format-standard","has-post-thumbnail","hentry","category-aktualnosci","category-felietony","category-wiecej-swiatla"],"yoast_head":"<!-- This site is optimized with the Yoast SEO plugin v27.4 - https:\/\/yoast.com\/product\/yoast-seo-wordpress\/ -->\n<title>Przedwyborcza maskarada - NOTABENE.WORLD<\/title>\n<meta name=\"robots\" content=\"index, follow, max-snippet:-1, max-image-preview:large, max-video-preview:-1\" \/>\n<link rel=\"canonical\" href=\"https:\/\/notabene.world\/nb\/przedwyborcza-maskarada\/\" \/>\n<meta property=\"og:locale\" content=\"pl_PL\" \/>\n<meta property=\"og:type\" content=\"article\" \/>\n<meta property=\"og:title\" content=\"Przedwyborcza maskarada - NOTABENE.WORLD\" \/>\n<meta property=\"og:description\" content=\"Trudno nie ulec wra\u017ceniu, i\u017c w przededniu najwa\u017cniejszych wybor\u00f3w parlamentarnych od 1989 roku zostajemy metodycznie poddawani socjotechnicznej manipulacji. Zamiast uspokaja\u0107 i koi\u0107 nasz\u0105 niepewno\u015b\u0107 oraz egzystencjalne rozdarcie celowo podsyca si\u0119 wok\u00f3\u0142 nas niepok\u00f3j o przysz\u0142o\u015b\u0107. Codzienny l\u0119k, jakiego do\u015bwiadczamy jest w gruncie rzeczy do\u015b\u0107 irracjonalny i cz\u0119sto wyolbrzymiony nie do ko\u0144ca przemy\u015blanymi decyzjami rz\u0105du oraz przekazem medialnym. Nie\u0142atwo jest zachowa\u0107 zimn\u0105 krew i spok\u00f3j w sytuacji nieustannie podsycanego zagro\u017cenia. Polityka strachu, jakiej do\u015bwiadczamy w ostatnich latach oddali\u0142a nas od siebie jeszcze bardziej ni\u017c kiedykolwiek. Znale\u017ali\u015bmy si\u0119 w sytuacji do\u015b\u0107 kuriozalnej, gdzie tragedia miesza si\u0119 raz po raz z komedi\u0105 i przybiera form\u0119 pompatycznej oraz pe\u0142nej absurd\u00f3w i sprzeczno\u015bci tragifarsy, kt\u00f3r\u0105 najlepiej chyba nale\u017ca\u0142oby nazwa\u0107 maskarad\u0105.\u00a0To wszystko dzieje si\u0119 naturalnie\u00a0ze strachu.\" \/>\n<meta property=\"og:url\" content=\"https:\/\/notabene.world\/nb\/przedwyborcza-maskarada\/\" \/>\n<meta property=\"og:site_name\" content=\"NOTABENE.WORLD\" \/>\n<meta property=\"article:publisher\" content=\"https:\/\/www.facebook.com\/Notabene.World\" \/>\n<meta property=\"article:published_time\" content=\"2023-10-13T21:55:28+00:00\" \/>\n<meta property=\"article:modified_time\" content=\"2023-11-20T02:52:24+00:00\" \/>\n<meta property=\"og:image\" content=\"https:\/\/notabene.world\/nb\/wp-content\/uploads\/2023\/10\/mask4a.jpg\" \/>\n\t<meta property=\"og:image:width\" content=\"800\" \/>\n\t<meta property=\"og:image:height\" content=\"445\" \/>\n\t<meta property=\"og:image:type\" content=\"image\/jpeg\" \/>\n<meta name=\"author\" content=\"C vel K\" \/>\n<meta name=\"twitter:card\" content=\"summary_large_image\" \/>\n<meta name=\"twitter:label1\" content=\"Napisane przez\" \/>\n\t<meta name=\"twitter:data1\" content=\"C vel K\" \/>\n\t<meta name=\"twitter:label2\" content=\"Szacowany czas czytania\" \/>\n\t<meta name=\"twitter:data2\" content=\"3 minuty\" \/>\n<script type=\"application\/ld+json\" class=\"yoast-schema-graph\">{\"@context\":\"https:\\\/\\\/schema.org\",\"@graph\":[{\"@type\":\"Article\",\"@id\":\"https:\\\/\\\/notabene.world\\\/nb\\\/przedwyborcza-maskarada\\\/#article\",\"isPartOf\":{\"@id\":\"https:\\\/\\\/notabene.world\\\/nb\\\/przedwyborcza-maskarada\\\/\"},\"author\":{\"name\":\"C vel K\",\"@id\":\"https:\\\/\\\/notabene.world\\\/nb\\\/#\\\/schema\\\/person\\\/2227ed509f9261e544f6078919e1981d\"},\"headline\":\"Przedwyborcza maskarada\",\"datePublished\":\"2023-10-13T21:55:28+00:00\",\"dateModified\":\"2023-11-20T02:52:24+00:00\",\"mainEntityOfPage\":{\"@id\":\"https:\\\/\\\/notabene.world\\\/nb\\\/przedwyborcza-maskarada\\\/\"},\"wordCount\":617,\"publisher\":{\"@id\":\"https:\\\/\\\/notabene.world\\\/nb\\\/#organization\"},\"image\":{\"@id\":\"https:\\\/\\\/notabene.world\\\/nb\\\/przedwyborcza-maskarada\\\/#primaryimage\"},\"thumbnailUrl\":\"https:\\\/\\\/i0.wp.com\\\/notabene.world\\\/nb\\\/wp-content\\\/uploads\\\/2023\\\/10\\\/mask4a.jpg?fit=800%2C445&ssl=1\",\"articleSection\":[\"Aktualno\u015bci\",\"Felietony\",\"WI\u0118CEJ \u015aWIAT(\u0141)A\"],\"inLanguage\":\"pl-PL\"},{\"@type\":\"WebPage\",\"@id\":\"https:\\\/\\\/notabene.world\\\/nb\\\/przedwyborcza-maskarada\\\/\",\"url\":\"https:\\\/\\\/notabene.world\\\/nb\\\/przedwyborcza-maskarada\\\/\",\"name\":\"Przedwyborcza maskarada - NOTABENE.WORLD\",\"isPartOf\":{\"@id\":\"https:\\\/\\\/notabene.world\\\/nb\\\/#website\"},\"primaryImageOfPage\":{\"@id\":\"https:\\\/\\\/notabene.world\\\/nb\\\/przedwyborcza-maskarada\\\/#primaryimage\"},\"image\":{\"@id\":\"https:\\\/\\\/notabene.world\\\/nb\\\/przedwyborcza-maskarada\\\/#primaryimage\"},\"thumbnailUrl\":\"https:\\\/\\\/i0.wp.com\\\/notabene.world\\\/nb\\\/wp-content\\\/uploads\\\/2023\\\/10\\\/mask4a.jpg?fit=800%2C445&ssl=1\",\"datePublished\":\"2023-10-13T21:55:28+00:00\",\"dateModified\":\"2023-11-20T02:52:24+00:00\",\"breadcrumb\":{\"@id\":\"https:\\\/\\\/notabene.world\\\/nb\\\/przedwyborcza-maskarada\\\/#breadcrumb\"},\"inLanguage\":\"pl-PL\",\"potentialAction\":[{\"@type\":\"ReadAction\",\"target\":[\"https:\\\/\\\/notabene.world\\\/nb\\\/przedwyborcza-maskarada\\\/\"]}]},{\"@type\":\"ImageObject\",\"inLanguage\":\"pl-PL\",\"@id\":\"https:\\\/\\\/notabene.world\\\/nb\\\/przedwyborcza-maskarada\\\/#primaryimage\",\"url\":\"https:\\\/\\\/i0.wp.com\\\/notabene.world\\\/nb\\\/wp-content\\\/uploads\\\/2023\\\/10\\\/mask4a.jpg?fit=800%2C445&ssl=1\",\"contentUrl\":\"https:\\\/\\\/i0.wp.com\\\/notabene.world\\\/nb\\\/wp-content\\\/uploads\\\/2023\\\/10\\\/mask4a.jpg?fit=800%2C445&ssl=1\",\"width\":800,\"height\":445},{\"@type\":\"BreadcrumbList\",\"@id\":\"https:\\\/\\\/notabene.world\\\/nb\\\/przedwyborcza-maskarada\\\/#breadcrumb\",\"itemListElement\":[{\"@type\":\"ListItem\",\"position\":1,\"name\":\"Home\",\"item\":\"https:\\\/\\\/notabene.world\\\/nb\\\/\"},{\"@type\":\"ListItem\",\"position\":2,\"name\":\"Przedwyborcza maskarada\"}]},{\"@type\":\"WebSite\",\"@id\":\"https:\\\/\\\/notabene.world\\\/nb\\\/#website\",\"url\":\"https:\\\/\\\/notabene.world\\\/nb\\\/\",\"name\":\"NOTABENE.WORLD\",\"description\":\"Przekaz. Warto\u015bci. Wsp\u00f3lnota.\",\"publisher\":{\"@id\":\"https:\\\/\\\/notabene.world\\\/nb\\\/#organization\"},\"potentialAction\":[{\"@type\":\"SearchAction\",\"target\":{\"@type\":\"EntryPoint\",\"urlTemplate\":\"https:\\\/\\\/notabene.world\\\/nb\\\/?s={search_term_string}\"},\"query-input\":{\"@type\":\"PropertyValueSpecification\",\"valueRequired\":true,\"valueName\":\"search_term_string\"}}],\"inLanguage\":\"pl-PL\"},{\"@type\":\"Organization\",\"@id\":\"https:\\\/\\\/notabene.world\\\/nb\\\/#organization\",\"name\":\"NOTABENE.WORLD\",\"url\":\"https:\\\/\\\/notabene.world\\\/nb\\\/\",\"logo\":{\"@type\":\"ImageObject\",\"inLanguage\":\"pl-PL\",\"@id\":\"https:\\\/\\\/notabene.world\\\/nb\\\/#\\\/schema\\\/logo\\\/image\\\/\",\"url\":\"https:\\\/\\\/notabene.world\\\/nb\\\/wp-content\\\/uploads\\\/2022\\\/01\\\/NB-club-start-www1.jpg\",\"contentUrl\":\"https:\\\/\\\/notabene.world\\\/nb\\\/wp-content\\\/uploads\\\/2022\\\/01\\\/NB-club-start-www1.jpg\",\"width\":1000,\"height\":839,\"caption\":\"NOTABENE.WORLD\"},\"image\":{\"@id\":\"https:\\\/\\\/notabene.world\\\/nb\\\/#\\\/schema\\\/logo\\\/image\\\/\"},\"sameAs\":[\"https:\\\/\\\/www.facebook.com\\\/Notabene.World\"]},{\"@type\":\"Person\",\"@id\":\"https:\\\/\\\/notabene.world\\\/nb\\\/#\\\/schema\\\/person\\\/2227ed509f9261e544f6078919e1981d\",\"name\":\"C vel K\",\"image\":{\"@type\":\"ImageObject\",\"inLanguage\":\"pl-PL\",\"@id\":\"https:\\\/\\\/secure.gravatar.com\\\/avatar\\\/da4181237ddf77c667487dd66af5231faaf45fbcb0774d7a408f868da56bf04c?s=96&d=mm&r=g\",\"url\":\"https:\\\/\\\/secure.gravatar.com\\\/avatar\\\/da4181237ddf77c667487dd66af5231faaf45fbcb0774d7a408f868da56bf04c?s=96&d=mm&r=g\",\"contentUrl\":\"https:\\\/\\\/secure.gravatar.com\\\/avatar\\\/da4181237ddf77c667487dd66af5231faaf45fbcb0774d7a408f868da56bf04c?s=96&d=mm&r=g\",\"caption\":\"C vel K\"},\"url\":\"https:\\\/\\\/notabene.world\\\/nb\\\/author\\\/kcedro\\\/\"}]}<\/script>\n<!-- \/ Yoast SEO plugin. -->","yoast_head_json":{"title":"Przedwyborcza maskarada - NOTABENE.WORLD","robots":{"index":"index","follow":"follow","max-snippet":"max-snippet:-1","max-image-preview":"max-image-preview:large","max-video-preview":"max-video-preview:-1"},"canonical":"https:\/\/notabene.world\/nb\/przedwyborcza-maskarada\/","og_locale":"pl_PL","og_type":"article","og_title":"Przedwyborcza maskarada - NOTABENE.WORLD","og_description":"Trudno nie ulec wra\u017ceniu, i\u017c w przededniu najwa\u017cniejszych wybor\u00f3w parlamentarnych od 1989 roku zostajemy metodycznie poddawani socjotechnicznej manipulacji. Zamiast uspokaja\u0107 i koi\u0107 nasz\u0105 niepewno\u015b\u0107 oraz egzystencjalne rozdarcie celowo podsyca si\u0119 wok\u00f3\u0142 nas niepok\u00f3j o przysz\u0142o\u015b\u0107. Codzienny l\u0119k, jakiego do\u015bwiadczamy jest w gruncie rzeczy do\u015b\u0107 irracjonalny i cz\u0119sto wyolbrzymiony nie do ko\u0144ca przemy\u015blanymi decyzjami rz\u0105du oraz przekazem medialnym. Nie\u0142atwo jest zachowa\u0107 zimn\u0105 krew i spok\u00f3j w sytuacji nieustannie podsycanego zagro\u017cenia. Polityka strachu, jakiej do\u015bwiadczamy w ostatnich latach oddali\u0142a nas od siebie jeszcze bardziej ni\u017c kiedykolwiek. Znale\u017ali\u015bmy si\u0119 w sytuacji do\u015b\u0107 kuriozalnej, gdzie tragedia miesza si\u0119 raz po raz z komedi\u0105 i przybiera form\u0119 pompatycznej oraz pe\u0142nej absurd\u00f3w i sprzeczno\u015bci tragifarsy, kt\u00f3r\u0105 najlepiej chyba nale\u017ca\u0142oby nazwa\u0107 maskarad\u0105.\u00a0To wszystko dzieje si\u0119 naturalnie\u00a0ze strachu.","og_url":"https:\/\/notabene.world\/nb\/przedwyborcza-maskarada\/","og_site_name":"NOTABENE.WORLD","article_publisher":"https:\/\/www.facebook.com\/Notabene.World","article_published_time":"2023-10-13T21:55:28+00:00","article_modified_time":"2023-11-20T02:52:24+00:00","og_image":[{"width":800,"height":445,"url":"https:\/\/notabene.world\/nb\/wp-content\/uploads\/2023\/10\/mask4a.jpg","type":"image\/jpeg"}],"author":"C vel K","twitter_card":"summary_large_image","twitter_misc":{"Napisane przez":"C vel K","Szacowany czas czytania":"3 minuty"},"schema":{"@context":"https:\/\/schema.org","@graph":[{"@type":"Article","@id":"https:\/\/notabene.world\/nb\/przedwyborcza-maskarada\/#article","isPartOf":{"@id":"https:\/\/notabene.world\/nb\/przedwyborcza-maskarada\/"},"author":{"name":"C vel K","@id":"https:\/\/notabene.world\/nb\/#\/schema\/person\/2227ed509f9261e544f6078919e1981d"},"headline":"Przedwyborcza maskarada","datePublished":"2023-10-13T21:55:28+00:00","dateModified":"2023-11-20T02:52:24+00:00","mainEntityOfPage":{"@id":"https:\/\/notabene.world\/nb\/przedwyborcza-maskarada\/"},"wordCount":617,"publisher":{"@id":"https:\/\/notabene.world\/nb\/#organization"},"image":{"@id":"https:\/\/notabene.world\/nb\/przedwyborcza-maskarada\/#primaryimage"},"thumbnailUrl":"https:\/\/i0.wp.com\/notabene.world\/nb\/wp-content\/uploads\/2023\/10\/mask4a.jpg?fit=800%2C445&ssl=1","articleSection":["Aktualno\u015bci","Felietony","WI\u0118CEJ \u015aWIAT(\u0141)A"],"inLanguage":"pl-PL"},{"@type":"WebPage","@id":"https:\/\/notabene.world\/nb\/przedwyborcza-maskarada\/","url":"https:\/\/notabene.world\/nb\/przedwyborcza-maskarada\/","name":"Przedwyborcza maskarada - NOTABENE.WORLD","isPartOf":{"@id":"https:\/\/notabene.world\/nb\/#website"},"primaryImageOfPage":{"@id":"https:\/\/notabene.world\/nb\/przedwyborcza-maskarada\/#primaryimage"},"image":{"@id":"https:\/\/notabene.world\/nb\/przedwyborcza-maskarada\/#primaryimage"},"thumbnailUrl":"https:\/\/i0.wp.com\/notabene.world\/nb\/wp-content\/uploads\/2023\/10\/mask4a.jpg?fit=800%2C445&ssl=1","datePublished":"2023-10-13T21:55:28+00:00","dateModified":"2023-11-20T02:52:24+00:00","breadcrumb":{"@id":"https:\/\/notabene.world\/nb\/przedwyborcza-maskarada\/#breadcrumb"},"inLanguage":"pl-PL","potentialAction":[{"@type":"ReadAction","target":["https:\/\/notabene.world\/nb\/przedwyborcza-maskarada\/"]}]},{"@type":"ImageObject","inLanguage":"pl-PL","@id":"https:\/\/notabene.world\/nb\/przedwyborcza-maskarada\/#primaryimage","url":"https:\/\/i0.wp.com\/notabene.world\/nb\/wp-content\/uploads\/2023\/10\/mask4a.jpg?fit=800%2C445&ssl=1","contentUrl":"https:\/\/i0.wp.com\/notabene.world\/nb\/wp-content\/uploads\/2023\/10\/mask4a.jpg?fit=800%2C445&ssl=1","width":800,"height":445},{"@type":"BreadcrumbList","@id":"https:\/\/notabene.world\/nb\/przedwyborcza-maskarada\/#breadcrumb","itemListElement":[{"@type":"ListItem","position":1,"name":"Home","item":"https:\/\/notabene.world\/nb\/"},{"@type":"ListItem","position":2,"name":"Przedwyborcza maskarada"}]},{"@type":"WebSite","@id":"https:\/\/notabene.world\/nb\/#website","url":"https:\/\/notabene.world\/nb\/","name":"NOTABENE.WORLD","description":"Przekaz. Warto\u015bci. Wsp\u00f3lnota.","publisher":{"@id":"https:\/\/notabene.world\/nb\/#organization"},"potentialAction":[{"@type":"SearchAction","target":{"@type":"EntryPoint","urlTemplate":"https:\/\/notabene.world\/nb\/?s={search_term_string}"},"query-input":{"@type":"PropertyValueSpecification","valueRequired":true,"valueName":"search_term_string"}}],"inLanguage":"pl-PL"},{"@type":"Organization","@id":"https:\/\/notabene.world\/nb\/#organization","name":"NOTABENE.WORLD","url":"https:\/\/notabene.world\/nb\/","logo":{"@type":"ImageObject","inLanguage":"pl-PL","@id":"https:\/\/notabene.world\/nb\/#\/schema\/logo\/image\/","url":"https:\/\/notabene.world\/nb\/wp-content\/uploads\/2022\/01\/NB-club-start-www1.jpg","contentUrl":"https:\/\/notabene.world\/nb\/wp-content\/uploads\/2022\/01\/NB-club-start-www1.jpg","width":1000,"height":839,"caption":"NOTABENE.WORLD"},"image":{"@id":"https:\/\/notabene.world\/nb\/#\/schema\/logo\/image\/"},"sameAs":["https:\/\/www.facebook.com\/Notabene.World"]},{"@type":"Person","@id":"https:\/\/notabene.world\/nb\/#\/schema\/person\/2227ed509f9261e544f6078919e1981d","name":"C vel K","image":{"@type":"ImageObject","inLanguage":"pl-PL","@id":"https:\/\/secure.gravatar.com\/avatar\/da4181237ddf77c667487dd66af5231faaf45fbcb0774d7a408f868da56bf04c?s=96&d=mm&r=g","url":"https:\/\/secure.gravatar.com\/avatar\/da4181237ddf77c667487dd66af5231faaf45fbcb0774d7a408f868da56bf04c?s=96&d=mm&r=g","contentUrl":"https:\/\/secure.gravatar.com\/avatar\/da4181237ddf77c667487dd66af5231faaf45fbcb0774d7a408f868da56bf04c?s=96&d=mm&r=g","caption":"C vel K"},"url":"https:\/\/notabene.world\/nb\/author\/kcedro\/"}]}},"jetpack_featured_media_url":"https:\/\/i0.wp.com\/notabene.world\/nb\/wp-content\/uploads\/2023\/10\/mask4a.jpg?fit=800%2C445&ssl=1","jetpack_sharing_enabled":true,"jetpack_shortlink":"https:\/\/wp.me\/pdCobN-2K0","_links":{"self":[{"href":"https:\/\/notabene.world\/nb\/wp-json\/wp\/v2\/posts\/10540","targetHints":{"allow":["GET"]}}],"collection":[{"href":"https:\/\/notabene.world\/nb\/wp-json\/wp\/v2\/posts"}],"about":[{"href":"https:\/\/notabene.world\/nb\/wp-json\/wp\/v2\/types\/post"}],"author":[{"embeddable":true,"href":"https:\/\/notabene.world\/nb\/wp-json\/wp\/v2\/users\/1"}],"replies":[{"embeddable":true,"href":"https:\/\/notabene.world\/nb\/wp-json\/wp\/v2\/comments?post=10540"}],"version-history":[{"count":5,"href":"https:\/\/notabene.world\/nb\/wp-json\/wp\/v2\/posts\/10540\/revisions"}],"predecessor-version":[{"id":11239,"href":"https:\/\/notabene.world\/nb\/wp-json\/wp\/v2\/posts\/10540\/revisions\/11239"}],"wp:featuredmedia":[{"embeddable":true,"href":"https:\/\/notabene.world\/nb\/wp-json\/wp\/v2\/media\/10603"}],"wp:attachment":[{"href":"https:\/\/notabene.world\/nb\/wp-json\/wp\/v2\/media?parent=10540"}],"wp:term":[{"taxonomy":"category","embeddable":true,"href":"https:\/\/notabene.world\/nb\/wp-json\/wp\/v2\/categories?post=10540"},{"taxonomy":"post_tag","embeddable":true,"href":"https:\/\/notabene.world\/nb\/wp-json\/wp\/v2\/tags?post=10540"}],"curies":[{"name":"wp","href":"https:\/\/api.w.org\/{rel}","templated":true}]}}