{"id":10661,"date":"2023-10-20T15:20:55","date_gmt":"2023-10-20T13:20:55","guid":{"rendered":"https:\/\/notabene.world\/nb\/?p=10661"},"modified":"2023-11-20T03:50:41","modified_gmt":"2023-11-20T02:50:41","slug":"wiem-jak-kochac-czyli-instagramowy-profil-oliwi-czerniewskiej-jako-zrodlo-kultury","status":"publish","type":"post","link":"https:\/\/notabene.world\/nb\/wiem-jak-kochac-czyli-instagramowy-profil-oliwi-czerniewskiej-jako-zrodlo-kultury\/","title":{"rendered":"\u201eWiem jak kocha\u0107\u201d, czyli instagramowy profil Oliwii Czerniewskiej jako \u017ar\u00f3d\u0142o kultury"},"content":{"rendered":"<p class=\"p1\"><span class=\"s1\">Powy\u017cszy profil instagramowy niew\u0105tpliwie zwraca uwag\u0119 czytelnika. Autorka pisze w spos\u00f3b przyst\u0119pny, jej tre\u015bci nios\u0105 uniwersalne przes\u0142anie i sprawiaj\u0105, \u017ce odbiorcy, a w szczeg\u00f3lno\u015bci m\u0142ode dziewczyny i kobiety mog\u0105 si\u0119 z nimi uto\u017csami\u0107. Ponadto Oliwia traktuje odbiorc\u00f3w jak kole\u017canki i koleg\u00f3w, prowadzi na swoim instastory liczne ankiety oraz odpowiada na pytania obserwator\u00f3w, przez co wchodzi z nimi w interakcje. O powy\u017cszym fakcie \u015bwiadczy r\u00f3wnie\u017c jej grafika profilowa, kt\u00f3rego autork\u0105 jest w\u0142a\u015bnie jedna z czytelniczek. Tre\u015bci Oliwii maj\u0105 klarowny przekaz, mimo stosowania przez autork\u0119 licznych metafor. Instagram jest \u201e\u017cywy\u201d, pod postami cz\u0119sto znajduje si\u0119 wiele pozytywnych komentarzy, a liczba polubie\u0144 tekst\u00f3w zazwyczaj nie jest mniejsza ni\u017c 1000 serduszek. Osoby, kt\u00f3re uto\u017csamiaj\u0105 si\u0119 z tekstami Oliwii cz\u0119sto udost\u0119pniaj\u0105 jej wiersze na swoich profilach, co pomaga w rozwoju Instagrama. Czarna czcionka jest czytelna i kontrastuje z bia\u0142ym t\u0142em. <\/span><span class=\"s1\">Czy tego rodzaju profil instagramowy mo\u017ce stanowi\u0107 \u017ar\u00f3d\u0142o kultury? Moim zdaniem zdecydowanie tak. Jest to idealny przyk\u0142ad na tw\u00f3rczo\u015b\u0107 naszego, m\u0142odego pokolenia, kt\u00f3rego tre\u015bci maj\u0105 trafia\u0107 do r\u00f3wie\u015bnik\u00f3w. <\/span><\/p>\n<p class=\"p1\"><img data-recalc-dims=\"1\" loading=\"lazy\" decoding=\"async\" class=\"aligncenter wp-image-10660 size-large\" src=\"https:\/\/i0.wp.com\/notabene.world\/nb\/wp-content\/uploads\/2023\/10\/IMG_6548.jpeg?resize=800%2C789&#038;ssl=1\" alt=\"\" width=\"800\" height=\"789\" srcset=\"https:\/\/i0.wp.com\/notabene.world\/nb\/wp-content\/uploads\/2023\/10\/IMG_6548.jpeg?resize=1024%2C1010&amp;ssl=1 1024w, https:\/\/i0.wp.com\/notabene.world\/nb\/wp-content\/uploads\/2023\/10\/IMG_6548.jpeg?resize=300%2C296&amp;ssl=1 300w, https:\/\/i0.wp.com\/notabene.world\/nb\/wp-content\/uploads\/2023\/10\/IMG_6548.jpeg?resize=768%2C757&amp;ssl=1 768w, https:\/\/i0.wp.com\/notabene.world\/nb\/wp-content\/uploads\/2023\/10\/IMG_6548.jpeg?w=1170&amp;ssl=1 1170w\" sizes=\"auto, (max-width: 800px) 100vw, 800px\" \/><\/p>\n","protected":false},"excerpt":{"rendered":"<p>Powy\u017cszy profil instagramowy niew\u0105tpliwie zwraca uwag\u0119 czytelnika. Autorka pisze w spos\u00f3b przyst\u0119pny, jej tre\u015bci nios\u0105 uniwersalne przes\u0142anie i sprawiaj\u0105, \u017ce odbiorcy, a w szczeg\u00f3lno\u015bci m\u0142ode dziewczyny i kobiety mog\u0105 si\u0119 z nimi uto\u017csami\u0107. Ponadto Oliwia traktuje odbiorc\u00f3w jak kole\u017canki i koleg\u00f3w, prowadzi na swoim instastory liczne ankiety oraz odpowiada na pytania obserwator\u00f3w, przez co wchodzi z nimi w interakcje. O powy\u017cszym fakcie \u015bwiadczy r\u00f3wnie\u017c jej grafika profilowa, kt\u00f3rego autork\u0105 jest w\u0142a\u015bnie jedna z czytelniczek. Tre\u015bci Oliwi maj\u0105 klarowny przekaz, mimo stosowania przez autork\u0119 licznych metafor. Instagram jest \u201e\u017cywy\u201d, pod postami cz\u0119sto znajduje si\u0119 wiele pozytywnych komentarzy, a liczba polubie\u0144 tekst\u00f3w zazwyczaj nie jest mniejsza ni\u017c 1000 serduszek.<\/p>\n","protected":false},"author":59,"featured_media":10665,"comment_status":"closed","ping_status":"closed","sticky":false,"template":"","format":"standard","meta":{"colormag_page_container_layout":"no_sidebar_content_centered","colormag_page_sidebar_layout":"no_sidebar","_jetpack_memberships_contains_paid_content":false,"footnotes":"","_links_to":"","_links_to_target":""},"categories":[228,225,41],"tags":[52,227],"class_list":["post-10661","post","type-post","status-publish","format-standard","has-post-thumbnail","hentry","category-insta-kultura","category-projekt-kulturalny","category-sztuka","tag-kultura","tag-insta-kultura"],"yoast_head":"<!-- This site is optimized with the Yoast SEO plugin v27.4 - https:\/\/yoast.com\/product\/yoast-seo-wordpress\/ -->\n<title>\u201eWiem jak kocha\u0107\u201d, czyli instagramowy profil Oliwii Czerniewskiej jako \u017ar\u00f3d\u0142o kultury - NOTABENE.WORLD<\/title>\n<meta name=\"robots\" content=\"index, follow, max-snippet:-1, max-image-preview:large, max-video-preview:-1\" \/>\n<link rel=\"canonical\" href=\"https:\/\/notabene.world\/nb\/wiem-jak-kochac-czyli-instagramowy-profil-oliwi-czerniewskiej-jako-zrodlo-kultury\/\" \/>\n<meta property=\"og:locale\" content=\"pl_PL\" \/>\n<meta property=\"og:type\" content=\"article\" \/>\n<meta property=\"og:title\" content=\"\u201eWiem jak kocha\u0107\u201d, czyli instagramowy profil Oliwii Czerniewskiej jako \u017ar\u00f3d\u0142o kultury - NOTABENE.WORLD\" \/>\n<meta property=\"og:description\" content=\"Powy\u017cszy profil instagramowy niew\u0105tpliwie zwraca uwag\u0119 czytelnika. Autorka pisze w spos\u00f3b przyst\u0119pny, jej tre\u015bci nios\u0105 uniwersalne przes\u0142anie i sprawiaj\u0105, \u017ce odbiorcy, a w szczeg\u00f3lno\u015bci m\u0142ode dziewczyny i kobiety mog\u0105 si\u0119 z nimi uto\u017csami\u0107. Ponadto Oliwia traktuje odbiorc\u00f3w jak kole\u017canki i koleg\u00f3w, prowadzi na swoim instastory liczne ankiety oraz odpowiada na pytania obserwator\u00f3w, przez co wchodzi z nimi w interakcje. O powy\u017cszym fakcie \u015bwiadczy r\u00f3wnie\u017c jej grafika profilowa, kt\u00f3rego autork\u0105 jest w\u0142a\u015bnie jedna z czytelniczek. Tre\u015bci Oliwi maj\u0105 klarowny przekaz, mimo stosowania przez autork\u0119 licznych metafor. Instagram jest \u201e\u017cywy\u201d, pod postami cz\u0119sto znajduje si\u0119 wiele pozytywnych komentarzy, a liczba polubie\u0144 tekst\u00f3w zazwyczaj nie jest mniejsza ni\u017c 1000 serduszek.\" \/>\n<meta property=\"og:url\" content=\"https:\/\/notabene.world\/nb\/wiem-jak-kochac-czyli-instagramowy-profil-oliwi-czerniewskiej-jako-zrodlo-kultury\/\" \/>\n<meta property=\"og:site_name\" content=\"NOTABENE.WORLD\" \/>\n<meta property=\"article:publisher\" content=\"https:\/\/www.facebook.com\/Notabene.World\" \/>\n<meta property=\"article:published_time\" content=\"2023-10-20T13:20:55+00:00\" \/>\n<meta property=\"article:modified_time\" content=\"2023-11-20T02:50:41+00:00\" \/>\n<meta property=\"og:image\" content=\"https:\/\/notabene.world\/nb\/wp-content\/uploads\/2023\/10\/nmk.jpg\" \/>\n\t<meta property=\"og:image:width\" content=\"800\" \/>\n\t<meta property=\"og:image:height\" content=\"445\" \/>\n\t<meta property=\"og:image:type\" content=\"image\/jpeg\" \/>\n<meta name=\"author\" content=\"Estera Terelak\" \/>\n<meta name=\"twitter:card\" content=\"summary_large_image\" \/>\n<meta name=\"twitter:label1\" content=\"Napisane przez\" \/>\n\t<meta name=\"twitter:data1\" content=\"Estera Terelak\" \/>\n\t<meta name=\"twitter:label2\" content=\"Szacowany czas czytania\" \/>\n\t<meta name=\"twitter:data2\" content=\"1 minuta\" \/>\n<script type=\"application\/ld+json\" class=\"yoast-schema-graph\">{\"@context\":\"https:\\\/\\\/schema.org\",\"@graph\":[{\"@type\":\"Article\",\"@id\":\"https:\\\/\\\/notabene.world\\\/nb\\\/wiem-jak-kochac-czyli-instagramowy-profil-oliwi-czerniewskiej-jako-zrodlo-kultury\\\/#article\",\"isPartOf\":{\"@id\":\"https:\\\/\\\/notabene.world\\\/nb\\\/wiem-jak-kochac-czyli-instagramowy-profil-oliwi-czerniewskiej-jako-zrodlo-kultury\\\/\"},\"author\":{\"name\":\"Estera Terelak\",\"@id\":\"https:\\\/\\\/notabene.world\\\/nb\\\/#\\\/schema\\\/person\\\/9eb2ecca7460e673302ab26c38face30\"},\"headline\":\"\u201eWiem jak kocha\u0107\u201d, czyli instagramowy profil Oliwii Czerniewskiej jako \u017ar\u00f3d\u0142o kultury\",\"datePublished\":\"2023-10-20T13:20:55+00:00\",\"dateModified\":\"2023-11-20T02:50:41+00:00\",\"mainEntityOfPage\":{\"@id\":\"https:\\\/\\\/notabene.world\\\/nb\\\/wiem-jak-kochac-czyli-instagramowy-profil-oliwi-czerniewskiej-jako-zrodlo-kultury\\\/\"},\"wordCount\":214,\"publisher\":{\"@id\":\"https:\\\/\\\/notabene.world\\\/nb\\\/#organization\"},\"image\":{\"@id\":\"https:\\\/\\\/notabene.world\\\/nb\\\/wiem-jak-kochac-czyli-instagramowy-profil-oliwi-czerniewskiej-jako-zrodlo-kultury\\\/#primaryimage\"},\"thumbnailUrl\":\"https:\\\/\\\/i0.wp.com\\\/notabene.world\\\/nb\\\/wp-content\\\/uploads\\\/2023\\\/10\\\/nmk.jpg?fit=800%2C445&ssl=1\",\"keywords\":[\"#kultura\",\"insta-kultura\"],\"articleSection\":[\"INSTA-KULTURA\",\"Projekt kulturalny\",\"Sztuka\"],\"inLanguage\":\"pl-PL\"},{\"@type\":\"WebPage\",\"@id\":\"https:\\\/\\\/notabene.world\\\/nb\\\/wiem-jak-kochac-czyli-instagramowy-profil-oliwi-czerniewskiej-jako-zrodlo-kultury\\\/\",\"url\":\"https:\\\/\\\/notabene.world\\\/nb\\\/wiem-jak-kochac-czyli-instagramowy-profil-oliwi-czerniewskiej-jako-zrodlo-kultury\\\/\",\"name\":\"\u201eWiem jak kocha\u0107\u201d, czyli instagramowy profil Oliwii Czerniewskiej jako \u017ar\u00f3d\u0142o kultury - NOTABENE.WORLD\",\"isPartOf\":{\"@id\":\"https:\\\/\\\/notabene.world\\\/nb\\\/#website\"},\"primaryImageOfPage\":{\"@id\":\"https:\\\/\\\/notabene.world\\\/nb\\\/wiem-jak-kochac-czyli-instagramowy-profil-oliwi-czerniewskiej-jako-zrodlo-kultury\\\/#primaryimage\"},\"image\":{\"@id\":\"https:\\\/\\\/notabene.world\\\/nb\\\/wiem-jak-kochac-czyli-instagramowy-profil-oliwi-czerniewskiej-jako-zrodlo-kultury\\\/#primaryimage\"},\"thumbnailUrl\":\"https:\\\/\\\/i0.wp.com\\\/notabene.world\\\/nb\\\/wp-content\\\/uploads\\\/2023\\\/10\\\/nmk.jpg?fit=800%2C445&ssl=1\",\"datePublished\":\"2023-10-20T13:20:55+00:00\",\"dateModified\":\"2023-11-20T02:50:41+00:00\",\"breadcrumb\":{\"@id\":\"https:\\\/\\\/notabene.world\\\/nb\\\/wiem-jak-kochac-czyli-instagramowy-profil-oliwi-czerniewskiej-jako-zrodlo-kultury\\\/#breadcrumb\"},\"inLanguage\":\"pl-PL\",\"potentialAction\":[{\"@type\":\"ReadAction\",\"target\":[\"https:\\\/\\\/notabene.world\\\/nb\\\/wiem-jak-kochac-czyli-instagramowy-profil-oliwi-czerniewskiej-jako-zrodlo-kultury\\\/\"]}]},{\"@type\":\"ImageObject\",\"inLanguage\":\"pl-PL\",\"@id\":\"https:\\\/\\\/notabene.world\\\/nb\\\/wiem-jak-kochac-czyli-instagramowy-profil-oliwi-czerniewskiej-jako-zrodlo-kultury\\\/#primaryimage\",\"url\":\"https:\\\/\\\/i0.wp.com\\\/notabene.world\\\/nb\\\/wp-content\\\/uploads\\\/2023\\\/10\\\/nmk.jpg?fit=800%2C445&ssl=1\",\"contentUrl\":\"https:\\\/\\\/i0.wp.com\\\/notabene.world\\\/nb\\\/wp-content\\\/uploads\\\/2023\\\/10\\\/nmk.jpg?fit=800%2C445&ssl=1\",\"width\":800,\"height\":445},{\"@type\":\"BreadcrumbList\",\"@id\":\"https:\\\/\\\/notabene.world\\\/nb\\\/wiem-jak-kochac-czyli-instagramowy-profil-oliwi-czerniewskiej-jako-zrodlo-kultury\\\/#breadcrumb\",\"itemListElement\":[{\"@type\":\"ListItem\",\"position\":1,\"name\":\"Home\",\"item\":\"https:\\\/\\\/notabene.world\\\/nb\\\/\"},{\"@type\":\"ListItem\",\"position\":2,\"name\":\"\u201eWiem jak kocha\u0107\u201d, czyli instagramowy profil Oliwii Czerniewskiej jako \u017ar\u00f3d\u0142o kultury\"}]},{\"@type\":\"WebSite\",\"@id\":\"https:\\\/\\\/notabene.world\\\/nb\\\/#website\",\"url\":\"https:\\\/\\\/notabene.world\\\/nb\\\/\",\"name\":\"NOTABENE.WORLD\",\"description\":\"Przekaz. Warto\u015bci. Wsp\u00f3lnota.\",\"publisher\":{\"@id\":\"https:\\\/\\\/notabene.world\\\/nb\\\/#organization\"},\"potentialAction\":[{\"@type\":\"SearchAction\",\"target\":{\"@type\":\"EntryPoint\",\"urlTemplate\":\"https:\\\/\\\/notabene.world\\\/nb\\\/?s={search_term_string}\"},\"query-input\":{\"@type\":\"PropertyValueSpecification\",\"valueRequired\":true,\"valueName\":\"search_term_string\"}}],\"inLanguage\":\"pl-PL\"},{\"@type\":\"Organization\",\"@id\":\"https:\\\/\\\/notabene.world\\\/nb\\\/#organization\",\"name\":\"NOTABENE.WORLD\",\"url\":\"https:\\\/\\\/notabene.world\\\/nb\\\/\",\"logo\":{\"@type\":\"ImageObject\",\"inLanguage\":\"pl-PL\",\"@id\":\"https:\\\/\\\/notabene.world\\\/nb\\\/#\\\/schema\\\/logo\\\/image\\\/\",\"url\":\"https:\\\/\\\/notabene.world\\\/nb\\\/wp-content\\\/uploads\\\/2022\\\/01\\\/NB-club-start-www1.jpg\",\"contentUrl\":\"https:\\\/\\\/notabene.world\\\/nb\\\/wp-content\\\/uploads\\\/2022\\\/01\\\/NB-club-start-www1.jpg\",\"width\":1000,\"height\":839,\"caption\":\"NOTABENE.WORLD\"},\"image\":{\"@id\":\"https:\\\/\\\/notabene.world\\\/nb\\\/#\\\/schema\\\/logo\\\/image\\\/\"},\"sameAs\":[\"https:\\\/\\\/www.facebook.com\\\/Notabene.World\"]},{\"@type\":\"Person\",\"@id\":\"https:\\\/\\\/notabene.world\\\/nb\\\/#\\\/schema\\\/person\\\/9eb2ecca7460e673302ab26c38face30\",\"name\":\"Estera Terelak\",\"image\":{\"@type\":\"ImageObject\",\"inLanguage\":\"pl-PL\",\"@id\":\"https:\\\/\\\/secure.gravatar.com\\\/avatar\\\/faf4079ba46a2a2ca940d37abd9aad4bea2e45c0f10b8ff018f43b3d4ff611a4?s=96&d=mm&r=g\",\"url\":\"https:\\\/\\\/secure.gravatar.com\\\/avatar\\\/faf4079ba46a2a2ca940d37abd9aad4bea2e45c0f10b8ff018f43b3d4ff611a4?s=96&d=mm&r=g\",\"contentUrl\":\"https:\\\/\\\/secure.gravatar.com\\\/avatar\\\/faf4079ba46a2a2ca940d37abd9aad4bea2e45c0f10b8ff018f43b3d4ff611a4?s=96&d=mm&r=g\",\"caption\":\"Estera Terelak\"},\"url\":\"https:\\\/\\\/notabene.world\\\/nb\\\/author\\\/es-te\\\/\"}]}<\/script>\n<!-- \/ Yoast SEO plugin. -->","yoast_head_json":{"title":"\u201eWiem jak kocha\u0107\u201d, czyli instagramowy profil Oliwii Czerniewskiej jako \u017ar\u00f3d\u0142o kultury - NOTABENE.WORLD","robots":{"index":"index","follow":"follow","max-snippet":"max-snippet:-1","max-image-preview":"max-image-preview:large","max-video-preview":"max-video-preview:-1"},"canonical":"https:\/\/notabene.world\/nb\/wiem-jak-kochac-czyli-instagramowy-profil-oliwi-czerniewskiej-jako-zrodlo-kultury\/","og_locale":"pl_PL","og_type":"article","og_title":"\u201eWiem jak kocha\u0107\u201d, czyli instagramowy profil Oliwii Czerniewskiej jako \u017ar\u00f3d\u0142o kultury - NOTABENE.WORLD","og_description":"Powy\u017cszy profil instagramowy niew\u0105tpliwie zwraca uwag\u0119 czytelnika. Autorka pisze w spos\u00f3b przyst\u0119pny, jej tre\u015bci nios\u0105 uniwersalne przes\u0142anie i sprawiaj\u0105, \u017ce odbiorcy, a w szczeg\u00f3lno\u015bci m\u0142ode dziewczyny i kobiety mog\u0105 si\u0119 z nimi uto\u017csami\u0107. Ponadto Oliwia traktuje odbiorc\u00f3w jak kole\u017canki i koleg\u00f3w, prowadzi na swoim instastory liczne ankiety oraz odpowiada na pytania obserwator\u00f3w, przez co wchodzi z nimi w interakcje. O powy\u017cszym fakcie \u015bwiadczy r\u00f3wnie\u017c jej grafika profilowa, kt\u00f3rego autork\u0105 jest w\u0142a\u015bnie jedna z czytelniczek. Tre\u015bci Oliwi maj\u0105 klarowny przekaz, mimo stosowania przez autork\u0119 licznych metafor. Instagram jest \u201e\u017cywy\u201d, pod postami cz\u0119sto znajduje si\u0119 wiele pozytywnych komentarzy, a liczba polubie\u0144 tekst\u00f3w zazwyczaj nie jest mniejsza ni\u017c 1000 serduszek.","og_url":"https:\/\/notabene.world\/nb\/wiem-jak-kochac-czyli-instagramowy-profil-oliwi-czerniewskiej-jako-zrodlo-kultury\/","og_site_name":"NOTABENE.WORLD","article_publisher":"https:\/\/www.facebook.com\/Notabene.World","article_published_time":"2023-10-20T13:20:55+00:00","article_modified_time":"2023-11-20T02:50:41+00:00","og_image":[{"width":800,"height":445,"url":"https:\/\/notabene.world\/nb\/wp-content\/uploads\/2023\/10\/nmk.jpg","type":"image\/jpeg"}],"author":"Estera Terelak","twitter_card":"summary_large_image","twitter_misc":{"Napisane przez":"Estera Terelak","Szacowany czas czytania":"1 minuta"},"schema":{"@context":"https:\/\/schema.org","@graph":[{"@type":"Article","@id":"https:\/\/notabene.world\/nb\/wiem-jak-kochac-czyli-instagramowy-profil-oliwi-czerniewskiej-jako-zrodlo-kultury\/#article","isPartOf":{"@id":"https:\/\/notabene.world\/nb\/wiem-jak-kochac-czyli-instagramowy-profil-oliwi-czerniewskiej-jako-zrodlo-kultury\/"},"author":{"name":"Estera Terelak","@id":"https:\/\/notabene.world\/nb\/#\/schema\/person\/9eb2ecca7460e673302ab26c38face30"},"headline":"\u201eWiem jak kocha\u0107\u201d, czyli instagramowy profil Oliwii Czerniewskiej jako \u017ar\u00f3d\u0142o kultury","datePublished":"2023-10-20T13:20:55+00:00","dateModified":"2023-11-20T02:50:41+00:00","mainEntityOfPage":{"@id":"https:\/\/notabene.world\/nb\/wiem-jak-kochac-czyli-instagramowy-profil-oliwi-czerniewskiej-jako-zrodlo-kultury\/"},"wordCount":214,"publisher":{"@id":"https:\/\/notabene.world\/nb\/#organization"},"image":{"@id":"https:\/\/notabene.world\/nb\/wiem-jak-kochac-czyli-instagramowy-profil-oliwi-czerniewskiej-jako-zrodlo-kultury\/#primaryimage"},"thumbnailUrl":"https:\/\/i0.wp.com\/notabene.world\/nb\/wp-content\/uploads\/2023\/10\/nmk.jpg?fit=800%2C445&ssl=1","keywords":["#kultura","insta-kultura"],"articleSection":["INSTA-KULTURA","Projekt kulturalny","Sztuka"],"inLanguage":"pl-PL"},{"@type":"WebPage","@id":"https:\/\/notabene.world\/nb\/wiem-jak-kochac-czyli-instagramowy-profil-oliwi-czerniewskiej-jako-zrodlo-kultury\/","url":"https:\/\/notabene.world\/nb\/wiem-jak-kochac-czyli-instagramowy-profil-oliwi-czerniewskiej-jako-zrodlo-kultury\/","name":"\u201eWiem jak kocha\u0107\u201d, czyli instagramowy profil Oliwii Czerniewskiej jako \u017ar\u00f3d\u0142o kultury - NOTABENE.WORLD","isPartOf":{"@id":"https:\/\/notabene.world\/nb\/#website"},"primaryImageOfPage":{"@id":"https:\/\/notabene.world\/nb\/wiem-jak-kochac-czyli-instagramowy-profil-oliwi-czerniewskiej-jako-zrodlo-kultury\/#primaryimage"},"image":{"@id":"https:\/\/notabene.world\/nb\/wiem-jak-kochac-czyli-instagramowy-profil-oliwi-czerniewskiej-jako-zrodlo-kultury\/#primaryimage"},"thumbnailUrl":"https:\/\/i0.wp.com\/notabene.world\/nb\/wp-content\/uploads\/2023\/10\/nmk.jpg?fit=800%2C445&ssl=1","datePublished":"2023-10-20T13:20:55+00:00","dateModified":"2023-11-20T02:50:41+00:00","breadcrumb":{"@id":"https:\/\/notabene.world\/nb\/wiem-jak-kochac-czyli-instagramowy-profil-oliwi-czerniewskiej-jako-zrodlo-kultury\/#breadcrumb"},"inLanguage":"pl-PL","potentialAction":[{"@type":"ReadAction","target":["https:\/\/notabene.world\/nb\/wiem-jak-kochac-czyli-instagramowy-profil-oliwi-czerniewskiej-jako-zrodlo-kultury\/"]}]},{"@type":"ImageObject","inLanguage":"pl-PL","@id":"https:\/\/notabene.world\/nb\/wiem-jak-kochac-czyli-instagramowy-profil-oliwi-czerniewskiej-jako-zrodlo-kultury\/#primaryimage","url":"https:\/\/i0.wp.com\/notabene.world\/nb\/wp-content\/uploads\/2023\/10\/nmk.jpg?fit=800%2C445&ssl=1","contentUrl":"https:\/\/i0.wp.com\/notabene.world\/nb\/wp-content\/uploads\/2023\/10\/nmk.jpg?fit=800%2C445&ssl=1","width":800,"height":445},{"@type":"BreadcrumbList","@id":"https:\/\/notabene.world\/nb\/wiem-jak-kochac-czyli-instagramowy-profil-oliwi-czerniewskiej-jako-zrodlo-kultury\/#breadcrumb","itemListElement":[{"@type":"ListItem","position":1,"name":"Home","item":"https:\/\/notabene.world\/nb\/"},{"@type":"ListItem","position":2,"name":"\u201eWiem jak kocha\u0107\u201d, czyli instagramowy profil Oliwii Czerniewskiej jako \u017ar\u00f3d\u0142o kultury"}]},{"@type":"WebSite","@id":"https:\/\/notabene.world\/nb\/#website","url":"https:\/\/notabene.world\/nb\/","name":"NOTABENE.WORLD","description":"Przekaz. Warto\u015bci. Wsp\u00f3lnota.","publisher":{"@id":"https:\/\/notabene.world\/nb\/#organization"},"potentialAction":[{"@type":"SearchAction","target":{"@type":"EntryPoint","urlTemplate":"https:\/\/notabene.world\/nb\/?s={search_term_string}"},"query-input":{"@type":"PropertyValueSpecification","valueRequired":true,"valueName":"search_term_string"}}],"inLanguage":"pl-PL"},{"@type":"Organization","@id":"https:\/\/notabene.world\/nb\/#organization","name":"NOTABENE.WORLD","url":"https:\/\/notabene.world\/nb\/","logo":{"@type":"ImageObject","inLanguage":"pl-PL","@id":"https:\/\/notabene.world\/nb\/#\/schema\/logo\/image\/","url":"https:\/\/notabene.world\/nb\/wp-content\/uploads\/2022\/01\/NB-club-start-www1.jpg","contentUrl":"https:\/\/notabene.world\/nb\/wp-content\/uploads\/2022\/01\/NB-club-start-www1.jpg","width":1000,"height":839,"caption":"NOTABENE.WORLD"},"image":{"@id":"https:\/\/notabene.world\/nb\/#\/schema\/logo\/image\/"},"sameAs":["https:\/\/www.facebook.com\/Notabene.World"]},{"@type":"Person","@id":"https:\/\/notabene.world\/nb\/#\/schema\/person\/9eb2ecca7460e673302ab26c38face30","name":"Estera Terelak","image":{"@type":"ImageObject","inLanguage":"pl-PL","@id":"https:\/\/secure.gravatar.com\/avatar\/faf4079ba46a2a2ca940d37abd9aad4bea2e45c0f10b8ff018f43b3d4ff611a4?s=96&d=mm&r=g","url":"https:\/\/secure.gravatar.com\/avatar\/faf4079ba46a2a2ca940d37abd9aad4bea2e45c0f10b8ff018f43b3d4ff611a4?s=96&d=mm&r=g","contentUrl":"https:\/\/secure.gravatar.com\/avatar\/faf4079ba46a2a2ca940d37abd9aad4bea2e45c0f10b8ff018f43b3d4ff611a4?s=96&d=mm&r=g","caption":"Estera Terelak"},"url":"https:\/\/notabene.world\/nb\/author\/es-te\/"}]}},"jetpack_featured_media_url":"https:\/\/i0.wp.com\/notabene.world\/nb\/wp-content\/uploads\/2023\/10\/nmk.jpg?fit=800%2C445&ssl=1","jetpack_sharing_enabled":true,"jetpack_shortlink":"https:\/\/wp.me\/pdCobN-2LX","_links":{"self":[{"href":"https:\/\/notabene.world\/nb\/wp-json\/wp\/v2\/posts\/10661","targetHints":{"allow":["GET"]}}],"collection":[{"href":"https:\/\/notabene.world\/nb\/wp-json\/wp\/v2\/posts"}],"about":[{"href":"https:\/\/notabene.world\/nb\/wp-json\/wp\/v2\/types\/post"}],"author":[{"embeddable":true,"href":"https:\/\/notabene.world\/nb\/wp-json\/wp\/v2\/users\/59"}],"replies":[{"embeddable":true,"href":"https:\/\/notabene.world\/nb\/wp-json\/wp\/v2\/comments?post=10661"}],"version-history":[{"count":5,"href":"https:\/\/notabene.world\/nb\/wp-json\/wp\/v2\/posts\/10661\/revisions"}],"predecessor-version":[{"id":10672,"href":"https:\/\/notabene.world\/nb\/wp-json\/wp\/v2\/posts\/10661\/revisions\/10672"}],"wp:featuredmedia":[{"embeddable":true,"href":"https:\/\/notabene.world\/nb\/wp-json\/wp\/v2\/media\/10665"}],"wp:attachment":[{"href":"https:\/\/notabene.world\/nb\/wp-json\/wp\/v2\/media?parent=10661"}],"wp:term":[{"taxonomy":"category","embeddable":true,"href":"https:\/\/notabene.world\/nb\/wp-json\/wp\/v2\/categories?post=10661"},{"taxonomy":"post_tag","embeddable":true,"href":"https:\/\/notabene.world\/nb\/wp-json\/wp\/v2\/tags?post=10661"}],"curies":[{"name":"wp","href":"https:\/\/api.w.org\/{rel}","templated":true}]}}