{"id":10675,"date":"2023-10-21T14:34:22","date_gmt":"2023-10-21T12:34:22","guid":{"rendered":"https:\/\/notabene.world\/nb\/?p=10675"},"modified":"2023-11-20T03:49:51","modified_gmt":"2023-11-20T02:49:51","slug":"mloda-polska-na-ratunek-polskiej-komedii","status":"publish","type":"post","link":"https:\/\/notabene.world\/nb\/mloda-polska-na-ratunek-polskiej-komedii\/","title":{"rendered":"M\u0142oda Polska na ratunek polskiej komedii!"},"content":{"rendered":"<h3><em>Niebezpieczni d\u017centelmeni<\/em> w polskich kinach zawitali ju\u017c 20 stycznia tego roku, jednak niedawno odwiedzili r\u00f3wnie\u017c serwis streamingowy Netflix. Pe\u0142nometra\u017cowy debiut Macieja Kawalskiego to komedia kryminalna skupiona wok\u00f3\u0142 m\u0142odopolskiego \u015brodowiska artystycznego, przebywaj\u0105cego w Zakopanem w 1914 roku.\u00a0 Czy warto po\u015bwi\u0119ci\u0107 na t\u0119 komedi\u0119 jesienny wiecz\u00f3r?<\/h3>\n<p>&nbsp;<\/p>\n<p><strong>Julia Dudek: <\/strong>Poleci\u0142am ci do obejrzenia <em>Niebezpiecznych d\u017centelmen\u00f3w<\/em>, bo wed\u0142ug mnie to chyba najlepsza polska komedia od lat. Jakie ty masz odczucia po obejrzeniu filmu?<\/p>\n<p><strong>Anna Dobrut: <\/strong>My\u015bl\u0105c o polskich komediach zawsze mam przed oczami albo sensacyjne filmy typu <em>Killer, <\/em>albo\u00a0kiepskie komedie romantyczne. Tu film bardzo pozytywnie mnie zaskoczy\u0142, a zw\u0142aszcza nawi\u0105zania do historii i literatury. Osadzenie go w realiach zabor\u00f3w r\u00f3wnie\u017c by\u0142o \u015bwietnym chwytem. Film oceniam jako bardzo dobry \u2014 zabawny, lekki i przede wszystkim b\u0142yskotliwy.<\/p>\n<p><strong>JD:<\/strong> Zdecydowanie, mocn\u0105 stron\u0105 tej produkcji jest doskona\u0142a zabawa materia\u0142em historycznym. Re\u017cyser i jednocze\u015bnie autor scenariusza, Maciej Kawalski, jakby wzi\u0105\u0142 to, co by\u0142o dane przez sam\u0105 histori\u0119, a nast\u0119pnie ulepi\u0142 z tego co\u015b \u015bwietnego, pod ka\u017cdym k\u0105tem. Trudno mi uwierzy\u0107, \u017ce to jego debiut pe\u0142nometra\u017cowy.<br \/>\nPowiedzia\u0142aby\u015b, \u017ce to pierwsza pe\u0142nometra\u017cowa produkcja tego re\u017cysera?<\/p>\n<p><strong>AD:<\/strong> Nawet nie by\u0142am tego \u015bwiadoma! My\u015bla\u0142am, \u017ce re\u017cyser musi mie\u0107 jaki\u015b dorobek, skoro stworzy\u0142 co\u015b tak przenikliwego. Po\u0142\u0105czy\u0142 popularne na pocz\u0105tku XX wieku Zakopane, gdzie dopiero rodzi\u0142a si\u0119 turystyka i mieli tam enklaw\u0119 cho\u0107by malarze, z najbardziej wp\u0142ywowymi artystami pocz\u0105tku wieku oraz postaciami zwi\u0105zanymi z polityk\u0105 \u2014 Pi\u0142sudski i Lenin. W dodatku ka\u017cda z tych postaci mia\u0142a sw\u00f3j charakterystyczny spos\u00f3b m\u00f3wienia, wygl\u0105d i zosta\u0142a fenomenalnie przedstawiona. Bardzo zaskoczy\u0142a mnie te\u017c dba\u0142o\u015b\u0107 o kostium i szczeg\u00f3\u0142y. Wszystko spina\u0142o si\u0119 w jedn\u0105 klarown\u0105 histori\u0119.<\/p>\n<p><strong>JD:<\/strong> Maciej Kawalski ma co prawda pewien dorobek, w postaci nagradzanych film\u00f3w kr\u00f3tkometra\u017cowych \u2014 np. w 2015 roku jego film <em>The Last Waltz<\/em> otrzyma\u0142 nagrod\u0119 dla najlepszego kr\u00f3tkometra\u017cowego filmu fabularnego i dla najlepszego re\u017cysera na Los Angeles Cinema Festival of Hollywood. Jednak kr\u00f3tkometra\u017cowe, a pe\u0142nometra\u017cowe produkcje to inna para kaloszy. Chocia\u017cby ze wzgl\u0119du na planowanie akcji, kt\u00f3ra powinna anga\u017cowa\u0107 widza od pocz\u0105tku do ko\u0144ca. Moim zdaniem to mu si\u0119 uda\u0142o. Niebezpieczni d\u017centelmeni nie maj\u0105 wed\u0142ug mnie moment\u00f3w, kt\u00f3re nu\u017c\u0105, czy niepotrzebnie si\u0119 d\u0142u\u017c\u0105.<br \/>\nA wed\u0142ug ciebie? Czy by\u0142y momenty, kt\u00f3re by\u015b wyci\u0119\u0142a?<\/p>\n<p><strong>AD:<\/strong> W\u0142a\u015bciwie ka\u017cdy moment ma swoj\u0105 kontynuacj\u0119 p\u00f3\u017aniej albo jest wyja\u015bnieniem historii. Mia\u0142am konsternacj\u0119, kiedy zobaczy\u0142am Lenina z jego kochank\u0105, ale w ko\u0144cu to on mia\u0142 pojawi\u0107 si\u0119 na odczycie i sprawdzi\u0107, czy rozstrzelono \u017bele\u0144skiego. Nawet zabawna scena \u201e\u0142\u00f3\u017ckowa\u201d z austriackim komendantem przykutym do pieca ma swoje szcz\u0119\u015bliwe zako\u0144czenie w postaci \u015blubu. Nie mia\u0142am takich przemy\u015ble\u0144 podczas seansu, by co\u015b uj\u0105\u0107 czy wyci\u0105\u0107.<\/p>\n<p><strong>JD:<\/strong> Mam podobne przemy\u015blenia. Tutaj wszystko gra i ma sw\u00f3j sens. Nawet ten drobny w\u0105tek austriackiego \u017candarma przykutego do pieca jest tu po co\u015b. Dope\u0142nia tej historii. Historii, kt\u00f3ra ma bardzo r\u00f3\u017cnych bohater\u00f3w.<br \/>\nJak oceniasz dobranie postaci tytu\u0142owych <em>Niebezpiecznych d\u017centelmen\u00f3w<\/em>?<\/p>\n<p><strong>AD:<\/strong> A racja \u017candarm, komendant z kolei skleja\u0142 modele. Nie jestem dobra w nazewnictwie wojskowym, wybacz. Postaci by\u0142y dobrane bardzo sp\u00f3jnie \u2014 Malinowski antrolopog, kt\u00f3ry zapewne wymy\u015bli\u0142 wypraw\u0119, Witkacy \u2014 ekscentryczny malarz, dramaturg, w ko\u0144cu kto\u015b musia\u0142 by\u0107 szalony i poci\u0105gn\u0105\u0107 akcj\u0119 z odczytem dalej, szukaj\u0105cy siebie i swojego miejsca na ziemi \u017bele\u0144ski \u2014 bohater w tarapatach no i Condrad \u2014 spokojny i stonowany, by\u0142y marynarz. Ca\u0142a \u201epaczka\u201d dope\u0142nia si\u0119, ka\u017cdy ma inne zadanie, ale i spos\u00f3b na rozwi\u0105zanie sytuacji. A co najwa\u017cniejsze wsp\u00f3\u0142graj\u0105 ze sob\u0105 tak\u017ce je\u015bli chodzi o akcj\u0119.<\/p>\n<p><strong>JD:<\/strong> Wed\u0142ug mnie dob\u00f3r postaci jest \u015bwietny. Tadeusz \u017bele\u0144ski jako osoba niepewna siebie, bez wiary w swoje umiej\u0119tno\u015bci i dodatkowo osaczona przez nieprzychylnych mu z r\u00f3\u017cnych powod\u00f3w ludzi jest przez wi\u0119kszo\u015b\u0107 filmu z Josephem Conradem, lub inaczej J\u00f3zefem Konradem Korzeniowskim. Postaci\u0105, kt\u00f3ra w filmie reprezentuje do\u015bwiadczenie, opanowanie, ale r\u00f3wnie\u017c pewno\u015b\u0107 siebie i zdecydowanie dzia\u0142anie. Natomiast Bronis\u0142aw Malinowski, osoba spokojna, cicha, nieco naiwna i dobrotliwa jest sparowany z najwi\u0119kszym wariatem i narkomanem w tym kraju, jak zosta\u0142 okre\u015blony Stanis\u0142aw Witkacy Witkiewicz. S\u0105 to kontrasty, kt\u00f3re nie tylko popycha\u0142y akcj\u0119, ale w wielu miejscach budowa\u0142y komizm sytuacyjny. Mnie \u015bwietnie si\u0119 ogl\u0105da\u0142o to jak Tomasz Kot, Andrzej Seweryn, Wojciech Mecwaldowski i Marcin Doroci\u0144ski bawi\u0105 si\u0119 kreacjami tych postaci na ekranie.<\/p>\n<p><strong>AD: <\/strong>Aktorzy byli \u015bwietnie dobrani i genialnie zagrali swoje postaci. Dodatkowo bardzo ciekawie przedstawili og\u00f3lnie historyczne postaci w ciekawy spos\u00f3b, troch\u0119 je, odczarowuj\u0105c. Szymanowski wydawa\u0142 si\u0119 zawsze wielkim wirtuozem, a w filmie z kolei pokazany jest jako typowy artysta, kt\u00f3ry w dodatku kopiuje wielkiego Chopina.<br \/>\nA co my\u015blisz o Witkacym, czy by\u0142 wystarczaj\u0105co \u201eszalony\u201d?<\/p>\n<p><strong>JD:<\/strong> Obsadzenie Marcina Doroci\u0144skiego jako Witkacego by\u0142o strza\u0142em nawet nie tyle w dziesi\u0105tk\u0119, ile w setk\u0119. By\u0142 ekspresywny, impulsywny, wywiera\u0142 wra\u017cenie i przykuwa\u0142 swoj\u0105 osob\u0105 uwag\u0119 widza. Moim zdaniem by\u0142 wystarczaj\u0105co szalony, ale i te\u017c wystarczaj\u0105co zakopia\u0144ski. Tak jak jego ojciec nosi\u0142 si\u0119 po g\u00f3ralsku, w jego domu poza widocznymi \u015bladami jego tw\u00f3rczego szale\u0144stwa wida\u0107 by\u0142o styl zakopia\u0144ski, a tak\u017ce \u015bpiewa\u0142 g\u00f3ralskie przy\u015bpiewki.<br \/>\nMy\u015blisz, \u017ce by\u0142 za ma\u0142o szalony?<\/p>\n<p><strong>AD:<\/strong> Wydaje mi si\u0119, \u017ce m\u00f3g\u0142 by\u0107 nieco bardziej szalony, znaj\u0105c Witkacego, ale i tak aktor \u015bwietnie oddal jego charakterystyk\u0119. Idealnie te\u017c odda\u0142 film ca\u0142\u0105 \u015bmietank\u0119 towarzystwa, kt\u00f3ra imprezuje i ma ekstrawagancki styl \u017cycia.<br \/>\nKt\u00f3ra posta\u0107 przypad\u0142a Ci najbardziej do gustu?<\/p>\n<p><strong>JD:<\/strong> Nie licz\u0105c czw\u00f3rki g\u0142\u00f3wnych bohater\u00f3w, kt\u00f3rzy wed\u0142ug mnie stworzyli \u015bwietne postacie, to moj\u0105 uwag\u0119 mia\u0142 Karol Szymanowski. Pianista by\u0142 widoczny zar\u00f3wno jako wielki artysta, ale r\u00f3wnie\u017c przestraszony jak i niepewny przy Witkiewiczu. Je\u015bli za\u015b chodzi o grono pozaartystyczne, to Micha\u0142 Czernecki jako J\u00f3zef Pi\u0142sudski by\u0142 \u015bwietny. Jego spos\u00f3b bycia, teksty i og\u00f3lne zachowanie mia\u0142o by\u0107 oczywistym elementem komicznym, jednak w tym wszystkim by\u0142a ta nonszalancja, pewno\u015b\u0107 siebie i przekonanie o nieomylno\u015bci, jakie \u0142\u0105cz\u0105 mi si\u0119 z postaci\u0105 historycznego J\u00f3zefa Pi\u0142sudskiego.<\/p>\n<p><strong>AD:<\/strong> Fakt, nie pojawi\u0142 si\u0119 d\u0142ugo na ekranie, ale przyku\u0142 uwag\u0119. Mnie bardzo rozbawi\u0142 z kolei komendant, kt\u00f3ry na posterunku malowa\u0142 swoje figurki. Troch\u0119 mi to przypomina\u0142o wsp\u00f3\u0142czesny 13 posterunek, na kt\u00f3rym dzia\u0142o si\u0119 wiele opr\u00f3cz pracy policji. Ka\u017cda z postaci by\u0142a odczarowana, bardziej ludzka. Je\u015bli mowa o takich bohaterach, kt\u00f3rzy zostali str\u0105ceni z piedesta\u0142u, to utkwi\u0142a mi w pami\u0119ci jeszcze Na\u0142kowska. Umizgi do \u017bele\u0144skiego aka francuski arystokrata, bardzo mnie rozbawi\u0142y i pozwoli\u0142y inaczej spojrze\u0107 na znan\u0105 pisark\u0119, kt\u00f3ra przecie\u017c w szkole ukazywa\u0142a si\u0119 nam jako ta broni\u0105ca przed demoralizacj\u0105 i st\u0105paj\u0105ca mocno po ziemi. Okazuje si\u0119 jednak, \u017ce ka\u017cdy z tych historycznych bohater\u00f3w by\u0142 przede wszystkim cz\u0142owiekiem.<\/p>\n<p><strong>JD:\u00a0<\/strong>W\u0142a\u015bnie dlatego zastanawiam si\u0119 nad jedn\u0105 rzecz\u0105. Czy t\u0105 komedi\u0105, mo\u017cna by zainteresowa\u0107 m\u0142odych literatur\u0105 i sztuk\u0105? Bo komizmu i od\u015bwie\u017cenia polskiego kina komediowego nie mo\u017cemy jej odm\u00f3wi\u0107.<\/p>\n<p><strong>AD:<\/strong> Na pewno wcze\u015bniej m\u0142odzie\u017c powinna mie\u0107 cho\u0107 troch\u0119 przybli\u017cone te postaci, cho\u0107by ich biografi\u0119 oraz rys historyczny czas\u00f3w, w jakich dzieje si\u0119 film. Bez takiego cho\u0107by wst\u0119pu trudno b\u0119dzie im zrozumie\u0107 kontekst. Je\u015bli jednak tak\u0105 wiedz\u0119 b\u0119d\u0105 mieli, to na pewno film stanie si\u0119 \u015bwietnym pretekstem do pog\u0142\u0119bienia zainteresowania M\u0142od\u0105 Polsk\u0105 albo og\u00f3lnie postaciami historycznymi. Jest \u015bwie\u017cy, zabawny i jak zauwa\u017cy\u0142a\u015b, bardzo od\u015bwie\u017ca kino polskie. Za granic\u0105 mimo wszystko cz\u0119\u015bciej \u201eodkopuj\u0105\u201d takie historyczne motywy, cho\u0107by serial <em>Enola Holmes, czyli<\/em> co by by\u0142o gdyby Sherlockiem sta\u0142a si\u0119 dorastaj\u0105ca kobieta. Dobrze by i polskie kino sz\u0142o w t\u0119 stron\u0119. W ko\u0144cu filmy historyczne dobrze wychodz\u0105 polskim tw\u00f3rcom.<\/p>\n<p><strong>JD:<\/strong> Wydaje mi si\u0119, \u017ce jednak musia\u0142oby by\u0107 to takie kino jak Niebezpieczni d\u017centelmeni. Mniej patetyczne, a bardziej ucz\u0142owieczaj\u0105ce postaci historyczne lub wr\u0119cz zmieniaj\u0105ce je w element komiczny. Polskie kino ma bowiem wiele film\u00f3w historycznych, ale w ostatnim czasie wszystkie podchodzi\u0142y do tematu z powag\u0105. Nie twierdz\u0119, \u017ce takich film\u00f3w, czy seriali nie potrzebujemy. Jednak co za du\u017co to niezdrowo.<\/p>\n<p><strong>AD:<\/strong> Chodzi\u0142o mi, by sz\u0142o w stron\u0119 w\u0142a\u015bnie lu\u017aniejszych film\u00f3w historycznych. Zagraniczne kino historyczne nie jest a\u017c tak sztywne, postaci s\u0105 ukazane bardziej &#8222;po ludzku&#8221;. Niestety w Polsce w szko\u0142ach m\u0142odzie\u017c nauczona jest bardzo klarownych ram &#8211; postaci historyczne to pomniki, a nie \u017cywi ludzie, ze swoimi bol\u0105czkami, wadami i rozterkami. Lata akademii szkolnych wpisa\u0142o w umys\u0142ach jeden wzorzec patrzenia na histori\u0119. A przecie\u017c film historyczny mo\u017ce by\u0107 w\u0142a\u015bnie komedi\u0105, sensacj\u0105, dramatem i tragikomedi\u0105 zarazem.<\/p>\n<p><strong>JD:<\/strong> I ju\u017c by\u0142y takie filmy tworzone w Polsce. Cho\u0107by Jak rozp\u0119ta\u0142em drug\u0105 wojn\u0119 \u015bwiatow\u0105 z 1969 roku. Komedia o tak powa\u017cnym temacie jak II wojna \u015bwiatowa. Na dodatek bardzo udana.<\/p>\n<p><strong>AD:<\/strong> Podobnie jak 4 pancerni i pies, ale niestety dla m\u0142odszego pokolenia s\u0105 to ju\u017c w pewnym stopniu klasyki, kt\u00f3rymi niezbyt ch\u0119tnie si\u0119 zainteresuj\u0105. Jest z kolei du\u017ce zainteresowanie kana\u0142ami na You Tube takimi jak Historia bez cenzury, albo projektem G.F Darwin. Czy uwa\u017casz, \u017ce takie filmy w stylu <em>Niebezpiecznych d\u017centelmen\u00f3w<\/em> przyjm\u0105 si\u0119 na sta\u0142e?<\/p>\n<p><strong>JD:<\/strong> Chcia\u0142abym. Chcia\u0142abym, aby polska komedia to nie by\u0142y jedynie komedie romantyczne, ale r\u00f3wnie\u017c inne podgatunki, co\u015b nowego i \u015bwie\u017cego. Mam tylko jeden warunek \u2014 istnienie pomys\u0142u. Ciekawego, kt\u00f3ry w pewien spos\u00f3b od\u015bwie\u017ca\u0142by to co, co ju\u017c znane. Polecasz obejrzenie <em>Niebezpiecznych d\u017centelmen\u00f3w<\/em>?<\/p>\n<p><strong>AD:<\/strong> Podsumowuj\u0105c moj\u0105 my\u015bl: lubi\u0119 \u015bwie\u017ce i ciekawe filmy, z odrobin\u0105 komedii i absurdu. Film by\u0142 bardzo ciekawy, zabawny i przede wszystkim \u0142adnie nakr\u0119cony. Podoba\u0142a mi si\u0119 te\u017c dynamika i szczeg\u00f3\u0142owo\u015b\u0107. Polecam film i to nie tylko osobom zainteresowanym histori\u0105 i literatur\u0105 b\u0105d\u017a sztuk\u0105.<\/p>\n<p><strong>JD:<\/strong> Zgadzam si\u0119 z Tob\u0105. <em>Niebezpieczni d\u017centelmeni<\/em> to komedia, na kt\u00f3r\u0105 warto po\u015bwi\u0119ci\u0107 czas.<\/p>\n<p>Autorka ilustacji: Julia Dudek<\/p>\n","protected":false},"excerpt":{"rendered":"<p>Niebezpieczni d\u017centelmeni w polskich kinach zawitali ju\u017c 20 stycznia tego roku, jednak niedawno odwiedzili r\u00f3wnie\u017c serwis streamingowy Netflix. Pe\u0142nometra\u017cowy debiut Macieja Kawalskiego to komedia kryminalna skupiona wok\u00f3\u0142 m\u0142odopolskiego \u015brodowiska artystycznego, przebywaj\u0105cego w Zakopanem w 1914 roku.\u00a0 Czy warto po\u015bwi\u0119ci\u0107 na t\u0119 komedi\u0119 jesienny wiecz\u00f3r?<\/p>\n<p>Nie licz\u0105c czw\u00f3rki g\u0142\u00f3wnych bohater\u00f3w, kt\u00f3rzy wed\u0142ug mnie stworzyli \u015bwietne postacie, to moj\u0105 uwag\u0119 mia\u0142 Karol Szymanowski. Pianista by\u0142 widoczny zar\u00f3wno jako wielki artysta, ale r\u00f3wnie\u017c przestraszony jak i niepewny przy Witkiewiczu. Je\u015bli za\u015b chodzi o grono pozaartystyczne, to Micha\u0142 Czernecki jako J\u00f3zef Pi\u0142sudski by\u0142 \u015bwietny. Jego spos\u00f3b bycia, teksty i og\u00f3lne zachowanie mia\u0142o by\u0107 oczywistym elementem komicznym, jednak w tym wszystkim by\u0142a ta nonszalancja, pewno\u015b\u0107 siebie i przekonanie o nieomylno\u015bci, jakie \u0142\u0105cz\u0105 mi si\u0119 z postaci\u0105 historycznego J\u00f3zefa Pi\u0142sudskiego.<\/p>\n","protected":false},"author":57,"featured_media":10722,"comment_status":"closed","ping_status":"closed","sticky":false,"template":"","format":"standard","meta":{"colormag_page_container_layout":"no_sidebar_content_centered","colormag_page_sidebar_layout":"no_sidebar","_jetpack_memberships_contains_paid_content":false,"footnotes":"","_links_to":"","_links_to_target":""},"categories":[46,225],"tags":[226,230],"class_list":["post-10675","post","type-post","status-publish","format-standard","has-post-thumbnail","hentry","category-film","category-projekt-kulturalny","tag-projekt2023","tag-wymienmysiekultura"],"yoast_head":"<!-- This site is optimized with the Yoast SEO plugin v27.4 - https:\/\/yoast.com\/product\/yoast-seo-wordpress\/ -->\n<title>M\u0142oda Polska na ratunek polskiej komedii! - NOTABENE.WORLD<\/title>\n<meta name=\"description\" content=\"Co wyjdzie z po\u0142\u0105czenia m\u0142odopolskiego \u015brodowiska artystycznego z komedi\u0105 kryminaln\u0105 w debiucie pe\u0142nometra\u017cowym? Niebezpieczni d\u017centelmeni.\" \/>\n<meta name=\"robots\" content=\"index, follow, max-snippet:-1, max-image-preview:large, max-video-preview:-1\" \/>\n<link rel=\"canonical\" href=\"https:\/\/notabene.world\/nb\/mloda-polska-na-ratunek-polskiej-komedii\/\" \/>\n<meta property=\"og:locale\" content=\"pl_PL\" \/>\n<meta property=\"og:type\" content=\"article\" \/>\n<meta property=\"og:title\" content=\"M\u0142oda Polska na ratunek polskiej komedii! - NOTABENE.WORLD\" \/>\n<meta property=\"og:description\" content=\"Co wyjdzie z po\u0142\u0105czenia m\u0142odopolskiego \u015brodowiska artystycznego z komedi\u0105 kryminaln\u0105 w debiucie pe\u0142nometra\u017cowym? Niebezpieczni d\u017centelmeni.\" \/>\n<meta property=\"og:url\" content=\"https:\/\/notabene.world\/nb\/mloda-polska-na-ratunek-polskiej-komedii\/\" \/>\n<meta property=\"og:site_name\" content=\"NOTABENE.WORLD\" \/>\n<meta property=\"article:publisher\" content=\"https:\/\/www.facebook.com\/Notabene.World\" \/>\n<meta property=\"article:published_time\" content=\"2023-10-21T12:34:22+00:00\" \/>\n<meta property=\"article:modified_time\" content=\"2023-11-20T02:49:51+00:00\" \/>\n<meta property=\"og:image\" content=\"https:\/\/notabene.world\/nb\/wp-content\/uploads\/2023\/10\/Wiesz-co-Stasiu.jpg\" \/>\n\t<meta property=\"og:image:width\" content=\"800\" \/>\n\t<meta property=\"og:image:height\" content=\"445\" \/>\n\t<meta property=\"og:image:type\" content=\"image\/jpeg\" \/>\n<meta name=\"author\" content=\"Julia Dudek &amp; Anna Dobrut\" \/>\n<meta name=\"twitter:card\" content=\"summary_large_image\" \/>\n<meta name=\"twitter:label1\" content=\"Napisane przez\" \/>\n\t<meta name=\"twitter:data1\" content=\"Julia Dudek &amp; Anna Dobrut\" \/>\n\t<meta name=\"twitter:label2\" content=\"Szacowany czas czytania\" \/>\n\t<meta name=\"twitter:data2\" content=\"9 minut\" \/>\n<script type=\"application\/ld+json\" class=\"yoast-schema-graph\">{\"@context\":\"https:\\\/\\\/schema.org\",\"@graph\":[{\"@type\":\"Article\",\"@id\":\"https:\\\/\\\/notabene.world\\\/nb\\\/mloda-polska-na-ratunek-polskiej-komedii\\\/#article\",\"isPartOf\":{\"@id\":\"https:\\\/\\\/notabene.world\\\/nb\\\/mloda-polska-na-ratunek-polskiej-komedii\\\/\"},\"author\":{\"name\":\"Julia Dudek &amp; Anna Dobrut\",\"@id\":\"https:\\\/\\\/notabene.world\\\/nb\\\/#\\\/schema\\\/person\\\/56ca209140b9ff096ee5b246726f893d\"},\"headline\":\"M\u0142oda Polska na ratunek polskiej komedii!\",\"datePublished\":\"2023-10-21T12:34:22+00:00\",\"dateModified\":\"2023-11-20T02:49:51+00:00\",\"mainEntityOfPage\":{\"@id\":\"https:\\\/\\\/notabene.world\\\/nb\\\/mloda-polska-na-ratunek-polskiej-komedii\\\/\"},\"wordCount\":1787,\"publisher\":{\"@id\":\"https:\\\/\\\/notabene.world\\\/nb\\\/#organization\"},\"image\":{\"@id\":\"https:\\\/\\\/notabene.world\\\/nb\\\/mloda-polska-na-ratunek-polskiej-komedii\\\/#primaryimage\"},\"thumbnailUrl\":\"https:\\\/\\\/i0.wp.com\\\/notabene.world\\\/nb\\\/wp-content\\\/uploads\\\/2023\\\/10\\\/Wiesz-co-Stasiu.jpg?fit=800%2C445&ssl=1\",\"keywords\":[\"#Projekt2023\",\"Wymie\u0144mySi\u0119Kultur\u0105\"],\"articleSection\":[\"Film\",\"Projekt kulturalny\"],\"inLanguage\":\"pl-PL\"},{\"@type\":\"WebPage\",\"@id\":\"https:\\\/\\\/notabene.world\\\/nb\\\/mloda-polska-na-ratunek-polskiej-komedii\\\/\",\"url\":\"https:\\\/\\\/notabene.world\\\/nb\\\/mloda-polska-na-ratunek-polskiej-komedii\\\/\",\"name\":\"M\u0142oda Polska na ratunek polskiej komedii! - NOTABENE.WORLD\",\"isPartOf\":{\"@id\":\"https:\\\/\\\/notabene.world\\\/nb\\\/#website\"},\"primaryImageOfPage\":{\"@id\":\"https:\\\/\\\/notabene.world\\\/nb\\\/mloda-polska-na-ratunek-polskiej-komedii\\\/#primaryimage\"},\"image\":{\"@id\":\"https:\\\/\\\/notabene.world\\\/nb\\\/mloda-polska-na-ratunek-polskiej-komedii\\\/#primaryimage\"},\"thumbnailUrl\":\"https:\\\/\\\/i0.wp.com\\\/notabene.world\\\/nb\\\/wp-content\\\/uploads\\\/2023\\\/10\\\/Wiesz-co-Stasiu.jpg?fit=800%2C445&ssl=1\",\"datePublished\":\"2023-10-21T12:34:22+00:00\",\"dateModified\":\"2023-11-20T02:49:51+00:00\",\"description\":\"Co wyjdzie z po\u0142\u0105czenia m\u0142odopolskiego \u015brodowiska artystycznego z komedi\u0105 kryminaln\u0105 w debiucie pe\u0142nometra\u017cowym? Niebezpieczni d\u017centelmeni.\",\"breadcrumb\":{\"@id\":\"https:\\\/\\\/notabene.world\\\/nb\\\/mloda-polska-na-ratunek-polskiej-komedii\\\/#breadcrumb\"},\"inLanguage\":\"pl-PL\",\"potentialAction\":[{\"@type\":\"ReadAction\",\"target\":[\"https:\\\/\\\/notabene.world\\\/nb\\\/mloda-polska-na-ratunek-polskiej-komedii\\\/\"]}]},{\"@type\":\"ImageObject\",\"inLanguage\":\"pl-PL\",\"@id\":\"https:\\\/\\\/notabene.world\\\/nb\\\/mloda-polska-na-ratunek-polskiej-komedii\\\/#primaryimage\",\"url\":\"https:\\\/\\\/i0.wp.com\\\/notabene.world\\\/nb\\\/wp-content\\\/uploads\\\/2023\\\/10\\\/Wiesz-co-Stasiu.jpg?fit=800%2C445&ssl=1\",\"contentUrl\":\"https:\\\/\\\/i0.wp.com\\\/notabene.world\\\/nb\\\/wp-content\\\/uploads\\\/2023\\\/10\\\/Wiesz-co-Stasiu.jpg?fit=800%2C445&ssl=1\",\"width\":800,\"height\":445},{\"@type\":\"BreadcrumbList\",\"@id\":\"https:\\\/\\\/notabene.world\\\/nb\\\/mloda-polska-na-ratunek-polskiej-komedii\\\/#breadcrumb\",\"itemListElement\":[{\"@type\":\"ListItem\",\"position\":1,\"name\":\"Home\",\"item\":\"https:\\\/\\\/notabene.world\\\/nb\\\/\"},{\"@type\":\"ListItem\",\"position\":2,\"name\":\"M\u0142oda Polska na ratunek polskiej komedii!\"}]},{\"@type\":\"WebSite\",\"@id\":\"https:\\\/\\\/notabene.world\\\/nb\\\/#website\",\"url\":\"https:\\\/\\\/notabene.world\\\/nb\\\/\",\"name\":\"NOTABENE.WORLD\",\"description\":\"Przekaz. Warto\u015bci. Wsp\u00f3lnota.\",\"publisher\":{\"@id\":\"https:\\\/\\\/notabene.world\\\/nb\\\/#organization\"},\"potentialAction\":[{\"@type\":\"SearchAction\",\"target\":{\"@type\":\"EntryPoint\",\"urlTemplate\":\"https:\\\/\\\/notabene.world\\\/nb\\\/?s={search_term_string}\"},\"query-input\":{\"@type\":\"PropertyValueSpecification\",\"valueRequired\":true,\"valueName\":\"search_term_string\"}}],\"inLanguage\":\"pl-PL\"},{\"@type\":\"Organization\",\"@id\":\"https:\\\/\\\/notabene.world\\\/nb\\\/#organization\",\"name\":\"NOTABENE.WORLD\",\"url\":\"https:\\\/\\\/notabene.world\\\/nb\\\/\",\"logo\":{\"@type\":\"ImageObject\",\"inLanguage\":\"pl-PL\",\"@id\":\"https:\\\/\\\/notabene.world\\\/nb\\\/#\\\/schema\\\/logo\\\/image\\\/\",\"url\":\"https:\\\/\\\/notabene.world\\\/nb\\\/wp-content\\\/uploads\\\/2022\\\/01\\\/NB-club-start-www1.jpg\",\"contentUrl\":\"https:\\\/\\\/notabene.world\\\/nb\\\/wp-content\\\/uploads\\\/2022\\\/01\\\/NB-club-start-www1.jpg\",\"width\":1000,\"height\":839,\"caption\":\"NOTABENE.WORLD\"},\"image\":{\"@id\":\"https:\\\/\\\/notabene.world\\\/nb\\\/#\\\/schema\\\/logo\\\/image\\\/\"},\"sameAs\":[\"https:\\\/\\\/www.facebook.com\\\/Notabene.World\"]},{\"@type\":\"Person\",\"@id\":\"https:\\\/\\\/notabene.world\\\/nb\\\/#\\\/schema\\\/person\\\/56ca209140b9ff096ee5b246726f893d\",\"name\":\"Julia Dudek &amp; Anna Dobrut\",\"image\":{\"@type\":\"ImageObject\",\"inLanguage\":\"pl-PL\",\"@id\":\"https:\\\/\\\/secure.gravatar.com\\\/avatar\\\/6a2d2ef4cda6e0eb69a12a084546fac716a30ffa40b8b402d4226e66a3069216?s=96&d=mm&r=g\",\"url\":\"https:\\\/\\\/secure.gravatar.com\\\/avatar\\\/6a2d2ef4cda6e0eb69a12a084546fac716a30ffa40b8b402d4226e66a3069216?s=96&d=mm&r=g\",\"contentUrl\":\"https:\\\/\\\/secure.gravatar.com\\\/avatar\\\/6a2d2ef4cda6e0eb69a12a084546fac716a30ffa40b8b402d4226e66a3069216?s=96&d=mm&r=g\",\"caption\":\"Julia Dudek &amp; Anna Dobrut\"},\"url\":\"https:\\\/\\\/notabene.world\\\/nb\\\/author\\\/ju-du\\\/\"}]}<\/script>\n<!-- \/ Yoast SEO plugin. -->","yoast_head_json":{"title":"M\u0142oda Polska na ratunek polskiej komedii! - NOTABENE.WORLD","description":"Co wyjdzie z po\u0142\u0105czenia m\u0142odopolskiego \u015brodowiska artystycznego z komedi\u0105 kryminaln\u0105 w debiucie pe\u0142nometra\u017cowym? Niebezpieczni d\u017centelmeni.","robots":{"index":"index","follow":"follow","max-snippet":"max-snippet:-1","max-image-preview":"max-image-preview:large","max-video-preview":"max-video-preview:-1"},"canonical":"https:\/\/notabene.world\/nb\/mloda-polska-na-ratunek-polskiej-komedii\/","og_locale":"pl_PL","og_type":"article","og_title":"M\u0142oda Polska na ratunek polskiej komedii! - NOTABENE.WORLD","og_description":"Co wyjdzie z po\u0142\u0105czenia m\u0142odopolskiego \u015brodowiska artystycznego z komedi\u0105 kryminaln\u0105 w debiucie pe\u0142nometra\u017cowym? Niebezpieczni d\u017centelmeni.","og_url":"https:\/\/notabene.world\/nb\/mloda-polska-na-ratunek-polskiej-komedii\/","og_site_name":"NOTABENE.WORLD","article_publisher":"https:\/\/www.facebook.com\/Notabene.World","article_published_time":"2023-10-21T12:34:22+00:00","article_modified_time":"2023-11-20T02:49:51+00:00","og_image":[{"width":800,"height":445,"url":"https:\/\/notabene.world\/nb\/wp-content\/uploads\/2023\/10\/Wiesz-co-Stasiu.jpg","type":"image\/jpeg"}],"author":"Julia Dudek &amp; Anna Dobrut","twitter_card":"summary_large_image","twitter_misc":{"Napisane przez":"Julia Dudek &amp; Anna Dobrut","Szacowany czas czytania":"9 minut"},"schema":{"@context":"https:\/\/schema.org","@graph":[{"@type":"Article","@id":"https:\/\/notabene.world\/nb\/mloda-polska-na-ratunek-polskiej-komedii\/#article","isPartOf":{"@id":"https:\/\/notabene.world\/nb\/mloda-polska-na-ratunek-polskiej-komedii\/"},"author":{"name":"Julia Dudek &amp; Anna Dobrut","@id":"https:\/\/notabene.world\/nb\/#\/schema\/person\/56ca209140b9ff096ee5b246726f893d"},"headline":"M\u0142oda Polska na ratunek polskiej komedii!","datePublished":"2023-10-21T12:34:22+00:00","dateModified":"2023-11-20T02:49:51+00:00","mainEntityOfPage":{"@id":"https:\/\/notabene.world\/nb\/mloda-polska-na-ratunek-polskiej-komedii\/"},"wordCount":1787,"publisher":{"@id":"https:\/\/notabene.world\/nb\/#organization"},"image":{"@id":"https:\/\/notabene.world\/nb\/mloda-polska-na-ratunek-polskiej-komedii\/#primaryimage"},"thumbnailUrl":"https:\/\/i0.wp.com\/notabene.world\/nb\/wp-content\/uploads\/2023\/10\/Wiesz-co-Stasiu.jpg?fit=800%2C445&ssl=1","keywords":["#Projekt2023","Wymie\u0144mySi\u0119Kultur\u0105"],"articleSection":["Film","Projekt kulturalny"],"inLanguage":"pl-PL"},{"@type":"WebPage","@id":"https:\/\/notabene.world\/nb\/mloda-polska-na-ratunek-polskiej-komedii\/","url":"https:\/\/notabene.world\/nb\/mloda-polska-na-ratunek-polskiej-komedii\/","name":"M\u0142oda Polska na ratunek polskiej komedii! - NOTABENE.WORLD","isPartOf":{"@id":"https:\/\/notabene.world\/nb\/#website"},"primaryImageOfPage":{"@id":"https:\/\/notabene.world\/nb\/mloda-polska-na-ratunek-polskiej-komedii\/#primaryimage"},"image":{"@id":"https:\/\/notabene.world\/nb\/mloda-polska-na-ratunek-polskiej-komedii\/#primaryimage"},"thumbnailUrl":"https:\/\/i0.wp.com\/notabene.world\/nb\/wp-content\/uploads\/2023\/10\/Wiesz-co-Stasiu.jpg?fit=800%2C445&ssl=1","datePublished":"2023-10-21T12:34:22+00:00","dateModified":"2023-11-20T02:49:51+00:00","description":"Co wyjdzie z po\u0142\u0105czenia m\u0142odopolskiego \u015brodowiska artystycznego z komedi\u0105 kryminaln\u0105 w debiucie pe\u0142nometra\u017cowym? Niebezpieczni d\u017centelmeni.","breadcrumb":{"@id":"https:\/\/notabene.world\/nb\/mloda-polska-na-ratunek-polskiej-komedii\/#breadcrumb"},"inLanguage":"pl-PL","potentialAction":[{"@type":"ReadAction","target":["https:\/\/notabene.world\/nb\/mloda-polska-na-ratunek-polskiej-komedii\/"]}]},{"@type":"ImageObject","inLanguage":"pl-PL","@id":"https:\/\/notabene.world\/nb\/mloda-polska-na-ratunek-polskiej-komedii\/#primaryimage","url":"https:\/\/i0.wp.com\/notabene.world\/nb\/wp-content\/uploads\/2023\/10\/Wiesz-co-Stasiu.jpg?fit=800%2C445&ssl=1","contentUrl":"https:\/\/i0.wp.com\/notabene.world\/nb\/wp-content\/uploads\/2023\/10\/Wiesz-co-Stasiu.jpg?fit=800%2C445&ssl=1","width":800,"height":445},{"@type":"BreadcrumbList","@id":"https:\/\/notabene.world\/nb\/mloda-polska-na-ratunek-polskiej-komedii\/#breadcrumb","itemListElement":[{"@type":"ListItem","position":1,"name":"Home","item":"https:\/\/notabene.world\/nb\/"},{"@type":"ListItem","position":2,"name":"M\u0142oda Polska na ratunek polskiej komedii!"}]},{"@type":"WebSite","@id":"https:\/\/notabene.world\/nb\/#website","url":"https:\/\/notabene.world\/nb\/","name":"NOTABENE.WORLD","description":"Przekaz. Warto\u015bci. Wsp\u00f3lnota.","publisher":{"@id":"https:\/\/notabene.world\/nb\/#organization"},"potentialAction":[{"@type":"SearchAction","target":{"@type":"EntryPoint","urlTemplate":"https:\/\/notabene.world\/nb\/?s={search_term_string}"},"query-input":{"@type":"PropertyValueSpecification","valueRequired":true,"valueName":"search_term_string"}}],"inLanguage":"pl-PL"},{"@type":"Organization","@id":"https:\/\/notabene.world\/nb\/#organization","name":"NOTABENE.WORLD","url":"https:\/\/notabene.world\/nb\/","logo":{"@type":"ImageObject","inLanguage":"pl-PL","@id":"https:\/\/notabene.world\/nb\/#\/schema\/logo\/image\/","url":"https:\/\/notabene.world\/nb\/wp-content\/uploads\/2022\/01\/NB-club-start-www1.jpg","contentUrl":"https:\/\/notabene.world\/nb\/wp-content\/uploads\/2022\/01\/NB-club-start-www1.jpg","width":1000,"height":839,"caption":"NOTABENE.WORLD"},"image":{"@id":"https:\/\/notabene.world\/nb\/#\/schema\/logo\/image\/"},"sameAs":["https:\/\/www.facebook.com\/Notabene.World"]},{"@type":"Person","@id":"https:\/\/notabene.world\/nb\/#\/schema\/person\/56ca209140b9ff096ee5b246726f893d","name":"Julia Dudek &amp; Anna Dobrut","image":{"@type":"ImageObject","inLanguage":"pl-PL","@id":"https:\/\/secure.gravatar.com\/avatar\/6a2d2ef4cda6e0eb69a12a084546fac716a30ffa40b8b402d4226e66a3069216?s=96&d=mm&r=g","url":"https:\/\/secure.gravatar.com\/avatar\/6a2d2ef4cda6e0eb69a12a084546fac716a30ffa40b8b402d4226e66a3069216?s=96&d=mm&r=g","contentUrl":"https:\/\/secure.gravatar.com\/avatar\/6a2d2ef4cda6e0eb69a12a084546fac716a30ffa40b8b402d4226e66a3069216?s=96&d=mm&r=g","caption":"Julia Dudek &amp; Anna Dobrut"},"url":"https:\/\/notabene.world\/nb\/author\/ju-du\/"}]}},"jetpack_featured_media_url":"https:\/\/i0.wp.com\/notabene.world\/nb\/wp-content\/uploads\/2023\/10\/Wiesz-co-Stasiu.jpg?fit=800%2C445&ssl=1","jetpack_sharing_enabled":true,"jetpack_shortlink":"https:\/\/wp.me\/pdCobN-2Mb","_links":{"self":[{"href":"https:\/\/notabene.world\/nb\/wp-json\/wp\/v2\/posts\/10675","targetHints":{"allow":["GET"]}}],"collection":[{"href":"https:\/\/notabene.world\/nb\/wp-json\/wp\/v2\/posts"}],"about":[{"href":"https:\/\/notabene.world\/nb\/wp-json\/wp\/v2\/types\/post"}],"author":[{"embeddable":true,"href":"https:\/\/notabene.world\/nb\/wp-json\/wp\/v2\/users\/57"}],"replies":[{"embeddable":true,"href":"https:\/\/notabene.world\/nb\/wp-json\/wp\/v2\/comments?post=10675"}],"version-history":[{"count":5,"href":"https:\/\/notabene.world\/nb\/wp-json\/wp\/v2\/posts\/10675\/revisions"}],"predecessor-version":[{"id":10839,"href":"https:\/\/notabene.world\/nb\/wp-json\/wp\/v2\/posts\/10675\/revisions\/10839"}],"wp:featuredmedia":[{"embeddable":true,"href":"https:\/\/notabene.world\/nb\/wp-json\/wp\/v2\/media\/10722"}],"wp:attachment":[{"href":"https:\/\/notabene.world\/nb\/wp-json\/wp\/v2\/media?parent=10675"}],"wp:term":[{"taxonomy":"category","embeddable":true,"href":"https:\/\/notabene.world\/nb\/wp-json\/wp\/v2\/categories?post=10675"},{"taxonomy":"post_tag","embeddable":true,"href":"https:\/\/notabene.world\/nb\/wp-json\/wp\/v2\/tags?post=10675"}],"curies":[{"name":"wp","href":"https:\/\/api.w.org\/{rel}","templated":true}]}}