{"id":10835,"date":"2023-10-27T16:10:51","date_gmt":"2023-10-27T14:10:51","guid":{"rendered":"https:\/\/notabene.world\/nb\/?p=10835"},"modified":"2023-11-20T03:48:41","modified_gmt":"2023-11-20T02:48:41","slug":"co-sie-wtedy-stalo","status":"publish","type":"post","link":"https:\/\/notabene.world\/nb\/co-sie-wtedy-stalo\/","title":{"rendered":"Co si\u0119 wtedy sta\u0142o?"},"content":{"rendered":"<h3><em>Nawiedzony dom na wzg\u00f3rzu<\/em> to produkcja Netflixa z 2018 roku. Powsta\u0142 na podstawie ksi\u0105\u017cki Shirley Jackson, pod tym samym tytu\u0142em z 1959 roku. Tw\u00f3rcy serialu zmienili jednak wiele element\u00f3w, pog\u0142\u0119biaj\u0105c histori\u0119 o rodzinny dramat Crain\u00f3w \u2014 niewyja\u015bnion\u0105 \u015bmier\u0107 Olivii Crain, \u017cony i matki. Czy przem\u00f3wi to do osoby, kt\u00f3ra nie lubi horror\u00f3w?<\/h3>\n<p><strong>Anna Dobrut: <\/strong>Wiem, \u017ce horrory to troch\u0119 nie Twoja bajka, jednak pomy\u015bla\u0142am, \u017ce Twoje spostrze\u017cenia dotycz\u0105ce serialu <em>Nawiedzony dom na wzg\u00f3rzu<\/em> b\u0119d\u0105 ciekawe z perspektywy kogo\u015b, kto takich seriali raczej nie ogl\u0105da. Jakie masz pierwsze wra\u017cenia po seansie?<\/p>\n<p><strong>Julia Dudek: <\/strong>Przyznaj\u0119, \u017ce m\u00f3j seans obejmowa\u0142 3 odcinki z 10. Jak na mnie to i tak niez\u0142y wynik, bo nie lubi\u0119 horror\u00f3w. Dlaczego? G\u0142\u00f3wnie przez p\u0142ytko\u015b\u0107 ich historii oraz fakt, \u017ce nie lubi\u0119 si\u0119 ba\u0107, bo tak, bo to horror. W przypadku tego serialu, z tego co zauwa\u017cy\u0142am, mamy g\u0142\u0119bsz\u0105 histori\u0119 z podej\u015bciem psychologicznym. Co mnie cieszy, bo nie zosta\u0142 powt\u00f3rzony stary motyw z nawiedzonym domem, w kt\u00f3rym straszy, a grupka os\u00f3b, pr\u00f3buje najpierw rozwi\u0105za\u0107 jego tajemnic\u0119, a potem ginie pr\u00f3buj\u0105c si\u0119 wydosta\u0107 z niego. Tutaj wok\u00f3\u0142 znanego i cz\u0119sto powtarzaj\u0105cego si\u0119 motywu nawiedzonego domu, zosta\u0142a zbudowana historia rodziny, kt\u00f3ra zosta\u0142a rozbita przez traumatyczne do\u015bwiadczenie \u2014 utrat\u0119 bliskiej osoby, \u017cony i matki, w niezrozumia\u0142ych okoliczno\u015bciach.<\/p>\n<p><strong>AD:\u00a0<\/strong>Zach\u0119cam do obejrzenia do ko\u0144ca ze wzgl\u0119du na ciekawe rozwini\u0119cie fabu\u0142y. Czy kreacja matki, kt\u00f3ra ginie w dziwnych okoliczno\u015bciach, spodoba\u0142a Ci si\u0119 i czy pocz\u0105tek jej historii zach\u0119ci\u0142 do dalszego ogl\u0105dania?<\/p>\n<p><strong>JD:\u00a0<\/strong>Zaczynaj\u0105c od kreacji matki, bardzo mi si\u0119 podoba spos\u00f3b, w jaki jest ona przedstawiona. Wida\u0107, \u017ce by\u0142a ona kochaj\u0105c\u0105 matk\u0105, dbaj\u0105c\u0105 o rodzin\u0119 i otaczaj\u0105c\u0105 j\u0105 niezwyk\u0142\u0105 czu\u0142o\u015bci\u0105. Chocia\u017c fakt, \u017ce do krzycz\u0105cych ze strachu dzieci, w \u015brodku nocy przychodzi tylko ojciec mnie dziwi. Rozumiem, \u017ce s\u0142ysz\u0105c krzyki Nell, jako pierwsze budzi si\u0119 pozosta\u0142e rodze\u0144stwo, to jest Luke, Stevena i Theo. Rozumiem, \u017ce rodzice mog\u0105 si\u0119 nie obudzi\u0107 \u2014 tak jak Shirley, siostra Nell, Luke&#8217;a, Stevena i Theo. Ale rodzice budz\u0105 si\u0119 i zawsze, przynajmniej w trzech pierwszych odcinkach przychodzi ojciec. Czu\u0142a i wra\u017cliwa matka raczej te\u017c powinna przybiec i sprawdzi\u0107 co si\u0119 sta\u0142o. Nawet, a chyba nawet zw\u0142aszcza je\u015bli jej c\u00f3reczka ma sta\u0142e koszmary nocne.<br \/>\nCo do tego, czy pocz\u0105tek zach\u0119ci\u0142 mnie do dalszego ogl\u0105dania&#8230; To jest kwestia trudna. Historia ma to co\u015b, jednak&#8230; Nie wiem, czy ty te\u017c tak masz, ale do niekt\u00f3rych rzeczy musz\u0119 mie\u0107 odpowiedni nastr\u00f3j. Musz\u0119 mie\u0107 ochot\u0119, na dany typ rozrywki. W tym przypadku jest podobnie. Podoba mi si\u0119 klimat i historia, jednak mam wra\u017cenie, \u017ce ten serial, abym go doko\u0144czy\u0142a, musi poczeka\u0107 na odpowiedni moment. Kiedy b\u0119d\u0119 mia\u0142a ochot\u0119 obejrze\u0107 co\u015b o mrocznym klimacie. Jednak raczej nie b\u0119d\u0119 d\u0142ugo czeka\u0107 na ten moment, bo ta historia ma co\u015b w sobie, a bohaterowie zw\u0142aszcza Theo zdoby\u0142a moj\u0105 sympati\u0119.<\/p>\n<p><strong>AD:\u00a0<\/strong>To prawda, jest niezwyk\u0142y, bo mocno psychologiczny i troch\u0119 nawet filozoficzny, a jednocze\u015bnie to konwencja horroru, wi\u0119c s\u0105 te\u017c <em>jump scare<\/em>, ale na pewno mniej, ni\u017c w tych tradycyjnych. Mnie osobi\u015bcie zafascynowa\u0142 nie jako horror sam w sobie, tylko jako film psychologiczny. Sama ogl\u0105da\u0142am go 5-6 razy, w tym raz przed nasz\u0105 dyskusj\u0105, \u017ceby by\u0107 w klimacie i temacie, ale fakt, trzeba mie\u0107 na niego ch\u0119\u0107, nastr\u00f3j i czas.<br \/>\nCo do matki, to jej postawa jest rozwini\u0119ta bardziej w kolejnych odcinkach, jednak bez spoilerowania mog\u0105 powiedzie\u0107, \u017ce by\u0142a matk\u0105 specyficzn\u0105, trzymaj\u0105c\u0105 pewien dystans, nie tak\u0105 typow\u0105, skupion\u0105 tylko na dzieciach. Mnie podoba\u0142o si\u0119, \u017ce oboje z m\u0119\u017cem wychowuj\u0105 dzieci, pokazuj\u0105 im \u015bwiat, ale i piel\u0119gnuj\u0105 w nich tak\u0105 ciekawo\u015b\u0107. Stawiaj\u0105 te\u017c na ich rozw\u00f3j. To troch\u0119 inny model rodzicielstwa, jaki znamy z wielu starszych polskich produkcji.<\/p>\n<p><strong>JD:\u00a0<\/strong>Fakt, przedstawiony zosta\u0142 bardzo ciekawy model rodzicielstwa. Ju\u017c w tych trzech odcinkach zaakcentowane jest rozwijanie w dzieciach ciekawo\u015bci, ale r\u00f3wnie\u017c tolerancji i oswajanie ich z r\u00f3\u017cnymi przejawami \u017cycia. Przyk\u0142adowo zapoznawanie z r\u00f3\u017cnymi wierzeniami, czego dowodem jest znajomo\u015b\u0107 ksi\u0105g najwi\u0119kszych wierze\u0144, takich jak Ewangelia, Koran i Talmud, czy oswajanie Shirley ze \u015bmierci\u0105 przez poch\u00f3wek kotka.<br \/>\nJe\u015bli za\u015b chodzi o konwencj\u0119, bardzo przypomina mi ona niekt\u00f3re odcinki klasyku brytyjskiego ekranu <em>Doctor Who<\/em>. Nie wiem, czy mia\u0142a\u015b okazj\u0119 pozna\u0107 ten serial. Jednak w\u015br\u00f3d wielu odcink\u00f3w, gdzie motywem przewodnim jest podr\u00f3\u017c w czasie i przestrzeni, jest kilka epizod\u00f3w, kt\u00f3re bardzo przypominaj\u0105 mi to, czym jest ten <em>Nawiedzony dom na wzg\u00f3rzu<\/em>. Przypominaj\u0105ce horror, buduj\u0105ce napi\u0119cie i sprawiaj\u0105ce, \u017ce widz boi si\u0119 niekt\u00f3rych moment\u00f3w, a jednocze\u015bnie nie boi si\u0119 przez to co widzi na ekranie. Boi si\u0119 przez klimat i czuje wag\u0119 opowie\u015bci przez jej \u0142adunek emocjonalny, przez zag\u0142\u0119bianie si\u0119 w to, co na co dzie\u0144 nie chcemy widzie\u0107 \u2014 nasz\u0105 ludzk\u0105 natur\u0119. Odnosz\u0119 wra\u017cenie, \u017ce podobnie b\u0119dzie w tyn serialu.<\/p>\n<p><strong>AD:\u00a0<\/strong>\u015amier\u0107 w og\u00f3le jest do\u015b\u0107 specyficznie pojmowana w serialu, jako przebudzenie si\u0119 albo lepszy \u015bwiat bez b\u00f3lu. Zreszt\u0105 w domu stale przebywaj\u0105 duchy przesz\u0142o\u015bci, kt\u00f3re wci\u0105\u017c w nim \u017cyj\u0105 i wcale nie chc\u0105 go opu\u015bci\u0107. Dzieci te\u017c obcuj\u0105 z duchami, wyczuwaj\u0105c ich obecno\u015b\u0107. Co prawda rodzice nie do ko\u0144ca im wierz\u0105, ale chc\u0105 jak najbardziej pom\u00f3c w dorastaniu i rozumieniu \u015bwiata.<br \/>\nTak, znam ten serial, jest zrobiony w takiej konwencji science fiction i horroru. Troch\u0119 przypomina mi <em>Z archiwum X<\/em>, ale w straszniejszej wersji. Podr\u00f3\u017c w czasie jest cz\u0119sto spotykanym motywem w filmach i ksi\u0105\u017ckach. Te\u017c komiksy na nim bazuj\u0105, bo to do\u015b\u0107 uniwersalny motyw i daje wiele do my\u015blenia. Je\u015bli czas nie istnieje, to w takim razie kiedy \u017cyjemy tu, czy w przesz\u0142o\u015bci?<br \/>\nPodobnie w\u0142a\u015bnie podzielony jest serial <em>Nawiedzony dom na wzg\u00f3rzu \u2014 <\/em>mamy\u00a0tera\u017aniejszo\u015b\u0107, ale ca\u0142y czas wracamy do zdarze\u0144 sprzed \u015bmierci matki. Pokazana jest przy okazji rodzina, dorastanie i wielka tajemnica.<br \/>\nJak oceniasz na ten moment kreacj\u0119 dzieci w tej strasznej historii? Czy pomi\u0119dzy scenami z tera\u017aniejszo\u015bci i przesz\u0142o\u015bci bardzo si\u0119 r\u00f3\u017cni\u0105 od siebie, czy wida\u0107 w nich te same osoby, mimo up\u0142ywu lat?<\/p>\n<p><strong>JD:\u00a0<\/strong>W trzech odcinkach, kt\u00f3re zobaczy\u0142am, rozwini\u0119te zosta\u0142y postaci Stevena, Shirley i Theo.<br \/>\nZaczynaj\u0105c od najstarszego Stevena, rozumiem spos\u00f3b poprowadzenia jego historii. Jako dziecko, a w\u0142a\u015bciwie m\u0142ody nastolatek, by\u0142 sceptyczny wobec istnienia duch\u00f3w. Jednak wydarzenia z nocy, kiedy umar\u0142a jego matka, popchn\u0119\u0142y go w stron\u0119 zrozumienia tego, co niezrozumia\u0142e. Troch\u0119 z tego powodu, troch\u0119 z braku pieni\u0119dzy opisa\u0142 histori\u0119 swojej rodziny, staj\u0105c si\u0119 s\u0142awnym pisarzem opowie\u015bci o duchach.<br \/>\nNast\u0119pna w kolejno\u015bci jest Shirley, kt\u00f3ra otar\u0142a si\u0119 w domu o \u015bmier\u0107, w postaci odej\u015bcia ca\u0142ego miotu znalezionych koci\u0105t. To by\u0142a jej pierwsza styczno\u015b\u0107 ze \u015bmierci\u0105, gdzie realnie zmar\u0142 kto\u015b w jej pokoju, przy jej \u0142\u00f3\u017cku. Nast\u0119pnie silne uczucia by\u0142y zwi\u0105zane ze \u015bmierci\u0105 matki i ostatnim po\u017cegnaniem jej w otwartej trumnie. Nie jest wi\u0119c dla mnie zaskoczeniem, \u017ce zosta\u0142a w\u0142a\u015bcicielk\u0105 zak\u0142adu pogrzebowego i zaj\u0119\u0142a si\u0119 \u201eopatrywaniem\u201d zmar\u0142ych, jak to nazwa\u0142a ostatnie przygotowanie zw\u0142ok.<br \/>\nCo do Theo&#8230; Jest to posta\u0107, co do kt\u00f3rej czuj\u0119 obecnie najwi\u0119ksz\u0105 sympati\u0119. Niezwykle empatyczna, zawsze staraj\u0105ca si\u0119 pom\u00f3c rodze\u0144stwu, po latach zostaje psychologiem dzieci\u0119cym. Pomaga innym dzieciom, bo jak mi si\u0119 zdaje, nie by\u0142a w stanie wtedy pom\u00f3c rodze\u0144stwu ani sobie. Zamiast rozwi\u0105za\u0107, problem zbudowa\u0142a mur, kt\u00f3ry do tej pory utrzymuje.<br \/>\nJednym s\u0142owem \u2014 rozumiem dalsze losy tej cz\u0119\u015bci rodze\u0144stwa i widz\u0119 jakie cechy ich charakteru oraz inne wydarzenia doprowadzi\u0142y ich do miejsca, w kt\u00f3rym s\u0105.<br \/>\nCo do pozosta\u0142ej dw\u00f3jki rodze\u0144stwa&#8230; Widz\u0119 pewien schemat i domy\u015blam si\u0119, \u017ce na Luke&#8217;a i Nell, bli\u017ani\u0119ta, najbardziej wp\u0142yn\u0105\u0142 dom i obcowanie z jego tajemnicami, w postaci pani z krzyw\u0105 szyj\u0105 i dziewczynk\u0105 z lasu. Cho\u0107 przyznam, \u017ce historia Luke&#8217;a ciekawi mnie bardziej.<\/p>\n<p><strong>AD:\u00a0<\/strong>Ja mia\u0142am podobne wra\u017cenia, \u017ce ka\u017cde z rodze\u0144stwa ma sw\u00f3j rys psychologiczny, rozwini\u0119ty w dalszej cz\u0119\u015bci. Serial pokazuje, jak przesz\u0142o\u015b\u0107 wp\u0142ywa na nasze \u017cycie, czasem tworz\u0105c ciekawe cechy charakteru, a czasem traumy nie do pokonania. Rodzina jednocze\u015bnie scala, ale mo\u017ce by\u0107 pe\u0142na rys, traum i powod\u00f3w, dla kt\u00f3rych rodziny nie chcemy mie\u0107.<br \/>\nKa\u017cde z rodze\u0144stwa inaczej radzi sobie z traum\u0105 \u2014 Shirley opatruje zmar\u0142ych, tak jak chcia\u0142aby opatrze\u0107 zmar\u0142\u0105 matk\u0119 i j\u0105 ochroni\u0107 przed \u015bmierci\u0105, Theo pomaga innym, wykorzystuj\u0105c sw\u00f3j dar, Steven chce ukry\u0107 z\u0142o\u015b\u0107 na ojca, a histori\u0119 \u017cycia rodziny przekuwa na sukces, bo czuje, \u017ce tylko tak poradzi sobie z traum\u0105, ale i zmieni przesz\u0142o\u015b\u0107 na co\u015b dobrego. Wszystko ma sw\u00f3j cel, ka\u017cde zdarzenie wp\u0142yn\u0119\u0142o na to, jak p\u00f3\u017aniej rozwijaj\u0105 si\u0119 postaci. Luke i Nell byli w tej historii rodze\u0144stwa najbardziej poszkodowani \u2014 za mali, aby zrozumie\u0107, co widzieli i dlaczego tak mocno dom wp\u0142yn\u0105\u0142 na ich \u017cycie.<br \/>\nCo my\u015blisz o samym domu, czy faktycznie m\u00f3g\u0142 a\u017c tak mocno wp\u0142ywa\u0107 na ca\u0142\u0105 rodzin\u0119?<\/p>\n<p><strong>JD:\u00a0<\/strong>My\u015bl\u0119, \u017ce tak. Wydaje mi si\u0119, \u017ce dom zawsze przesi\u0105ka \u017cyciem swoich domownik\u00f3w. Tak tworzy si\u0119 prawdziw\u0105 atmosfer\u0119 w domu \u2014 rodzinnym ciep\u0142em i dobrymi wspomnieniami. B\u0105d\u017a odwrotnie \u2014 atmosfer\u0119 mroku, strachu.<br \/>\nStare domy, pe\u0142ne d\u017awi\u0119k\u00f3w w postaci starych rur, czy skrzypi\u0105cych schod\u00f3w, zw\u0142aszcza dla ma\u0142ych dzieci mog\u0105 by\u0107 straszne same w sobie. Nie potrzeba ju\u017c duch\u00f3w. Jednak w tym przypadku dom nie do\u015b\u0107, \u017ce stary to skrywaj\u0105cy w sobie mrok, kt\u00f3ry dodatkowo wp\u0142ywa na dzieci.<\/p>\n<p><strong>AD:\u00a0<\/strong>Bardzo podoba\u0142o mi si\u0119 stwierdzenie, \u017ce dom jest jak cia\u0142o ludzkie \u2014 rury to \u017cy\u0142y, a \u015bciany to sk\u00f3ra. To bardzo symboliczne podej\u015bcie do budynku. Cz\u0119sto na domy patrzymy tylko z perspektywy mur\u00f3w i tynk\u00f3w, a jednak mamy sentyment do pewnych miejsc i s\u0105 domy, w kt\u00f3rych nie czujemy si\u0119 dobrze, jest w nich z\u0142a energia, wr\u0119cz mroczna. Dlatego serial \u015bwietnie reintepretuje moim zdaniem znany motyw nawiedzonego domu. To nie tylko mury, w kt\u00f3rych straszy, ale sam dom mo\u017ce sprawia\u0107, \u017ce si\u0119 boimy \u2014 \u017cyje i mo\u017ce dawa\u0107 energi\u0119 albo po\u017cera\u0107 swoich mieszka\u0144c\u00f3w.<br \/>\nSerial zadaje r\u00f3wnie\u017c wa\u017cne pytanie \u2014 czy to domy s\u0105 nawiedzone, a mo\u017ce ich mieszka\u0144cy stwarzaj\u0105 ci\u0119\u017ck\u0105 atmosfer\u0119. Czy s\u0105dzisz, \u017ce dom faktycznie m\u00f3g\u0142 by\u0107 nawiedzony, czy to wyczulenie bohater\u00f3w i ich l\u0119ki sprawi\u0142y, \u017ce sta\u0142 si\u0119 z\u0142ym miejscem?<\/p>\n<p><strong>JD: <\/strong>Po tym co obejrza\u0142am, stwierdzam, \u017ce oba. Dom z tak d\u0142ug\u0105 histori\u0105 i zasugerowanym motywem, \u017ce mo\u017ce \u017cy\u0107, niesie sw\u00f3j \u0142adunek emocjonalny, w tym l\u0119k i strach. Wyczulenie bohater\u00f3w na pewne aspekty, jak w przypadku Theo empati\u0119 i uczucia poprzez dotyk, pog\u0142\u0119bi\u0142y tylko odczuwanie tego, co siedzia\u0142o w tym domu. Kwestia zamieszania tego konkretnego domu, przez konkretne osoby da\u0142a nam taki, efekt a nie inny.<\/p>\n<p><strong>AD:\u00a0<\/strong>Nie chcia\u0142abym spoilerowa\u0107, a poruszy\u0142y\u015bmy do\u015b\u0107 sporo temat\u00f3w. Ko\u0144cz\u0105c wi\u0119c, chcia\u0142abym si\u0119 Ciebie zapyta\u0107, czy na t\u0119 chwil\u0119 poleci\u0142aby\u015b serial innym i dlaczego?<\/p>\n<p><strong>JD: <\/strong>Poleci\u0142abym ten serial osobom, kt\u00f3re lubi\u0105 mroczny klimat, chc\u0105 zag\u0142\u0119bi\u0107 si\u0119 w psychologi\u0119 bohater\u00f3w oraz chc\u0105 si\u0119 troch\u0119 ba\u0107, na przyk\u0142ad przy okazji zbli\u017caj\u0105cego si\u0119 Halloween. Na sam koniec za\u015b chcia\u0142abym doda\u0107 ciekawostk\u0119 od siebie. Znalaz\u0142am bowiem wywiad z tw\u00f3rcami serialu\u00a0 \u2014 <a class=\"x1i10hfl xjbqb8w x6umtig x1b1mbwd xaqea5y xav7gou x9f619 x1ypdohk xt0psk2 xe8uvvx xdj266r x11i5rnm xat24cr x1mh8g0r xexx8yu x4uap5 x18d9i69 xkhd6sd x16tdsg8 xggy1nq x1a2a7pz xt0b8zv x1heor9g x1bvjpef\" role=\"link\" href=\"https:\/\/www.serialowa.pl\/188236\/nawiedzony-dom-na-wzgorzu-obsada-wywiad\/\" target=\"_blank\" rel=\"nofollow noopener noreferrer\">Serialowa Nawiedzony dom na wzg\u00f3rzu &#8211; Wywiad z obsad\u0105<\/a>. Autorka zadba\u0142a by by\u0142 bez spojler\u00f3w, jednak jest to ciekawe zajrzenie w tok produkcji.<\/p>\n<p>Autorka ilustacji: Julia Dudek<\/p>\n","protected":false},"excerpt":{"rendered":"<p>Nawiedzony dom na wzg\u00f3rzu to produkcja Netflixa z 2018 roku. Powsta\u0142 na podstawie ksi\u0105\u017cki Shirley Jackson, pod tym samym tytu\u0142em z 1959 roku. Tw\u00f3rcy serialu zmienili jednak wiele element\u00f3w, pog\u0142\u0119biaj\u0105c histori\u0119 o rodzinny dramat Crain\u00f3w \u2014 niewyja\u015bnion\u0105 \u015bmier\u0107 Olivii Crain, \u017cony i matki. Czy przem\u00f3wi to do osoby, kt\u00f3ra nie lubi horror\u00f3w?<\/p>\n<p>M\u00f3j seans obejmowa\u0142 3 odcinki z 10. Jak na mnie to i tak niez\u0142y wynik, bo nie lubi\u0119 horror\u00f3w. Dlaczego? G\u0142\u00f3wnie przez p\u0142ytko\u015b\u0107 ich historii oraz fakt, \u017ce nie lubi\u0119 si\u0119 ba\u0107, bo tak, bo to horror. W przypadku tego serialu, z tego co zauwa\u017cy\u0142am, mamy g\u0142\u0119bsz\u0105 histori\u0119 z podej\u015bciem psychologicznym. Co mnie cieszy, bo nie zosta\u0142 powt\u00f3rzony stary motyw z nawiedzonym domem, w kt\u00f3rym straszy, a grupka os\u00f3b, pr\u00f3buje najpierw rozwi\u0105za\u0107 jego tajemnic\u0119, a potem ginie pr\u00f3buj\u0105c si\u0119 wydosta\u0107 z niego. Tutaj wok\u00f3\u0142 znanego i cz\u0119sto powtarzaj\u0105cego si\u0119 motywu nawiedzonego domu, zosta\u0142a zbudowana historia rodziny, kt\u00f3ra zosta\u0142a rozbita przez traumatyczne do\u015bwiadczenie \u2014 utrat\u0119 bliskiej osoby, \u017cony i matki, w niezrozumia\u0142ych okoliczno\u015bciach.<\/p>\n","protected":false},"author":57,"featured_media":10836,"comment_status":"closed","ping_status":"closed","sticky":false,"template":"","format":"standard","meta":{"colormag_page_container_layout":"no_sidebar_full_width","colormag_page_sidebar_layout":"no_sidebar","_jetpack_memberships_contains_paid_content":false,"footnotes":"","_links_to":"","_links_to_target":""},"categories":[46,225],"tags":[226,230],"class_list":["post-10835","post","type-post","status-publish","format-standard","has-post-thumbnail","hentry","category-film","category-projekt-kulturalny","tag-projekt2023","tag-wymienmysiekultura"],"yoast_head":"<!-- This site is optimized with the Yoast SEO plugin v27.4 - https:\/\/yoast.com\/product\/yoast-seo-wordpress\/ -->\n<title>Co si\u0119 wtedy sta\u0142o? - NOTABENE.WORLD<\/title>\n<meta name=\"description\" content=\"Czy \u201eNawiedzony dom na wzg\u00f3rzu\u201d przekona antyfana horror\u00f3w do tego gatunku? Czy produkcj\u0105 Netflixa warto sp\u0119dzi\u0107 d\u0142ug\u0105, mroczn\u0105 noc?\" \/>\n<meta name=\"robots\" content=\"index, follow, max-snippet:-1, max-image-preview:large, max-video-preview:-1\" \/>\n<link rel=\"canonical\" href=\"https:\/\/notabene.world\/nb\/co-sie-wtedy-stalo\/\" \/>\n<meta property=\"og:locale\" content=\"pl_PL\" \/>\n<meta property=\"og:type\" content=\"article\" \/>\n<meta property=\"og:title\" content=\"Co si\u0119 wtedy sta\u0142o? - NOTABENE.WORLD\" \/>\n<meta property=\"og:description\" content=\"Czy \u201eNawiedzony dom na wzg\u00f3rzu\u201d przekona antyfana horror\u00f3w do tego gatunku? Czy produkcj\u0105 Netflixa warto sp\u0119dzi\u0107 d\u0142ug\u0105, mroczn\u0105 noc?\" \/>\n<meta property=\"og:url\" content=\"https:\/\/notabene.world\/nb\/co-sie-wtedy-stalo\/\" \/>\n<meta property=\"og:site_name\" content=\"NOTABENE.WORLD\" \/>\n<meta property=\"article:publisher\" content=\"https:\/\/www.facebook.com\/Notabene.World\" \/>\n<meta property=\"article:published_time\" content=\"2023-10-27T14:10:51+00:00\" \/>\n<meta property=\"article:modified_time\" content=\"2023-11-20T02:48:41+00:00\" \/>\n<meta property=\"og:image\" content=\"https:\/\/notabene.world\/nb\/wp-content\/uploads\/2023\/10\/Co-sie-wtedy-stalo.png\" \/>\n\t<meta property=\"og:image:width\" content=\"800\" \/>\n\t<meta property=\"og:image:height\" content=\"445\" \/>\n\t<meta property=\"og:image:type\" content=\"image\/png\" \/>\n<meta name=\"author\" content=\"Julia Dudek &amp; Anna Dobrut\" \/>\n<meta name=\"twitter:card\" content=\"summary_large_image\" \/>\n<meta name=\"twitter:label1\" content=\"Napisane przez\" \/>\n\t<meta name=\"twitter:data1\" content=\"Julia Dudek &amp; Anna Dobrut\" \/>\n\t<meta name=\"twitter:label2\" content=\"Szacowany czas czytania\" \/>\n\t<meta name=\"twitter:data2\" content=\"10 minut\" \/>\n<script type=\"application\/ld+json\" class=\"yoast-schema-graph\">{\"@context\":\"https:\\\/\\\/schema.org\",\"@graph\":[{\"@type\":\"Article\",\"@id\":\"https:\\\/\\\/notabene.world\\\/nb\\\/co-sie-wtedy-stalo\\\/#article\",\"isPartOf\":{\"@id\":\"https:\\\/\\\/notabene.world\\\/nb\\\/co-sie-wtedy-stalo\\\/\"},\"author\":{\"name\":\"Julia Dudek &amp; Anna Dobrut\",\"@id\":\"https:\\\/\\\/notabene.world\\\/nb\\\/#\\\/schema\\\/person\\\/56ca209140b9ff096ee5b246726f893d\"},\"headline\":\"Co si\u0119 wtedy sta\u0142o?\",\"datePublished\":\"2023-10-27T14:10:51+00:00\",\"dateModified\":\"2023-11-20T02:48:41+00:00\",\"mainEntityOfPage\":{\"@id\":\"https:\\\/\\\/notabene.world\\\/nb\\\/co-sie-wtedy-stalo\\\/\"},\"wordCount\":2061,\"publisher\":{\"@id\":\"https:\\\/\\\/notabene.world\\\/nb\\\/#organization\"},\"image\":{\"@id\":\"https:\\\/\\\/notabene.world\\\/nb\\\/co-sie-wtedy-stalo\\\/#primaryimage\"},\"thumbnailUrl\":\"https:\\\/\\\/i0.wp.com\\\/notabene.world\\\/nb\\\/wp-content\\\/uploads\\\/2023\\\/10\\\/Co-sie-wtedy-stalo.png?fit=800%2C445&ssl=1\",\"keywords\":[\"#Projekt2023\",\"Wymie\u0144mySi\u0119Kultur\u0105\"],\"articleSection\":[\"Film\",\"Projekt kulturalny\"],\"inLanguage\":\"pl-PL\"},{\"@type\":\"WebPage\",\"@id\":\"https:\\\/\\\/notabene.world\\\/nb\\\/co-sie-wtedy-stalo\\\/\",\"url\":\"https:\\\/\\\/notabene.world\\\/nb\\\/co-sie-wtedy-stalo\\\/\",\"name\":\"Co si\u0119 wtedy sta\u0142o? - NOTABENE.WORLD\",\"isPartOf\":{\"@id\":\"https:\\\/\\\/notabene.world\\\/nb\\\/#website\"},\"primaryImageOfPage\":{\"@id\":\"https:\\\/\\\/notabene.world\\\/nb\\\/co-sie-wtedy-stalo\\\/#primaryimage\"},\"image\":{\"@id\":\"https:\\\/\\\/notabene.world\\\/nb\\\/co-sie-wtedy-stalo\\\/#primaryimage\"},\"thumbnailUrl\":\"https:\\\/\\\/i0.wp.com\\\/notabene.world\\\/nb\\\/wp-content\\\/uploads\\\/2023\\\/10\\\/Co-sie-wtedy-stalo.png?fit=800%2C445&ssl=1\",\"datePublished\":\"2023-10-27T14:10:51+00:00\",\"dateModified\":\"2023-11-20T02:48:41+00:00\",\"description\":\"Czy \u201eNawiedzony dom na wzg\u00f3rzu\u201d przekona antyfana horror\u00f3w do tego gatunku? Czy produkcj\u0105 Netflixa warto sp\u0119dzi\u0107 d\u0142ug\u0105, mroczn\u0105 noc?\",\"breadcrumb\":{\"@id\":\"https:\\\/\\\/notabene.world\\\/nb\\\/co-sie-wtedy-stalo\\\/#breadcrumb\"},\"inLanguage\":\"pl-PL\",\"potentialAction\":[{\"@type\":\"ReadAction\",\"target\":[\"https:\\\/\\\/notabene.world\\\/nb\\\/co-sie-wtedy-stalo\\\/\"]}]},{\"@type\":\"ImageObject\",\"inLanguage\":\"pl-PL\",\"@id\":\"https:\\\/\\\/notabene.world\\\/nb\\\/co-sie-wtedy-stalo\\\/#primaryimage\",\"url\":\"https:\\\/\\\/i0.wp.com\\\/notabene.world\\\/nb\\\/wp-content\\\/uploads\\\/2023\\\/10\\\/Co-sie-wtedy-stalo.png?fit=800%2C445&ssl=1\",\"contentUrl\":\"https:\\\/\\\/i0.wp.com\\\/notabene.world\\\/nb\\\/wp-content\\\/uploads\\\/2023\\\/10\\\/Co-sie-wtedy-stalo.png?fit=800%2C445&ssl=1\",\"width\":800,\"height\":445},{\"@type\":\"BreadcrumbList\",\"@id\":\"https:\\\/\\\/notabene.world\\\/nb\\\/co-sie-wtedy-stalo\\\/#breadcrumb\",\"itemListElement\":[{\"@type\":\"ListItem\",\"position\":1,\"name\":\"Home\",\"item\":\"https:\\\/\\\/notabene.world\\\/nb\\\/\"},{\"@type\":\"ListItem\",\"position\":2,\"name\":\"Co si\u0119 wtedy sta\u0142o?\"}]},{\"@type\":\"WebSite\",\"@id\":\"https:\\\/\\\/notabene.world\\\/nb\\\/#website\",\"url\":\"https:\\\/\\\/notabene.world\\\/nb\\\/\",\"name\":\"NOTABENE.WORLD\",\"description\":\"Przekaz. Warto\u015bci. Wsp\u00f3lnota.\",\"publisher\":{\"@id\":\"https:\\\/\\\/notabene.world\\\/nb\\\/#organization\"},\"potentialAction\":[{\"@type\":\"SearchAction\",\"target\":{\"@type\":\"EntryPoint\",\"urlTemplate\":\"https:\\\/\\\/notabene.world\\\/nb\\\/?s={search_term_string}\"},\"query-input\":{\"@type\":\"PropertyValueSpecification\",\"valueRequired\":true,\"valueName\":\"search_term_string\"}}],\"inLanguage\":\"pl-PL\"},{\"@type\":\"Organization\",\"@id\":\"https:\\\/\\\/notabene.world\\\/nb\\\/#organization\",\"name\":\"NOTABENE.WORLD\",\"url\":\"https:\\\/\\\/notabene.world\\\/nb\\\/\",\"logo\":{\"@type\":\"ImageObject\",\"inLanguage\":\"pl-PL\",\"@id\":\"https:\\\/\\\/notabene.world\\\/nb\\\/#\\\/schema\\\/logo\\\/image\\\/\",\"url\":\"https:\\\/\\\/notabene.world\\\/nb\\\/wp-content\\\/uploads\\\/2022\\\/01\\\/NB-club-start-www1.jpg\",\"contentUrl\":\"https:\\\/\\\/notabene.world\\\/nb\\\/wp-content\\\/uploads\\\/2022\\\/01\\\/NB-club-start-www1.jpg\",\"width\":1000,\"height\":839,\"caption\":\"NOTABENE.WORLD\"},\"image\":{\"@id\":\"https:\\\/\\\/notabene.world\\\/nb\\\/#\\\/schema\\\/logo\\\/image\\\/\"},\"sameAs\":[\"https:\\\/\\\/www.facebook.com\\\/Notabene.World\"]},{\"@type\":\"Person\",\"@id\":\"https:\\\/\\\/notabene.world\\\/nb\\\/#\\\/schema\\\/person\\\/56ca209140b9ff096ee5b246726f893d\",\"name\":\"Julia Dudek &amp; Anna Dobrut\",\"image\":{\"@type\":\"ImageObject\",\"inLanguage\":\"pl-PL\",\"@id\":\"https:\\\/\\\/secure.gravatar.com\\\/avatar\\\/6a2d2ef4cda6e0eb69a12a084546fac716a30ffa40b8b402d4226e66a3069216?s=96&d=mm&r=g\",\"url\":\"https:\\\/\\\/secure.gravatar.com\\\/avatar\\\/6a2d2ef4cda6e0eb69a12a084546fac716a30ffa40b8b402d4226e66a3069216?s=96&d=mm&r=g\",\"contentUrl\":\"https:\\\/\\\/secure.gravatar.com\\\/avatar\\\/6a2d2ef4cda6e0eb69a12a084546fac716a30ffa40b8b402d4226e66a3069216?s=96&d=mm&r=g\",\"caption\":\"Julia Dudek &amp; Anna Dobrut\"},\"url\":\"https:\\\/\\\/notabene.world\\\/nb\\\/author\\\/ju-du\\\/\"}]}<\/script>\n<!-- \/ Yoast SEO plugin. -->","yoast_head_json":{"title":"Co si\u0119 wtedy sta\u0142o? - NOTABENE.WORLD","description":"Czy \u201eNawiedzony dom na wzg\u00f3rzu\u201d przekona antyfana horror\u00f3w do tego gatunku? Czy produkcj\u0105 Netflixa warto sp\u0119dzi\u0107 d\u0142ug\u0105, mroczn\u0105 noc?","robots":{"index":"index","follow":"follow","max-snippet":"max-snippet:-1","max-image-preview":"max-image-preview:large","max-video-preview":"max-video-preview:-1"},"canonical":"https:\/\/notabene.world\/nb\/co-sie-wtedy-stalo\/","og_locale":"pl_PL","og_type":"article","og_title":"Co si\u0119 wtedy sta\u0142o? - NOTABENE.WORLD","og_description":"Czy \u201eNawiedzony dom na wzg\u00f3rzu\u201d przekona antyfana horror\u00f3w do tego gatunku? Czy produkcj\u0105 Netflixa warto sp\u0119dzi\u0107 d\u0142ug\u0105, mroczn\u0105 noc?","og_url":"https:\/\/notabene.world\/nb\/co-sie-wtedy-stalo\/","og_site_name":"NOTABENE.WORLD","article_publisher":"https:\/\/www.facebook.com\/Notabene.World","article_published_time":"2023-10-27T14:10:51+00:00","article_modified_time":"2023-11-20T02:48:41+00:00","og_image":[{"width":800,"height":445,"url":"https:\/\/notabene.world\/nb\/wp-content\/uploads\/2023\/10\/Co-sie-wtedy-stalo.png","type":"image\/png"}],"author":"Julia Dudek &amp; Anna Dobrut","twitter_card":"summary_large_image","twitter_misc":{"Napisane przez":"Julia Dudek &amp; Anna Dobrut","Szacowany czas czytania":"10 minut"},"schema":{"@context":"https:\/\/schema.org","@graph":[{"@type":"Article","@id":"https:\/\/notabene.world\/nb\/co-sie-wtedy-stalo\/#article","isPartOf":{"@id":"https:\/\/notabene.world\/nb\/co-sie-wtedy-stalo\/"},"author":{"name":"Julia Dudek &amp; Anna Dobrut","@id":"https:\/\/notabene.world\/nb\/#\/schema\/person\/56ca209140b9ff096ee5b246726f893d"},"headline":"Co si\u0119 wtedy sta\u0142o?","datePublished":"2023-10-27T14:10:51+00:00","dateModified":"2023-11-20T02:48:41+00:00","mainEntityOfPage":{"@id":"https:\/\/notabene.world\/nb\/co-sie-wtedy-stalo\/"},"wordCount":2061,"publisher":{"@id":"https:\/\/notabene.world\/nb\/#organization"},"image":{"@id":"https:\/\/notabene.world\/nb\/co-sie-wtedy-stalo\/#primaryimage"},"thumbnailUrl":"https:\/\/i0.wp.com\/notabene.world\/nb\/wp-content\/uploads\/2023\/10\/Co-sie-wtedy-stalo.png?fit=800%2C445&ssl=1","keywords":["#Projekt2023","Wymie\u0144mySi\u0119Kultur\u0105"],"articleSection":["Film","Projekt kulturalny"],"inLanguage":"pl-PL"},{"@type":"WebPage","@id":"https:\/\/notabene.world\/nb\/co-sie-wtedy-stalo\/","url":"https:\/\/notabene.world\/nb\/co-sie-wtedy-stalo\/","name":"Co si\u0119 wtedy sta\u0142o? - NOTABENE.WORLD","isPartOf":{"@id":"https:\/\/notabene.world\/nb\/#website"},"primaryImageOfPage":{"@id":"https:\/\/notabene.world\/nb\/co-sie-wtedy-stalo\/#primaryimage"},"image":{"@id":"https:\/\/notabene.world\/nb\/co-sie-wtedy-stalo\/#primaryimage"},"thumbnailUrl":"https:\/\/i0.wp.com\/notabene.world\/nb\/wp-content\/uploads\/2023\/10\/Co-sie-wtedy-stalo.png?fit=800%2C445&ssl=1","datePublished":"2023-10-27T14:10:51+00:00","dateModified":"2023-11-20T02:48:41+00:00","description":"Czy \u201eNawiedzony dom na wzg\u00f3rzu\u201d przekona antyfana horror\u00f3w do tego gatunku? Czy produkcj\u0105 Netflixa warto sp\u0119dzi\u0107 d\u0142ug\u0105, mroczn\u0105 noc?","breadcrumb":{"@id":"https:\/\/notabene.world\/nb\/co-sie-wtedy-stalo\/#breadcrumb"},"inLanguage":"pl-PL","potentialAction":[{"@type":"ReadAction","target":["https:\/\/notabene.world\/nb\/co-sie-wtedy-stalo\/"]}]},{"@type":"ImageObject","inLanguage":"pl-PL","@id":"https:\/\/notabene.world\/nb\/co-sie-wtedy-stalo\/#primaryimage","url":"https:\/\/i0.wp.com\/notabene.world\/nb\/wp-content\/uploads\/2023\/10\/Co-sie-wtedy-stalo.png?fit=800%2C445&ssl=1","contentUrl":"https:\/\/i0.wp.com\/notabene.world\/nb\/wp-content\/uploads\/2023\/10\/Co-sie-wtedy-stalo.png?fit=800%2C445&ssl=1","width":800,"height":445},{"@type":"BreadcrumbList","@id":"https:\/\/notabene.world\/nb\/co-sie-wtedy-stalo\/#breadcrumb","itemListElement":[{"@type":"ListItem","position":1,"name":"Home","item":"https:\/\/notabene.world\/nb\/"},{"@type":"ListItem","position":2,"name":"Co si\u0119 wtedy sta\u0142o?"}]},{"@type":"WebSite","@id":"https:\/\/notabene.world\/nb\/#website","url":"https:\/\/notabene.world\/nb\/","name":"NOTABENE.WORLD","description":"Przekaz. Warto\u015bci. Wsp\u00f3lnota.","publisher":{"@id":"https:\/\/notabene.world\/nb\/#organization"},"potentialAction":[{"@type":"SearchAction","target":{"@type":"EntryPoint","urlTemplate":"https:\/\/notabene.world\/nb\/?s={search_term_string}"},"query-input":{"@type":"PropertyValueSpecification","valueRequired":true,"valueName":"search_term_string"}}],"inLanguage":"pl-PL"},{"@type":"Organization","@id":"https:\/\/notabene.world\/nb\/#organization","name":"NOTABENE.WORLD","url":"https:\/\/notabene.world\/nb\/","logo":{"@type":"ImageObject","inLanguage":"pl-PL","@id":"https:\/\/notabene.world\/nb\/#\/schema\/logo\/image\/","url":"https:\/\/notabene.world\/nb\/wp-content\/uploads\/2022\/01\/NB-club-start-www1.jpg","contentUrl":"https:\/\/notabene.world\/nb\/wp-content\/uploads\/2022\/01\/NB-club-start-www1.jpg","width":1000,"height":839,"caption":"NOTABENE.WORLD"},"image":{"@id":"https:\/\/notabene.world\/nb\/#\/schema\/logo\/image\/"},"sameAs":["https:\/\/www.facebook.com\/Notabene.World"]},{"@type":"Person","@id":"https:\/\/notabene.world\/nb\/#\/schema\/person\/56ca209140b9ff096ee5b246726f893d","name":"Julia Dudek &amp; Anna Dobrut","image":{"@type":"ImageObject","inLanguage":"pl-PL","@id":"https:\/\/secure.gravatar.com\/avatar\/6a2d2ef4cda6e0eb69a12a084546fac716a30ffa40b8b402d4226e66a3069216?s=96&d=mm&r=g","url":"https:\/\/secure.gravatar.com\/avatar\/6a2d2ef4cda6e0eb69a12a084546fac716a30ffa40b8b402d4226e66a3069216?s=96&d=mm&r=g","contentUrl":"https:\/\/secure.gravatar.com\/avatar\/6a2d2ef4cda6e0eb69a12a084546fac716a30ffa40b8b402d4226e66a3069216?s=96&d=mm&r=g","caption":"Julia Dudek &amp; Anna Dobrut"},"url":"https:\/\/notabene.world\/nb\/author\/ju-du\/"}]}},"jetpack_featured_media_url":"https:\/\/i0.wp.com\/notabene.world\/nb\/wp-content\/uploads\/2023\/10\/Co-sie-wtedy-stalo.png?fit=800%2C445&ssl=1","jetpack_sharing_enabled":true,"jetpack_shortlink":"https:\/\/wp.me\/pdCobN-2OL","_links":{"self":[{"href":"https:\/\/notabene.world\/nb\/wp-json\/wp\/v2\/posts\/10835","targetHints":{"allow":["GET"]}}],"collection":[{"href":"https:\/\/notabene.world\/nb\/wp-json\/wp\/v2\/posts"}],"about":[{"href":"https:\/\/notabene.world\/nb\/wp-json\/wp\/v2\/types\/post"}],"author":[{"embeddable":true,"href":"https:\/\/notabene.world\/nb\/wp-json\/wp\/v2\/users\/57"}],"replies":[{"embeddable":true,"href":"https:\/\/notabene.world\/nb\/wp-json\/wp\/v2\/comments?post=10835"}],"version-history":[{"count":3,"href":"https:\/\/notabene.world\/nb\/wp-json\/wp\/v2\/posts\/10835\/revisions"}],"predecessor-version":[{"id":10842,"href":"https:\/\/notabene.world\/nb\/wp-json\/wp\/v2\/posts\/10835\/revisions\/10842"}],"wp:featuredmedia":[{"embeddable":true,"href":"https:\/\/notabene.world\/nb\/wp-json\/wp\/v2\/media\/10836"}],"wp:attachment":[{"href":"https:\/\/notabene.world\/nb\/wp-json\/wp\/v2\/media?parent=10835"}],"wp:term":[{"taxonomy":"category","embeddable":true,"href":"https:\/\/notabene.world\/nb\/wp-json\/wp\/v2\/categories?post=10835"},{"taxonomy":"post_tag","embeddable":true,"href":"https:\/\/notabene.world\/nb\/wp-json\/wp\/v2\/tags?post=10835"}],"curies":[{"name":"wp","href":"https:\/\/api.w.org\/{rel}","templated":true}]}}