{"id":10846,"date":"2023-10-27T17:30:33","date_gmt":"2023-10-27T15:30:33","guid":{"rendered":"https:\/\/notabene.world\/nb\/?p=10846"},"modified":"2023-11-20T03:48:23","modified_gmt":"2023-11-20T02:48:23","slug":"flary-czyli-poeta-o-ktorego-nikt-nie-prosil-ale-kazdy-potrzebowal","status":"publish","type":"post","link":"https:\/\/notabene.world\/nb\/flary-czyli-poeta-o-ktorego-nikt-nie-prosil-ale-kazdy-potrzebowal\/","title":{"rendered":"Flary, czyli poeta o kt\u00f3rego nikt nie prosi\u0142, ale ka\u017cdy potrzebowa\u0142"},"content":{"rendered":"<p style=\"font-weight: 400;\">Dzisiaj na sam pocz\u0105tek zadanie literackie. Poni\u017cej jest kawa\u0142ek tekstu, kt\u00f3ry chcia\u0142abym, aby zosta\u0142 przeczytany z intencj\u0105. Intencj\u0105 zak\u0142adaj\u0105c\u0105 recytowanie poezji najnowszej, buntowniczej, napisanej przez m\u0142odych ludzi. Ja sama wyobra\u017cam sobie posta\u0107 imprezowicza, hulaki, niepokornego m\u0119\u017cczyzny, kt\u00f3ry pijany jednak znajduje w sobie jakie\u015b nienazwane dot\u0105d emocje i prze\u017cycia i przelewa je na papier. I w\u0142a\u015bnie to z tego wychodzi:<\/p>\n<p style=\"font-weight: 400;\">\u015acinam przez \u017caluzje na okolic\u0119<\/p>\n<p style=\"font-weight: 400;\">Ona milczy g\u0142o\u015bniej ni\u017c krzycz\u0119<\/p>\n<p style=\"font-weight: 400;\">Chc\u0119 j\u0105 lekko musn\u0105\u0107 w policzek<\/p>\n<p style=\"font-weight: 400;\">Zostawia mnie, a obok cisz\u0119<\/p>\n<p style=\"font-weight: 400;\">S\u0142odkie \u017cycie, s\u0142ysz\u0119 bluzgi jej pod prysznicem<\/p>\n<p style=\"font-weight: 400;\">Woda p\u0142ynie jak obietnice, chmury wisz\u0105 jak szubienice<\/p>\n<p style=\"font-weight: 400;\">Siada naprzeciwko mnie, jest w\u015bciek\u0142a jak krzyk<\/p>\n<p style=\"font-weight: 400;\">Ona przeciwko mnie, jej wzrok tylko czeka na cynk<\/p>\n<p style=\"font-weight: 400;\">Gdyby m\u00f3g\u0142 zabi\u0107 to bym jak skiepowany blant styg\u0142<\/p>\n<p style=\"font-weight: 400;\">Jeste\u015bmy nadzy, dawno si\u0119 wykrwawi\u0142 nasz wstyd.<\/p>\n<p style=\"font-weight: 400;\">Dziwny ten tekst. Troch\u0119 jak poezja, troch\u0119 jak napisany w toalecie wiersz po k\u0142\u00f3tni, troch\u0119 jak zlepek przypadkowych s\u0142\u00f3w. A jednak mam wra\u017cenie, \u017ce uda\u0142o si\u0119 wyczu\u0107 w tym co\u015b poetyckiego, na tyle poetyckiego, \u017ce mog\u0142abym interpretowa\u0107 ten tekst pod maturalny klucz (czego oczywi\u015bcie nie chcia\u0142abym robi\u0107). Mog\u0119 opisa\u0107 sytuacj\u0119 liryczn\u0105, liryczne ja, zinterpretowa\u0107 metafory, nazwa\u0107 \u015brodki stylistyczne. I gdyby nie to, \u017ce ju\u017c na samym pocz\u0105tku wpis\u00f3w zadeklarowa\u0142am, \u017ce b\u0119dziemy pisa\u0107 o przebojach nocy, to mo\u017ce kto\u015b nie zda\u0142by sobie sprawy, \u017ce ma do czynienia z tekstem rapowego kawa\u0142ka.<\/p>\n<p style=\"font-weight: 400;\">Nie mia\u0142am i nie mam na celu por\u00f3wnywania tych zwrotek ze zwrotkami uznanych poet\u00f3w, nie chodzi o wskazywanie kto jest lepszy, jedyne co chcia\u0142am osi\u0105gn\u0105\u0107, to podkre\u015blenie poetycko\u015bci, liryczno\u015bci, kt\u00f3r\u0105 mo\u017ce przy pierwszym ods\u0142uchu orygina\u0142u zabija beat czy szybko\u015b\u0107.<\/p>\n<p style=\"font-weight: 400;\">Tekst, kt\u00f3ry mam nadziej\u0119 uda\u0142o przeczyta\u0107 si\u0119 z intencj\u0105 wiersza, to nic innego jak <em>Flary <\/em>PRO8L3Mu. Kawa\u0142ka starego jak \u015bwiat w tym wielkim m\u0142ynie bran\u017cy muzycznej, bo wyszed\u0142 na p\u0142ycie <em>Ground Zero <\/em>z 2018 roku. Jest moim zdaniem inny od wszystkich. Mo\u017ce troch\u0119 \u0142agodniejszy, zazwyczaj lubi\u0105 go te\u017c osoby, kt\u00f3re w og\u00f3le nie znaj\u0105 tw\u00f3rczo\u015bci Oskara. Czemu przeszed\u0142 do mainstreamu? Chyba przez szczero\u015b\u0107, przez histori\u0119, kt\u00f3ra nie wydaje si\u0119 dla wi\u0119kszo\u015bci wyssana z palca. Um\u00f3wmy si\u0119, kawa\u0142ki, w kt\u00f3rych Oskar nawija o gangsterskich porachunkach albo o za\u017cywaniu narkotyk\u00f3w w ilo\u015bciach tak ogromnych, \u017ce ma\u0142o kogo by\u0142oby na to w og\u00f3le sta\u0107, s\u0105 ci\u0119\u017ckie do zwizualizowania. Jednak <em>Flary <\/em>ma w sobie to co\u015b. Jest o mi\u0142o\u015bci, o k\u0142\u00f3tniach, rozstaniach i zawodnej pami\u0119ci. O s\u0142abo\u015bciach cz\u0142owieka wsp\u00f3\u0142czesnego. W takich tekstach nagle nie wyskoczy Wokulski i nie b\u0119dzie zabiega\u0142 o Izabel\u0119, ale znajdzie si\u0119 m\u0119\u017cczyzna, kt\u00f3ry nie b\u0119dzie m\u00f3g\u0142 si\u0119 porozumie\u0107 z kobiet\u0105, kt\u00f3ra jak nikt inny koi\u0142a jego nerwy.<\/p>\n<p style=\"font-weight: 400;\">Wiem, \u017ce ten utw\u00f3r upodoba\u0142y sobie te\u017c dziewczyny i w imieniu wszystkich nas, pro\u015bba do Oskara \u2013 zdecyduj, czy dziewczyna ma \u201eblond w\u0142osy spi\u0119te gumk\u0105\u201d czy kruczoczarne loki, aby ka\u017cda z nas ju\u017c bez przeszk\u00f3d mog\u0142a sobie wyobra\u017ca\u0107 siebie w roli tej niewiasty.<\/p>\n<p>&nbsp;<\/p>\n<p><a href=\"https:\/\/www.youtube.com\/watch?v=ltH9IgyZKbw\"><em>Flary,\u00a0<\/em>PRO8L3M<\/a><\/p>\n","protected":false},"excerpt":{"rendered":"<p>Tekst, kt\u00f3ry mam nadziej\u0119 uda si\u0119 przeczyta\u0107 z intencj\u0105 wiersza, to nic innego jak Flary PRO8L3Mu. Kawa\u0142ka starego jak \u015bwiat w tym wielkim m\u0142ynie bran\u017cy muzycznej, bo wyszed\u0142 na p\u0142ycie Ground Zero z 2018 roku. Jest moim zdaniem inny od wszystkich. Mo\u017ce troch\u0119 \u0142agodniejszy, zazwyczaj lubi\u0105 go te\u017c osoby, kt\u00f3re w og\u00f3le nie znaj\u0105 tw\u00f3rczo\u015bci Oskara. Czemu przeszed\u0142 do mainstreamu? Chyba przez szczero\u015b\u0107, przez histori\u0119, kt\u00f3ra nie wydaje si\u0119 dla wi\u0119kszo\u015bci wyssana z palca. Um\u00f3wmy si\u0119, kawa\u0142ki, w kt\u00f3rych Oskar nawija o gangsterskich porachunkach albo o za\u017cywaniu narkotyk\u00f3w w ilo\u015bciach tak ogromnych, \u017ce ma\u0142o kogo by\u0142oby na to w og\u00f3le sta\u0107, s\u0105 ci\u0119\u017ckie do zwizualizowania. Jednak Flary ma w sobie to co\u015b. Jest o mi\u0142o\u015bci, o k\u0142\u00f3tniach, rozstaniach i zawodnej pami\u0119ci. O s\u0142abo\u015bciach cz\u0142owieka wsp\u00f3\u0142czesnego. W takich tekstach nagle nie wyskoczy Wokulski i nie b\u0119dzie zabiega\u0142 o Izabel\u0119, ale znajdzie si\u0119 m\u0119\u017cczyzna, kt\u00f3ry nie b\u0119dzie m\u00f3g\u0142 si\u0119 porozumie\u0107 z kobiet\u0105, kt\u00f3ra jak nikt inny koi\u0142a jego nerwy.<\/p>\n","protected":false},"author":55,"featured_media":10847,"comment_status":"closed","ping_status":"closed","sticky":false,"template":"","format":"standard","meta":{"colormag_page_container_layout":"no_sidebar_content_centered","colormag_page_sidebar_layout":"no_sidebar","_jetpack_memberships_contains_paid_content":false,"footnotes":"","_links_to":"","_links_to_target":""},"categories":[5,225,229],"tags":[],"class_list":["post-10846","post","type-post","status-publish","format-standard","has-post-thumbnail","hentry","category-muzyka","category-projekt-kulturalny","category-przeboj-nocy"],"yoast_head":"<!-- This site is optimized with the Yoast SEO plugin v27.4 - https:\/\/yoast.com\/product\/yoast-seo-wordpress\/ -->\n<title>Flary, czyli poeta o kt\u00f3rego nikt nie prosi\u0142, ale ka\u017cdy potrzebowa\u0142 - NOTABENE.WORLD<\/title>\n<meta name=\"robots\" content=\"index, follow, max-snippet:-1, max-image-preview:large, max-video-preview:-1\" \/>\n<link rel=\"canonical\" href=\"https:\/\/notabene.world\/nb\/flary-czyli-poeta-o-ktorego-nikt-nie-prosil-ale-kazdy-potrzebowal\/\" \/>\n<meta property=\"og:locale\" content=\"pl_PL\" \/>\n<meta property=\"og:type\" content=\"article\" \/>\n<meta property=\"og:title\" content=\"Flary, czyli poeta o kt\u00f3rego nikt nie prosi\u0142, ale ka\u017cdy potrzebowa\u0142 - NOTABENE.WORLD\" \/>\n<meta property=\"og:description\" content=\"Tekst, kt\u00f3ry mam nadziej\u0119 uda si\u0119 przeczyta\u0107 z intencj\u0105 wiersza, to nic innego jak Flary PRO8L3Mu. Kawa\u0142ka starego jak \u015bwiat w tym wielkim m\u0142ynie bran\u017cy muzycznej, bo wyszed\u0142 na p\u0142ycie Ground Zero z 2018 roku. Jest moim zdaniem inny od wszystkich. Mo\u017ce troch\u0119 \u0142agodniejszy, zazwyczaj lubi\u0105 go te\u017c osoby, kt\u00f3re w og\u00f3le nie znaj\u0105 tw\u00f3rczo\u015bci Oskara. Czemu przeszed\u0142 do mainstreamu? Chyba przez szczero\u015b\u0107, przez histori\u0119, kt\u00f3ra nie wydaje si\u0119 dla wi\u0119kszo\u015bci wyssana z palca. Um\u00f3wmy si\u0119, kawa\u0142ki, w kt\u00f3rych Oskar nawija o gangsterskich porachunkach albo o za\u017cywaniu narkotyk\u00f3w w ilo\u015bciach tak ogromnych, \u017ce ma\u0142o kogo by\u0142oby na to w og\u00f3le sta\u0107, s\u0105 ci\u0119\u017ckie do zwizualizowania. Jednak Flary ma w sobie to co\u015b. Jest o mi\u0142o\u015bci, o k\u0142\u00f3tniach, rozstaniach i zawodnej pami\u0119ci. O s\u0142abo\u015bciach cz\u0142owieka wsp\u00f3\u0142czesnego. W takich tekstach nagle nie wyskoczy Wokulski i nie b\u0119dzie zabiega\u0142 o Izabel\u0119, ale znajdzie si\u0119 m\u0119\u017cczyzna, kt\u00f3ry nie b\u0119dzie m\u00f3g\u0142 si\u0119 porozumie\u0107 z kobiet\u0105, kt\u00f3ra jak nikt inny koi\u0142a jego nerwy.\" \/>\n<meta property=\"og:url\" content=\"https:\/\/notabene.world\/nb\/flary-czyli-poeta-o-ktorego-nikt-nie-prosil-ale-kazdy-potrzebowal\/\" \/>\n<meta property=\"og:site_name\" content=\"NOTABENE.WORLD\" \/>\n<meta property=\"article:publisher\" content=\"https:\/\/www.facebook.com\/Notabene.World\" \/>\n<meta property=\"article:published_time\" content=\"2023-10-27T15:30:33+00:00\" \/>\n<meta property=\"article:modified_time\" content=\"2023-11-20T02:48:23+00:00\" \/>\n<meta property=\"og:image\" content=\"https:\/\/notabene.world\/nb\/wp-content\/uploads\/2023\/10\/Problem.jpg\" \/>\n\t<meta property=\"og:image:width\" content=\"1431\" \/>\n\t<meta property=\"og:image:height\" content=\"906\" \/>\n\t<meta property=\"og:image:type\" content=\"image\/jpeg\" \/>\n<meta name=\"author\" content=\"Barbara Makowiecka\" \/>\n<meta name=\"twitter:card\" content=\"summary_large_image\" \/>\n<meta name=\"twitter:label1\" content=\"Napisane przez\" \/>\n\t<meta name=\"twitter:data1\" content=\"Barbara Makowiecka\" \/>\n\t<meta name=\"twitter:label2\" content=\"Szacowany czas czytania\" \/>\n\t<meta name=\"twitter:data2\" content=\"3 minuty\" \/>\n<script type=\"application\/ld+json\" class=\"yoast-schema-graph\">{\"@context\":\"https:\\\/\\\/schema.org\",\"@graph\":[{\"@type\":\"Article\",\"@id\":\"https:\\\/\\\/notabene.world\\\/nb\\\/flary-czyli-poeta-o-ktorego-nikt-nie-prosil-ale-kazdy-potrzebowal\\\/#article\",\"isPartOf\":{\"@id\":\"https:\\\/\\\/notabene.world\\\/nb\\\/flary-czyli-poeta-o-ktorego-nikt-nie-prosil-ale-kazdy-potrzebowal\\\/\"},\"author\":{\"name\":\"Barbara Makowiecka\",\"@id\":\"https:\\\/\\\/notabene.world\\\/nb\\\/#\\\/schema\\\/person\\\/aa30bd80ff85437087790debd0a9008f\"},\"headline\":\"Flary, czyli poeta o kt\u00f3rego nikt nie prosi\u0142, ale ka\u017cdy potrzebowa\u0142\",\"datePublished\":\"2023-10-27T15:30:33+00:00\",\"dateModified\":\"2023-11-20T02:48:23+00:00\",\"mainEntityOfPage\":{\"@id\":\"https:\\\/\\\/notabene.world\\\/nb\\\/flary-czyli-poeta-o-ktorego-nikt-nie-prosil-ale-kazdy-potrzebowal\\\/\"},\"wordCount\":572,\"publisher\":{\"@id\":\"https:\\\/\\\/notabene.world\\\/nb\\\/#organization\"},\"image\":{\"@id\":\"https:\\\/\\\/notabene.world\\\/nb\\\/flary-czyli-poeta-o-ktorego-nikt-nie-prosil-ale-kazdy-potrzebowal\\\/#primaryimage\"},\"thumbnailUrl\":\"https:\\\/\\\/i0.wp.com\\\/notabene.world\\\/nb\\\/wp-content\\\/uploads\\\/2023\\\/10\\\/Problem.jpg?fit=1431%2C906&ssl=1\",\"articleSection\":[\"Muzyka\",\"Projekt kulturalny\",\"PRZEB\u00d3J NOCY\"],\"inLanguage\":\"pl-PL\"},{\"@type\":\"WebPage\",\"@id\":\"https:\\\/\\\/notabene.world\\\/nb\\\/flary-czyli-poeta-o-ktorego-nikt-nie-prosil-ale-kazdy-potrzebowal\\\/\",\"url\":\"https:\\\/\\\/notabene.world\\\/nb\\\/flary-czyli-poeta-o-ktorego-nikt-nie-prosil-ale-kazdy-potrzebowal\\\/\",\"name\":\"Flary, czyli poeta o kt\u00f3rego nikt nie prosi\u0142, ale ka\u017cdy potrzebowa\u0142 - NOTABENE.WORLD\",\"isPartOf\":{\"@id\":\"https:\\\/\\\/notabene.world\\\/nb\\\/#website\"},\"primaryImageOfPage\":{\"@id\":\"https:\\\/\\\/notabene.world\\\/nb\\\/flary-czyli-poeta-o-ktorego-nikt-nie-prosil-ale-kazdy-potrzebowal\\\/#primaryimage\"},\"image\":{\"@id\":\"https:\\\/\\\/notabene.world\\\/nb\\\/flary-czyli-poeta-o-ktorego-nikt-nie-prosil-ale-kazdy-potrzebowal\\\/#primaryimage\"},\"thumbnailUrl\":\"https:\\\/\\\/i0.wp.com\\\/notabene.world\\\/nb\\\/wp-content\\\/uploads\\\/2023\\\/10\\\/Problem.jpg?fit=1431%2C906&ssl=1\",\"datePublished\":\"2023-10-27T15:30:33+00:00\",\"dateModified\":\"2023-11-20T02:48:23+00:00\",\"breadcrumb\":{\"@id\":\"https:\\\/\\\/notabene.world\\\/nb\\\/flary-czyli-poeta-o-ktorego-nikt-nie-prosil-ale-kazdy-potrzebowal\\\/#breadcrumb\"},\"inLanguage\":\"pl-PL\",\"potentialAction\":[{\"@type\":\"ReadAction\",\"target\":[\"https:\\\/\\\/notabene.world\\\/nb\\\/flary-czyli-poeta-o-ktorego-nikt-nie-prosil-ale-kazdy-potrzebowal\\\/\"]}]},{\"@type\":\"ImageObject\",\"inLanguage\":\"pl-PL\",\"@id\":\"https:\\\/\\\/notabene.world\\\/nb\\\/flary-czyli-poeta-o-ktorego-nikt-nie-prosil-ale-kazdy-potrzebowal\\\/#primaryimage\",\"url\":\"https:\\\/\\\/i0.wp.com\\\/notabene.world\\\/nb\\\/wp-content\\\/uploads\\\/2023\\\/10\\\/Problem.jpg?fit=1431%2C906&ssl=1\",\"contentUrl\":\"https:\\\/\\\/i0.wp.com\\\/notabene.world\\\/nb\\\/wp-content\\\/uploads\\\/2023\\\/10\\\/Problem.jpg?fit=1431%2C906&ssl=1\",\"width\":1431,\"height\":906},{\"@type\":\"BreadcrumbList\",\"@id\":\"https:\\\/\\\/notabene.world\\\/nb\\\/flary-czyli-poeta-o-ktorego-nikt-nie-prosil-ale-kazdy-potrzebowal\\\/#breadcrumb\",\"itemListElement\":[{\"@type\":\"ListItem\",\"position\":1,\"name\":\"Home\",\"item\":\"https:\\\/\\\/notabene.world\\\/nb\\\/\"},{\"@type\":\"ListItem\",\"position\":2,\"name\":\"Flary, czyli poeta o kt\u00f3rego nikt nie prosi\u0142, ale ka\u017cdy potrzebowa\u0142\"}]},{\"@type\":\"WebSite\",\"@id\":\"https:\\\/\\\/notabene.world\\\/nb\\\/#website\",\"url\":\"https:\\\/\\\/notabene.world\\\/nb\\\/\",\"name\":\"NOTABENE.WORLD\",\"description\":\"Przekaz. Warto\u015bci. Wsp\u00f3lnota.\",\"publisher\":{\"@id\":\"https:\\\/\\\/notabene.world\\\/nb\\\/#organization\"},\"potentialAction\":[{\"@type\":\"SearchAction\",\"target\":{\"@type\":\"EntryPoint\",\"urlTemplate\":\"https:\\\/\\\/notabene.world\\\/nb\\\/?s={search_term_string}\"},\"query-input\":{\"@type\":\"PropertyValueSpecification\",\"valueRequired\":true,\"valueName\":\"search_term_string\"}}],\"inLanguage\":\"pl-PL\"},{\"@type\":\"Organization\",\"@id\":\"https:\\\/\\\/notabene.world\\\/nb\\\/#organization\",\"name\":\"NOTABENE.WORLD\",\"url\":\"https:\\\/\\\/notabene.world\\\/nb\\\/\",\"logo\":{\"@type\":\"ImageObject\",\"inLanguage\":\"pl-PL\",\"@id\":\"https:\\\/\\\/notabene.world\\\/nb\\\/#\\\/schema\\\/logo\\\/image\\\/\",\"url\":\"https:\\\/\\\/notabene.world\\\/nb\\\/wp-content\\\/uploads\\\/2022\\\/01\\\/NB-club-start-www1.jpg\",\"contentUrl\":\"https:\\\/\\\/notabene.world\\\/nb\\\/wp-content\\\/uploads\\\/2022\\\/01\\\/NB-club-start-www1.jpg\",\"width\":1000,\"height\":839,\"caption\":\"NOTABENE.WORLD\"},\"image\":{\"@id\":\"https:\\\/\\\/notabene.world\\\/nb\\\/#\\\/schema\\\/logo\\\/image\\\/\"},\"sameAs\":[\"https:\\\/\\\/www.facebook.com\\\/Notabene.World\"]},{\"@type\":\"Person\",\"@id\":\"https:\\\/\\\/notabene.world\\\/nb\\\/#\\\/schema\\\/person\\\/aa30bd80ff85437087790debd0a9008f\",\"name\":\"Barbara Makowiecka\",\"image\":{\"@type\":\"ImageObject\",\"inLanguage\":\"pl-PL\",\"@id\":\"https:\\\/\\\/secure.gravatar.com\\\/avatar\\\/14bc34a5752e5fa1c44016b4eba551b5cbf6036d20f809212a9d8038b5ebae3b?s=96&d=mm&r=g\",\"url\":\"https:\\\/\\\/secure.gravatar.com\\\/avatar\\\/14bc34a5752e5fa1c44016b4eba551b5cbf6036d20f809212a9d8038b5ebae3b?s=96&d=mm&r=g\",\"contentUrl\":\"https:\\\/\\\/secure.gravatar.com\\\/avatar\\\/14bc34a5752e5fa1c44016b4eba551b5cbf6036d20f809212a9d8038b5ebae3b?s=96&d=mm&r=g\",\"caption\":\"Barbara Makowiecka\"},\"url\":\"https:\\\/\\\/notabene.world\\\/nb\\\/author\\\/ba-ma\\\/\"}]}<\/script>\n<!-- \/ Yoast SEO plugin. -->","yoast_head_json":{"title":"Flary, czyli poeta o kt\u00f3rego nikt nie prosi\u0142, ale ka\u017cdy potrzebowa\u0142 - NOTABENE.WORLD","robots":{"index":"index","follow":"follow","max-snippet":"max-snippet:-1","max-image-preview":"max-image-preview:large","max-video-preview":"max-video-preview:-1"},"canonical":"https:\/\/notabene.world\/nb\/flary-czyli-poeta-o-ktorego-nikt-nie-prosil-ale-kazdy-potrzebowal\/","og_locale":"pl_PL","og_type":"article","og_title":"Flary, czyli poeta o kt\u00f3rego nikt nie prosi\u0142, ale ka\u017cdy potrzebowa\u0142 - NOTABENE.WORLD","og_description":"Tekst, kt\u00f3ry mam nadziej\u0119 uda si\u0119 przeczyta\u0107 z intencj\u0105 wiersza, to nic innego jak Flary PRO8L3Mu. Kawa\u0142ka starego jak \u015bwiat w tym wielkim m\u0142ynie bran\u017cy muzycznej, bo wyszed\u0142 na p\u0142ycie Ground Zero z 2018 roku. Jest moim zdaniem inny od wszystkich. Mo\u017ce troch\u0119 \u0142agodniejszy, zazwyczaj lubi\u0105 go te\u017c osoby, kt\u00f3re w og\u00f3le nie znaj\u0105 tw\u00f3rczo\u015bci Oskara. Czemu przeszed\u0142 do mainstreamu? Chyba przez szczero\u015b\u0107, przez histori\u0119, kt\u00f3ra nie wydaje si\u0119 dla wi\u0119kszo\u015bci wyssana z palca. Um\u00f3wmy si\u0119, kawa\u0142ki, w kt\u00f3rych Oskar nawija o gangsterskich porachunkach albo o za\u017cywaniu narkotyk\u00f3w w ilo\u015bciach tak ogromnych, \u017ce ma\u0142o kogo by\u0142oby na to w og\u00f3le sta\u0107, s\u0105 ci\u0119\u017ckie do zwizualizowania. Jednak Flary ma w sobie to co\u015b. Jest o mi\u0142o\u015bci, o k\u0142\u00f3tniach, rozstaniach i zawodnej pami\u0119ci. O s\u0142abo\u015bciach cz\u0142owieka wsp\u00f3\u0142czesnego. W takich tekstach nagle nie wyskoczy Wokulski i nie b\u0119dzie zabiega\u0142 o Izabel\u0119, ale znajdzie si\u0119 m\u0119\u017cczyzna, kt\u00f3ry nie b\u0119dzie m\u00f3g\u0142 si\u0119 porozumie\u0107 z kobiet\u0105, kt\u00f3ra jak nikt inny koi\u0142a jego nerwy.","og_url":"https:\/\/notabene.world\/nb\/flary-czyli-poeta-o-ktorego-nikt-nie-prosil-ale-kazdy-potrzebowal\/","og_site_name":"NOTABENE.WORLD","article_publisher":"https:\/\/www.facebook.com\/Notabene.World","article_published_time":"2023-10-27T15:30:33+00:00","article_modified_time":"2023-11-20T02:48:23+00:00","og_image":[{"width":1431,"height":906,"url":"https:\/\/notabene.world\/nb\/wp-content\/uploads\/2023\/10\/Problem.jpg","type":"image\/jpeg"}],"author":"Barbara Makowiecka","twitter_card":"summary_large_image","twitter_misc":{"Napisane przez":"Barbara Makowiecka","Szacowany czas czytania":"3 minuty"},"schema":{"@context":"https:\/\/schema.org","@graph":[{"@type":"Article","@id":"https:\/\/notabene.world\/nb\/flary-czyli-poeta-o-ktorego-nikt-nie-prosil-ale-kazdy-potrzebowal\/#article","isPartOf":{"@id":"https:\/\/notabene.world\/nb\/flary-czyli-poeta-o-ktorego-nikt-nie-prosil-ale-kazdy-potrzebowal\/"},"author":{"name":"Barbara Makowiecka","@id":"https:\/\/notabene.world\/nb\/#\/schema\/person\/aa30bd80ff85437087790debd0a9008f"},"headline":"Flary, czyli poeta o kt\u00f3rego nikt nie prosi\u0142, ale ka\u017cdy potrzebowa\u0142","datePublished":"2023-10-27T15:30:33+00:00","dateModified":"2023-11-20T02:48:23+00:00","mainEntityOfPage":{"@id":"https:\/\/notabene.world\/nb\/flary-czyli-poeta-o-ktorego-nikt-nie-prosil-ale-kazdy-potrzebowal\/"},"wordCount":572,"publisher":{"@id":"https:\/\/notabene.world\/nb\/#organization"},"image":{"@id":"https:\/\/notabene.world\/nb\/flary-czyli-poeta-o-ktorego-nikt-nie-prosil-ale-kazdy-potrzebowal\/#primaryimage"},"thumbnailUrl":"https:\/\/i0.wp.com\/notabene.world\/nb\/wp-content\/uploads\/2023\/10\/Problem.jpg?fit=1431%2C906&ssl=1","articleSection":["Muzyka","Projekt kulturalny","PRZEB\u00d3J NOCY"],"inLanguage":"pl-PL"},{"@type":"WebPage","@id":"https:\/\/notabene.world\/nb\/flary-czyli-poeta-o-ktorego-nikt-nie-prosil-ale-kazdy-potrzebowal\/","url":"https:\/\/notabene.world\/nb\/flary-czyli-poeta-o-ktorego-nikt-nie-prosil-ale-kazdy-potrzebowal\/","name":"Flary, czyli poeta o kt\u00f3rego nikt nie prosi\u0142, ale ka\u017cdy potrzebowa\u0142 - NOTABENE.WORLD","isPartOf":{"@id":"https:\/\/notabene.world\/nb\/#website"},"primaryImageOfPage":{"@id":"https:\/\/notabene.world\/nb\/flary-czyli-poeta-o-ktorego-nikt-nie-prosil-ale-kazdy-potrzebowal\/#primaryimage"},"image":{"@id":"https:\/\/notabene.world\/nb\/flary-czyli-poeta-o-ktorego-nikt-nie-prosil-ale-kazdy-potrzebowal\/#primaryimage"},"thumbnailUrl":"https:\/\/i0.wp.com\/notabene.world\/nb\/wp-content\/uploads\/2023\/10\/Problem.jpg?fit=1431%2C906&ssl=1","datePublished":"2023-10-27T15:30:33+00:00","dateModified":"2023-11-20T02:48:23+00:00","breadcrumb":{"@id":"https:\/\/notabene.world\/nb\/flary-czyli-poeta-o-ktorego-nikt-nie-prosil-ale-kazdy-potrzebowal\/#breadcrumb"},"inLanguage":"pl-PL","potentialAction":[{"@type":"ReadAction","target":["https:\/\/notabene.world\/nb\/flary-czyli-poeta-o-ktorego-nikt-nie-prosil-ale-kazdy-potrzebowal\/"]}]},{"@type":"ImageObject","inLanguage":"pl-PL","@id":"https:\/\/notabene.world\/nb\/flary-czyli-poeta-o-ktorego-nikt-nie-prosil-ale-kazdy-potrzebowal\/#primaryimage","url":"https:\/\/i0.wp.com\/notabene.world\/nb\/wp-content\/uploads\/2023\/10\/Problem.jpg?fit=1431%2C906&ssl=1","contentUrl":"https:\/\/i0.wp.com\/notabene.world\/nb\/wp-content\/uploads\/2023\/10\/Problem.jpg?fit=1431%2C906&ssl=1","width":1431,"height":906},{"@type":"BreadcrumbList","@id":"https:\/\/notabene.world\/nb\/flary-czyli-poeta-o-ktorego-nikt-nie-prosil-ale-kazdy-potrzebowal\/#breadcrumb","itemListElement":[{"@type":"ListItem","position":1,"name":"Home","item":"https:\/\/notabene.world\/nb\/"},{"@type":"ListItem","position":2,"name":"Flary, czyli poeta o kt\u00f3rego nikt nie prosi\u0142, ale ka\u017cdy potrzebowa\u0142"}]},{"@type":"WebSite","@id":"https:\/\/notabene.world\/nb\/#website","url":"https:\/\/notabene.world\/nb\/","name":"NOTABENE.WORLD","description":"Przekaz. Warto\u015bci. Wsp\u00f3lnota.","publisher":{"@id":"https:\/\/notabene.world\/nb\/#organization"},"potentialAction":[{"@type":"SearchAction","target":{"@type":"EntryPoint","urlTemplate":"https:\/\/notabene.world\/nb\/?s={search_term_string}"},"query-input":{"@type":"PropertyValueSpecification","valueRequired":true,"valueName":"search_term_string"}}],"inLanguage":"pl-PL"},{"@type":"Organization","@id":"https:\/\/notabene.world\/nb\/#organization","name":"NOTABENE.WORLD","url":"https:\/\/notabene.world\/nb\/","logo":{"@type":"ImageObject","inLanguage":"pl-PL","@id":"https:\/\/notabene.world\/nb\/#\/schema\/logo\/image\/","url":"https:\/\/notabene.world\/nb\/wp-content\/uploads\/2022\/01\/NB-club-start-www1.jpg","contentUrl":"https:\/\/notabene.world\/nb\/wp-content\/uploads\/2022\/01\/NB-club-start-www1.jpg","width":1000,"height":839,"caption":"NOTABENE.WORLD"},"image":{"@id":"https:\/\/notabene.world\/nb\/#\/schema\/logo\/image\/"},"sameAs":["https:\/\/www.facebook.com\/Notabene.World"]},{"@type":"Person","@id":"https:\/\/notabene.world\/nb\/#\/schema\/person\/aa30bd80ff85437087790debd0a9008f","name":"Barbara Makowiecka","image":{"@type":"ImageObject","inLanguage":"pl-PL","@id":"https:\/\/secure.gravatar.com\/avatar\/14bc34a5752e5fa1c44016b4eba551b5cbf6036d20f809212a9d8038b5ebae3b?s=96&d=mm&r=g","url":"https:\/\/secure.gravatar.com\/avatar\/14bc34a5752e5fa1c44016b4eba551b5cbf6036d20f809212a9d8038b5ebae3b?s=96&d=mm&r=g","contentUrl":"https:\/\/secure.gravatar.com\/avatar\/14bc34a5752e5fa1c44016b4eba551b5cbf6036d20f809212a9d8038b5ebae3b?s=96&d=mm&r=g","caption":"Barbara Makowiecka"},"url":"https:\/\/notabene.world\/nb\/author\/ba-ma\/"}]}},"jetpack_featured_media_url":"https:\/\/i0.wp.com\/notabene.world\/nb\/wp-content\/uploads\/2023\/10\/Problem.jpg?fit=1431%2C906&ssl=1","jetpack_sharing_enabled":true,"jetpack_shortlink":"https:\/\/wp.me\/pdCobN-2OW","_links":{"self":[{"href":"https:\/\/notabene.world\/nb\/wp-json\/wp\/v2\/posts\/10846","targetHints":{"allow":["GET"]}}],"collection":[{"href":"https:\/\/notabene.world\/nb\/wp-json\/wp\/v2\/posts"}],"about":[{"href":"https:\/\/notabene.world\/nb\/wp-json\/wp\/v2\/types\/post"}],"author":[{"embeddable":true,"href":"https:\/\/notabene.world\/nb\/wp-json\/wp\/v2\/users\/55"}],"replies":[{"embeddable":true,"href":"https:\/\/notabene.world\/nb\/wp-json\/wp\/v2\/comments?post=10846"}],"version-history":[{"count":4,"href":"https:\/\/notabene.world\/nb\/wp-json\/wp\/v2\/posts\/10846\/revisions"}],"predecessor-version":[{"id":10851,"href":"https:\/\/notabene.world\/nb\/wp-json\/wp\/v2\/posts\/10846\/revisions\/10851"}],"wp:featuredmedia":[{"embeddable":true,"href":"https:\/\/notabene.world\/nb\/wp-json\/wp\/v2\/media\/10847"}],"wp:attachment":[{"href":"https:\/\/notabene.world\/nb\/wp-json\/wp\/v2\/media?parent=10846"}],"wp:term":[{"taxonomy":"category","embeddable":true,"href":"https:\/\/notabene.world\/nb\/wp-json\/wp\/v2\/categories?post=10846"},{"taxonomy":"post_tag","embeddable":true,"href":"https:\/\/notabene.world\/nb\/wp-json\/wp\/v2\/tags?post=10846"}],"curies":[{"name":"wp","href":"https:\/\/api.w.org\/{rel}","templated":true}]}}