{"id":1096,"date":"2022-07-19T01:19:00","date_gmt":"2022-07-18T23:19:00","guid":{"rendered":"https:\/\/notabene.world\/nb\/?p=1096"},"modified":"2024-11-18T00:01:35","modified_gmt":"2024-11-17T23:01:35","slug":"pars-pro-toto","status":"publish","type":"post","link":"https:\/\/notabene.world\/nb\/pars-pro-toto\/","title":{"rendered":"Pars pro toto"},"content":{"rendered":"\n<p><\/p>\n\n\n\n<p class=\"has-drop-cap\">W\u0142a\u015bciwie tydzie\u0144 powinien wystarczy\u0107, by\u015bmy zdo\u0142ali otrz\u0105sn\u0105\u0107 si\u0119 z wyborczego transu ostatnich miesi\u0119cy. Im bardziej pragniemy zrozumie\u0107 to, co si\u0119 sta\u0142o, tym trudniej zbli\u017cy\u0107 si\u0119 do odpowiedzi na pytanie: co dalej?&nbsp;&nbsp;Tym trudniej posk\u0142ada\u0107 poszczeg\u00f3lne elementy powyborczej uk\u0142adanki w jak\u0105\u015b sensown\u0105 ca\u0142o\u015b\u0107, a nasz subiektywny w gruncie rzeczy&nbsp;<em>punkt widzenia zale\u017cy od punktu siedzenia<\/em>. Ko\u0144cowy rezultat naszych wysi\u0142k\u00f3w jest zawsze cz\u0119\u015bciowy. To takie ponowoczesne&nbsp;<em>&nbsp;pars pro toto (cz\u0119\u015b\u0107 zamiast ca\u0142o\u015bci),&nbsp;<\/em>kt\u00f3re zdecydowanie wywo\u0142uje w nas po raz kolejny ogromny niepok\u00f3j o przysz\u0142o\u015b\u0107.<\/p>\n\n\n\n<p>Tydzie\u0144 po wyborach prezydenckich oddziel\u0105ca obu kandydat\u00f3w z drugiej tury, Andrzeja Dud\u0119 i Rafa\u0142a Trzaskowskiego, symboliczna&nbsp;<em>barykada&nbsp;<\/em>&nbsp;sta\u0142a si\u0119 jeszcze bardziej wyrazista. Wynik ostatniego starcia jest praktycznie remisowy i tym samym chyba bardziej drastyczny ni\u017c kiedykolwiek w ostatnich trzydziestu latach. Jedni widz\u0105 w tym szans\u0119 na potencjalne zasypanie mentalnego (cywilizacyjnego) rowu oddzielaj\u0105cego obie strony sporu, dla innych to pow\u00f3d do dramatycznych i nieco paradoksalnych decyzji o ewentualnej emigracji \u2013 czy to rzeczywistej, czy to wewn\u0119trznej.<\/p>\n\n\n\n<p>Dwie podstawowe prawdy codzienno\u015bci, i\u017c rzeczy ci\u0105gle si\u0119 zmieniaj\u0105, czyli \u017ce \u017cyjemy w stanie totalnej&nbsp;<em>stabilnej niestabilno\u015bci&nbsp;<\/em>&nbsp;nie napawaj\u0105 zbytnim optymizmem i zapewne st\u0105d bior\u0105 si\u0119 w nas tak ekstremalne reakcje na rzeczywisto\u015b\u0107, kt\u00f3r\u0105 znacznie \u0142atwiej by\u0142oby znosi\u0107, gdyby\u015bmy cz\u0119\u015bciej w naszych wyborach (w momentach krytycznych) uwzgl\u0119dniali r\u00f3wnie\u017c bardziej obiektywn\u0105 kategori\u0119&nbsp;<em>dobra wsp\u00f3lnego.&nbsp;<\/em>P\u00f3ki co pozostaje to niestety raczej irracjonalnym i dalekim od elementarnego nawet pragmatyzmu&nbsp;<em>pobo\u017cnym \u017cyczeniem.&nbsp;<\/em><\/p>\n\n\n\n<p>Wolimy si\u0119 dzieli\u0107. Wolimy budowa\u0107 na gruzach. Wolimy tymczasowo\u015b\u0107 i dora\u017an\u0105 manipulacj\u0119. Wolimy ekstemaln\u0105 subiektywno\u015b\u0107 i kr\u00f3tkowzroczne my\u015blenie si\u0119gaj\u0105ce nie dalej ni\u017c ko\u0144ca naszego nosu. Tak, tak..&nbsp;<em>Vox populi, vox Dei (G\u0142os ludu, g\u0142osem Boga)<\/em>&nbsp;sprowadzono do smutnej ludowej konstatacji, \u017ce&nbsp;<em>skoro wszyscy kradn\u0105, to lepsi z\u0142odzeje s\u0105 ci, kt\u00f3rzy dziel\u0105 si\u0119 \u0142upem&nbsp;<\/em>&nbsp;z tymi, kt\u00f3rym si\u0119 po prostu nale\u017cy. I ju\u017c.<\/p>\n\n\n\n<p>Wszystko to, jak zawsze, jest tylko cz\u0119\u015bci\u0105 prawdy, cz\u0119\u015bci\u0105 ca\u0142o\u015bci, bo ca\u0142o\u015b\u0107 na razie nie istnieje. Pomimo i\u017c dopiero co po wyborach, jeste\u015bmy w stanie dezintegracji. Pytanie, czy dezintegracja mo\u017ce by\u0107 pozytywna oraz czy kolejna tak zwana&nbsp;<em>dobra zmiana&nbsp;<\/em>nie stanie si\u0119 zaraz pustym sloganem wyborczym?<\/p>\n\n\n\n<p class=\"has-text-align-right\"><em>Lublin, Europa<\/em><em>&nbsp;19.07.2020<\/em><\/p>\n","protected":false},"excerpt":{"rendered":"<p>W\u0142a\u015bciwie tydzie\u0144 powinien wystarczy\u0107, by\u015bmy zdo\u0142ali otrz\u0105sn\u0105\u0107 si\u0119 z wyborczego amoku ostatnich miesi\u0119cy. Im bardziej pragniemy zrozumie\u0107 to, co si\u0119 sta\u0142o, tym trudniej zbli\u017cy\u0107 si\u0119 do odpowiedzi na pytanie: co dalej?<\/p>\n","protected":false},"author":1,"featured_media":1098,"comment_status":"closed","ping_status":"closed","sticky":false,"template":"","format":"standard","meta":{"colormag_page_container_layout":"no_sidebar_content_centered","colormag_page_sidebar_layout":"no_sidebar","_jetpack_memberships_contains_paid_content":false,"footnotes":"","_links_to":"","_links_to_target":""},"categories":[42,8,150,48],"tags":[],"class_list":["post-1096","post","type-post","status-publish","format-standard","has-post-thumbnail","hentry","category-felietony","category-polityka","category-publicystyka","category-wiecej-swiatla"],"yoast_head":"<!-- This site is optimized with the Yoast SEO plugin v27.4 - https:\/\/yoast.com\/product\/yoast-seo-wordpress\/ -->\n<title>Pars pro toto - NOTABENE.WORLD<\/title>\n<meta name=\"robots\" content=\"index, follow, max-snippet:-1, max-image-preview:large, max-video-preview:-1\" \/>\n<link rel=\"canonical\" href=\"https:\/\/notabene.world\/nb\/pars-pro-toto\/\" \/>\n<meta property=\"og:locale\" content=\"pl_PL\" \/>\n<meta property=\"og:type\" content=\"article\" \/>\n<meta property=\"og:title\" content=\"Pars pro toto - NOTABENE.WORLD\" \/>\n<meta property=\"og:description\" content=\"W\u0142a\u015bciwie tydzie\u0144 powinien wystarczy\u0107, by\u015bmy zdo\u0142ali otrz\u0105sn\u0105\u0107 si\u0119 z wyborczego amoku ostatnich miesi\u0119cy. Im bardziej pragniemy zrozumie\u0107 to, co si\u0119 sta\u0142o, tym trudniej zbli\u017cy\u0107 si\u0119 do odpowiedzi na pytanie: co dalej?\" \/>\n<meta property=\"og:url\" content=\"https:\/\/notabene.world\/nb\/pars-pro-toto\/\" \/>\n<meta property=\"og:site_name\" content=\"NOTABENE.WORLD\" \/>\n<meta property=\"article:publisher\" content=\"https:\/\/www.facebook.com\/Notabene.World\" \/>\n<meta property=\"article:published_time\" content=\"2022-07-18T23:19:00+00:00\" \/>\n<meta property=\"article:modified_time\" content=\"2024-11-17T23:01:35+00:00\" \/>\n<meta property=\"og:image\" content=\"https:\/\/notabene.world\/nb\/wp-content\/uploads\/2020\/07\/wyb2020.jpg\" \/>\n\t<meta property=\"og:image:width\" content=\"800\" \/>\n\t<meta property=\"og:image:height\" content=\"445\" \/>\n\t<meta property=\"og:image:type\" content=\"image\/jpeg\" \/>\n<meta name=\"author\" content=\"C vel K\" \/>\n<meta name=\"twitter:card\" content=\"summary_large_image\" \/>\n<meta name=\"twitter:label1\" content=\"Napisane przez\" \/>\n\t<meta name=\"twitter:data1\" content=\"C vel K\" \/>\n\t<meta name=\"twitter:label2\" content=\"Szacowany czas czytania\" \/>\n\t<meta name=\"twitter:data2\" content=\"3 minuty\" \/>\n<script type=\"application\/ld+json\" class=\"yoast-schema-graph\">{\"@context\":\"https:\\\/\\\/schema.org\",\"@graph\":[{\"@type\":\"Article\",\"@id\":\"https:\\\/\\\/notabene.world\\\/nb\\\/pars-pro-toto\\\/#article\",\"isPartOf\":{\"@id\":\"https:\\\/\\\/notabene.world\\\/nb\\\/pars-pro-toto\\\/\"},\"author\":{\"name\":\"C vel K\",\"@id\":\"https:\\\/\\\/notabene.world\\\/nb\\\/#\\\/schema\\\/person\\\/2227ed509f9261e544f6078919e1981d\"},\"headline\":\"Pars pro toto\",\"datePublished\":\"2022-07-18T23:19:00+00:00\",\"dateModified\":\"2024-11-17T23:01:35+00:00\",\"mainEntityOfPage\":{\"@id\":\"https:\\\/\\\/notabene.world\\\/nb\\\/pars-pro-toto\\\/\"},\"wordCount\":423,\"publisher\":{\"@id\":\"https:\\\/\\\/notabene.world\\\/nb\\\/#organization\"},\"image\":{\"@id\":\"https:\\\/\\\/notabene.world\\\/nb\\\/pars-pro-toto\\\/#primaryimage\"},\"thumbnailUrl\":\"https:\\\/\\\/i0.wp.com\\\/notabene.world\\\/nb\\\/wp-content\\\/uploads\\\/2020\\\/07\\\/wyb2020.jpg?fit=800%2C445&ssl=1\",\"articleSection\":[\"Felietony\",\"Polityka\",\"Publicystyka\",\"WI\u0118CEJ \u015aWIAT(\u0141)A\"],\"inLanguage\":\"pl-PL\"},{\"@type\":\"WebPage\",\"@id\":\"https:\\\/\\\/notabene.world\\\/nb\\\/pars-pro-toto\\\/\",\"url\":\"https:\\\/\\\/notabene.world\\\/nb\\\/pars-pro-toto\\\/\",\"name\":\"Pars pro toto - NOTABENE.WORLD\",\"isPartOf\":{\"@id\":\"https:\\\/\\\/notabene.world\\\/nb\\\/#website\"},\"primaryImageOfPage\":{\"@id\":\"https:\\\/\\\/notabene.world\\\/nb\\\/pars-pro-toto\\\/#primaryimage\"},\"image\":{\"@id\":\"https:\\\/\\\/notabene.world\\\/nb\\\/pars-pro-toto\\\/#primaryimage\"},\"thumbnailUrl\":\"https:\\\/\\\/i0.wp.com\\\/notabene.world\\\/nb\\\/wp-content\\\/uploads\\\/2020\\\/07\\\/wyb2020.jpg?fit=800%2C445&ssl=1\",\"datePublished\":\"2022-07-18T23:19:00+00:00\",\"dateModified\":\"2024-11-17T23:01:35+00:00\",\"breadcrumb\":{\"@id\":\"https:\\\/\\\/notabene.world\\\/nb\\\/pars-pro-toto\\\/#breadcrumb\"},\"inLanguage\":\"pl-PL\",\"potentialAction\":[{\"@type\":\"ReadAction\",\"target\":[\"https:\\\/\\\/notabene.world\\\/nb\\\/pars-pro-toto\\\/\"]}]},{\"@type\":\"ImageObject\",\"inLanguage\":\"pl-PL\",\"@id\":\"https:\\\/\\\/notabene.world\\\/nb\\\/pars-pro-toto\\\/#primaryimage\",\"url\":\"https:\\\/\\\/i0.wp.com\\\/notabene.world\\\/nb\\\/wp-content\\\/uploads\\\/2020\\\/07\\\/wyb2020.jpg?fit=800%2C445&ssl=1\",\"contentUrl\":\"https:\\\/\\\/i0.wp.com\\\/notabene.world\\\/nb\\\/wp-content\\\/uploads\\\/2020\\\/07\\\/wyb2020.jpg?fit=800%2C445&ssl=1\",\"width\":800,\"height\":445},{\"@type\":\"BreadcrumbList\",\"@id\":\"https:\\\/\\\/notabene.world\\\/nb\\\/pars-pro-toto\\\/#breadcrumb\",\"itemListElement\":[{\"@type\":\"ListItem\",\"position\":1,\"name\":\"Home\",\"item\":\"https:\\\/\\\/notabene.world\\\/nb\\\/\"},{\"@type\":\"ListItem\",\"position\":2,\"name\":\"Pars pro toto\"}]},{\"@type\":\"WebSite\",\"@id\":\"https:\\\/\\\/notabene.world\\\/nb\\\/#website\",\"url\":\"https:\\\/\\\/notabene.world\\\/nb\\\/\",\"name\":\"NOTABENE.WORLD\",\"description\":\"Przekaz. Warto\u015bci. Wsp\u00f3lnota.\",\"publisher\":{\"@id\":\"https:\\\/\\\/notabene.world\\\/nb\\\/#organization\"},\"potentialAction\":[{\"@type\":\"SearchAction\",\"target\":{\"@type\":\"EntryPoint\",\"urlTemplate\":\"https:\\\/\\\/notabene.world\\\/nb\\\/?s={search_term_string}\"},\"query-input\":{\"@type\":\"PropertyValueSpecification\",\"valueRequired\":true,\"valueName\":\"search_term_string\"}}],\"inLanguage\":\"pl-PL\"},{\"@type\":\"Organization\",\"@id\":\"https:\\\/\\\/notabene.world\\\/nb\\\/#organization\",\"name\":\"NOTABENE.WORLD\",\"url\":\"https:\\\/\\\/notabene.world\\\/nb\\\/\",\"logo\":{\"@type\":\"ImageObject\",\"inLanguage\":\"pl-PL\",\"@id\":\"https:\\\/\\\/notabene.world\\\/nb\\\/#\\\/schema\\\/logo\\\/image\\\/\",\"url\":\"https:\\\/\\\/notabene.world\\\/nb\\\/wp-content\\\/uploads\\\/2022\\\/01\\\/NB-club-start-www1.jpg\",\"contentUrl\":\"https:\\\/\\\/notabene.world\\\/nb\\\/wp-content\\\/uploads\\\/2022\\\/01\\\/NB-club-start-www1.jpg\",\"width\":1000,\"height\":839,\"caption\":\"NOTABENE.WORLD\"},\"image\":{\"@id\":\"https:\\\/\\\/notabene.world\\\/nb\\\/#\\\/schema\\\/logo\\\/image\\\/\"},\"sameAs\":[\"https:\\\/\\\/www.facebook.com\\\/Notabene.World\"]},{\"@type\":\"Person\",\"@id\":\"https:\\\/\\\/notabene.world\\\/nb\\\/#\\\/schema\\\/person\\\/2227ed509f9261e544f6078919e1981d\",\"name\":\"C vel K\",\"image\":{\"@type\":\"ImageObject\",\"inLanguage\":\"pl-PL\",\"@id\":\"https:\\\/\\\/secure.gravatar.com\\\/avatar\\\/da4181237ddf77c667487dd66af5231faaf45fbcb0774d7a408f868da56bf04c?s=96&d=mm&r=g\",\"url\":\"https:\\\/\\\/secure.gravatar.com\\\/avatar\\\/da4181237ddf77c667487dd66af5231faaf45fbcb0774d7a408f868da56bf04c?s=96&d=mm&r=g\",\"contentUrl\":\"https:\\\/\\\/secure.gravatar.com\\\/avatar\\\/da4181237ddf77c667487dd66af5231faaf45fbcb0774d7a408f868da56bf04c?s=96&d=mm&r=g\",\"caption\":\"C vel K\"},\"url\":\"https:\\\/\\\/notabene.world\\\/nb\\\/author\\\/kcedro\\\/\"}]}<\/script>\n<!-- \/ Yoast SEO plugin. -->","yoast_head_json":{"title":"Pars pro toto - NOTABENE.WORLD","robots":{"index":"index","follow":"follow","max-snippet":"max-snippet:-1","max-image-preview":"max-image-preview:large","max-video-preview":"max-video-preview:-1"},"canonical":"https:\/\/notabene.world\/nb\/pars-pro-toto\/","og_locale":"pl_PL","og_type":"article","og_title":"Pars pro toto - NOTABENE.WORLD","og_description":"W\u0142a\u015bciwie tydzie\u0144 powinien wystarczy\u0107, by\u015bmy zdo\u0142ali otrz\u0105sn\u0105\u0107 si\u0119 z wyborczego amoku ostatnich miesi\u0119cy. Im bardziej pragniemy zrozumie\u0107 to, co si\u0119 sta\u0142o, tym trudniej zbli\u017cy\u0107 si\u0119 do odpowiedzi na pytanie: co dalej?","og_url":"https:\/\/notabene.world\/nb\/pars-pro-toto\/","og_site_name":"NOTABENE.WORLD","article_publisher":"https:\/\/www.facebook.com\/Notabene.World","article_published_time":"2022-07-18T23:19:00+00:00","article_modified_time":"2024-11-17T23:01:35+00:00","og_image":[{"width":800,"height":445,"url":"https:\/\/notabene.world\/nb\/wp-content\/uploads\/2020\/07\/wyb2020.jpg","type":"image\/jpeg"}],"author":"C vel K","twitter_card":"summary_large_image","twitter_misc":{"Napisane przez":"C vel K","Szacowany czas czytania":"3 minuty"},"schema":{"@context":"https:\/\/schema.org","@graph":[{"@type":"Article","@id":"https:\/\/notabene.world\/nb\/pars-pro-toto\/#article","isPartOf":{"@id":"https:\/\/notabene.world\/nb\/pars-pro-toto\/"},"author":{"name":"C vel K","@id":"https:\/\/notabene.world\/nb\/#\/schema\/person\/2227ed509f9261e544f6078919e1981d"},"headline":"Pars pro toto","datePublished":"2022-07-18T23:19:00+00:00","dateModified":"2024-11-17T23:01:35+00:00","mainEntityOfPage":{"@id":"https:\/\/notabene.world\/nb\/pars-pro-toto\/"},"wordCount":423,"publisher":{"@id":"https:\/\/notabene.world\/nb\/#organization"},"image":{"@id":"https:\/\/notabene.world\/nb\/pars-pro-toto\/#primaryimage"},"thumbnailUrl":"https:\/\/i0.wp.com\/notabene.world\/nb\/wp-content\/uploads\/2020\/07\/wyb2020.jpg?fit=800%2C445&ssl=1","articleSection":["Felietony","Polityka","Publicystyka","WI\u0118CEJ \u015aWIAT(\u0141)A"],"inLanguage":"pl-PL"},{"@type":"WebPage","@id":"https:\/\/notabene.world\/nb\/pars-pro-toto\/","url":"https:\/\/notabene.world\/nb\/pars-pro-toto\/","name":"Pars pro toto - NOTABENE.WORLD","isPartOf":{"@id":"https:\/\/notabene.world\/nb\/#website"},"primaryImageOfPage":{"@id":"https:\/\/notabene.world\/nb\/pars-pro-toto\/#primaryimage"},"image":{"@id":"https:\/\/notabene.world\/nb\/pars-pro-toto\/#primaryimage"},"thumbnailUrl":"https:\/\/i0.wp.com\/notabene.world\/nb\/wp-content\/uploads\/2020\/07\/wyb2020.jpg?fit=800%2C445&ssl=1","datePublished":"2022-07-18T23:19:00+00:00","dateModified":"2024-11-17T23:01:35+00:00","breadcrumb":{"@id":"https:\/\/notabene.world\/nb\/pars-pro-toto\/#breadcrumb"},"inLanguage":"pl-PL","potentialAction":[{"@type":"ReadAction","target":["https:\/\/notabene.world\/nb\/pars-pro-toto\/"]}]},{"@type":"ImageObject","inLanguage":"pl-PL","@id":"https:\/\/notabene.world\/nb\/pars-pro-toto\/#primaryimage","url":"https:\/\/i0.wp.com\/notabene.world\/nb\/wp-content\/uploads\/2020\/07\/wyb2020.jpg?fit=800%2C445&ssl=1","contentUrl":"https:\/\/i0.wp.com\/notabene.world\/nb\/wp-content\/uploads\/2020\/07\/wyb2020.jpg?fit=800%2C445&ssl=1","width":800,"height":445},{"@type":"BreadcrumbList","@id":"https:\/\/notabene.world\/nb\/pars-pro-toto\/#breadcrumb","itemListElement":[{"@type":"ListItem","position":1,"name":"Home","item":"https:\/\/notabene.world\/nb\/"},{"@type":"ListItem","position":2,"name":"Pars pro toto"}]},{"@type":"WebSite","@id":"https:\/\/notabene.world\/nb\/#website","url":"https:\/\/notabene.world\/nb\/","name":"NOTABENE.WORLD","description":"Przekaz. Warto\u015bci. Wsp\u00f3lnota.","publisher":{"@id":"https:\/\/notabene.world\/nb\/#organization"},"potentialAction":[{"@type":"SearchAction","target":{"@type":"EntryPoint","urlTemplate":"https:\/\/notabene.world\/nb\/?s={search_term_string}"},"query-input":{"@type":"PropertyValueSpecification","valueRequired":true,"valueName":"search_term_string"}}],"inLanguage":"pl-PL"},{"@type":"Organization","@id":"https:\/\/notabene.world\/nb\/#organization","name":"NOTABENE.WORLD","url":"https:\/\/notabene.world\/nb\/","logo":{"@type":"ImageObject","inLanguage":"pl-PL","@id":"https:\/\/notabene.world\/nb\/#\/schema\/logo\/image\/","url":"https:\/\/notabene.world\/nb\/wp-content\/uploads\/2022\/01\/NB-club-start-www1.jpg","contentUrl":"https:\/\/notabene.world\/nb\/wp-content\/uploads\/2022\/01\/NB-club-start-www1.jpg","width":1000,"height":839,"caption":"NOTABENE.WORLD"},"image":{"@id":"https:\/\/notabene.world\/nb\/#\/schema\/logo\/image\/"},"sameAs":["https:\/\/www.facebook.com\/Notabene.World"]},{"@type":"Person","@id":"https:\/\/notabene.world\/nb\/#\/schema\/person\/2227ed509f9261e544f6078919e1981d","name":"C vel K","image":{"@type":"ImageObject","inLanguage":"pl-PL","@id":"https:\/\/secure.gravatar.com\/avatar\/da4181237ddf77c667487dd66af5231faaf45fbcb0774d7a408f868da56bf04c?s=96&d=mm&r=g","url":"https:\/\/secure.gravatar.com\/avatar\/da4181237ddf77c667487dd66af5231faaf45fbcb0774d7a408f868da56bf04c?s=96&d=mm&r=g","contentUrl":"https:\/\/secure.gravatar.com\/avatar\/da4181237ddf77c667487dd66af5231faaf45fbcb0774d7a408f868da56bf04c?s=96&d=mm&r=g","caption":"C vel K"},"url":"https:\/\/notabene.world\/nb\/author\/kcedro\/"}]}},"jetpack_featured_media_url":"https:\/\/i0.wp.com\/notabene.world\/nb\/wp-content\/uploads\/2020\/07\/wyb2020.jpg?fit=800%2C445&ssl=1","jetpack_sharing_enabled":true,"jetpack_shortlink":"https:\/\/wp.me\/pdCobN-hG","_links":{"self":[{"href":"https:\/\/notabene.world\/nb\/wp-json\/wp\/v2\/posts\/1096","targetHints":{"allow":["GET"]}}],"collection":[{"href":"https:\/\/notabene.world\/nb\/wp-json\/wp\/v2\/posts"}],"about":[{"href":"https:\/\/notabene.world\/nb\/wp-json\/wp\/v2\/types\/post"}],"author":[{"embeddable":true,"href":"https:\/\/notabene.world\/nb\/wp-json\/wp\/v2\/users\/1"}],"replies":[{"embeddable":true,"href":"https:\/\/notabene.world\/nb\/wp-json\/wp\/v2\/comments?post=1096"}],"version-history":[{"count":5,"href":"https:\/\/notabene.world\/nb\/wp-json\/wp\/v2\/posts\/1096\/revisions"}],"predecessor-version":[{"id":13932,"href":"https:\/\/notabene.world\/nb\/wp-json\/wp\/v2\/posts\/1096\/revisions\/13932"}],"wp:featuredmedia":[{"embeddable":true,"href":"https:\/\/notabene.world\/nb\/wp-json\/wp\/v2\/media\/1098"}],"wp:attachment":[{"href":"https:\/\/notabene.world\/nb\/wp-json\/wp\/v2\/media?parent=1096"}],"wp:term":[{"taxonomy":"category","embeddable":true,"href":"https:\/\/notabene.world\/nb\/wp-json\/wp\/v2\/categories?post=1096"},{"taxonomy":"post_tag","embeddable":true,"href":"https:\/\/notabene.world\/nb\/wp-json\/wp\/v2\/tags?post=1096"}],"curies":[{"name":"wp","href":"https:\/\/api.w.org\/{rel}","templated":true}]}}