{"id":11174,"date":"2023-11-05T16:17:38","date_gmt":"2023-11-05T15:17:38","guid":{"rendered":"https:\/\/notabene.world\/nb\/?p=11174"},"modified":"2023-12-02T23:44:17","modified_gmt":"2023-12-02T22:44:17","slug":"rekordowe-277-miliardow-zlotych","status":"publish","type":"post","link":"https:\/\/notabene.world\/nb\/rekordowe-277-miliardow-zlotych\/","title":{"rendered":"Rekordowe 277 miliard\u00f3w z\u0142otych?"},"content":{"rendered":"<p>Niedziela. Dzi\u015b wyj\u0105tkowo herbata z cytryn\u0105. Niestety rozpocz\u0105\u0142 si\u0119 sezon przezi\u0119bie\u0144, mamy te\u017c drug\u0105 fal\u0119 grypy. Wida\u0107 to po liczbie pacjent\u00f3w w przychodniach i aptekach. Jak wynika ze statystyk, ka\u017cdego roku w Polsce choruje na gryp\u0119 oko\u0142o 4,5 miliona os\u00f3b. Nie wolno lekcewa\u017cy\u0107 tej choroby, bo jej skutki dla organizmu mog\u0105 by\u0107 bardzo z\u0142e, np. powik\u0142ania kardiologiczne, co w perspektywie \u015bredniego czasu oczekiwania na kardiologa (301 dni; w 2015 \u201etylko\u201d 120 dni) powinno budzi\u0107 niepok\u00f3j.<\/p>\n<p>Po ostatnich pogodnych dniach \u00a0mamy ju\u017c typow\u0105 jesienn\u0105 pogod\u0119. W sobot\u0119 na Kasprowym Wierchu spad\u0142 \u015bnieg. Na szcz\u0119\u015bcie 1 listopada by\u0142 dniem pogodnym, sprzyjaj\u0105cym zadumie i spokojnym cmentarnym w\u0119dr\u00f3wkom.<\/p>\n<p>Pogoda by\u0142a wielce \u0142askawa tak\u017ce dla kwestuj\u0105cych na renowacj\u0119 zabytkowych nagrobk\u00f3w na \u00a0cmentarzach w ca\u0142ym kraju. Tegoroczne zbi\u00f3rki by\u0142y rekordowe w ca\u0142ym kraju, np. w Kielcach zebrano 64 tysi\u0119cy z\u0142otych. W Zakopanem do puszek trafi\u0142o blisko 30 tysi\u0119cy z\u0142otych, a w Nowym Targu prawie 36 tysi\u0119cy. Pozwoli to wyremontowa\u0107 kolejne zabytki architektury sepulkralnej.<\/p>\n<p>Wyniki kwesty potwierdzaj\u0105, \u017ce jeste\u015bmy spo\u0142ecze\u0144stwem hojnym i empatycznym cho\u0107 &#8211; jak wynika z ostatnich sonda\u017cy &#8211; niezbyt zamo\u017cnym. Tylko 50% Polak\u00f3w deklaruje, \u017ce ma oszcz\u0119dno\u015bci. Tylko co trzeci Polak regularnie oszcz\u0119dza. Najwi\u0119cej, bo 28% z grupy oszcz\u0119dzaj\u0105cych ma od\u0142o\u017con\u0105 r\u00f3wnowarto\u015b\u0107 co najmniej 5 swoich pensji. Pozostali maj\u0105 najcz\u0119\u015bciej od\u0142o\u017cone 10 tysi\u0119cy z\u0142otych. Pozosta\u0142e 50% spo\u0142ecze\u0144stwa \u017cyje\u00a0 \u201eod pierwszego do pierwszego\u201d. Rosn\u0105ce koszty \u017cycia sprawiaj\u0105, \u017ce poza ograniczeniem konsumpcji niekt\u00f3rzy podejmuj\u0105 dodatkowe zatrudnienie. Ale a\u017c 342 tysi\u0105ce rodak\u00f3w pracuje w szarej strefie. Czyli nie odprowadza podatk\u00f3w ani sk\u0142adek do ZUS-u, nie ma te\u017c \u017cadnej ochrony wynikaj\u0105cej z zapis\u00f3w Kodeksu Pracy. Je\u015bli musimy to albo dorabiamy albo po\u017cyczamy, wed\u0142ug ostatnich bada\u0144 a\u017c 14,7 miliona Polak\u00f3w ma kredyt lub po\u017cyczk\u0119.<\/p>\n<p>Musimy cz\u0119sto uzupe\u0142nia\u0107 bud\u017cet domowy bo zbli\u017caj\u0105ca si\u0119 zima to zawsze wy\u017csze koszty \u017cycia codziennego. Ogrzewamy mieszkania, zu\u017cywamy wi\u0119cej energii elektrycznej. I tak ceny w\u0119gla energetycznego wzros\u0142y we wrze\u015bniu dla odbiorcy indywidualnego o 5,4% (w por\u00f3wnaniu do sierpnia 2023), a dla rynku ciep\u0142a a\u017c o 12,9%. W ten spos\u00f3b w\u0119giel ze \u015al\u0105ska jest najdro\u017cszy w historii. B\u0119dzie to jedna z g\u0142\u00f3wnych przyczyn planowanych podwy\u017cek cen energii elektrycznej. M\u00f3wi si\u0119 o 60 \u2013 70% podwy\u017ckach rachunk\u00f3w za pr\u0105d od 2024 roku. W ci\u0105gu 2 lat ceny \u015bl\u0105skiego w\u0119gla dla energetyki wzros\u0142y a\u017c o 202,3 %. Przysz\u0142y rz\u0105d prawdopodobnie b\u0119dzie zmuszony do dalszego zamro\u017cenia cen energii na poziomie tegorocznych cen (lub niewielkich wzrostach) dla odbiorc\u00f3w indywidualnych, samorz\u0105d\u00f3w i podmiot\u00f3w tzw. wra\u017cliwych. Ile to b\u0119dzie kosztowa\u0142o?<\/p>\n<p>To jedno z wielu pyta\u0144, kt\u00f3re musi\u00a0 sobie zada\u0107 przysz\u0142y minister gospodarki, finans\u00f3w i premier. Na pewno trzeba b\u0119dzie\u00a0 znowelizowa\u0107\u00a0 zapisy bud\u017cetu na przysz\u0142y rok, bo ju\u017c w tej chwili wida\u0107, \u017ce w wielu punktach s\u0105 nierealne. Wed\u0142ug raportu \u201ePrawdziwy bud\u017cet 2024 roku\u201d w projekcie przysz\u0142orocznego bud\u017cetu nie uj\u0119to cz\u0119\u015bci wydatk\u00f3w i przeszacowano wp\u0142ywy z podatk\u00f3w. Efekt? Deficyt wyniesie nie 164 miliardy z\u0142otych, ale 277 miliard\u00f3w. To rekord rekord\u00f3w.<\/p>\n<p>A w Ukrainie wrze. G\u0142\u00f3wnodowodz\u0105cy ukrai\u0144skich si\u0142 zbrojnych Za\u0142u\u017cny stwierdzi\u0142, \u017ce \u201ewojna znalaz\u0142a si\u0119 w impasie, kt\u00f3ry trudno prze\u0142ama\u0107\u201d. Sytuacj\u0119 pogarsza fakt, \u017ce od czasu ataku Hamasu na Izrael najwi\u0119kszy sojusznik Ukrainy Stany Zjednoczone boryka si\u0119 z problemem pomocy dla Izraela i Ukrainy jednocze\u015bnie.<\/p>\n","protected":false},"excerpt":{"rendered":"<p>Musimy cz\u0119sto uzupe\u0142nia\u0107 bud\u017cet domowy bo zbli\u017caj\u0105ca si\u0119 zima to zawsze wy\u017csze koszty \u017cycia codziennego. Ogrzewamy mieszkania, zu\u017cywamy wi\u0119cej energii elektrycznej. I tak ceny w\u0119gla energetycznego wzros\u0142y we wrze\u015bniu dla odbiorcy indywidualnego o 5,4% (w por\u00f3wnaniu do sierpnia 2023), a dla rynku ciep\u0142a a\u017c o 12,9%. W ten spos\u00f3b w\u0119giel ze \u015al\u0105ska jest najdro\u017cszy w historii. B\u0119dzie to jedna z g\u0142\u00f3wnych przyczyn planowanych podwy\u017cek cen energii elektrycznej. M\u00f3wi si\u0119 o 60 \u2013 70% podwy\u017ckach rachunk\u00f3w za pr\u0105d od 2024 roku. W ci\u0105gu 2 lat ceny \u015bl\u0105skiego w\u0119gla dla energetyki wzros\u0142y a\u017c o 202,3 %. Przysz\u0142y rz\u0105d prawdopodobnie b\u0119dzie zmuszony do dalszego zamro\u017cenia cen energii na poziomie tegorocznych cen (lub niewielkich wzrostach) dla odbiorc\u00f3w indywidualnych, samorz\u0105d\u00f3w i podmiot\u00f3w tzw. wra\u017cliwych. Ile to b\u0119dzie kosztowa\u0142o?<\/p>\n","protected":false},"author":35,"featured_media":11175,"comment_status":"closed","ping_status":"closed","sticky":false,"template":"","format":"standard","meta":{"colormag_page_container_layout":"no_sidebar_content_centered","colormag_page_sidebar_layout":"no_sidebar","_jetpack_memberships_contains_paid_content":false,"footnotes":"","_links_to":"","_links_to_target":""},"categories":[64,42,175],"tags":[],"class_list":["post-11174","post","type-post","status-publish","format-standard","has-post-thumbnail","hentry","category-aktualnosci","category-felietony","category-liczby-i-fakty"],"yoast_head":"<!-- This site is optimized with the Yoast SEO plugin v27.4 - https:\/\/yoast.com\/product\/yoast-seo-wordpress\/ -->\n<title>Rekordowe 277 miliard\u00f3w z\u0142otych? - NOTABENE.WORLD<\/title>\n<meta name=\"robots\" content=\"index, follow, max-snippet:-1, max-image-preview:large, max-video-preview:-1\" \/>\n<link rel=\"canonical\" href=\"https:\/\/notabene.world\/nb\/rekordowe-277-miliardow-zlotych\/\" \/>\n<meta property=\"og:locale\" content=\"pl_PL\" \/>\n<meta property=\"og:type\" content=\"article\" \/>\n<meta property=\"og:title\" content=\"Rekordowe 277 miliard\u00f3w z\u0142otych? - NOTABENE.WORLD\" \/>\n<meta property=\"og:description\" content=\"Musimy cz\u0119sto uzupe\u0142nia\u0107 bud\u017cet domowy bo zbli\u017caj\u0105ca si\u0119 zima to zawsze wy\u017csze koszty \u017cycia codziennego. Ogrzewamy mieszkania, zu\u017cywamy wi\u0119cej energii elektrycznej. I tak ceny w\u0119gla energetycznego wzros\u0142y we wrze\u015bniu dla odbiorcy indywidualnego o 5,4% (w por\u00f3wnaniu do sierpnia 2023), a dla rynku ciep\u0142a a\u017c o 12,9%. W ten spos\u00f3b w\u0119giel ze \u015al\u0105ska jest najdro\u017cszy w historii. B\u0119dzie to jedna z g\u0142\u00f3wnych przyczyn planowanych podwy\u017cek cen energii elektrycznej. M\u00f3wi si\u0119 o 60 \u2013 70% podwy\u017ckach rachunk\u00f3w za pr\u0105d od 2024 roku. W ci\u0105gu 2 lat ceny \u015bl\u0105skiego w\u0119gla dla energetyki wzros\u0142y a\u017c o 202,3 %. Przysz\u0142y rz\u0105d prawdopodobnie b\u0119dzie zmuszony do dalszego zamro\u017cenia cen energii na poziomie tegorocznych cen (lub niewielkich wzrostach) dla odbiorc\u00f3w indywidualnych, samorz\u0105d\u00f3w i podmiot\u00f3w tzw. wra\u017cliwych. Ile to b\u0119dzie kosztowa\u0142o?\" \/>\n<meta property=\"og:url\" content=\"https:\/\/notabene.world\/nb\/rekordowe-277-miliardow-zlotych\/\" \/>\n<meta property=\"og:site_name\" content=\"NOTABENE.WORLD\" \/>\n<meta property=\"article:publisher\" content=\"https:\/\/www.facebook.com\/Notabene.World\" \/>\n<meta property=\"article:published_time\" content=\"2023-11-05T15:17:38+00:00\" \/>\n<meta property=\"article:modified_time\" content=\"2023-12-02T22:44:17+00:00\" \/>\n<meta property=\"og:image\" content=\"https:\/\/notabene.world\/nb\/wp-content\/uploads\/2023\/11\/52ld.jpg\" \/>\n\t<meta property=\"og:image:width\" content=\"800\" \/>\n\t<meta property=\"og:image:height\" content=\"445\" \/>\n\t<meta property=\"og:image:type\" content=\"image\/jpeg\" \/>\n<meta name=\"author\" content=\"B D\" \/>\n<meta name=\"twitter:card\" content=\"summary_large_image\" \/>\n<meta name=\"twitter:label1\" content=\"Napisane przez\" \/>\n\t<meta name=\"twitter:data1\" content=\"B D\" \/>\n\t<meta name=\"twitter:label2\" content=\"Szacowany czas czytania\" \/>\n\t<meta name=\"twitter:data2\" content=\"3 minuty\" \/>\n<script type=\"application\/ld+json\" class=\"yoast-schema-graph\">{\"@context\":\"https:\\\/\\\/schema.org\",\"@graph\":[{\"@type\":\"Article\",\"@id\":\"https:\\\/\\\/notabene.world\\\/nb\\\/rekordowe-277-miliardow-zlotych\\\/#article\",\"isPartOf\":{\"@id\":\"https:\\\/\\\/notabene.world\\\/nb\\\/rekordowe-277-miliardow-zlotych\\\/\"},\"author\":{\"name\":\"B D\",\"@id\":\"https:\\\/\\\/notabene.world\\\/nb\\\/#\\\/schema\\\/person\\\/9081f0d094ad3e2767736feb48c99520\"},\"headline\":\"Rekordowe 277 miliard\u00f3w z\u0142otych?\",\"datePublished\":\"2023-11-05T15:17:38+00:00\",\"dateModified\":\"2023-12-02T22:44:17+00:00\",\"mainEntityOfPage\":{\"@id\":\"https:\\\/\\\/notabene.world\\\/nb\\\/rekordowe-277-miliardow-zlotych\\\/\"},\"wordCount\":619,\"publisher\":{\"@id\":\"https:\\\/\\\/notabene.world\\\/nb\\\/#organization\"},\"image\":{\"@id\":\"https:\\\/\\\/notabene.world\\\/nb\\\/rekordowe-277-miliardow-zlotych\\\/#primaryimage\"},\"thumbnailUrl\":\"https:\\\/\\\/i0.wp.com\\\/notabene.world\\\/nb\\\/wp-content\\\/uploads\\\/2023\\\/11\\\/52ld.jpg?fit=800%2C445&ssl=1\",\"articleSection\":[\"Aktualno\u015bci\",\"Felietony\",\"Liczby i Fakty\"],\"inLanguage\":\"pl-PL\"},{\"@type\":\"WebPage\",\"@id\":\"https:\\\/\\\/notabene.world\\\/nb\\\/rekordowe-277-miliardow-zlotych\\\/\",\"url\":\"https:\\\/\\\/notabene.world\\\/nb\\\/rekordowe-277-miliardow-zlotych\\\/\",\"name\":\"Rekordowe 277 miliard\u00f3w z\u0142otych? - NOTABENE.WORLD\",\"isPartOf\":{\"@id\":\"https:\\\/\\\/notabene.world\\\/nb\\\/#website\"},\"primaryImageOfPage\":{\"@id\":\"https:\\\/\\\/notabene.world\\\/nb\\\/rekordowe-277-miliardow-zlotych\\\/#primaryimage\"},\"image\":{\"@id\":\"https:\\\/\\\/notabene.world\\\/nb\\\/rekordowe-277-miliardow-zlotych\\\/#primaryimage\"},\"thumbnailUrl\":\"https:\\\/\\\/i0.wp.com\\\/notabene.world\\\/nb\\\/wp-content\\\/uploads\\\/2023\\\/11\\\/52ld.jpg?fit=800%2C445&ssl=1\",\"datePublished\":\"2023-11-05T15:17:38+00:00\",\"dateModified\":\"2023-12-02T22:44:17+00:00\",\"breadcrumb\":{\"@id\":\"https:\\\/\\\/notabene.world\\\/nb\\\/rekordowe-277-miliardow-zlotych\\\/#breadcrumb\"},\"inLanguage\":\"pl-PL\",\"potentialAction\":[{\"@type\":\"ReadAction\",\"target\":[\"https:\\\/\\\/notabene.world\\\/nb\\\/rekordowe-277-miliardow-zlotych\\\/\"]}]},{\"@type\":\"ImageObject\",\"inLanguage\":\"pl-PL\",\"@id\":\"https:\\\/\\\/notabene.world\\\/nb\\\/rekordowe-277-miliardow-zlotych\\\/#primaryimage\",\"url\":\"https:\\\/\\\/i0.wp.com\\\/notabene.world\\\/nb\\\/wp-content\\\/uploads\\\/2023\\\/11\\\/52ld.jpg?fit=800%2C445&ssl=1\",\"contentUrl\":\"https:\\\/\\\/i0.wp.com\\\/notabene.world\\\/nb\\\/wp-content\\\/uploads\\\/2023\\\/11\\\/52ld.jpg?fit=800%2C445&ssl=1\",\"width\":800,\"height\":445},{\"@type\":\"BreadcrumbList\",\"@id\":\"https:\\\/\\\/notabene.world\\\/nb\\\/rekordowe-277-miliardow-zlotych\\\/#breadcrumb\",\"itemListElement\":[{\"@type\":\"ListItem\",\"position\":1,\"name\":\"Home\",\"item\":\"https:\\\/\\\/notabene.world\\\/nb\\\/\"},{\"@type\":\"ListItem\",\"position\":2,\"name\":\"Rekordowe 277 miliard\u00f3w z\u0142otych?\"}]},{\"@type\":\"WebSite\",\"@id\":\"https:\\\/\\\/notabene.world\\\/nb\\\/#website\",\"url\":\"https:\\\/\\\/notabene.world\\\/nb\\\/\",\"name\":\"NOTABENE.WORLD\",\"description\":\"Przekaz. Warto\u015bci. Wsp\u00f3lnota.\",\"publisher\":{\"@id\":\"https:\\\/\\\/notabene.world\\\/nb\\\/#organization\"},\"potentialAction\":[{\"@type\":\"SearchAction\",\"target\":{\"@type\":\"EntryPoint\",\"urlTemplate\":\"https:\\\/\\\/notabene.world\\\/nb\\\/?s={search_term_string}\"},\"query-input\":{\"@type\":\"PropertyValueSpecification\",\"valueRequired\":true,\"valueName\":\"search_term_string\"}}],\"inLanguage\":\"pl-PL\"},{\"@type\":\"Organization\",\"@id\":\"https:\\\/\\\/notabene.world\\\/nb\\\/#organization\",\"name\":\"NOTABENE.WORLD\",\"url\":\"https:\\\/\\\/notabene.world\\\/nb\\\/\",\"logo\":{\"@type\":\"ImageObject\",\"inLanguage\":\"pl-PL\",\"@id\":\"https:\\\/\\\/notabene.world\\\/nb\\\/#\\\/schema\\\/logo\\\/image\\\/\",\"url\":\"https:\\\/\\\/notabene.world\\\/nb\\\/wp-content\\\/uploads\\\/2022\\\/01\\\/NB-club-start-www1.jpg\",\"contentUrl\":\"https:\\\/\\\/notabene.world\\\/nb\\\/wp-content\\\/uploads\\\/2022\\\/01\\\/NB-club-start-www1.jpg\",\"width\":1000,\"height\":839,\"caption\":\"NOTABENE.WORLD\"},\"image\":{\"@id\":\"https:\\\/\\\/notabene.world\\\/nb\\\/#\\\/schema\\\/logo\\\/image\\\/\"},\"sameAs\":[\"https:\\\/\\\/www.facebook.com\\\/Notabene.World\"]},{\"@type\":\"Person\",\"@id\":\"https:\\\/\\\/notabene.world\\\/nb\\\/#\\\/schema\\\/person\\\/9081f0d094ad3e2767736feb48c99520\",\"name\":\"B D\",\"image\":{\"@type\":\"ImageObject\",\"inLanguage\":\"pl-PL\",\"@id\":\"https:\\\/\\\/secure.gravatar.com\\\/avatar\\\/ebcdcd8c0a7789c85d5a03ead2e68bda7a5fcb1ab728d56a4bd678c5ea15faa2?s=96&d=mm&r=g\",\"url\":\"https:\\\/\\\/secure.gravatar.com\\\/avatar\\\/ebcdcd8c0a7789c85d5a03ead2e68bda7a5fcb1ab728d56a4bd678c5ea15faa2?s=96&d=mm&r=g\",\"contentUrl\":\"https:\\\/\\\/secure.gravatar.com\\\/avatar\\\/ebcdcd8c0a7789c85d5a03ead2e68bda7a5fcb1ab728d56a4bd678c5ea15faa2?s=96&d=mm&r=g\",\"caption\":\"B D\"},\"url\":\"https:\\\/\\\/notabene.world\\\/nb\\\/author\\\/jo-d\\\/\"}]}<\/script>\n<!-- \/ Yoast SEO plugin. -->","yoast_head_json":{"title":"Rekordowe 277 miliard\u00f3w z\u0142otych? - NOTABENE.WORLD","robots":{"index":"index","follow":"follow","max-snippet":"max-snippet:-1","max-image-preview":"max-image-preview:large","max-video-preview":"max-video-preview:-1"},"canonical":"https:\/\/notabene.world\/nb\/rekordowe-277-miliardow-zlotych\/","og_locale":"pl_PL","og_type":"article","og_title":"Rekordowe 277 miliard\u00f3w z\u0142otych? - NOTABENE.WORLD","og_description":"Musimy cz\u0119sto uzupe\u0142nia\u0107 bud\u017cet domowy bo zbli\u017caj\u0105ca si\u0119 zima to zawsze wy\u017csze koszty \u017cycia codziennego. Ogrzewamy mieszkania, zu\u017cywamy wi\u0119cej energii elektrycznej. I tak ceny w\u0119gla energetycznego wzros\u0142y we wrze\u015bniu dla odbiorcy indywidualnego o 5,4% (w por\u00f3wnaniu do sierpnia 2023), a dla rynku ciep\u0142a a\u017c o 12,9%. W ten spos\u00f3b w\u0119giel ze \u015al\u0105ska jest najdro\u017cszy w historii. B\u0119dzie to jedna z g\u0142\u00f3wnych przyczyn planowanych podwy\u017cek cen energii elektrycznej. M\u00f3wi si\u0119 o 60 \u2013 70% podwy\u017ckach rachunk\u00f3w za pr\u0105d od 2024 roku. W ci\u0105gu 2 lat ceny \u015bl\u0105skiego w\u0119gla dla energetyki wzros\u0142y a\u017c o 202,3 %. Przysz\u0142y rz\u0105d prawdopodobnie b\u0119dzie zmuszony do dalszego zamro\u017cenia cen energii na poziomie tegorocznych cen (lub niewielkich wzrostach) dla odbiorc\u00f3w indywidualnych, samorz\u0105d\u00f3w i podmiot\u00f3w tzw. wra\u017cliwych. Ile to b\u0119dzie kosztowa\u0142o?","og_url":"https:\/\/notabene.world\/nb\/rekordowe-277-miliardow-zlotych\/","og_site_name":"NOTABENE.WORLD","article_publisher":"https:\/\/www.facebook.com\/Notabene.World","article_published_time":"2023-11-05T15:17:38+00:00","article_modified_time":"2023-12-02T22:44:17+00:00","og_image":[{"width":800,"height":445,"url":"https:\/\/notabene.world\/nb\/wp-content\/uploads\/2023\/11\/52ld.jpg","type":"image\/jpeg"}],"author":"B D","twitter_card":"summary_large_image","twitter_misc":{"Napisane przez":"B D","Szacowany czas czytania":"3 minuty"},"schema":{"@context":"https:\/\/schema.org","@graph":[{"@type":"Article","@id":"https:\/\/notabene.world\/nb\/rekordowe-277-miliardow-zlotych\/#article","isPartOf":{"@id":"https:\/\/notabene.world\/nb\/rekordowe-277-miliardow-zlotych\/"},"author":{"name":"B D","@id":"https:\/\/notabene.world\/nb\/#\/schema\/person\/9081f0d094ad3e2767736feb48c99520"},"headline":"Rekordowe 277 miliard\u00f3w z\u0142otych?","datePublished":"2023-11-05T15:17:38+00:00","dateModified":"2023-12-02T22:44:17+00:00","mainEntityOfPage":{"@id":"https:\/\/notabene.world\/nb\/rekordowe-277-miliardow-zlotych\/"},"wordCount":619,"publisher":{"@id":"https:\/\/notabene.world\/nb\/#organization"},"image":{"@id":"https:\/\/notabene.world\/nb\/rekordowe-277-miliardow-zlotych\/#primaryimage"},"thumbnailUrl":"https:\/\/i0.wp.com\/notabene.world\/nb\/wp-content\/uploads\/2023\/11\/52ld.jpg?fit=800%2C445&ssl=1","articleSection":["Aktualno\u015bci","Felietony","Liczby i Fakty"],"inLanguage":"pl-PL"},{"@type":"WebPage","@id":"https:\/\/notabene.world\/nb\/rekordowe-277-miliardow-zlotych\/","url":"https:\/\/notabene.world\/nb\/rekordowe-277-miliardow-zlotych\/","name":"Rekordowe 277 miliard\u00f3w z\u0142otych? - NOTABENE.WORLD","isPartOf":{"@id":"https:\/\/notabene.world\/nb\/#website"},"primaryImageOfPage":{"@id":"https:\/\/notabene.world\/nb\/rekordowe-277-miliardow-zlotych\/#primaryimage"},"image":{"@id":"https:\/\/notabene.world\/nb\/rekordowe-277-miliardow-zlotych\/#primaryimage"},"thumbnailUrl":"https:\/\/i0.wp.com\/notabene.world\/nb\/wp-content\/uploads\/2023\/11\/52ld.jpg?fit=800%2C445&ssl=1","datePublished":"2023-11-05T15:17:38+00:00","dateModified":"2023-12-02T22:44:17+00:00","breadcrumb":{"@id":"https:\/\/notabene.world\/nb\/rekordowe-277-miliardow-zlotych\/#breadcrumb"},"inLanguage":"pl-PL","potentialAction":[{"@type":"ReadAction","target":["https:\/\/notabene.world\/nb\/rekordowe-277-miliardow-zlotych\/"]}]},{"@type":"ImageObject","inLanguage":"pl-PL","@id":"https:\/\/notabene.world\/nb\/rekordowe-277-miliardow-zlotych\/#primaryimage","url":"https:\/\/i0.wp.com\/notabene.world\/nb\/wp-content\/uploads\/2023\/11\/52ld.jpg?fit=800%2C445&ssl=1","contentUrl":"https:\/\/i0.wp.com\/notabene.world\/nb\/wp-content\/uploads\/2023\/11\/52ld.jpg?fit=800%2C445&ssl=1","width":800,"height":445},{"@type":"BreadcrumbList","@id":"https:\/\/notabene.world\/nb\/rekordowe-277-miliardow-zlotych\/#breadcrumb","itemListElement":[{"@type":"ListItem","position":1,"name":"Home","item":"https:\/\/notabene.world\/nb\/"},{"@type":"ListItem","position":2,"name":"Rekordowe 277 miliard\u00f3w z\u0142otych?"}]},{"@type":"WebSite","@id":"https:\/\/notabene.world\/nb\/#website","url":"https:\/\/notabene.world\/nb\/","name":"NOTABENE.WORLD","description":"Przekaz. Warto\u015bci. Wsp\u00f3lnota.","publisher":{"@id":"https:\/\/notabene.world\/nb\/#organization"},"potentialAction":[{"@type":"SearchAction","target":{"@type":"EntryPoint","urlTemplate":"https:\/\/notabene.world\/nb\/?s={search_term_string}"},"query-input":{"@type":"PropertyValueSpecification","valueRequired":true,"valueName":"search_term_string"}}],"inLanguage":"pl-PL"},{"@type":"Organization","@id":"https:\/\/notabene.world\/nb\/#organization","name":"NOTABENE.WORLD","url":"https:\/\/notabene.world\/nb\/","logo":{"@type":"ImageObject","inLanguage":"pl-PL","@id":"https:\/\/notabene.world\/nb\/#\/schema\/logo\/image\/","url":"https:\/\/notabene.world\/nb\/wp-content\/uploads\/2022\/01\/NB-club-start-www1.jpg","contentUrl":"https:\/\/notabene.world\/nb\/wp-content\/uploads\/2022\/01\/NB-club-start-www1.jpg","width":1000,"height":839,"caption":"NOTABENE.WORLD"},"image":{"@id":"https:\/\/notabene.world\/nb\/#\/schema\/logo\/image\/"},"sameAs":["https:\/\/www.facebook.com\/Notabene.World"]},{"@type":"Person","@id":"https:\/\/notabene.world\/nb\/#\/schema\/person\/9081f0d094ad3e2767736feb48c99520","name":"B D","image":{"@type":"ImageObject","inLanguage":"pl-PL","@id":"https:\/\/secure.gravatar.com\/avatar\/ebcdcd8c0a7789c85d5a03ead2e68bda7a5fcb1ab728d56a4bd678c5ea15faa2?s=96&d=mm&r=g","url":"https:\/\/secure.gravatar.com\/avatar\/ebcdcd8c0a7789c85d5a03ead2e68bda7a5fcb1ab728d56a4bd678c5ea15faa2?s=96&d=mm&r=g","contentUrl":"https:\/\/secure.gravatar.com\/avatar\/ebcdcd8c0a7789c85d5a03ead2e68bda7a5fcb1ab728d56a4bd678c5ea15faa2?s=96&d=mm&r=g","caption":"B D"},"url":"https:\/\/notabene.world\/nb\/author\/jo-d\/"}]}},"jetpack_featured_media_url":"https:\/\/i0.wp.com\/notabene.world\/nb\/wp-content\/uploads\/2023\/11\/52ld.jpg?fit=800%2C445&ssl=1","jetpack_sharing_enabled":true,"jetpack_shortlink":"https:\/\/wp.me\/pdCobN-2Ue","_links":{"self":[{"href":"https:\/\/notabene.world\/nb\/wp-json\/wp\/v2\/posts\/11174","targetHints":{"allow":["GET"]}}],"collection":[{"href":"https:\/\/notabene.world\/nb\/wp-json\/wp\/v2\/posts"}],"about":[{"href":"https:\/\/notabene.world\/nb\/wp-json\/wp\/v2\/types\/post"}],"author":[{"embeddable":true,"href":"https:\/\/notabene.world\/nb\/wp-json\/wp\/v2\/users\/35"}],"replies":[{"embeddable":true,"href":"https:\/\/notabene.world\/nb\/wp-json\/wp\/v2\/comments?post=11174"}],"version-history":[{"count":1,"href":"https:\/\/notabene.world\/nb\/wp-json\/wp\/v2\/posts\/11174\/revisions"}],"predecessor-version":[{"id":11176,"href":"https:\/\/notabene.world\/nb\/wp-json\/wp\/v2\/posts\/11174\/revisions\/11176"}],"wp:featuredmedia":[{"embeddable":true,"href":"https:\/\/notabene.world\/nb\/wp-json\/wp\/v2\/media\/11175"}],"wp:attachment":[{"href":"https:\/\/notabene.world\/nb\/wp-json\/wp\/v2\/media?parent=11174"}],"wp:term":[{"taxonomy":"category","embeddable":true,"href":"https:\/\/notabene.world\/nb\/wp-json\/wp\/v2\/categories?post=11174"},{"taxonomy":"post_tag","embeddable":true,"href":"https:\/\/notabene.world\/nb\/wp-json\/wp\/v2\/tags?post=11174"}],"curies":[{"name":"wp","href":"https:\/\/api.w.org\/{rel}","templated":true}]}}