{"id":11208,"date":"2023-11-11T13:10:55","date_gmt":"2023-11-11T12:10:55","guid":{"rendered":"https:\/\/notabene.world\/nb\/?p=11208"},"modified":"2023-12-05T11:17:42","modified_gmt":"2023-12-05T10:17:42","slug":"niko-prosta-historia-dla-kazdego","status":"publish","type":"post","link":"https:\/\/notabene.world\/nb\/niko-prosta-historia-dla-kazdego\/","title":{"rendered":"Niko &#8211; prosta historia dla ka\u017cdego"},"content":{"rendered":"<h3>10 listopada 2023 w Teatrze im. Stefana \u017beromskiego w Kielcach odby\u0142a si\u0119 premiera studencka spektaklu <em>Niko, czyli prosta zwyczajna historia. <\/em>Przedstawienie skierowane do jest wyj\u0105tkowej publiczno\u015bci \u2014 os\u00f3b nieneurotypowych \u2014 zosta\u0142o stworzone w ramach Niebieskiej Strefy. Kim jest Niko i jaka jest jego historia?<\/h3>\n<p>&nbsp;<\/p>\n<p><strong>Anna Dobrut:\u00a0<\/strong>Jeste\u015bmy na \u015bwie\u017co po spektaklu Niko, kt\u00f3ry by\u0142 wystawiany w kieleckim Teatrze im. Stefana \u017beromskiego. Kiedy sz\u0142a\u015b na spektakl, mia\u0142a\u015b jakie\u015b oczekiwania, czy raczej mia\u0142 by\u0107 to spektakl jak ka\u017cdy inny?<\/p>\n<p><strong>Julia Dudek:\u00a0<\/strong>By\u0142am \u015bwiadoma, \u017ce ma by\u0107 to spektakl inny ni\u017c obecnie tworzone widowiska teatralne. Nastawiony na widza b\u0119d\u0105cego w spektrum autyzmu. W zwi\u0105zku z tym przedstawienie mia\u0142o by\u0107 \u0142atwe w odbiorze, bez wymy\u015blnych \u015brodk\u00f3w artystycznych, za to komunikatywne. Mia\u0142am r\u00f3wnie\u017c nakre\u015blon\u0105 histori\u0119 w zwi\u0105zku z opisem na stronie teatru \u2014 Niko, czyli Nikodem chce znale\u017a\u0107 kogo\u015b bliskiego, przyjaciela. Nie wiedzia\u0142am jednak jak to b\u0119dzie przedstawione na scenie i w zwi\u0105zku z tym nie wiedzia\u0142am, czego si\u0119 spodziewa\u0107.<br \/>\nJak by\u0142o z Tob\u0105? Jakie mia\u0142a\u015b oczekiwania?<\/p>\n<p><strong>AD:<\/strong> Pami\u0119ta\u0142am, \u017ce mia\u0142 by\u0107 to spektakl skierowany do os\u00f3b z autyzmem, ale nie wiedzia\u0142am, \u017ce b\u0119dzie w nim zwarta historia osoby, kt\u00f3ra faktycznie ma autyzm. By\u0142am mile zaskoczona, \u017ce faktycznie ca\u0142y spektakl by\u0142 tak skonstruowany, \u017ceby osoba ze spektrum zrozumia\u0142a jego sens. Bardzo pozytywnym by\u0142o te\u017c to, \u017ce j\u0119zyk w dialogach te\u017c by\u0142 dostosowany do takich os\u00f3b. Mi\u0142e zaskoczenie i co\u015b innego po spektaklach, kt\u00f3re maj\u0105 bardzo du\u017co \u015brodk\u00f3w wyrazu \u2014 ostrego \u015bwiat\u0142a, g\u0142o\u015bnej muzyki. Taki mi\u0142y kontrast i odpoczynek dla g\u0142owy. Je\u015bli mowa o realizacji spektaklu \u2014 jak podoba\u0142a Ci si\u0119 kreacja Wojciecha Niemczyka jako Nikodema?<\/p>\n<p><strong>JD:<\/strong> Wojciech Niemczyk jako Nikodem, moim zdaniem, by\u0142 \u015bwietny. Jego zachowanie na scenie, a zw\u0142aszcza u\u015bmiech, bardzo przypomina\u0142y mi posta\u0107 Sheldona Coopera z Teorii Wielkiego Podrywu. Przekonuj\u0105co odgrywa\u0142 bohatera ze spektrum autyzmu. My\u015bl\u0119, \u017ce stworzony przez niego Niko, m\u00f3g\u0142by by\u0107 teatralnym symbolem os\u00f3b nieneurotypowych.<\/p>\n<p><strong>AD:<\/strong> Te\u017c mia\u0142am takie wra\u017cenie, cho\u0107 Sheldon zawsze mi si\u0119 wydawa\u0142 bardziej zamkni\u0119ty na kontakt, a czasem nawet z\u0142o\u015bliwy. Z kolei Niko jest po prostu niezrozumiany i potrzebuje wi\u0119cej w\u0142asnej przestrzeni. To te\u017c pokazuje, \u017ce osoby nieneurotypowe mog\u0105 si\u0119 od siebie bardzo r\u00f3\u017cni\u0107. Mnie r\u00f3wnie\u017c podoba\u0142a si\u0119 kreacja bohatera, cho\u0107 niekt\u00f3re sceny by\u0142y pokazane byt prosto, cho\u0107 rozumiem, \u017ce nie ka\u017cdy mo\u017ce rozumie\u0107, czym jest autyzm i jak si\u0119 przejawia. Mia\u0142y\u015bmy te\u017c okazj\u0119 porozmawia\u0107 z aktorem na spotkaniu po spektaklu i sam by\u0142 wzruszony spektaklem i faktem, \u017ce przychodz\u0105 na niego dzieci z rodzicami. Doda\u0142 te\u017c, \u017ce praca nad rol\u0105 nie by\u0142a dla niego bardzo trudna, poniewa\u017c sam znajduje w sobie pewne cechy autysty, takie jak niezmienny wyraz twarzy, czy cz\u0119ste zamy\u015blanie si\u0119 i analizowanie. To pokazuje, \u017ce aktor by\u0142 dobrze dobrany do swojej roli, ale te\u017c, \u017ce \u015bwietnie si\u0119 w niej odnalaz\u0142. A co my\u015blisz o zgraniu si\u0119 wszystkich trzech postaci i ich roli w spektaklu?<\/p>\n<p><strong>JD: <\/strong>Na scenie mogli\u015bmy obserwowa\u0107 trzech aktor\u00f3w. Wojciecha Niemczyka, czyli g\u0142\u00f3wnego bohatera Niko, Andrzeja Plat\u0119 jako Maxa, brata Niko oraz Ann\u0119 Antoniewicz, czyli Nin\u0119, now\u0105 s\u0105siadk\u0119 braci. W mojej opinii ca\u0142a tr\u00f3jka idealnie si\u0119 dope\u0142nia\u0142a na scenie. Odtw\u00f3rcy pasowali mi do r\u00f3l, jakie zosta\u0142y im przydzielone.<\/p>\n<p><strong>AD:<\/strong> Postaci by\u0142y klarowne i tak wykreowane, by dawa\u0107 nadziej\u0119, a nie wprowadza\u0107 niepotrzebny dramatyzm. Brat Max, kt\u00f3ry pr\u00f3buje zrozumie\u0107 Niko i wspiera go swoimi radami, Nina \u2014 s\u0105siadka, kt\u00f3ra z pocz\u0105tku nie rozumie Niko, ale chce go lepiej pozna\u0107 \u2014 te postaci s\u0105 dopasowane do fabu\u0142y. Pojawi\u0142y si\u0119 g\u0142osy, \u017ce mo\u017cna by\u0142o w\u0142\u0105czy\u0107 dodatkowe osoby, takie jak rodzice Niko, ale moim zdaniem by\u0142oby to niepotrzebne. Trzeba pami\u0119ta\u0107, \u017ce spektakl by\u0142 skierowany r\u00f3wnie\u017c do os\u00f3b z autyzmem, wi\u0119c zbyt du\u017cy chaos narracyjny m\u00f3g\u0142by zaburzy\u0107 postrzeganie ca\u0142o\u015bci i nieco zatrze\u0107 najwa\u017cniejsz\u0105 puent\u0119 spektaklu. W\u0142a\u015bnie, jak mog\u0142aby\u015b spuentowa\u0107 spektakl \u2014 czy by\u0142 on potrzebny, czy posz\u0142aby\u015b jeszcze raz na podobn\u0105 sztuk\u0119?<\/p>\n<p><strong>JD:\u00a0<\/strong>Obsada bardzo dobrze razem wygl\u0105da\u0142a na scenie. \u015awietnie wczuli si\u0119 w swoje postacie i by\u0142o wida\u0107, \u017ce takie role im pasuj\u0105. Zreszt\u0105 podczas spotkania po spektaklu Anna Antoniewicz przyzna\u0142a, \u017ce by\u0142a to premiera, na kt\u00f3r\u0105 czeka\u0142a ze zniecierpliwieniem i spokojem.<br \/>\nCzy by\u0142y potrzebne dodatkowe postaci? Moim zdaniem nie. Na chwil\u0119 zapominaj\u0105c, dla kogo by\u0142 to spektakl, r\u00f3wnie\u017c moja odpowied\u017a by\u0142aby taka sama. To przedstawienie stanowi \u015bwietn\u0105 odskoczni\u0119 od przebod\u017acowanej codzienno\u015bci. Wycisza i pozwala skupi\u0107 si\u0119 na jednym z najwa\u017cniejszych obszar\u00f3w naszego \u017cycia \u2014 relacjach z lud\u017ami, przyja\u017ani. Dla opowiedzenia tej historii nie byli potrzebne wprowadzenie na scen\u0119 postaci rodzic\u00f3w Niko i Maxa.<br \/>\nCo do pointy spektaklu \u2014 ka\u017cdy potrzebuje przyjaciela. Oczywi\u015bcie, przekaz zwi\u0105zany ze zrozumieniem i popularyzacj\u0105 wiedzy o ludziach ze spektrum autyzmu jest niezwykle wa\u017cne, ale taki uniwersalny przekaz to by\u0142oby to, \u017ce warto postara\u0107 si\u0119 zrozumie\u0107 drugiego cz\u0142owieka.<\/p>\n<p><strong>AD:<\/strong> Ogl\u0105daj\u0105c spektakl, troch\u0119 zapomnia\u0142am o tym, \u017ce bohater ma autyzm i spektakl ogl\u0105dany, bez tego kontekstu jest uniwersalny i przede wszystkim mi\u0142y dla oka. Przekazuje wa\u017cne warto\u015bci, a tak\u017ce pokazuje, jak wa\u017cna jest komunikacja i wzajemne zrozumienie. Oczywi\u015bcie poruszana jest te\u017c kwestia przyja\u017ani i samotno\u015bci w\u015br\u00f3d ludzi. Niezale\u017cnie od tego, czy jeste\u015bmy nieneurotypowi, czy neurotypowi, ta problematyka zawsze b\u0119dzie nam bliska. Przecie\u017c ka\u017cdy potrzebuje przyjaciela, odczuwa albo odczuwa\u0142 samotno\u015b\u0107, czy po prostu nie umie dogada\u0107 si\u0119 z innymi. Co do popularyzacji tego problemu r\u00f3wnie\u017c jestem za. Tak naprawd\u0119 nie wiemy, kto w naszym otoczeniu mo\u017ce mie\u0107 autyzm albo znamy tak\u0105 osob\u0119 i potrzebuje ona dodatkowego wsparcia. Dobrym pomys\u0142em by\u0142yby r\u00f3wnie\u017c warsztaty o autyzmie, by takie osoby nie by\u0142y wy\u015bmiewane, ale rozumiane. Ko\u0144cz\u0105c, zach\u0119cam do obejrzenia spektaklu i zainteresowania si\u0119 tematem autyzmu.<\/p>\n<p><strong>JD:\u00a0<\/strong>Zgadzam si\u0119. Wa\u017cne jest, by ros\u0142a \u015bwiadomo\u015b\u0107 ludzi w zwi\u0105zku z nieneurotypowo\u015bci\u0105. Dlatego mam nadziej\u0119, \u017ce tropem teatru im. Stefana \u017beromskiego p\u00f3jd\u0105 inne instytucje kultury i nie tylko, w\u0142\u0105czaj\u0105c si\u0119 \u015bwiadomie w Niebiesk\u0105 Stref\u0119 i dostosowuj\u0105c nie tylko przestrze\u0144, ale i tre\u015bci do os\u00f3b ze spektrum autyzmu.<br \/>\nMam r\u00f3wnie\u017c nadziej\u0119, \u017ce w niedalekiej przysz\u0142o\u015bci wr\u00f3ci na deski teatru omawiany dzisiaj spektakl, tak by wi\u0119cej os\u00f3b mog\u0142o pozna\u0107 histori\u0119 Niko, Niny i Maxa.<\/p>\n<p style=\"text-align: center;\"><img data-recalc-dims=\"1\" loading=\"lazy\" decoding=\"async\" class=\"alignnone size-full wp-image-11796\" src=\"https:\/\/i0.wp.com\/notabene.world\/nb\/wp-content\/uploads\/2023\/11\/Niko-1-1.png?resize=800%2C445&#038;ssl=1\" alt=\"\" width=\"800\" height=\"445\" srcset=\"https:\/\/i0.wp.com\/notabene.world\/nb\/wp-content\/uploads\/2023\/11\/Niko-1-1.png?w=800&amp;ssl=1 800w, https:\/\/i0.wp.com\/notabene.world\/nb\/wp-content\/uploads\/2023\/11\/Niko-1-1.png?resize=300%2C167&amp;ssl=1 300w, https:\/\/i0.wp.com\/notabene.world\/nb\/wp-content\/uploads\/2023\/11\/Niko-1-1.png?resize=768%2C427&amp;ssl=1 768w\" sizes=\"auto, (max-width: 800px) 100vw, 800px\" \/><\/p>\n","protected":false},"excerpt":{"rendered":"<p>Ogl\u0105daj\u0105c spektakl, troch\u0119 zapomnia\u0142am o tym, \u017ce bohater ma autyzm i spektakl ogl\u0105dany, bez tego kontekstu jest uniwersalny i przede wszystkim mi\u0142y dla oka. Przekazuje wa\u017cne warto\u015bci, a tak\u017ce pokazuje, jak wa\u017cna jest komunikacja i wzajemne zrozumienie. Oczywi\u015bcie poruszana jest te\u017c kwestia przyja\u017ani i samotno\u015bci w\u015br\u00f3d ludzi. Niezale\u017cnie od tego, czy jeste\u015bmy nieneurotypowi, czy neurotypowi, ta problematyka zawsze b\u0119dzie nam bliska. Przecie\u017c ka\u017cdy potrzebuje przyjaciela, odczuwa albo odczuwa\u0142 samotno\u015b\u0107, czy po prostu nie umie dogada\u0107 si\u0119 z innymi. Co do popularyzacji tego problemu r\u00f3wnie\u017c jestem za. Tak naprawd\u0119 nie wiemy, kto w naszym otoczeniu mo\u017ce mie\u0107 autyzm albo znamy tak\u0105 osob\u0119 i potrzebuje ona dodatkowego wsparcia. Dobrym pomys\u0142em by\u0142yby r\u00f3wnie\u017c warsztaty o autyzmie, by takie osoby nie by\u0142y wy\u015bmiewane, ale rozumiane. Ko\u0144cz\u0105c, zach\u0119cam do obejrzenia spektaklu i zainteresowania si\u0119 tematem autyzmu.<\/p>\n","protected":false},"author":57,"featured_media":11795,"comment_status":"closed","ping_status":"closed","sticky":false,"template":"","format":"standard","meta":{"colormag_page_container_layout":"no_sidebar_content_centered","colormag_page_sidebar_layout":"no_sidebar","_jetpack_memberships_contains_paid_content":false,"footnotes":"","_links_to":"","_links_to_target":""},"categories":[6,225,40],"tags":[226,230],"class_list":["post-11208","post","type-post","status-publish","format-standard","has-post-thumbnail","hentry","category-kultura","category-projekt-kulturalny","category-teatr","tag-projekt2023","tag-wymienmysiekultura"],"yoast_head":"<!-- This site is optimized with the Yoast SEO plugin v27.4 - https:\/\/yoast.com\/product\/yoast-seo-wordpress\/ -->\n<title>Niko - prosta historia dla ka\u017cdego - NOTABENE.WORLD<\/title>\n<meta name=\"description\" content=\"Niko \u2014 czyli prosta zwyczajna historia kieleckiego teatru to widowisko skierowane do publiczno\u015bci ze spektrum autyzmu. Co o niej my\u015blimy?\" \/>\n<meta name=\"robots\" content=\"index, follow, max-snippet:-1, max-image-preview:large, max-video-preview:-1\" \/>\n<link rel=\"canonical\" href=\"https:\/\/notabene.world\/nb\/niko-prosta-historia-dla-kazdego\/\" \/>\n<meta property=\"og:locale\" content=\"pl_PL\" \/>\n<meta property=\"og:type\" content=\"article\" \/>\n<meta property=\"og:title\" content=\"Niko - prosta historia dla ka\u017cdego - NOTABENE.WORLD\" \/>\n<meta property=\"og:description\" content=\"Niko \u2014 czyli prosta zwyczajna historia kieleckiego teatru to widowisko skierowane do publiczno\u015bci ze spektrum autyzmu. Co o niej my\u015blimy?\" \/>\n<meta property=\"og:url\" content=\"https:\/\/notabene.world\/nb\/niko-prosta-historia-dla-kazdego\/\" \/>\n<meta property=\"og:site_name\" content=\"NOTABENE.WORLD\" \/>\n<meta property=\"article:publisher\" content=\"https:\/\/www.facebook.com\/Notabene.World\" \/>\n<meta property=\"article:published_time\" content=\"2023-11-11T12:10:55+00:00\" \/>\n<meta property=\"article:modified_time\" content=\"2023-12-05T10:17:42+00:00\" \/>\n<meta property=\"og:image\" content=\"https:\/\/notabene.world\/nb\/wp-content\/uploads\/2023\/11\/niko1.jpg\" \/>\n\t<meta property=\"og:image:width\" content=\"800\" \/>\n\t<meta property=\"og:image:height\" content=\"445\" \/>\n\t<meta property=\"og:image:type\" content=\"image\/jpeg\" \/>\n<meta name=\"author\" content=\"Julia Dudek &amp; Anna Dobrut\" \/>\n<meta name=\"twitter:card\" content=\"summary_large_image\" \/>\n<meta name=\"twitter:label1\" content=\"Napisane przez\" \/>\n\t<meta name=\"twitter:data1\" content=\"Julia Dudek &amp; Anna Dobrut\" \/>\n\t<meta name=\"twitter:label2\" content=\"Szacowany czas czytania\" \/>\n\t<meta name=\"twitter:data2\" content=\"6 minut\" \/>\n<script type=\"application\/ld+json\" class=\"yoast-schema-graph\">{\"@context\":\"https:\\\/\\\/schema.org\",\"@graph\":[{\"@type\":\"Article\",\"@id\":\"https:\\\/\\\/notabene.world\\\/nb\\\/niko-prosta-historia-dla-kazdego\\\/#article\",\"isPartOf\":{\"@id\":\"https:\\\/\\\/notabene.world\\\/nb\\\/niko-prosta-historia-dla-kazdego\\\/\"},\"author\":{\"name\":\"Julia Dudek &amp; Anna Dobrut\",\"@id\":\"https:\\\/\\\/notabene.world\\\/nb\\\/#\\\/schema\\\/person\\\/56ca209140b9ff096ee5b246726f893d\"},\"headline\":\"Niko &#8211; prosta historia dla ka\u017cdego\",\"datePublished\":\"2023-11-11T12:10:55+00:00\",\"dateModified\":\"2023-12-05T10:17:42+00:00\",\"mainEntityOfPage\":{\"@id\":\"https:\\\/\\\/notabene.world\\\/nb\\\/niko-prosta-historia-dla-kazdego\\\/\"},\"wordCount\":1144,\"publisher\":{\"@id\":\"https:\\\/\\\/notabene.world\\\/nb\\\/#organization\"},\"image\":{\"@id\":\"https:\\\/\\\/notabene.world\\\/nb\\\/niko-prosta-historia-dla-kazdego\\\/#primaryimage\"},\"thumbnailUrl\":\"https:\\\/\\\/i0.wp.com\\\/notabene.world\\\/nb\\\/wp-content\\\/uploads\\\/2023\\\/11\\\/niko1.jpg?fit=800%2C445&ssl=1\",\"keywords\":[\"#Projekt2023\",\"Wymie\u0144mySi\u0119Kultur\u0105\"],\"articleSection\":[\"Kultura\",\"Projekt kulturalny\",\"Teatr\"],\"inLanguage\":\"pl-PL\"},{\"@type\":\"WebPage\",\"@id\":\"https:\\\/\\\/notabene.world\\\/nb\\\/niko-prosta-historia-dla-kazdego\\\/\",\"url\":\"https:\\\/\\\/notabene.world\\\/nb\\\/niko-prosta-historia-dla-kazdego\\\/\",\"name\":\"Niko - prosta historia dla ka\u017cdego - NOTABENE.WORLD\",\"isPartOf\":{\"@id\":\"https:\\\/\\\/notabene.world\\\/nb\\\/#website\"},\"primaryImageOfPage\":{\"@id\":\"https:\\\/\\\/notabene.world\\\/nb\\\/niko-prosta-historia-dla-kazdego\\\/#primaryimage\"},\"image\":{\"@id\":\"https:\\\/\\\/notabene.world\\\/nb\\\/niko-prosta-historia-dla-kazdego\\\/#primaryimage\"},\"thumbnailUrl\":\"https:\\\/\\\/i0.wp.com\\\/notabene.world\\\/nb\\\/wp-content\\\/uploads\\\/2023\\\/11\\\/niko1.jpg?fit=800%2C445&ssl=1\",\"datePublished\":\"2023-11-11T12:10:55+00:00\",\"dateModified\":\"2023-12-05T10:17:42+00:00\",\"description\":\"Niko \u2014 czyli prosta zwyczajna historia kieleckiego teatru to widowisko skierowane do publiczno\u015bci ze spektrum autyzmu. Co o niej my\u015blimy?\",\"breadcrumb\":{\"@id\":\"https:\\\/\\\/notabene.world\\\/nb\\\/niko-prosta-historia-dla-kazdego\\\/#breadcrumb\"},\"inLanguage\":\"pl-PL\",\"potentialAction\":[{\"@type\":\"ReadAction\",\"target\":[\"https:\\\/\\\/notabene.world\\\/nb\\\/niko-prosta-historia-dla-kazdego\\\/\"]}]},{\"@type\":\"ImageObject\",\"inLanguage\":\"pl-PL\",\"@id\":\"https:\\\/\\\/notabene.world\\\/nb\\\/niko-prosta-historia-dla-kazdego\\\/#primaryimage\",\"url\":\"https:\\\/\\\/i0.wp.com\\\/notabene.world\\\/nb\\\/wp-content\\\/uploads\\\/2023\\\/11\\\/niko1.jpg?fit=800%2C445&ssl=1\",\"contentUrl\":\"https:\\\/\\\/i0.wp.com\\\/notabene.world\\\/nb\\\/wp-content\\\/uploads\\\/2023\\\/11\\\/niko1.jpg?fit=800%2C445&ssl=1\",\"width\":800,\"height\":445},{\"@type\":\"BreadcrumbList\",\"@id\":\"https:\\\/\\\/notabene.world\\\/nb\\\/niko-prosta-historia-dla-kazdego\\\/#breadcrumb\",\"itemListElement\":[{\"@type\":\"ListItem\",\"position\":1,\"name\":\"Home\",\"item\":\"https:\\\/\\\/notabene.world\\\/nb\\\/\"},{\"@type\":\"ListItem\",\"position\":2,\"name\":\"Niko &#8211; prosta historia dla ka\u017cdego\"}]},{\"@type\":\"WebSite\",\"@id\":\"https:\\\/\\\/notabene.world\\\/nb\\\/#website\",\"url\":\"https:\\\/\\\/notabene.world\\\/nb\\\/\",\"name\":\"NOTABENE.WORLD\",\"description\":\"Przekaz. Warto\u015bci. Wsp\u00f3lnota.\",\"publisher\":{\"@id\":\"https:\\\/\\\/notabene.world\\\/nb\\\/#organization\"},\"potentialAction\":[{\"@type\":\"SearchAction\",\"target\":{\"@type\":\"EntryPoint\",\"urlTemplate\":\"https:\\\/\\\/notabene.world\\\/nb\\\/?s={search_term_string}\"},\"query-input\":{\"@type\":\"PropertyValueSpecification\",\"valueRequired\":true,\"valueName\":\"search_term_string\"}}],\"inLanguage\":\"pl-PL\"},{\"@type\":\"Organization\",\"@id\":\"https:\\\/\\\/notabene.world\\\/nb\\\/#organization\",\"name\":\"NOTABENE.WORLD\",\"url\":\"https:\\\/\\\/notabene.world\\\/nb\\\/\",\"logo\":{\"@type\":\"ImageObject\",\"inLanguage\":\"pl-PL\",\"@id\":\"https:\\\/\\\/notabene.world\\\/nb\\\/#\\\/schema\\\/logo\\\/image\\\/\",\"url\":\"https:\\\/\\\/notabene.world\\\/nb\\\/wp-content\\\/uploads\\\/2022\\\/01\\\/NB-club-start-www1.jpg\",\"contentUrl\":\"https:\\\/\\\/notabene.world\\\/nb\\\/wp-content\\\/uploads\\\/2022\\\/01\\\/NB-club-start-www1.jpg\",\"width\":1000,\"height\":839,\"caption\":\"NOTABENE.WORLD\"},\"image\":{\"@id\":\"https:\\\/\\\/notabene.world\\\/nb\\\/#\\\/schema\\\/logo\\\/image\\\/\"},\"sameAs\":[\"https:\\\/\\\/www.facebook.com\\\/Notabene.World\"]},{\"@type\":\"Person\",\"@id\":\"https:\\\/\\\/notabene.world\\\/nb\\\/#\\\/schema\\\/person\\\/56ca209140b9ff096ee5b246726f893d\",\"name\":\"Julia Dudek &amp; Anna Dobrut\",\"image\":{\"@type\":\"ImageObject\",\"inLanguage\":\"pl-PL\",\"@id\":\"https:\\\/\\\/secure.gravatar.com\\\/avatar\\\/6a2d2ef4cda6e0eb69a12a084546fac716a30ffa40b8b402d4226e66a3069216?s=96&d=mm&r=g\",\"url\":\"https:\\\/\\\/secure.gravatar.com\\\/avatar\\\/6a2d2ef4cda6e0eb69a12a084546fac716a30ffa40b8b402d4226e66a3069216?s=96&d=mm&r=g\",\"contentUrl\":\"https:\\\/\\\/secure.gravatar.com\\\/avatar\\\/6a2d2ef4cda6e0eb69a12a084546fac716a30ffa40b8b402d4226e66a3069216?s=96&d=mm&r=g\",\"caption\":\"Julia Dudek &amp; Anna Dobrut\"},\"url\":\"https:\\\/\\\/notabene.world\\\/nb\\\/author\\\/ju-du\\\/\"}]}<\/script>\n<!-- \/ Yoast SEO plugin. -->","yoast_head_json":{"title":"Niko - prosta historia dla ka\u017cdego - NOTABENE.WORLD","description":"Niko \u2014 czyli prosta zwyczajna historia kieleckiego teatru to widowisko skierowane do publiczno\u015bci ze spektrum autyzmu. Co o niej my\u015blimy?","robots":{"index":"index","follow":"follow","max-snippet":"max-snippet:-1","max-image-preview":"max-image-preview:large","max-video-preview":"max-video-preview:-1"},"canonical":"https:\/\/notabene.world\/nb\/niko-prosta-historia-dla-kazdego\/","og_locale":"pl_PL","og_type":"article","og_title":"Niko - prosta historia dla ka\u017cdego - NOTABENE.WORLD","og_description":"Niko \u2014 czyli prosta zwyczajna historia kieleckiego teatru to widowisko skierowane do publiczno\u015bci ze spektrum autyzmu. Co o niej my\u015blimy?","og_url":"https:\/\/notabene.world\/nb\/niko-prosta-historia-dla-kazdego\/","og_site_name":"NOTABENE.WORLD","article_publisher":"https:\/\/www.facebook.com\/Notabene.World","article_published_time":"2023-11-11T12:10:55+00:00","article_modified_time":"2023-12-05T10:17:42+00:00","og_image":[{"width":800,"height":445,"url":"https:\/\/notabene.world\/nb\/wp-content\/uploads\/2023\/11\/niko1.jpg","type":"image\/jpeg"}],"author":"Julia Dudek &amp; Anna Dobrut","twitter_card":"summary_large_image","twitter_misc":{"Napisane przez":"Julia Dudek &amp; Anna Dobrut","Szacowany czas czytania":"6 minut"},"schema":{"@context":"https:\/\/schema.org","@graph":[{"@type":"Article","@id":"https:\/\/notabene.world\/nb\/niko-prosta-historia-dla-kazdego\/#article","isPartOf":{"@id":"https:\/\/notabene.world\/nb\/niko-prosta-historia-dla-kazdego\/"},"author":{"name":"Julia Dudek &amp; Anna Dobrut","@id":"https:\/\/notabene.world\/nb\/#\/schema\/person\/56ca209140b9ff096ee5b246726f893d"},"headline":"Niko &#8211; prosta historia dla ka\u017cdego","datePublished":"2023-11-11T12:10:55+00:00","dateModified":"2023-12-05T10:17:42+00:00","mainEntityOfPage":{"@id":"https:\/\/notabene.world\/nb\/niko-prosta-historia-dla-kazdego\/"},"wordCount":1144,"publisher":{"@id":"https:\/\/notabene.world\/nb\/#organization"},"image":{"@id":"https:\/\/notabene.world\/nb\/niko-prosta-historia-dla-kazdego\/#primaryimage"},"thumbnailUrl":"https:\/\/i0.wp.com\/notabene.world\/nb\/wp-content\/uploads\/2023\/11\/niko1.jpg?fit=800%2C445&ssl=1","keywords":["#Projekt2023","Wymie\u0144mySi\u0119Kultur\u0105"],"articleSection":["Kultura","Projekt kulturalny","Teatr"],"inLanguage":"pl-PL"},{"@type":"WebPage","@id":"https:\/\/notabene.world\/nb\/niko-prosta-historia-dla-kazdego\/","url":"https:\/\/notabene.world\/nb\/niko-prosta-historia-dla-kazdego\/","name":"Niko - prosta historia dla ka\u017cdego - NOTABENE.WORLD","isPartOf":{"@id":"https:\/\/notabene.world\/nb\/#website"},"primaryImageOfPage":{"@id":"https:\/\/notabene.world\/nb\/niko-prosta-historia-dla-kazdego\/#primaryimage"},"image":{"@id":"https:\/\/notabene.world\/nb\/niko-prosta-historia-dla-kazdego\/#primaryimage"},"thumbnailUrl":"https:\/\/i0.wp.com\/notabene.world\/nb\/wp-content\/uploads\/2023\/11\/niko1.jpg?fit=800%2C445&ssl=1","datePublished":"2023-11-11T12:10:55+00:00","dateModified":"2023-12-05T10:17:42+00:00","description":"Niko \u2014 czyli prosta zwyczajna historia kieleckiego teatru to widowisko skierowane do publiczno\u015bci ze spektrum autyzmu. Co o niej my\u015blimy?","breadcrumb":{"@id":"https:\/\/notabene.world\/nb\/niko-prosta-historia-dla-kazdego\/#breadcrumb"},"inLanguage":"pl-PL","potentialAction":[{"@type":"ReadAction","target":["https:\/\/notabene.world\/nb\/niko-prosta-historia-dla-kazdego\/"]}]},{"@type":"ImageObject","inLanguage":"pl-PL","@id":"https:\/\/notabene.world\/nb\/niko-prosta-historia-dla-kazdego\/#primaryimage","url":"https:\/\/i0.wp.com\/notabene.world\/nb\/wp-content\/uploads\/2023\/11\/niko1.jpg?fit=800%2C445&ssl=1","contentUrl":"https:\/\/i0.wp.com\/notabene.world\/nb\/wp-content\/uploads\/2023\/11\/niko1.jpg?fit=800%2C445&ssl=1","width":800,"height":445},{"@type":"BreadcrumbList","@id":"https:\/\/notabene.world\/nb\/niko-prosta-historia-dla-kazdego\/#breadcrumb","itemListElement":[{"@type":"ListItem","position":1,"name":"Home","item":"https:\/\/notabene.world\/nb\/"},{"@type":"ListItem","position":2,"name":"Niko &#8211; prosta historia dla ka\u017cdego"}]},{"@type":"WebSite","@id":"https:\/\/notabene.world\/nb\/#website","url":"https:\/\/notabene.world\/nb\/","name":"NOTABENE.WORLD","description":"Przekaz. Warto\u015bci. Wsp\u00f3lnota.","publisher":{"@id":"https:\/\/notabene.world\/nb\/#organization"},"potentialAction":[{"@type":"SearchAction","target":{"@type":"EntryPoint","urlTemplate":"https:\/\/notabene.world\/nb\/?s={search_term_string}"},"query-input":{"@type":"PropertyValueSpecification","valueRequired":true,"valueName":"search_term_string"}}],"inLanguage":"pl-PL"},{"@type":"Organization","@id":"https:\/\/notabene.world\/nb\/#organization","name":"NOTABENE.WORLD","url":"https:\/\/notabene.world\/nb\/","logo":{"@type":"ImageObject","inLanguage":"pl-PL","@id":"https:\/\/notabene.world\/nb\/#\/schema\/logo\/image\/","url":"https:\/\/notabene.world\/nb\/wp-content\/uploads\/2022\/01\/NB-club-start-www1.jpg","contentUrl":"https:\/\/notabene.world\/nb\/wp-content\/uploads\/2022\/01\/NB-club-start-www1.jpg","width":1000,"height":839,"caption":"NOTABENE.WORLD"},"image":{"@id":"https:\/\/notabene.world\/nb\/#\/schema\/logo\/image\/"},"sameAs":["https:\/\/www.facebook.com\/Notabene.World"]},{"@type":"Person","@id":"https:\/\/notabene.world\/nb\/#\/schema\/person\/56ca209140b9ff096ee5b246726f893d","name":"Julia Dudek &amp; Anna Dobrut","image":{"@type":"ImageObject","inLanguage":"pl-PL","@id":"https:\/\/secure.gravatar.com\/avatar\/6a2d2ef4cda6e0eb69a12a084546fac716a30ffa40b8b402d4226e66a3069216?s=96&d=mm&r=g","url":"https:\/\/secure.gravatar.com\/avatar\/6a2d2ef4cda6e0eb69a12a084546fac716a30ffa40b8b402d4226e66a3069216?s=96&d=mm&r=g","contentUrl":"https:\/\/secure.gravatar.com\/avatar\/6a2d2ef4cda6e0eb69a12a084546fac716a30ffa40b8b402d4226e66a3069216?s=96&d=mm&r=g","caption":"Julia Dudek &amp; Anna Dobrut"},"url":"https:\/\/notabene.world\/nb\/author\/ju-du\/"}]}},"jetpack_featured_media_url":"https:\/\/i0.wp.com\/notabene.world\/nb\/wp-content\/uploads\/2023\/11\/niko1.jpg?fit=800%2C445&ssl=1","jetpack_sharing_enabled":true,"jetpack_shortlink":"https:\/\/wp.me\/pdCobN-2UM","_links":{"self":[{"href":"https:\/\/notabene.world\/nb\/wp-json\/wp\/v2\/posts\/11208","targetHints":{"allow":["GET"]}}],"collection":[{"href":"https:\/\/notabene.world\/nb\/wp-json\/wp\/v2\/posts"}],"about":[{"href":"https:\/\/notabene.world\/nb\/wp-json\/wp\/v2\/types\/post"}],"author":[{"embeddable":true,"href":"https:\/\/notabene.world\/nb\/wp-json\/wp\/v2\/users\/57"}],"replies":[{"embeddable":true,"href":"https:\/\/notabene.world\/nb\/wp-json\/wp\/v2\/comments?post=11208"}],"version-history":[{"count":3,"href":"https:\/\/notabene.world\/nb\/wp-json\/wp\/v2\/posts\/11208\/revisions"}],"predecessor-version":[{"id":11797,"href":"https:\/\/notabene.world\/nb\/wp-json\/wp\/v2\/posts\/11208\/revisions\/11797"}],"wp:featuredmedia":[{"embeddable":true,"href":"https:\/\/notabene.world\/nb\/wp-json\/wp\/v2\/media\/11795"}],"wp:attachment":[{"href":"https:\/\/notabene.world\/nb\/wp-json\/wp\/v2\/media?parent=11208"}],"wp:term":[{"taxonomy":"category","embeddable":true,"href":"https:\/\/notabene.world\/nb\/wp-json\/wp\/v2\/categories?post=11208"},{"taxonomy":"post_tag","embeddable":true,"href":"https:\/\/notabene.world\/nb\/wp-json\/wp\/v2\/tags?post=11208"}],"curies":[{"name":"wp","href":"https:\/\/api.w.org\/{rel}","templated":true}]}}