{"id":11367,"date":"2023-11-18T13:42:43","date_gmt":"2023-11-18T12:42:43","guid":{"rendered":"https:\/\/notabene.world\/nb\/?p=11367"},"modified":"2023-11-29T08:31:58","modified_gmt":"2023-11-29T07:31:58","slug":"piewsze-wyjscie-z-mroku","status":"publish","type":"post","link":"https:\/\/notabene.world\/nb\/piewsze-wyjscie-z-mroku\/","title":{"rendered":"Z mroku rodzi si\u0119 nadzieja: Pierwsze wyj\u015bcie z mroku COMA"},"content":{"rendered":"<h3 style=\"text-align: center\"><img data-recalc-dims=\"1\" loading=\"lazy\" decoding=\"async\" class=\"alignnone size-full wp-image-11373\" src=\"https:\/\/i0.wp.com\/notabene.world\/nb\/wp-content\/uploads\/2023\/11\/nb1.jpg?resize=800%2C445&#038;ssl=1\" alt=\"\" width=\"800\" height=\"445\" srcset=\"https:\/\/i0.wp.com\/notabene.world\/nb\/wp-content\/uploads\/2023\/11\/nb1.jpg?w=800&amp;ssl=1 800w, https:\/\/i0.wp.com\/notabene.world\/nb\/wp-content\/uploads\/2023\/11\/nb1.jpg?resize=300%2C167&amp;ssl=1 300w, https:\/\/i0.wp.com\/notabene.world\/nb\/wp-content\/uploads\/2023\/11\/nb1.jpg?resize=768%2C427&amp;ssl=1 768w\" sizes=\"auto, (max-width: 800px) 100vw, 800px\" \/><\/h3>\n<h3>Coma to polski zesp\u00f3\u0142 z pogranicza metalu i rocka. Ci\u0119\u017csze brzmienia kr\u00f3luj\u0105 zw\u0142aszcza w ich debiutanckim albumie studyjnym <em>Pierwsze wyj\u015bcie z mroku<\/em>, wydanym w 2004 roku. W marcu 2023 album ten otrzyma\u0142 certyfikat platynowej p\u0142yty. Co si\u0119 kryje w mroku?<\/h3>\n<p>&nbsp;<\/p>\n<p><strong>Anna Dobrut:<\/strong> Poprzednim razem przes\u0142uchiwa\u0142y\u015bmy album hip-hopowy, a dzi\u015b na tapet bierzemy p\u0142yt\u0119 metalow\u0105 zespo\u0142u Coma. Jakie s\u0105 Twoje pierwsze wra\u017cenia po wys\u0142uchaniu ich utwor\u00f3w? Mia\u0142a\u015b ju\u017c do czynienia z Com\u0105, a mo\u017ce by\u0142a\u015b na ich koncercie?<\/p>\n<p><strong>Julia Dudek:<\/strong> Nigdy wcze\u015bniej nie s\u0142ysza\u0142am zespo\u0142u Coma. Chocia\u017c po\u015brednio mia\u0142am z nim zetkni\u0119cie. Bardzo cz\u0119sto s\u0142ucha\u0142am piosenki innego zespo\u0142u, gdzie go\u015bcinnie wyst\u0119powa\u0142 wokalista Comy, Piotr Rogucki. Mianowicie utw\u00f3r <em>Whole World is Watching<\/em>, zespo\u0142u Within Temptation, z albumu <em>Hydra<\/em>. Znasz ten kawa\u0142ek?<br \/>\nOdno\u015bnie pierwszych wra\u017ce\u0144 za\u015b&#8230; Poczu\u0142am si\u0119 dziwnie. To jest najlepsze okre\u015blenie, bo z jednej strony by\u0142y rzeczy, kt\u00f3re mi si\u0119 podoba\u0142y, ale ten album jako\u015b nie przem\u00f3wi\u0142 do mnie, nie tr\u0105ci\u0142 mojego serca. Mo\u017ce jeden, czy dwa kawa\u0142ki wybi\u0142y si\u0119, ale nie mia\u0142am czego\u015b takiego, \u017ceby mi to siedzia\u0142o w g\u0142owie.<\/p>\n<p><strong>AD:<\/strong> Kojarz\u0119 utw\u00f3r, bo s\u0142ucha\u0142am Within Temptation jeszcze przed Com\u0105, dlatego zdziwi\u0142am si\u0119, \u017ce Rogucki jest z Comy. Wcze\u015bniej s\u0142ucha\u0142am utworu i my\u015bla\u0142am \u201eciekawe co to za Rogucki \u015bpiewa, kim on jest?\u201d. Z Com\u0105 jest tak, \u017ce albo si\u0119 faktycznie polubi ten zesp\u00f3\u0142, albo ju\u017c nigdy si\u0119 do niego nie wr\u00f3ci. Zw\u0142aszcza ten album wydaje mi si\u0119 do\u015b\u0107 mroczny, mimo \u017ce ma wiele nadziei w tekstach. Kiedy\u015b Com\u0119 kojarzy\u0142am z delikatniejszych i mniej metalowych kawa\u0142k\u00f3w i jako\u015b nie s\u0142ucha\u0142am jej stale, tylko od okazji do okazji. Odk\u0105d odkry\u0142am pierwszy debiutancki album \u201ePierwsze wyj\u015bcie z mroku\u201d, inaczej spojrza\u0142am na ca\u0142y zesp\u00f3\u0142. Teksty s\u0105 dla mnie ujmuj\u0105ce, bo dotycz\u0105 kwestii spo\u0142ecznych \u2014 emigracja, patriotyzm, ale i relacji mi\u0119dzyludzkich. Na pewno nie jest to typowy zesp\u00f3\u0142 do pogo, ale raczej do przemy\u015ble\u0144, do z\u0142apania jesiennej melancholii. Czy mimo wszystko kt\u00f3ry\u015b utw\u00f3r spodoba\u0142 Ci si\u0119?<\/p>\n<p><strong>JD:<\/strong> W\u0142a\u015bnie ja kiedy s\u0142ucha\u0142am <em>Whole World is Watching<\/em> mia\u0142am my\u015bl, \u017ce ma niesamowity wokal, bardzo przyjemne brzmienie. I nie jest to tylko moja opinia o jego wokalu, bo sprawdzi\u0142am i na dzisiaj, wersja tej piosenki z wokalist\u0105 Comy ma 29 milion\u00f3w wy\u015bwietle\u0144, a druga wersja z Dave&#8217;em Pirner&#8217;em, ma tylko 8 milion\u00f3w na serwisie YouTube. Ale nie trafi\u0142am na Com\u0119, a szkoda, bo my\u015bl\u0119, \u017ce takie brzmienia bardziej by przem\u00f3wi\u0142y do tej m\u0142odszej Julki, kt\u00f3ra w\u0142a\u015bnie cz\u0119\u015bciej s\u0142ucha\u0142a brzmie\u0144 metalowych.<br \/>\nTeraz nieco si\u0119 odbijam od takiej muzyki. Mimo to utw\u00f3r <em>Sierpie\u0144<\/em> by\u0142 tym, kt\u00f3ry s\u0142ucha\u0142am ch\u0119tnie, a zaraz za nim by\u0142o <em>Ocalenie<\/em>.<\/p>\n<p><strong>AD:<\/strong> Fakt, Rogucki ma g\u0142\u0119bi\u0119 g\u0142osu i ciekawy wokal dlatego taki wynik mnie nie dziwi. Mnie te\u017c podoba\u0142 si\u0119 <em>Sierpie\u0144<\/em> i <em>Ocalenie<\/em>, ale te\u017c weselszy utw\u00f3r <em>Skaczemy<\/em>, kt\u00f3ry mia\u0142 by\u0107 przeciwwag\u0105 do takich bardziej melancholijnych tekst\u00f3w. W <em>Ocaleniu<\/em> chodzi g\u0142\u00f3wnie o ukazanie nadziei, \u017ce mimo do\u015b\u0107 mrocznej rzeczywisto\u015bci mo\u017cna pokona\u0107 strach i og\u00f3lnie ca\u0142y album jest wykonany w takiej tonacji, by pokaza\u0107, \u017ce ciemno\u015b\u0107 niekoniecznie musi nad nami panowa\u0107. Oczywi\u015bcie s\u0105 te\u017c przemy\u015blenia dotycz\u0105ce szarej rzeczywisto\u015bci, tak jak do\u015b\u0107 gorzka uwaga na temat emigracji. Mimo to wyd\u017awi\u0119k nie jest negatywny i daje nadziej\u0119. Nie jest to jeszcze rado\u015b\u0107 zwyci\u0119zcy, a raczej nadzieja ludzi, kt\u00f3rzy chc\u0105 co\u015b zmieni\u0107 i dopiero szykuj\u0105 si\u0119 na walk\u0119 z tym, co gn\u0119bi i jest naszym mrokiem. Co przem\u00f3wi\u0142o do Ciebie w tych akurat dw\u00f3ch utworach.<\/p>\n<p><strong>JD:<\/strong> Obie piosenki moim zdaniem maj\u0105 \u015bwietn\u0105 lini\u0119 melodyczn\u0105 no i oczywi\u015bcie wokal. Urzek\u0142 mnie r\u00f3wnie\u017c ich tekst i przes\u0142anie, a przynajmniej to, co ja odczyta\u0142am. <em>Sierpie\u0144<\/em> pokazuje t\u0119 szar\u0105 rzeczywisto\u015b\u0107, przez kt\u00f3r\u0105 musimy przebrn\u0105\u0107, \u017ceby dotrze\u0107 do w\u0142a\u015bciwego sensu \u017cycia. Kiedy s\u0142ucham tej piosenki, przypominaj\u0105 mi si\u0119 te\u017c wszelkie obrazki, kt\u00f3re maj\u0105 przedstawi\u0107 indywidualizm. Na pewno je widzia\u0142a\u015b \u2014 rz\u0105dek ludzi idzie po udeptanej, sprawdzonej \u015bcie\u017cce, a\u017c kto\u015b si\u0119 wy\u0142amuje i idzie przez pustk\u0119, aby co\u015b odkry\u0107.<br \/>\nCo do <em>Ocalenia<\/em>, r\u00f3wnie\u017c przemawia do mnie przes\u0142anie. Klimat narzucaj\u0105 r\u00f3wnie\u017c s\u0142yszalne w tle odg\u0142osy strza\u0142\u00f3w, wybuch\u00f3w, czy te\u017c kluczowe s\u0142owa piosenki \u2014 atomowa sekunda globalna, niewykonalna sprawa, kosmiczna katastrofa gwiazd, nowotwory szalonego gniewu. Jednak jest ten mocny akcent, \u017ce ludzie maj\u0105 tak\u0105 moc, by pokona\u0107 ten strach. Mimo przygniecenia przez okrutn\u0105 rzeczywisto\u015b\u0107 nie jeste\u015bmy bezbronni.<br \/>\nI chyba dlatego te dwie piosenki do mnie tak przemawiaj\u0105. Jakby pierwsza jest idealnym, dla mnie, opisem indywidualizmu i poszukiwania sensu przez cz\u0142owieka, a druga mog\u0142aby by\u0107 u\u017cyta jako podk\u0142ad do sceny, gdzie bohaterowie przygotowuj\u0105 si\u0119 do starcia z silniejszym wrogiem.<br \/>\nA Ty masz takie utwory z tej p\u0142yty, kt\u00f3re szczeg\u00f3lnie do Ciebie przemawiaj\u0105?<\/p>\n<p><strong>AD:<\/strong> Sierpie\u0144 kojarzy mi si\u0119 jeszcze z tak\u0105 letni\u0105 melancholi\u0105 \u2014 og\u00f3lnie sierpie\u0144 jako miesi\u0105c jest nieco inny od reszty miesi\u0119cy \u2014 niby czujemy, ciep\u0142o lata, jednak dopada nas powoli melancholia jesieni, st\u0105d te\u017c tytu\u0142 piosenki. Mnie bardziej od tych dw\u00f3ch utwor\u00f3w bardziej podoba si\u0119 inny utw\u00f3r \u2014 tytu\u0142owe <em>Pierwsze wyj\u015bcie z mroku<\/em>. Dla mnie to bardzo smutna, ale i pe\u0142na nadziei piosenka o tym jak \u201ewielka wiara t\u0142umi l\u0119k\u201d, jak przezwyci\u0119\u017cy\u0107 mrok, wyj\u015b\u0107 z now\u0105 nadziej\u0105 i nie poddawa\u0107 si\u0119 rzeczywisto\u015bci. Ja to interpretuje jako r\u00f3wnie\u017c wyj\u015bcie z do\u0142ka \u017cyciowego, depresji i te\u017c jako walk\u0119 z otaczaj\u0105cym \u015bwiatem. Refren daje nadziej\u0119, bo mimo zagubienia, mo\u017cna odnale\u017a\u0107 si\u0119 i pokona\u0107 swoje l\u0119ki. Podoba mi si\u0119 tu r\u00f3wnie\u017c warstwa brzmieniowa \u2014 fajna sol\u00f3wka na gitarze elektrycznej i taki \u201ebrudny\u201d bas. Z kolei zwrotki s\u0105 bardzo melodyjne i spokojne z ch\u00f3rkami w tle, a najwa\u017cniejsze s\u0142owa, gdzie mowa jest o prze\u0142amaniu l\u0119ku, podkre\u015blone s\u0105 przez niespodziewane w\u0142\u0105czenie basu i perkusji do \u015bcie\u017cki d\u017awi\u0119kowej. Bardzo podoba mi si\u0119 ten zabieg i daje wiele do rozumienia ca\u0142ego utworu. Daje to wra\u017cenie, jakby osoba \u015bpiewaj\u0105ca walczy\u0142a i czu\u0142a nag\u0142y przyp\u0142yw mocy, kiedy odnajduje si\u0119 w mroku i chce walczy\u0107 ze smutkiem. A co Ty my\u015blisz o warstwie d\u017awi\u0119kowej albumu?<\/p>\n<p><strong>JD:<\/strong> Je\u015bli chodzi o warstw\u0119 d\u017awi\u0119kow\u0105, najbardziej podoba\u0142a mi si\u0119 muzyka Sierpnia. Inne, by\u0142y r\u00f3wnie\u017c dobre, ale gdybym mia\u0142a wybra\u0107 jeden utw\u00f3r, z kt\u00f3rego chcia\u0142abym mie\u0107 czyste nagranie, sam\u0105 \u015bcie\u017ck\u0119 d\u017awi\u0119kow\u0105 to by\u0142by Sierpie\u0144. I by\u0142oby to nagranie na pewno cz\u0119sto s\u0142uchane. W innych utworach&#8230; Te brzmienia tak do mnie nie przemawiaj\u0105. S\u0105 bardzo dobrym podk\u0142adem pod wokal, ale nie porywa mnie ta warstwa d\u017awi\u0119kowa.<\/p>\n<p><strong>AD:<\/strong> Reasumuj\u0105c: czy poleci\u0142aby\u015b t\u0119 p\u0142yt\u0119 innej osobie i czy przekona\u0142a Ci\u0119 ona do troch\u0119 ci\u0119\u017cszych brzmie\u0144?<\/p>\n<p><strong>JD:<\/strong> W moim przypadku by\u0142oby to raczej przekonanie na nowo, gdy\u017c jeszcze kilka lat temu s\u0142ucha\u0142am naprawd\u0119 mocnych brzmie\u0144, mocniejszych nawet ni\u017c Pierwsze wyj\u015bcie z mroku Comy. Jednak s\u0142uchaj\u0105c ponownie, czy tych zespo\u0142\u00f3w, co kiedy\u015b, czy teraz Comy, zrozumia\u0142am, \u017ce m\u00f3j gust muzyczny si\u0119 zmieni\u0142. Jak wi\u0119c stwierdzi\u0142am, wcze\u015bniej Coma pasowa\u0142aby do m\u0142odszej nastoletniej Julki.<br \/>\nCzy poleci\u0142abym innej osobie&#8230; Nie. Nie mam w swoim otoczeniu os\u00f3b, kt\u00f3re s\u0142ucha\u0142yby takiej muzyki. Chocia\u017c zobaczymy, mo\u017ce kto\u015b si\u0119 zainteresuje Com\u0105, s\u0142ysz\u0105c u mnie Sierpie\u0144 i Ocalenie.<\/p>\n<p><strong>AD:<\/strong> Z kolei ja w sumie zaczyna\u0142am od elektroniki, a p\u00f3\u017aniej przesz\u0142am na ci\u0119\u017ckie brzmienia typu Slipknot, Children of Bodom, ale nie wykluczam te\u017c dobrego rapu, a nawet niekt\u00f3re piosenki z popu s\u0105 dla mnie ok. Ciesz\u0119 si\u0119, \u017ce mimo innego gustu muzycznego da\u0142a\u015b nam\u00f3wi\u0107 si\u0119 na przes\u0142uchanie tego albumu, dzi\u0119ki czemu stworzy\u0142y\u015bmy t\u0119 ciekaw\u0105 konwersacj\u0119.<\/p>\n<p>&nbsp;<\/p>\n<p>Autorka ilustracji: Julia Dudek<\/p>\n","protected":false},"excerpt":{"rendered":"<p>Coma to polski zesp\u00f3\u0142 z pogranicza metalu i rocku. Ci\u0119\u017csze brzmienia kr\u00f3luj\u0105 zw\u0142aszcza w ich debiutanckim albumie studyjnym <i>Pierwsze wyj\u015bcie z mroku,<\/i> wydanym w 2004 roku. W marcu 2023 album ten otrzyma\u0142 certyfikat platynowej p\u0142yty. Co si\u0119 kryje w mroku?<br \/>\n<br \/>\n<b>Anna Dobrut:<\/b> Poprzednim razem przes\u0142uchiwa\u0142y\u015bmy album hip-hopowy, a dzi\u015b na tapet bierzemy p\u0142yt\u0119 metalow\u0105 zespo\u0142u Coma. Jakie s\u0105 Twoje pierwsze wra\u017cenia po wys\u0142uchaniu ich utwor\u00f3w? Mia\u0142a\u015b ju\u017c do czynienia z Com\u0105, a mo\u017ce by\u0142a\u015b na ich koncercie?<br \/>\n<br \/>\n<b>Julia Dudek:<\/b> Nigdy wcze\u015bniej nie s\u0142ysza\u0142am zespo\u0142u Coma. Chocia\u017c po\u015brednio mia\u0142am z nim zetkni\u0119cie. Bardzo cz\u0119sto s\u0142ucha\u0142am piosenki innego zespo\u0142u, gdzie go\u015bcinnie wyst\u0119powa\u0142 wokalista Comy, Piotr Rogucki. Mianowicie utw\u00f3r Whole World is Watching, zespo\u0142u Within Temptation, z albumu Hydra. Znasz ten kawa\u0142ek?<br \/>\nOdno\u015bnie pierwszych wra\u017ce\u0144 za\u015b&#8230; Poczu\u0142am si\u0119 dziwnie. To jest najlepsze okre\u015blenie, bo z jednej strony by\u0142y rzeczy, kt\u00f3re mi si\u0119 podoba\u0142y, ale ten album jako\u015b nie przem\u00f3wi\u0142 do mnie, nie tr\u0105ci\u0142 mojego serca. Mo\u017ce jeden, czy dwa kawa\u0142ki wybi\u0142y si\u0119, ale nie mia\u0142am czego\u015b takiego, \u017ceby mi to siedzia\u0142o w g\u0142owie.<\/p>\n","protected":false},"author":57,"featured_media":11383,"comment_status":"closed","ping_status":"closed","sticky":false,"template":"","format":"standard","meta":{"colormag_page_container_layout":"no_sidebar_content_centered","colormag_page_sidebar_layout":"no_sidebar","_jetpack_memberships_contains_paid_content":false,"footnotes":"","_links_to":"","_links_to_target":""},"categories":[5,225],"tags":[226,230],"class_list":["post-11367","post","type-post","status-publish","format-standard","has-post-thumbnail","hentry","category-muzyka","category-projekt-kulturalny","tag-projekt2023","tag-wymienmysiekultura"],"yoast_head":"<!-- This site is optimized with the Yoast SEO plugin v27.4 - https:\/\/yoast.com\/product\/yoast-seo-wordpress\/ -->\n<title>Z mroku rodzi si\u0119 nadzieja: Pierwsze wyj\u015bcie z mroku COMA - NOTABENE.WORLD<\/title>\n<meta name=\"description\" content=\"Czy w muzyce metalowej chodzi tylko o g\u0142o\u015bn\u0105 muzyk\u0119? Sprawdzimy to na podstawie albumu zespo\u0142u Coma Pierwsze wyj\u015bcie z mroku.\" \/>\n<meta name=\"robots\" content=\"index, follow, max-snippet:-1, max-image-preview:large, max-video-preview:-1\" \/>\n<link rel=\"canonical\" href=\"https:\/\/notabene.world\/nb\/piewsze-wyjscie-z-mroku\/\" \/>\n<meta property=\"og:locale\" content=\"pl_PL\" \/>\n<meta property=\"og:type\" content=\"article\" \/>\n<meta property=\"og:title\" content=\"Z mroku rodzi si\u0119 nadzieja: Pierwsze wyj\u015bcie z mroku COMA - NOTABENE.WORLD\" \/>\n<meta property=\"og:description\" content=\"Czy w muzyce metalowej chodzi tylko o g\u0142o\u015bn\u0105 muzyk\u0119? Sprawdzimy to na podstawie albumu zespo\u0142u Coma Pierwsze wyj\u015bcie z mroku.\" \/>\n<meta property=\"og:url\" content=\"https:\/\/notabene.world\/nb\/piewsze-wyjscie-z-mroku\/\" \/>\n<meta property=\"og:site_name\" content=\"NOTABENE.WORLD\" \/>\n<meta property=\"article:publisher\" content=\"https:\/\/www.facebook.com\/Notabene.World\" \/>\n<meta property=\"article:published_time\" content=\"2023-11-18T12:42:43+00:00\" \/>\n<meta property=\"article:modified_time\" content=\"2023-11-29T07:31:58+00:00\" \/>\n<meta property=\"og:image\" content=\"https:\/\/notabene.world\/nb\/wp-content\/uploads\/2023\/11\/coma1.jpg\" \/>\n\t<meta property=\"og:image:width\" content=\"800\" \/>\n\t<meta property=\"og:image:height\" content=\"445\" \/>\n\t<meta property=\"og:image:type\" content=\"image\/jpeg\" \/>\n<meta name=\"author\" content=\"Julia Dudek &amp; Anna Dobrut\" \/>\n<meta name=\"twitter:card\" content=\"summary_large_image\" \/>\n<meta name=\"twitter:label1\" content=\"Napisane przez\" \/>\n\t<meta name=\"twitter:data1\" content=\"Julia Dudek &amp; Anna Dobrut\" \/>\n\t<meta name=\"twitter:label2\" content=\"Szacowany czas czytania\" \/>\n\t<meta name=\"twitter:data2\" content=\"7 minut\" \/>\n<script type=\"application\/ld+json\" class=\"yoast-schema-graph\">{\"@context\":\"https:\\\/\\\/schema.org\",\"@graph\":[{\"@type\":\"Article\",\"@id\":\"https:\\\/\\\/notabene.world\\\/nb\\\/piewsze-wyjscie-z-mroku\\\/#article\",\"isPartOf\":{\"@id\":\"https:\\\/\\\/notabene.world\\\/nb\\\/piewsze-wyjscie-z-mroku\\\/\"},\"author\":{\"name\":\"Julia Dudek &amp; Anna Dobrut\",\"@id\":\"https:\\\/\\\/notabene.world\\\/nb\\\/#\\\/schema\\\/person\\\/56ca209140b9ff096ee5b246726f893d\"},\"headline\":\"Z mroku rodzi si\u0119 nadzieja: Pierwsze wyj\u015bcie z mroku COMA\",\"datePublished\":\"2023-11-18T12:42:43+00:00\",\"dateModified\":\"2023-11-29T07:31:58+00:00\",\"mainEntityOfPage\":{\"@id\":\"https:\\\/\\\/notabene.world\\\/nb\\\/piewsze-wyjscie-z-mroku\\\/\"},\"wordCount\":1419,\"publisher\":{\"@id\":\"https:\\\/\\\/notabene.world\\\/nb\\\/#organization\"},\"image\":{\"@id\":\"https:\\\/\\\/notabene.world\\\/nb\\\/piewsze-wyjscie-z-mroku\\\/#primaryimage\"},\"thumbnailUrl\":\"https:\\\/\\\/i0.wp.com\\\/notabene.world\\\/nb\\\/wp-content\\\/uploads\\\/2023\\\/11\\\/coma1.jpg?fit=800%2C445&ssl=1\",\"keywords\":[\"#Projekt2023\",\"Wymie\u0144mySi\u0119Kultur\u0105\"],\"articleSection\":[\"Muzyka\",\"Projekt kulturalny\"],\"inLanguage\":\"pl-PL\"},{\"@type\":\"WebPage\",\"@id\":\"https:\\\/\\\/notabene.world\\\/nb\\\/piewsze-wyjscie-z-mroku\\\/\",\"url\":\"https:\\\/\\\/notabene.world\\\/nb\\\/piewsze-wyjscie-z-mroku\\\/\",\"name\":\"Z mroku rodzi si\u0119 nadzieja: Pierwsze wyj\u015bcie z mroku COMA - NOTABENE.WORLD\",\"isPartOf\":{\"@id\":\"https:\\\/\\\/notabene.world\\\/nb\\\/#website\"},\"primaryImageOfPage\":{\"@id\":\"https:\\\/\\\/notabene.world\\\/nb\\\/piewsze-wyjscie-z-mroku\\\/#primaryimage\"},\"image\":{\"@id\":\"https:\\\/\\\/notabene.world\\\/nb\\\/piewsze-wyjscie-z-mroku\\\/#primaryimage\"},\"thumbnailUrl\":\"https:\\\/\\\/i0.wp.com\\\/notabene.world\\\/nb\\\/wp-content\\\/uploads\\\/2023\\\/11\\\/coma1.jpg?fit=800%2C445&ssl=1\",\"datePublished\":\"2023-11-18T12:42:43+00:00\",\"dateModified\":\"2023-11-29T07:31:58+00:00\",\"description\":\"Czy w muzyce metalowej chodzi tylko o g\u0142o\u015bn\u0105 muzyk\u0119? Sprawdzimy to na podstawie albumu zespo\u0142u Coma Pierwsze wyj\u015bcie z mroku.\",\"breadcrumb\":{\"@id\":\"https:\\\/\\\/notabene.world\\\/nb\\\/piewsze-wyjscie-z-mroku\\\/#breadcrumb\"},\"inLanguage\":\"pl-PL\",\"potentialAction\":[{\"@type\":\"ReadAction\",\"target\":[\"https:\\\/\\\/notabene.world\\\/nb\\\/piewsze-wyjscie-z-mroku\\\/\"]}]},{\"@type\":\"ImageObject\",\"inLanguage\":\"pl-PL\",\"@id\":\"https:\\\/\\\/notabene.world\\\/nb\\\/piewsze-wyjscie-z-mroku\\\/#primaryimage\",\"url\":\"https:\\\/\\\/i0.wp.com\\\/notabene.world\\\/nb\\\/wp-content\\\/uploads\\\/2023\\\/11\\\/coma1.jpg?fit=800%2C445&ssl=1\",\"contentUrl\":\"https:\\\/\\\/i0.wp.com\\\/notabene.world\\\/nb\\\/wp-content\\\/uploads\\\/2023\\\/11\\\/coma1.jpg?fit=800%2C445&ssl=1\",\"width\":800,\"height\":445},{\"@type\":\"BreadcrumbList\",\"@id\":\"https:\\\/\\\/notabene.world\\\/nb\\\/piewsze-wyjscie-z-mroku\\\/#breadcrumb\",\"itemListElement\":[{\"@type\":\"ListItem\",\"position\":1,\"name\":\"Home\",\"item\":\"https:\\\/\\\/notabene.world\\\/nb\\\/\"},{\"@type\":\"ListItem\",\"position\":2,\"name\":\"Z mroku rodzi si\u0119 nadzieja: Pierwsze wyj\u015bcie z mroku COMA\"}]},{\"@type\":\"WebSite\",\"@id\":\"https:\\\/\\\/notabene.world\\\/nb\\\/#website\",\"url\":\"https:\\\/\\\/notabene.world\\\/nb\\\/\",\"name\":\"NOTABENE.WORLD\",\"description\":\"Przekaz. Warto\u015bci. Wsp\u00f3lnota.\",\"publisher\":{\"@id\":\"https:\\\/\\\/notabene.world\\\/nb\\\/#organization\"},\"potentialAction\":[{\"@type\":\"SearchAction\",\"target\":{\"@type\":\"EntryPoint\",\"urlTemplate\":\"https:\\\/\\\/notabene.world\\\/nb\\\/?s={search_term_string}\"},\"query-input\":{\"@type\":\"PropertyValueSpecification\",\"valueRequired\":true,\"valueName\":\"search_term_string\"}}],\"inLanguage\":\"pl-PL\"},{\"@type\":\"Organization\",\"@id\":\"https:\\\/\\\/notabene.world\\\/nb\\\/#organization\",\"name\":\"NOTABENE.WORLD\",\"url\":\"https:\\\/\\\/notabene.world\\\/nb\\\/\",\"logo\":{\"@type\":\"ImageObject\",\"inLanguage\":\"pl-PL\",\"@id\":\"https:\\\/\\\/notabene.world\\\/nb\\\/#\\\/schema\\\/logo\\\/image\\\/\",\"url\":\"https:\\\/\\\/notabene.world\\\/nb\\\/wp-content\\\/uploads\\\/2022\\\/01\\\/NB-club-start-www1.jpg\",\"contentUrl\":\"https:\\\/\\\/notabene.world\\\/nb\\\/wp-content\\\/uploads\\\/2022\\\/01\\\/NB-club-start-www1.jpg\",\"width\":1000,\"height\":839,\"caption\":\"NOTABENE.WORLD\"},\"image\":{\"@id\":\"https:\\\/\\\/notabene.world\\\/nb\\\/#\\\/schema\\\/logo\\\/image\\\/\"},\"sameAs\":[\"https:\\\/\\\/www.facebook.com\\\/Notabene.World\"]},{\"@type\":\"Person\",\"@id\":\"https:\\\/\\\/notabene.world\\\/nb\\\/#\\\/schema\\\/person\\\/56ca209140b9ff096ee5b246726f893d\",\"name\":\"Julia Dudek &amp; Anna Dobrut\",\"image\":{\"@type\":\"ImageObject\",\"inLanguage\":\"pl-PL\",\"@id\":\"https:\\\/\\\/secure.gravatar.com\\\/avatar\\\/6a2d2ef4cda6e0eb69a12a084546fac716a30ffa40b8b402d4226e66a3069216?s=96&d=mm&r=g\",\"url\":\"https:\\\/\\\/secure.gravatar.com\\\/avatar\\\/6a2d2ef4cda6e0eb69a12a084546fac716a30ffa40b8b402d4226e66a3069216?s=96&d=mm&r=g\",\"contentUrl\":\"https:\\\/\\\/secure.gravatar.com\\\/avatar\\\/6a2d2ef4cda6e0eb69a12a084546fac716a30ffa40b8b402d4226e66a3069216?s=96&d=mm&r=g\",\"caption\":\"Julia Dudek &amp; Anna Dobrut\"},\"url\":\"https:\\\/\\\/notabene.world\\\/nb\\\/author\\\/ju-du\\\/\"}]}<\/script>\n<!-- \/ Yoast SEO plugin. -->","yoast_head_json":{"title":"Z mroku rodzi si\u0119 nadzieja: Pierwsze wyj\u015bcie z mroku COMA - NOTABENE.WORLD","description":"Czy w muzyce metalowej chodzi tylko o g\u0142o\u015bn\u0105 muzyk\u0119? Sprawdzimy to na podstawie albumu zespo\u0142u Coma Pierwsze wyj\u015bcie z mroku.","robots":{"index":"index","follow":"follow","max-snippet":"max-snippet:-1","max-image-preview":"max-image-preview:large","max-video-preview":"max-video-preview:-1"},"canonical":"https:\/\/notabene.world\/nb\/piewsze-wyjscie-z-mroku\/","og_locale":"pl_PL","og_type":"article","og_title":"Z mroku rodzi si\u0119 nadzieja: Pierwsze wyj\u015bcie z mroku COMA - NOTABENE.WORLD","og_description":"Czy w muzyce metalowej chodzi tylko o g\u0142o\u015bn\u0105 muzyk\u0119? Sprawdzimy to na podstawie albumu zespo\u0142u Coma Pierwsze wyj\u015bcie z mroku.","og_url":"https:\/\/notabene.world\/nb\/piewsze-wyjscie-z-mroku\/","og_site_name":"NOTABENE.WORLD","article_publisher":"https:\/\/www.facebook.com\/Notabene.World","article_published_time":"2023-11-18T12:42:43+00:00","article_modified_time":"2023-11-29T07:31:58+00:00","og_image":[{"width":800,"height":445,"url":"https:\/\/notabene.world\/nb\/wp-content\/uploads\/2023\/11\/coma1.jpg","type":"image\/jpeg"}],"author":"Julia Dudek &amp; Anna Dobrut","twitter_card":"summary_large_image","twitter_misc":{"Napisane przez":"Julia Dudek &amp; Anna Dobrut","Szacowany czas czytania":"7 minut"},"schema":{"@context":"https:\/\/schema.org","@graph":[{"@type":"Article","@id":"https:\/\/notabene.world\/nb\/piewsze-wyjscie-z-mroku\/#article","isPartOf":{"@id":"https:\/\/notabene.world\/nb\/piewsze-wyjscie-z-mroku\/"},"author":{"name":"Julia Dudek &amp; Anna Dobrut","@id":"https:\/\/notabene.world\/nb\/#\/schema\/person\/56ca209140b9ff096ee5b246726f893d"},"headline":"Z mroku rodzi si\u0119 nadzieja: Pierwsze wyj\u015bcie z mroku COMA","datePublished":"2023-11-18T12:42:43+00:00","dateModified":"2023-11-29T07:31:58+00:00","mainEntityOfPage":{"@id":"https:\/\/notabene.world\/nb\/piewsze-wyjscie-z-mroku\/"},"wordCount":1419,"publisher":{"@id":"https:\/\/notabene.world\/nb\/#organization"},"image":{"@id":"https:\/\/notabene.world\/nb\/piewsze-wyjscie-z-mroku\/#primaryimage"},"thumbnailUrl":"https:\/\/i0.wp.com\/notabene.world\/nb\/wp-content\/uploads\/2023\/11\/coma1.jpg?fit=800%2C445&ssl=1","keywords":["#Projekt2023","Wymie\u0144mySi\u0119Kultur\u0105"],"articleSection":["Muzyka","Projekt kulturalny"],"inLanguage":"pl-PL"},{"@type":"WebPage","@id":"https:\/\/notabene.world\/nb\/piewsze-wyjscie-z-mroku\/","url":"https:\/\/notabene.world\/nb\/piewsze-wyjscie-z-mroku\/","name":"Z mroku rodzi si\u0119 nadzieja: Pierwsze wyj\u015bcie z mroku COMA - NOTABENE.WORLD","isPartOf":{"@id":"https:\/\/notabene.world\/nb\/#website"},"primaryImageOfPage":{"@id":"https:\/\/notabene.world\/nb\/piewsze-wyjscie-z-mroku\/#primaryimage"},"image":{"@id":"https:\/\/notabene.world\/nb\/piewsze-wyjscie-z-mroku\/#primaryimage"},"thumbnailUrl":"https:\/\/i0.wp.com\/notabene.world\/nb\/wp-content\/uploads\/2023\/11\/coma1.jpg?fit=800%2C445&ssl=1","datePublished":"2023-11-18T12:42:43+00:00","dateModified":"2023-11-29T07:31:58+00:00","description":"Czy w muzyce metalowej chodzi tylko o g\u0142o\u015bn\u0105 muzyk\u0119? Sprawdzimy to na podstawie albumu zespo\u0142u Coma Pierwsze wyj\u015bcie z mroku.","breadcrumb":{"@id":"https:\/\/notabene.world\/nb\/piewsze-wyjscie-z-mroku\/#breadcrumb"},"inLanguage":"pl-PL","potentialAction":[{"@type":"ReadAction","target":["https:\/\/notabene.world\/nb\/piewsze-wyjscie-z-mroku\/"]}]},{"@type":"ImageObject","inLanguage":"pl-PL","@id":"https:\/\/notabene.world\/nb\/piewsze-wyjscie-z-mroku\/#primaryimage","url":"https:\/\/i0.wp.com\/notabene.world\/nb\/wp-content\/uploads\/2023\/11\/coma1.jpg?fit=800%2C445&ssl=1","contentUrl":"https:\/\/i0.wp.com\/notabene.world\/nb\/wp-content\/uploads\/2023\/11\/coma1.jpg?fit=800%2C445&ssl=1","width":800,"height":445},{"@type":"BreadcrumbList","@id":"https:\/\/notabene.world\/nb\/piewsze-wyjscie-z-mroku\/#breadcrumb","itemListElement":[{"@type":"ListItem","position":1,"name":"Home","item":"https:\/\/notabene.world\/nb\/"},{"@type":"ListItem","position":2,"name":"Z mroku rodzi si\u0119 nadzieja: Pierwsze wyj\u015bcie z mroku COMA"}]},{"@type":"WebSite","@id":"https:\/\/notabene.world\/nb\/#website","url":"https:\/\/notabene.world\/nb\/","name":"NOTABENE.WORLD","description":"Przekaz. Warto\u015bci. Wsp\u00f3lnota.","publisher":{"@id":"https:\/\/notabene.world\/nb\/#organization"},"potentialAction":[{"@type":"SearchAction","target":{"@type":"EntryPoint","urlTemplate":"https:\/\/notabene.world\/nb\/?s={search_term_string}"},"query-input":{"@type":"PropertyValueSpecification","valueRequired":true,"valueName":"search_term_string"}}],"inLanguage":"pl-PL"},{"@type":"Organization","@id":"https:\/\/notabene.world\/nb\/#organization","name":"NOTABENE.WORLD","url":"https:\/\/notabene.world\/nb\/","logo":{"@type":"ImageObject","inLanguage":"pl-PL","@id":"https:\/\/notabene.world\/nb\/#\/schema\/logo\/image\/","url":"https:\/\/notabene.world\/nb\/wp-content\/uploads\/2022\/01\/NB-club-start-www1.jpg","contentUrl":"https:\/\/notabene.world\/nb\/wp-content\/uploads\/2022\/01\/NB-club-start-www1.jpg","width":1000,"height":839,"caption":"NOTABENE.WORLD"},"image":{"@id":"https:\/\/notabene.world\/nb\/#\/schema\/logo\/image\/"},"sameAs":["https:\/\/www.facebook.com\/Notabene.World"]},{"@type":"Person","@id":"https:\/\/notabene.world\/nb\/#\/schema\/person\/56ca209140b9ff096ee5b246726f893d","name":"Julia Dudek &amp; Anna Dobrut","image":{"@type":"ImageObject","inLanguage":"pl-PL","@id":"https:\/\/secure.gravatar.com\/avatar\/6a2d2ef4cda6e0eb69a12a084546fac716a30ffa40b8b402d4226e66a3069216?s=96&d=mm&r=g","url":"https:\/\/secure.gravatar.com\/avatar\/6a2d2ef4cda6e0eb69a12a084546fac716a30ffa40b8b402d4226e66a3069216?s=96&d=mm&r=g","contentUrl":"https:\/\/secure.gravatar.com\/avatar\/6a2d2ef4cda6e0eb69a12a084546fac716a30ffa40b8b402d4226e66a3069216?s=96&d=mm&r=g","caption":"Julia Dudek &amp; Anna Dobrut"},"url":"https:\/\/notabene.world\/nb\/author\/ju-du\/"}]}},"jetpack_featured_media_url":"https:\/\/i0.wp.com\/notabene.world\/nb\/wp-content\/uploads\/2023\/11\/coma1.jpg?fit=800%2C445&ssl=1","jetpack_sharing_enabled":true,"jetpack_shortlink":"https:\/\/wp.me\/pdCobN-2Xl","_links":{"self":[{"href":"https:\/\/notabene.world\/nb\/wp-json\/wp\/v2\/posts\/11367","targetHints":{"allow":["GET"]}}],"collection":[{"href":"https:\/\/notabene.world\/nb\/wp-json\/wp\/v2\/posts"}],"about":[{"href":"https:\/\/notabene.world\/nb\/wp-json\/wp\/v2\/types\/post"}],"author":[{"embeddable":true,"href":"https:\/\/notabene.world\/nb\/wp-json\/wp\/v2\/users\/57"}],"replies":[{"embeddable":true,"href":"https:\/\/notabene.world\/nb\/wp-json\/wp\/v2\/comments?post=11367"}],"version-history":[{"count":5,"href":"https:\/\/notabene.world\/nb\/wp-json\/wp\/v2\/posts\/11367\/revisions"}],"predecessor-version":[{"id":11588,"href":"https:\/\/notabene.world\/nb\/wp-json\/wp\/v2\/posts\/11367\/revisions\/11588"}],"wp:featuredmedia":[{"embeddable":true,"href":"https:\/\/notabene.world\/nb\/wp-json\/wp\/v2\/media\/11383"}],"wp:attachment":[{"href":"https:\/\/notabene.world\/nb\/wp-json\/wp\/v2\/media?parent=11367"}],"wp:term":[{"taxonomy":"category","embeddable":true,"href":"https:\/\/notabene.world\/nb\/wp-json\/wp\/v2\/categories?post=11367"},{"taxonomy":"post_tag","embeddable":true,"href":"https:\/\/notabene.world\/nb\/wp-json\/wp\/v2\/tags?post=11367"}],"curies":[{"name":"wp","href":"https:\/\/api.w.org\/{rel}","templated":true}]}}