{"id":11388,"date":"2023-11-18T15:14:38","date_gmt":"2023-11-18T14:14:38","guid":{"rendered":"https:\/\/notabene.world\/nb\/?p=11388"},"modified":"2024-02-04T21:04:33","modified_gmt":"2024-02-04T20:04:33","slug":"ukryty-w-miescie-krzyk-pezet","status":"publish","type":"post","link":"https:\/\/notabene.world\/nb\/ukryty-w-miescie-krzyk-pezet\/","title":{"rendered":"Ukryty w mie\u015bcie krzyk \u2013 Pezet"},"content":{"rendered":"<p>Kolejnym utworem, kt\u00f3ry b\u0119d\u0119 analizowa\u0107 jest <em>Ukryty w mie\u015bcie krzyk<\/em> autorstwa Pezeta. Utw\u00f3r pochodzi z p\u0142yty <em>Muzyka Klasyczna<\/em> z 2002 roku. Za produkcje utworu odpowiada Noon. Sampel u\u017cyty przez Noona pochodzi z utworu Mike\u2019a Oldfielda \u2013 <em>The Lake<\/em>. W roku 2021 powsta\u0142a nowa wersja tego numeru stworzona przez <em>\u0141ysy Live Session<\/em>. O samym albumie raper m\u00f3wi: <em>\u201epierwszy album robisz ca\u0142e dotychczasowe \u017cycie, ka\u017cdy kolejny \u2013 raptem dwa lata\u201d.<\/em><\/p>\n<p>Utw\u00f3r zaczyna si\u0119 od refrenu, w kt\u00f3rym powtarzany jest zwrot \u201e<em>My, ukryty w mie\u015bcie krzyk<\/em>\u201d. Pezet przyzna\u0142 w jednym z wywiad\u00f3w udzielonym dla rytmy.pl w 2022 roku, \u017ce obecnie uwa\u017ca to za grafomani\u0119 i nie u\u017cy\u0142bym powt\u00f3rnie takiego sformu\u0142owania. M\u00f3wi dos\u0142ownie, \u017ce wyrzuci\u0142bym w pierwszej kolejno\u015bci wers <em>\u201emokra jak Bonaqua\u201d <\/em>z utworu <em>Seniorita<\/em>, a <em>\u201ew drugiej kolejno\u015bci \u2013 fraz\u0119 <\/em><em>ukryty w mie\u015bcie krzyk<\/em><em>, czyli kultowe sformu\u0142owanie\u201d<\/em>.<\/p>\n<p>W pierwszych wersach Pezet m\u00f3wi o ludziach, kt\u00f3rzy obserwuj\u0105 go i jemu podobn\u0105 m\u0142odzie\u017c i my\u015bl\u0105 o nich r\u00f3\u017cne, przewa\u017cnie z\u0142e rzeczy. Tacy ludzie jak on poddawani s\u0105 stereotypowej opinii \u2013 uwa\u017ca si\u0119 ich za osoby bez uczu\u0107, osiedlowe, mo\u017ce nawet troch\u0119 patologiczne. Pojawia si\u0119 r\u00f3wnie\u017c zwrot w kierunku policji, \u017ce mo\u017ce jedynie spisa\u0107 protok\u00f3\u0142 i zadaje zn\u00f3w kolejne pytanie <em>\u201ekto krzyknie rap to rewolucja roku?\u201d<\/em>, zach\u0119caj\u0105c tym ludzi do wspierania jego muzyki.<\/p>\n<p>Dalej Pezet rapuje:<\/p>\n<p style=\"text-align: left\"><em>\u201eCzytaj klisze z moich oczu<\/em><br \/>\n<em>Nie obni\u017cysz moich lot\u00f3w<\/em><br \/>\n<em>Odejdziesz, a mikrofon p\u00f3jdzie ze mn\u0105 do grobu<\/em><br \/>\n<em>On jest moj\u0105 broni\u0105, to moja duma i honor<br \/>\nNie mam opr\u00f3cz niego nikogo, jest moj\u0105 ikon\u0105\u201d<\/em><\/p>\n<p>M\u00f3wi, aby ludzie kt\u00f3rzy go obserwuj\u0105 spr\u00f3bowali spojrze\u0107 w g\u0142\u0105b jego poprzez oczy, daj\u0105c r\u00f3wnie\u017c do zrozumienia, \u017ce mog\u0105 go dyskredytowa\u0107, ale on si\u0119 nie podda. Oceniaj\u0105cy ludzie pr\u0119dzej czy p\u00f3\u017aniej odejd\u0105, a Pezet zostanie z mikrofonem a\u017c do \u015bmierci. Dzi\u0119ki niemu jest rozpoznawalny, szanowany i mo\u017ce wie\u015b\u0107 godne \u017cycie.<\/p>\n<p>Zwraca si\u0119 r\u00f3wnie\u017c, aby nie ocenia\u0107 przys\u0142owiowo ksi\u0105\u017cki po ok\u0142adce m\u00f3wi\u0105c: <em>\u201eSprawd\u017a bity, sprawd\u017a intro, potem sprawd\u017a, co ludzie my\u015bl\u0105\u201d<\/em>. Utwierdza r\u00f3wnie\u017c s\u0142uchaczy, \u017ce to co opisuje w swoich kawa\u0142kach jest prawd\u0105. Dalej wspomina, \u017ce marzy mu si\u0119 auto, ale nie byle jakie tylko czarny Lincoln, lecz nie wie w jaki spos\u00f3b ma go wyrwa\u0107 tym <em>\u201eludziom sukcesu\u201d<\/em> \u2013 kt\u00f3rzy porzucili w\u0142asne idea\u0142y w drodze za pieni\u0119dzmi.<\/p>\n<p>Znowu odwo\u0142uje si\u0119 do stereotypowego patrzenia przez spo\u0142ecze\u0144stwo na raper\u00f3w w tamtych czasach, m\u00f3wi\u0105c:<\/p>\n<p><em>\u201eLudzie kpi\u0105 z nas zanim nas zd\u0105\u017c\u0105 pozna\u0107<br \/>\nBior\u0105 nas za przest\u0119pc\u00f3w, bo nie widz\u0105 w nas dobra?<\/em><\/p>\n<p>Dalej odwo\u0142uje si\u0119 do postaci Jamesa Bonda, \u017ce nikt sam w sobie go nie znajdzie, nie stworzy nas Hollywood. Twardo st\u0105paj\u0105c po ziemi musimy by\u0107 uwa\u017cni bo woko\u0142o jest du\u017co ludzi, kt\u00f3rzy chc\u0105 okra\u015b\u0107 nas z naszych r\u00f3l.<\/p>\n<p>Dalej rapuj\u0105c:<\/p>\n<p><em>\u201eBliscy nie chc\u0105 si\u0119 odda\u0107, nie wierz\u0105 w nasz intelekt<br \/>\nW nasz\u0105 muzyk\u0119, we wszystko, co w nas szczere<br \/>\nRujnuj\u0105 nasze plany, jeste\u015bmy diab\u0142ami dla nich<br \/>\nBior\u0105 nas za nic, <\/em><em>a w t\u0142umie te\u017c jeste\u015bmy sami<\/em><em>\u201d<\/em><\/p>\n<p>Zwraca uwag\u0119, \u017ce bliscy te\u017c w niego zw\u0105tpili. W przytaczanym ju\u017c wywiadzie Pezet m\u00f3wi r\u00f3wnie\u017c, \u017ce jego rodzice m\u00f3wili mu \u017ceby to rzuci\u0142 i przys\u0142owiowo wzi\u0105\u0142 si\u0119 do roboty. Ko\u0144cowy wers \u201ew t\u0142umie te\u017c jeste\u015bmy sami\u201d jest odniesieniem do kawa\u0142ka Grammatik \u2013 <em>Puste pokoje<\/em>.<\/p>\n<p>P\u00f3\u017aniej odwo\u0142uje si\u0119 do r\u00f3\u017cnych subkultur, kt\u00f3re si\u0119 narodzi\u0142y w bran\u017cy w latach 2000, oraz m\u00f3wi, \u017ce jego \u015bwiatem kr\u0119ci si\u0119 wok\u00f3\u0142 narkotyk\u00f3w i pieni\u0119dzy:<\/p>\n<p><em>\u201eMultum subkultur, to \u015bwiat nas zmusza do buntu<br \/>\nCo chcesz od ch\u0142opak\u00f3w, kt\u00f3rzy ci\u0105gle siedz\u0105 na murku?<br \/>\nJe\u015bli nie zmieniasz nam gruntu, nie podasz nam r\u0119ki<br \/>\n<\/em><em>Kr\u0119ci tym anielski py\u0142<\/em><em> i <\/em><em>martwi prezydenci<\/em><em>\u201d<\/em><\/p>\n<p>Zwrotk\u0119 ko\u0144czy \u017cywa nadzieja na zmian\u0119 sytuacji w postrzeganiu raper\u00f3w w Polsce. Pezet walczy tym samym o wolno\u015b\u0107 raper\u00f3w i ich prawo do zarabiania z pasji do hip-hopu:<\/p>\n<p><em>\u201e<\/em><em>My chcemy tylko nasz\u0105 wolno\u015b\u0107<\/em><em><br \/>\nChcemy robi\u0107 hip-hop i mie\u0107 spokojn\u0105 przysz\u0142o\u015b\u0107<\/em><em>\u201d<\/em><\/p>\n<p>W drugiej zwrotce Pezet rozwija temat szcz\u0119\u015bcia, kt\u00f3rego tak naprawd\u0119 tylko pragn\u0105 ludzie w jego wieku i m\u00f3wi:<\/p>\n<p><em>\u201eUwierzcie mi, my pami\u0119tamy o swych wadach<br \/>\nNie mamy jeszcze nic, a chcemy szcz\u0119\u015bciem tego \u015bwiata wreszcie \u017cy\u0107\u201d<\/em><\/p>\n<p>Drug\u0105 zwrotk\u0119 ko\u0144czy s\u0142owami:<\/p>\n<p><em>\u201eKroczy\u0107 drog\u0105 serca i dla ludzi si\u0119 po\u015bwi\u0119ca\u0107<br \/>\nDla tych ludzi, kt\u00f3rzy chc\u0105 tw\u00f3j sen kra\u015b\u0107<br \/>\n<\/em><em>Nic o nas bez nas, wiesz, trudno by by\u0142o \u017cy\u0107 z hip-hopu<\/em><em><br \/>\nZa nasz\u0105 wolno\u015b\u0107, nasz\u0105 muzyk\u0119, za pok\u00f3j\u201d<\/em><\/p>\n<p>Ukazuj\u0105c jakie s\u0105 jego cele i w jaki spos\u00f3b b\u0119dzie do nich d\u0105\u017cy\u0142. Stwierdzeniem <em>nihil novi<\/em> (t\u0142umaczone jako nic o nas bez nas), zwraca si\u0119 do krytyk\u00f3w, aby wszystkie s\u0142owa kierowali bezpo\u015brednio do niego, prosto w oczy, a nie rzucali je na wiatr dla poklasku mas.<\/p>\n<p>Utw\u00f3r jest ponadczasowy i uniwersalny. Pezet zwraca si\u0119 w nim w stron\u0119 wszystkich tych, kt\u00f3rzy stereotypami patrz\u0105 na raper\u00f3w i g\u0142osi swoje tezy i przekonania aby zaprzeczy\u0107 owej stereotypizacji. <em>Ukryty w mie\u015bcie krzyk<\/em> ja przynajmniej traktuje jak swego rodzaju manifest rapowy tamtego pokolenia. Nawo\u0142uje w nim poniek\u0105d do otworzenia oczu na \u015bwiat i otaczaj\u0105ca nas rzeczywisto\u015b\u0107. Zerwania z stereotypami i pr\u00f3b\u0119 spojrzenia w g\u0142\u0105b tych wszystkich ludzi, kt\u00f3rych reprezentuje (ludzi z bran\u017cy, osiedla itp.). M\u00f3wi o swoich intencjach oraz daje nam jasne przes\u0142anie m\u00f3wi\u0105c:<\/p>\n<p><em>\u201eChcemy szcz\u0119\u015bciem tego \u015bwiata wreszcie \u017cy\u0107<br \/>\nMy, ukryty w mie\u015bcie krzyk\u201d<\/em>.<\/p>\n","protected":false},"excerpt":{"rendered":"<p>Kolejnym utworem, kt\u00f3ry b\u0119d\u0119 analizowa\u0107 jest <i>Ukryty w mie\u015bcie krzyk<\/i> autorstwa Pezeta. Utw\u00f3r pochodzi z p\u0142yty Muzyka Klasyczna z 2002 roku. Za produkcje utworu odpowiada Noon. Sampel u\u017cyty przez Noona pochodzi z utworu Mike\u2019a Oldfielda \u2013 The Lake. W roku 2021 powsta\u0142a nowa wersja tego numeru stworzona przez \u0141ysy Live Session. O samym albumie raper m\u00f3wi: \u201epierwszy album robisz ca\u0142e dotychczasowe \u017cycie, ka\u017cdy kolejny \u2013 raptem dwa lata\u201d.<br \/>\n<br \/>\nUtw\u00f3r zaczyna si\u0119 od refrenu, w kt\u00f3rym powtarzany jest zwrot \u201eMy, ukryty w mie\u015bcie krzyk\u201d. Pezet przyzna\u0142 w jednym z wywiad\u00f3w udzielonym dla rytmy.pl w 2022 roku, \u017ce obecnie uwa\u017ca to za grafomani\u0119 i nie u\u017cy\u0142bym powt\u00f3rnie takiego sformu\u0142owania. M\u00f3wi dos\u0142ownie, \u017ce wyrzuci\u0142bym w pierwszej kolejno\u015bci wers \u201emokra jak Bonaqua\u201d z utworu Seniorita, a \u201ew drugiej kolejno\u015bci \u2013 fraz\u0119 ukryty w mie\u015bcie krzyk, czyli kultowe sformu\u0142owanie\u201d.<br \/>\n<br \/>\nW pierwszych wersach Pezet m\u00f3wi o ludziach, kt\u00f3rzy obserwuj\u0105 go i jemu podobn\u0105 m\u0142odzie\u017c i my\u015bl\u0105 o nich r\u00f3\u017cne, przewa\u017cnie z\u0142e rzeczy. Tacy ludzie jak on poddawani s\u0105 stereotypowej opinii \u2013 uwa\u017ca si\u0119 ich za osoby bez uczu\u0107, osiedlowe, mo\u017ce nawet troch\u0119 patologiczne. Pojawia si\u0119 r\u00f3wnie\u017c zwrot w kierunku policji, \u017ce mo\u017ce jedynie spisa\u0107 protok\u00f3\u0142 i zadaje zn\u00f3w kolejne pytanie \u201ekto krzyknie rap to rewolucja roku?\u201d, zach\u0119caj\u0105c tym ludzi do wspierania jego muzyki.<\/p>\n","protected":false},"author":56,"featured_media":11394,"comment_status":"closed","ping_status":"closed","sticky":false,"template":"","format":"standard","meta":{"colormag_page_container_layout":"no_sidebar_content_centered","colormag_page_sidebar_layout":"no_sidebar","_jetpack_memberships_contains_paid_content":false,"footnotes":"","_links_to":"","_links_to_target":""},"categories":[5,225,229],"tags":[],"class_list":["post-11388","post","type-post","status-publish","format-standard","has-post-thumbnail","hentry","category-muzyka","category-projekt-kulturalny","category-przeboj-nocy"],"yoast_head":"<!-- This site is optimized with the Yoast SEO plugin v27.4 - https:\/\/yoast.com\/product\/yoast-seo-wordpress\/ -->\n<title>Ukryty w mie\u015bcie krzyk \u2013 Pezet - NOTABENE.WORLD<\/title>\n<meta name=\"robots\" content=\"index, follow, max-snippet:-1, max-image-preview:large, max-video-preview:-1\" \/>\n<link rel=\"canonical\" href=\"https:\/\/notabene.world\/nb\/ukryty-w-miescie-krzyk-pezet\/\" \/>\n<meta property=\"og:locale\" content=\"pl_PL\" \/>\n<meta property=\"og:type\" content=\"article\" \/>\n<meta property=\"og:title\" content=\"Ukryty w mie\u015bcie krzyk \u2013 Pezet - NOTABENE.WORLD\" \/>\n<meta property=\"og:description\" content=\"Kolejnym utworem, kt\u00f3ry b\u0119d\u0119 analizowa\u0107 jest Ukryty w mie\u015bcie krzyk autorstwa Pezeta. Utw\u00f3r pochodzi z p\u0142yty Muzyka Klasyczna z 2002 roku. Za produkcje utworu odpowiada Noon. Sampel u\u017cyty przez Noona pochodzi z utworu Mike\u2019a Oldfielda \u2013 The Lake. W roku 2021 powsta\u0142a nowa wersja tego numeru stworzona przez \u0141ysy Live Session. O samym albumie raper m\u00f3wi: \u201epierwszy album robisz ca\u0142e dotychczasowe \u017cycie, ka\u017cdy kolejny \u2013 raptem dwa lata\u201d.  Utw\u00f3r zaczyna si\u0119 od refrenu, w kt\u00f3rym powtarzany jest zwrot \u201eMy, ukryty w mie\u015bcie krzyk\u201d. Pezet przyzna\u0142 w jednym z wywiad\u00f3w udzielonym dla rytmy.pl w 2022 roku, \u017ce obecnie uwa\u017ca to za grafomani\u0119 i nie u\u017cy\u0142bym powt\u00f3rnie takiego sformu\u0142owania. M\u00f3wi dos\u0142ownie, \u017ce wyrzuci\u0142bym w pierwszej kolejno\u015bci wers \u201emokra jak Bonaqua\u201d z utworu Seniorita, a \u201ew drugiej kolejno\u015bci \u2013 fraz\u0119 ukryty w mie\u015bcie krzyk, czyli kultowe sformu\u0142owanie\u201d.  W pierwszych wersach Pezet m\u00f3wi o ludziach, kt\u00f3rzy obserwuj\u0105 go i jemu podobn\u0105 m\u0142odzie\u017c i my\u015bl\u0105 o nich r\u00f3\u017cne, przewa\u017cnie z\u0142e rzeczy. Tacy ludzie jak on poddawani s\u0105 stereotypowej opinii \u2013 uwa\u017ca si\u0119 ich za osoby bez uczu\u0107, osiedlowe, mo\u017ce nawet troch\u0119 patologiczne. Pojawia si\u0119 r\u00f3wnie\u017c zwrot w kierunku policji, \u017ce mo\u017ce jedynie spisa\u0107 protok\u00f3\u0142 i zadaje zn\u00f3w kolejne pytanie \u201ekto krzyknie rap to rewolucja roku?\u201d, zach\u0119caj\u0105c tym ludzi do wspierania jego muzyki.\" \/>\n<meta property=\"og:url\" content=\"https:\/\/notabene.world\/nb\/ukryty-w-miescie-krzyk-pezet\/\" \/>\n<meta property=\"og:site_name\" content=\"NOTABENE.WORLD\" \/>\n<meta property=\"article:publisher\" content=\"https:\/\/www.facebook.com\/Notabene.World\" \/>\n<meta property=\"article:published_time\" content=\"2023-11-18T14:14:38+00:00\" \/>\n<meta property=\"article:modified_time\" content=\"2024-02-04T20:04:33+00:00\" \/>\n<meta property=\"og:image\" content=\"https:\/\/notabene.world\/nb\/wp-content\/uploads\/2023\/11\/Ukryty-w-miescie-krzyk1.jpg\" \/>\n\t<meta property=\"og:image:width\" content=\"800\" \/>\n\t<meta property=\"og:image:height\" content=\"445\" \/>\n\t<meta property=\"og:image:type\" content=\"image\/jpeg\" \/>\n<meta name=\"author\" content=\"Szymon Grz\u0105dziela\" \/>\n<meta name=\"twitter:card\" content=\"summary_large_image\" \/>\n<meta name=\"twitter:label1\" content=\"Napisane przez\" \/>\n\t<meta name=\"twitter:data1\" content=\"Szymon Grz\u0105dziela\" \/>\n\t<meta name=\"twitter:label2\" content=\"Szacowany czas czytania\" \/>\n\t<meta name=\"twitter:data2\" content=\"5 minut\" \/>\n<script type=\"application\/ld+json\" class=\"yoast-schema-graph\">{\"@context\":\"https:\\\/\\\/schema.org\",\"@graph\":[{\"@type\":\"Article\",\"@id\":\"https:\\\/\\\/notabene.world\\\/nb\\\/ukryty-w-miescie-krzyk-pezet\\\/#article\",\"isPartOf\":{\"@id\":\"https:\\\/\\\/notabene.world\\\/nb\\\/ukryty-w-miescie-krzyk-pezet\\\/\"},\"author\":{\"name\":\"Szymon Grz\u0105dziela\",\"@id\":\"https:\\\/\\\/notabene.world\\\/nb\\\/#\\\/schema\\\/person\\\/977b9f35195686b57d7563e70662822b\"},\"headline\":\"Ukryty w mie\u015bcie krzyk \u2013 Pezet\",\"datePublished\":\"2023-11-18T14:14:38+00:00\",\"dateModified\":\"2024-02-04T20:04:33+00:00\",\"mainEntityOfPage\":{\"@id\":\"https:\\\/\\\/notabene.world\\\/nb\\\/ukryty-w-miescie-krzyk-pezet\\\/\"},\"wordCount\":985,\"publisher\":{\"@id\":\"https:\\\/\\\/notabene.world\\\/nb\\\/#organization\"},\"image\":{\"@id\":\"https:\\\/\\\/notabene.world\\\/nb\\\/ukryty-w-miescie-krzyk-pezet\\\/#primaryimage\"},\"thumbnailUrl\":\"https:\\\/\\\/i0.wp.com\\\/notabene.world\\\/nb\\\/wp-content\\\/uploads\\\/2023\\\/11\\\/Ukryty-w-miescie-krzyk1.jpg?fit=800%2C445&ssl=1\",\"articleSection\":[\"Muzyka\",\"Projekt kulturalny\",\"PRZEB\u00d3J NOCY\"],\"inLanguage\":\"pl-PL\"},{\"@type\":\"WebPage\",\"@id\":\"https:\\\/\\\/notabene.world\\\/nb\\\/ukryty-w-miescie-krzyk-pezet\\\/\",\"url\":\"https:\\\/\\\/notabene.world\\\/nb\\\/ukryty-w-miescie-krzyk-pezet\\\/\",\"name\":\"Ukryty w mie\u015bcie krzyk \u2013 Pezet - NOTABENE.WORLD\",\"isPartOf\":{\"@id\":\"https:\\\/\\\/notabene.world\\\/nb\\\/#website\"},\"primaryImageOfPage\":{\"@id\":\"https:\\\/\\\/notabene.world\\\/nb\\\/ukryty-w-miescie-krzyk-pezet\\\/#primaryimage\"},\"image\":{\"@id\":\"https:\\\/\\\/notabene.world\\\/nb\\\/ukryty-w-miescie-krzyk-pezet\\\/#primaryimage\"},\"thumbnailUrl\":\"https:\\\/\\\/i0.wp.com\\\/notabene.world\\\/nb\\\/wp-content\\\/uploads\\\/2023\\\/11\\\/Ukryty-w-miescie-krzyk1.jpg?fit=800%2C445&ssl=1\",\"datePublished\":\"2023-11-18T14:14:38+00:00\",\"dateModified\":\"2024-02-04T20:04:33+00:00\",\"breadcrumb\":{\"@id\":\"https:\\\/\\\/notabene.world\\\/nb\\\/ukryty-w-miescie-krzyk-pezet\\\/#breadcrumb\"},\"inLanguage\":\"pl-PL\",\"potentialAction\":[{\"@type\":\"ReadAction\",\"target\":[\"https:\\\/\\\/notabene.world\\\/nb\\\/ukryty-w-miescie-krzyk-pezet\\\/\"]}]},{\"@type\":\"ImageObject\",\"inLanguage\":\"pl-PL\",\"@id\":\"https:\\\/\\\/notabene.world\\\/nb\\\/ukryty-w-miescie-krzyk-pezet\\\/#primaryimage\",\"url\":\"https:\\\/\\\/i0.wp.com\\\/notabene.world\\\/nb\\\/wp-content\\\/uploads\\\/2023\\\/11\\\/Ukryty-w-miescie-krzyk1.jpg?fit=800%2C445&ssl=1\",\"contentUrl\":\"https:\\\/\\\/i0.wp.com\\\/notabene.world\\\/nb\\\/wp-content\\\/uploads\\\/2023\\\/11\\\/Ukryty-w-miescie-krzyk1.jpg?fit=800%2C445&ssl=1\",\"width\":800,\"height\":445},{\"@type\":\"BreadcrumbList\",\"@id\":\"https:\\\/\\\/notabene.world\\\/nb\\\/ukryty-w-miescie-krzyk-pezet\\\/#breadcrumb\",\"itemListElement\":[{\"@type\":\"ListItem\",\"position\":1,\"name\":\"Home\",\"item\":\"https:\\\/\\\/notabene.world\\\/nb\\\/\"},{\"@type\":\"ListItem\",\"position\":2,\"name\":\"Ukryty w mie\u015bcie krzyk \u2013 Pezet\"}]},{\"@type\":\"WebSite\",\"@id\":\"https:\\\/\\\/notabene.world\\\/nb\\\/#website\",\"url\":\"https:\\\/\\\/notabene.world\\\/nb\\\/\",\"name\":\"NOTABENE.WORLD\",\"description\":\"Przekaz. Warto\u015bci. Wsp\u00f3lnota.\",\"publisher\":{\"@id\":\"https:\\\/\\\/notabene.world\\\/nb\\\/#organization\"},\"potentialAction\":[{\"@type\":\"SearchAction\",\"target\":{\"@type\":\"EntryPoint\",\"urlTemplate\":\"https:\\\/\\\/notabene.world\\\/nb\\\/?s={search_term_string}\"},\"query-input\":{\"@type\":\"PropertyValueSpecification\",\"valueRequired\":true,\"valueName\":\"search_term_string\"}}],\"inLanguage\":\"pl-PL\"},{\"@type\":\"Organization\",\"@id\":\"https:\\\/\\\/notabene.world\\\/nb\\\/#organization\",\"name\":\"NOTABENE.WORLD\",\"url\":\"https:\\\/\\\/notabene.world\\\/nb\\\/\",\"logo\":{\"@type\":\"ImageObject\",\"inLanguage\":\"pl-PL\",\"@id\":\"https:\\\/\\\/notabene.world\\\/nb\\\/#\\\/schema\\\/logo\\\/image\\\/\",\"url\":\"https:\\\/\\\/notabene.world\\\/nb\\\/wp-content\\\/uploads\\\/2022\\\/01\\\/NB-club-start-www1.jpg\",\"contentUrl\":\"https:\\\/\\\/notabene.world\\\/nb\\\/wp-content\\\/uploads\\\/2022\\\/01\\\/NB-club-start-www1.jpg\",\"width\":1000,\"height\":839,\"caption\":\"NOTABENE.WORLD\"},\"image\":{\"@id\":\"https:\\\/\\\/notabene.world\\\/nb\\\/#\\\/schema\\\/logo\\\/image\\\/\"},\"sameAs\":[\"https:\\\/\\\/www.facebook.com\\\/Notabene.World\"]},{\"@type\":\"Person\",\"@id\":\"https:\\\/\\\/notabene.world\\\/nb\\\/#\\\/schema\\\/person\\\/977b9f35195686b57d7563e70662822b\",\"name\":\"Szymon Grz\u0105dziela\",\"image\":{\"@type\":\"ImageObject\",\"inLanguage\":\"pl-PL\",\"@id\":\"https:\\\/\\\/secure.gravatar.com\\\/avatar\\\/a565ae8ea81f5059f63ac62d89ad1616d46684322df34df42e70cc609229e7b4?s=96&d=mm&r=g\",\"url\":\"https:\\\/\\\/secure.gravatar.com\\\/avatar\\\/a565ae8ea81f5059f63ac62d89ad1616d46684322df34df42e70cc609229e7b4?s=96&d=mm&r=g\",\"contentUrl\":\"https:\\\/\\\/secure.gravatar.com\\\/avatar\\\/a565ae8ea81f5059f63ac62d89ad1616d46684322df34df42e70cc609229e7b4?s=96&d=mm&r=g\",\"caption\":\"Szymon Grz\u0105dziela\"},\"url\":\"https:\\\/\\\/notabene.world\\\/nb\\\/author\\\/sz-gr\\\/\"}]}<\/script>\n<!-- \/ Yoast SEO plugin. -->","yoast_head_json":{"title":"Ukryty w mie\u015bcie krzyk \u2013 Pezet - NOTABENE.WORLD","robots":{"index":"index","follow":"follow","max-snippet":"max-snippet:-1","max-image-preview":"max-image-preview:large","max-video-preview":"max-video-preview:-1"},"canonical":"https:\/\/notabene.world\/nb\/ukryty-w-miescie-krzyk-pezet\/","og_locale":"pl_PL","og_type":"article","og_title":"Ukryty w mie\u015bcie krzyk \u2013 Pezet - NOTABENE.WORLD","og_description":"Kolejnym utworem, kt\u00f3ry b\u0119d\u0119 analizowa\u0107 jest Ukryty w mie\u015bcie krzyk autorstwa Pezeta. Utw\u00f3r pochodzi z p\u0142yty Muzyka Klasyczna z 2002 roku. Za produkcje utworu odpowiada Noon. Sampel u\u017cyty przez Noona pochodzi z utworu Mike\u2019a Oldfielda \u2013 The Lake. W roku 2021 powsta\u0142a nowa wersja tego numeru stworzona przez \u0141ysy Live Session. O samym albumie raper m\u00f3wi: \u201epierwszy album robisz ca\u0142e dotychczasowe \u017cycie, ka\u017cdy kolejny \u2013 raptem dwa lata\u201d.  Utw\u00f3r zaczyna si\u0119 od refrenu, w kt\u00f3rym powtarzany jest zwrot \u201eMy, ukryty w mie\u015bcie krzyk\u201d. Pezet przyzna\u0142 w jednym z wywiad\u00f3w udzielonym dla rytmy.pl w 2022 roku, \u017ce obecnie uwa\u017ca to za grafomani\u0119 i nie u\u017cy\u0142bym powt\u00f3rnie takiego sformu\u0142owania. M\u00f3wi dos\u0142ownie, \u017ce wyrzuci\u0142bym w pierwszej kolejno\u015bci wers \u201emokra jak Bonaqua\u201d z utworu Seniorita, a \u201ew drugiej kolejno\u015bci \u2013 fraz\u0119 ukryty w mie\u015bcie krzyk, czyli kultowe sformu\u0142owanie\u201d.  W pierwszych wersach Pezet m\u00f3wi o ludziach, kt\u00f3rzy obserwuj\u0105 go i jemu podobn\u0105 m\u0142odzie\u017c i my\u015bl\u0105 o nich r\u00f3\u017cne, przewa\u017cnie z\u0142e rzeczy. Tacy ludzie jak on poddawani s\u0105 stereotypowej opinii \u2013 uwa\u017ca si\u0119 ich za osoby bez uczu\u0107, osiedlowe, mo\u017ce nawet troch\u0119 patologiczne. Pojawia si\u0119 r\u00f3wnie\u017c zwrot w kierunku policji, \u017ce mo\u017ce jedynie spisa\u0107 protok\u00f3\u0142 i zadaje zn\u00f3w kolejne pytanie \u201ekto krzyknie rap to rewolucja roku?\u201d, zach\u0119caj\u0105c tym ludzi do wspierania jego muzyki.","og_url":"https:\/\/notabene.world\/nb\/ukryty-w-miescie-krzyk-pezet\/","og_site_name":"NOTABENE.WORLD","article_publisher":"https:\/\/www.facebook.com\/Notabene.World","article_published_time":"2023-11-18T14:14:38+00:00","article_modified_time":"2024-02-04T20:04:33+00:00","og_image":[{"width":800,"height":445,"url":"https:\/\/notabene.world\/nb\/wp-content\/uploads\/2023\/11\/Ukryty-w-miescie-krzyk1.jpg","type":"image\/jpeg"}],"author":"Szymon Grz\u0105dziela","twitter_card":"summary_large_image","twitter_misc":{"Napisane przez":"Szymon Grz\u0105dziela","Szacowany czas czytania":"5 minut"},"schema":{"@context":"https:\/\/schema.org","@graph":[{"@type":"Article","@id":"https:\/\/notabene.world\/nb\/ukryty-w-miescie-krzyk-pezet\/#article","isPartOf":{"@id":"https:\/\/notabene.world\/nb\/ukryty-w-miescie-krzyk-pezet\/"},"author":{"name":"Szymon Grz\u0105dziela","@id":"https:\/\/notabene.world\/nb\/#\/schema\/person\/977b9f35195686b57d7563e70662822b"},"headline":"Ukryty w mie\u015bcie krzyk \u2013 Pezet","datePublished":"2023-11-18T14:14:38+00:00","dateModified":"2024-02-04T20:04:33+00:00","mainEntityOfPage":{"@id":"https:\/\/notabene.world\/nb\/ukryty-w-miescie-krzyk-pezet\/"},"wordCount":985,"publisher":{"@id":"https:\/\/notabene.world\/nb\/#organization"},"image":{"@id":"https:\/\/notabene.world\/nb\/ukryty-w-miescie-krzyk-pezet\/#primaryimage"},"thumbnailUrl":"https:\/\/i0.wp.com\/notabene.world\/nb\/wp-content\/uploads\/2023\/11\/Ukryty-w-miescie-krzyk1.jpg?fit=800%2C445&ssl=1","articleSection":["Muzyka","Projekt kulturalny","PRZEB\u00d3J NOCY"],"inLanguage":"pl-PL"},{"@type":"WebPage","@id":"https:\/\/notabene.world\/nb\/ukryty-w-miescie-krzyk-pezet\/","url":"https:\/\/notabene.world\/nb\/ukryty-w-miescie-krzyk-pezet\/","name":"Ukryty w mie\u015bcie krzyk \u2013 Pezet - NOTABENE.WORLD","isPartOf":{"@id":"https:\/\/notabene.world\/nb\/#website"},"primaryImageOfPage":{"@id":"https:\/\/notabene.world\/nb\/ukryty-w-miescie-krzyk-pezet\/#primaryimage"},"image":{"@id":"https:\/\/notabene.world\/nb\/ukryty-w-miescie-krzyk-pezet\/#primaryimage"},"thumbnailUrl":"https:\/\/i0.wp.com\/notabene.world\/nb\/wp-content\/uploads\/2023\/11\/Ukryty-w-miescie-krzyk1.jpg?fit=800%2C445&ssl=1","datePublished":"2023-11-18T14:14:38+00:00","dateModified":"2024-02-04T20:04:33+00:00","breadcrumb":{"@id":"https:\/\/notabene.world\/nb\/ukryty-w-miescie-krzyk-pezet\/#breadcrumb"},"inLanguage":"pl-PL","potentialAction":[{"@type":"ReadAction","target":["https:\/\/notabene.world\/nb\/ukryty-w-miescie-krzyk-pezet\/"]}]},{"@type":"ImageObject","inLanguage":"pl-PL","@id":"https:\/\/notabene.world\/nb\/ukryty-w-miescie-krzyk-pezet\/#primaryimage","url":"https:\/\/i0.wp.com\/notabene.world\/nb\/wp-content\/uploads\/2023\/11\/Ukryty-w-miescie-krzyk1.jpg?fit=800%2C445&ssl=1","contentUrl":"https:\/\/i0.wp.com\/notabene.world\/nb\/wp-content\/uploads\/2023\/11\/Ukryty-w-miescie-krzyk1.jpg?fit=800%2C445&ssl=1","width":800,"height":445},{"@type":"BreadcrumbList","@id":"https:\/\/notabene.world\/nb\/ukryty-w-miescie-krzyk-pezet\/#breadcrumb","itemListElement":[{"@type":"ListItem","position":1,"name":"Home","item":"https:\/\/notabene.world\/nb\/"},{"@type":"ListItem","position":2,"name":"Ukryty w mie\u015bcie krzyk \u2013 Pezet"}]},{"@type":"WebSite","@id":"https:\/\/notabene.world\/nb\/#website","url":"https:\/\/notabene.world\/nb\/","name":"NOTABENE.WORLD","description":"Przekaz. Warto\u015bci. Wsp\u00f3lnota.","publisher":{"@id":"https:\/\/notabene.world\/nb\/#organization"},"potentialAction":[{"@type":"SearchAction","target":{"@type":"EntryPoint","urlTemplate":"https:\/\/notabene.world\/nb\/?s={search_term_string}"},"query-input":{"@type":"PropertyValueSpecification","valueRequired":true,"valueName":"search_term_string"}}],"inLanguage":"pl-PL"},{"@type":"Organization","@id":"https:\/\/notabene.world\/nb\/#organization","name":"NOTABENE.WORLD","url":"https:\/\/notabene.world\/nb\/","logo":{"@type":"ImageObject","inLanguage":"pl-PL","@id":"https:\/\/notabene.world\/nb\/#\/schema\/logo\/image\/","url":"https:\/\/notabene.world\/nb\/wp-content\/uploads\/2022\/01\/NB-club-start-www1.jpg","contentUrl":"https:\/\/notabene.world\/nb\/wp-content\/uploads\/2022\/01\/NB-club-start-www1.jpg","width":1000,"height":839,"caption":"NOTABENE.WORLD"},"image":{"@id":"https:\/\/notabene.world\/nb\/#\/schema\/logo\/image\/"},"sameAs":["https:\/\/www.facebook.com\/Notabene.World"]},{"@type":"Person","@id":"https:\/\/notabene.world\/nb\/#\/schema\/person\/977b9f35195686b57d7563e70662822b","name":"Szymon Grz\u0105dziela","image":{"@type":"ImageObject","inLanguage":"pl-PL","@id":"https:\/\/secure.gravatar.com\/avatar\/a565ae8ea81f5059f63ac62d89ad1616d46684322df34df42e70cc609229e7b4?s=96&d=mm&r=g","url":"https:\/\/secure.gravatar.com\/avatar\/a565ae8ea81f5059f63ac62d89ad1616d46684322df34df42e70cc609229e7b4?s=96&d=mm&r=g","contentUrl":"https:\/\/secure.gravatar.com\/avatar\/a565ae8ea81f5059f63ac62d89ad1616d46684322df34df42e70cc609229e7b4?s=96&d=mm&r=g","caption":"Szymon Grz\u0105dziela"},"url":"https:\/\/notabene.world\/nb\/author\/sz-gr\/"}]}},"jetpack_featured_media_url":"https:\/\/i0.wp.com\/notabene.world\/nb\/wp-content\/uploads\/2023\/11\/Ukryty-w-miescie-krzyk1.jpg?fit=800%2C445&ssl=1","jetpack_sharing_enabled":true,"jetpack_shortlink":"https:\/\/wp.me\/pdCobN-2XG","_links":{"self":[{"href":"https:\/\/notabene.world\/nb\/wp-json\/wp\/v2\/posts\/11388","targetHints":{"allow":["GET"]}}],"collection":[{"href":"https:\/\/notabene.world\/nb\/wp-json\/wp\/v2\/posts"}],"about":[{"href":"https:\/\/notabene.world\/nb\/wp-json\/wp\/v2\/types\/post"}],"author":[{"embeddable":true,"href":"https:\/\/notabene.world\/nb\/wp-json\/wp\/v2\/users\/56"}],"replies":[{"embeddable":true,"href":"https:\/\/notabene.world\/nb\/wp-json\/wp\/v2\/comments?post=11388"}],"version-history":[{"count":5,"href":"https:\/\/notabene.world\/nb\/wp-json\/wp\/v2\/posts\/11388\/revisions"}],"predecessor-version":[{"id":12492,"href":"https:\/\/notabene.world\/nb\/wp-json\/wp\/v2\/posts\/11388\/revisions\/12492"}],"wp:featuredmedia":[{"embeddable":true,"href":"https:\/\/notabene.world\/nb\/wp-json\/wp\/v2\/media\/11394"}],"wp:attachment":[{"href":"https:\/\/notabene.world\/nb\/wp-json\/wp\/v2\/media?parent=11388"}],"wp:term":[{"taxonomy":"category","embeddable":true,"href":"https:\/\/notabene.world\/nb\/wp-json\/wp\/v2\/categories?post=11388"},{"taxonomy":"post_tag","embeddable":true,"href":"https:\/\/notabene.world\/nb\/wp-json\/wp\/v2\/tags?post=11388"}],"curies":[{"name":"wp","href":"https:\/\/api.w.org\/{rel}","templated":true}]}}