{"id":11426,"date":"2023-11-18T12:31:10","date_gmt":"2023-11-18T11:31:10","guid":{"rendered":"https:\/\/notabene.world\/nb\/?p=11426"},"modified":"2023-12-05T19:10:09","modified_gmt":"2023-12-05T18:10:09","slug":"nowa-wladza-musi-sie-tym-zajac","status":"publish","type":"post","link":"https:\/\/notabene.world\/nb\/nowa-wladza-musi-sie-tym-zajac\/","title":{"rendered":"Mowa nienawi\u015bci i pogardy. Czas z tym sko\u0144czy\u0107!"},"content":{"rendered":"<h4>Miesi\u0105c temu odby\u0142y si\u0119 wybory parlamentarne. Lud wybra\u0142 zmian\u0119 w\u0142adzy; czy to b\u0119dzie dobra zmiana? Zobaczymy; poza tym, nie mnie to ocenia\u0107. Obiecano nam wiele; podwy\u017cki dla nauczycieli, rozliczenie poprzedniej w\u0142adzy, odblokowanie \u015brodk\u00f3w z Krajowego Planu Odbudowy, napraw\u0119 s\u0105downictwa i systemu edukacji i nauki. S\u0105 to oczywi\u015bcie fundamentalne kwestie, lecz ja oczekuj\u0119 od w\u0142adzy w szczeg\u00f3lno\u015bci walki z nienawi\u015bci\u0105. Brzmi \u015bmiesznie, prawda? Zerknijmy na wydarzenia z ostatnich 2 tygodni:<\/h4>\n<ol>\n<li>W Chorzowie 9-latek w spektrum autyzmu jest maltretowany przez niewiele starszych koleg\u00f3w. Pod Krakowem natomiast 17-latek pluje i kopie 12-latka.<\/li>\n<li>Streamer rozbija na g\u0142owie dziewczyny szklan\u0105 butelk\u0119; dzie\u0144 wcze\u015bniej upi\u0142 i na\u0107pa\u0142 proszkiem do prania kobiet\u0119, a potem wyrzuci\u0142 jej ubrania przez okno. Wszystko nagrane, upublicznione. Sprawca prawdopodobnie jest ju\u017c za granic\u0105.<\/li>\n<li>Do pracy pos\u0142anka KO przysz\u0142a z 4-letnim dzieckiem, a dziewczyna z domu dziecka za\u0142o\u017cy\u0142a zbi\u00f3rk\u0119. To chyba oczywiste, jak\u0105 reakcj\u0105 popisali si\u0119 internauci.<\/li>\n<li>Pos\u0142owie na 1. posiedzeniu X kadencji sejmu r\u00f3wnie\u017c trzymali poziom: <em>Fujary<\/em>,\u00a0<em>lump albo<\/em> dobiegaj\u0105ce z ko\u0144ca sali <em>Puknij si\u0119 w g\u0142ow\u0119.\u00a0<\/em><\/li>\n<\/ol>\n<h3>Zmiana standard\u00f3w dyskusji politycznej<\/h3>\n<p>Przyk\u0142ad musi i\u015b\u0107 odg\u00f3rnie &#8211; i idzie, owszem, i to jaki! Pis koncertowo centralizuje opozycj\u0119 do jednej osoby &#8211; Donalda Tuska, kt\u00f3ry uwaga &#8211; zdradza nasz\u0105 ojczyzn\u0119, jest niemieckim agentem i dba tylko o interesy Niemc\u00f3w. Ta narracja dzia\u0142a, pog\u0142\u0119bia nienawi\u015b\u0107 i frustracj\u0119, jest korzystne dla partii; niestety, dla KO niestety to r\u00f3wnie\u017c jest korzystne, je\u015bli chc\u0105 utrzyma\u0107 partyjny dualizm. Bo gdy Tusk i Kaczy\u0144ski przestaj\u0105 by\u0107 uosobieniem alfy i omegi, bieli oraz czerni, do g\u0142osu dochodz\u0105 odcienie szaro\u015bci.<\/p>\n<p>Nowa ekipa rz\u0105dz\u0105ca MUSI przesta\u0107 gra\u0107 w t\u0119 obrzydliw\u0105 gr\u0119; musi przesta\u0107 udawa\u0107, \u017ce jest dobrem i walczy ze z\u0142em, tak jak robili to poprzednicy. Taka polaryzacja wzmaga w ludziach poczucie zagro\u017cenia i nienawi\u015b\u0107, kt\u00f3rej widzimy coraz wi\u0119cej, po ka\u017cdej stronie.<br \/>\nS\u0142owa wypowiadane z m\u00f3wnicy sejmowej nios\u0105 si\u0119 nie tylko po sali plenarnej; szczeg\u00f3lnie teraz, kiedy m\u0142odzie\u017c jest wyj\u0105tkowo zainteresowana obradami. Posiedzenia nie mog\u0105 wygl\u0105da\u0107 tak, jak teraz &#8211; przedstawiciele 40-milionowego kraju nie mog\u0105 dawa\u0107 rodakom takiego przyk\u0142adu i cichego przyzwolenia na dyskusj\u0119 opart\u0105 na obra\u017caniu i pogardzie.<\/p>\n<p>Argumenty musz\u0105 by\u0107 rzeczowe i dotyczy\u0107 sedna omawianej sprawy; Marsza\u0142ek sejmu powinien mie\u0107 prawo wy\u0142\u0105cza\u0107 mikrofon pos\u0142om, kt\u00f3rzy pos\u0142uguj\u0105 si\u0119 w swoim przem\u00f3wieniu obelgami, odbiegaj\u0105 od tematu i oczerniaj\u0105 przeciwnik\u00f3w.<br \/>\nTo najwa\u017cniejsza zmiana, jaka musi dokona\u0107 si\u0119 w Polsce; od tego trzeba zacz\u0105\u0107. Politycy musz\u0105 dawa\u0107 DOBRY przyk\u0142ad i musz\u0105 przesta\u0107 podjudza\u0107 oraz manipulowa\u0107 suweren perfidn\u0105 bajk\u0105 o dobrym\/z\u0142ym Tusku i dobrym\/z\u0142ym Kaczy\u0144skim.<\/p>\n<h3>BEZPO\u015aREDNIE zadbanie o szko\u0142\u0119<\/h3>\n<p>W\u0142adza powinna skierowa\u0107 swoj\u0105 uwag\u0119 r\u00f3wnie\u017c na szko\u0142y. Co jaki\u015b czas s\u0142yszy si\u0119, \u017ce \u201cnauczyciel nie reagowa\u0142\u201d; \u201cdyrekcja o niczym nie wiedzia\u0142a\u201d; Kroki w tej kwestii musz\u0105 by\u0107 drastyczne, niestety.<br \/>\nKadra pedagogiczna musi zacz\u0105\u0107 ponosi\u0107 faktyczn\u0105, a nie tylko iluzoryczn\u0105 odpowiedzialno\u015b\u0107 za uczni\u00f3w. Konflikty w szkole nie mog\u0105 by\u0107 rozwi\u0105zywane metod\u0105 \u201cpodajcie sobie r\u0119ce\u201d. Pedagodzy musz\u0105 reagowa\u0107, szybko i zdecydowanie; je\u015bli to nie daje rezultat\u00f3w, nale\u017cy i\u015b\u0107 wy\u017cej &#8211; do rodzic\u00f3w, do dyrekcji, r\u00f3wnie\u017c na policj\u0119, je\u017celi przemoc wymyka si\u0119 spod kontroli i nikt nad ni\u0105 nie panuje. Nauczyciel nie mo\u017ce obawia\u0107 si\u0119 podj\u0119cia takich krok\u00f3w.<br \/>\nTutaj pojawia si\u0119 kolejny problem &#8211; zszargany autorytet nauczyciela; nale\u017cy podnie\u015b\u0107 presti\u017c tego zawodu &#8211; znaczna podwy\u017cka pensji to chyba jedyny \u015brodek do celu. Nauczyciel musi by\u0107 szanowany nie tylko przez uczni\u00f3w, ale przez polityk\u00f3w i przede wszystkim rodzic\u00f3w; musi by\u0107 szanowany, aby by\u0142 s\u0142uchany.<br \/>\nOczywi\u015bcie nauczyciele \u017ale wykonuj\u0105cy swoj\u0105 prac\u0119, o kt\u00f3rych Prawo Marcina czy Les\u0142aw Dzik uwielbiaj\u0105 opowiada\u0107, musz\u0105 by\u0107 stosownie karani; kurator nie mo\u017ce przymyka\u0107 oczu na \u0142amanie praw ucznia; w drug\u0105 stron\u0119 niestety r\u00f3wnie\u017c powinno to tak dzia\u0142a\u0107 &#8211; na poni\u017canie w jakikolwiek spos\u00f3b nauczyciela nie mo\u017ce by\u0107 przyzwolenia.<br \/>\nChyba najwa\u017cniejsze &#8211; szkolny psycholog. Musi by\u0107 dobrze op\u0142acany, w przypadku du\u017cej szko\u0142y powinno by\u0107 ich kilku, a on sam &#8211; dobrze wykwalifikowany; po studiach psychologicznych i przygotowaniu pedagogicznym.<\/p>\n<h3>Internet nie mo\u017ce zast\u0119powa\u0107 rodzic\u00f3w<\/h3>\n<p>A niestety zast\u0119puje. Gale MMA odbywaj\u0105 si\u0119 ca\u0142y czas; kilka federacji, ten sam schemat &#8211; obra\u017canie si\u0119 i to za pomoc\u0105 najbardziej prostackich sposob\u00f3w na konferencjach, nast\u0119pnie solidna b\u00f3jka. Schemat powt\u00f3rz. Obok tego stoj\u0105 oczywi\u015bcie patostremerzy, z kt\u00f3rymi rz\u0105d nie zrobi\u0142 absolutnie nic. Dalej streamuj\u0105, dalej bij\u0105 i poni\u017caj\u0105 kobiety, dalej s\u0105 obecni w mediach. Dalej znajduj\u0105 widz\u00f3w a nawet sponsor\u00f3w. Dost\u0119p do tego maj\u0105 oczywi\u015bcie dzieci.<\/p>\n<p>Obecne metody weryfikacji wieku nie dzia\u0142aj\u0105, wi\u0119c nale\u017cy je zradykalizowa\u0107: wszystkie social media dost\u0119pne od 18 roku \u017cycia (na przyk\u0142ad), a wcze\u015bniej za pisemn\u0105 i weryfikowaln\u0105 zgod\u0105 rodzica.<\/p>\n<p>Gale MMA &#8211; dok\u0142adnie to samo; wykupienie PPV powinno obligowa\u0107 do weryfikacji wieku.<\/p>\n<p>Niestety, bez zaanga\u017cowania ze strony rodzic\u00f3w, takie kroki niewiele pomog\u0105. W gruncie rzeczy to \u017cadne z wy\u017cej wymienionych krok\u00f3w nie pomog\u0105 w walce z coraz silniejsz\u0105 nienawi\u015bci\u0105, je\u015bli to rodzice, sami z siebie, nie zadbaj\u0105 o swoich syn\u00f3w i o swoje c\u00f3rki. To od nich zale\u017cy najbardziej zachowanie i osobowo\u015b\u0107 cz\u0142owieka. Telefon czy komputer nie mog\u0105 by\u0107 sposobem wychowywania dziecka; rodzic musi edukowa\u0107, bra\u0107 odpowiedzialno\u015b\u0107 i pilnowa\u0107 swoich pociech.<\/p>\n<p>&nbsp;<\/p>\n","protected":false},"excerpt":{"rendered":"<p>Miesi\u0105c temu odby\u0142y si\u0119 wybory parlamentarne. Lud wybra\u0142 zmian\u0119 w\u0142adzy; czy to b\u0119dzie dobra zmiana? Zobaczymy; poza tym, nie mnie to ocenia\u0107. Obiecano nam wiele; podwy\u017cki dla nauczycieli, rozliczenie poprzedniej w\u0142adzy, odblokowanie \u015brodk\u00f3w z Krajowego Planu Odbudowy, napraw\u0119 s\u0105downictwa i systemu edukacji i nauki. S\u0105 to oczywi\u015bcie fundamentalne kwestie, lecz ja oczekuj\u0119 od w\u0142adzy w szczeg\u00f3lno\u015bci walki z nienawi\u015bci\u0105. Brzmi \u015bmiesznie, prawda? Zerknijmy na wydarzenia z ostatnich 2 tygodni:<br \/>\nW Chorzowie 9-latek w spektrum autyzmu jest maltretowany przez niewiele starszych koleg\u00f3w. Pod Krakowem natomiast 17-latek pluje i kopie 12-latka.<br \/>\nStreamer rozbija na g\u0142owie dziewczyny szklan\u0105 butelk\u0119; dzie\u0144 wcze\u015bniej upi\u0142 i na\u0107pa\u0142 proszkiem do prania kobiet\u0119, a potem wyrzuci\u0142 jej ubrania przez okno. Wszystko nagrane, upublicznione. Sprawca prawdopodobnie jest ju\u017c za granic\u0105.<br \/>\nDo pracy pos\u0142anka KO przysz\u0142a z 4-letnim dzieckiem, a dziewczyna z domu dziecka za\u0142o\u017cy\u0142a zbi\u00f3rk\u0119. To chyba oczywiste, jak\u0105 reakcj\u0105 popisali si\u0119 internauci.<br \/>\nPos\u0142owie na 1. posiedzeniu X kadencji sejmu r\u00f3wnie\u017c trzymali poziom: Fujary,\u00a0lump albo dobiegaj\u0105ce z ko\u0144ca sali Puknij si\u0119 w g\u0142ow\u0119.\u00a0<\/p>\n","protected":false},"author":6,"featured_media":11472,"comment_status":"closed","ping_status":"closed","sticky":false,"template":"","format":"standard","meta":{"colormag_page_container_layout":"no_sidebar_content_centered","colormag_page_sidebar_layout":"no_sidebar","_jetpack_memberships_contains_paid_content":false,"footnotes":"","_links_to":"","_links_to_target":""},"categories":[64,42,150],"tags":[236,235],"class_list":["post-11426","post","type-post","status-publish","format-standard","has-post-thumbnail","hentry","category-aktualnosci","category-felietony","category-publicystyka","tag-hejt","tag-mowa-nienawisci"],"yoast_head":"<!-- This site is optimized with the Yoast SEO plugin v27.4 - https:\/\/yoast.com\/product\/yoast-seo-wordpress\/ -->\n<title>Mowa nienawi\u015bci i pogardy. Czas z tym sko\u0144czy\u0107! - NOTABENE.WORLD<\/title>\n<meta name=\"description\" content=\"Wylewaj\u0105ca si\u0119 z m\u00f3wnicy sejmowej pogarda i nienawi\u015b\u0107 zainfekowa\u0142y wszystkie sektory \u017cycia publicznego. Niestety, atakuj\u0105 tak\u017ce najm\u0142odszych.\" \/>\n<meta name=\"robots\" content=\"index, follow, max-snippet:-1, max-image-preview:large, max-video-preview:-1\" \/>\n<link rel=\"canonical\" href=\"https:\/\/notabene.world\/nb\/nowa-wladza-musi-sie-tym-zajac\/\" \/>\n<meta property=\"og:locale\" content=\"pl_PL\" \/>\n<meta property=\"og:type\" content=\"article\" \/>\n<meta property=\"og:title\" content=\"Mowa nienawi\u015bci i pogardy. Czas z tym sko\u0144czy\u0107! - NOTABENE.WORLD\" \/>\n<meta property=\"og:description\" content=\"Wylewaj\u0105ca si\u0119 z m\u00f3wnicy sejmowej pogarda i nienawi\u015b\u0107 zainfekowa\u0142y wszystkie sektory \u017cycia publicznego. Niestety, atakuj\u0105 tak\u017ce najm\u0142odszych.\" \/>\n<meta property=\"og:url\" content=\"https:\/\/notabene.world\/nb\/nowa-wladza-musi-sie-tym-zajac\/\" \/>\n<meta property=\"og:site_name\" content=\"NOTABENE.WORLD\" \/>\n<meta property=\"article:publisher\" content=\"https:\/\/www.facebook.com\/Notabene.World\" \/>\n<meta property=\"article:author\" content=\"https:\/\/www.facebook.com\/profile.php?id=100014087373140\" \/>\n<meta property=\"article:published_time\" content=\"2023-11-18T11:31:10+00:00\" \/>\n<meta property=\"article:modified_time\" content=\"2023-12-05T18:10:09+00:00\" \/>\n<meta property=\"og:image\" content=\"https:\/\/notabene.world\/nb\/wp-content\/uploads\/2023\/11\/zio.jt_.jpg\" \/>\n\t<meta property=\"og:image:width\" content=\"800\" \/>\n\t<meta property=\"og:image:height\" content=\"445\" \/>\n\t<meta property=\"og:image:type\" content=\"image\/jpeg\" \/>\n<meta name=\"author\" content=\"Julian Tarnowski\" \/>\n<meta name=\"twitter:card\" content=\"summary_large_image\" \/>\n<meta name=\"twitter:creator\" content=\"@JulianTarnowsk1\" \/>\n<meta name=\"twitter:label1\" content=\"Napisane przez\" \/>\n\t<meta name=\"twitter:data1\" content=\"Julian Tarnowski\" \/>\n\t<meta name=\"twitter:label2\" content=\"Szacowany czas czytania\" \/>\n\t<meta name=\"twitter:data2\" content=\"5 minut\" \/>\n<script type=\"application\/ld+json\" class=\"yoast-schema-graph\">{\"@context\":\"https:\\\/\\\/schema.org\",\"@graph\":[{\"@type\":\"Article\",\"@id\":\"https:\\\/\\\/notabene.world\\\/nb\\\/nowa-wladza-musi-sie-tym-zajac\\\/#article\",\"isPartOf\":{\"@id\":\"https:\\\/\\\/notabene.world\\\/nb\\\/nowa-wladza-musi-sie-tym-zajac\\\/\"},\"author\":{\"name\":\"Julian Tarnowski\",\"@id\":\"https:\\\/\\\/notabene.world\\\/nb\\\/#\\\/schema\\\/person\\\/890c5cc2bd0337867802bcca5ee56dee\"},\"headline\":\"Mowa nienawi\u015bci i pogardy. Czas z tym sko\u0144czy\u0107!\",\"datePublished\":\"2023-11-18T11:31:10+00:00\",\"dateModified\":\"2023-12-05T18:10:09+00:00\",\"mainEntityOfPage\":{\"@id\":\"https:\\\/\\\/notabene.world\\\/nb\\\/nowa-wladza-musi-sie-tym-zajac\\\/\"},\"wordCount\":954,\"publisher\":{\"@id\":\"https:\\\/\\\/notabene.world\\\/nb\\\/#organization\"},\"image\":{\"@id\":\"https:\\\/\\\/notabene.world\\\/nb\\\/nowa-wladza-musi-sie-tym-zajac\\\/#primaryimage\"},\"thumbnailUrl\":\"https:\\\/\\\/i0.wp.com\\\/notabene.world\\\/nb\\\/wp-content\\\/uploads\\\/2023\\\/11\\\/zio.jt_.jpg?fit=800%2C445&ssl=1\",\"keywords\":[\"hejt\",\"mowa nienawi\u015bci\"],\"articleSection\":[\"Aktualno\u015bci\",\"Felietony\",\"Publicystyka\"],\"inLanguage\":\"pl-PL\"},{\"@type\":\"WebPage\",\"@id\":\"https:\\\/\\\/notabene.world\\\/nb\\\/nowa-wladza-musi-sie-tym-zajac\\\/\",\"url\":\"https:\\\/\\\/notabene.world\\\/nb\\\/nowa-wladza-musi-sie-tym-zajac\\\/\",\"name\":\"Mowa nienawi\u015bci i pogardy. Czas z tym sko\u0144czy\u0107! - NOTABENE.WORLD\",\"isPartOf\":{\"@id\":\"https:\\\/\\\/notabene.world\\\/nb\\\/#website\"},\"primaryImageOfPage\":{\"@id\":\"https:\\\/\\\/notabene.world\\\/nb\\\/nowa-wladza-musi-sie-tym-zajac\\\/#primaryimage\"},\"image\":{\"@id\":\"https:\\\/\\\/notabene.world\\\/nb\\\/nowa-wladza-musi-sie-tym-zajac\\\/#primaryimage\"},\"thumbnailUrl\":\"https:\\\/\\\/i0.wp.com\\\/notabene.world\\\/nb\\\/wp-content\\\/uploads\\\/2023\\\/11\\\/zio.jt_.jpg?fit=800%2C445&ssl=1\",\"datePublished\":\"2023-11-18T11:31:10+00:00\",\"dateModified\":\"2023-12-05T18:10:09+00:00\",\"description\":\"Wylewaj\u0105ca si\u0119 z m\u00f3wnicy sejmowej pogarda i nienawi\u015b\u0107 zainfekowa\u0142y wszystkie sektory \u017cycia publicznego. Niestety, atakuj\u0105 tak\u017ce najm\u0142odszych.\",\"breadcrumb\":{\"@id\":\"https:\\\/\\\/notabene.world\\\/nb\\\/nowa-wladza-musi-sie-tym-zajac\\\/#breadcrumb\"},\"inLanguage\":\"pl-PL\",\"potentialAction\":[{\"@type\":\"ReadAction\",\"target\":[\"https:\\\/\\\/notabene.world\\\/nb\\\/nowa-wladza-musi-sie-tym-zajac\\\/\"]}]},{\"@type\":\"ImageObject\",\"inLanguage\":\"pl-PL\",\"@id\":\"https:\\\/\\\/notabene.world\\\/nb\\\/nowa-wladza-musi-sie-tym-zajac\\\/#primaryimage\",\"url\":\"https:\\\/\\\/i0.wp.com\\\/notabene.world\\\/nb\\\/wp-content\\\/uploads\\\/2023\\\/11\\\/zio.jt_.jpg?fit=800%2C445&ssl=1\",\"contentUrl\":\"https:\\\/\\\/i0.wp.com\\\/notabene.world\\\/nb\\\/wp-content\\\/uploads\\\/2023\\\/11\\\/zio.jt_.jpg?fit=800%2C445&ssl=1\",\"width\":800,\"height\":445},{\"@type\":\"BreadcrumbList\",\"@id\":\"https:\\\/\\\/notabene.world\\\/nb\\\/nowa-wladza-musi-sie-tym-zajac\\\/#breadcrumb\",\"itemListElement\":[{\"@type\":\"ListItem\",\"position\":1,\"name\":\"Home\",\"item\":\"https:\\\/\\\/notabene.world\\\/nb\\\/\"},{\"@type\":\"ListItem\",\"position\":2,\"name\":\"Mowa nienawi\u015bci i pogardy. Czas z tym sko\u0144czy\u0107!\"}]},{\"@type\":\"WebSite\",\"@id\":\"https:\\\/\\\/notabene.world\\\/nb\\\/#website\",\"url\":\"https:\\\/\\\/notabene.world\\\/nb\\\/\",\"name\":\"NOTABENE.WORLD\",\"description\":\"Przekaz. Warto\u015bci. Wsp\u00f3lnota.\",\"publisher\":{\"@id\":\"https:\\\/\\\/notabene.world\\\/nb\\\/#organization\"},\"potentialAction\":[{\"@type\":\"SearchAction\",\"target\":{\"@type\":\"EntryPoint\",\"urlTemplate\":\"https:\\\/\\\/notabene.world\\\/nb\\\/?s={search_term_string}\"},\"query-input\":{\"@type\":\"PropertyValueSpecification\",\"valueRequired\":true,\"valueName\":\"search_term_string\"}}],\"inLanguage\":\"pl-PL\"},{\"@type\":\"Organization\",\"@id\":\"https:\\\/\\\/notabene.world\\\/nb\\\/#organization\",\"name\":\"NOTABENE.WORLD\",\"url\":\"https:\\\/\\\/notabene.world\\\/nb\\\/\",\"logo\":{\"@type\":\"ImageObject\",\"inLanguage\":\"pl-PL\",\"@id\":\"https:\\\/\\\/notabene.world\\\/nb\\\/#\\\/schema\\\/logo\\\/image\\\/\",\"url\":\"https:\\\/\\\/notabene.world\\\/nb\\\/wp-content\\\/uploads\\\/2022\\\/01\\\/NB-club-start-www1.jpg\",\"contentUrl\":\"https:\\\/\\\/notabene.world\\\/nb\\\/wp-content\\\/uploads\\\/2022\\\/01\\\/NB-club-start-www1.jpg\",\"width\":1000,\"height\":839,\"caption\":\"NOTABENE.WORLD\"},\"image\":{\"@id\":\"https:\\\/\\\/notabene.world\\\/nb\\\/#\\\/schema\\\/logo\\\/image\\\/\"},\"sameAs\":[\"https:\\\/\\\/www.facebook.com\\\/Notabene.World\"]},{\"@type\":\"Person\",\"@id\":\"https:\\\/\\\/notabene.world\\\/nb\\\/#\\\/schema\\\/person\\\/890c5cc2bd0337867802bcca5ee56dee\",\"name\":\"Julian Tarnowski\",\"image\":{\"@type\":\"ImageObject\",\"inLanguage\":\"pl-PL\",\"@id\":\"https:\\\/\\\/secure.gravatar.com\\\/avatar\\\/151c2da0993f25c9e553bfa30b4da86942b5a68cf934473be0bc4dc52284b95b?s=96&d=mm&r=g\",\"url\":\"https:\\\/\\\/secure.gravatar.com\\\/avatar\\\/151c2da0993f25c9e553bfa30b4da86942b5a68cf934473be0bc4dc52284b95b?s=96&d=mm&r=g\",\"contentUrl\":\"https:\\\/\\\/secure.gravatar.com\\\/avatar\\\/151c2da0993f25c9e553bfa30b4da86942b5a68cf934473be0bc4dc52284b95b?s=96&d=mm&r=g\",\"caption\":\"Julian Tarnowski\"},\"sameAs\":[\"https:\\\/\\\/www.facebook.com\\\/profile.php?id=100014087373140\",\"https:\\\/\\\/www.instagram.com\\\/tarnowskiofficial\\\/\",\"https:\\\/\\\/x.com\\\/JulianTarnowsk1\"],\"url\":\"https:\\\/\\\/notabene.world\\\/nb\\\/author\\\/julian\\\/\"}]}<\/script>\n<!-- \/ Yoast SEO plugin. -->","yoast_head_json":{"title":"Mowa nienawi\u015bci i pogardy. Czas z tym sko\u0144czy\u0107! - NOTABENE.WORLD","description":"Wylewaj\u0105ca si\u0119 z m\u00f3wnicy sejmowej pogarda i nienawi\u015b\u0107 zainfekowa\u0142y wszystkie sektory \u017cycia publicznego. Niestety, atakuj\u0105 tak\u017ce najm\u0142odszych.","robots":{"index":"index","follow":"follow","max-snippet":"max-snippet:-1","max-image-preview":"max-image-preview:large","max-video-preview":"max-video-preview:-1"},"canonical":"https:\/\/notabene.world\/nb\/nowa-wladza-musi-sie-tym-zajac\/","og_locale":"pl_PL","og_type":"article","og_title":"Mowa nienawi\u015bci i pogardy. Czas z tym sko\u0144czy\u0107! - NOTABENE.WORLD","og_description":"Wylewaj\u0105ca si\u0119 z m\u00f3wnicy sejmowej pogarda i nienawi\u015b\u0107 zainfekowa\u0142y wszystkie sektory \u017cycia publicznego. Niestety, atakuj\u0105 tak\u017ce najm\u0142odszych.","og_url":"https:\/\/notabene.world\/nb\/nowa-wladza-musi-sie-tym-zajac\/","og_site_name":"NOTABENE.WORLD","article_publisher":"https:\/\/www.facebook.com\/Notabene.World","article_author":"https:\/\/www.facebook.com\/profile.php?id=100014087373140","article_published_time":"2023-11-18T11:31:10+00:00","article_modified_time":"2023-12-05T18:10:09+00:00","og_image":[{"width":800,"height":445,"url":"https:\/\/notabene.world\/nb\/wp-content\/uploads\/2023\/11\/zio.jt_.jpg","type":"image\/jpeg"}],"author":"Julian Tarnowski","twitter_card":"summary_large_image","twitter_creator":"@JulianTarnowsk1","twitter_misc":{"Napisane przez":"Julian Tarnowski","Szacowany czas czytania":"5 minut"},"schema":{"@context":"https:\/\/schema.org","@graph":[{"@type":"Article","@id":"https:\/\/notabene.world\/nb\/nowa-wladza-musi-sie-tym-zajac\/#article","isPartOf":{"@id":"https:\/\/notabene.world\/nb\/nowa-wladza-musi-sie-tym-zajac\/"},"author":{"name":"Julian Tarnowski","@id":"https:\/\/notabene.world\/nb\/#\/schema\/person\/890c5cc2bd0337867802bcca5ee56dee"},"headline":"Mowa nienawi\u015bci i pogardy. Czas z tym sko\u0144czy\u0107!","datePublished":"2023-11-18T11:31:10+00:00","dateModified":"2023-12-05T18:10:09+00:00","mainEntityOfPage":{"@id":"https:\/\/notabene.world\/nb\/nowa-wladza-musi-sie-tym-zajac\/"},"wordCount":954,"publisher":{"@id":"https:\/\/notabene.world\/nb\/#organization"},"image":{"@id":"https:\/\/notabene.world\/nb\/nowa-wladza-musi-sie-tym-zajac\/#primaryimage"},"thumbnailUrl":"https:\/\/i0.wp.com\/notabene.world\/nb\/wp-content\/uploads\/2023\/11\/zio.jt_.jpg?fit=800%2C445&ssl=1","keywords":["hejt","mowa nienawi\u015bci"],"articleSection":["Aktualno\u015bci","Felietony","Publicystyka"],"inLanguage":"pl-PL"},{"@type":"WebPage","@id":"https:\/\/notabene.world\/nb\/nowa-wladza-musi-sie-tym-zajac\/","url":"https:\/\/notabene.world\/nb\/nowa-wladza-musi-sie-tym-zajac\/","name":"Mowa nienawi\u015bci i pogardy. Czas z tym sko\u0144czy\u0107! - NOTABENE.WORLD","isPartOf":{"@id":"https:\/\/notabene.world\/nb\/#website"},"primaryImageOfPage":{"@id":"https:\/\/notabene.world\/nb\/nowa-wladza-musi-sie-tym-zajac\/#primaryimage"},"image":{"@id":"https:\/\/notabene.world\/nb\/nowa-wladza-musi-sie-tym-zajac\/#primaryimage"},"thumbnailUrl":"https:\/\/i0.wp.com\/notabene.world\/nb\/wp-content\/uploads\/2023\/11\/zio.jt_.jpg?fit=800%2C445&ssl=1","datePublished":"2023-11-18T11:31:10+00:00","dateModified":"2023-12-05T18:10:09+00:00","description":"Wylewaj\u0105ca si\u0119 z m\u00f3wnicy sejmowej pogarda i nienawi\u015b\u0107 zainfekowa\u0142y wszystkie sektory \u017cycia publicznego. Niestety, atakuj\u0105 tak\u017ce najm\u0142odszych.","breadcrumb":{"@id":"https:\/\/notabene.world\/nb\/nowa-wladza-musi-sie-tym-zajac\/#breadcrumb"},"inLanguage":"pl-PL","potentialAction":[{"@type":"ReadAction","target":["https:\/\/notabene.world\/nb\/nowa-wladza-musi-sie-tym-zajac\/"]}]},{"@type":"ImageObject","inLanguage":"pl-PL","@id":"https:\/\/notabene.world\/nb\/nowa-wladza-musi-sie-tym-zajac\/#primaryimage","url":"https:\/\/i0.wp.com\/notabene.world\/nb\/wp-content\/uploads\/2023\/11\/zio.jt_.jpg?fit=800%2C445&ssl=1","contentUrl":"https:\/\/i0.wp.com\/notabene.world\/nb\/wp-content\/uploads\/2023\/11\/zio.jt_.jpg?fit=800%2C445&ssl=1","width":800,"height":445},{"@type":"BreadcrumbList","@id":"https:\/\/notabene.world\/nb\/nowa-wladza-musi-sie-tym-zajac\/#breadcrumb","itemListElement":[{"@type":"ListItem","position":1,"name":"Home","item":"https:\/\/notabene.world\/nb\/"},{"@type":"ListItem","position":2,"name":"Mowa nienawi\u015bci i pogardy. Czas z tym sko\u0144czy\u0107!"}]},{"@type":"WebSite","@id":"https:\/\/notabene.world\/nb\/#website","url":"https:\/\/notabene.world\/nb\/","name":"NOTABENE.WORLD","description":"Przekaz. Warto\u015bci. Wsp\u00f3lnota.","publisher":{"@id":"https:\/\/notabene.world\/nb\/#organization"},"potentialAction":[{"@type":"SearchAction","target":{"@type":"EntryPoint","urlTemplate":"https:\/\/notabene.world\/nb\/?s={search_term_string}"},"query-input":{"@type":"PropertyValueSpecification","valueRequired":true,"valueName":"search_term_string"}}],"inLanguage":"pl-PL"},{"@type":"Organization","@id":"https:\/\/notabene.world\/nb\/#organization","name":"NOTABENE.WORLD","url":"https:\/\/notabene.world\/nb\/","logo":{"@type":"ImageObject","inLanguage":"pl-PL","@id":"https:\/\/notabene.world\/nb\/#\/schema\/logo\/image\/","url":"https:\/\/notabene.world\/nb\/wp-content\/uploads\/2022\/01\/NB-club-start-www1.jpg","contentUrl":"https:\/\/notabene.world\/nb\/wp-content\/uploads\/2022\/01\/NB-club-start-www1.jpg","width":1000,"height":839,"caption":"NOTABENE.WORLD"},"image":{"@id":"https:\/\/notabene.world\/nb\/#\/schema\/logo\/image\/"},"sameAs":["https:\/\/www.facebook.com\/Notabene.World"]},{"@type":"Person","@id":"https:\/\/notabene.world\/nb\/#\/schema\/person\/890c5cc2bd0337867802bcca5ee56dee","name":"Julian Tarnowski","image":{"@type":"ImageObject","inLanguage":"pl-PL","@id":"https:\/\/secure.gravatar.com\/avatar\/151c2da0993f25c9e553bfa30b4da86942b5a68cf934473be0bc4dc52284b95b?s=96&d=mm&r=g","url":"https:\/\/secure.gravatar.com\/avatar\/151c2da0993f25c9e553bfa30b4da86942b5a68cf934473be0bc4dc52284b95b?s=96&d=mm&r=g","contentUrl":"https:\/\/secure.gravatar.com\/avatar\/151c2da0993f25c9e553bfa30b4da86942b5a68cf934473be0bc4dc52284b95b?s=96&d=mm&r=g","caption":"Julian Tarnowski"},"sameAs":["https:\/\/www.facebook.com\/profile.php?id=100014087373140","https:\/\/www.instagram.com\/tarnowskiofficial\/","https:\/\/x.com\/JulianTarnowsk1"],"url":"https:\/\/notabene.world\/nb\/author\/julian\/"}]}},"jetpack_featured_media_url":"https:\/\/i0.wp.com\/notabene.world\/nb\/wp-content\/uploads\/2023\/11\/zio.jt_.jpg?fit=800%2C445&ssl=1","jetpack_sharing_enabled":true,"jetpack_shortlink":"https:\/\/wp.me\/pdCobN-2Yi","_links":{"self":[{"href":"https:\/\/notabene.world\/nb\/wp-json\/wp\/v2\/posts\/11426","targetHints":{"allow":["GET"]}}],"collection":[{"href":"https:\/\/notabene.world\/nb\/wp-json\/wp\/v2\/posts"}],"about":[{"href":"https:\/\/notabene.world\/nb\/wp-json\/wp\/v2\/types\/post"}],"author":[{"embeddable":true,"href":"https:\/\/notabene.world\/nb\/wp-json\/wp\/v2\/users\/6"}],"replies":[{"embeddable":true,"href":"https:\/\/notabene.world\/nb\/wp-json\/wp\/v2\/comments?post=11426"}],"version-history":[{"count":5,"href":"https:\/\/notabene.world\/nb\/wp-json\/wp\/v2\/posts\/11426\/revisions"}],"predecessor-version":[{"id":11478,"href":"https:\/\/notabene.world\/nb\/wp-json\/wp\/v2\/posts\/11426\/revisions\/11478"}],"wp:featuredmedia":[{"embeddable":true,"href":"https:\/\/notabene.world\/nb\/wp-json\/wp\/v2\/media\/11472"}],"wp:attachment":[{"href":"https:\/\/notabene.world\/nb\/wp-json\/wp\/v2\/media?parent=11426"}],"wp:term":[{"taxonomy":"category","embeddable":true,"href":"https:\/\/notabene.world\/nb\/wp-json\/wp\/v2\/categories?post=11426"},{"taxonomy":"post_tag","embeddable":true,"href":"https:\/\/notabene.world\/nb\/wp-json\/wp\/v2\/tags?post=11426"}],"curies":[{"name":"wp","href":"https:\/\/api.w.org\/{rel}","templated":true}]}}