{"id":1144,"date":"2025-08-12T09:20:00","date_gmt":"2025-08-12T09:20:00","guid":{"rendered":"https:\/\/notabene.world\/nb\/?p=1144"},"modified":"2025-09-02T17:24:09","modified_gmt":"2025-09-02T17:24:09","slug":"ekscentryczne-horyzonty-ponowoczesnosci","status":"publish","type":"post","link":"https:\/\/notabene.world\/nb\/ekscentryczne-horyzonty-ponowoczesnosci\/","title":{"rendered":"Don&#8217;t give up&#8230; You&#8217;re in KIELCE!"},"content":{"rendered":"\n<p class=\"has-text-align-right\">&#8222;<em>Smakujcie \u017cycie&#8221; i czytajcie, a b\u0119dzie Wam dane<\/em><\/p>\n\n\n\n<p>Jerzy Pilch okre\u015bli\u0142 kiedy\u015b Kielce jako &#8222;fantastyczne, depresyjne miasto&#8221;. I zapewne co\u015b w tym jest, chocia\u017c nie o tej porze roku. Nie da si\u0119 tak\u017ce ukry\u0107, \u017ce &#8222;st\u0105d&#8221; wszystko wygl\u0105da nieco ekscentrycznie i kosmicznie zarazem. Takie w\u0142a\u015bnie mo\u017cna odnie\u015b\u0107 wra\u017cenie, ilekro\u0107 wyl\u0105dujemy nieopodal kieleckiego dworca autobusowego w kszta\u0142cie lataj\u0105cego spodka UFO.<\/p>\n\n\n\n<p>Na najwy\u017cszym poziomie tego\u017c znajdujemy fili\u0119 Miejskiej Biblioteki Publicznej (nomen omen im. Jerzego Pilcha) &#8211; nazwan\u0105 trafnie, kulturalnie i inspiruj\u0105co &#8222;Poczytalni\u0105 na dVoRcu&#8221;. Tak oto objawia si\u0119 ponowoczesno\u015b\u0107 w czystej formie i tym samym z domniemanych peryferii stajemy si\u0119 nareszcie centrum. I o to chodzi.<\/p>\n\n\n\n<p>Ju\u017c od ponad 60 lat Kielce s\u0105 \u015bwiatow\u0105 stolic\u0105 majonezu, o czym winni\u015bmy przypomina\u0107 wszem i wobec. To tylko w 2022 roku bu\u0144czucznie patriotyczne farbowanie rzeczywisto\u015bci &#8211; przy okazji otwarcia przekopu Mierzei Wi\u015blanej &#8211; totalnie przy\u0107mi\u0142o obchody \u015awiatowych Dni Majonezu Kieleckiego. <\/p>\n\n\n\n<p>Zapatrzeni w niew\u0105tpliwie ekscentryczny horyzont elbl\u0105skiego portu Nowy \u015awiat, wpadli\u015bmy wtedy na mielizn\u0119 zapomnienia o naszej Ma\u0142ej Ojczy\u017anie. Bywa i tak, bo z Kielc do morza jest ci\u0105gle strasznie daleko. Poza tym najbli\u017csze naszemu sercu lotnisko to Warszawa-Radom i od niedawna da si\u0119 ze\u0144 &#8222;sk\u0105d\u015b-dok\u0105d\u015b&#8221; polecie\u0107, na przyk\u0142ad &#8222;na po\u0142udnie&#8221;. <\/p>\n\n\n\n<p>Nie zapominamy przy tym, i\u017c na Ziemi \u017beromskiego na wszystkie mo\u017cliwe sposoby pr\u00f3bujemy z\u0142apa\u0107 w nasze \u017cagle &#8222;wiatr od morza&#8221;, a\u017ceby wyp\u0142yn\u0105\u0107 w ko\u0144cu na szerokie oceany wyobra\u017ani. Czynimy to naturalnie po to, by ani Stasia Bozowska, ani tym bardziej Tomasz Judym nie utkn\u0119li na amen w &#8222;kaga\u0144cach&#8221; lokalnych ogranicze\u0144. Wszelkie podr\u00f3\u017ce niew\u0105tpliwie kszta\u0142c\u0105, a nauka jest przecie\u017c niczym &#8222;niezmierne morze&#8221; oraz <a href=\"https:\/\/lubimyczytac.pl\/cytat\/4763\" target=\"_blank\" rel=\"noreferrer noopener\">&#8222;im wi\u0119cej jej [pijemy], tym bardziej jeste\u015bmy spragnieni&#8221;.<\/a><\/p>\n\n\n\n<p>Brzmi to wszystko chwilami oczywi\u015bcie nieco melancholijnie i nostalgicznie, prawda? No a c\u00f3\u017c mo\u017ce by\u0107 lepszym lekiem na nostalgi\u0119 \u2013 gdy jest si\u0119 \u201cst\u0105d\u201d \u2013 jak nie Majonez Kielecki, nota bene dost\u0119pny nawet w najdalszych zak\u0105tkach \u015bwiata tego. Serio. Okazuje si\u0119 te\u017c, \u017ce pomys\u0142 na zaanga\u017cowania naszych kieleckich smak\u00f3w w lokaln\u0105 polityk\u0119 przebi\u0142 si\u0119 ju\u017c kiedy\u015b przynajmniej raz do tzw. europejskiej \u015bwiadomo\u015bci kulturowej. Oto w roku 2019 jeden z kandydat\u00f3w w lokalnych wyborach w Belgii, jako swe \u201cnajskrytsze marzenie\u201d oraz istotny element programu wyborczego zadeklarowa\u0142 uczynienie Majonezu Kieleckiego nieodzownym dodatkiem do ka\u017cdej porcji belgijskich frytek. Oczywi\u015bcie wygra\u0142.<\/p>\n\n\n\n<p>I co ja mog\u0119 na to powiedzie\u0107? Sam przekona\u0142em si\u0119 po wielokro\u0107, \u017ce marzenia si\u0119 spe\u0142niaj\u0105 \u2013 nawet te najskrytsze i najbardziej ekscentryczne. Wszystko jest wszak kwesti\u0105 wyobra\u017ani. Wszystko jest kwesti\u0105 horyzont\u00f3w. Wszystko jest kwesti\u0105 doboru odpowiedniego majonezu?<\/p>\n\n\n\n<p>Ponowoczesna rzeczywisto\u015b\u0107, w kt\u00f3rej przychodzi nam \u017cy\u0107 jest nie tylko ekscentryczna, lecz tak\u017ce hybrydowa i pe\u0142na nie\u0142atwych dylemat\u00f3w. Nic nie jest w niej sta\u0142e, ma jakby konsystencj\u0119 majonezu. Wszystko wok\u00f3\u0142 nieustannie zmienia si\u0119 w tempie, za kt\u00f3rym coraz trudniej nad\u0105\u017cy\u0107. Trudno r\u00f3wnie\u017c opisa\u0107 lub cho\u0107by uchwyci\u0107 obiektywn\u0105 esencj\u0119 naszych codziennych dozna\u0144. Jeste\u015bmy raczej skazani na subiektywizm i konieczno\u015b\u0107 nigdy nie ko\u0144cz\u0105cej si\u0119 interpretacji smak\u00f3w. Wed\u0142ug Zygmunta Baumana to w\u0142a\u015bnie ponowoczesno\u015b\u0107 jest dla nas \u017ar\u00f3d\u0142em cierpie\u0144 bez granic. Cierpimy, gdy\u017c ci\u0105gle musimy my\u015ble\u0107 i dokonywa\u0107 wybor\u00f3w, a\u017ceby nie uczyni\u0142 tego za nas kto\u015b inny. No co\u017c, jedni kochaj\u0105 Majonez Kielecki, innym za\u015b bardziej smakuje Hellmann&#8217;s.<\/p>\n\n\n\n<p>W ekscentrycznie hybrydowym \u015bwiecie nic nie dzia\u0142a tak jak powinno i ca\u0142a nasza nadzieja tkwi w nieuniknionych krytycznych momentach, podczas kt\u00f3rych mo\u017cna nada\u0107 hybrydowym wydarzeniom inny kszta\u0142t, a nawet zmieni\u0107 ich bieg. I to si\u0119 sta\u0142o w zesz\u0142ym roku. Wyb\u00f3r, jakiego dokonali\u015bmy 15 X 2023 roku nie by\u0142 jedynie pr\u00f3b\u0105 reinterpretacji ko\u015blawej, hybrydowej rzeczywisto\u015bci. Sta\u0142 si\u0119 faktem. Nasze majonezowe dylematy jednak na razie pozostaj\u0105, zw\u0142aszcza w obliczu kuriozalnej hucpy wygranych\/przegranych, z kt\u00f3rymi nikt najpierw nie chcia\u0142 gada\u0107, a teraz uciekaj\u0105 oni dok\u0105d si\u0119 da. Tego mo\u017cna by\u0142o si\u0119 spodziewa\u0107, ale \u017ceby zaraz prosi\u0107 o azyl w Budapeszcie? Obiektywna wi\u0119kszo\u015b\u0107 i tak jest gdzie indziej i woli sama decydowa\u0107, kt\u00f3ry majonez jest lepszy. Jako &#8222;wolni ludzi w wolnym kraju&#8221; zawsze mamy prawo wybiera\u0107. Po prostu.<\/p>\n\n\n\n<p>PS: A propos, Jerzy Pilch nie mia\u0142 racji&#8230; Nie mia\u0142 te\u017c racji eks-prezydent Kielc Wojciech Lubawski, kt\u00f3remu motto naszego miasta niezr\u0119cznie przet\u0142umaczono na angielski: &#8222;Don&#8217;t give up&#8230; you&#8217;re in Kielce!&#8221; (Nie poddawaj si\u0119&#8230; jeste\u015b w Kielcach!). WE SHOULD NEVER GIVE UP. FULLSTOP. No, chyba \u017ce ma to brzmie\u0107 ironicznie (?)&#8230; Tak czy inaczej, w razie w\u0105tpliwo\u015bci, proponuj\u0119 oczywi\u015bcie majonez, najlepiej Kielecki. Hellmann&#8217;s te\u017c jest dobry. <em>Aber nur f\u00fcr Deutschland, nein?<\/em> Mniam.<\/p>\n\n\n\n<p class=\"has-text-align-right\"><em><strong>Ci\u0105g dalszy nast\u0105pi. Niebawem<\/strong><\/em>.<\/p>\n\n\n\n<figure class=\"wp-block-image size-full\"><img data-recalc-dims=\"1\" loading=\"lazy\" decoding=\"async\" width=\"800\" height=\"445\" src=\"https:\/\/i0.wp.com\/notabene.world\/nb\/wp-content\/uploads\/2025\/07\/sub-ob1.jpg?resize=800%2C445&#038;ssl=1\" alt=\"\" class=\"wp-image-17350\" srcset=\"https:\/\/i0.wp.com\/notabene.world\/nb\/wp-content\/uploads\/2025\/07\/sub-ob1.jpg?w=800&amp;ssl=1 800w, https:\/\/i0.wp.com\/notabene.world\/nb\/wp-content\/uploads\/2025\/07\/sub-ob1.jpg?resize=300%2C167&amp;ssl=1 300w, https:\/\/i0.wp.com\/notabene.world\/nb\/wp-content\/uploads\/2025\/07\/sub-ob1.jpg?resize=768%2C427&amp;ssl=1 768w\" sizes=\"auto, (max-width: 800px) 100vw, 800px\" \/><\/figure>\n","protected":false},"excerpt":{"rendered":"<p>Jerzy Pilch okre\u015bli\u0142 kiedy\u015b Kielce jako &#8221; fantastyczne, depresyjne miasto&#8221;. I zapewne co\u015b w tym jest, chocia\u017c nie o tej porze roku. Nie da si\u0119 tak\u017ce ukry\u0107, \u017ce &#8222;st\u0105d&#8221; wszystko wygl\u0105da nieco ekscentrycznie i kosmicznie zarazem. Takie w\u0142a\u015bnie mo\u017cna odnie\u015b\u0107 wra\u017cenie, ilekro\u0107 wyl\u0105dujemy nieopodal kieleckiego dworca autobusowego w kszta\u0142cie lataj\u0105cego spodka.<br \/>\n<br \/>\nNa najwy\u017cszym poziomie tego\u017c znajdujemy fili\u0119 Miejskiej Biblioteki Publicznej (nomen omen im. Jerzego Pilcha) &#8211; nazwan\u0105 trafnie, kulturalnie i inspiruj\u0105co &#8222;Poczytalni\u0105 na dVoRcu&#8221;. Tak oto objawia si\u0119 ponowoczesno\u015b\u0107 w czystej formie i tym samym z domniemanych peryferii stajemy si\u0119 nareszcie centrum. I o to chodzi.<br \/>\n<br \/>\nJu\u017c od ponad 60 lat Kielce s\u0105 \u015bwiatow\u0105 stolic\u0105 majonezu, o czym winni\u015bmy przypomina\u0107 wszem i wobec. To tylko w 2022 roku bu\u0144czucznie patriotyczne farbowanie rzeczywisto\u015bci &#8211; przy okazji otwarcia przekopu Mierzei Wi\u015blanej &#8211; totalnie przy\u0107mi\u0142o obchody \u015awiatowych Dni Majonezu Kieleckiego.<br \/>\n<br \/>\nZapatrzeni w niew\u0105tpliwie ekscentryczny horyzont elbl\u0105skiego portu Nowy \u015awiat, wpadli\u015bmy wtedy na mielizn\u0119 zapomnienia o naszej Ma\u0142ej Ojczy\u017anie. Bywa i tak, bo z Kielc do morza jest ci\u0105gle strasznie daleko. Poza tym najbli\u017csze naszemu sercu lotnisko to Warszawa-Radom i od niedawna da si\u0119 ze\u0144 &#8222;sk\u0105d\u015b-dok\u0105d\u015b&#8221; polecie\u0107, na przyk\u0142ad &#8222;na po\u0142udnie&#8221;.<br \/>\n<br \/>\nNie zapominamy przy tym, i\u017c na Ziemi \u017beromskiego na wszystkie mo\u017cliwe sposoby pr\u00f3bujemy z\u0142apa\u0107 w nasze \u017cagle &#8222;wiatr od morza&#8221;, a\u017ceby wyp\u0142yn\u0105\u0107 w ko\u0144cu na szerokie oceany wyobra\u017ani. Czynimy to naturalnie po to, by ani Stasia Bozowska, ani tym bardziej Tomasz Judym nie utkn\u0119li na amen w &#8222;kaga\u0144cach&#8221; lokalnych ogranicze\u0144. Wszelkie podr\u00f3\u017ce niew\u0105tpliwie kszta\u0142c\u0105, a nauka jest przecie\u017c niczym &#8222;niezmierne morze&#8221; oraz &#8222;im wi\u0119cej jej [pijemy], &#8222;tym bardziej jeste\u015bmy spragnieni&#8221;.<\/p>\n","protected":false},"author":1,"featured_media":17351,"comment_status":"closed","ping_status":"closed","sticky":false,"template":"","format":"standard","meta":{"colormag_page_container_layout":"no_sidebar_content_centered","colormag_page_sidebar_layout":"no_sidebar","_jetpack_memberships_contains_paid_content":false,"footnotes":"","_links_to":"","_links_to_target":""},"categories":[42,48],"tags":[],"class_list":["post-1144","post","type-post","status-publish","format-standard","has-post-thumbnail","hentry","category-felietony","category-wiecej-swiatla"],"yoast_head":"<!-- This site is optimized with the Yoast SEO plugin v27.4 - https:\/\/yoast.com\/product\/yoast-seo-wordpress\/ -->\n<title>Don&#039;t give up... You&#039;re in KIELCE! - NOTABENE.WORLD<\/title>\n<meta name=\"robots\" content=\"index, follow, max-snippet:-1, max-image-preview:large, max-video-preview:-1\" \/>\n<link rel=\"canonical\" href=\"https:\/\/notabene.world\/nb\/ekscentryczne-horyzonty-ponowoczesnosci\/\" \/>\n<meta property=\"og:locale\" content=\"pl_PL\" \/>\n<meta property=\"og:type\" content=\"article\" \/>\n<meta property=\"og:title\" content=\"Don&#039;t give up... You&#039;re in KIELCE! - NOTABENE.WORLD\" \/>\n<meta property=\"og:description\" content=\"Jerzy Pilch okre\u015bli\u0142 kiedy\u015b Kielce jako &quot; fantastyczne, depresyjne miasto&quot;. I zapewne co\u015b w tym jest, chocia\u017c nie o tej porze roku. Nie da si\u0119 tak\u017ce ukry\u0107, \u017ce &quot;st\u0105d&quot; wszystko wygl\u0105da nieco ekscentrycznie i kosmicznie zarazem. Takie w\u0142a\u015bnie mo\u017cna odnie\u015b\u0107 wra\u017cenie, ilekro\u0107 wyl\u0105dujemy nieopodal kieleckiego dworca autobusowego w kszta\u0142cie lataj\u0105cego spodka. Na najwy\u017cszym poziomie tego\u017c znajdujemy fili\u0119 Miejskiej Biblioteki Publicznej (nomen omen im. Jerzego Pilcha) - nazwan\u0105 trafnie, kulturalnie i inspiruj\u0105co &quot;Poczytalni\u0105 na dVoRcu&quot;. Tak oto objawia si\u0119 ponowoczesno\u015b\u0107 w czystej formie i tym samym z domniemanych peryferii stajemy si\u0119 nareszcie centrum. I o to chodzi. Ju\u017c od ponad 60 lat Kielce s\u0105 \u015bwiatow\u0105 stolic\u0105 majonezu, o czym winni\u015bmy przypomina\u0107 wszem i wobec. To tylko w 2022 roku bu\u0144czucznie patriotyczne farbowanie rzeczywisto\u015bci - przy okazji otwarcia przekopu Mierzei Wi\u015blanej - totalnie przy\u0107mi\u0142o obchody \u015awiatowych Dni Majonezu Kieleckiego.  Zapatrzeni w niew\u0105tpliwie ekscentryczny horyzont elbl\u0105skiego portu Nowy \u015awiat, wpadli\u015bmy wtedy na mielizn\u0119 zapomnienia o naszej Ma\u0142ej Ojczy\u017anie. Bywa i tak, bo z Kielc do morza jest ci\u0105gle strasznie daleko. Poza tym najbli\u017csze naszemu sercu lotnisko to Warszawa-Radom i od niedawna da si\u0119 ze\u0144 &quot;sk\u0105d\u015b-dok\u0105d\u015b&quot; polecie\u0107, na przyk\u0142ad &quot;na po\u0142udnie&quot;. Nie zapominamy przy tym, i\u017c na Ziemi \u017beromskiego na wszystkie mo\u017cliwe sposoby pr\u00f3bujemy z\u0142apa\u0107 w nasze \u017cagle &quot;wiatr od morza&quot;, a\u017ceby wyp\u0142yn\u0105\u0107 w ko\u0144cu na szerokie oceany wyobra\u017ani. Czynimy to naturalnie po to, by ani Stasia Bozowska, ani tym bardziej Tomasz Judym nie utkn\u0119li na amen w &quot;kaga\u0144cach&quot; lokalnych ogranicze\u0144. Wszelkie podr\u00f3\u017ce niew\u0105tpliwie kszta\u0142c\u0105, a nauka jest przecie\u017c niczym &quot;niezmierne morze&quot; oraz &quot;im wi\u0119cej jej [pijemy], &quot;tym bardziej jeste\u015bmy spragnieni&quot;.\" \/>\n<meta property=\"og:url\" content=\"https:\/\/notabene.world\/nb\/ekscentryczne-horyzonty-ponowoczesnosci\/\" \/>\n<meta property=\"og:site_name\" content=\"NOTABENE.WORLD\" \/>\n<meta property=\"article:publisher\" content=\"https:\/\/www.facebook.com\/Notabene.World\" \/>\n<meta property=\"article:published_time\" content=\"2025-08-12T09:20:00+00:00\" \/>\n<meta property=\"article:modified_time\" content=\"2025-09-02T17:24:09+00:00\" \/>\n<meta property=\"og:image\" content=\"https:\/\/notabene.world\/nb\/wp-content\/uploads\/2025\/07\/pnwsc4jpg1.jpg\" \/>\n\t<meta property=\"og:image:width\" content=\"800\" \/>\n\t<meta property=\"og:image:height\" content=\"445\" \/>\n\t<meta property=\"og:image:type\" content=\"image\/jpeg\" \/>\n<meta name=\"author\" content=\"C vel K\" \/>\n<meta name=\"twitter:card\" content=\"summary_large_image\" \/>\n<meta name=\"twitter:label1\" content=\"Napisane przez\" \/>\n\t<meta name=\"twitter:data1\" content=\"C vel K\" \/>\n\t<meta name=\"twitter:label2\" content=\"Szacowany czas czytania\" \/>\n\t<meta name=\"twitter:data2\" content=\"3 minuty\" \/>\n<script type=\"application\/ld+json\" class=\"yoast-schema-graph\">{\"@context\":\"https:\\\/\\\/schema.org\",\"@graph\":[{\"@type\":\"Article\",\"@id\":\"https:\\\/\\\/notabene.world\\\/nb\\\/ekscentryczne-horyzonty-ponowoczesnosci\\\/#article\",\"isPartOf\":{\"@id\":\"https:\\\/\\\/notabene.world\\\/nb\\\/ekscentryczne-horyzonty-ponowoczesnosci\\\/\"},\"author\":{\"name\":\"C vel K\",\"@id\":\"https:\\\/\\\/notabene.world\\\/nb\\\/#\\\/schema\\\/person\\\/2227ed509f9261e544f6078919e1981d\"},\"headline\":\"Don&#8217;t give up&#8230; You&#8217;re in KIELCE!\",\"datePublished\":\"2025-08-12T09:20:00+00:00\",\"dateModified\":\"2025-09-02T17:24:09+00:00\",\"mainEntityOfPage\":{\"@id\":\"https:\\\/\\\/notabene.world\\\/nb\\\/ekscentryczne-horyzonty-ponowoczesnosci\\\/\"},\"wordCount\":819,\"publisher\":{\"@id\":\"https:\\\/\\\/notabene.world\\\/nb\\\/#organization\"},\"image\":{\"@id\":\"https:\\\/\\\/notabene.world\\\/nb\\\/ekscentryczne-horyzonty-ponowoczesnosci\\\/#primaryimage\"},\"thumbnailUrl\":\"https:\\\/\\\/i0.wp.com\\\/notabene.world\\\/nb\\\/wp-content\\\/uploads\\\/2025\\\/07\\\/pnwsc4jpg1.jpg?fit=800%2C445&ssl=1\",\"articleSection\":[\"Felietony\",\"WI\u0118CEJ \u015aWIAT(\u0141)A\"],\"inLanguage\":\"pl-PL\"},{\"@type\":\"WebPage\",\"@id\":\"https:\\\/\\\/notabene.world\\\/nb\\\/ekscentryczne-horyzonty-ponowoczesnosci\\\/\",\"url\":\"https:\\\/\\\/notabene.world\\\/nb\\\/ekscentryczne-horyzonty-ponowoczesnosci\\\/\",\"name\":\"Don't give up... You're in KIELCE! - NOTABENE.WORLD\",\"isPartOf\":{\"@id\":\"https:\\\/\\\/notabene.world\\\/nb\\\/#website\"},\"primaryImageOfPage\":{\"@id\":\"https:\\\/\\\/notabene.world\\\/nb\\\/ekscentryczne-horyzonty-ponowoczesnosci\\\/#primaryimage\"},\"image\":{\"@id\":\"https:\\\/\\\/notabene.world\\\/nb\\\/ekscentryczne-horyzonty-ponowoczesnosci\\\/#primaryimage\"},\"thumbnailUrl\":\"https:\\\/\\\/i0.wp.com\\\/notabene.world\\\/nb\\\/wp-content\\\/uploads\\\/2025\\\/07\\\/pnwsc4jpg1.jpg?fit=800%2C445&ssl=1\",\"datePublished\":\"2025-08-12T09:20:00+00:00\",\"dateModified\":\"2025-09-02T17:24:09+00:00\",\"breadcrumb\":{\"@id\":\"https:\\\/\\\/notabene.world\\\/nb\\\/ekscentryczne-horyzonty-ponowoczesnosci\\\/#breadcrumb\"},\"inLanguage\":\"pl-PL\",\"potentialAction\":[{\"@type\":\"ReadAction\",\"target\":[\"https:\\\/\\\/notabene.world\\\/nb\\\/ekscentryczne-horyzonty-ponowoczesnosci\\\/\"]}]},{\"@type\":\"ImageObject\",\"inLanguage\":\"pl-PL\",\"@id\":\"https:\\\/\\\/notabene.world\\\/nb\\\/ekscentryczne-horyzonty-ponowoczesnosci\\\/#primaryimage\",\"url\":\"https:\\\/\\\/i0.wp.com\\\/notabene.world\\\/nb\\\/wp-content\\\/uploads\\\/2025\\\/07\\\/pnwsc4jpg1.jpg?fit=800%2C445&ssl=1\",\"contentUrl\":\"https:\\\/\\\/i0.wp.com\\\/notabene.world\\\/nb\\\/wp-content\\\/uploads\\\/2025\\\/07\\\/pnwsc4jpg1.jpg?fit=800%2C445&ssl=1\",\"width\":800,\"height\":445},{\"@type\":\"BreadcrumbList\",\"@id\":\"https:\\\/\\\/notabene.world\\\/nb\\\/ekscentryczne-horyzonty-ponowoczesnosci\\\/#breadcrumb\",\"itemListElement\":[{\"@type\":\"ListItem\",\"position\":1,\"name\":\"Home\",\"item\":\"https:\\\/\\\/notabene.world\\\/nb\\\/\"},{\"@type\":\"ListItem\",\"position\":2,\"name\":\"Don&#8217;t give up&#8230; You&#8217;re in KIELCE!\"}]},{\"@type\":\"WebSite\",\"@id\":\"https:\\\/\\\/notabene.world\\\/nb\\\/#website\",\"url\":\"https:\\\/\\\/notabene.world\\\/nb\\\/\",\"name\":\"NOTABENE.WORLD\",\"description\":\"Przekaz. Warto\u015bci. Wsp\u00f3lnota.\",\"publisher\":{\"@id\":\"https:\\\/\\\/notabene.world\\\/nb\\\/#organization\"},\"potentialAction\":[{\"@type\":\"SearchAction\",\"target\":{\"@type\":\"EntryPoint\",\"urlTemplate\":\"https:\\\/\\\/notabene.world\\\/nb\\\/?s={search_term_string}\"},\"query-input\":{\"@type\":\"PropertyValueSpecification\",\"valueRequired\":true,\"valueName\":\"search_term_string\"}}],\"inLanguage\":\"pl-PL\"},{\"@type\":\"Organization\",\"@id\":\"https:\\\/\\\/notabene.world\\\/nb\\\/#organization\",\"name\":\"NOTABENE.WORLD\",\"url\":\"https:\\\/\\\/notabene.world\\\/nb\\\/\",\"logo\":{\"@type\":\"ImageObject\",\"inLanguage\":\"pl-PL\",\"@id\":\"https:\\\/\\\/notabene.world\\\/nb\\\/#\\\/schema\\\/logo\\\/image\\\/\",\"url\":\"https:\\\/\\\/notabene.world\\\/nb\\\/wp-content\\\/uploads\\\/2022\\\/01\\\/NB-club-start-www1.jpg\",\"contentUrl\":\"https:\\\/\\\/notabene.world\\\/nb\\\/wp-content\\\/uploads\\\/2022\\\/01\\\/NB-club-start-www1.jpg\",\"width\":1000,\"height\":839,\"caption\":\"NOTABENE.WORLD\"},\"image\":{\"@id\":\"https:\\\/\\\/notabene.world\\\/nb\\\/#\\\/schema\\\/logo\\\/image\\\/\"},\"sameAs\":[\"https:\\\/\\\/www.facebook.com\\\/Notabene.World\"]},{\"@type\":\"Person\",\"@id\":\"https:\\\/\\\/notabene.world\\\/nb\\\/#\\\/schema\\\/person\\\/2227ed509f9261e544f6078919e1981d\",\"name\":\"C vel K\",\"image\":{\"@type\":\"ImageObject\",\"inLanguage\":\"pl-PL\",\"@id\":\"https:\\\/\\\/secure.gravatar.com\\\/avatar\\\/da4181237ddf77c667487dd66af5231faaf45fbcb0774d7a408f868da56bf04c?s=96&d=mm&r=g\",\"url\":\"https:\\\/\\\/secure.gravatar.com\\\/avatar\\\/da4181237ddf77c667487dd66af5231faaf45fbcb0774d7a408f868da56bf04c?s=96&d=mm&r=g\",\"contentUrl\":\"https:\\\/\\\/secure.gravatar.com\\\/avatar\\\/da4181237ddf77c667487dd66af5231faaf45fbcb0774d7a408f868da56bf04c?s=96&d=mm&r=g\",\"caption\":\"C vel K\"},\"url\":\"https:\\\/\\\/notabene.world\\\/nb\\\/author\\\/kcedro\\\/\"}]}<\/script>\n<!-- \/ Yoast SEO plugin. -->","yoast_head_json":{"title":"Don't give up... You're in KIELCE! - NOTABENE.WORLD","robots":{"index":"index","follow":"follow","max-snippet":"max-snippet:-1","max-image-preview":"max-image-preview:large","max-video-preview":"max-video-preview:-1"},"canonical":"https:\/\/notabene.world\/nb\/ekscentryczne-horyzonty-ponowoczesnosci\/","og_locale":"pl_PL","og_type":"article","og_title":"Don't give up... You're in KIELCE! - NOTABENE.WORLD","og_description":"Jerzy Pilch okre\u015bli\u0142 kiedy\u015b Kielce jako \" fantastyczne, depresyjne miasto\". I zapewne co\u015b w tym jest, chocia\u017c nie o tej porze roku. Nie da si\u0119 tak\u017ce ukry\u0107, \u017ce \"st\u0105d\" wszystko wygl\u0105da nieco ekscentrycznie i kosmicznie zarazem. Takie w\u0142a\u015bnie mo\u017cna odnie\u015b\u0107 wra\u017cenie, ilekro\u0107 wyl\u0105dujemy nieopodal kieleckiego dworca autobusowego w kszta\u0142cie lataj\u0105cego spodka. Na najwy\u017cszym poziomie tego\u017c znajdujemy fili\u0119 Miejskiej Biblioteki Publicznej (nomen omen im. Jerzego Pilcha) - nazwan\u0105 trafnie, kulturalnie i inspiruj\u0105co \"Poczytalni\u0105 na dVoRcu\". Tak oto objawia si\u0119 ponowoczesno\u015b\u0107 w czystej formie i tym samym z domniemanych peryferii stajemy si\u0119 nareszcie centrum. I o to chodzi. Ju\u017c od ponad 60 lat Kielce s\u0105 \u015bwiatow\u0105 stolic\u0105 majonezu, o czym winni\u015bmy przypomina\u0107 wszem i wobec. To tylko w 2022 roku bu\u0144czucznie patriotyczne farbowanie rzeczywisto\u015bci - przy okazji otwarcia przekopu Mierzei Wi\u015blanej - totalnie przy\u0107mi\u0142o obchody \u015awiatowych Dni Majonezu Kieleckiego.  Zapatrzeni w niew\u0105tpliwie ekscentryczny horyzont elbl\u0105skiego portu Nowy \u015awiat, wpadli\u015bmy wtedy na mielizn\u0119 zapomnienia o naszej Ma\u0142ej Ojczy\u017anie. Bywa i tak, bo z Kielc do morza jest ci\u0105gle strasznie daleko. Poza tym najbli\u017csze naszemu sercu lotnisko to Warszawa-Radom i od niedawna da si\u0119 ze\u0144 \"sk\u0105d\u015b-dok\u0105d\u015b\" polecie\u0107, na przyk\u0142ad \"na po\u0142udnie\". Nie zapominamy przy tym, i\u017c na Ziemi \u017beromskiego na wszystkie mo\u017cliwe sposoby pr\u00f3bujemy z\u0142apa\u0107 w nasze \u017cagle \"wiatr od morza\", a\u017ceby wyp\u0142yn\u0105\u0107 w ko\u0144cu na szerokie oceany wyobra\u017ani. Czynimy to naturalnie po to, by ani Stasia Bozowska, ani tym bardziej Tomasz Judym nie utkn\u0119li na amen w \"kaga\u0144cach\" lokalnych ogranicze\u0144. Wszelkie podr\u00f3\u017ce niew\u0105tpliwie kszta\u0142c\u0105, a nauka jest przecie\u017c niczym \"niezmierne morze\" oraz \"im wi\u0119cej jej [pijemy], \"tym bardziej jeste\u015bmy spragnieni\".","og_url":"https:\/\/notabene.world\/nb\/ekscentryczne-horyzonty-ponowoczesnosci\/","og_site_name":"NOTABENE.WORLD","article_publisher":"https:\/\/www.facebook.com\/Notabene.World","article_published_time":"2025-08-12T09:20:00+00:00","article_modified_time":"2025-09-02T17:24:09+00:00","og_image":[{"width":800,"height":445,"url":"https:\/\/notabene.world\/nb\/wp-content\/uploads\/2025\/07\/pnwsc4jpg1.jpg","type":"image\/jpeg"}],"author":"C vel K","twitter_card":"summary_large_image","twitter_misc":{"Napisane przez":"C vel K","Szacowany czas czytania":"3 minuty"},"schema":{"@context":"https:\/\/schema.org","@graph":[{"@type":"Article","@id":"https:\/\/notabene.world\/nb\/ekscentryczne-horyzonty-ponowoczesnosci\/#article","isPartOf":{"@id":"https:\/\/notabene.world\/nb\/ekscentryczne-horyzonty-ponowoczesnosci\/"},"author":{"name":"C vel K","@id":"https:\/\/notabene.world\/nb\/#\/schema\/person\/2227ed509f9261e544f6078919e1981d"},"headline":"Don&#8217;t give up&#8230; You&#8217;re in KIELCE!","datePublished":"2025-08-12T09:20:00+00:00","dateModified":"2025-09-02T17:24:09+00:00","mainEntityOfPage":{"@id":"https:\/\/notabene.world\/nb\/ekscentryczne-horyzonty-ponowoczesnosci\/"},"wordCount":819,"publisher":{"@id":"https:\/\/notabene.world\/nb\/#organization"},"image":{"@id":"https:\/\/notabene.world\/nb\/ekscentryczne-horyzonty-ponowoczesnosci\/#primaryimage"},"thumbnailUrl":"https:\/\/i0.wp.com\/notabene.world\/nb\/wp-content\/uploads\/2025\/07\/pnwsc4jpg1.jpg?fit=800%2C445&ssl=1","articleSection":["Felietony","WI\u0118CEJ \u015aWIAT(\u0141)A"],"inLanguage":"pl-PL"},{"@type":"WebPage","@id":"https:\/\/notabene.world\/nb\/ekscentryczne-horyzonty-ponowoczesnosci\/","url":"https:\/\/notabene.world\/nb\/ekscentryczne-horyzonty-ponowoczesnosci\/","name":"Don't give up... You're in KIELCE! - NOTABENE.WORLD","isPartOf":{"@id":"https:\/\/notabene.world\/nb\/#website"},"primaryImageOfPage":{"@id":"https:\/\/notabene.world\/nb\/ekscentryczne-horyzonty-ponowoczesnosci\/#primaryimage"},"image":{"@id":"https:\/\/notabene.world\/nb\/ekscentryczne-horyzonty-ponowoczesnosci\/#primaryimage"},"thumbnailUrl":"https:\/\/i0.wp.com\/notabene.world\/nb\/wp-content\/uploads\/2025\/07\/pnwsc4jpg1.jpg?fit=800%2C445&ssl=1","datePublished":"2025-08-12T09:20:00+00:00","dateModified":"2025-09-02T17:24:09+00:00","breadcrumb":{"@id":"https:\/\/notabene.world\/nb\/ekscentryczne-horyzonty-ponowoczesnosci\/#breadcrumb"},"inLanguage":"pl-PL","potentialAction":[{"@type":"ReadAction","target":["https:\/\/notabene.world\/nb\/ekscentryczne-horyzonty-ponowoczesnosci\/"]}]},{"@type":"ImageObject","inLanguage":"pl-PL","@id":"https:\/\/notabene.world\/nb\/ekscentryczne-horyzonty-ponowoczesnosci\/#primaryimage","url":"https:\/\/i0.wp.com\/notabene.world\/nb\/wp-content\/uploads\/2025\/07\/pnwsc4jpg1.jpg?fit=800%2C445&ssl=1","contentUrl":"https:\/\/i0.wp.com\/notabene.world\/nb\/wp-content\/uploads\/2025\/07\/pnwsc4jpg1.jpg?fit=800%2C445&ssl=1","width":800,"height":445},{"@type":"BreadcrumbList","@id":"https:\/\/notabene.world\/nb\/ekscentryczne-horyzonty-ponowoczesnosci\/#breadcrumb","itemListElement":[{"@type":"ListItem","position":1,"name":"Home","item":"https:\/\/notabene.world\/nb\/"},{"@type":"ListItem","position":2,"name":"Don&#8217;t give up&#8230; You&#8217;re in KIELCE!"}]},{"@type":"WebSite","@id":"https:\/\/notabene.world\/nb\/#website","url":"https:\/\/notabene.world\/nb\/","name":"NOTABENE.WORLD","description":"Przekaz. Warto\u015bci. Wsp\u00f3lnota.","publisher":{"@id":"https:\/\/notabene.world\/nb\/#organization"},"potentialAction":[{"@type":"SearchAction","target":{"@type":"EntryPoint","urlTemplate":"https:\/\/notabene.world\/nb\/?s={search_term_string}"},"query-input":{"@type":"PropertyValueSpecification","valueRequired":true,"valueName":"search_term_string"}}],"inLanguage":"pl-PL"},{"@type":"Organization","@id":"https:\/\/notabene.world\/nb\/#organization","name":"NOTABENE.WORLD","url":"https:\/\/notabene.world\/nb\/","logo":{"@type":"ImageObject","inLanguage":"pl-PL","@id":"https:\/\/notabene.world\/nb\/#\/schema\/logo\/image\/","url":"https:\/\/notabene.world\/nb\/wp-content\/uploads\/2022\/01\/NB-club-start-www1.jpg","contentUrl":"https:\/\/notabene.world\/nb\/wp-content\/uploads\/2022\/01\/NB-club-start-www1.jpg","width":1000,"height":839,"caption":"NOTABENE.WORLD"},"image":{"@id":"https:\/\/notabene.world\/nb\/#\/schema\/logo\/image\/"},"sameAs":["https:\/\/www.facebook.com\/Notabene.World"]},{"@type":"Person","@id":"https:\/\/notabene.world\/nb\/#\/schema\/person\/2227ed509f9261e544f6078919e1981d","name":"C vel K","image":{"@type":"ImageObject","inLanguage":"pl-PL","@id":"https:\/\/secure.gravatar.com\/avatar\/da4181237ddf77c667487dd66af5231faaf45fbcb0774d7a408f868da56bf04c?s=96&d=mm&r=g","url":"https:\/\/secure.gravatar.com\/avatar\/da4181237ddf77c667487dd66af5231faaf45fbcb0774d7a408f868da56bf04c?s=96&d=mm&r=g","contentUrl":"https:\/\/secure.gravatar.com\/avatar\/da4181237ddf77c667487dd66af5231faaf45fbcb0774d7a408f868da56bf04c?s=96&d=mm&r=g","caption":"C vel K"},"url":"https:\/\/notabene.world\/nb\/author\/kcedro\/"}]}},"jetpack_featured_media_url":"https:\/\/i0.wp.com\/notabene.world\/nb\/wp-content\/uploads\/2025\/07\/pnwsc4jpg1.jpg?fit=800%2C445&ssl=1","jetpack_sharing_enabled":true,"jetpack_shortlink":"https:\/\/wp.me\/pdCobN-is","_links":{"self":[{"href":"https:\/\/notabene.world\/nb\/wp-json\/wp\/v2\/posts\/1144","targetHints":{"allow":["GET"]}}],"collection":[{"href":"https:\/\/notabene.world\/nb\/wp-json\/wp\/v2\/posts"}],"about":[{"href":"https:\/\/notabene.world\/nb\/wp-json\/wp\/v2\/types\/post"}],"author":[{"embeddable":true,"href":"https:\/\/notabene.world\/nb\/wp-json\/wp\/v2\/users\/1"}],"replies":[{"embeddable":true,"href":"https:\/\/notabene.world\/nb\/wp-json\/wp\/v2\/comments?post=1144"}],"version-history":[{"count":5,"href":"https:\/\/notabene.world\/nb\/wp-json\/wp\/v2\/posts\/1144\/revisions"}],"predecessor-version":[{"id":17415,"href":"https:\/\/notabene.world\/nb\/wp-json\/wp\/v2\/posts\/1144\/revisions\/17415"}],"wp:featuredmedia":[{"embeddable":true,"href":"https:\/\/notabene.world\/nb\/wp-json\/wp\/v2\/media\/17351"}],"wp:attachment":[{"href":"https:\/\/notabene.world\/nb\/wp-json\/wp\/v2\/media?parent=1144"}],"wp:term":[{"taxonomy":"category","embeddable":true,"href":"https:\/\/notabene.world\/nb\/wp-json\/wp\/v2\/categories?post=1144"},{"taxonomy":"post_tag","embeddable":true,"href":"https:\/\/notabene.world\/nb\/wp-json\/wp\/v2\/tags?post=1144"}],"curies":[{"name":"wp","href":"https:\/\/api.w.org\/{rel}","templated":true}]}}