{"id":11566,"date":"2021-12-10T18:00:38","date_gmt":"2021-12-10T17:00:38","guid":{"rendered":"https:\/\/notabene.world\/nb\/?p=11566"},"modified":"2023-11-24T04:39:53","modified_gmt":"2023-11-24T03:39:53","slug":"inauguracja-klubu-dziennikarskiego-notabene-im-marcina-pawlowskiego","status":"publish","type":"post","link":"https:\/\/notabene.world\/nb\/inauguracja-klubu-dziennikarskiego-notabene-im-marcina-pawlowskiego\/","title":{"rendered":"Inauguracja Klubu Dziennikarskiego NOTABENE im. Marcina Paw\u0142owskiego w TVN24"},"content":{"rendered":"\r\n<figure class=\"wp-block-video\"><video style=\"aspect-ratio: 1280 \/ 720;\" src=\"https:\/\/notabene.world\/nb\/wp-content\/uploads\/2022\/01\/071219-SIAN-STUDIO-2-720.mov\" poster=\"https:\/\/notabene.world\/nb\/wp-content\/uploads\/2022\/01\/tsian-aolpawl-10122021.png\" preload=\"auto\" controls=\"controls\" width=\"1280\" height=\"720\"><span data-mce-type=\"bookmark\" style=\"display: inline-block; width: 0px; overflow: hidden; line-height: 0;\" class=\"mce_SELRES_start\">\ufeff<\/span><span data-mce-type=\"bookmark\" style=\"display: inline-block; width: 0px; overflow: hidden; line-height: 0;\" class=\"mce_SELRES_start\">\ufeff<\/span><span data-mce-type=\"bookmark\" style=\"display: inline-block; width: 0px; overflow: hidden; line-height: 0;\" class=\"mce_SELRES_start\">\ufeff<\/span><\/video>\r\n<figcaption class=\"wp-element-caption\">Tomasz Sianecki i Aleksandra Olek-Paw\u0142owska specjalnie dla Klubu Dziennikarskiego im. Marcina Paw\u0142owskiego ze studia &#8222;Fakt\u00f3w&#8221; TVN24 (tak, w pi\u0105tek, 10. grudnia 2021 r.)<\/figcaption>\r\n<\/figure>","protected":false},"excerpt":{"rendered":"","protected":false},"author":14,"featured_media":11573,"comment_status":"closed","ping_status":"closed","sticky":false,"template":"","format":"video","meta":{"colormag_page_container_layout":"no_sidebar_content_centered","colormag_page_sidebar_layout":"no_sidebar","_jetpack_memberships_contains_paid_content":false,"footnotes":"","_links_to":"","_links_to_target":""},"categories":[77,240],"tags":[],"class_list":["post-11566","post","type-post","status-publish","format-video","has-post-thumbnail","hentry","category-marcin-pawlowski","category-notabene","post_format-post-format-video"],"yoast_head":"<!-- This site is optimized with the Yoast SEO plugin v27.4 - https:\/\/yoast.com\/product\/yoast-seo-wordpress\/ -->\n<title>Inauguracja Klubu Dziennikarskiego NOTABENE im. Marcina Paw\u0142owskiego w TVN24 - NOTABENE.WORLD<\/title>\n<meta name=\"robots\" content=\"index, follow, max-snippet:-1, max-image-preview:large, max-video-preview:-1\" \/>\n<link rel=\"canonical\" href=\"https:\/\/notabene.world\/nb\/inauguracja-klubu-dziennikarskiego-notabene-im-marcina-pawlowskiego\/\" \/>\n<meta property=\"og:locale\" content=\"pl_PL\" \/>\n<meta property=\"og:type\" content=\"article\" \/>\n<meta property=\"og:title\" content=\"Inauguracja Klubu Dziennikarskiego NOTABENE im. Marcina Paw\u0142owskiego w TVN24 - NOTABENE.WORLD\" \/>\n<meta property=\"og:url\" content=\"https:\/\/notabene.world\/nb\/inauguracja-klubu-dziennikarskiego-notabene-im-marcina-pawlowskiego\/\" \/>\n<meta property=\"og:site_name\" content=\"NOTABENE.WORLD\" \/>\n<meta property=\"article:publisher\" content=\"https:\/\/www.facebook.com\/Notabene.World\" \/>\n<meta property=\"article:published_time\" content=\"2021-12-10T17:00:38+00:00\" \/>\n<meta property=\"article:modified_time\" content=\"2023-11-24T03:39:53+00:00\" \/>\n<meta property=\"og:image\" content=\"https:\/\/notabene.world\/nb\/wp-content\/uploads\/2021\/12\/tsian-aolpawl-10122021a.jpg\" \/>\n\t<meta property=\"og:image:width\" content=\"800\" \/>\n\t<meta property=\"og:image:height\" content=\"445\" \/>\n\t<meta property=\"og:image:type\" content=\"image\/jpeg\" \/>\n<meta name=\"author\" content=\"HoraCyk &amp; HoraCyk\" \/>\n<meta name=\"twitter:card\" content=\"summary_large_image\" \/>\n<meta name=\"twitter:label1\" content=\"Napisane przez\" \/>\n\t<meta name=\"twitter:data1\" content=\"HoraCyk &amp; HoraCyk\" \/>\n<script type=\"application\/ld+json\" class=\"yoast-schema-graph\">{\"@context\":\"https:\\\/\\\/schema.org\",\"@graph\":[{\"@type\":\"Article\",\"@id\":\"https:\\\/\\\/notabene.world\\\/nb\\\/inauguracja-klubu-dziennikarskiego-notabene-im-marcina-pawlowskiego\\\/#article\",\"isPartOf\":{\"@id\":\"https:\\\/\\\/notabene.world\\\/nb\\\/inauguracja-klubu-dziennikarskiego-notabene-im-marcina-pawlowskiego\\\/\"},\"author\":{\"name\":\"HoraCyk &amp; HoraCyk\",\"@id\":\"https:\\\/\\\/notabene.world\\\/nb\\\/#\\\/schema\\\/person\\\/db81d96b2e97dc3d4a74bb45c778aa53\"},\"headline\":\"Inauguracja Klubu Dziennikarskiego NOTABENE im. Marcina Paw\u0142owskiego w TVN24\",\"datePublished\":\"2021-12-10T17:00:38+00:00\",\"dateModified\":\"2023-11-24T03:39:53+00:00\",\"mainEntityOfPage\":{\"@id\":\"https:\\\/\\\/notabene.world\\\/nb\\\/inauguracja-klubu-dziennikarskiego-notabene-im-marcina-pawlowskiego\\\/\"},\"wordCount\":35,\"publisher\":{\"@id\":\"https:\\\/\\\/notabene.world\\\/nb\\\/#organization\"},\"image\":{\"@id\":\"https:\\\/\\\/notabene.world\\\/nb\\\/inauguracja-klubu-dziennikarskiego-notabene-im-marcina-pawlowskiego\\\/#primaryimage\"},\"thumbnailUrl\":\"https:\\\/\\\/i0.wp.com\\\/notabene.world\\\/nb\\\/wp-content\\\/uploads\\\/2021\\\/12\\\/tsian-aolpawl-10122021a.jpg?fit=800%2C445&ssl=1\",\"articleSection\":[\"Marcin Paw\u0142owski\",\"NOTABENE 1985-2025\"],\"inLanguage\":\"pl-PL\"},{\"@type\":\"WebPage\",\"@id\":\"https:\\\/\\\/notabene.world\\\/nb\\\/inauguracja-klubu-dziennikarskiego-notabene-im-marcina-pawlowskiego\\\/\",\"url\":\"https:\\\/\\\/notabene.world\\\/nb\\\/inauguracja-klubu-dziennikarskiego-notabene-im-marcina-pawlowskiego\\\/\",\"name\":\"Inauguracja Klubu Dziennikarskiego NOTABENE im. Marcina Paw\u0142owskiego w TVN24 - NOTABENE.WORLD\",\"isPartOf\":{\"@id\":\"https:\\\/\\\/notabene.world\\\/nb\\\/#website\"},\"primaryImageOfPage\":{\"@id\":\"https:\\\/\\\/notabene.world\\\/nb\\\/inauguracja-klubu-dziennikarskiego-notabene-im-marcina-pawlowskiego\\\/#primaryimage\"},\"image\":{\"@id\":\"https:\\\/\\\/notabene.world\\\/nb\\\/inauguracja-klubu-dziennikarskiego-notabene-im-marcina-pawlowskiego\\\/#primaryimage\"},\"thumbnailUrl\":\"https:\\\/\\\/i0.wp.com\\\/notabene.world\\\/nb\\\/wp-content\\\/uploads\\\/2021\\\/12\\\/tsian-aolpawl-10122021a.jpg?fit=800%2C445&ssl=1\",\"datePublished\":\"2021-12-10T17:00:38+00:00\",\"dateModified\":\"2023-11-24T03:39:53+00:00\",\"breadcrumb\":{\"@id\":\"https:\\\/\\\/notabene.world\\\/nb\\\/inauguracja-klubu-dziennikarskiego-notabene-im-marcina-pawlowskiego\\\/#breadcrumb\"},\"inLanguage\":\"pl-PL\",\"potentialAction\":[{\"@type\":\"ReadAction\",\"target\":[\"https:\\\/\\\/notabene.world\\\/nb\\\/inauguracja-klubu-dziennikarskiego-notabene-im-marcina-pawlowskiego\\\/\"]}]},{\"@type\":\"ImageObject\",\"inLanguage\":\"pl-PL\",\"@id\":\"https:\\\/\\\/notabene.world\\\/nb\\\/inauguracja-klubu-dziennikarskiego-notabene-im-marcina-pawlowskiego\\\/#primaryimage\",\"url\":\"https:\\\/\\\/i0.wp.com\\\/notabene.world\\\/nb\\\/wp-content\\\/uploads\\\/2021\\\/12\\\/tsian-aolpawl-10122021a.jpg?fit=800%2C445&ssl=1\",\"contentUrl\":\"https:\\\/\\\/i0.wp.com\\\/notabene.world\\\/nb\\\/wp-content\\\/uploads\\\/2021\\\/12\\\/tsian-aolpawl-10122021a.jpg?fit=800%2C445&ssl=1\",\"width\":800,\"height\":445},{\"@type\":\"BreadcrumbList\",\"@id\":\"https:\\\/\\\/notabene.world\\\/nb\\\/inauguracja-klubu-dziennikarskiego-notabene-im-marcina-pawlowskiego\\\/#breadcrumb\",\"itemListElement\":[{\"@type\":\"ListItem\",\"position\":1,\"name\":\"Home\",\"item\":\"https:\\\/\\\/notabene.world\\\/nb\\\/\"},{\"@type\":\"ListItem\",\"position\":2,\"name\":\"Inauguracja Klubu Dziennikarskiego NOTABENE im. Marcina Paw\u0142owskiego w TVN24\"}]},{\"@type\":\"WebSite\",\"@id\":\"https:\\\/\\\/notabene.world\\\/nb\\\/#website\",\"url\":\"https:\\\/\\\/notabene.world\\\/nb\\\/\",\"name\":\"NOTABENE.WORLD\",\"description\":\"Przekaz. Warto\u015bci. Wsp\u00f3lnota.\",\"publisher\":{\"@id\":\"https:\\\/\\\/notabene.world\\\/nb\\\/#organization\"},\"potentialAction\":[{\"@type\":\"SearchAction\",\"target\":{\"@type\":\"EntryPoint\",\"urlTemplate\":\"https:\\\/\\\/notabene.world\\\/nb\\\/?s={search_term_string}\"},\"query-input\":{\"@type\":\"PropertyValueSpecification\",\"valueRequired\":true,\"valueName\":\"search_term_string\"}}],\"inLanguage\":\"pl-PL\"},{\"@type\":\"Organization\",\"@id\":\"https:\\\/\\\/notabene.world\\\/nb\\\/#organization\",\"name\":\"NOTABENE.WORLD\",\"url\":\"https:\\\/\\\/notabene.world\\\/nb\\\/\",\"logo\":{\"@type\":\"ImageObject\",\"inLanguage\":\"pl-PL\",\"@id\":\"https:\\\/\\\/notabene.world\\\/nb\\\/#\\\/schema\\\/logo\\\/image\\\/\",\"url\":\"https:\\\/\\\/notabene.world\\\/nb\\\/wp-content\\\/uploads\\\/2022\\\/01\\\/NB-club-start-www1.jpg\",\"contentUrl\":\"https:\\\/\\\/notabene.world\\\/nb\\\/wp-content\\\/uploads\\\/2022\\\/01\\\/NB-club-start-www1.jpg\",\"width\":1000,\"height\":839,\"caption\":\"NOTABENE.WORLD\"},\"image\":{\"@id\":\"https:\\\/\\\/notabene.world\\\/nb\\\/#\\\/schema\\\/logo\\\/image\\\/\"},\"sameAs\":[\"https:\\\/\\\/www.facebook.com\\\/Notabene.World\"]},{\"@type\":\"Person\",\"@id\":\"https:\\\/\\\/notabene.world\\\/nb\\\/#\\\/schema\\\/person\\\/db81d96b2e97dc3d4a74bb45c778aa53\",\"name\":\"HoraCyk &amp; HoraCyk\",\"image\":{\"@type\":\"ImageObject\",\"inLanguage\":\"pl-PL\",\"@id\":\"https:\\\/\\\/secure.gravatar.com\\\/avatar\\\/f00d2aa94c60055cc7150cd76fca4a20660d88f7243ebe59951a6633ea291ec9?s=96&d=mm&r=g\",\"url\":\"https:\\\/\\\/secure.gravatar.com\\\/avatar\\\/f00d2aa94c60055cc7150cd76fca4a20660d88f7243ebe59951a6633ea291ec9?s=96&d=mm&r=g\",\"contentUrl\":\"https:\\\/\\\/secure.gravatar.com\\\/avatar\\\/f00d2aa94c60055cc7150cd76fca4a20660d88f7243ebe59951a6633ea291ec9?s=96&d=mm&r=g\",\"caption\":\"HoraCyk &amp; HoraCyk\"},\"url\":\"https:\\\/\\\/notabene.world\\\/nb\\\/author\\\/nb\\\/\"}]}<\/script>\n<!-- \/ Yoast SEO plugin. -->","yoast_head_json":{"title":"Inauguracja Klubu Dziennikarskiego NOTABENE im. Marcina Paw\u0142owskiego w TVN24 - NOTABENE.WORLD","robots":{"index":"index","follow":"follow","max-snippet":"max-snippet:-1","max-image-preview":"max-image-preview:large","max-video-preview":"max-video-preview:-1"},"canonical":"https:\/\/notabene.world\/nb\/inauguracja-klubu-dziennikarskiego-notabene-im-marcina-pawlowskiego\/","og_locale":"pl_PL","og_type":"article","og_title":"Inauguracja Klubu Dziennikarskiego NOTABENE im. Marcina Paw\u0142owskiego w TVN24 - NOTABENE.WORLD","og_url":"https:\/\/notabene.world\/nb\/inauguracja-klubu-dziennikarskiego-notabene-im-marcina-pawlowskiego\/","og_site_name":"NOTABENE.WORLD","article_publisher":"https:\/\/www.facebook.com\/Notabene.World","article_published_time":"2021-12-10T17:00:38+00:00","article_modified_time":"2023-11-24T03:39:53+00:00","og_image":[{"width":800,"height":445,"url":"https:\/\/notabene.world\/nb\/wp-content\/uploads\/2021\/12\/tsian-aolpawl-10122021a.jpg","type":"image\/jpeg"}],"author":"HoraCyk &amp; HoraCyk","twitter_card":"summary_large_image","twitter_misc":{"Napisane przez":"HoraCyk &amp; HoraCyk"},"schema":{"@context":"https:\/\/schema.org","@graph":[{"@type":"Article","@id":"https:\/\/notabene.world\/nb\/inauguracja-klubu-dziennikarskiego-notabene-im-marcina-pawlowskiego\/#article","isPartOf":{"@id":"https:\/\/notabene.world\/nb\/inauguracja-klubu-dziennikarskiego-notabene-im-marcina-pawlowskiego\/"},"author":{"name":"HoraCyk &amp; HoraCyk","@id":"https:\/\/notabene.world\/nb\/#\/schema\/person\/db81d96b2e97dc3d4a74bb45c778aa53"},"headline":"Inauguracja Klubu Dziennikarskiego NOTABENE im. Marcina Paw\u0142owskiego w TVN24","datePublished":"2021-12-10T17:00:38+00:00","dateModified":"2023-11-24T03:39:53+00:00","mainEntityOfPage":{"@id":"https:\/\/notabene.world\/nb\/inauguracja-klubu-dziennikarskiego-notabene-im-marcina-pawlowskiego\/"},"wordCount":35,"publisher":{"@id":"https:\/\/notabene.world\/nb\/#organization"},"image":{"@id":"https:\/\/notabene.world\/nb\/inauguracja-klubu-dziennikarskiego-notabene-im-marcina-pawlowskiego\/#primaryimage"},"thumbnailUrl":"https:\/\/i0.wp.com\/notabene.world\/nb\/wp-content\/uploads\/2021\/12\/tsian-aolpawl-10122021a.jpg?fit=800%2C445&ssl=1","articleSection":["Marcin Paw\u0142owski","NOTABENE 1985-2025"],"inLanguage":"pl-PL"},{"@type":"WebPage","@id":"https:\/\/notabene.world\/nb\/inauguracja-klubu-dziennikarskiego-notabene-im-marcina-pawlowskiego\/","url":"https:\/\/notabene.world\/nb\/inauguracja-klubu-dziennikarskiego-notabene-im-marcina-pawlowskiego\/","name":"Inauguracja Klubu Dziennikarskiego NOTABENE im. Marcina Paw\u0142owskiego w TVN24 - NOTABENE.WORLD","isPartOf":{"@id":"https:\/\/notabene.world\/nb\/#website"},"primaryImageOfPage":{"@id":"https:\/\/notabene.world\/nb\/inauguracja-klubu-dziennikarskiego-notabene-im-marcina-pawlowskiego\/#primaryimage"},"image":{"@id":"https:\/\/notabene.world\/nb\/inauguracja-klubu-dziennikarskiego-notabene-im-marcina-pawlowskiego\/#primaryimage"},"thumbnailUrl":"https:\/\/i0.wp.com\/notabene.world\/nb\/wp-content\/uploads\/2021\/12\/tsian-aolpawl-10122021a.jpg?fit=800%2C445&ssl=1","datePublished":"2021-12-10T17:00:38+00:00","dateModified":"2023-11-24T03:39:53+00:00","breadcrumb":{"@id":"https:\/\/notabene.world\/nb\/inauguracja-klubu-dziennikarskiego-notabene-im-marcina-pawlowskiego\/#breadcrumb"},"inLanguage":"pl-PL","potentialAction":[{"@type":"ReadAction","target":["https:\/\/notabene.world\/nb\/inauguracja-klubu-dziennikarskiego-notabene-im-marcina-pawlowskiego\/"]}]},{"@type":"ImageObject","inLanguage":"pl-PL","@id":"https:\/\/notabene.world\/nb\/inauguracja-klubu-dziennikarskiego-notabene-im-marcina-pawlowskiego\/#primaryimage","url":"https:\/\/i0.wp.com\/notabene.world\/nb\/wp-content\/uploads\/2021\/12\/tsian-aolpawl-10122021a.jpg?fit=800%2C445&ssl=1","contentUrl":"https:\/\/i0.wp.com\/notabene.world\/nb\/wp-content\/uploads\/2021\/12\/tsian-aolpawl-10122021a.jpg?fit=800%2C445&ssl=1","width":800,"height":445},{"@type":"BreadcrumbList","@id":"https:\/\/notabene.world\/nb\/inauguracja-klubu-dziennikarskiego-notabene-im-marcina-pawlowskiego\/#breadcrumb","itemListElement":[{"@type":"ListItem","position":1,"name":"Home","item":"https:\/\/notabene.world\/nb\/"},{"@type":"ListItem","position":2,"name":"Inauguracja Klubu Dziennikarskiego NOTABENE im. Marcina Paw\u0142owskiego w TVN24"}]},{"@type":"WebSite","@id":"https:\/\/notabene.world\/nb\/#website","url":"https:\/\/notabene.world\/nb\/","name":"NOTABENE.WORLD","description":"Przekaz. Warto\u015bci. Wsp\u00f3lnota.","publisher":{"@id":"https:\/\/notabene.world\/nb\/#organization"},"potentialAction":[{"@type":"SearchAction","target":{"@type":"EntryPoint","urlTemplate":"https:\/\/notabene.world\/nb\/?s={search_term_string}"},"query-input":{"@type":"PropertyValueSpecification","valueRequired":true,"valueName":"search_term_string"}}],"inLanguage":"pl-PL"},{"@type":"Organization","@id":"https:\/\/notabene.world\/nb\/#organization","name":"NOTABENE.WORLD","url":"https:\/\/notabene.world\/nb\/","logo":{"@type":"ImageObject","inLanguage":"pl-PL","@id":"https:\/\/notabene.world\/nb\/#\/schema\/logo\/image\/","url":"https:\/\/notabene.world\/nb\/wp-content\/uploads\/2022\/01\/NB-club-start-www1.jpg","contentUrl":"https:\/\/notabene.world\/nb\/wp-content\/uploads\/2022\/01\/NB-club-start-www1.jpg","width":1000,"height":839,"caption":"NOTABENE.WORLD"},"image":{"@id":"https:\/\/notabene.world\/nb\/#\/schema\/logo\/image\/"},"sameAs":["https:\/\/www.facebook.com\/Notabene.World"]},{"@type":"Person","@id":"https:\/\/notabene.world\/nb\/#\/schema\/person\/db81d96b2e97dc3d4a74bb45c778aa53","name":"HoraCyk &amp; HoraCyk","image":{"@type":"ImageObject","inLanguage":"pl-PL","@id":"https:\/\/secure.gravatar.com\/avatar\/f00d2aa94c60055cc7150cd76fca4a20660d88f7243ebe59951a6633ea291ec9?s=96&d=mm&r=g","url":"https:\/\/secure.gravatar.com\/avatar\/f00d2aa94c60055cc7150cd76fca4a20660d88f7243ebe59951a6633ea291ec9?s=96&d=mm&r=g","contentUrl":"https:\/\/secure.gravatar.com\/avatar\/f00d2aa94c60055cc7150cd76fca4a20660d88f7243ebe59951a6633ea291ec9?s=96&d=mm&r=g","caption":"HoraCyk &amp; HoraCyk"},"url":"https:\/\/notabene.world\/nb\/author\/nb\/"}]}},"jetpack_featured_media_url":"https:\/\/i0.wp.com\/notabene.world\/nb\/wp-content\/uploads\/2021\/12\/tsian-aolpawl-10122021a.jpg?fit=800%2C445&ssl=1","jetpack_sharing_enabled":true,"jetpack_shortlink":"https:\/\/wp.me\/pdCobN-30y","_links":{"self":[{"href":"https:\/\/notabene.world\/nb\/wp-json\/wp\/v2\/posts\/11566","targetHints":{"allow":["GET"]}}],"collection":[{"href":"https:\/\/notabene.world\/nb\/wp-json\/wp\/v2\/posts"}],"about":[{"href":"https:\/\/notabene.world\/nb\/wp-json\/wp\/v2\/types\/post"}],"author":[{"embeddable":true,"href":"https:\/\/notabene.world\/nb\/wp-json\/wp\/v2\/users\/14"}],"replies":[{"embeddable":true,"href":"https:\/\/notabene.world\/nb\/wp-json\/wp\/v2\/comments?post=11566"}],"version-history":[{"count":5,"href":"https:\/\/notabene.world\/nb\/wp-json\/wp\/v2\/posts\/11566\/revisions"}],"predecessor-version":[{"id":11576,"href":"https:\/\/notabene.world\/nb\/wp-json\/wp\/v2\/posts\/11566\/revisions\/11576"}],"wp:featuredmedia":[{"embeddable":true,"href":"https:\/\/notabene.world\/nb\/wp-json\/wp\/v2\/media\/11573"}],"wp:attachment":[{"href":"https:\/\/notabene.world\/nb\/wp-json\/wp\/v2\/media?parent=11566"}],"wp:term":[{"taxonomy":"category","embeddable":true,"href":"https:\/\/notabene.world\/nb\/wp-json\/wp\/v2\/categories?post=11566"},{"taxonomy":"post_tag","embeddable":true,"href":"https:\/\/notabene.world\/nb\/wp-json\/wp\/v2\/tags?post=11566"}],"curies":[{"name":"wp","href":"https:\/\/api.w.org\/{rel}","templated":true}]}}