{"id":1158,"date":"2021-12-12T17:07:00","date_gmt":"2021-12-12T16:07:00","guid":{"rendered":"https:\/\/notabene.world\/nb\/?p=1158"},"modified":"2022-02-08T13:40:01","modified_gmt":"2022-02-08T12:40:01","slug":"wywiad-z-aktorami-teatru-im-stefana-zeromskiego-o-spektaklu-prezent-urodzinowy","status":"publish","type":"post","link":"https:\/\/notabene.world\/nb\/wywiad-z-aktorami-teatru-im-stefana-zeromskiego-o-spektaklu-prezent-urodzinowy\/","title":{"rendered":"Aktorzy Teatru im. S. \u017beromskiego o spektaklu \u201cPrezent urodzinowy\u201d"},"content":{"rendered":"\n<p>11 grudnia 2021 roku Beata Pszeniczna oraz Dawid \u017b\u0142obi\u0144ski zgodzili si\u0119 udzieli\u0107 wywiadu na temat najnowszego spektaklu \u201cPrezent Urodzinowy\u201d re\u017cyserii Jerzego Bo\u0144czaka.<\/p>\n\n\n\n<p><\/p>\n\n\n\n<p><strong>Redaktor: Sala by\u0142a wype\u0142niona po same brzegi; Spodziewali\u015bcie si\u0119 tak wielkiego zainteresowania oraz tak pozytywnego odbioru? Przy niekt\u00f3rych scenach ludzie \u015bmiej\u0105c si\u0119 wstawali i klaskali.<\/strong><\/p>\n\n\n\n<p><strong>Beata Pszeniczna:<\/strong> Zawsze komedia, farsa s\u0105 bardzo mile widziane. Szczeg\u00f3lnie teraz, bior\u0105c pod uwag\u0119 to co si\u0119 dzieje na \u015bwiecie, w Polsce \u015bmiech jest najlepsz\u0105, najbardziej skuteczn\u0105 terapi\u0105.<\/p>\n\n\n\n<p><strong>Dawid \u017b\u0142obi\u0144ski: <\/strong>Nic dziwnego, \u017ce jest du\u017ce zainteresowanie &#8211; Ludzie chwil\u0119 po pierwszym lockdownie,&nbsp; poczuli ogromn\u0105 potrzeb\u0119 przychodzenia do teatru, zat\u0119sknili za tym \u017cywym kontaktem; maj\u0105 ju\u017c dosy\u0107 film\u00f3w, Netflixa, HBO.<\/p>\n\n\n\n<p><strong>B:<\/strong> Nie tyle maj\u0105 dosy\u0107 film\u00f3w, a raczej tego przenoszenia teatru do internetu, co si\u0119 w og\u00f3le nie sprawdzi\u0142o. Tam nie ma przecie\u017c tej \u017cywej relacji aktor \u2013 publiczno\u015b\u0107 \u2013 a komedia taka jak <em>Szalone No\u017cyczki<\/em>, spektakl interaktywny, kt\u00f3rego ostateczny wygl\u0105d zale\u017cy od kondycji aktor\u00f3w, ale te\u017c publiczno\u015bci \u2013 wiadomo, ma on sw\u00f3j pewnego rodzaju kr\u0119gos\u0142up, ale zawsze mo\u017cemy od niego odskoczy\u0107, zmieni\u0107 jego kszta\u0142t. Nie ma tego w filmie \u2013 zarejestrowany, nagrany, zmontowany i koniec \u2013 mimo to ogl\u0105damy za ka\u017cdym razem z nadziej\u0105, dajemy si\u0119 nabra\u0107, \u017ce b\u0119dzie inne zako\u0144czenie. Kiedy\u015b si\u0119 mnie kto\u015b zapyta\u0142 <em>czego ci<\/em> <em>brakowa\u0142o w pandemii?<\/em>  Na pocz\u0105tku m\u00f3wili\u015bmy \u017ce odpoczywamy, cieszymy si\u0119 sob\u0105, cieszymy si\u0119 bycia rodzin\u0105, \u017ce nie \u015bpieszymy si\u0119\u2026&nbsp;ale to przez pierwsze dwa tygodnie. P\u00f3\u017aniej zaczyna\u0142o mi coraz bardziej brakowa\u0107 publiczno\u015bci, tej prawdziwej, \u017cywej \u2013 tego nie da si\u0119 zast\u0105pi\u0107.<\/p>\n\n\n\n<p><\/p>\n\n\n\n<p><strong>R: Jest Pan asystentem re\u017cysera spektaklu <em>Prezent Urodzinowy. <\/em>Jak wygl\u0105da taka praca, w czym mia\u0142 Pan sw\u00f3j wk\u0142ad jako taki asystent?&nbsp;<\/strong><\/p>\n\n\n\n<p><strong>D:<\/strong> Je\u015bli chodzi o prac\u0119&nbsp;asystenta to ona w du\u017cej mierze ogranicza si\u0119 do takiej pomocy bardziej technicznej \u2013 jestem w teatrze na co dzie\u0144, wi\u0119c wiem dok\u0142adnie kto si\u0119 czym zajmuje i po prostu spe\u0142niam pro\u015bby re\u017cysera, czasem je wyprzedzam, na przyk\u0142ad ju\u017c wiem, \u017ce dzisiaj robimy tak\u0105 i tak\u0105 scen\u0119 i potrzebujemy do niej tego i tego, i organizuj\u0119 potrzebne rekwizyty. Oczywi\u015bcie w momencie, w kt\u00f3rym&nbsp; rozmawiam z re\u017cyserem pyta si\u0119&nbsp;<em>co my\u015blisz?<\/em> albo <em>co uwa\u017casz?<\/em> albo<em> czy ty te\u017c tak uwa\u017casz?<\/em> i wymieniamy si\u0119 swoimi pogl\u0105dami.<\/p>\n\n\n\n<p><strong>B:<\/strong> Ale te\u017c wa\u017cne jest, \u017ce kiedy re\u017cyser nie mo\u017ce np przyjecha\u0107 na pr\u00f3b\u0119 wznowieniow\u0105 to asystent prowadzi wtedy pr\u00f3b\u0119 i on jest odpowiedzialny za to, \u017ceby spektakl w takiej formie wraca\u0142 na scen\u0119, w jakiej by\u0142 na premierze.<\/p>\n\n\n\n<p><strong>D:<\/strong> Tak, no nad ka\u017cdym spektaklem jednak czuwa si\u0119, \u017ceby nic si\u0119 nie wymkn\u0119\u0142o spod kontroli, bo je\u017celi s\u0105 interakcje z publiczno\u015bci\u0105 to bardziej to wida\u0107, na przyk\u0142ad przy <em>Szalonych No\u017cyczkach<\/em>, kt\u00f3re s\u0105 specyficznym spektaklem, s\u0105 te\u017c w du\u017cej mierze improwizowane, i tam w\u0142a\u015bnie trzeba szczeg\u00f3lnie uwa\u017ca\u0107, \u017ceby nie przekroczy\u0107 tej granicy. Czasem niestety si\u0119 to zdarza.&nbsp;<\/p>\n\n\n\n<p><strong>B:<\/strong> Tak, ale w\u0142a\u015bnie dzi\u0119ki temu, \u017ce jest taka funkcja jak asystent re\u017cysera to asystent mo\u017ce sobie pozwoli\u0107, \u017ce to nie jest moja uwaga do kolegi \u201cs\u0142uchaj, przeginasz\u201d tylko asystent pomaga.<\/p>\n\n\n\n<p><strong>D:<\/strong> \u015awieci nam si\u0119 ju\u017c taka lampka, ju\u017c jeste\u015bmy jedn\u0105 nog\u0105&nbsp;prawie po drugiej stronie.<\/p>\n\n\n\n<p><\/p>\n\n\n\n<p><strong>R: Ile trwa\u0142y przygotowania tego spektaklu?<\/strong><\/p>\n\n\n\n<p><strong>D:<\/strong> 30 pr\u00f3b mieli\u015bmy dok\u0142adnie.<\/p>\n\n\n\n<p><strong>B:<\/strong> Pierwsza pr\u00f3ba by\u0142a przed wakacjami, \u017ceby si\u0119&nbsp; tylko zapozna\u0107 z tekstem, potem dopiero pod koniec pa\u017adziernika. Nieraz by\u0142o tak, \u017ce by\u0142y dwie pr\u00f3by w tygodniu, tylko dwie pr\u00f3by. To jest bardzo trudne, dlatego \u017ce je\u017celi co\u015b idzie jednym ci\u0105giem to mamy szans\u0119 to utrwala\u0107. A my jeste\u015bmy w dublurze i mamy podw\u00f3jn\u0105&nbsp;trudno\u015b\u0107.<\/p>\n\n\n\n<p><strong>D:<\/strong> My mieli\u015bmy 15 pr\u00f3b.<\/p>\n\n\n\n<p><strong>B:<\/strong> Nieraz by\u0142o tak, \u017ce w tygodniu w og\u00f3le nie mieli\u015bmy pr\u00f3by.&nbsp;<\/p>\n\n\n\n<p><\/p>\n\n\n\n<p><strong>R: Sk\u0105d pomys\u0142, \u017ce Dick wszed\u0142 w samych skarpetach?<\/strong><\/p>\n\n\n\n<p><strong>D:<\/strong> To re\u017cyser wymy\u015bli\u0142. Dick jest psychiatr\u0105, ale w zasadzie to sam potrzebuje psychiatry. Chodzi\u0142o o to,&nbsp;\u017ceby podkre\u015bli\u0107, \u017ce on jest taki nie do ko\u0144ca normalny, autystyczny, neurotyczny.<\/p>\n\n\n\n<p><strong>B:<\/strong> Lekarzu wylecz si\u0119 sam! Dick ma swoje dziwactwa, ja sobie go od razu wyobra\u017cam, \u017ce wchodzi do hotelu, widzi dywan i zdejmuje buty.<\/p>\n\n\n\n<p><\/p>\n\n\n\n<p><strong>R: Nie da si\u0119 nie zauwa\u017cy\u0107, \u017ce wi\u0119kszo\u015b\u0107 widowni to ludzie ju\u017c doro\u015bli. Czy wed\u0142ug was te \u017carty, ta koncepcja komedii teatralnej jaka jest w spektaklu <em>Prezent Urodzinowy<\/em> mo\u017ce dotrze\u0107 do dzisiejszej m\u0142odzie\u017cy?<\/strong><\/p>\n\n\n\n<p><strong>D:<\/strong> My\u015bl\u0119, \u017ce tak.<\/p>\n\n\n\n<p><strong>B:<\/strong> A ja nie wiem w\u0142a\u015bnie, bo na takie farsy przychodz\u0105 ludzie w dojrza\u0142ym wieku, ale nie jestem przekonana, \u017ce to jest w og\u00f3le pytanie do nas. Wed\u0142ug mnie teatr w og\u00f3le jest ju\u017c dla os\u00f3b w pewnym wieku, bo m\u0142odym czasami si\u0119 kojarzy <em>O matko, albo siedz\u0119 w szkole na lekcjach albo id\u0119 do teatru<\/em>. Utar\u0142o si\u0119 te\u017c, \u017ce idziemy do teatru, filharmonii z musu na sztuki, kt\u00f3re nie zawsze by\u0142y robione dla was. M\u00f3wi\u0119 to te\u017c z perspektywy swojej i moich koleg\u00f3w w szkole &#8211; by\u0142am w pi\u0119cioletnim medyku i na pi\u0119\u0107 klas wysz\u0142o 7 os\u00f3b do teatru. Ludzie wol\u0105 co\u015b, co daje te najsilniejsze impulsy, czyli gry komputerowe, kino, bo daje efekty. A tu musisz raz, \u017ce musisz si\u0119 odpowiednio ubra\u0107, a dwa &#8211; nauczyciele w szkole te\u017c nie zach\u0119caj\u0105, bo musi by\u0107 jaki\u015b wariat teatralny, kt\u00f3ry m\u00f3wi <em>S\u0142uchajcie, tu si\u0119 dzieje to i to, tu jest taki autor i w og\u00f3le, co te\u017c cz\u0142owieka nie zach\u0119ca.<\/em><\/p>\n\n\n\n<p>Ale troch\u0119 to ju\u017c si\u0119 zmienia, bo widz\u0119 po dzieciach moich znajomych, \u017ce ju\u017c zaczynaj\u0105 chodzi\u0107, co\u015b&nbsp;ju\u017c im si\u0119 podoba, na przyk\u0142ad przychodz\u0105 na <em>Kl\u0105tw\u0119 Rodziny Kennedych <\/em>i faktycznie s\u0105 zadowoleni, potem ogl\u0105daj\u0105 <em>Zaraz\u0119 <\/em>i oceniaj\u0105 j\u0105 na poziom wy\u017cej. Nie chodzi o to, \u017ce s\u0105 lepsi czy gorsi, ale s\u0105 inni. M\u0142odzie\u017c&nbsp; powinna mie\u0107 ze szko\u0142y wytrwa\u0142\u0105&nbsp; ch\u0119\u0107 poznania, zobaczenia \u2013 powiesz, \u017ce teatr ci si\u0119 nie podoba jak zobaczysz 30 sztuk albo przez 3 sezony b\u0119dziesz chodzi\u0142 na wszystkie spektakle. To jest jak z filmem \u2013 trzeba wszystko zobaczy\u0107, \u017ce zdecydowa\u0107, \u017ce ten gatunek zupe\u0142nie nie jest dla mnie. Tak samo z muzyk\u0105. Je\u015bli chodzi o stricte <em>Prezent Urodzinowy, to tutaj<\/em> g\u0142\u00f3wn\u0105 rol\u0119 odgrywaj\u0105 prze\u017cycia&nbsp; m\u0142odzie\u017c nie ma prze\u017cy\u0107 z \u017con\u0105, kt\u00f3ra daje na prezent sekator, nie ma wspomnie\u0144 ze znudzonym do przesady m\u0119\u017cem, oni nie rozumiej\u0105 jeszcze tego!<\/p>\n\n\n\n<p><strong>D:<\/strong> Jak ogl\u0105da\u0142em pr\u00f3by my\u015bla\u0142em <em>Bo\u017ce, mnie to w og\u00f3le nie \u015bmieszy, ja nie wiem z czego ludzie b\u0119d\u0105&nbsp;si\u0119&nbsp;\u015bmiali. <\/em>Ale potem mnie zacz\u0119\u0142o&nbsp;\u015bmieszy\u0107, \u017ce ludzi \u015bmieszy.<\/p>\n","protected":false},"excerpt":{"rendered":"<p>11 grudnia 2021 roku Beata Pszeniczna oraz Dawid \u017b\u0142obi\u0144ski zgodzili si\u0119 udzieli\u0107 wywiadu na temat najnowszego spektaklu \u201cPrezent Urodzinowy\u201d re\u017cyserii<\/p>\n","protected":false},"author":4,"featured_media":1165,"comment_status":"closed","ping_status":"closed","sticky":false,"template":"","format":"standard","meta":{"colormag_page_container_layout":"default_layout","colormag_page_sidebar_layout":"default_layout","_jetpack_memberships_contains_paid_content":false,"footnotes":"","_links_to":"","_links_to_target":""},"categories":[6,47,40],"tags":[52,51],"class_list":["post-1158","post","type-post","status-publish","format-standard","has-post-thumbnail","hentry","category-kultura","category-polecane","category-teatr","tag-kultura","tag-teatr"],"yoast_head":"<!-- This site is optimized with the Yoast SEO plugin v27.4 - https:\/\/yoast.com\/product\/yoast-seo-wordpress\/ -->\n<title>Aktorzy Teatru im. S. \u017beromskiego o spektaklu \u201cPrezent urodzinowy\u201d - NOTABENE.WORLD<\/title>\n<meta name=\"robots\" content=\"index, follow, max-snippet:-1, max-image-preview:large, max-video-preview:-1\" \/>\n<link rel=\"canonical\" href=\"https:\/\/notabene.world\/nb\/wywiad-z-aktorami-teatru-im-stefana-zeromskiego-o-spektaklu-prezent-urodzinowy\/\" \/>\n<meta property=\"og:locale\" content=\"pl_PL\" \/>\n<meta property=\"og:type\" content=\"article\" \/>\n<meta property=\"og:title\" content=\"Aktorzy Teatru im. S. \u017beromskiego o spektaklu \u201cPrezent urodzinowy\u201d - NOTABENE.WORLD\" \/>\n<meta property=\"og:description\" content=\"11 grudnia 2021 roku Beata Pszeniczna oraz Dawid \u017b\u0142obi\u0144ski zgodzili si\u0119 udzieli\u0107 wywiadu na temat najnowszego spektaklu \u201cPrezent Urodzinowy\u201d re\u017cyserii\" \/>\n<meta property=\"og:url\" content=\"https:\/\/notabene.world\/nb\/wywiad-z-aktorami-teatru-im-stefana-zeromskiego-o-spektaklu-prezent-urodzinowy\/\" \/>\n<meta property=\"og:site_name\" content=\"NOTABENE.WORLD\" \/>\n<meta property=\"article:publisher\" content=\"https:\/\/www.facebook.com\/Notabene.World\" \/>\n<meta property=\"article:published_time\" content=\"2021-12-12T16:07:00+00:00\" \/>\n<meta property=\"article:modified_time\" content=\"2022-02-08T12:40:01+00:00\" \/>\n<meta property=\"og:image\" content=\"https:\/\/notabene.world\/nb\/wp-content\/uploads\/2021\/12\/prur2.jpg\" \/>\n\t<meta property=\"og:image:width\" content=\"800\" \/>\n\t<meta property=\"og:image:height\" content=\"445\" \/>\n\t<meta property=\"og:image:type\" content=\"image\/jpeg\" \/>\n<meta name=\"author\" content=\"Wiktoria S\u0119k\" \/>\n<meta name=\"twitter:card\" content=\"summary_large_image\" \/>\n<meta name=\"twitter:label1\" content=\"Napisane przez\" \/>\n\t<meta name=\"twitter:data1\" content=\"Wiktoria S\u0119k\" \/>\n\t<meta name=\"twitter:label2\" content=\"Szacowany czas czytania\" \/>\n\t<meta name=\"twitter:data2\" content=\"6 minut\" \/>\n<script type=\"application\/ld+json\" class=\"yoast-schema-graph\">{\"@context\":\"https:\\\/\\\/schema.org\",\"@graph\":[{\"@type\":\"Article\",\"@id\":\"https:\\\/\\\/notabene.world\\\/nb\\\/wywiad-z-aktorami-teatru-im-stefana-zeromskiego-o-spektaklu-prezent-urodzinowy\\\/#article\",\"isPartOf\":{\"@id\":\"https:\\\/\\\/notabene.world\\\/nb\\\/wywiad-z-aktorami-teatru-im-stefana-zeromskiego-o-spektaklu-prezent-urodzinowy\\\/\"},\"author\":{\"name\":\"Wiktoria S\u0119k\",\"@id\":\"https:\\\/\\\/notabene.world\\\/nb\\\/#\\\/schema\\\/person\\\/f0c564b35774612eb9d01411cf7db155\"},\"headline\":\"Aktorzy Teatru im. S. \u017beromskiego o spektaklu \u201cPrezent urodzinowy\u201d\",\"datePublished\":\"2021-12-12T16:07:00+00:00\",\"dateModified\":\"2022-02-08T12:40:01+00:00\",\"mainEntityOfPage\":{\"@id\":\"https:\\\/\\\/notabene.world\\\/nb\\\/wywiad-z-aktorami-teatru-im-stefana-zeromskiego-o-spektaklu-prezent-urodzinowy\\\/\"},\"wordCount\":1189,\"publisher\":{\"@id\":\"https:\\\/\\\/notabene.world\\\/nb\\\/#organization\"},\"image\":{\"@id\":\"https:\\\/\\\/notabene.world\\\/nb\\\/wywiad-z-aktorami-teatru-im-stefana-zeromskiego-o-spektaklu-prezent-urodzinowy\\\/#primaryimage\"},\"thumbnailUrl\":\"https:\\\/\\\/i0.wp.com\\\/notabene.world\\\/nb\\\/wp-content\\\/uploads\\\/2021\\\/12\\\/prur2.jpg?fit=800%2C445&ssl=1\",\"keywords\":[\"#kultura\",\"#teatr\"],\"articleSection\":[\"Kultura\",\"Polecane\",\"Teatr\"],\"inLanguage\":\"pl-PL\"},{\"@type\":\"WebPage\",\"@id\":\"https:\\\/\\\/notabene.world\\\/nb\\\/wywiad-z-aktorami-teatru-im-stefana-zeromskiego-o-spektaklu-prezent-urodzinowy\\\/\",\"url\":\"https:\\\/\\\/notabene.world\\\/nb\\\/wywiad-z-aktorami-teatru-im-stefana-zeromskiego-o-spektaklu-prezent-urodzinowy\\\/\",\"name\":\"Aktorzy Teatru im. S. \u017beromskiego o spektaklu \u201cPrezent urodzinowy\u201d - NOTABENE.WORLD\",\"isPartOf\":{\"@id\":\"https:\\\/\\\/notabene.world\\\/nb\\\/#website\"},\"primaryImageOfPage\":{\"@id\":\"https:\\\/\\\/notabene.world\\\/nb\\\/wywiad-z-aktorami-teatru-im-stefana-zeromskiego-o-spektaklu-prezent-urodzinowy\\\/#primaryimage\"},\"image\":{\"@id\":\"https:\\\/\\\/notabene.world\\\/nb\\\/wywiad-z-aktorami-teatru-im-stefana-zeromskiego-o-spektaklu-prezent-urodzinowy\\\/#primaryimage\"},\"thumbnailUrl\":\"https:\\\/\\\/i0.wp.com\\\/notabene.world\\\/nb\\\/wp-content\\\/uploads\\\/2021\\\/12\\\/prur2.jpg?fit=800%2C445&ssl=1\",\"datePublished\":\"2021-12-12T16:07:00+00:00\",\"dateModified\":\"2022-02-08T12:40:01+00:00\",\"breadcrumb\":{\"@id\":\"https:\\\/\\\/notabene.world\\\/nb\\\/wywiad-z-aktorami-teatru-im-stefana-zeromskiego-o-spektaklu-prezent-urodzinowy\\\/#breadcrumb\"},\"inLanguage\":\"pl-PL\",\"potentialAction\":[{\"@type\":\"ReadAction\",\"target\":[\"https:\\\/\\\/notabene.world\\\/nb\\\/wywiad-z-aktorami-teatru-im-stefana-zeromskiego-o-spektaklu-prezent-urodzinowy\\\/\"]}]},{\"@type\":\"ImageObject\",\"inLanguage\":\"pl-PL\",\"@id\":\"https:\\\/\\\/notabene.world\\\/nb\\\/wywiad-z-aktorami-teatru-im-stefana-zeromskiego-o-spektaklu-prezent-urodzinowy\\\/#primaryimage\",\"url\":\"https:\\\/\\\/i0.wp.com\\\/notabene.world\\\/nb\\\/wp-content\\\/uploads\\\/2021\\\/12\\\/prur2.jpg?fit=800%2C445&ssl=1\",\"contentUrl\":\"https:\\\/\\\/i0.wp.com\\\/notabene.world\\\/nb\\\/wp-content\\\/uploads\\\/2021\\\/12\\\/prur2.jpg?fit=800%2C445&ssl=1\",\"width\":800,\"height\":445},{\"@type\":\"BreadcrumbList\",\"@id\":\"https:\\\/\\\/notabene.world\\\/nb\\\/wywiad-z-aktorami-teatru-im-stefana-zeromskiego-o-spektaklu-prezent-urodzinowy\\\/#breadcrumb\",\"itemListElement\":[{\"@type\":\"ListItem\",\"position\":1,\"name\":\"Home\",\"item\":\"https:\\\/\\\/notabene.world\\\/nb\\\/\"},{\"@type\":\"ListItem\",\"position\":2,\"name\":\"Aktorzy Teatru im. S. \u017beromskiego o spektaklu \u201cPrezent urodzinowy\u201d\"}]},{\"@type\":\"WebSite\",\"@id\":\"https:\\\/\\\/notabene.world\\\/nb\\\/#website\",\"url\":\"https:\\\/\\\/notabene.world\\\/nb\\\/\",\"name\":\"NOTABENE.WORLD\",\"description\":\"Przekaz. Warto\u015bci. Wsp\u00f3lnota.\",\"publisher\":{\"@id\":\"https:\\\/\\\/notabene.world\\\/nb\\\/#organization\"},\"potentialAction\":[{\"@type\":\"SearchAction\",\"target\":{\"@type\":\"EntryPoint\",\"urlTemplate\":\"https:\\\/\\\/notabene.world\\\/nb\\\/?s={search_term_string}\"},\"query-input\":{\"@type\":\"PropertyValueSpecification\",\"valueRequired\":true,\"valueName\":\"search_term_string\"}}],\"inLanguage\":\"pl-PL\"},{\"@type\":\"Organization\",\"@id\":\"https:\\\/\\\/notabene.world\\\/nb\\\/#organization\",\"name\":\"NOTABENE.WORLD\",\"url\":\"https:\\\/\\\/notabene.world\\\/nb\\\/\",\"logo\":{\"@type\":\"ImageObject\",\"inLanguage\":\"pl-PL\",\"@id\":\"https:\\\/\\\/notabene.world\\\/nb\\\/#\\\/schema\\\/logo\\\/image\\\/\",\"url\":\"https:\\\/\\\/notabene.world\\\/nb\\\/wp-content\\\/uploads\\\/2022\\\/01\\\/NB-club-start-www1.jpg\",\"contentUrl\":\"https:\\\/\\\/notabene.world\\\/nb\\\/wp-content\\\/uploads\\\/2022\\\/01\\\/NB-club-start-www1.jpg\",\"width\":1000,\"height\":839,\"caption\":\"NOTABENE.WORLD\"},\"image\":{\"@id\":\"https:\\\/\\\/notabene.world\\\/nb\\\/#\\\/schema\\\/logo\\\/image\\\/\"},\"sameAs\":[\"https:\\\/\\\/www.facebook.com\\\/Notabene.World\"]},{\"@type\":\"Person\",\"@id\":\"https:\\\/\\\/notabene.world\\\/nb\\\/#\\\/schema\\\/person\\\/f0c564b35774612eb9d01411cf7db155\",\"name\":\"Wiktoria S\u0119k\",\"image\":{\"@type\":\"ImageObject\",\"inLanguage\":\"pl-PL\",\"@id\":\"https:\\\/\\\/secure.gravatar.com\\\/avatar\\\/06090a995bb3a0f3689d57f910a642c6bc8f38e52120867ff3015b7ac22dcb80?s=96&d=mm&r=g\",\"url\":\"https:\\\/\\\/secure.gravatar.com\\\/avatar\\\/06090a995bb3a0f3689d57f910a642c6bc8f38e52120867ff3015b7ac22dcb80?s=96&d=mm&r=g\",\"contentUrl\":\"https:\\\/\\\/secure.gravatar.com\\\/avatar\\\/06090a995bb3a0f3689d57f910a642c6bc8f38e52120867ff3015b7ac22dcb80?s=96&d=mm&r=g\",\"caption\":\"Wiktoria S\u0119k\"},\"url\":\"https:\\\/\\\/notabene.world\\\/nb\\\/author\\\/wiktoria\\\/\"}]}<\/script>\n<!-- \/ Yoast SEO plugin. -->","yoast_head_json":{"title":"Aktorzy Teatru im. S. \u017beromskiego o spektaklu \u201cPrezent urodzinowy\u201d - NOTABENE.WORLD","robots":{"index":"index","follow":"follow","max-snippet":"max-snippet:-1","max-image-preview":"max-image-preview:large","max-video-preview":"max-video-preview:-1"},"canonical":"https:\/\/notabene.world\/nb\/wywiad-z-aktorami-teatru-im-stefana-zeromskiego-o-spektaklu-prezent-urodzinowy\/","og_locale":"pl_PL","og_type":"article","og_title":"Aktorzy Teatru im. S. \u017beromskiego o spektaklu \u201cPrezent urodzinowy\u201d - NOTABENE.WORLD","og_description":"11 grudnia 2021 roku Beata Pszeniczna oraz Dawid \u017b\u0142obi\u0144ski zgodzili si\u0119 udzieli\u0107 wywiadu na temat najnowszego spektaklu \u201cPrezent Urodzinowy\u201d re\u017cyserii","og_url":"https:\/\/notabene.world\/nb\/wywiad-z-aktorami-teatru-im-stefana-zeromskiego-o-spektaklu-prezent-urodzinowy\/","og_site_name":"NOTABENE.WORLD","article_publisher":"https:\/\/www.facebook.com\/Notabene.World","article_published_time":"2021-12-12T16:07:00+00:00","article_modified_time":"2022-02-08T12:40:01+00:00","og_image":[{"width":800,"height":445,"url":"https:\/\/notabene.world\/nb\/wp-content\/uploads\/2021\/12\/prur2.jpg","type":"image\/jpeg"}],"author":"Wiktoria S\u0119k","twitter_card":"summary_large_image","twitter_misc":{"Napisane przez":"Wiktoria S\u0119k","Szacowany czas czytania":"6 minut"},"schema":{"@context":"https:\/\/schema.org","@graph":[{"@type":"Article","@id":"https:\/\/notabene.world\/nb\/wywiad-z-aktorami-teatru-im-stefana-zeromskiego-o-spektaklu-prezent-urodzinowy\/#article","isPartOf":{"@id":"https:\/\/notabene.world\/nb\/wywiad-z-aktorami-teatru-im-stefana-zeromskiego-o-spektaklu-prezent-urodzinowy\/"},"author":{"name":"Wiktoria S\u0119k","@id":"https:\/\/notabene.world\/nb\/#\/schema\/person\/f0c564b35774612eb9d01411cf7db155"},"headline":"Aktorzy Teatru im. S. \u017beromskiego o spektaklu \u201cPrezent urodzinowy\u201d","datePublished":"2021-12-12T16:07:00+00:00","dateModified":"2022-02-08T12:40:01+00:00","mainEntityOfPage":{"@id":"https:\/\/notabene.world\/nb\/wywiad-z-aktorami-teatru-im-stefana-zeromskiego-o-spektaklu-prezent-urodzinowy\/"},"wordCount":1189,"publisher":{"@id":"https:\/\/notabene.world\/nb\/#organization"},"image":{"@id":"https:\/\/notabene.world\/nb\/wywiad-z-aktorami-teatru-im-stefana-zeromskiego-o-spektaklu-prezent-urodzinowy\/#primaryimage"},"thumbnailUrl":"https:\/\/i0.wp.com\/notabene.world\/nb\/wp-content\/uploads\/2021\/12\/prur2.jpg?fit=800%2C445&ssl=1","keywords":["#kultura","#teatr"],"articleSection":["Kultura","Polecane","Teatr"],"inLanguage":"pl-PL"},{"@type":"WebPage","@id":"https:\/\/notabene.world\/nb\/wywiad-z-aktorami-teatru-im-stefana-zeromskiego-o-spektaklu-prezent-urodzinowy\/","url":"https:\/\/notabene.world\/nb\/wywiad-z-aktorami-teatru-im-stefana-zeromskiego-o-spektaklu-prezent-urodzinowy\/","name":"Aktorzy Teatru im. S. \u017beromskiego o spektaklu \u201cPrezent urodzinowy\u201d - NOTABENE.WORLD","isPartOf":{"@id":"https:\/\/notabene.world\/nb\/#website"},"primaryImageOfPage":{"@id":"https:\/\/notabene.world\/nb\/wywiad-z-aktorami-teatru-im-stefana-zeromskiego-o-spektaklu-prezent-urodzinowy\/#primaryimage"},"image":{"@id":"https:\/\/notabene.world\/nb\/wywiad-z-aktorami-teatru-im-stefana-zeromskiego-o-spektaklu-prezent-urodzinowy\/#primaryimage"},"thumbnailUrl":"https:\/\/i0.wp.com\/notabene.world\/nb\/wp-content\/uploads\/2021\/12\/prur2.jpg?fit=800%2C445&ssl=1","datePublished":"2021-12-12T16:07:00+00:00","dateModified":"2022-02-08T12:40:01+00:00","breadcrumb":{"@id":"https:\/\/notabene.world\/nb\/wywiad-z-aktorami-teatru-im-stefana-zeromskiego-o-spektaklu-prezent-urodzinowy\/#breadcrumb"},"inLanguage":"pl-PL","potentialAction":[{"@type":"ReadAction","target":["https:\/\/notabene.world\/nb\/wywiad-z-aktorami-teatru-im-stefana-zeromskiego-o-spektaklu-prezent-urodzinowy\/"]}]},{"@type":"ImageObject","inLanguage":"pl-PL","@id":"https:\/\/notabene.world\/nb\/wywiad-z-aktorami-teatru-im-stefana-zeromskiego-o-spektaklu-prezent-urodzinowy\/#primaryimage","url":"https:\/\/i0.wp.com\/notabene.world\/nb\/wp-content\/uploads\/2021\/12\/prur2.jpg?fit=800%2C445&ssl=1","contentUrl":"https:\/\/i0.wp.com\/notabene.world\/nb\/wp-content\/uploads\/2021\/12\/prur2.jpg?fit=800%2C445&ssl=1","width":800,"height":445},{"@type":"BreadcrumbList","@id":"https:\/\/notabene.world\/nb\/wywiad-z-aktorami-teatru-im-stefana-zeromskiego-o-spektaklu-prezent-urodzinowy\/#breadcrumb","itemListElement":[{"@type":"ListItem","position":1,"name":"Home","item":"https:\/\/notabene.world\/nb\/"},{"@type":"ListItem","position":2,"name":"Aktorzy Teatru im. S. \u017beromskiego o spektaklu \u201cPrezent urodzinowy\u201d"}]},{"@type":"WebSite","@id":"https:\/\/notabene.world\/nb\/#website","url":"https:\/\/notabene.world\/nb\/","name":"NOTABENE.WORLD","description":"Przekaz. Warto\u015bci. Wsp\u00f3lnota.","publisher":{"@id":"https:\/\/notabene.world\/nb\/#organization"},"potentialAction":[{"@type":"SearchAction","target":{"@type":"EntryPoint","urlTemplate":"https:\/\/notabene.world\/nb\/?s={search_term_string}"},"query-input":{"@type":"PropertyValueSpecification","valueRequired":true,"valueName":"search_term_string"}}],"inLanguage":"pl-PL"},{"@type":"Organization","@id":"https:\/\/notabene.world\/nb\/#organization","name":"NOTABENE.WORLD","url":"https:\/\/notabene.world\/nb\/","logo":{"@type":"ImageObject","inLanguage":"pl-PL","@id":"https:\/\/notabene.world\/nb\/#\/schema\/logo\/image\/","url":"https:\/\/notabene.world\/nb\/wp-content\/uploads\/2022\/01\/NB-club-start-www1.jpg","contentUrl":"https:\/\/notabene.world\/nb\/wp-content\/uploads\/2022\/01\/NB-club-start-www1.jpg","width":1000,"height":839,"caption":"NOTABENE.WORLD"},"image":{"@id":"https:\/\/notabene.world\/nb\/#\/schema\/logo\/image\/"},"sameAs":["https:\/\/www.facebook.com\/Notabene.World"]},{"@type":"Person","@id":"https:\/\/notabene.world\/nb\/#\/schema\/person\/f0c564b35774612eb9d01411cf7db155","name":"Wiktoria S\u0119k","image":{"@type":"ImageObject","inLanguage":"pl-PL","@id":"https:\/\/secure.gravatar.com\/avatar\/06090a995bb3a0f3689d57f910a642c6bc8f38e52120867ff3015b7ac22dcb80?s=96&d=mm&r=g","url":"https:\/\/secure.gravatar.com\/avatar\/06090a995bb3a0f3689d57f910a642c6bc8f38e52120867ff3015b7ac22dcb80?s=96&d=mm&r=g","contentUrl":"https:\/\/secure.gravatar.com\/avatar\/06090a995bb3a0f3689d57f910a642c6bc8f38e52120867ff3015b7ac22dcb80?s=96&d=mm&r=g","caption":"Wiktoria S\u0119k"},"url":"https:\/\/notabene.world\/nb\/author\/wiktoria\/"}]}},"jetpack_featured_media_url":"https:\/\/i0.wp.com\/notabene.world\/nb\/wp-content\/uploads\/2021\/12\/prur2.jpg?fit=800%2C445&ssl=1","jetpack_sharing_enabled":true,"jetpack_shortlink":"https:\/\/wp.me\/pdCobN-iG","_links":{"self":[{"href":"https:\/\/notabene.world\/nb\/wp-json\/wp\/v2\/posts\/1158","targetHints":{"allow":["GET"]}}],"collection":[{"href":"https:\/\/notabene.world\/nb\/wp-json\/wp\/v2\/posts"}],"about":[{"href":"https:\/\/notabene.world\/nb\/wp-json\/wp\/v2\/types\/post"}],"author":[{"embeddable":true,"href":"https:\/\/notabene.world\/nb\/wp-json\/wp\/v2\/users\/4"}],"replies":[{"embeddable":true,"href":"https:\/\/notabene.world\/nb\/wp-json\/wp\/v2\/comments?post=1158"}],"version-history":[{"count":5,"href":"https:\/\/notabene.world\/nb\/wp-json\/wp\/v2\/posts\/1158\/revisions"}],"predecessor-version":[{"id":1174,"href":"https:\/\/notabene.world\/nb\/wp-json\/wp\/v2\/posts\/1158\/revisions\/1174"}],"wp:featuredmedia":[{"embeddable":true,"href":"https:\/\/notabene.world\/nb\/wp-json\/wp\/v2\/media\/1165"}],"wp:attachment":[{"href":"https:\/\/notabene.world\/nb\/wp-json\/wp\/v2\/media?parent=1158"}],"wp:term":[{"taxonomy":"category","embeddable":true,"href":"https:\/\/notabene.world\/nb\/wp-json\/wp\/v2\/categories?post=1158"},{"taxonomy":"post_tag","embeddable":true,"href":"https:\/\/notabene.world\/nb\/wp-json\/wp\/v2\/tags?post=1158"}],"curies":[{"name":"wp","href":"https:\/\/api.w.org\/{rel}","templated":true}]}}