{"id":11602,"date":"2023-11-26T21:57:59","date_gmt":"2023-11-26T20:57:59","guid":{"rendered":"https:\/\/notabene.world\/nb\/?p=11602"},"modified":"2023-12-16T04:06:02","modified_gmt":"2023-12-16T03:06:02","slug":"srednie-ogolne-kuba-knap","status":"publish","type":"post","link":"https:\/\/notabene.world\/nb\/srednie-ogolne-kuba-knap\/","title":{"rendered":"\u015arednie og\u00f3lne &#8211; Kuba Knap"},"content":{"rendered":"<p>Kuba Knap &#8211; <em>\u015arednie og\u00f3lne<\/em><\/p>\n<p>Utw\u00f3r pochodzi z p\u0142yty <em>Kuchnia Polska, <\/em>wydanej w 2020 roku. Za produkcje kawa\u0142ka odpowiada M\u0142ody.<\/p>\n<p>Utw\u00f3r rozpoczyna si\u0119 intrem, w kt\u00f3rym Knap m\u00f3wi <em>\u201eKto nie by\u0142 na saksach r\u0119ka w g\u00f3r\u0119\u201d<\/em> \u2013 czyli kto nie pracowa\u0142 nigdy nie za granic\u0105, odpowiadaj\u0105c tym samym, \u017ce on zostaje.<\/p>\n<p>W 1 zwrotce wspomina czasy swojej m\u0142odo\u015bci, w kt\u00f3rych w jego domu ci\u0105gle by\u0142 remont:<\/p>\n<p><em>\u201eNa start w hali nowe dwa pokoje, na podw\u00f3rku gruzowisko<br \/>\nI\u205fwychodek\u205fzamiast\u205fkibla, w kuchni\u205f\u0142\u00f3zko pi\u0119trowe\u201d<\/em><\/p>\n<p>przez co jak przyznaje sta\u0142 si\u0119 specem od wyko\u0144cze\u0144 i finalnie dosta\u0142 prac\u0119 w du\u017cej korporacji, kt\u00f3r\u0105 opisuje:<\/p>\n<p><em>\u201eMia\u0142em farta, \u017ce mnie korporacja zatrudni\u0142a jako z\u0142ot\u0105 r\u0105czk\u0119<br \/>\nZna\u0142em babki z r\u00f3\u017cnych dzia\u0142\u00f3w, t\u0119 gierk\u0119 od podszewki<br \/>\nKonsultacje w korytarzu, te szydery i u\u015bmieszki<br \/>\nNigdy wi\u0119cej. Prosta tyrka mi siedzi znacznie bardziej<br \/>\nZaliczy\u0142em kiedy\u015b spo\u017cywczy magazyn w Belfa\u015bcie\u201d<\/em><\/p>\n<p>Wspomina, \u017ce nie by\u0142a to praca dla niego i on woli mie\u0107 prace prostsz\u0105. By\u0142 r\u00f3wnie\u017c na emigracji, ale doszed\u0142 do wniosku, \u017ce to te\u017c nie by\u0142o dla niego. Jednak\u017ce wspomina te czasy jako finansow\u0105 lekko\u015b\u0107 i m\u00f3wi, \u017ce jego praca wtedy bardziej przypomina\u0142a wakacje. Zwracaj\u0105c r\u00f3wnie\u017c uwag\u0119, \u017ce spo\u0142ecze\u0144stwo polskie wychowywane jest do pracy za granic\u0105:<\/p>\n<p><em>\u201ePolacy hodowani s\u0105 na eksport<br \/>\nGdzie by\u015b si\u0119 nie ruszy\u0142 z kraju, czeka finansowa lekko\u015b\u0107<br \/>\nJe\u017cd\u017c\u0105c riksz\u0105 w Kopenhadze ci\u0105gle bobki se jara\u0142em<br \/>\nI wiedzia\u0142em, \u017ce mi p\u0142ac\u0105 za wakacje, nie za prac\u0119\u201d<\/em><\/p>\n<p>Refren brzmi:<\/p>\n<p><em>\u201eNo normalnie, jak trza to tyram<br \/>\nBo prosta robota odtruwa mi m\u00f3zg<br \/>\n\u017badna ha\u0144ba, wiedz\u0105 to na magazynach<br \/>\n\u017be to dotyczy wszystkich jak skarb\u00f3wa i ZUS\u201d<\/em><\/p>\n<p>Knap zwraca w nim uwag\u0119, \u017ce lubi prace prost\u0105 i \u017ce nie jest ona \u017cadn\u0105 ha\u0144b\u0105.<\/p>\n<p>W drugiej zwrotce wspomina studia, kt\u00f3re porzuci\u0142 bo w jego mniemaniu by\u0142y one nudne. Podczas studiowania dawa\u0142 korepetycje, lecz i to porzuci\u0142 poniewa\u017c nie czu\u0142 si\u0119 godny aby tak pracowa\u0107. P\u00f3\u017aniej opowiada o nockach w hostelu w kt\u00f3rym pracowa\u0142. Cz\u0119sto znajomi wpadali do niego w czasie pracy aby sobie z nim zapali\u0107, zosta\u0142 wyrzucony z tej pracy za pija\u0144stwo. Wspomina r\u00f3wnie\u017c prac\u0119 w kt\u00f3rej od 6 rano chodzi\u0142 po polach i \u0142\u0105kach. Praca mia\u0142a zwi\u0105zek z lotnictwem, oraz przez papierologie jego pensja by\u0142a znacznie mniejsza \u2013 zapewne chodzi o odprowadzane sk\u0142adki. Na ko\u0144cu zwrotki wspomina o najgorszej pracy w jakiej by\u0142 czyli modny sklep w galerii, w kt\u00f3rym szef ci\u0105gle monitorowa\u0142 jego prac\u0119, a na dodatek denerwowa\u0142y go standardy jakie tam mia\u0142y miejsce. Mianowicie, \u017ce m\u0142odzie\u017c przychodzi\u0142a tam tylko przymierza\u0107 buty i robi\u0107 sobie w nich zdj\u0119cia, wi\u0119c finalnie Kuba rzuci\u0142 t\u0105 prac\u0119 m\u00f3wi\u0105c wulgarnie: <em>\u201eW p\u00f3\u0142 zmiany rzuci\u0142em to g\u00f3wno i polaz\u0142em w ch*j\u201d.<\/em><\/p>\n<p>W 3 zwrotce zaczyna si\u0119 zastanawia\u0107, gdzie by teraz by\u0142 gdyby nie pieni\u0105dze, kt\u00f3re udaje mu si\u0119 zarabia\u0107 na swojej tw\u00f3rczo\u015bci muzycznej. Podkre\u015bla r\u00f3wnie\u017c, \u017ce niewa\u017cne jest dla niego miejsce pracy oraz, \u017ce nigdy nie pozwoli \u017ceby w jego \u017cyciu pieni\u0105dze sta\u0142y na pierwszym miejscu:<\/p>\n<p><em>\u201eDla mnie \u017babka czy Serpol \u2013 nie ma \u017cadnej r\u00f3\u017cnicy<br \/>\nBo wol\u0119 sta\u0107 se za kas\u0105 ni\u017c \u017ceby kasa za mn\u0105 sta\u0142a<br \/>\nNiezale\u017cne procedery maj\u0105 swoje sta\u0142e prawa\u201d<\/em><\/p>\n<p>Dalej m\u00f3wi o kulturze hip-hopowej i po co si\u0119 j\u0105 robi oraz o tym, \u017ce mo\u017cesz go wesprze\u0107 poprzez kupowanie jego p\u0142yt lub wpadni\u0119cie na koncert, m\u00f3wi\u0105c:<\/p>\n<p><em>\u201eJe\u015bli lubisz to, co robi\u0119 i jak robi\u0119 to, i \u017cyj\u0119<br \/>\nKup se p\u0142yt\u0119, albo T-shirt, albo wpadaj na nasz koncert<br \/>\nRap si\u0119 robi mimo wszystko, a nie dzi\u0119ki czemu\u015b, typie<br \/>\nPozdr\u00f3weczki dla prawdziwych sk\u0142ad\u00f3w w ca\u0142ej Polsce\u201d<\/em><\/p>\n<p>Ko\u0144czy zwrotk\u0119:<\/p>\n<p><em>\u201eMi styka, starcza, cho\u0107 mi zgrzyta w finansach<br \/>\nRubryka z wydatkami cz\u0119sto zyski przerasta<br \/>\nCzasem mnie to przyt\u0142acza, lecz to motywuj\u0105ce<br \/>\nMa\u0142o spa\u0107 i przejada\u0107, robi\u0107 du\u017co i dobrze\u201d<\/em><\/p>\n<p>M\u00f3wi\u0105c tym samym, \u017ce mimo i\u017c nie jest obecnie najbardziej popularnym artyst\u0105 muzycznym, to jest mu w \u017cyciu dobrze. Traktuje to jako motywacje do dzia\u0142ania. Robi w swoim \u017cyciu du\u017co rzeczy poza muzyk\u0105 i z podej\u015bciem perfekcjonisty wszystko chce robi\u0107 dobrze.<\/p>\n<p>Kuba Knap jest bardzo p\u0142odnym artyst\u0105, kt\u00f3ry ma na swoim koncie 18 p\u0142yt, z czego dwie dwup\u0142ytowe, w tym mixtapy, oraz epki. To wszystko wyda\u0142 od 2013 roku. W samym roku 2019 wyda\u0142 6 p\u0142yt \u2013 <em>Knurion, Koniec ko\u0144c\u00f3w, Flaj \u0141ajz<\/em> (z zespo\u0142em <em>Renegaci Funku<\/em>), <em>Na rejonie na patencie<\/em> (z <em>Kajzerem<\/em>), <em>Wpierpol<\/em> (z zespo\u0142em <em>Okoliczny Element<\/em>), oraz <em>Undaknap<\/em> (ze sk\u0142adem <em>Undadasea<\/em>). W 2023 roku co prawda wyda\u0142 jedn\u0105 p\u0142yt\u0119, na kt\u00f3r\u0105 s\u0142uchacze musieli czeka\u0107 3 lata \u2013 <em>Tipiknapa<\/em>. Jednak jest to najdojrzalsza p\u0142yta na kt\u00f3rej wszystkie bity zosta\u0142y wykonane w jazzowym stylu z \u017cywymi instrumentami. \u015aledz\u0105c na bie\u017c\u0105co karier\u0119 Kuby Knapa, ogl\u0105daj\u0105c liczne wywiady i s\u0142uchaj\u0105c przede wszystkim jego tw\u00f3rczo\u015bci ciesz\u0119 si\u0119, \u017ce jego kariera posz\u0142a w tym kierunku. W kierunku nieskomercjalizowanym i spokojnym. Knap ju\u017c nie jest Bej\u0142ywemyszon &#8211; porzuci\u0142 alkohol i wydoro\u015bla\u0142, a cel zosta\u0142 ten sam mianowicie: granie z pasj\u0105 i wspieranie swoich ludzi. Knap dzi\u015b jest dojrza\u0142ym go\u015bciem o czym \u015bwiadczy ten numer oraz ostatni album <em>Tipiknapa<\/em>, kt\u00f3ry ka\u017cdemu z ca\u0142ego serca polecam przes\u0142ucha\u0107 w ca\u0142o\u015bci.<\/p>\n","protected":false},"excerpt":{"rendered":"<p>Kuba Knap jest bardzo p\u0142odnym artyst\u0105, kt\u00f3ry ma na swoim koncie 18 p\u0142yt, z czego dwie dwup\u0142ytowe, w tym mixtapy, oraz epki. To wszystko wyda\u0142 od 2013 roku. W samym roku 2019 wyda\u0142 6 p\u0142yt \u2013 Knurion, Koniec ko\u0144c\u00f3w, Flaj \u0141ajz (z zespo\u0142em Renegaci Funku), Na rejonie na patencie (z Kajzerem), Wpierpol (z zespo\u0142em Okoliczny Element), oraz Undaknap (ze sk\u0142adem Undadasea).<br \/>\n<br \/>\nW 2023 roku co prawda wyda\u0142 jedn\u0105 p\u0142yt\u0119, na kt\u00f3r\u0105 s\u0142uchacze musieli czeka\u0107 3 lata \u2013 Tipiknapa. Jednak jest to najdojrzalsza p\u0142yta, na kt\u00f3rej wszystkie bity zosta\u0142y wykonane w jazzowym stylu z \u017cywymi instrumentami. \u015aledz\u0105c na bie\u017c\u0105co karier\u0119 Kuby Knapa, ogl\u0105daj\u0105c liczne wywiady i s\u0142uchaj\u0105c przede wszystkim jego tw\u00f3rczo\u015bci ciesz\u0119 si\u0119, \u017ce jego kariera posz\u0142a w tym kierunku. W kierunku nieskomercjalizowanym i spokojnym. Knap ju\u017c nie jest Bej\u0142ywemyszon \u2013 porzuci\u0142 alkohol i wydoro\u015bla\u0142, a cel zosta\u0142 ten sam mianowicie: granie z pasj\u0105 i wspieranie swoich ludzi. Knap dzi\u015b jest dojrza\u0142ym go\u015bciem o czym \u015bwiadczy ten numer oraz ostatni album Tipiknapa, kt\u00f3ry ka\u017cdemu z ca\u0142ego serca polecam przes\u0142ucha\u0107 w ca\u0142o\u015bci.<\/p>\n","protected":false},"author":56,"featured_media":11603,"comment_status":"closed","ping_status":"closed","sticky":false,"template":"","format":"standard","meta":{"colormag_page_container_layout":"no_sidebar_content_centered","colormag_page_sidebar_layout":"no_sidebar","_jetpack_memberships_contains_paid_content":false,"footnotes":"","_links_to":"","_links_to_target":""},"categories":[5,225,229],"tags":[],"class_list":["post-11602","post","type-post","status-publish","format-standard","has-post-thumbnail","hentry","category-muzyka","category-projekt-kulturalny","category-przeboj-nocy"],"yoast_head":"<!-- This site is optimized with the Yoast SEO plugin v27.4 - https:\/\/yoast.com\/product\/yoast-seo-wordpress\/ -->\n<title>\u015arednie og\u00f3lne - Kuba Knap - NOTABENE.WORLD<\/title>\n<meta name=\"robots\" content=\"index, follow, max-snippet:-1, max-image-preview:large, max-video-preview:-1\" \/>\n<link rel=\"canonical\" href=\"https:\/\/notabene.world\/nb\/srednie-ogolne-kuba-knap\/\" \/>\n<meta property=\"og:locale\" content=\"pl_PL\" \/>\n<meta property=\"og:type\" content=\"article\" \/>\n<meta property=\"og:title\" content=\"\u015arednie og\u00f3lne - Kuba Knap - NOTABENE.WORLD\" \/>\n<meta property=\"og:description\" content=\"Kuba Knap jest bardzo p\u0142odnym artyst\u0105, kt\u00f3ry ma na swoim koncie 18 p\u0142yt, z czego dwie dwup\u0142ytowe, w tym mixtapy, oraz epki. To wszystko wyda\u0142 od 2013 roku. W samym roku 2019 wyda\u0142 6 p\u0142yt \u2013 Knurion, Koniec ko\u0144c\u00f3w, Flaj \u0141ajz (z zespo\u0142em Renegaci Funku), Na rejonie na patencie (z Kajzerem), Wpierpol (z zespo\u0142em Okoliczny Element), oraz Undaknap (ze sk\u0142adem Undadasea).   W 2023 roku co prawda wyda\u0142 jedn\u0105 p\u0142yt\u0119, na kt\u00f3r\u0105 s\u0142uchacze musieli czeka\u0107 3 lata \u2013 Tipiknapa. Jednak jest to najdojrzalsza p\u0142yta, na kt\u00f3rej wszystkie bity zosta\u0142y wykonane w jazzowym stylu z \u017cywymi instrumentami. \u015aledz\u0105c na bie\u017c\u0105co karier\u0119 Kuby Knapa, ogl\u0105daj\u0105c liczne wywiady i s\u0142uchaj\u0105c przede wszystkim jego tw\u00f3rczo\u015bci ciesz\u0119 si\u0119, \u017ce jego kariera posz\u0142a w tym kierunku. W kierunku nieskomercjalizowanym i spokojnym. Knap ju\u017c nie jest Bej\u0142ywemyszon \u2013 porzuci\u0142 alkohol i wydoro\u015bla\u0142, a cel zosta\u0142 ten sam mianowicie: granie z pasj\u0105 i wspieranie swoich ludzi. Knap dzi\u015b jest dojrza\u0142ym go\u015bciem o czym \u015bwiadczy ten numer oraz ostatni album Tipiknapa, kt\u00f3ry ka\u017cdemu z ca\u0142ego serca polecam przes\u0142ucha\u0107 w ca\u0142o\u015bci.\" \/>\n<meta property=\"og:url\" content=\"https:\/\/notabene.world\/nb\/srednie-ogolne-kuba-knap\/\" \/>\n<meta property=\"og:site_name\" content=\"NOTABENE.WORLD\" \/>\n<meta property=\"article:publisher\" content=\"https:\/\/www.facebook.com\/Notabene.World\" \/>\n<meta property=\"article:published_time\" content=\"2023-11-26T20:57:59+00:00\" \/>\n<meta property=\"article:modified_time\" content=\"2023-12-16T03:06:02+00:00\" \/>\n<meta property=\"og:image\" content=\"https:\/\/notabene.world\/nb\/wp-content\/uploads\/2023\/11\/srednie-ogolne.jpg\" \/>\n\t<meta property=\"og:image:width\" content=\"800\" \/>\n\t<meta property=\"og:image:height\" content=\"445\" \/>\n\t<meta property=\"og:image:type\" content=\"image\/jpeg\" \/>\n<meta name=\"author\" content=\"Szymon Grz\u0105dziela\" \/>\n<meta name=\"twitter:card\" content=\"summary_large_image\" \/>\n<meta name=\"twitter:label1\" content=\"Napisane przez\" \/>\n\t<meta name=\"twitter:data1\" content=\"Szymon Grz\u0105dziela\" \/>\n\t<meta name=\"twitter:label2\" content=\"Szacowany czas czytania\" \/>\n\t<meta name=\"twitter:data2\" content=\"5 minut\" \/>\n<script type=\"application\/ld+json\" class=\"yoast-schema-graph\">{\"@context\":\"https:\\\/\\\/schema.org\",\"@graph\":[{\"@type\":\"Article\",\"@id\":\"https:\\\/\\\/notabene.world\\\/nb\\\/srednie-ogolne-kuba-knap\\\/#article\",\"isPartOf\":{\"@id\":\"https:\\\/\\\/notabene.world\\\/nb\\\/srednie-ogolne-kuba-knap\\\/\"},\"author\":{\"name\":\"Szymon Grz\u0105dziela\",\"@id\":\"https:\\\/\\\/notabene.world\\\/nb\\\/#\\\/schema\\\/person\\\/977b9f35195686b57d7563e70662822b\"},\"headline\":\"\u015arednie og\u00f3lne &#8211; Kuba Knap\",\"datePublished\":\"2023-11-26T20:57:59+00:00\",\"dateModified\":\"2023-12-16T03:06:02+00:00\",\"mainEntityOfPage\":{\"@id\":\"https:\\\/\\\/notabene.world\\\/nb\\\/srednie-ogolne-kuba-knap\\\/\"},\"wordCount\":952,\"publisher\":{\"@id\":\"https:\\\/\\\/notabene.world\\\/nb\\\/#organization\"},\"image\":{\"@id\":\"https:\\\/\\\/notabene.world\\\/nb\\\/srednie-ogolne-kuba-knap\\\/#primaryimage\"},\"thumbnailUrl\":\"https:\\\/\\\/i0.wp.com\\\/notabene.world\\\/nb\\\/wp-content\\\/uploads\\\/2023\\\/11\\\/srednie-ogolne.jpg?fit=800%2C445&ssl=1\",\"articleSection\":[\"Muzyka\",\"Projekt kulturalny\",\"PRZEB\u00d3J NOCY\"],\"inLanguage\":\"pl-PL\"},{\"@type\":\"WebPage\",\"@id\":\"https:\\\/\\\/notabene.world\\\/nb\\\/srednie-ogolne-kuba-knap\\\/\",\"url\":\"https:\\\/\\\/notabene.world\\\/nb\\\/srednie-ogolne-kuba-knap\\\/\",\"name\":\"\u015arednie og\u00f3lne - Kuba Knap - NOTABENE.WORLD\",\"isPartOf\":{\"@id\":\"https:\\\/\\\/notabene.world\\\/nb\\\/#website\"},\"primaryImageOfPage\":{\"@id\":\"https:\\\/\\\/notabene.world\\\/nb\\\/srednie-ogolne-kuba-knap\\\/#primaryimage\"},\"image\":{\"@id\":\"https:\\\/\\\/notabene.world\\\/nb\\\/srednie-ogolne-kuba-knap\\\/#primaryimage\"},\"thumbnailUrl\":\"https:\\\/\\\/i0.wp.com\\\/notabene.world\\\/nb\\\/wp-content\\\/uploads\\\/2023\\\/11\\\/srednie-ogolne.jpg?fit=800%2C445&ssl=1\",\"datePublished\":\"2023-11-26T20:57:59+00:00\",\"dateModified\":\"2023-12-16T03:06:02+00:00\",\"breadcrumb\":{\"@id\":\"https:\\\/\\\/notabene.world\\\/nb\\\/srednie-ogolne-kuba-knap\\\/#breadcrumb\"},\"inLanguage\":\"pl-PL\",\"potentialAction\":[{\"@type\":\"ReadAction\",\"target\":[\"https:\\\/\\\/notabene.world\\\/nb\\\/srednie-ogolne-kuba-knap\\\/\"]}]},{\"@type\":\"ImageObject\",\"inLanguage\":\"pl-PL\",\"@id\":\"https:\\\/\\\/notabene.world\\\/nb\\\/srednie-ogolne-kuba-knap\\\/#primaryimage\",\"url\":\"https:\\\/\\\/i0.wp.com\\\/notabene.world\\\/nb\\\/wp-content\\\/uploads\\\/2023\\\/11\\\/srednie-ogolne.jpg?fit=800%2C445&ssl=1\",\"contentUrl\":\"https:\\\/\\\/i0.wp.com\\\/notabene.world\\\/nb\\\/wp-content\\\/uploads\\\/2023\\\/11\\\/srednie-ogolne.jpg?fit=800%2C445&ssl=1\",\"width\":800,\"height\":445},{\"@type\":\"BreadcrumbList\",\"@id\":\"https:\\\/\\\/notabene.world\\\/nb\\\/srednie-ogolne-kuba-knap\\\/#breadcrumb\",\"itemListElement\":[{\"@type\":\"ListItem\",\"position\":1,\"name\":\"Home\",\"item\":\"https:\\\/\\\/notabene.world\\\/nb\\\/\"},{\"@type\":\"ListItem\",\"position\":2,\"name\":\"\u015arednie og\u00f3lne &#8211; Kuba Knap\"}]},{\"@type\":\"WebSite\",\"@id\":\"https:\\\/\\\/notabene.world\\\/nb\\\/#website\",\"url\":\"https:\\\/\\\/notabene.world\\\/nb\\\/\",\"name\":\"NOTABENE.WORLD\",\"description\":\"Przekaz. Warto\u015bci. Wsp\u00f3lnota.\",\"publisher\":{\"@id\":\"https:\\\/\\\/notabene.world\\\/nb\\\/#organization\"},\"potentialAction\":[{\"@type\":\"SearchAction\",\"target\":{\"@type\":\"EntryPoint\",\"urlTemplate\":\"https:\\\/\\\/notabene.world\\\/nb\\\/?s={search_term_string}\"},\"query-input\":{\"@type\":\"PropertyValueSpecification\",\"valueRequired\":true,\"valueName\":\"search_term_string\"}}],\"inLanguage\":\"pl-PL\"},{\"@type\":\"Organization\",\"@id\":\"https:\\\/\\\/notabene.world\\\/nb\\\/#organization\",\"name\":\"NOTABENE.WORLD\",\"url\":\"https:\\\/\\\/notabene.world\\\/nb\\\/\",\"logo\":{\"@type\":\"ImageObject\",\"inLanguage\":\"pl-PL\",\"@id\":\"https:\\\/\\\/notabene.world\\\/nb\\\/#\\\/schema\\\/logo\\\/image\\\/\",\"url\":\"https:\\\/\\\/notabene.world\\\/nb\\\/wp-content\\\/uploads\\\/2022\\\/01\\\/NB-club-start-www1.jpg\",\"contentUrl\":\"https:\\\/\\\/notabene.world\\\/nb\\\/wp-content\\\/uploads\\\/2022\\\/01\\\/NB-club-start-www1.jpg\",\"width\":1000,\"height\":839,\"caption\":\"NOTABENE.WORLD\"},\"image\":{\"@id\":\"https:\\\/\\\/notabene.world\\\/nb\\\/#\\\/schema\\\/logo\\\/image\\\/\"},\"sameAs\":[\"https:\\\/\\\/www.facebook.com\\\/Notabene.World\"]},{\"@type\":\"Person\",\"@id\":\"https:\\\/\\\/notabene.world\\\/nb\\\/#\\\/schema\\\/person\\\/977b9f35195686b57d7563e70662822b\",\"name\":\"Szymon Grz\u0105dziela\",\"image\":{\"@type\":\"ImageObject\",\"inLanguage\":\"pl-PL\",\"@id\":\"https:\\\/\\\/secure.gravatar.com\\\/avatar\\\/a565ae8ea81f5059f63ac62d89ad1616d46684322df34df42e70cc609229e7b4?s=96&d=mm&r=g\",\"url\":\"https:\\\/\\\/secure.gravatar.com\\\/avatar\\\/a565ae8ea81f5059f63ac62d89ad1616d46684322df34df42e70cc609229e7b4?s=96&d=mm&r=g\",\"contentUrl\":\"https:\\\/\\\/secure.gravatar.com\\\/avatar\\\/a565ae8ea81f5059f63ac62d89ad1616d46684322df34df42e70cc609229e7b4?s=96&d=mm&r=g\",\"caption\":\"Szymon Grz\u0105dziela\"},\"url\":\"https:\\\/\\\/notabene.world\\\/nb\\\/author\\\/sz-gr\\\/\"}]}<\/script>\n<!-- \/ Yoast SEO plugin. -->","yoast_head_json":{"title":"\u015arednie og\u00f3lne - Kuba Knap - NOTABENE.WORLD","robots":{"index":"index","follow":"follow","max-snippet":"max-snippet:-1","max-image-preview":"max-image-preview:large","max-video-preview":"max-video-preview:-1"},"canonical":"https:\/\/notabene.world\/nb\/srednie-ogolne-kuba-knap\/","og_locale":"pl_PL","og_type":"article","og_title":"\u015arednie og\u00f3lne - Kuba Knap - NOTABENE.WORLD","og_description":"Kuba Knap jest bardzo p\u0142odnym artyst\u0105, kt\u00f3ry ma na swoim koncie 18 p\u0142yt, z czego dwie dwup\u0142ytowe, w tym mixtapy, oraz epki. To wszystko wyda\u0142 od 2013 roku. W samym roku 2019 wyda\u0142 6 p\u0142yt \u2013 Knurion, Koniec ko\u0144c\u00f3w, Flaj \u0141ajz (z zespo\u0142em Renegaci Funku), Na rejonie na patencie (z Kajzerem), Wpierpol (z zespo\u0142em Okoliczny Element), oraz Undaknap (ze sk\u0142adem Undadasea).   W 2023 roku co prawda wyda\u0142 jedn\u0105 p\u0142yt\u0119, na kt\u00f3r\u0105 s\u0142uchacze musieli czeka\u0107 3 lata \u2013 Tipiknapa. Jednak jest to najdojrzalsza p\u0142yta, na kt\u00f3rej wszystkie bity zosta\u0142y wykonane w jazzowym stylu z \u017cywymi instrumentami. \u015aledz\u0105c na bie\u017c\u0105co karier\u0119 Kuby Knapa, ogl\u0105daj\u0105c liczne wywiady i s\u0142uchaj\u0105c przede wszystkim jego tw\u00f3rczo\u015bci ciesz\u0119 si\u0119, \u017ce jego kariera posz\u0142a w tym kierunku. W kierunku nieskomercjalizowanym i spokojnym. Knap ju\u017c nie jest Bej\u0142ywemyszon \u2013 porzuci\u0142 alkohol i wydoro\u015bla\u0142, a cel zosta\u0142 ten sam mianowicie: granie z pasj\u0105 i wspieranie swoich ludzi. Knap dzi\u015b jest dojrza\u0142ym go\u015bciem o czym \u015bwiadczy ten numer oraz ostatni album Tipiknapa, kt\u00f3ry ka\u017cdemu z ca\u0142ego serca polecam przes\u0142ucha\u0107 w ca\u0142o\u015bci.","og_url":"https:\/\/notabene.world\/nb\/srednie-ogolne-kuba-knap\/","og_site_name":"NOTABENE.WORLD","article_publisher":"https:\/\/www.facebook.com\/Notabene.World","article_published_time":"2023-11-26T20:57:59+00:00","article_modified_time":"2023-12-16T03:06:02+00:00","og_image":[{"width":800,"height":445,"url":"https:\/\/notabene.world\/nb\/wp-content\/uploads\/2023\/11\/srednie-ogolne.jpg","type":"image\/jpeg"}],"author":"Szymon Grz\u0105dziela","twitter_card":"summary_large_image","twitter_misc":{"Napisane przez":"Szymon Grz\u0105dziela","Szacowany czas czytania":"5 minut"},"schema":{"@context":"https:\/\/schema.org","@graph":[{"@type":"Article","@id":"https:\/\/notabene.world\/nb\/srednie-ogolne-kuba-knap\/#article","isPartOf":{"@id":"https:\/\/notabene.world\/nb\/srednie-ogolne-kuba-knap\/"},"author":{"name":"Szymon Grz\u0105dziela","@id":"https:\/\/notabene.world\/nb\/#\/schema\/person\/977b9f35195686b57d7563e70662822b"},"headline":"\u015arednie og\u00f3lne &#8211; Kuba Knap","datePublished":"2023-11-26T20:57:59+00:00","dateModified":"2023-12-16T03:06:02+00:00","mainEntityOfPage":{"@id":"https:\/\/notabene.world\/nb\/srednie-ogolne-kuba-knap\/"},"wordCount":952,"publisher":{"@id":"https:\/\/notabene.world\/nb\/#organization"},"image":{"@id":"https:\/\/notabene.world\/nb\/srednie-ogolne-kuba-knap\/#primaryimage"},"thumbnailUrl":"https:\/\/i0.wp.com\/notabene.world\/nb\/wp-content\/uploads\/2023\/11\/srednie-ogolne.jpg?fit=800%2C445&ssl=1","articleSection":["Muzyka","Projekt kulturalny","PRZEB\u00d3J NOCY"],"inLanguage":"pl-PL"},{"@type":"WebPage","@id":"https:\/\/notabene.world\/nb\/srednie-ogolne-kuba-knap\/","url":"https:\/\/notabene.world\/nb\/srednie-ogolne-kuba-knap\/","name":"\u015arednie og\u00f3lne - Kuba Knap - NOTABENE.WORLD","isPartOf":{"@id":"https:\/\/notabene.world\/nb\/#website"},"primaryImageOfPage":{"@id":"https:\/\/notabene.world\/nb\/srednie-ogolne-kuba-knap\/#primaryimage"},"image":{"@id":"https:\/\/notabene.world\/nb\/srednie-ogolne-kuba-knap\/#primaryimage"},"thumbnailUrl":"https:\/\/i0.wp.com\/notabene.world\/nb\/wp-content\/uploads\/2023\/11\/srednie-ogolne.jpg?fit=800%2C445&ssl=1","datePublished":"2023-11-26T20:57:59+00:00","dateModified":"2023-12-16T03:06:02+00:00","breadcrumb":{"@id":"https:\/\/notabene.world\/nb\/srednie-ogolne-kuba-knap\/#breadcrumb"},"inLanguage":"pl-PL","potentialAction":[{"@type":"ReadAction","target":["https:\/\/notabene.world\/nb\/srednie-ogolne-kuba-knap\/"]}]},{"@type":"ImageObject","inLanguage":"pl-PL","@id":"https:\/\/notabene.world\/nb\/srednie-ogolne-kuba-knap\/#primaryimage","url":"https:\/\/i0.wp.com\/notabene.world\/nb\/wp-content\/uploads\/2023\/11\/srednie-ogolne.jpg?fit=800%2C445&ssl=1","contentUrl":"https:\/\/i0.wp.com\/notabene.world\/nb\/wp-content\/uploads\/2023\/11\/srednie-ogolne.jpg?fit=800%2C445&ssl=1","width":800,"height":445},{"@type":"BreadcrumbList","@id":"https:\/\/notabene.world\/nb\/srednie-ogolne-kuba-knap\/#breadcrumb","itemListElement":[{"@type":"ListItem","position":1,"name":"Home","item":"https:\/\/notabene.world\/nb\/"},{"@type":"ListItem","position":2,"name":"\u015arednie og\u00f3lne &#8211; Kuba Knap"}]},{"@type":"WebSite","@id":"https:\/\/notabene.world\/nb\/#website","url":"https:\/\/notabene.world\/nb\/","name":"NOTABENE.WORLD","description":"Przekaz. Warto\u015bci. Wsp\u00f3lnota.","publisher":{"@id":"https:\/\/notabene.world\/nb\/#organization"},"potentialAction":[{"@type":"SearchAction","target":{"@type":"EntryPoint","urlTemplate":"https:\/\/notabene.world\/nb\/?s={search_term_string}"},"query-input":{"@type":"PropertyValueSpecification","valueRequired":true,"valueName":"search_term_string"}}],"inLanguage":"pl-PL"},{"@type":"Organization","@id":"https:\/\/notabene.world\/nb\/#organization","name":"NOTABENE.WORLD","url":"https:\/\/notabene.world\/nb\/","logo":{"@type":"ImageObject","inLanguage":"pl-PL","@id":"https:\/\/notabene.world\/nb\/#\/schema\/logo\/image\/","url":"https:\/\/notabene.world\/nb\/wp-content\/uploads\/2022\/01\/NB-club-start-www1.jpg","contentUrl":"https:\/\/notabene.world\/nb\/wp-content\/uploads\/2022\/01\/NB-club-start-www1.jpg","width":1000,"height":839,"caption":"NOTABENE.WORLD"},"image":{"@id":"https:\/\/notabene.world\/nb\/#\/schema\/logo\/image\/"},"sameAs":["https:\/\/www.facebook.com\/Notabene.World"]},{"@type":"Person","@id":"https:\/\/notabene.world\/nb\/#\/schema\/person\/977b9f35195686b57d7563e70662822b","name":"Szymon Grz\u0105dziela","image":{"@type":"ImageObject","inLanguage":"pl-PL","@id":"https:\/\/secure.gravatar.com\/avatar\/a565ae8ea81f5059f63ac62d89ad1616d46684322df34df42e70cc609229e7b4?s=96&d=mm&r=g","url":"https:\/\/secure.gravatar.com\/avatar\/a565ae8ea81f5059f63ac62d89ad1616d46684322df34df42e70cc609229e7b4?s=96&d=mm&r=g","contentUrl":"https:\/\/secure.gravatar.com\/avatar\/a565ae8ea81f5059f63ac62d89ad1616d46684322df34df42e70cc609229e7b4?s=96&d=mm&r=g","caption":"Szymon Grz\u0105dziela"},"url":"https:\/\/notabene.world\/nb\/author\/sz-gr\/"}]}},"jetpack_featured_media_url":"https:\/\/i0.wp.com\/notabene.world\/nb\/wp-content\/uploads\/2023\/11\/srednie-ogolne.jpg?fit=800%2C445&ssl=1","jetpack_sharing_enabled":true,"jetpack_shortlink":"https:\/\/wp.me\/pdCobN-318","_links":{"self":[{"href":"https:\/\/notabene.world\/nb\/wp-json\/wp\/v2\/posts\/11602","targetHints":{"allow":["GET"]}}],"collection":[{"href":"https:\/\/notabene.world\/nb\/wp-json\/wp\/v2\/posts"}],"about":[{"href":"https:\/\/notabene.world\/nb\/wp-json\/wp\/v2\/types\/post"}],"author":[{"embeddable":true,"href":"https:\/\/notabene.world\/nb\/wp-json\/wp\/v2\/users\/56"}],"replies":[{"embeddable":true,"href":"https:\/\/notabene.world\/nb\/wp-json\/wp\/v2\/comments?post=11602"}],"version-history":[{"count":4,"href":"https:\/\/notabene.world\/nb\/wp-json\/wp\/v2\/posts\/11602\/revisions"}],"predecessor-version":[{"id":11607,"href":"https:\/\/notabene.world\/nb\/wp-json\/wp\/v2\/posts\/11602\/revisions\/11607"}],"wp:featuredmedia":[{"embeddable":true,"href":"https:\/\/notabene.world\/nb\/wp-json\/wp\/v2\/media\/11603"}],"wp:attachment":[{"href":"https:\/\/notabene.world\/nb\/wp-json\/wp\/v2\/media?parent=11602"}],"wp:term":[{"taxonomy":"category","embeddable":true,"href":"https:\/\/notabene.world\/nb\/wp-json\/wp\/v2\/categories?post=11602"},{"taxonomy":"post_tag","embeddable":true,"href":"https:\/\/notabene.world\/nb\/wp-json\/wp\/v2\/tags?post=11602"}],"curies":[{"name":"wp","href":"https:\/\/api.w.org\/{rel}","templated":true}]}}