{"id":11893,"date":"2023-12-12T18:20:29","date_gmt":"2023-12-12T17:20:29","guid":{"rendered":"https:\/\/notabene.world\/nb\/?p=11893"},"modified":"2023-12-18T19:59:45","modified_gmt":"2023-12-18T18:59:45","slug":"wez-powtorzmy-to-raz-jeszcze","status":"publish","type":"post","link":"https:\/\/notabene.world\/nb\/wez-powtorzmy-to-raz-jeszcze\/","title":{"rendered":"We\u017a powt\u00f3rzmy to raz jeszcze"},"content":{"rendered":"<p style=\"font-weight: 400;\">Najbardziej interesuj\u0105ce s\u0105 rz\u0119dy szarych blok\u00f3w, najwi\u0119cej mi\u0142o\u015bci zdarza si\u0119 w\u015br\u00f3d dom\u00f3w z betonu. W ka\u017cdym kawa\u0142ku pal\u0105 fifki, bij\u0105, pij\u0105 i kln\u0105 jak szewc. Jak mo\u017cna tego w og\u00f3le s\u0142ucha\u0107?<\/p>\n<p style=\"font-weight: 400;\">A no tak w\u0142a\u015bnie. Kojarz\u0105c z miejscem, \u0142api\u0105c pojedyncze s\u0142owa, bujaj\u0105c si\u0119 w rytmie, za ka\u017cdym razem odkrywaj\u0105c wi\u0119cej i wi\u0119cej.<\/p>\n<p style=\"font-weight: 400;\">Szczyl wychowa\u0142 si\u0119 w Gdyni i, ranyjulek, jak ja mu tego zazdroszcz\u0119. Sp\u0119dzi\u0142am nad morzem najbardziej szalone lata mojego \u017cycia. T\u0119sknie za romansami na pla\u017cy, za piaskiem w butach, za Past\u0105 Miasta, za leceniem do Sopotu. Jakie\u015b inne by\u0142y te tr\u00f3jmiejskie bloki, wi\u0119ksze, \u017cywsze. Stworzy\u0142y w mojej g\u0142owie legendy, ba\u015bniowe opisy, do kt\u00f3rych wracam jak do najskrytszej modlitwy. Listopad i grudzie\u0144 s\u0105 od chowania si\u0119 pod kocem, trzeba po prostu prze\u017cy\u0107. Ja prze\u017cywam do tych rym\u00f3w, co si\u0119 podobno do nich najlepiej jara. Listopad i grudzie\u0144 s\u0105 od wspominania. Ja wspominam swoj\u0105 band\u0119, a w tle leci <a href=\"https:\/\/www.youtube.com\/watch?v=VE7JtnGXvYo\">Banda<\/a> Szczyla.<\/p>\n","protected":false},"excerpt":{"rendered":"<p>Najbardziej interesuj\u0105ce s\u0105 rz\u0119dy szarych blok\u00f3w, najwi\u0119cej mi\u0142o\u015bci zdarza si\u0119 w\u015br\u00f3d dom\u00f3w z betonu. W ka\u017cdym kawa\u0142ku pal\u0105 fifki, bij\u0105, pij\u0105 i kln\u0105 jak szewc. Jak mo\u017cna tego w og\u00f3le s\u0142ucha\u0107?<br \/>\n<br \/>\nA no tak w\u0142a\u015bnie. Kojarz\u0105c z miejscem, \u0142api\u0105c pojedyncze s\u0142owa, bujaj\u0105c si\u0119 w rytmie, za ka\u017cdym razem odkrywaj\u0105c wi\u0119cej i wi\u0119cej.<br \/>\n<br \/>\nSzczyl wychowa\u0142 si\u0119 w Gdyni i, ranyjulek, jak ja mu tego zazdroszcz\u0119. Sp\u0119dzi\u0142am nad morzem najbardziej szalone lata mojego \u017cycia. T\u0119sknie za romansami na pla\u017cy, za piaskiem w butach, za Past\u0105 Miasta, za leceniem do Sopotu. Jakie\u015b inne by\u0142y te tr\u00f3jmiejskie bloki, wi\u0119ksze, \u017cywsze. Stworzy\u0142y w mojej g\u0142owie legendy, ba\u015bniowe opisy, do kt\u00f3rych wracam jak do najskrytszej modlitwy.<br \/>\n<br \/>\nListopad i grudzie\u0144 s\u0105 od chowania si\u0119 pod kocem, trzeba po prostu prze\u017cy\u0107. Ja prze\u017cywam do tych rym\u00f3w, co si\u0119 podobno do nich najlepiej jara. Listopad i grudzie\u0144 s\u0105 od wspominania. Ja wspominam swoj\u0105 band\u0119, a w tle leci Banda Szczyla.<\/p>\n","protected":false},"author":55,"featured_media":11894,"comment_status":"closed","ping_status":"closed","sticky":false,"template":"","format":"standard","meta":{"colormag_page_container_layout":"no_sidebar_content_centered","colormag_page_sidebar_layout":"no_sidebar","_jetpack_memberships_contains_paid_content":false,"footnotes":"","_links_to":"","_links_to_target":""},"categories":[5,225],"tags":[],"class_list":["post-11893","post","type-post","status-publish","format-standard","has-post-thumbnail","hentry","category-muzyka","category-projekt-kulturalny"],"yoast_head":"<!-- This site is optimized with the Yoast SEO plugin v27.4 - https:\/\/yoast.com\/product\/yoast-seo-wordpress\/ -->\n<title>We\u017a powt\u00f3rzmy to raz jeszcze - NOTABENE.WORLD<\/title>\n<meta name=\"robots\" content=\"index, follow, max-snippet:-1, max-image-preview:large, max-video-preview:-1\" \/>\n<link rel=\"canonical\" href=\"https:\/\/notabene.world\/nb\/wez-powtorzmy-to-raz-jeszcze\/\" \/>\n<meta property=\"og:locale\" content=\"pl_PL\" \/>\n<meta property=\"og:type\" content=\"article\" \/>\n<meta property=\"og:title\" content=\"We\u017a powt\u00f3rzmy to raz jeszcze - NOTABENE.WORLD\" \/>\n<meta property=\"og:description\" content=\"Najbardziej interesuj\u0105ce s\u0105 rz\u0119dy szarych blok\u00f3w, najwi\u0119cej mi\u0142o\u015bci zdarza si\u0119 w\u015br\u00f3d dom\u00f3w z betonu. W ka\u017cdym kawa\u0142ku pal\u0105 fifki, bij\u0105, pij\u0105 i kln\u0105 jak szewc. Jak mo\u017cna tego w og\u00f3le s\u0142ucha\u0107?  A no tak w\u0142a\u015bnie. Kojarz\u0105c z miejscem, \u0142api\u0105c pojedyncze s\u0142owa, bujaj\u0105c si\u0119 w rytmie, za ka\u017cdym razem odkrywaj\u0105c wi\u0119cej i wi\u0119cej.  Szczyl wychowa\u0142 si\u0119 w Gdyni i, ranyjulek, jak ja mu tego zazdroszcz\u0119. Sp\u0119dzi\u0142am nad morzem najbardziej szalone lata mojego \u017cycia. T\u0119sknie za romansami na pla\u017cy, za piaskiem w butach, za Past\u0105 Miasta, za leceniem do Sopotu. Jakie\u015b inne by\u0142y te tr\u00f3jmiejskie bloki, wi\u0119ksze, \u017cywsze. Stworzy\u0142y w mojej g\u0142owie legendy, ba\u015bniowe opisy, do kt\u00f3rych wracam jak do najskrytszej modlitwy.   Listopad i grudzie\u0144 s\u0105 od chowania si\u0119 pod kocem, trzeba po prostu prze\u017cy\u0107. Ja prze\u017cywam do tych rym\u00f3w, co si\u0119 podobno do nich najlepiej jara. Listopad i grudzie\u0144 s\u0105 od wspominania. Ja wspominam swoj\u0105 band\u0119, a w tle leci Banda Szczyla.\" \/>\n<meta property=\"og:url\" content=\"https:\/\/notabene.world\/nb\/wez-powtorzmy-to-raz-jeszcze\/\" \/>\n<meta property=\"og:site_name\" content=\"NOTABENE.WORLD\" \/>\n<meta property=\"article:publisher\" content=\"https:\/\/www.facebook.com\/Notabene.World\" \/>\n<meta property=\"article:published_time\" content=\"2023-12-12T17:20:29+00:00\" \/>\n<meta property=\"article:modified_time\" content=\"2023-12-18T18:59:45+00:00\" \/>\n<meta property=\"og:image\" content=\"https:\/\/notabene.world\/nb\/wp-content\/uploads\/2023\/12\/maxresdefault.jpg\" \/>\n\t<meta property=\"og:image:width\" content=\"1280\" \/>\n\t<meta property=\"og:image:height\" content=\"720\" \/>\n\t<meta property=\"og:image:type\" content=\"image\/jpeg\" \/>\n<meta name=\"author\" content=\"Barbara Makowiecka\" \/>\n<meta name=\"twitter:card\" content=\"summary_large_image\" \/>\n<meta name=\"twitter:label1\" content=\"Napisane przez\" \/>\n\t<meta name=\"twitter:data1\" content=\"Barbara Makowiecka\" \/>\n\t<meta name=\"twitter:label2\" content=\"Szacowany czas czytania\" \/>\n\t<meta name=\"twitter:data2\" content=\"1 minuta\" \/>\n<script type=\"application\/ld+json\" class=\"yoast-schema-graph\">{\"@context\":\"https:\\\/\\\/schema.org\",\"@graph\":[{\"@type\":\"Article\",\"@id\":\"https:\\\/\\\/notabene.world\\\/nb\\\/wez-powtorzmy-to-raz-jeszcze\\\/#article\",\"isPartOf\":{\"@id\":\"https:\\\/\\\/notabene.world\\\/nb\\\/wez-powtorzmy-to-raz-jeszcze\\\/\"},\"author\":{\"name\":\"Barbara Makowiecka\",\"@id\":\"https:\\\/\\\/notabene.world\\\/nb\\\/#\\\/schema\\\/person\\\/aa30bd80ff85437087790debd0a9008f\"},\"headline\":\"We\u017a powt\u00f3rzmy to raz jeszcze\",\"datePublished\":\"2023-12-12T17:20:29+00:00\",\"dateModified\":\"2023-12-18T18:59:45+00:00\",\"mainEntityOfPage\":{\"@id\":\"https:\\\/\\\/notabene.world\\\/nb\\\/wez-powtorzmy-to-raz-jeszcze\\\/\"},\"wordCount\":195,\"publisher\":{\"@id\":\"https:\\\/\\\/notabene.world\\\/nb\\\/#organization\"},\"image\":{\"@id\":\"https:\\\/\\\/notabene.world\\\/nb\\\/wez-powtorzmy-to-raz-jeszcze\\\/#primaryimage\"},\"thumbnailUrl\":\"https:\\\/\\\/i0.wp.com\\\/notabene.world\\\/nb\\\/wp-content\\\/uploads\\\/2023\\\/12\\\/maxresdefault.jpg?fit=1280%2C720&ssl=1\",\"articleSection\":[\"Muzyka\",\"Projekt kulturalny\"],\"inLanguage\":\"pl-PL\"},{\"@type\":\"WebPage\",\"@id\":\"https:\\\/\\\/notabene.world\\\/nb\\\/wez-powtorzmy-to-raz-jeszcze\\\/\",\"url\":\"https:\\\/\\\/notabene.world\\\/nb\\\/wez-powtorzmy-to-raz-jeszcze\\\/\",\"name\":\"We\u017a powt\u00f3rzmy to raz jeszcze - NOTABENE.WORLD\",\"isPartOf\":{\"@id\":\"https:\\\/\\\/notabene.world\\\/nb\\\/#website\"},\"primaryImageOfPage\":{\"@id\":\"https:\\\/\\\/notabene.world\\\/nb\\\/wez-powtorzmy-to-raz-jeszcze\\\/#primaryimage\"},\"image\":{\"@id\":\"https:\\\/\\\/notabene.world\\\/nb\\\/wez-powtorzmy-to-raz-jeszcze\\\/#primaryimage\"},\"thumbnailUrl\":\"https:\\\/\\\/i0.wp.com\\\/notabene.world\\\/nb\\\/wp-content\\\/uploads\\\/2023\\\/12\\\/maxresdefault.jpg?fit=1280%2C720&ssl=1\",\"datePublished\":\"2023-12-12T17:20:29+00:00\",\"dateModified\":\"2023-12-18T18:59:45+00:00\",\"breadcrumb\":{\"@id\":\"https:\\\/\\\/notabene.world\\\/nb\\\/wez-powtorzmy-to-raz-jeszcze\\\/#breadcrumb\"},\"inLanguage\":\"pl-PL\",\"potentialAction\":[{\"@type\":\"ReadAction\",\"target\":[\"https:\\\/\\\/notabene.world\\\/nb\\\/wez-powtorzmy-to-raz-jeszcze\\\/\"]}]},{\"@type\":\"ImageObject\",\"inLanguage\":\"pl-PL\",\"@id\":\"https:\\\/\\\/notabene.world\\\/nb\\\/wez-powtorzmy-to-raz-jeszcze\\\/#primaryimage\",\"url\":\"https:\\\/\\\/i0.wp.com\\\/notabene.world\\\/nb\\\/wp-content\\\/uploads\\\/2023\\\/12\\\/maxresdefault.jpg?fit=1280%2C720&ssl=1\",\"contentUrl\":\"https:\\\/\\\/i0.wp.com\\\/notabene.world\\\/nb\\\/wp-content\\\/uploads\\\/2023\\\/12\\\/maxresdefault.jpg?fit=1280%2C720&ssl=1\",\"width\":1280,\"height\":720},{\"@type\":\"BreadcrumbList\",\"@id\":\"https:\\\/\\\/notabene.world\\\/nb\\\/wez-powtorzmy-to-raz-jeszcze\\\/#breadcrumb\",\"itemListElement\":[{\"@type\":\"ListItem\",\"position\":1,\"name\":\"Home\",\"item\":\"https:\\\/\\\/notabene.world\\\/nb\\\/\"},{\"@type\":\"ListItem\",\"position\":2,\"name\":\"We\u017a powt\u00f3rzmy to raz jeszcze\"}]},{\"@type\":\"WebSite\",\"@id\":\"https:\\\/\\\/notabene.world\\\/nb\\\/#website\",\"url\":\"https:\\\/\\\/notabene.world\\\/nb\\\/\",\"name\":\"NOTABENE.WORLD\",\"description\":\"Przekaz. Warto\u015bci. Wsp\u00f3lnota.\",\"publisher\":{\"@id\":\"https:\\\/\\\/notabene.world\\\/nb\\\/#organization\"},\"potentialAction\":[{\"@type\":\"SearchAction\",\"target\":{\"@type\":\"EntryPoint\",\"urlTemplate\":\"https:\\\/\\\/notabene.world\\\/nb\\\/?s={search_term_string}\"},\"query-input\":{\"@type\":\"PropertyValueSpecification\",\"valueRequired\":true,\"valueName\":\"search_term_string\"}}],\"inLanguage\":\"pl-PL\"},{\"@type\":\"Organization\",\"@id\":\"https:\\\/\\\/notabene.world\\\/nb\\\/#organization\",\"name\":\"NOTABENE.WORLD\",\"url\":\"https:\\\/\\\/notabene.world\\\/nb\\\/\",\"logo\":{\"@type\":\"ImageObject\",\"inLanguage\":\"pl-PL\",\"@id\":\"https:\\\/\\\/notabene.world\\\/nb\\\/#\\\/schema\\\/logo\\\/image\\\/\",\"url\":\"https:\\\/\\\/notabene.world\\\/nb\\\/wp-content\\\/uploads\\\/2022\\\/01\\\/NB-club-start-www1.jpg\",\"contentUrl\":\"https:\\\/\\\/notabene.world\\\/nb\\\/wp-content\\\/uploads\\\/2022\\\/01\\\/NB-club-start-www1.jpg\",\"width\":1000,\"height\":839,\"caption\":\"NOTABENE.WORLD\"},\"image\":{\"@id\":\"https:\\\/\\\/notabene.world\\\/nb\\\/#\\\/schema\\\/logo\\\/image\\\/\"},\"sameAs\":[\"https:\\\/\\\/www.facebook.com\\\/Notabene.World\"]},{\"@type\":\"Person\",\"@id\":\"https:\\\/\\\/notabene.world\\\/nb\\\/#\\\/schema\\\/person\\\/aa30bd80ff85437087790debd0a9008f\",\"name\":\"Barbara Makowiecka\",\"image\":{\"@type\":\"ImageObject\",\"inLanguage\":\"pl-PL\",\"@id\":\"https:\\\/\\\/secure.gravatar.com\\\/avatar\\\/14bc34a5752e5fa1c44016b4eba551b5cbf6036d20f809212a9d8038b5ebae3b?s=96&d=mm&r=g\",\"url\":\"https:\\\/\\\/secure.gravatar.com\\\/avatar\\\/14bc34a5752e5fa1c44016b4eba551b5cbf6036d20f809212a9d8038b5ebae3b?s=96&d=mm&r=g\",\"contentUrl\":\"https:\\\/\\\/secure.gravatar.com\\\/avatar\\\/14bc34a5752e5fa1c44016b4eba551b5cbf6036d20f809212a9d8038b5ebae3b?s=96&d=mm&r=g\",\"caption\":\"Barbara Makowiecka\"},\"url\":\"https:\\\/\\\/notabene.world\\\/nb\\\/author\\\/ba-ma\\\/\"}]}<\/script>\n<!-- \/ Yoast SEO plugin. -->","yoast_head_json":{"title":"We\u017a powt\u00f3rzmy to raz jeszcze - NOTABENE.WORLD","robots":{"index":"index","follow":"follow","max-snippet":"max-snippet:-1","max-image-preview":"max-image-preview:large","max-video-preview":"max-video-preview:-1"},"canonical":"https:\/\/notabene.world\/nb\/wez-powtorzmy-to-raz-jeszcze\/","og_locale":"pl_PL","og_type":"article","og_title":"We\u017a powt\u00f3rzmy to raz jeszcze - NOTABENE.WORLD","og_description":"Najbardziej interesuj\u0105ce s\u0105 rz\u0119dy szarych blok\u00f3w, najwi\u0119cej mi\u0142o\u015bci zdarza si\u0119 w\u015br\u00f3d dom\u00f3w z betonu. W ka\u017cdym kawa\u0142ku pal\u0105 fifki, bij\u0105, pij\u0105 i kln\u0105 jak szewc. Jak mo\u017cna tego w og\u00f3le s\u0142ucha\u0107?  A no tak w\u0142a\u015bnie. Kojarz\u0105c z miejscem, \u0142api\u0105c pojedyncze s\u0142owa, bujaj\u0105c si\u0119 w rytmie, za ka\u017cdym razem odkrywaj\u0105c wi\u0119cej i wi\u0119cej.  Szczyl wychowa\u0142 si\u0119 w Gdyni i, ranyjulek, jak ja mu tego zazdroszcz\u0119. Sp\u0119dzi\u0142am nad morzem najbardziej szalone lata mojego \u017cycia. T\u0119sknie za romansami na pla\u017cy, za piaskiem w butach, za Past\u0105 Miasta, za leceniem do Sopotu. Jakie\u015b inne by\u0142y te tr\u00f3jmiejskie bloki, wi\u0119ksze, \u017cywsze. Stworzy\u0142y w mojej g\u0142owie legendy, ba\u015bniowe opisy, do kt\u00f3rych wracam jak do najskrytszej modlitwy.   Listopad i grudzie\u0144 s\u0105 od chowania si\u0119 pod kocem, trzeba po prostu prze\u017cy\u0107. Ja prze\u017cywam do tych rym\u00f3w, co si\u0119 podobno do nich najlepiej jara. Listopad i grudzie\u0144 s\u0105 od wspominania. Ja wspominam swoj\u0105 band\u0119, a w tle leci Banda Szczyla.","og_url":"https:\/\/notabene.world\/nb\/wez-powtorzmy-to-raz-jeszcze\/","og_site_name":"NOTABENE.WORLD","article_publisher":"https:\/\/www.facebook.com\/Notabene.World","article_published_time":"2023-12-12T17:20:29+00:00","article_modified_time":"2023-12-18T18:59:45+00:00","og_image":[{"width":1280,"height":720,"url":"https:\/\/notabene.world\/nb\/wp-content\/uploads\/2023\/12\/maxresdefault.jpg","type":"image\/jpeg"}],"author":"Barbara Makowiecka","twitter_card":"summary_large_image","twitter_misc":{"Napisane przez":"Barbara Makowiecka","Szacowany czas czytania":"1 minuta"},"schema":{"@context":"https:\/\/schema.org","@graph":[{"@type":"Article","@id":"https:\/\/notabene.world\/nb\/wez-powtorzmy-to-raz-jeszcze\/#article","isPartOf":{"@id":"https:\/\/notabene.world\/nb\/wez-powtorzmy-to-raz-jeszcze\/"},"author":{"name":"Barbara Makowiecka","@id":"https:\/\/notabene.world\/nb\/#\/schema\/person\/aa30bd80ff85437087790debd0a9008f"},"headline":"We\u017a powt\u00f3rzmy to raz jeszcze","datePublished":"2023-12-12T17:20:29+00:00","dateModified":"2023-12-18T18:59:45+00:00","mainEntityOfPage":{"@id":"https:\/\/notabene.world\/nb\/wez-powtorzmy-to-raz-jeszcze\/"},"wordCount":195,"publisher":{"@id":"https:\/\/notabene.world\/nb\/#organization"},"image":{"@id":"https:\/\/notabene.world\/nb\/wez-powtorzmy-to-raz-jeszcze\/#primaryimage"},"thumbnailUrl":"https:\/\/i0.wp.com\/notabene.world\/nb\/wp-content\/uploads\/2023\/12\/maxresdefault.jpg?fit=1280%2C720&ssl=1","articleSection":["Muzyka","Projekt kulturalny"],"inLanguage":"pl-PL"},{"@type":"WebPage","@id":"https:\/\/notabene.world\/nb\/wez-powtorzmy-to-raz-jeszcze\/","url":"https:\/\/notabene.world\/nb\/wez-powtorzmy-to-raz-jeszcze\/","name":"We\u017a powt\u00f3rzmy to raz jeszcze - NOTABENE.WORLD","isPartOf":{"@id":"https:\/\/notabene.world\/nb\/#website"},"primaryImageOfPage":{"@id":"https:\/\/notabene.world\/nb\/wez-powtorzmy-to-raz-jeszcze\/#primaryimage"},"image":{"@id":"https:\/\/notabene.world\/nb\/wez-powtorzmy-to-raz-jeszcze\/#primaryimage"},"thumbnailUrl":"https:\/\/i0.wp.com\/notabene.world\/nb\/wp-content\/uploads\/2023\/12\/maxresdefault.jpg?fit=1280%2C720&ssl=1","datePublished":"2023-12-12T17:20:29+00:00","dateModified":"2023-12-18T18:59:45+00:00","breadcrumb":{"@id":"https:\/\/notabene.world\/nb\/wez-powtorzmy-to-raz-jeszcze\/#breadcrumb"},"inLanguage":"pl-PL","potentialAction":[{"@type":"ReadAction","target":["https:\/\/notabene.world\/nb\/wez-powtorzmy-to-raz-jeszcze\/"]}]},{"@type":"ImageObject","inLanguage":"pl-PL","@id":"https:\/\/notabene.world\/nb\/wez-powtorzmy-to-raz-jeszcze\/#primaryimage","url":"https:\/\/i0.wp.com\/notabene.world\/nb\/wp-content\/uploads\/2023\/12\/maxresdefault.jpg?fit=1280%2C720&ssl=1","contentUrl":"https:\/\/i0.wp.com\/notabene.world\/nb\/wp-content\/uploads\/2023\/12\/maxresdefault.jpg?fit=1280%2C720&ssl=1","width":1280,"height":720},{"@type":"BreadcrumbList","@id":"https:\/\/notabene.world\/nb\/wez-powtorzmy-to-raz-jeszcze\/#breadcrumb","itemListElement":[{"@type":"ListItem","position":1,"name":"Home","item":"https:\/\/notabene.world\/nb\/"},{"@type":"ListItem","position":2,"name":"We\u017a powt\u00f3rzmy to raz jeszcze"}]},{"@type":"WebSite","@id":"https:\/\/notabene.world\/nb\/#website","url":"https:\/\/notabene.world\/nb\/","name":"NOTABENE.WORLD","description":"Przekaz. Warto\u015bci. Wsp\u00f3lnota.","publisher":{"@id":"https:\/\/notabene.world\/nb\/#organization"},"potentialAction":[{"@type":"SearchAction","target":{"@type":"EntryPoint","urlTemplate":"https:\/\/notabene.world\/nb\/?s={search_term_string}"},"query-input":{"@type":"PropertyValueSpecification","valueRequired":true,"valueName":"search_term_string"}}],"inLanguage":"pl-PL"},{"@type":"Organization","@id":"https:\/\/notabene.world\/nb\/#organization","name":"NOTABENE.WORLD","url":"https:\/\/notabene.world\/nb\/","logo":{"@type":"ImageObject","inLanguage":"pl-PL","@id":"https:\/\/notabene.world\/nb\/#\/schema\/logo\/image\/","url":"https:\/\/notabene.world\/nb\/wp-content\/uploads\/2022\/01\/NB-club-start-www1.jpg","contentUrl":"https:\/\/notabene.world\/nb\/wp-content\/uploads\/2022\/01\/NB-club-start-www1.jpg","width":1000,"height":839,"caption":"NOTABENE.WORLD"},"image":{"@id":"https:\/\/notabene.world\/nb\/#\/schema\/logo\/image\/"},"sameAs":["https:\/\/www.facebook.com\/Notabene.World"]},{"@type":"Person","@id":"https:\/\/notabene.world\/nb\/#\/schema\/person\/aa30bd80ff85437087790debd0a9008f","name":"Barbara Makowiecka","image":{"@type":"ImageObject","inLanguage":"pl-PL","@id":"https:\/\/secure.gravatar.com\/avatar\/14bc34a5752e5fa1c44016b4eba551b5cbf6036d20f809212a9d8038b5ebae3b?s=96&d=mm&r=g","url":"https:\/\/secure.gravatar.com\/avatar\/14bc34a5752e5fa1c44016b4eba551b5cbf6036d20f809212a9d8038b5ebae3b?s=96&d=mm&r=g","contentUrl":"https:\/\/secure.gravatar.com\/avatar\/14bc34a5752e5fa1c44016b4eba551b5cbf6036d20f809212a9d8038b5ebae3b?s=96&d=mm&r=g","caption":"Barbara Makowiecka"},"url":"https:\/\/notabene.world\/nb\/author\/ba-ma\/"}]}},"jetpack_featured_media_url":"https:\/\/i0.wp.com\/notabene.world\/nb\/wp-content\/uploads\/2023\/12\/maxresdefault.jpg?fit=1280%2C720&ssl=1","jetpack_sharing_enabled":true,"jetpack_shortlink":"https:\/\/wp.me\/pdCobN-35P","_links":{"self":[{"href":"https:\/\/notabene.world\/nb\/wp-json\/wp\/v2\/posts\/11893","targetHints":{"allow":["GET"]}}],"collection":[{"href":"https:\/\/notabene.world\/nb\/wp-json\/wp\/v2\/posts"}],"about":[{"href":"https:\/\/notabene.world\/nb\/wp-json\/wp\/v2\/types\/post"}],"author":[{"embeddable":true,"href":"https:\/\/notabene.world\/nb\/wp-json\/wp\/v2\/users\/55"}],"replies":[{"embeddable":true,"href":"https:\/\/notabene.world\/nb\/wp-json\/wp\/v2\/comments?post=11893"}],"version-history":[{"count":5,"href":"https:\/\/notabene.world\/nb\/wp-json\/wp\/v2\/posts\/11893\/revisions"}],"predecessor-version":[{"id":11900,"href":"https:\/\/notabene.world\/nb\/wp-json\/wp\/v2\/posts\/11893\/revisions\/11900"}],"wp:featuredmedia":[{"embeddable":true,"href":"https:\/\/notabene.world\/nb\/wp-json\/wp\/v2\/media\/11894"}],"wp:attachment":[{"href":"https:\/\/notabene.world\/nb\/wp-json\/wp\/v2\/media?parent=11893"}],"wp:term":[{"taxonomy":"category","embeddable":true,"href":"https:\/\/notabene.world\/nb\/wp-json\/wp\/v2\/categories?post=11893"},{"taxonomy":"post_tag","embeddable":true,"href":"https:\/\/notabene.world\/nb\/wp-json\/wp\/v2\/tags?post=11893"}],"curies":[{"name":"wp","href":"https:\/\/api.w.org\/{rel}","templated":true}]}}