{"id":11920,"date":"2023-12-13T18:17:05","date_gmt":"2023-12-13T17:17:05","guid":{"rendered":"https:\/\/notabene.world\/nb\/?p=11920"},"modified":"2023-12-30T06:57:55","modified_gmt":"2023-12-30T05:57:55","slug":"klub-czy-prezydium-o-to-jest-pytanie","status":"publish","type":"post","link":"https:\/\/notabene.world\/nb\/klub-czy-prezydium-o-to-jest-pytanie\/","title":{"rendered":"Klub czy Prezydium &#8211; oto jest pytanie?"},"content":{"rendered":"<p><span style=\"font-weight: 400;\">Grzegorz Braun dokona\u0142 wczoraj rzeczy wprost niebywa\u0142ej &#8211; na sejmowym korytarzu chwyci\u0142 za ga\u015bnic\u0119, odbezpieczy\u0142 j\u0105 i rozpyli\u0142 jej zawarto\u015b\u0107 na \u015bwiece chanukowe. Oberwa\u0142o si\u0119 te\u017c kobiecie, kt\u00f3ra pr\u00f3bowa\u0142a powstrzyma\u0107 pos\u0142a Konfederacji.\u00a0<\/span><\/p>\n<p><span style=\"font-weight: 400;\">Konsekwencje tego czynu by\u0142y natychmiastowe &#8211; najpierw marsza\u0142ek Szymon Ho\u0142ownia wykluczy\u0142 go z obrad i poinformowa\u0142, \u017ce w sprawie zachowania parlamentarzysty zostanie z\u0142o\u017cony wniosek do prokuratury. <\/span><\/p>\n<p><span style=\"font-weight: 400;\">Portal Zrzutka.pl poinformowa\u0142, \u017ce zablokowa\u0142 zbi\u00f3rk\u0119 pieni\u0119dzy na rzecz Grzegorza Brauna (<a href=\"https:\/\/x.com\/LukaszBok\/status\/1734947007188324833?s=20\">link<\/a>). Co wi\u0119cej, jego zachowanie najprawdopodobniej odbije si\u0119 na Konfederacji, wobec kt\u00f3rej klaruj\u0105 si\u0119 na razie dwa, niekorzystne dla partii, scenariusze.\u00a0<\/span><\/p>\n<h3><span style=\"font-weight: 400;\">Braun zostaje, Konfederacja utrzymuje status klubu i traci wicemarsza\u0142ka\u00a0<\/span><\/h3>\n<p><span style=\"font-weight: 400;\">Ho\u0142ownia zapowiedzia\u0142, \u017ce<\/span><i><span style=\"font-weight: 400;\"> je\u015bli Grzegorz Braun pozostanie w szeregach Konfederacji, to Konfederacja nie powinna mie\u0107 miejsca w prezydium Sejmu<\/span><\/i><span style=\"font-weight: 400;\">. Jaros\u0142aw Kaczy\u0144ski poinformowa\u0142, \u017ce poprze wniosek o usuni\u0119cie Bosaka z prezydium, wi\u0119c nawet zak\u0142adaj\u0105c, \u017ce ca\u0142e KO sprzeciwi si\u0119 temu wnioskowi (co jest praktycznie niemo\u017cliwe), matematyka jest prosta: 194 (PiS) + 65 (TD) + 26 = 285. <\/span><\/p>\n<p><span style=\"font-weight: 400;\">Oczywi\u015bcie to bardzo hipotetyczne kalkulacje, jednak znaj\u0105c dyscyplin\u0119 partyjn\u0105 PiS&#8217;u, bardzo siln\u0105 pozycj\u0119 lidera Ho\u0142owni z Trzeciej Drogi oraz ogromn\u0105 niech\u0119\u0107 Lewicy do Konfederacji, mo\u017cemy zak\u0142ada\u0107, \u017ce Krzysztof Bosak zostanie odwo\u0142any z funkcji wicemarsza\u0142ka. Konfederacja zachowa jednak miejsce w zebraniach Konwentu Senior\u00f3w &#8211; reprezentowa\u0107 b\u0119dzie ich tam przedstawiciel Klubu.\u00a0<\/span><\/p>\n<h3><span style=\"font-weight: 400;\">Braun z ekip\u0105 odchodzi, Konfederacja traci Klub, a co z Marsza\u0142kiem?<\/span><\/h3>\n<p><span style=\"font-weight: 400;\">Je\u015bli ultimatum Szymona Ho\u0142owni pozostanie wi\u0105\u017c\u0105ce, a Grzegorz Braun odejdzie z Konfederacji, prawdopodobnie poci\u0105gnie za sob\u0105 3 pos\u0142\u00f3w Korony Polskiej, co b\u0119dzie r\u00f3wnoznaczne z ko\u0144cem Klubu Parlamentarnego Konfederacji (wed\u0142ug regulaminu sejmu klub musi stanowi\u0107 co najmniej 15 pos\u0142\u00f3w). Ale co w takim razie z Bosakiem w Prezydium Sejmu? <\/span><\/p>\n<p><span style=\"font-weight: 400;\">Je\u015bli od poprzedniej prognozy odejmiemy pos\u0142\u00f3w Trzeciej Drogi, mamy 225 hipotetycznych g\u0142os\u00f3w. Taka kalkulacja ma prawo bytu, je\u015bli KO rzeczywi\u015bcie zag\u0142osuje przeciw, b\u0105d\u017a wstrzyma si\u0119 od g\u0142osu (tak, jak wstrzyma\u0142a si\u0119 przy wyborze Bosaka). Taka liczba mandat\u00f3w nie pozwala na \u017cadne szacunki co do przej\u015bcia tego wniosku. Je\u015bli ten scenariusz przerodzi si\u0119 w realn\u0105 sytuacj\u0119 i mo\u017cemy mie\u0107 pierwsz\u0105 istotn\u0105 r\u00f3\u017cnic\u0119 w g\u0142osowaniu partii wchodz\u0105cych w sk\u0142ad rz\u0105dz\u0105cej Koalicji.<\/span><\/p>\n<p><span style=\"font-weight: 400;\">Oczywi\u015bcie mo\u017ce si\u0119 tak zdarzy\u0107, \u017ce Konfederacja straci zar\u00f3wno status Klubu, jak i miejsce w Prezydium Sejmu. To bardzo napi\u0119ta sytuacja i wiele si\u0119 tu mo\u017ce wydarzy\u0107.\u00a0<\/span><\/p>\n<p><span style=\"font-weight: 400;\">Na razie S\u0142awomir Mentzen na platformie X napisa\u0142:\u00a0<\/span><\/p>\n<p><i><span style=\"font-weight: 400;\">O tym, kto b\u0119dzie cz\u0142onkiem naszego klubu b\u0119dzie decydowa\u0142 wy\u0142\u0105cznie klub Konfederacji. Nie damy si\u0119 w tej sprawie nikomu szanta\u017cowa\u0107, nawet je\u017celi stawk\u0105 jest miejsce w prezydium Sejmu dla Krzysztofa Bosaka.<\/span><\/i><\/p>\n<p><span style=\"font-weight: 400;\">Wynika z tego, \u017ce Konfederacja nie zamierza si\u0119 \u201cugina\u0107\u201d i usuwa\u0107 Brauna ze swoich struktur. Stanowisko przewodnicz\u0105cego Mentzena mo\u017ce jednak w ci\u0105gu najbli\u017cszych kilku dni ulec zmianie.\u00a0<\/span><\/p>\n<p><span style=\"font-weight: 400;\">G\u0142osowanie nad usuni\u0119ciem z Prezydium sejmu Krzysztofa Bosaka b\u0119dzie procedowane najprawdopodobniej w najbli\u017csz\u0105 \u015brod\u0119 lub czwartek.\u00a0<\/span><\/p>\n","protected":false},"excerpt":{"rendered":"<p>Odebranie poselskiego uposa\u017cenia to nie koniec k\u0142opot\u00f3w Grzegorza Brauna, a pocz\u0105tek k\u0142opot\u00f3w ca\u0142ej Konfederacji.<br \/>\n<br \/>Je\u015bli ultimatum Szymona Ho\u0142owni pozostanie wi\u0105\u017c\u0105ce, a Grzegorz Braun odejdzie z Konfederacji, prawdopodobnie poci\u0105gnie za sob\u0105 3 pos\u0142\u00f3w Korony Polskiej, co b\u0119dzie r\u00f3wnoznaczne z ko\u0144cem Klubu Parlamentarnego Konfederacji (wed\u0142ug regulaminu sejmu klub musi stanowi\u0107 co najmniej 15 pos\u0142\u00f3w). Ale co w takim razie z Bosakiem w Prezydium Sejmu?<br \/>\n<br \/>Je\u015bli od poprzedniej prognozy odejmiemy pos\u0142\u00f3w Trzeciej Drogi, mamy 225 hipotetycznych g\u0142os\u00f3w. Taka kalkulacja ma prawo bytu, je\u015bli KO rzeczywi\u015bcie zag\u0142osuje przeciw, b\u0105d\u017a wstrzyma si\u0119 od g\u0142osu (tak, jak wstrzyma\u0142a si\u0119 przy wyborze Bosaka). Taka liczba mandat\u00f3w nie pozwala na \u017cadne szacunki co do przej\u015bcia tego wniosku. Je\u015bli ten scenariusz przerodzi si\u0119 w realn\u0105 sytuacj\u0119 i mo\u017cemy mie\u0107 pierwsz\u0105 istotn\u0105 r\u00f3\u017cnic\u0119 w g\u0142osowaniu partii wchodz\u0105cych w sk\u0142ad rz\u0105dz\u0105cej Koalicji.<br \/>\n<br \/>\nOczywi\u015bcie mo\u017ce si\u0119 tak zdarzy\u0107, \u017ce Konfederacja straci zar\u00f3wno status Klubu, jak i miejsce w Prezydium Sejmu. To bardzo napi\u0119ta sytuacja i wiele si\u0119 tu mo\u017ce wydarzy\u0107.\u00a0<\/p>\n","protected":false},"author":6,"featured_media":11922,"comment_status":"closed","ping_status":"closed","sticky":false,"template":"","format":"standard","meta":{"colormag_page_container_layout":"no_sidebar_content_centered","colormag_page_sidebar_layout":"no_sidebar","_jetpack_memberships_contains_paid_content":false,"footnotes":"","_links_to":"","_links_to_target":""},"categories":[64,8],"tags":[242,241,233],"class_list":["post-11920","post","type-post","status-publish","format-standard","has-post-thumbnail","hentry","category-aktualnosci","category-polityka","tag-bosak","tag-braun","tag-sejm"],"yoast_head":"<!-- This site is optimized with the Yoast SEO plugin v27.4 - https:\/\/yoast.com\/product\/yoast-seo-wordpress\/ -->\n<title>Klub czy Prezydium - oto jest pytanie? - NOTABENE.WORLD<\/title>\n<meta name=\"robots\" content=\"index, follow, max-snippet:-1, max-image-preview:large, max-video-preview:-1\" \/>\n<link rel=\"canonical\" href=\"https:\/\/notabene.world\/nb\/klub-czy-prezydium-o-to-jest-pytanie\/\" \/>\n<meta property=\"og:locale\" content=\"pl_PL\" \/>\n<meta property=\"og:type\" content=\"article\" \/>\n<meta property=\"og:title\" content=\"Klub czy Prezydium - oto jest pytanie? - NOTABENE.WORLD\" \/>\n<meta property=\"og:description\" content=\"Odebranie poselskiego uposa\u017cenia to nie koniec k\u0142opot\u00f3w Grzegorza Brauna, a pocz\u0105tek k\u0142opot\u00f3w ca\u0142ej Konfederacji. Je\u015bli ultimatum Szymona Ho\u0142owni pozostanie wi\u0105\u017c\u0105ce, a Grzegorz Braun odejdzie z Konfederacji, prawdopodobnie poci\u0105gnie za sob\u0105 3 pos\u0142\u00f3w Korony Polskiej, co b\u0119dzie r\u00f3wnoznaczne z ko\u0144cem Klubu Parlamentarnego Konfederacji (wed\u0142ug regulaminu sejmu klub musi stanowi\u0107 co najmniej 15 pos\u0142\u00f3w). Ale co w takim razie z Bosakiem w Prezydium Sejmu? Je\u015bli od poprzedniej prognozy odejmiemy pos\u0142\u00f3w Trzeciej Drogi, mamy 225 hipotetycznych g\u0142os\u00f3w. Taka kalkulacja ma prawo bytu, je\u015bli KO rzeczywi\u015bcie zag\u0142osuje przeciw, b\u0105d\u017a wstrzyma si\u0119 od g\u0142osu (tak, jak wstrzyma\u0142a si\u0119 przy wyborze Bosaka). Taka liczba mandat\u00f3w nie pozwala na \u017cadne szacunki co do przej\u015bcia tego wniosku. Je\u015bli ten scenariusz przerodzi si\u0119 w realn\u0105 sytuacj\u0119 i mo\u017cemy mie\u0107 pierwsz\u0105 istotn\u0105 r\u00f3\u017cnic\u0119 w g\u0142osowaniu partii wchodz\u0105cych w sk\u0142ad rz\u0105dz\u0105cej Koalicji.  Oczywi\u015bcie mo\u017ce si\u0119 tak zdarzy\u0107, \u017ce Konfederacja straci zar\u00f3wno status Klubu, jak i miejsce w Prezydium Sejmu. To bardzo napi\u0119ta sytuacja i wiele si\u0119 tu mo\u017ce wydarzy\u0107.\u00a0\" \/>\n<meta property=\"og:url\" content=\"https:\/\/notabene.world\/nb\/klub-czy-prezydium-o-to-jest-pytanie\/\" \/>\n<meta property=\"og:site_name\" content=\"NOTABENE.WORLD\" \/>\n<meta property=\"article:publisher\" content=\"https:\/\/www.facebook.com\/Notabene.World\" \/>\n<meta property=\"article:author\" content=\"https:\/\/www.facebook.com\/profile.php?id=100014087373140\" \/>\n<meta property=\"article:published_time\" content=\"2023-12-13T17:17:05+00:00\" \/>\n<meta property=\"article:modified_time\" content=\"2023-12-30T05:57:55+00:00\" \/>\n<meta property=\"og:image\" content=\"https:\/\/notabene.world\/nb\/wp-content\/uploads\/2023\/12\/brln-1024x728.png\" \/>\n\t<meta property=\"og:image:width\" content=\"1024\" \/>\n\t<meta property=\"og:image:height\" content=\"728\" \/>\n\t<meta property=\"og:image:type\" content=\"image\/png\" \/>\n<meta name=\"author\" content=\"Julian Tarnowski\" \/>\n<meta name=\"twitter:card\" content=\"summary_large_image\" \/>\n<meta name=\"twitter:creator\" content=\"@JulianTarnowsk1\" \/>\n<meta name=\"twitter:label1\" content=\"Napisane przez\" \/>\n\t<meta name=\"twitter:data1\" content=\"Julian Tarnowski\" \/>\n\t<meta name=\"twitter:label2\" content=\"Szacowany czas czytania\" \/>\n\t<meta name=\"twitter:data2\" content=\"3 minuty\" \/>\n<script type=\"application\/ld+json\" class=\"yoast-schema-graph\">{\"@context\":\"https:\\\/\\\/schema.org\",\"@graph\":[{\"@type\":\"Article\",\"@id\":\"https:\\\/\\\/notabene.world\\\/nb\\\/klub-czy-prezydium-o-to-jest-pytanie\\\/#article\",\"isPartOf\":{\"@id\":\"https:\\\/\\\/notabene.world\\\/nb\\\/klub-czy-prezydium-o-to-jest-pytanie\\\/\"},\"author\":{\"name\":\"Julian Tarnowski\",\"@id\":\"https:\\\/\\\/notabene.world\\\/nb\\\/#\\\/schema\\\/person\\\/890c5cc2bd0337867802bcca5ee56dee\"},\"headline\":\"Klub czy Prezydium &#8211; oto jest pytanie?\",\"datePublished\":\"2023-12-13T17:17:05+00:00\",\"dateModified\":\"2023-12-30T05:57:55+00:00\",\"mainEntityOfPage\":{\"@id\":\"https:\\\/\\\/notabene.world\\\/nb\\\/klub-czy-prezydium-o-to-jest-pytanie\\\/\"},\"wordCount\":527,\"publisher\":{\"@id\":\"https:\\\/\\\/notabene.world\\\/nb\\\/#organization\"},\"image\":{\"@id\":\"https:\\\/\\\/notabene.world\\\/nb\\\/klub-czy-prezydium-o-to-jest-pytanie\\\/#primaryimage\"},\"thumbnailUrl\":\"https:\\\/\\\/i0.wp.com\\\/notabene.world\\\/nb\\\/wp-content\\\/uploads\\\/2023\\\/12\\\/brln.png?fit=2044%2C1453&ssl=1\",\"keywords\":[\"#bosak\",\"#braun\",\"sejm\"],\"articleSection\":[\"Aktualno\u015bci\",\"Polityka\"],\"inLanguage\":\"pl-PL\"},{\"@type\":\"WebPage\",\"@id\":\"https:\\\/\\\/notabene.world\\\/nb\\\/klub-czy-prezydium-o-to-jest-pytanie\\\/\",\"url\":\"https:\\\/\\\/notabene.world\\\/nb\\\/klub-czy-prezydium-o-to-jest-pytanie\\\/\",\"name\":\"Klub czy Prezydium - oto jest pytanie? - NOTABENE.WORLD\",\"isPartOf\":{\"@id\":\"https:\\\/\\\/notabene.world\\\/nb\\\/#website\"},\"primaryImageOfPage\":{\"@id\":\"https:\\\/\\\/notabene.world\\\/nb\\\/klub-czy-prezydium-o-to-jest-pytanie\\\/#primaryimage\"},\"image\":{\"@id\":\"https:\\\/\\\/notabene.world\\\/nb\\\/klub-czy-prezydium-o-to-jest-pytanie\\\/#primaryimage\"},\"thumbnailUrl\":\"https:\\\/\\\/i0.wp.com\\\/notabene.world\\\/nb\\\/wp-content\\\/uploads\\\/2023\\\/12\\\/brln.png?fit=2044%2C1453&ssl=1\",\"datePublished\":\"2023-12-13T17:17:05+00:00\",\"dateModified\":\"2023-12-30T05:57:55+00:00\",\"breadcrumb\":{\"@id\":\"https:\\\/\\\/notabene.world\\\/nb\\\/klub-czy-prezydium-o-to-jest-pytanie\\\/#breadcrumb\"},\"inLanguage\":\"pl-PL\",\"potentialAction\":[{\"@type\":\"ReadAction\",\"target\":[\"https:\\\/\\\/notabene.world\\\/nb\\\/klub-czy-prezydium-o-to-jest-pytanie\\\/\"]}]},{\"@type\":\"ImageObject\",\"inLanguage\":\"pl-PL\",\"@id\":\"https:\\\/\\\/notabene.world\\\/nb\\\/klub-czy-prezydium-o-to-jest-pytanie\\\/#primaryimage\",\"url\":\"https:\\\/\\\/i0.wp.com\\\/notabene.world\\\/nb\\\/wp-content\\\/uploads\\\/2023\\\/12\\\/brln.png?fit=2044%2C1453&ssl=1\",\"contentUrl\":\"https:\\\/\\\/i0.wp.com\\\/notabene.world\\\/nb\\\/wp-content\\\/uploads\\\/2023\\\/12\\\/brln.png?fit=2044%2C1453&ssl=1\",\"width\":2044,\"height\":1453},{\"@type\":\"BreadcrumbList\",\"@id\":\"https:\\\/\\\/notabene.world\\\/nb\\\/klub-czy-prezydium-o-to-jest-pytanie\\\/#breadcrumb\",\"itemListElement\":[{\"@type\":\"ListItem\",\"position\":1,\"name\":\"Home\",\"item\":\"https:\\\/\\\/notabene.world\\\/nb\\\/\"},{\"@type\":\"ListItem\",\"position\":2,\"name\":\"Klub czy Prezydium &#8211; oto jest pytanie?\"}]},{\"@type\":\"WebSite\",\"@id\":\"https:\\\/\\\/notabene.world\\\/nb\\\/#website\",\"url\":\"https:\\\/\\\/notabene.world\\\/nb\\\/\",\"name\":\"NOTABENE.WORLD\",\"description\":\"Przekaz. Warto\u015bci. Wsp\u00f3lnota.\",\"publisher\":{\"@id\":\"https:\\\/\\\/notabene.world\\\/nb\\\/#organization\"},\"potentialAction\":[{\"@type\":\"SearchAction\",\"target\":{\"@type\":\"EntryPoint\",\"urlTemplate\":\"https:\\\/\\\/notabene.world\\\/nb\\\/?s={search_term_string}\"},\"query-input\":{\"@type\":\"PropertyValueSpecification\",\"valueRequired\":true,\"valueName\":\"search_term_string\"}}],\"inLanguage\":\"pl-PL\"},{\"@type\":\"Organization\",\"@id\":\"https:\\\/\\\/notabene.world\\\/nb\\\/#organization\",\"name\":\"NOTABENE.WORLD\",\"url\":\"https:\\\/\\\/notabene.world\\\/nb\\\/\",\"logo\":{\"@type\":\"ImageObject\",\"inLanguage\":\"pl-PL\",\"@id\":\"https:\\\/\\\/notabene.world\\\/nb\\\/#\\\/schema\\\/logo\\\/image\\\/\",\"url\":\"https:\\\/\\\/notabene.world\\\/nb\\\/wp-content\\\/uploads\\\/2022\\\/01\\\/NB-club-start-www1.jpg\",\"contentUrl\":\"https:\\\/\\\/notabene.world\\\/nb\\\/wp-content\\\/uploads\\\/2022\\\/01\\\/NB-club-start-www1.jpg\",\"width\":1000,\"height\":839,\"caption\":\"NOTABENE.WORLD\"},\"image\":{\"@id\":\"https:\\\/\\\/notabene.world\\\/nb\\\/#\\\/schema\\\/logo\\\/image\\\/\"},\"sameAs\":[\"https:\\\/\\\/www.facebook.com\\\/Notabene.World\"]},{\"@type\":\"Person\",\"@id\":\"https:\\\/\\\/notabene.world\\\/nb\\\/#\\\/schema\\\/person\\\/890c5cc2bd0337867802bcca5ee56dee\",\"name\":\"Julian Tarnowski\",\"image\":{\"@type\":\"ImageObject\",\"inLanguage\":\"pl-PL\",\"@id\":\"https:\\\/\\\/secure.gravatar.com\\\/avatar\\\/151c2da0993f25c9e553bfa30b4da86942b5a68cf934473be0bc4dc52284b95b?s=96&d=mm&r=g\",\"url\":\"https:\\\/\\\/secure.gravatar.com\\\/avatar\\\/151c2da0993f25c9e553bfa30b4da86942b5a68cf934473be0bc4dc52284b95b?s=96&d=mm&r=g\",\"contentUrl\":\"https:\\\/\\\/secure.gravatar.com\\\/avatar\\\/151c2da0993f25c9e553bfa30b4da86942b5a68cf934473be0bc4dc52284b95b?s=96&d=mm&r=g\",\"caption\":\"Julian Tarnowski\"},\"sameAs\":[\"https:\\\/\\\/www.facebook.com\\\/profile.php?id=100014087373140\",\"https:\\\/\\\/www.instagram.com\\\/tarnowskiofficial\\\/\",\"https:\\\/\\\/x.com\\\/JulianTarnowsk1\"],\"url\":\"https:\\\/\\\/notabene.world\\\/nb\\\/author\\\/julian\\\/\"}]}<\/script>\n<!-- \/ Yoast SEO plugin. -->","yoast_head_json":{"title":"Klub czy Prezydium - oto jest pytanie? - NOTABENE.WORLD","robots":{"index":"index","follow":"follow","max-snippet":"max-snippet:-1","max-image-preview":"max-image-preview:large","max-video-preview":"max-video-preview:-1"},"canonical":"https:\/\/notabene.world\/nb\/klub-czy-prezydium-o-to-jest-pytanie\/","og_locale":"pl_PL","og_type":"article","og_title":"Klub czy Prezydium - oto jest pytanie? - NOTABENE.WORLD","og_description":"Odebranie poselskiego uposa\u017cenia to nie koniec k\u0142opot\u00f3w Grzegorza Brauna, a pocz\u0105tek k\u0142opot\u00f3w ca\u0142ej Konfederacji. Je\u015bli ultimatum Szymona Ho\u0142owni pozostanie wi\u0105\u017c\u0105ce, a Grzegorz Braun odejdzie z Konfederacji, prawdopodobnie poci\u0105gnie za sob\u0105 3 pos\u0142\u00f3w Korony Polskiej, co b\u0119dzie r\u00f3wnoznaczne z ko\u0144cem Klubu Parlamentarnego Konfederacji (wed\u0142ug regulaminu sejmu klub musi stanowi\u0107 co najmniej 15 pos\u0142\u00f3w). Ale co w takim razie z Bosakiem w Prezydium Sejmu? Je\u015bli od poprzedniej prognozy odejmiemy pos\u0142\u00f3w Trzeciej Drogi, mamy 225 hipotetycznych g\u0142os\u00f3w. Taka kalkulacja ma prawo bytu, je\u015bli KO rzeczywi\u015bcie zag\u0142osuje przeciw, b\u0105d\u017a wstrzyma si\u0119 od g\u0142osu (tak, jak wstrzyma\u0142a si\u0119 przy wyborze Bosaka). Taka liczba mandat\u00f3w nie pozwala na \u017cadne szacunki co do przej\u015bcia tego wniosku. Je\u015bli ten scenariusz przerodzi si\u0119 w realn\u0105 sytuacj\u0119 i mo\u017cemy mie\u0107 pierwsz\u0105 istotn\u0105 r\u00f3\u017cnic\u0119 w g\u0142osowaniu partii wchodz\u0105cych w sk\u0142ad rz\u0105dz\u0105cej Koalicji.  Oczywi\u015bcie mo\u017ce si\u0119 tak zdarzy\u0107, \u017ce Konfederacja straci zar\u00f3wno status Klubu, jak i miejsce w Prezydium Sejmu. To bardzo napi\u0119ta sytuacja i wiele si\u0119 tu mo\u017ce wydarzy\u0107.\u00a0","og_url":"https:\/\/notabene.world\/nb\/klub-czy-prezydium-o-to-jest-pytanie\/","og_site_name":"NOTABENE.WORLD","article_publisher":"https:\/\/www.facebook.com\/Notabene.World","article_author":"https:\/\/www.facebook.com\/profile.php?id=100014087373140","article_published_time":"2023-12-13T17:17:05+00:00","article_modified_time":"2023-12-30T05:57:55+00:00","og_image":[{"width":1024,"height":728,"url":"https:\/\/notabene.world\/nb\/wp-content\/uploads\/2023\/12\/brln-1024x728.png","type":"image\/png"}],"author":"Julian Tarnowski","twitter_card":"summary_large_image","twitter_creator":"@JulianTarnowsk1","twitter_misc":{"Napisane przez":"Julian Tarnowski","Szacowany czas czytania":"3 minuty"},"schema":{"@context":"https:\/\/schema.org","@graph":[{"@type":"Article","@id":"https:\/\/notabene.world\/nb\/klub-czy-prezydium-o-to-jest-pytanie\/#article","isPartOf":{"@id":"https:\/\/notabene.world\/nb\/klub-czy-prezydium-o-to-jest-pytanie\/"},"author":{"name":"Julian Tarnowski","@id":"https:\/\/notabene.world\/nb\/#\/schema\/person\/890c5cc2bd0337867802bcca5ee56dee"},"headline":"Klub czy Prezydium &#8211; oto jest pytanie?","datePublished":"2023-12-13T17:17:05+00:00","dateModified":"2023-12-30T05:57:55+00:00","mainEntityOfPage":{"@id":"https:\/\/notabene.world\/nb\/klub-czy-prezydium-o-to-jest-pytanie\/"},"wordCount":527,"publisher":{"@id":"https:\/\/notabene.world\/nb\/#organization"},"image":{"@id":"https:\/\/notabene.world\/nb\/klub-czy-prezydium-o-to-jest-pytanie\/#primaryimage"},"thumbnailUrl":"https:\/\/i0.wp.com\/notabene.world\/nb\/wp-content\/uploads\/2023\/12\/brln.png?fit=2044%2C1453&ssl=1","keywords":["#bosak","#braun","sejm"],"articleSection":["Aktualno\u015bci","Polityka"],"inLanguage":"pl-PL"},{"@type":"WebPage","@id":"https:\/\/notabene.world\/nb\/klub-czy-prezydium-o-to-jest-pytanie\/","url":"https:\/\/notabene.world\/nb\/klub-czy-prezydium-o-to-jest-pytanie\/","name":"Klub czy Prezydium - oto jest pytanie? - NOTABENE.WORLD","isPartOf":{"@id":"https:\/\/notabene.world\/nb\/#website"},"primaryImageOfPage":{"@id":"https:\/\/notabene.world\/nb\/klub-czy-prezydium-o-to-jest-pytanie\/#primaryimage"},"image":{"@id":"https:\/\/notabene.world\/nb\/klub-czy-prezydium-o-to-jest-pytanie\/#primaryimage"},"thumbnailUrl":"https:\/\/i0.wp.com\/notabene.world\/nb\/wp-content\/uploads\/2023\/12\/brln.png?fit=2044%2C1453&ssl=1","datePublished":"2023-12-13T17:17:05+00:00","dateModified":"2023-12-30T05:57:55+00:00","breadcrumb":{"@id":"https:\/\/notabene.world\/nb\/klub-czy-prezydium-o-to-jest-pytanie\/#breadcrumb"},"inLanguage":"pl-PL","potentialAction":[{"@type":"ReadAction","target":["https:\/\/notabene.world\/nb\/klub-czy-prezydium-o-to-jest-pytanie\/"]}]},{"@type":"ImageObject","inLanguage":"pl-PL","@id":"https:\/\/notabene.world\/nb\/klub-czy-prezydium-o-to-jest-pytanie\/#primaryimage","url":"https:\/\/i0.wp.com\/notabene.world\/nb\/wp-content\/uploads\/2023\/12\/brln.png?fit=2044%2C1453&ssl=1","contentUrl":"https:\/\/i0.wp.com\/notabene.world\/nb\/wp-content\/uploads\/2023\/12\/brln.png?fit=2044%2C1453&ssl=1","width":2044,"height":1453},{"@type":"BreadcrumbList","@id":"https:\/\/notabene.world\/nb\/klub-czy-prezydium-o-to-jest-pytanie\/#breadcrumb","itemListElement":[{"@type":"ListItem","position":1,"name":"Home","item":"https:\/\/notabene.world\/nb\/"},{"@type":"ListItem","position":2,"name":"Klub czy Prezydium &#8211; oto jest pytanie?"}]},{"@type":"WebSite","@id":"https:\/\/notabene.world\/nb\/#website","url":"https:\/\/notabene.world\/nb\/","name":"NOTABENE.WORLD","description":"Przekaz. Warto\u015bci. Wsp\u00f3lnota.","publisher":{"@id":"https:\/\/notabene.world\/nb\/#organization"},"potentialAction":[{"@type":"SearchAction","target":{"@type":"EntryPoint","urlTemplate":"https:\/\/notabene.world\/nb\/?s={search_term_string}"},"query-input":{"@type":"PropertyValueSpecification","valueRequired":true,"valueName":"search_term_string"}}],"inLanguage":"pl-PL"},{"@type":"Organization","@id":"https:\/\/notabene.world\/nb\/#organization","name":"NOTABENE.WORLD","url":"https:\/\/notabene.world\/nb\/","logo":{"@type":"ImageObject","inLanguage":"pl-PL","@id":"https:\/\/notabene.world\/nb\/#\/schema\/logo\/image\/","url":"https:\/\/notabene.world\/nb\/wp-content\/uploads\/2022\/01\/NB-club-start-www1.jpg","contentUrl":"https:\/\/notabene.world\/nb\/wp-content\/uploads\/2022\/01\/NB-club-start-www1.jpg","width":1000,"height":839,"caption":"NOTABENE.WORLD"},"image":{"@id":"https:\/\/notabene.world\/nb\/#\/schema\/logo\/image\/"},"sameAs":["https:\/\/www.facebook.com\/Notabene.World"]},{"@type":"Person","@id":"https:\/\/notabene.world\/nb\/#\/schema\/person\/890c5cc2bd0337867802bcca5ee56dee","name":"Julian Tarnowski","image":{"@type":"ImageObject","inLanguage":"pl-PL","@id":"https:\/\/secure.gravatar.com\/avatar\/151c2da0993f25c9e553bfa30b4da86942b5a68cf934473be0bc4dc52284b95b?s=96&d=mm&r=g","url":"https:\/\/secure.gravatar.com\/avatar\/151c2da0993f25c9e553bfa30b4da86942b5a68cf934473be0bc4dc52284b95b?s=96&d=mm&r=g","contentUrl":"https:\/\/secure.gravatar.com\/avatar\/151c2da0993f25c9e553bfa30b4da86942b5a68cf934473be0bc4dc52284b95b?s=96&d=mm&r=g","caption":"Julian Tarnowski"},"sameAs":["https:\/\/www.facebook.com\/profile.php?id=100014087373140","https:\/\/www.instagram.com\/tarnowskiofficial\/","https:\/\/x.com\/JulianTarnowsk1"],"url":"https:\/\/notabene.world\/nb\/author\/julian\/"}]}},"jetpack_featured_media_url":"https:\/\/i0.wp.com\/notabene.world\/nb\/wp-content\/uploads\/2023\/12\/brln.png?fit=2044%2C1453&ssl=1","jetpack_sharing_enabled":true,"jetpack_shortlink":"https:\/\/wp.me\/pdCobN-36g","_links":{"self":[{"href":"https:\/\/notabene.world\/nb\/wp-json\/wp\/v2\/posts\/11920","targetHints":{"allow":["GET"]}}],"collection":[{"href":"https:\/\/notabene.world\/nb\/wp-json\/wp\/v2\/posts"}],"about":[{"href":"https:\/\/notabene.world\/nb\/wp-json\/wp\/v2\/types\/post"}],"author":[{"embeddable":true,"href":"https:\/\/notabene.world\/nb\/wp-json\/wp\/v2\/users\/6"}],"replies":[{"embeddable":true,"href":"https:\/\/notabene.world\/nb\/wp-json\/wp\/v2\/comments?post=11920"}],"version-history":[{"count":5,"href":"https:\/\/notabene.world\/nb\/wp-json\/wp\/v2\/posts\/11920\/revisions"}],"predecessor-version":[{"id":11946,"href":"https:\/\/notabene.world\/nb\/wp-json\/wp\/v2\/posts\/11920\/revisions\/11946"}],"wp:featuredmedia":[{"embeddable":true,"href":"https:\/\/notabene.world\/nb\/wp-json\/wp\/v2\/media\/11922"}],"wp:attachment":[{"href":"https:\/\/notabene.world\/nb\/wp-json\/wp\/v2\/media?parent=11920"}],"wp:term":[{"taxonomy":"category","embeddable":true,"href":"https:\/\/notabene.world\/nb\/wp-json\/wp\/v2\/categories?post=11920"},{"taxonomy":"post_tag","embeddable":true,"href":"https:\/\/notabene.world\/nb\/wp-json\/wp\/v2\/tags?post=11920"}],"curies":[{"name":"wp","href":"https:\/\/api.w.org\/{rel}","templated":true}]}}