{"id":11936,"date":"2023-12-16T13:50:02","date_gmt":"2023-12-16T12:50:02","guid":{"rendered":"https:\/\/notabene.world\/nb\/?p=11936"},"modified":"2023-12-19T08:47:06","modified_gmt":"2023-12-19T07:47:06","slug":"miniesencja-czyli-anonimowy-profil-instagramowy-jako-zrodlo-kultury","status":"publish","type":"post","link":"https:\/\/notabene.world\/nb\/miniesencja-czyli-anonimowy-profil-instagramowy-jako-zrodlo-kultury\/","title":{"rendered":"Instagramowa \u201eMiniEsencja\u201d"},"content":{"rendered":"<p class=\"p1\"><span class=\"s1\">\u201eMiniEsencja\u201d, czyli anonimowy profil instagramowy jako \u017ar\u00f3d\u0142o kultury.<\/span><\/p>\n<p class=\"p1\"><span class=\"s2\">Powy\u017cszy profil instagramowy intryguje mnie od d\u0142u\u017cszego czasu. By\u0107 mo\u017ce dzieje si\u0119 tak dlatego, \u017ce autorka stale go modyfikuje, zmienia, usuwa wpisy i dodaje nowe, kt\u00f3re tworz\u0105 zupe\u0142nie inn\u0105 histori\u0119. A by\u0107 mo\u017ce dlatego, \u017ce jak sama deklaruje, nie wierzy ani w Boga, ani w \u017cadne warto\u015bci, ani w mi\u0142o\u015b\u0107, a przecie\u017c jej temat przewija si\u0119 w tekstach. Autorka jest anonimowa, tajemnicza, a jak wiadomo tajemnica intryguje. <\/span><\/p>\n<p class=\"p1\"><span class=\"s2\">Osobi\u015bcie \u015bledz\u0119 losy powy\u017cszego profilu instagramowego od czasu, kiedy autorka publikowa\u0142a opowiadania o Marii i Mistrzu. <\/span><\/p>\n<p class=\"p1\"><span class=\"s2\">Ka\u017cdy wpis stanowi\u0142 fragment ca\u0142o\u015bci, tworzy\u0142 histori\u0119 dw\u00f3jki os\u00f3b, kt\u00f3re \u0142\u0105czy\u0142a relacja balansuj\u0105ca na granicy absurdu, oparta na wzajemnej fascynacji i zachwycie. Maria podziwia\u0142a Mistrza, kt\u00f3rego imi\u0119 w tamtym okresie nigdy nie pad\u0142o. Mo\u017cna by\u0142o jedynie wydedukowa\u0107, \u017ce jest on m\u0119\u017cczyzn\u0105, z kt\u00f3rym Mari\u0119 \u0142\u0105czy wi\u0119\u017a emocjonalna i seksualna. Nazywa\u0142a go Bogiem. <\/span><\/p>\n<p class=\"p1\"><span class=\"s2\">Jaki\u015b czas temu autorka usun\u0119\u0142a poprzednie wpisy i zacz\u0119\u0142a publikowa\u0107 nowe, bohaterami kt\u00f3rych s\u0105 Anna, Maksym i Oskar. Tworzy now\u0105 histori\u0119, jednak czytelnicy, kt\u00f3rzy s\u0105 ju\u017c na profilu jaki\u015b czas mog\u0105 domy\u015ble\u0107 si\u0119, \u017ce Maksym jest w jakim\u015b stopniu powi\u0105zany z Mistrzem, by\u0107 mo\u017ce autorka zdecydowa\u0142a si\u0119 ujawni\u0107 jego imi\u0119. <\/span><\/p>\n<p class=\"p1\"><span class=\"s2\">Teksty na tym profilu s\u0105 trudne do interpretacji, z pewno\u015bci\u0105 nie s\u0105 uniwersalne i nie trafi\u0105 do szerokiego grona odbiorc\u00f3w, ale z pewno\u015bci\u0105 s\u0105 unikatowe i dotychczas nie spotka\u0142am si\u0119 na Instagramie z podobn\u0105 tematyk\u0105. Autorka intryguje, zachwyca swoj\u0105 inteligencj\u0105, balansuje na granicy metafizyki, w jej tekstach wa\u017cne s\u0105 pytania, a nie odpowiedzi. <\/span><\/p>\n<p class=\"p1\"><span class=\"s2\">Autorka obecnie zgromadzi\u0142a do\u015b\u0107 spor\u0105 liczb\u0119 obserwuj\u0105cych, oscyluj\u0105ca w okolicach 54 tysi\u0119cy. Jest to do\u015b\u0107 spora ilo\u015b\u0107 internaut\u00f3w, bior\u0105c pod uwag\u0119 fakt, i\u017c cz\u0119sto profil pozostaje pusty, a autorka zaczyna tworzy\u0107 ca\u0142kowicie od nowa.<\/span><\/p>\n<p class=\"p1\">\u201eMiniEsencja\u201d to z pewno\u015bci\u0105 co\u015b nowego i unikatowego. Poni\u017cej zamieszcz\u0119 kilka wpis\u00f3w, kt\u00f3re moim zdaniem s\u0105 warte uwagi i kt\u00f3re mo\u017cna czyta\u0107 jako osobne tre\u015bci, poniewa\u017c akurat te nie tworz\u0105 \u017cadnej sp\u00f3jnej historii.<\/p>\n<p><img data-recalc-dims=\"1\" loading=\"lazy\" decoding=\"async\" class=\"size-medium wp-image-11937 alignnone\" src=\"https:\/\/i0.wp.com\/notabene.world\/nb\/wp-content\/uploads\/2023\/12\/IMG_8135-1.jpeg?resize=300%2C289&#038;ssl=1\" alt=\"\" width=\"300\" height=\"289\" srcset=\"https:\/\/i0.wp.com\/notabene.world\/nb\/wp-content\/uploads\/2023\/12\/IMG_8135-1.jpeg?resize=300%2C289&amp;ssl=1 300w, https:\/\/i0.wp.com\/notabene.world\/nb\/wp-content\/uploads\/2023\/12\/IMG_8135-1.jpeg?resize=1024%2C988&amp;ssl=1 1024w, https:\/\/i0.wp.com\/notabene.world\/nb\/wp-content\/uploads\/2023\/12\/IMG_8135-1.jpeg?resize=768%2C741&amp;ssl=1 768w, https:\/\/i0.wp.com\/notabene.world\/nb\/wp-content\/uploads\/2023\/12\/IMG_8135-1.jpeg?w=1170&amp;ssl=1 1170w\" sizes=\"auto, (max-width: 300px) 100vw, 300px\" \/> <img data-recalc-dims=\"1\" loading=\"lazy\" decoding=\"async\" class=\"alignnone size-medium wp-image-11938\" src=\"https:\/\/i0.wp.com\/notabene.world\/nb\/wp-content\/uploads\/2023\/12\/IMG_8136-1.jpeg?resize=300%2C300&#038;ssl=1\" alt=\"\" width=\"300\" height=\"300\" srcset=\"https:\/\/i0.wp.com\/notabene.world\/nb\/wp-content\/uploads\/2023\/12\/IMG_8136-1.jpeg?resize=300%2C300&amp;ssl=1 300w, https:\/\/i0.wp.com\/notabene.world\/nb\/wp-content\/uploads\/2023\/12\/IMG_8136-1.jpeg?resize=1022%2C1024&amp;ssl=1 1022w, https:\/\/i0.wp.com\/notabene.world\/nb\/wp-content\/uploads\/2023\/12\/IMG_8136-1.jpeg?resize=150%2C150&amp;ssl=1 150w, https:\/\/i0.wp.com\/notabene.world\/nb\/wp-content\/uploads\/2023\/12\/IMG_8136-1.jpeg?resize=768%2C769&amp;ssl=1 768w, https:\/\/i0.wp.com\/notabene.world\/nb\/wp-content\/uploads\/2023\/12\/IMG_8136-1.jpeg?w=1085&amp;ssl=1 1085w\" sizes=\"auto, (max-width: 300px) 100vw, 300px\" \/> <img data-recalc-dims=\"1\" loading=\"lazy\" decoding=\"async\" class=\"alignnone size-medium wp-image-11939\" src=\"https:\/\/i0.wp.com\/notabene.world\/nb\/wp-content\/uploads\/2023\/12\/IMG_8137-1.jpeg?resize=300%2C295&#038;ssl=1\" alt=\"\" width=\"300\" height=\"295\" srcset=\"https:\/\/i0.wp.com\/notabene.world\/nb\/wp-content\/uploads\/2023\/12\/IMG_8137-1.jpeg?resize=300%2C295&amp;ssl=1 300w, https:\/\/i0.wp.com\/notabene.world\/nb\/wp-content\/uploads\/2023\/12\/IMG_8137-1.jpeg?resize=1024%2C1008&amp;ssl=1 1024w, https:\/\/i0.wp.com\/notabene.world\/nb\/wp-content\/uploads\/2023\/12\/IMG_8137-1.jpeg?resize=768%2C756&amp;ssl=1 768w, https:\/\/i0.wp.com\/notabene.world\/nb\/wp-content\/uploads\/2023\/12\/IMG_8137-1.jpeg?w=1170&amp;ssl=1 1170w\" sizes=\"auto, (max-width: 300px) 100vw, 300px\" \/><\/p>\n","protected":false},"excerpt":{"rendered":"<p>\u201eMiniEsencja\u201d, czyli anonimowy profil instagramowy jako \u017ar\u00f3d\u0142o kultury.<br \/>\n<br \/>Powy\u017cszy profil instagramowy intryguje mnie od d\u0142u\u017cszego czasu. By\u0107 mo\u017ce dzieje si\u0119 tak dlatego, \u017ce autorka stale go modyfikuje, zmienia, usuwa wpisy i dodaje nowe, kt\u00f3re tworz\u0105 zupe\u0142nie inn\u0105 histori\u0119. A by\u0107 mo\u017ce dlatego, \u017ce jak sama deklaruje, nie wierzy ani w Boga, ani w \u017cadne warto\u015bci, ani w mi\u0142o\u015b\u0107, a przecie\u017c jej temat przewija si\u0119 w tekstach. Autorka jest anonimowa, tajemnicza, a jak wiadomo tajemnica intryguje.<br \/>\n<br \/>Osobi\u015bcie \u015bledz\u0119 losy powy\u017cszego profilu instagramowego od czasu, kiedy autorka publikowa\u0142a opowiadania o Marii i Mistrzu.<br \/>\n<br \/>Ka\u017cdy wpis stanowi\u0142 fragment ca\u0142o\u015bci, tworzy\u0142 histori\u0119 dw\u00f3jki os\u00f3b, kt\u00f3re \u0142\u0105czy\u0142a relacja balansuj\u0105ca na granicy absurdu, oparta na wzajemnej fascynacji i zachwycie.<br \/>\n<br \/>Maria podziwia\u0142a Mistrza, kt\u00f3rego imi\u0119 w tamtym okresie nigdy nie pad\u0142o. Mo\u017cna by\u0142o jedynie wydedukowa\u0107, \u017ce jest on m\u0119\u017cczyzn\u0105, z kt\u00f3rym Mari\u0119 \u0142\u0105czy wi\u0119\u017a emocjonalna i seksualna. Nazywa\u0142a go Bogiem.<\/p>\n","protected":false},"author":59,"featured_media":11943,"comment_status":"closed","ping_status":"closed","sticky":false,"template":"","format":"standard","meta":{"colormag_page_container_layout":"no_sidebar_content_centered","colormag_page_sidebar_layout":"no_sidebar","_jetpack_memberships_contains_paid_content":false,"footnotes":"","_links_to":"","_links_to_target":""},"categories":[228,225],"tags":[237],"class_list":["post-11936","post","type-post","status-publish","format-standard","has-post-thumbnail","hentry","category-insta-kultura","category-projekt-kulturalny","tag-insta-kultura-instagram-kultura"],"yoast_head":"<!-- This site is optimized with the Yoast SEO plugin v27.4 - https:\/\/yoast.com\/product\/yoast-seo-wordpress\/ -->\n<title>Instagramowa \u201eMiniEsencja\u201d - NOTABENE.WORLD<\/title>\n<meta name=\"robots\" content=\"index, follow, max-snippet:-1, max-image-preview:large, max-video-preview:-1\" \/>\n<link rel=\"canonical\" href=\"https:\/\/notabene.world\/nb\/miniesencja-czyli-anonimowy-profil-instagramowy-jako-zrodlo-kultury\/\" \/>\n<meta property=\"og:locale\" content=\"pl_PL\" \/>\n<meta property=\"og:type\" content=\"article\" \/>\n<meta property=\"og:title\" content=\"Instagramowa \u201eMiniEsencja\u201d - NOTABENE.WORLD\" \/>\n<meta property=\"og:description\" content=\"\u201eMiniEsencja\u201d, czyli anonimowy profil instagramowy jako \u017ar\u00f3d\u0142o kultury. Powy\u017cszy profil instagramowy intryguje mnie od d\u0142u\u017cszego czasu. By\u0107 mo\u017ce dzieje si\u0119 tak dlatego, \u017ce autorka stale go modyfikuje, zmienia, usuwa wpisy i dodaje nowe, kt\u00f3re tworz\u0105 zupe\u0142nie inn\u0105 histori\u0119. A by\u0107 mo\u017ce dlatego, \u017ce jak sama deklaruje, nie wierzy ani w Boga, ani w \u017cadne warto\u015bci, ani w mi\u0142o\u015b\u0107, a przecie\u017c jej temat przewija si\u0119 w tekstach. Autorka jest anonimowa, tajemnicza, a jak wiadomo tajemnica intryguje. Osobi\u015bcie \u015bledz\u0119 losy powy\u017cszego profilu instagramowego od czasu, kiedy autorka publikowa\u0142a opowiadania o Marii i Mistrzu. Ka\u017cdy wpis stanowi\u0142 fragment ca\u0142o\u015bci, tworzy\u0142 histori\u0119 dw\u00f3jki os\u00f3b, kt\u00f3re \u0142\u0105czy\u0142a relacja balansuj\u0105ca na granicy absurdu, oparta na wzajemnej fascynacji i zachwycie. Maria podziwia\u0142a Mistrza, kt\u00f3rego imi\u0119 w tamtym okresie nigdy nie pad\u0142o. Mo\u017cna by\u0142o jedynie wydedukowa\u0107, \u017ce jest on m\u0119\u017cczyzn\u0105, z kt\u00f3rym Mari\u0119 \u0142\u0105czy wi\u0119\u017a emocjonalna i seksualna. Nazywa\u0142a go Bogiem.\" \/>\n<meta property=\"og:url\" content=\"https:\/\/notabene.world\/nb\/miniesencja-czyli-anonimowy-profil-instagramowy-jako-zrodlo-kultury\/\" \/>\n<meta property=\"og:site_name\" content=\"NOTABENE.WORLD\" \/>\n<meta property=\"article:publisher\" content=\"https:\/\/www.facebook.com\/Notabene.World\" \/>\n<meta property=\"article:published_time\" content=\"2023-12-16T12:50:02+00:00\" \/>\n<meta property=\"article:modified_time\" content=\"2023-12-19T07:47:06+00:00\" \/>\n<meta property=\"og:image\" content=\"https:\/\/notabene.world\/nb\/wp-content\/uploads\/2023\/12\/minies1.jpg\" \/>\n\t<meta property=\"og:image:width\" content=\"800\" \/>\n\t<meta property=\"og:image:height\" content=\"445\" \/>\n\t<meta property=\"og:image:type\" content=\"image\/jpeg\" \/>\n<meta name=\"author\" content=\"Estera Terelak\" \/>\n<meta name=\"twitter:card\" content=\"summary_large_image\" \/>\n<meta name=\"twitter:label1\" content=\"Napisane przez\" \/>\n\t<meta name=\"twitter:data1\" content=\"Estera Terelak\" \/>\n\t<meta name=\"twitter:label2\" content=\"Szacowany czas czytania\" \/>\n\t<meta name=\"twitter:data2\" content=\"2 minuty\" \/>\n<script type=\"application\/ld+json\" class=\"yoast-schema-graph\">{\"@context\":\"https:\\\/\\\/schema.org\",\"@graph\":[{\"@type\":\"Article\",\"@id\":\"https:\\\/\\\/notabene.world\\\/nb\\\/miniesencja-czyli-anonimowy-profil-instagramowy-jako-zrodlo-kultury\\\/#article\",\"isPartOf\":{\"@id\":\"https:\\\/\\\/notabene.world\\\/nb\\\/miniesencja-czyli-anonimowy-profil-instagramowy-jako-zrodlo-kultury\\\/\"},\"author\":{\"name\":\"Estera Terelak\",\"@id\":\"https:\\\/\\\/notabene.world\\\/nb\\\/#\\\/schema\\\/person\\\/9eb2ecca7460e673302ab26c38face30\"},\"headline\":\"Instagramowa \u201eMiniEsencja\u201d\",\"datePublished\":\"2023-12-16T12:50:02+00:00\",\"dateModified\":\"2023-12-19T07:47:06+00:00\",\"mainEntityOfPage\":{\"@id\":\"https:\\\/\\\/notabene.world\\\/nb\\\/miniesencja-czyli-anonimowy-profil-instagramowy-jako-zrodlo-kultury\\\/\"},\"wordCount\":373,\"publisher\":{\"@id\":\"https:\\\/\\\/notabene.world\\\/nb\\\/#organization\"},\"image\":{\"@id\":\"https:\\\/\\\/notabene.world\\\/nb\\\/miniesencja-czyli-anonimowy-profil-instagramowy-jako-zrodlo-kultury\\\/#primaryimage\"},\"thumbnailUrl\":\"https:\\\/\\\/i0.wp.com\\\/notabene.world\\\/nb\\\/wp-content\\\/uploads\\\/2023\\\/12\\\/minies1.jpg?fit=800%2C445&ssl=1\",\"keywords\":[\"#insta-kultura #instagram #kultura\"],\"articleSection\":[\"INSTA-KULTURA\",\"Projekt kulturalny\"],\"inLanguage\":\"pl-PL\"},{\"@type\":\"WebPage\",\"@id\":\"https:\\\/\\\/notabene.world\\\/nb\\\/miniesencja-czyli-anonimowy-profil-instagramowy-jako-zrodlo-kultury\\\/\",\"url\":\"https:\\\/\\\/notabene.world\\\/nb\\\/miniesencja-czyli-anonimowy-profil-instagramowy-jako-zrodlo-kultury\\\/\",\"name\":\"Instagramowa \u201eMiniEsencja\u201d - NOTABENE.WORLD\",\"isPartOf\":{\"@id\":\"https:\\\/\\\/notabene.world\\\/nb\\\/#website\"},\"primaryImageOfPage\":{\"@id\":\"https:\\\/\\\/notabene.world\\\/nb\\\/miniesencja-czyli-anonimowy-profil-instagramowy-jako-zrodlo-kultury\\\/#primaryimage\"},\"image\":{\"@id\":\"https:\\\/\\\/notabene.world\\\/nb\\\/miniesencja-czyli-anonimowy-profil-instagramowy-jako-zrodlo-kultury\\\/#primaryimage\"},\"thumbnailUrl\":\"https:\\\/\\\/i0.wp.com\\\/notabene.world\\\/nb\\\/wp-content\\\/uploads\\\/2023\\\/12\\\/minies1.jpg?fit=800%2C445&ssl=1\",\"datePublished\":\"2023-12-16T12:50:02+00:00\",\"dateModified\":\"2023-12-19T07:47:06+00:00\",\"breadcrumb\":{\"@id\":\"https:\\\/\\\/notabene.world\\\/nb\\\/miniesencja-czyli-anonimowy-profil-instagramowy-jako-zrodlo-kultury\\\/#breadcrumb\"},\"inLanguage\":\"pl-PL\",\"potentialAction\":[{\"@type\":\"ReadAction\",\"target\":[\"https:\\\/\\\/notabene.world\\\/nb\\\/miniesencja-czyli-anonimowy-profil-instagramowy-jako-zrodlo-kultury\\\/\"]}]},{\"@type\":\"ImageObject\",\"inLanguage\":\"pl-PL\",\"@id\":\"https:\\\/\\\/notabene.world\\\/nb\\\/miniesencja-czyli-anonimowy-profil-instagramowy-jako-zrodlo-kultury\\\/#primaryimage\",\"url\":\"https:\\\/\\\/i0.wp.com\\\/notabene.world\\\/nb\\\/wp-content\\\/uploads\\\/2023\\\/12\\\/minies1.jpg?fit=800%2C445&ssl=1\",\"contentUrl\":\"https:\\\/\\\/i0.wp.com\\\/notabene.world\\\/nb\\\/wp-content\\\/uploads\\\/2023\\\/12\\\/minies1.jpg?fit=800%2C445&ssl=1\",\"width\":800,\"height\":445},{\"@type\":\"BreadcrumbList\",\"@id\":\"https:\\\/\\\/notabene.world\\\/nb\\\/miniesencja-czyli-anonimowy-profil-instagramowy-jako-zrodlo-kultury\\\/#breadcrumb\",\"itemListElement\":[{\"@type\":\"ListItem\",\"position\":1,\"name\":\"Home\",\"item\":\"https:\\\/\\\/notabene.world\\\/nb\\\/\"},{\"@type\":\"ListItem\",\"position\":2,\"name\":\"Instagramowa \u201eMiniEsencja\u201d\"}]},{\"@type\":\"WebSite\",\"@id\":\"https:\\\/\\\/notabene.world\\\/nb\\\/#website\",\"url\":\"https:\\\/\\\/notabene.world\\\/nb\\\/\",\"name\":\"NOTABENE.WORLD\",\"description\":\"Przekaz. Warto\u015bci. Wsp\u00f3lnota.\",\"publisher\":{\"@id\":\"https:\\\/\\\/notabene.world\\\/nb\\\/#organization\"},\"potentialAction\":[{\"@type\":\"SearchAction\",\"target\":{\"@type\":\"EntryPoint\",\"urlTemplate\":\"https:\\\/\\\/notabene.world\\\/nb\\\/?s={search_term_string}\"},\"query-input\":{\"@type\":\"PropertyValueSpecification\",\"valueRequired\":true,\"valueName\":\"search_term_string\"}}],\"inLanguage\":\"pl-PL\"},{\"@type\":\"Organization\",\"@id\":\"https:\\\/\\\/notabene.world\\\/nb\\\/#organization\",\"name\":\"NOTABENE.WORLD\",\"url\":\"https:\\\/\\\/notabene.world\\\/nb\\\/\",\"logo\":{\"@type\":\"ImageObject\",\"inLanguage\":\"pl-PL\",\"@id\":\"https:\\\/\\\/notabene.world\\\/nb\\\/#\\\/schema\\\/logo\\\/image\\\/\",\"url\":\"https:\\\/\\\/notabene.world\\\/nb\\\/wp-content\\\/uploads\\\/2022\\\/01\\\/NB-club-start-www1.jpg\",\"contentUrl\":\"https:\\\/\\\/notabene.world\\\/nb\\\/wp-content\\\/uploads\\\/2022\\\/01\\\/NB-club-start-www1.jpg\",\"width\":1000,\"height\":839,\"caption\":\"NOTABENE.WORLD\"},\"image\":{\"@id\":\"https:\\\/\\\/notabene.world\\\/nb\\\/#\\\/schema\\\/logo\\\/image\\\/\"},\"sameAs\":[\"https:\\\/\\\/www.facebook.com\\\/Notabene.World\"]},{\"@type\":\"Person\",\"@id\":\"https:\\\/\\\/notabene.world\\\/nb\\\/#\\\/schema\\\/person\\\/9eb2ecca7460e673302ab26c38face30\",\"name\":\"Estera Terelak\",\"image\":{\"@type\":\"ImageObject\",\"inLanguage\":\"pl-PL\",\"@id\":\"https:\\\/\\\/secure.gravatar.com\\\/avatar\\\/faf4079ba46a2a2ca940d37abd9aad4bea2e45c0f10b8ff018f43b3d4ff611a4?s=96&d=mm&r=g\",\"url\":\"https:\\\/\\\/secure.gravatar.com\\\/avatar\\\/faf4079ba46a2a2ca940d37abd9aad4bea2e45c0f10b8ff018f43b3d4ff611a4?s=96&d=mm&r=g\",\"contentUrl\":\"https:\\\/\\\/secure.gravatar.com\\\/avatar\\\/faf4079ba46a2a2ca940d37abd9aad4bea2e45c0f10b8ff018f43b3d4ff611a4?s=96&d=mm&r=g\",\"caption\":\"Estera Terelak\"},\"url\":\"https:\\\/\\\/notabene.world\\\/nb\\\/author\\\/es-te\\\/\"}]}<\/script>\n<!-- \/ Yoast SEO plugin. -->","yoast_head_json":{"title":"Instagramowa \u201eMiniEsencja\u201d - NOTABENE.WORLD","robots":{"index":"index","follow":"follow","max-snippet":"max-snippet:-1","max-image-preview":"max-image-preview:large","max-video-preview":"max-video-preview:-1"},"canonical":"https:\/\/notabene.world\/nb\/miniesencja-czyli-anonimowy-profil-instagramowy-jako-zrodlo-kultury\/","og_locale":"pl_PL","og_type":"article","og_title":"Instagramowa \u201eMiniEsencja\u201d - NOTABENE.WORLD","og_description":"\u201eMiniEsencja\u201d, czyli anonimowy profil instagramowy jako \u017ar\u00f3d\u0142o kultury. Powy\u017cszy profil instagramowy intryguje mnie od d\u0142u\u017cszego czasu. By\u0107 mo\u017ce dzieje si\u0119 tak dlatego, \u017ce autorka stale go modyfikuje, zmienia, usuwa wpisy i dodaje nowe, kt\u00f3re tworz\u0105 zupe\u0142nie inn\u0105 histori\u0119. A by\u0107 mo\u017ce dlatego, \u017ce jak sama deklaruje, nie wierzy ani w Boga, ani w \u017cadne warto\u015bci, ani w mi\u0142o\u015b\u0107, a przecie\u017c jej temat przewija si\u0119 w tekstach. Autorka jest anonimowa, tajemnicza, a jak wiadomo tajemnica intryguje. Osobi\u015bcie \u015bledz\u0119 losy powy\u017cszego profilu instagramowego od czasu, kiedy autorka publikowa\u0142a opowiadania o Marii i Mistrzu. Ka\u017cdy wpis stanowi\u0142 fragment ca\u0142o\u015bci, tworzy\u0142 histori\u0119 dw\u00f3jki os\u00f3b, kt\u00f3re \u0142\u0105czy\u0142a relacja balansuj\u0105ca na granicy absurdu, oparta na wzajemnej fascynacji i zachwycie. Maria podziwia\u0142a Mistrza, kt\u00f3rego imi\u0119 w tamtym okresie nigdy nie pad\u0142o. Mo\u017cna by\u0142o jedynie wydedukowa\u0107, \u017ce jest on m\u0119\u017cczyzn\u0105, z kt\u00f3rym Mari\u0119 \u0142\u0105czy wi\u0119\u017a emocjonalna i seksualna. Nazywa\u0142a go Bogiem.","og_url":"https:\/\/notabene.world\/nb\/miniesencja-czyli-anonimowy-profil-instagramowy-jako-zrodlo-kultury\/","og_site_name":"NOTABENE.WORLD","article_publisher":"https:\/\/www.facebook.com\/Notabene.World","article_published_time":"2023-12-16T12:50:02+00:00","article_modified_time":"2023-12-19T07:47:06+00:00","og_image":[{"width":800,"height":445,"url":"https:\/\/notabene.world\/nb\/wp-content\/uploads\/2023\/12\/minies1.jpg","type":"image\/jpeg"}],"author":"Estera Terelak","twitter_card":"summary_large_image","twitter_misc":{"Napisane przez":"Estera Terelak","Szacowany czas czytania":"2 minuty"},"schema":{"@context":"https:\/\/schema.org","@graph":[{"@type":"Article","@id":"https:\/\/notabene.world\/nb\/miniesencja-czyli-anonimowy-profil-instagramowy-jako-zrodlo-kultury\/#article","isPartOf":{"@id":"https:\/\/notabene.world\/nb\/miniesencja-czyli-anonimowy-profil-instagramowy-jako-zrodlo-kultury\/"},"author":{"name":"Estera Terelak","@id":"https:\/\/notabene.world\/nb\/#\/schema\/person\/9eb2ecca7460e673302ab26c38face30"},"headline":"Instagramowa \u201eMiniEsencja\u201d","datePublished":"2023-12-16T12:50:02+00:00","dateModified":"2023-12-19T07:47:06+00:00","mainEntityOfPage":{"@id":"https:\/\/notabene.world\/nb\/miniesencja-czyli-anonimowy-profil-instagramowy-jako-zrodlo-kultury\/"},"wordCount":373,"publisher":{"@id":"https:\/\/notabene.world\/nb\/#organization"},"image":{"@id":"https:\/\/notabene.world\/nb\/miniesencja-czyli-anonimowy-profil-instagramowy-jako-zrodlo-kultury\/#primaryimage"},"thumbnailUrl":"https:\/\/i0.wp.com\/notabene.world\/nb\/wp-content\/uploads\/2023\/12\/minies1.jpg?fit=800%2C445&ssl=1","keywords":["#insta-kultura #instagram #kultura"],"articleSection":["INSTA-KULTURA","Projekt kulturalny"],"inLanguage":"pl-PL"},{"@type":"WebPage","@id":"https:\/\/notabene.world\/nb\/miniesencja-czyli-anonimowy-profil-instagramowy-jako-zrodlo-kultury\/","url":"https:\/\/notabene.world\/nb\/miniesencja-czyli-anonimowy-profil-instagramowy-jako-zrodlo-kultury\/","name":"Instagramowa \u201eMiniEsencja\u201d - NOTABENE.WORLD","isPartOf":{"@id":"https:\/\/notabene.world\/nb\/#website"},"primaryImageOfPage":{"@id":"https:\/\/notabene.world\/nb\/miniesencja-czyli-anonimowy-profil-instagramowy-jako-zrodlo-kultury\/#primaryimage"},"image":{"@id":"https:\/\/notabene.world\/nb\/miniesencja-czyli-anonimowy-profil-instagramowy-jako-zrodlo-kultury\/#primaryimage"},"thumbnailUrl":"https:\/\/i0.wp.com\/notabene.world\/nb\/wp-content\/uploads\/2023\/12\/minies1.jpg?fit=800%2C445&ssl=1","datePublished":"2023-12-16T12:50:02+00:00","dateModified":"2023-12-19T07:47:06+00:00","breadcrumb":{"@id":"https:\/\/notabene.world\/nb\/miniesencja-czyli-anonimowy-profil-instagramowy-jako-zrodlo-kultury\/#breadcrumb"},"inLanguage":"pl-PL","potentialAction":[{"@type":"ReadAction","target":["https:\/\/notabene.world\/nb\/miniesencja-czyli-anonimowy-profil-instagramowy-jako-zrodlo-kultury\/"]}]},{"@type":"ImageObject","inLanguage":"pl-PL","@id":"https:\/\/notabene.world\/nb\/miniesencja-czyli-anonimowy-profil-instagramowy-jako-zrodlo-kultury\/#primaryimage","url":"https:\/\/i0.wp.com\/notabene.world\/nb\/wp-content\/uploads\/2023\/12\/minies1.jpg?fit=800%2C445&ssl=1","contentUrl":"https:\/\/i0.wp.com\/notabene.world\/nb\/wp-content\/uploads\/2023\/12\/minies1.jpg?fit=800%2C445&ssl=1","width":800,"height":445},{"@type":"BreadcrumbList","@id":"https:\/\/notabene.world\/nb\/miniesencja-czyli-anonimowy-profil-instagramowy-jako-zrodlo-kultury\/#breadcrumb","itemListElement":[{"@type":"ListItem","position":1,"name":"Home","item":"https:\/\/notabene.world\/nb\/"},{"@type":"ListItem","position":2,"name":"Instagramowa \u201eMiniEsencja\u201d"}]},{"@type":"WebSite","@id":"https:\/\/notabene.world\/nb\/#website","url":"https:\/\/notabene.world\/nb\/","name":"NOTABENE.WORLD","description":"Przekaz. Warto\u015bci. Wsp\u00f3lnota.","publisher":{"@id":"https:\/\/notabene.world\/nb\/#organization"},"potentialAction":[{"@type":"SearchAction","target":{"@type":"EntryPoint","urlTemplate":"https:\/\/notabene.world\/nb\/?s={search_term_string}"},"query-input":{"@type":"PropertyValueSpecification","valueRequired":true,"valueName":"search_term_string"}}],"inLanguage":"pl-PL"},{"@type":"Organization","@id":"https:\/\/notabene.world\/nb\/#organization","name":"NOTABENE.WORLD","url":"https:\/\/notabene.world\/nb\/","logo":{"@type":"ImageObject","inLanguage":"pl-PL","@id":"https:\/\/notabene.world\/nb\/#\/schema\/logo\/image\/","url":"https:\/\/notabene.world\/nb\/wp-content\/uploads\/2022\/01\/NB-club-start-www1.jpg","contentUrl":"https:\/\/notabene.world\/nb\/wp-content\/uploads\/2022\/01\/NB-club-start-www1.jpg","width":1000,"height":839,"caption":"NOTABENE.WORLD"},"image":{"@id":"https:\/\/notabene.world\/nb\/#\/schema\/logo\/image\/"},"sameAs":["https:\/\/www.facebook.com\/Notabene.World"]},{"@type":"Person","@id":"https:\/\/notabene.world\/nb\/#\/schema\/person\/9eb2ecca7460e673302ab26c38face30","name":"Estera Terelak","image":{"@type":"ImageObject","inLanguage":"pl-PL","@id":"https:\/\/secure.gravatar.com\/avatar\/faf4079ba46a2a2ca940d37abd9aad4bea2e45c0f10b8ff018f43b3d4ff611a4?s=96&d=mm&r=g","url":"https:\/\/secure.gravatar.com\/avatar\/faf4079ba46a2a2ca940d37abd9aad4bea2e45c0f10b8ff018f43b3d4ff611a4?s=96&d=mm&r=g","contentUrl":"https:\/\/secure.gravatar.com\/avatar\/faf4079ba46a2a2ca940d37abd9aad4bea2e45c0f10b8ff018f43b3d4ff611a4?s=96&d=mm&r=g","caption":"Estera Terelak"},"url":"https:\/\/notabene.world\/nb\/author\/es-te\/"}]}},"jetpack_featured_media_url":"https:\/\/i0.wp.com\/notabene.world\/nb\/wp-content\/uploads\/2023\/12\/minies1.jpg?fit=800%2C445&ssl=1","jetpack_sharing_enabled":true,"jetpack_shortlink":"https:\/\/wp.me\/pdCobN-36w","_links":{"self":[{"href":"https:\/\/notabene.world\/nb\/wp-json\/wp\/v2\/posts\/11936","targetHints":{"allow":["GET"]}}],"collection":[{"href":"https:\/\/notabene.world\/nb\/wp-json\/wp\/v2\/posts"}],"about":[{"href":"https:\/\/notabene.world\/nb\/wp-json\/wp\/v2\/types\/post"}],"author":[{"embeddable":true,"href":"https:\/\/notabene.world\/nb\/wp-json\/wp\/v2\/users\/59"}],"replies":[{"embeddable":true,"href":"https:\/\/notabene.world\/nb\/wp-json\/wp\/v2\/comments?post=11936"}],"version-history":[{"count":5,"href":"https:\/\/notabene.world\/nb\/wp-json\/wp\/v2\/posts\/11936\/revisions"}],"predecessor-version":[{"id":11949,"href":"https:\/\/notabene.world\/nb\/wp-json\/wp\/v2\/posts\/11936\/revisions\/11949"}],"wp:featuredmedia":[{"embeddable":true,"href":"https:\/\/notabene.world\/nb\/wp-json\/wp\/v2\/media\/11943"}],"wp:attachment":[{"href":"https:\/\/notabene.world\/nb\/wp-json\/wp\/v2\/media?parent=11936"}],"wp:term":[{"taxonomy":"category","embeddable":true,"href":"https:\/\/notabene.world\/nb\/wp-json\/wp\/v2\/categories?post=11936"},{"taxonomy":"post_tag","embeddable":true,"href":"https:\/\/notabene.world\/nb\/wp-json\/wp\/v2\/tags?post=11936"}],"curies":[{"name":"wp","href":"https:\/\/api.w.org\/{rel}","templated":true}]}}