{"id":12046,"date":"2023-12-20T19:30:37","date_gmt":"2023-12-20T18:30:37","guid":{"rendered":"https:\/\/notabene.world\/nb\/?p=12046"},"modified":"2024-03-10T12:06:35","modified_gmt":"2024-03-10T11:06:35","slug":"coz-tam-panie-w-polityce-1","status":"publish","type":"post","link":"https:\/\/notabene.world\/nb\/coz-tam-panie-w-polityce-1\/","title":{"rendered":"C\u00f3\u017c tam, panie, w polityce? #1"},"content":{"rendered":"<h4><strong>Zapraszam na polityczny spacer przez gor\u0105ce wydarzenia z ostatnich dni. <\/strong>Kolejne obrady, decyzje, uchwa\u0142y, a tak\u017ce konflikty w sprawie medi\u00f3w publicznych i spi\u0119cie w koalicji rz\u0105dz\u0105cej.<\/h4>\n<ul>\n<li>\n<h4><span style=\"font-weight: 400\">Ogromne zamieszanie w sprawie Telewizji Polskiej &#8211; zar\u00f3wno od strony prawnej, legislacyjnej i o dziwo, r\u00f3wnie\u017c czysto fizycznej.\u00a0 <\/span><\/h4>\n<\/li>\n<li>\n<h4><span style=\"font-weight: 400\">Dw\u00f3ch pos\u0142\u00f3w Prawa i Sprawiedliwo\u015bci skazanych w sprawie ci\u0105gn\u0105cej si\u0119 ju\u017c d\u0142ugie lata afery gruntowej. Strac\u0105 mandat.<\/span><\/h4>\n<\/li>\n<li>\n<h4><span style=\"font-weight: 400\">Dzieje si\u0119 tak\u017ce w Ministerstwie Nauki. Nowi sekretarze stanu, wi\u0119cej pieni\u0119dzy i cofanie absurdalnych zmian.<\/span><\/h4>\n<\/li>\n<li>\n<h4><span style=\"font-weight: 400\">Spi\u0119cie w Koalicji &#8211; <em>Tch\u00f3rz\u00a0<\/em>i\u00a0<em>Powiedz mi to w twarz\u00a0<\/em>&#8211; Ho\u0142ownia kontra Biedro\u0144. Ko\u015bci\u0105 niezgody aborcja.\u00a0<\/span><\/h4>\n<\/li>\n<\/ul>\n<h4><strong>Pos\u0142owie PiS z prawomocnymi wyrokami\u00a0<\/strong><\/h4>\n<p><span style=\"font-weight: 400\">Mariusz K. oraz Maciej W., za tocz\u0105ce si\u0119 od wielu lat, skomplikowane post\u0119powanie w sprawie afery gruntowej oraz nadu\u017cy\u0107 w czasie, gdy kierowali CBA, us\u0142yszeli PRAWOMOCNE wyroki &#8211; 2 lata wi\u0119zienia, bez zawias\u00f3w. Andrzej Duda u\u0142askawia\u0142 ju\u017c obu pos\u0142\u00f3w, jednak by\u0142o to przed wydaniem wyroku prawomocnego, wi\u0119c u\u0142askawienie nie by\u0142o wa\u017cne.\u00a0<\/span><\/p>\n<p><span style=\"font-weight: 400\">Teraz PAD mo\u017ce ich u\u0142askawi\u0107 ju\u017c \u201coficjalnie\u201d, jednak co bardzo wa\u017cne &#8211; nawet, je\u015bli to zrobi, to panowie i tak utrac\u0105 mandaty poselskie &#8211; prezydenckie u\u0142askawienie co prawda ratuje od kary, jednak nie zmazuje wyroku &#8211; a to w\u0142a\u015bnie wyrok (prawomocny) jest jedn\u0105 z przyczyn, kt\u00f3ra skutkuje odebraniem mandatu.\u00a0<\/span><\/p>\n<p><span style=\"font-weight: 400\">\u00a0<\/span><\/p>\n<h4><strong>Nowi wiceministrowie Nauki, 7 mld z\u0142otych, zmiana punktacji\u00a0<\/strong><\/h4>\n<p><span style=\"font-weight: 400\">Dariusz Wieczorek na konferencji prasowej og\u0142osi\u0142 powo\u0142anie na jego pro\u015bb\u0119 przez PRM wiceministr\u00f3w Nauki:<\/span><\/p>\n<ul>\n<li style=\"font-weight: 400\"><span style=\"font-weight: 400\"><strong>Macieja Gdul\u0119 <\/strong>&#8211; to doktor habilitowany nauk spo\u0142ecznych, profesor Uniwersytetu Zielonog\u00f3rskiego. Kandydowa\u0142 do sejmu X kadencji z okr\u0119gu krakowskiego; nie dosta\u0142 mandatu.\u00a0<\/span><\/li>\n<li style=\"font-weight: 400\"><span style=\"font-weight: 400\"><strong>Marka Gzika, <\/strong>doktora habilitowanego i profesor Politechniki \u015al\u0105skiej; specjalizuje si\u0119 w biomechanice i in\u017cynierii biomedycznej. Kandydowa\u0142 do izby ni\u017cszej w 2023 roku z list KO w okr\u0119gu gliwickim; mandat otrzyma\u0142.\u00a0<\/span><\/li>\n<li style=\"font-weight: 400\"><span style=\"font-weight: 400\"><strong>Andrzeja Szeptyckiego<\/strong>, doktora habilitowanego nauk spo\u0142ecznych, profesora Uniwersytetu Warszawskiego. Kandydowa\u0142 do sejmu w 2023 roku w okr\u0119gu warszawskim z list Polski 2050, nie otrzyma\u0142 mandatu.\u00a0<\/span><\/li>\n<\/ul>\n<p><span style=\"font-weight: 400\">Resort nauki stanowi\u0105 wi\u0119c dwaj pos\u0142owie Lewicy, pose\u0142 TD i pose\u0142 KO. Na razie nie ma co ocenia\u0107, chocia\u017c ju\u017c pierwszy dzie\u0144 pokaza\u0142, \u017ce od Dariusza Wieczorka mo\u017cna du\u017co wymaga\u0107. Przypominam, \u017ce minister pojecha\u0142 do student\u00f3w okupuj\u0105cych przeznaczony do rozbi\u00f3rki akademik Jowita w Poznaniu i za\u0142atwi\u0142 pieni\u0105dze na remont. Warto zaznaczy\u0107, \u017ce dzie\u0144 wcze\u015bniej by\u0142 tam r\u00f3wnie\u017c Adrian Zandberg.\u00a0<\/span><\/p>\n<p><span style=\"font-weight: 400\"><strong>Bud\u017cet<\/strong> przewidziany na rok 2024 przewiduje 7 miliard\u00f3w z\u0142otych wi\u0119cej na nauk\u0119 i szkolnictwo wy\u017csze. To du\u017co, chocia\u017c wiadomo, \u017ce wielkich problem\u00f3w sektora naukowego nie za\u0142atwi. Kryzys jest i b\u0119dzie widoczny nadal; jednak kierunek, w kt\u00f3rym idzie minister Wieczorek podoba mi si\u0119. Przede wszystkim sytuacja z akademikiem pokaza\u0142a, \u017ce resort otwiera si\u0119 na dialog ze swoim \u015brodowiskiem.\u00a0<\/span><\/p>\n<p><span style=\"font-weight: 400\"><strong>Lista czasopism<\/strong> powr\u00f3ci do swojej formy sprzed ostatniej zmiany, czyli 29 czerwca 2023. To zmiana do\u015b\u0107 symboliczna, bowiem pose\u0142 Czarnek zmienia\u0142 list\u0119 kilkukrotnie w czasie swoich rz\u0105d\u00f3w.\u00a0 Cofni\u0119cie zmian tylko o &#8222;jeden stopie\u0144&#8221; do ty\u0142u niewiele zmienia; czasopisma teologiczne i w istocie ma\u0142o presti\u017cowe wci\u0105\u017c s\u0105 punktowane niezwykle wysoko, na r\u00f3wni z niekt\u00f3rymi naprawd\u0119 powa\u017canymi czasopismami. Jednak tak jak z bud\u017cetem &#8211; jest wyznaczony kierunek zmian i nale\u017cy si\u0119 go skrupulatnie trzyma\u0107.<\/span><\/p>\n<p><span style=\"font-weight: 400\">Dalszymi pracami nad punktowan\u0105 list\u0105 czasopism ma si\u0119 zaj\u0105\u0107 Komisja Ewaluacji Nauki. Ca\u0142\u0105 konferencj\u0119 prasow\u0105 Ministerstwa Edukacji i Nauki obejrzycie, klikaj\u0105c <\/span><a href=\"https:\/\/www.youtube.com\/watch?v=ESX8aiLVVWY\"><span style=\"font-weight: 400\">tutaj<\/span><\/a><span style=\"font-weight: 400\">.<\/span><\/p>\n<p>&nbsp;<\/p>\n<h4><strong>TVP &#8211; czy to w og\u00f3le legalne?<\/strong><\/h4>\n<p><span style=\"font-weight: 400\">PiS pr\u00f3bowa\u0142 zabetonowa\u0107 TVP, na przyk\u0142ad korzystaj\u0105c z wyroku Trybuna\u0142u Konstytucyjnego z 14 grudnia bie\u017c\u0105cego roku. Teraz pr\u00f3buje zabetonowa\u0107 siedzib\u0119 TVP fizycznie. Przej\u0119cie przez nowy rz\u0105d medi\u00f3w publicznych nazywa zamachem stanu.\u00a0<\/span><\/p>\n<p><span style=\"font-weight: 400\">Wczoraj, tj. 19 grudnia Sejm przeg\u0142osowa\u0142 <\/span><span style=\"font-weight: 400\">poselski projekt uchwa\u0142y w sprawie przywr\u00f3cenia \u0142adu prawnego oraz bezstronno\u015bci i rzetelno\u015bci medi\u00f3w publicznych oraz Polskiej Agencji Prasowej. Wszystko, co sta\u0142o si\u0119 p\u00f3\u017aniej, jest niezwykle zagmatwanym prawnie i politycznie procesem. Odsy\u0142am do artyku\u0142u BUSINESS INSIDER, w kt\u00f3rym autorka t\u0142umaczy, czy to, co zrobi\u0142 minister kultury Bart\u0142omiej Sienkiewicz\u00a0 \u00a0(mi\u0119dzy innymi odwo\u0142a\u0142 Rad\u0119 Nadzorcz\u0105 TVP), by\u0142o w og\u00f3le legalne. Przeczytacie go, klikaj\u0105c <\/span><a href=\"https:\/\/businessinsider.com.pl\/prawo\/jak-minister-kultury-bartlomiej-sienkiewicz-przejal-kontrole-nad-mediami-publicznymi\/w3q39lm\"><span style=\"font-weight: 400\">tu<\/span><\/a><span style=\"font-weight: 400\">.\u00a0<\/span><\/p>\n<p>&nbsp;<\/p>\n<h4><strong>Polityczne tch\u00f3rzostwo?<\/strong><\/h4>\n<p><i><span style=\"font-weight: 400\">Uwa\u017cam, \u017ce to jest polityczne tch\u00f3rzostwo <\/span><\/i><span style=\"font-weight: 400\">[&#8230;] <\/span><i><span style=\"font-weight: 400\">zrzuca odpowiedzialno\u015b\u0107 na referendum, kt\u00f3re ju\u017c si\u0119 odby\u0142o.<\/span><\/i><span style=\"font-weight: 400\">\u00a0<\/span><\/p>\n<p><span style=\"font-weight: 400\">Tak Robert Biedro\u0144 w programie onet rano skomentowa\u0142 pogl\u0105dy Ho\u0142owni w sprawie aborcji.\u00a0 Polityk powo\u0142ywa\u0142 si\u0119 np. na badania opinii publicznej. Ca\u0142y wywiad z Biedroniem obejrzycie <\/span><a href=\"https:\/\/www.youtube.com\/watch?v=hYb04c4WBZw&amp;t=1s\"><span style=\"font-weight: 400\">tutaj<\/span><\/a><span style=\"font-weight: 400\">.<\/span><\/p>\n<p><span style=\"font-weight: 400\">Gwoli przypomnienia &#8211; Marsza\u0142ek sejmu uwa\u017ca, \u017ce kwesti\u0119 aborcji powinni rozstrzygn\u0105\u0107 obywatele w bezpo\u015brednim referendum. Przewodnicz\u0105cy 3D nie pozosta\u0142 politykowi Lewicy d\u0142u\u017cny:<\/span><\/p>\n<p><i><span style=\"font-weight: 400\">Radz\u0119 Robertowi Biedroniowi <\/span><\/i><span style=\"font-weight: 400\">[&#8230;] <\/span><i><span style=\"font-weight: 400\">by<\/span><\/i> <i><span style=\"font-weight: 400\">troch\u0119 spu\u015bci\u0142 z tonu, ograniczy\u0142 emocje. <\/span><\/i><span style=\"font-weight: 400\">[&#8230;] <\/span><i><span style=\"font-weight: 400\">Ja nie odnajduj\u0119 si\u0119 w takim j\u0119zyku debaty, jaki zaproponowa\u0142 Robert Biedro\u0144<\/span><\/i><span style=\"font-weight: 400\">. [&#8230;] <\/span><i><span style=\"font-weight: 400\">Uwa\u017cam, \u017ce tak wa\u017cne sprawy jak dopuszczalno\u015b\u0107 przerywania ci\u0105\u017cy powinny zosta\u0107 rozstrzygni\u0119te przez obywateli. <\/span><\/i><span style=\"font-weight: 400\">\u00a0Pe\u0142na wypowied\u017a Szymona Ho\u0142owni z 19 grudnia jest dost\u0119pna <\/span><a href=\"https:\/\/www.youtube.com\/watch?v=yMKAFwUfe3A\"><span style=\"font-weight: 400\">tutaj<\/span><\/a><span style=\"font-weight: 400\">.<\/span><\/p>\n<p><span style=\"font-weight: 400\">Tak naprawd\u0119 nie wiadomo, jak potoczy si\u0119 dalej kwestia aborcyjna. W umowie koalicyjnej (KO PSL, P2050, Lewica) nie zawarto \u017cadnego zapisu m\u00f3wi\u0105cego o legalizacji aborcji; wpisano jedynie zapowied\u017a cofni\u0119cia wyroku Trybuna\u0142u Konstytucyjnego z 2020 roku. <\/span><\/p>\n","protected":false},"excerpt":{"rendered":"<p>Przej\u0119cie TVP, pos\u0142owie PiS z prawomocnymi wyrokami, dzia\u0142ania Ministerstwa Nauki i sp\u00f3r o aborcj\u0119 &#8211; tym przeczytacie w 1 artykule z cyklu <b>C\u00f3\u017c tam, panie, w polityce?<\/b><br \/>\n<br \/>\nZapraszam na polityczny spacer przez gor\u0105ce wydarzenia z ostatnich dni. Kolejne obrady, decyzje, uchwa\u0142y, a tak\u017ce konflikty w sprawie medi\u00f3w publicznych i spi\u0119cie w koalicji rz\u0105dz\u0105cej.<br \/>\n<br \/>\nTVP \u2013 czy to w og\u00f3le legalne?<br \/>\nPiS pr\u00f3bowa\u0142 zabetonowa\u0107 TVP, na przyk\u0142ad korzystaj\u0105c z wyroku Trybuna\u0142u Konstytucyjnego z 14 grudnia bie\u017c\u0105cego roku. Teraz pr\u00f3buje zabetonowa\u0107 siedzib\u0119 TVP fizycznie. Przej\u0119cie przez nowy rz\u0105d medi\u00f3w publicznych nazywa zamachem stanu.<br \/>\n<br \/>\nWczoraj, tj. 19. grudnia 2023 r. Sejm przeg\u0142osowa\u0142 poselski projekt uchwa\u0142y w sprawie przywr\u00f3cenia \u0142adu prawnego oraz bezstronno\u015bci i rzetelno\u015bci medi\u00f3w publicznych oraz Polskiej Agencji Prasowej. Wszystko, co sta\u0142o si\u0119 p\u00f3\u017aniej, jest niezwykle zagmatwanym prawnie i politycznie procesem. Odsy\u0142am do artyku\u0142u BUSINESS INSIDER, w kt\u00f3rym autorka t\u0142umaczy, czy to, co zrobi\u0142 minister kultury Bart\u0142omiej Sienkiewicz (mi\u0119dzy innymi odwo\u0142a\u0142 Rad\u0119 Nadzorcz\u0105 TVP), by\u0142o w og\u00f3le legalne?<\/p>\n","protected":false},"author":6,"featured_media":12055,"comment_status":"closed","ping_status":"closed","sticky":false,"template":"","format":"standard","meta":{"colormag_page_container_layout":"no_sidebar_content_centered","colormag_page_sidebar_layout":"no_sidebar","_jetpack_memberships_contains_paid_content":false,"footnotes":"","_links_to":"","_links_to_target":""},"categories":[248,152,8],"tags":[76,90,243,233],"class_list":["post-12046","post","type-post","status-publish","format-standard","has-post-thumbnail","hentry","category-co-tam-panie-w-polityce","category-komentarze","category-polityka","tag-aborcja","tag-polityka","tag-rzad","tag-sejm"],"yoast_head":"<!-- This site is optimized with the Yoast SEO plugin v27.4 - https:\/\/yoast.com\/product\/yoast-seo-wordpress\/ -->\n<title>C\u00f3\u017c tam, panie, w polityce? #1 - NOTABENE.WORLD<\/title>\n<meta name=\"robots\" content=\"index, follow, max-snippet:-1, max-image-preview:large, max-video-preview:-1\" \/>\n<link rel=\"canonical\" href=\"https:\/\/notabene.world\/nb\/coz-tam-panie-w-polityce-1\/\" \/>\n<meta property=\"og:locale\" content=\"pl_PL\" \/>\n<meta property=\"og:type\" content=\"article\" \/>\n<meta property=\"og:title\" content=\"C\u00f3\u017c tam, panie, w polityce? #1 - NOTABENE.WORLD\" \/>\n<meta property=\"og:description\" content=\"Przej\u0119cie TVP, pos\u0142owie PiS z prawomocnymi wyrokami, dzia\u0142ania Ministerstwa Nauki i sp\u00f3r o aborcj\u0119 - tym przeczytacie w 1 artykule z cyklu C\u00f3\u017c tam, panie, w polityce?   Zapraszam na polityczny spacer przez gor\u0105ce wydarzenia z ostatnich dni. Kolejne obrady, decyzje, uchwa\u0142y, a tak\u017ce konflikty w sprawie medi\u00f3w publicznych i spi\u0119cie w koalicji rz\u0105dz\u0105cej.  TVP \u2013 czy to w og\u00f3le legalne? PiS pr\u00f3bowa\u0142 zabetonowa\u0107 TVP, na przyk\u0142ad korzystaj\u0105c z wyroku Trybuna\u0142u Konstytucyjnego z 14 grudnia bie\u017c\u0105cego roku. Teraz pr\u00f3buje zabetonowa\u0107 siedzib\u0119 TVP fizycznie. Przej\u0119cie przez nowy rz\u0105d medi\u00f3w publicznych nazywa zamachem stanu.   Wczoraj, tj. 19. grudnia 2023 r. Sejm przeg\u0142osowa\u0142 poselski projekt uchwa\u0142y w sprawie przywr\u00f3cenia \u0142adu prawnego oraz bezstronno\u015bci i rzetelno\u015bci medi\u00f3w publicznych oraz Polskiej Agencji Prasowej. Wszystko, co sta\u0142o si\u0119 p\u00f3\u017aniej, jest niezwykle zagmatwanym prawnie i politycznie procesem. Odsy\u0142am do artyku\u0142u BUSINESS INSIDER, w kt\u00f3rym autorka t\u0142umaczy, czy to, co zrobi\u0142 minister kultury Bart\u0142omiej Sienkiewicz (mi\u0119dzy innymi odwo\u0142a\u0142 Rad\u0119 Nadzorcz\u0105 TVP), by\u0142o w og\u00f3le legalne?\" \/>\n<meta property=\"og:url\" content=\"https:\/\/notabene.world\/nb\/coz-tam-panie-w-polityce-1\/\" \/>\n<meta property=\"og:site_name\" content=\"NOTABENE.WORLD\" \/>\n<meta property=\"article:publisher\" content=\"https:\/\/www.facebook.com\/Notabene.World\" \/>\n<meta property=\"article:author\" content=\"https:\/\/www.facebook.com\/profile.php?id=100014087373140\" \/>\n<meta property=\"article:published_time\" content=\"2023-12-20T18:30:37+00:00\" \/>\n<meta property=\"article:modified_time\" content=\"2024-03-10T11:06:35+00:00\" \/>\n<meta property=\"og:image\" content=\"https:\/\/notabene.world\/nb\/wp-content\/uploads\/2023\/12\/fiufiu.png\" \/>\n\t<meta property=\"og:image:width\" content=\"1027\" \/>\n\t<meta property=\"og:image:height\" content=\"672\" \/>\n\t<meta property=\"og:image:type\" content=\"image\/png\" \/>\n<meta name=\"author\" content=\"Julian Tarnowski\" \/>\n<meta name=\"twitter:card\" content=\"summary_large_image\" \/>\n<meta name=\"twitter:creator\" content=\"@JulianTarnowsk1\" \/>\n<meta name=\"twitter:label1\" content=\"Napisane przez\" \/>\n\t<meta name=\"twitter:data1\" content=\"Julian Tarnowski\" \/>\n\t<meta name=\"twitter:label2\" content=\"Szacowany czas czytania\" \/>\n\t<meta name=\"twitter:data2\" content=\"4 minuty\" \/>\n<script type=\"application\/ld+json\" class=\"yoast-schema-graph\">{\"@context\":\"https:\\\/\\\/schema.org\",\"@graph\":[{\"@type\":\"Article\",\"@id\":\"https:\\\/\\\/notabene.world\\\/nb\\\/coz-tam-panie-w-polityce-1\\\/#article\",\"isPartOf\":{\"@id\":\"https:\\\/\\\/notabene.world\\\/nb\\\/coz-tam-panie-w-polityce-1\\\/\"},\"author\":{\"name\":\"Julian Tarnowski\",\"@id\":\"https:\\\/\\\/notabene.world\\\/nb\\\/#\\\/schema\\\/person\\\/890c5cc2bd0337867802bcca5ee56dee\"},\"headline\":\"C\u00f3\u017c tam, panie, w polityce? #1\",\"datePublished\":\"2023-12-20T18:30:37+00:00\",\"dateModified\":\"2024-03-10T11:06:35+00:00\",\"mainEntityOfPage\":{\"@id\":\"https:\\\/\\\/notabene.world\\\/nb\\\/coz-tam-panie-w-polityce-1\\\/\"},\"wordCount\":902,\"publisher\":{\"@id\":\"https:\\\/\\\/notabene.world\\\/nb\\\/#organization\"},\"image\":{\"@id\":\"https:\\\/\\\/notabene.world\\\/nb\\\/coz-tam-panie-w-polityce-1\\\/#primaryimage\"},\"thumbnailUrl\":\"https:\\\/\\\/i0.wp.com\\\/notabene.world\\\/nb\\\/wp-content\\\/uploads\\\/2023\\\/12\\\/fiufiu.png?fit=1027%2C672&ssl=1\",\"keywords\":[\"#aborcja\",\"#polityka\",\"#rz\u0105d\",\"sejm\"],\"articleSection\":[\"Co tam panie w polityce?\",\"Komentarze\",\"Polityka\"],\"inLanguage\":\"pl-PL\"},{\"@type\":\"WebPage\",\"@id\":\"https:\\\/\\\/notabene.world\\\/nb\\\/coz-tam-panie-w-polityce-1\\\/\",\"url\":\"https:\\\/\\\/notabene.world\\\/nb\\\/coz-tam-panie-w-polityce-1\\\/\",\"name\":\"C\u00f3\u017c tam, panie, w polityce? #1 - NOTABENE.WORLD\",\"isPartOf\":{\"@id\":\"https:\\\/\\\/notabene.world\\\/nb\\\/#website\"},\"primaryImageOfPage\":{\"@id\":\"https:\\\/\\\/notabene.world\\\/nb\\\/coz-tam-panie-w-polityce-1\\\/#primaryimage\"},\"image\":{\"@id\":\"https:\\\/\\\/notabene.world\\\/nb\\\/coz-tam-panie-w-polityce-1\\\/#primaryimage\"},\"thumbnailUrl\":\"https:\\\/\\\/i0.wp.com\\\/notabene.world\\\/nb\\\/wp-content\\\/uploads\\\/2023\\\/12\\\/fiufiu.png?fit=1027%2C672&ssl=1\",\"datePublished\":\"2023-12-20T18:30:37+00:00\",\"dateModified\":\"2024-03-10T11:06:35+00:00\",\"breadcrumb\":{\"@id\":\"https:\\\/\\\/notabene.world\\\/nb\\\/coz-tam-panie-w-polityce-1\\\/#breadcrumb\"},\"inLanguage\":\"pl-PL\",\"potentialAction\":[{\"@type\":\"ReadAction\",\"target\":[\"https:\\\/\\\/notabene.world\\\/nb\\\/coz-tam-panie-w-polityce-1\\\/\"]}]},{\"@type\":\"ImageObject\",\"inLanguage\":\"pl-PL\",\"@id\":\"https:\\\/\\\/notabene.world\\\/nb\\\/coz-tam-panie-w-polityce-1\\\/#primaryimage\",\"url\":\"https:\\\/\\\/i0.wp.com\\\/notabene.world\\\/nb\\\/wp-content\\\/uploads\\\/2023\\\/12\\\/fiufiu.png?fit=1027%2C672&ssl=1\",\"contentUrl\":\"https:\\\/\\\/i0.wp.com\\\/notabene.world\\\/nb\\\/wp-content\\\/uploads\\\/2023\\\/12\\\/fiufiu.png?fit=1027%2C672&ssl=1\",\"width\":1027,\"height\":672},{\"@type\":\"BreadcrumbList\",\"@id\":\"https:\\\/\\\/notabene.world\\\/nb\\\/coz-tam-panie-w-polityce-1\\\/#breadcrumb\",\"itemListElement\":[{\"@type\":\"ListItem\",\"position\":1,\"name\":\"Home\",\"item\":\"https:\\\/\\\/notabene.world\\\/nb\\\/\"},{\"@type\":\"ListItem\",\"position\":2,\"name\":\"C\u00f3\u017c tam, panie, w polityce? #1\"}]},{\"@type\":\"WebSite\",\"@id\":\"https:\\\/\\\/notabene.world\\\/nb\\\/#website\",\"url\":\"https:\\\/\\\/notabene.world\\\/nb\\\/\",\"name\":\"NOTABENE.WORLD\",\"description\":\"Przekaz. Warto\u015bci. Wsp\u00f3lnota.\",\"publisher\":{\"@id\":\"https:\\\/\\\/notabene.world\\\/nb\\\/#organization\"},\"potentialAction\":[{\"@type\":\"SearchAction\",\"target\":{\"@type\":\"EntryPoint\",\"urlTemplate\":\"https:\\\/\\\/notabene.world\\\/nb\\\/?s={search_term_string}\"},\"query-input\":{\"@type\":\"PropertyValueSpecification\",\"valueRequired\":true,\"valueName\":\"search_term_string\"}}],\"inLanguage\":\"pl-PL\"},{\"@type\":\"Organization\",\"@id\":\"https:\\\/\\\/notabene.world\\\/nb\\\/#organization\",\"name\":\"NOTABENE.WORLD\",\"url\":\"https:\\\/\\\/notabene.world\\\/nb\\\/\",\"logo\":{\"@type\":\"ImageObject\",\"inLanguage\":\"pl-PL\",\"@id\":\"https:\\\/\\\/notabene.world\\\/nb\\\/#\\\/schema\\\/logo\\\/image\\\/\",\"url\":\"https:\\\/\\\/notabene.world\\\/nb\\\/wp-content\\\/uploads\\\/2022\\\/01\\\/NB-club-start-www1.jpg\",\"contentUrl\":\"https:\\\/\\\/notabene.world\\\/nb\\\/wp-content\\\/uploads\\\/2022\\\/01\\\/NB-club-start-www1.jpg\",\"width\":1000,\"height\":839,\"caption\":\"NOTABENE.WORLD\"},\"image\":{\"@id\":\"https:\\\/\\\/notabene.world\\\/nb\\\/#\\\/schema\\\/logo\\\/image\\\/\"},\"sameAs\":[\"https:\\\/\\\/www.facebook.com\\\/Notabene.World\"]},{\"@type\":\"Person\",\"@id\":\"https:\\\/\\\/notabene.world\\\/nb\\\/#\\\/schema\\\/person\\\/890c5cc2bd0337867802bcca5ee56dee\",\"name\":\"Julian Tarnowski\",\"image\":{\"@type\":\"ImageObject\",\"inLanguage\":\"pl-PL\",\"@id\":\"https:\\\/\\\/secure.gravatar.com\\\/avatar\\\/151c2da0993f25c9e553bfa30b4da86942b5a68cf934473be0bc4dc52284b95b?s=96&d=mm&r=g\",\"url\":\"https:\\\/\\\/secure.gravatar.com\\\/avatar\\\/151c2da0993f25c9e553bfa30b4da86942b5a68cf934473be0bc4dc52284b95b?s=96&d=mm&r=g\",\"contentUrl\":\"https:\\\/\\\/secure.gravatar.com\\\/avatar\\\/151c2da0993f25c9e553bfa30b4da86942b5a68cf934473be0bc4dc52284b95b?s=96&d=mm&r=g\",\"caption\":\"Julian Tarnowski\"},\"sameAs\":[\"https:\\\/\\\/www.facebook.com\\\/profile.php?id=100014087373140\",\"https:\\\/\\\/www.instagram.com\\\/tarnowskiofficial\\\/\",\"https:\\\/\\\/x.com\\\/JulianTarnowsk1\"],\"url\":\"https:\\\/\\\/notabene.world\\\/nb\\\/author\\\/julian\\\/\"}]}<\/script>\n<!-- \/ Yoast SEO plugin. -->","yoast_head_json":{"title":"C\u00f3\u017c tam, panie, w polityce? #1 - NOTABENE.WORLD","robots":{"index":"index","follow":"follow","max-snippet":"max-snippet:-1","max-image-preview":"max-image-preview:large","max-video-preview":"max-video-preview:-1"},"canonical":"https:\/\/notabene.world\/nb\/coz-tam-panie-w-polityce-1\/","og_locale":"pl_PL","og_type":"article","og_title":"C\u00f3\u017c tam, panie, w polityce? #1 - NOTABENE.WORLD","og_description":"Przej\u0119cie TVP, pos\u0142owie PiS z prawomocnymi wyrokami, dzia\u0142ania Ministerstwa Nauki i sp\u00f3r o aborcj\u0119 - tym przeczytacie w 1 artykule z cyklu C\u00f3\u017c tam, panie, w polityce?   Zapraszam na polityczny spacer przez gor\u0105ce wydarzenia z ostatnich dni. Kolejne obrady, decyzje, uchwa\u0142y, a tak\u017ce konflikty w sprawie medi\u00f3w publicznych i spi\u0119cie w koalicji rz\u0105dz\u0105cej.  TVP \u2013 czy to w og\u00f3le legalne? PiS pr\u00f3bowa\u0142 zabetonowa\u0107 TVP, na przyk\u0142ad korzystaj\u0105c z wyroku Trybuna\u0142u Konstytucyjnego z 14 grudnia bie\u017c\u0105cego roku. Teraz pr\u00f3buje zabetonowa\u0107 siedzib\u0119 TVP fizycznie. Przej\u0119cie przez nowy rz\u0105d medi\u00f3w publicznych nazywa zamachem stanu.   Wczoraj, tj. 19. grudnia 2023 r. Sejm przeg\u0142osowa\u0142 poselski projekt uchwa\u0142y w sprawie przywr\u00f3cenia \u0142adu prawnego oraz bezstronno\u015bci i rzetelno\u015bci medi\u00f3w publicznych oraz Polskiej Agencji Prasowej. Wszystko, co sta\u0142o si\u0119 p\u00f3\u017aniej, jest niezwykle zagmatwanym prawnie i politycznie procesem. Odsy\u0142am do artyku\u0142u BUSINESS INSIDER, w kt\u00f3rym autorka t\u0142umaczy, czy to, co zrobi\u0142 minister kultury Bart\u0142omiej Sienkiewicz (mi\u0119dzy innymi odwo\u0142a\u0142 Rad\u0119 Nadzorcz\u0105 TVP), by\u0142o w og\u00f3le legalne?","og_url":"https:\/\/notabene.world\/nb\/coz-tam-panie-w-polityce-1\/","og_site_name":"NOTABENE.WORLD","article_publisher":"https:\/\/www.facebook.com\/Notabene.World","article_author":"https:\/\/www.facebook.com\/profile.php?id=100014087373140","article_published_time":"2023-12-20T18:30:37+00:00","article_modified_time":"2024-03-10T11:06:35+00:00","og_image":[{"width":1027,"height":672,"url":"https:\/\/notabene.world\/nb\/wp-content\/uploads\/2023\/12\/fiufiu.png","type":"image\/png"}],"author":"Julian Tarnowski","twitter_card":"summary_large_image","twitter_creator":"@JulianTarnowsk1","twitter_misc":{"Napisane przez":"Julian Tarnowski","Szacowany czas czytania":"4 minuty"},"schema":{"@context":"https:\/\/schema.org","@graph":[{"@type":"Article","@id":"https:\/\/notabene.world\/nb\/coz-tam-panie-w-polityce-1\/#article","isPartOf":{"@id":"https:\/\/notabene.world\/nb\/coz-tam-panie-w-polityce-1\/"},"author":{"name":"Julian Tarnowski","@id":"https:\/\/notabene.world\/nb\/#\/schema\/person\/890c5cc2bd0337867802bcca5ee56dee"},"headline":"C\u00f3\u017c tam, panie, w polityce? #1","datePublished":"2023-12-20T18:30:37+00:00","dateModified":"2024-03-10T11:06:35+00:00","mainEntityOfPage":{"@id":"https:\/\/notabene.world\/nb\/coz-tam-panie-w-polityce-1\/"},"wordCount":902,"publisher":{"@id":"https:\/\/notabene.world\/nb\/#organization"},"image":{"@id":"https:\/\/notabene.world\/nb\/coz-tam-panie-w-polityce-1\/#primaryimage"},"thumbnailUrl":"https:\/\/i0.wp.com\/notabene.world\/nb\/wp-content\/uploads\/2023\/12\/fiufiu.png?fit=1027%2C672&ssl=1","keywords":["#aborcja","#polityka","#rz\u0105d","sejm"],"articleSection":["Co tam panie w polityce?","Komentarze","Polityka"],"inLanguage":"pl-PL"},{"@type":"WebPage","@id":"https:\/\/notabene.world\/nb\/coz-tam-panie-w-polityce-1\/","url":"https:\/\/notabene.world\/nb\/coz-tam-panie-w-polityce-1\/","name":"C\u00f3\u017c tam, panie, w polityce? #1 - NOTABENE.WORLD","isPartOf":{"@id":"https:\/\/notabene.world\/nb\/#website"},"primaryImageOfPage":{"@id":"https:\/\/notabene.world\/nb\/coz-tam-panie-w-polityce-1\/#primaryimage"},"image":{"@id":"https:\/\/notabene.world\/nb\/coz-tam-panie-w-polityce-1\/#primaryimage"},"thumbnailUrl":"https:\/\/i0.wp.com\/notabene.world\/nb\/wp-content\/uploads\/2023\/12\/fiufiu.png?fit=1027%2C672&ssl=1","datePublished":"2023-12-20T18:30:37+00:00","dateModified":"2024-03-10T11:06:35+00:00","breadcrumb":{"@id":"https:\/\/notabene.world\/nb\/coz-tam-panie-w-polityce-1\/#breadcrumb"},"inLanguage":"pl-PL","potentialAction":[{"@type":"ReadAction","target":["https:\/\/notabene.world\/nb\/coz-tam-panie-w-polityce-1\/"]}]},{"@type":"ImageObject","inLanguage":"pl-PL","@id":"https:\/\/notabene.world\/nb\/coz-tam-panie-w-polityce-1\/#primaryimage","url":"https:\/\/i0.wp.com\/notabene.world\/nb\/wp-content\/uploads\/2023\/12\/fiufiu.png?fit=1027%2C672&ssl=1","contentUrl":"https:\/\/i0.wp.com\/notabene.world\/nb\/wp-content\/uploads\/2023\/12\/fiufiu.png?fit=1027%2C672&ssl=1","width":1027,"height":672},{"@type":"BreadcrumbList","@id":"https:\/\/notabene.world\/nb\/coz-tam-panie-w-polityce-1\/#breadcrumb","itemListElement":[{"@type":"ListItem","position":1,"name":"Home","item":"https:\/\/notabene.world\/nb\/"},{"@type":"ListItem","position":2,"name":"C\u00f3\u017c tam, panie, w polityce? #1"}]},{"@type":"WebSite","@id":"https:\/\/notabene.world\/nb\/#website","url":"https:\/\/notabene.world\/nb\/","name":"NOTABENE.WORLD","description":"Przekaz. Warto\u015bci. Wsp\u00f3lnota.","publisher":{"@id":"https:\/\/notabene.world\/nb\/#organization"},"potentialAction":[{"@type":"SearchAction","target":{"@type":"EntryPoint","urlTemplate":"https:\/\/notabene.world\/nb\/?s={search_term_string}"},"query-input":{"@type":"PropertyValueSpecification","valueRequired":true,"valueName":"search_term_string"}}],"inLanguage":"pl-PL"},{"@type":"Organization","@id":"https:\/\/notabene.world\/nb\/#organization","name":"NOTABENE.WORLD","url":"https:\/\/notabene.world\/nb\/","logo":{"@type":"ImageObject","inLanguage":"pl-PL","@id":"https:\/\/notabene.world\/nb\/#\/schema\/logo\/image\/","url":"https:\/\/notabene.world\/nb\/wp-content\/uploads\/2022\/01\/NB-club-start-www1.jpg","contentUrl":"https:\/\/notabene.world\/nb\/wp-content\/uploads\/2022\/01\/NB-club-start-www1.jpg","width":1000,"height":839,"caption":"NOTABENE.WORLD"},"image":{"@id":"https:\/\/notabene.world\/nb\/#\/schema\/logo\/image\/"},"sameAs":["https:\/\/www.facebook.com\/Notabene.World"]},{"@type":"Person","@id":"https:\/\/notabene.world\/nb\/#\/schema\/person\/890c5cc2bd0337867802bcca5ee56dee","name":"Julian Tarnowski","image":{"@type":"ImageObject","inLanguage":"pl-PL","@id":"https:\/\/secure.gravatar.com\/avatar\/151c2da0993f25c9e553bfa30b4da86942b5a68cf934473be0bc4dc52284b95b?s=96&d=mm&r=g","url":"https:\/\/secure.gravatar.com\/avatar\/151c2da0993f25c9e553bfa30b4da86942b5a68cf934473be0bc4dc52284b95b?s=96&d=mm&r=g","contentUrl":"https:\/\/secure.gravatar.com\/avatar\/151c2da0993f25c9e553bfa30b4da86942b5a68cf934473be0bc4dc52284b95b?s=96&d=mm&r=g","caption":"Julian Tarnowski"},"sameAs":["https:\/\/www.facebook.com\/profile.php?id=100014087373140","https:\/\/www.instagram.com\/tarnowskiofficial\/","https:\/\/x.com\/JulianTarnowsk1"],"url":"https:\/\/notabene.world\/nb\/author\/julian\/"}]}},"jetpack_featured_media_url":"https:\/\/i0.wp.com\/notabene.world\/nb\/wp-content\/uploads\/2023\/12\/fiufiu.png?fit=1027%2C672&ssl=1","jetpack_sharing_enabled":true,"jetpack_shortlink":"https:\/\/wp.me\/pdCobN-38i","_links":{"self":[{"href":"https:\/\/notabene.world\/nb\/wp-json\/wp\/v2\/posts\/12046","targetHints":{"allow":["GET"]}}],"collection":[{"href":"https:\/\/notabene.world\/nb\/wp-json\/wp\/v2\/posts"}],"about":[{"href":"https:\/\/notabene.world\/nb\/wp-json\/wp\/v2\/types\/post"}],"author":[{"embeddable":true,"href":"https:\/\/notabene.world\/nb\/wp-json\/wp\/v2\/users\/6"}],"replies":[{"embeddable":true,"href":"https:\/\/notabene.world\/nb\/wp-json\/wp\/v2\/comments?post=12046"}],"version-history":[{"count":5,"href":"https:\/\/notabene.world\/nb\/wp-json\/wp\/v2\/posts\/12046\/revisions"}],"predecessor-version":[{"id":12490,"href":"https:\/\/notabene.world\/nb\/wp-json\/wp\/v2\/posts\/12046\/revisions\/12490"}],"wp:featuredmedia":[{"embeddable":true,"href":"https:\/\/notabene.world\/nb\/wp-json\/wp\/v2\/media\/12055"}],"wp:attachment":[{"href":"https:\/\/notabene.world\/nb\/wp-json\/wp\/v2\/media?parent=12046"}],"wp:term":[{"taxonomy":"category","embeddable":true,"href":"https:\/\/notabene.world\/nb\/wp-json\/wp\/v2\/categories?post=12046"},{"taxonomy":"post_tag","embeddable":true,"href":"https:\/\/notabene.world\/nb\/wp-json\/wp\/v2\/tags?post=12046"}],"curies":[{"name":"wp","href":"https:\/\/api.w.org\/{rel}","templated":true}]}}