{"id":1210,"date":"2022-01-25T00:55:07","date_gmt":"2022-01-24T23:55:07","guid":{"rendered":"https:\/\/notabene.world\/nb\/?p=1210"},"modified":"2022-02-06T16:24:05","modified_gmt":"2022-02-06T15:24:05","slug":"obchody-miedzynarodowego-dnia-pamieci-o-ofiarach-holocaustu","status":"publish","type":"post","link":"https:\/\/notabene.world\/nb\/obchody-miedzynarodowego-dnia-pamieci-o-ofiarach-holocaustu\/","title":{"rendered":"Mi\u0119dzynarodowy Dzie\u0144 Pami\u0119ci o Ofiarach Holocaustu"},"content":{"rendered":"\n<p style=\"font-size:24px\">27 stycznia o godzinie 17.00 przy pomniku Menory w Kielcach rozpoczn\u0105 si\u0119 g\u0142\u00f3wne obchody Mi\u0119dzynarodowego Dnia Pami\u0119ci o Ofiarach Holocaustu, organizowane przez Stowarzyszenie Jana Karskiego. Poza tym, zaplanowano kilka interesuj\u0105cych spotka\u0144.<\/p>\n\n\n\n<p>Pierwszym z nich b\u0119dzie rozmowa Bogdana Bia\u0142ka z prof. Barbar\u0105 Engelking  pt. &#8222;<strong>Co dzi\u015b wiemy o zag\u0142adzie?<\/strong>&#8222;. Profesor Engelking kierowniczk\u0105 Centrum Bada\u0144 nad Zag\u0142ad\u0105 \u017byd\u00f3w, dzia\u0142aj\u0105cego przy Instytucie Filozofii i Socjologii PAN. Zaplanowano j\u0105 na dzi\u015b, tj. 25 stycznia o godzinie 17:00. <\/p>\n\n\n\n<p>Nast\u0119pnego dnia o godzinie 19:00 odb\u0119dzie si\u0119 \u201e<strong>Zapis pami\u0119ci<\/strong>\u201d z udzia\u0142em Ocala\u0142ej z Zag\u0142ady<strong> <\/strong>Joanny Sobolewskiej-Pyz oraz Anny Ko\u0142aci\u0144skiej-Ga\u0142\u0105zki i Jacka Ga\u0142\u0105zki &#8211; dzia\u0142aczami Stowarzyszenia \u201eDzieci Holocaustu\u201d w Polsce. <\/p>\n\n\n\n<p>W czwartek o godzinie 18:30 Bogdana Bia\u0142ka przeprowadzi rozmow\u0119 z rabinem Stanis\u0142awem Wojciechowiczem dzia\u0142aj\u0105cym w Centrum Spo\u0142eczno\u015bci Post\u0119powej i w Synagodze Ec Chaim Gminy Wyznaniowej \u017bydowskiej w Warszawie oraz z ks. Grzegorzem Michalczykiem &#8211; cz\u0142onkiem Komitetu Episkopatu ds. Dialogu z Judaizmem i  wiceprzewodnicz\u0105cym Polskiej Rady Chrze\u015bcijan i \u017byd\u00f3w ze strony chrze\u015bcija\u0144skiej. Wszystkie trzy spotkania b\u0119d\u0105 dostepne tylko online, na facebookowej stronie <a href=\"https:\/\/www.facebook.com\/stowarzyszeniejanakarskiego\" data-type=\"URL\" data-id=\"https:\/\/www.facebook.com\/stowarzyszeniejanakarskiego\">Stowarzyszenia im.Jana Karskiego<\/a>.  <\/p>\n\n\n\n<p><strong>G\u0142\u00f3wne wydarzenie odb\u0119dzie si\u0119 przy pomniku Menory w Kielcach na ulicy IX Wiek\u00f3w Kielc, 27 stycznia o godzinie 17:00.<\/strong><\/p>\n\n\n\n<p>Obchody <strong>Mi\u0119dzynarodowego Dnia Pami\u0119ci o Ofiarach Holocaustu<\/strong> zako\u0144czy niedzielne spotkanie z ks. Manfredem Deselersem, po mszy \u015bw. o godzinie 18:30 w ko\u015bciele akademickim p.w. Jana Paw\u0142a II, przy ul. Weso\u0142ej 54.<strong> <\/strong> Niemiecki duszpasterz od przesz\u0142o 30 lat pracuje w Centrum Modlitwy i Dialogu w O\u015bwi\u0119cimiu. Zajmuje si\u0119 dzia\u0142alno\u015bci\u0105 edukacyjn\u0105, koncentruje si\u0119 na religijnym znaczeniu pami\u0119ci o Auschwitz.  <\/p>\n\n\n\n<p> Warto doda\u0107, i\u017c Stowarzyszenie im. Jana Karskiego postanowi\u0142o upami\u0119tni\u0107 kieleckich \u017byd\u00f3w poprzez uznanie <strong>roku 2022 Rokiem \u017bydowskiego Dziedzictwa Kielc oraz Pami\u0119ci o Ofiarach Kieleckiego Getta. <\/strong> <\/p>\n\n\n\n<figure class=\"wp-block-image\"><img data-recalc-dims=\"1\" height=\"150\" width=\"150\" decoding=\"async\" src=\"https:\/\/i0.wp.com\/notabene.world\/nb\/wp-content\/uploads\/2022\/01\/259255787_4636324456411075_5213169001495366344_n.jpg?resize=150%2C150&#038;ssl=1\" alt=\"\"\/><\/figure>\n","protected":false},"excerpt":{"rendered":"<p>Obchody Mi\u0119dzynarodowego Dnia Pami\u0119ci o Ofiarach Holocaustu, organizowane przez Stowarzyszenie Jana Karskiego. Poza tym, zaplanowano kilka interesuj\u0105cych spotka\u0144.<\/p>\n","protected":false},"author":6,"featured_media":1217,"comment_status":"closed","ping_status":"closed","sticky":false,"template":"","format":"standard","meta":{"colormag_page_container_layout":"default_layout","colormag_page_sidebar_layout":"default_layout","_jetpack_memberships_contains_paid_content":false,"footnotes":"","_links_to":"","_links_to_target":""},"categories":[73,12],"tags":[],"class_list":["post-1210","post","type-post","status-publish","format-standard","has-post-thumbnail","hentry","category-historia","category-spoleczenstwo"],"yoast_head":"<!-- This site is optimized with the Yoast SEO plugin v27.4 - https:\/\/yoast.com\/product\/yoast-seo-wordpress\/ -->\n<title>Mi\u0119dzynarodowy Dzie\u0144 Pami\u0119ci o Ofiarach Holocaustu - NOTABENE.WORLD<\/title>\n<meta name=\"robots\" content=\"index, follow, max-snippet:-1, max-image-preview:large, max-video-preview:-1\" \/>\n<link rel=\"canonical\" href=\"https:\/\/notabene.world\/nb\/obchody-miedzynarodowego-dnia-pamieci-o-ofiarach-holocaustu\/\" \/>\n<meta property=\"og:locale\" content=\"pl_PL\" \/>\n<meta property=\"og:type\" content=\"article\" \/>\n<meta property=\"og:title\" content=\"Mi\u0119dzynarodowy Dzie\u0144 Pami\u0119ci o Ofiarach Holocaustu - NOTABENE.WORLD\" \/>\n<meta property=\"og:description\" content=\"Obchody Mi\u0119dzynarodowego Dnia Pami\u0119ci o Ofiarach Holocaustu, organizowane przez Stowarzyszenie Jana Karskiego. Poza tym, zaplanowano kilka interesuj\u0105cych spotka\u0144.\" \/>\n<meta property=\"og:url\" content=\"https:\/\/notabene.world\/nb\/obchody-miedzynarodowego-dnia-pamieci-o-ofiarach-holocaustu\/\" \/>\n<meta property=\"og:site_name\" content=\"NOTABENE.WORLD\" \/>\n<meta property=\"article:publisher\" content=\"https:\/\/www.facebook.com\/Notabene.World\" \/>\n<meta property=\"article:author\" content=\"https:\/\/www.facebook.com\/profile.php?id=100014087373140\" \/>\n<meta property=\"article:published_time\" content=\"2022-01-24T23:55:07+00:00\" \/>\n<meta property=\"article:modified_time\" content=\"2022-02-06T15:24:05+00:00\" \/>\n<meta property=\"og:image\" content=\"https:\/\/notabene.world\/nb\/wp-content\/uploads\/2022\/01\/259255787_4636324456411075_5213169001495366344_n-1.jpg\" \/>\n\t<meta property=\"og:image:width\" content=\"895\" \/>\n\t<meta property=\"og:image:height\" content=\"805\" \/>\n\t<meta property=\"og:image:type\" content=\"image\/jpeg\" \/>\n<meta name=\"author\" content=\"Julian Tarnowski\" \/>\n<meta name=\"twitter:card\" content=\"summary_large_image\" \/>\n<meta name=\"twitter:creator\" content=\"@JulianTarnowsk1\" \/>\n<meta name=\"twitter:label1\" content=\"Napisane przez\" \/>\n\t<meta name=\"twitter:data1\" content=\"Julian Tarnowski\" \/>\n\t<meta name=\"twitter:label2\" content=\"Szacowany czas czytania\" \/>\n\t<meta name=\"twitter:data2\" content=\"2 minuty\" \/>\n<script type=\"application\/ld+json\" class=\"yoast-schema-graph\">{\"@context\":\"https:\\\/\\\/schema.org\",\"@graph\":[{\"@type\":\"Article\",\"@id\":\"https:\\\/\\\/notabene.world\\\/nb\\\/obchody-miedzynarodowego-dnia-pamieci-o-ofiarach-holocaustu\\\/#article\",\"isPartOf\":{\"@id\":\"https:\\\/\\\/notabene.world\\\/nb\\\/obchody-miedzynarodowego-dnia-pamieci-o-ofiarach-holocaustu\\\/\"},\"author\":{\"name\":\"Julian Tarnowski\",\"@id\":\"https:\\\/\\\/notabene.world\\\/nb\\\/#\\\/schema\\\/person\\\/890c5cc2bd0337867802bcca5ee56dee\"},\"headline\":\"Mi\u0119dzynarodowy Dzie\u0144 Pami\u0119ci o Ofiarach Holocaustu\",\"datePublished\":\"2022-01-24T23:55:07+00:00\",\"dateModified\":\"2022-02-06T15:24:05+00:00\",\"mainEntityOfPage\":{\"@id\":\"https:\\\/\\\/notabene.world\\\/nb\\\/obchody-miedzynarodowego-dnia-pamieci-o-ofiarach-holocaustu\\\/\"},\"wordCount\":320,\"publisher\":{\"@id\":\"https:\\\/\\\/notabene.world\\\/nb\\\/#organization\"},\"image\":{\"@id\":\"https:\\\/\\\/notabene.world\\\/nb\\\/obchody-miedzynarodowego-dnia-pamieci-o-ofiarach-holocaustu\\\/#primaryimage\"},\"thumbnailUrl\":\"https:\\\/\\\/i0.wp.com\\\/notabene.world\\\/nb\\\/wp-content\\\/uploads\\\/2022\\\/01\\\/259255787_4636324456411075_5213169001495366344_n.jpg?fit=895%2C805&ssl=1\",\"articleSection\":[\"Historia\",\"Nasz \u015awiat\"],\"inLanguage\":\"pl-PL\"},{\"@type\":\"WebPage\",\"@id\":\"https:\\\/\\\/notabene.world\\\/nb\\\/obchody-miedzynarodowego-dnia-pamieci-o-ofiarach-holocaustu\\\/\",\"url\":\"https:\\\/\\\/notabene.world\\\/nb\\\/obchody-miedzynarodowego-dnia-pamieci-o-ofiarach-holocaustu\\\/\",\"name\":\"Mi\u0119dzynarodowy Dzie\u0144 Pami\u0119ci o Ofiarach Holocaustu - NOTABENE.WORLD\",\"isPartOf\":{\"@id\":\"https:\\\/\\\/notabene.world\\\/nb\\\/#website\"},\"primaryImageOfPage\":{\"@id\":\"https:\\\/\\\/notabene.world\\\/nb\\\/obchody-miedzynarodowego-dnia-pamieci-o-ofiarach-holocaustu\\\/#primaryimage\"},\"image\":{\"@id\":\"https:\\\/\\\/notabene.world\\\/nb\\\/obchody-miedzynarodowego-dnia-pamieci-o-ofiarach-holocaustu\\\/#primaryimage\"},\"thumbnailUrl\":\"https:\\\/\\\/i0.wp.com\\\/notabene.world\\\/nb\\\/wp-content\\\/uploads\\\/2022\\\/01\\\/259255787_4636324456411075_5213169001495366344_n.jpg?fit=895%2C805&ssl=1\",\"datePublished\":\"2022-01-24T23:55:07+00:00\",\"dateModified\":\"2022-02-06T15:24:05+00:00\",\"breadcrumb\":{\"@id\":\"https:\\\/\\\/notabene.world\\\/nb\\\/obchody-miedzynarodowego-dnia-pamieci-o-ofiarach-holocaustu\\\/#breadcrumb\"},\"inLanguage\":\"pl-PL\",\"potentialAction\":[{\"@type\":\"ReadAction\",\"target\":[\"https:\\\/\\\/notabene.world\\\/nb\\\/obchody-miedzynarodowego-dnia-pamieci-o-ofiarach-holocaustu\\\/\"]}]},{\"@type\":\"ImageObject\",\"inLanguage\":\"pl-PL\",\"@id\":\"https:\\\/\\\/notabene.world\\\/nb\\\/obchody-miedzynarodowego-dnia-pamieci-o-ofiarach-holocaustu\\\/#primaryimage\",\"url\":\"https:\\\/\\\/i0.wp.com\\\/notabene.world\\\/nb\\\/wp-content\\\/uploads\\\/2022\\\/01\\\/259255787_4636324456411075_5213169001495366344_n.jpg?fit=895%2C805&ssl=1\",\"contentUrl\":\"https:\\\/\\\/i0.wp.com\\\/notabene.world\\\/nb\\\/wp-content\\\/uploads\\\/2022\\\/01\\\/259255787_4636324456411075_5213169001495366344_n.jpg?fit=895%2C805&ssl=1\",\"width\":895,\"height\":805},{\"@type\":\"BreadcrumbList\",\"@id\":\"https:\\\/\\\/notabene.world\\\/nb\\\/obchody-miedzynarodowego-dnia-pamieci-o-ofiarach-holocaustu\\\/#breadcrumb\",\"itemListElement\":[{\"@type\":\"ListItem\",\"position\":1,\"name\":\"Home\",\"item\":\"https:\\\/\\\/notabene.world\\\/nb\\\/\"},{\"@type\":\"ListItem\",\"position\":2,\"name\":\"Mi\u0119dzynarodowy Dzie\u0144 Pami\u0119ci o Ofiarach Holocaustu\"}]},{\"@type\":\"WebSite\",\"@id\":\"https:\\\/\\\/notabene.world\\\/nb\\\/#website\",\"url\":\"https:\\\/\\\/notabene.world\\\/nb\\\/\",\"name\":\"NOTABENE.WORLD\",\"description\":\"Przekaz. Warto\u015bci. Wsp\u00f3lnota.\",\"publisher\":{\"@id\":\"https:\\\/\\\/notabene.world\\\/nb\\\/#organization\"},\"potentialAction\":[{\"@type\":\"SearchAction\",\"target\":{\"@type\":\"EntryPoint\",\"urlTemplate\":\"https:\\\/\\\/notabene.world\\\/nb\\\/?s={search_term_string}\"},\"query-input\":{\"@type\":\"PropertyValueSpecification\",\"valueRequired\":true,\"valueName\":\"search_term_string\"}}],\"inLanguage\":\"pl-PL\"},{\"@type\":\"Organization\",\"@id\":\"https:\\\/\\\/notabene.world\\\/nb\\\/#organization\",\"name\":\"NOTABENE.WORLD\",\"url\":\"https:\\\/\\\/notabene.world\\\/nb\\\/\",\"logo\":{\"@type\":\"ImageObject\",\"inLanguage\":\"pl-PL\",\"@id\":\"https:\\\/\\\/notabene.world\\\/nb\\\/#\\\/schema\\\/logo\\\/image\\\/\",\"url\":\"https:\\\/\\\/notabene.world\\\/nb\\\/wp-content\\\/uploads\\\/2022\\\/01\\\/NB-club-start-www1.jpg\",\"contentUrl\":\"https:\\\/\\\/notabene.world\\\/nb\\\/wp-content\\\/uploads\\\/2022\\\/01\\\/NB-club-start-www1.jpg\",\"width\":1000,\"height\":839,\"caption\":\"NOTABENE.WORLD\"},\"image\":{\"@id\":\"https:\\\/\\\/notabene.world\\\/nb\\\/#\\\/schema\\\/logo\\\/image\\\/\"},\"sameAs\":[\"https:\\\/\\\/www.facebook.com\\\/Notabene.World\"]},{\"@type\":\"Person\",\"@id\":\"https:\\\/\\\/notabene.world\\\/nb\\\/#\\\/schema\\\/person\\\/890c5cc2bd0337867802bcca5ee56dee\",\"name\":\"Julian Tarnowski\",\"image\":{\"@type\":\"ImageObject\",\"inLanguage\":\"pl-PL\",\"@id\":\"https:\\\/\\\/secure.gravatar.com\\\/avatar\\\/151c2da0993f25c9e553bfa30b4da86942b5a68cf934473be0bc4dc52284b95b?s=96&d=mm&r=g\",\"url\":\"https:\\\/\\\/secure.gravatar.com\\\/avatar\\\/151c2da0993f25c9e553bfa30b4da86942b5a68cf934473be0bc4dc52284b95b?s=96&d=mm&r=g\",\"contentUrl\":\"https:\\\/\\\/secure.gravatar.com\\\/avatar\\\/151c2da0993f25c9e553bfa30b4da86942b5a68cf934473be0bc4dc52284b95b?s=96&d=mm&r=g\",\"caption\":\"Julian Tarnowski\"},\"sameAs\":[\"https:\\\/\\\/www.facebook.com\\\/profile.php?id=100014087373140\",\"https:\\\/\\\/www.instagram.com\\\/tarnowskiofficial\\\/\",\"https:\\\/\\\/x.com\\\/JulianTarnowsk1\"],\"url\":\"https:\\\/\\\/notabene.world\\\/nb\\\/author\\\/julian\\\/\"}]}<\/script>\n<!-- \/ Yoast SEO plugin. -->","yoast_head_json":{"title":"Mi\u0119dzynarodowy Dzie\u0144 Pami\u0119ci o Ofiarach Holocaustu - NOTABENE.WORLD","robots":{"index":"index","follow":"follow","max-snippet":"max-snippet:-1","max-image-preview":"max-image-preview:large","max-video-preview":"max-video-preview:-1"},"canonical":"https:\/\/notabene.world\/nb\/obchody-miedzynarodowego-dnia-pamieci-o-ofiarach-holocaustu\/","og_locale":"pl_PL","og_type":"article","og_title":"Mi\u0119dzynarodowy Dzie\u0144 Pami\u0119ci o Ofiarach Holocaustu - NOTABENE.WORLD","og_description":"Obchody Mi\u0119dzynarodowego Dnia Pami\u0119ci o Ofiarach Holocaustu, organizowane przez Stowarzyszenie Jana Karskiego. Poza tym, zaplanowano kilka interesuj\u0105cych spotka\u0144.","og_url":"https:\/\/notabene.world\/nb\/obchody-miedzynarodowego-dnia-pamieci-o-ofiarach-holocaustu\/","og_site_name":"NOTABENE.WORLD","article_publisher":"https:\/\/www.facebook.com\/Notabene.World","article_author":"https:\/\/www.facebook.com\/profile.php?id=100014087373140","article_published_time":"2022-01-24T23:55:07+00:00","article_modified_time":"2022-02-06T15:24:05+00:00","og_image":[{"width":895,"height":805,"url":"https:\/\/notabene.world\/nb\/wp-content\/uploads\/2022\/01\/259255787_4636324456411075_5213169001495366344_n-1.jpg","type":"image\/jpeg"}],"author":"Julian Tarnowski","twitter_card":"summary_large_image","twitter_creator":"@JulianTarnowsk1","twitter_misc":{"Napisane przez":"Julian Tarnowski","Szacowany czas czytania":"2 minuty"},"schema":{"@context":"https:\/\/schema.org","@graph":[{"@type":"Article","@id":"https:\/\/notabene.world\/nb\/obchody-miedzynarodowego-dnia-pamieci-o-ofiarach-holocaustu\/#article","isPartOf":{"@id":"https:\/\/notabene.world\/nb\/obchody-miedzynarodowego-dnia-pamieci-o-ofiarach-holocaustu\/"},"author":{"name":"Julian Tarnowski","@id":"https:\/\/notabene.world\/nb\/#\/schema\/person\/890c5cc2bd0337867802bcca5ee56dee"},"headline":"Mi\u0119dzynarodowy Dzie\u0144 Pami\u0119ci o Ofiarach Holocaustu","datePublished":"2022-01-24T23:55:07+00:00","dateModified":"2022-02-06T15:24:05+00:00","mainEntityOfPage":{"@id":"https:\/\/notabene.world\/nb\/obchody-miedzynarodowego-dnia-pamieci-o-ofiarach-holocaustu\/"},"wordCount":320,"publisher":{"@id":"https:\/\/notabene.world\/nb\/#organization"},"image":{"@id":"https:\/\/notabene.world\/nb\/obchody-miedzynarodowego-dnia-pamieci-o-ofiarach-holocaustu\/#primaryimage"},"thumbnailUrl":"https:\/\/i0.wp.com\/notabene.world\/nb\/wp-content\/uploads\/2022\/01\/259255787_4636324456411075_5213169001495366344_n.jpg?fit=895%2C805&ssl=1","articleSection":["Historia","Nasz \u015awiat"],"inLanguage":"pl-PL"},{"@type":"WebPage","@id":"https:\/\/notabene.world\/nb\/obchody-miedzynarodowego-dnia-pamieci-o-ofiarach-holocaustu\/","url":"https:\/\/notabene.world\/nb\/obchody-miedzynarodowego-dnia-pamieci-o-ofiarach-holocaustu\/","name":"Mi\u0119dzynarodowy Dzie\u0144 Pami\u0119ci o Ofiarach Holocaustu - NOTABENE.WORLD","isPartOf":{"@id":"https:\/\/notabene.world\/nb\/#website"},"primaryImageOfPage":{"@id":"https:\/\/notabene.world\/nb\/obchody-miedzynarodowego-dnia-pamieci-o-ofiarach-holocaustu\/#primaryimage"},"image":{"@id":"https:\/\/notabene.world\/nb\/obchody-miedzynarodowego-dnia-pamieci-o-ofiarach-holocaustu\/#primaryimage"},"thumbnailUrl":"https:\/\/i0.wp.com\/notabene.world\/nb\/wp-content\/uploads\/2022\/01\/259255787_4636324456411075_5213169001495366344_n.jpg?fit=895%2C805&ssl=1","datePublished":"2022-01-24T23:55:07+00:00","dateModified":"2022-02-06T15:24:05+00:00","breadcrumb":{"@id":"https:\/\/notabene.world\/nb\/obchody-miedzynarodowego-dnia-pamieci-o-ofiarach-holocaustu\/#breadcrumb"},"inLanguage":"pl-PL","potentialAction":[{"@type":"ReadAction","target":["https:\/\/notabene.world\/nb\/obchody-miedzynarodowego-dnia-pamieci-o-ofiarach-holocaustu\/"]}]},{"@type":"ImageObject","inLanguage":"pl-PL","@id":"https:\/\/notabene.world\/nb\/obchody-miedzynarodowego-dnia-pamieci-o-ofiarach-holocaustu\/#primaryimage","url":"https:\/\/i0.wp.com\/notabene.world\/nb\/wp-content\/uploads\/2022\/01\/259255787_4636324456411075_5213169001495366344_n.jpg?fit=895%2C805&ssl=1","contentUrl":"https:\/\/i0.wp.com\/notabene.world\/nb\/wp-content\/uploads\/2022\/01\/259255787_4636324456411075_5213169001495366344_n.jpg?fit=895%2C805&ssl=1","width":895,"height":805},{"@type":"BreadcrumbList","@id":"https:\/\/notabene.world\/nb\/obchody-miedzynarodowego-dnia-pamieci-o-ofiarach-holocaustu\/#breadcrumb","itemListElement":[{"@type":"ListItem","position":1,"name":"Home","item":"https:\/\/notabene.world\/nb\/"},{"@type":"ListItem","position":2,"name":"Mi\u0119dzynarodowy Dzie\u0144 Pami\u0119ci o Ofiarach Holocaustu"}]},{"@type":"WebSite","@id":"https:\/\/notabene.world\/nb\/#website","url":"https:\/\/notabene.world\/nb\/","name":"NOTABENE.WORLD","description":"Przekaz. Warto\u015bci. Wsp\u00f3lnota.","publisher":{"@id":"https:\/\/notabene.world\/nb\/#organization"},"potentialAction":[{"@type":"SearchAction","target":{"@type":"EntryPoint","urlTemplate":"https:\/\/notabene.world\/nb\/?s={search_term_string}"},"query-input":{"@type":"PropertyValueSpecification","valueRequired":true,"valueName":"search_term_string"}}],"inLanguage":"pl-PL"},{"@type":"Organization","@id":"https:\/\/notabene.world\/nb\/#organization","name":"NOTABENE.WORLD","url":"https:\/\/notabene.world\/nb\/","logo":{"@type":"ImageObject","inLanguage":"pl-PL","@id":"https:\/\/notabene.world\/nb\/#\/schema\/logo\/image\/","url":"https:\/\/notabene.world\/nb\/wp-content\/uploads\/2022\/01\/NB-club-start-www1.jpg","contentUrl":"https:\/\/notabene.world\/nb\/wp-content\/uploads\/2022\/01\/NB-club-start-www1.jpg","width":1000,"height":839,"caption":"NOTABENE.WORLD"},"image":{"@id":"https:\/\/notabene.world\/nb\/#\/schema\/logo\/image\/"},"sameAs":["https:\/\/www.facebook.com\/Notabene.World"]},{"@type":"Person","@id":"https:\/\/notabene.world\/nb\/#\/schema\/person\/890c5cc2bd0337867802bcca5ee56dee","name":"Julian Tarnowski","image":{"@type":"ImageObject","inLanguage":"pl-PL","@id":"https:\/\/secure.gravatar.com\/avatar\/151c2da0993f25c9e553bfa30b4da86942b5a68cf934473be0bc4dc52284b95b?s=96&d=mm&r=g","url":"https:\/\/secure.gravatar.com\/avatar\/151c2da0993f25c9e553bfa30b4da86942b5a68cf934473be0bc4dc52284b95b?s=96&d=mm&r=g","contentUrl":"https:\/\/secure.gravatar.com\/avatar\/151c2da0993f25c9e553bfa30b4da86942b5a68cf934473be0bc4dc52284b95b?s=96&d=mm&r=g","caption":"Julian Tarnowski"},"sameAs":["https:\/\/www.facebook.com\/profile.php?id=100014087373140","https:\/\/www.instagram.com\/tarnowskiofficial\/","https:\/\/x.com\/JulianTarnowsk1"],"url":"https:\/\/notabene.world\/nb\/author\/julian\/"}]}},"jetpack_featured_media_url":"https:\/\/i0.wp.com\/notabene.world\/nb\/wp-content\/uploads\/2022\/01\/259255787_4636324456411075_5213169001495366344_n.jpg?fit=895%2C805&ssl=1","jetpack_sharing_enabled":true,"jetpack_shortlink":"https:\/\/wp.me\/pdCobN-jw","_links":{"self":[{"href":"https:\/\/notabene.world\/nb\/wp-json\/wp\/v2\/posts\/1210","targetHints":{"allow":["GET"]}}],"collection":[{"href":"https:\/\/notabene.world\/nb\/wp-json\/wp\/v2\/posts"}],"about":[{"href":"https:\/\/notabene.world\/nb\/wp-json\/wp\/v2\/types\/post"}],"author":[{"embeddable":true,"href":"https:\/\/notabene.world\/nb\/wp-json\/wp\/v2\/users\/6"}],"replies":[{"embeddable":true,"href":"https:\/\/notabene.world\/nb\/wp-json\/wp\/v2\/comments?post=1210"}],"version-history":[{"count":5,"href":"https:\/\/notabene.world\/nb\/wp-json\/wp\/v2\/posts\/1210\/revisions"}],"predecessor-version":[{"id":1269,"href":"https:\/\/notabene.world\/nb\/wp-json\/wp\/v2\/posts\/1210\/revisions\/1269"}],"wp:featuredmedia":[{"embeddable":true,"href":"https:\/\/notabene.world\/nb\/wp-json\/wp\/v2\/media\/1217"}],"wp:attachment":[{"href":"https:\/\/notabene.world\/nb\/wp-json\/wp\/v2\/media?parent=1210"}],"wp:term":[{"taxonomy":"category","embeddable":true,"href":"https:\/\/notabene.world\/nb\/wp-json\/wp\/v2\/categories?post=1210"},{"taxonomy":"post_tag","embeddable":true,"href":"https:\/\/notabene.world\/nb\/wp-json\/wp\/v2\/tags?post=1210"}],"curies":[{"name":"wp","href":"https:\/\/api.w.org\/{rel}","templated":true}]}}