{"id":12101,"date":"2023-12-23T20:41:34","date_gmt":"2023-12-23T19:41:34","guid":{"rendered":"https:\/\/notabene.world\/nb\/?p=12101"},"modified":"2024-01-13T13:59:49","modified_gmt":"2024-01-13T12:59:49","slug":"ranking-najlepszych-politycznych-zyczen-swiatecznych","status":"publish","type":"post","link":"https:\/\/notabene.world\/nb\/ranking-najlepszych-politycznych-zyczen-swiatecznych\/","title":{"rendered":"Ranking najlepszych politycznych \u017cycze\u0144 \u015bwi\u0105tecznych"},"content":{"rendered":"\n<p>\u015awi\u0119ta Bo\u017cego Narodzenia to nie czas na budowanie poparcia; to nie czas na chwalenie si\u0119 sukcesami i obietnice ci\u0119\u017ckiej pracy. Nie s\u0105dzi\u0142em, \u017ce ogl\u0105daj\u0105c \u017cyczenia \u015bwi\u0105teczne publikowane przez oficjalne ministerialne konta, znajd\u0119 jakiekolwiek, kt\u00f3re zawieraj\u0105 w sobie polityk\u0119. Niestety myli\u0142em si\u0119. Zapraszam na ranking najlepszych \u017cycze\u0144 \u015bwi\u0105tecznych sk\u0142adanych przez rz\u0105d. <\/p>\n\n\n\n<h2 class=\"wp-block-heading\">Miejsce VI &#8211; brak \u017cycze\u0144<\/h2>\n\n\n\n<p>Uwa\u017cam, \u017ce \u017cyczenia \u015bwi\u0105teczne publikowane w formie oficjalnej, powinny by\u0107 zamieszczane w internecie najp\u00f3\u017aniej do wieczora 23 grudnia.\u2002W wigili\u0119 ma\u0142o kto ma czas, by skrolowa\u0107 media spo\u0142eczno\u015bciowe i ws\u0142uchiwa\u0107 si\u0119 w to, co dany polityk ma im do przekazania na nowy rok. Dlatego te\u017c najgorsze \u017cyczenia \u015bwi\u0105teczne to brak \u017cycze\u0144. A \u017cycze\u0144 nie z\u0142o\u017cy\u0142o:<\/p>\n\n\n\n<ul class=\"wp-block-list\">\n<li><strong>Ministerstwo Kultury i Dziedzictwa Narodowego<\/strong> &#8211; (brak \u017cycze\u0144 na oficjalnym profilu, a do prywatnych \u017cycze\u0144 Sienkiewicza przejdziemy p\u00f3\u017aniej)<\/li>\n\n\n\n<li><strong>Ministerstwo Finans\u00f3w<\/strong> (brak \u017cycze\u0144 z oficjalnego konta i z prywatnego konta Andrzeja Doma\u0144skiego)<\/li>\n\n\n\n<li><strong>Ministerstwo Sportu i Turystyki<\/strong> (brak \u017cycze\u0144 na oficjalnym koncie, prywatny profil S\u0142awomira Nitrasa udost\u0119pni\u0142 jedynie \u017cyczenia Rafa\u0142a Trzaskowskiego)<\/li>\n<\/ul>\n\n\n\n<p><\/p>\n\n\n\n<h2 class=\"wp-block-heading\">Miejsce V &#8211; Bart\u0142omiej Sienkiewicz <\/h2>\n\n\n\n<p>Gdyby ministerstwo kultury wrzuci\u0142o jakiekolwiek \u017cyczenia, nie wstawia\u0142bym tutaj tego filmiku. Niestety &#8211; tutaj \u017cyczenia \u015bwi\u0105teczne s\u0105 po\u0142\u0105czone z zapowiedzi\u0105 usuni\u0119cia \u00f3wczesnego kuratora Ma\u0142opolski &#8211; Barbary Nowak. O ile sam fakt usuni\u0119cia jej z tego stanowiska niezwykle mnie cieszy, o tyle mieszanie tego z \u017cyczeniami \u015bwi\u0105tecznymi to dno. <\/p>\n\n\n\n<figure class=\"wp-block-embed aligncenter is-type-rich is-provider-twitter wp-block-embed-twitter\"><div class=\"wp-block-embed__wrapper\">\n<blockquote class=\"twitter-tweet\" data-width=\"550\" data-dnt=\"true\"><p lang=\"pl\" dir=\"ltr\">Id\u0105 \u015bwi\u0119ta, czas nadziei i prezent\u00f3w, ju\u017c jutro w Krakowie o 11:30 <a href=\"https:\/\/twitter.com\/barbaraanowacka?ref_src=twsrc%5Etfw\">@barbaraanowacka<\/a> b\u0119dzie mia\u0142a szczeg\u00f3lny prezent dla wszystkich dzieci, m\u0142odzie\u017cy i pracownik\u00f3w o\u015bwiaty. <a href=\"https:\/\/t.co\/5nQoH00lcE\">pic.twitter.com\/5nQoH00lcE<\/a><\/p>&mdash; Bart\u0142omiej Sienkiewicz (@BartSienkiewicz) <a href=\"https:\/\/twitter.com\/BartSienkiewicz\/status\/1735344447032877194?ref_src=twsrc%5Etfw\">December 14, 2023<\/a><\/blockquote><script async src=\"https:\/\/platform.twitter.com\/widgets.js\" charset=\"utf-8\"><\/script>\n<\/div><\/figure>\n\n\n\n<p><\/p>\n\n\n\n<h2 class=\"wp-block-heading\"> Miejsce IV &#8211; Du\u017co polityki. <\/h2>\n\n\n\n<p>Na dole \u017cyczenia Rados\u0142awa Sikorskiego, bo s\u0105 chyba najmniej \u017cenuj\u0105ce. <\/p>\n\n\n\n<ul class=\"wp-block-list\">\n<li><strong>Ministerstwo Edukacji<\/strong> &#8211; Du\u017cym plusem \u017cycze\u0144 jest pro\u015bba, by nauczyciele nie zadawali na \u015bwi\u0119ta prac domowych. Szkoda, \u017ce ministra wspomina o podwy\u017ckach &#8211; mimo wszystko jest to budowanie poparcia.<\/li>\n\n\n\n<li><strong>Ministerstwo Sprawiedliwo\u015bci<\/strong> &#8211; Praworz\u0105dno\u015b\u0107, konstytucja, naprawimy to! Serio? Pomimo tego, \u017ce nie ma tu konkretnych oskar\u017ce\u0144, to jednak tre\u015b\u0107 \u017cycze\u0144 budzi polityczne skojarzenia. Niefajnie.<\/li>\n\n\n\n<li><strong>Ministerstwo Klimatu i \u015arodowiska<\/strong> &#8211; Filmik trwa p\u00f3\u0142torej minuty, a realne \u017cyczenia \u015bwi\u0105teczne trwaj\u0105 6 sekund. Reszta to polityczna papka o ci\u0119\u017ckiej pracy. \u017benuj\u0105ce.<\/li>\n\n\n\n<li><strong>Ministerstwo Spraw Zagranicznych <\/strong>&#8211; Zn\u00f3w zapowied\u017a ci\u0119\u017ckiej pracy i odbudowy relacji z sojusznikami. Jednak trzeba przyzna\u0107, \u017ce w tej grupie polityki jest najmniej. <\/li>\n<\/ul>\n\n\n\n<figure class=\"wp-block-embed is-type-rich is-provider-twitter wp-block-embed-twitter\"><div class=\"wp-block-embed__wrapper\">\n<blockquote class=\"twitter-tweet\" data-width=\"550\" data-dnt=\"true\"><p lang=\"pl\" dir=\"ltr\">\ud83d\udcac Mam nadziej\u0119, \u017ce przysz\u0142y rok stanie si\u0119 dla \u015bwiata czasem pokoju, a dla nas rado\u015bci i dostatku. Jestem przekonany, \u017ce ka\u017cdy z nas b\u0119dzie mia\u0142 wiele powod\u00f3w do dumy z naszych najbli\u017cszych i naszej Ojczyzny \ud83c\uddf5\ud83c\uddf1.<br><br>\ud83c\udf84 \u017cyczenia \u015bwi\u0105teczno-noworoczne od ministra <a href=\"https:\/\/twitter.com\/sikorskiradek?ref_src=twsrc%5Etfw\">@sikorskiradek<\/a> <a href=\"https:\/\/t.co\/KQY8v0zZgd\">pic.twitter.com\/KQY8v0zZgd<\/a><\/p>&mdash; Ministerstwo Spraw Zagranicznych RP \ud83c\uddf5\ud83c\uddf1 (@MSZ_RP) <a href=\"https:\/\/twitter.com\/MSZ_RP\/status\/1738469494904025324?ref_src=twsrc%5Etfw\">December 23, 2023<\/a><\/blockquote><script async src=\"https:\/\/platform.twitter.com\/widgets.js\" charset=\"utf-8\"><\/script>\n<\/div><\/figure>\n\n\n\n<h2 class=\"wp-block-heading\">Miejsce III &#8211; Ministerstwo Zdrowia i Ministerstwo Cyfryzacji  &#8211; \u015awi\u0105teczna awangarda<\/h2>\n\n\n\n<p>Mamy tutaj dwa resorty, tworz\u0105ce awangard\u0119 \u015bwi\u0105tecznych \u017cycze\u0144 &#8211; Prosty przekaz, bez jakichkolwiek udziwnie\u0144, w formie zdj\u0119\u0107, kartek \u015bwi\u0105tecznych online; bij\u0105cy minimalizm, szczeg\u00f3lnie w przypadku zdrowia. Koniec i bomba, kto czyta\u0142 temu weso\u0142ych \u015bwi\u0105t.<\/p>\n\n\n\n<figure class=\"wp-block-embed is-type-rich is-provider-twitter wp-block-embed-twitter\" style=\"margin-top:0;margin-right:0;margin-bottom:0;margin-left:0\"><div class=\"wp-block-embed__wrapper\">\n<blockquote class=\"twitter-tweet\" data-width=\"550\" data-dnt=\"true\"><p lang=\"pl\" dir=\"ltr\">\u017byczenia od Minister Zdrowia Izabeli <a href=\"https:\/\/twitter.com\/Leszczyna?ref_src=twsrc%5Etfw\">@Leszczyna<\/a> <a href=\"https:\/\/t.co\/KY4UOonof8\">pic.twitter.com\/KY4UOonof8<\/a><\/p>&mdash; Ministerstwo Zdrowia (@MZ_GOV_PL) <a href=\"https:\/\/twitter.com\/MZ_GOV_PL\/status\/1738216385912639793?ref_src=twsrc%5Etfw\">December 22, 2023<\/a><\/blockquote><script async src=\"https:\/\/platform.twitter.com\/widgets.js\" charset=\"utf-8\"><\/script>\n<\/div><\/figure>\n\n\n\n<p><\/p>\n\n\n\n<h2 class=\"wp-block-heading\">Miejsce II\u2002- Donald Tusk <\/h2>\n\n\n\n<p>\u017byczenia PRM s\u0105 d\u0142ugie i skierowane do wyborc\u00f3w KO i PiS&#8217;u osobno, chocia\u017c w spos\u00f3b przyjazny i szanuj\u0105cy obie strony. Niby fajnie, ale jednak wola\u0142bym suche, ca\u0142kowicie bezstronne \u017cyczenia. <\/p>\n\n\n\n<figure class=\"wp-block-embed is-type-rich is-provider-twitter wp-block-embed-twitter\"><div class=\"wp-block-embed__wrapper\">\n<blockquote class=\"twitter-tweet\" data-width=\"550\" data-dnt=\"true\"><p lang=\"pl\" dir=\"ltr\">B\u0105d\u017amy wsp\u00f3lnot\u0105. <a href=\"https:\/\/t.co\/H3dRx8NTuK\">pic.twitter.com\/H3dRx8NTuK<\/a><\/p>&mdash; Donald Tusk (@donaldtusk) <a href=\"https:\/\/twitter.com\/donaldtusk\/status\/1738454402195677537?ref_src=twsrc%5Etfw\">December 23, 2023<\/a><\/blockquote><script async src=\"https:\/\/platform.twitter.com\/widgets.js\" charset=\"utf-8\"><\/script>\n<\/div><\/figure>\n\n\n\n<p><\/p>\n\n\n\n<h2 class=\"wp-block-heading\">Miejsce I &#8211; \u017cyczenia apolityczne <\/h2>\n\n\n\n<p>Fajne, merytoryczne \u017cyczenia, nie rzucaj\u0105ce \u017cadnych skojarze\u0144 politycznych, odnosz\u0105ce si\u0119 do tematyki ministerialnej b\u0105d\u017a nie &#8211; to niewa\u017cne. Wa\u017cne jest to, by \u017cyczenia \u015bwi\u0105teczne nie by\u0142y w og\u00f3le polityczne.\u2002Poni\u017cej przedstawiam autor\u00f3w takowych w\u0142a\u015bnie \u017cycze\u0144:<\/p>\n\n\n\n<ul class=\"wp-block-list\">\n<li><strong>Mateusz Morawiecki <\/strong><\/li>\n\n\n\n<li><strong>Ministerstwo Nauki <\/strong><\/li>\n\n\n\n<li><strong>Ministerstwo Aktyw\u00f3w Pa\u0144stwowych <\/strong><\/li>\n\n\n\n<li><strong>Ministerstwo Infrastruktury <\/strong><\/li>\n\n\n\n<li><strong>Ministerstwo Obrony Narodowej <\/strong><\/li>\n\n\n\n<li><strong>Ministerstwo Spraw Wewn\u0119trznych <\/strong><\/li>\n\n\n\n<li><strong>Ministerstwo Rolnictwa <\/strong><\/li>\n\n\n\n<li><strong>Ministerstwo Rozwoju i Technologii <\/strong><\/li>\n\n\n\n<li><strong>Ministerstwo Rodziny, Pracy i Polityki Spo\u0142ecznej <\/strong><\/li>\n<\/ul>\n\n\n\n<p>Wyr\u00f3\u017cnienie specjalne dla najbardziej uroczych i oryginalnych \u017cycze\u0144 \u015bwi\u0105tecznych autorstwa Katarzyny Pe\u0142czy\u0144skiej Na\u0142\u0119cz, <strong>Minister Funduszy i Polityki Regionalnej. <\/strong><\/p>\n\n\n\n<figure class=\"wp-block-embed is-type-rich is-provider-twitter wp-block-embed-twitter\"><div class=\"wp-block-embed__wrapper\">\n<blockquote class=\"twitter-tweet\" data-width=\"550\" data-dnt=\"true\"><p lang=\"pl\" dir=\"ltr\">Weso\u0142ych \u015awi\u0105t. Dla Wszystkich.<a href=\"https:\/\/twitter.com\/hashtag\/rodzina?src=hash&amp;ref_src=twsrc%5Etfw\">#rodzina<\/a> <a href=\"https:\/\/twitter.com\/hashtag\/rado%C5%9B%C4%87?src=hash&amp;ref_src=twsrc%5Etfw\">#rado\u015b\u0107<\/a> <a href=\"https:\/\/twitter.com\/hashtag\/spok%C3%B3j?src=hash&amp;ref_src=twsrc%5Etfw\">#spok\u00f3j<\/a> <a href=\"https:\/\/twitter.com\/hashtag\/%C5%9Bwi%C4%99ta?src=hash&amp;ref_src=twsrc%5Etfw\">#\u015bwi\u0119ta<\/a> <a href=\"https:\/\/twitter.com\/hashtag\/MFiPR?src=hash&amp;ref_src=twsrc%5Etfw\">#MFiPR<\/a> <a href=\"https:\/\/t.co\/zgQFUy7EYc\">pic.twitter.com\/zgQFUy7EYc<\/a><\/p>&mdash; Ministerstwo Funduszy i Polityki Regionalnej (@MFIPR_GOV_PL) <a href=\"https:\/\/twitter.com\/MFIPR_GOV_PL\/status\/1738469490122498264?ref_src=twsrc%5Etfw\">December 23, 2023<\/a><\/blockquote><script async src=\"https:\/\/platform.twitter.com\/widgets.js\" charset=\"utf-8\"><\/script>\n<\/div><\/figure>\n","protected":false},"excerpt":{"rendered":"<p>\u015awi\u0119ta Bo\u017cego Narodzenia to nie czas na budowanie poparcia; to nie czas na chwalenie si\u0119 sukcesami i obietnice ci\u0119\u017ckiej pracy. Nie s\u0105dzi\u0142em, \u017ce ogl\u0105daj\u0105c \u017cyczenia \u015bwi\u0105teczne publikowane przez oficjalne ministerialne konta, znajd\u0119 jakiekolwiek, kt\u00f3re zawieraj\u0105 w sobie polityk\u0119. Niestety myli\u0142em si\u0119. Zapraszam na ranking najlepszych \u017cycze\u0144 \u015bwi\u0105tecznych sk\u0142adanych przez rz\u0105d.<br \/>\n<br \/>\nUwa\u017cam, \u017ce \u017cyczenia \u015bwi\u0105teczne publikowane w formie oficjalnej, powinny by\u0107 zamieszczane w internecie najp\u00f3\u017aniej do wieczora 23 grudnia.\u2002W wigili\u0119 ma\u0142o kto ma czas, by skrolowa\u0107 media spo\u0142eczno\u015bciowe i ws\u0142uchiwa\u0107 si\u0119 w to, co dany polityk ma im do przekazania na nowy rok. Dlatego te\u017c najgorsze \u017cyczenia \u015bwi\u0105teczne to brak \u017cycze\u0144.<br \/>\n<br \/>\nGdyby ministerstwo kultury wrzuci\u0142o jakiekolwiek \u017cyczenia, nie wstawia\u0142bym tutaj tego filmiku. Niestety &#8211; tutaj \u017cyczenia \u015bwi\u0105teczne s\u0105 po\u0142\u0105czone z zapowiedzi\u0105 usuni\u0119cia \u00f3wczesnego kuratora Ma\u0142opolski &#8211; Barbary Nowak. O ile sam fakt usuni\u0119cia jej z tego stanowiska niezwykle mnie cieszy, o tyle mieszanie tego z \u017cyczeniami \u015bwi\u0105tecznymi jest co najmniej problematyczne&#8230;<\/p>\n","protected":false},"author":6,"featured_media":12110,"comment_status":"closed","ping_status":"closed","sticky":false,"template":"","format":"standard","meta":{"colormag_page_container_layout":"no_sidebar_content_centered","colormag_page_sidebar_layout":"no_sidebar","_jetpack_memberships_contains_paid_content":false,"footnotes":"","_links_to":"","_links_to_target":""},"categories":[152,8],"tags":[],"class_list":["post-12101","post","type-post","status-publish","format-standard","has-post-thumbnail","hentry","category-komentarze","category-polityka"],"yoast_head":"<!-- This site is optimized with the Yoast SEO plugin v27.5 - https:\/\/yoast.com\/product\/yoast-seo-wordpress\/ -->\n<title>Ranking najlepszych politycznych \u017cycze\u0144 \u015bwi\u0105tecznych - NOTABENE.WORLD<\/title>\n<meta name=\"robots\" content=\"index, follow, max-snippet:-1, max-image-preview:large, max-video-preview:-1\" \/>\n<link rel=\"canonical\" href=\"https:\/\/notabene.world\/nb\/ranking-najlepszych-politycznych-zyczen-swiatecznych\/\" \/>\n<meta property=\"og:locale\" content=\"pl_PL\" \/>\n<meta property=\"og:type\" content=\"article\" \/>\n<meta property=\"og:title\" content=\"Ranking najlepszych politycznych \u017cycze\u0144 \u015bwi\u0105tecznych - NOTABENE.WORLD\" \/>\n<meta property=\"og:description\" content=\"\u015awi\u0119ta Bo\u017cego Narodzenia to nie czas na budowanie poparcia; to nie czas na chwalenie si\u0119 sukcesami i obietnice ci\u0119\u017ckiej pracy. Nie s\u0105dzi\u0142em, \u017ce ogl\u0105daj\u0105c \u017cyczenia \u015bwi\u0105teczne publikowane przez oficjalne ministerialne konta, znajd\u0119 jakiekolwiek, kt\u00f3re zawieraj\u0105 w sobie polityk\u0119. Niestety myli\u0142em si\u0119. Zapraszam na ranking najlepszych \u017cycze\u0144 \u015bwi\u0105tecznych sk\u0142adanych przez rz\u0105d. Uwa\u017cam, \u017ce \u017cyczenia \u015bwi\u0105teczne publikowane w formie oficjalnej, powinny by\u0107 zamieszczane w internecie najp\u00f3\u017aniej do wieczora 23 grudnia.\u2002W wigili\u0119 ma\u0142o kto ma czas, by skrolowa\u0107 media spo\u0142eczno\u015bciowe i ws\u0142uchiwa\u0107 si\u0119 w to, co dany polityk ma im do przekazania na nowy rok. Dlatego te\u017c najgorsze \u017cyczenia \u015bwi\u0105teczne to brak \u017cycze\u0144. Gdyby ministerstwo kultury wrzuci\u0142o jakiekolwiek \u017cyczenia, nie wstawia\u0142bym tutaj tego filmiku. Niestety - tutaj \u017cyczenia \u015bwi\u0105teczne s\u0105 po\u0142\u0105czone z zapowiedzi\u0105 usuni\u0119cia \u00f3wczesnego kuratora Ma\u0142opolski - Barbary Nowak. O ile sam fakt usuni\u0119cia jej z tego stanowiska niezwykle mnie cieszy, o tyle mieszanie tego z \u017cyczeniami \u015bwi\u0105tecznymi jest co najmniej problematyczne...\" \/>\n<meta property=\"og:url\" content=\"https:\/\/notabene.world\/nb\/ranking-najlepszych-politycznych-zyczen-swiatecznych\/\" \/>\n<meta property=\"og:site_name\" content=\"NOTABENE.WORLD\" \/>\n<meta property=\"article:publisher\" content=\"https:\/\/www.facebook.com\/Notabene.World\" \/>\n<meta property=\"article:author\" content=\"https:\/\/www.facebook.com\/profile.php?id=100014087373140\" \/>\n<meta property=\"article:published_time\" content=\"2023-12-23T19:41:34+00:00\" \/>\n<meta property=\"article:modified_time\" content=\"2024-01-13T12:59:49+00:00\" \/>\n<meta property=\"og:image\" content=\"https:\/\/notabene.world\/nb\/wp-content\/uploads\/2023\/12\/xmas.jpg\" \/>\n\t<meta property=\"og:image:width\" content=\"800\" \/>\n\t<meta property=\"og:image:height\" content=\"445\" \/>\n\t<meta property=\"og:image:type\" content=\"image\/jpeg\" \/>\n<meta name=\"author\" content=\"Julian Tarnowski\" \/>\n<meta name=\"twitter:card\" content=\"summary_large_image\" \/>\n<meta name=\"twitter:creator\" content=\"@JulianTarnowsk1\" \/>\n<meta name=\"twitter:label1\" content=\"Napisane przez\" \/>\n\t<meta name=\"twitter:data1\" content=\"Julian Tarnowski\" \/>\n\t<meta name=\"twitter:label2\" content=\"Szacowany czas czytania\" \/>\n\t<meta name=\"twitter:data2\" content=\"3 minuty\" \/>\n<script type=\"application\/ld+json\" class=\"yoast-schema-graph\">{\"@context\":\"https:\\\/\\\/schema.org\",\"@graph\":[{\"@type\":\"Article\",\"@id\":\"https:\\\/\\\/notabene.world\\\/nb\\\/ranking-najlepszych-politycznych-zyczen-swiatecznych\\\/#article\",\"isPartOf\":{\"@id\":\"https:\\\/\\\/notabene.world\\\/nb\\\/ranking-najlepszych-politycznych-zyczen-swiatecznych\\\/\"},\"author\":{\"name\":\"Julian Tarnowski\",\"@id\":\"https:\\\/\\\/notabene.world\\\/nb\\\/#\\\/schema\\\/person\\\/890c5cc2bd0337867802bcca5ee56dee\"},\"headline\":\"Ranking najlepszych politycznych \u017cycze\u0144 \u015bwi\u0105tecznych\",\"datePublished\":\"2023-12-23T19:41:34+00:00\",\"dateModified\":\"2024-01-13T12:59:49+00:00\",\"mainEntityOfPage\":{\"@id\":\"https:\\\/\\\/notabene.world\\\/nb\\\/ranking-najlepszych-politycznych-zyczen-swiatecznych\\\/\"},\"wordCount\":621,\"publisher\":{\"@id\":\"https:\\\/\\\/notabene.world\\\/nb\\\/#organization\"},\"image\":{\"@id\":\"https:\\\/\\\/notabene.world\\\/nb\\\/ranking-najlepszych-politycznych-zyczen-swiatecznych\\\/#primaryimage\"},\"thumbnailUrl\":\"https:\\\/\\\/i0.wp.com\\\/notabene.world\\\/nb\\\/wp-content\\\/uploads\\\/2023\\\/12\\\/xmas.jpg?fit=800%2C445&ssl=1\",\"articleSection\":[\"Komentarze\",\"Polityka\"],\"inLanguage\":\"pl-PL\"},{\"@type\":\"WebPage\",\"@id\":\"https:\\\/\\\/notabene.world\\\/nb\\\/ranking-najlepszych-politycznych-zyczen-swiatecznych\\\/\",\"url\":\"https:\\\/\\\/notabene.world\\\/nb\\\/ranking-najlepszych-politycznych-zyczen-swiatecznych\\\/\",\"name\":\"Ranking najlepszych politycznych \u017cycze\u0144 \u015bwi\u0105tecznych - NOTABENE.WORLD\",\"isPartOf\":{\"@id\":\"https:\\\/\\\/notabene.world\\\/nb\\\/#website\"},\"primaryImageOfPage\":{\"@id\":\"https:\\\/\\\/notabene.world\\\/nb\\\/ranking-najlepszych-politycznych-zyczen-swiatecznych\\\/#primaryimage\"},\"image\":{\"@id\":\"https:\\\/\\\/notabene.world\\\/nb\\\/ranking-najlepszych-politycznych-zyczen-swiatecznych\\\/#primaryimage\"},\"thumbnailUrl\":\"https:\\\/\\\/i0.wp.com\\\/notabene.world\\\/nb\\\/wp-content\\\/uploads\\\/2023\\\/12\\\/xmas.jpg?fit=800%2C445&ssl=1\",\"datePublished\":\"2023-12-23T19:41:34+00:00\",\"dateModified\":\"2024-01-13T12:59:49+00:00\",\"breadcrumb\":{\"@id\":\"https:\\\/\\\/notabene.world\\\/nb\\\/ranking-najlepszych-politycznych-zyczen-swiatecznych\\\/#breadcrumb\"},\"inLanguage\":\"pl-PL\",\"potentialAction\":[{\"@type\":\"ReadAction\",\"target\":[\"https:\\\/\\\/notabene.world\\\/nb\\\/ranking-najlepszych-politycznych-zyczen-swiatecznych\\\/\"]}]},{\"@type\":\"ImageObject\",\"inLanguage\":\"pl-PL\",\"@id\":\"https:\\\/\\\/notabene.world\\\/nb\\\/ranking-najlepszych-politycznych-zyczen-swiatecznych\\\/#primaryimage\",\"url\":\"https:\\\/\\\/i0.wp.com\\\/notabene.world\\\/nb\\\/wp-content\\\/uploads\\\/2023\\\/12\\\/xmas.jpg?fit=800%2C445&ssl=1\",\"contentUrl\":\"https:\\\/\\\/i0.wp.com\\\/notabene.world\\\/nb\\\/wp-content\\\/uploads\\\/2023\\\/12\\\/xmas.jpg?fit=800%2C445&ssl=1\",\"width\":800,\"height\":445},{\"@type\":\"BreadcrumbList\",\"@id\":\"https:\\\/\\\/notabene.world\\\/nb\\\/ranking-najlepszych-politycznych-zyczen-swiatecznych\\\/#breadcrumb\",\"itemListElement\":[{\"@type\":\"ListItem\",\"position\":1,\"name\":\"Home\",\"item\":\"https:\\\/\\\/notabene.world\\\/nb\\\/\"},{\"@type\":\"ListItem\",\"position\":2,\"name\":\"Ranking najlepszych politycznych \u017cycze\u0144 \u015bwi\u0105tecznych\"}]},{\"@type\":\"WebSite\",\"@id\":\"https:\\\/\\\/notabene.world\\\/nb\\\/#website\",\"url\":\"https:\\\/\\\/notabene.world\\\/nb\\\/\",\"name\":\"NOTABENE.WORLD\",\"description\":\"Przekaz. Warto\u015bci. Wsp\u00f3lnota.\",\"publisher\":{\"@id\":\"https:\\\/\\\/notabene.world\\\/nb\\\/#organization\"},\"potentialAction\":[{\"@type\":\"SearchAction\",\"target\":{\"@type\":\"EntryPoint\",\"urlTemplate\":\"https:\\\/\\\/notabene.world\\\/nb\\\/?s={search_term_string}\"},\"query-input\":{\"@type\":\"PropertyValueSpecification\",\"valueRequired\":true,\"valueName\":\"search_term_string\"}}],\"inLanguage\":\"pl-PL\"},{\"@type\":\"Organization\",\"@id\":\"https:\\\/\\\/notabene.world\\\/nb\\\/#organization\",\"name\":\"NOTABENE.WORLD\",\"url\":\"https:\\\/\\\/notabene.world\\\/nb\\\/\",\"logo\":{\"@type\":\"ImageObject\",\"inLanguage\":\"pl-PL\",\"@id\":\"https:\\\/\\\/notabene.world\\\/nb\\\/#\\\/schema\\\/logo\\\/image\\\/\",\"url\":\"https:\\\/\\\/notabene.world\\\/nb\\\/wp-content\\\/uploads\\\/2022\\\/01\\\/NB-club-start-www1.jpg\",\"contentUrl\":\"https:\\\/\\\/notabene.world\\\/nb\\\/wp-content\\\/uploads\\\/2022\\\/01\\\/NB-club-start-www1.jpg\",\"width\":1000,\"height\":839,\"caption\":\"NOTABENE.WORLD\"},\"image\":{\"@id\":\"https:\\\/\\\/notabene.world\\\/nb\\\/#\\\/schema\\\/logo\\\/image\\\/\"},\"sameAs\":[\"https:\\\/\\\/www.facebook.com\\\/Notabene.World\"]},{\"@type\":\"Person\",\"@id\":\"https:\\\/\\\/notabene.world\\\/nb\\\/#\\\/schema\\\/person\\\/890c5cc2bd0337867802bcca5ee56dee\",\"name\":\"Julian Tarnowski\",\"image\":{\"@type\":\"ImageObject\",\"inLanguage\":\"pl-PL\",\"@id\":\"https:\\\/\\\/secure.gravatar.com\\\/avatar\\\/151c2da0993f25c9e553bfa30b4da86942b5a68cf934473be0bc4dc52284b95b?s=96&d=mm&r=g\",\"url\":\"https:\\\/\\\/secure.gravatar.com\\\/avatar\\\/151c2da0993f25c9e553bfa30b4da86942b5a68cf934473be0bc4dc52284b95b?s=96&d=mm&r=g\",\"contentUrl\":\"https:\\\/\\\/secure.gravatar.com\\\/avatar\\\/151c2da0993f25c9e553bfa30b4da86942b5a68cf934473be0bc4dc52284b95b?s=96&d=mm&r=g\",\"caption\":\"Julian Tarnowski\"},\"sameAs\":[\"https:\\\/\\\/www.facebook.com\\\/profile.php?id=100014087373140\",\"https:\\\/\\\/www.instagram.com\\\/tarnowskiofficial\\\/\",\"https:\\\/\\\/x.com\\\/JulianTarnowsk1\"],\"url\":\"https:\\\/\\\/notabene.world\\\/nb\\\/author\\\/julian\\\/\"}]}<\/script>\n<!-- \/ Yoast SEO plugin. -->","yoast_head_json":{"title":"Ranking najlepszych politycznych \u017cycze\u0144 \u015bwi\u0105tecznych - NOTABENE.WORLD","robots":{"index":"index","follow":"follow","max-snippet":"max-snippet:-1","max-image-preview":"max-image-preview:large","max-video-preview":"max-video-preview:-1"},"canonical":"https:\/\/notabene.world\/nb\/ranking-najlepszych-politycznych-zyczen-swiatecznych\/","og_locale":"pl_PL","og_type":"article","og_title":"Ranking najlepszych politycznych \u017cycze\u0144 \u015bwi\u0105tecznych - NOTABENE.WORLD","og_description":"\u015awi\u0119ta Bo\u017cego Narodzenia to nie czas na budowanie poparcia; to nie czas na chwalenie si\u0119 sukcesami i obietnice ci\u0119\u017ckiej pracy. Nie s\u0105dzi\u0142em, \u017ce ogl\u0105daj\u0105c \u017cyczenia \u015bwi\u0105teczne publikowane przez oficjalne ministerialne konta, znajd\u0119 jakiekolwiek, kt\u00f3re zawieraj\u0105 w sobie polityk\u0119. Niestety myli\u0142em si\u0119. Zapraszam na ranking najlepszych \u017cycze\u0144 \u015bwi\u0105tecznych sk\u0142adanych przez rz\u0105d. Uwa\u017cam, \u017ce \u017cyczenia \u015bwi\u0105teczne publikowane w formie oficjalnej, powinny by\u0107 zamieszczane w internecie najp\u00f3\u017aniej do wieczora 23 grudnia.\u2002W wigili\u0119 ma\u0142o kto ma czas, by skrolowa\u0107 media spo\u0142eczno\u015bciowe i ws\u0142uchiwa\u0107 si\u0119 w to, co dany polityk ma im do przekazania na nowy rok. Dlatego te\u017c najgorsze \u017cyczenia \u015bwi\u0105teczne to brak \u017cycze\u0144. Gdyby ministerstwo kultury wrzuci\u0142o jakiekolwiek \u017cyczenia, nie wstawia\u0142bym tutaj tego filmiku. Niestety - tutaj \u017cyczenia \u015bwi\u0105teczne s\u0105 po\u0142\u0105czone z zapowiedzi\u0105 usuni\u0119cia \u00f3wczesnego kuratora Ma\u0142opolski - Barbary Nowak. O ile sam fakt usuni\u0119cia jej z tego stanowiska niezwykle mnie cieszy, o tyle mieszanie tego z \u017cyczeniami \u015bwi\u0105tecznymi jest co najmniej problematyczne...","og_url":"https:\/\/notabene.world\/nb\/ranking-najlepszych-politycznych-zyczen-swiatecznych\/","og_site_name":"NOTABENE.WORLD","article_publisher":"https:\/\/www.facebook.com\/Notabene.World","article_author":"https:\/\/www.facebook.com\/profile.php?id=100014087373140","article_published_time":"2023-12-23T19:41:34+00:00","article_modified_time":"2024-01-13T12:59:49+00:00","og_image":[{"width":800,"height":445,"url":"https:\/\/notabene.world\/nb\/wp-content\/uploads\/2023\/12\/xmas.jpg","type":"image\/jpeg"}],"author":"Julian Tarnowski","twitter_card":"summary_large_image","twitter_creator":"@JulianTarnowsk1","twitter_misc":{"Napisane przez":"Julian Tarnowski","Szacowany czas czytania":"3 minuty"},"schema":{"@context":"https:\/\/schema.org","@graph":[{"@type":"Article","@id":"https:\/\/notabene.world\/nb\/ranking-najlepszych-politycznych-zyczen-swiatecznych\/#article","isPartOf":{"@id":"https:\/\/notabene.world\/nb\/ranking-najlepszych-politycznych-zyczen-swiatecznych\/"},"author":{"name":"Julian Tarnowski","@id":"https:\/\/notabene.world\/nb\/#\/schema\/person\/890c5cc2bd0337867802bcca5ee56dee"},"headline":"Ranking najlepszych politycznych \u017cycze\u0144 \u015bwi\u0105tecznych","datePublished":"2023-12-23T19:41:34+00:00","dateModified":"2024-01-13T12:59:49+00:00","mainEntityOfPage":{"@id":"https:\/\/notabene.world\/nb\/ranking-najlepszych-politycznych-zyczen-swiatecznych\/"},"wordCount":621,"publisher":{"@id":"https:\/\/notabene.world\/nb\/#organization"},"image":{"@id":"https:\/\/notabene.world\/nb\/ranking-najlepszych-politycznych-zyczen-swiatecznych\/#primaryimage"},"thumbnailUrl":"https:\/\/i0.wp.com\/notabene.world\/nb\/wp-content\/uploads\/2023\/12\/xmas.jpg?fit=800%2C445&ssl=1","articleSection":["Komentarze","Polityka"],"inLanguage":"pl-PL"},{"@type":"WebPage","@id":"https:\/\/notabene.world\/nb\/ranking-najlepszych-politycznych-zyczen-swiatecznych\/","url":"https:\/\/notabene.world\/nb\/ranking-najlepszych-politycznych-zyczen-swiatecznych\/","name":"Ranking najlepszych politycznych \u017cycze\u0144 \u015bwi\u0105tecznych - NOTABENE.WORLD","isPartOf":{"@id":"https:\/\/notabene.world\/nb\/#website"},"primaryImageOfPage":{"@id":"https:\/\/notabene.world\/nb\/ranking-najlepszych-politycznych-zyczen-swiatecznych\/#primaryimage"},"image":{"@id":"https:\/\/notabene.world\/nb\/ranking-najlepszych-politycznych-zyczen-swiatecznych\/#primaryimage"},"thumbnailUrl":"https:\/\/i0.wp.com\/notabene.world\/nb\/wp-content\/uploads\/2023\/12\/xmas.jpg?fit=800%2C445&ssl=1","datePublished":"2023-12-23T19:41:34+00:00","dateModified":"2024-01-13T12:59:49+00:00","breadcrumb":{"@id":"https:\/\/notabene.world\/nb\/ranking-najlepszych-politycznych-zyczen-swiatecznych\/#breadcrumb"},"inLanguage":"pl-PL","potentialAction":[{"@type":"ReadAction","target":["https:\/\/notabene.world\/nb\/ranking-najlepszych-politycznych-zyczen-swiatecznych\/"]}]},{"@type":"ImageObject","inLanguage":"pl-PL","@id":"https:\/\/notabene.world\/nb\/ranking-najlepszych-politycznych-zyczen-swiatecznych\/#primaryimage","url":"https:\/\/i0.wp.com\/notabene.world\/nb\/wp-content\/uploads\/2023\/12\/xmas.jpg?fit=800%2C445&ssl=1","contentUrl":"https:\/\/i0.wp.com\/notabene.world\/nb\/wp-content\/uploads\/2023\/12\/xmas.jpg?fit=800%2C445&ssl=1","width":800,"height":445},{"@type":"BreadcrumbList","@id":"https:\/\/notabene.world\/nb\/ranking-najlepszych-politycznych-zyczen-swiatecznych\/#breadcrumb","itemListElement":[{"@type":"ListItem","position":1,"name":"Home","item":"https:\/\/notabene.world\/nb\/"},{"@type":"ListItem","position":2,"name":"Ranking najlepszych politycznych \u017cycze\u0144 \u015bwi\u0105tecznych"}]},{"@type":"WebSite","@id":"https:\/\/notabene.world\/nb\/#website","url":"https:\/\/notabene.world\/nb\/","name":"NOTABENE.WORLD","description":"Przekaz. Warto\u015bci. Wsp\u00f3lnota.","publisher":{"@id":"https:\/\/notabene.world\/nb\/#organization"},"potentialAction":[{"@type":"SearchAction","target":{"@type":"EntryPoint","urlTemplate":"https:\/\/notabene.world\/nb\/?s={search_term_string}"},"query-input":{"@type":"PropertyValueSpecification","valueRequired":true,"valueName":"search_term_string"}}],"inLanguage":"pl-PL"},{"@type":"Organization","@id":"https:\/\/notabene.world\/nb\/#organization","name":"NOTABENE.WORLD","url":"https:\/\/notabene.world\/nb\/","logo":{"@type":"ImageObject","inLanguage":"pl-PL","@id":"https:\/\/notabene.world\/nb\/#\/schema\/logo\/image\/","url":"https:\/\/notabene.world\/nb\/wp-content\/uploads\/2022\/01\/NB-club-start-www1.jpg","contentUrl":"https:\/\/notabene.world\/nb\/wp-content\/uploads\/2022\/01\/NB-club-start-www1.jpg","width":1000,"height":839,"caption":"NOTABENE.WORLD"},"image":{"@id":"https:\/\/notabene.world\/nb\/#\/schema\/logo\/image\/"},"sameAs":["https:\/\/www.facebook.com\/Notabene.World"]},{"@type":"Person","@id":"https:\/\/notabene.world\/nb\/#\/schema\/person\/890c5cc2bd0337867802bcca5ee56dee","name":"Julian Tarnowski","image":{"@type":"ImageObject","inLanguage":"pl-PL","@id":"https:\/\/secure.gravatar.com\/avatar\/151c2da0993f25c9e553bfa30b4da86942b5a68cf934473be0bc4dc52284b95b?s=96&d=mm&r=g","url":"https:\/\/secure.gravatar.com\/avatar\/151c2da0993f25c9e553bfa30b4da86942b5a68cf934473be0bc4dc52284b95b?s=96&d=mm&r=g","contentUrl":"https:\/\/secure.gravatar.com\/avatar\/151c2da0993f25c9e553bfa30b4da86942b5a68cf934473be0bc4dc52284b95b?s=96&d=mm&r=g","caption":"Julian Tarnowski"},"sameAs":["https:\/\/www.facebook.com\/profile.php?id=100014087373140","https:\/\/www.instagram.com\/tarnowskiofficial\/","https:\/\/x.com\/JulianTarnowsk1"],"url":"https:\/\/notabene.world\/nb\/author\/julian\/"}]}},"jetpack_featured_media_url":"https:\/\/i0.wp.com\/notabene.world\/nb\/wp-content\/uploads\/2023\/12\/xmas.jpg?fit=800%2C445&ssl=1","jetpack_sharing_enabled":true,"jetpack_shortlink":"https:\/\/wp.me\/pdCobN-39b","_links":{"self":[{"href":"https:\/\/notabene.world\/nb\/wp-json\/wp\/v2\/posts\/12101","targetHints":{"allow":["GET"]}}],"collection":[{"href":"https:\/\/notabene.world\/nb\/wp-json\/wp\/v2\/posts"}],"about":[{"href":"https:\/\/notabene.world\/nb\/wp-json\/wp\/v2\/types\/post"}],"author":[{"embeddable":true,"href":"https:\/\/notabene.world\/nb\/wp-json\/wp\/v2\/users\/6"}],"replies":[{"embeddable":true,"href":"https:\/\/notabene.world\/nb\/wp-json\/wp\/v2\/comments?post=12101"}],"version-history":[{"count":5,"href":"https:\/\/notabene.world\/nb\/wp-json\/wp\/v2\/posts\/12101\/revisions"}],"predecessor-version":[{"id":12124,"href":"https:\/\/notabene.world\/nb\/wp-json\/wp\/v2\/posts\/12101\/revisions\/12124"}],"wp:featuredmedia":[{"embeddable":true,"href":"https:\/\/notabene.world\/nb\/wp-json\/wp\/v2\/media\/12110"}],"wp:attachment":[{"href":"https:\/\/notabene.world\/nb\/wp-json\/wp\/v2\/media?parent=12101"}],"wp:term":[{"taxonomy":"category","embeddable":true,"href":"https:\/\/notabene.world\/nb\/wp-json\/wp\/v2\/categories?post=12101"},{"taxonomy":"post_tag","embeddable":true,"href":"https:\/\/notabene.world\/nb\/wp-json\/wp\/v2\/tags?post=12101"}],"curies":[{"name":"wp","href":"https:\/\/api.w.org\/{rel}","templated":true}]}}