{"id":12191,"date":"2024-01-07T19:09:16","date_gmt":"2024-01-07T18:09:16","guid":{"rendered":"https:\/\/notabene.world\/nb\/?p=12191"},"modified":"2024-02-11T15:32:45","modified_gmt":"2024-02-11T14:32:45","slug":"2024-2","status":"publish","type":"post","link":"https:\/\/notabene.world\/nb\/2024-2\/","title":{"rendered":"2024&#8230;"},"content":{"rendered":"\n<p>Niedziela. Gor\u0105ca kawa z mlekiem \u015bwietnie smakuje w ten mro\u017any poranek. W ca\u0142ej Polsce jest mr\u00f3z &#8211; od kilku do kilkunastu stopni. Pada \u015bnieg, jest \u015blisko na drogach i chodnikach. To dopiero pocz\u0105tek prawdziwej zimy. Synoptycy przewiduj\u0105, \u017ce ju\u017c w po\u0142owie tygodnia mo\u017ce by\u0107 w niekt\u00f3rych regionach nawet minus 24 stopnie. Przyzwyczaili\u015bmy si\u0119 do \u0142agodnej zimy o dodatnich temperaturach i taki skok w arktyczne temperatury naprawd\u0119 nas \u201ezmrozi\u0142\u201d, tak\u017ce finansowo. Zwi\u0119kszone ogrzewanie, od\u015bnie\u017canie dr\u00f3g itp. B\u0119dzie to nas dla nas wszystkich (obywateli, samorz\u0105d\u00f3w i firm pa\u0144stwowych, przedsi\u0119biorc\u00f3w prywatnych) niezwykle kosztowne.<\/p>\n\n\n\n<p>Pocz\u0105tek roku w polityce te\u017c troch\u0119 nas \u201emrozi\u201d. Niepok\u00f3j dotyczy przysz\u0142o\u015bci.<\/p>\n\n\n\n<p>Ju\u017c wiemy, jaki jest projekt bud\u017cetu na 2024 rok (dochody &#8211; 682 miliardy, wydatki &#8211; 866 miliard\u00f3w),&nbsp;&nbsp;wiemy wi\u0119c, jaki b\u0119dzie deficyt (184 miliardy). To, co prawda, wi\u0119cej o 20 miliard\u00f3w z\u0142otych od proponowanego przez poprzedni rz\u0105d deficytu. Projekt by\u0142 przygotowany jeszcze przed zaprzysi\u0119\u017ceniem nowego rz\u0105du (13 grudnia), ale nie przes\u0142any do Sejmu i wymaga\u0142 wielu zmian. Przede wszystkim zagwarantowania finansowania obiecanych w kampanii rozwi\u0105za\u0144 i przynajmniej cz\u0119\u015bciowego uporz\u0105dkowania finans\u00f3w publicznych.<\/p>\n\n\n\n<p>Wszyscy seniorzy powinni by\u0107 uspokojeni. W marcu dojdzie do skutku rewaloryzacja rent i emerytur, \u201etrzynastka\u201d zostanie wyp\u0142acona w kwietniu, drug\u0105 rewaloryzacj\u0119 zaplanowano na sierpie\u0144 (je\u015bli inflacja przekroczy 5%), a \u201eczternastk\u0119\u201d na wrzesie\u0144.<\/p>\n\n\n\n<p>Ju\u017c jest 800 plus.<\/p>\n\n\n\n<p>B\u0119d\u0105 podwy\u017cki 20% dla \u201ebud\u017cet\u00f3wki\u201d, zaplanowano r\u00f3wnie\u017c podwy\u017cki dla nauczycieli 30% i 33% dla nauczycieli pocz\u0105tkuj\u0105cych.<\/p>\n\n\n\n<p>Od 1 stycznia obowi\u0105zuje ju\u017c wy\u017csza p\u0142aca minimalna (4242 z\u0142otych brutto), a wi\u0119c tak\u017ce wy\u017csza stawka godzinowa.<\/p>\n\n\n\n<p>W czerwcu wejdzie w \u017cycie program in vitro.<\/p>\n\n\n\n<p>S\u0105 pieni\u0105dze na remonty i budow\u0119 nowych akademik\u00f3w dla student\u00f3w. Uniwersytet Pozna\u0144ski dosta\u0142 500 tysi\u0119cy na przygotowanie projektu remontu akademika, w obronie kt\u00f3rego protestowali studenci, nie zgadzaj\u0105c si\u0119 na sprzeda\u017c tego obiektu deweloperowi.&nbsp;<\/p>\n\n\n\n<p>To tylko niekt\u00f3re proponowane zapisy w projekcie ustawy bud\u017cetowej na 2024 rok. Powinna by\u0107 przyj\u0119ta do ko\u0144ca stycznia i przedstawiona Prezydentowi do podpisu. Co si\u0119 stanie, je\u015bli tak nie b\u0119dzie, bo Sejm nie zd\u0105\u017cy lub Prezydent przeka\u017ce ustaw\u0119 bud\u017cetow\u0105 do Trybuna\u0142u Konstytucyjnego? Dzi\u015b trudno odpowiedzie\u0107 na to pytanie. Jak niekt\u00f3rzy twierdz\u0105, mamy w Polsce dwa systemy prawne. Komu zale\u017cy na takim chaosie i maksymalnym os\u0142abieniu pa\u0144stwa? To pytanie ka\u017cdy z nas powinien sobie postawi\u0107, zw\u0142aszcza \u017ce Polska jest krajem przyfrontowym. S\u0142abo\u015b\u0107 pa\u0144stwa mo\u017ce wi\u0119c powa\u017cnie zagra\u017ca\u0107 naszemu bezpiecze\u0144stwu.<\/p>\n\n\n\n<p>A w Ukrainie ju\u017c 683 dzie\u0144 wojny. W ostatnich dniach Rosjanie zrzucili na Ukrain\u0119 ponad 200 rakiet i wys\u0142ali kilkadziesi\u0105t bojowych dron\u00f3w. Znowu zgin\u0119li cywile, zburzono szko\u0142y i szpitale. Tak agresor uczci\u0142 \u015bwi\u0119ta Bo\u017cego Narodzenia. Brakuje s\u0142\u00f3w, by opisa\u0107 dramat zwyk\u0142ych ludzi uwik\u0142anych w t\u0119 wojn\u0119.<\/p>\n","protected":false},"excerpt":{"rendered":"<p>Pocz\u0105tek roku w polityce te\u017c troch\u0119 nas \u201emrozi\u201d. Niepok\u00f3j dotyczy przysz\u0142o\u015bci.<br \/>\n<br \/>\nJu\u017c wiemy, jaki jest projekt bud\u017cetu na 2024 rok (dochody &#8211; 682 miliardy, wydatki &#8211; 866 miliard\u00f3w),\u00a0\u00a0wiemy wi\u0119c, jaki b\u0119dzie deficyt (184 miliardy). To, co prawda, wi\u0119cej o 20 miliard\u00f3w z\u0142otych od proponowanego przez poprzedni rz\u0105d deficytu. Projekt by\u0142 przygotowany jeszcze przed zaprzysi\u0119\u017ceniem nowego rz\u0105du (13 grudnia), ale nie przes\u0142any do Sejmu i wymaga\u0142 wielu zmian. Przede wszystkim zagwarantowania finansowania obiecanych w kampanii rozwi\u0105za\u0144 i przynajmniej cz\u0119\u015bciowego uporz\u0105dkowania finans\u00f3w publicznych.<br \/>\n<br \/>\nWszyscy seniorzy powinni by\u0107 uspokojeni. W marcu dojdzie do skutku rewaloryzacja rent i emerytur, \u201etrzynastka\u201d zostanie wyp\u0142acona w kwietniu, drug\u0105 rewaloryzacj\u0119 zaplanowano na sierpie\u0144 (je\u015bli inflacja przekroczy 5%), a \u201eczternastk\u0119\u201d na wrzesie\u0144.<br \/>\n<br \/>\nJu\u017c jest 800 plus.<br \/>\n<br \/>\nB\u0119d\u0105 podwy\u017cki 20% dla \u201ebud\u017cet\u00f3wki\u201d, zaplanowano r\u00f3wnie\u017c podwy\u017cki dla nauczycieli 30% i 33% dla nauczycieli pocz\u0105tkuj\u0105cych.<br \/>\n<br \/>\nOd 1 stycznia obowi\u0105zuje ju\u017c wy\u017csza p\u0142aca minimalna (4242 z\u0142otych brutto), a wi\u0119c tak\u017ce wy\u017csza stawka godzinowa.<\/p>\n","protected":false},"author":35,"featured_media":12282,"comment_status":"closed","ping_status":"closed","sticky":false,"template":"","format":"standard","meta":{"colormag_page_container_layout":"no_sidebar_content_centered","colormag_page_sidebar_layout":"no_sidebar","_jetpack_memberships_contains_paid_content":false,"footnotes":"","_links_to":"","_links_to_target":""},"categories":[64,42,175],"tags":[],"class_list":["post-12191","post","type-post","status-publish","format-standard","has-post-thumbnail","hentry","category-aktualnosci","category-felietony","category-liczby-i-fakty"],"yoast_head":"<!-- This site is optimized with the Yoast SEO plugin v27.4 - https:\/\/yoast.com\/product\/yoast-seo-wordpress\/ -->\n<title>2024... - NOTABENE.WORLD<\/title>\n<meta name=\"robots\" content=\"index, follow, max-snippet:-1, max-image-preview:large, max-video-preview:-1\" \/>\n<link rel=\"canonical\" href=\"https:\/\/notabene.world\/nb\/2024-2\/\" \/>\n<meta property=\"og:locale\" content=\"pl_PL\" \/>\n<meta property=\"og:type\" content=\"article\" \/>\n<meta property=\"og:title\" content=\"2024... - NOTABENE.WORLD\" \/>\n<meta property=\"og:description\" content=\"Pocz\u0105tek roku w polityce te\u017c troch\u0119 nas \u201emrozi\u201d. Niepok\u00f3j dotyczy przysz\u0142o\u015bci. Ju\u017c wiemy, jaki jest projekt bud\u017cetu na 2024 rok (dochody - 682 miliardy, wydatki - 866 miliard\u00f3w),\u00a0\u00a0wiemy wi\u0119c, jaki b\u0119dzie deficyt (184 miliardy). To, co prawda, wi\u0119cej o 20 miliard\u00f3w z\u0142otych od proponowanego przez poprzedni rz\u0105d deficytu. Projekt by\u0142 przygotowany jeszcze przed zaprzysi\u0119\u017ceniem nowego rz\u0105du (13 grudnia), ale nie przes\u0142any do Sejmu i wymaga\u0142 wielu zmian. Przede wszystkim zagwarantowania finansowania obiecanych w kampanii rozwi\u0105za\u0144 i przynajmniej cz\u0119\u015bciowego uporz\u0105dkowania finans\u00f3w publicznych. Wszyscy seniorzy powinni by\u0107 uspokojeni. W marcu dojdzie do skutku rewaloryzacja rent i emerytur, \u201etrzynastka\u201d zostanie wyp\u0142acona w kwietniu, drug\u0105 rewaloryzacj\u0119 zaplanowano na sierpie\u0144 (je\u015bli inflacja przekroczy 5%), a \u201eczternastk\u0119\u201d na wrzesie\u0144. Ju\u017c jest 800 plus. B\u0119d\u0105 podwy\u017cki 20% dla \u201ebud\u017cet\u00f3wki\u201d, zaplanowano r\u00f3wnie\u017c podwy\u017cki dla nauczycieli 30% i 33% dla nauczycieli pocz\u0105tkuj\u0105cych. Od 1 stycznia obowi\u0105zuje ju\u017c wy\u017csza p\u0142aca minimalna (4242 z\u0142otych brutto), a wi\u0119c tak\u017ce wy\u017csza stawka godzinowa.\" \/>\n<meta property=\"og:url\" content=\"https:\/\/notabene.world\/nb\/2024-2\/\" \/>\n<meta property=\"og:site_name\" content=\"NOTABENE.WORLD\" \/>\n<meta property=\"article:publisher\" content=\"https:\/\/www.facebook.com\/Notabene.World\" \/>\n<meta property=\"article:published_time\" content=\"2024-01-07T18:09:16+00:00\" \/>\n<meta property=\"article:modified_time\" content=\"2024-02-11T14:32:45+00:00\" \/>\n<meta property=\"og:image\" content=\"https:\/\/notabene.world\/nb\/wp-content\/uploads\/2024\/01\/2024bda1.jpg\" \/>\n\t<meta property=\"og:image:width\" content=\"800\" \/>\n\t<meta property=\"og:image:height\" content=\"445\" \/>\n\t<meta property=\"og:image:type\" content=\"image\/jpeg\" \/>\n<meta name=\"author\" content=\"B D\" \/>\n<meta name=\"twitter:card\" content=\"summary_large_image\" \/>\n<meta name=\"twitter:label1\" content=\"Napisane przez\" \/>\n\t<meta name=\"twitter:data1\" content=\"B D\" \/>\n\t<meta name=\"twitter:label2\" content=\"Szacowany czas czytania\" \/>\n\t<meta name=\"twitter:data2\" content=\"2 minuty\" \/>\n<script type=\"application\/ld+json\" class=\"yoast-schema-graph\">{\"@context\":\"https:\\\/\\\/schema.org\",\"@graph\":[{\"@type\":\"Article\",\"@id\":\"https:\\\/\\\/notabene.world\\\/nb\\\/2024-2\\\/#article\",\"isPartOf\":{\"@id\":\"https:\\\/\\\/notabene.world\\\/nb\\\/2024-2\\\/\"},\"author\":{\"name\":\"B D\",\"@id\":\"https:\\\/\\\/notabene.world\\\/nb\\\/#\\\/schema\\\/person\\\/9081f0d094ad3e2767736feb48c99520\"},\"headline\":\"2024&#8230;\",\"datePublished\":\"2024-01-07T18:09:16+00:00\",\"dateModified\":\"2024-02-11T14:32:45+00:00\",\"mainEntityOfPage\":{\"@id\":\"https:\\\/\\\/notabene.world\\\/nb\\\/2024-2\\\/\"},\"wordCount\":497,\"publisher\":{\"@id\":\"https:\\\/\\\/notabene.world\\\/nb\\\/#organization\"},\"image\":{\"@id\":\"https:\\\/\\\/notabene.world\\\/nb\\\/2024-2\\\/#primaryimage\"},\"thumbnailUrl\":\"https:\\\/\\\/i0.wp.com\\\/notabene.world\\\/nb\\\/wp-content\\\/uploads\\\/2024\\\/01\\\/2024bda1.jpg?fit=800%2C445&ssl=1\",\"articleSection\":[\"Aktualno\u015bci\",\"Felietony\",\"Liczby i Fakty\"],\"inLanguage\":\"pl-PL\"},{\"@type\":\"WebPage\",\"@id\":\"https:\\\/\\\/notabene.world\\\/nb\\\/2024-2\\\/\",\"url\":\"https:\\\/\\\/notabene.world\\\/nb\\\/2024-2\\\/\",\"name\":\"2024... - NOTABENE.WORLD\",\"isPartOf\":{\"@id\":\"https:\\\/\\\/notabene.world\\\/nb\\\/#website\"},\"primaryImageOfPage\":{\"@id\":\"https:\\\/\\\/notabene.world\\\/nb\\\/2024-2\\\/#primaryimage\"},\"image\":{\"@id\":\"https:\\\/\\\/notabene.world\\\/nb\\\/2024-2\\\/#primaryimage\"},\"thumbnailUrl\":\"https:\\\/\\\/i0.wp.com\\\/notabene.world\\\/nb\\\/wp-content\\\/uploads\\\/2024\\\/01\\\/2024bda1.jpg?fit=800%2C445&ssl=1\",\"datePublished\":\"2024-01-07T18:09:16+00:00\",\"dateModified\":\"2024-02-11T14:32:45+00:00\",\"breadcrumb\":{\"@id\":\"https:\\\/\\\/notabene.world\\\/nb\\\/2024-2\\\/#breadcrumb\"},\"inLanguage\":\"pl-PL\",\"potentialAction\":[{\"@type\":\"ReadAction\",\"target\":[\"https:\\\/\\\/notabene.world\\\/nb\\\/2024-2\\\/\"]}]},{\"@type\":\"ImageObject\",\"inLanguage\":\"pl-PL\",\"@id\":\"https:\\\/\\\/notabene.world\\\/nb\\\/2024-2\\\/#primaryimage\",\"url\":\"https:\\\/\\\/i0.wp.com\\\/notabene.world\\\/nb\\\/wp-content\\\/uploads\\\/2024\\\/01\\\/2024bda1.jpg?fit=800%2C445&ssl=1\",\"contentUrl\":\"https:\\\/\\\/i0.wp.com\\\/notabene.world\\\/nb\\\/wp-content\\\/uploads\\\/2024\\\/01\\\/2024bda1.jpg?fit=800%2C445&ssl=1\",\"width\":800,\"height\":445},{\"@type\":\"BreadcrumbList\",\"@id\":\"https:\\\/\\\/notabene.world\\\/nb\\\/2024-2\\\/#breadcrumb\",\"itemListElement\":[{\"@type\":\"ListItem\",\"position\":1,\"name\":\"Home\",\"item\":\"https:\\\/\\\/notabene.world\\\/nb\\\/\"},{\"@type\":\"ListItem\",\"position\":2,\"name\":\"2024&#8230;\"}]},{\"@type\":\"WebSite\",\"@id\":\"https:\\\/\\\/notabene.world\\\/nb\\\/#website\",\"url\":\"https:\\\/\\\/notabene.world\\\/nb\\\/\",\"name\":\"NOTABENE.WORLD\",\"description\":\"Przekaz. Warto\u015bci. Wsp\u00f3lnota.\",\"publisher\":{\"@id\":\"https:\\\/\\\/notabene.world\\\/nb\\\/#organization\"},\"potentialAction\":[{\"@type\":\"SearchAction\",\"target\":{\"@type\":\"EntryPoint\",\"urlTemplate\":\"https:\\\/\\\/notabene.world\\\/nb\\\/?s={search_term_string}\"},\"query-input\":{\"@type\":\"PropertyValueSpecification\",\"valueRequired\":true,\"valueName\":\"search_term_string\"}}],\"inLanguage\":\"pl-PL\"},{\"@type\":\"Organization\",\"@id\":\"https:\\\/\\\/notabene.world\\\/nb\\\/#organization\",\"name\":\"NOTABENE.WORLD\",\"url\":\"https:\\\/\\\/notabene.world\\\/nb\\\/\",\"logo\":{\"@type\":\"ImageObject\",\"inLanguage\":\"pl-PL\",\"@id\":\"https:\\\/\\\/notabene.world\\\/nb\\\/#\\\/schema\\\/logo\\\/image\\\/\",\"url\":\"https:\\\/\\\/notabene.world\\\/nb\\\/wp-content\\\/uploads\\\/2022\\\/01\\\/NB-club-start-www1.jpg\",\"contentUrl\":\"https:\\\/\\\/notabene.world\\\/nb\\\/wp-content\\\/uploads\\\/2022\\\/01\\\/NB-club-start-www1.jpg\",\"width\":1000,\"height\":839,\"caption\":\"NOTABENE.WORLD\"},\"image\":{\"@id\":\"https:\\\/\\\/notabene.world\\\/nb\\\/#\\\/schema\\\/logo\\\/image\\\/\"},\"sameAs\":[\"https:\\\/\\\/www.facebook.com\\\/Notabene.World\"]},{\"@type\":\"Person\",\"@id\":\"https:\\\/\\\/notabene.world\\\/nb\\\/#\\\/schema\\\/person\\\/9081f0d094ad3e2767736feb48c99520\",\"name\":\"B D\",\"image\":{\"@type\":\"ImageObject\",\"inLanguage\":\"pl-PL\",\"@id\":\"https:\\\/\\\/secure.gravatar.com\\\/avatar\\\/ebcdcd8c0a7789c85d5a03ead2e68bda7a5fcb1ab728d56a4bd678c5ea15faa2?s=96&d=mm&r=g\",\"url\":\"https:\\\/\\\/secure.gravatar.com\\\/avatar\\\/ebcdcd8c0a7789c85d5a03ead2e68bda7a5fcb1ab728d56a4bd678c5ea15faa2?s=96&d=mm&r=g\",\"contentUrl\":\"https:\\\/\\\/secure.gravatar.com\\\/avatar\\\/ebcdcd8c0a7789c85d5a03ead2e68bda7a5fcb1ab728d56a4bd678c5ea15faa2?s=96&d=mm&r=g\",\"caption\":\"B D\"},\"url\":\"https:\\\/\\\/notabene.world\\\/nb\\\/author\\\/jo-d\\\/\"}]}<\/script>\n<!-- \/ Yoast SEO plugin. -->","yoast_head_json":{"title":"2024... - NOTABENE.WORLD","robots":{"index":"index","follow":"follow","max-snippet":"max-snippet:-1","max-image-preview":"max-image-preview:large","max-video-preview":"max-video-preview:-1"},"canonical":"https:\/\/notabene.world\/nb\/2024-2\/","og_locale":"pl_PL","og_type":"article","og_title":"2024... - NOTABENE.WORLD","og_description":"Pocz\u0105tek roku w polityce te\u017c troch\u0119 nas \u201emrozi\u201d. Niepok\u00f3j dotyczy przysz\u0142o\u015bci. Ju\u017c wiemy, jaki jest projekt bud\u017cetu na 2024 rok (dochody - 682 miliardy, wydatki - 866 miliard\u00f3w),\u00a0\u00a0wiemy wi\u0119c, jaki b\u0119dzie deficyt (184 miliardy). To, co prawda, wi\u0119cej o 20 miliard\u00f3w z\u0142otych od proponowanego przez poprzedni rz\u0105d deficytu. Projekt by\u0142 przygotowany jeszcze przed zaprzysi\u0119\u017ceniem nowego rz\u0105du (13 grudnia), ale nie przes\u0142any do Sejmu i wymaga\u0142 wielu zmian. Przede wszystkim zagwarantowania finansowania obiecanych w kampanii rozwi\u0105za\u0144 i przynajmniej cz\u0119\u015bciowego uporz\u0105dkowania finans\u00f3w publicznych. Wszyscy seniorzy powinni by\u0107 uspokojeni. W marcu dojdzie do skutku rewaloryzacja rent i emerytur, \u201etrzynastka\u201d zostanie wyp\u0142acona w kwietniu, drug\u0105 rewaloryzacj\u0119 zaplanowano na sierpie\u0144 (je\u015bli inflacja przekroczy 5%), a \u201eczternastk\u0119\u201d na wrzesie\u0144. Ju\u017c jest 800 plus. B\u0119d\u0105 podwy\u017cki 20% dla \u201ebud\u017cet\u00f3wki\u201d, zaplanowano r\u00f3wnie\u017c podwy\u017cki dla nauczycieli 30% i 33% dla nauczycieli pocz\u0105tkuj\u0105cych. Od 1 stycznia obowi\u0105zuje ju\u017c wy\u017csza p\u0142aca minimalna (4242 z\u0142otych brutto), a wi\u0119c tak\u017ce wy\u017csza stawka godzinowa.","og_url":"https:\/\/notabene.world\/nb\/2024-2\/","og_site_name":"NOTABENE.WORLD","article_publisher":"https:\/\/www.facebook.com\/Notabene.World","article_published_time":"2024-01-07T18:09:16+00:00","article_modified_time":"2024-02-11T14:32:45+00:00","og_image":[{"width":800,"height":445,"url":"https:\/\/notabene.world\/nb\/wp-content\/uploads\/2024\/01\/2024bda1.jpg","type":"image\/jpeg"}],"author":"B D","twitter_card":"summary_large_image","twitter_misc":{"Napisane przez":"B D","Szacowany czas czytania":"2 minuty"},"schema":{"@context":"https:\/\/schema.org","@graph":[{"@type":"Article","@id":"https:\/\/notabene.world\/nb\/2024-2\/#article","isPartOf":{"@id":"https:\/\/notabene.world\/nb\/2024-2\/"},"author":{"name":"B D","@id":"https:\/\/notabene.world\/nb\/#\/schema\/person\/9081f0d094ad3e2767736feb48c99520"},"headline":"2024&#8230;","datePublished":"2024-01-07T18:09:16+00:00","dateModified":"2024-02-11T14:32:45+00:00","mainEntityOfPage":{"@id":"https:\/\/notabene.world\/nb\/2024-2\/"},"wordCount":497,"publisher":{"@id":"https:\/\/notabene.world\/nb\/#organization"},"image":{"@id":"https:\/\/notabene.world\/nb\/2024-2\/#primaryimage"},"thumbnailUrl":"https:\/\/i0.wp.com\/notabene.world\/nb\/wp-content\/uploads\/2024\/01\/2024bda1.jpg?fit=800%2C445&ssl=1","articleSection":["Aktualno\u015bci","Felietony","Liczby i Fakty"],"inLanguage":"pl-PL"},{"@type":"WebPage","@id":"https:\/\/notabene.world\/nb\/2024-2\/","url":"https:\/\/notabene.world\/nb\/2024-2\/","name":"2024... - NOTABENE.WORLD","isPartOf":{"@id":"https:\/\/notabene.world\/nb\/#website"},"primaryImageOfPage":{"@id":"https:\/\/notabene.world\/nb\/2024-2\/#primaryimage"},"image":{"@id":"https:\/\/notabene.world\/nb\/2024-2\/#primaryimage"},"thumbnailUrl":"https:\/\/i0.wp.com\/notabene.world\/nb\/wp-content\/uploads\/2024\/01\/2024bda1.jpg?fit=800%2C445&ssl=1","datePublished":"2024-01-07T18:09:16+00:00","dateModified":"2024-02-11T14:32:45+00:00","breadcrumb":{"@id":"https:\/\/notabene.world\/nb\/2024-2\/#breadcrumb"},"inLanguage":"pl-PL","potentialAction":[{"@type":"ReadAction","target":["https:\/\/notabene.world\/nb\/2024-2\/"]}]},{"@type":"ImageObject","inLanguage":"pl-PL","@id":"https:\/\/notabene.world\/nb\/2024-2\/#primaryimage","url":"https:\/\/i0.wp.com\/notabene.world\/nb\/wp-content\/uploads\/2024\/01\/2024bda1.jpg?fit=800%2C445&ssl=1","contentUrl":"https:\/\/i0.wp.com\/notabene.world\/nb\/wp-content\/uploads\/2024\/01\/2024bda1.jpg?fit=800%2C445&ssl=1","width":800,"height":445},{"@type":"BreadcrumbList","@id":"https:\/\/notabene.world\/nb\/2024-2\/#breadcrumb","itemListElement":[{"@type":"ListItem","position":1,"name":"Home","item":"https:\/\/notabene.world\/nb\/"},{"@type":"ListItem","position":2,"name":"2024&#8230;"}]},{"@type":"WebSite","@id":"https:\/\/notabene.world\/nb\/#website","url":"https:\/\/notabene.world\/nb\/","name":"NOTABENE.WORLD","description":"Przekaz. Warto\u015bci. Wsp\u00f3lnota.","publisher":{"@id":"https:\/\/notabene.world\/nb\/#organization"},"potentialAction":[{"@type":"SearchAction","target":{"@type":"EntryPoint","urlTemplate":"https:\/\/notabene.world\/nb\/?s={search_term_string}"},"query-input":{"@type":"PropertyValueSpecification","valueRequired":true,"valueName":"search_term_string"}}],"inLanguage":"pl-PL"},{"@type":"Organization","@id":"https:\/\/notabene.world\/nb\/#organization","name":"NOTABENE.WORLD","url":"https:\/\/notabene.world\/nb\/","logo":{"@type":"ImageObject","inLanguage":"pl-PL","@id":"https:\/\/notabene.world\/nb\/#\/schema\/logo\/image\/","url":"https:\/\/notabene.world\/nb\/wp-content\/uploads\/2022\/01\/NB-club-start-www1.jpg","contentUrl":"https:\/\/notabene.world\/nb\/wp-content\/uploads\/2022\/01\/NB-club-start-www1.jpg","width":1000,"height":839,"caption":"NOTABENE.WORLD"},"image":{"@id":"https:\/\/notabene.world\/nb\/#\/schema\/logo\/image\/"},"sameAs":["https:\/\/www.facebook.com\/Notabene.World"]},{"@type":"Person","@id":"https:\/\/notabene.world\/nb\/#\/schema\/person\/9081f0d094ad3e2767736feb48c99520","name":"B D","image":{"@type":"ImageObject","inLanguage":"pl-PL","@id":"https:\/\/secure.gravatar.com\/avatar\/ebcdcd8c0a7789c85d5a03ead2e68bda7a5fcb1ab728d56a4bd678c5ea15faa2?s=96&d=mm&r=g","url":"https:\/\/secure.gravatar.com\/avatar\/ebcdcd8c0a7789c85d5a03ead2e68bda7a5fcb1ab728d56a4bd678c5ea15faa2?s=96&d=mm&r=g","contentUrl":"https:\/\/secure.gravatar.com\/avatar\/ebcdcd8c0a7789c85d5a03ead2e68bda7a5fcb1ab728d56a4bd678c5ea15faa2?s=96&d=mm&r=g","caption":"B D"},"url":"https:\/\/notabene.world\/nb\/author\/jo-d\/"}]}},"jetpack_featured_media_url":"https:\/\/i0.wp.com\/notabene.world\/nb\/wp-content\/uploads\/2024\/01\/2024bda1.jpg?fit=800%2C445&ssl=1","jetpack_sharing_enabled":true,"jetpack_shortlink":"https:\/\/wp.me\/pdCobN-3aD","_links":{"self":[{"href":"https:\/\/notabene.world\/nb\/wp-json\/wp\/v2\/posts\/12191","targetHints":{"allow":["GET"]}}],"collection":[{"href":"https:\/\/notabene.world\/nb\/wp-json\/wp\/v2\/posts"}],"about":[{"href":"https:\/\/notabene.world\/nb\/wp-json\/wp\/v2\/types\/post"}],"author":[{"embeddable":true,"href":"https:\/\/notabene.world\/nb\/wp-json\/wp\/v2\/users\/35"}],"replies":[{"embeddable":true,"href":"https:\/\/notabene.world\/nb\/wp-json\/wp\/v2\/comments?post=12191"}],"version-history":[{"count":3,"href":"https:\/\/notabene.world\/nb\/wp-json\/wp\/v2\/posts\/12191\/revisions"}],"predecessor-version":[{"id":12195,"href":"https:\/\/notabene.world\/nb\/wp-json\/wp\/v2\/posts\/12191\/revisions\/12195"}],"wp:featuredmedia":[{"embeddable":true,"href":"https:\/\/notabene.world\/nb\/wp-json\/wp\/v2\/media\/12282"}],"wp:attachment":[{"href":"https:\/\/notabene.world\/nb\/wp-json\/wp\/v2\/media?parent=12191"}],"wp:term":[{"taxonomy":"category","embeddable":true,"href":"https:\/\/notabene.world\/nb\/wp-json\/wp\/v2\/categories?post=12191"},{"taxonomy":"post_tag","embeddable":true,"href":"https:\/\/notabene.world\/nb\/wp-json\/wp\/v2\/tags?post=12191"}],"curies":[{"name":"wp","href":"https:\/\/api.w.org\/{rel}","templated":true}]}}