{"id":12284,"date":"2024-01-21T17:44:18","date_gmt":"2024-01-21T16:44:18","guid":{"rendered":"https:\/\/notabene.world\/nb\/?p=12284"},"modified":"2024-02-20T14:10:50","modified_gmt":"2024-02-20T13:10:50","slug":"6-mln-zlotych","status":"publish","type":"post","link":"https:\/\/notabene.world\/nb\/6-mln-zlotych\/","title":{"rendered":"6 mln z\u0142otych!"},"content":{"rendered":"\n<p>Niedziela. Za oknem bia\u0142o (\u015bnieg) i pochmurno. Na p\u00f3\u0142nocy wieje silny wiatr. Wed\u0142ug prognoz do Polski dotrze orkan, kt\u00f3ry radykalnie zmieni pogod\u0119 w ca\u0142ym kraju. B\u0119dzie pada\u0142 deszcz lub deszcz ze \u015bniegiem, a temperatura skoczy nawet do plus 10 stopni. Na razie zima w pe\u0142ni, z czego najbardziej ciesz\u0105 si\u0119 dzieci i m\u0142odzie\u017c. W\u0142a\u015bnie zacz\u0119\u0142a si\u0119 w Polsce pierwsza tura ferii zimowych. Ostatnia sko\u0144czy si\u0119 25 lutego. Zape\u0142ni\u0142y si\u0119 miejscowo\u015bci wypoczynkowe w g\u00f3rach. W\u0142a\u015bciciele hoteli, pensjonat\u00f3w i prywatnych kwater zapewniaj\u0105, \u017ce w stosunku do cen z ubieg\u0142ego roku nie jest dro\u017cej. Nie trzeba te\u017c sztucznie za\u015bnie\u017ca\u0107 tras narciarskich, co sporo kosztuje.<\/p>\n\n\n\n<p>&nbsp;Ostatnie tygodnie to tak\u017ce niezapomniane chwile dla maturzyst\u00f3w. Studni\u00f3wki, czyli prawdziwe wyzwanie finansowe dla rodzic\u00f3w. Cena za bal (dla pary) to od 500 do 1200 z\u0142otych. Wszystko zale\u017cy od lokalu, gdzie b\u0119dzie si\u0119 bawi\u0107 m\u0142odzie\u017c. W niekt\u00f3rych szko\u0142ach Rady Rodzic\u00f3w zadecydowa\u0142y o mo\u017cliwo\u015bci ratalnej zap\u0142aty za studni\u00f3wk\u0119. Ale trzeba te\u017c kupi\u0107 sukienk\u0119, buty, garnitur, koszul\u0119 i bardzo popularn\u0105 dla ch\u0142opc\u00f3w muszk\u0119. W sumie rodzice wydadz\u0105 lub ju\u017c wydali oko\u0142o 2 do 3 tysi\u0119cy z\u0142otych. To, co i za ile kupimy, zale\u017cy przede wszystkim od naszych zasob\u00f3w finansowych.<\/p>\n\n\n\n<p>Tym samym bud\u017cet domowy staje si\u0119 jednym z podstawowych temat\u00f3w w naszych codziennych rozmowach. Staramy si\u0119 okre\u015bli\u0107 na pocz\u0105tku miesi\u0105ca, na co nas sta\u0107. Jakie pieni\u0105dze dostaniemy z tytu\u0142u wynagrodzenia za prac\u0119, ile mamy w \u201dzapasie\u201d, a ile musimy wyda\u0107 ? Podliczamy wydatki sta\u0142e, np. czynsz, op\u0142aty za telefon, op\u0142aty za media itp. Pytanie, ile przeznaczamy np. na \u017cywno\u015b\u0107, ile na komunikacj\u0119,&nbsp;&nbsp;czyli na wydatki niezb\u0119dne. I wydatki niespodziewane, np. lekarz, leki. Wszystko to razem musi si\u0119 bilansowa\u0107.&nbsp;<\/p>\n\n\n\n<p>Pierwsze miesi\u0105ce roku bywaj\u0105 trudne, jeste\u015bmy po \u015bwi\u0119tach, na kt\u00f3re wydali\u015bmy wi\u0119cej ni\u017c \u201enormalnie\u201d, kupili\u015bmy prezenty pod choink\u0119, mo\u017ce te\u017c gdzie\u015b wyjechali\u015bmy. A nie by\u0142o tanio, inflacja za grudzie\u0144 wynosi\u0142a wci\u0105\u017c ponad 6%, dok\u0142adnie 6,2%. Analitycy finansowi prognozuj\u0105, \u017ce w kolejnych miesi\u0105cach inflacja b\u0119dzie spada\u0107. Jednak w drugiej po\u0142owie roku mo\u017ce znowu wzrosn\u0105\u0107.&nbsp;<\/p>\n\n\n\n<p>Liczymy na podwy\u017cki naszych wynagrodze\u0144. Ju\u017c wiadomo, \u017ce pracownicy bud\u017cet\u00f3wki b\u0119d\u0105 mieli 20% wi\u0119cej, nauczyciele 30%, a nauczyciele pocz\u0105tkuj\u0105cy 33%. Pierwsze wyp\u0142aty spodziewane s\u0105 w marcu, z wyr\u00f3wnaniem od stycznia. W marcu b\u0119dzie te\u017c rewaloryzacja rent i emerytur. Cieszymy si\u0119 i czekamy. Nasz\u0105 rado\u015b\u0107 burz\u0105 jednak ostatnie informacje o zarobkach w TVP. Ma\u0142\u017ce\u0144stwo Kurskich (by\u0142y prezes TVP i jego \u017cona) zarobi\u0142o do 2023 roku ponad 6 milion\u00f3w z\u0142otych. Miesi\u0119czna pensja Joanny Kurskiej to ponad 111 tysi\u0119cy z\u0142otych. Micha\u0142 Adamczyk zarobi\u0142 ponad 160 tysi\u0119cy miesi\u0119cznie, a asystent Kurskiego w ci\u0105gu trzech lat wzbogaci\u0142 si\u0119 o ponad 3 miliony.&nbsp;&nbsp;Szok. Ostatnia informacja, \u017ce tzw. eksperci za kilka zda\u0144 wypowiedzianych w programach informacyjnych telewizji zarabiali jednorazowo 500 z\u0142otych (ga\u017ca rekordzisty to 300 tysi\u0119cy z\u0142otych w ci\u0105gu roku), wywo\u0142a\u0142a z\u0142o\u015b\u0107 widz\u00f3w. Na co sz\u0142y nasze podatki i dodatkowe miliardy co roku dok\u0142adane z bud\u017cetu pa\u0144stwa? Na op\u0142acanie propagandyst\u00f3w? Kto sprawowa\u0142 nadz\u00f3r nad wydatkami TVP? Winnych nie ma?<\/p>\n\n\n\n<p>A w Ukrainie ju\u017c 696 dzie\u0144 wojny. Ci\u0119\u017cko. Widmo braku amunicji i uzbrojenia powoduje coraz wi\u0119ksze obawy, czy heroiczny op\u00f3r Ukrai\u0144c\u00f3w nie p\u00f3jdzie na marne. A sytuacja na \u015bwiecie coraz bardziej niebezpieczna. R\u00f3wnie\u017c dla nas.<\/p>\n","protected":false},"excerpt":{"rendered":"<p>Liczymy na podwy\u017cki naszych wynagrodze\u0144. Ju\u017c wiadomo, \u017ce pracownicy bud\u017cet\u00f3wki b\u0119d\u0105 mieli 20% wi\u0119cej, nauczyciele 30%, a nauczyciele pocz\u0105tkuj\u0105cy 33%. Pierwsze wyp\u0142aty spodziewane s\u0105 w marcu, z wyr\u00f3wnaniem od stycznia. W marcu b\u0119dzie te\u017c rewaloryzacja rent i emerytur. Cieszymy si\u0119 i czekamy.<br \/>\n<br \/>\nNasz\u0105 rado\u015b\u0107 burz\u0105 jednak ostatnie informacje o zarobkach w TVP. Ma\u0142\u017ce\u0144stwo Kurskich (by\u0142y prezes TVP i jego \u017cona) zarobi\u0142o do 2023 roku ponad 6 milion\u00f3w z\u0142otych. Miesi\u0119czna pensja Joanny Kurskiej to ponad 111 tysi\u0119cy z\u0142otych. Micha\u0142 Adamczyk zarobi\u0142 ponad 160 tysi\u0119cy miesi\u0119cznie, a asystent Kurskiego w ci\u0105gu trzech lat wzbogaci\u0142 si\u0119 o ponad 3 miliony.  Szok.<br \/>\n<br \/>\nOstatnia informacja, \u017ce tzw. eksperci za kilka zda\u0144 wypowiedzianych w programach informacyjnych telewizji zarabiali jednorazowo 500 z\u0142otych (ga\u017ca rekordzisty to 300 tysi\u0119cy z\u0142otych w ci\u0105gu roku), wywo\u0142a\u0142a z\u0142o\u015b\u0107 widz\u00f3w. Na co sz\u0142y nasze podatki i dodatkowe miliardy co roku dok\u0142adane z bud\u017cetu pa\u0144stwa? Na op\u0142acanie propagandyst\u00f3w? Kto sprawowa\u0142 nadz\u00f3r nad wydatkami TVP? Winnych nie ma?<\/p>\n","protected":false},"author":35,"featured_media":12285,"comment_status":"closed","ping_status":"closed","sticky":false,"template":"","format":"standard","meta":{"colormag_page_container_layout":"no_sidebar_content_centered","colormag_page_sidebar_layout":"no_sidebar","_jetpack_memberships_contains_paid_content":false,"footnotes":"","_links_to":"","_links_to_target":""},"categories":[64,42,175],"tags":[],"class_list":["post-12284","post","type-post","status-publish","format-standard","has-post-thumbnail","hentry","category-aktualnosci","category-felietony","category-liczby-i-fakty"],"yoast_head":"<!-- This site is optimized with the Yoast SEO plugin v27.4 - https:\/\/yoast.com\/product\/yoast-seo-wordpress\/ -->\n<title>6 mln z\u0142otych! - NOTABENE.WORLD<\/title>\n<meta name=\"robots\" content=\"index, follow, max-snippet:-1, max-image-preview:large, max-video-preview:-1\" \/>\n<link rel=\"canonical\" href=\"https:\/\/notabene.world\/nb\/6-mln-zlotych\/\" \/>\n<meta property=\"og:locale\" content=\"pl_PL\" \/>\n<meta property=\"og:type\" content=\"article\" \/>\n<meta property=\"og:title\" content=\"6 mln z\u0142otych! - NOTABENE.WORLD\" \/>\n<meta property=\"og:description\" content=\"Liczymy na podwy\u017cki naszych wynagrodze\u0144. Ju\u017c wiadomo, \u017ce pracownicy bud\u017cet\u00f3wki b\u0119d\u0105 mieli 20% wi\u0119cej, nauczyciele 30%, a nauczyciele pocz\u0105tkuj\u0105cy 33%. Pierwsze wyp\u0142aty spodziewane s\u0105 w marcu, z wyr\u00f3wnaniem od stycznia. W marcu b\u0119dzie te\u017c rewaloryzacja rent i emerytur. Cieszymy si\u0119 i czekamy.  Nasz\u0105 rado\u015b\u0107 burz\u0105 jednak ostatnie informacje o zarobkach w TVP. Ma\u0142\u017ce\u0144stwo Kurskich (by\u0142y prezes TVP i jego \u017cona) zarobi\u0142o do 2023 roku ponad 6 milion\u00f3w z\u0142otych. Miesi\u0119czna pensja Joanny Kurskiej to ponad 111 tysi\u0119cy z\u0142otych. Micha\u0142 Adamczyk zarobi\u0142 ponad 160 tysi\u0119cy miesi\u0119cznie, a asystent Kurskiego w ci\u0105gu trzech lat wzbogaci\u0142 si\u0119 o ponad 3 miliony. Szok.  Ostatnia informacja, \u017ce tzw. eksperci za kilka zda\u0144 wypowiedzianych w programach informacyjnych telewizji zarabiali jednorazowo 500 z\u0142otych (ga\u017ca rekordzisty to 300 tysi\u0119cy z\u0142otych w ci\u0105gu roku), wywo\u0142a\u0142a z\u0142o\u015b\u0107 widz\u00f3w. Na co sz\u0142y nasze podatki i dodatkowe miliardy co roku dok\u0142adane z bud\u017cetu pa\u0144stwa? Na op\u0142acanie propagandyst\u00f3w? Kto sprawowa\u0142 nadz\u00f3r nad wydatkami TVP? Winnych nie ma?\" \/>\n<meta property=\"og:url\" content=\"https:\/\/notabene.world\/nb\/6-mln-zlotych\/\" \/>\n<meta property=\"og:site_name\" content=\"NOTABENE.WORLD\" \/>\n<meta property=\"article:publisher\" content=\"https:\/\/www.facebook.com\/Notabene.World\" \/>\n<meta property=\"article:published_time\" content=\"2024-01-21T16:44:18+00:00\" \/>\n<meta property=\"article:modified_time\" content=\"2024-02-20T13:10:50+00:00\" \/>\n<meta property=\"og:image\" content=\"https:\/\/notabene.world\/nb\/wp-content\/uploads\/2024\/01\/bd210123.jpg\" \/>\n\t<meta property=\"og:image:width\" content=\"800\" \/>\n\t<meta property=\"og:image:height\" content=\"445\" \/>\n\t<meta property=\"og:image:type\" content=\"image\/jpeg\" \/>\n<meta name=\"author\" content=\"B D\" \/>\n<meta name=\"twitter:card\" content=\"summary_large_image\" \/>\n<meta name=\"twitter:label1\" content=\"Napisane przez\" \/>\n\t<meta name=\"twitter:data1\" content=\"B D\" \/>\n\t<meta name=\"twitter:label2\" content=\"Szacowany czas czytania\" \/>\n\t<meta name=\"twitter:data2\" content=\"3 minuty\" \/>\n<script type=\"application\/ld+json\" class=\"yoast-schema-graph\">{\"@context\":\"https:\\\/\\\/schema.org\",\"@graph\":[{\"@type\":\"Article\",\"@id\":\"https:\\\/\\\/notabene.world\\\/nb\\\/6-mln-zlotych\\\/#article\",\"isPartOf\":{\"@id\":\"https:\\\/\\\/notabene.world\\\/nb\\\/6-mln-zlotych\\\/\"},\"author\":{\"name\":\"B D\",\"@id\":\"https:\\\/\\\/notabene.world\\\/nb\\\/#\\\/schema\\\/person\\\/9081f0d094ad3e2767736feb48c99520\"},\"headline\":\"6 mln z\u0142otych!\",\"datePublished\":\"2024-01-21T16:44:18+00:00\",\"dateModified\":\"2024-02-20T13:10:50+00:00\",\"mainEntityOfPage\":{\"@id\":\"https:\\\/\\\/notabene.world\\\/nb\\\/6-mln-zlotych\\\/\"},\"wordCount\":615,\"publisher\":{\"@id\":\"https:\\\/\\\/notabene.world\\\/nb\\\/#organization\"},\"image\":{\"@id\":\"https:\\\/\\\/notabene.world\\\/nb\\\/6-mln-zlotych\\\/#primaryimage\"},\"thumbnailUrl\":\"https:\\\/\\\/i0.wp.com\\\/notabene.world\\\/nb\\\/wp-content\\\/uploads\\\/2024\\\/01\\\/bd210123.jpg?fit=800%2C445&ssl=1\",\"articleSection\":[\"Aktualno\u015bci\",\"Felietony\",\"Liczby i Fakty\"],\"inLanguage\":\"pl-PL\"},{\"@type\":\"WebPage\",\"@id\":\"https:\\\/\\\/notabene.world\\\/nb\\\/6-mln-zlotych\\\/\",\"url\":\"https:\\\/\\\/notabene.world\\\/nb\\\/6-mln-zlotych\\\/\",\"name\":\"6 mln z\u0142otych! - NOTABENE.WORLD\",\"isPartOf\":{\"@id\":\"https:\\\/\\\/notabene.world\\\/nb\\\/#website\"},\"primaryImageOfPage\":{\"@id\":\"https:\\\/\\\/notabene.world\\\/nb\\\/6-mln-zlotych\\\/#primaryimage\"},\"image\":{\"@id\":\"https:\\\/\\\/notabene.world\\\/nb\\\/6-mln-zlotych\\\/#primaryimage\"},\"thumbnailUrl\":\"https:\\\/\\\/i0.wp.com\\\/notabene.world\\\/nb\\\/wp-content\\\/uploads\\\/2024\\\/01\\\/bd210123.jpg?fit=800%2C445&ssl=1\",\"datePublished\":\"2024-01-21T16:44:18+00:00\",\"dateModified\":\"2024-02-20T13:10:50+00:00\",\"breadcrumb\":{\"@id\":\"https:\\\/\\\/notabene.world\\\/nb\\\/6-mln-zlotych\\\/#breadcrumb\"},\"inLanguage\":\"pl-PL\",\"potentialAction\":[{\"@type\":\"ReadAction\",\"target\":[\"https:\\\/\\\/notabene.world\\\/nb\\\/6-mln-zlotych\\\/\"]}]},{\"@type\":\"ImageObject\",\"inLanguage\":\"pl-PL\",\"@id\":\"https:\\\/\\\/notabene.world\\\/nb\\\/6-mln-zlotych\\\/#primaryimage\",\"url\":\"https:\\\/\\\/i0.wp.com\\\/notabene.world\\\/nb\\\/wp-content\\\/uploads\\\/2024\\\/01\\\/bd210123.jpg?fit=800%2C445&ssl=1\",\"contentUrl\":\"https:\\\/\\\/i0.wp.com\\\/notabene.world\\\/nb\\\/wp-content\\\/uploads\\\/2024\\\/01\\\/bd210123.jpg?fit=800%2C445&ssl=1\",\"width\":800,\"height\":445},{\"@type\":\"BreadcrumbList\",\"@id\":\"https:\\\/\\\/notabene.world\\\/nb\\\/6-mln-zlotych\\\/#breadcrumb\",\"itemListElement\":[{\"@type\":\"ListItem\",\"position\":1,\"name\":\"Home\",\"item\":\"https:\\\/\\\/notabene.world\\\/nb\\\/\"},{\"@type\":\"ListItem\",\"position\":2,\"name\":\"6 mln z\u0142otych!\"}]},{\"@type\":\"WebSite\",\"@id\":\"https:\\\/\\\/notabene.world\\\/nb\\\/#website\",\"url\":\"https:\\\/\\\/notabene.world\\\/nb\\\/\",\"name\":\"NOTABENE.WORLD\",\"description\":\"Przekaz. Warto\u015bci. Wsp\u00f3lnota.\",\"publisher\":{\"@id\":\"https:\\\/\\\/notabene.world\\\/nb\\\/#organization\"},\"potentialAction\":[{\"@type\":\"SearchAction\",\"target\":{\"@type\":\"EntryPoint\",\"urlTemplate\":\"https:\\\/\\\/notabene.world\\\/nb\\\/?s={search_term_string}\"},\"query-input\":{\"@type\":\"PropertyValueSpecification\",\"valueRequired\":true,\"valueName\":\"search_term_string\"}}],\"inLanguage\":\"pl-PL\"},{\"@type\":\"Organization\",\"@id\":\"https:\\\/\\\/notabene.world\\\/nb\\\/#organization\",\"name\":\"NOTABENE.WORLD\",\"url\":\"https:\\\/\\\/notabene.world\\\/nb\\\/\",\"logo\":{\"@type\":\"ImageObject\",\"inLanguage\":\"pl-PL\",\"@id\":\"https:\\\/\\\/notabene.world\\\/nb\\\/#\\\/schema\\\/logo\\\/image\\\/\",\"url\":\"https:\\\/\\\/notabene.world\\\/nb\\\/wp-content\\\/uploads\\\/2022\\\/01\\\/NB-club-start-www1.jpg\",\"contentUrl\":\"https:\\\/\\\/notabene.world\\\/nb\\\/wp-content\\\/uploads\\\/2022\\\/01\\\/NB-club-start-www1.jpg\",\"width\":1000,\"height\":839,\"caption\":\"NOTABENE.WORLD\"},\"image\":{\"@id\":\"https:\\\/\\\/notabene.world\\\/nb\\\/#\\\/schema\\\/logo\\\/image\\\/\"},\"sameAs\":[\"https:\\\/\\\/www.facebook.com\\\/Notabene.World\"]},{\"@type\":\"Person\",\"@id\":\"https:\\\/\\\/notabene.world\\\/nb\\\/#\\\/schema\\\/person\\\/9081f0d094ad3e2767736feb48c99520\",\"name\":\"B D\",\"image\":{\"@type\":\"ImageObject\",\"inLanguage\":\"pl-PL\",\"@id\":\"https:\\\/\\\/secure.gravatar.com\\\/avatar\\\/ebcdcd8c0a7789c85d5a03ead2e68bda7a5fcb1ab728d56a4bd678c5ea15faa2?s=96&d=mm&r=g\",\"url\":\"https:\\\/\\\/secure.gravatar.com\\\/avatar\\\/ebcdcd8c0a7789c85d5a03ead2e68bda7a5fcb1ab728d56a4bd678c5ea15faa2?s=96&d=mm&r=g\",\"contentUrl\":\"https:\\\/\\\/secure.gravatar.com\\\/avatar\\\/ebcdcd8c0a7789c85d5a03ead2e68bda7a5fcb1ab728d56a4bd678c5ea15faa2?s=96&d=mm&r=g\",\"caption\":\"B D\"},\"url\":\"https:\\\/\\\/notabene.world\\\/nb\\\/author\\\/jo-d\\\/\"}]}<\/script>\n<!-- \/ Yoast SEO plugin. -->","yoast_head_json":{"title":"6 mln z\u0142otych! - NOTABENE.WORLD","robots":{"index":"index","follow":"follow","max-snippet":"max-snippet:-1","max-image-preview":"max-image-preview:large","max-video-preview":"max-video-preview:-1"},"canonical":"https:\/\/notabene.world\/nb\/6-mln-zlotych\/","og_locale":"pl_PL","og_type":"article","og_title":"6 mln z\u0142otych! - NOTABENE.WORLD","og_description":"Liczymy na podwy\u017cki naszych wynagrodze\u0144. Ju\u017c wiadomo, \u017ce pracownicy bud\u017cet\u00f3wki b\u0119d\u0105 mieli 20% wi\u0119cej, nauczyciele 30%, a nauczyciele pocz\u0105tkuj\u0105cy 33%. Pierwsze wyp\u0142aty spodziewane s\u0105 w marcu, z wyr\u00f3wnaniem od stycznia. W marcu b\u0119dzie te\u017c rewaloryzacja rent i emerytur. Cieszymy si\u0119 i czekamy.  Nasz\u0105 rado\u015b\u0107 burz\u0105 jednak ostatnie informacje o zarobkach w TVP. Ma\u0142\u017ce\u0144stwo Kurskich (by\u0142y prezes TVP i jego \u017cona) zarobi\u0142o do 2023 roku ponad 6 milion\u00f3w z\u0142otych. Miesi\u0119czna pensja Joanny Kurskiej to ponad 111 tysi\u0119cy z\u0142otych. Micha\u0142 Adamczyk zarobi\u0142 ponad 160 tysi\u0119cy miesi\u0119cznie, a asystent Kurskiego w ci\u0105gu trzech lat wzbogaci\u0142 si\u0119 o ponad 3 miliony. Szok.  Ostatnia informacja, \u017ce tzw. eksperci za kilka zda\u0144 wypowiedzianych w programach informacyjnych telewizji zarabiali jednorazowo 500 z\u0142otych (ga\u017ca rekordzisty to 300 tysi\u0119cy z\u0142otych w ci\u0105gu roku), wywo\u0142a\u0142a z\u0142o\u015b\u0107 widz\u00f3w. Na co sz\u0142y nasze podatki i dodatkowe miliardy co roku dok\u0142adane z bud\u017cetu pa\u0144stwa? Na op\u0142acanie propagandyst\u00f3w? Kto sprawowa\u0142 nadz\u00f3r nad wydatkami TVP? Winnych nie ma?","og_url":"https:\/\/notabene.world\/nb\/6-mln-zlotych\/","og_site_name":"NOTABENE.WORLD","article_publisher":"https:\/\/www.facebook.com\/Notabene.World","article_published_time":"2024-01-21T16:44:18+00:00","article_modified_time":"2024-02-20T13:10:50+00:00","og_image":[{"width":800,"height":445,"url":"https:\/\/notabene.world\/nb\/wp-content\/uploads\/2024\/01\/bd210123.jpg","type":"image\/jpeg"}],"author":"B D","twitter_card":"summary_large_image","twitter_misc":{"Napisane przez":"B D","Szacowany czas czytania":"3 minuty"},"schema":{"@context":"https:\/\/schema.org","@graph":[{"@type":"Article","@id":"https:\/\/notabene.world\/nb\/6-mln-zlotych\/#article","isPartOf":{"@id":"https:\/\/notabene.world\/nb\/6-mln-zlotych\/"},"author":{"name":"B D","@id":"https:\/\/notabene.world\/nb\/#\/schema\/person\/9081f0d094ad3e2767736feb48c99520"},"headline":"6 mln z\u0142otych!","datePublished":"2024-01-21T16:44:18+00:00","dateModified":"2024-02-20T13:10:50+00:00","mainEntityOfPage":{"@id":"https:\/\/notabene.world\/nb\/6-mln-zlotych\/"},"wordCount":615,"publisher":{"@id":"https:\/\/notabene.world\/nb\/#organization"},"image":{"@id":"https:\/\/notabene.world\/nb\/6-mln-zlotych\/#primaryimage"},"thumbnailUrl":"https:\/\/i0.wp.com\/notabene.world\/nb\/wp-content\/uploads\/2024\/01\/bd210123.jpg?fit=800%2C445&ssl=1","articleSection":["Aktualno\u015bci","Felietony","Liczby i Fakty"],"inLanguage":"pl-PL"},{"@type":"WebPage","@id":"https:\/\/notabene.world\/nb\/6-mln-zlotych\/","url":"https:\/\/notabene.world\/nb\/6-mln-zlotych\/","name":"6 mln z\u0142otych! - NOTABENE.WORLD","isPartOf":{"@id":"https:\/\/notabene.world\/nb\/#website"},"primaryImageOfPage":{"@id":"https:\/\/notabene.world\/nb\/6-mln-zlotych\/#primaryimage"},"image":{"@id":"https:\/\/notabene.world\/nb\/6-mln-zlotych\/#primaryimage"},"thumbnailUrl":"https:\/\/i0.wp.com\/notabene.world\/nb\/wp-content\/uploads\/2024\/01\/bd210123.jpg?fit=800%2C445&ssl=1","datePublished":"2024-01-21T16:44:18+00:00","dateModified":"2024-02-20T13:10:50+00:00","breadcrumb":{"@id":"https:\/\/notabene.world\/nb\/6-mln-zlotych\/#breadcrumb"},"inLanguage":"pl-PL","potentialAction":[{"@type":"ReadAction","target":["https:\/\/notabene.world\/nb\/6-mln-zlotych\/"]}]},{"@type":"ImageObject","inLanguage":"pl-PL","@id":"https:\/\/notabene.world\/nb\/6-mln-zlotych\/#primaryimage","url":"https:\/\/i0.wp.com\/notabene.world\/nb\/wp-content\/uploads\/2024\/01\/bd210123.jpg?fit=800%2C445&ssl=1","contentUrl":"https:\/\/i0.wp.com\/notabene.world\/nb\/wp-content\/uploads\/2024\/01\/bd210123.jpg?fit=800%2C445&ssl=1","width":800,"height":445},{"@type":"BreadcrumbList","@id":"https:\/\/notabene.world\/nb\/6-mln-zlotych\/#breadcrumb","itemListElement":[{"@type":"ListItem","position":1,"name":"Home","item":"https:\/\/notabene.world\/nb\/"},{"@type":"ListItem","position":2,"name":"6 mln z\u0142otych!"}]},{"@type":"WebSite","@id":"https:\/\/notabene.world\/nb\/#website","url":"https:\/\/notabene.world\/nb\/","name":"NOTABENE.WORLD","description":"Przekaz. Warto\u015bci. Wsp\u00f3lnota.","publisher":{"@id":"https:\/\/notabene.world\/nb\/#organization"},"potentialAction":[{"@type":"SearchAction","target":{"@type":"EntryPoint","urlTemplate":"https:\/\/notabene.world\/nb\/?s={search_term_string}"},"query-input":{"@type":"PropertyValueSpecification","valueRequired":true,"valueName":"search_term_string"}}],"inLanguage":"pl-PL"},{"@type":"Organization","@id":"https:\/\/notabene.world\/nb\/#organization","name":"NOTABENE.WORLD","url":"https:\/\/notabene.world\/nb\/","logo":{"@type":"ImageObject","inLanguage":"pl-PL","@id":"https:\/\/notabene.world\/nb\/#\/schema\/logo\/image\/","url":"https:\/\/notabene.world\/nb\/wp-content\/uploads\/2022\/01\/NB-club-start-www1.jpg","contentUrl":"https:\/\/notabene.world\/nb\/wp-content\/uploads\/2022\/01\/NB-club-start-www1.jpg","width":1000,"height":839,"caption":"NOTABENE.WORLD"},"image":{"@id":"https:\/\/notabene.world\/nb\/#\/schema\/logo\/image\/"},"sameAs":["https:\/\/www.facebook.com\/Notabene.World"]},{"@type":"Person","@id":"https:\/\/notabene.world\/nb\/#\/schema\/person\/9081f0d094ad3e2767736feb48c99520","name":"B D","image":{"@type":"ImageObject","inLanguage":"pl-PL","@id":"https:\/\/secure.gravatar.com\/avatar\/ebcdcd8c0a7789c85d5a03ead2e68bda7a5fcb1ab728d56a4bd678c5ea15faa2?s=96&d=mm&r=g","url":"https:\/\/secure.gravatar.com\/avatar\/ebcdcd8c0a7789c85d5a03ead2e68bda7a5fcb1ab728d56a4bd678c5ea15faa2?s=96&d=mm&r=g","contentUrl":"https:\/\/secure.gravatar.com\/avatar\/ebcdcd8c0a7789c85d5a03ead2e68bda7a5fcb1ab728d56a4bd678c5ea15faa2?s=96&d=mm&r=g","caption":"B D"},"url":"https:\/\/notabene.world\/nb\/author\/jo-d\/"}]}},"jetpack_featured_media_url":"https:\/\/i0.wp.com\/notabene.world\/nb\/wp-content\/uploads\/2024\/01\/bd210123.jpg?fit=800%2C445&ssl=1","jetpack_sharing_enabled":true,"jetpack_shortlink":"https:\/\/wp.me\/pdCobN-3c8","_links":{"self":[{"href":"https:\/\/notabene.world\/nb\/wp-json\/wp\/v2\/posts\/12284","targetHints":{"allow":["GET"]}}],"collection":[{"href":"https:\/\/notabene.world\/nb\/wp-json\/wp\/v2\/posts"}],"about":[{"href":"https:\/\/notabene.world\/nb\/wp-json\/wp\/v2\/types\/post"}],"author":[{"embeddable":true,"href":"https:\/\/notabene.world\/nb\/wp-json\/wp\/v2\/users\/35"}],"replies":[{"embeddable":true,"href":"https:\/\/notabene.world\/nb\/wp-json\/wp\/v2\/comments?post=12284"}],"version-history":[{"count":5,"href":"https:\/\/notabene.world\/nb\/wp-json\/wp\/v2\/posts\/12284\/revisions"}],"predecessor-version":[{"id":12298,"href":"https:\/\/notabene.world\/nb\/wp-json\/wp\/v2\/posts\/12284\/revisions\/12298"}],"wp:featuredmedia":[{"embeddable":true,"href":"https:\/\/notabene.world\/nb\/wp-json\/wp\/v2\/media\/12285"}],"wp:attachment":[{"href":"https:\/\/notabene.world\/nb\/wp-json\/wp\/v2\/media?parent=12284"}],"wp:term":[{"taxonomy":"category","embeddable":true,"href":"https:\/\/notabene.world\/nb\/wp-json\/wp\/v2\/categories?post=12284"},{"taxonomy":"post_tag","embeddable":true,"href":"https:\/\/notabene.world\/nb\/wp-json\/wp\/v2\/tags?post=12284"}],"curies":[{"name":"wp","href":"https:\/\/api.w.org\/{rel}","templated":true}]}}