{"id":12328,"date":"2024-01-20T20:18:00","date_gmt":"2024-01-20T19:18:00","guid":{"rendered":"https:\/\/notabene.world\/nb\/?p=12328"},"modified":"2024-04-21T12:52:41","modified_gmt":"2024-04-21T10:52:41","slug":"coz-tam-panie-w-polityce-2","status":"publish","type":"post","link":"https:\/\/notabene.world\/nb\/coz-tam-panie-w-polityce-2\/","title":{"rendered":"C\u00f3\u017c tam, panie, w polityce? #2"},"content":{"rendered":"\n<h4 class=\"wp-block-heading\">Cyrk z <strong>Kami\u0144skim<\/strong> i <strong>W\u0105sikiem<\/strong> wci\u0105\u017c trwa, rz\u0105d pomyli\u0142 si\u0119 w kalkulacjach i m\u0105ci w sprawie <strong>CPK<\/strong> i <strong>elektrowni j\u0105drowej<\/strong>. KO z\u0142o\u017cy\u0142a w sejmie projekt ustawy o <strong>tabletce dzie\u0144 po<\/strong> i legalnej <strong>aborcji<\/strong> do 12 tygodnia. AfD i Le Pen rosn\u0105 w si\u0142\u0119. Zapraszam na skr\u00f3t najwa\u017cniejszych politycznych wydarze\u0144 ostatnich dni.<\/h4>\n\n\n\n<p><\/p>\n\n\n\n<p><\/p>\n\n\n\n<h4 class=\"wp-block-heading\">O dw\u00f3ch takich, co byli w wi\u0119zieniu, a prezydent ich u\u0142askawi\u0142, a potem nie u\u0142askawi\u0142, a potem jednak u\u0142askawi\u0142&#8230; <\/h4>\n\n\n\n<p>Trzymaj\u0105c si\u0119 fakt\u00f3w &#8211; panowie trafili do wi\u0119zienia pod eskort\u0105 policji; zostali wyprowadzeni prze s\u0142u\u017cby dok\u0142adnie w Pa\u0142acu Prezydenckim i osadzeni w dw\u00f3ch r\u00f3\u017cnych wi\u0119zieniach. Prezydent Andrzej Duda twierdzi\u0142, \u017ce nie b\u0119dzie ich u\u0142askawia\u0142, bowiem zrobi\u0142 to ju\u017c kilka lat temu. Niestety, PAD zrobi\u0142 to przed prawomocnym wyrokiem, wi\u0119c takie u\u0142askawienie nie pozostaje w mocy. G\u0142owa naszego pa\u0144stwa zmieni\u0142a jednak zdanie i postanowi\u0142a po szczycie w Davos u\u0142askawi\u0107 by\u0142ych pos\u0142\u00f3w. Panowie opu\u015bcili wi\u0119zienia i szumnie zapowiadali, \u017ce do sejmu na najbli\u017csze posiedzenie powr\u00f3c\u0105. Nie powr\u00f3cili. W tym miejscu podkre\u015blam, \u017ce u\u0142askawienie nie zmywa wyroku &#8211; a wyrok prawomocny nie pozwala na zachowanie mandatu poselskiego. <\/p>\n\n\n\n<figure class=\"wp-block-embed is-type-rich is-provider-twitter wp-block-embed-twitter\"><div class=\"wp-block-embed__wrapper\">\n<blockquote class=\"twitter-tweet\" data-width=\"550\" data-dnt=\"true\"><p lang=\"qme\" dir=\"ltr\">\u270c\ufe0f <a href=\"https:\/\/t.co\/85NDwlS67G\">pic.twitter.com\/85NDwlS67G<\/a><\/p>&mdash; Kancelaria Prezydenta (@prezydentpl) <a href=\"https:\/\/twitter.com\/prezydentpl\/status\/1750164738745504047?ref_src=twsrc%5Etfw\">January 24, 2024<\/a><\/blockquote><script async src=\"https:\/\/platform.twitter.com\/widgets.js\" charset=\"utf-8\"><\/script>\n<\/div><\/figure>\n\n\n\n<p><\/p>\n\n\n\n<h4 class=\"wp-block-heading\">Rz\u0105d wodzi za nos, ale Polacy ju\u017c nie tacy bezbronni &#8211; CPK <\/h4>\n\n\n\n<p>Koalicji rz\u0105dz\u0105cej wydawa\u0142o si\u0119 chyba, \u017ce mszczenie si\u0119 na PiS i zwalnianie wszystkich ich dzia\u0142aczy z ka\u017cdej piastowanej przez nich funkcji publicznej, zadowoli wyborc\u00f3w. Niestety, czasy kiedy TVN, TVP, Gazeta Wyborcza i Polsat kszta\u0142tuj\u0105 99% opinii publicznej, dawno si\u0119 sko\u0144czy\u0142y. Wielu niezale\u017cnych publicyst\u00f3w nag\u0142a\u015bnia\u0142o prawdziwe problemy, wytyczaj\u0105c debacie drog\u0119 na realne problemy rz\u0105du. Du\u017ca w tym zas\u0142uga ci\u0105gle rosn\u0105cej roli medi\u00f3w spo\u0142eczno\u015bciowych.<\/p>\n\n\n\n<p>Zacz\u0119\u0142o si\u0119 od BARDZO sceptycznych i ma\u0142o konkretnych wypowiedzi polityk\u00f3w Koalicji 15 pa\u017adziernika na temat budowy CPK; pe\u0142nomocnikiem projektu budowy Centralnego Portu Komunikacyjnego zosta\u0142 Lasek Maciej, pod adresem kt\u00f3rego zdarzy\u0142o mi si\u0119 przeczyta\u0107 wypowiedzi, jakoby posiada\u0142 grunty w okolicy planowanej lokalizacji CPK. (co oczywi\u015bcie czyni\u0142oby z niego cz\u0142owieka nieobiektywnego, kt\u00f3remu budowa CPK si\u0119 nie op\u0142aca). Nie znalaz\u0142em jednak \u017cadnego potwierdzenia tych informacji. <\/p>\n\n\n\n<p>Z rady nadzorczej CPK zwolnieni zostali WSZYSCY. Sceptycznych wypowiedzi pojawia\u0142o si\u0119 coraz wi\u0119cej. Maciej Lasek powiedzia\u0142<em> &#8211; <\/em><a href=\"https:\/\/www.youtube.com\/watch?v=UyYUEiC2zl4\"><em>Je\u015bli CPK powstanie, to du\u017co p\u00f3\u017aniej<\/em>. <\/a><\/p>\n\n\n\n<p><\/p>\n\n\n\n<h4 class=\"wp-block-heading\">Zamieszanie z atomem <\/h4>\n\n\n\n<p>Zamieszanie zacz\u0119\u0142o si\u0119 z powodu Wicemarsza\u0142ka wojew\u00f3dzka pomorskiego, w kt\u00f3rym to mia\u0142a powsta\u0107 elektrownia atomowa. <\/p>\n\n\n\n<figure class=\"wp-block-embed is-type-rich is-provider-twitter wp-block-embed-twitter\"><div class=\"wp-block-embed__wrapper\">\n<blockquote class=\"twitter-tweet\" data-width=\"550\" data-dnt=\"true\"><p lang=\"pl\" dir=\"ltr\">Wicemarsza\u0142ek woj. pomorskiego i wojewoda poinformowali, \u017ce podejmuj\u0105 starania na rzecz ewentualnej zmiany lokalizacji planowanej elektrowni j\u0105drowej.<br><br>Zamiast w gminie Choczewo, mia\u0142aby powsta\u0107 w pobli\u017cu \u017barnowca.<br><br>Raport w sprawie mia\u0142 trafi\u0107 ju\u017c do PDT.<a href=\"https:\/\/t.co\/8dXaSfiu9X\">https:\/\/t.co\/8dXaSfiu9X<\/a><\/p>&mdash; Jakub Wiech (@jakubwiech) <a href=\"https:\/\/twitter.com\/jakubwiech\/status\/1747642447281127861?ref_src=twsrc%5Etfw\">January 17, 2024<\/a><\/blockquote><script async src=\"https:\/\/platform.twitter.com\/widgets.js\" charset=\"utf-8\"><\/script>\n<\/div><\/figure>\n\n\n\n<p>W internecie zawrza\u0142o &#8211; oburzone g\u0142osy p\u0142yn\u0119\u0142y z ka\u017cdej strony, szczeg\u00f3lnie Lewicy i Prawa i Sprawiedliwo\u015bci.  Ale o co tyle rabanu? Co to za r\u00f3\u017cnica, kilka kilometr\u00f3w? Niestety, du\u017ca, wr\u0119cz gigantyczna. Zmiana lokalizacji spowoduje znaczne wyd\u0142u\u017cenie budowy, b\u0119dzie wymaga\u0142o rozpocz\u0119cia projektu praktycznie od nowa. Procedury op\u00f3\u017ani\u0142yby budow\u0119 elektrowni o kilka lat, kt\u00f3ra nomen omen, ju\u017c jest op\u00f3\u017aniona kilka 2 lata i wci\u0105\u017c nie posiada modelu finansowego. <\/p>\n\n\n\n<p><\/p>\n\n\n\n<h4 class=\"wp-block-heading\">Presja spo\u0142eczna ma sens, PiS z sensownym projektem <\/h4>\n\n\n\n<p>To chyba najwi\u0119ksza zmiana, jak\u0105 odczuwam po wyborach &#8211; presja spo\u0142eczna ma sens i wywiera realne skutki. W sprawie CPK powsta\u0142a nawet petycja, kt\u00f3r\u0105 zach\u0119cam podpisa\u0107 (<a href=\"https:\/\/www.petycjeonline.com\/apel_o_kontynuacj_budowy_cpk)\" target=\"_blank\" rel=\"noreferrer noopener\">https:\/\/www.petycjeonline.com\/apel_o_kontynuacj_budowy_cpk)<\/a>. Niezwykle cieszy to, \u017ce w ko\u0144cu debata publiczna kszta\u0142towana jest przez wyborc\u00f3w i niezale\u017cnych (no, w miar\u0119 niezale\u017cnych) ekspert\u00f3w, a nie kilku w\u0142odarzy najwi\u0119kszych medi\u00f3w w Polsce. <\/p>\n\n\n\n<p>W sprawie Centralnego Portu Komunikacyjnego dzia\u0142a r\u00f3wnie\u017c PiS &#8211; pose\u0142 Hora\u0142a powo\u0142a\u0142 PONADPARTYJNY zesp\u00f3\u0142 &#8222;Tak dla rozwoju &#8211; CPK &#8211; atom &#8211; porty&#8221;. Do zespo\u0142u do\u0142\u0105czyli cz\u0142onkowie klubu Prawo i Sprawiedliwo\u015b\u0107, ale tak\u017ce pos\u0142anka Anna Maria \u017bukowska, czy Pawe\u0142 Kukiz. Licz\u0119 na do\u0142\u0105czenie r\u00f3wnie\u017c np. Pauliny Matysiak, pos\u0142anki niezwykle zaanga\u017cowanej w sprawy CPK i atomu. <\/p>\n\n\n\n<p>Podobnie sprawa wygl\u0105da w kwestii elektrowni j\u0105drowej &#8211; Oburzenie ekspert\u00f3w i wyborc\u00f3w spowodowa\u0142y, \u017ce wypowiedzi ekipy rz\u0105dz\u0105cej zacz\u0119\u0142y biec w uwaga &#8211; odwrotnym kierunku. Zmian\u0119 lokalizacji zdementowa\u0142 Jan Grabiec (szef KPRM), a tak\u017ce dwukrotnie Minister Klimatu i \u015arodowiska. <\/p>\n\n\n\n<figure class=\"wp-block-embed is-type-rich is-provider-twitter wp-block-embed-twitter\"><div class=\"wp-block-embed__wrapper\">\n<blockquote class=\"twitter-tweet\" data-width=\"550\" data-dnt=\"true\"><p lang=\"pl\" dir=\"ltr\">Decyzja o lokalizacji elektrowni j\u0105drowej w gminie Choczewo jest ostateczna \u2013 podkre\u015bli\u0142o Ministerstwo Klimatu i \u015arodowiska.<br><br>No, to teraz ramy finansowo-bud\u017cetowe, kontrakt i budujemy.<br><br> <a href=\"https:\/\/t.co\/w129CYpVch\">https:\/\/t.co\/w129CYpVch<\/a><\/p>&mdash; Jakub Wiech (@jakubwiech) <a href=\"https:\/\/twitter.com\/jakubwiech\/status\/1748311292794839109?ref_src=twsrc%5Etfw\">January 19, 2024<\/a><\/blockquote><script async src=\"https:\/\/platform.twitter.com\/widgets.js\" charset=\"utf-8\"><\/script>\n<\/div><\/figure>\n\n\n\n<p><\/p>\n\n\n\n<h4 class=\"wp-block-heading\">Dlaczego? <\/h4>\n\n\n\n<p>Wypowiedzi i prawdopodobne plany K15P jasno wskazywa\u0142y na to, \u017ce rz\u0105d chcia\u0142 si\u0119 z CPK i atomu wycofa\u0107, albo znacznie obni\u017cy\u0107 priorytet tych projekt\u00f3w, op\u00f3\u017aniaj\u0105c ich powstanie. Takie dzia\u0142ania prawdopodobnie wynika\u0142y ze z\u0142ych kalkulacji:<\/p>\n\n\n\n<ul class=\"wp-block-list\">\n<li>CPK to projekt koronny poprzedniego rz\u0105du, wi\u0119c z g\u00f3ry jest &#8222;z\u0142y&#8221;<\/li>\n\n\n\n<li>Obci\u0105\u017cy bud\u017cet <\/li>\n\n\n\n<li>Efekty tych inwestycji b\u0119d\u0105 widoczne dopiero za kilkana\u015bcie lat, a marketing i promocja partii przy braku namacalnych sukces\u00f3w jest trudniejsza <\/li>\n<\/ul>\n\n\n\n<p>Oczywi\u015bcie wszystkie te powody to kompletny stek bzdur. CPK nie zak\u0142ada tylko budowy lotniska, ale tak\u017ce niezwykle rozbudowanej, szybkiej kolei \u0142\u0105cz\u0105cej polskie miasta i granice pa\u0144stwa. Trzeba przyzna\u0107, \u017ce PiS zrobi\u0142 bardzo dobr\u0105 robot\u0119. CPK powsta\u0107 MUSI. Lotnisko Chopina jest niezwykle przeci\u0105\u017cone, kolej polska jest w fatalnym stanie; wielkie, mi\u0119dzykontynentalne lotnisko otworzy nasz kraj jeszcze bardziej na wszelakie inwestycje. Atom z kolei zapewni nam energi\u0119 w tych jak\u017ce niepewnych czasach i pozwoli w ko\u0144cu wygasza\u0107 kopalnie w\u0119gla. Co do bud\u017cetu &#8211; nie s\u0105 to koszty, na kt\u00f3re nas nie sta\u0107. Nie sta\u0107 nas za to na niewybudowanie EA i CPK &#8211; nie sta\u0107 nas na uzale\u017cnienie od w\u0119gla, na &#8222;energetyczn\u0105 smycz&#8221;. Co do braku namacalnych efekt\u00f3w: <\/p>\n\n\n\n<figure class=\"wp-block-embed is-type-rich is-provider-twitter wp-block-embed-twitter\"><div class=\"wp-block-embed__wrapper\">\n<blockquote class=\"twitter-tweet\" data-width=\"550\" data-dnt=\"true\"><p lang=\"pl\" dir=\"ltr\">Ten sprzeciw wobec CPK jest o tyle nie zrozumia\u0142y, \u017ce op\u0142aca si\u0119 nie tylko ekonomicznie, ale i politycznie. <br><br>\u2b55\ufe0f PiS si\u0142\u0105 rzeczy zostawi\u0142 nowej w\u0142adzy z\u0142ote jajo, mo\u017cliwy pomnik w\u0142adzy, o kt\u00f3rym b\u0119dzie si\u0119 m\u00f3wi\u0107 nawet za 100 lat. CPK to port w Gdyni naszych czas\u00f3w. <br>\u2b55\ufe0f\u2026 <a href=\"https:\/\/t.co\/HDiituPz2R\">pic.twitter.com\/HDiituPz2R<\/a><\/p>&mdash; Patryk Spali\u0144ski (@spalinskipatryk) <a href=\"https:\/\/twitter.com\/spalinskipatryk\/status\/1749881732608720914?ref_src=twsrc%5Etfw\">January 23, 2024<\/a><\/blockquote><script async src=\"https:\/\/platform.twitter.com\/widgets.js\" charset=\"utf-8\"><\/script>\n<\/div><\/figure>\n\n\n\n<p>Podsumowuj\u0105c &#8211; rz\u0105d zacz\u0105\u0142 si\u0119 wykr\u0119ca\u0107, szamota\u0107, ucieka\u0107 od konkret\u00f3w. Na szcz\u0119\u015bcie suweren przypomnia\u0142, \u017ce rozliczanie PiS nie wystarczy, aby go zadowoli\u0107. <\/p>\n\n\n\n<p><\/p>\n\n\n\n<h4 class=\"wp-block-heading\">Tabletka dzie\u0144 po, aborcja do 12 tygodnia <\/h4>\n\n\n\n<p>Koalicja Obywatelska z\u0142o\u017cy\u0142a do Marsza\u0142ka Sejmu dwa projekty ustaw &#8211; jeden dotyczy pigu\u0142ki dzie\u0144 po dost\u0119pnej bez recepty od 15 roku \u017cycia, a drugi &#8211; legalizacj\u0119 aborcji do 12 tygodnia. Prawdopodobnie wnioski procedowane b\u0119d\u0105 ju\u017c na kolejnym posiedzeniu sejmu, czyli pi\u0105tym z kolei. <\/p>\n\n\n\n<p>Marsza\u0142ek Szymon Ho\u0142ownia zadeklarowa\u0142, \u017ce b\u0119dzie rozmawia\u0142 ze swoimi partyjnymi kolegami i kole\u017cankami w sprawie tych projekt\u00f3w. Polityk zastanawia si\u0119 tak\u017ce, czy tabletka dzie\u0144 po powinna by\u0107 legalna od 15, czy 18 roku \u017cycia. <\/p>\n\n\n\n<p><\/p>\n\n\n\n<h4 class=\"wp-block-heading\">W Europie chaos<\/h4>\n\n\n\n<p>To, co dzieje si\u0119 na scenach politycznych najwa\u017cniejszych pa\u0144stw cz\u0142onkowskich Unii Europejskiej, wywo\u0142uje we mnie nie tylko b\u00f3l g\u0142owy, ale przede wszystkim realne obawy o stabiln\u0105 Europ\u0119. Sw\u00f3j g\u0142os na faszystowsk\u0105 (realnie faszystowsk\u0105) parti\u0119 AfD deklaruje ju\u017c prawie 1\/4 Niemc\u00f3w. Alternatywa dla Niemiec deklaruje reset relacji z Rosj\u0105, zaprzestanie wspierania Ukrainy, kwestionuj\u0105 granice Polski i planuje prowadzi\u0107 niezwykle tward\u0105 polityk\u0119 migracyjn\u0105 wraz z opuszczenie Unii Europejskiej. Ostatni postulat, og\u0142oszony kilka dni temu, nie spodoba\u0142 si\u0119 wyborcom. Taki wynik partii faszystowskiej  spowodowany jest du\u017cym niezadowoleniem z polityki Scholza, pogarszaj\u0105cych si\u0119 warunk\u00f3w \u017cycia Niemc\u00f3w i wielkich problem\u00f3w z migrantami. <\/p>\n\n\n\n<p>W USA z kolei Donald Trump ma ogromne szanse na zwyci\u0119stwo w wyborach, mimo trwaj\u0105cej przeciw niemu sprawie s\u0105dowej. Trump chce zako\u0144czy\u0107 wojn\u0119 na Ukrainie, oczywi\u015bcie twardo, po swojemu &#8211; czyli wspieraj\u0105c Rosj\u0119. <\/p>\n\n\n\n<p>We Francji Zjednoczenie Narodowe Marine Le Pen miewa si\u0119 nawet lepiej ni\u017c AfD w Niemczech. Obie partie maj\u0105 bardzo podobne programy; antyimigracyjne, prorosyjskie, antyunijne. Doj\u015bcie do w\u0142adzy czy Le Pen, czy AfD, niezwykle mocno odbije si\u0119 na stabilno\u015bci starego kontynentu. S\u0105 to partie w jawny spos\u00f3b zagra\u017caj\u0105ce obecnemu, wzgl\u0119dnemu pokojowi w Europie. <\/p>\n\n\n\n<p>Z powodu niewystarczaj\u0105cych kompetencji w kwestiach polityki zagranicznej, odsy\u0142am do artyku\u0142u o <a href=\"https:\/\/www.rp.pl\/polityka\/art39659781-marine-le-pen-najlepsza-przyjaciolka-putina\" target=\"_blank\" rel=\"noreferrer noopener\">Le Pen<\/a> i <a href=\"https:\/\/oko.press\/w-niemczech-skrajnie-prawicowa-afd-rosnie-w-sondazach\">AfD<\/a>. <\/p>\n","protected":false},"excerpt":{"rendered":"<p>Kami\u0144ski i W\u0105sik na wolno\u015bci. Co dalej z CPK i elektrowni\u0105 j\u0105drow\u0105? Skrajna prawica przejmuje Europ\u0119.<br \/>\n<br \/>\nTo, co dzieje si\u0119 na scenach politycznych najwa\u017cniejszych pa\u0144stw cz\u0142onkowskich Unii Europejskiej, wywo\u0142uje we mnie nie tylko b\u00f3l g\u0142owy, ale przede wszystkim realne obawy o stabiln\u0105 Europ\u0119. Sw\u00f3j g\u0142os na faszystowsk\u0105 (realnie faszystowsk\u0105) parti\u0119 AfD deklaruje ju\u017c prawie 1\/4 Niemc\u00f3w. Alternatywa dla Niemiec deklaruje reset relacji z Rosj\u0105, zaprzestanie wspierania Ukrainy, kwestionuj\u0105 granice Polski i planuje prowadzi\u0107 niezwykle tward\u0105 polityk\u0119 migracyjn\u0105 wraz z opuszczenie Unii Europejskiej. Ostatni postulat, og\u0142oszony kilka dni temu, nie spodoba\u0142 si\u0119 wyborcom. Taki wynik partii faszystowskiej  spowodowany jest du\u017cym niezadowoleniem z polityki Scholza, pogarszaj\u0105cych si\u0119 warunk\u00f3w \u017cycia Niemc\u00f3w i wielkich problem\u00f3w z migrantami. <\/p>\n","protected":false},"author":6,"featured_media":12460,"comment_status":"closed","ping_status":"closed","sticky":false,"template":"","format":"standard","meta":{"colormag_page_container_layout":"no_sidebar_content_centered","colormag_page_sidebar_layout":"no_sidebar","_jetpack_memberships_contains_paid_content":false,"footnotes":"","_links_to":"","_links_to_target":""},"categories":[248,42,8],"tags":[90],"class_list":["post-12328","post","type-post","status-publish","format-standard","has-post-thumbnail","hentry","category-co-tam-panie-w-polityce","category-felietony","category-polityka","tag-polityka"],"yoast_head":"<!-- This site is optimized with the Yoast SEO plugin v27.4 - https:\/\/yoast.com\/product\/yoast-seo-wordpress\/ -->\n<title>C\u00f3\u017c tam, panie, w polityce? #2 - NOTABENE.WORLD<\/title>\n<meta name=\"robots\" content=\"index, follow, max-snippet:-1, max-image-preview:large, max-video-preview:-1\" \/>\n<link rel=\"canonical\" href=\"https:\/\/notabene.world\/nb\/coz-tam-panie-w-polityce-2\/\" \/>\n<meta property=\"og:locale\" content=\"pl_PL\" \/>\n<meta property=\"og:type\" content=\"article\" \/>\n<meta property=\"og:title\" content=\"C\u00f3\u017c tam, panie, w polityce? #2 - NOTABENE.WORLD\" \/>\n<meta property=\"og:description\" content=\"Kami\u0144ski i W\u0105sik na wolno\u015bci. Co dalej z CPK i elektrowni\u0105 j\u0105drow\u0105? Skrajna prawica przejmuje Europ\u0119. To, co dzieje si\u0119 na scenach politycznych najwa\u017cniejszych pa\u0144stw cz\u0142onkowskich Unii Europejskiej, wywo\u0142uje we mnie nie tylko b\u00f3l g\u0142owy, ale przede wszystkim realne obawy o stabiln\u0105 Europ\u0119. Sw\u00f3j g\u0142os na faszystowsk\u0105 (realnie faszystowsk\u0105) parti\u0119 AfD deklaruje ju\u017c prawie 1\/4 Niemc\u00f3w. Alternatywa dla Niemiec deklaruje reset relacji z Rosj\u0105, zaprzestanie wspierania Ukrainy, kwestionuj\u0105 granice Polski i planuje prowadzi\u0107 niezwykle tward\u0105 polityk\u0119 migracyjn\u0105 wraz z opuszczenie Unii Europejskiej. Ostatni postulat, og\u0142oszony kilka dni temu, nie spodoba\u0142 si\u0119 wyborcom. Taki wynik partii faszystowskiej spowodowany jest du\u017cym niezadowoleniem z polityki Scholza, pogarszaj\u0105cych si\u0119 warunk\u00f3w \u017cycia Niemc\u00f3w i wielkich problem\u00f3w z migrantami.\" \/>\n<meta property=\"og:url\" content=\"https:\/\/notabene.world\/nb\/coz-tam-panie-w-polityce-2\/\" \/>\n<meta property=\"og:site_name\" content=\"NOTABENE.WORLD\" \/>\n<meta property=\"article:publisher\" content=\"https:\/\/www.facebook.com\/Notabene.World\" \/>\n<meta property=\"article:author\" content=\"https:\/\/www.facebook.com\/profile.php?id=100014087373140\" \/>\n<meta property=\"article:published_time\" content=\"2024-01-20T19:18:00+00:00\" \/>\n<meta property=\"article:modified_time\" content=\"2024-04-21T10:52:41+00:00\" \/>\n<meta property=\"og:image\" content=\"https:\/\/notabene.world\/nb\/wp-content\/uploads\/2024\/01\/jt2.jpg\" \/>\n\t<meta property=\"og:image:width\" content=\"800\" \/>\n\t<meta property=\"og:image:height\" content=\"445\" \/>\n\t<meta property=\"og:image:type\" content=\"image\/jpeg\" \/>\n<meta name=\"author\" content=\"Julian Tarnowski\" \/>\n<meta name=\"twitter:card\" content=\"summary_large_image\" \/>\n<meta name=\"twitter:creator\" content=\"@JulianTarnowsk1\" \/>\n<meta name=\"twitter:label1\" content=\"Napisane przez\" \/>\n\t<meta name=\"twitter:data1\" content=\"Julian Tarnowski\" \/>\n\t<meta name=\"twitter:label2\" content=\"Szacowany czas czytania\" \/>\n\t<meta name=\"twitter:data2\" content=\"7 minut\" \/>\n<script type=\"application\/ld+json\" class=\"yoast-schema-graph\">{\"@context\":\"https:\\\/\\\/schema.org\",\"@graph\":[{\"@type\":\"Article\",\"@id\":\"https:\\\/\\\/notabene.world\\\/nb\\\/coz-tam-panie-w-polityce-2\\\/#article\",\"isPartOf\":{\"@id\":\"https:\\\/\\\/notabene.world\\\/nb\\\/coz-tam-panie-w-polityce-2\\\/\"},\"author\":{\"name\":\"Julian Tarnowski\",\"@id\":\"https:\\\/\\\/notabene.world\\\/nb\\\/#\\\/schema\\\/person\\\/890c5cc2bd0337867802bcca5ee56dee\"},\"headline\":\"C\u00f3\u017c tam, panie, w polityce? #2\",\"datePublished\":\"2024-01-20T19:18:00+00:00\",\"dateModified\":\"2024-04-21T10:52:41+00:00\",\"mainEntityOfPage\":{\"@id\":\"https:\\\/\\\/notabene.world\\\/nb\\\/coz-tam-panie-w-polityce-2\\\/\"},\"wordCount\":1321,\"publisher\":{\"@id\":\"https:\\\/\\\/notabene.world\\\/nb\\\/#organization\"},\"image\":{\"@id\":\"https:\\\/\\\/notabene.world\\\/nb\\\/coz-tam-panie-w-polityce-2\\\/#primaryimage\"},\"thumbnailUrl\":\"https:\\\/\\\/i0.wp.com\\\/notabene.world\\\/nb\\\/wp-content\\\/uploads\\\/2024\\\/01\\\/jt2.jpg?fit=800%2C445&ssl=1\",\"keywords\":[\"#polityka\"],\"articleSection\":[\"Co tam panie w polityce?\",\"Felietony\",\"Polityka\"],\"inLanguage\":\"pl-PL\"},{\"@type\":\"WebPage\",\"@id\":\"https:\\\/\\\/notabene.world\\\/nb\\\/coz-tam-panie-w-polityce-2\\\/\",\"url\":\"https:\\\/\\\/notabene.world\\\/nb\\\/coz-tam-panie-w-polityce-2\\\/\",\"name\":\"C\u00f3\u017c tam, panie, w polityce? #2 - NOTABENE.WORLD\",\"isPartOf\":{\"@id\":\"https:\\\/\\\/notabene.world\\\/nb\\\/#website\"},\"primaryImageOfPage\":{\"@id\":\"https:\\\/\\\/notabene.world\\\/nb\\\/coz-tam-panie-w-polityce-2\\\/#primaryimage\"},\"image\":{\"@id\":\"https:\\\/\\\/notabene.world\\\/nb\\\/coz-tam-panie-w-polityce-2\\\/#primaryimage\"},\"thumbnailUrl\":\"https:\\\/\\\/i0.wp.com\\\/notabene.world\\\/nb\\\/wp-content\\\/uploads\\\/2024\\\/01\\\/jt2.jpg?fit=800%2C445&ssl=1\",\"datePublished\":\"2024-01-20T19:18:00+00:00\",\"dateModified\":\"2024-04-21T10:52:41+00:00\",\"breadcrumb\":{\"@id\":\"https:\\\/\\\/notabene.world\\\/nb\\\/coz-tam-panie-w-polityce-2\\\/#breadcrumb\"},\"inLanguage\":\"pl-PL\",\"potentialAction\":[{\"@type\":\"ReadAction\",\"target\":[\"https:\\\/\\\/notabene.world\\\/nb\\\/coz-tam-panie-w-polityce-2\\\/\"]}]},{\"@type\":\"ImageObject\",\"inLanguage\":\"pl-PL\",\"@id\":\"https:\\\/\\\/notabene.world\\\/nb\\\/coz-tam-panie-w-polityce-2\\\/#primaryimage\",\"url\":\"https:\\\/\\\/i0.wp.com\\\/notabene.world\\\/nb\\\/wp-content\\\/uploads\\\/2024\\\/01\\\/jt2.jpg?fit=800%2C445&ssl=1\",\"contentUrl\":\"https:\\\/\\\/i0.wp.com\\\/notabene.world\\\/nb\\\/wp-content\\\/uploads\\\/2024\\\/01\\\/jt2.jpg?fit=800%2C445&ssl=1\",\"width\":800,\"height\":445},{\"@type\":\"BreadcrumbList\",\"@id\":\"https:\\\/\\\/notabene.world\\\/nb\\\/coz-tam-panie-w-polityce-2\\\/#breadcrumb\",\"itemListElement\":[{\"@type\":\"ListItem\",\"position\":1,\"name\":\"Home\",\"item\":\"https:\\\/\\\/notabene.world\\\/nb\\\/\"},{\"@type\":\"ListItem\",\"position\":2,\"name\":\"C\u00f3\u017c tam, panie, w polityce? #2\"}]},{\"@type\":\"WebSite\",\"@id\":\"https:\\\/\\\/notabene.world\\\/nb\\\/#website\",\"url\":\"https:\\\/\\\/notabene.world\\\/nb\\\/\",\"name\":\"NOTABENE.WORLD\",\"description\":\"Przekaz. Warto\u015bci. Wsp\u00f3lnota.\",\"publisher\":{\"@id\":\"https:\\\/\\\/notabene.world\\\/nb\\\/#organization\"},\"potentialAction\":[{\"@type\":\"SearchAction\",\"target\":{\"@type\":\"EntryPoint\",\"urlTemplate\":\"https:\\\/\\\/notabene.world\\\/nb\\\/?s={search_term_string}\"},\"query-input\":{\"@type\":\"PropertyValueSpecification\",\"valueRequired\":true,\"valueName\":\"search_term_string\"}}],\"inLanguage\":\"pl-PL\"},{\"@type\":\"Organization\",\"@id\":\"https:\\\/\\\/notabene.world\\\/nb\\\/#organization\",\"name\":\"NOTABENE.WORLD\",\"url\":\"https:\\\/\\\/notabene.world\\\/nb\\\/\",\"logo\":{\"@type\":\"ImageObject\",\"inLanguage\":\"pl-PL\",\"@id\":\"https:\\\/\\\/notabene.world\\\/nb\\\/#\\\/schema\\\/logo\\\/image\\\/\",\"url\":\"https:\\\/\\\/notabene.world\\\/nb\\\/wp-content\\\/uploads\\\/2022\\\/01\\\/NB-club-start-www1.jpg\",\"contentUrl\":\"https:\\\/\\\/notabene.world\\\/nb\\\/wp-content\\\/uploads\\\/2022\\\/01\\\/NB-club-start-www1.jpg\",\"width\":1000,\"height\":839,\"caption\":\"NOTABENE.WORLD\"},\"image\":{\"@id\":\"https:\\\/\\\/notabene.world\\\/nb\\\/#\\\/schema\\\/logo\\\/image\\\/\"},\"sameAs\":[\"https:\\\/\\\/www.facebook.com\\\/Notabene.World\"]},{\"@type\":\"Person\",\"@id\":\"https:\\\/\\\/notabene.world\\\/nb\\\/#\\\/schema\\\/person\\\/890c5cc2bd0337867802bcca5ee56dee\",\"name\":\"Julian Tarnowski\",\"image\":{\"@type\":\"ImageObject\",\"inLanguage\":\"pl-PL\",\"@id\":\"https:\\\/\\\/secure.gravatar.com\\\/avatar\\\/151c2da0993f25c9e553bfa30b4da86942b5a68cf934473be0bc4dc52284b95b?s=96&d=mm&r=g\",\"url\":\"https:\\\/\\\/secure.gravatar.com\\\/avatar\\\/151c2da0993f25c9e553bfa30b4da86942b5a68cf934473be0bc4dc52284b95b?s=96&d=mm&r=g\",\"contentUrl\":\"https:\\\/\\\/secure.gravatar.com\\\/avatar\\\/151c2da0993f25c9e553bfa30b4da86942b5a68cf934473be0bc4dc52284b95b?s=96&d=mm&r=g\",\"caption\":\"Julian Tarnowski\"},\"sameAs\":[\"https:\\\/\\\/www.facebook.com\\\/profile.php?id=100014087373140\",\"https:\\\/\\\/www.instagram.com\\\/tarnowskiofficial\\\/\",\"https:\\\/\\\/x.com\\\/JulianTarnowsk1\"],\"url\":\"https:\\\/\\\/notabene.world\\\/nb\\\/author\\\/julian\\\/\"}]}<\/script>\n<!-- \/ Yoast SEO plugin. -->","yoast_head_json":{"title":"C\u00f3\u017c tam, panie, w polityce? #2 - NOTABENE.WORLD","robots":{"index":"index","follow":"follow","max-snippet":"max-snippet:-1","max-image-preview":"max-image-preview:large","max-video-preview":"max-video-preview:-1"},"canonical":"https:\/\/notabene.world\/nb\/coz-tam-panie-w-polityce-2\/","og_locale":"pl_PL","og_type":"article","og_title":"C\u00f3\u017c tam, panie, w polityce? #2 - NOTABENE.WORLD","og_description":"Kami\u0144ski i W\u0105sik na wolno\u015bci. Co dalej z CPK i elektrowni\u0105 j\u0105drow\u0105? Skrajna prawica przejmuje Europ\u0119. To, co dzieje si\u0119 na scenach politycznych najwa\u017cniejszych pa\u0144stw cz\u0142onkowskich Unii Europejskiej, wywo\u0142uje we mnie nie tylko b\u00f3l g\u0142owy, ale przede wszystkim realne obawy o stabiln\u0105 Europ\u0119. Sw\u00f3j g\u0142os na faszystowsk\u0105 (realnie faszystowsk\u0105) parti\u0119 AfD deklaruje ju\u017c prawie 1\/4 Niemc\u00f3w. Alternatywa dla Niemiec deklaruje reset relacji z Rosj\u0105, zaprzestanie wspierania Ukrainy, kwestionuj\u0105 granice Polski i planuje prowadzi\u0107 niezwykle tward\u0105 polityk\u0119 migracyjn\u0105 wraz z opuszczenie Unii Europejskiej. Ostatni postulat, og\u0142oszony kilka dni temu, nie spodoba\u0142 si\u0119 wyborcom. Taki wynik partii faszystowskiej spowodowany jest du\u017cym niezadowoleniem z polityki Scholza, pogarszaj\u0105cych si\u0119 warunk\u00f3w \u017cycia Niemc\u00f3w i wielkich problem\u00f3w z migrantami.","og_url":"https:\/\/notabene.world\/nb\/coz-tam-panie-w-polityce-2\/","og_site_name":"NOTABENE.WORLD","article_publisher":"https:\/\/www.facebook.com\/Notabene.World","article_author":"https:\/\/www.facebook.com\/profile.php?id=100014087373140","article_published_time":"2024-01-20T19:18:00+00:00","article_modified_time":"2024-04-21T10:52:41+00:00","og_image":[{"width":800,"height":445,"url":"https:\/\/notabene.world\/nb\/wp-content\/uploads\/2024\/01\/jt2.jpg","type":"image\/jpeg"}],"author":"Julian Tarnowski","twitter_card":"summary_large_image","twitter_creator":"@JulianTarnowsk1","twitter_misc":{"Napisane przez":"Julian Tarnowski","Szacowany czas czytania":"7 minut"},"schema":{"@context":"https:\/\/schema.org","@graph":[{"@type":"Article","@id":"https:\/\/notabene.world\/nb\/coz-tam-panie-w-polityce-2\/#article","isPartOf":{"@id":"https:\/\/notabene.world\/nb\/coz-tam-panie-w-polityce-2\/"},"author":{"name":"Julian Tarnowski","@id":"https:\/\/notabene.world\/nb\/#\/schema\/person\/890c5cc2bd0337867802bcca5ee56dee"},"headline":"C\u00f3\u017c tam, panie, w polityce? #2","datePublished":"2024-01-20T19:18:00+00:00","dateModified":"2024-04-21T10:52:41+00:00","mainEntityOfPage":{"@id":"https:\/\/notabene.world\/nb\/coz-tam-panie-w-polityce-2\/"},"wordCount":1321,"publisher":{"@id":"https:\/\/notabene.world\/nb\/#organization"},"image":{"@id":"https:\/\/notabene.world\/nb\/coz-tam-panie-w-polityce-2\/#primaryimage"},"thumbnailUrl":"https:\/\/i0.wp.com\/notabene.world\/nb\/wp-content\/uploads\/2024\/01\/jt2.jpg?fit=800%2C445&ssl=1","keywords":["#polityka"],"articleSection":["Co tam panie w polityce?","Felietony","Polityka"],"inLanguage":"pl-PL"},{"@type":"WebPage","@id":"https:\/\/notabene.world\/nb\/coz-tam-panie-w-polityce-2\/","url":"https:\/\/notabene.world\/nb\/coz-tam-panie-w-polityce-2\/","name":"C\u00f3\u017c tam, panie, w polityce? #2 - NOTABENE.WORLD","isPartOf":{"@id":"https:\/\/notabene.world\/nb\/#website"},"primaryImageOfPage":{"@id":"https:\/\/notabene.world\/nb\/coz-tam-panie-w-polityce-2\/#primaryimage"},"image":{"@id":"https:\/\/notabene.world\/nb\/coz-tam-panie-w-polityce-2\/#primaryimage"},"thumbnailUrl":"https:\/\/i0.wp.com\/notabene.world\/nb\/wp-content\/uploads\/2024\/01\/jt2.jpg?fit=800%2C445&ssl=1","datePublished":"2024-01-20T19:18:00+00:00","dateModified":"2024-04-21T10:52:41+00:00","breadcrumb":{"@id":"https:\/\/notabene.world\/nb\/coz-tam-panie-w-polityce-2\/#breadcrumb"},"inLanguage":"pl-PL","potentialAction":[{"@type":"ReadAction","target":["https:\/\/notabene.world\/nb\/coz-tam-panie-w-polityce-2\/"]}]},{"@type":"ImageObject","inLanguage":"pl-PL","@id":"https:\/\/notabene.world\/nb\/coz-tam-panie-w-polityce-2\/#primaryimage","url":"https:\/\/i0.wp.com\/notabene.world\/nb\/wp-content\/uploads\/2024\/01\/jt2.jpg?fit=800%2C445&ssl=1","contentUrl":"https:\/\/i0.wp.com\/notabene.world\/nb\/wp-content\/uploads\/2024\/01\/jt2.jpg?fit=800%2C445&ssl=1","width":800,"height":445},{"@type":"BreadcrumbList","@id":"https:\/\/notabene.world\/nb\/coz-tam-panie-w-polityce-2\/#breadcrumb","itemListElement":[{"@type":"ListItem","position":1,"name":"Home","item":"https:\/\/notabene.world\/nb\/"},{"@type":"ListItem","position":2,"name":"C\u00f3\u017c tam, panie, w polityce? #2"}]},{"@type":"WebSite","@id":"https:\/\/notabene.world\/nb\/#website","url":"https:\/\/notabene.world\/nb\/","name":"NOTABENE.WORLD","description":"Przekaz. Warto\u015bci. Wsp\u00f3lnota.","publisher":{"@id":"https:\/\/notabene.world\/nb\/#organization"},"potentialAction":[{"@type":"SearchAction","target":{"@type":"EntryPoint","urlTemplate":"https:\/\/notabene.world\/nb\/?s={search_term_string}"},"query-input":{"@type":"PropertyValueSpecification","valueRequired":true,"valueName":"search_term_string"}}],"inLanguage":"pl-PL"},{"@type":"Organization","@id":"https:\/\/notabene.world\/nb\/#organization","name":"NOTABENE.WORLD","url":"https:\/\/notabene.world\/nb\/","logo":{"@type":"ImageObject","inLanguage":"pl-PL","@id":"https:\/\/notabene.world\/nb\/#\/schema\/logo\/image\/","url":"https:\/\/notabene.world\/nb\/wp-content\/uploads\/2022\/01\/NB-club-start-www1.jpg","contentUrl":"https:\/\/notabene.world\/nb\/wp-content\/uploads\/2022\/01\/NB-club-start-www1.jpg","width":1000,"height":839,"caption":"NOTABENE.WORLD"},"image":{"@id":"https:\/\/notabene.world\/nb\/#\/schema\/logo\/image\/"},"sameAs":["https:\/\/www.facebook.com\/Notabene.World"]},{"@type":"Person","@id":"https:\/\/notabene.world\/nb\/#\/schema\/person\/890c5cc2bd0337867802bcca5ee56dee","name":"Julian Tarnowski","image":{"@type":"ImageObject","inLanguage":"pl-PL","@id":"https:\/\/secure.gravatar.com\/avatar\/151c2da0993f25c9e553bfa30b4da86942b5a68cf934473be0bc4dc52284b95b?s=96&d=mm&r=g","url":"https:\/\/secure.gravatar.com\/avatar\/151c2da0993f25c9e553bfa30b4da86942b5a68cf934473be0bc4dc52284b95b?s=96&d=mm&r=g","contentUrl":"https:\/\/secure.gravatar.com\/avatar\/151c2da0993f25c9e553bfa30b4da86942b5a68cf934473be0bc4dc52284b95b?s=96&d=mm&r=g","caption":"Julian Tarnowski"},"sameAs":["https:\/\/www.facebook.com\/profile.php?id=100014087373140","https:\/\/www.instagram.com\/tarnowskiofficial\/","https:\/\/x.com\/JulianTarnowsk1"],"url":"https:\/\/notabene.world\/nb\/author\/julian\/"}]}},"jetpack_featured_media_url":"https:\/\/i0.wp.com\/notabene.world\/nb\/wp-content\/uploads\/2024\/01\/jt2.jpg?fit=800%2C445&ssl=1","jetpack_sharing_enabled":true,"jetpack_shortlink":"https:\/\/wp.me\/pdCobN-3cQ","_links":{"self":[{"href":"https:\/\/notabene.world\/nb\/wp-json\/wp\/v2\/posts\/12328","targetHints":{"allow":["GET"]}}],"collection":[{"href":"https:\/\/notabene.world\/nb\/wp-json\/wp\/v2\/posts"}],"about":[{"href":"https:\/\/notabene.world\/nb\/wp-json\/wp\/v2\/types\/post"}],"author":[{"embeddable":true,"href":"https:\/\/notabene.world\/nb\/wp-json\/wp\/v2\/users\/6"}],"replies":[{"embeddable":true,"href":"https:\/\/notabene.world\/nb\/wp-json\/wp\/v2\/comments?post=12328"}],"version-history":[{"count":5,"href":"https:\/\/notabene.world\/nb\/wp-json\/wp\/v2\/posts\/12328\/revisions"}],"predecessor-version":[{"id":12350,"href":"https:\/\/notabene.world\/nb\/wp-json\/wp\/v2\/posts\/12328\/revisions\/12350"}],"wp:featuredmedia":[{"embeddable":true,"href":"https:\/\/notabene.world\/nb\/wp-json\/wp\/v2\/media\/12460"}],"wp:attachment":[{"href":"https:\/\/notabene.world\/nb\/wp-json\/wp\/v2\/media?parent=12328"}],"wp:term":[{"taxonomy":"category","embeddable":true,"href":"https:\/\/notabene.world\/nb\/wp-json\/wp\/v2\/categories?post=12328"},{"taxonomy":"post_tag","embeddable":true,"href":"https:\/\/notabene.world\/nb\/wp-json\/wp\/v2\/tags?post=12328"}],"curies":[{"name":"wp","href":"https:\/\/api.w.org\/{rel}","templated":true}]}}