{"id":12354,"date":"2024-01-02T00:12:00","date_gmt":"2024-01-01T23:12:00","guid":{"rendered":"https:\/\/notabene.world\/nb\/?p=12354"},"modified":"2024-03-20T02:18:44","modified_gmt":"2024-03-20T01:18:44","slug":"roznice-miedzypokoleniowe-czy-sa-nie-do-pokonania","status":"publish","type":"post","link":"https:\/\/notabene.world\/nb\/roznice-miedzypokoleniowe-czy-sa-nie-do-pokonania\/","title":{"rendered":"R\u00f3\u017cnice mi\u0119dzypokoleniowe. Czy s\u0105 nie do pokonania?"},"content":{"rendered":"\n<p>R\u00f3\u017cnice mi\u0119dzypokoleniowe istnia\u0142y od zawsze, kszta\u0142tuj\u0105c spos\u00f3b, w jaki jednostki postrzegaj\u0105 \u015bwiat, komunikuj\u0105 si\u0119 i wchodz\u0105 w interakcje ze sob\u0105. Ka\u017cde pokolenie wnosi sw\u00f3j w\u0142asny, niepowtarzalny zestaw do\u015bwiadcze\u0144, warto\u015bci i perspektyw, wp\u0142ywaj\u0105c na wszystko, od stylu pracy po preferencje kulturowe. Zrozumienie i docenienie tych r\u00f3\u017cnic jest niezb\u0119dne do wspierania pozytywnych relacji i promowania integracji w coraz bardziej zr\u00f3\u017cnicowanym \u015bwiecie.<\/p>\n\n\n\n<p>Jedna z najbardziej zauwa\u017calnych r\u00f3\u017cnic mi\u0119dzy osobami starszymi i m\u0142odymi le\u017cy w wyznawanych przez nich warto\u015bciach i pogl\u0105dach, ukszta\u0142towanych przez czasy, w kt\u00f3rych dorastali. Starsze pokolenia cz\u0119sto nios\u0105 ze sob\u0105 bogactwo do\u015bwiadcze\u0144 i m\u0105dro\u015bci, k\u0142ad\u0105c nacisk na takie warto\u015bci, jak ci\u0119\u017cka praca, cierpliwo\u015b\u0107 i szacunek dla tradycji. Natomiast m\u0142odsze pokolenia maj\u0105 tendencj\u0119 do opowiadania si\u0119 za innowacjami. Uznanie i szanowanie tych r\u00f3\u017cnorodnych pogl\u0105d\u00f3w sprzyja pe\u0142niejszemu zrozumieniu potrzeb i aspiracji spo\u0142ecznych.<\/p>\n\n\n\n<p>Style komunikacji mog\u0105 znacznie si\u0119 r\u00f3\u017cni\u0107 w zale\u017cno\u015bci od grupy wiekowej, na co wp\u0142ywa post\u0119p technologiczny, zmiany kulturowe i zmiany spo\u0142eczne. Osoby starsze mog\u0105 przywi\u0105zywa\u0107 du\u017c\u0105 wag\u0119 do komunikacji twarz\u0105 w twarz, podkre\u015blaj\u0105c znaczenie kontakt\u00f3w osobistych. Z drugiej strony m\u0142odsze pokolenia, dorastaj\u0105ce w dobie technologii, cz\u0119sto preferuj\u0105 cyfrowe metody komunikacji, takie jak SMS-y czy media spo\u0142eczno\u015bciowe. Wype\u0142nienie luki komunikacyjnej wymaga cierpliwo\u015bci, aktywnego s\u0142uchania i ch\u0119ci dostosowania si\u0119 do r\u00f3\u017cnych sposob\u00f3w interakcji.<\/p>\n\n\n\n<p>R\u00f3\u017cnice pokoleniowe cz\u0119sto s\u0105 widoczne w miejscu pracy, gdzie osoby z r\u00f3\u017cnych grup wiekowych wsp\u00f3\u0142pracuj\u0105, aby osi\u0105gn\u0105\u0107 wsp\u00f3lne cele. Starsi pracownicy mog\u0105 wnie\u015b\u0107 wieloletnie do\u015bwiadczenie, lojalno\u015b\u0107 i siln\u0105 etyk\u0119 pracy, podczas gdy m\u0142odsi koledzy mog\u0105 wnie\u015b\u0107 \u015bwie\u017ce perspektywy, wiedz\u0119 technologiczn\u0105 i ch\u0119\u0107 bardziej elastycznej r\u00f3wnowagi mi\u0119dzy \u017cyciem zawodowym a prywatnym. Organizacje odnosz\u0105ce sukcesy dostrzegaj\u0105 mocne strony obu grup wiekowych i tworz\u0105 \u015brodowiska promuj\u0105ce wsp\u00f3\u0142prac\u0119 i dzielenie si\u0119 wiedz\u0105.<\/p>\n\n\n\n<p>Preferencje kulturowe, w tym wybory dotycz\u0105ce rozrywki, hobby i stylu \u017cycia, mog\u0105 r\u00f3wnie\u017c r\u00f3\u017cni\u0107 si\u0119 w zale\u017cno\u015bci od pokolenia. Osoby starsze mog\u0105 ceni\u0107 tradycyjne formy rozrywki, natomiast m\u0142odsze pokolenia ch\u0119tniej si\u0119gaj\u0105 po wsp\u00f3\u0142czesne trendy. Zrozumienie i szanowanie tych preferencji przyczynia si\u0119 do powstania bardziej tolerancyjnego spo\u0142ecze\u0144stwa, w kt\u00f3rym ka\u017cdy czuje si\u0119 ceniony i rozumiany.<\/p>\n\n\n\n<p>Pomimo r\u00f3\u017cnic istnieje ogromny potencja\u0142 wsp\u00f3\u0142pracy mi\u0119dzypokoleniowej i wzajemnego uczenia si\u0119. Inicjatywy u\u0142atwiaj\u0105ce interakcje mi\u0119dzy osobami starszymi i m\u0142odymi, takie jak programy mentorskie, wydarzenia spo\u0142eczne i projekty mi\u0119dzypokoleniowe, mog\u0105 sprzyja\u0107 zrozumieniu i budowa\u0107 mosty mi\u0119dzy pokoleniami. Uznanie, \u017ce ka\u017cda grupa wiekowa wnosi wyj\u0105tkowe mocne strony i spostrze\u017cenia, stwarza mo\u017cliwo\u015bci wsp\u00f3lnego uczenia si\u0119 oraz rozwoju.<\/p>\n\n\n\n<p>R\u00f3\u017cnice mi\u0119dzy lud\u017ami starszymi i m\u0142odymi s\u0105 naturalnym i wzbogacaj\u0105cym aspektem ludzkiego \u017cycia. Uwzgl\u0119dnianie r\u00f3\u017cnorodno\u015bci mi\u0119dzypokoleniowej przyczynia si\u0119 do \u017cywotno\u015bci spo\u0142eczno\u015bci, miejsc pracy i spo\u0142ecze\u0144stw jako ca\u0142o\u015bci. Wspieraj\u0105c zrozumienie, otwart\u0105 komunikacj\u0119 i ch\u0119\u0107 uczenia si\u0119 od siebie nawzajem, mo\u017cemy budowa\u0107 mosty ponad podzia\u0142ami pokoleniowymi, tworz\u0105c silniejsze spo\u0142eczno\u015bci na  przysz\u0142o\u015b\u0107.<\/p>\n\n\n\n<p><\/p>\n","protected":false},"excerpt":{"rendered":"<p>R\u00f3\u017cnice mi\u0119dzypokoleniowe istnia\u0142y od zawsze, kszta\u0142tuj\u0105c spos\u00f3b, w jaki jednostki postrzegaj\u0105 \u015bwiat, komunikuj\u0105 si\u0119 i wchodz\u0105 w interakcje ze sob\u0105. Ka\u017cde pokolenie wnosi sw\u00f3j w\u0142asny, niepowtarzalny zestaw do\u015bwiadcze\u0144, warto\u015bci i perspektyw, wp\u0142ywaj\u0105c na wszystko, od stylu pracy po preferencje kulturowe. Zrozumienie i docenienie tych r\u00f3\u017cnic jest niezb\u0119dne do wspierania pozytywnych relacji i promowania integracji w coraz bardziej zr\u00f3\u017cnicowanym \u015bwiecie.<br \/>\n<br \/>\nJedna z najbardziej zauwa\u017calnych r\u00f3\u017cnic mi\u0119dzy osobami starszymi i m\u0142odymi le\u017cy w wyznawanych przez nich warto\u015bciach i pogl\u0105dach, ukszta\u0142towanych przez czasy, w kt\u00f3rych dorastali. Starsze pokolenia cz\u0119sto nios\u0105 ze sob\u0105 bogactwo do\u015bwiadcze\u0144 i m\u0105dro\u015bci, k\u0142ad\u0105c nacisk na takie warto\u015bci, jak ci\u0119\u017cka praca, cierpliwo\u015b\u0107 i szacunek dla tradycji. Natomiast m\u0142odsze pokolenia maj\u0105 tendencj\u0119 do opowiadania si\u0119 za innowacjami. Uznanie i szanowanie tych r\u00f3\u017cnorodnych pogl\u0105d\u00f3w sprzyja pe\u0142niejszemu zrozumieniu potrzeb i aspiracji spo\u0142ecznych.<\/p>\n","protected":false},"author":60,"featured_media":12356,"comment_status":"closed","ping_status":"closed","sticky":false,"template":"","format":"standard","meta":{"colormag_page_container_layout":"no_sidebar_content_centered","colormag_page_sidebar_layout":"no_sidebar","_jetpack_memberships_contains_paid_content":false,"footnotes":"","_links_to":"","_links_to_target":""},"categories":[225,110],"tags":[52,226,55],"class_list":["post-12354","post","type-post","status-publish","format-standard","has-post-thumbnail","hentry","category-projekt-kulturalny","category-spoleczenstwo-2","tag-kultura","tag-projekt2023","tag-spoleczenstwo"],"yoast_head":"<!-- This site is optimized with the Yoast SEO plugin v27.5 - https:\/\/yoast.com\/product\/yoast-seo-wordpress\/ -->\n<title>R\u00f3\u017cnice mi\u0119dzypokoleniowe. Czy s\u0105 nie do pokonania? - NOTABENE.WORLD<\/title>\n<meta name=\"robots\" content=\"index, follow, max-snippet:-1, max-image-preview:large, max-video-preview:-1\" \/>\n<link rel=\"canonical\" href=\"https:\/\/notabene.world\/nb\/roznice-miedzypokoleniowe-czy-sa-nie-do-pokonania\/\" \/>\n<meta property=\"og:locale\" content=\"pl_PL\" \/>\n<meta property=\"og:type\" content=\"article\" \/>\n<meta property=\"og:title\" content=\"R\u00f3\u017cnice mi\u0119dzypokoleniowe. Czy s\u0105 nie do pokonania? - NOTABENE.WORLD\" \/>\n<meta property=\"og:description\" content=\"R\u00f3\u017cnice mi\u0119dzypokoleniowe istnia\u0142y od zawsze, kszta\u0142tuj\u0105c spos\u00f3b, w jaki jednostki postrzegaj\u0105 \u015bwiat, komunikuj\u0105 si\u0119 i wchodz\u0105 w interakcje ze sob\u0105. Ka\u017cde pokolenie wnosi sw\u00f3j w\u0142asny, niepowtarzalny zestaw do\u015bwiadcze\u0144, warto\u015bci i perspektyw, wp\u0142ywaj\u0105c na wszystko, od stylu pracy po preferencje kulturowe. Zrozumienie i docenienie tych r\u00f3\u017cnic jest niezb\u0119dne do wspierania pozytywnych relacji i promowania integracji w coraz bardziej zr\u00f3\u017cnicowanym \u015bwiecie. Jedna z najbardziej zauwa\u017calnych r\u00f3\u017cnic mi\u0119dzy osobami starszymi i m\u0142odymi le\u017cy w wyznawanych przez nich warto\u015bciach i pogl\u0105dach, ukszta\u0142towanych przez czasy, w kt\u00f3rych dorastali. Starsze pokolenia cz\u0119sto nios\u0105 ze sob\u0105 bogactwo do\u015bwiadcze\u0144 i m\u0105dro\u015bci, k\u0142ad\u0105c nacisk na takie warto\u015bci, jak ci\u0119\u017cka praca, cierpliwo\u015b\u0107 i szacunek dla tradycji. Natomiast m\u0142odsze pokolenia maj\u0105 tendencj\u0119 do opowiadania si\u0119 za innowacjami. Uznanie i szanowanie tych r\u00f3\u017cnorodnych pogl\u0105d\u00f3w sprzyja pe\u0142niejszemu zrozumieniu potrzeb i aspiracji spo\u0142ecznych.\" \/>\n<meta property=\"og:url\" content=\"https:\/\/notabene.world\/nb\/roznice-miedzypokoleniowe-czy-sa-nie-do-pokonania\/\" \/>\n<meta property=\"og:site_name\" content=\"NOTABENE.WORLD\" \/>\n<meta property=\"article:publisher\" content=\"https:\/\/www.facebook.com\/Notabene.World\" \/>\n<meta property=\"article:published_time\" content=\"2024-01-01T23:12:00+00:00\" \/>\n<meta property=\"article:modified_time\" content=\"2024-03-20T01:18:44+00:00\" \/>\n<meta property=\"og:image\" content=\"https:\/\/notabene.world\/nb\/wp-content\/uploads\/2024\/01\/together-we-are-strong-4029306_1280.jpg\" \/>\n\t<meta property=\"og:image:width\" content=\"1280\" \/>\n\t<meta property=\"og:image:height\" content=\"520\" \/>\n\t<meta property=\"og:image:type\" content=\"image\/jpeg\" \/>\n<meta name=\"author\" content=\"Martyna Cieplak-Januchta\" \/>\n<meta name=\"twitter:card\" content=\"summary_large_image\" \/>\n<meta name=\"twitter:label1\" content=\"Napisane przez\" \/>\n\t<meta name=\"twitter:data1\" content=\"Martyna Cieplak-Januchta\" \/>\n\t<meta name=\"twitter:label2\" content=\"Szacowany czas czytania\" \/>\n\t<meta name=\"twitter:data2\" content=\"3 minuty\" \/>\n<script type=\"application\/ld+json\" class=\"yoast-schema-graph\">{\"@context\":\"https:\\\/\\\/schema.org\",\"@graph\":[{\"@type\":\"Article\",\"@id\":\"https:\\\/\\\/notabene.world\\\/nb\\\/roznice-miedzypokoleniowe-czy-sa-nie-do-pokonania\\\/#article\",\"isPartOf\":{\"@id\":\"https:\\\/\\\/notabene.world\\\/nb\\\/roznice-miedzypokoleniowe-czy-sa-nie-do-pokonania\\\/\"},\"author\":{\"name\":\"Martyna Cieplak-Januchta\",\"@id\":\"https:\\\/\\\/notabene.world\\\/nb\\\/#\\\/schema\\\/person\\\/29f2242388d8e6f64fadce0e5793fcb0\"},\"headline\":\"R\u00f3\u017cnice mi\u0119dzypokoleniowe. Czy s\u0105 nie do pokonania?\",\"datePublished\":\"2024-01-01T23:12:00+00:00\",\"dateModified\":\"2024-03-20T01:18:44+00:00\",\"mainEntityOfPage\":{\"@id\":\"https:\\\/\\\/notabene.world\\\/nb\\\/roznice-miedzypokoleniowe-czy-sa-nie-do-pokonania\\\/\"},\"wordCount\":560,\"publisher\":{\"@id\":\"https:\\\/\\\/notabene.world\\\/nb\\\/#organization\"},\"image\":{\"@id\":\"https:\\\/\\\/notabene.world\\\/nb\\\/roznice-miedzypokoleniowe-czy-sa-nie-do-pokonania\\\/#primaryimage\"},\"thumbnailUrl\":\"https:\\\/\\\/i0.wp.com\\\/notabene.world\\\/nb\\\/wp-content\\\/uploads\\\/2024\\\/01\\\/together-we-are-strong-4029306_1280.jpg?fit=1280%2C520&ssl=1\",\"keywords\":[\"#kultura\",\"#Projekt2023\",\"#spo\u0142ecze\u0144stwo\"],\"articleSection\":[\"Projekt kulturalny\",\"Spo\u0142ecze\u0144stwo\"],\"inLanguage\":\"pl-PL\"},{\"@type\":\"WebPage\",\"@id\":\"https:\\\/\\\/notabene.world\\\/nb\\\/roznice-miedzypokoleniowe-czy-sa-nie-do-pokonania\\\/\",\"url\":\"https:\\\/\\\/notabene.world\\\/nb\\\/roznice-miedzypokoleniowe-czy-sa-nie-do-pokonania\\\/\",\"name\":\"R\u00f3\u017cnice mi\u0119dzypokoleniowe. Czy s\u0105 nie do pokonania? - NOTABENE.WORLD\",\"isPartOf\":{\"@id\":\"https:\\\/\\\/notabene.world\\\/nb\\\/#website\"},\"primaryImageOfPage\":{\"@id\":\"https:\\\/\\\/notabene.world\\\/nb\\\/roznice-miedzypokoleniowe-czy-sa-nie-do-pokonania\\\/#primaryimage\"},\"image\":{\"@id\":\"https:\\\/\\\/notabene.world\\\/nb\\\/roznice-miedzypokoleniowe-czy-sa-nie-do-pokonania\\\/#primaryimage\"},\"thumbnailUrl\":\"https:\\\/\\\/i0.wp.com\\\/notabene.world\\\/nb\\\/wp-content\\\/uploads\\\/2024\\\/01\\\/together-we-are-strong-4029306_1280.jpg?fit=1280%2C520&ssl=1\",\"datePublished\":\"2024-01-01T23:12:00+00:00\",\"dateModified\":\"2024-03-20T01:18:44+00:00\",\"breadcrumb\":{\"@id\":\"https:\\\/\\\/notabene.world\\\/nb\\\/roznice-miedzypokoleniowe-czy-sa-nie-do-pokonania\\\/#breadcrumb\"},\"inLanguage\":\"pl-PL\",\"potentialAction\":[{\"@type\":\"ReadAction\",\"target\":[\"https:\\\/\\\/notabene.world\\\/nb\\\/roznice-miedzypokoleniowe-czy-sa-nie-do-pokonania\\\/\"]}]},{\"@type\":\"ImageObject\",\"inLanguage\":\"pl-PL\",\"@id\":\"https:\\\/\\\/notabene.world\\\/nb\\\/roznice-miedzypokoleniowe-czy-sa-nie-do-pokonania\\\/#primaryimage\",\"url\":\"https:\\\/\\\/i0.wp.com\\\/notabene.world\\\/nb\\\/wp-content\\\/uploads\\\/2024\\\/01\\\/together-we-are-strong-4029306_1280.jpg?fit=1280%2C520&ssl=1\",\"contentUrl\":\"https:\\\/\\\/i0.wp.com\\\/notabene.world\\\/nb\\\/wp-content\\\/uploads\\\/2024\\\/01\\\/together-we-are-strong-4029306_1280.jpg?fit=1280%2C520&ssl=1\",\"width\":1280,\"height\":520},{\"@type\":\"BreadcrumbList\",\"@id\":\"https:\\\/\\\/notabene.world\\\/nb\\\/roznice-miedzypokoleniowe-czy-sa-nie-do-pokonania\\\/#breadcrumb\",\"itemListElement\":[{\"@type\":\"ListItem\",\"position\":1,\"name\":\"Home\",\"item\":\"https:\\\/\\\/notabene.world\\\/nb\\\/\"},{\"@type\":\"ListItem\",\"position\":2,\"name\":\"R\u00f3\u017cnice mi\u0119dzypokoleniowe. Czy s\u0105 nie do pokonania?\"}]},{\"@type\":\"WebSite\",\"@id\":\"https:\\\/\\\/notabene.world\\\/nb\\\/#website\",\"url\":\"https:\\\/\\\/notabene.world\\\/nb\\\/\",\"name\":\"NOTABENE.WORLD\",\"description\":\"Przekaz. Warto\u015bci. Wsp\u00f3lnota.\",\"publisher\":{\"@id\":\"https:\\\/\\\/notabene.world\\\/nb\\\/#organization\"},\"potentialAction\":[{\"@type\":\"SearchAction\",\"target\":{\"@type\":\"EntryPoint\",\"urlTemplate\":\"https:\\\/\\\/notabene.world\\\/nb\\\/?s={search_term_string}\"},\"query-input\":{\"@type\":\"PropertyValueSpecification\",\"valueRequired\":true,\"valueName\":\"search_term_string\"}}],\"inLanguage\":\"pl-PL\"},{\"@type\":\"Organization\",\"@id\":\"https:\\\/\\\/notabene.world\\\/nb\\\/#organization\",\"name\":\"NOTABENE.WORLD\",\"url\":\"https:\\\/\\\/notabene.world\\\/nb\\\/\",\"logo\":{\"@type\":\"ImageObject\",\"inLanguage\":\"pl-PL\",\"@id\":\"https:\\\/\\\/notabene.world\\\/nb\\\/#\\\/schema\\\/logo\\\/image\\\/\",\"url\":\"https:\\\/\\\/notabene.world\\\/nb\\\/wp-content\\\/uploads\\\/2022\\\/01\\\/NB-club-start-www1.jpg\",\"contentUrl\":\"https:\\\/\\\/notabene.world\\\/nb\\\/wp-content\\\/uploads\\\/2022\\\/01\\\/NB-club-start-www1.jpg\",\"width\":1000,\"height\":839,\"caption\":\"NOTABENE.WORLD\"},\"image\":{\"@id\":\"https:\\\/\\\/notabene.world\\\/nb\\\/#\\\/schema\\\/logo\\\/image\\\/\"},\"sameAs\":[\"https:\\\/\\\/www.facebook.com\\\/Notabene.World\"]},{\"@type\":\"Person\",\"@id\":\"https:\\\/\\\/notabene.world\\\/nb\\\/#\\\/schema\\\/person\\\/29f2242388d8e6f64fadce0e5793fcb0\",\"name\":\"Martyna Cieplak-Januchta\",\"image\":{\"@type\":\"ImageObject\",\"inLanguage\":\"pl-PL\",\"@id\":\"https:\\\/\\\/secure.gravatar.com\\\/avatar\\\/7bfd8f8367a442af195f89cbdc882797df5a2bb3e2ecd5582416963b0b643e1a?s=96&d=mm&r=g\",\"url\":\"https:\\\/\\\/secure.gravatar.com\\\/avatar\\\/7bfd8f8367a442af195f89cbdc882797df5a2bb3e2ecd5582416963b0b643e1a?s=96&d=mm&r=g\",\"contentUrl\":\"https:\\\/\\\/secure.gravatar.com\\\/avatar\\\/7bfd8f8367a442af195f89cbdc882797df5a2bb3e2ecd5582416963b0b643e1a?s=96&d=mm&r=g\",\"caption\":\"Martyna Cieplak-Januchta\"},\"url\":\"https:\\\/\\\/notabene.world\\\/nb\\\/author\\\/ma-ce\\\/\"}]}<\/script>\n<!-- \/ Yoast SEO plugin. -->","yoast_head_json":{"title":"R\u00f3\u017cnice mi\u0119dzypokoleniowe. Czy s\u0105 nie do pokonania? - NOTABENE.WORLD","robots":{"index":"index","follow":"follow","max-snippet":"max-snippet:-1","max-image-preview":"max-image-preview:large","max-video-preview":"max-video-preview:-1"},"canonical":"https:\/\/notabene.world\/nb\/roznice-miedzypokoleniowe-czy-sa-nie-do-pokonania\/","og_locale":"pl_PL","og_type":"article","og_title":"R\u00f3\u017cnice mi\u0119dzypokoleniowe. Czy s\u0105 nie do pokonania? - NOTABENE.WORLD","og_description":"R\u00f3\u017cnice mi\u0119dzypokoleniowe istnia\u0142y od zawsze, kszta\u0142tuj\u0105c spos\u00f3b, w jaki jednostki postrzegaj\u0105 \u015bwiat, komunikuj\u0105 si\u0119 i wchodz\u0105 w interakcje ze sob\u0105. Ka\u017cde pokolenie wnosi sw\u00f3j w\u0142asny, niepowtarzalny zestaw do\u015bwiadcze\u0144, warto\u015bci i perspektyw, wp\u0142ywaj\u0105c na wszystko, od stylu pracy po preferencje kulturowe. Zrozumienie i docenienie tych r\u00f3\u017cnic jest niezb\u0119dne do wspierania pozytywnych relacji i promowania integracji w coraz bardziej zr\u00f3\u017cnicowanym \u015bwiecie. Jedna z najbardziej zauwa\u017calnych r\u00f3\u017cnic mi\u0119dzy osobami starszymi i m\u0142odymi le\u017cy w wyznawanych przez nich warto\u015bciach i pogl\u0105dach, ukszta\u0142towanych przez czasy, w kt\u00f3rych dorastali. Starsze pokolenia cz\u0119sto nios\u0105 ze sob\u0105 bogactwo do\u015bwiadcze\u0144 i m\u0105dro\u015bci, k\u0142ad\u0105c nacisk na takie warto\u015bci, jak ci\u0119\u017cka praca, cierpliwo\u015b\u0107 i szacunek dla tradycji. Natomiast m\u0142odsze pokolenia maj\u0105 tendencj\u0119 do opowiadania si\u0119 za innowacjami. Uznanie i szanowanie tych r\u00f3\u017cnorodnych pogl\u0105d\u00f3w sprzyja pe\u0142niejszemu zrozumieniu potrzeb i aspiracji spo\u0142ecznych.","og_url":"https:\/\/notabene.world\/nb\/roznice-miedzypokoleniowe-czy-sa-nie-do-pokonania\/","og_site_name":"NOTABENE.WORLD","article_publisher":"https:\/\/www.facebook.com\/Notabene.World","article_published_time":"2024-01-01T23:12:00+00:00","article_modified_time":"2024-03-20T01:18:44+00:00","og_image":[{"width":1280,"height":520,"url":"https:\/\/notabene.world\/nb\/wp-content\/uploads\/2024\/01\/together-we-are-strong-4029306_1280.jpg","type":"image\/jpeg"}],"author":"Martyna Cieplak-Januchta","twitter_card":"summary_large_image","twitter_misc":{"Napisane przez":"Martyna Cieplak-Januchta","Szacowany czas czytania":"3 minuty"},"schema":{"@context":"https:\/\/schema.org","@graph":[{"@type":"Article","@id":"https:\/\/notabene.world\/nb\/roznice-miedzypokoleniowe-czy-sa-nie-do-pokonania\/#article","isPartOf":{"@id":"https:\/\/notabene.world\/nb\/roznice-miedzypokoleniowe-czy-sa-nie-do-pokonania\/"},"author":{"name":"Martyna Cieplak-Januchta","@id":"https:\/\/notabene.world\/nb\/#\/schema\/person\/29f2242388d8e6f64fadce0e5793fcb0"},"headline":"R\u00f3\u017cnice mi\u0119dzypokoleniowe. Czy s\u0105 nie do pokonania?","datePublished":"2024-01-01T23:12:00+00:00","dateModified":"2024-03-20T01:18:44+00:00","mainEntityOfPage":{"@id":"https:\/\/notabene.world\/nb\/roznice-miedzypokoleniowe-czy-sa-nie-do-pokonania\/"},"wordCount":560,"publisher":{"@id":"https:\/\/notabene.world\/nb\/#organization"},"image":{"@id":"https:\/\/notabene.world\/nb\/roznice-miedzypokoleniowe-czy-sa-nie-do-pokonania\/#primaryimage"},"thumbnailUrl":"https:\/\/i0.wp.com\/notabene.world\/nb\/wp-content\/uploads\/2024\/01\/together-we-are-strong-4029306_1280.jpg?fit=1280%2C520&ssl=1","keywords":["#kultura","#Projekt2023","#spo\u0142ecze\u0144stwo"],"articleSection":["Projekt kulturalny","Spo\u0142ecze\u0144stwo"],"inLanguage":"pl-PL"},{"@type":"WebPage","@id":"https:\/\/notabene.world\/nb\/roznice-miedzypokoleniowe-czy-sa-nie-do-pokonania\/","url":"https:\/\/notabene.world\/nb\/roznice-miedzypokoleniowe-czy-sa-nie-do-pokonania\/","name":"R\u00f3\u017cnice mi\u0119dzypokoleniowe. Czy s\u0105 nie do pokonania? - NOTABENE.WORLD","isPartOf":{"@id":"https:\/\/notabene.world\/nb\/#website"},"primaryImageOfPage":{"@id":"https:\/\/notabene.world\/nb\/roznice-miedzypokoleniowe-czy-sa-nie-do-pokonania\/#primaryimage"},"image":{"@id":"https:\/\/notabene.world\/nb\/roznice-miedzypokoleniowe-czy-sa-nie-do-pokonania\/#primaryimage"},"thumbnailUrl":"https:\/\/i0.wp.com\/notabene.world\/nb\/wp-content\/uploads\/2024\/01\/together-we-are-strong-4029306_1280.jpg?fit=1280%2C520&ssl=1","datePublished":"2024-01-01T23:12:00+00:00","dateModified":"2024-03-20T01:18:44+00:00","breadcrumb":{"@id":"https:\/\/notabene.world\/nb\/roznice-miedzypokoleniowe-czy-sa-nie-do-pokonania\/#breadcrumb"},"inLanguage":"pl-PL","potentialAction":[{"@type":"ReadAction","target":["https:\/\/notabene.world\/nb\/roznice-miedzypokoleniowe-czy-sa-nie-do-pokonania\/"]}]},{"@type":"ImageObject","inLanguage":"pl-PL","@id":"https:\/\/notabene.world\/nb\/roznice-miedzypokoleniowe-czy-sa-nie-do-pokonania\/#primaryimage","url":"https:\/\/i0.wp.com\/notabene.world\/nb\/wp-content\/uploads\/2024\/01\/together-we-are-strong-4029306_1280.jpg?fit=1280%2C520&ssl=1","contentUrl":"https:\/\/i0.wp.com\/notabene.world\/nb\/wp-content\/uploads\/2024\/01\/together-we-are-strong-4029306_1280.jpg?fit=1280%2C520&ssl=1","width":1280,"height":520},{"@type":"BreadcrumbList","@id":"https:\/\/notabene.world\/nb\/roznice-miedzypokoleniowe-czy-sa-nie-do-pokonania\/#breadcrumb","itemListElement":[{"@type":"ListItem","position":1,"name":"Home","item":"https:\/\/notabene.world\/nb\/"},{"@type":"ListItem","position":2,"name":"R\u00f3\u017cnice mi\u0119dzypokoleniowe. Czy s\u0105 nie do pokonania?"}]},{"@type":"WebSite","@id":"https:\/\/notabene.world\/nb\/#website","url":"https:\/\/notabene.world\/nb\/","name":"NOTABENE.WORLD","description":"Przekaz. Warto\u015bci. Wsp\u00f3lnota.","publisher":{"@id":"https:\/\/notabene.world\/nb\/#organization"},"potentialAction":[{"@type":"SearchAction","target":{"@type":"EntryPoint","urlTemplate":"https:\/\/notabene.world\/nb\/?s={search_term_string}"},"query-input":{"@type":"PropertyValueSpecification","valueRequired":true,"valueName":"search_term_string"}}],"inLanguage":"pl-PL"},{"@type":"Organization","@id":"https:\/\/notabene.world\/nb\/#organization","name":"NOTABENE.WORLD","url":"https:\/\/notabene.world\/nb\/","logo":{"@type":"ImageObject","inLanguage":"pl-PL","@id":"https:\/\/notabene.world\/nb\/#\/schema\/logo\/image\/","url":"https:\/\/notabene.world\/nb\/wp-content\/uploads\/2022\/01\/NB-club-start-www1.jpg","contentUrl":"https:\/\/notabene.world\/nb\/wp-content\/uploads\/2022\/01\/NB-club-start-www1.jpg","width":1000,"height":839,"caption":"NOTABENE.WORLD"},"image":{"@id":"https:\/\/notabene.world\/nb\/#\/schema\/logo\/image\/"},"sameAs":["https:\/\/www.facebook.com\/Notabene.World"]},{"@type":"Person","@id":"https:\/\/notabene.world\/nb\/#\/schema\/person\/29f2242388d8e6f64fadce0e5793fcb0","name":"Martyna Cieplak-Januchta","image":{"@type":"ImageObject","inLanguage":"pl-PL","@id":"https:\/\/secure.gravatar.com\/avatar\/7bfd8f8367a442af195f89cbdc882797df5a2bb3e2ecd5582416963b0b643e1a?s=96&d=mm&r=g","url":"https:\/\/secure.gravatar.com\/avatar\/7bfd8f8367a442af195f89cbdc882797df5a2bb3e2ecd5582416963b0b643e1a?s=96&d=mm&r=g","contentUrl":"https:\/\/secure.gravatar.com\/avatar\/7bfd8f8367a442af195f89cbdc882797df5a2bb3e2ecd5582416963b0b643e1a?s=96&d=mm&r=g","caption":"Martyna Cieplak-Januchta"},"url":"https:\/\/notabene.world\/nb\/author\/ma-ce\/"}]}},"jetpack_featured_media_url":"https:\/\/i0.wp.com\/notabene.world\/nb\/wp-content\/uploads\/2024\/01\/together-we-are-strong-4029306_1280.jpg?fit=1280%2C520&ssl=1","jetpack_sharing_enabled":true,"jetpack_shortlink":"https:\/\/wp.me\/pdCobN-3dg","_links":{"self":[{"href":"https:\/\/notabene.world\/nb\/wp-json\/wp\/v2\/posts\/12354","targetHints":{"allow":["GET"]}}],"collection":[{"href":"https:\/\/notabene.world\/nb\/wp-json\/wp\/v2\/posts"}],"about":[{"href":"https:\/\/notabene.world\/nb\/wp-json\/wp\/v2\/types\/post"}],"author":[{"embeddable":true,"href":"https:\/\/notabene.world\/nb\/wp-json\/wp\/v2\/users\/60"}],"replies":[{"embeddable":true,"href":"https:\/\/notabene.world\/nb\/wp-json\/wp\/v2\/comments?post=12354"}],"version-history":[{"count":4,"href":"https:\/\/notabene.world\/nb\/wp-json\/wp\/v2\/posts\/12354\/revisions"}],"predecessor-version":[{"id":12371,"href":"https:\/\/notabene.world\/nb\/wp-json\/wp\/v2\/posts\/12354\/revisions\/12371"}],"wp:featuredmedia":[{"embeddable":true,"href":"https:\/\/notabene.world\/nb\/wp-json\/wp\/v2\/media\/12356"}],"wp:attachment":[{"href":"https:\/\/notabene.world\/nb\/wp-json\/wp\/v2\/media?parent=12354"}],"wp:term":[{"taxonomy":"category","embeddable":true,"href":"https:\/\/notabene.world\/nb\/wp-json\/wp\/v2\/categories?post=12354"},{"taxonomy":"post_tag","embeddable":true,"href":"https:\/\/notabene.world\/nb\/wp-json\/wp\/v2\/tags?post=12354"}],"curies":[{"name":"wp","href":"https:\/\/api.w.org\/{rel}","templated":true}]}}