{"id":12373,"date":"2024-01-14T14:00:33","date_gmt":"2024-01-14T13:00:33","guid":{"rendered":"https:\/\/notabene.world\/nb\/?p=12373"},"modified":"2024-01-31T10:46:48","modified_gmt":"2024-01-31T09:46:48","slug":"van-gogh-zanurz-sie-w-swiecie-obrazow","status":"publish","type":"post","link":"https:\/\/notabene.world\/nb\/van-gogh-zanurz-sie-w-swiecie-obrazow\/","title":{"rendered":"Van Gogh &#8211; Zanurz si\u0119 w \u015bwiecie obraz\u00f3w!"},"content":{"rendered":"\n<p>Miasto Krak\u00f3w, znane ze swojej bogatej historii i t\u0119tni\u0105cej \u017cyciem sceny kulturalnej, zostanie gospodarzem hipnotyzuj\u0105cej wystawy, kt\u00f3ra przeniesie zwiedzaj\u0105cych do \u017cywego i pe\u0142nego emocji \u015bwiata Vincenta van Gogha. Wystawa Van Gogha w Krakowie odb\u0119dzie si\u0119 10.02.2024 &#8211; 09.06.2024 w Hangarze Czy\u017cyny, to \u015bwi\u0119to kultowych dzie\u0142 holenderskiego mistrza, zapewniaj\u0105ce mi\u0142o\u015bnikom sztuki i ciekawskim umys\u0142om niezr\u00f3wnan\u0105 okazj\u0119 do zanurzenia si\u0119 w pi\u0119knie i blasku jego ponadczasowych dzie\u0142.<\/p>\n\n\n\n<p>Sercem wystawy jest starannie dobrana kolekcja arcydzie\u0142 Van Gogha. Od \u017cywych barw \u201eS\u0142onecznik\u00f3w\u201d po wiruj\u0105cy blask \u201eGwia\u017adzistej nocy\u201d \u2013 ka\u017cdy obraz zosta\u0142 starannie wybrany, aby ukaza\u0107 szeroko\u015b\u0107 i g\u0142\u0119bi\u0119 geniuszu artysty. Wystawa daje zwiedzaj\u0105cym rzadk\u0105 okazj\u0119 zobaczenia z bliska tych kultowych dzie\u0142, docenienia misternych szczeg\u00f3\u0142\u00f3w, kt\u00f3re definiuj\u0105 styl Van Gogha.<\/p>\n\n\n\n<p>Krakowska wystawa Van Gogha wykracza poza tradycyjne do\u015bwiadczenia galeryjne, wprowadzaj\u0105c technologi\u0119 immersyjn\u0105, kt\u00f3ra usprawni podr\u00f3\u017c zwiedzaj\u0105cego. Instalacje rzeczywisto\u015bci wirtualnej pozwalaj\u0105 uczestnikom wej\u015b\u0107 w krajobrazy, kt\u00f3re zainspirowa\u0142y Van Gogha, zapewniaj\u0105c spotkanie z zalanymi s\u0142o\u0144cem polami Arles lub czaruj\u0105cym rozgwie\u017cd\u017conym niebem nad Saint-R\u00e9my.<\/p>\n\n\n\n<p>Techniki mapowania projekcyjnego o\u017cywiaj\u0105 obrazy, tworz\u0105c dynamiczne i wielozmys\u0142owe do\u015bwiadczenie. \u017bywe kolory i odwa\u017cne poci\u0105gni\u0119cia p\u0119dzlem, kt\u00f3re charakteryzuj\u0105 styl Van Gogha, zosta\u0142y podkre\u015blone, pozwalaj\u0105c odwiedzaj\u0105cym do\u015bwiadczy\u0107 przemieniaj\u0105cej mocy dotyku artysty w spos\u00f3b wykraczaj\u0105cy poza ograniczenia konwencjonalnych wystaw.<\/p>\n\n\n\n<p>Opr\u00f3cz uczty wizualnej Wystawa Van Gogha w Krakowie oferuje szereg program\u00f3w edukacyjnych, kt\u00f3rych celem jest pog\u0142\u0119bienie wiedzy zwiedzaj\u0105cych o arty\u015bcie i jego tw\u00f3rczo\u015bci. Wycieczki z przewodnikiem, interaktywne warsztaty i wnikliwe wyk\u0142ady rzucaj\u0105 \u015bwiat\u0142o na historyczne i kulturowe znaczenie wk\u0142adu Van Gogha w \u015bwiat sztuki.<\/p>\n\n\n\n<p>Wystawa p\u0142ynnie wpisuje si\u0119 w krajobraz kulturowy Krakowa, sprzyjaj\u0105c dialogowi pomi\u0119dzy ponadczasowym pi\u0119knem sztuki Van Gogha a bogatym kontekstem historycznym miasta. Lokalni arty\u015bci i instytucje kulturalne wsp\u00f3\u0142pracuj\u0105, aby stworzy\u0107 do\u015bwiadczenie wykraczaj\u0105ce poza \u015bciany wystawowe.<\/p>\n\n\n\n<p>Dostrzegaj\u0105c znaczenie zaanga\u017cowania spo\u0142ecznego, Wystawa Van Gogha w Krakowie dociera do lokalnych szk\u00f3\u0142, organizacji artystycznych i spo\u0142eczno\u015bci. Specjalne zni\u017cki na bilety wst\u0119pu sprawiaj\u0105, \u017ce w tej artystycznej podr\u00f3\u017cy mo\u017ce wzi\u0105\u0107 udzia\u0142 niemal ka\u017cdy, od uczni\u00f3w i student\u00f3w po ca\u0142e rodziny.<\/p>\n\n\n\n<p><\/p>\n","protected":false},"excerpt":{"rendered":"<p>Miasto Krak\u00f3w, znane ze swojej bogatej historii i t\u0119tni\u0105cej \u017cyciem sceny kulturalnej, zostanie gospodarzem hipnotyzuj\u0105cej wystawy, kt\u00f3ra przeniesie zwiedzaj\u0105cych do<\/p>\n","protected":false},"author":60,"featured_media":12374,"comment_status":"closed","ping_status":"closed","sticky":false,"template":"","format":"standard","meta":{"colormag_page_container_layout":"no_sidebar_content_centered","colormag_page_sidebar_layout":"no_sidebar","_jetpack_memberships_contains_paid_content":false,"footnotes":"","_links_to":"","_links_to_target":""},"categories":[6,110],"tags":[52,226,55],"class_list":["post-12373","post","type-post","status-publish","format-standard","has-post-thumbnail","hentry","category-kultura","category-spoleczenstwo-2","tag-kultura","tag-projekt2023","tag-spoleczenstwo"],"yoast_head":"<!-- This site is optimized with the Yoast SEO plugin v27.4 - https:\/\/yoast.com\/product\/yoast-seo-wordpress\/ -->\n<title>Van Gogh - Zanurz si\u0119 w \u015bwiecie obraz\u00f3w! - NOTABENE.WORLD<\/title>\n<meta name=\"robots\" content=\"index, follow, max-snippet:-1, max-image-preview:large, max-video-preview:-1\" \/>\n<link rel=\"canonical\" href=\"https:\/\/notabene.world\/nb\/van-gogh-zanurz-sie-w-swiecie-obrazow\/\" \/>\n<meta property=\"og:locale\" content=\"pl_PL\" \/>\n<meta property=\"og:type\" content=\"article\" \/>\n<meta property=\"og:title\" content=\"Van Gogh - Zanurz si\u0119 w \u015bwiecie obraz\u00f3w! - NOTABENE.WORLD\" \/>\n<meta property=\"og:description\" content=\"Miasto Krak\u00f3w, znane ze swojej bogatej historii i t\u0119tni\u0105cej \u017cyciem sceny kulturalnej, zostanie gospodarzem hipnotyzuj\u0105cej wystawy, kt\u00f3ra przeniesie zwiedzaj\u0105cych do\" \/>\n<meta property=\"og:url\" content=\"https:\/\/notabene.world\/nb\/van-gogh-zanurz-sie-w-swiecie-obrazow\/\" \/>\n<meta property=\"og:site_name\" content=\"NOTABENE.WORLD\" \/>\n<meta property=\"article:publisher\" content=\"https:\/\/www.facebook.com\/Notabene.World\" \/>\n<meta property=\"article:published_time\" content=\"2024-01-14T13:00:33+00:00\" \/>\n<meta property=\"article:modified_time\" content=\"2024-01-31T09:46:48+00:00\" \/>\n<meta property=\"og:image\" content=\"https:\/\/notabene.world\/nb\/wp-content\/uploads\/2024\/01\/sculpture-2413071_1280.jpg\" \/>\n\t<meta property=\"og:image:width\" content=\"1280\" \/>\n\t<meta property=\"og:image:height\" content=\"853\" \/>\n\t<meta property=\"og:image:type\" content=\"image\/jpeg\" \/>\n<meta name=\"author\" content=\"Martyna Cieplak-Januchta\" \/>\n<meta name=\"twitter:card\" content=\"summary_large_image\" \/>\n<meta name=\"twitter:label1\" content=\"Napisane przez\" \/>\n\t<meta name=\"twitter:data1\" content=\"Martyna Cieplak-Januchta\" \/>\n\t<meta name=\"twitter:label2\" content=\"Szacowany czas czytania\" \/>\n\t<meta name=\"twitter:data2\" content=\"2 minuty\" \/>\n<script type=\"application\/ld+json\" class=\"yoast-schema-graph\">{\"@context\":\"https:\\\/\\\/schema.org\",\"@graph\":[{\"@type\":\"Article\",\"@id\":\"https:\\\/\\\/notabene.world\\\/nb\\\/van-gogh-zanurz-sie-w-swiecie-obrazow\\\/#article\",\"isPartOf\":{\"@id\":\"https:\\\/\\\/notabene.world\\\/nb\\\/van-gogh-zanurz-sie-w-swiecie-obrazow\\\/\"},\"author\":{\"name\":\"Martyna Cieplak-Januchta\",\"@id\":\"https:\\\/\\\/notabene.world\\\/nb\\\/#\\\/schema\\\/person\\\/29f2242388d8e6f64fadce0e5793fcb0\"},\"headline\":\"Van Gogh &#8211; Zanurz si\u0119 w \u015bwiecie obraz\u00f3w!\",\"datePublished\":\"2024-01-14T13:00:33+00:00\",\"dateModified\":\"2024-01-31T09:46:48+00:00\",\"mainEntityOfPage\":{\"@id\":\"https:\\\/\\\/notabene.world\\\/nb\\\/van-gogh-zanurz-sie-w-swiecie-obrazow\\\/\"},\"wordCount\":405,\"publisher\":{\"@id\":\"https:\\\/\\\/notabene.world\\\/nb\\\/#organization\"},\"image\":{\"@id\":\"https:\\\/\\\/notabene.world\\\/nb\\\/van-gogh-zanurz-sie-w-swiecie-obrazow\\\/#primaryimage\"},\"thumbnailUrl\":\"https:\\\/\\\/i0.wp.com\\\/notabene.world\\\/nb\\\/wp-content\\\/uploads\\\/2024\\\/01\\\/sculpture-2413071_1280.jpg?fit=1280%2C853&ssl=1\",\"keywords\":[\"#kultura\",\"#Projekt2023\",\"#spo\u0142ecze\u0144stwo\"],\"articleSection\":[\"Kultura\",\"Spo\u0142ecze\u0144stwo\"],\"inLanguage\":\"pl-PL\"},{\"@type\":\"WebPage\",\"@id\":\"https:\\\/\\\/notabene.world\\\/nb\\\/van-gogh-zanurz-sie-w-swiecie-obrazow\\\/\",\"url\":\"https:\\\/\\\/notabene.world\\\/nb\\\/van-gogh-zanurz-sie-w-swiecie-obrazow\\\/\",\"name\":\"Van Gogh - Zanurz si\u0119 w \u015bwiecie obraz\u00f3w! - NOTABENE.WORLD\",\"isPartOf\":{\"@id\":\"https:\\\/\\\/notabene.world\\\/nb\\\/#website\"},\"primaryImageOfPage\":{\"@id\":\"https:\\\/\\\/notabene.world\\\/nb\\\/van-gogh-zanurz-sie-w-swiecie-obrazow\\\/#primaryimage\"},\"image\":{\"@id\":\"https:\\\/\\\/notabene.world\\\/nb\\\/van-gogh-zanurz-sie-w-swiecie-obrazow\\\/#primaryimage\"},\"thumbnailUrl\":\"https:\\\/\\\/i0.wp.com\\\/notabene.world\\\/nb\\\/wp-content\\\/uploads\\\/2024\\\/01\\\/sculpture-2413071_1280.jpg?fit=1280%2C853&ssl=1\",\"datePublished\":\"2024-01-14T13:00:33+00:00\",\"dateModified\":\"2024-01-31T09:46:48+00:00\",\"breadcrumb\":{\"@id\":\"https:\\\/\\\/notabene.world\\\/nb\\\/van-gogh-zanurz-sie-w-swiecie-obrazow\\\/#breadcrumb\"},\"inLanguage\":\"pl-PL\",\"potentialAction\":[{\"@type\":\"ReadAction\",\"target\":[\"https:\\\/\\\/notabene.world\\\/nb\\\/van-gogh-zanurz-sie-w-swiecie-obrazow\\\/\"]}]},{\"@type\":\"ImageObject\",\"inLanguage\":\"pl-PL\",\"@id\":\"https:\\\/\\\/notabene.world\\\/nb\\\/van-gogh-zanurz-sie-w-swiecie-obrazow\\\/#primaryimage\",\"url\":\"https:\\\/\\\/i0.wp.com\\\/notabene.world\\\/nb\\\/wp-content\\\/uploads\\\/2024\\\/01\\\/sculpture-2413071_1280.jpg?fit=1280%2C853&ssl=1\",\"contentUrl\":\"https:\\\/\\\/i0.wp.com\\\/notabene.world\\\/nb\\\/wp-content\\\/uploads\\\/2024\\\/01\\\/sculpture-2413071_1280.jpg?fit=1280%2C853&ssl=1\",\"width\":1280,\"height\":853},{\"@type\":\"BreadcrumbList\",\"@id\":\"https:\\\/\\\/notabene.world\\\/nb\\\/van-gogh-zanurz-sie-w-swiecie-obrazow\\\/#breadcrumb\",\"itemListElement\":[{\"@type\":\"ListItem\",\"position\":1,\"name\":\"Home\",\"item\":\"https:\\\/\\\/notabene.world\\\/nb\\\/\"},{\"@type\":\"ListItem\",\"position\":2,\"name\":\"Van Gogh &#8211; Zanurz si\u0119 w \u015bwiecie obraz\u00f3w!\"}]},{\"@type\":\"WebSite\",\"@id\":\"https:\\\/\\\/notabene.world\\\/nb\\\/#website\",\"url\":\"https:\\\/\\\/notabene.world\\\/nb\\\/\",\"name\":\"NOTABENE.WORLD\",\"description\":\"Przekaz. Warto\u015bci. Wsp\u00f3lnota.\",\"publisher\":{\"@id\":\"https:\\\/\\\/notabene.world\\\/nb\\\/#organization\"},\"potentialAction\":[{\"@type\":\"SearchAction\",\"target\":{\"@type\":\"EntryPoint\",\"urlTemplate\":\"https:\\\/\\\/notabene.world\\\/nb\\\/?s={search_term_string}\"},\"query-input\":{\"@type\":\"PropertyValueSpecification\",\"valueRequired\":true,\"valueName\":\"search_term_string\"}}],\"inLanguage\":\"pl-PL\"},{\"@type\":\"Organization\",\"@id\":\"https:\\\/\\\/notabene.world\\\/nb\\\/#organization\",\"name\":\"NOTABENE.WORLD\",\"url\":\"https:\\\/\\\/notabene.world\\\/nb\\\/\",\"logo\":{\"@type\":\"ImageObject\",\"inLanguage\":\"pl-PL\",\"@id\":\"https:\\\/\\\/notabene.world\\\/nb\\\/#\\\/schema\\\/logo\\\/image\\\/\",\"url\":\"https:\\\/\\\/notabene.world\\\/nb\\\/wp-content\\\/uploads\\\/2022\\\/01\\\/NB-club-start-www1.jpg\",\"contentUrl\":\"https:\\\/\\\/notabene.world\\\/nb\\\/wp-content\\\/uploads\\\/2022\\\/01\\\/NB-club-start-www1.jpg\",\"width\":1000,\"height\":839,\"caption\":\"NOTABENE.WORLD\"},\"image\":{\"@id\":\"https:\\\/\\\/notabene.world\\\/nb\\\/#\\\/schema\\\/logo\\\/image\\\/\"},\"sameAs\":[\"https:\\\/\\\/www.facebook.com\\\/Notabene.World\"]},{\"@type\":\"Person\",\"@id\":\"https:\\\/\\\/notabene.world\\\/nb\\\/#\\\/schema\\\/person\\\/29f2242388d8e6f64fadce0e5793fcb0\",\"name\":\"Martyna Cieplak-Januchta\",\"image\":{\"@type\":\"ImageObject\",\"inLanguage\":\"pl-PL\",\"@id\":\"https:\\\/\\\/secure.gravatar.com\\\/avatar\\\/7bfd8f8367a442af195f89cbdc882797df5a2bb3e2ecd5582416963b0b643e1a?s=96&d=mm&r=g\",\"url\":\"https:\\\/\\\/secure.gravatar.com\\\/avatar\\\/7bfd8f8367a442af195f89cbdc882797df5a2bb3e2ecd5582416963b0b643e1a?s=96&d=mm&r=g\",\"contentUrl\":\"https:\\\/\\\/secure.gravatar.com\\\/avatar\\\/7bfd8f8367a442af195f89cbdc882797df5a2bb3e2ecd5582416963b0b643e1a?s=96&d=mm&r=g\",\"caption\":\"Martyna Cieplak-Januchta\"},\"url\":\"https:\\\/\\\/notabene.world\\\/nb\\\/author\\\/ma-ce\\\/\"}]}<\/script>\n<!-- \/ Yoast SEO plugin. -->","yoast_head_json":{"title":"Van Gogh - Zanurz si\u0119 w \u015bwiecie obraz\u00f3w! - NOTABENE.WORLD","robots":{"index":"index","follow":"follow","max-snippet":"max-snippet:-1","max-image-preview":"max-image-preview:large","max-video-preview":"max-video-preview:-1"},"canonical":"https:\/\/notabene.world\/nb\/van-gogh-zanurz-sie-w-swiecie-obrazow\/","og_locale":"pl_PL","og_type":"article","og_title":"Van Gogh - Zanurz si\u0119 w \u015bwiecie obraz\u00f3w! - NOTABENE.WORLD","og_description":"Miasto Krak\u00f3w, znane ze swojej bogatej historii i t\u0119tni\u0105cej \u017cyciem sceny kulturalnej, zostanie gospodarzem hipnotyzuj\u0105cej wystawy, kt\u00f3ra przeniesie zwiedzaj\u0105cych do","og_url":"https:\/\/notabene.world\/nb\/van-gogh-zanurz-sie-w-swiecie-obrazow\/","og_site_name":"NOTABENE.WORLD","article_publisher":"https:\/\/www.facebook.com\/Notabene.World","article_published_time":"2024-01-14T13:00:33+00:00","article_modified_time":"2024-01-31T09:46:48+00:00","og_image":[{"width":1280,"height":853,"url":"https:\/\/notabene.world\/nb\/wp-content\/uploads\/2024\/01\/sculpture-2413071_1280.jpg","type":"image\/jpeg"}],"author":"Martyna Cieplak-Januchta","twitter_card":"summary_large_image","twitter_misc":{"Napisane przez":"Martyna Cieplak-Januchta","Szacowany czas czytania":"2 minuty"},"schema":{"@context":"https:\/\/schema.org","@graph":[{"@type":"Article","@id":"https:\/\/notabene.world\/nb\/van-gogh-zanurz-sie-w-swiecie-obrazow\/#article","isPartOf":{"@id":"https:\/\/notabene.world\/nb\/van-gogh-zanurz-sie-w-swiecie-obrazow\/"},"author":{"name":"Martyna Cieplak-Januchta","@id":"https:\/\/notabene.world\/nb\/#\/schema\/person\/29f2242388d8e6f64fadce0e5793fcb0"},"headline":"Van Gogh &#8211; Zanurz si\u0119 w \u015bwiecie obraz\u00f3w!","datePublished":"2024-01-14T13:00:33+00:00","dateModified":"2024-01-31T09:46:48+00:00","mainEntityOfPage":{"@id":"https:\/\/notabene.world\/nb\/van-gogh-zanurz-sie-w-swiecie-obrazow\/"},"wordCount":405,"publisher":{"@id":"https:\/\/notabene.world\/nb\/#organization"},"image":{"@id":"https:\/\/notabene.world\/nb\/van-gogh-zanurz-sie-w-swiecie-obrazow\/#primaryimage"},"thumbnailUrl":"https:\/\/i0.wp.com\/notabene.world\/nb\/wp-content\/uploads\/2024\/01\/sculpture-2413071_1280.jpg?fit=1280%2C853&ssl=1","keywords":["#kultura","#Projekt2023","#spo\u0142ecze\u0144stwo"],"articleSection":["Kultura","Spo\u0142ecze\u0144stwo"],"inLanguage":"pl-PL"},{"@type":"WebPage","@id":"https:\/\/notabene.world\/nb\/van-gogh-zanurz-sie-w-swiecie-obrazow\/","url":"https:\/\/notabene.world\/nb\/van-gogh-zanurz-sie-w-swiecie-obrazow\/","name":"Van Gogh - Zanurz si\u0119 w \u015bwiecie obraz\u00f3w! - NOTABENE.WORLD","isPartOf":{"@id":"https:\/\/notabene.world\/nb\/#website"},"primaryImageOfPage":{"@id":"https:\/\/notabene.world\/nb\/van-gogh-zanurz-sie-w-swiecie-obrazow\/#primaryimage"},"image":{"@id":"https:\/\/notabene.world\/nb\/van-gogh-zanurz-sie-w-swiecie-obrazow\/#primaryimage"},"thumbnailUrl":"https:\/\/i0.wp.com\/notabene.world\/nb\/wp-content\/uploads\/2024\/01\/sculpture-2413071_1280.jpg?fit=1280%2C853&ssl=1","datePublished":"2024-01-14T13:00:33+00:00","dateModified":"2024-01-31T09:46:48+00:00","breadcrumb":{"@id":"https:\/\/notabene.world\/nb\/van-gogh-zanurz-sie-w-swiecie-obrazow\/#breadcrumb"},"inLanguage":"pl-PL","potentialAction":[{"@type":"ReadAction","target":["https:\/\/notabene.world\/nb\/van-gogh-zanurz-sie-w-swiecie-obrazow\/"]}]},{"@type":"ImageObject","inLanguage":"pl-PL","@id":"https:\/\/notabene.world\/nb\/van-gogh-zanurz-sie-w-swiecie-obrazow\/#primaryimage","url":"https:\/\/i0.wp.com\/notabene.world\/nb\/wp-content\/uploads\/2024\/01\/sculpture-2413071_1280.jpg?fit=1280%2C853&ssl=1","contentUrl":"https:\/\/i0.wp.com\/notabene.world\/nb\/wp-content\/uploads\/2024\/01\/sculpture-2413071_1280.jpg?fit=1280%2C853&ssl=1","width":1280,"height":853},{"@type":"BreadcrumbList","@id":"https:\/\/notabene.world\/nb\/van-gogh-zanurz-sie-w-swiecie-obrazow\/#breadcrumb","itemListElement":[{"@type":"ListItem","position":1,"name":"Home","item":"https:\/\/notabene.world\/nb\/"},{"@type":"ListItem","position":2,"name":"Van Gogh &#8211; Zanurz si\u0119 w \u015bwiecie obraz\u00f3w!"}]},{"@type":"WebSite","@id":"https:\/\/notabene.world\/nb\/#website","url":"https:\/\/notabene.world\/nb\/","name":"NOTABENE.WORLD","description":"Przekaz. Warto\u015bci. Wsp\u00f3lnota.","publisher":{"@id":"https:\/\/notabene.world\/nb\/#organization"},"potentialAction":[{"@type":"SearchAction","target":{"@type":"EntryPoint","urlTemplate":"https:\/\/notabene.world\/nb\/?s={search_term_string}"},"query-input":{"@type":"PropertyValueSpecification","valueRequired":true,"valueName":"search_term_string"}}],"inLanguage":"pl-PL"},{"@type":"Organization","@id":"https:\/\/notabene.world\/nb\/#organization","name":"NOTABENE.WORLD","url":"https:\/\/notabene.world\/nb\/","logo":{"@type":"ImageObject","inLanguage":"pl-PL","@id":"https:\/\/notabene.world\/nb\/#\/schema\/logo\/image\/","url":"https:\/\/notabene.world\/nb\/wp-content\/uploads\/2022\/01\/NB-club-start-www1.jpg","contentUrl":"https:\/\/notabene.world\/nb\/wp-content\/uploads\/2022\/01\/NB-club-start-www1.jpg","width":1000,"height":839,"caption":"NOTABENE.WORLD"},"image":{"@id":"https:\/\/notabene.world\/nb\/#\/schema\/logo\/image\/"},"sameAs":["https:\/\/www.facebook.com\/Notabene.World"]},{"@type":"Person","@id":"https:\/\/notabene.world\/nb\/#\/schema\/person\/29f2242388d8e6f64fadce0e5793fcb0","name":"Martyna Cieplak-Januchta","image":{"@type":"ImageObject","inLanguage":"pl-PL","@id":"https:\/\/secure.gravatar.com\/avatar\/7bfd8f8367a442af195f89cbdc882797df5a2bb3e2ecd5582416963b0b643e1a?s=96&d=mm&r=g","url":"https:\/\/secure.gravatar.com\/avatar\/7bfd8f8367a442af195f89cbdc882797df5a2bb3e2ecd5582416963b0b643e1a?s=96&d=mm&r=g","contentUrl":"https:\/\/secure.gravatar.com\/avatar\/7bfd8f8367a442af195f89cbdc882797df5a2bb3e2ecd5582416963b0b643e1a?s=96&d=mm&r=g","caption":"Martyna Cieplak-Januchta"},"url":"https:\/\/notabene.world\/nb\/author\/ma-ce\/"}]}},"jetpack_featured_media_url":"https:\/\/i0.wp.com\/notabene.world\/nb\/wp-content\/uploads\/2024\/01\/sculpture-2413071_1280.jpg?fit=1280%2C853&ssl=1","jetpack_sharing_enabled":true,"jetpack_shortlink":"https:\/\/wp.me\/pdCobN-3dz","_links":{"self":[{"href":"https:\/\/notabene.world\/nb\/wp-json\/wp\/v2\/posts\/12373","targetHints":{"allow":["GET"]}}],"collection":[{"href":"https:\/\/notabene.world\/nb\/wp-json\/wp\/v2\/posts"}],"about":[{"href":"https:\/\/notabene.world\/nb\/wp-json\/wp\/v2\/types\/post"}],"author":[{"embeddable":true,"href":"https:\/\/notabene.world\/nb\/wp-json\/wp\/v2\/users\/60"}],"replies":[{"embeddable":true,"href":"https:\/\/notabene.world\/nb\/wp-json\/wp\/v2\/comments?post=12373"}],"version-history":[{"count":1,"href":"https:\/\/notabene.world\/nb\/wp-json\/wp\/v2\/posts\/12373\/revisions"}],"predecessor-version":[{"id":12375,"href":"https:\/\/notabene.world\/nb\/wp-json\/wp\/v2\/posts\/12373\/revisions\/12375"}],"wp:featuredmedia":[{"embeddable":true,"href":"https:\/\/notabene.world\/nb\/wp-json\/wp\/v2\/media\/12374"}],"wp:attachment":[{"href":"https:\/\/notabene.world\/nb\/wp-json\/wp\/v2\/media?parent=12373"}],"wp:term":[{"taxonomy":"category","embeddable":true,"href":"https:\/\/notabene.world\/nb\/wp-json\/wp\/v2\/categories?post=12373"},{"taxonomy":"post_tag","embeddable":true,"href":"https:\/\/notabene.world\/nb\/wp-json\/wp\/v2\/tags?post=12373"}],"curies":[{"name":"wp","href":"https:\/\/api.w.org\/{rel}","templated":true}]}}