{"id":12386,"date":"2024-01-03T17:36:10","date_gmt":"2024-01-03T16:36:10","guid":{"rendered":"https:\/\/notabene.world\/nb\/?p=12386"},"modified":"2024-01-31T10:47:43","modified_gmt":"2024-01-31T09:47:43","slug":"kultura-memow-czyli-poruszanie-sie-po-humorystycznym-krajobrazie-wspolczesnego-swiata","status":"publish","type":"post","link":"https:\/\/notabene.world\/nb\/kultura-memow-czyli-poruszanie-sie-po-humorystycznym-krajobrazie-wspolczesnego-swiata\/","title":{"rendered":"Kultura mem\u00f3w, czyli poruszanie si\u0119 po humorystycznym krajobrazie wsp\u00f3\u0142czesnego \u015bwiata"},"content":{"rendered":"\n<p>W rozleg\u0142ym i stale zmieniaj\u0105cym si\u0119 krajobrazie Internetu pojawi\u0142o si\u0119 jedno zjawisko jako uniwersalny j\u0119zyk humoru i ekspresji: kultura mem\u00f3w. To, co zacz\u0119\u0142o si\u0119 jako subkultura internetowa, sta\u0142o si\u0119 obecnie integraln\u0105 cz\u0119\u015bci\u0105 cyfrowego ducha czasu, kszta\u0142tuj\u0105c rozmowy, odzwierciedlaj\u0105c trendy spo\u0142eczne i zapewniaj\u0105c wyj\u0105tkow\u0105 perspektyw\u0119, przez kt\u00f3r\u0105 postrzegamy \u015bwiat. <\/p>\n\n\n\n<p>Termin \u201emem\u201d zosta\u0142 przytoczony przez brytyjskiego biologa ewolucyjnego Richarda Dawkinsa w jego ksi\u0105\u017cce z 1976 r. \u201eThe Selfish Gene\u201d. Dawkins u\u017cy\u0142 tego terminu do opisania idei, zachowania lub stylu, kt\u00f3re rozprzestrzeniaj\u0105 si\u0119 w danej kulturze. Memy w formie cyfrowej zacz\u0119\u0142y \u017cy\u0107 w\u0142asnym \u017cyciem, szybko ewoluuj\u0105c i dostosowuj\u0105c si\u0119 do stale zmieniaj\u0105cego si\u0119 krajobrazu kultury internetowej.<\/p>\n\n\n\n<p>Jedn\u0105 z charakterystycznych cech kultury mem\u00f3w jest jej r\u00f3\u017cnorodno\u015b\u0107. Memy mog\u0105 przybiera\u0107 r\u00f3\u017cne formy, od graficznych po GIF-y, filmy, a nawet dowcipy tekstowe. Pi\u0119kno mem\u00f3w polega na ich zdolno\u015bci do przekraczania barier kulturowych i j\u0119zykowych, co czyni je zjawiskiem globalnym. Memy sta\u0142y si\u0119 uniwersalnym j\u0119zykiem, pozwalaj\u0105cym osobom z r\u00f3\u017cnych \u015brodowisk \u015bmia\u0107 si\u0119 lub komentowa\u0107 wsp\u00f3lne do\u015bwiadczenia.<\/p>\n\n\n\n<p>Opr\u00f3cz swojej humorystycznej powierzchni memy cz\u0119sto s\u0142u\u017c\u0105 jako forma komentarza spo\u0142ecznego i krytyki kulturowej. Memy rejestruj\u0105 i przekszta\u0142caj\u0105 trendy spo\u0142eczne, wydarzenia polityczne i momenty popkultury w niewielkie, \u0142atwe do udost\u0119pnienia tre\u015bci. Niezale\u017cnie od tego, czy jest to mem na\u015bmiewaj\u0105cy si\u0119 z najnowszego skandalu z udzia\u0142em celebryt\u00f3w, czy satyruj\u0105cy posta\u0107 polityczn\u0105, memy zapewniaj\u0105 poszczeg\u00f3lnym osobom przyst\u0119pn\u0105 mo\u017cliwo\u015b\u0107 wyra\u017cenia swoich opinii, frustracji i obserwacji.<\/p>\n\n\n\n<p>Kultura mem\u00f3w jest z natury dynamiczna, a jej formaty i trendy ewoluuj\u0105 w szybkim tempie. Mem o rozkojarzonym ch\u0142opaku, czy kobiecie krzycz\u0105cej na kota i niezliczona ilo\u015b\u0107 innych zyska\u0142y na popularno\u015bci, by zosta\u0107 zast\u0105pione nowymi i bardziej odpowiednimi formatami. Ta ci\u0105g\u0142a ewolucja sprawia, \u017ce \u200b\u200bkultura mem\u00f3w jest \u015bwie\u017ca i reaguje na stale zmieniaj\u0105cy si\u0119 krajobraz internetowy.<\/p>\n\n\n\n<figure class=\"wp-block-image size-large is-resized\"><img data-recalc-dims=\"1\" loading=\"lazy\" decoding=\"async\" width=\"800\" height=\"534\" src=\"https:\/\/i0.wp.com\/notabene.world\/nb\/wp-content\/uploads\/2024\/01\/image-1.png?resize=800%2C534&#038;ssl=1\" alt=\"\" class=\"wp-image-12389\" style=\"width:675px;height:auto\" srcset=\"https:\/\/i0.wp.com\/notabene.world\/nb\/wp-content\/uploads\/2024\/01\/image-1.png?resize=1024%2C683&amp;ssl=1 1024w, https:\/\/i0.wp.com\/notabene.world\/nb\/wp-content\/uploads\/2024\/01\/image-1.png?resize=300%2C200&amp;ssl=1 300w, https:\/\/i0.wp.com\/notabene.world\/nb\/wp-content\/uploads\/2024\/01\/image-1.png?resize=768%2C512&amp;ssl=1 768w, https:\/\/i0.wp.com\/notabene.world\/nb\/wp-content\/uploads\/2024\/01\/image-1.png?resize=1536%2C1024&amp;ssl=1 1536w, https:\/\/i0.wp.com\/notabene.world\/nb\/wp-content\/uploads\/2024\/01\/image-1.png?resize=2048%2C1366&amp;ssl=1 2048w, https:\/\/i0.wp.com\/notabene.world\/nb\/wp-content\/uploads\/2024\/01\/image-1.png?w=1600&amp;ssl=1 1600w, https:\/\/i0.wp.com\/notabene.world\/nb\/wp-content\/uploads\/2024\/01\/image-1.png?w=2400&amp;ssl=1 2400w\" sizes=\"auto, (max-width: 800px) 100vw, 800px\" \/><\/figure>\n\n\n\n<figure class=\"wp-block-image size-full\"><img data-recalc-dims=\"1\" loading=\"lazy\" decoding=\"async\" width=\"683\" height=\"384\" src=\"https:\/\/i0.wp.com\/notabene.world\/nb\/wp-content\/uploads\/2024\/01\/image-2.png?resize=683%2C384&#038;ssl=1\" alt=\"\" class=\"wp-image-12390\" srcset=\"https:\/\/i0.wp.com\/notabene.world\/nb\/wp-content\/uploads\/2024\/01\/image-2.png?w=683&amp;ssl=1 683w, https:\/\/i0.wp.com\/notabene.world\/nb\/wp-content\/uploads\/2024\/01\/image-2.png?resize=300%2C169&amp;ssl=1 300w\" sizes=\"auto, (max-width: 683px) 100vw, 683px\" \/><\/figure>\n\n\n\n<p>Chocia\u017c kultura mem\u00f3w s\u0142ynie z humoru i umiej\u0119tno\u015bci \u0142\u0105czenia ludzi, nie jest ona pozbawiona wyzwa\u0144. Memy mog\u0105 czasami utrwala\u0107 stereotypy, szerzy\u0107 dezinformacj\u0119 lub by\u0107 wykorzystywane do n\u0119kania poszczeg\u00f3lnych os\u00f3b. Granica mi\u0119dzy nieszkodliw\u0105 zabaw\u0105 a tre\u015bciami obra\u017aliwymi mo\u017ce by\u0107 bardzo cienka, co prowadzi do rozwa\u017ca\u0144 na temat odpowiedzialno\u015bci tw\u00f3rc\u00f3w mem\u00f3w i odbiorc\u00f3w.<\/p>\n\n\n\n<p>Kultura mem\u00f3w sta\u0142a si\u0119 integraln\u0105 cz\u0119\u015bci\u0105 wsp\u00f3\u0142czesnego do\u015bwiadczenia cyfrowego, kszta\u0142tuj\u0105c spos\u00f3b, w jaki si\u0119 komunikujemy, wyra\u017camy siebie i anga\u017cujemy si\u0119 w otaczaj\u0105cy nas \u015bwiat. Poniewa\u017c memy stale ewoluuj\u0105 i dostosowuj\u0105 si\u0119, pozostaj\u0105 \u015bwiadectwem zdolno\u015bci Internetu do tworzenia nowych form ekspresji kulturowej i dzielenia si\u0119 humorem. Poruszanie si\u0119 po rozleg\u0142ym krajobrazie kultury mem\u00f3w przypomina eksploracj\u0119 stale rosn\u0105cej skarbnicy kreatywno\u015bci, gdzie \u015bmiech jest najlepsz\u0105 walut\u0105.<\/p>\n","protected":false},"excerpt":{"rendered":"<p>W rozleg\u0142ym i stale zmieniaj\u0105cym si\u0119 krajobrazie Internetu pojawi\u0142o si\u0119 jedno zjawisko jako uniwersalny j\u0119zyk humoru i ekspresji: kultura mem\u00f3w. To, co zacz\u0119\u0142o si\u0119 jako subkultura internetowa, sta\u0142o si\u0119 obecnie integraln\u0105 cz\u0119\u015bci\u0105 cyfrowego ducha czasu, kszta\u0142tuj\u0105c rozmowy, odzwierciedlaj\u0105c trendy spo\u0142eczne i zapewniaj\u0105c wyj\u0105tkow\u0105 perspektyw\u0119, przez kt\u00f3r\u0105 postrzegamy \u015bwiat.<br \/>\n<br \/>\nTermin \u201emem\u201d zosta\u0142 przytoczony przez brytyjskiego biologa ewolucyjnego Richarda Dawkinsa w jego ksi\u0105\u017cce z 1976 r. \u201eThe Selfish Gene\u201d. Dawkins u\u017cy\u0142 tego terminu do opisania idei, zachowania lub stylu, kt\u00f3re rozprzestrzeniaj\u0105 si\u0119 w danej kulturze. Memy w formie cyfrowej zacz\u0119\u0142y \u017cy\u0107 w\u0142asnym \u017cyciem, szybko ewoluuj\u0105c i dostosowuj\u0105c si\u0119 do stale zmieniaj\u0105cego si\u0119 krajobrazu kultury internetowej.<br \/>\n<br \/>\nJedn\u0105 z charakterystycznych cech kultury mem\u00f3w jest jej r\u00f3\u017cnorodno\u015b\u0107. Memy mog\u0105 przybiera\u0107 r\u00f3\u017cne formy, od graficznych po GIF-y, filmy, a nawet dowcipy tekstowe. Pi\u0119kno mem\u00f3w polega na ich zdolno\u015bci do przekraczania barier kulturowych i j\u0119zykowych, co czyni je zjawiskiem globalnym. Memy sta\u0142y si\u0119 uniwersalnym j\u0119zykiem, pozwalaj\u0105cym osobom z r\u00f3\u017cnych \u015brodowisk \u015bmia\u0107 si\u0119 lub komentowa\u0107 wsp\u00f3lne do\u015bwiadczenia.<\/p>\n","protected":false},"author":60,"featured_media":12407,"comment_status":"closed","ping_status":"closed","sticky":false,"template":"","format":"standard","meta":{"colormag_page_container_layout":"no_sidebar_content_centered","colormag_page_sidebar_layout":"no_sidebar","_jetpack_memberships_contains_paid_content":false,"footnotes":"","_links_to":"","_links_to_target":""},"categories":[42,6,110],"tags":[52,226,55],"class_list":["post-12386","post","type-post","status-publish","format-standard","has-post-thumbnail","hentry","category-felietony","category-kultura","category-spoleczenstwo-2","tag-kultura","tag-projekt2023","tag-spoleczenstwo"],"yoast_head":"<!-- This site is optimized with the Yoast SEO plugin v27.4 - https:\/\/yoast.com\/product\/yoast-seo-wordpress\/ -->\n<title>Kultura mem\u00f3w, czyli poruszanie si\u0119 po humorystycznym krajobrazie wsp\u00f3\u0142czesnego \u015bwiata - NOTABENE.WORLD<\/title>\n<meta name=\"robots\" content=\"index, follow, max-snippet:-1, max-image-preview:large, max-video-preview:-1\" \/>\n<link rel=\"canonical\" href=\"https:\/\/notabene.world\/nb\/kultura-memow-czyli-poruszanie-sie-po-humorystycznym-krajobrazie-wspolczesnego-swiata\/\" \/>\n<meta property=\"og:locale\" content=\"pl_PL\" \/>\n<meta property=\"og:type\" content=\"article\" \/>\n<meta property=\"og:title\" content=\"Kultura mem\u00f3w, czyli poruszanie si\u0119 po humorystycznym krajobrazie wsp\u00f3\u0142czesnego \u015bwiata - NOTABENE.WORLD\" \/>\n<meta property=\"og:description\" content=\"W rozleg\u0142ym i stale zmieniaj\u0105cym si\u0119 krajobrazie Internetu pojawi\u0142o si\u0119 jedno zjawisko jako uniwersalny j\u0119zyk humoru i ekspresji: kultura mem\u00f3w. To, co zacz\u0119\u0142o si\u0119 jako subkultura internetowa, sta\u0142o si\u0119 obecnie integraln\u0105 cz\u0119\u015bci\u0105 cyfrowego ducha czasu, kszta\u0142tuj\u0105c rozmowy, odzwierciedlaj\u0105c trendy spo\u0142eczne i zapewniaj\u0105c wyj\u0105tkow\u0105 perspektyw\u0119, przez kt\u00f3r\u0105 postrzegamy \u015bwiat.  Termin \u201emem\u201d zosta\u0142 przytoczony przez brytyjskiego biologa ewolucyjnego Richarda Dawkinsa w jego ksi\u0105\u017cce z 1976 r. \u201eThe Selfish Gene\u201d. Dawkins u\u017cy\u0142 tego terminu do opisania idei, zachowania lub stylu, kt\u00f3re rozprzestrzeniaj\u0105 si\u0119 w danej kulturze. Memy w formie cyfrowej zacz\u0119\u0142y \u017cy\u0107 w\u0142asnym \u017cyciem, szybko ewoluuj\u0105c i dostosowuj\u0105c si\u0119 do stale zmieniaj\u0105cego si\u0119 krajobrazu kultury internetowej. Jedn\u0105 z charakterystycznych cech kultury mem\u00f3w jest jej r\u00f3\u017cnorodno\u015b\u0107. Memy mog\u0105 przybiera\u0107 r\u00f3\u017cne formy, od graficznych po GIF-y, filmy, a nawet dowcipy tekstowe. Pi\u0119kno mem\u00f3w polega na ich zdolno\u015bci do przekraczania barier kulturowych i j\u0119zykowych, co czyni je zjawiskiem globalnym. Memy sta\u0142y si\u0119 uniwersalnym j\u0119zykiem, pozwalaj\u0105cym osobom z r\u00f3\u017cnych \u015brodowisk \u015bmia\u0107 si\u0119 lub komentowa\u0107 wsp\u00f3lne do\u015bwiadczenia.\" \/>\n<meta property=\"og:url\" content=\"https:\/\/notabene.world\/nb\/kultura-memow-czyli-poruszanie-sie-po-humorystycznym-krajobrazie-wspolczesnego-swiata\/\" \/>\n<meta property=\"og:site_name\" content=\"NOTABENE.WORLD\" \/>\n<meta property=\"article:publisher\" content=\"https:\/\/www.facebook.com\/Notabene.World\" \/>\n<meta property=\"article:published_time\" content=\"2024-01-03T16:36:10+00:00\" \/>\n<meta property=\"article:modified_time\" content=\"2024-01-31T09:47:43+00:00\" \/>\n<meta property=\"og:image\" content=\"https:\/\/notabene.world\/nb\/wp-content\/uploads\/2024\/01\/mem.jpg\" \/>\n\t<meta property=\"og:image:width\" content=\"800\" \/>\n\t<meta property=\"og:image:height\" content=\"445\" \/>\n\t<meta property=\"og:image:type\" content=\"image\/jpeg\" \/>\n<meta name=\"author\" content=\"Martyna Cieplak-Januchta\" \/>\n<meta name=\"twitter:card\" content=\"summary_large_image\" \/>\n<meta name=\"twitter:label1\" content=\"Napisane przez\" \/>\n\t<meta name=\"twitter:data1\" content=\"Martyna Cieplak-Januchta\" \/>\n\t<meta name=\"twitter:label2\" content=\"Szacowany czas czytania\" \/>\n\t<meta name=\"twitter:data2\" content=\"2 minuty\" \/>\n<script type=\"application\/ld+json\" class=\"yoast-schema-graph\">{\"@context\":\"https:\\\/\\\/schema.org\",\"@graph\":[{\"@type\":\"Article\",\"@id\":\"https:\\\/\\\/notabene.world\\\/nb\\\/kultura-memow-czyli-poruszanie-sie-po-humorystycznym-krajobrazie-wspolczesnego-swiata\\\/#article\",\"isPartOf\":{\"@id\":\"https:\\\/\\\/notabene.world\\\/nb\\\/kultura-memow-czyli-poruszanie-sie-po-humorystycznym-krajobrazie-wspolczesnego-swiata\\\/\"},\"author\":{\"name\":\"Martyna Cieplak-Januchta\",\"@id\":\"https:\\\/\\\/notabene.world\\\/nb\\\/#\\\/schema\\\/person\\\/29f2242388d8e6f64fadce0e5793fcb0\"},\"headline\":\"Kultura mem\u00f3w, czyli poruszanie si\u0119 po humorystycznym krajobrazie wsp\u00f3\u0142czesnego \u015bwiata\",\"datePublished\":\"2024-01-03T16:36:10+00:00\",\"dateModified\":\"2024-01-31T09:47:43+00:00\",\"mainEntityOfPage\":{\"@id\":\"https:\\\/\\\/notabene.world\\\/nb\\\/kultura-memow-czyli-poruszanie-sie-po-humorystycznym-krajobrazie-wspolczesnego-swiata\\\/\"},\"wordCount\":500,\"publisher\":{\"@id\":\"https:\\\/\\\/notabene.world\\\/nb\\\/#organization\"},\"image\":{\"@id\":\"https:\\\/\\\/notabene.world\\\/nb\\\/kultura-memow-czyli-poruszanie-sie-po-humorystycznym-krajobrazie-wspolczesnego-swiata\\\/#primaryimage\"},\"thumbnailUrl\":\"https:\\\/\\\/i0.wp.com\\\/notabene.world\\\/nb\\\/wp-content\\\/uploads\\\/2024\\\/01\\\/mem.jpg?fit=800%2C445&ssl=1\",\"keywords\":[\"#kultura\",\"#Projekt2023\",\"#spo\u0142ecze\u0144stwo\"],\"articleSection\":[\"Felietony\",\"Kultura\",\"Spo\u0142ecze\u0144stwo\"],\"inLanguage\":\"pl-PL\"},{\"@type\":\"WebPage\",\"@id\":\"https:\\\/\\\/notabene.world\\\/nb\\\/kultura-memow-czyli-poruszanie-sie-po-humorystycznym-krajobrazie-wspolczesnego-swiata\\\/\",\"url\":\"https:\\\/\\\/notabene.world\\\/nb\\\/kultura-memow-czyli-poruszanie-sie-po-humorystycznym-krajobrazie-wspolczesnego-swiata\\\/\",\"name\":\"Kultura mem\u00f3w, czyli poruszanie si\u0119 po humorystycznym krajobrazie wsp\u00f3\u0142czesnego \u015bwiata - NOTABENE.WORLD\",\"isPartOf\":{\"@id\":\"https:\\\/\\\/notabene.world\\\/nb\\\/#website\"},\"primaryImageOfPage\":{\"@id\":\"https:\\\/\\\/notabene.world\\\/nb\\\/kultura-memow-czyli-poruszanie-sie-po-humorystycznym-krajobrazie-wspolczesnego-swiata\\\/#primaryimage\"},\"image\":{\"@id\":\"https:\\\/\\\/notabene.world\\\/nb\\\/kultura-memow-czyli-poruszanie-sie-po-humorystycznym-krajobrazie-wspolczesnego-swiata\\\/#primaryimage\"},\"thumbnailUrl\":\"https:\\\/\\\/i0.wp.com\\\/notabene.world\\\/nb\\\/wp-content\\\/uploads\\\/2024\\\/01\\\/mem.jpg?fit=800%2C445&ssl=1\",\"datePublished\":\"2024-01-03T16:36:10+00:00\",\"dateModified\":\"2024-01-31T09:47:43+00:00\",\"breadcrumb\":{\"@id\":\"https:\\\/\\\/notabene.world\\\/nb\\\/kultura-memow-czyli-poruszanie-sie-po-humorystycznym-krajobrazie-wspolczesnego-swiata\\\/#breadcrumb\"},\"inLanguage\":\"pl-PL\",\"potentialAction\":[{\"@type\":\"ReadAction\",\"target\":[\"https:\\\/\\\/notabene.world\\\/nb\\\/kultura-memow-czyli-poruszanie-sie-po-humorystycznym-krajobrazie-wspolczesnego-swiata\\\/\"]}]},{\"@type\":\"ImageObject\",\"inLanguage\":\"pl-PL\",\"@id\":\"https:\\\/\\\/notabene.world\\\/nb\\\/kultura-memow-czyli-poruszanie-sie-po-humorystycznym-krajobrazie-wspolczesnego-swiata\\\/#primaryimage\",\"url\":\"https:\\\/\\\/i0.wp.com\\\/notabene.world\\\/nb\\\/wp-content\\\/uploads\\\/2024\\\/01\\\/mem.jpg?fit=800%2C445&ssl=1\",\"contentUrl\":\"https:\\\/\\\/i0.wp.com\\\/notabene.world\\\/nb\\\/wp-content\\\/uploads\\\/2024\\\/01\\\/mem.jpg?fit=800%2C445&ssl=1\",\"width\":800,\"height\":445},{\"@type\":\"BreadcrumbList\",\"@id\":\"https:\\\/\\\/notabene.world\\\/nb\\\/kultura-memow-czyli-poruszanie-sie-po-humorystycznym-krajobrazie-wspolczesnego-swiata\\\/#breadcrumb\",\"itemListElement\":[{\"@type\":\"ListItem\",\"position\":1,\"name\":\"Home\",\"item\":\"https:\\\/\\\/notabene.world\\\/nb\\\/\"},{\"@type\":\"ListItem\",\"position\":2,\"name\":\"Kultura mem\u00f3w, czyli poruszanie si\u0119 po humorystycznym krajobrazie wsp\u00f3\u0142czesnego \u015bwiata\"}]},{\"@type\":\"WebSite\",\"@id\":\"https:\\\/\\\/notabene.world\\\/nb\\\/#website\",\"url\":\"https:\\\/\\\/notabene.world\\\/nb\\\/\",\"name\":\"NOTABENE.WORLD\",\"description\":\"Przekaz. Warto\u015bci. Wsp\u00f3lnota.\",\"publisher\":{\"@id\":\"https:\\\/\\\/notabene.world\\\/nb\\\/#organization\"},\"potentialAction\":[{\"@type\":\"SearchAction\",\"target\":{\"@type\":\"EntryPoint\",\"urlTemplate\":\"https:\\\/\\\/notabene.world\\\/nb\\\/?s={search_term_string}\"},\"query-input\":{\"@type\":\"PropertyValueSpecification\",\"valueRequired\":true,\"valueName\":\"search_term_string\"}}],\"inLanguage\":\"pl-PL\"},{\"@type\":\"Organization\",\"@id\":\"https:\\\/\\\/notabene.world\\\/nb\\\/#organization\",\"name\":\"NOTABENE.WORLD\",\"url\":\"https:\\\/\\\/notabene.world\\\/nb\\\/\",\"logo\":{\"@type\":\"ImageObject\",\"inLanguage\":\"pl-PL\",\"@id\":\"https:\\\/\\\/notabene.world\\\/nb\\\/#\\\/schema\\\/logo\\\/image\\\/\",\"url\":\"https:\\\/\\\/notabene.world\\\/nb\\\/wp-content\\\/uploads\\\/2022\\\/01\\\/NB-club-start-www1.jpg\",\"contentUrl\":\"https:\\\/\\\/notabene.world\\\/nb\\\/wp-content\\\/uploads\\\/2022\\\/01\\\/NB-club-start-www1.jpg\",\"width\":1000,\"height\":839,\"caption\":\"NOTABENE.WORLD\"},\"image\":{\"@id\":\"https:\\\/\\\/notabene.world\\\/nb\\\/#\\\/schema\\\/logo\\\/image\\\/\"},\"sameAs\":[\"https:\\\/\\\/www.facebook.com\\\/Notabene.World\"]},{\"@type\":\"Person\",\"@id\":\"https:\\\/\\\/notabene.world\\\/nb\\\/#\\\/schema\\\/person\\\/29f2242388d8e6f64fadce0e5793fcb0\",\"name\":\"Martyna Cieplak-Januchta\",\"image\":{\"@type\":\"ImageObject\",\"inLanguage\":\"pl-PL\",\"@id\":\"https:\\\/\\\/secure.gravatar.com\\\/avatar\\\/7bfd8f8367a442af195f89cbdc882797df5a2bb3e2ecd5582416963b0b643e1a?s=96&d=mm&r=g\",\"url\":\"https:\\\/\\\/secure.gravatar.com\\\/avatar\\\/7bfd8f8367a442af195f89cbdc882797df5a2bb3e2ecd5582416963b0b643e1a?s=96&d=mm&r=g\",\"contentUrl\":\"https:\\\/\\\/secure.gravatar.com\\\/avatar\\\/7bfd8f8367a442af195f89cbdc882797df5a2bb3e2ecd5582416963b0b643e1a?s=96&d=mm&r=g\",\"caption\":\"Martyna Cieplak-Januchta\"},\"url\":\"https:\\\/\\\/notabene.world\\\/nb\\\/author\\\/ma-ce\\\/\"}]}<\/script>\n<!-- \/ Yoast SEO plugin. -->","yoast_head_json":{"title":"Kultura mem\u00f3w, czyli poruszanie si\u0119 po humorystycznym krajobrazie wsp\u00f3\u0142czesnego \u015bwiata - NOTABENE.WORLD","robots":{"index":"index","follow":"follow","max-snippet":"max-snippet:-1","max-image-preview":"max-image-preview:large","max-video-preview":"max-video-preview:-1"},"canonical":"https:\/\/notabene.world\/nb\/kultura-memow-czyli-poruszanie-sie-po-humorystycznym-krajobrazie-wspolczesnego-swiata\/","og_locale":"pl_PL","og_type":"article","og_title":"Kultura mem\u00f3w, czyli poruszanie si\u0119 po humorystycznym krajobrazie wsp\u00f3\u0142czesnego \u015bwiata - NOTABENE.WORLD","og_description":"W rozleg\u0142ym i stale zmieniaj\u0105cym si\u0119 krajobrazie Internetu pojawi\u0142o si\u0119 jedno zjawisko jako uniwersalny j\u0119zyk humoru i ekspresji: kultura mem\u00f3w. To, co zacz\u0119\u0142o si\u0119 jako subkultura internetowa, sta\u0142o si\u0119 obecnie integraln\u0105 cz\u0119\u015bci\u0105 cyfrowego ducha czasu, kszta\u0142tuj\u0105c rozmowy, odzwierciedlaj\u0105c trendy spo\u0142eczne i zapewniaj\u0105c wyj\u0105tkow\u0105 perspektyw\u0119, przez kt\u00f3r\u0105 postrzegamy \u015bwiat.  Termin \u201emem\u201d zosta\u0142 przytoczony przez brytyjskiego biologa ewolucyjnego Richarda Dawkinsa w jego ksi\u0105\u017cce z 1976 r. \u201eThe Selfish Gene\u201d. Dawkins u\u017cy\u0142 tego terminu do opisania idei, zachowania lub stylu, kt\u00f3re rozprzestrzeniaj\u0105 si\u0119 w danej kulturze. Memy w formie cyfrowej zacz\u0119\u0142y \u017cy\u0107 w\u0142asnym \u017cyciem, szybko ewoluuj\u0105c i dostosowuj\u0105c si\u0119 do stale zmieniaj\u0105cego si\u0119 krajobrazu kultury internetowej. Jedn\u0105 z charakterystycznych cech kultury mem\u00f3w jest jej r\u00f3\u017cnorodno\u015b\u0107. Memy mog\u0105 przybiera\u0107 r\u00f3\u017cne formy, od graficznych po GIF-y, filmy, a nawet dowcipy tekstowe. Pi\u0119kno mem\u00f3w polega na ich zdolno\u015bci do przekraczania barier kulturowych i j\u0119zykowych, co czyni je zjawiskiem globalnym. Memy sta\u0142y si\u0119 uniwersalnym j\u0119zykiem, pozwalaj\u0105cym osobom z r\u00f3\u017cnych \u015brodowisk \u015bmia\u0107 si\u0119 lub komentowa\u0107 wsp\u00f3lne do\u015bwiadczenia.","og_url":"https:\/\/notabene.world\/nb\/kultura-memow-czyli-poruszanie-sie-po-humorystycznym-krajobrazie-wspolczesnego-swiata\/","og_site_name":"NOTABENE.WORLD","article_publisher":"https:\/\/www.facebook.com\/Notabene.World","article_published_time":"2024-01-03T16:36:10+00:00","article_modified_time":"2024-01-31T09:47:43+00:00","og_image":[{"width":800,"height":445,"url":"https:\/\/notabene.world\/nb\/wp-content\/uploads\/2024\/01\/mem.jpg","type":"image\/jpeg"}],"author":"Martyna Cieplak-Januchta","twitter_card":"summary_large_image","twitter_misc":{"Napisane przez":"Martyna Cieplak-Januchta","Szacowany czas czytania":"2 minuty"},"schema":{"@context":"https:\/\/schema.org","@graph":[{"@type":"Article","@id":"https:\/\/notabene.world\/nb\/kultura-memow-czyli-poruszanie-sie-po-humorystycznym-krajobrazie-wspolczesnego-swiata\/#article","isPartOf":{"@id":"https:\/\/notabene.world\/nb\/kultura-memow-czyli-poruszanie-sie-po-humorystycznym-krajobrazie-wspolczesnego-swiata\/"},"author":{"name":"Martyna Cieplak-Januchta","@id":"https:\/\/notabene.world\/nb\/#\/schema\/person\/29f2242388d8e6f64fadce0e5793fcb0"},"headline":"Kultura mem\u00f3w, czyli poruszanie si\u0119 po humorystycznym krajobrazie wsp\u00f3\u0142czesnego \u015bwiata","datePublished":"2024-01-03T16:36:10+00:00","dateModified":"2024-01-31T09:47:43+00:00","mainEntityOfPage":{"@id":"https:\/\/notabene.world\/nb\/kultura-memow-czyli-poruszanie-sie-po-humorystycznym-krajobrazie-wspolczesnego-swiata\/"},"wordCount":500,"publisher":{"@id":"https:\/\/notabene.world\/nb\/#organization"},"image":{"@id":"https:\/\/notabene.world\/nb\/kultura-memow-czyli-poruszanie-sie-po-humorystycznym-krajobrazie-wspolczesnego-swiata\/#primaryimage"},"thumbnailUrl":"https:\/\/i0.wp.com\/notabene.world\/nb\/wp-content\/uploads\/2024\/01\/mem.jpg?fit=800%2C445&ssl=1","keywords":["#kultura","#Projekt2023","#spo\u0142ecze\u0144stwo"],"articleSection":["Felietony","Kultura","Spo\u0142ecze\u0144stwo"],"inLanguage":"pl-PL"},{"@type":"WebPage","@id":"https:\/\/notabene.world\/nb\/kultura-memow-czyli-poruszanie-sie-po-humorystycznym-krajobrazie-wspolczesnego-swiata\/","url":"https:\/\/notabene.world\/nb\/kultura-memow-czyli-poruszanie-sie-po-humorystycznym-krajobrazie-wspolczesnego-swiata\/","name":"Kultura mem\u00f3w, czyli poruszanie si\u0119 po humorystycznym krajobrazie wsp\u00f3\u0142czesnego \u015bwiata - NOTABENE.WORLD","isPartOf":{"@id":"https:\/\/notabene.world\/nb\/#website"},"primaryImageOfPage":{"@id":"https:\/\/notabene.world\/nb\/kultura-memow-czyli-poruszanie-sie-po-humorystycznym-krajobrazie-wspolczesnego-swiata\/#primaryimage"},"image":{"@id":"https:\/\/notabene.world\/nb\/kultura-memow-czyli-poruszanie-sie-po-humorystycznym-krajobrazie-wspolczesnego-swiata\/#primaryimage"},"thumbnailUrl":"https:\/\/i0.wp.com\/notabene.world\/nb\/wp-content\/uploads\/2024\/01\/mem.jpg?fit=800%2C445&ssl=1","datePublished":"2024-01-03T16:36:10+00:00","dateModified":"2024-01-31T09:47:43+00:00","breadcrumb":{"@id":"https:\/\/notabene.world\/nb\/kultura-memow-czyli-poruszanie-sie-po-humorystycznym-krajobrazie-wspolczesnego-swiata\/#breadcrumb"},"inLanguage":"pl-PL","potentialAction":[{"@type":"ReadAction","target":["https:\/\/notabene.world\/nb\/kultura-memow-czyli-poruszanie-sie-po-humorystycznym-krajobrazie-wspolczesnego-swiata\/"]}]},{"@type":"ImageObject","inLanguage":"pl-PL","@id":"https:\/\/notabene.world\/nb\/kultura-memow-czyli-poruszanie-sie-po-humorystycznym-krajobrazie-wspolczesnego-swiata\/#primaryimage","url":"https:\/\/i0.wp.com\/notabene.world\/nb\/wp-content\/uploads\/2024\/01\/mem.jpg?fit=800%2C445&ssl=1","contentUrl":"https:\/\/i0.wp.com\/notabene.world\/nb\/wp-content\/uploads\/2024\/01\/mem.jpg?fit=800%2C445&ssl=1","width":800,"height":445},{"@type":"BreadcrumbList","@id":"https:\/\/notabene.world\/nb\/kultura-memow-czyli-poruszanie-sie-po-humorystycznym-krajobrazie-wspolczesnego-swiata\/#breadcrumb","itemListElement":[{"@type":"ListItem","position":1,"name":"Home","item":"https:\/\/notabene.world\/nb\/"},{"@type":"ListItem","position":2,"name":"Kultura mem\u00f3w, czyli poruszanie si\u0119 po humorystycznym krajobrazie wsp\u00f3\u0142czesnego \u015bwiata"}]},{"@type":"WebSite","@id":"https:\/\/notabene.world\/nb\/#website","url":"https:\/\/notabene.world\/nb\/","name":"NOTABENE.WORLD","description":"Przekaz. Warto\u015bci. Wsp\u00f3lnota.","publisher":{"@id":"https:\/\/notabene.world\/nb\/#organization"},"potentialAction":[{"@type":"SearchAction","target":{"@type":"EntryPoint","urlTemplate":"https:\/\/notabene.world\/nb\/?s={search_term_string}"},"query-input":{"@type":"PropertyValueSpecification","valueRequired":true,"valueName":"search_term_string"}}],"inLanguage":"pl-PL"},{"@type":"Organization","@id":"https:\/\/notabene.world\/nb\/#organization","name":"NOTABENE.WORLD","url":"https:\/\/notabene.world\/nb\/","logo":{"@type":"ImageObject","inLanguage":"pl-PL","@id":"https:\/\/notabene.world\/nb\/#\/schema\/logo\/image\/","url":"https:\/\/notabene.world\/nb\/wp-content\/uploads\/2022\/01\/NB-club-start-www1.jpg","contentUrl":"https:\/\/notabene.world\/nb\/wp-content\/uploads\/2022\/01\/NB-club-start-www1.jpg","width":1000,"height":839,"caption":"NOTABENE.WORLD"},"image":{"@id":"https:\/\/notabene.world\/nb\/#\/schema\/logo\/image\/"},"sameAs":["https:\/\/www.facebook.com\/Notabene.World"]},{"@type":"Person","@id":"https:\/\/notabene.world\/nb\/#\/schema\/person\/29f2242388d8e6f64fadce0e5793fcb0","name":"Martyna Cieplak-Januchta","image":{"@type":"ImageObject","inLanguage":"pl-PL","@id":"https:\/\/secure.gravatar.com\/avatar\/7bfd8f8367a442af195f89cbdc882797df5a2bb3e2ecd5582416963b0b643e1a?s=96&d=mm&r=g","url":"https:\/\/secure.gravatar.com\/avatar\/7bfd8f8367a442af195f89cbdc882797df5a2bb3e2ecd5582416963b0b643e1a?s=96&d=mm&r=g","contentUrl":"https:\/\/secure.gravatar.com\/avatar\/7bfd8f8367a442af195f89cbdc882797df5a2bb3e2ecd5582416963b0b643e1a?s=96&d=mm&r=g","caption":"Martyna Cieplak-Januchta"},"url":"https:\/\/notabene.world\/nb\/author\/ma-ce\/"}]}},"jetpack_featured_media_url":"https:\/\/i0.wp.com\/notabene.world\/nb\/wp-content\/uploads\/2024\/01\/mem.jpg?fit=800%2C445&ssl=1","jetpack_sharing_enabled":true,"jetpack_shortlink":"https:\/\/wp.me\/pdCobN-3dM","_links":{"self":[{"href":"https:\/\/notabene.world\/nb\/wp-json\/wp\/v2\/posts\/12386","targetHints":{"allow":["GET"]}}],"collection":[{"href":"https:\/\/notabene.world\/nb\/wp-json\/wp\/v2\/posts"}],"about":[{"href":"https:\/\/notabene.world\/nb\/wp-json\/wp\/v2\/types\/post"}],"author":[{"embeddable":true,"href":"https:\/\/notabene.world\/nb\/wp-json\/wp\/v2\/users\/60"}],"replies":[{"embeddable":true,"href":"https:\/\/notabene.world\/nb\/wp-json\/wp\/v2\/comments?post=12386"}],"version-history":[{"count":3,"href":"https:\/\/notabene.world\/nb\/wp-json\/wp\/v2\/posts\/12386\/revisions"}],"predecessor-version":[{"id":12422,"href":"https:\/\/notabene.world\/nb\/wp-json\/wp\/v2\/posts\/12386\/revisions\/12422"}],"wp:featuredmedia":[{"embeddable":true,"href":"https:\/\/notabene.world\/nb\/wp-json\/wp\/v2\/media\/12407"}],"wp:attachment":[{"href":"https:\/\/notabene.world\/nb\/wp-json\/wp\/v2\/media?parent=12386"}],"wp:term":[{"taxonomy":"category","embeddable":true,"href":"https:\/\/notabene.world\/nb\/wp-json\/wp\/v2\/categories?post=12386"},{"taxonomy":"post_tag","embeddable":true,"href":"https:\/\/notabene.world\/nb\/wp-json\/wp\/v2\/tags?post=12386"}],"curies":[{"name":"wp","href":"https:\/\/api.w.org\/{rel}","templated":true}]}}