{"id":12439,"date":"2024-02-03T22:47:00","date_gmt":"2024-02-03T21:47:00","guid":{"rendered":"https:\/\/notabene.world\/nb\/?p=12439"},"modified":"2024-03-10T15:55:05","modified_gmt":"2024-03-10T14:55:05","slug":"coz-tam-panie-w-polityce-3","status":"publish","type":"post","link":"https:\/\/notabene.world\/nb\/coz-tam-panie-w-polityce-3\/","title":{"rendered":"C\u00f3\u017c tam, panie, w polityce? #3"},"content":{"rendered":"\n<h2 class=\"wp-block-heading\">Daniel Obajtek ko\u0144czy swoje urz\u0119dowanie w SSP Orlen, Unijny Pakiet pomocy dla Ukrainy wreszcie odblokowany, plan na najbli\u017csze posiedzenia sejmu &#8211; zapraszam na trzeci tekst z serii <em>C\u00f3\u017c tam, panie, w polityce? <\/em><\/h2>\n\n\n\n<div style=\"height:120px\" aria-hidden=\"true\" class=\"wp-block-spacer\"><\/div>\n\n\n\n<h2 class=\"wp-block-heading\">Koniec w\u0119gierskiego Veta &#8211; jednomy\u015blna zgoda na pomoc Ukrainie <\/h2>\n\n\n\n<p>W grudniu (kiedy rozpocz\u0119\u0142y si\u0119 rozmowy akcesyjne UE z Ukrain\u0105) pojawi\u0142 si\u0119 projekt rewizji bud\u017cetu Unii, w kt\u00f3rym to m.in znajdowa\u0142o si\u0119 dodatkowe 50 miliard\u00f3w euro na pomoc Ukrainie, roz\u0142o\u017conej na 4 lata. <strong>Viktor Orban zawetowa\u0142 wtedy projekt<\/strong>. Swoj\u0105 decyzj\u0119 t\u0142umaczy\u0142 przede wszystkim obaw\u0105, \u017ce blokowane przez Komisj\u0119 Europejsk\u0105 pieni\u0105dze zamiast do W\u0119gier, trafi\u0105 na Ukrain\u0119. Wyra\u017ca\u0142 r\u00f3wnie\u017c zaniepokojenie kwesti\u0105 tego, jak wydawane s\u0105 te pieni\u0105dze i jak d\u0142ugo Ukraina jest w og\u00f3le finansowo wspierana. <\/p>\n\n\n\n<p>Nieca\u0142e dwa miesi\u0105ce p\u00f3\u017aniej, <strong>1 lutego<\/strong> br. na unijnym szczycie w Brukseli, w\u0119gierski premier zdecydowa\u0142 si\u0119 odblokowa\u0107 pieni\u0105dze dla Ukrainy i <strong>zaakceptowa\u0142 rewizj\u0119 bud\u017cetu UE <\/strong>(kt\u00f3ry to tak\u017ce zwi\u0119ksza \u015brodki na migracj\u0119 czy obronno\u015b\u0107). Uda\u0142o si\u0119 tego dokona\u0107 jeszcze przed oficjalnym szczytem. Orban zgodzi\u0142 si\u0119, gdy\u017c zapewniono go, \u017ce:<\/p>\n\n\n\n<ul class=\"wp-block-list\">\n<li>Komisja Europejska b\u0119dzie co rok zdawa\u0107 relacj\u0119 z tego, jak wydawane s\u0105 pieni\u0105dze<\/li>\n\n\n\n<li>R\u00f3wnie\u017c co roku, unijni liderzy maj\u0105 dyskutowa\u0107 nad ewentualnym zaprzestaniem finansowania Ukrainy<\/li>\n<\/ul>\n\n\n\n<p>M\u00f3wi\u0105c o pieni\u0105dzach na odbudow\u0119 i wsparcie Ukrainy, nie mo\u017cna pomin\u0105\u0107 w\u0105tku Stan\u00f3w Zjednoczonych, gdzie republikanie, dysponuj\u0105cy wi\u0119kszo\u015bci\u0105 w Kongresie, blokuj\u0105 ju\u017c kilka miesi\u0119cy kolejn\u0105 pul\u0119 zbrojenia Ukrainy. W zamian za poparcie pakietu, \u017c\u0105daj\u0105 np. silnych reform na granicy z Meksykiem. <\/p>\n\n\n\n<p><strong>Rados\u0142aw Sikorski<\/strong> &#8211; Minister Spraw Zagranicznych zapowiedzia\u0142, \u017ce udaje si\u0119 do Waszyngtonu, celem <em>Przekonania nieprzekonanych. <\/em><\/p>\n\n\n\n<p>(<strong>Film Ministra Spraw Zagranicznych informuj\u0105cy o jednog\u0142o\u015bnym uchwaleniu pakietu pomocowego UE dla Ukrainy oraz zapowiadaj\u0105cego wyjazd do Waszyngtonu, zosta\u0142 usuni\u0119ty<\/strong>)<\/p>\n\n\n\n<div style=\"height:120px\" aria-hidden=\"true\" class=\"wp-block-spacer\"><\/div>\n\n\n\n<h2 class=\"wp-block-heading\">Koniec Orlenu, pocz\u0105tek k\u0142opot\u00f3w? <\/h2>\n\n\n\n<figure class=\"wp-block-image size-full\"><img data-recalc-dims=\"1\" loading=\"lazy\" decoding=\"async\" width=\"800\" height=\"534\" src=\"https:\/\/i0.wp.com\/notabene.world\/nb\/wp-content\/uploads\/2024\/02\/50111439526_e73086cb48_o.jpg?resize=800%2C534&#038;ssl=1\" alt=\"\" class=\"wp-image-12443\" srcset=\"https:\/\/i0.wp.com\/notabene.world\/nb\/wp-content\/uploads\/2024\/02\/50111439526_e73086cb48_o.jpg?w=1000&amp;ssl=1 1000w, https:\/\/i0.wp.com\/notabene.world\/nb\/wp-content\/uploads\/2024\/02\/50111439526_e73086cb48_o.jpg?resize=300%2C200&amp;ssl=1 300w, https:\/\/i0.wp.com\/notabene.world\/nb\/wp-content\/uploads\/2024\/02\/50111439526_e73086cb48_o.jpg?resize=768%2C512&amp;ssl=1 768w\" sizes=\"auto, (max-width: 800px) 100vw, 800px\" \/><figcaption class=\"wp-element-caption\">2020.007.14 Warszawa | Konferencja nt. przej\u0119cia Grupy Lotos przez Orlen. Fot: Krystian Maj\/KPRM<\/figcaption><\/figure>\n\n\n\n<p>Prezes Orlenu zapowiada\u0142 w ubieg\u0142ym roku, \u017ce je\u015bli PiS przegra wybory, poda si\u0119 &#8222;honorowo&#8221; do dymisji. Cho\u0107 z du\u017cym op\u00f3\u017anieniem, to jednak s\u0142owa dotrzyma\u0142 i odda\u0142 si\u0119 w r\u0119ce rady nadzorczej, kt\u00f3ra zdecydowa\u0142a o jego dymisji. Kt\u00f3\u017c by si\u0119 spodziewa\u0142&#8230;<\/p>\n\n\n\n<p>Nad Obajtkiem jednak wisz\u0105 czarne chmury. Coraz g\u0142o\u015bniej m\u00f3wi si\u0119 o dzia\u0142aniu na szkod\u0119 skarbu pa\u0144stwa i <strong>sprzeda\u017cy przez Orlen udzia\u0142\u00f3w Lotosu Arabii Saudyjskiej ze strat\u0105 7 MILIARD\u00d3W Z\u0141OTYCH<\/strong>. Spraw\u0105 zajmuje si\u0119 ju\u017c prokuratora, cho\u0107 na horyzoncie wida\u0107 jeszcze wiele mo\u017cliwych zarzut\u00f3w. <\/p>\n\n\n\n<p>Warto odnotowa\u0107, \u017ce odwo\u0142anie dotychczasowego Prezesa gigantycznej SSP mia\u0142a swoje konsekwencje na&#8230; gie\u0142dzie &#8211; akcje Orlenu posz\u0142y zauwa\u017calnie w g\u00f3r\u0119. <\/p>\n\n\n\n<figure class=\"wp-block-image size-full\"><img data-recalc-dims=\"1\" loading=\"lazy\" decoding=\"async\" width=\"800\" height=\"419\" src=\"https:\/\/i0.wp.com\/notabene.world\/nb\/wp-content\/uploads\/2024\/02\/image-1.png?resize=800%2C419&#038;ssl=1\" alt=\"\" class=\"wp-image-12444\" srcset=\"https:\/\/i0.wp.com\/notabene.world\/nb\/wp-content\/uploads\/2024\/02\/image-1.png?w=963&amp;ssl=1 963w, https:\/\/i0.wp.com\/notabene.world\/nb\/wp-content\/uploads\/2024\/02\/image-1.png?resize=300%2C157&amp;ssl=1 300w, https:\/\/i0.wp.com\/notabene.world\/nb\/wp-content\/uploads\/2024\/02\/image-1.png?resize=768%2C402&amp;ssl=1 768w, https:\/\/i0.wp.com\/notabene.world\/nb\/wp-content\/uploads\/2024\/02\/image-1.png?resize=390%2C205&amp;ssl=1 390w\" sizes=\"auto, (max-width: 800px) 100vw, 800px\" \/><\/figure>\n\n\n\n<div style=\"height:120px\" aria-hidden=\"true\" class=\"wp-block-spacer\"><\/div>\n\n\n\n<p><\/p>\n\n\n\n<h2 class=\"wp-block-heading\">Plan na najbli\u017csze posiedzenie Sejmu <\/h2>\n\n\n\n<p>Na zbli\u017caj\u0105cym si\u0119 posiedzeniu sejmu, rozpatrywane b\u0119d\u0105 w g\u0142\u00f3wnej mierze projekty obywatelskie, z\u0142o\u017cone do sejmu jeszcze w czasie trwania IX kadencji sejmu. 7,8  i 7 lutego 2024 b\u0119dzie posiedzeniem mocno \u015bwiatopogl\u0105dowym. Przysz\u0142y tydzie\u0144 zapowiada si\u0119 bardzo gor\u0105co. Pos\u0142owie zajm\u0105 si\u0119 mi\u0119dzy innymi:<\/p>\n\n\n\n<ul class=\"wp-block-list\">\n<li>obywatelskim projektem o zmian\u0119 ustawy o rentach i emeryturach (renta wdowia), <\/li>\n\n\n\n<li>obywatelskim projektem o wypowiedzenie<strong> Konwencji Stambulskiej<\/strong> (zapobieganie i zwalczanie przemocy domowej wobec kobiet) <\/li>\n\n\n\n<li>obywatelski projekt ustawy o zgromadzeniach<strong> <\/strong>(zakaz <strong>marszy LGBT<\/strong> jako &#8222;<strong>zagra\u017caj\u0105cych rodzinie<\/strong>&#8222;) <\/li>\n\n\n\n<li>obywatelski projekt ustawy o zmianie prawa karnego (<strong>obraza uczu\u0107 religijnych)<\/strong><\/li>\n\n\n\n<li>obywatelski projekt ustawy o ochronie w\u0142asno\u015bci (<strong>Holocaust <\/strong>i mienie bezdziedziczne; wyst\u0105pi w parlamencie <strong>Robert B\u0105kiewicz<\/strong>)<\/li>\n<\/ul>\n\n\n\n<p>Najwyra\u017aniej wed\u0142ug marsza\u0142ka s\u0105 to sprawy niecierpi\u0105ce zw\u0142oki. Ubolewam nad tym, \u017ce na pierwszy plan parlamentarnych dyskusji wysuwaj\u0105 si\u0119 radykalne, idiotyczne i stare projekty ustaw, kt\u00f3re bez w\u0105tpienia wszystkie (pr\u00f3cz tej pierwszej o rentach) zostan\u0105 uwalone w pierwszym czytaniu. Ubolewam nad tym, \u017ce dyskusja nie toczy si\u0119 wok\u00f3\u0142 CPK i atomu, o czym pisa\u0142em w poprzednim tek\u015bcie. Ubolewam nad tym, \u017ce cz\u0142onek rz\u0105du udost\u0119pnia takie g\u0142upoty: <\/p>\n\n\n\n<figure class=\"wp-block-image size-full\"><img data-recalc-dims=\"1\" loading=\"lazy\" decoding=\"async\" width=\"742\" height=\"238\" src=\"https:\/\/i0.wp.com\/notabene.world\/nb\/wp-content\/uploads\/2024\/02\/image-2.png?resize=742%2C238&#038;ssl=1\" alt=\"\" class=\"wp-image-12450\" srcset=\"https:\/\/i0.wp.com\/notabene.world\/nb\/wp-content\/uploads\/2024\/02\/image-2.png?w=742&amp;ssl=1 742w, https:\/\/i0.wp.com\/notabene.world\/nb\/wp-content\/uploads\/2024\/02\/image-2.png?resize=300%2C96&amp;ssl=1 300w\" sizes=\"auto, (max-width: 742px) 100vw, 742px\" \/><\/figure>\n\n\n\n<p><strong>5. posiedzenie sejmu rozpocznie si\u0119 ju\u017c w najbli\u017csz\u0105 \u015brod\u0119, 7 lutego 2024 roku o godzinie 10:00. <\/strong><\/p>\n","protected":false},"excerpt":{"rendered":"<p>Obajtek wylatuje z Orlenu, Pomoc dla Ukrainy uchwalona, a w sejmie dyskusja o LGBT i Konwencji Stambulskiej.<br \/>\n<br \/>\nPrezes Orlenu zapowiada\u0142 w ubieg\u0142ym roku, \u017ce je\u015bli PiS przegra wybory, poda si\u0119 &#8222;honorowo&#8221; do dymisji. Cho\u0107 z du\u017cym op\u00f3\u017anieniem, to jednak s\u0142owa dotrzyma\u0142 i odda\u0142 si\u0119 w r\u0119ce nowej rady nadzorczej, kt\u00f3ra zdecydowa\u0142a o jego dymisji. Kt\u00f3\u017c by si\u0119 spodziewa\u0142&#8230;<br \/>\n<br \/>\nNad Obajtkiem jednak wisz\u0105 czarne chmury. Coraz g\u0142o\u015bniej m\u00f3wi si\u0119 o dzia\u0142aniu na szkod\u0119 skarbu pa\u0144stwa i sprzeda\u017cy przez Orlen udzia\u0142\u00f3w Lotosu Arabii Saudyjskiej ze strat\u0105 7 MILIARD\u00d3W Z\u0141OTYCH. Spraw\u0105 zajmuje si\u0119 ju\u017c prokuratora, cho\u0107 na horyzoncie wida\u0107 jeszcze wiele mo\u017cliwych zarzut\u00f3w.<br \/>\n<br \/>\nWarto odnotowa\u0107, \u017ce odwo\u0142anie dotychczasowego Prezesa gigantycznej SSP mia\u0142a swoje konsekwencje na&#8230; gie\u0142dzie &#8211; akcje Orlenu posz\u0142y zauwa\u017calnie w g\u00f3r\u0119.<br \/>\n<br \/>\nW grudniu (kiedy rozpocz\u0119\u0142y si\u0119 rozmowy akcesyjne UE z Ukrain\u0105) pojawi\u0142 si\u0119 projekt rewizji bud\u017cetu Unii, w kt\u00f3rym to m.in znajdowa\u0142o si\u0119 dodatkowe 50 miliard\u00f3w euro na pomoc Ukrainie, roz\u0142o\u017conej na 4 lata. Viktor Orban zawetowa\u0142 wtedy projekt. Swoj\u0105 decyzj\u0119 t\u0142umaczy\u0142 przede wszystkim obaw\u0105, \u017ce blokowane przez Komisj\u0119 Europejsk\u0105 pieni\u0105dze zamiast do W\u0119gier, trafi\u0105 na Ukrain\u0119. Wyra\u017ca\u0142 r\u00f3wnie\u017c zaniepokojenie kwesti\u0105 tego, jak wydawane s\u0105 te pieni\u0105dze i jak d\u0142ugo Ukraina jest w og\u00f3le finansowo wspierana.<\/p>\n","protected":false},"author":6,"featured_media":12462,"comment_status":"closed","ping_status":"closed","sticky":false,"template":"","format":"standard","meta":{"colormag_page_container_layout":"no_sidebar_content_centered","colormag_page_sidebar_layout":"no_sidebar","_jetpack_memberships_contains_paid_content":false,"footnotes":"","_links_to":"","_links_to_target":""},"categories":[248,42,8],"tags":[90],"class_list":["post-12439","post","type-post","status-publish","format-standard","has-post-thumbnail","hentry","category-co-tam-panie-w-polityce","category-felietony","category-polityka","tag-polityka"],"yoast_head":"<!-- This site is optimized with the Yoast SEO plugin v27.4 - https:\/\/yoast.com\/product\/yoast-seo-wordpress\/ -->\n<title>C\u00f3\u017c tam, panie, w polityce? #3 - NOTABENE.WORLD<\/title>\n<meta name=\"robots\" content=\"index, follow, max-snippet:-1, max-image-preview:large, max-video-preview:-1\" \/>\n<link rel=\"canonical\" href=\"https:\/\/notabene.world\/nb\/coz-tam-panie-w-polityce-3\/\" \/>\n<meta property=\"og:locale\" content=\"pl_PL\" \/>\n<meta property=\"og:type\" content=\"article\" \/>\n<meta property=\"og:title\" content=\"C\u00f3\u017c tam, panie, w polityce? #3 - NOTABENE.WORLD\" \/>\n<meta property=\"og:description\" content=\"Obajtek wylatuje z Orlenu, Pomoc dla Ukrainy uchwalona, a w sejmie dyskusja o LGBT i Konwencji Stambulskiej. Prezes Orlenu zapowiada\u0142 w ubieg\u0142ym roku, \u017ce je\u015bli PiS przegra wybory, poda si\u0119 &quot;honorowo&quot; do dymisji. Cho\u0107 z du\u017cym op\u00f3\u017anieniem, to jednak s\u0142owa dotrzyma\u0142 i odda\u0142 si\u0119 w r\u0119ce nowej rady nadzorczej, kt\u00f3ra zdecydowa\u0142a o jego dymisji. Kt\u00f3\u017c by si\u0119 spodziewa\u0142... Nad Obajtkiem jednak wisz\u0105 czarne chmury. Coraz g\u0142o\u015bniej m\u00f3wi si\u0119 o dzia\u0142aniu na szkod\u0119 skarbu pa\u0144stwa i sprzeda\u017cy przez Orlen udzia\u0142\u00f3w Lotosu Arabii Saudyjskiej ze strat\u0105 7 MILIARD\u00d3W Z\u0141OTYCH. Spraw\u0105 zajmuje si\u0119 ju\u017c prokuratora, cho\u0107 na horyzoncie wida\u0107 jeszcze wiele mo\u017cliwych zarzut\u00f3w.  Warto odnotowa\u0107, \u017ce odwo\u0142anie dotychczasowego Prezesa gigantycznej SSP mia\u0142a swoje konsekwencje na... gie\u0142dzie - akcje Orlenu posz\u0142y zauwa\u017calnie w g\u00f3r\u0119. W grudniu (kiedy rozpocz\u0119\u0142y si\u0119 rozmowy akcesyjne UE z Ukrain\u0105) pojawi\u0142 si\u0119 projekt rewizji bud\u017cetu Unii, w kt\u00f3rym to m.in znajdowa\u0142o si\u0119 dodatkowe 50 miliard\u00f3w euro na pomoc Ukrainie, roz\u0142o\u017conej na 4 lata. Viktor Orban zawetowa\u0142 wtedy projekt. Swoj\u0105 decyzj\u0119 t\u0142umaczy\u0142 przede wszystkim obaw\u0105, \u017ce blokowane przez Komisj\u0119 Europejsk\u0105 pieni\u0105dze zamiast do W\u0119gier, trafi\u0105 na Ukrain\u0119. Wyra\u017ca\u0142 r\u00f3wnie\u017c zaniepokojenie kwesti\u0105 tego, jak wydawane s\u0105 te pieni\u0105dze i jak d\u0142ugo Ukraina jest w og\u00f3le finansowo wspierana.\" \/>\n<meta property=\"og:url\" content=\"https:\/\/notabene.world\/nb\/coz-tam-panie-w-polityce-3\/\" \/>\n<meta property=\"og:site_name\" content=\"NOTABENE.WORLD\" \/>\n<meta property=\"article:publisher\" content=\"https:\/\/www.facebook.com\/Notabene.World\" \/>\n<meta property=\"article:author\" content=\"https:\/\/www.facebook.com\/profile.php?id=100014087373140\" \/>\n<meta property=\"article:published_time\" content=\"2024-02-03T21:47:00+00:00\" \/>\n<meta property=\"article:modified_time\" content=\"2024-03-10T14:55:05+00:00\" \/>\n<meta property=\"og:image\" content=\"https:\/\/notabene.world\/nb\/wp-content\/uploads\/2024\/02\/jt3.jpg\" \/>\n\t<meta property=\"og:image:width\" content=\"800\" \/>\n\t<meta property=\"og:image:height\" content=\"445\" \/>\n\t<meta property=\"og:image:type\" content=\"image\/jpeg\" \/>\n<meta name=\"author\" content=\"Julian Tarnowski\" \/>\n<meta name=\"twitter:card\" content=\"summary_large_image\" \/>\n<meta name=\"twitter:creator\" content=\"@JulianTarnowsk1\" \/>\n<meta name=\"twitter:label1\" content=\"Napisane przez\" \/>\n\t<meta name=\"twitter:data1\" content=\"Julian Tarnowski\" \/>\n\t<meta name=\"twitter:label2\" content=\"Szacowany czas czytania\" \/>\n\t<meta name=\"twitter:data2\" content=\"3 minuty\" \/>\n<script type=\"application\/ld+json\" class=\"yoast-schema-graph\">{\"@context\":\"https:\\\/\\\/schema.org\",\"@graph\":[{\"@type\":\"Article\",\"@id\":\"https:\\\/\\\/notabene.world\\\/nb\\\/coz-tam-panie-w-polityce-3\\\/#article\",\"isPartOf\":{\"@id\":\"https:\\\/\\\/notabene.world\\\/nb\\\/coz-tam-panie-w-polityce-3\\\/\"},\"author\":{\"name\":\"Julian Tarnowski\",\"@id\":\"https:\\\/\\\/notabene.world\\\/nb\\\/#\\\/schema\\\/person\\\/890c5cc2bd0337867802bcca5ee56dee\"},\"headline\":\"C\u00f3\u017c tam, panie, w polityce? #3\",\"datePublished\":\"2024-02-03T21:47:00+00:00\",\"dateModified\":\"2024-03-10T14:55:05+00:00\",\"mainEntityOfPage\":{\"@id\":\"https:\\\/\\\/notabene.world\\\/nb\\\/coz-tam-panie-w-polityce-3\\\/\"},\"wordCount\":680,\"publisher\":{\"@id\":\"https:\\\/\\\/notabene.world\\\/nb\\\/#organization\"},\"image\":{\"@id\":\"https:\\\/\\\/notabene.world\\\/nb\\\/coz-tam-panie-w-polityce-3\\\/#primaryimage\"},\"thumbnailUrl\":\"https:\\\/\\\/i0.wp.com\\\/notabene.world\\\/nb\\\/wp-content\\\/uploads\\\/2024\\\/02\\\/jt3.jpg?fit=800%2C445&ssl=1\",\"keywords\":[\"#polityka\"],\"articleSection\":[\"Co tam panie w polityce?\",\"Felietony\",\"Polityka\"],\"inLanguage\":\"pl-PL\"},{\"@type\":\"WebPage\",\"@id\":\"https:\\\/\\\/notabene.world\\\/nb\\\/coz-tam-panie-w-polityce-3\\\/\",\"url\":\"https:\\\/\\\/notabene.world\\\/nb\\\/coz-tam-panie-w-polityce-3\\\/\",\"name\":\"C\u00f3\u017c tam, panie, w polityce? #3 - NOTABENE.WORLD\",\"isPartOf\":{\"@id\":\"https:\\\/\\\/notabene.world\\\/nb\\\/#website\"},\"primaryImageOfPage\":{\"@id\":\"https:\\\/\\\/notabene.world\\\/nb\\\/coz-tam-panie-w-polityce-3\\\/#primaryimage\"},\"image\":{\"@id\":\"https:\\\/\\\/notabene.world\\\/nb\\\/coz-tam-panie-w-polityce-3\\\/#primaryimage\"},\"thumbnailUrl\":\"https:\\\/\\\/i0.wp.com\\\/notabene.world\\\/nb\\\/wp-content\\\/uploads\\\/2024\\\/02\\\/jt3.jpg?fit=800%2C445&ssl=1\",\"datePublished\":\"2024-02-03T21:47:00+00:00\",\"dateModified\":\"2024-03-10T14:55:05+00:00\",\"breadcrumb\":{\"@id\":\"https:\\\/\\\/notabene.world\\\/nb\\\/coz-tam-panie-w-polityce-3\\\/#breadcrumb\"},\"inLanguage\":\"pl-PL\",\"potentialAction\":[{\"@type\":\"ReadAction\",\"target\":[\"https:\\\/\\\/notabene.world\\\/nb\\\/coz-tam-panie-w-polityce-3\\\/\"]}]},{\"@type\":\"ImageObject\",\"inLanguage\":\"pl-PL\",\"@id\":\"https:\\\/\\\/notabene.world\\\/nb\\\/coz-tam-panie-w-polityce-3\\\/#primaryimage\",\"url\":\"https:\\\/\\\/i0.wp.com\\\/notabene.world\\\/nb\\\/wp-content\\\/uploads\\\/2024\\\/02\\\/jt3.jpg?fit=800%2C445&ssl=1\",\"contentUrl\":\"https:\\\/\\\/i0.wp.com\\\/notabene.world\\\/nb\\\/wp-content\\\/uploads\\\/2024\\\/02\\\/jt3.jpg?fit=800%2C445&ssl=1\",\"width\":800,\"height\":445},{\"@type\":\"BreadcrumbList\",\"@id\":\"https:\\\/\\\/notabene.world\\\/nb\\\/coz-tam-panie-w-polityce-3\\\/#breadcrumb\",\"itemListElement\":[{\"@type\":\"ListItem\",\"position\":1,\"name\":\"Home\",\"item\":\"https:\\\/\\\/notabene.world\\\/nb\\\/\"},{\"@type\":\"ListItem\",\"position\":2,\"name\":\"C\u00f3\u017c tam, panie, w polityce? #3\"}]},{\"@type\":\"WebSite\",\"@id\":\"https:\\\/\\\/notabene.world\\\/nb\\\/#website\",\"url\":\"https:\\\/\\\/notabene.world\\\/nb\\\/\",\"name\":\"NOTABENE.WORLD\",\"description\":\"Przekaz. Warto\u015bci. Wsp\u00f3lnota.\",\"publisher\":{\"@id\":\"https:\\\/\\\/notabene.world\\\/nb\\\/#organization\"},\"potentialAction\":[{\"@type\":\"SearchAction\",\"target\":{\"@type\":\"EntryPoint\",\"urlTemplate\":\"https:\\\/\\\/notabene.world\\\/nb\\\/?s={search_term_string}\"},\"query-input\":{\"@type\":\"PropertyValueSpecification\",\"valueRequired\":true,\"valueName\":\"search_term_string\"}}],\"inLanguage\":\"pl-PL\"},{\"@type\":\"Organization\",\"@id\":\"https:\\\/\\\/notabene.world\\\/nb\\\/#organization\",\"name\":\"NOTABENE.WORLD\",\"url\":\"https:\\\/\\\/notabene.world\\\/nb\\\/\",\"logo\":{\"@type\":\"ImageObject\",\"inLanguage\":\"pl-PL\",\"@id\":\"https:\\\/\\\/notabene.world\\\/nb\\\/#\\\/schema\\\/logo\\\/image\\\/\",\"url\":\"https:\\\/\\\/notabene.world\\\/nb\\\/wp-content\\\/uploads\\\/2022\\\/01\\\/NB-club-start-www1.jpg\",\"contentUrl\":\"https:\\\/\\\/notabene.world\\\/nb\\\/wp-content\\\/uploads\\\/2022\\\/01\\\/NB-club-start-www1.jpg\",\"width\":1000,\"height\":839,\"caption\":\"NOTABENE.WORLD\"},\"image\":{\"@id\":\"https:\\\/\\\/notabene.world\\\/nb\\\/#\\\/schema\\\/logo\\\/image\\\/\"},\"sameAs\":[\"https:\\\/\\\/www.facebook.com\\\/Notabene.World\"]},{\"@type\":\"Person\",\"@id\":\"https:\\\/\\\/notabene.world\\\/nb\\\/#\\\/schema\\\/person\\\/890c5cc2bd0337867802bcca5ee56dee\",\"name\":\"Julian Tarnowski\",\"image\":{\"@type\":\"ImageObject\",\"inLanguage\":\"pl-PL\",\"@id\":\"https:\\\/\\\/secure.gravatar.com\\\/avatar\\\/151c2da0993f25c9e553bfa30b4da86942b5a68cf934473be0bc4dc52284b95b?s=96&d=mm&r=g\",\"url\":\"https:\\\/\\\/secure.gravatar.com\\\/avatar\\\/151c2da0993f25c9e553bfa30b4da86942b5a68cf934473be0bc4dc52284b95b?s=96&d=mm&r=g\",\"contentUrl\":\"https:\\\/\\\/secure.gravatar.com\\\/avatar\\\/151c2da0993f25c9e553bfa30b4da86942b5a68cf934473be0bc4dc52284b95b?s=96&d=mm&r=g\",\"caption\":\"Julian Tarnowski\"},\"sameAs\":[\"https:\\\/\\\/www.facebook.com\\\/profile.php?id=100014087373140\",\"https:\\\/\\\/www.instagram.com\\\/tarnowskiofficial\\\/\",\"https:\\\/\\\/x.com\\\/JulianTarnowsk1\"],\"url\":\"https:\\\/\\\/notabene.world\\\/nb\\\/author\\\/julian\\\/\"}]}<\/script>\n<!-- \/ Yoast SEO plugin. -->","yoast_head_json":{"title":"C\u00f3\u017c tam, panie, w polityce? #3 - NOTABENE.WORLD","robots":{"index":"index","follow":"follow","max-snippet":"max-snippet:-1","max-image-preview":"max-image-preview:large","max-video-preview":"max-video-preview:-1"},"canonical":"https:\/\/notabene.world\/nb\/coz-tam-panie-w-polityce-3\/","og_locale":"pl_PL","og_type":"article","og_title":"C\u00f3\u017c tam, panie, w polityce? #3 - NOTABENE.WORLD","og_description":"Obajtek wylatuje z Orlenu, Pomoc dla Ukrainy uchwalona, a w sejmie dyskusja o LGBT i Konwencji Stambulskiej. Prezes Orlenu zapowiada\u0142 w ubieg\u0142ym roku, \u017ce je\u015bli PiS przegra wybory, poda si\u0119 \"honorowo\" do dymisji. Cho\u0107 z du\u017cym op\u00f3\u017anieniem, to jednak s\u0142owa dotrzyma\u0142 i odda\u0142 si\u0119 w r\u0119ce nowej rady nadzorczej, kt\u00f3ra zdecydowa\u0142a o jego dymisji. Kt\u00f3\u017c by si\u0119 spodziewa\u0142... Nad Obajtkiem jednak wisz\u0105 czarne chmury. Coraz g\u0142o\u015bniej m\u00f3wi si\u0119 o dzia\u0142aniu na szkod\u0119 skarbu pa\u0144stwa i sprzeda\u017cy przez Orlen udzia\u0142\u00f3w Lotosu Arabii Saudyjskiej ze strat\u0105 7 MILIARD\u00d3W Z\u0141OTYCH. Spraw\u0105 zajmuje si\u0119 ju\u017c prokuratora, cho\u0107 na horyzoncie wida\u0107 jeszcze wiele mo\u017cliwych zarzut\u00f3w.  Warto odnotowa\u0107, \u017ce odwo\u0142anie dotychczasowego Prezesa gigantycznej SSP mia\u0142a swoje konsekwencje na... gie\u0142dzie - akcje Orlenu posz\u0142y zauwa\u017calnie w g\u00f3r\u0119. W grudniu (kiedy rozpocz\u0119\u0142y si\u0119 rozmowy akcesyjne UE z Ukrain\u0105) pojawi\u0142 si\u0119 projekt rewizji bud\u017cetu Unii, w kt\u00f3rym to m.in znajdowa\u0142o si\u0119 dodatkowe 50 miliard\u00f3w euro na pomoc Ukrainie, roz\u0142o\u017conej na 4 lata. Viktor Orban zawetowa\u0142 wtedy projekt. Swoj\u0105 decyzj\u0119 t\u0142umaczy\u0142 przede wszystkim obaw\u0105, \u017ce blokowane przez Komisj\u0119 Europejsk\u0105 pieni\u0105dze zamiast do W\u0119gier, trafi\u0105 na Ukrain\u0119. Wyra\u017ca\u0142 r\u00f3wnie\u017c zaniepokojenie kwesti\u0105 tego, jak wydawane s\u0105 te pieni\u0105dze i jak d\u0142ugo Ukraina jest w og\u00f3le finansowo wspierana.","og_url":"https:\/\/notabene.world\/nb\/coz-tam-panie-w-polityce-3\/","og_site_name":"NOTABENE.WORLD","article_publisher":"https:\/\/www.facebook.com\/Notabene.World","article_author":"https:\/\/www.facebook.com\/profile.php?id=100014087373140","article_published_time":"2024-02-03T21:47:00+00:00","article_modified_time":"2024-03-10T14:55:05+00:00","og_image":[{"width":800,"height":445,"url":"https:\/\/notabene.world\/nb\/wp-content\/uploads\/2024\/02\/jt3.jpg","type":"image\/jpeg"}],"author":"Julian Tarnowski","twitter_card":"summary_large_image","twitter_creator":"@JulianTarnowsk1","twitter_misc":{"Napisane przez":"Julian Tarnowski","Szacowany czas czytania":"3 minuty"},"schema":{"@context":"https:\/\/schema.org","@graph":[{"@type":"Article","@id":"https:\/\/notabene.world\/nb\/coz-tam-panie-w-polityce-3\/#article","isPartOf":{"@id":"https:\/\/notabene.world\/nb\/coz-tam-panie-w-polityce-3\/"},"author":{"name":"Julian Tarnowski","@id":"https:\/\/notabene.world\/nb\/#\/schema\/person\/890c5cc2bd0337867802bcca5ee56dee"},"headline":"C\u00f3\u017c tam, panie, w polityce? #3","datePublished":"2024-02-03T21:47:00+00:00","dateModified":"2024-03-10T14:55:05+00:00","mainEntityOfPage":{"@id":"https:\/\/notabene.world\/nb\/coz-tam-panie-w-polityce-3\/"},"wordCount":680,"publisher":{"@id":"https:\/\/notabene.world\/nb\/#organization"},"image":{"@id":"https:\/\/notabene.world\/nb\/coz-tam-panie-w-polityce-3\/#primaryimage"},"thumbnailUrl":"https:\/\/i0.wp.com\/notabene.world\/nb\/wp-content\/uploads\/2024\/02\/jt3.jpg?fit=800%2C445&ssl=1","keywords":["#polityka"],"articleSection":["Co tam panie w polityce?","Felietony","Polityka"],"inLanguage":"pl-PL"},{"@type":"WebPage","@id":"https:\/\/notabene.world\/nb\/coz-tam-panie-w-polityce-3\/","url":"https:\/\/notabene.world\/nb\/coz-tam-panie-w-polityce-3\/","name":"C\u00f3\u017c tam, panie, w polityce? #3 - NOTABENE.WORLD","isPartOf":{"@id":"https:\/\/notabene.world\/nb\/#website"},"primaryImageOfPage":{"@id":"https:\/\/notabene.world\/nb\/coz-tam-panie-w-polityce-3\/#primaryimage"},"image":{"@id":"https:\/\/notabene.world\/nb\/coz-tam-panie-w-polityce-3\/#primaryimage"},"thumbnailUrl":"https:\/\/i0.wp.com\/notabene.world\/nb\/wp-content\/uploads\/2024\/02\/jt3.jpg?fit=800%2C445&ssl=1","datePublished":"2024-02-03T21:47:00+00:00","dateModified":"2024-03-10T14:55:05+00:00","breadcrumb":{"@id":"https:\/\/notabene.world\/nb\/coz-tam-panie-w-polityce-3\/#breadcrumb"},"inLanguage":"pl-PL","potentialAction":[{"@type":"ReadAction","target":["https:\/\/notabene.world\/nb\/coz-tam-panie-w-polityce-3\/"]}]},{"@type":"ImageObject","inLanguage":"pl-PL","@id":"https:\/\/notabene.world\/nb\/coz-tam-panie-w-polityce-3\/#primaryimage","url":"https:\/\/i0.wp.com\/notabene.world\/nb\/wp-content\/uploads\/2024\/02\/jt3.jpg?fit=800%2C445&ssl=1","contentUrl":"https:\/\/i0.wp.com\/notabene.world\/nb\/wp-content\/uploads\/2024\/02\/jt3.jpg?fit=800%2C445&ssl=1","width":800,"height":445},{"@type":"BreadcrumbList","@id":"https:\/\/notabene.world\/nb\/coz-tam-panie-w-polityce-3\/#breadcrumb","itemListElement":[{"@type":"ListItem","position":1,"name":"Home","item":"https:\/\/notabene.world\/nb\/"},{"@type":"ListItem","position":2,"name":"C\u00f3\u017c tam, panie, w polityce? #3"}]},{"@type":"WebSite","@id":"https:\/\/notabene.world\/nb\/#website","url":"https:\/\/notabene.world\/nb\/","name":"NOTABENE.WORLD","description":"Przekaz. Warto\u015bci. Wsp\u00f3lnota.","publisher":{"@id":"https:\/\/notabene.world\/nb\/#organization"},"potentialAction":[{"@type":"SearchAction","target":{"@type":"EntryPoint","urlTemplate":"https:\/\/notabene.world\/nb\/?s={search_term_string}"},"query-input":{"@type":"PropertyValueSpecification","valueRequired":true,"valueName":"search_term_string"}}],"inLanguage":"pl-PL"},{"@type":"Organization","@id":"https:\/\/notabene.world\/nb\/#organization","name":"NOTABENE.WORLD","url":"https:\/\/notabene.world\/nb\/","logo":{"@type":"ImageObject","inLanguage":"pl-PL","@id":"https:\/\/notabene.world\/nb\/#\/schema\/logo\/image\/","url":"https:\/\/notabene.world\/nb\/wp-content\/uploads\/2022\/01\/NB-club-start-www1.jpg","contentUrl":"https:\/\/notabene.world\/nb\/wp-content\/uploads\/2022\/01\/NB-club-start-www1.jpg","width":1000,"height":839,"caption":"NOTABENE.WORLD"},"image":{"@id":"https:\/\/notabene.world\/nb\/#\/schema\/logo\/image\/"},"sameAs":["https:\/\/www.facebook.com\/Notabene.World"]},{"@type":"Person","@id":"https:\/\/notabene.world\/nb\/#\/schema\/person\/890c5cc2bd0337867802bcca5ee56dee","name":"Julian Tarnowski","image":{"@type":"ImageObject","inLanguage":"pl-PL","@id":"https:\/\/secure.gravatar.com\/avatar\/151c2da0993f25c9e553bfa30b4da86942b5a68cf934473be0bc4dc52284b95b?s=96&d=mm&r=g","url":"https:\/\/secure.gravatar.com\/avatar\/151c2da0993f25c9e553bfa30b4da86942b5a68cf934473be0bc4dc52284b95b?s=96&d=mm&r=g","contentUrl":"https:\/\/secure.gravatar.com\/avatar\/151c2da0993f25c9e553bfa30b4da86942b5a68cf934473be0bc4dc52284b95b?s=96&d=mm&r=g","caption":"Julian Tarnowski"},"sameAs":["https:\/\/www.facebook.com\/profile.php?id=100014087373140","https:\/\/www.instagram.com\/tarnowskiofficial\/","https:\/\/x.com\/JulianTarnowsk1"],"url":"https:\/\/notabene.world\/nb\/author\/julian\/"}]}},"jetpack_featured_media_url":"https:\/\/i0.wp.com\/notabene.world\/nb\/wp-content\/uploads\/2024\/02\/jt3.jpg?fit=800%2C445&ssl=1","jetpack_sharing_enabled":true,"jetpack_shortlink":"https:\/\/wp.me\/pdCobN-3eD","_links":{"self":[{"href":"https:\/\/notabene.world\/nb\/wp-json\/wp\/v2\/posts\/12439","targetHints":{"allow":["GET"]}}],"collection":[{"href":"https:\/\/notabene.world\/nb\/wp-json\/wp\/v2\/posts"}],"about":[{"href":"https:\/\/notabene.world\/nb\/wp-json\/wp\/v2\/types\/post"}],"author":[{"embeddable":true,"href":"https:\/\/notabene.world\/nb\/wp-json\/wp\/v2\/users\/6"}],"replies":[{"embeddable":true,"href":"https:\/\/notabene.world\/nb\/wp-json\/wp\/v2\/comments?post=12439"}],"version-history":[{"count":5,"href":"https:\/\/notabene.world\/nb\/wp-json\/wp\/v2\/posts\/12439\/revisions"}],"predecessor-version":[{"id":12482,"href":"https:\/\/notabene.world\/nb\/wp-json\/wp\/v2\/posts\/12439\/revisions\/12482"}],"wp:featuredmedia":[{"embeddable":true,"href":"https:\/\/notabene.world\/nb\/wp-json\/wp\/v2\/media\/12462"}],"wp:attachment":[{"href":"https:\/\/notabene.world\/nb\/wp-json\/wp\/v2\/media?parent=12439"}],"wp:term":[{"taxonomy":"category","embeddable":true,"href":"https:\/\/notabene.world\/nb\/wp-json\/wp\/v2\/categories?post=12439"},{"taxonomy":"post_tag","embeddable":true,"href":"https:\/\/notabene.world\/nb\/wp-json\/wp\/v2\/tags?post=12439"}],"curies":[{"name":"wp","href":"https:\/\/api.w.org\/{rel}","templated":true}]}}