{"id":1252,"date":"2022-01-25T21:02:02","date_gmt":"2022-01-25T20:02:02","guid":{"rendered":"https:\/\/notabene.world\/nb\/?p=1252"},"modified":"2022-02-08T06:30:03","modified_gmt":"2022-02-08T05:30:03","slug":"nauczanie-zdalne-powraca","status":"publish","type":"post","link":"https:\/\/notabene.world\/nb\/nauczanie-zdalne-powraca\/","title":{"rendered":"Nauczanie zdalne powraca"},"content":{"rendered":"\n<p>Na konferencji prasowej, kt\u00f3ra odby\u0142a si\u0119 25 stycznia o godzinie 18.30 Minister Edukacji i Nauki oraz G\u0142\u00f3wny Inspektor Sanitarny zabrali g\u0142os w sprawie nauczania zdalnego. <\/p>\n\n\n\n<p><em>&#8222;Ws\u0142uchuj\u0105c si\u0119 w apele i g\u0142os s\u0142u\u017cb sanitarnych, analizuj\u0105c dane z wczoraj i z dzi\u015b, musieli\u015bmy podj\u0105\u0107 decyzj\u0119 o ograniczeniu nauki stacjonarnej i wprowadzeniu nauki zdalnej do ko\u0144ca ferii zimowych. Jutro b\u0119dzie podpisane i b\u0119dzie obowi\u0105zywa\u0107 od czwartku&#8221;<\/em> powiedzia\u0142 minister Przemys\u0142aw Czarnek.<\/p>\n\n\n\n<figure class=\"wp-block-image size-large\"><img data-recalc-dims=\"1\" loading=\"lazy\" decoding=\"async\" width=\"800\" height=\"525\" src=\"https:\/\/i0.wp.com\/notabene.world\/nb\/wp-content\/uploads\/2022\/01\/IMG_BB2907EC8F43-1.jpeg?resize=800%2C525&#038;ssl=1\" alt=\"\" class=\"wp-image-1254\" srcset=\"https:\/\/i0.wp.com\/notabene.world\/nb\/wp-content\/uploads\/2022\/01\/IMG_BB2907EC8F43-1.jpeg?resize=1024%2C672&amp;ssl=1 1024w, https:\/\/i0.wp.com\/notabene.world\/nb\/wp-content\/uploads\/2022\/01\/IMG_BB2907EC8F43-1.jpeg?resize=300%2C197&amp;ssl=1 300w, https:\/\/i0.wp.com\/notabene.world\/nb\/wp-content\/uploads\/2022\/01\/IMG_BB2907EC8F43-1.jpeg?resize=768%2C504&amp;ssl=1 768w, https:\/\/i0.wp.com\/notabene.world\/nb\/wp-content\/uploads\/2022\/01\/IMG_BB2907EC8F43-1.jpeg?w=1197&amp;ssl=1 1197w\" sizes=\"auto, (max-width: 800px) 100vw, 800px\" \/><\/figure>\n\n\n\n<p>Od czwartku, 27 stycznia uczniowe klas podstawowych 5-8 oraz szk\u00f3\u0142 ponadpodstawowych obowi\u0105zuj\u0105 e-lekcje. W tym okresie maturzy\u015bci b\u0119d\u0105 mieli mo\u017cliwo\u015b\u0107 spotykania si\u0119 w plac\u00f3wkach szkolnych na konsultacjach indywidualnych i grupowych. Otwarte pozostan\u0105 bursy, a uczniowie szk\u00f3\u0142 zawodowych nie musz\u0105 martwi\u0107 si\u0119&nbsp;o zaniechanie praktyk. <\/p>\n\n\n\n<p><em>&#8222;Wszystko to jest podyktowane wzrastaj\u0105cymi niestety przypadkami zachorowa\u0144 na Coronavirusa. To jest pow\u00f3d, dla kt\u00f3rego musimy ograniczy\u0107 nauk\u0119 stacjonarn\u0105&#8221; <\/em>obwie\u015bci\u0142 minister Czarnek w Sejmie. <em>&#8222;Szko\u0142y specjalne same b\u0119d\u0105&nbsp;decydowa\u0107 wraz z rodzicami czy b\u0119d\u0105 kontynuowa\u0107 nauk\u0119 stacjonarn\u0105 czy te\u017c przechodz\u0105&nbsp;na nauk\u0119 zdaln\u0105.&#8221;<\/em><\/p>\n\n\n\n<p><\/p>\n","protected":false},"excerpt":{"rendered":"<p>Na konferencji prasowej, kt\u00f3ra odby\u0142a si\u0119 25 stycznia o godzinie 18.30 Minister Edukacji i Nauki oraz G\u0142\u00f3wny Inspektor Sanitarny zabrali g\u0142os w sprawie nauczania zdalnego.<\/p>\n","protected":false},"author":4,"featured_media":1316,"comment_status":"closed","ping_status":"closed","sticky":false,"template":"","format":"standard","meta":{"colormag_page_container_layout":"default_layout","colormag_page_sidebar_layout":"default_layout","_jetpack_memberships_contains_paid_content":false,"footnotes":"","_links_to":"","_links_to_target":""},"categories":[12,110],"tags":[58,55,57],"class_list":["post-1252","post","type-post","status-publish","format-standard","has-post-thumbnail","hentry","category-spoleczenstwo","category-spoleczenstwo-2","tag-mein","tag-spoleczenstwo","tag-zdalne-2"],"yoast_head":"<!-- This site is optimized with the Yoast SEO plugin v27.5 - https:\/\/yoast.com\/product\/yoast-seo-wordpress\/ -->\n<title>Nauczanie zdalne powraca - NOTABENE.WORLD<\/title>\n<meta name=\"robots\" content=\"index, follow, max-snippet:-1, max-image-preview:large, max-video-preview:-1\" \/>\n<link rel=\"canonical\" href=\"https:\/\/notabene.world\/nb\/nauczanie-zdalne-powraca\/\" \/>\n<meta property=\"og:locale\" content=\"pl_PL\" \/>\n<meta property=\"og:type\" content=\"article\" \/>\n<meta property=\"og:title\" content=\"Nauczanie zdalne powraca - NOTABENE.WORLD\" \/>\n<meta property=\"og:description\" content=\"Na konferencji prasowej, kt\u00f3ra odby\u0142a si\u0119 25 stycznia o godzinie 18.30 Minister Edukacji i Nauki oraz G\u0142\u00f3wny Inspektor Sanitarny zabrali g\u0142os w sprawie nauczania zdalnego.\" \/>\n<meta property=\"og:url\" content=\"https:\/\/notabene.world\/nb\/nauczanie-zdalne-powraca\/\" \/>\n<meta property=\"og:site_name\" content=\"NOTABENE.WORLD\" \/>\n<meta property=\"article:publisher\" content=\"https:\/\/www.facebook.com\/Notabene.World\" \/>\n<meta property=\"article:published_time\" content=\"2022-01-25T20:02:02+00:00\" \/>\n<meta property=\"article:modified_time\" content=\"2022-02-08T05:30:03+00:00\" \/>\n<meta property=\"og:image\" content=\"https:\/\/notabene.world\/nb\/wp-content\/uploads\/2022\/01\/zdal.jpg\" \/>\n\t<meta property=\"og:image:width\" content=\"800\" \/>\n\t<meta property=\"og:image:height\" content=\"445\" \/>\n\t<meta property=\"og:image:type\" content=\"image\/jpeg\" \/>\n<meta name=\"author\" content=\"Wiktoria S\u0119k\" \/>\n<meta name=\"twitter:card\" content=\"summary_large_image\" \/>\n<meta name=\"twitter:label1\" content=\"Napisane przez\" \/>\n\t<meta name=\"twitter:data1\" content=\"Wiktoria S\u0119k\" \/>\n\t<meta name=\"twitter:label2\" content=\"Szacowany czas czytania\" \/>\n\t<meta name=\"twitter:data2\" content=\"2 minuty\" \/>\n<script type=\"application\/ld+json\" class=\"yoast-schema-graph\">{\"@context\":\"https:\\\/\\\/schema.org\",\"@graph\":[{\"@type\":\"Article\",\"@id\":\"https:\\\/\\\/notabene.world\\\/nb\\\/nauczanie-zdalne-powraca\\\/#article\",\"isPartOf\":{\"@id\":\"https:\\\/\\\/notabene.world\\\/nb\\\/nauczanie-zdalne-powraca\\\/\"},\"author\":{\"name\":\"Wiktoria S\u0119k\",\"@id\":\"https:\\\/\\\/notabene.world\\\/nb\\\/#\\\/schema\\\/person\\\/f0c564b35774612eb9d01411cf7db155\"},\"headline\":\"Nauczanie zdalne powraca\",\"datePublished\":\"2022-01-25T20:02:02+00:00\",\"dateModified\":\"2022-02-08T05:30:03+00:00\",\"mainEntityOfPage\":{\"@id\":\"https:\\\/\\\/notabene.world\\\/nb\\\/nauczanie-zdalne-powraca\\\/\"},\"wordCount\":185,\"publisher\":{\"@id\":\"https:\\\/\\\/notabene.world\\\/nb\\\/#organization\"},\"image\":{\"@id\":\"https:\\\/\\\/notabene.world\\\/nb\\\/nauczanie-zdalne-powraca\\\/#primaryimage\"},\"thumbnailUrl\":\"https:\\\/\\\/i0.wp.com\\\/notabene.world\\\/nb\\\/wp-content\\\/uploads\\\/2022\\\/01\\\/zdal.jpg?fit=800%2C445&ssl=1\",\"keywords\":[\"#MEiN\",\"#spo\u0142ecze\u0144stwo\",\"#zdalne\"],\"articleSection\":[\"Nasz \u015awiat\",\"Spo\u0142ecze\u0144stwo\"],\"inLanguage\":\"pl-PL\"},{\"@type\":\"WebPage\",\"@id\":\"https:\\\/\\\/notabene.world\\\/nb\\\/nauczanie-zdalne-powraca\\\/\",\"url\":\"https:\\\/\\\/notabene.world\\\/nb\\\/nauczanie-zdalne-powraca\\\/\",\"name\":\"Nauczanie zdalne powraca - NOTABENE.WORLD\",\"isPartOf\":{\"@id\":\"https:\\\/\\\/notabene.world\\\/nb\\\/#website\"},\"primaryImageOfPage\":{\"@id\":\"https:\\\/\\\/notabene.world\\\/nb\\\/nauczanie-zdalne-powraca\\\/#primaryimage\"},\"image\":{\"@id\":\"https:\\\/\\\/notabene.world\\\/nb\\\/nauczanie-zdalne-powraca\\\/#primaryimage\"},\"thumbnailUrl\":\"https:\\\/\\\/i0.wp.com\\\/notabene.world\\\/nb\\\/wp-content\\\/uploads\\\/2022\\\/01\\\/zdal.jpg?fit=800%2C445&ssl=1\",\"datePublished\":\"2022-01-25T20:02:02+00:00\",\"dateModified\":\"2022-02-08T05:30:03+00:00\",\"breadcrumb\":{\"@id\":\"https:\\\/\\\/notabene.world\\\/nb\\\/nauczanie-zdalne-powraca\\\/#breadcrumb\"},\"inLanguage\":\"pl-PL\",\"potentialAction\":[{\"@type\":\"ReadAction\",\"target\":[\"https:\\\/\\\/notabene.world\\\/nb\\\/nauczanie-zdalne-powraca\\\/\"]}]},{\"@type\":\"ImageObject\",\"inLanguage\":\"pl-PL\",\"@id\":\"https:\\\/\\\/notabene.world\\\/nb\\\/nauczanie-zdalne-powraca\\\/#primaryimage\",\"url\":\"https:\\\/\\\/i0.wp.com\\\/notabene.world\\\/nb\\\/wp-content\\\/uploads\\\/2022\\\/01\\\/zdal.jpg?fit=800%2C445&ssl=1\",\"contentUrl\":\"https:\\\/\\\/i0.wp.com\\\/notabene.world\\\/nb\\\/wp-content\\\/uploads\\\/2022\\\/01\\\/zdal.jpg?fit=800%2C445&ssl=1\",\"width\":800,\"height\":445},{\"@type\":\"BreadcrumbList\",\"@id\":\"https:\\\/\\\/notabene.world\\\/nb\\\/nauczanie-zdalne-powraca\\\/#breadcrumb\",\"itemListElement\":[{\"@type\":\"ListItem\",\"position\":1,\"name\":\"Home\",\"item\":\"https:\\\/\\\/notabene.world\\\/nb\\\/\"},{\"@type\":\"ListItem\",\"position\":2,\"name\":\"Nauczanie zdalne powraca\"}]},{\"@type\":\"WebSite\",\"@id\":\"https:\\\/\\\/notabene.world\\\/nb\\\/#website\",\"url\":\"https:\\\/\\\/notabene.world\\\/nb\\\/\",\"name\":\"NOTABENE.WORLD\",\"description\":\"Przekaz. Warto\u015bci. Wsp\u00f3lnota.\",\"publisher\":{\"@id\":\"https:\\\/\\\/notabene.world\\\/nb\\\/#organization\"},\"potentialAction\":[{\"@type\":\"SearchAction\",\"target\":{\"@type\":\"EntryPoint\",\"urlTemplate\":\"https:\\\/\\\/notabene.world\\\/nb\\\/?s={search_term_string}\"},\"query-input\":{\"@type\":\"PropertyValueSpecification\",\"valueRequired\":true,\"valueName\":\"search_term_string\"}}],\"inLanguage\":\"pl-PL\"},{\"@type\":\"Organization\",\"@id\":\"https:\\\/\\\/notabene.world\\\/nb\\\/#organization\",\"name\":\"NOTABENE.WORLD\",\"url\":\"https:\\\/\\\/notabene.world\\\/nb\\\/\",\"logo\":{\"@type\":\"ImageObject\",\"inLanguage\":\"pl-PL\",\"@id\":\"https:\\\/\\\/notabene.world\\\/nb\\\/#\\\/schema\\\/logo\\\/image\\\/\",\"url\":\"https:\\\/\\\/notabene.world\\\/nb\\\/wp-content\\\/uploads\\\/2022\\\/01\\\/NB-club-start-www1.jpg\",\"contentUrl\":\"https:\\\/\\\/notabene.world\\\/nb\\\/wp-content\\\/uploads\\\/2022\\\/01\\\/NB-club-start-www1.jpg\",\"width\":1000,\"height\":839,\"caption\":\"NOTABENE.WORLD\"},\"image\":{\"@id\":\"https:\\\/\\\/notabene.world\\\/nb\\\/#\\\/schema\\\/logo\\\/image\\\/\"},\"sameAs\":[\"https:\\\/\\\/www.facebook.com\\\/Notabene.World\"]},{\"@type\":\"Person\",\"@id\":\"https:\\\/\\\/notabene.world\\\/nb\\\/#\\\/schema\\\/person\\\/f0c564b35774612eb9d01411cf7db155\",\"name\":\"Wiktoria S\u0119k\",\"image\":{\"@type\":\"ImageObject\",\"inLanguage\":\"pl-PL\",\"@id\":\"https:\\\/\\\/secure.gravatar.com\\\/avatar\\\/06090a995bb3a0f3689d57f910a642c6bc8f38e52120867ff3015b7ac22dcb80?s=96&d=mm&r=g\",\"url\":\"https:\\\/\\\/secure.gravatar.com\\\/avatar\\\/06090a995bb3a0f3689d57f910a642c6bc8f38e52120867ff3015b7ac22dcb80?s=96&d=mm&r=g\",\"contentUrl\":\"https:\\\/\\\/secure.gravatar.com\\\/avatar\\\/06090a995bb3a0f3689d57f910a642c6bc8f38e52120867ff3015b7ac22dcb80?s=96&d=mm&r=g\",\"caption\":\"Wiktoria S\u0119k\"},\"url\":\"https:\\\/\\\/notabene.world\\\/nb\\\/author\\\/wiktoria\\\/\"}]}<\/script>\n<!-- \/ Yoast SEO plugin. -->","yoast_head_json":{"title":"Nauczanie zdalne powraca - NOTABENE.WORLD","robots":{"index":"index","follow":"follow","max-snippet":"max-snippet:-1","max-image-preview":"max-image-preview:large","max-video-preview":"max-video-preview:-1"},"canonical":"https:\/\/notabene.world\/nb\/nauczanie-zdalne-powraca\/","og_locale":"pl_PL","og_type":"article","og_title":"Nauczanie zdalne powraca - NOTABENE.WORLD","og_description":"Na konferencji prasowej, kt\u00f3ra odby\u0142a si\u0119 25 stycznia o godzinie 18.30 Minister Edukacji i Nauki oraz G\u0142\u00f3wny Inspektor Sanitarny zabrali g\u0142os w sprawie nauczania zdalnego.","og_url":"https:\/\/notabene.world\/nb\/nauczanie-zdalne-powraca\/","og_site_name":"NOTABENE.WORLD","article_publisher":"https:\/\/www.facebook.com\/Notabene.World","article_published_time":"2022-01-25T20:02:02+00:00","article_modified_time":"2022-02-08T05:30:03+00:00","og_image":[{"width":800,"height":445,"url":"https:\/\/notabene.world\/nb\/wp-content\/uploads\/2022\/01\/zdal.jpg","type":"image\/jpeg"}],"author":"Wiktoria S\u0119k","twitter_card":"summary_large_image","twitter_misc":{"Napisane przez":"Wiktoria S\u0119k","Szacowany czas czytania":"2 minuty"},"schema":{"@context":"https:\/\/schema.org","@graph":[{"@type":"Article","@id":"https:\/\/notabene.world\/nb\/nauczanie-zdalne-powraca\/#article","isPartOf":{"@id":"https:\/\/notabene.world\/nb\/nauczanie-zdalne-powraca\/"},"author":{"name":"Wiktoria S\u0119k","@id":"https:\/\/notabene.world\/nb\/#\/schema\/person\/f0c564b35774612eb9d01411cf7db155"},"headline":"Nauczanie zdalne powraca","datePublished":"2022-01-25T20:02:02+00:00","dateModified":"2022-02-08T05:30:03+00:00","mainEntityOfPage":{"@id":"https:\/\/notabene.world\/nb\/nauczanie-zdalne-powraca\/"},"wordCount":185,"publisher":{"@id":"https:\/\/notabene.world\/nb\/#organization"},"image":{"@id":"https:\/\/notabene.world\/nb\/nauczanie-zdalne-powraca\/#primaryimage"},"thumbnailUrl":"https:\/\/i0.wp.com\/notabene.world\/nb\/wp-content\/uploads\/2022\/01\/zdal.jpg?fit=800%2C445&ssl=1","keywords":["#MEiN","#spo\u0142ecze\u0144stwo","#zdalne"],"articleSection":["Nasz \u015awiat","Spo\u0142ecze\u0144stwo"],"inLanguage":"pl-PL"},{"@type":"WebPage","@id":"https:\/\/notabene.world\/nb\/nauczanie-zdalne-powraca\/","url":"https:\/\/notabene.world\/nb\/nauczanie-zdalne-powraca\/","name":"Nauczanie zdalne powraca - NOTABENE.WORLD","isPartOf":{"@id":"https:\/\/notabene.world\/nb\/#website"},"primaryImageOfPage":{"@id":"https:\/\/notabene.world\/nb\/nauczanie-zdalne-powraca\/#primaryimage"},"image":{"@id":"https:\/\/notabene.world\/nb\/nauczanie-zdalne-powraca\/#primaryimage"},"thumbnailUrl":"https:\/\/i0.wp.com\/notabene.world\/nb\/wp-content\/uploads\/2022\/01\/zdal.jpg?fit=800%2C445&ssl=1","datePublished":"2022-01-25T20:02:02+00:00","dateModified":"2022-02-08T05:30:03+00:00","breadcrumb":{"@id":"https:\/\/notabene.world\/nb\/nauczanie-zdalne-powraca\/#breadcrumb"},"inLanguage":"pl-PL","potentialAction":[{"@type":"ReadAction","target":["https:\/\/notabene.world\/nb\/nauczanie-zdalne-powraca\/"]}]},{"@type":"ImageObject","inLanguage":"pl-PL","@id":"https:\/\/notabene.world\/nb\/nauczanie-zdalne-powraca\/#primaryimage","url":"https:\/\/i0.wp.com\/notabene.world\/nb\/wp-content\/uploads\/2022\/01\/zdal.jpg?fit=800%2C445&ssl=1","contentUrl":"https:\/\/i0.wp.com\/notabene.world\/nb\/wp-content\/uploads\/2022\/01\/zdal.jpg?fit=800%2C445&ssl=1","width":800,"height":445},{"@type":"BreadcrumbList","@id":"https:\/\/notabene.world\/nb\/nauczanie-zdalne-powraca\/#breadcrumb","itemListElement":[{"@type":"ListItem","position":1,"name":"Home","item":"https:\/\/notabene.world\/nb\/"},{"@type":"ListItem","position":2,"name":"Nauczanie zdalne powraca"}]},{"@type":"WebSite","@id":"https:\/\/notabene.world\/nb\/#website","url":"https:\/\/notabene.world\/nb\/","name":"NOTABENE.WORLD","description":"Przekaz. Warto\u015bci. Wsp\u00f3lnota.","publisher":{"@id":"https:\/\/notabene.world\/nb\/#organization"},"potentialAction":[{"@type":"SearchAction","target":{"@type":"EntryPoint","urlTemplate":"https:\/\/notabene.world\/nb\/?s={search_term_string}"},"query-input":{"@type":"PropertyValueSpecification","valueRequired":true,"valueName":"search_term_string"}}],"inLanguage":"pl-PL"},{"@type":"Organization","@id":"https:\/\/notabene.world\/nb\/#organization","name":"NOTABENE.WORLD","url":"https:\/\/notabene.world\/nb\/","logo":{"@type":"ImageObject","inLanguage":"pl-PL","@id":"https:\/\/notabene.world\/nb\/#\/schema\/logo\/image\/","url":"https:\/\/notabene.world\/nb\/wp-content\/uploads\/2022\/01\/NB-club-start-www1.jpg","contentUrl":"https:\/\/notabene.world\/nb\/wp-content\/uploads\/2022\/01\/NB-club-start-www1.jpg","width":1000,"height":839,"caption":"NOTABENE.WORLD"},"image":{"@id":"https:\/\/notabene.world\/nb\/#\/schema\/logo\/image\/"},"sameAs":["https:\/\/www.facebook.com\/Notabene.World"]},{"@type":"Person","@id":"https:\/\/notabene.world\/nb\/#\/schema\/person\/f0c564b35774612eb9d01411cf7db155","name":"Wiktoria S\u0119k","image":{"@type":"ImageObject","inLanguage":"pl-PL","@id":"https:\/\/secure.gravatar.com\/avatar\/06090a995bb3a0f3689d57f910a642c6bc8f38e52120867ff3015b7ac22dcb80?s=96&d=mm&r=g","url":"https:\/\/secure.gravatar.com\/avatar\/06090a995bb3a0f3689d57f910a642c6bc8f38e52120867ff3015b7ac22dcb80?s=96&d=mm&r=g","contentUrl":"https:\/\/secure.gravatar.com\/avatar\/06090a995bb3a0f3689d57f910a642c6bc8f38e52120867ff3015b7ac22dcb80?s=96&d=mm&r=g","caption":"Wiktoria S\u0119k"},"url":"https:\/\/notabene.world\/nb\/author\/wiktoria\/"}]}},"jetpack_featured_media_url":"https:\/\/i0.wp.com\/notabene.world\/nb\/wp-content\/uploads\/2022\/01\/zdal.jpg?fit=800%2C445&ssl=1","jetpack_sharing_enabled":true,"jetpack_shortlink":"https:\/\/wp.me\/pdCobN-kc","_links":{"self":[{"href":"https:\/\/notabene.world\/nb\/wp-json\/wp\/v2\/posts\/1252","targetHints":{"allow":["GET"]}}],"collection":[{"href":"https:\/\/notabene.world\/nb\/wp-json\/wp\/v2\/posts"}],"about":[{"href":"https:\/\/notabene.world\/nb\/wp-json\/wp\/v2\/types\/post"}],"author":[{"embeddable":true,"href":"https:\/\/notabene.world\/nb\/wp-json\/wp\/v2\/users\/4"}],"replies":[{"embeddable":true,"href":"https:\/\/notabene.world\/nb\/wp-json\/wp\/v2\/comments?post=1252"}],"version-history":[{"count":4,"href":"https:\/\/notabene.world\/nb\/wp-json\/wp\/v2\/posts\/1252\/revisions"}],"predecessor-version":[{"id":1319,"href":"https:\/\/notabene.world\/nb\/wp-json\/wp\/v2\/posts\/1252\/revisions\/1319"}],"wp:featuredmedia":[{"embeddable":true,"href":"https:\/\/notabene.world\/nb\/wp-json\/wp\/v2\/media\/1316"}],"wp:attachment":[{"href":"https:\/\/notabene.world\/nb\/wp-json\/wp\/v2\/media?parent=1252"}],"wp:term":[{"taxonomy":"category","embeddable":true,"href":"https:\/\/notabene.world\/nb\/wp-json\/wp\/v2\/categories?post=1252"},{"taxonomy":"post_tag","embeddable":true,"href":"https:\/\/notabene.world\/nb\/wp-json\/wp\/v2\/tags?post=1252"}],"curies":[{"name":"wp","href":"https:\/\/api.w.org\/{rel}","templated":true}]}}