{"id":12665,"date":"2024-03-23T02:20:00","date_gmt":"2024-03-23T01:20:00","guid":{"rendered":"https:\/\/notabene.world\/nb\/?p=12665"},"modified":"2024-04-13T18:40:14","modified_gmt":"2024-04-13T16:40:14","slug":"xxxii-tydzien-kultury-jezyka-polskiego-w-wojewodztwie-swietokrzyskim","status":"publish","type":"post","link":"https:\/\/notabene.world\/nb\/xxxii-tydzien-kultury-jezyka-polskiego-w-wojewodztwie-swietokrzyskim\/","title":{"rendered":"XXXII Tydzie\u0144 Kultury J\u0119zyka Polskiego w Wojew\u00f3dztwie \u015awi\u0119tokrzyskim"},"content":{"rendered":"\n<p>XXXII TYDZIE\u0143 KULTURY J\u0118ZYKA W WOJEW\u00d3DZTWIE \u015aWI\u0118TOKRZYSKIM<\/p>\n\n\n\n<p>Zako\u0144czy\u0142 si\u0119 w\u0142a\u015bnie XXXII Tydzie\u0144 Kultury J\u0119zyka. Jest to impreza, kt\u00f3r\u0105 32 lata temu zainicjowa\u0142 m\u00f3j nauczyciel, a potem kolega z Instytutu Filologii Polskiej, dr Janusz Wr\u00f3blewski. Pami\u0119tam, \u017ce prawie wszystkie kieleckie szko\u0142y bra\u0142y udzia\u0142 w dyktandzie i konkursie krasom\u00f3wczym, a dr Wr\u00f3blewski s\u0142yn\u0105\u0142 z wymy\u015blania niezwykle oryginalnych i zabawnych temat\u00f3w wyst\u0105pie\u0144 publicznych.&nbsp;<\/p>\n\n\n\n<p>Niebawem do organizacji wydarze\u0144 do\u0142\u0105czy\u0142a Lidia Pasich, a od kilku lat r\u00f3wnie\u017c ja mam przyjemno\u015b\u0107 odpowiada\u0107 za program i przebieg TKJ. Przez lata Tydzie\u0144 zyskiwa\u0142 coraz wi\u0119ksz\u0105 popularno\u015b\u0107 i sta\u0142 si\u0119 wydarzeniem znanym w ca\u0142ym wojew\u00f3dztwie \u015bwi\u0119tokrzyskim (a nawet poza nim: w 2021 roku prowadzony by\u0142 zdalnie:&nbsp;<a href=\"https:\/\/obserwatorium-mlodziezy.ujk.edu.pl\/haslo\/jezyk-mlodziezowy-a-norma-jezykowa\/\">https:\/\/obserwatorium-mlodziezy.ujk.edu.pl\/haslo\/jezyk-mlodziezowy-a-norma-jezykowa\/<\/a>;&nbsp;<a href=\"https:\/\/obserwatorium-mlodziezy.ujk.edu.pl\/haslo\/jezyk-i-subkultury-mlodziezowe\/\">https:\/\/obserwatorium-mlodziezy.ujk.edu.pl\/haslo\/jezyk-i-subkultury-mlodziezowe\/<\/a>;&nbsp;<a href=\"https:\/\/obserwatorium-mlodziezy.ujk.edu.pl\/haslo\/mlode-slowa-i-nowe-media-debata-o-nowych-trendach-w-jezyku-i-kulturze\/\">https:\/\/obserwatorium-mlodziezy.ujk.edu.pl\/haslo\/mlode-slowa-i-nowe-media-debata-o-nowych-trendach-w-jezyku-i-kulturze\/<\/a>;&nbsp;<a href=\"https:\/\/obserwatorium-mlodziezy.ujk.edu.pl\/haslo\/slownictwo-mlodziezowe-geneza-historia-i-tendencje-rozwojowe\/\">https:\/\/obserwatorium-mlodziezy.ujk.edu.pl\/haslo\/slownictwo-mlodziezowe-geneza-historia-i-tendencje-rozwojowe\/<\/a>;<a href=\"https:\/\/obserwatorium-mlodziezy.ujk.edu.pl\/haslo\/czy-wspolczesny-jezyk-mlodziezy-jest-kodem-ograniczonym\/\">https:\/\/obserwatorium-mlodziezy.ujk.edu.pl\/haslo\/czy-wspolczesny-jezyk-mlodziezy-jest-kodem-ograniczonym\/<\/a>&nbsp;).&nbsp;<\/p>\n\n\n\n<p>&nbsp;&nbsp;&nbsp;&nbsp;&nbsp;&nbsp;&nbsp;&nbsp;&nbsp;Jak wskazuj\u0105 eksperci RJP PAN (<a href=\"https:\/\/rjp.pan.pl\/images\/stories\/sonda%C5%BC_dzie%C5%84_j%C4%99zyka_ojczystego.pdf\">https:\/\/rjp.pan.pl\/images\/stories\/sonda%C5%BC_dzie%C5%84_j%C4%99zyka_ojczystego.pdf<\/a>&nbsp;), Polacy ch\u0119tnie rozmawiaj\u0105 o j\u0119zyku (a\u017c 38% k\u0142\u00f3ci si\u0119 o kwestie j\u0119zykowe) i lubi\u0105 polszczyzn\u0119, chocia\u017c uwa\u017caj\u0105, \u017ce j\u0119zyk polski nale\u017cy do najtrudniejszych j\u0119zyk\u00f3w \u015bwiata (45%). Okazuje si\u0119, \u017ce podoba nam si\u0119 brzmienie polszczyzny (80%), zw\u0142aszcza za\u015b to, \u017ce j\u0119zyk pi\u0119knie szumi i szele\u015bci.&nbsp;<\/p>\n\n\n\n<p>Kochamy te\u017c ortografi\u0119! Tu niespodzianka! A\u017c 68% ankietowanych lubi \u201ekropeczki\u201d i kreseczki\u201d, kt\u00f3re odr\u00f3\u017cniaj\u0105 \u201eo\u201d od \u201eu\u201d, mniej zwolennik\u00f3w ma rozr\u00f3\u017cnienie mi\u0119dzy \u201e\u017c\u201d a \u201erz\u201d. Nie znamy (jeszcze) bada\u0144 dotycz\u0105cych mi\u0142o\u015bnik\u00f3w \u201ech\u201d i \u201eh\u201d.&nbsp;&nbsp;A szkoda!<\/p>\n\n\n\n<p>&nbsp;&nbsp;&nbsp;&nbsp;&nbsp;&nbsp;&nbsp;&nbsp;&nbsp;Od trzech lat w Tygodniu uczestnicz\u0105 kieleccy studenci. Bior\u0105 udzia\u0142 w \u201e\u015awi\u0119tokrzyskim Dyktandzie Akademickim\u201d i w konkursie \u201e\u015awi\u0119tokrzyski Akademicki Mistrz Mowy Polskiej\u201d (pod patronatem programu spo\u0142ecznego Mistrz Mowy Polskiej).&nbsp;<\/p>\n\n\n\n<p>Czy polska ortografia jest \u0142atwa? Przekonajmy si\u0119. Poni\u017cej (dla wszystkich wielbicieli polszczyzny) zamieszczam tekst III \u015awi\u0119tokrzyskiego Dyktanda Akademickiego. Zach\u0119cam do zaimponowania przyjacio\u0142om i znajomym. Wystarczy podyktowa\u0107. Sukces towarzyski murowany!&nbsp;\ud83d\ude0a<\/p>\n\n\n\n<div class=\"wp-block-group is-content-justification-center is-layout-constrained wp-block-group-is-layout-constrained\">\n<div class=\"wp-block-group is-vertical is-content-justification-stretch is-layout-flex wp-container-core-group-is-layout-353c4f5a wp-block-group-is-layout-flex\">\n<p> <strong><em><mark style=\"background-color:#0693e3\" class=\"has-inline-color has-white-color\"> M\u0119ki procesu tw\u00f3rczego <\/mark><\/em>&nbsp;<\/strong><br><em>Och, jaka\u017c to m\u0119ka, jakie\u017c straszliwe katusze! O czym\u017ce mo\u017cna by napisa\u0107 dyktando? Gdy tu\u017cpoweekendowe supernatchnienie czmychn\u0119\u0142o nie wiedzie\u0107 gdzie, w hipermarketach hordy klient\u00f3w czyhaj\u0105cych na ekstraokazje, a cotygodniowa megahar\u00f3wka bezlito\u015bnie \u0142amie hart mojego ducha. Ju\u017c chyba wola\u0142abym krzesa\u0107 ho\u0142ubce w mazurze lub uprawia\u0107 capoeir\u0119 w pseudosk\u00f3rzanych ci\u017cmach z chromowanymi okuciami! Co jest lepsze?&nbsp;<\/em><\/p>\n\n\n\n<p><br><em>Opowie\u015b\u0107 o chy\u017cym charcie, kt\u00f3ry raz-dwa przebi\u0142 si\u0119 przez sczernia\u0142y b\u00f3r i w okamgnieniu znikn\u0105\u0142 na horyzoncie? Czy o hasaj\u0105cej w nieprzeniknionych chaszczach g\u017ceg\u017c\u00f3\u0142ce, handrycz\u0105cej si\u0119 nieprzerwanie z hu\u015btaj\u0105c\u0105 si\u0119 na ga\u0142\u0119zi, rozczochran\u0105 pieg\u017c\u0105? A mo\u017ce o rz\u0119\u017c\u0105cym w\u015br\u00f3d&nbsp;&nbsp;chaosu i harmidru ponaddwudziestoip\u00f3\u0142letnim ho\u017cym huncwocie z Grzegrz\u00f3\u0142ek w p\u00f3\u0142jedwabnych hajdawerach, p\u00f3\u0142 \u0141emku, p\u00f3\u0142 Hucule? Zapewne niekt\u00f3rzy ch\u0119tnie us\u0142yszeliby o rozchichotanej kielczance [mieszkanka miasta], odzianej w bia\u0142o-zielon\u0105 niby-sukienk\u0119 \u00e0 la Chanel ze zwiewnej \u017cor\u017cety, s\u0142uchaj\u0105cej jazzu, zw\u0142aszcza bossa novy, z wolna s\u0105cz\u0105cej lekko zmro\u017cone chardonnay z przezacnej pi\u0144czowskiej winnicy.<\/em><\/p>\n\n\n\n<p><br><em>Jedno jest pewne! Wszyscy, kt\u00f3rzy na przek\u00f3r wszechpot\u0119\u017cnym hiperprzeszkodom zmagaj\u0105 si\u0119 z polsk\u0105 ortografi\u0105, powinni by\u0107 z siebie dumni, chapeau bas!<\/em><\/p>\n<\/div>\n<\/div>\n\n\n\n<figure class=\"wp-block-image aligncenter size-full\"><img data-recalc-dims=\"1\" loading=\"lazy\" decoding=\"async\" width=\"800\" height=\"445\" src=\"https:\/\/i0.wp.com\/notabene.world\/nb\/wp-content\/uploads\/2024\/03\/mm-dyk2-ujk.jpg?resize=800%2C445&#038;ssl=1\" alt=\"\" class=\"wp-image-12672\" srcset=\"https:\/\/i0.wp.com\/notabene.world\/nb\/wp-content\/uploads\/2024\/03\/mm-dyk2-ujk.jpg?w=800&amp;ssl=1 800w, https:\/\/i0.wp.com\/notabene.world\/nb\/wp-content\/uploads\/2024\/03\/mm-dyk2-ujk.jpg?resize=300%2C167&amp;ssl=1 300w, https:\/\/i0.wp.com\/notabene.world\/nb\/wp-content\/uploads\/2024\/03\/mm-dyk2-ujk.jpg?resize=768%2C427&amp;ssl=1 768w\" sizes=\"auto, (max-width: 800px) 100vw, 800px\" \/><\/figure>\n","protected":false},"excerpt":{"rendered":"<p>Zako\u0144czy\u0142 si\u0119 w\u0142a\u015bnie XXXII Tydzie\u0144 Kultury J\u0119zyka. Jest to impreza, kt\u00f3r\u0105 32 lata temu zainicjowa\u0142 m\u00f3j nauczyciel, a potem kolega z Instytutu Filologii Polskiej, dr Janusz Wr\u00f3blewski. Pami\u0119tam, \u017ce prawie wszystkie kieleckie szko\u0142y bra\u0142y udzia\u0142 w dyktandzie i konkursie krasom\u00f3wczym, a dr Wr\u00f3blewski s\u0142yn\u0105\u0142 z wymy\u015blania niezwykle oryginalnych i zabawnych temat\u00f3w wyst\u0105pie\u0144 publicznych.<br \/>\n<br \/>\nKochamy te\u017c ortografi\u0119! Tu niespodzianka! A\u017c 68% ankietowanych lubi \u201ekropeczki\u201d i kreseczki\u201d, kt\u00f3re odr\u00f3\u017cniaj\u0105 \u201eo\u201d od \u201eu\u201d, mniej zwolennik\u00f3w ma rozr\u00f3\u017cnienie mi\u0119dzy \u201e\u017c\u201d a \u201erz\u201d. Nie znamy (jeszcze) bada\u0144 dotycz\u0105cych mi\u0142o\u015bnik\u00f3w \u201ech\u201d i \u201eh\u201d.\u00a0\u00a0A szkoda!<\/p>\n","protected":false},"author":50,"featured_media":12669,"comment_status":"closed","ping_status":"closed","sticky":false,"template":"","format":"standard","meta":{"colormag_page_container_layout":"no_sidebar_content_centered","colormag_page_sidebar_layout":"no_sidebar","_jetpack_memberships_contains_paid_content":false,"footnotes":"","_links_to":"","_links_to_target":""},"categories":[64,6,12],"tags":[],"class_list":["post-12665","post","type-post","status-publish","format-standard","has-post-thumbnail","hentry","category-aktualnosci","category-kultura","category-spoleczenstwo"],"yoast_head":"<!-- This site is optimized with the Yoast SEO plugin v27.4 - https:\/\/yoast.com\/product\/yoast-seo-wordpress\/ -->\n<title>XXXII Tydzie\u0144 Kultury J\u0119zyka Polskiego w Wojew\u00f3dztwie \u015awi\u0119tokrzyskim - NOTABENE.WORLD<\/title>\n<meta name=\"robots\" content=\"index, follow, max-snippet:-1, max-image-preview:large, max-video-preview:-1\" \/>\n<link rel=\"canonical\" href=\"https:\/\/notabene.world\/nb\/xxxii-tydzien-kultury-jezyka-polskiego-w-wojewodztwie-swietokrzyskim\/\" \/>\n<meta property=\"og:locale\" content=\"pl_PL\" \/>\n<meta property=\"og:type\" content=\"article\" \/>\n<meta property=\"og:title\" content=\"XXXII Tydzie\u0144 Kultury J\u0119zyka Polskiego w Wojew\u00f3dztwie \u015awi\u0119tokrzyskim - NOTABENE.WORLD\" \/>\n<meta property=\"og:description\" content=\"Zako\u0144czy\u0142 si\u0119 w\u0142a\u015bnie XXXII Tydzie\u0144 Kultury J\u0119zyka. Jest to impreza, kt\u00f3r\u0105 32 lata temu zainicjowa\u0142 m\u00f3j nauczyciel, a potem kolega z Instytutu Filologii Polskiej, dr Janusz Wr\u00f3blewski. Pami\u0119tam, \u017ce prawie wszystkie kieleckie szko\u0142y bra\u0142y udzia\u0142 w dyktandzie i konkursie krasom\u00f3wczym, a dr Wr\u00f3blewski s\u0142yn\u0105\u0142 z wymy\u015blania niezwykle oryginalnych i zabawnych temat\u00f3w wyst\u0105pie\u0144 publicznych.  Kochamy te\u017c ortografi\u0119! Tu niespodzianka! A\u017c 68% ankietowanych lubi \u201ekropeczki\u201d i kreseczki\u201d, kt\u00f3re odr\u00f3\u017cniaj\u0105 \u201eo\u201d od \u201eu\u201d, mniej zwolennik\u00f3w ma rozr\u00f3\u017cnienie mi\u0119dzy \u201e\u017c\u201d a \u201erz\u201d. Nie znamy (jeszcze) bada\u0144 dotycz\u0105cych mi\u0142o\u015bnik\u00f3w \u201ech\u201d i \u201eh\u201d.\u00a0\u00a0A szkoda!\" \/>\n<meta property=\"og:url\" content=\"https:\/\/notabene.world\/nb\/xxxii-tydzien-kultury-jezyka-polskiego-w-wojewodztwie-swietokrzyskim\/\" \/>\n<meta property=\"og:site_name\" content=\"NOTABENE.WORLD\" \/>\n<meta property=\"article:publisher\" content=\"https:\/\/www.facebook.com\/Notabene.World\" \/>\n<meta property=\"article:published_time\" content=\"2024-03-23T01:20:00+00:00\" \/>\n<meta property=\"article:modified_time\" content=\"2024-04-13T16:40:14+00:00\" \/>\n<meta property=\"og:image\" content=\"https:\/\/notabene.world\/nb\/wp-content\/uploads\/2024\/03\/mm-dyk-ujk.jpg\" \/>\n\t<meta property=\"og:image:width\" content=\"800\" \/>\n\t<meta property=\"og:image:height\" content=\"445\" \/>\n\t<meta property=\"og:image:type\" content=\"image\/jpeg\" \/>\n<meta name=\"author\" content=\"M M\" \/>\n<meta name=\"twitter:card\" content=\"summary_large_image\" \/>\n<meta name=\"twitter:label1\" content=\"Napisane przez\" \/>\n\t<meta name=\"twitter:data1\" content=\"M M\" \/>\n\t<meta name=\"twitter:label2\" content=\"Szacowany czas czytania\" \/>\n\t<meta name=\"twitter:data2\" content=\"3 minuty\" \/>\n<script type=\"application\/ld+json\" class=\"yoast-schema-graph\">{\"@context\":\"https:\\\/\\\/schema.org\",\"@graph\":[{\"@type\":\"Article\",\"@id\":\"https:\\\/\\\/notabene.world\\\/nb\\\/xxxii-tydzien-kultury-jezyka-polskiego-w-wojewodztwie-swietokrzyskim\\\/#article\",\"isPartOf\":{\"@id\":\"https:\\\/\\\/notabene.world\\\/nb\\\/xxxii-tydzien-kultury-jezyka-polskiego-w-wojewodztwie-swietokrzyskim\\\/\"},\"author\":{\"name\":\"M M\",\"@id\":\"https:\\\/\\\/notabene.world\\\/nb\\\/#\\\/schema\\\/person\\\/582120d998275dd07ec253f9cf7d3027\"},\"headline\":\"XXXII Tydzie\u0144 Kultury J\u0119zyka Polskiego w Wojew\u00f3dztwie \u015awi\u0119tokrzyskim\",\"datePublished\":\"2024-03-23T01:20:00+00:00\",\"dateModified\":\"2024-04-13T16:40:14+00:00\",\"mainEntityOfPage\":{\"@id\":\"https:\\\/\\\/notabene.world\\\/nb\\\/xxxii-tydzien-kultury-jezyka-polskiego-w-wojewodztwie-swietokrzyskim\\\/\"},\"wordCount\":609,\"publisher\":{\"@id\":\"https:\\\/\\\/notabene.world\\\/nb\\\/#organization\"},\"image\":{\"@id\":\"https:\\\/\\\/notabene.world\\\/nb\\\/xxxii-tydzien-kultury-jezyka-polskiego-w-wojewodztwie-swietokrzyskim\\\/#primaryimage\"},\"thumbnailUrl\":\"https:\\\/\\\/i0.wp.com\\\/notabene.world\\\/nb\\\/wp-content\\\/uploads\\\/2024\\\/03\\\/mm-dyk-ujk.jpg?fit=800%2C445&ssl=1\",\"articleSection\":[\"Aktualno\u015bci\",\"Kultura\",\"Nasz \u015awiat\"],\"inLanguage\":\"pl-PL\"},{\"@type\":\"WebPage\",\"@id\":\"https:\\\/\\\/notabene.world\\\/nb\\\/xxxii-tydzien-kultury-jezyka-polskiego-w-wojewodztwie-swietokrzyskim\\\/\",\"url\":\"https:\\\/\\\/notabene.world\\\/nb\\\/xxxii-tydzien-kultury-jezyka-polskiego-w-wojewodztwie-swietokrzyskim\\\/\",\"name\":\"XXXII Tydzie\u0144 Kultury J\u0119zyka Polskiego w Wojew\u00f3dztwie \u015awi\u0119tokrzyskim - NOTABENE.WORLD\",\"isPartOf\":{\"@id\":\"https:\\\/\\\/notabene.world\\\/nb\\\/#website\"},\"primaryImageOfPage\":{\"@id\":\"https:\\\/\\\/notabene.world\\\/nb\\\/xxxii-tydzien-kultury-jezyka-polskiego-w-wojewodztwie-swietokrzyskim\\\/#primaryimage\"},\"image\":{\"@id\":\"https:\\\/\\\/notabene.world\\\/nb\\\/xxxii-tydzien-kultury-jezyka-polskiego-w-wojewodztwie-swietokrzyskim\\\/#primaryimage\"},\"thumbnailUrl\":\"https:\\\/\\\/i0.wp.com\\\/notabene.world\\\/nb\\\/wp-content\\\/uploads\\\/2024\\\/03\\\/mm-dyk-ujk.jpg?fit=800%2C445&ssl=1\",\"datePublished\":\"2024-03-23T01:20:00+00:00\",\"dateModified\":\"2024-04-13T16:40:14+00:00\",\"breadcrumb\":{\"@id\":\"https:\\\/\\\/notabene.world\\\/nb\\\/xxxii-tydzien-kultury-jezyka-polskiego-w-wojewodztwie-swietokrzyskim\\\/#breadcrumb\"},\"inLanguage\":\"pl-PL\",\"potentialAction\":[{\"@type\":\"ReadAction\",\"target\":[\"https:\\\/\\\/notabene.world\\\/nb\\\/xxxii-tydzien-kultury-jezyka-polskiego-w-wojewodztwie-swietokrzyskim\\\/\"]}]},{\"@type\":\"ImageObject\",\"inLanguage\":\"pl-PL\",\"@id\":\"https:\\\/\\\/notabene.world\\\/nb\\\/xxxii-tydzien-kultury-jezyka-polskiego-w-wojewodztwie-swietokrzyskim\\\/#primaryimage\",\"url\":\"https:\\\/\\\/i0.wp.com\\\/notabene.world\\\/nb\\\/wp-content\\\/uploads\\\/2024\\\/03\\\/mm-dyk-ujk.jpg?fit=800%2C445&ssl=1\",\"contentUrl\":\"https:\\\/\\\/i0.wp.com\\\/notabene.world\\\/nb\\\/wp-content\\\/uploads\\\/2024\\\/03\\\/mm-dyk-ujk.jpg?fit=800%2C445&ssl=1\",\"width\":800,\"height\":445},{\"@type\":\"BreadcrumbList\",\"@id\":\"https:\\\/\\\/notabene.world\\\/nb\\\/xxxii-tydzien-kultury-jezyka-polskiego-w-wojewodztwie-swietokrzyskim\\\/#breadcrumb\",\"itemListElement\":[{\"@type\":\"ListItem\",\"position\":1,\"name\":\"Home\",\"item\":\"https:\\\/\\\/notabene.world\\\/nb\\\/\"},{\"@type\":\"ListItem\",\"position\":2,\"name\":\"XXXII Tydzie\u0144 Kultury J\u0119zyka Polskiego w Wojew\u00f3dztwie \u015awi\u0119tokrzyskim\"}]},{\"@type\":\"WebSite\",\"@id\":\"https:\\\/\\\/notabene.world\\\/nb\\\/#website\",\"url\":\"https:\\\/\\\/notabene.world\\\/nb\\\/\",\"name\":\"NOTABENE.WORLD\",\"description\":\"Przekaz. Warto\u015bci. Wsp\u00f3lnota.\",\"publisher\":{\"@id\":\"https:\\\/\\\/notabene.world\\\/nb\\\/#organization\"},\"potentialAction\":[{\"@type\":\"SearchAction\",\"target\":{\"@type\":\"EntryPoint\",\"urlTemplate\":\"https:\\\/\\\/notabene.world\\\/nb\\\/?s={search_term_string}\"},\"query-input\":{\"@type\":\"PropertyValueSpecification\",\"valueRequired\":true,\"valueName\":\"search_term_string\"}}],\"inLanguage\":\"pl-PL\"},{\"@type\":\"Organization\",\"@id\":\"https:\\\/\\\/notabene.world\\\/nb\\\/#organization\",\"name\":\"NOTABENE.WORLD\",\"url\":\"https:\\\/\\\/notabene.world\\\/nb\\\/\",\"logo\":{\"@type\":\"ImageObject\",\"inLanguage\":\"pl-PL\",\"@id\":\"https:\\\/\\\/notabene.world\\\/nb\\\/#\\\/schema\\\/logo\\\/image\\\/\",\"url\":\"https:\\\/\\\/notabene.world\\\/nb\\\/wp-content\\\/uploads\\\/2022\\\/01\\\/NB-club-start-www1.jpg\",\"contentUrl\":\"https:\\\/\\\/notabene.world\\\/nb\\\/wp-content\\\/uploads\\\/2022\\\/01\\\/NB-club-start-www1.jpg\",\"width\":1000,\"height\":839,\"caption\":\"NOTABENE.WORLD\"},\"image\":{\"@id\":\"https:\\\/\\\/notabene.world\\\/nb\\\/#\\\/schema\\\/logo\\\/image\\\/\"},\"sameAs\":[\"https:\\\/\\\/www.facebook.com\\\/Notabene.World\"]},{\"@type\":\"Person\",\"@id\":\"https:\\\/\\\/notabene.world\\\/nb\\\/#\\\/schema\\\/person\\\/582120d998275dd07ec253f9cf7d3027\",\"name\":\"M M\",\"image\":{\"@type\":\"ImageObject\",\"inLanguage\":\"pl-PL\",\"@id\":\"https:\\\/\\\/secure.gravatar.com\\\/avatar\\\/dca6c3d7bf19e21eb7ce89c24883c2609506b26fcd4098b0b236171f5cd7cf4c?s=96&d=mm&r=g\",\"url\":\"https:\\\/\\\/secure.gravatar.com\\\/avatar\\\/dca6c3d7bf19e21eb7ce89c24883c2609506b26fcd4098b0b236171f5cd7cf4c?s=96&d=mm&r=g\",\"contentUrl\":\"https:\\\/\\\/secure.gravatar.com\\\/avatar\\\/dca6c3d7bf19e21eb7ce89c24883c2609506b26fcd4098b0b236171f5cd7cf4c?s=96&d=mm&r=g\",\"caption\":\"M M\"},\"url\":\"https:\\\/\\\/notabene.world\\\/nb\\\/author\\\/mar-ma\\\/\"}]}<\/script>\n<!-- \/ Yoast SEO plugin. -->","yoast_head_json":{"title":"XXXII Tydzie\u0144 Kultury J\u0119zyka Polskiego w Wojew\u00f3dztwie \u015awi\u0119tokrzyskim - NOTABENE.WORLD","robots":{"index":"index","follow":"follow","max-snippet":"max-snippet:-1","max-image-preview":"max-image-preview:large","max-video-preview":"max-video-preview:-1"},"canonical":"https:\/\/notabene.world\/nb\/xxxii-tydzien-kultury-jezyka-polskiego-w-wojewodztwie-swietokrzyskim\/","og_locale":"pl_PL","og_type":"article","og_title":"XXXII Tydzie\u0144 Kultury J\u0119zyka Polskiego w Wojew\u00f3dztwie \u015awi\u0119tokrzyskim - NOTABENE.WORLD","og_description":"Zako\u0144czy\u0142 si\u0119 w\u0142a\u015bnie XXXII Tydzie\u0144 Kultury J\u0119zyka. Jest to impreza, kt\u00f3r\u0105 32 lata temu zainicjowa\u0142 m\u00f3j nauczyciel, a potem kolega z Instytutu Filologii Polskiej, dr Janusz Wr\u00f3blewski. Pami\u0119tam, \u017ce prawie wszystkie kieleckie szko\u0142y bra\u0142y udzia\u0142 w dyktandzie i konkursie krasom\u00f3wczym, a dr Wr\u00f3blewski s\u0142yn\u0105\u0142 z wymy\u015blania niezwykle oryginalnych i zabawnych temat\u00f3w wyst\u0105pie\u0144 publicznych.  Kochamy te\u017c ortografi\u0119! Tu niespodzianka! A\u017c 68% ankietowanych lubi \u201ekropeczki\u201d i kreseczki\u201d, kt\u00f3re odr\u00f3\u017cniaj\u0105 \u201eo\u201d od \u201eu\u201d, mniej zwolennik\u00f3w ma rozr\u00f3\u017cnienie mi\u0119dzy \u201e\u017c\u201d a \u201erz\u201d. Nie znamy (jeszcze) bada\u0144 dotycz\u0105cych mi\u0142o\u015bnik\u00f3w \u201ech\u201d i \u201eh\u201d.\u00a0\u00a0A szkoda!","og_url":"https:\/\/notabene.world\/nb\/xxxii-tydzien-kultury-jezyka-polskiego-w-wojewodztwie-swietokrzyskim\/","og_site_name":"NOTABENE.WORLD","article_publisher":"https:\/\/www.facebook.com\/Notabene.World","article_published_time":"2024-03-23T01:20:00+00:00","article_modified_time":"2024-04-13T16:40:14+00:00","og_image":[{"width":800,"height":445,"url":"https:\/\/notabene.world\/nb\/wp-content\/uploads\/2024\/03\/mm-dyk-ujk.jpg","type":"image\/jpeg"}],"author":"M M","twitter_card":"summary_large_image","twitter_misc":{"Napisane przez":"M M","Szacowany czas czytania":"3 minuty"},"schema":{"@context":"https:\/\/schema.org","@graph":[{"@type":"Article","@id":"https:\/\/notabene.world\/nb\/xxxii-tydzien-kultury-jezyka-polskiego-w-wojewodztwie-swietokrzyskim\/#article","isPartOf":{"@id":"https:\/\/notabene.world\/nb\/xxxii-tydzien-kultury-jezyka-polskiego-w-wojewodztwie-swietokrzyskim\/"},"author":{"name":"M M","@id":"https:\/\/notabene.world\/nb\/#\/schema\/person\/582120d998275dd07ec253f9cf7d3027"},"headline":"XXXII Tydzie\u0144 Kultury J\u0119zyka Polskiego w Wojew\u00f3dztwie \u015awi\u0119tokrzyskim","datePublished":"2024-03-23T01:20:00+00:00","dateModified":"2024-04-13T16:40:14+00:00","mainEntityOfPage":{"@id":"https:\/\/notabene.world\/nb\/xxxii-tydzien-kultury-jezyka-polskiego-w-wojewodztwie-swietokrzyskim\/"},"wordCount":609,"publisher":{"@id":"https:\/\/notabene.world\/nb\/#organization"},"image":{"@id":"https:\/\/notabene.world\/nb\/xxxii-tydzien-kultury-jezyka-polskiego-w-wojewodztwie-swietokrzyskim\/#primaryimage"},"thumbnailUrl":"https:\/\/i0.wp.com\/notabene.world\/nb\/wp-content\/uploads\/2024\/03\/mm-dyk-ujk.jpg?fit=800%2C445&ssl=1","articleSection":["Aktualno\u015bci","Kultura","Nasz \u015awiat"],"inLanguage":"pl-PL"},{"@type":"WebPage","@id":"https:\/\/notabene.world\/nb\/xxxii-tydzien-kultury-jezyka-polskiego-w-wojewodztwie-swietokrzyskim\/","url":"https:\/\/notabene.world\/nb\/xxxii-tydzien-kultury-jezyka-polskiego-w-wojewodztwie-swietokrzyskim\/","name":"XXXII Tydzie\u0144 Kultury J\u0119zyka Polskiego w Wojew\u00f3dztwie \u015awi\u0119tokrzyskim - NOTABENE.WORLD","isPartOf":{"@id":"https:\/\/notabene.world\/nb\/#website"},"primaryImageOfPage":{"@id":"https:\/\/notabene.world\/nb\/xxxii-tydzien-kultury-jezyka-polskiego-w-wojewodztwie-swietokrzyskim\/#primaryimage"},"image":{"@id":"https:\/\/notabene.world\/nb\/xxxii-tydzien-kultury-jezyka-polskiego-w-wojewodztwie-swietokrzyskim\/#primaryimage"},"thumbnailUrl":"https:\/\/i0.wp.com\/notabene.world\/nb\/wp-content\/uploads\/2024\/03\/mm-dyk-ujk.jpg?fit=800%2C445&ssl=1","datePublished":"2024-03-23T01:20:00+00:00","dateModified":"2024-04-13T16:40:14+00:00","breadcrumb":{"@id":"https:\/\/notabene.world\/nb\/xxxii-tydzien-kultury-jezyka-polskiego-w-wojewodztwie-swietokrzyskim\/#breadcrumb"},"inLanguage":"pl-PL","potentialAction":[{"@type":"ReadAction","target":["https:\/\/notabene.world\/nb\/xxxii-tydzien-kultury-jezyka-polskiego-w-wojewodztwie-swietokrzyskim\/"]}]},{"@type":"ImageObject","inLanguage":"pl-PL","@id":"https:\/\/notabene.world\/nb\/xxxii-tydzien-kultury-jezyka-polskiego-w-wojewodztwie-swietokrzyskim\/#primaryimage","url":"https:\/\/i0.wp.com\/notabene.world\/nb\/wp-content\/uploads\/2024\/03\/mm-dyk-ujk.jpg?fit=800%2C445&ssl=1","contentUrl":"https:\/\/i0.wp.com\/notabene.world\/nb\/wp-content\/uploads\/2024\/03\/mm-dyk-ujk.jpg?fit=800%2C445&ssl=1","width":800,"height":445},{"@type":"BreadcrumbList","@id":"https:\/\/notabene.world\/nb\/xxxii-tydzien-kultury-jezyka-polskiego-w-wojewodztwie-swietokrzyskim\/#breadcrumb","itemListElement":[{"@type":"ListItem","position":1,"name":"Home","item":"https:\/\/notabene.world\/nb\/"},{"@type":"ListItem","position":2,"name":"XXXII Tydzie\u0144 Kultury J\u0119zyka Polskiego w Wojew\u00f3dztwie \u015awi\u0119tokrzyskim"}]},{"@type":"WebSite","@id":"https:\/\/notabene.world\/nb\/#website","url":"https:\/\/notabene.world\/nb\/","name":"NOTABENE.WORLD","description":"Przekaz. Warto\u015bci. Wsp\u00f3lnota.","publisher":{"@id":"https:\/\/notabene.world\/nb\/#organization"},"potentialAction":[{"@type":"SearchAction","target":{"@type":"EntryPoint","urlTemplate":"https:\/\/notabene.world\/nb\/?s={search_term_string}"},"query-input":{"@type":"PropertyValueSpecification","valueRequired":true,"valueName":"search_term_string"}}],"inLanguage":"pl-PL"},{"@type":"Organization","@id":"https:\/\/notabene.world\/nb\/#organization","name":"NOTABENE.WORLD","url":"https:\/\/notabene.world\/nb\/","logo":{"@type":"ImageObject","inLanguage":"pl-PL","@id":"https:\/\/notabene.world\/nb\/#\/schema\/logo\/image\/","url":"https:\/\/notabene.world\/nb\/wp-content\/uploads\/2022\/01\/NB-club-start-www1.jpg","contentUrl":"https:\/\/notabene.world\/nb\/wp-content\/uploads\/2022\/01\/NB-club-start-www1.jpg","width":1000,"height":839,"caption":"NOTABENE.WORLD"},"image":{"@id":"https:\/\/notabene.world\/nb\/#\/schema\/logo\/image\/"},"sameAs":["https:\/\/www.facebook.com\/Notabene.World"]},{"@type":"Person","@id":"https:\/\/notabene.world\/nb\/#\/schema\/person\/582120d998275dd07ec253f9cf7d3027","name":"M M","image":{"@type":"ImageObject","inLanguage":"pl-PL","@id":"https:\/\/secure.gravatar.com\/avatar\/dca6c3d7bf19e21eb7ce89c24883c2609506b26fcd4098b0b236171f5cd7cf4c?s=96&d=mm&r=g","url":"https:\/\/secure.gravatar.com\/avatar\/dca6c3d7bf19e21eb7ce89c24883c2609506b26fcd4098b0b236171f5cd7cf4c?s=96&d=mm&r=g","contentUrl":"https:\/\/secure.gravatar.com\/avatar\/dca6c3d7bf19e21eb7ce89c24883c2609506b26fcd4098b0b236171f5cd7cf4c?s=96&d=mm&r=g","caption":"M M"},"url":"https:\/\/notabene.world\/nb\/author\/mar-ma\/"}]}},"jetpack_featured_media_url":"https:\/\/i0.wp.com\/notabene.world\/nb\/wp-content\/uploads\/2024\/03\/mm-dyk-ujk.jpg?fit=800%2C445&ssl=1","jetpack_sharing_enabled":true,"jetpack_shortlink":"https:\/\/wp.me\/pdCobN-3ih","_links":{"self":[{"href":"https:\/\/notabene.world\/nb\/wp-json\/wp\/v2\/posts\/12665","targetHints":{"allow":["GET"]}}],"collection":[{"href":"https:\/\/notabene.world\/nb\/wp-json\/wp\/v2\/posts"}],"about":[{"href":"https:\/\/notabene.world\/nb\/wp-json\/wp\/v2\/types\/post"}],"author":[{"embeddable":true,"href":"https:\/\/notabene.world\/nb\/wp-json\/wp\/v2\/users\/50"}],"replies":[{"embeddable":true,"href":"https:\/\/notabene.world\/nb\/wp-json\/wp\/v2\/comments?post=12665"}],"version-history":[{"count":5,"href":"https:\/\/notabene.world\/nb\/wp-json\/wp\/v2\/posts\/12665\/revisions"}],"predecessor-version":[{"id":12827,"href":"https:\/\/notabene.world\/nb\/wp-json\/wp\/v2\/posts\/12665\/revisions\/12827"}],"wp:featuredmedia":[{"embeddable":true,"href":"https:\/\/notabene.world\/nb\/wp-json\/wp\/v2\/media\/12669"}],"wp:attachment":[{"href":"https:\/\/notabene.world\/nb\/wp-json\/wp\/v2\/media?parent=12665"}],"wp:term":[{"taxonomy":"category","embeddable":true,"href":"https:\/\/notabene.world\/nb\/wp-json\/wp\/v2\/categories?post=12665"},{"taxonomy":"post_tag","embeddable":true,"href":"https:\/\/notabene.world\/nb\/wp-json\/wp\/v2\/tags?post=12665"}],"curies":[{"name":"wp","href":"https:\/\/api.w.org\/{rel}","templated":true}]}}