{"id":1296,"date":"2022-01-26T01:28:00","date_gmt":"2022-01-26T00:28:00","guid":{"rendered":"https:\/\/notabene.world\/nb\/?p=1296"},"modified":"2022-02-08T06:58:07","modified_gmt":"2022-02-08T05:58:07","slug":"cos-sie-konczy-cos-sie-zaczyna-czyli-czemu-2022-to-idealny-rok-na-probe-odkrycia-swiata-f1","status":"publish","type":"post","link":"https:\/\/notabene.world\/nb\/cos-sie-konczy-cos-sie-zaczyna-czyli-czemu-2022-to-idealny-rok-na-probe-odkrycia-swiata-f1\/","title":{"rendered":"Co\u015b si\u0119 ko\u0144czy, co\u015b sie zaczyna&#8230;Czas na Formu\u0142\u0119 1"},"content":{"rendered":"\n<h4 class=\"wp-block-heading\" id=\"cos-sie-konczy-cos-sie-zaczyna-czyli-dlaczego-2022-to-idealny-rok-na-probe-odkrycia-swiata-f1-wlasnie-pozegnalismy-jeden-z-najlepszych-sezonow-formuly-1-nie-tylko-w-ostatnich-latach-ale-osmiele-sie-powiedziec-ze-w-calej-jej-historii-dlaczego-wiec-to-wlasnie-teraz-uwazam-ze-jest-najlepszy-moment-na-poznanie-krolowej-sportow-motorowych\"><strong>Co\u015b si\u0119 ko\u0144czy, co\u015b si\u0119 zaczyna czyli dlaczego 2022 to idealny rok na pr\u00f3b\u0119 odkrycia \u015bwiata F1. W\u0142a\u015bnie po\u017cegnali\u015bmy jeden z najlepszych sezon\u00f3w Formu\u0142y 1 nie tylko w ostatnich latach, ale o\u015bmiel\u0119 si\u0119 powiedzie\u0107, \u017ce w ca\u0142ej jej historii. Dlaczego wi\u0119c to w\u0142a\u015bnie teraz uwa\u017cam, \u017ce jest najlepszy moment na poznanie kr\u00f3lowej sport\u00f3w motorowych.<\/strong><\/h4>\n\n\n\n<p> Po pe\u0142nym emocji i niesamowitych moment\u00f3w sezonie, w kt\u00f3rym nie tylko toczy\u0142a si\u0119 walka o tytu\u0142 mistrza kierowc\u00f3w mi\u0119dzy Maxem Verstappenem a Lewisem Hamiltonem, ale r\u00f3wnie\u017c walka ich zespo\u0142\u00f3w o tytu\u0142 mistrza \u015bwiata konstruktor\u00f3w chyba nie mo\u017cna m\u00f3wi\u0107 o s\u0142abym fundamencie na przysz\u0142ym sezon. Mimo ca\u0142ej spu\u015bcizny, jak\u0105 przyni\u00f3s\u0142 sezon 2021, jako nowy fan mo\u017cna liczy\u0107 r\u00f3wnie\u017c na \u015bwie\u017cy start dzi\u0119ki wej\u015bciu Formu\u0142y 1 w now\u0105 er\u0119 bolid\u00f3w. Sprawia ona, \u017ce wiele rzeczy jest niepewne a balans si\u0142 mo\u017ce zosta\u0107 zachwiany, dodaj\u0105c na pewno potrzebny powiew \u015bwie\u017co\u015bci dla tego sportu.<\/p>\n\n\n\n<h4 class=\"wp-block-heading\" id=\"nowa-nadzieja-czyli-co-wlasciwie-oznaczal-zeszly-sezon\"><strong>Nowa nadzieja czyli co w\u0142a\u015bciwie oznacza\u0142 zesz\u0142y sezon<\/strong><\/h4>\n\n\n\n<p>&nbsp;W zesz\u0142ym roku po latach dominacji bolid\u00f3w Mercedesa a przede wszystkim ich gwiazdy Lewisa Hamiltona (a tak\u017ce Nico Rosberga w 2016) trudno by\u0142o uwierzy\u0107, \u017ce nadchodz\u0105cy rok b\u0119dzie si\u0119 czym\u015b r\u00f3\u017cni\u0142. Jednak wreszcie pierwszy raz od 2013 po tytu\u0142 mistrza \u015bwiata kierowc\u00f3w si\u0119gn\u0105\u0142 kto\u015b z innej stajni ni\u017c Mercedes a dok\u0142adniej adept akademii Red Bulla, kt\u00f3ra przyodzia\u0142a zwyci\u0119ski laur r\u00f3wnie\u017c w 2013. Chocia\u017c po d\u0142ugiej i wyr\u00f3wnanej walce Red Bull pokona\u0142 Mercedesa jedynie w rywalizacji kierowc\u00f3w, to co wa\u017cniejsze pokonany zosta\u0142 Lewis Hamilton. Pokaza\u0142o to, \u017ce ten ju\u017c ikoniczny duet Brytyjczyka i Mercedesa, nie jest niepokonany. Wygrana Maxa da\u0142a podwaliny na przysz\u0142y sezon, w kt\u00f3rym mo\u017cemy si\u0119 spodziewa\u0107 konkurencji w walce o tytu\u0142, pomi\u0119dzy jak si\u0119 m\u00f3wi 6 kierowcami. Ponadto wida\u0107 by\u0142o w tym sezonie powr\u00f3t silnego Ferrari i ich walk\u0119 z Mclarenem, kt\u00f3ra mo\u017ce sugerowa\u0107, \u017ce to w\u0142a\u015bnie te dwie dru\u017cyny do\u0142\u0105cz\u0105 do zmaga\u0144 w nadchodz\u0105cym sezonie. Ponadto do Lewisa Hamiltona do\u0142\u0105czy nowy partner, a mianowicie bardzo dobrze oceniany George Russel, kt\u00f3ry mo\u017ce sprawi, \u017ce walka wewn\u0105trz Mercedesa zbli\u017cy si\u0119 do tej z 2016 roku.<\/p>\n\n\n\n<h4 class=\"wp-block-heading\" id=\"carpe-diem-wiec-lapmy-chwile-z-2021-roku\"><strong>Carpe diem wi\u0119c \u0142apmy chwile z 2021 roku<\/strong><\/h4>\n\n\n\n<p>&nbsp;Stwierdzi\u0142em, \u017ce artyku\u0142 ten nie mo\u017ce si\u0119 oby\u0107 bez chocia\u017c kr\u00f3tkiej retrospekcji cz\u0119\u015bci z niesamowitych moment\u00f3w, kt\u00f3re zostan\u0105 na d\u0142ugo zapami\u0119tane w \u015bwiecie motosport\u00f3w. Zacznijmy od pe\u0142nego klasy powrotu prawdziwej legendy Formu\u0142y 1. Fernando Alonso po 2 latach roz\u0142\u0105ki z F1 powr\u00f3ci\u0142 w pi\u0119knym stylu, pokonuj\u0105c swojego koleg\u0119 z zespo\u0142u, zdobywaj\u0105c pierwsze podium od 2014 oraz co by\u0142o najbardziej widowiskowe, walcz\u0105c niczym lew z Lewisem Hamiltonem na torze w W\u0119grzech. Do tego mo\u017cna pod\u0142\u0105czy\u0107 nowego zwyci\u0119zc\u0119 w F1 koleg\u0119 Fernando z dru\u017cyny Estabana Ocona. Powr\u00f3t Roberta Kubicy zast\u0119puj\u0105cego w dwu rundach odchodz\u0105cego z formu\u0142y mistrza \u015bwiata 2007 roku Kimiego Raikonena. Na koniec jedynie wspomn\u0119 bo nie dam rady wymieni\u0107 wszystkich walk pomi\u0119dzy Maxem i Lewisem, kt\u00f3re do samego ko\u0144ca nie przesta\u0142y dawa\u0107 niesamowitego widowiska fanom.<\/p>\n\n\n\n<h3 class=\"wp-block-heading\" id=\"co-przynosi-nadchodzaca-rewolucja-techniczna\"><strong>Co przynosi nadchodz\u0105ca rewolucja techniczna?<\/strong><\/h3>\n\n\n\n<p> Dwie najwi\u0119ksze i najbardziej wyczekiwane zmiany zwi\u0105zane z now\u0105 budow\u0105 konstrukcji to przetasowanie w stawce konstruktor\u00f3w oraz polepszanie si\u0119 og\u00f3lnie poj\u0119tego \u015bcigania. FIA twierdzi, \u017ce nowe regulacje o nawet kilkadziesi\u0105t procent polepsz\u0105 osi\u0105gi bolidu jad\u0105cego za drugim, co powinno sprawi\u0107, \u017ce walka b\u0119dzie cz\u0119stsza, bardziej widowiskowa i d\u0142u\u017csza. Natomiast przetasowania w stawce s\u0105 ca\u0142kowit\u0105 niewiadom\u0105 i to prawdopodobnie jest w nich najlepsze. Chocia\u017c mo\u017cna wysnu\u0107 par\u0119 teorii o tym, \u017ce Mercedes b\u0119dzie dalej w czo\u0142\u00f3wce czy Ferrari znacz\u0105co si\u0119 polepszy, to mimo wszystko rezultaty ujrzymy dopiero na torze. FIA twierdzi r\u00f3wnie\u017c, \u017ce stawka powinna si\u0119 znacz\u0105co do siebie zbli\u017cy\u0107, a interwencje w trakcie sezonu maj\u0105 zapobiec dominacji takiej jak ta Mercedesa czy kultowego Brawna. Te oraz wiele innych czynnik\u00f3w jak na przyk\u0142ad wyga\u015bni\u0119cie kontrakt\u00f3w znacznej cz\u0119\u015bci kierowc\u00f3w mog\u0105 sprawi\u0107, \u017ce nadchodz\u0105cy sezon b\u0119dzie pe\u0142en rywalizacji, na niesamowitym poziomie.<\/p>\n\n\n\n<figure class=\"wp-block-image size-full\"><img data-recalc-dims=\"1\" loading=\"lazy\" decoding=\"async\" width=\"800\" height=\"450\" src=\"https:\/\/i0.wp.com\/notabene.world\/nb\/wp-content\/uploads\/2022\/02\/formulka.jpg?resize=800%2C450&#038;ssl=1\" alt=\"\" class=\"wp-image-1916\" srcset=\"https:\/\/i0.wp.com\/notabene.world\/nb\/wp-content\/uploads\/2022\/02\/formulka.jpg?w=944&amp;ssl=1 944w, https:\/\/i0.wp.com\/notabene.world\/nb\/wp-content\/uploads\/2022\/02\/formulka.jpg?resize=300%2C169&amp;ssl=1 300w, https:\/\/i0.wp.com\/notabene.world\/nb\/wp-content\/uploads\/2022\/02\/formulka.jpg?resize=768%2C432&amp;ssl=1 768w\" sizes=\"auto, (max-width: 800px) 100vw, 800px\" \/><figcaption>fot. F1<\/figcaption><\/figure>\n","protected":false},"excerpt":{"rendered":"<p>W\u0142a\u015bnie po\u017cegnali\u015bmy jeden z najlepszych sezon\u00f3w Formu\u0142y 1 nie tylko w ostatnich latach, ale o\u015bmiel\u0119 si\u0119 powiedzie\u0107, \u017ce w ca\u0142ej jej historii. Dlaczego wi\u0119c to w\u0142a\u015bnie teraz uwa\u017cam, \u017ce jest najlepszy moment na poznanie kr\u00f3lowej sport\u00f3w motorowych.<\/p>\n","protected":false},"author":10,"featured_media":1311,"comment_status":"closed","ping_status":"closed","sticky":false,"template":"","format":"standard","meta":{"colormag_page_container_layout":"default_layout","colormag_page_sidebar_layout":"default_layout","_jetpack_memberships_contains_paid_content":false,"footnotes":"","_links_to":"","_links_to_target":""},"categories":[9],"tags":[],"class_list":["post-1296","post","type-post","status-publish","format-standard","has-post-thumbnail","hentry","category-sport"],"yoast_head":"<!-- This site is optimized with the Yoast SEO plugin v27.4 - https:\/\/yoast.com\/product\/yoast-seo-wordpress\/ -->\n<title>Co\u015b si\u0119 ko\u0144czy, co\u015b sie zaczyna...Czas na Formu\u0142\u0119 1 - NOTABENE.WORLD<\/title>\n<meta name=\"robots\" content=\"index, follow, max-snippet:-1, max-image-preview:large, max-video-preview:-1\" \/>\n<link rel=\"canonical\" href=\"https:\/\/notabene.world\/nb\/cos-sie-konczy-cos-sie-zaczyna-czyli-czemu-2022-to-idealny-rok-na-probe-odkrycia-swiata-f1\/\" \/>\n<meta property=\"og:locale\" content=\"pl_PL\" \/>\n<meta property=\"og:type\" content=\"article\" \/>\n<meta property=\"og:title\" content=\"Co\u015b si\u0119 ko\u0144czy, co\u015b sie zaczyna...Czas na Formu\u0142\u0119 1 - NOTABENE.WORLD\" \/>\n<meta property=\"og:description\" content=\"W\u0142a\u015bnie po\u017cegnali\u015bmy jeden z najlepszych sezon\u00f3w Formu\u0142y 1 nie tylko w ostatnich latach, ale o\u015bmiel\u0119 si\u0119 powiedzie\u0107, \u017ce w ca\u0142ej jej historii. Dlaczego wi\u0119c to w\u0142a\u015bnie teraz uwa\u017cam, \u017ce jest najlepszy moment na poznanie kr\u00f3lowej sport\u00f3w motorowych.\" \/>\n<meta property=\"og:url\" content=\"https:\/\/notabene.world\/nb\/cos-sie-konczy-cos-sie-zaczyna-czyli-czemu-2022-to-idealny-rok-na-probe-odkrycia-swiata-f1\/\" \/>\n<meta property=\"og:site_name\" content=\"NOTABENE.WORLD\" \/>\n<meta property=\"article:publisher\" content=\"https:\/\/www.facebook.com\/Notabene.World\" \/>\n<meta property=\"article:published_time\" content=\"2022-01-26T00:28:00+00:00\" \/>\n<meta property=\"article:modified_time\" content=\"2022-02-08T05:58:07+00:00\" \/>\n<meta property=\"og:image\" content=\"https:\/\/notabene.world\/nb\/wp-content\/uploads\/2022\/01\/formulka-800x445-1.jpg\" \/>\n\t<meta property=\"og:image:width\" content=\"800\" \/>\n\t<meta property=\"og:image:height\" content=\"445\" \/>\n\t<meta property=\"og:image:type\" content=\"image\/jpeg\" \/>\n<meta name=\"author\" content=\"J\u0119drzej Wi\u015bniewski\" \/>\n<meta name=\"twitter:card\" content=\"summary_large_image\" \/>\n<meta name=\"twitter:label1\" content=\"Napisane przez\" \/>\n\t<meta name=\"twitter:data1\" content=\"J\u0119drzej Wi\u015bniewski\" \/>\n\t<meta name=\"twitter:label2\" content=\"Szacowany czas czytania\" \/>\n\t<meta name=\"twitter:data2\" content=\"4 minuty\" \/>\n<script type=\"application\/ld+json\" class=\"yoast-schema-graph\">{\"@context\":\"https:\\\/\\\/schema.org\",\"@graph\":[{\"@type\":\"Article\",\"@id\":\"https:\\\/\\\/notabene.world\\\/nb\\\/cos-sie-konczy-cos-sie-zaczyna-czyli-czemu-2022-to-idealny-rok-na-probe-odkrycia-swiata-f1\\\/#article\",\"isPartOf\":{\"@id\":\"https:\\\/\\\/notabene.world\\\/nb\\\/cos-sie-konczy-cos-sie-zaczyna-czyli-czemu-2022-to-idealny-rok-na-probe-odkrycia-swiata-f1\\\/\"},\"author\":{\"name\":\"J\u0119drzej Wi\u015bniewski\",\"@id\":\"https:\\\/\\\/notabene.world\\\/nb\\\/#\\\/schema\\\/person\\\/d768f51293117913d92e71cb1f249e93\"},\"headline\":\"Co\u015b si\u0119 ko\u0144czy, co\u015b sie zaczyna&#8230;Czas na Formu\u0142\u0119 1\",\"datePublished\":\"2022-01-26T00:28:00+00:00\",\"dateModified\":\"2022-02-08T05:58:07+00:00\",\"mainEntityOfPage\":{\"@id\":\"https:\\\/\\\/notabene.world\\\/nb\\\/cos-sie-konczy-cos-sie-zaczyna-czyli-czemu-2022-to-idealny-rok-na-probe-odkrycia-swiata-f1\\\/\"},\"wordCount\":754,\"publisher\":{\"@id\":\"https:\\\/\\\/notabene.world\\\/nb\\\/#organization\"},\"image\":{\"@id\":\"https:\\\/\\\/notabene.world\\\/nb\\\/cos-sie-konczy-cos-sie-zaczyna-czyli-czemu-2022-to-idealny-rok-na-probe-odkrycia-swiata-f1\\\/#primaryimage\"},\"thumbnailUrl\":\"https:\\\/\\\/i0.wp.com\\\/notabene.world\\\/nb\\\/wp-content\\\/uploads\\\/2022\\\/01\\\/formulka-800x445-1.jpg?fit=800%2C445&ssl=1\",\"articleSection\":[\"Sport\"],\"inLanguage\":\"pl-PL\"},{\"@type\":\"WebPage\",\"@id\":\"https:\\\/\\\/notabene.world\\\/nb\\\/cos-sie-konczy-cos-sie-zaczyna-czyli-czemu-2022-to-idealny-rok-na-probe-odkrycia-swiata-f1\\\/\",\"url\":\"https:\\\/\\\/notabene.world\\\/nb\\\/cos-sie-konczy-cos-sie-zaczyna-czyli-czemu-2022-to-idealny-rok-na-probe-odkrycia-swiata-f1\\\/\",\"name\":\"Co\u015b si\u0119 ko\u0144czy, co\u015b sie zaczyna...Czas na Formu\u0142\u0119 1 - NOTABENE.WORLD\",\"isPartOf\":{\"@id\":\"https:\\\/\\\/notabene.world\\\/nb\\\/#website\"},\"primaryImageOfPage\":{\"@id\":\"https:\\\/\\\/notabene.world\\\/nb\\\/cos-sie-konczy-cos-sie-zaczyna-czyli-czemu-2022-to-idealny-rok-na-probe-odkrycia-swiata-f1\\\/#primaryimage\"},\"image\":{\"@id\":\"https:\\\/\\\/notabene.world\\\/nb\\\/cos-sie-konczy-cos-sie-zaczyna-czyli-czemu-2022-to-idealny-rok-na-probe-odkrycia-swiata-f1\\\/#primaryimage\"},\"thumbnailUrl\":\"https:\\\/\\\/i0.wp.com\\\/notabene.world\\\/nb\\\/wp-content\\\/uploads\\\/2022\\\/01\\\/formulka-800x445-1.jpg?fit=800%2C445&ssl=1\",\"datePublished\":\"2022-01-26T00:28:00+00:00\",\"dateModified\":\"2022-02-08T05:58:07+00:00\",\"breadcrumb\":{\"@id\":\"https:\\\/\\\/notabene.world\\\/nb\\\/cos-sie-konczy-cos-sie-zaczyna-czyli-czemu-2022-to-idealny-rok-na-probe-odkrycia-swiata-f1\\\/#breadcrumb\"},\"inLanguage\":\"pl-PL\",\"potentialAction\":[{\"@type\":\"ReadAction\",\"target\":[\"https:\\\/\\\/notabene.world\\\/nb\\\/cos-sie-konczy-cos-sie-zaczyna-czyli-czemu-2022-to-idealny-rok-na-probe-odkrycia-swiata-f1\\\/\"]}]},{\"@type\":\"ImageObject\",\"inLanguage\":\"pl-PL\",\"@id\":\"https:\\\/\\\/notabene.world\\\/nb\\\/cos-sie-konczy-cos-sie-zaczyna-czyli-czemu-2022-to-idealny-rok-na-probe-odkrycia-swiata-f1\\\/#primaryimage\",\"url\":\"https:\\\/\\\/i0.wp.com\\\/notabene.world\\\/nb\\\/wp-content\\\/uploads\\\/2022\\\/01\\\/formulka-800x445-1.jpg?fit=800%2C445&ssl=1\",\"contentUrl\":\"https:\\\/\\\/i0.wp.com\\\/notabene.world\\\/nb\\\/wp-content\\\/uploads\\\/2022\\\/01\\\/formulka-800x445-1.jpg?fit=800%2C445&ssl=1\",\"width\":800,\"height\":445},{\"@type\":\"BreadcrumbList\",\"@id\":\"https:\\\/\\\/notabene.world\\\/nb\\\/cos-sie-konczy-cos-sie-zaczyna-czyli-czemu-2022-to-idealny-rok-na-probe-odkrycia-swiata-f1\\\/#breadcrumb\",\"itemListElement\":[{\"@type\":\"ListItem\",\"position\":1,\"name\":\"Home\",\"item\":\"https:\\\/\\\/notabene.world\\\/nb\\\/\"},{\"@type\":\"ListItem\",\"position\":2,\"name\":\"Co\u015b si\u0119 ko\u0144czy, co\u015b sie zaczyna&#8230;Czas na Formu\u0142\u0119 1\"}]},{\"@type\":\"WebSite\",\"@id\":\"https:\\\/\\\/notabene.world\\\/nb\\\/#website\",\"url\":\"https:\\\/\\\/notabene.world\\\/nb\\\/\",\"name\":\"NOTABENE.WORLD\",\"description\":\"Przekaz. Warto\u015bci. Wsp\u00f3lnota.\",\"publisher\":{\"@id\":\"https:\\\/\\\/notabene.world\\\/nb\\\/#organization\"},\"potentialAction\":[{\"@type\":\"SearchAction\",\"target\":{\"@type\":\"EntryPoint\",\"urlTemplate\":\"https:\\\/\\\/notabene.world\\\/nb\\\/?s={search_term_string}\"},\"query-input\":{\"@type\":\"PropertyValueSpecification\",\"valueRequired\":true,\"valueName\":\"search_term_string\"}}],\"inLanguage\":\"pl-PL\"},{\"@type\":\"Organization\",\"@id\":\"https:\\\/\\\/notabene.world\\\/nb\\\/#organization\",\"name\":\"NOTABENE.WORLD\",\"url\":\"https:\\\/\\\/notabene.world\\\/nb\\\/\",\"logo\":{\"@type\":\"ImageObject\",\"inLanguage\":\"pl-PL\",\"@id\":\"https:\\\/\\\/notabene.world\\\/nb\\\/#\\\/schema\\\/logo\\\/image\\\/\",\"url\":\"https:\\\/\\\/notabene.world\\\/nb\\\/wp-content\\\/uploads\\\/2022\\\/01\\\/NB-club-start-www1.jpg\",\"contentUrl\":\"https:\\\/\\\/notabene.world\\\/nb\\\/wp-content\\\/uploads\\\/2022\\\/01\\\/NB-club-start-www1.jpg\",\"width\":1000,\"height\":839,\"caption\":\"NOTABENE.WORLD\"},\"image\":{\"@id\":\"https:\\\/\\\/notabene.world\\\/nb\\\/#\\\/schema\\\/logo\\\/image\\\/\"},\"sameAs\":[\"https:\\\/\\\/www.facebook.com\\\/Notabene.World\"]},{\"@type\":\"Person\",\"@id\":\"https:\\\/\\\/notabene.world\\\/nb\\\/#\\\/schema\\\/person\\\/d768f51293117913d92e71cb1f249e93\",\"name\":\"J\u0119drzej Wi\u015bniewski\",\"image\":{\"@type\":\"ImageObject\",\"inLanguage\":\"pl-PL\",\"@id\":\"https:\\\/\\\/secure.gravatar.com\\\/avatar\\\/5649a655ffcaba268b82cf16999e4def7a7eaf863e57220c20fde00ef61fb01a?s=96&d=mm&r=g\",\"url\":\"https:\\\/\\\/secure.gravatar.com\\\/avatar\\\/5649a655ffcaba268b82cf16999e4def7a7eaf863e57220c20fde00ef61fb01a?s=96&d=mm&r=g\",\"contentUrl\":\"https:\\\/\\\/secure.gravatar.com\\\/avatar\\\/5649a655ffcaba268b82cf16999e4def7a7eaf863e57220c20fde00ef61fb01a?s=96&d=mm&r=g\",\"caption\":\"J\u0119drzej Wi\u015bniewski\"},\"url\":\"https:\\\/\\\/notabene.world\\\/nb\\\/author\\\/jedrzej\\\/\"}]}<\/script>\n<!-- \/ Yoast SEO plugin. -->","yoast_head_json":{"title":"Co\u015b si\u0119 ko\u0144czy, co\u015b sie zaczyna...Czas na Formu\u0142\u0119 1 - NOTABENE.WORLD","robots":{"index":"index","follow":"follow","max-snippet":"max-snippet:-1","max-image-preview":"max-image-preview:large","max-video-preview":"max-video-preview:-1"},"canonical":"https:\/\/notabene.world\/nb\/cos-sie-konczy-cos-sie-zaczyna-czyli-czemu-2022-to-idealny-rok-na-probe-odkrycia-swiata-f1\/","og_locale":"pl_PL","og_type":"article","og_title":"Co\u015b si\u0119 ko\u0144czy, co\u015b sie zaczyna...Czas na Formu\u0142\u0119 1 - NOTABENE.WORLD","og_description":"W\u0142a\u015bnie po\u017cegnali\u015bmy jeden z najlepszych sezon\u00f3w Formu\u0142y 1 nie tylko w ostatnich latach, ale o\u015bmiel\u0119 si\u0119 powiedzie\u0107, \u017ce w ca\u0142ej jej historii. Dlaczego wi\u0119c to w\u0142a\u015bnie teraz uwa\u017cam, \u017ce jest najlepszy moment na poznanie kr\u00f3lowej sport\u00f3w motorowych.","og_url":"https:\/\/notabene.world\/nb\/cos-sie-konczy-cos-sie-zaczyna-czyli-czemu-2022-to-idealny-rok-na-probe-odkrycia-swiata-f1\/","og_site_name":"NOTABENE.WORLD","article_publisher":"https:\/\/www.facebook.com\/Notabene.World","article_published_time":"2022-01-26T00:28:00+00:00","article_modified_time":"2022-02-08T05:58:07+00:00","og_image":[{"width":800,"height":445,"url":"https:\/\/notabene.world\/nb\/wp-content\/uploads\/2022\/01\/formulka-800x445-1.jpg","type":"image\/jpeg"}],"author":"J\u0119drzej Wi\u015bniewski","twitter_card":"summary_large_image","twitter_misc":{"Napisane przez":"J\u0119drzej Wi\u015bniewski","Szacowany czas czytania":"4 minuty"},"schema":{"@context":"https:\/\/schema.org","@graph":[{"@type":"Article","@id":"https:\/\/notabene.world\/nb\/cos-sie-konczy-cos-sie-zaczyna-czyli-czemu-2022-to-idealny-rok-na-probe-odkrycia-swiata-f1\/#article","isPartOf":{"@id":"https:\/\/notabene.world\/nb\/cos-sie-konczy-cos-sie-zaczyna-czyli-czemu-2022-to-idealny-rok-na-probe-odkrycia-swiata-f1\/"},"author":{"name":"J\u0119drzej Wi\u015bniewski","@id":"https:\/\/notabene.world\/nb\/#\/schema\/person\/d768f51293117913d92e71cb1f249e93"},"headline":"Co\u015b si\u0119 ko\u0144czy, co\u015b sie zaczyna&#8230;Czas na Formu\u0142\u0119 1","datePublished":"2022-01-26T00:28:00+00:00","dateModified":"2022-02-08T05:58:07+00:00","mainEntityOfPage":{"@id":"https:\/\/notabene.world\/nb\/cos-sie-konczy-cos-sie-zaczyna-czyli-czemu-2022-to-idealny-rok-na-probe-odkrycia-swiata-f1\/"},"wordCount":754,"publisher":{"@id":"https:\/\/notabene.world\/nb\/#organization"},"image":{"@id":"https:\/\/notabene.world\/nb\/cos-sie-konczy-cos-sie-zaczyna-czyli-czemu-2022-to-idealny-rok-na-probe-odkrycia-swiata-f1\/#primaryimage"},"thumbnailUrl":"https:\/\/i0.wp.com\/notabene.world\/nb\/wp-content\/uploads\/2022\/01\/formulka-800x445-1.jpg?fit=800%2C445&ssl=1","articleSection":["Sport"],"inLanguage":"pl-PL"},{"@type":"WebPage","@id":"https:\/\/notabene.world\/nb\/cos-sie-konczy-cos-sie-zaczyna-czyli-czemu-2022-to-idealny-rok-na-probe-odkrycia-swiata-f1\/","url":"https:\/\/notabene.world\/nb\/cos-sie-konczy-cos-sie-zaczyna-czyli-czemu-2022-to-idealny-rok-na-probe-odkrycia-swiata-f1\/","name":"Co\u015b si\u0119 ko\u0144czy, co\u015b sie zaczyna...Czas na Formu\u0142\u0119 1 - NOTABENE.WORLD","isPartOf":{"@id":"https:\/\/notabene.world\/nb\/#website"},"primaryImageOfPage":{"@id":"https:\/\/notabene.world\/nb\/cos-sie-konczy-cos-sie-zaczyna-czyli-czemu-2022-to-idealny-rok-na-probe-odkrycia-swiata-f1\/#primaryimage"},"image":{"@id":"https:\/\/notabene.world\/nb\/cos-sie-konczy-cos-sie-zaczyna-czyli-czemu-2022-to-idealny-rok-na-probe-odkrycia-swiata-f1\/#primaryimage"},"thumbnailUrl":"https:\/\/i0.wp.com\/notabene.world\/nb\/wp-content\/uploads\/2022\/01\/formulka-800x445-1.jpg?fit=800%2C445&ssl=1","datePublished":"2022-01-26T00:28:00+00:00","dateModified":"2022-02-08T05:58:07+00:00","breadcrumb":{"@id":"https:\/\/notabene.world\/nb\/cos-sie-konczy-cos-sie-zaczyna-czyli-czemu-2022-to-idealny-rok-na-probe-odkrycia-swiata-f1\/#breadcrumb"},"inLanguage":"pl-PL","potentialAction":[{"@type":"ReadAction","target":["https:\/\/notabene.world\/nb\/cos-sie-konczy-cos-sie-zaczyna-czyli-czemu-2022-to-idealny-rok-na-probe-odkrycia-swiata-f1\/"]}]},{"@type":"ImageObject","inLanguage":"pl-PL","@id":"https:\/\/notabene.world\/nb\/cos-sie-konczy-cos-sie-zaczyna-czyli-czemu-2022-to-idealny-rok-na-probe-odkrycia-swiata-f1\/#primaryimage","url":"https:\/\/i0.wp.com\/notabene.world\/nb\/wp-content\/uploads\/2022\/01\/formulka-800x445-1.jpg?fit=800%2C445&ssl=1","contentUrl":"https:\/\/i0.wp.com\/notabene.world\/nb\/wp-content\/uploads\/2022\/01\/formulka-800x445-1.jpg?fit=800%2C445&ssl=1","width":800,"height":445},{"@type":"BreadcrumbList","@id":"https:\/\/notabene.world\/nb\/cos-sie-konczy-cos-sie-zaczyna-czyli-czemu-2022-to-idealny-rok-na-probe-odkrycia-swiata-f1\/#breadcrumb","itemListElement":[{"@type":"ListItem","position":1,"name":"Home","item":"https:\/\/notabene.world\/nb\/"},{"@type":"ListItem","position":2,"name":"Co\u015b si\u0119 ko\u0144czy, co\u015b sie zaczyna&#8230;Czas na Formu\u0142\u0119 1"}]},{"@type":"WebSite","@id":"https:\/\/notabene.world\/nb\/#website","url":"https:\/\/notabene.world\/nb\/","name":"NOTABENE.WORLD","description":"Przekaz. Warto\u015bci. Wsp\u00f3lnota.","publisher":{"@id":"https:\/\/notabene.world\/nb\/#organization"},"potentialAction":[{"@type":"SearchAction","target":{"@type":"EntryPoint","urlTemplate":"https:\/\/notabene.world\/nb\/?s={search_term_string}"},"query-input":{"@type":"PropertyValueSpecification","valueRequired":true,"valueName":"search_term_string"}}],"inLanguage":"pl-PL"},{"@type":"Organization","@id":"https:\/\/notabene.world\/nb\/#organization","name":"NOTABENE.WORLD","url":"https:\/\/notabene.world\/nb\/","logo":{"@type":"ImageObject","inLanguage":"pl-PL","@id":"https:\/\/notabene.world\/nb\/#\/schema\/logo\/image\/","url":"https:\/\/notabene.world\/nb\/wp-content\/uploads\/2022\/01\/NB-club-start-www1.jpg","contentUrl":"https:\/\/notabene.world\/nb\/wp-content\/uploads\/2022\/01\/NB-club-start-www1.jpg","width":1000,"height":839,"caption":"NOTABENE.WORLD"},"image":{"@id":"https:\/\/notabene.world\/nb\/#\/schema\/logo\/image\/"},"sameAs":["https:\/\/www.facebook.com\/Notabene.World"]},{"@type":"Person","@id":"https:\/\/notabene.world\/nb\/#\/schema\/person\/d768f51293117913d92e71cb1f249e93","name":"J\u0119drzej Wi\u015bniewski","image":{"@type":"ImageObject","inLanguage":"pl-PL","@id":"https:\/\/secure.gravatar.com\/avatar\/5649a655ffcaba268b82cf16999e4def7a7eaf863e57220c20fde00ef61fb01a?s=96&d=mm&r=g","url":"https:\/\/secure.gravatar.com\/avatar\/5649a655ffcaba268b82cf16999e4def7a7eaf863e57220c20fde00ef61fb01a?s=96&d=mm&r=g","contentUrl":"https:\/\/secure.gravatar.com\/avatar\/5649a655ffcaba268b82cf16999e4def7a7eaf863e57220c20fde00ef61fb01a?s=96&d=mm&r=g","caption":"J\u0119drzej Wi\u015bniewski"},"url":"https:\/\/notabene.world\/nb\/author\/jedrzej\/"}]}},"jetpack_featured_media_url":"https:\/\/i0.wp.com\/notabene.world\/nb\/wp-content\/uploads\/2022\/01\/formulka-800x445-1.jpg?fit=800%2C445&ssl=1","jetpack_sharing_enabled":true,"jetpack_shortlink":"https:\/\/wp.me\/pdCobN-kU","_links":{"self":[{"href":"https:\/\/notabene.world\/nb\/wp-json\/wp\/v2\/posts\/1296","targetHints":{"allow":["GET"]}}],"collection":[{"href":"https:\/\/notabene.world\/nb\/wp-json\/wp\/v2\/posts"}],"about":[{"href":"https:\/\/notabene.world\/nb\/wp-json\/wp\/v2\/types\/post"}],"author":[{"embeddable":true,"href":"https:\/\/notabene.world\/nb\/wp-json\/wp\/v2\/users\/10"}],"replies":[{"embeddable":true,"href":"https:\/\/notabene.world\/nb\/wp-json\/wp\/v2\/comments?post=1296"}],"version-history":[{"count":4,"href":"https:\/\/notabene.world\/nb\/wp-json\/wp\/v2\/posts\/1296\/revisions"}],"predecessor-version":[{"id":1918,"href":"https:\/\/notabene.world\/nb\/wp-json\/wp\/v2\/posts\/1296\/revisions\/1918"}],"wp:featuredmedia":[{"embeddable":true,"href":"https:\/\/notabene.world\/nb\/wp-json\/wp\/v2\/media\/1311"}],"wp:attachment":[{"href":"https:\/\/notabene.world\/nb\/wp-json\/wp\/v2\/media?parent=1296"}],"wp:term":[{"taxonomy":"category","embeddable":true,"href":"https:\/\/notabene.world\/nb\/wp-json\/wp\/v2\/categories?post=1296"},{"taxonomy":"post_tag","embeddable":true,"href":"https:\/\/notabene.world\/nb\/wp-json\/wp\/v2\/tags?post=1296"}],"curies":[{"name":"wp","href":"https:\/\/api.w.org\/{rel}","templated":true}]}}