{"id":13214,"date":"2024-06-10T21:33:44","date_gmt":"2024-06-10T19:33:44","guid":{"rendered":"https:\/\/notabene.world\/nb\/?p=13214"},"modified":"2024-07-01T21:23:41","modified_gmt":"2024-07-01T19:23:41","slug":"okolo-35-miliona-gospodarstw","status":"publish","type":"post","link":"https:\/\/notabene.world\/nb\/okolo-35-miliona-gospodarstw\/","title":{"rendered":"Oko\u0142o 3,5 miliona gospodarstw\u2026"},"content":{"rendered":"\n<p>Poniedzia\u0142ek. Wyj\u0105tkowy, gdy\u017c wczoraj odby\u0142y si\u0119 wybory do Parlamentu Europejskiego. Mo\u017cemy teraz troch\u0119 odpocz\u0105\u0107 od polityki po wyczerpuj\u0105cym \u201etr\u00f3jskoku wyborczym\u201d.<\/p>\n\n\n\n<p>Niestety w najbli\u017cszym czasie nie mo\u017cemy liczy\u0107 na spok\u00f3j w pogodzie. W ostatnich dniach przez Polsk\u0119 przetaczaj\u0105 si\u0119 gwa\u0142towne nawa\u0142nice. Ulewne deszcze i grad powoduj\u0105 zalania, a wiatr wiej\u0105cy ponad 80-90 km na godzin\u0119 dope\u0142nia skali zniszcze\u0144. Z niepokojem zaczynamy patrze\u0107 na prognozy pogody. Tym bardziej, \u017ce pod koniec czerwca zaczynaj\u0105 si\u0119 wakacje.<\/p>\n\n\n\n<p>Z niepokojem tak\u017ce czekamy na lipiec. Zaczn\u0105 wtedy obowi\u0105zywa\u0107 nowe ceny gazu i energii elektrycznej. Rz\u0105d proponuje jednorazowe \u015bwiadczenie pieni\u0119\u017cne przeznaczone dla oko\u0142o 3,5 miliona gospodarstw domowych. Bon energetyczny ma by\u0107 wsparciem dla gospodarstw domowych, w szczeg\u00f3lno\u015bci tych o niskich dochodach. To \u015bwiadczenie obejmie r\u00f3wnie\u017c emeryt\u00f3w i rencist\u00f3w. Bon b\u0119dzie przyznawany&nbsp;&nbsp;na podstawie dochod\u00f3w, a jego wysoko\u015b\u0107 zale\u017ce\u0107 b\u0119dzie od liczby os\u00f3b w gospodarstwie domowym. Je\u017celi g\u0142\u00f3wne \u017ar\u00f3d\u0142o ogrzewania domu jest zasilane energi\u0105 elektryczn\u0105, warto\u015b\u0107 bonu wzro\u015bnie o 100%. Wnioski o przyznanie bonu b\u0119dzie mo\u017cna sk\u0142ada\u0107 od 1 sierpnia do 30 wrze\u015bnia 2024 roku.<\/p>\n\n\n\n<p>Martwi\u0105 informacje o znacznym wzro\u015bcie zachorowa\u0144 na odr\u0119 i krztusiec. W wi\u0119kszo\u015bci choruj\u0105 dzieci. Jak twierdz\u0105 lekarze, jest to niestety pok\u0142osie braku szczepie\u0144. W latach 2014 \u2013 2023 a\u017c 82 tysi\u0105ce rodzic\u00f3w odm\u00f3wi\u0142o szczepie\u0144 swoich dzieci. W naszym kraju do obowi\u0105zkowych szczepie\u0144 zalicza si\u0119 mi\u0119dzy innymi szczepienia przeciwko gru\u017alicy, t\u0119\u017ccowi, krztu\u015bcowi, odrze, \u015bwince i r\u00f3\u017cyczce. Szczepionki to jeden z najskuteczniejszych sposob\u00f3w wspierania odporno\u015bci, a tym samym prewencja wielu powa\u017cnych chor\u00f3b, kt\u00f3re mog\u0105 zagra\u017ca\u0107 nie tylko zdrowiu, ale tak\u017ce \u017cyciu. Kara za brak szczepie\u0144 to tylko tysi\u0105c z\u0142otych. Wielu ekspert\u00f3w twierdzi, \u017ce tak niska kara nie jest skuteczna.<\/p>\n\n\n\n<p>Wszyscy powinni\u015bmy dba\u0107 o zdrowie, od tego w du\u017cym stopniu zale\u017cy d\u0142ugo\u015b\u0107 naszego \u017cycia. Wed\u0142ug wst\u0119pnych danych Eurostatu (stan na maj 2024) \u015brednia oczekiwana d\u0142ugo\u015b\u0107 \u017cycia w Polsce w 2023 roku wynosi\u0142a 78,6&nbsp;&nbsp;lat i by\u0142a d\u0142u\u017csza o 7,1 lat ni\u017c 30 lat temu (w&nbsp;&nbsp;1993 roku &#8211; 71,5 lat). Dla por\u00f3wnania &#8211; w krajach europejskich \u015brednia oczekiwana d\u0142ugo\u015b\u0107 \u017cycia w 2023 roku wynosi\u0142a 81,5 lat.<\/p>\n\n\n\n<p>A w Ukrainie ju\u017c 838 dzie\u0144 wojny. Trwa ci\u0105g\u0142y ostrza\u0142&nbsp;&nbsp;wielu region\u00f3w, cho\u0107 prezydent Ukrainy poinformowa\u0142, \u017ce ofensywa podj\u0119ta przez Rosjan na Chark\u00f3w nie by\u0142a udana. Trzymamy kciuki.<\/p>\n","protected":false},"excerpt":{"rendered":"<p>Martwi\u0105 informacje o znacznym wzro\u015bcie zachorowa\u0144 na odr\u0119 i krztusiec. W wi\u0119kszo\u015bci choruj\u0105 dzieci. Jak twierdz\u0105 lekarze, jest to niestety pok\u0142osie braku szczepie\u0144. W latach 2014 \u2013 2023 a\u017c 82 tysi\u0105ce rodzic\u00f3w odm\u00f3wi\u0142o szczepie\u0144 swoich dzieci. W naszym kraju do obowi\u0105zkowych szczepie\u0144 zalicza si\u0119 mi\u0119dzy innymi szczepienia przeciwko gru\u017alicy, t\u0119\u017ccowi, krztu\u015bcowi, odrze, \u015bwince i r\u00f3\u017cyczce. Szczepionki to jeden z najskuteczniejszych sposob\u00f3w wspierania odporno\u015bci, a tym samym prewencja wielu powa\u017cnych chor\u00f3b, kt\u00f3re mog\u0105 zagra\u017ca\u0107 nie tylko zdrowiu, ale tak\u017ce \u017cyciu. Kara za brak szczepie\u0144 to tylko tysi\u0105c z\u0142otych. Wielu ekspert\u00f3w twierdzi, \u017ce tak niska kara nie jest skuteczna.<br \/>\n<br \/>\nWszyscy powinni\u015bmy dba\u0107 o zdrowie, od tego w du\u017cym stopniu zale\u017cy d\u0142ugo\u015b\u0107 naszego \u017cycia. Wed\u0142ug wst\u0119pnych danych Eurostatu (stan na maj 2024) \u015brednia oczekiwana d\u0142ugo\u015b\u0107 \u017cycia w Polsce w 2023 roku wynosi\u0142a 78,6\u00a0\u00a0lat i by\u0142a d\u0142u\u017csza o 7,1 lat ni\u017c 30 lat temu (w\u00a0\u00a01993 roku &#8211; 71,5 lat). Dla por\u00f3wnania &#8211; w krajach europejskich \u015brednia oczekiwana d\u0142ugo\u015b\u0107 \u017cycia w 2023 roku wynosi\u0142a 81,5 lat.<\/p>\n","protected":false},"author":35,"featured_media":13218,"comment_status":"closed","ping_status":"closed","sticky":false,"template":"","format":"standard","meta":{"colormag_page_container_layout":"no_sidebar_content_centered","colormag_page_sidebar_layout":"no_sidebar","_jetpack_memberships_contains_paid_content":false,"footnotes":"","_links_to":"","_links_to_target":""},"categories":[64,42,175],"tags":[],"class_list":["post-13214","post","type-post","status-publish","format-standard","has-post-thumbnail","hentry","category-aktualnosci","category-felietony","category-liczby-i-fakty"],"yoast_head":"<!-- This site is optimized with the Yoast SEO plugin v27.4 - https:\/\/yoast.com\/product\/yoast-seo-wordpress\/ -->\n<title>Oko\u0142o 3,5 miliona gospodarstw\u2026 - NOTABENE.WORLD<\/title>\n<meta name=\"robots\" content=\"index, follow, max-snippet:-1, max-image-preview:large, max-video-preview:-1\" \/>\n<link rel=\"canonical\" href=\"https:\/\/notabene.world\/nb\/okolo-35-miliona-gospodarstw\/\" \/>\n<meta property=\"og:locale\" content=\"pl_PL\" \/>\n<meta property=\"og:type\" content=\"article\" \/>\n<meta property=\"og:title\" content=\"Oko\u0142o 3,5 miliona gospodarstw\u2026 - NOTABENE.WORLD\" \/>\n<meta property=\"og:description\" content=\"Martwi\u0105 informacje o znacznym wzro\u015bcie zachorowa\u0144 na odr\u0119 i krztusiec. W wi\u0119kszo\u015bci choruj\u0105 dzieci. Jak twierdz\u0105 lekarze, jest to niestety pok\u0142osie braku szczepie\u0144. W latach 2014 \u2013 2023 a\u017c 82 tysi\u0105ce rodzic\u00f3w odm\u00f3wi\u0142o szczepie\u0144 swoich dzieci. W naszym kraju do obowi\u0105zkowych szczepie\u0144 zalicza si\u0119 mi\u0119dzy innymi szczepienia przeciwko gru\u017alicy, t\u0119\u017ccowi, krztu\u015bcowi, odrze, \u015bwince i r\u00f3\u017cyczce. Szczepionki to jeden z najskuteczniejszych sposob\u00f3w wspierania odporno\u015bci, a tym samym prewencja wielu powa\u017cnych chor\u00f3b, kt\u00f3re mog\u0105 zagra\u017ca\u0107 nie tylko zdrowiu, ale tak\u017ce \u017cyciu. Kara za brak szczepie\u0144 to tylko tysi\u0105c z\u0142otych. Wielu ekspert\u00f3w twierdzi, \u017ce tak niska kara nie jest skuteczna. Wszyscy powinni\u015bmy dba\u0107 o zdrowie, od tego w du\u017cym stopniu zale\u017cy d\u0142ugo\u015b\u0107 naszego \u017cycia. Wed\u0142ug wst\u0119pnych danych Eurostatu (stan na maj 2024) \u015brednia oczekiwana d\u0142ugo\u015b\u0107 \u017cycia w Polsce w 2023 roku wynosi\u0142a 78,6\u00a0\u00a0lat i by\u0142a d\u0142u\u017csza o 7,1 lat ni\u017c 30 lat temu (w\u00a0\u00a01993 roku - 71,5 lat). Dla por\u00f3wnania - w krajach europejskich \u015brednia oczekiwana d\u0142ugo\u015b\u0107 \u017cycia w 2023 roku wynosi\u0142a 81,5 lat.\" \/>\n<meta property=\"og:url\" content=\"https:\/\/notabene.world\/nb\/okolo-35-miliona-gospodarstw\/\" \/>\n<meta property=\"og:site_name\" content=\"NOTABENE.WORLD\" \/>\n<meta property=\"article:publisher\" content=\"https:\/\/www.facebook.com\/Notabene.World\" \/>\n<meta property=\"article:published_time\" content=\"2024-06-10T19:33:44+00:00\" \/>\n<meta property=\"article:modified_time\" content=\"2024-07-01T19:23:41+00:00\" \/>\n<meta property=\"og:image\" content=\"https:\/\/notabene.world\/nb\/wp-content\/uploads\/2024\/06\/bd-nr.jpg\" \/>\n\t<meta property=\"og:image:width\" content=\"800\" \/>\n\t<meta property=\"og:image:height\" content=\"445\" \/>\n\t<meta property=\"og:image:type\" content=\"image\/jpeg\" \/>\n<meta name=\"author\" content=\"B D\" \/>\n<meta name=\"twitter:card\" content=\"summary_large_image\" \/>\n<meta name=\"twitter:label1\" content=\"Napisane przez\" \/>\n\t<meta name=\"twitter:data1\" content=\"B D\" \/>\n\t<meta name=\"twitter:label2\" content=\"Szacowany czas czytania\" \/>\n\t<meta name=\"twitter:data2\" content=\"2 minuty\" \/>\n<script type=\"application\/ld+json\" class=\"yoast-schema-graph\">{\"@context\":\"https:\\\/\\\/schema.org\",\"@graph\":[{\"@type\":\"Article\",\"@id\":\"https:\\\/\\\/notabene.world\\\/nb\\\/okolo-35-miliona-gospodarstw\\\/#article\",\"isPartOf\":{\"@id\":\"https:\\\/\\\/notabene.world\\\/nb\\\/okolo-35-miliona-gospodarstw\\\/\"},\"author\":{\"name\":\"B D\",\"@id\":\"https:\\\/\\\/notabene.world\\\/nb\\\/#\\\/schema\\\/person\\\/9081f0d094ad3e2767736feb48c99520\"},\"headline\":\"Oko\u0142o 3,5 miliona gospodarstw\u2026\",\"datePublished\":\"2024-06-10T19:33:44+00:00\",\"dateModified\":\"2024-07-01T19:23:41+00:00\",\"mainEntityOfPage\":{\"@id\":\"https:\\\/\\\/notabene.world\\\/nb\\\/okolo-35-miliona-gospodarstw\\\/\"},\"wordCount\":432,\"publisher\":{\"@id\":\"https:\\\/\\\/notabene.world\\\/nb\\\/#organization\"},\"image\":{\"@id\":\"https:\\\/\\\/notabene.world\\\/nb\\\/okolo-35-miliona-gospodarstw\\\/#primaryimage\"},\"thumbnailUrl\":\"https:\\\/\\\/i0.wp.com\\\/notabene.world\\\/nb\\\/wp-content\\\/uploads\\\/2024\\\/06\\\/bd-nr.jpg?fit=800%2C445&ssl=1\",\"articleSection\":[\"Aktualno\u015bci\",\"Felietony\",\"Liczby i Fakty\"],\"inLanguage\":\"pl-PL\"},{\"@type\":\"WebPage\",\"@id\":\"https:\\\/\\\/notabene.world\\\/nb\\\/okolo-35-miliona-gospodarstw\\\/\",\"url\":\"https:\\\/\\\/notabene.world\\\/nb\\\/okolo-35-miliona-gospodarstw\\\/\",\"name\":\"Oko\u0142o 3,5 miliona gospodarstw\u2026 - NOTABENE.WORLD\",\"isPartOf\":{\"@id\":\"https:\\\/\\\/notabene.world\\\/nb\\\/#website\"},\"primaryImageOfPage\":{\"@id\":\"https:\\\/\\\/notabene.world\\\/nb\\\/okolo-35-miliona-gospodarstw\\\/#primaryimage\"},\"image\":{\"@id\":\"https:\\\/\\\/notabene.world\\\/nb\\\/okolo-35-miliona-gospodarstw\\\/#primaryimage\"},\"thumbnailUrl\":\"https:\\\/\\\/i0.wp.com\\\/notabene.world\\\/nb\\\/wp-content\\\/uploads\\\/2024\\\/06\\\/bd-nr.jpg?fit=800%2C445&ssl=1\",\"datePublished\":\"2024-06-10T19:33:44+00:00\",\"dateModified\":\"2024-07-01T19:23:41+00:00\",\"breadcrumb\":{\"@id\":\"https:\\\/\\\/notabene.world\\\/nb\\\/okolo-35-miliona-gospodarstw\\\/#breadcrumb\"},\"inLanguage\":\"pl-PL\",\"potentialAction\":[{\"@type\":\"ReadAction\",\"target\":[\"https:\\\/\\\/notabene.world\\\/nb\\\/okolo-35-miliona-gospodarstw\\\/\"]}]},{\"@type\":\"ImageObject\",\"inLanguage\":\"pl-PL\",\"@id\":\"https:\\\/\\\/notabene.world\\\/nb\\\/okolo-35-miliona-gospodarstw\\\/#primaryimage\",\"url\":\"https:\\\/\\\/i0.wp.com\\\/notabene.world\\\/nb\\\/wp-content\\\/uploads\\\/2024\\\/06\\\/bd-nr.jpg?fit=800%2C445&ssl=1\",\"contentUrl\":\"https:\\\/\\\/i0.wp.com\\\/notabene.world\\\/nb\\\/wp-content\\\/uploads\\\/2024\\\/06\\\/bd-nr.jpg?fit=800%2C445&ssl=1\",\"width\":800,\"height\":445},{\"@type\":\"BreadcrumbList\",\"@id\":\"https:\\\/\\\/notabene.world\\\/nb\\\/okolo-35-miliona-gospodarstw\\\/#breadcrumb\",\"itemListElement\":[{\"@type\":\"ListItem\",\"position\":1,\"name\":\"Home\",\"item\":\"https:\\\/\\\/notabene.world\\\/nb\\\/\"},{\"@type\":\"ListItem\",\"position\":2,\"name\":\"Oko\u0142o 3,5 miliona gospodarstw\u2026\"}]},{\"@type\":\"WebSite\",\"@id\":\"https:\\\/\\\/notabene.world\\\/nb\\\/#website\",\"url\":\"https:\\\/\\\/notabene.world\\\/nb\\\/\",\"name\":\"NOTABENE.WORLD\",\"description\":\"Przekaz. Warto\u015bci. Wsp\u00f3lnota.\",\"publisher\":{\"@id\":\"https:\\\/\\\/notabene.world\\\/nb\\\/#organization\"},\"potentialAction\":[{\"@type\":\"SearchAction\",\"target\":{\"@type\":\"EntryPoint\",\"urlTemplate\":\"https:\\\/\\\/notabene.world\\\/nb\\\/?s={search_term_string}\"},\"query-input\":{\"@type\":\"PropertyValueSpecification\",\"valueRequired\":true,\"valueName\":\"search_term_string\"}}],\"inLanguage\":\"pl-PL\"},{\"@type\":\"Organization\",\"@id\":\"https:\\\/\\\/notabene.world\\\/nb\\\/#organization\",\"name\":\"NOTABENE.WORLD\",\"url\":\"https:\\\/\\\/notabene.world\\\/nb\\\/\",\"logo\":{\"@type\":\"ImageObject\",\"inLanguage\":\"pl-PL\",\"@id\":\"https:\\\/\\\/notabene.world\\\/nb\\\/#\\\/schema\\\/logo\\\/image\\\/\",\"url\":\"https:\\\/\\\/notabene.world\\\/nb\\\/wp-content\\\/uploads\\\/2022\\\/01\\\/NB-club-start-www1.jpg\",\"contentUrl\":\"https:\\\/\\\/notabene.world\\\/nb\\\/wp-content\\\/uploads\\\/2022\\\/01\\\/NB-club-start-www1.jpg\",\"width\":1000,\"height\":839,\"caption\":\"NOTABENE.WORLD\"},\"image\":{\"@id\":\"https:\\\/\\\/notabene.world\\\/nb\\\/#\\\/schema\\\/logo\\\/image\\\/\"},\"sameAs\":[\"https:\\\/\\\/www.facebook.com\\\/Notabene.World\"]},{\"@type\":\"Person\",\"@id\":\"https:\\\/\\\/notabene.world\\\/nb\\\/#\\\/schema\\\/person\\\/9081f0d094ad3e2767736feb48c99520\",\"name\":\"B D\",\"image\":{\"@type\":\"ImageObject\",\"inLanguage\":\"pl-PL\",\"@id\":\"https:\\\/\\\/secure.gravatar.com\\\/avatar\\\/ebcdcd8c0a7789c85d5a03ead2e68bda7a5fcb1ab728d56a4bd678c5ea15faa2?s=96&d=mm&r=g\",\"url\":\"https:\\\/\\\/secure.gravatar.com\\\/avatar\\\/ebcdcd8c0a7789c85d5a03ead2e68bda7a5fcb1ab728d56a4bd678c5ea15faa2?s=96&d=mm&r=g\",\"contentUrl\":\"https:\\\/\\\/secure.gravatar.com\\\/avatar\\\/ebcdcd8c0a7789c85d5a03ead2e68bda7a5fcb1ab728d56a4bd678c5ea15faa2?s=96&d=mm&r=g\",\"caption\":\"B D\"},\"url\":\"https:\\\/\\\/notabene.world\\\/nb\\\/author\\\/jo-d\\\/\"}]}<\/script>\n<!-- \/ Yoast SEO plugin. -->","yoast_head_json":{"title":"Oko\u0142o 3,5 miliona gospodarstw\u2026 - NOTABENE.WORLD","robots":{"index":"index","follow":"follow","max-snippet":"max-snippet:-1","max-image-preview":"max-image-preview:large","max-video-preview":"max-video-preview:-1"},"canonical":"https:\/\/notabene.world\/nb\/okolo-35-miliona-gospodarstw\/","og_locale":"pl_PL","og_type":"article","og_title":"Oko\u0142o 3,5 miliona gospodarstw\u2026 - NOTABENE.WORLD","og_description":"Martwi\u0105 informacje o znacznym wzro\u015bcie zachorowa\u0144 na odr\u0119 i krztusiec. W wi\u0119kszo\u015bci choruj\u0105 dzieci. Jak twierdz\u0105 lekarze, jest to niestety pok\u0142osie braku szczepie\u0144. W latach 2014 \u2013 2023 a\u017c 82 tysi\u0105ce rodzic\u00f3w odm\u00f3wi\u0142o szczepie\u0144 swoich dzieci. W naszym kraju do obowi\u0105zkowych szczepie\u0144 zalicza si\u0119 mi\u0119dzy innymi szczepienia przeciwko gru\u017alicy, t\u0119\u017ccowi, krztu\u015bcowi, odrze, \u015bwince i r\u00f3\u017cyczce. Szczepionki to jeden z najskuteczniejszych sposob\u00f3w wspierania odporno\u015bci, a tym samym prewencja wielu powa\u017cnych chor\u00f3b, kt\u00f3re mog\u0105 zagra\u017ca\u0107 nie tylko zdrowiu, ale tak\u017ce \u017cyciu. Kara za brak szczepie\u0144 to tylko tysi\u0105c z\u0142otych. Wielu ekspert\u00f3w twierdzi, \u017ce tak niska kara nie jest skuteczna. Wszyscy powinni\u015bmy dba\u0107 o zdrowie, od tego w du\u017cym stopniu zale\u017cy d\u0142ugo\u015b\u0107 naszego \u017cycia. Wed\u0142ug wst\u0119pnych danych Eurostatu (stan na maj 2024) \u015brednia oczekiwana d\u0142ugo\u015b\u0107 \u017cycia w Polsce w 2023 roku wynosi\u0142a 78,6\u00a0\u00a0lat i by\u0142a d\u0142u\u017csza o 7,1 lat ni\u017c 30 lat temu (w\u00a0\u00a01993 roku - 71,5 lat). Dla por\u00f3wnania - w krajach europejskich \u015brednia oczekiwana d\u0142ugo\u015b\u0107 \u017cycia w 2023 roku wynosi\u0142a 81,5 lat.","og_url":"https:\/\/notabene.world\/nb\/okolo-35-miliona-gospodarstw\/","og_site_name":"NOTABENE.WORLD","article_publisher":"https:\/\/www.facebook.com\/Notabene.World","article_published_time":"2024-06-10T19:33:44+00:00","article_modified_time":"2024-07-01T19:23:41+00:00","og_image":[{"width":800,"height":445,"url":"https:\/\/notabene.world\/nb\/wp-content\/uploads\/2024\/06\/bd-nr.jpg","type":"image\/jpeg"}],"author":"B D","twitter_card":"summary_large_image","twitter_misc":{"Napisane przez":"B D","Szacowany czas czytania":"2 minuty"},"schema":{"@context":"https:\/\/schema.org","@graph":[{"@type":"Article","@id":"https:\/\/notabene.world\/nb\/okolo-35-miliona-gospodarstw\/#article","isPartOf":{"@id":"https:\/\/notabene.world\/nb\/okolo-35-miliona-gospodarstw\/"},"author":{"name":"B D","@id":"https:\/\/notabene.world\/nb\/#\/schema\/person\/9081f0d094ad3e2767736feb48c99520"},"headline":"Oko\u0142o 3,5 miliona gospodarstw\u2026","datePublished":"2024-06-10T19:33:44+00:00","dateModified":"2024-07-01T19:23:41+00:00","mainEntityOfPage":{"@id":"https:\/\/notabene.world\/nb\/okolo-35-miliona-gospodarstw\/"},"wordCount":432,"publisher":{"@id":"https:\/\/notabene.world\/nb\/#organization"},"image":{"@id":"https:\/\/notabene.world\/nb\/okolo-35-miliona-gospodarstw\/#primaryimage"},"thumbnailUrl":"https:\/\/i0.wp.com\/notabene.world\/nb\/wp-content\/uploads\/2024\/06\/bd-nr.jpg?fit=800%2C445&ssl=1","articleSection":["Aktualno\u015bci","Felietony","Liczby i Fakty"],"inLanguage":"pl-PL"},{"@type":"WebPage","@id":"https:\/\/notabene.world\/nb\/okolo-35-miliona-gospodarstw\/","url":"https:\/\/notabene.world\/nb\/okolo-35-miliona-gospodarstw\/","name":"Oko\u0142o 3,5 miliona gospodarstw\u2026 - NOTABENE.WORLD","isPartOf":{"@id":"https:\/\/notabene.world\/nb\/#website"},"primaryImageOfPage":{"@id":"https:\/\/notabene.world\/nb\/okolo-35-miliona-gospodarstw\/#primaryimage"},"image":{"@id":"https:\/\/notabene.world\/nb\/okolo-35-miliona-gospodarstw\/#primaryimage"},"thumbnailUrl":"https:\/\/i0.wp.com\/notabene.world\/nb\/wp-content\/uploads\/2024\/06\/bd-nr.jpg?fit=800%2C445&ssl=1","datePublished":"2024-06-10T19:33:44+00:00","dateModified":"2024-07-01T19:23:41+00:00","breadcrumb":{"@id":"https:\/\/notabene.world\/nb\/okolo-35-miliona-gospodarstw\/#breadcrumb"},"inLanguage":"pl-PL","potentialAction":[{"@type":"ReadAction","target":["https:\/\/notabene.world\/nb\/okolo-35-miliona-gospodarstw\/"]}]},{"@type":"ImageObject","inLanguage":"pl-PL","@id":"https:\/\/notabene.world\/nb\/okolo-35-miliona-gospodarstw\/#primaryimage","url":"https:\/\/i0.wp.com\/notabene.world\/nb\/wp-content\/uploads\/2024\/06\/bd-nr.jpg?fit=800%2C445&ssl=1","contentUrl":"https:\/\/i0.wp.com\/notabene.world\/nb\/wp-content\/uploads\/2024\/06\/bd-nr.jpg?fit=800%2C445&ssl=1","width":800,"height":445},{"@type":"BreadcrumbList","@id":"https:\/\/notabene.world\/nb\/okolo-35-miliona-gospodarstw\/#breadcrumb","itemListElement":[{"@type":"ListItem","position":1,"name":"Home","item":"https:\/\/notabene.world\/nb\/"},{"@type":"ListItem","position":2,"name":"Oko\u0142o 3,5 miliona gospodarstw\u2026"}]},{"@type":"WebSite","@id":"https:\/\/notabene.world\/nb\/#website","url":"https:\/\/notabene.world\/nb\/","name":"NOTABENE.WORLD","description":"Przekaz. Warto\u015bci. Wsp\u00f3lnota.","publisher":{"@id":"https:\/\/notabene.world\/nb\/#organization"},"potentialAction":[{"@type":"SearchAction","target":{"@type":"EntryPoint","urlTemplate":"https:\/\/notabene.world\/nb\/?s={search_term_string}"},"query-input":{"@type":"PropertyValueSpecification","valueRequired":true,"valueName":"search_term_string"}}],"inLanguage":"pl-PL"},{"@type":"Organization","@id":"https:\/\/notabene.world\/nb\/#organization","name":"NOTABENE.WORLD","url":"https:\/\/notabene.world\/nb\/","logo":{"@type":"ImageObject","inLanguage":"pl-PL","@id":"https:\/\/notabene.world\/nb\/#\/schema\/logo\/image\/","url":"https:\/\/notabene.world\/nb\/wp-content\/uploads\/2022\/01\/NB-club-start-www1.jpg","contentUrl":"https:\/\/notabene.world\/nb\/wp-content\/uploads\/2022\/01\/NB-club-start-www1.jpg","width":1000,"height":839,"caption":"NOTABENE.WORLD"},"image":{"@id":"https:\/\/notabene.world\/nb\/#\/schema\/logo\/image\/"},"sameAs":["https:\/\/www.facebook.com\/Notabene.World"]},{"@type":"Person","@id":"https:\/\/notabene.world\/nb\/#\/schema\/person\/9081f0d094ad3e2767736feb48c99520","name":"B D","image":{"@type":"ImageObject","inLanguage":"pl-PL","@id":"https:\/\/secure.gravatar.com\/avatar\/ebcdcd8c0a7789c85d5a03ead2e68bda7a5fcb1ab728d56a4bd678c5ea15faa2?s=96&d=mm&r=g","url":"https:\/\/secure.gravatar.com\/avatar\/ebcdcd8c0a7789c85d5a03ead2e68bda7a5fcb1ab728d56a4bd678c5ea15faa2?s=96&d=mm&r=g","contentUrl":"https:\/\/secure.gravatar.com\/avatar\/ebcdcd8c0a7789c85d5a03ead2e68bda7a5fcb1ab728d56a4bd678c5ea15faa2?s=96&d=mm&r=g","caption":"B D"},"url":"https:\/\/notabene.world\/nb\/author\/jo-d\/"}]}},"jetpack_featured_media_url":"https:\/\/i0.wp.com\/notabene.world\/nb\/wp-content\/uploads\/2024\/06\/bd-nr.jpg?fit=800%2C445&ssl=1","jetpack_sharing_enabled":true,"jetpack_shortlink":"https:\/\/wp.me\/pdCobN-3r8","_links":{"self":[{"href":"https:\/\/notabene.world\/nb\/wp-json\/wp\/v2\/posts\/13214","targetHints":{"allow":["GET"]}}],"collection":[{"href":"https:\/\/notabene.world\/nb\/wp-json\/wp\/v2\/posts"}],"about":[{"href":"https:\/\/notabene.world\/nb\/wp-json\/wp\/v2\/types\/post"}],"author":[{"embeddable":true,"href":"https:\/\/notabene.world\/nb\/wp-json\/wp\/v2\/users\/35"}],"replies":[{"embeddable":true,"href":"https:\/\/notabene.world\/nb\/wp-json\/wp\/v2\/comments?post=13214"}],"version-history":[{"count":2,"href":"https:\/\/notabene.world\/nb\/wp-json\/wp\/v2\/posts\/13214\/revisions"}],"predecessor-version":[{"id":13217,"href":"https:\/\/notabene.world\/nb\/wp-json\/wp\/v2\/posts\/13214\/revisions\/13217"}],"wp:featuredmedia":[{"embeddable":true,"href":"https:\/\/notabene.world\/nb\/wp-json\/wp\/v2\/media\/13218"}],"wp:attachment":[{"href":"https:\/\/notabene.world\/nb\/wp-json\/wp\/v2\/media?parent=13214"}],"wp:term":[{"taxonomy":"category","embeddable":true,"href":"https:\/\/notabene.world\/nb\/wp-json\/wp\/v2\/categories?post=13214"},{"taxonomy":"post_tag","embeddable":true,"href":"https:\/\/notabene.world\/nb\/wp-json\/wp\/v2\/tags?post=13214"}],"curies":[{"name":"wp","href":"https:\/\/api.w.org\/{rel}","templated":true}]}}