{"id":13250,"date":"2024-06-30T23:31:51","date_gmt":"2024-06-30T21:31:51","guid":{"rendered":"https:\/\/notabene.world\/nb\/?p=13250"},"modified":"2024-07-20T13:06:31","modified_gmt":"2024-07-20T11:06:31","slug":"ponad-30-osob-na-jedno-miejsce","status":"publish","type":"post","link":"https:\/\/notabene.world\/nb\/ponad-30-osob-na-jedno-miejsce\/","title":{"rendered":"Ponad 30 os\u00f3b na jedno miejsce\u2026.."},"content":{"rendered":"\n<p>Niedziela. Od kilku dni w ca\u0142ej Polsce panuj\u0105 upa\u0142y, temperatura cz\u0119sto przekracza 30 stopni, a dzi\u015b nawet 35. Niestety takim temperaturom towarzysz\u0105 gwa\u0142towne burze z opadami gradu i ulewami. Wiatr wieje ponad 80-90 kilometr\u00f3w na godzin\u0119. Dzi\u015b w nocy synoptycy przewiduj\u0105, \u017ce wiatr mo\u017ce osi\u0105ga\u0107 pr\u0119dko\u015b\u0107 do 120 kilometr\u00f3w na godzin\u0119. Mog\u0105 te\u017c wyst\u0105pi\u0107 tr\u0105by powietrzne. W przysz\u0142ym tygodniu powinno by\u0107 ch\u0142odniej, z czego jednak nie wszyscy si\u0119 ciesz\u0105. W ko\u0144cu to wakacje.<\/p>\n\n\n\n<p>W tym roku wakacyjne plany ma 63% Polak\u00f3w. Wa\u017cnym czynnikiem wp\u0142ywaj\u0105cym na wyb\u00f3r typu i miejsca wypoczynku s\u0105&nbsp;&nbsp;dzieci. Rodziny z dzie\u0107mi cz\u0119\u015bciej wybieraj\u0105 pobyt nad morzem, planuj\u0105 r\u00f3wnie\u017c wyjazdy z wi\u0119kszym wyprzedzeniem. Na wakacje nasi rodacy zamierzaj\u0105 wyda\u0107 w tym roku \u015brednio 1734 z\u0142otych na osob\u0119, 56% planuje sp\u0119dzi\u0107 urlop w Polsce, 24% chce wyjecha\u0107 za granic\u0119, 14% zostaje w domu, a 6% jeszcze nie wie, co b\u0119dzie robi\u0107. Wiele os\u00f3b, planuj\u0105c urlop, zamierza jednak pracowa\u0107, \u0142\u0105cz\u0105c wakacje z prac\u0105 zdaln\u0105. Wed\u0142ug bada\u0144 wydamy na odpoczynek o 7% wi\u0119cej ni\u017c w ubieg\u0142ym roku.<\/p>\n\n\n\n<p>Niekt\u00f3rzy z nas, my\u015bl\u0105c o urlopie, wzi\u0119li pod uwag\u0119, \u017ce od 1 lipca wzro\u015bnie p\u0142aca minimalna. To ju\u017c druga podwy\u017cka w tym roku. Od lipca najni\u017csza pensja wynosi\u0107 b\u0119dzie 4300 z\u0142otych brutto. Od 1 lipca wzro\u015bnie te\u017c minimalna stawka godzinowa dla okre\u015blonych um\u00f3w cywilnoprawnych: z 27,70 do 28,1 z\u0142otych, czyli niewiele, ale jednak troch\u0119 wi\u0119cej. Wed\u0142ug ministerstwa szacunkowa liczba os\u00f3b obj\u0119tych podwy\u017ck\u0105 wyniesie oko\u0142o 3,6 miliona os\u00f3b. W 2025 roku stawka minimalna tak\u017ce wzro\u015bnie i od pocz\u0105tku 2025 roku najni\u017csza krajowa b\u0119dzie wynosi\u0107 4626 z\u0142otych. Dodatkowo minimalna stawka godzinowa wynosi\u0107 b\u0119dzie 30,20 z\u0142otych. Nie do ko\u0144ca z tego rozwi\u0105zania s\u0105 zadowoleni przedsi\u0119biorcy, szczeg\u00f3lnie ci mali, bo opr\u00f3cz podwy\u017cki p\u0142acy minimalnej od lipca zwi\u0119ksz\u0105 si\u0119 te\u017c sk\u0142adki ZUS. A poniewa\u017c jednocze\u015bnie wzrastaj\u0105 ceny za energi\u0119 elektryczn\u0105 i gaz, powstaje niebezpiecze\u0144stwo zawieszania lub likwidacji firm, szczeg\u00f3lnie w sektorze us\u0142ug.&nbsp;<\/p>\n\n\n\n<p>W lipcu blisko 200 tysi\u0119cy os\u00f3b powinno dosta\u0107 do pensji dodatkowo 1 tysi\u0105c z\u0142otych brutto. Na taki dodatek mog\u0105 liczy\u0107 pracownicy jednostek organizacyjnych pomocy spo\u0142ecznej, czyli np. o\u015brodk\u00f3w pomocy spo\u0142ecznej, dom\u00f3w pomocy spo\u0142ecznej, powiatowych centr\u00f3w pomocy rodzinie, centr\u00f3w us\u0142ug spo\u0142ecznych.<\/p>\n\n\n\n<p>Jak co roku, prze\u0142om czerwca i&nbsp;&nbsp;lipca to czas, kt\u00f3ry pozwala na analiz\u0119, kt\u00f3ry z kierunk\u00f3w studi\u00f3w jest najcz\u0119\u015bciej wybierany przez kandydat\u00f3w w danym roku. W tym roku najwi\u0119ksz\u0105 popularno\u015bci\u0105 ciesz\u0105 si\u0119: informatyka (43&nbsp;607 kandydat\u00f3w), psychologia (42&nbsp;267), zarz\u0105dzanie (33&nbsp;739) i kierunek lekarski (32&nbsp;264). Okazuje si\u0119, \u017ce najwi\u0119cej os\u00f3b, 30 kandydat\u00f3w na jedno miejsce, chce studiowa\u0107 informatyk\u0119 spo\u0142eczn\u0105. W ubieg\u0142ym roku podobna, rekordowa ilo\u015b\u0107 kandydat\u00f3w zg\u0142osi\u0142a si\u0119 na koreanistyk\u0119&nbsp;&nbsp;(r\u00f3wnie\u017c 30 os\u00f3b na jedno miejsce).&nbsp;<\/p>\n\n\n\n<p>A w Ukrainie kolejny, ju\u017c 858, dzie\u0144 wojny. Ursula von der Leyen, szefowa Komisji Europejskiej, og\u0142osi\u0142a, \u017ce 1,5 miliarda euro zysk\u00f3w z zamro\u017conych rosyjskich aktyw\u00f3w wspomo\u017ce Ukrain\u0119 ju\u017c w lipcu. Podkre\u015bli\u0142a te\u017c, \u017ce a\u017c 90% tej kwoty b\u0119dzie s\u0142u\u017cy\u0107 zakupom broni, a 10% odbudowie infrastruktury energetycznej, nieustannie niszczonej przez Rosjan.<\/p>\n","protected":false},"excerpt":{"rendered":"<p>Niekt\u00f3rzy z nas, my\u015bl\u0105c o urlopie, wzi\u0119li pod uwag\u0119, \u017ce od 1 lipca wzro\u015bnie p\u0142aca minimalna. To ju\u017c druga podwy\u017cka w tym roku. Od lipca najni\u017csza pensja wynosi\u0107 b\u0119dzie 4300 z\u0142otych brutto. Od 1 lipca wzro\u015bnie te\u017c minimalna stawka godzinowa dla okre\u015blonych um\u00f3w cywilnoprawnych: z 27,70 do 28,1 z\u0142otych, czyli niewiele, ale jednak troch\u0119 wi\u0119cej. Wed\u0142ug ministerstwa szacunkowa liczba os\u00f3b obj\u0119tych podwy\u017ck\u0105 wyniesie oko\u0142o 3,6 miliona os\u00f3b.<br \/>\n<br \/>\nW 2025 roku stawka minimalna tak\u017ce wzro\u015bnie i od pocz\u0105tku 2025 roku najni\u017csza krajowa b\u0119dzie wynosi\u0107 4626 z\u0142otych. Dodatkowo minimalna stawka godzinowa wynosi\u0107 b\u0119dzie 30,20 z\u0142otych. Nie do ko\u0144ca z tego rozwi\u0105zania s\u0105 zadowoleni przedsi\u0119biorcy, szczeg\u00f3lnie ci mali, bo opr\u00f3cz podwy\u017cki p\u0142acy minimalnej od lipca zwi\u0119ksz\u0105 si\u0119 te\u017c sk\u0142adki ZUS. A poniewa\u017c jednocze\u015bnie wzrastaj\u0105 ceny za energi\u0119 elektryczn\u0105 i gaz, powstaje niebezpiecze\u0144stwo zawieszania lub likwidacji firm, szczeg\u00f3lnie w sektorze us\u0142ug.<\/p>\n","protected":false},"author":35,"featured_media":13251,"comment_status":"closed","ping_status":"closed","sticky":false,"template":"","format":"standard","meta":{"colormag_page_container_layout":"no_sidebar_content_centered","colormag_page_sidebar_layout":"no_sidebar","_jetpack_memberships_contains_paid_content":false,"footnotes":"","_links_to":"","_links_to_target":""},"categories":[64,42,175],"tags":[],"class_list":["post-13250","post","type-post","status-publish","format-standard","has-post-thumbnail","hentry","category-aktualnosci","category-felietony","category-liczby-i-fakty"],"yoast_head":"<!-- This site is optimized with the Yoast SEO plugin v27.4 - https:\/\/yoast.com\/product\/yoast-seo-wordpress\/ -->\n<title>Ponad 30 os\u00f3b na jedno miejsce\u2026.. - NOTABENE.WORLD<\/title>\n<meta name=\"robots\" content=\"index, follow, max-snippet:-1, max-image-preview:large, max-video-preview:-1\" \/>\n<link rel=\"canonical\" href=\"https:\/\/notabene.world\/nb\/ponad-30-osob-na-jedno-miejsce\/\" \/>\n<meta property=\"og:locale\" content=\"pl_PL\" \/>\n<meta property=\"og:type\" content=\"article\" \/>\n<meta property=\"og:title\" content=\"Ponad 30 os\u00f3b na jedno miejsce\u2026.. - NOTABENE.WORLD\" \/>\n<meta property=\"og:description\" content=\"Niekt\u00f3rzy z nas, my\u015bl\u0105c o urlopie, wzi\u0119li pod uwag\u0119, \u017ce od 1 lipca wzro\u015bnie p\u0142aca minimalna. To ju\u017c druga podwy\u017cka w tym roku. Od lipca najni\u017csza pensja wynosi\u0107 b\u0119dzie 4300 z\u0142otych brutto. Od 1 lipca wzro\u015bnie te\u017c minimalna stawka godzinowa dla okre\u015blonych um\u00f3w cywilnoprawnych: z 27,70 do 28,1 z\u0142otych, czyli niewiele, ale jednak troch\u0119 wi\u0119cej. Wed\u0142ug ministerstwa szacunkowa liczba os\u00f3b obj\u0119tych podwy\u017ck\u0105 wyniesie oko\u0142o 3,6 miliona os\u00f3b.  W 2025 roku stawka minimalna tak\u017ce wzro\u015bnie i od pocz\u0105tku 2025 roku najni\u017csza krajowa b\u0119dzie wynosi\u0107 4626 z\u0142otych. Dodatkowo minimalna stawka godzinowa wynosi\u0107 b\u0119dzie 30,20 z\u0142otych. Nie do ko\u0144ca z tego rozwi\u0105zania s\u0105 zadowoleni przedsi\u0119biorcy, szczeg\u00f3lnie ci mali, bo opr\u00f3cz podwy\u017cki p\u0142acy minimalnej od lipca zwi\u0119ksz\u0105 si\u0119 te\u017c sk\u0142adki ZUS. A poniewa\u017c jednocze\u015bnie wzrastaj\u0105 ceny za energi\u0119 elektryczn\u0105 i gaz, powstaje niebezpiecze\u0144stwo zawieszania lub likwidacji firm, szczeg\u00f3lnie w sektorze us\u0142ug.\" \/>\n<meta property=\"og:url\" content=\"https:\/\/notabene.world\/nb\/ponad-30-osob-na-jedno-miejsce\/\" \/>\n<meta property=\"og:site_name\" content=\"NOTABENE.WORLD\" \/>\n<meta property=\"article:publisher\" content=\"https:\/\/www.facebook.com\/Notabene.World\" \/>\n<meta property=\"article:published_time\" content=\"2024-06-30T21:31:51+00:00\" \/>\n<meta property=\"article:modified_time\" content=\"2024-07-20T11:06:31+00:00\" \/>\n<meta property=\"og:image\" content=\"https:\/\/notabene.world\/nb\/wp-content\/uploads\/2024\/06\/65bd.jpg\" \/>\n\t<meta property=\"og:image:width\" content=\"800\" \/>\n\t<meta property=\"og:image:height\" content=\"445\" \/>\n\t<meta property=\"og:image:type\" content=\"image\/jpeg\" \/>\n<meta name=\"author\" content=\"B D\" \/>\n<meta name=\"twitter:card\" content=\"summary_large_image\" \/>\n<meta name=\"twitter:label1\" content=\"Napisane przez\" \/>\n\t<meta name=\"twitter:data1\" content=\"B D\" \/>\n\t<meta name=\"twitter:label2\" content=\"Szacowany czas czytania\" \/>\n\t<meta name=\"twitter:data2\" content=\"3 minuty\" \/>\n<script type=\"application\/ld+json\" class=\"yoast-schema-graph\">{\"@context\":\"https:\\\/\\\/schema.org\",\"@graph\":[{\"@type\":\"Article\",\"@id\":\"https:\\\/\\\/notabene.world\\\/nb\\\/ponad-30-osob-na-jedno-miejsce\\\/#article\",\"isPartOf\":{\"@id\":\"https:\\\/\\\/notabene.world\\\/nb\\\/ponad-30-osob-na-jedno-miejsce\\\/\"},\"author\":{\"name\":\"B D\",\"@id\":\"https:\\\/\\\/notabene.world\\\/nb\\\/#\\\/schema\\\/person\\\/9081f0d094ad3e2767736feb48c99520\"},\"headline\":\"Ponad 30 os\u00f3b na jedno miejsce\u2026..\",\"datePublished\":\"2024-06-30T21:31:51+00:00\",\"dateModified\":\"2024-07-20T11:06:31+00:00\",\"mainEntityOfPage\":{\"@id\":\"https:\\\/\\\/notabene.world\\\/nb\\\/ponad-30-osob-na-jedno-miejsce\\\/\"},\"wordCount\":574,\"publisher\":{\"@id\":\"https:\\\/\\\/notabene.world\\\/nb\\\/#organization\"},\"image\":{\"@id\":\"https:\\\/\\\/notabene.world\\\/nb\\\/ponad-30-osob-na-jedno-miejsce\\\/#primaryimage\"},\"thumbnailUrl\":\"https:\\\/\\\/i0.wp.com\\\/notabene.world\\\/nb\\\/wp-content\\\/uploads\\\/2024\\\/06\\\/65bd.jpg?fit=800%2C445&ssl=1\",\"articleSection\":[\"Aktualno\u015bci\",\"Felietony\",\"Liczby i Fakty\"],\"inLanguage\":\"pl-PL\"},{\"@type\":\"WebPage\",\"@id\":\"https:\\\/\\\/notabene.world\\\/nb\\\/ponad-30-osob-na-jedno-miejsce\\\/\",\"url\":\"https:\\\/\\\/notabene.world\\\/nb\\\/ponad-30-osob-na-jedno-miejsce\\\/\",\"name\":\"Ponad 30 os\u00f3b na jedno miejsce\u2026.. - NOTABENE.WORLD\",\"isPartOf\":{\"@id\":\"https:\\\/\\\/notabene.world\\\/nb\\\/#website\"},\"primaryImageOfPage\":{\"@id\":\"https:\\\/\\\/notabene.world\\\/nb\\\/ponad-30-osob-na-jedno-miejsce\\\/#primaryimage\"},\"image\":{\"@id\":\"https:\\\/\\\/notabene.world\\\/nb\\\/ponad-30-osob-na-jedno-miejsce\\\/#primaryimage\"},\"thumbnailUrl\":\"https:\\\/\\\/i0.wp.com\\\/notabene.world\\\/nb\\\/wp-content\\\/uploads\\\/2024\\\/06\\\/65bd.jpg?fit=800%2C445&ssl=1\",\"datePublished\":\"2024-06-30T21:31:51+00:00\",\"dateModified\":\"2024-07-20T11:06:31+00:00\",\"breadcrumb\":{\"@id\":\"https:\\\/\\\/notabene.world\\\/nb\\\/ponad-30-osob-na-jedno-miejsce\\\/#breadcrumb\"},\"inLanguage\":\"pl-PL\",\"potentialAction\":[{\"@type\":\"ReadAction\",\"target\":[\"https:\\\/\\\/notabene.world\\\/nb\\\/ponad-30-osob-na-jedno-miejsce\\\/\"]}]},{\"@type\":\"ImageObject\",\"inLanguage\":\"pl-PL\",\"@id\":\"https:\\\/\\\/notabene.world\\\/nb\\\/ponad-30-osob-na-jedno-miejsce\\\/#primaryimage\",\"url\":\"https:\\\/\\\/i0.wp.com\\\/notabene.world\\\/nb\\\/wp-content\\\/uploads\\\/2024\\\/06\\\/65bd.jpg?fit=800%2C445&ssl=1\",\"contentUrl\":\"https:\\\/\\\/i0.wp.com\\\/notabene.world\\\/nb\\\/wp-content\\\/uploads\\\/2024\\\/06\\\/65bd.jpg?fit=800%2C445&ssl=1\",\"width\":800,\"height\":445},{\"@type\":\"BreadcrumbList\",\"@id\":\"https:\\\/\\\/notabene.world\\\/nb\\\/ponad-30-osob-na-jedno-miejsce\\\/#breadcrumb\",\"itemListElement\":[{\"@type\":\"ListItem\",\"position\":1,\"name\":\"Home\",\"item\":\"https:\\\/\\\/notabene.world\\\/nb\\\/\"},{\"@type\":\"ListItem\",\"position\":2,\"name\":\"Ponad 30 os\u00f3b na jedno miejsce\u2026..\"}]},{\"@type\":\"WebSite\",\"@id\":\"https:\\\/\\\/notabene.world\\\/nb\\\/#website\",\"url\":\"https:\\\/\\\/notabene.world\\\/nb\\\/\",\"name\":\"NOTABENE.WORLD\",\"description\":\"Przekaz. Warto\u015bci. Wsp\u00f3lnota.\",\"publisher\":{\"@id\":\"https:\\\/\\\/notabene.world\\\/nb\\\/#organization\"},\"potentialAction\":[{\"@type\":\"SearchAction\",\"target\":{\"@type\":\"EntryPoint\",\"urlTemplate\":\"https:\\\/\\\/notabene.world\\\/nb\\\/?s={search_term_string}\"},\"query-input\":{\"@type\":\"PropertyValueSpecification\",\"valueRequired\":true,\"valueName\":\"search_term_string\"}}],\"inLanguage\":\"pl-PL\"},{\"@type\":\"Organization\",\"@id\":\"https:\\\/\\\/notabene.world\\\/nb\\\/#organization\",\"name\":\"NOTABENE.WORLD\",\"url\":\"https:\\\/\\\/notabene.world\\\/nb\\\/\",\"logo\":{\"@type\":\"ImageObject\",\"inLanguage\":\"pl-PL\",\"@id\":\"https:\\\/\\\/notabene.world\\\/nb\\\/#\\\/schema\\\/logo\\\/image\\\/\",\"url\":\"https:\\\/\\\/notabene.world\\\/nb\\\/wp-content\\\/uploads\\\/2022\\\/01\\\/NB-club-start-www1.jpg\",\"contentUrl\":\"https:\\\/\\\/notabene.world\\\/nb\\\/wp-content\\\/uploads\\\/2022\\\/01\\\/NB-club-start-www1.jpg\",\"width\":1000,\"height\":839,\"caption\":\"NOTABENE.WORLD\"},\"image\":{\"@id\":\"https:\\\/\\\/notabene.world\\\/nb\\\/#\\\/schema\\\/logo\\\/image\\\/\"},\"sameAs\":[\"https:\\\/\\\/www.facebook.com\\\/Notabene.World\"]},{\"@type\":\"Person\",\"@id\":\"https:\\\/\\\/notabene.world\\\/nb\\\/#\\\/schema\\\/person\\\/9081f0d094ad3e2767736feb48c99520\",\"name\":\"B D\",\"image\":{\"@type\":\"ImageObject\",\"inLanguage\":\"pl-PL\",\"@id\":\"https:\\\/\\\/secure.gravatar.com\\\/avatar\\\/ebcdcd8c0a7789c85d5a03ead2e68bda7a5fcb1ab728d56a4bd678c5ea15faa2?s=96&d=mm&r=g\",\"url\":\"https:\\\/\\\/secure.gravatar.com\\\/avatar\\\/ebcdcd8c0a7789c85d5a03ead2e68bda7a5fcb1ab728d56a4bd678c5ea15faa2?s=96&d=mm&r=g\",\"contentUrl\":\"https:\\\/\\\/secure.gravatar.com\\\/avatar\\\/ebcdcd8c0a7789c85d5a03ead2e68bda7a5fcb1ab728d56a4bd678c5ea15faa2?s=96&d=mm&r=g\",\"caption\":\"B D\"},\"url\":\"https:\\\/\\\/notabene.world\\\/nb\\\/author\\\/jo-d\\\/\"}]}<\/script>\n<!-- \/ Yoast SEO plugin. -->","yoast_head_json":{"title":"Ponad 30 os\u00f3b na jedno miejsce\u2026.. - NOTABENE.WORLD","robots":{"index":"index","follow":"follow","max-snippet":"max-snippet:-1","max-image-preview":"max-image-preview:large","max-video-preview":"max-video-preview:-1"},"canonical":"https:\/\/notabene.world\/nb\/ponad-30-osob-na-jedno-miejsce\/","og_locale":"pl_PL","og_type":"article","og_title":"Ponad 30 os\u00f3b na jedno miejsce\u2026.. - NOTABENE.WORLD","og_description":"Niekt\u00f3rzy z nas, my\u015bl\u0105c o urlopie, wzi\u0119li pod uwag\u0119, \u017ce od 1 lipca wzro\u015bnie p\u0142aca minimalna. To ju\u017c druga podwy\u017cka w tym roku. Od lipca najni\u017csza pensja wynosi\u0107 b\u0119dzie 4300 z\u0142otych brutto. Od 1 lipca wzro\u015bnie te\u017c minimalna stawka godzinowa dla okre\u015blonych um\u00f3w cywilnoprawnych: z 27,70 do 28,1 z\u0142otych, czyli niewiele, ale jednak troch\u0119 wi\u0119cej. Wed\u0142ug ministerstwa szacunkowa liczba os\u00f3b obj\u0119tych podwy\u017ck\u0105 wyniesie oko\u0142o 3,6 miliona os\u00f3b.  W 2025 roku stawka minimalna tak\u017ce wzro\u015bnie i od pocz\u0105tku 2025 roku najni\u017csza krajowa b\u0119dzie wynosi\u0107 4626 z\u0142otych. Dodatkowo minimalna stawka godzinowa wynosi\u0107 b\u0119dzie 30,20 z\u0142otych. Nie do ko\u0144ca z tego rozwi\u0105zania s\u0105 zadowoleni przedsi\u0119biorcy, szczeg\u00f3lnie ci mali, bo opr\u00f3cz podwy\u017cki p\u0142acy minimalnej od lipca zwi\u0119ksz\u0105 si\u0119 te\u017c sk\u0142adki ZUS. A poniewa\u017c jednocze\u015bnie wzrastaj\u0105 ceny za energi\u0119 elektryczn\u0105 i gaz, powstaje niebezpiecze\u0144stwo zawieszania lub likwidacji firm, szczeg\u00f3lnie w sektorze us\u0142ug.","og_url":"https:\/\/notabene.world\/nb\/ponad-30-osob-na-jedno-miejsce\/","og_site_name":"NOTABENE.WORLD","article_publisher":"https:\/\/www.facebook.com\/Notabene.World","article_published_time":"2024-06-30T21:31:51+00:00","article_modified_time":"2024-07-20T11:06:31+00:00","og_image":[{"width":800,"height":445,"url":"https:\/\/notabene.world\/nb\/wp-content\/uploads\/2024\/06\/65bd.jpg","type":"image\/jpeg"}],"author":"B D","twitter_card":"summary_large_image","twitter_misc":{"Napisane przez":"B D","Szacowany czas czytania":"3 minuty"},"schema":{"@context":"https:\/\/schema.org","@graph":[{"@type":"Article","@id":"https:\/\/notabene.world\/nb\/ponad-30-osob-na-jedno-miejsce\/#article","isPartOf":{"@id":"https:\/\/notabene.world\/nb\/ponad-30-osob-na-jedno-miejsce\/"},"author":{"name":"B D","@id":"https:\/\/notabene.world\/nb\/#\/schema\/person\/9081f0d094ad3e2767736feb48c99520"},"headline":"Ponad 30 os\u00f3b na jedno miejsce\u2026..","datePublished":"2024-06-30T21:31:51+00:00","dateModified":"2024-07-20T11:06:31+00:00","mainEntityOfPage":{"@id":"https:\/\/notabene.world\/nb\/ponad-30-osob-na-jedno-miejsce\/"},"wordCount":574,"publisher":{"@id":"https:\/\/notabene.world\/nb\/#organization"},"image":{"@id":"https:\/\/notabene.world\/nb\/ponad-30-osob-na-jedno-miejsce\/#primaryimage"},"thumbnailUrl":"https:\/\/i0.wp.com\/notabene.world\/nb\/wp-content\/uploads\/2024\/06\/65bd.jpg?fit=800%2C445&ssl=1","articleSection":["Aktualno\u015bci","Felietony","Liczby i Fakty"],"inLanguage":"pl-PL"},{"@type":"WebPage","@id":"https:\/\/notabene.world\/nb\/ponad-30-osob-na-jedno-miejsce\/","url":"https:\/\/notabene.world\/nb\/ponad-30-osob-na-jedno-miejsce\/","name":"Ponad 30 os\u00f3b na jedno miejsce\u2026.. - NOTABENE.WORLD","isPartOf":{"@id":"https:\/\/notabene.world\/nb\/#website"},"primaryImageOfPage":{"@id":"https:\/\/notabene.world\/nb\/ponad-30-osob-na-jedno-miejsce\/#primaryimage"},"image":{"@id":"https:\/\/notabene.world\/nb\/ponad-30-osob-na-jedno-miejsce\/#primaryimage"},"thumbnailUrl":"https:\/\/i0.wp.com\/notabene.world\/nb\/wp-content\/uploads\/2024\/06\/65bd.jpg?fit=800%2C445&ssl=1","datePublished":"2024-06-30T21:31:51+00:00","dateModified":"2024-07-20T11:06:31+00:00","breadcrumb":{"@id":"https:\/\/notabene.world\/nb\/ponad-30-osob-na-jedno-miejsce\/#breadcrumb"},"inLanguage":"pl-PL","potentialAction":[{"@type":"ReadAction","target":["https:\/\/notabene.world\/nb\/ponad-30-osob-na-jedno-miejsce\/"]}]},{"@type":"ImageObject","inLanguage":"pl-PL","@id":"https:\/\/notabene.world\/nb\/ponad-30-osob-na-jedno-miejsce\/#primaryimage","url":"https:\/\/i0.wp.com\/notabene.world\/nb\/wp-content\/uploads\/2024\/06\/65bd.jpg?fit=800%2C445&ssl=1","contentUrl":"https:\/\/i0.wp.com\/notabene.world\/nb\/wp-content\/uploads\/2024\/06\/65bd.jpg?fit=800%2C445&ssl=1","width":800,"height":445},{"@type":"BreadcrumbList","@id":"https:\/\/notabene.world\/nb\/ponad-30-osob-na-jedno-miejsce\/#breadcrumb","itemListElement":[{"@type":"ListItem","position":1,"name":"Home","item":"https:\/\/notabene.world\/nb\/"},{"@type":"ListItem","position":2,"name":"Ponad 30 os\u00f3b na jedno miejsce\u2026.."}]},{"@type":"WebSite","@id":"https:\/\/notabene.world\/nb\/#website","url":"https:\/\/notabene.world\/nb\/","name":"NOTABENE.WORLD","description":"Przekaz. Warto\u015bci. Wsp\u00f3lnota.","publisher":{"@id":"https:\/\/notabene.world\/nb\/#organization"},"potentialAction":[{"@type":"SearchAction","target":{"@type":"EntryPoint","urlTemplate":"https:\/\/notabene.world\/nb\/?s={search_term_string}"},"query-input":{"@type":"PropertyValueSpecification","valueRequired":true,"valueName":"search_term_string"}}],"inLanguage":"pl-PL"},{"@type":"Organization","@id":"https:\/\/notabene.world\/nb\/#organization","name":"NOTABENE.WORLD","url":"https:\/\/notabene.world\/nb\/","logo":{"@type":"ImageObject","inLanguage":"pl-PL","@id":"https:\/\/notabene.world\/nb\/#\/schema\/logo\/image\/","url":"https:\/\/notabene.world\/nb\/wp-content\/uploads\/2022\/01\/NB-club-start-www1.jpg","contentUrl":"https:\/\/notabene.world\/nb\/wp-content\/uploads\/2022\/01\/NB-club-start-www1.jpg","width":1000,"height":839,"caption":"NOTABENE.WORLD"},"image":{"@id":"https:\/\/notabene.world\/nb\/#\/schema\/logo\/image\/"},"sameAs":["https:\/\/www.facebook.com\/Notabene.World"]},{"@type":"Person","@id":"https:\/\/notabene.world\/nb\/#\/schema\/person\/9081f0d094ad3e2767736feb48c99520","name":"B D","image":{"@type":"ImageObject","inLanguage":"pl-PL","@id":"https:\/\/secure.gravatar.com\/avatar\/ebcdcd8c0a7789c85d5a03ead2e68bda7a5fcb1ab728d56a4bd678c5ea15faa2?s=96&d=mm&r=g","url":"https:\/\/secure.gravatar.com\/avatar\/ebcdcd8c0a7789c85d5a03ead2e68bda7a5fcb1ab728d56a4bd678c5ea15faa2?s=96&d=mm&r=g","contentUrl":"https:\/\/secure.gravatar.com\/avatar\/ebcdcd8c0a7789c85d5a03ead2e68bda7a5fcb1ab728d56a4bd678c5ea15faa2?s=96&d=mm&r=g","caption":"B D"},"url":"https:\/\/notabene.world\/nb\/author\/jo-d\/"}]}},"jetpack_featured_media_url":"https:\/\/i0.wp.com\/notabene.world\/nb\/wp-content\/uploads\/2024\/06\/65bd.jpg?fit=800%2C445&ssl=1","jetpack_sharing_enabled":true,"jetpack_shortlink":"https:\/\/wp.me\/pdCobN-3rI","_links":{"self":[{"href":"https:\/\/notabene.world\/nb\/wp-json\/wp\/v2\/posts\/13250","targetHints":{"allow":["GET"]}}],"collection":[{"href":"https:\/\/notabene.world\/nb\/wp-json\/wp\/v2\/posts"}],"about":[{"href":"https:\/\/notabene.world\/nb\/wp-json\/wp\/v2\/types\/post"}],"author":[{"embeddable":true,"href":"https:\/\/notabene.world\/nb\/wp-json\/wp\/v2\/users\/35"}],"replies":[{"embeddable":true,"href":"https:\/\/notabene.world\/nb\/wp-json\/wp\/v2\/comments?post=13250"}],"version-history":[{"count":2,"href":"https:\/\/notabene.world\/nb\/wp-json\/wp\/v2\/posts\/13250\/revisions"}],"predecessor-version":[{"id":13253,"href":"https:\/\/notabene.world\/nb\/wp-json\/wp\/v2\/posts\/13250\/revisions\/13253"}],"wp:featuredmedia":[{"embeddable":true,"href":"https:\/\/notabene.world\/nb\/wp-json\/wp\/v2\/media\/13251"}],"wp:attachment":[{"href":"https:\/\/notabene.world\/nb\/wp-json\/wp\/v2\/media?parent=13250"}],"wp:term":[{"taxonomy":"category","embeddable":true,"href":"https:\/\/notabene.world\/nb\/wp-json\/wp\/v2\/categories?post=13250"},{"taxonomy":"post_tag","embeddable":true,"href":"https:\/\/notabene.world\/nb\/wp-json\/wp\/v2\/tags?post=13250"}],"curies":[{"name":"wp","href":"https:\/\/api.w.org\/{rel}","templated":true}]}}