{"id":1359,"date":"2022-01-26T08:00:00","date_gmt":"2022-01-26T07:00:00","guid":{"rendered":"https:\/\/notabene.world\/nb\/?p=1359"},"modified":"2022-02-08T06:31:55","modified_gmt":"2022-02-08T05:31:55","slug":"nowe-zasady-kwarantanny-w-polsce","status":"publish","type":"post","link":"https:\/\/notabene.world\/nb\/nowe-zasady-kwarantanny-w-polsce\/","title":{"rendered":"Nowe zasady kwarantanny w Polsce"},"content":{"rendered":"\n<p>25 stycznia&nbsp;odby\u0142a si\u0119 konferencja na temat sytuacji epidemiologicznej. Mi\u0119dzy innymi bra\u0142 w niej udzia\u0142 Minister&nbsp;Edukacji &#8211; Przemys\u0142aw&nbsp;Czarnek. Szybko&nbsp;rozrastaj\u0105ca&nbsp;si\u0119 pi\u0105ta fala&nbsp;zmusi\u0142a do&nbsp;podj\u0119cia&nbsp;decyzji&nbsp;o nauce zdalnej dla uczni\u00f3w klas 5-8 oraz dla szk\u00f3\u0142 ponadpodstawowych&nbsp;(wi\u0119cej&nbsp;informacji w artykule&nbsp;<a href=\"https:\/\/notabene.world\/nb\/nauczanie-zdalne-powraca\/\" target=\"_blank\" rel=\"noreferrer noopener\">https:\/\/notabene.world\/nb\/nauczanie-zdalne-powraca\/<\/a>).&nbsp;&nbsp;<\/p>\n\n\n\n<p>We wtorek podj\u0119to r\u00f3wnie\u017c decyzje o zmianach w&nbsp;odbywaniu kwarantanny. Osoby nara\u017cone na&nbsp;zaka\u017cenie wirusem obecnie maj\u0105 nak\u0142adan\u0105 kwarantann\u0119 <strong>siedmiodniow\u0105<\/strong> (poprzednia trwa\u0142a trzy dni d\u0142u\u017cej). Po up\u0142ywie tygodnia od kontaktu z osob\u0105 zara\u017con\u0105 osoby bezobjawowe s\u0105 zwalniane z izolacji, pod warunkiem uzyskania negatywnego wyniku testu na koronawirusa. &nbsp;Dzieje si\u0119 tak, poniewa\u017c przy wariantach delta&nbsp;czy&nbsp;omikron du\u017co szybciej wyst\u0119puj\u0105 objawy. <\/p>\n\n\n\n<figure class=\"wp-block-image size-large is-style-default\"><img data-recalc-dims=\"1\" loading=\"lazy\" decoding=\"async\" width=\"606\" height=\"1024\" src=\"https:\/\/i0.wp.com\/notabene.world\/nb\/wp-content\/uploads\/2022\/01\/271901761_424348482809798_7912603370236514395_n.jpg?resize=606%2C1024&#038;ssl=1\" alt=\"\" class=\"wp-image-1392\" srcset=\"https:\/\/i0.wp.com\/notabene.world\/nb\/wp-content\/uploads\/2022\/01\/271901761_424348482809798_7912603370236514395_n.jpg?resize=606%2C1024&amp;ssl=1 606w, https:\/\/i0.wp.com\/notabene.world\/nb\/wp-content\/uploads\/2022\/01\/271901761_424348482809798_7912603370236514395_n.jpg?resize=177%2C300&amp;ssl=1 177w, https:\/\/i0.wp.com\/notabene.world\/nb\/wp-content\/uploads\/2022\/01\/271901761_424348482809798_7912603370236514395_n.jpg?resize=768%2C1298&amp;ssl=1 768w, https:\/\/i0.wp.com\/notabene.world\/nb\/wp-content\/uploads\/2022\/01\/271901761_424348482809798_7912603370236514395_n.jpg?resize=909%2C1536&amp;ssl=1 909w, https:\/\/i0.wp.com\/notabene.world\/nb\/wp-content\/uploads\/2022\/01\/271901761_424348482809798_7912603370236514395_n.jpg?w=1143&amp;ssl=1 1143w\" sizes=\"auto, (max-width: 606px) 100vw, 606px\" \/><\/figure>\n\n\n\n<p>&nbsp;Obostrzenia w zakresie&nbsp;\u017cycia publicznego&nbsp;na ten moment si\u0119 nie zmieni\u0142y. Obowi\u0105zuj\u0105 limity&nbsp;miejsc dla os\u00f3b niezaszczepionych.&nbsp;Przekroczy\u0107 ten limit mog\u0105 tylko osoby&nbsp;po <strong>2 dawkach i z paszportem&nbsp;covidowym.&nbsp;<\/strong>&nbsp;<\/p>\n\n\n\n<p>Podczas pi\u0105tej fali&nbsp;koronawirusa&nbsp;SARS-CoV-2 wielokrotnie pada\u0142y&nbsp;rekordy w dziennych&nbsp;zaka\u017ceniach w naszym kraju. Obecnie&nbsp;najwi\u0119ksz\u0105 ilo\u015bci\u0105 wykonanych test\u00f3w w ci\u0105gu dnia jest <em>170 tysi\u0119cy<\/em>, w tym ponad <em>50 tysi\u0119cy<\/em> <strong>pozytywnych<\/strong>.&nbsp;&nbsp;W tym samym czasie wi\u0119kszo\u015b\u0107 kraj\u00f3w&nbsp;znosi restrykcje&nbsp;i po prawie 2 latach od wybuchu pandemii&nbsp;pr\u00f3buj\u0105 wr\u00f3ci\u0107 do wcze\u015bniejszej rzeczywisto\u015bci.&nbsp;Jaki mo\u017ce by\u0107 pow\u00f3d tak skrajnych decyzji?&nbsp;<\/p>\n","protected":false},"excerpt":{"rendered":"<p>Podczas konferencji na temat sytuacji epidemicznej 25 stycznia podj\u0119to decyzje o zmianie zasad kwarantanny oraz o zamkni\u0119ciu szk\u00f3\u0142. <\/p>\n","protected":false},"author":8,"featured_media":1389,"comment_status":"closed","ping_status":"closed","sticky":false,"template":"","format":"standard","meta":{"colormag_page_container_layout":"default_layout","colormag_page_sidebar_layout":"default_layout","_jetpack_memberships_contains_paid_content":false,"footnotes":"","_links_to":"","_links_to_target":""},"categories":[12,8,110],"tags":[],"class_list":["post-1359","post","type-post","status-publish","format-standard","has-post-thumbnail","hentry","category-spoleczenstwo","category-polityka","category-spoleczenstwo-2"],"yoast_head":"<!-- This site is optimized with the Yoast SEO plugin v27.4 - https:\/\/yoast.com\/product\/yoast-seo-wordpress\/ -->\n<title>Nowe zasady kwarantanny w Polsce - NOTABENE.WORLD<\/title>\n<meta name=\"description\" content=\"Podczas konferencji na temat sytuacji epidemicznej 25 stycznia podj\u0119to decyzje o zmianie zasad kwarantanny oraz o zamkni\u0119ciu szk\u00f3\u0142.\" \/>\n<meta name=\"robots\" content=\"index, follow, max-snippet:-1, max-image-preview:large, max-video-preview:-1\" \/>\n<link rel=\"canonical\" href=\"https:\/\/notabene.world\/nb\/nowe-zasady-kwarantanny-w-polsce\/\" \/>\n<meta property=\"og:locale\" content=\"pl_PL\" \/>\n<meta property=\"og:type\" content=\"article\" \/>\n<meta property=\"og:title\" content=\"Nowe zasady kwarantanny w Polsce - NOTABENE.WORLD\" \/>\n<meta property=\"og:description\" content=\"Podczas konferencji na temat sytuacji epidemicznej 25 stycznia podj\u0119to decyzje o zmianie zasad kwarantanny oraz o zamkni\u0119ciu szk\u00f3\u0142.\" \/>\n<meta property=\"og:url\" content=\"https:\/\/notabene.world\/nb\/nowe-zasady-kwarantanny-w-polsce\/\" \/>\n<meta property=\"og:site_name\" content=\"NOTABENE.WORLD\" \/>\n<meta property=\"article:publisher\" content=\"https:\/\/www.facebook.com\/Notabene.World\" \/>\n<meta property=\"article:published_time\" content=\"2022-01-26T07:00:00+00:00\" \/>\n<meta property=\"article:modified_time\" content=\"2022-02-08T05:31:55+00:00\" \/>\n<meta property=\"og:image\" content=\"https:\/\/notabene.world\/nb\/wp-content\/uploads\/2022\/01\/272054212_4782688008488795_4085835175725352826_n.jpg\" \/>\n\t<meta property=\"og:image:width\" content=\"828\" \/>\n\t<meta property=\"og:image:height\" content=\"540\" \/>\n\t<meta property=\"og:image:type\" content=\"image\/jpeg\" \/>\n<meta name=\"author\" content=\"Oliwia Masternak\" \/>\n<meta name=\"twitter:card\" content=\"summary_large_image\" \/>\n<meta name=\"twitter:label1\" content=\"Napisane przez\" \/>\n\t<meta name=\"twitter:data1\" content=\"Oliwia Masternak\" \/>\n\t<meta name=\"twitter:label2\" content=\"Szacowany czas czytania\" \/>\n\t<meta name=\"twitter:data2\" content=\"2 minuty\" \/>\n<script type=\"application\/ld+json\" class=\"yoast-schema-graph\">{\"@context\":\"https:\\\/\\\/schema.org\",\"@graph\":[{\"@type\":\"Article\",\"@id\":\"https:\\\/\\\/notabene.world\\\/nb\\\/nowe-zasady-kwarantanny-w-polsce\\\/#article\",\"isPartOf\":{\"@id\":\"https:\\\/\\\/notabene.world\\\/nb\\\/nowe-zasady-kwarantanny-w-polsce\\\/\"},\"author\":{\"name\":\"Oliwia Masternak\",\"@id\":\"https:\\\/\\\/notabene.world\\\/nb\\\/#\\\/schema\\\/person\\\/b1d9ae31d71d4fc2391a4920219be808\"},\"headline\":\"Nowe zasady kwarantanny w Polsce\",\"datePublished\":\"2022-01-26T07:00:00+00:00\",\"dateModified\":\"2022-02-08T05:31:55+00:00\",\"mainEntityOfPage\":{\"@id\":\"https:\\\/\\\/notabene.world\\\/nb\\\/nowe-zasady-kwarantanny-w-polsce\\\/\"},\"wordCount\":279,\"publisher\":{\"@id\":\"https:\\\/\\\/notabene.world\\\/nb\\\/#organization\"},\"image\":{\"@id\":\"https:\\\/\\\/notabene.world\\\/nb\\\/nowe-zasady-kwarantanny-w-polsce\\\/#primaryimage\"},\"thumbnailUrl\":\"https:\\\/\\\/i0.wp.com\\\/notabene.world\\\/nb\\\/wp-content\\\/uploads\\\/2022\\\/01\\\/272054212_4782688008488795_4085835175725352826_n.jpg?fit=828%2C540&ssl=1\",\"articleSection\":[\"Nasz \u015awiat\",\"Polityka\",\"Spo\u0142ecze\u0144stwo\"],\"inLanguage\":\"pl-PL\"},{\"@type\":\"WebPage\",\"@id\":\"https:\\\/\\\/notabene.world\\\/nb\\\/nowe-zasady-kwarantanny-w-polsce\\\/\",\"url\":\"https:\\\/\\\/notabene.world\\\/nb\\\/nowe-zasady-kwarantanny-w-polsce\\\/\",\"name\":\"Nowe zasady kwarantanny w Polsce - NOTABENE.WORLD\",\"isPartOf\":{\"@id\":\"https:\\\/\\\/notabene.world\\\/nb\\\/#website\"},\"primaryImageOfPage\":{\"@id\":\"https:\\\/\\\/notabene.world\\\/nb\\\/nowe-zasady-kwarantanny-w-polsce\\\/#primaryimage\"},\"image\":{\"@id\":\"https:\\\/\\\/notabene.world\\\/nb\\\/nowe-zasady-kwarantanny-w-polsce\\\/#primaryimage\"},\"thumbnailUrl\":\"https:\\\/\\\/i0.wp.com\\\/notabene.world\\\/nb\\\/wp-content\\\/uploads\\\/2022\\\/01\\\/272054212_4782688008488795_4085835175725352826_n.jpg?fit=828%2C540&ssl=1\",\"datePublished\":\"2022-01-26T07:00:00+00:00\",\"dateModified\":\"2022-02-08T05:31:55+00:00\",\"description\":\"Podczas konferencji na temat sytuacji epidemicznej 25 stycznia podj\u0119to decyzje o zmianie zasad kwarantanny oraz o zamkni\u0119ciu szk\u00f3\u0142.\",\"breadcrumb\":{\"@id\":\"https:\\\/\\\/notabene.world\\\/nb\\\/nowe-zasady-kwarantanny-w-polsce\\\/#breadcrumb\"},\"inLanguage\":\"pl-PL\",\"potentialAction\":[{\"@type\":\"ReadAction\",\"target\":[\"https:\\\/\\\/notabene.world\\\/nb\\\/nowe-zasady-kwarantanny-w-polsce\\\/\"]}]},{\"@type\":\"ImageObject\",\"inLanguage\":\"pl-PL\",\"@id\":\"https:\\\/\\\/notabene.world\\\/nb\\\/nowe-zasady-kwarantanny-w-polsce\\\/#primaryimage\",\"url\":\"https:\\\/\\\/i0.wp.com\\\/notabene.world\\\/nb\\\/wp-content\\\/uploads\\\/2022\\\/01\\\/272054212_4782688008488795_4085835175725352826_n.jpg?fit=828%2C540&ssl=1\",\"contentUrl\":\"https:\\\/\\\/i0.wp.com\\\/notabene.world\\\/nb\\\/wp-content\\\/uploads\\\/2022\\\/01\\\/272054212_4782688008488795_4085835175725352826_n.jpg?fit=828%2C540&ssl=1\",\"width\":828,\"height\":540},{\"@type\":\"BreadcrumbList\",\"@id\":\"https:\\\/\\\/notabene.world\\\/nb\\\/nowe-zasady-kwarantanny-w-polsce\\\/#breadcrumb\",\"itemListElement\":[{\"@type\":\"ListItem\",\"position\":1,\"name\":\"Home\",\"item\":\"https:\\\/\\\/notabene.world\\\/nb\\\/\"},{\"@type\":\"ListItem\",\"position\":2,\"name\":\"Nowe zasady kwarantanny w Polsce\"}]},{\"@type\":\"WebSite\",\"@id\":\"https:\\\/\\\/notabene.world\\\/nb\\\/#website\",\"url\":\"https:\\\/\\\/notabene.world\\\/nb\\\/\",\"name\":\"NOTABENE.WORLD\",\"description\":\"Przekaz. Warto\u015bci. Wsp\u00f3lnota.\",\"publisher\":{\"@id\":\"https:\\\/\\\/notabene.world\\\/nb\\\/#organization\"},\"potentialAction\":[{\"@type\":\"SearchAction\",\"target\":{\"@type\":\"EntryPoint\",\"urlTemplate\":\"https:\\\/\\\/notabene.world\\\/nb\\\/?s={search_term_string}\"},\"query-input\":{\"@type\":\"PropertyValueSpecification\",\"valueRequired\":true,\"valueName\":\"search_term_string\"}}],\"inLanguage\":\"pl-PL\"},{\"@type\":\"Organization\",\"@id\":\"https:\\\/\\\/notabene.world\\\/nb\\\/#organization\",\"name\":\"NOTABENE.WORLD\",\"url\":\"https:\\\/\\\/notabene.world\\\/nb\\\/\",\"logo\":{\"@type\":\"ImageObject\",\"inLanguage\":\"pl-PL\",\"@id\":\"https:\\\/\\\/notabene.world\\\/nb\\\/#\\\/schema\\\/logo\\\/image\\\/\",\"url\":\"https:\\\/\\\/notabene.world\\\/nb\\\/wp-content\\\/uploads\\\/2022\\\/01\\\/NB-club-start-www1.jpg\",\"contentUrl\":\"https:\\\/\\\/notabene.world\\\/nb\\\/wp-content\\\/uploads\\\/2022\\\/01\\\/NB-club-start-www1.jpg\",\"width\":1000,\"height\":839,\"caption\":\"NOTABENE.WORLD\"},\"image\":{\"@id\":\"https:\\\/\\\/notabene.world\\\/nb\\\/#\\\/schema\\\/logo\\\/image\\\/\"},\"sameAs\":[\"https:\\\/\\\/www.facebook.com\\\/Notabene.World\"]},{\"@type\":\"Person\",\"@id\":\"https:\\\/\\\/notabene.world\\\/nb\\\/#\\\/schema\\\/person\\\/b1d9ae31d71d4fc2391a4920219be808\",\"name\":\"Oliwia Masternak\",\"image\":{\"@type\":\"ImageObject\",\"inLanguage\":\"pl-PL\",\"@id\":\"https:\\\/\\\/secure.gravatar.com\\\/avatar\\\/cf5dd902e1dae3bc351aab35b8642405f3cfd2ce05b9530a6cac3103d6861888?s=96&d=mm&r=g\",\"url\":\"https:\\\/\\\/secure.gravatar.com\\\/avatar\\\/cf5dd902e1dae3bc351aab35b8642405f3cfd2ce05b9530a6cac3103d6861888?s=96&d=mm&r=g\",\"contentUrl\":\"https:\\\/\\\/secure.gravatar.com\\\/avatar\\\/cf5dd902e1dae3bc351aab35b8642405f3cfd2ce05b9530a6cac3103d6861888?s=96&d=mm&r=g\",\"caption\":\"Oliwia Masternak\"},\"url\":\"https:\\\/\\\/notabene.world\\\/nb\\\/author\\\/oliwia\\\/\"}]}<\/script>\n<!-- \/ Yoast SEO plugin. -->","yoast_head_json":{"title":"Nowe zasady kwarantanny w Polsce - NOTABENE.WORLD","description":"Podczas konferencji na temat sytuacji epidemicznej 25 stycznia podj\u0119to decyzje o zmianie zasad kwarantanny oraz o zamkni\u0119ciu szk\u00f3\u0142.","robots":{"index":"index","follow":"follow","max-snippet":"max-snippet:-1","max-image-preview":"max-image-preview:large","max-video-preview":"max-video-preview:-1"},"canonical":"https:\/\/notabene.world\/nb\/nowe-zasady-kwarantanny-w-polsce\/","og_locale":"pl_PL","og_type":"article","og_title":"Nowe zasady kwarantanny w Polsce - NOTABENE.WORLD","og_description":"Podczas konferencji na temat sytuacji epidemicznej 25 stycznia podj\u0119to decyzje o zmianie zasad kwarantanny oraz o zamkni\u0119ciu szk\u00f3\u0142.","og_url":"https:\/\/notabene.world\/nb\/nowe-zasady-kwarantanny-w-polsce\/","og_site_name":"NOTABENE.WORLD","article_publisher":"https:\/\/www.facebook.com\/Notabene.World","article_published_time":"2022-01-26T07:00:00+00:00","article_modified_time":"2022-02-08T05:31:55+00:00","og_image":[{"width":828,"height":540,"url":"https:\/\/notabene.world\/nb\/wp-content\/uploads\/2022\/01\/272054212_4782688008488795_4085835175725352826_n.jpg","type":"image\/jpeg"}],"author":"Oliwia Masternak","twitter_card":"summary_large_image","twitter_misc":{"Napisane przez":"Oliwia Masternak","Szacowany czas czytania":"2 minuty"},"schema":{"@context":"https:\/\/schema.org","@graph":[{"@type":"Article","@id":"https:\/\/notabene.world\/nb\/nowe-zasady-kwarantanny-w-polsce\/#article","isPartOf":{"@id":"https:\/\/notabene.world\/nb\/nowe-zasady-kwarantanny-w-polsce\/"},"author":{"name":"Oliwia Masternak","@id":"https:\/\/notabene.world\/nb\/#\/schema\/person\/b1d9ae31d71d4fc2391a4920219be808"},"headline":"Nowe zasady kwarantanny w Polsce","datePublished":"2022-01-26T07:00:00+00:00","dateModified":"2022-02-08T05:31:55+00:00","mainEntityOfPage":{"@id":"https:\/\/notabene.world\/nb\/nowe-zasady-kwarantanny-w-polsce\/"},"wordCount":279,"publisher":{"@id":"https:\/\/notabene.world\/nb\/#organization"},"image":{"@id":"https:\/\/notabene.world\/nb\/nowe-zasady-kwarantanny-w-polsce\/#primaryimage"},"thumbnailUrl":"https:\/\/i0.wp.com\/notabene.world\/nb\/wp-content\/uploads\/2022\/01\/272054212_4782688008488795_4085835175725352826_n.jpg?fit=828%2C540&ssl=1","articleSection":["Nasz \u015awiat","Polityka","Spo\u0142ecze\u0144stwo"],"inLanguage":"pl-PL"},{"@type":"WebPage","@id":"https:\/\/notabene.world\/nb\/nowe-zasady-kwarantanny-w-polsce\/","url":"https:\/\/notabene.world\/nb\/nowe-zasady-kwarantanny-w-polsce\/","name":"Nowe zasady kwarantanny w Polsce - NOTABENE.WORLD","isPartOf":{"@id":"https:\/\/notabene.world\/nb\/#website"},"primaryImageOfPage":{"@id":"https:\/\/notabene.world\/nb\/nowe-zasady-kwarantanny-w-polsce\/#primaryimage"},"image":{"@id":"https:\/\/notabene.world\/nb\/nowe-zasady-kwarantanny-w-polsce\/#primaryimage"},"thumbnailUrl":"https:\/\/i0.wp.com\/notabene.world\/nb\/wp-content\/uploads\/2022\/01\/272054212_4782688008488795_4085835175725352826_n.jpg?fit=828%2C540&ssl=1","datePublished":"2022-01-26T07:00:00+00:00","dateModified":"2022-02-08T05:31:55+00:00","description":"Podczas konferencji na temat sytuacji epidemicznej 25 stycznia podj\u0119to decyzje o zmianie zasad kwarantanny oraz o zamkni\u0119ciu szk\u00f3\u0142.","breadcrumb":{"@id":"https:\/\/notabene.world\/nb\/nowe-zasady-kwarantanny-w-polsce\/#breadcrumb"},"inLanguage":"pl-PL","potentialAction":[{"@type":"ReadAction","target":["https:\/\/notabene.world\/nb\/nowe-zasady-kwarantanny-w-polsce\/"]}]},{"@type":"ImageObject","inLanguage":"pl-PL","@id":"https:\/\/notabene.world\/nb\/nowe-zasady-kwarantanny-w-polsce\/#primaryimage","url":"https:\/\/i0.wp.com\/notabene.world\/nb\/wp-content\/uploads\/2022\/01\/272054212_4782688008488795_4085835175725352826_n.jpg?fit=828%2C540&ssl=1","contentUrl":"https:\/\/i0.wp.com\/notabene.world\/nb\/wp-content\/uploads\/2022\/01\/272054212_4782688008488795_4085835175725352826_n.jpg?fit=828%2C540&ssl=1","width":828,"height":540},{"@type":"BreadcrumbList","@id":"https:\/\/notabene.world\/nb\/nowe-zasady-kwarantanny-w-polsce\/#breadcrumb","itemListElement":[{"@type":"ListItem","position":1,"name":"Home","item":"https:\/\/notabene.world\/nb\/"},{"@type":"ListItem","position":2,"name":"Nowe zasady kwarantanny w Polsce"}]},{"@type":"WebSite","@id":"https:\/\/notabene.world\/nb\/#website","url":"https:\/\/notabene.world\/nb\/","name":"NOTABENE.WORLD","description":"Przekaz. Warto\u015bci. Wsp\u00f3lnota.","publisher":{"@id":"https:\/\/notabene.world\/nb\/#organization"},"potentialAction":[{"@type":"SearchAction","target":{"@type":"EntryPoint","urlTemplate":"https:\/\/notabene.world\/nb\/?s={search_term_string}"},"query-input":{"@type":"PropertyValueSpecification","valueRequired":true,"valueName":"search_term_string"}}],"inLanguage":"pl-PL"},{"@type":"Organization","@id":"https:\/\/notabene.world\/nb\/#organization","name":"NOTABENE.WORLD","url":"https:\/\/notabene.world\/nb\/","logo":{"@type":"ImageObject","inLanguage":"pl-PL","@id":"https:\/\/notabene.world\/nb\/#\/schema\/logo\/image\/","url":"https:\/\/notabene.world\/nb\/wp-content\/uploads\/2022\/01\/NB-club-start-www1.jpg","contentUrl":"https:\/\/notabene.world\/nb\/wp-content\/uploads\/2022\/01\/NB-club-start-www1.jpg","width":1000,"height":839,"caption":"NOTABENE.WORLD"},"image":{"@id":"https:\/\/notabene.world\/nb\/#\/schema\/logo\/image\/"},"sameAs":["https:\/\/www.facebook.com\/Notabene.World"]},{"@type":"Person","@id":"https:\/\/notabene.world\/nb\/#\/schema\/person\/b1d9ae31d71d4fc2391a4920219be808","name":"Oliwia Masternak","image":{"@type":"ImageObject","inLanguage":"pl-PL","@id":"https:\/\/secure.gravatar.com\/avatar\/cf5dd902e1dae3bc351aab35b8642405f3cfd2ce05b9530a6cac3103d6861888?s=96&d=mm&r=g","url":"https:\/\/secure.gravatar.com\/avatar\/cf5dd902e1dae3bc351aab35b8642405f3cfd2ce05b9530a6cac3103d6861888?s=96&d=mm&r=g","contentUrl":"https:\/\/secure.gravatar.com\/avatar\/cf5dd902e1dae3bc351aab35b8642405f3cfd2ce05b9530a6cac3103d6861888?s=96&d=mm&r=g","caption":"Oliwia Masternak"},"url":"https:\/\/notabene.world\/nb\/author\/oliwia\/"}]}},"jetpack_featured_media_url":"https:\/\/i0.wp.com\/notabene.world\/nb\/wp-content\/uploads\/2022\/01\/272054212_4782688008488795_4085835175725352826_n.jpg?fit=828%2C540&ssl=1","jetpack_sharing_enabled":true,"jetpack_shortlink":"https:\/\/wp.me\/pdCobN-lV","_links":{"self":[{"href":"https:\/\/notabene.world\/nb\/wp-json\/wp\/v2\/posts\/1359","targetHints":{"allow":["GET"]}}],"collection":[{"href":"https:\/\/notabene.world\/nb\/wp-json\/wp\/v2\/posts"}],"about":[{"href":"https:\/\/notabene.world\/nb\/wp-json\/wp\/v2\/types\/post"}],"author":[{"embeddable":true,"href":"https:\/\/notabene.world\/nb\/wp-json\/wp\/v2\/users\/8"}],"replies":[{"embeddable":true,"href":"https:\/\/notabene.world\/nb\/wp-json\/wp\/v2\/comments?post=1359"}],"version-history":[{"count":5,"href":"https:\/\/notabene.world\/nb\/wp-json\/wp\/v2\/posts\/1359\/revisions"}],"predecessor-version":[{"id":1523,"href":"https:\/\/notabene.world\/nb\/wp-json\/wp\/v2\/posts\/1359\/revisions\/1523"}],"wp:featuredmedia":[{"embeddable":true,"href":"https:\/\/notabene.world\/nb\/wp-json\/wp\/v2\/media\/1389"}],"wp:attachment":[{"href":"https:\/\/notabene.world\/nb\/wp-json\/wp\/v2\/media?parent=1359"}],"wp:term":[{"taxonomy":"category","embeddable":true,"href":"https:\/\/notabene.world\/nb\/wp-json\/wp\/v2\/categories?post=1359"},{"taxonomy":"post_tag","embeddable":true,"href":"https:\/\/notabene.world\/nb\/wp-json\/wp\/v2\/tags?post=1359"}],"curies":[{"name":"wp","href":"https:\/\/api.w.org\/{rel}","templated":true}]}}