{"id":1391,"date":"2022-01-27T16:03:36","date_gmt":"2022-01-27T15:03:36","guid":{"rendered":"https:\/\/notabene.world\/nb\/?p=1391"},"modified":"2022-02-06T16:23:25","modified_gmt":"2022-02-06T15:23:25","slug":"porazka-igi-swiatek-nie-zagra-w-finale-ao","status":"publish","type":"post","link":"https:\/\/notabene.world\/nb\/porazka-igi-swiatek-nie-zagra-w-finale-ao\/","title":{"rendered":"Pora\u017cka Igi \u015awi\u0105tek! Nie zagra w finale AO"},"content":{"rendered":"\n<h2 class=\"wp-block-heading\" id=\"polska-reprezentantka-polegla-w-starciu-z-danielle-collins-amerykanka-zmiazdzyla-ige-swiatek-wynikami-6-4-6-1-to-zdecydowanie-nie-byl-jej-czas-aby-lsnic\"><strong>Polska reprezentantka poleg\u0142a w starciu z Danielle Collins. Amerykanka zmia\u017cd\u017cy\u0142a Ig\u0119 \u015awi\u0105tek wynikami 6:4, 6:1. To zdecydowanie nie by\u0142 jej czas, aby l\u015bni\u0107.<\/strong><\/h2>\n\n\n\n<p>\u015awi\u0105tek, mimo jej stara\u0144 nie uda\u0142o si\u0119 przej\u015b\u0107 do fina\u0142u Australian Open. Ci\u0119\u017cka praca nie posz\u0142a jednak na marne, gdy\u017c wychodzi z tego turnieju w TOP 4 oraz nagrod\u0105 pieni\u0119\u017cn\u0105&nbsp;o przybli\u017conej warto\u015bci 3 mln z\u0142otych. <\/p>\n\n\n\n<p>Danielle Collins by\u0142a godnym rywalem, rozgrywka mi\u0119dzy kobietami by\u0142a niesamowicie zaci\u0119ta, pe\u0142na napi\u0119\u0107. Obydwie dawa\u0142y z siebie wszystko, jednak poprzez znaczn\u0105 przewag\u0119 Amerykanki \u015awi\u0105tek zacz\u0119\u0142a podupada\u0107. Stres zaatakowa\u0142 jej umys\u0142, co wyprowadzi\u0142o j\u0105 z r\u00f3wnowagi. Kiedy wydawa\u0142oby si\u0119, \u017ce pierwszy set nie b\u0119dzie trwa\u0107 d\u0142ugo, po 20 minutach Polka wybudzi\u0142a si\u0119&nbsp;i zacz\u0119\u0142a stawia\u0107 op\u00f3r, doprowadzaj\u0105c do wyniku 4:5. Collins nie da\u0142a sobie jednak zabra\u0107 tego zwyci\u0119stwa i skutecznie doprowadzi\u0142a do ko\u0144ca pierwszej partii wynikiem 6:4.<\/p>\n\n\n\n<figure class=\"wp-block-gallery has-nested-images columns-default is-cropped wp-block-gallery-1 is-layout-flex wp-block-gallery-is-layout-flex\">\n<figure class=\"wp-block-image size-large\"><img data-recalc-dims=\"1\" loading=\"lazy\" decoding=\"async\" width=\"800\" height=\"616\" data-id=\"1396\" src=\"https:\/\/i0.wp.com\/notabene.world\/nb\/wp-content\/uploads\/2022\/01\/Zrzut-ekranu-2022-01-27-o-15.31.22.png?resize=800%2C616&#038;ssl=1\" alt=\"\" class=\"wp-image-1396\" srcset=\"https:\/\/i0.wp.com\/notabene.world\/nb\/wp-content\/uploads\/2022\/01\/Zrzut-ekranu-2022-01-27-o-15.31.22.png?resize=1024%2C788&amp;ssl=1 1024w, https:\/\/i0.wp.com\/notabene.world\/nb\/wp-content\/uploads\/2022\/01\/Zrzut-ekranu-2022-01-27-o-15.31.22.png?resize=300%2C231&amp;ssl=1 300w, https:\/\/i0.wp.com\/notabene.world\/nb\/wp-content\/uploads\/2022\/01\/Zrzut-ekranu-2022-01-27-o-15.31.22.png?resize=768%2C591&amp;ssl=1 768w, https:\/\/i0.wp.com\/notabene.world\/nb\/wp-content\/uploads\/2022\/01\/Zrzut-ekranu-2022-01-27-o-15.31.22.png?resize=1536%2C1182&amp;ssl=1 1536w, https:\/\/i0.wp.com\/notabene.world\/nb\/wp-content\/uploads\/2022\/01\/Zrzut-ekranu-2022-01-27-o-15.31.22.png?w=1596&amp;ssl=1 1596w\" sizes=\"auto, (max-width: 800px) 100vw, 800px\" \/><\/figure>\n<\/figure>\n\n\n\n<p>Drugi set zacz\u0105\u0142 si\u0119 niepokoj\u0105co dla polskiej reprezentantki. Danielle Collins od razu wysz\u0142a na prowadzenie wynikiem 3:0. Niecierpliwie czekali\u015bmy na wybudzenie si\u0119 \u015awi\u0105tek, ale zm\u0119czenie psychiczne i fizyczne uderzy\u0142o j\u0105 za mocno i str\u0105ci\u0142o na d\u00f3\u0142 tak, \u017ce ju\u017c nie by\u0142a w stanie si\u0119 podnie\u015b\u0107. Mia\u0142a trudno\u015b\u0107 z utrzymaniem d\u0142u\u017cszej wymiany pi\u0142ek. Nie poddawa\u0142a si\u0119 jednak i uda\u0142o jej si\u0119 wygra\u0107 pi\u0105tego gema. Amerykanka szybko prze\u0142ama\u0142a jej moment chwa\u0142y i zako\u0144czy\u0142a mecz wygrywaj\u0105c 2:0.<\/p>\n\n\n\n<figure class=\"wp-block-gallery has-nested-images columns-default is-cropped wp-block-gallery-2 is-layout-flex wp-block-gallery-is-layout-flex\">\n<figure class=\"wp-block-image size-large\"><img data-recalc-dims=\"1\" loading=\"lazy\" decoding=\"async\" width=\"680\" height=\"413\" data-id=\"1398\" src=\"https:\/\/i0.wp.com\/notabene.world\/nb\/wp-content\/uploads\/2022\/01\/IMG_D438363E287A-1.jpeg?resize=680%2C413&#038;ssl=1\" alt=\"\" class=\"wp-image-1398\" srcset=\"https:\/\/i0.wp.com\/notabene.world\/nb\/wp-content\/uploads\/2022\/01\/IMG_D438363E287A-1.jpeg?w=680&amp;ssl=1 680w, https:\/\/i0.wp.com\/notabene.world\/nb\/wp-content\/uploads\/2022\/01\/IMG_D438363E287A-1.jpeg?resize=300%2C182&amp;ssl=1 300w\" sizes=\"auto, (max-width: 680px) 100vw, 680px\" \/><\/figure>\n<\/figure>\n\n\n\n<p>\u015awi\u0105tek po meczu z Danielle Collins 27.01.2022 podczas Australian Open rozpad\u0142a si\u0119. Nikt z nas nie lubi by\u0107 zepchni\u0119ty, kiedy prawie zdobyli\u015bmy szczyt. Sama m\u00f3wi\u0142a, \u017ce niezale\u017cnie od wyniku rozp\u0142acze si\u0119. Masa z\u0142ych s\u0142\u00f3w, z\u0142o\u015bliwych komentarzy uderzy\u0142o w stron\u0119 m\u0142odej tenisistki. Dwudziestolatka jednak otrzyma\u0142a mn\u00f3stwo wsparcia od fan\u00f3w na Twitterze i innych platformach spo\u0142eczno\u015bciowych. To pocz\u0105tek jej kariery i szykuje si\u0119 przed ni\u0105 pi\u0119kna przygoda.<\/p>\n\n\n\n<figure class=\"wp-block-image size-large\"><img data-recalc-dims=\"1\" loading=\"lazy\" decoding=\"async\" width=\"670\" height=\"1024\" src=\"https:\/\/i0.wp.com\/notabene.world\/nb\/wp-content\/uploads\/2022\/01\/IMG_1433.jpg?resize=670%2C1024&#038;ssl=1\" alt=\"\" class=\"wp-image-1395\" srcset=\"https:\/\/i0.wp.com\/notabene.world\/nb\/wp-content\/uploads\/2022\/01\/IMG_1433.jpg?resize=670%2C1024&amp;ssl=1 670w, https:\/\/i0.wp.com\/notabene.world\/nb\/wp-content\/uploads\/2022\/01\/IMG_1433.jpg?resize=196%2C300&amp;ssl=1 196w, https:\/\/i0.wp.com\/notabene.world\/nb\/wp-content\/uploads\/2022\/01\/IMG_1433.jpg?resize=768%2C1174&amp;ssl=1 768w, https:\/\/i0.wp.com\/notabene.world\/nb\/wp-content\/uploads\/2022\/01\/IMG_1433.jpg?resize=1005%2C1536&amp;ssl=1 1005w, https:\/\/i0.wp.com\/notabene.world\/nb\/wp-content\/uploads\/2022\/01\/IMG_1433.jpg?w=1170&amp;ssl=1 1170w\" sizes=\"auto, (max-width: 670px) 100vw, 670px\" \/><\/figure>\n","protected":false},"excerpt":{"rendered":"<p>Polska reprezentantka poleg\u0142a w starciu z Danielle Collins. Amerykanka zmia\u017cd\u017cy\u0142a Ig\u0119 \u015awi\u0105tek wynikami 6:4, 6:1. To zdecydowanie nie by\u0142 jej czas, aby l\u015bni\u0107.<\/p>\n","protected":false},"author":4,"featured_media":1396,"comment_status":"closed","ping_status":"closed","sticky":false,"template":"","format":"standard","meta":{"colormag_page_container_layout":"default_layout","colormag_page_sidebar_layout":"default_layout","_jetpack_memberships_contains_paid_content":false,"footnotes":"","_links_to":"","_links_to_target":""},"categories":[9],"tags":[66,67],"class_list":["post-1391","post","type-post","status-publish","format-standard","has-post-thumbnail","hentry","category-sport","tag-ao","tag-igaswiatek"],"yoast_head":"<!-- This site is optimized with the Yoast SEO plugin v27.5 - https:\/\/yoast.com\/product\/yoast-seo-wordpress\/ -->\n<title>Pora\u017cka Igi \u015awi\u0105tek! Nie zagra w finale AO - NOTABENE.WORLD<\/title>\n<meta name=\"robots\" content=\"index, follow, max-snippet:-1, max-image-preview:large, max-video-preview:-1\" \/>\n<link rel=\"canonical\" href=\"https:\/\/notabene.world\/nb\/porazka-igi-swiatek-nie-zagra-w-finale-ao\/\" \/>\n<meta property=\"og:locale\" content=\"pl_PL\" \/>\n<meta property=\"og:type\" content=\"article\" \/>\n<meta property=\"og:title\" content=\"Pora\u017cka Igi \u015awi\u0105tek! Nie zagra w finale AO - NOTABENE.WORLD\" \/>\n<meta property=\"og:description\" content=\"Polska reprezentantka poleg\u0142a w starciu z Danielle Collins. Amerykanka zmia\u017cd\u017cy\u0142a Ig\u0119 \u015awi\u0105tek wynikami 6:4, 6:1. To zdecydowanie nie by\u0142 jej czas, aby l\u015bni\u0107.\" \/>\n<meta property=\"og:url\" content=\"https:\/\/notabene.world\/nb\/porazka-igi-swiatek-nie-zagra-w-finale-ao\/\" \/>\n<meta property=\"og:site_name\" content=\"NOTABENE.WORLD\" \/>\n<meta property=\"article:publisher\" content=\"https:\/\/www.facebook.com\/Notabene.World\" \/>\n<meta property=\"article:published_time\" content=\"2022-01-27T15:03:36+00:00\" \/>\n<meta property=\"article:modified_time\" content=\"2022-02-06T15:23:25+00:00\" \/>\n<meta property=\"og:image\" content=\"https:\/\/notabene.world\/nb\/wp-content\/uploads\/2022\/01\/Zrzut-ekranu-2022-01-27-o-15.31.22-1024x788.png\" \/>\n\t<meta property=\"og:image:width\" content=\"1024\" \/>\n\t<meta property=\"og:image:height\" content=\"788\" \/>\n\t<meta property=\"og:image:type\" content=\"image\/png\" \/>\n<meta name=\"author\" content=\"Wiktoria S\u0119k\" \/>\n<meta name=\"twitter:card\" content=\"summary_large_image\" \/>\n<meta name=\"twitter:label1\" content=\"Napisane przez\" \/>\n\t<meta name=\"twitter:data1\" content=\"Wiktoria S\u0119k\" \/>\n\t<meta name=\"twitter:label2\" content=\"Szacowany czas czytania\" \/>\n\t<meta name=\"twitter:data2\" content=\"3 minuty\" \/>\n<script type=\"application\/ld+json\" class=\"yoast-schema-graph\">{\"@context\":\"https:\\\/\\\/schema.org\",\"@graph\":[{\"@type\":\"Article\",\"@id\":\"https:\\\/\\\/notabene.world\\\/nb\\\/porazka-igi-swiatek-nie-zagra-w-finale-ao\\\/#article\",\"isPartOf\":{\"@id\":\"https:\\\/\\\/notabene.world\\\/nb\\\/porazka-igi-swiatek-nie-zagra-w-finale-ao\\\/\"},\"author\":{\"name\":\"Wiktoria S\u0119k\",\"@id\":\"https:\\\/\\\/notabene.world\\\/nb\\\/#\\\/schema\\\/person\\\/f0c564b35774612eb9d01411cf7db155\"},\"headline\":\"Pora\u017cka Igi \u015awi\u0105tek! Nie zagra w finale AO\",\"datePublished\":\"2022-01-27T15:03:36+00:00\",\"dateModified\":\"2022-02-06T15:23:25+00:00\",\"mainEntityOfPage\":{\"@id\":\"https:\\\/\\\/notabene.world\\\/nb\\\/porazka-igi-swiatek-nie-zagra-w-finale-ao\\\/\"},\"wordCount\":355,\"publisher\":{\"@id\":\"https:\\\/\\\/notabene.world\\\/nb\\\/#organization\"},\"image\":{\"@id\":\"https:\\\/\\\/notabene.world\\\/nb\\\/porazka-igi-swiatek-nie-zagra-w-finale-ao\\\/#primaryimage\"},\"thumbnailUrl\":\"https:\\\/\\\/i0.wp.com\\\/notabene.world\\\/nb\\\/wp-content\\\/uploads\\\/2022\\\/01\\\/Zrzut-ekranu-2022-01-27-o-15.31.22.png?fit=1596%2C1228&ssl=1\",\"keywords\":[\"#AO\",\"#iga\u015bwi\u0105tek\"],\"articleSection\":[\"Sport\"],\"inLanguage\":\"pl-PL\"},{\"@type\":\"WebPage\",\"@id\":\"https:\\\/\\\/notabene.world\\\/nb\\\/porazka-igi-swiatek-nie-zagra-w-finale-ao\\\/\",\"url\":\"https:\\\/\\\/notabene.world\\\/nb\\\/porazka-igi-swiatek-nie-zagra-w-finale-ao\\\/\",\"name\":\"Pora\u017cka Igi \u015awi\u0105tek! Nie zagra w finale AO - NOTABENE.WORLD\",\"isPartOf\":{\"@id\":\"https:\\\/\\\/notabene.world\\\/nb\\\/#website\"},\"primaryImageOfPage\":{\"@id\":\"https:\\\/\\\/notabene.world\\\/nb\\\/porazka-igi-swiatek-nie-zagra-w-finale-ao\\\/#primaryimage\"},\"image\":{\"@id\":\"https:\\\/\\\/notabene.world\\\/nb\\\/porazka-igi-swiatek-nie-zagra-w-finale-ao\\\/#primaryimage\"},\"thumbnailUrl\":\"https:\\\/\\\/i0.wp.com\\\/notabene.world\\\/nb\\\/wp-content\\\/uploads\\\/2022\\\/01\\\/Zrzut-ekranu-2022-01-27-o-15.31.22.png?fit=1596%2C1228&ssl=1\",\"datePublished\":\"2022-01-27T15:03:36+00:00\",\"dateModified\":\"2022-02-06T15:23:25+00:00\",\"breadcrumb\":{\"@id\":\"https:\\\/\\\/notabene.world\\\/nb\\\/porazka-igi-swiatek-nie-zagra-w-finale-ao\\\/#breadcrumb\"},\"inLanguage\":\"pl-PL\",\"potentialAction\":[{\"@type\":\"ReadAction\",\"target\":[\"https:\\\/\\\/notabene.world\\\/nb\\\/porazka-igi-swiatek-nie-zagra-w-finale-ao\\\/\"]}]},{\"@type\":\"ImageObject\",\"inLanguage\":\"pl-PL\",\"@id\":\"https:\\\/\\\/notabene.world\\\/nb\\\/porazka-igi-swiatek-nie-zagra-w-finale-ao\\\/#primaryimage\",\"url\":\"https:\\\/\\\/i0.wp.com\\\/notabene.world\\\/nb\\\/wp-content\\\/uploads\\\/2022\\\/01\\\/Zrzut-ekranu-2022-01-27-o-15.31.22.png?fit=1596%2C1228&ssl=1\",\"contentUrl\":\"https:\\\/\\\/i0.wp.com\\\/notabene.world\\\/nb\\\/wp-content\\\/uploads\\\/2022\\\/01\\\/Zrzut-ekranu-2022-01-27-o-15.31.22.png?fit=1596%2C1228&ssl=1\",\"width\":1596,\"height\":1228},{\"@type\":\"BreadcrumbList\",\"@id\":\"https:\\\/\\\/notabene.world\\\/nb\\\/porazka-igi-swiatek-nie-zagra-w-finale-ao\\\/#breadcrumb\",\"itemListElement\":[{\"@type\":\"ListItem\",\"position\":1,\"name\":\"Home\",\"item\":\"https:\\\/\\\/notabene.world\\\/nb\\\/\"},{\"@type\":\"ListItem\",\"position\":2,\"name\":\"Pora\u017cka Igi \u015awi\u0105tek! Nie zagra w finale AO\"}]},{\"@type\":\"WebSite\",\"@id\":\"https:\\\/\\\/notabene.world\\\/nb\\\/#website\",\"url\":\"https:\\\/\\\/notabene.world\\\/nb\\\/\",\"name\":\"NOTABENE.WORLD\",\"description\":\"Przekaz. Warto\u015bci. Wsp\u00f3lnota.\",\"publisher\":{\"@id\":\"https:\\\/\\\/notabene.world\\\/nb\\\/#organization\"},\"potentialAction\":[{\"@type\":\"SearchAction\",\"target\":{\"@type\":\"EntryPoint\",\"urlTemplate\":\"https:\\\/\\\/notabene.world\\\/nb\\\/?s={search_term_string}\"},\"query-input\":{\"@type\":\"PropertyValueSpecification\",\"valueRequired\":true,\"valueName\":\"search_term_string\"}}],\"inLanguage\":\"pl-PL\"},{\"@type\":\"Organization\",\"@id\":\"https:\\\/\\\/notabene.world\\\/nb\\\/#organization\",\"name\":\"NOTABENE.WORLD\",\"url\":\"https:\\\/\\\/notabene.world\\\/nb\\\/\",\"logo\":{\"@type\":\"ImageObject\",\"inLanguage\":\"pl-PL\",\"@id\":\"https:\\\/\\\/notabene.world\\\/nb\\\/#\\\/schema\\\/logo\\\/image\\\/\",\"url\":\"https:\\\/\\\/notabene.world\\\/nb\\\/wp-content\\\/uploads\\\/2022\\\/01\\\/NB-club-start-www1.jpg\",\"contentUrl\":\"https:\\\/\\\/notabene.world\\\/nb\\\/wp-content\\\/uploads\\\/2022\\\/01\\\/NB-club-start-www1.jpg\",\"width\":1000,\"height\":839,\"caption\":\"NOTABENE.WORLD\"},\"image\":{\"@id\":\"https:\\\/\\\/notabene.world\\\/nb\\\/#\\\/schema\\\/logo\\\/image\\\/\"},\"sameAs\":[\"https:\\\/\\\/www.facebook.com\\\/Notabene.World\"]},{\"@type\":\"Person\",\"@id\":\"https:\\\/\\\/notabene.world\\\/nb\\\/#\\\/schema\\\/person\\\/f0c564b35774612eb9d01411cf7db155\",\"name\":\"Wiktoria S\u0119k\",\"image\":{\"@type\":\"ImageObject\",\"inLanguage\":\"pl-PL\",\"@id\":\"https:\\\/\\\/secure.gravatar.com\\\/avatar\\\/06090a995bb3a0f3689d57f910a642c6bc8f38e52120867ff3015b7ac22dcb80?s=96&d=mm&r=g\",\"url\":\"https:\\\/\\\/secure.gravatar.com\\\/avatar\\\/06090a995bb3a0f3689d57f910a642c6bc8f38e52120867ff3015b7ac22dcb80?s=96&d=mm&r=g\",\"contentUrl\":\"https:\\\/\\\/secure.gravatar.com\\\/avatar\\\/06090a995bb3a0f3689d57f910a642c6bc8f38e52120867ff3015b7ac22dcb80?s=96&d=mm&r=g\",\"caption\":\"Wiktoria S\u0119k\"},\"url\":\"https:\\\/\\\/notabene.world\\\/nb\\\/author\\\/wiktoria\\\/\"}]}<\/script>\n<!-- \/ Yoast SEO plugin. -->","yoast_head_json":{"title":"Pora\u017cka Igi \u015awi\u0105tek! Nie zagra w finale AO - NOTABENE.WORLD","robots":{"index":"index","follow":"follow","max-snippet":"max-snippet:-1","max-image-preview":"max-image-preview:large","max-video-preview":"max-video-preview:-1"},"canonical":"https:\/\/notabene.world\/nb\/porazka-igi-swiatek-nie-zagra-w-finale-ao\/","og_locale":"pl_PL","og_type":"article","og_title":"Pora\u017cka Igi \u015awi\u0105tek! Nie zagra w finale AO - NOTABENE.WORLD","og_description":"Polska reprezentantka poleg\u0142a w starciu z Danielle Collins. Amerykanka zmia\u017cd\u017cy\u0142a Ig\u0119 \u015awi\u0105tek wynikami 6:4, 6:1. To zdecydowanie nie by\u0142 jej czas, aby l\u015bni\u0107.","og_url":"https:\/\/notabene.world\/nb\/porazka-igi-swiatek-nie-zagra-w-finale-ao\/","og_site_name":"NOTABENE.WORLD","article_publisher":"https:\/\/www.facebook.com\/Notabene.World","article_published_time":"2022-01-27T15:03:36+00:00","article_modified_time":"2022-02-06T15:23:25+00:00","og_image":[{"width":1024,"height":788,"url":"https:\/\/notabene.world\/nb\/wp-content\/uploads\/2022\/01\/Zrzut-ekranu-2022-01-27-o-15.31.22-1024x788.png","type":"image\/png"}],"author":"Wiktoria S\u0119k","twitter_card":"summary_large_image","twitter_misc":{"Napisane przez":"Wiktoria S\u0119k","Szacowany czas czytania":"3 minuty"},"schema":{"@context":"https:\/\/schema.org","@graph":[{"@type":"Article","@id":"https:\/\/notabene.world\/nb\/porazka-igi-swiatek-nie-zagra-w-finale-ao\/#article","isPartOf":{"@id":"https:\/\/notabene.world\/nb\/porazka-igi-swiatek-nie-zagra-w-finale-ao\/"},"author":{"name":"Wiktoria S\u0119k","@id":"https:\/\/notabene.world\/nb\/#\/schema\/person\/f0c564b35774612eb9d01411cf7db155"},"headline":"Pora\u017cka Igi \u015awi\u0105tek! Nie zagra w finale AO","datePublished":"2022-01-27T15:03:36+00:00","dateModified":"2022-02-06T15:23:25+00:00","mainEntityOfPage":{"@id":"https:\/\/notabene.world\/nb\/porazka-igi-swiatek-nie-zagra-w-finale-ao\/"},"wordCount":355,"publisher":{"@id":"https:\/\/notabene.world\/nb\/#organization"},"image":{"@id":"https:\/\/notabene.world\/nb\/porazka-igi-swiatek-nie-zagra-w-finale-ao\/#primaryimage"},"thumbnailUrl":"https:\/\/i0.wp.com\/notabene.world\/nb\/wp-content\/uploads\/2022\/01\/Zrzut-ekranu-2022-01-27-o-15.31.22.png?fit=1596%2C1228&ssl=1","keywords":["#AO","#iga\u015bwi\u0105tek"],"articleSection":["Sport"],"inLanguage":"pl-PL"},{"@type":"WebPage","@id":"https:\/\/notabene.world\/nb\/porazka-igi-swiatek-nie-zagra-w-finale-ao\/","url":"https:\/\/notabene.world\/nb\/porazka-igi-swiatek-nie-zagra-w-finale-ao\/","name":"Pora\u017cka Igi \u015awi\u0105tek! Nie zagra w finale AO - NOTABENE.WORLD","isPartOf":{"@id":"https:\/\/notabene.world\/nb\/#website"},"primaryImageOfPage":{"@id":"https:\/\/notabene.world\/nb\/porazka-igi-swiatek-nie-zagra-w-finale-ao\/#primaryimage"},"image":{"@id":"https:\/\/notabene.world\/nb\/porazka-igi-swiatek-nie-zagra-w-finale-ao\/#primaryimage"},"thumbnailUrl":"https:\/\/i0.wp.com\/notabene.world\/nb\/wp-content\/uploads\/2022\/01\/Zrzut-ekranu-2022-01-27-o-15.31.22.png?fit=1596%2C1228&ssl=1","datePublished":"2022-01-27T15:03:36+00:00","dateModified":"2022-02-06T15:23:25+00:00","breadcrumb":{"@id":"https:\/\/notabene.world\/nb\/porazka-igi-swiatek-nie-zagra-w-finale-ao\/#breadcrumb"},"inLanguage":"pl-PL","potentialAction":[{"@type":"ReadAction","target":["https:\/\/notabene.world\/nb\/porazka-igi-swiatek-nie-zagra-w-finale-ao\/"]}]},{"@type":"ImageObject","inLanguage":"pl-PL","@id":"https:\/\/notabene.world\/nb\/porazka-igi-swiatek-nie-zagra-w-finale-ao\/#primaryimage","url":"https:\/\/i0.wp.com\/notabene.world\/nb\/wp-content\/uploads\/2022\/01\/Zrzut-ekranu-2022-01-27-o-15.31.22.png?fit=1596%2C1228&ssl=1","contentUrl":"https:\/\/i0.wp.com\/notabene.world\/nb\/wp-content\/uploads\/2022\/01\/Zrzut-ekranu-2022-01-27-o-15.31.22.png?fit=1596%2C1228&ssl=1","width":1596,"height":1228},{"@type":"BreadcrumbList","@id":"https:\/\/notabene.world\/nb\/porazka-igi-swiatek-nie-zagra-w-finale-ao\/#breadcrumb","itemListElement":[{"@type":"ListItem","position":1,"name":"Home","item":"https:\/\/notabene.world\/nb\/"},{"@type":"ListItem","position":2,"name":"Pora\u017cka Igi \u015awi\u0105tek! Nie zagra w finale AO"}]},{"@type":"WebSite","@id":"https:\/\/notabene.world\/nb\/#website","url":"https:\/\/notabene.world\/nb\/","name":"NOTABENE.WORLD","description":"Przekaz. Warto\u015bci. Wsp\u00f3lnota.","publisher":{"@id":"https:\/\/notabene.world\/nb\/#organization"},"potentialAction":[{"@type":"SearchAction","target":{"@type":"EntryPoint","urlTemplate":"https:\/\/notabene.world\/nb\/?s={search_term_string}"},"query-input":{"@type":"PropertyValueSpecification","valueRequired":true,"valueName":"search_term_string"}}],"inLanguage":"pl-PL"},{"@type":"Organization","@id":"https:\/\/notabene.world\/nb\/#organization","name":"NOTABENE.WORLD","url":"https:\/\/notabene.world\/nb\/","logo":{"@type":"ImageObject","inLanguage":"pl-PL","@id":"https:\/\/notabene.world\/nb\/#\/schema\/logo\/image\/","url":"https:\/\/notabene.world\/nb\/wp-content\/uploads\/2022\/01\/NB-club-start-www1.jpg","contentUrl":"https:\/\/notabene.world\/nb\/wp-content\/uploads\/2022\/01\/NB-club-start-www1.jpg","width":1000,"height":839,"caption":"NOTABENE.WORLD"},"image":{"@id":"https:\/\/notabene.world\/nb\/#\/schema\/logo\/image\/"},"sameAs":["https:\/\/www.facebook.com\/Notabene.World"]},{"@type":"Person","@id":"https:\/\/notabene.world\/nb\/#\/schema\/person\/f0c564b35774612eb9d01411cf7db155","name":"Wiktoria S\u0119k","image":{"@type":"ImageObject","inLanguage":"pl-PL","@id":"https:\/\/secure.gravatar.com\/avatar\/06090a995bb3a0f3689d57f910a642c6bc8f38e52120867ff3015b7ac22dcb80?s=96&d=mm&r=g","url":"https:\/\/secure.gravatar.com\/avatar\/06090a995bb3a0f3689d57f910a642c6bc8f38e52120867ff3015b7ac22dcb80?s=96&d=mm&r=g","contentUrl":"https:\/\/secure.gravatar.com\/avatar\/06090a995bb3a0f3689d57f910a642c6bc8f38e52120867ff3015b7ac22dcb80?s=96&d=mm&r=g","caption":"Wiktoria S\u0119k"},"url":"https:\/\/notabene.world\/nb\/author\/wiktoria\/"}]}},"jetpack_featured_media_url":"https:\/\/i0.wp.com\/notabene.world\/nb\/wp-content\/uploads\/2022\/01\/Zrzut-ekranu-2022-01-27-o-15.31.22.png?fit=1596%2C1228&ssl=1","jetpack_sharing_enabled":true,"jetpack_shortlink":"https:\/\/wp.me\/pdCobN-mr","_links":{"self":[{"href":"https:\/\/notabene.world\/nb\/wp-json\/wp\/v2\/posts\/1391","targetHints":{"allow":["GET"]}}],"collection":[{"href":"https:\/\/notabene.world\/nb\/wp-json\/wp\/v2\/posts"}],"about":[{"href":"https:\/\/notabene.world\/nb\/wp-json\/wp\/v2\/types\/post"}],"author":[{"embeddable":true,"href":"https:\/\/notabene.world\/nb\/wp-json\/wp\/v2\/users\/4"}],"replies":[{"embeddable":true,"href":"https:\/\/notabene.world\/nb\/wp-json\/wp\/v2\/comments?post=1391"}],"version-history":[{"count":5,"href":"https:\/\/notabene.world\/nb\/wp-json\/wp\/v2\/posts\/1391\/revisions"}],"predecessor-version":[{"id":1522,"href":"https:\/\/notabene.world\/nb\/wp-json\/wp\/v2\/posts\/1391\/revisions\/1522"}],"wp:featuredmedia":[{"embeddable":true,"href":"https:\/\/notabene.world\/nb\/wp-json\/wp\/v2\/media\/1396"}],"wp:attachment":[{"href":"https:\/\/notabene.world\/nb\/wp-json\/wp\/v2\/media?parent=1391"}],"wp:term":[{"taxonomy":"category","embeddable":true,"href":"https:\/\/notabene.world\/nb\/wp-json\/wp\/v2\/categories?post=1391"},{"taxonomy":"post_tag","embeddable":true,"href":"https:\/\/notabene.world\/nb\/wp-json\/wp\/v2\/tags?post=1391"}],"curies":[{"name":"wp","href":"https:\/\/api.w.org\/{rel}","templated":true}]}}