{"id":14007,"date":"2024-12-30T12:10:19","date_gmt":"2024-12-30T11:10:19","guid":{"rendered":"https:\/\/notabene.world\/nb\/?p=14007"},"modified":"2025-02-02T08:29:46","modified_gmt":"2025-02-02T07:29:46","slug":"2024-2025","status":"publish","type":"post","link":"https:\/\/notabene.world\/nb\/2024-2025\/","title":{"rendered":"2024\/2025"},"content":{"rendered":"\n<p>Ju\u017c jutro sylwester. Wczoraj by\u0142a ostatnia niedziela 2024 roku. Ca\u0142\u0105 Polsk\u0119 \u201eotuli\u0142a\u201d mg\u0142a, zapanowa\u0142y dodatnie temperatury. \u015awi\u0119ta tak\u017ce by\u0142y wilgotne, deszczowe i mgliste. Teraz synoptycy zapowiadaj\u0105 mocny wiatr &#8211; nawet do 120 km na godzin\u0119. Pierwszy dzie\u0144 nowego roku r\u00f3wnie\u017c powitamy z temperaturami dodatnimi. Pytanie, &nbsp;czy i kiedy spadnie \u015bnieg, ci\u0105gle pozostaje bez jednoznacznej odpowiedzi.<\/p>\n\n\n\n<p>\u015anieg le\u017cy w g\u00f3rach i ci, kt\u00f3rzy wybrali si\u0119 tam na \u015bwi\u0105teczny wypoczynek, od razu chcieli skorzysta\u0107 z urok\u00f3w o\u015bnie\u017conych stok\u00f3w. Niestety oko\u0142o 400 os\u00f3b sw\u00f3j pobyt zako\u0144czy\u0142o w zakopia\u0144skim szpitalu z urazami n\u00f3g i r\u0105k. Jak przypominaj\u0105 instruktorzy narciarscy, do wyjazdu trzeba si\u0119 przygotowa\u0107.<\/p>\n\n\n\n<p>Przygotowujemy si\u0119 tak\u017ce do nowego roku. Sprawdzamy, co si\u0119 zmieni na plus, a co na minus. Ka\u017cdy z nas ma inne priorytety. Wiadomo, jakie b\u0119d\u0105 ceny pr\u0105du przynajmniej na okres 9 miesi\u0119cy przysz\u0142ego roku. Ustalono te\u017c nowe taryfy za gaz. Wyliczono, \u017ce np. dla gospodarstw domowych o niskim zu\u017cyciu gazu op\u0142aty wzrosn\u0105 o 2,63 z\u0142otych miesi\u0119cznie. Te dwie op\u0142aty za paliwa wp\u0142yn\u0105 na ceny wielu innych us\u0142ug i towar\u00f3w. Czy wzro\u015bnie inflacja? W ankietach noworocznych wielu Polak\u00f3w stwierdzi\u0142o, \u017ce najwa\u017cniejsze dla nich jest, by inflacja w 2025 roku (kt\u00f3ra w grudniu 2024 wynosi\u0142a 6,1%) spadla do oko\u0142o 5%. Nadzieja jest du\u017ca, bo wed\u0142ug szacunk\u00f3w inflacja bazowa obni\u017cy\u0142a si\u0119 w 2024 roku z 7,3% do 6,8%. Wielu ucieszy fakt, \u017ce od stycznia minimalne wynagrodzenie za prac\u0119 wyniesie 4666 z\u0142otych. Tym samym p\u0142aca minimalna wzro\u015bnie o 366 z\u0142otych w stosunku do II p\u00f3\u0142rocza 2024 roku, kiedy to wynosi\u0142a 4300 z\u0142otych. W 2025 roku waloryzacja \u015bwiadcze\u0144 emerytalno- rentowych wzro\u015bnie wed\u0142ug prognoz Ministerstwa Finans\u00f3w o 5,82%. B\u0119dzie te\u017c wy\u017csza&nbsp; \u201e13\u201d i \u201e14\u201d emerytura. Od stycznia 2025 roku osoby uprawnione b\u0119d\u0105 mog\u0142y sk\u0142ada\u0107 wnioski o nowe \u015bwiadczenie po zmar\u0142ym ma\u0142\u017conku. Mowa o tzw. rencie wdowiej, kt\u00f3ra w rzeczywisto\u015bci b\u0119dzie po\u0142\u0105czeniem dw\u00f3ch \u015bwiadcze\u0144. O pieni\u0105dze b\u0119d\u0105 mog\u0142y si\u0119 stara\u0107 si\u0119 osoby, kt\u00f3re straci\u0142y m\u0119\u017ca lub \u017con\u0119 nawet kilka lat temu. W 2025 roku nast\u0105pi te\u017c pozytywna zmiana dla przedsi\u0119biorc\u00f3w. B\u0119dzie obni\u017cona minimalna sk\u0142adka zdrowotna. W praktyce podstawa sk\u0142adki zdrowotnej nadal wynosi\u0107 b\u0119dzie 9%, ale b\u0119dzie ona liczona od 75% minimalnego wynagrodzenia, czyli od 4666 z\u0142otych. Sk\u0142adka zdrowotna zostanie zlikwidowana w przypadku zbycia \u015brodk\u00f3w trwa\u0142ych. To tylko niekt\u00f3re ze zmian, kt\u00f3re zaczn\u0105 obowi\u0105zywa\u0107 w nowym roku.<\/p>\n\n\n\n<p>W Wigili\u0119 i sylwestra sk\u0142adamy sobie \u017cyczenia zdrowia i pomy\u015blno\u015bci. Zostawiamy stary rok za sob\u0105, za chwil\u0119 rozpocznie si\u0119 nowy czas. Oby by\u0142 lepszy, a nasze marzenia i oczekiwania si\u0119 spe\u0142ni\u0142y.<\/p>\n\n\n\n<p>DO SIEGO ROKU!!!<\/p>\n","protected":false},"excerpt":{"rendered":"<p>Przygotowujemy si\u0119 do nowego roku. Sprawdzamy, co si\u0119 zmieni na plus, a co na minus. Ka\u017cdy z nas ma inne priorytety. Wiadomo, jakie b\u0119d\u0105 ceny pr\u0105du przynajmniej na okres 9 miesi\u0119cy przysz\u0142ego roku. Ustalono te\u017c nowe taryfy za gaz. Wyliczono, \u017ce np. dla gospodarstw domowych o niskim zu\u017cyciu gazu op\u0142aty wzrosn\u0105 o 2,63 z\u0142otych miesi\u0119cznie. Te dwie op\u0142aty za paliwa wp\u0142yn\u0105 na ceny wielu innych us\u0142ug i towar\u00f3w. Czy wzro\u015bnie inflacja? W ankietach noworocznych wielu Polak\u00f3w stwierdzi\u0142o, \u017ce najwa\u017cniejsze dla nich jest, by inflacja w 2025 roku (kt\u00f3ra w grudniu 2024 wynosi\u0142a 6,1%) spadla do oko\u0142o 5%. Nadzieja jest du\u017ca, bo wed\u0142ug szacunk\u00f3w inflacja bazowa obni\u017cy\u0142a si\u0119 w 2024 roku z 7,3% do 6,8%. Wielu ucieszy fakt, \u017ce od stycznia minimalne wynagrodzenie za prac\u0119 wyniesie 4666 z\u0142otych. Tym samym p\u0142aca minimalna wzro\u015bnie o 366 z\u0142otych w stosunku do II p\u00f3\u0142rocza 2024 roku, kiedy to wynosi\u0142a 4300 z\u0142otych. W 2025 roku waloryzacja \u015bwiadcze\u0144 emerytalno- rentowych wzro\u015bnie wed\u0142ug prognoz Ministerstwa Finans\u00f3w o 5,82%. B\u0119dzie te\u017c wy\u017csza\u00a0 \u201e13\u201d i \u201e14\u201d emerytura.<\/p>\n","protected":false},"author":35,"featured_media":14008,"comment_status":"closed","ping_status":"closed","sticky":false,"template":"","format":"standard","meta":{"colormag_page_container_layout":"default_layout","colormag_page_sidebar_layout":"default_layout","_jetpack_memberships_contains_paid_content":false,"footnotes":"","_links_to":"","_links_to_target":""},"categories":[64,42,175],"tags":[],"class_list":["post-14007","post","type-post","status-publish","format-standard","has-post-thumbnail","hentry","category-aktualnosci","category-felietony","category-liczby-i-fakty"],"yoast_head":"<!-- This site is optimized with the Yoast SEO plugin v27.4 - https:\/\/yoast.com\/product\/yoast-seo-wordpress\/ -->\n<title>2024\/2025 - NOTABENE.WORLD<\/title>\n<meta name=\"robots\" content=\"index, follow, max-snippet:-1, max-image-preview:large, max-video-preview:-1\" \/>\n<link rel=\"canonical\" href=\"https:\/\/notabene.world\/nb\/2024-2025\/\" \/>\n<meta property=\"og:locale\" content=\"pl_PL\" \/>\n<meta property=\"og:type\" content=\"article\" \/>\n<meta property=\"og:title\" content=\"2024\/2025 - NOTABENE.WORLD\" \/>\n<meta property=\"og:description\" content=\"Przygotowujemy si\u0119 do nowego roku. Sprawdzamy, co si\u0119 zmieni na plus, a co na minus. Ka\u017cdy z nas ma inne priorytety. Wiadomo, jakie b\u0119d\u0105 ceny pr\u0105du przynajmniej na okres 9 miesi\u0119cy przysz\u0142ego roku. Ustalono te\u017c nowe taryfy za gaz. Wyliczono, \u017ce np. dla gospodarstw domowych o niskim zu\u017cyciu gazu op\u0142aty wzrosn\u0105 o 2,63 z\u0142otych miesi\u0119cznie. Te dwie op\u0142aty za paliwa wp\u0142yn\u0105 na ceny wielu innych us\u0142ug i towar\u00f3w. Czy wzro\u015bnie inflacja? W ankietach noworocznych wielu Polak\u00f3w stwierdzi\u0142o, \u017ce najwa\u017cniejsze dla nich jest, by inflacja w 2025 roku (kt\u00f3ra w grudniu 2024 wynosi\u0142a 6,1%) spadla do oko\u0142o 5%. Nadzieja jest du\u017ca, bo wed\u0142ug szacunk\u00f3w inflacja bazowa obni\u017cy\u0142a si\u0119 w 2024 roku z 7,3% do 6,8%. Wielu ucieszy fakt, \u017ce od stycznia minimalne wynagrodzenie za prac\u0119 wyniesie 4666 z\u0142otych. Tym samym p\u0142aca minimalna wzro\u015bnie o 366 z\u0142otych w stosunku do II p\u00f3\u0142rocza 2024 roku, kiedy to wynosi\u0142a 4300 z\u0142otych. W 2025 roku waloryzacja \u015bwiadcze\u0144 emerytalno- rentowych wzro\u015bnie wed\u0142ug prognoz Ministerstwa Finans\u00f3w o 5,82%. B\u0119dzie te\u017c wy\u017csza\u00a0 \u201e13\u201d i \u201e14\u201d emerytura.\" \/>\n<meta property=\"og:url\" content=\"https:\/\/notabene.world\/nb\/2024-2025\/\" \/>\n<meta property=\"og:site_name\" content=\"NOTABENE.WORLD\" \/>\n<meta property=\"article:publisher\" content=\"https:\/\/www.facebook.com\/Notabene.World\" \/>\n<meta property=\"article:published_time\" content=\"2024-12-30T11:10:19+00:00\" \/>\n<meta property=\"article:modified_time\" content=\"2025-02-02T07:29:46+00:00\" \/>\n<meta property=\"og:image\" content=\"https:\/\/notabene.world\/nb\/wp-content\/uploads\/2024\/12\/bdbd.jpg\" \/>\n\t<meta property=\"og:image:width\" content=\"800\" \/>\n\t<meta property=\"og:image:height\" content=\"445\" \/>\n\t<meta property=\"og:image:type\" content=\"image\/jpeg\" \/>\n<meta name=\"author\" content=\"B D\" \/>\n<meta name=\"twitter:card\" content=\"summary_large_image\" \/>\n<meta name=\"twitter:label1\" content=\"Napisane przez\" \/>\n\t<meta name=\"twitter:data1\" content=\"B D\" \/>\n\t<meta name=\"twitter:label2\" content=\"Szacowany czas czytania\" \/>\n\t<meta name=\"twitter:data2\" content=\"2 minuty\" \/>\n<script type=\"application\/ld+json\" class=\"yoast-schema-graph\">{\"@context\":\"https:\\\/\\\/schema.org\",\"@graph\":[{\"@type\":\"Article\",\"@id\":\"https:\\\/\\\/notabene.world\\\/nb\\\/2024-2025\\\/#article\",\"isPartOf\":{\"@id\":\"https:\\\/\\\/notabene.world\\\/nb\\\/2024-2025\\\/\"},\"author\":{\"name\":\"B D\",\"@id\":\"https:\\\/\\\/notabene.world\\\/nb\\\/#\\\/schema\\\/person\\\/9081f0d094ad3e2767736feb48c99520\"},\"headline\":\"2024\\\/2025\",\"datePublished\":\"2024-12-30T11:10:19+00:00\",\"dateModified\":\"2025-02-02T07:29:46+00:00\",\"mainEntityOfPage\":{\"@id\":\"https:\\\/\\\/notabene.world\\\/nb\\\/2024-2025\\\/\"},\"wordCount\":480,\"publisher\":{\"@id\":\"https:\\\/\\\/notabene.world\\\/nb\\\/#organization\"},\"image\":{\"@id\":\"https:\\\/\\\/notabene.world\\\/nb\\\/2024-2025\\\/#primaryimage\"},\"thumbnailUrl\":\"https:\\\/\\\/i0.wp.com\\\/notabene.world\\\/nb\\\/wp-content\\\/uploads\\\/2024\\\/12\\\/bdbd.jpg?fit=800%2C445&ssl=1\",\"articleSection\":[\"Aktualno\u015bci\",\"Felietony\",\"Liczby i Fakty\"],\"inLanguage\":\"pl-PL\"},{\"@type\":\"WebPage\",\"@id\":\"https:\\\/\\\/notabene.world\\\/nb\\\/2024-2025\\\/\",\"url\":\"https:\\\/\\\/notabene.world\\\/nb\\\/2024-2025\\\/\",\"name\":\"2024\\\/2025 - NOTABENE.WORLD\",\"isPartOf\":{\"@id\":\"https:\\\/\\\/notabene.world\\\/nb\\\/#website\"},\"primaryImageOfPage\":{\"@id\":\"https:\\\/\\\/notabene.world\\\/nb\\\/2024-2025\\\/#primaryimage\"},\"image\":{\"@id\":\"https:\\\/\\\/notabene.world\\\/nb\\\/2024-2025\\\/#primaryimage\"},\"thumbnailUrl\":\"https:\\\/\\\/i0.wp.com\\\/notabene.world\\\/nb\\\/wp-content\\\/uploads\\\/2024\\\/12\\\/bdbd.jpg?fit=800%2C445&ssl=1\",\"datePublished\":\"2024-12-30T11:10:19+00:00\",\"dateModified\":\"2025-02-02T07:29:46+00:00\",\"breadcrumb\":{\"@id\":\"https:\\\/\\\/notabene.world\\\/nb\\\/2024-2025\\\/#breadcrumb\"},\"inLanguage\":\"pl-PL\",\"potentialAction\":[{\"@type\":\"ReadAction\",\"target\":[\"https:\\\/\\\/notabene.world\\\/nb\\\/2024-2025\\\/\"]}]},{\"@type\":\"ImageObject\",\"inLanguage\":\"pl-PL\",\"@id\":\"https:\\\/\\\/notabene.world\\\/nb\\\/2024-2025\\\/#primaryimage\",\"url\":\"https:\\\/\\\/i0.wp.com\\\/notabene.world\\\/nb\\\/wp-content\\\/uploads\\\/2024\\\/12\\\/bdbd.jpg?fit=800%2C445&ssl=1\",\"contentUrl\":\"https:\\\/\\\/i0.wp.com\\\/notabene.world\\\/nb\\\/wp-content\\\/uploads\\\/2024\\\/12\\\/bdbd.jpg?fit=800%2C445&ssl=1\",\"width\":800,\"height\":445},{\"@type\":\"BreadcrumbList\",\"@id\":\"https:\\\/\\\/notabene.world\\\/nb\\\/2024-2025\\\/#breadcrumb\",\"itemListElement\":[{\"@type\":\"ListItem\",\"position\":1,\"name\":\"Home\",\"item\":\"https:\\\/\\\/notabene.world\\\/nb\\\/\"},{\"@type\":\"ListItem\",\"position\":2,\"name\":\"2024\\\/2025\"}]},{\"@type\":\"WebSite\",\"@id\":\"https:\\\/\\\/notabene.world\\\/nb\\\/#website\",\"url\":\"https:\\\/\\\/notabene.world\\\/nb\\\/\",\"name\":\"NOTABENE.WORLD\",\"description\":\"Przekaz. Warto\u015bci. Wsp\u00f3lnota.\",\"publisher\":{\"@id\":\"https:\\\/\\\/notabene.world\\\/nb\\\/#organization\"},\"potentialAction\":[{\"@type\":\"SearchAction\",\"target\":{\"@type\":\"EntryPoint\",\"urlTemplate\":\"https:\\\/\\\/notabene.world\\\/nb\\\/?s={search_term_string}\"},\"query-input\":{\"@type\":\"PropertyValueSpecification\",\"valueRequired\":true,\"valueName\":\"search_term_string\"}}],\"inLanguage\":\"pl-PL\"},{\"@type\":\"Organization\",\"@id\":\"https:\\\/\\\/notabene.world\\\/nb\\\/#organization\",\"name\":\"NOTABENE.WORLD\",\"url\":\"https:\\\/\\\/notabene.world\\\/nb\\\/\",\"logo\":{\"@type\":\"ImageObject\",\"inLanguage\":\"pl-PL\",\"@id\":\"https:\\\/\\\/notabene.world\\\/nb\\\/#\\\/schema\\\/logo\\\/image\\\/\",\"url\":\"https:\\\/\\\/notabene.world\\\/nb\\\/wp-content\\\/uploads\\\/2022\\\/01\\\/NB-club-start-www1.jpg\",\"contentUrl\":\"https:\\\/\\\/notabene.world\\\/nb\\\/wp-content\\\/uploads\\\/2022\\\/01\\\/NB-club-start-www1.jpg\",\"width\":1000,\"height\":839,\"caption\":\"NOTABENE.WORLD\"},\"image\":{\"@id\":\"https:\\\/\\\/notabene.world\\\/nb\\\/#\\\/schema\\\/logo\\\/image\\\/\"},\"sameAs\":[\"https:\\\/\\\/www.facebook.com\\\/Notabene.World\"]},{\"@type\":\"Person\",\"@id\":\"https:\\\/\\\/notabene.world\\\/nb\\\/#\\\/schema\\\/person\\\/9081f0d094ad3e2767736feb48c99520\",\"name\":\"B D\",\"image\":{\"@type\":\"ImageObject\",\"inLanguage\":\"pl-PL\",\"@id\":\"https:\\\/\\\/secure.gravatar.com\\\/avatar\\\/ebcdcd8c0a7789c85d5a03ead2e68bda7a5fcb1ab728d56a4bd678c5ea15faa2?s=96&d=mm&r=g\",\"url\":\"https:\\\/\\\/secure.gravatar.com\\\/avatar\\\/ebcdcd8c0a7789c85d5a03ead2e68bda7a5fcb1ab728d56a4bd678c5ea15faa2?s=96&d=mm&r=g\",\"contentUrl\":\"https:\\\/\\\/secure.gravatar.com\\\/avatar\\\/ebcdcd8c0a7789c85d5a03ead2e68bda7a5fcb1ab728d56a4bd678c5ea15faa2?s=96&d=mm&r=g\",\"caption\":\"B D\"},\"url\":\"https:\\\/\\\/notabene.world\\\/nb\\\/author\\\/jo-d\\\/\"}]}<\/script>\n<!-- \/ Yoast SEO plugin. -->","yoast_head_json":{"title":"2024\/2025 - NOTABENE.WORLD","robots":{"index":"index","follow":"follow","max-snippet":"max-snippet:-1","max-image-preview":"max-image-preview:large","max-video-preview":"max-video-preview:-1"},"canonical":"https:\/\/notabene.world\/nb\/2024-2025\/","og_locale":"pl_PL","og_type":"article","og_title":"2024\/2025 - NOTABENE.WORLD","og_description":"Przygotowujemy si\u0119 do nowego roku. Sprawdzamy, co si\u0119 zmieni na plus, a co na minus. Ka\u017cdy z nas ma inne priorytety. Wiadomo, jakie b\u0119d\u0105 ceny pr\u0105du przynajmniej na okres 9 miesi\u0119cy przysz\u0142ego roku. Ustalono te\u017c nowe taryfy za gaz. Wyliczono, \u017ce np. dla gospodarstw domowych o niskim zu\u017cyciu gazu op\u0142aty wzrosn\u0105 o 2,63 z\u0142otych miesi\u0119cznie. Te dwie op\u0142aty za paliwa wp\u0142yn\u0105 na ceny wielu innych us\u0142ug i towar\u00f3w. Czy wzro\u015bnie inflacja? W ankietach noworocznych wielu Polak\u00f3w stwierdzi\u0142o, \u017ce najwa\u017cniejsze dla nich jest, by inflacja w 2025 roku (kt\u00f3ra w grudniu 2024 wynosi\u0142a 6,1%) spadla do oko\u0142o 5%. Nadzieja jest du\u017ca, bo wed\u0142ug szacunk\u00f3w inflacja bazowa obni\u017cy\u0142a si\u0119 w 2024 roku z 7,3% do 6,8%. Wielu ucieszy fakt, \u017ce od stycznia minimalne wynagrodzenie za prac\u0119 wyniesie 4666 z\u0142otych. Tym samym p\u0142aca minimalna wzro\u015bnie o 366 z\u0142otych w stosunku do II p\u00f3\u0142rocza 2024 roku, kiedy to wynosi\u0142a 4300 z\u0142otych. W 2025 roku waloryzacja \u015bwiadcze\u0144 emerytalno- rentowych wzro\u015bnie wed\u0142ug prognoz Ministerstwa Finans\u00f3w o 5,82%. B\u0119dzie te\u017c wy\u017csza\u00a0 \u201e13\u201d i \u201e14\u201d emerytura.","og_url":"https:\/\/notabene.world\/nb\/2024-2025\/","og_site_name":"NOTABENE.WORLD","article_publisher":"https:\/\/www.facebook.com\/Notabene.World","article_published_time":"2024-12-30T11:10:19+00:00","article_modified_time":"2025-02-02T07:29:46+00:00","og_image":[{"width":800,"height":445,"url":"https:\/\/notabene.world\/nb\/wp-content\/uploads\/2024\/12\/bdbd.jpg","type":"image\/jpeg"}],"author":"B D","twitter_card":"summary_large_image","twitter_misc":{"Napisane przez":"B D","Szacowany czas czytania":"2 minuty"},"schema":{"@context":"https:\/\/schema.org","@graph":[{"@type":"Article","@id":"https:\/\/notabene.world\/nb\/2024-2025\/#article","isPartOf":{"@id":"https:\/\/notabene.world\/nb\/2024-2025\/"},"author":{"name":"B D","@id":"https:\/\/notabene.world\/nb\/#\/schema\/person\/9081f0d094ad3e2767736feb48c99520"},"headline":"2024\/2025","datePublished":"2024-12-30T11:10:19+00:00","dateModified":"2025-02-02T07:29:46+00:00","mainEntityOfPage":{"@id":"https:\/\/notabene.world\/nb\/2024-2025\/"},"wordCount":480,"publisher":{"@id":"https:\/\/notabene.world\/nb\/#organization"},"image":{"@id":"https:\/\/notabene.world\/nb\/2024-2025\/#primaryimage"},"thumbnailUrl":"https:\/\/i0.wp.com\/notabene.world\/nb\/wp-content\/uploads\/2024\/12\/bdbd.jpg?fit=800%2C445&ssl=1","articleSection":["Aktualno\u015bci","Felietony","Liczby i Fakty"],"inLanguage":"pl-PL"},{"@type":"WebPage","@id":"https:\/\/notabene.world\/nb\/2024-2025\/","url":"https:\/\/notabene.world\/nb\/2024-2025\/","name":"2024\/2025 - NOTABENE.WORLD","isPartOf":{"@id":"https:\/\/notabene.world\/nb\/#website"},"primaryImageOfPage":{"@id":"https:\/\/notabene.world\/nb\/2024-2025\/#primaryimage"},"image":{"@id":"https:\/\/notabene.world\/nb\/2024-2025\/#primaryimage"},"thumbnailUrl":"https:\/\/i0.wp.com\/notabene.world\/nb\/wp-content\/uploads\/2024\/12\/bdbd.jpg?fit=800%2C445&ssl=1","datePublished":"2024-12-30T11:10:19+00:00","dateModified":"2025-02-02T07:29:46+00:00","breadcrumb":{"@id":"https:\/\/notabene.world\/nb\/2024-2025\/#breadcrumb"},"inLanguage":"pl-PL","potentialAction":[{"@type":"ReadAction","target":["https:\/\/notabene.world\/nb\/2024-2025\/"]}]},{"@type":"ImageObject","inLanguage":"pl-PL","@id":"https:\/\/notabene.world\/nb\/2024-2025\/#primaryimage","url":"https:\/\/i0.wp.com\/notabene.world\/nb\/wp-content\/uploads\/2024\/12\/bdbd.jpg?fit=800%2C445&ssl=1","contentUrl":"https:\/\/i0.wp.com\/notabene.world\/nb\/wp-content\/uploads\/2024\/12\/bdbd.jpg?fit=800%2C445&ssl=1","width":800,"height":445},{"@type":"BreadcrumbList","@id":"https:\/\/notabene.world\/nb\/2024-2025\/#breadcrumb","itemListElement":[{"@type":"ListItem","position":1,"name":"Home","item":"https:\/\/notabene.world\/nb\/"},{"@type":"ListItem","position":2,"name":"2024\/2025"}]},{"@type":"WebSite","@id":"https:\/\/notabene.world\/nb\/#website","url":"https:\/\/notabene.world\/nb\/","name":"NOTABENE.WORLD","description":"Przekaz. Warto\u015bci. Wsp\u00f3lnota.","publisher":{"@id":"https:\/\/notabene.world\/nb\/#organization"},"potentialAction":[{"@type":"SearchAction","target":{"@type":"EntryPoint","urlTemplate":"https:\/\/notabene.world\/nb\/?s={search_term_string}"},"query-input":{"@type":"PropertyValueSpecification","valueRequired":true,"valueName":"search_term_string"}}],"inLanguage":"pl-PL"},{"@type":"Organization","@id":"https:\/\/notabene.world\/nb\/#organization","name":"NOTABENE.WORLD","url":"https:\/\/notabene.world\/nb\/","logo":{"@type":"ImageObject","inLanguage":"pl-PL","@id":"https:\/\/notabene.world\/nb\/#\/schema\/logo\/image\/","url":"https:\/\/notabene.world\/nb\/wp-content\/uploads\/2022\/01\/NB-club-start-www1.jpg","contentUrl":"https:\/\/notabene.world\/nb\/wp-content\/uploads\/2022\/01\/NB-club-start-www1.jpg","width":1000,"height":839,"caption":"NOTABENE.WORLD"},"image":{"@id":"https:\/\/notabene.world\/nb\/#\/schema\/logo\/image\/"},"sameAs":["https:\/\/www.facebook.com\/Notabene.World"]},{"@type":"Person","@id":"https:\/\/notabene.world\/nb\/#\/schema\/person\/9081f0d094ad3e2767736feb48c99520","name":"B D","image":{"@type":"ImageObject","inLanguage":"pl-PL","@id":"https:\/\/secure.gravatar.com\/avatar\/ebcdcd8c0a7789c85d5a03ead2e68bda7a5fcb1ab728d56a4bd678c5ea15faa2?s=96&d=mm&r=g","url":"https:\/\/secure.gravatar.com\/avatar\/ebcdcd8c0a7789c85d5a03ead2e68bda7a5fcb1ab728d56a4bd678c5ea15faa2?s=96&d=mm&r=g","contentUrl":"https:\/\/secure.gravatar.com\/avatar\/ebcdcd8c0a7789c85d5a03ead2e68bda7a5fcb1ab728d56a4bd678c5ea15faa2?s=96&d=mm&r=g","caption":"B D"},"url":"https:\/\/notabene.world\/nb\/author\/jo-d\/"}]}},"jetpack_featured_media_url":"https:\/\/i0.wp.com\/notabene.world\/nb\/wp-content\/uploads\/2024\/12\/bdbd.jpg?fit=800%2C445&ssl=1","jetpack_sharing_enabled":true,"jetpack_shortlink":"https:\/\/wp.me\/pdCobN-3DV","_links":{"self":[{"href":"https:\/\/notabene.world\/nb\/wp-json\/wp\/v2\/posts\/14007","targetHints":{"allow":["GET"]}}],"collection":[{"href":"https:\/\/notabene.world\/nb\/wp-json\/wp\/v2\/posts"}],"about":[{"href":"https:\/\/notabene.world\/nb\/wp-json\/wp\/v2\/types\/post"}],"author":[{"embeddable":true,"href":"https:\/\/notabene.world\/nb\/wp-json\/wp\/v2\/users\/35"}],"replies":[{"embeddable":true,"href":"https:\/\/notabene.world\/nb\/wp-json\/wp\/v2\/comments?post=14007"}],"version-history":[{"count":3,"href":"https:\/\/notabene.world\/nb\/wp-json\/wp\/v2\/posts\/14007\/revisions"}],"predecessor-version":[{"id":14012,"href":"https:\/\/notabene.world\/nb\/wp-json\/wp\/v2\/posts\/14007\/revisions\/14012"}],"wp:featuredmedia":[{"embeddable":true,"href":"https:\/\/notabene.world\/nb\/wp-json\/wp\/v2\/media\/14008"}],"wp:attachment":[{"href":"https:\/\/notabene.world\/nb\/wp-json\/wp\/v2\/media?parent=14007"}],"wp:term":[{"taxonomy":"category","embeddable":true,"href":"https:\/\/notabene.world\/nb\/wp-json\/wp\/v2\/categories?post=14007"},{"taxonomy":"post_tag","embeddable":true,"href":"https:\/\/notabene.world\/nb\/wp-json\/wp\/v2\/tags?post=14007"}],"curies":[{"name":"wp","href":"https:\/\/api.w.org\/{rel}","templated":true}]}}