{"id":1411,"date":"2022-02-02T22:22:00","date_gmt":"2022-02-02T21:22:00","guid":{"rendered":"https:\/\/notabene.world\/nb\/?p=1411"},"modified":"2022-03-04T09:37:34","modified_gmt":"2022-03-04T08:37:34","slug":"zamieszanie-studniowek","status":"publish","type":"post","link":"https:\/\/notabene.world\/nb\/zamieszanie-studniowek\/","title":{"rendered":"Zani\u017cona frekwencja na studni\u00f3wkach"},"content":{"rendered":"\n<figure class=\"wp-block-image size-full\"><img data-recalc-dims=\"1\" loading=\"lazy\" decoding=\"async\" width=\"799\" height=\"445\" src=\"https:\/\/i0.wp.com\/notabene.world\/nb\/wp-content\/uploads\/2022\/01\/272767705_3148892935386064_5955777501802790521_n-e1644349887345.jpg?resize=799%2C445&#038;ssl=1\" alt=\"\" class=\"wp-image-2209\" srcset=\"https:\/\/i0.wp.com\/notabene.world\/nb\/wp-content\/uploads\/2022\/01\/272767705_3148892935386064_5955777501802790521_n-e1644349887345.jpg?w=799&amp;ssl=1 799w, https:\/\/i0.wp.com\/notabene.world\/nb\/wp-content\/uploads\/2022\/01\/272767705_3148892935386064_5955777501802790521_n-e1644349887345.jpg?resize=300%2C167&amp;ssl=1 300w, https:\/\/i0.wp.com\/notabene.world\/nb\/wp-content\/uploads\/2022\/01\/272767705_3148892935386064_5955777501802790521_n-e1644349887345.jpg?resize=768%2C428&amp;ssl=1 768w\" sizes=\"auto, (max-width: 799px) 100vw, 799px\" \/><\/figure>\n\n\n\n<p class=\"has-drop-cap\">Uczniowie klas maturalnych mog\u0105 oficjalnie&nbsp;odlicza\u0107&nbsp;100 dni do tzw.&nbsp;egzaminu dojrza\u0142o\u015bci.&nbsp;Wi\u0119kszo\u015b\u0107 z nich jednak jest na etapie przygotowa\u0144 do&nbsp;studni\u00f3wki.&nbsp;Od pocz\u0105tku roku 2022 w ka\u017cdy weekend organizowane&nbsp;s\u0105&nbsp;tego typu imprezy w r\u00f3\u017cnych hotelach.&nbsp;W por\u00f3wnaniu do poprzednich lat frekwencja uczestnik\u00f3w jest du\u017co&nbsp;ni\u017csza. Co ma na to wp\u0142yw? Zbyt wysokie&nbsp;koszty&nbsp;czy mo\u017ce obecna sytuacja pandemiczna?&nbsp;<\/p>\n\n\n\n<figure class=\"wp-block-image size-full\"><img data-recalc-dims=\"1\" loading=\"lazy\" decoding=\"async\" width=\"800\" height=\"792\" src=\"https:\/\/i0.wp.com\/notabene.world\/nb\/wp-content\/uploads\/2022\/01\/272786102_411389074117190_8160211291525163980_n.jpg?resize=800%2C792&#038;ssl=1\" alt=\"\" class=\"wp-image-1733\" srcset=\"https:\/\/i0.wp.com\/notabene.world\/nb\/wp-content\/uploads\/2022\/01\/272786102_411389074117190_8160211291525163980_n.jpg?w=828&amp;ssl=1 828w, https:\/\/i0.wp.com\/notabene.world\/nb\/wp-content\/uploads\/2022\/01\/272786102_411389074117190_8160211291525163980_n.jpg?resize=300%2C297&amp;ssl=1 300w, https:\/\/i0.wp.com\/notabene.world\/nb\/wp-content\/uploads\/2022\/01\/272786102_411389074117190_8160211291525163980_n.jpg?resize=150%2C150&amp;ssl=1 150w, https:\/\/i0.wp.com\/notabene.world\/nb\/wp-content\/uploads\/2022\/01\/272786102_411389074117190_8160211291525163980_n.jpg?resize=768%2C761&amp;ssl=1 768w\" sizes=\"auto, (max-width: 800px) 100vw, 800px\" \/><\/figure>\n\n\n\n<p class=\"has-drop-cap\">W obecnych czasach ze wzgl\u0119du na bardzo wysok\u0105 cen\u0119 wiele os\u00f3b nie mo\u017ce sobie pozwoli\u0107 na wzi\u0119cie udzia\u0142u w takim wydarzeniu.&nbsp;Trzeba pami\u0119ta\u0107, \u017ce opr\u00f3cz op\u0142at za bilety wej\u015bciowe&nbsp;dochodz\u0105&nbsp;koszta&nbsp;stroju, fotografa&nbsp;czy dojazdu.&nbsp;Ceny takich us\u0142ug w ostatnim czasie znacznie wzros\u0142y.&nbsp;Dla m\u0142odych os\u00f3b&nbsp;utrzymywanych przez rodzic\u00f3w to du\u017cy problem.&nbsp;Studni\u00f3wka&nbsp;to dla nich&nbsp;mo\u017cliwo\u015b\u0107 spotkania si\u0119 ze swoimi&nbsp;znajomymi&nbsp;w innych okoliczno\u015bciach ni\u017c te oficjalne w szkole.&nbsp;<\/p>\n\n\n\n<p>S\u0105 jednak takie&nbsp;okoliczno\u015bci,&nbsp;gdzie m\u0142odzie\u017c rezygnuje z udzia\u0142u w studni\u00f3wce ze wzgl\u0119du na sytuacj\u0119&nbsp;epidemiologiczn\u0105.&nbsp;Aktualnie jeste\u015bmy podczas 5-tej fali&nbsp;Covida. Obostrzenia w hotelach nie gwarantuj\u0105 nawet 100% pewno\u015bci, \u017ce wszystkie ch\u0119tne niezaszczepione osoby ostatecznie b\u0119d\u0105 mog\u0142y wzi\u0105\u0107 udzia\u0142. Pod koniec&nbsp;zesz\u0142ego&nbsp;tygodnia odby\u0142a si\u0119 studni\u00f3wka&nbsp;IV&nbsp;LO&nbsp;im. Hanki Sawickiej w Kielcach, po kt\u00f3rej jak si\u0119 okaza\u0142o,&nbsp;kilku osobom wyszed\u0142 pozytywny wynik testu na SARS-CoV-2. Wszyscy niezaszczepieni&nbsp;uczniowie dzie\u0144 po imprezie zostali wys\u0142ani na kwarantann\u0119.&nbsp;Id\u0105c na tego typu&nbsp;imprez\u0119&nbsp;maturzy\u015bci&nbsp;musz\u0105&nbsp;bra\u0107 poprawk\u0119 z mo\u017cliwego zagro\u017cenia.&nbsp;Podczas studni\u00f3wki nie&nbsp;zawsze&nbsp;da si\u0119 przestrzega\u0107 re\u017cimu sanitarnego np.&nbsp;odst\u0119pu 2 metr\u00f3w. Uczniowie zgodnie z tradycj\u0105 na rozpocz\u0119cie zabawy ta\u0144cz\u0105 wsp\u00f3lnie poloneza.&nbsp;Z tego te\u017c powodu w minionym tygodniu 3 kieleckie licea odwo\u0142a\u0142y swoje bale&nbsp;maturalne. W tym jedna szko\u0142a par\u0119 godzin przed planowanym rozpocz\u0119ciem.&nbsp;&nbsp;<\/p>\n\n\n\n<figure class=\"wp-block-video\"><video height=\"576\" style=\"aspect-ratio: 320 \/ 576;\" width=\"320\" controls preload=\"auto\" src=\"https:\/\/notabene.world\/nb\/wp-content\/uploads\/2022\/02\/video-1644253272.mp4\"><\/video><\/figure>\n\n\n\n<p class=\"has-drop-cap\">Par\u0119 dni temu&nbsp;nasz\u0105 uwag\u0119 przyku\u0142a&nbsp;sytuacja&nbsp;VII&nbsp;LO&nbsp;im. J\u00f3zefa Pi\u0142sudskiego&nbsp;w&nbsp;Kielcach. Na&nbsp;oficjalnej&nbsp;stronie szko\u0142y&nbsp;tydzie\u0144&nbsp;przed planowanym balem ukaza\u0142a si\u0119 informacja o&nbsp;zmianie terminu na&nbsp;26. lutego.&nbsp;Zdania uczni\u00f3w oraz rodzic\u00f3w s\u0105 podzielone. Z jednej strony&nbsp;pojawia si\u0119 obawa przed straceniem&nbsp;wi\u0119kszo\u015bci&nbsp;pieni\u0119dzy&nbsp;lub&nbsp;um\u00f3wionych wizyt u&nbsp;kosmetyczek czy fryzjer\u00f3w. Z drugiej jednak strony mamy&nbsp;szczyt zaka\u017ce\u0144 w kraju i nie zapowiada si\u0119&nbsp;zbyt&nbsp;pr\u0119dko na lepsz\u0105 sytuacj\u0119.&nbsp;Na ten moment dochodz\u0105 informacje, \u017ce impreza zostanie podzielona na p\u00f3\u0142, tyle \u017ce 29. stycznia nie b\u0119dzie ani&nbsp;nauczycieli,&nbsp;ani dyrekcji. Kto wi\u0119c b\u0119dzie pilnowa\u0142&nbsp;uczni\u00f3w? Kto jest w takim razie organizatorem owych imprez? Dodatkowo uczniowie cierpliwie czekaj\u0105cy na drugi termin imprezy obawiaj\u0105 si\u0119&nbsp;rezygnacji z jego zrealizowania.&nbsp;Mo\u017ce si\u0119 r\u00f3wnie\u017c okaza\u0107, \u017ce koszt imprezy organizowanej 26. lutego b\u0119dzie znacznie wy\u017cszy&nbsp;lub ch\u0119tnych do wzi\u0119ciu w niej udzia\u0142u b\u0119dzie bardzo ma\u0142o.&nbsp;&nbsp;<\/p>\n\n\n\n<figure class=\"wp-block-image size-large\"><img data-recalc-dims=\"1\" loading=\"lazy\" decoding=\"async\" width=\"800\" height=\"256\" src=\"https:\/\/i0.wp.com\/notabene.world\/nb\/wp-content\/uploads\/2022\/01\/pilsudski.png?resize=800%2C256&#038;ssl=1\" alt=\"\" class=\"wp-image-1732\" srcset=\"https:\/\/i0.wp.com\/notabene.world\/nb\/wp-content\/uploads\/2022\/01\/pilsudski.png?resize=1024%2C328&amp;ssl=1 1024w, https:\/\/i0.wp.com\/notabene.world\/nb\/wp-content\/uploads\/2022\/01\/pilsudski.png?resize=300%2C96&amp;ssl=1 300w, https:\/\/i0.wp.com\/notabene.world\/nb\/wp-content\/uploads\/2022\/01\/pilsudski.png?resize=768%2C246&amp;ssl=1 768w, https:\/\/i0.wp.com\/notabene.world\/nb\/wp-content\/uploads\/2022\/01\/pilsudski.png?resize=1536%2C492&amp;ssl=1 1536w, https:\/\/i0.wp.com\/notabene.world\/nb\/wp-content\/uploads\/2022\/01\/pilsudski.png?w=1827&amp;ssl=1 1827w, https:\/\/i0.wp.com\/notabene.world\/nb\/wp-content\/uploads\/2022\/01\/pilsudski.png?w=1600&amp;ssl=1 1600w\" sizes=\"auto, (max-width: 800px) 100vw, 800px\" \/><figcaption>Zrzut z ekranu wykonany na oficjalnej stronie Zespo\u0142u Szk\u00f3\u0142 nr 3 w Kielcach<\/figcaption><\/figure>\n\n\n\n<p>Ponadto ruszy\u0142y r\u00f3wnie\u017c wybory <strong>Miss <\/strong>i<strong> Mistera Studni\u00f3wki 2022.<\/strong> G\u0142osowa\u0107 na uczestnik\u00f3w mo\u017cna na <a href=\"https:\/\/echodnia.eu\/p\/kandydaci\/miss-studniowki-2022,1011531\/?groupId=105949\" target=\"_blank\" rel=\"noreferrer noopener\"><strong><mark style=\"background-color:#8ed1fc\" class=\"has-inline-color\">stronie ,,Echa Dnia&#8221;<\/mark><\/strong><\/a>.<\/p>\n","protected":false},"excerpt":{"rendered":"<p>Zacz\u0105\u0142 si\u0119 sezon studni\u00f3wkowy. Co spowodowa\u0142o nisk\u0105 frekwencj\u0119 uczni\u00f3w? Sytuacja epidemiologiczna czy mo\u017ce podwy\u017cka cen? Co z tradycjami studni\u00f3wkowymi takimi jak wybory miss i mistera oraz polonezem?<\/p>\n","protected":false},"author":8,"featured_media":2356,"comment_status":"closed","ping_status":"closed","sticky":false,"template":"","format":"standard","meta":{"colormag_page_container_layout":"default_layout","colormag_page_sidebar_layout":"default_layout","_jetpack_memberships_contains_paid_content":false,"footnotes":"","_links_to":"","_links_to_target":""},"categories":[12,110],"tags":[52,120],"class_list":["post-1411","post","type-post","status-publish","format-standard","has-post-thumbnail","hentry","category-spoleczenstwo","category-spoleczenstwo-2","tag-kultura","tag-naszswiat"],"yoast_head":"<!-- This site is optimized with the Yoast SEO plugin v27.4 - https:\/\/yoast.com\/product\/yoast-seo-wordpress\/ -->\n<title>Zani\u017cona frekwencja na studni\u00f3wkach - NOTABENE.WORLD<\/title>\n<meta name=\"description\" content=\"Zacz\u0105\u0142 si\u0119 sezon studni\u00f3wkowy. Co spowodowa\u0142o nisk\u0105 frekwencj\u0119 uczni\u00f3w? Sytuacja epidemiologiczna czy mo\u017ce podwy\u017cka cen? Co z tradycjami studni\u00f3wkowymi takimi jak wybory miss i mistera oraz polonezem?\" \/>\n<meta name=\"robots\" content=\"index, follow, max-snippet:-1, max-image-preview:large, max-video-preview:-1\" \/>\n<link rel=\"canonical\" href=\"https:\/\/notabene.world\/nb\/zamieszanie-studniowek\/\" \/>\n<meta property=\"og:locale\" content=\"pl_PL\" \/>\n<meta property=\"og:type\" content=\"article\" \/>\n<meta property=\"og:title\" content=\"Zani\u017cona frekwencja na studni\u00f3wkach - NOTABENE.WORLD\" \/>\n<meta property=\"og:description\" content=\"Zacz\u0105\u0142 si\u0119 sezon studni\u00f3wkowy. Co spowodowa\u0142o nisk\u0105 frekwencj\u0119 uczni\u00f3w? Sytuacja epidemiologiczna czy mo\u017ce podwy\u017cka cen? Co z tradycjami studni\u00f3wkowymi takimi jak wybory miss i mistera oraz polonezem?\" \/>\n<meta property=\"og:url\" content=\"https:\/\/notabene.world\/nb\/zamieszanie-studniowek\/\" \/>\n<meta property=\"og:site_name\" content=\"NOTABENE.WORLD\" \/>\n<meta property=\"article:publisher\" content=\"https:\/\/www.facebook.com\/Notabene.World\" \/>\n<meta property=\"article:published_time\" content=\"2022-02-02T21:22:00+00:00\" \/>\n<meta property=\"article:modified_time\" content=\"2022-03-04T08:37:34+00:00\" \/>\n<meta property=\"og:image\" content=\"https:\/\/notabene.world\/nb\/wp-content\/uploads\/2022\/02\/273527856_341578194499291_5592191849607573298_n.jpg\" \/>\n\t<meta property=\"og:image:width\" content=\"2048\" \/>\n\t<meta property=\"og:image:height\" content=\"1482\" \/>\n\t<meta property=\"og:image:type\" content=\"image\/jpeg\" \/>\n<meta name=\"author\" content=\"Oliwia Masternak\" \/>\n<meta name=\"twitter:card\" content=\"summary_large_image\" \/>\n<meta name=\"twitter:label1\" content=\"Napisane przez\" \/>\n\t<meta name=\"twitter:data1\" content=\"Oliwia Masternak\" \/>\n\t<meta name=\"twitter:label2\" content=\"Szacowany czas czytania\" \/>\n\t<meta name=\"twitter:data2\" content=\"3 minuty\" \/>\n<script type=\"application\/ld+json\" class=\"yoast-schema-graph\">{\"@context\":\"https:\\\/\\\/schema.org\",\"@graph\":[{\"@type\":\"Article\",\"@id\":\"https:\\\/\\\/notabene.world\\\/nb\\\/zamieszanie-studniowek\\\/#article\",\"isPartOf\":{\"@id\":\"https:\\\/\\\/notabene.world\\\/nb\\\/zamieszanie-studniowek\\\/\"},\"author\":{\"name\":\"Oliwia Masternak\",\"@id\":\"https:\\\/\\\/notabene.world\\\/nb\\\/#\\\/schema\\\/person\\\/b1d9ae31d71d4fc2391a4920219be808\"},\"headline\":\"Zani\u017cona frekwencja na studni\u00f3wkach\",\"datePublished\":\"2022-02-02T21:22:00+00:00\",\"dateModified\":\"2022-03-04T08:37:34+00:00\",\"mainEntityOfPage\":{\"@id\":\"https:\\\/\\\/notabene.world\\\/nb\\\/zamieszanie-studniowek\\\/\"},\"wordCount\":615,\"publisher\":{\"@id\":\"https:\\\/\\\/notabene.world\\\/nb\\\/#organization\"},\"image\":{\"@id\":\"https:\\\/\\\/notabene.world\\\/nb\\\/zamieszanie-studniowek\\\/#primaryimage\"},\"thumbnailUrl\":\"https:\\\/\\\/i0.wp.com\\\/notabene.world\\\/nb\\\/wp-content\\\/uploads\\\/2022\\\/02\\\/273527856_341578194499291_5592191849607573298_n.jpg?fit=2048%2C1482&ssl=1\",\"keywords\":[\"#kultura\",\"#naszswiat\"],\"articleSection\":[\"Nasz \u015awiat\",\"Spo\u0142ecze\u0144stwo\"],\"inLanguage\":\"pl-PL\"},{\"@type\":\"WebPage\",\"@id\":\"https:\\\/\\\/notabene.world\\\/nb\\\/zamieszanie-studniowek\\\/\",\"url\":\"https:\\\/\\\/notabene.world\\\/nb\\\/zamieszanie-studniowek\\\/\",\"name\":\"Zani\u017cona frekwencja na studni\u00f3wkach - NOTABENE.WORLD\",\"isPartOf\":{\"@id\":\"https:\\\/\\\/notabene.world\\\/nb\\\/#website\"},\"primaryImageOfPage\":{\"@id\":\"https:\\\/\\\/notabene.world\\\/nb\\\/zamieszanie-studniowek\\\/#primaryimage\"},\"image\":{\"@id\":\"https:\\\/\\\/notabene.world\\\/nb\\\/zamieszanie-studniowek\\\/#primaryimage\"},\"thumbnailUrl\":\"https:\\\/\\\/i0.wp.com\\\/notabene.world\\\/nb\\\/wp-content\\\/uploads\\\/2022\\\/02\\\/273527856_341578194499291_5592191849607573298_n.jpg?fit=2048%2C1482&ssl=1\",\"datePublished\":\"2022-02-02T21:22:00+00:00\",\"dateModified\":\"2022-03-04T08:37:34+00:00\",\"description\":\"Zacz\u0105\u0142 si\u0119 sezon studni\u00f3wkowy. Co spowodowa\u0142o nisk\u0105 frekwencj\u0119 uczni\u00f3w? Sytuacja epidemiologiczna czy mo\u017ce podwy\u017cka cen? Co z tradycjami studni\u00f3wkowymi takimi jak wybory miss i mistera oraz polonezem?\",\"breadcrumb\":{\"@id\":\"https:\\\/\\\/notabene.world\\\/nb\\\/zamieszanie-studniowek\\\/#breadcrumb\"},\"inLanguage\":\"pl-PL\",\"potentialAction\":[{\"@type\":\"ReadAction\",\"target\":[\"https:\\\/\\\/notabene.world\\\/nb\\\/zamieszanie-studniowek\\\/\"]}]},{\"@type\":\"ImageObject\",\"inLanguage\":\"pl-PL\",\"@id\":\"https:\\\/\\\/notabene.world\\\/nb\\\/zamieszanie-studniowek\\\/#primaryimage\",\"url\":\"https:\\\/\\\/i0.wp.com\\\/notabene.world\\\/nb\\\/wp-content\\\/uploads\\\/2022\\\/02\\\/273527856_341578194499291_5592191849607573298_n.jpg?fit=2048%2C1482&ssl=1\",\"contentUrl\":\"https:\\\/\\\/i0.wp.com\\\/notabene.world\\\/nb\\\/wp-content\\\/uploads\\\/2022\\\/02\\\/273527856_341578194499291_5592191849607573298_n.jpg?fit=2048%2C1482&ssl=1\",\"width\":2048,\"height\":1482},{\"@type\":\"BreadcrumbList\",\"@id\":\"https:\\\/\\\/notabene.world\\\/nb\\\/zamieszanie-studniowek\\\/#breadcrumb\",\"itemListElement\":[{\"@type\":\"ListItem\",\"position\":1,\"name\":\"Home\",\"item\":\"https:\\\/\\\/notabene.world\\\/nb\\\/\"},{\"@type\":\"ListItem\",\"position\":2,\"name\":\"Zani\u017cona frekwencja na studni\u00f3wkach\"}]},{\"@type\":\"WebSite\",\"@id\":\"https:\\\/\\\/notabene.world\\\/nb\\\/#website\",\"url\":\"https:\\\/\\\/notabene.world\\\/nb\\\/\",\"name\":\"NOTABENE.WORLD\",\"description\":\"Przekaz. Warto\u015bci. Wsp\u00f3lnota.\",\"publisher\":{\"@id\":\"https:\\\/\\\/notabene.world\\\/nb\\\/#organization\"},\"potentialAction\":[{\"@type\":\"SearchAction\",\"target\":{\"@type\":\"EntryPoint\",\"urlTemplate\":\"https:\\\/\\\/notabene.world\\\/nb\\\/?s={search_term_string}\"},\"query-input\":{\"@type\":\"PropertyValueSpecification\",\"valueRequired\":true,\"valueName\":\"search_term_string\"}}],\"inLanguage\":\"pl-PL\"},{\"@type\":\"Organization\",\"@id\":\"https:\\\/\\\/notabene.world\\\/nb\\\/#organization\",\"name\":\"NOTABENE.WORLD\",\"url\":\"https:\\\/\\\/notabene.world\\\/nb\\\/\",\"logo\":{\"@type\":\"ImageObject\",\"inLanguage\":\"pl-PL\",\"@id\":\"https:\\\/\\\/notabene.world\\\/nb\\\/#\\\/schema\\\/logo\\\/image\\\/\",\"url\":\"https:\\\/\\\/notabene.world\\\/nb\\\/wp-content\\\/uploads\\\/2022\\\/01\\\/NB-club-start-www1.jpg\",\"contentUrl\":\"https:\\\/\\\/notabene.world\\\/nb\\\/wp-content\\\/uploads\\\/2022\\\/01\\\/NB-club-start-www1.jpg\",\"width\":1000,\"height\":839,\"caption\":\"NOTABENE.WORLD\"},\"image\":{\"@id\":\"https:\\\/\\\/notabene.world\\\/nb\\\/#\\\/schema\\\/logo\\\/image\\\/\"},\"sameAs\":[\"https:\\\/\\\/www.facebook.com\\\/Notabene.World\"]},{\"@type\":\"Person\",\"@id\":\"https:\\\/\\\/notabene.world\\\/nb\\\/#\\\/schema\\\/person\\\/b1d9ae31d71d4fc2391a4920219be808\",\"name\":\"Oliwia Masternak\",\"image\":{\"@type\":\"ImageObject\",\"inLanguage\":\"pl-PL\",\"@id\":\"https:\\\/\\\/secure.gravatar.com\\\/avatar\\\/cf5dd902e1dae3bc351aab35b8642405f3cfd2ce05b9530a6cac3103d6861888?s=96&d=mm&r=g\",\"url\":\"https:\\\/\\\/secure.gravatar.com\\\/avatar\\\/cf5dd902e1dae3bc351aab35b8642405f3cfd2ce05b9530a6cac3103d6861888?s=96&d=mm&r=g\",\"contentUrl\":\"https:\\\/\\\/secure.gravatar.com\\\/avatar\\\/cf5dd902e1dae3bc351aab35b8642405f3cfd2ce05b9530a6cac3103d6861888?s=96&d=mm&r=g\",\"caption\":\"Oliwia Masternak\"},\"url\":\"https:\\\/\\\/notabene.world\\\/nb\\\/author\\\/oliwia\\\/\"}]}<\/script>\n<!-- \/ Yoast SEO plugin. -->","yoast_head_json":{"title":"Zani\u017cona frekwencja na studni\u00f3wkach - NOTABENE.WORLD","description":"Zacz\u0105\u0142 si\u0119 sezon studni\u00f3wkowy. Co spowodowa\u0142o nisk\u0105 frekwencj\u0119 uczni\u00f3w? Sytuacja epidemiologiczna czy mo\u017ce podwy\u017cka cen? Co z tradycjami studni\u00f3wkowymi takimi jak wybory miss i mistera oraz polonezem?","robots":{"index":"index","follow":"follow","max-snippet":"max-snippet:-1","max-image-preview":"max-image-preview:large","max-video-preview":"max-video-preview:-1"},"canonical":"https:\/\/notabene.world\/nb\/zamieszanie-studniowek\/","og_locale":"pl_PL","og_type":"article","og_title":"Zani\u017cona frekwencja na studni\u00f3wkach - NOTABENE.WORLD","og_description":"Zacz\u0105\u0142 si\u0119 sezon studni\u00f3wkowy. Co spowodowa\u0142o nisk\u0105 frekwencj\u0119 uczni\u00f3w? Sytuacja epidemiologiczna czy mo\u017ce podwy\u017cka cen? Co z tradycjami studni\u00f3wkowymi takimi jak wybory miss i mistera oraz polonezem?","og_url":"https:\/\/notabene.world\/nb\/zamieszanie-studniowek\/","og_site_name":"NOTABENE.WORLD","article_publisher":"https:\/\/www.facebook.com\/Notabene.World","article_published_time":"2022-02-02T21:22:00+00:00","article_modified_time":"2022-03-04T08:37:34+00:00","og_image":[{"width":2048,"height":1482,"url":"https:\/\/notabene.world\/nb\/wp-content\/uploads\/2022\/02\/273527856_341578194499291_5592191849607573298_n.jpg","type":"image\/jpeg"}],"author":"Oliwia Masternak","twitter_card":"summary_large_image","twitter_misc":{"Napisane przez":"Oliwia Masternak","Szacowany czas czytania":"3 minuty"},"schema":{"@context":"https:\/\/schema.org","@graph":[{"@type":"Article","@id":"https:\/\/notabene.world\/nb\/zamieszanie-studniowek\/#article","isPartOf":{"@id":"https:\/\/notabene.world\/nb\/zamieszanie-studniowek\/"},"author":{"name":"Oliwia Masternak","@id":"https:\/\/notabene.world\/nb\/#\/schema\/person\/b1d9ae31d71d4fc2391a4920219be808"},"headline":"Zani\u017cona frekwencja na studni\u00f3wkach","datePublished":"2022-02-02T21:22:00+00:00","dateModified":"2022-03-04T08:37:34+00:00","mainEntityOfPage":{"@id":"https:\/\/notabene.world\/nb\/zamieszanie-studniowek\/"},"wordCount":615,"publisher":{"@id":"https:\/\/notabene.world\/nb\/#organization"},"image":{"@id":"https:\/\/notabene.world\/nb\/zamieszanie-studniowek\/#primaryimage"},"thumbnailUrl":"https:\/\/i0.wp.com\/notabene.world\/nb\/wp-content\/uploads\/2022\/02\/273527856_341578194499291_5592191849607573298_n.jpg?fit=2048%2C1482&ssl=1","keywords":["#kultura","#naszswiat"],"articleSection":["Nasz \u015awiat","Spo\u0142ecze\u0144stwo"],"inLanguage":"pl-PL"},{"@type":"WebPage","@id":"https:\/\/notabene.world\/nb\/zamieszanie-studniowek\/","url":"https:\/\/notabene.world\/nb\/zamieszanie-studniowek\/","name":"Zani\u017cona frekwencja na studni\u00f3wkach - NOTABENE.WORLD","isPartOf":{"@id":"https:\/\/notabene.world\/nb\/#website"},"primaryImageOfPage":{"@id":"https:\/\/notabene.world\/nb\/zamieszanie-studniowek\/#primaryimage"},"image":{"@id":"https:\/\/notabene.world\/nb\/zamieszanie-studniowek\/#primaryimage"},"thumbnailUrl":"https:\/\/i0.wp.com\/notabene.world\/nb\/wp-content\/uploads\/2022\/02\/273527856_341578194499291_5592191849607573298_n.jpg?fit=2048%2C1482&ssl=1","datePublished":"2022-02-02T21:22:00+00:00","dateModified":"2022-03-04T08:37:34+00:00","description":"Zacz\u0105\u0142 si\u0119 sezon studni\u00f3wkowy. Co spowodowa\u0142o nisk\u0105 frekwencj\u0119 uczni\u00f3w? Sytuacja epidemiologiczna czy mo\u017ce podwy\u017cka cen? Co z tradycjami studni\u00f3wkowymi takimi jak wybory miss i mistera oraz polonezem?","breadcrumb":{"@id":"https:\/\/notabene.world\/nb\/zamieszanie-studniowek\/#breadcrumb"},"inLanguage":"pl-PL","potentialAction":[{"@type":"ReadAction","target":["https:\/\/notabene.world\/nb\/zamieszanie-studniowek\/"]}]},{"@type":"ImageObject","inLanguage":"pl-PL","@id":"https:\/\/notabene.world\/nb\/zamieszanie-studniowek\/#primaryimage","url":"https:\/\/i0.wp.com\/notabene.world\/nb\/wp-content\/uploads\/2022\/02\/273527856_341578194499291_5592191849607573298_n.jpg?fit=2048%2C1482&ssl=1","contentUrl":"https:\/\/i0.wp.com\/notabene.world\/nb\/wp-content\/uploads\/2022\/02\/273527856_341578194499291_5592191849607573298_n.jpg?fit=2048%2C1482&ssl=1","width":2048,"height":1482},{"@type":"BreadcrumbList","@id":"https:\/\/notabene.world\/nb\/zamieszanie-studniowek\/#breadcrumb","itemListElement":[{"@type":"ListItem","position":1,"name":"Home","item":"https:\/\/notabene.world\/nb\/"},{"@type":"ListItem","position":2,"name":"Zani\u017cona frekwencja na studni\u00f3wkach"}]},{"@type":"WebSite","@id":"https:\/\/notabene.world\/nb\/#website","url":"https:\/\/notabene.world\/nb\/","name":"NOTABENE.WORLD","description":"Przekaz. Warto\u015bci. Wsp\u00f3lnota.","publisher":{"@id":"https:\/\/notabene.world\/nb\/#organization"},"potentialAction":[{"@type":"SearchAction","target":{"@type":"EntryPoint","urlTemplate":"https:\/\/notabene.world\/nb\/?s={search_term_string}"},"query-input":{"@type":"PropertyValueSpecification","valueRequired":true,"valueName":"search_term_string"}}],"inLanguage":"pl-PL"},{"@type":"Organization","@id":"https:\/\/notabene.world\/nb\/#organization","name":"NOTABENE.WORLD","url":"https:\/\/notabene.world\/nb\/","logo":{"@type":"ImageObject","inLanguage":"pl-PL","@id":"https:\/\/notabene.world\/nb\/#\/schema\/logo\/image\/","url":"https:\/\/notabene.world\/nb\/wp-content\/uploads\/2022\/01\/NB-club-start-www1.jpg","contentUrl":"https:\/\/notabene.world\/nb\/wp-content\/uploads\/2022\/01\/NB-club-start-www1.jpg","width":1000,"height":839,"caption":"NOTABENE.WORLD"},"image":{"@id":"https:\/\/notabene.world\/nb\/#\/schema\/logo\/image\/"},"sameAs":["https:\/\/www.facebook.com\/Notabene.World"]},{"@type":"Person","@id":"https:\/\/notabene.world\/nb\/#\/schema\/person\/b1d9ae31d71d4fc2391a4920219be808","name":"Oliwia Masternak","image":{"@type":"ImageObject","inLanguage":"pl-PL","@id":"https:\/\/secure.gravatar.com\/avatar\/cf5dd902e1dae3bc351aab35b8642405f3cfd2ce05b9530a6cac3103d6861888?s=96&d=mm&r=g","url":"https:\/\/secure.gravatar.com\/avatar\/cf5dd902e1dae3bc351aab35b8642405f3cfd2ce05b9530a6cac3103d6861888?s=96&d=mm&r=g","contentUrl":"https:\/\/secure.gravatar.com\/avatar\/cf5dd902e1dae3bc351aab35b8642405f3cfd2ce05b9530a6cac3103d6861888?s=96&d=mm&r=g","caption":"Oliwia Masternak"},"url":"https:\/\/notabene.world\/nb\/author\/oliwia\/"}]}},"jetpack_featured_media_url":"https:\/\/i0.wp.com\/notabene.world\/nb\/wp-content\/uploads\/2022\/02\/273527856_341578194499291_5592191849607573298_n.jpg?fit=2048%2C1482&ssl=1","jetpack_sharing_enabled":true,"jetpack_shortlink":"https:\/\/wp.me\/pdCobN-mL","_links":{"self":[{"href":"https:\/\/notabene.world\/nb\/wp-json\/wp\/v2\/posts\/1411","targetHints":{"allow":["GET"]}}],"collection":[{"href":"https:\/\/notabene.world\/nb\/wp-json\/wp\/v2\/posts"}],"about":[{"href":"https:\/\/notabene.world\/nb\/wp-json\/wp\/v2\/types\/post"}],"author":[{"embeddable":true,"href":"https:\/\/notabene.world\/nb\/wp-json\/wp\/v2\/users\/8"}],"replies":[{"embeddable":true,"href":"https:\/\/notabene.world\/nb\/wp-json\/wp\/v2\/comments?post=1411"}],"version-history":[{"count":5,"href":"https:\/\/notabene.world\/nb\/wp-json\/wp\/v2\/posts\/1411\/revisions"}],"predecessor-version":[{"id":2767,"href":"https:\/\/notabene.world\/nb\/wp-json\/wp\/v2\/posts\/1411\/revisions\/2767"}],"wp:featuredmedia":[{"embeddable":true,"href":"https:\/\/notabene.world\/nb\/wp-json\/wp\/v2\/media\/2356"}],"wp:attachment":[{"href":"https:\/\/notabene.world\/nb\/wp-json\/wp\/v2\/media?parent=1411"}],"wp:term":[{"taxonomy":"category","embeddable":true,"href":"https:\/\/notabene.world\/nb\/wp-json\/wp\/v2\/categories?post=1411"},{"taxonomy":"post_tag","embeddable":true,"href":"https:\/\/notabene.world\/nb\/wp-json\/wp\/v2\/tags?post=1411"}],"curies":[{"name":"wp","href":"https:\/\/api.w.org\/{rel}","templated":true}]}}