{"id":1426,"date":"2022-02-09T21:25:00","date_gmt":"2022-02-09T20:25:00","guid":{"rendered":"https:\/\/notabene.world\/nb\/?p=1426"},"modified":"2022-05-17T00:22:59","modified_gmt":"2022-05-16T22:22:59","slug":"ty-tez-tak-masz","status":"publish","type":"post","link":"https:\/\/notabene.world\/nb\/ty-tez-tak-masz\/","title":{"rendered":"Ty te\u017c tak masz"},"content":{"rendered":"\n<p><em>\u201eSiedemset pi\u0119\u0107dziesi\u0105t euro za komentarz o ty\u0142ku. Nawet tak\u0105 wysoko\u015b\u0107 mandatu zap\u0142ac\u0105 lubuj\u0105ce si\u0119 w atakach werbalnych osoby we Francji.\u201d<\/em> A jak jest u nas? Magdalena Kostyszyn, blogerka i literatka w swojej nowej, wzbudzaj\u0105cej wiele emocji ksi\u0105\u017cce porusza ten, jak i wiele innych problem\u00f3w, z kt\u00f3rymi na codzie\u0144 musz\u0105 mierzy\u0107 si\u0119 kobiety. Autorka zas\u0142yn\u0119\u0142a ze swojego bestsellerowego antyporadnika, w kt\u00f3rym w humorystyczny spos\u00f3b opisa\u0142a d\u0105\u017cenie kobiet do doskona\u0142o\u015bci. Jej nowa ksi\u0105\u017cka jest jednak czym\u015b du\u017co powa\u017cniejszym &#8211; czym\u015b, co otwiera zupe\u0142nie nowy rozdzia\u0142 w \u017cyciu zar\u00f3wno samej Kostyszyn, jak i jej czytelniczek.<\/p>\n\n\n\n<p><em>\u201eTe\u017c tak mam\u201d<\/em> jest zbiorem historii kilkudziesi\u0119ciu r\u00f3\u017cnych kobiet. Niezale\u017cnie od tego sk\u0105d pochodz\u0105, ile maj\u0105 lat i jaki zaw\u00f3d wykonuj\u0105, w tej ksi\u0105\u017cce znalaz\u0142o si\u0119 miejsce na opowiedzenie wydarze\u0144, kt\u00f3re je spotka\u0142y i wyra\u017cenie emocji, kt\u00f3re wtedy odczuwa\u0142y. <em>\u201eO czym marz\u0105, czego si\u0119 boj\u0105, kiedy bywaj\u0105 najbardziej samotne, a kiedy najmniej zrozumiane. Czego si\u0119 wstydz\u0105, z czym sobie nie radz\u0105. Ale te\u017c: jak bardzo daj\u0105 sobie rad\u0119. Kto? Wsp\u00f3\u0142czesne kobiety\u201d<\/em> &#8211; pisze we wst\u0119pie autorka. To historie kobiet, kt\u00f3re by\u0142y ofiarami przemocy psychicznej, fizycznej lub ekonomicznej, catcallingu, czy molestowania. Ale co najwa\u017cniejsze &#8211; s\u0105 to ludzkie prze\u017cycia, kt\u00f3re ci\u0105gle nie s\u0105 traktowane powa\u017cnie. Bo chocia\u017c kobiety stanowi\u0105 oko\u0142o pi\u0119\u0107dziesi\u0105t procent spo\u0142ecze\u0144stwa, w dalszym ci\u0105gu ich problemy cz\u0119sto bywaj\u0105 pomijane.<\/p>\n\n\n\n<p>Po przeczytaniu tej ksi\u0105\u017cki cz\u0119\u015b\u0107 czytelnik\u00f3w mo\u017ce stwierdzi\u0107, \u017ce autorka nie odkry\u0142a przecie\u017c Ameryki, \u017ce wszyscy wiedz\u0105 o istnieniu tych problem\u00f3w i po co w og\u00f3le zn\u00f3w je roztrz\u0105sa\u0107. Jednak moim zdaniem, gdyby wszyscy byli \u015bwiadomi sytuacji i pr\u00f3bowali co\u015b zaradzi\u0107, \u015bwiat wygl\u0105da\u0142by teraz zupe\u0142nie inaczej. Dalej mamy w tym kierunku wiele do zdzia\u0142ania, ale pierwszym i najwa\u017cniejszym krokiem jest u\u015bwiadamianie ludzi o danym problemie. Dlatego w\u0142a\u015bnie niewa\u017cne czy jeste\u015b kobiet\u0105, czy nie, zdecydowanie polecam Ci t\u0119 ksi\u0105\u017ck\u0119. Je\u015bli nawet konkretnie ty <em>tak nie masz, <\/em>to mam pewno\u015b\u0107, \u017ce zrozumie j\u0105 chocia\u017cby twoja przyjaci\u00f3\u0142ka, mama czy siostra. Opr\u00f3cz przyjemnego stylu pisania autorki mo\u017cemy dostrzec w niej poruszaj\u0105ce historie i prze\u017cywa\u0107 je razem z licznymi bohaterkami. Mimo kr\u00f3tkich opis\u00f3w poszczeg\u00f3lnych opowie\u015bci jeste\u015bmy w stanie w pe\u0142ni wczu\u0107 si\u0119 w sytuacje, o kt\u00f3rych akurat czytamy. Musz\u0119 przyzna\u0107, \u017ce cho\u0107 w trakcie lektury cz\u0119sto towarzyszy\u0142 mi smutek, wsp\u00f3\u0142czucie, a tak\u017ce zrozumienie, kt\u00f3rego tak bardzo potrzebuj\u0105 ofiary, najcz\u0119\u015bciej dopada\u0142a mnie z\u0142o\u015b\u0107 &#8211; w\u0142a\u015bnie przez to z czym ludzie wci\u0105\u017c musz\u0105 si\u0119 mierzy\u0107 i jak trudno to wszystko zako\u0144czy\u0107. Ale to nie znaczy, \u017ce nie mo\u017cna pr\u00f3bowa\u0107. Dlatego nie mo\u017cna ba\u0107 si\u0119 m\u00f3wi\u0107 o tym, co nas spotyka. <\/p>\n\n\n\n<p><em><strong>Ja przecie\u017c te\u017c tak mam.<\/strong><\/em><\/p>\n\n\n\n<p><em>M. Hoffmann<\/em><\/p>\n","protected":false},"excerpt":{"rendered":"<p>\u201eSiedemset pi\u0119\u0107dziesi\u0105t euro za komentarz o ty\u0142ku. Nawet tak\u0105 wysoko\u015b\u0107 mandatu zap\u0142ac\u0105 lubuj\u0105ce si\u0119 w atakach werbalnych osoby we Francji.\u201d<\/p>\n","protected":false},"author":23,"featured_media":1427,"comment_status":"closed","ping_status":"closed","sticky":false,"template":"","format":"standard","meta":{"colormag_page_container_layout":"default_layout","colormag_page_sidebar_layout":"default_layout","_jetpack_memberships_contains_paid_content":false,"footnotes":"","_links_to":"","_links_to_target":""},"categories":[42,6,150],"tags":[69,68,70],"class_list":["post-1426","post","type-post","status-publish","format-standard","has-post-thumbnail","hentry","category-felietony","category-kultura","category-publicystyka","tag-strajkkobiet","tag-teztakmam","tag-anijednejwiecej"],"yoast_head":"<!-- This site is optimized with the Yoast SEO plugin v27.4 - https:\/\/yoast.com\/product\/yoast-seo-wordpress\/ -->\n<title>Ty te\u017c tak masz - NOTABENE.WORLD<\/title>\n<meta name=\"robots\" content=\"index, follow, max-snippet:-1, max-image-preview:large, max-video-preview:-1\" \/>\n<link rel=\"canonical\" href=\"https:\/\/notabene.world\/nb\/ty-tez-tak-masz\/\" \/>\n<meta property=\"og:locale\" content=\"pl_PL\" \/>\n<meta property=\"og:type\" content=\"article\" \/>\n<meta property=\"og:title\" content=\"Ty te\u017c tak masz - NOTABENE.WORLD\" \/>\n<meta property=\"og:description\" content=\"\u201eSiedemset pi\u0119\u0107dziesi\u0105t euro za komentarz o ty\u0142ku. Nawet tak\u0105 wysoko\u015b\u0107 mandatu zap\u0142ac\u0105 lubuj\u0105ce si\u0119 w atakach werbalnych osoby we Francji.\u201d\" \/>\n<meta property=\"og:url\" content=\"https:\/\/notabene.world\/nb\/ty-tez-tak-masz\/\" \/>\n<meta property=\"og:site_name\" content=\"NOTABENE.WORLD\" \/>\n<meta property=\"article:publisher\" content=\"https:\/\/www.facebook.com\/Notabene.World\" \/>\n<meta property=\"article:published_time\" content=\"2022-02-09T20:25:00+00:00\" \/>\n<meta property=\"article:modified_time\" content=\"2022-05-16T22:22:59+00:00\" \/>\n<meta property=\"og:image\" content=\"https:\/\/notabene.world\/nb\/wp-content\/uploads\/2022\/01\/i-tez-tak-mam-e1643314019921.jpg\" \/>\n\t<meta property=\"og:image:width\" content=\"489\" \/>\n\t<meta property=\"og:image:height\" content=\"700\" \/>\n\t<meta property=\"og:image:type\" content=\"image\/jpeg\" \/>\n<meta name=\"author\" content=\"M. Hoffmann\" \/>\n<meta name=\"twitter:card\" content=\"summary_large_image\" \/>\n<meta name=\"twitter:label1\" content=\"Napisane przez\" \/>\n\t<meta name=\"twitter:data1\" content=\"M. Hoffmann\" \/>\n\t<meta name=\"twitter:label2\" content=\"Szacowany czas czytania\" \/>\n\t<meta name=\"twitter:data2\" content=\"3 minuty\" \/>\n<script type=\"application\/ld+json\" class=\"yoast-schema-graph\">{\"@context\":\"https:\\\/\\\/schema.org\",\"@graph\":[{\"@type\":\"Article\",\"@id\":\"https:\\\/\\\/notabene.world\\\/nb\\\/ty-tez-tak-masz\\\/#article\",\"isPartOf\":{\"@id\":\"https:\\\/\\\/notabene.world\\\/nb\\\/ty-tez-tak-masz\\\/\"},\"author\":{\"name\":\"M. Hoffmann\",\"@id\":\"https:\\\/\\\/notabene.world\\\/nb\\\/#\\\/schema\\\/person\\\/331faf5f761ee67ad7d5d058fd8df849\"},\"headline\":\"Ty te\u017c tak masz\",\"datePublished\":\"2022-02-09T20:25:00+00:00\",\"dateModified\":\"2022-05-16T22:22:59+00:00\",\"mainEntityOfPage\":{\"@id\":\"https:\\\/\\\/notabene.world\\\/nb\\\/ty-tez-tak-masz\\\/\"},\"wordCount\":513,\"publisher\":{\"@id\":\"https:\\\/\\\/notabene.world\\\/nb\\\/#organization\"},\"image\":{\"@id\":\"https:\\\/\\\/notabene.world\\\/nb\\\/ty-tez-tak-masz\\\/#primaryimage\"},\"thumbnailUrl\":\"https:\\\/\\\/i0.wp.com\\\/notabene.world\\\/nb\\\/wp-content\\\/uploads\\\/2022\\\/01\\\/i-tez-tak-mam-e1643314019921.jpg?fit=489%2C700&ssl=1\",\"keywords\":[\"#strajkkobiet\",\"#te\u017ctakmam\",\"anijednejwi\u0119cej\"],\"articleSection\":[\"Felietony\",\"Kultura\",\"Publicystyka\"],\"inLanguage\":\"pl-PL\"},{\"@type\":\"WebPage\",\"@id\":\"https:\\\/\\\/notabene.world\\\/nb\\\/ty-tez-tak-masz\\\/\",\"url\":\"https:\\\/\\\/notabene.world\\\/nb\\\/ty-tez-tak-masz\\\/\",\"name\":\"Ty te\u017c tak masz - NOTABENE.WORLD\",\"isPartOf\":{\"@id\":\"https:\\\/\\\/notabene.world\\\/nb\\\/#website\"},\"primaryImageOfPage\":{\"@id\":\"https:\\\/\\\/notabene.world\\\/nb\\\/ty-tez-tak-masz\\\/#primaryimage\"},\"image\":{\"@id\":\"https:\\\/\\\/notabene.world\\\/nb\\\/ty-tez-tak-masz\\\/#primaryimage\"},\"thumbnailUrl\":\"https:\\\/\\\/i0.wp.com\\\/notabene.world\\\/nb\\\/wp-content\\\/uploads\\\/2022\\\/01\\\/i-tez-tak-mam-e1643314019921.jpg?fit=489%2C700&ssl=1\",\"datePublished\":\"2022-02-09T20:25:00+00:00\",\"dateModified\":\"2022-05-16T22:22:59+00:00\",\"breadcrumb\":{\"@id\":\"https:\\\/\\\/notabene.world\\\/nb\\\/ty-tez-tak-masz\\\/#breadcrumb\"},\"inLanguage\":\"pl-PL\",\"potentialAction\":[{\"@type\":\"ReadAction\",\"target\":[\"https:\\\/\\\/notabene.world\\\/nb\\\/ty-tez-tak-masz\\\/\"]}]},{\"@type\":\"ImageObject\",\"inLanguage\":\"pl-PL\",\"@id\":\"https:\\\/\\\/notabene.world\\\/nb\\\/ty-tez-tak-masz\\\/#primaryimage\",\"url\":\"https:\\\/\\\/i0.wp.com\\\/notabene.world\\\/nb\\\/wp-content\\\/uploads\\\/2022\\\/01\\\/i-tez-tak-mam-e1643314019921.jpg?fit=489%2C700&ssl=1\",\"contentUrl\":\"https:\\\/\\\/i0.wp.com\\\/notabene.world\\\/nb\\\/wp-content\\\/uploads\\\/2022\\\/01\\\/i-tez-tak-mam-e1643314019921.jpg?fit=489%2C700&ssl=1\",\"width\":489,\"height\":700},{\"@type\":\"BreadcrumbList\",\"@id\":\"https:\\\/\\\/notabene.world\\\/nb\\\/ty-tez-tak-masz\\\/#breadcrumb\",\"itemListElement\":[{\"@type\":\"ListItem\",\"position\":1,\"name\":\"Home\",\"item\":\"https:\\\/\\\/notabene.world\\\/nb\\\/\"},{\"@type\":\"ListItem\",\"position\":2,\"name\":\"Ty te\u017c tak masz\"}]},{\"@type\":\"WebSite\",\"@id\":\"https:\\\/\\\/notabene.world\\\/nb\\\/#website\",\"url\":\"https:\\\/\\\/notabene.world\\\/nb\\\/\",\"name\":\"NOTABENE.WORLD\",\"description\":\"Przekaz. Warto\u015bci. Wsp\u00f3lnota.\",\"publisher\":{\"@id\":\"https:\\\/\\\/notabene.world\\\/nb\\\/#organization\"},\"potentialAction\":[{\"@type\":\"SearchAction\",\"target\":{\"@type\":\"EntryPoint\",\"urlTemplate\":\"https:\\\/\\\/notabene.world\\\/nb\\\/?s={search_term_string}\"},\"query-input\":{\"@type\":\"PropertyValueSpecification\",\"valueRequired\":true,\"valueName\":\"search_term_string\"}}],\"inLanguage\":\"pl-PL\"},{\"@type\":\"Organization\",\"@id\":\"https:\\\/\\\/notabene.world\\\/nb\\\/#organization\",\"name\":\"NOTABENE.WORLD\",\"url\":\"https:\\\/\\\/notabene.world\\\/nb\\\/\",\"logo\":{\"@type\":\"ImageObject\",\"inLanguage\":\"pl-PL\",\"@id\":\"https:\\\/\\\/notabene.world\\\/nb\\\/#\\\/schema\\\/logo\\\/image\\\/\",\"url\":\"https:\\\/\\\/notabene.world\\\/nb\\\/wp-content\\\/uploads\\\/2022\\\/01\\\/NB-club-start-www1.jpg\",\"contentUrl\":\"https:\\\/\\\/notabene.world\\\/nb\\\/wp-content\\\/uploads\\\/2022\\\/01\\\/NB-club-start-www1.jpg\",\"width\":1000,\"height\":839,\"caption\":\"NOTABENE.WORLD\"},\"image\":{\"@id\":\"https:\\\/\\\/notabene.world\\\/nb\\\/#\\\/schema\\\/logo\\\/image\\\/\"},\"sameAs\":[\"https:\\\/\\\/www.facebook.com\\\/Notabene.World\"]},{\"@type\":\"Person\",\"@id\":\"https:\\\/\\\/notabene.world\\\/nb\\\/#\\\/schema\\\/person\\\/331faf5f761ee67ad7d5d058fd8df849\",\"name\":\"M. Hoffmann\",\"image\":{\"@type\":\"ImageObject\",\"inLanguage\":\"pl-PL\",\"@id\":\"https:\\\/\\\/secure.gravatar.com\\\/avatar\\\/7d680551b50541a2eb4d9f0eeb5ec73e8b7b30a37b96432deb5650eabb999f24?s=96&d=mm&r=g\",\"url\":\"https:\\\/\\\/secure.gravatar.com\\\/avatar\\\/7d680551b50541a2eb4d9f0eeb5ec73e8b7b30a37b96432deb5650eabb999f24?s=96&d=mm&r=g\",\"contentUrl\":\"https:\\\/\\\/secure.gravatar.com\\\/avatar\\\/7d680551b50541a2eb4d9f0eeb5ec73e8b7b30a37b96432deb5650eabb999f24?s=96&d=mm&r=g\",\"caption\":\"M. Hoffmann\"},\"url\":\"https:\\\/\\\/notabene.world\\\/nb\\\/author\\\/m-h\\\/\"}]}<\/script>\n<!-- \/ Yoast SEO plugin. -->","yoast_head_json":{"title":"Ty te\u017c tak masz - NOTABENE.WORLD","robots":{"index":"index","follow":"follow","max-snippet":"max-snippet:-1","max-image-preview":"max-image-preview:large","max-video-preview":"max-video-preview:-1"},"canonical":"https:\/\/notabene.world\/nb\/ty-tez-tak-masz\/","og_locale":"pl_PL","og_type":"article","og_title":"Ty te\u017c tak masz - NOTABENE.WORLD","og_description":"\u201eSiedemset pi\u0119\u0107dziesi\u0105t euro za komentarz o ty\u0142ku. Nawet tak\u0105 wysoko\u015b\u0107 mandatu zap\u0142ac\u0105 lubuj\u0105ce si\u0119 w atakach werbalnych osoby we Francji.\u201d","og_url":"https:\/\/notabene.world\/nb\/ty-tez-tak-masz\/","og_site_name":"NOTABENE.WORLD","article_publisher":"https:\/\/www.facebook.com\/Notabene.World","article_published_time":"2022-02-09T20:25:00+00:00","article_modified_time":"2022-05-16T22:22:59+00:00","og_image":[{"width":489,"height":700,"url":"https:\/\/notabene.world\/nb\/wp-content\/uploads\/2022\/01\/i-tez-tak-mam-e1643314019921.jpg","type":"image\/jpeg"}],"author":"M. Hoffmann","twitter_card":"summary_large_image","twitter_misc":{"Napisane przez":"M. Hoffmann","Szacowany czas czytania":"3 minuty"},"schema":{"@context":"https:\/\/schema.org","@graph":[{"@type":"Article","@id":"https:\/\/notabene.world\/nb\/ty-tez-tak-masz\/#article","isPartOf":{"@id":"https:\/\/notabene.world\/nb\/ty-tez-tak-masz\/"},"author":{"name":"M. Hoffmann","@id":"https:\/\/notabene.world\/nb\/#\/schema\/person\/331faf5f761ee67ad7d5d058fd8df849"},"headline":"Ty te\u017c tak masz","datePublished":"2022-02-09T20:25:00+00:00","dateModified":"2022-05-16T22:22:59+00:00","mainEntityOfPage":{"@id":"https:\/\/notabene.world\/nb\/ty-tez-tak-masz\/"},"wordCount":513,"publisher":{"@id":"https:\/\/notabene.world\/nb\/#organization"},"image":{"@id":"https:\/\/notabene.world\/nb\/ty-tez-tak-masz\/#primaryimage"},"thumbnailUrl":"https:\/\/i0.wp.com\/notabene.world\/nb\/wp-content\/uploads\/2022\/01\/i-tez-tak-mam-e1643314019921.jpg?fit=489%2C700&ssl=1","keywords":["#strajkkobiet","#te\u017ctakmam","anijednejwi\u0119cej"],"articleSection":["Felietony","Kultura","Publicystyka"],"inLanguage":"pl-PL"},{"@type":"WebPage","@id":"https:\/\/notabene.world\/nb\/ty-tez-tak-masz\/","url":"https:\/\/notabene.world\/nb\/ty-tez-tak-masz\/","name":"Ty te\u017c tak masz - NOTABENE.WORLD","isPartOf":{"@id":"https:\/\/notabene.world\/nb\/#website"},"primaryImageOfPage":{"@id":"https:\/\/notabene.world\/nb\/ty-tez-tak-masz\/#primaryimage"},"image":{"@id":"https:\/\/notabene.world\/nb\/ty-tez-tak-masz\/#primaryimage"},"thumbnailUrl":"https:\/\/i0.wp.com\/notabene.world\/nb\/wp-content\/uploads\/2022\/01\/i-tez-tak-mam-e1643314019921.jpg?fit=489%2C700&ssl=1","datePublished":"2022-02-09T20:25:00+00:00","dateModified":"2022-05-16T22:22:59+00:00","breadcrumb":{"@id":"https:\/\/notabene.world\/nb\/ty-tez-tak-masz\/#breadcrumb"},"inLanguage":"pl-PL","potentialAction":[{"@type":"ReadAction","target":["https:\/\/notabene.world\/nb\/ty-tez-tak-masz\/"]}]},{"@type":"ImageObject","inLanguage":"pl-PL","@id":"https:\/\/notabene.world\/nb\/ty-tez-tak-masz\/#primaryimage","url":"https:\/\/i0.wp.com\/notabene.world\/nb\/wp-content\/uploads\/2022\/01\/i-tez-tak-mam-e1643314019921.jpg?fit=489%2C700&ssl=1","contentUrl":"https:\/\/i0.wp.com\/notabene.world\/nb\/wp-content\/uploads\/2022\/01\/i-tez-tak-mam-e1643314019921.jpg?fit=489%2C700&ssl=1","width":489,"height":700},{"@type":"BreadcrumbList","@id":"https:\/\/notabene.world\/nb\/ty-tez-tak-masz\/#breadcrumb","itemListElement":[{"@type":"ListItem","position":1,"name":"Home","item":"https:\/\/notabene.world\/nb\/"},{"@type":"ListItem","position":2,"name":"Ty te\u017c tak masz"}]},{"@type":"WebSite","@id":"https:\/\/notabene.world\/nb\/#website","url":"https:\/\/notabene.world\/nb\/","name":"NOTABENE.WORLD","description":"Przekaz. Warto\u015bci. Wsp\u00f3lnota.","publisher":{"@id":"https:\/\/notabene.world\/nb\/#organization"},"potentialAction":[{"@type":"SearchAction","target":{"@type":"EntryPoint","urlTemplate":"https:\/\/notabene.world\/nb\/?s={search_term_string}"},"query-input":{"@type":"PropertyValueSpecification","valueRequired":true,"valueName":"search_term_string"}}],"inLanguage":"pl-PL"},{"@type":"Organization","@id":"https:\/\/notabene.world\/nb\/#organization","name":"NOTABENE.WORLD","url":"https:\/\/notabene.world\/nb\/","logo":{"@type":"ImageObject","inLanguage":"pl-PL","@id":"https:\/\/notabene.world\/nb\/#\/schema\/logo\/image\/","url":"https:\/\/notabene.world\/nb\/wp-content\/uploads\/2022\/01\/NB-club-start-www1.jpg","contentUrl":"https:\/\/notabene.world\/nb\/wp-content\/uploads\/2022\/01\/NB-club-start-www1.jpg","width":1000,"height":839,"caption":"NOTABENE.WORLD"},"image":{"@id":"https:\/\/notabene.world\/nb\/#\/schema\/logo\/image\/"},"sameAs":["https:\/\/www.facebook.com\/Notabene.World"]},{"@type":"Person","@id":"https:\/\/notabene.world\/nb\/#\/schema\/person\/331faf5f761ee67ad7d5d058fd8df849","name":"M. Hoffmann","image":{"@type":"ImageObject","inLanguage":"pl-PL","@id":"https:\/\/secure.gravatar.com\/avatar\/7d680551b50541a2eb4d9f0eeb5ec73e8b7b30a37b96432deb5650eabb999f24?s=96&d=mm&r=g","url":"https:\/\/secure.gravatar.com\/avatar\/7d680551b50541a2eb4d9f0eeb5ec73e8b7b30a37b96432deb5650eabb999f24?s=96&d=mm&r=g","contentUrl":"https:\/\/secure.gravatar.com\/avatar\/7d680551b50541a2eb4d9f0eeb5ec73e8b7b30a37b96432deb5650eabb999f24?s=96&d=mm&r=g","caption":"M. Hoffmann"},"url":"https:\/\/notabene.world\/nb\/author\/m-h\/"}]}},"jetpack_featured_media_url":"https:\/\/i0.wp.com\/notabene.world\/nb\/wp-content\/uploads\/2022\/01\/i-tez-tak-mam-e1643314019921.jpg?fit=489%2C700&ssl=1","jetpack_sharing_enabled":true,"jetpack_shortlink":"https:\/\/wp.me\/pdCobN-n0","_links":{"self":[{"href":"https:\/\/notabene.world\/nb\/wp-json\/wp\/v2\/posts\/1426","targetHints":{"allow":["GET"]}}],"collection":[{"href":"https:\/\/notabene.world\/nb\/wp-json\/wp\/v2\/posts"}],"about":[{"href":"https:\/\/notabene.world\/nb\/wp-json\/wp\/v2\/types\/post"}],"author":[{"embeddable":true,"href":"https:\/\/notabene.world\/nb\/wp-json\/wp\/v2\/users\/23"}],"replies":[{"embeddable":true,"href":"https:\/\/notabene.world\/nb\/wp-json\/wp\/v2\/comments?post=1426"}],"version-history":[{"count":4,"href":"https:\/\/notabene.world\/nb\/wp-json\/wp\/v2\/posts\/1426\/revisions"}],"predecessor-version":[{"id":5987,"href":"https:\/\/notabene.world\/nb\/wp-json\/wp\/v2\/posts\/1426\/revisions\/5987"}],"wp:featuredmedia":[{"embeddable":true,"href":"https:\/\/notabene.world\/nb\/wp-json\/wp\/v2\/media\/1427"}],"wp:attachment":[{"href":"https:\/\/notabene.world\/nb\/wp-json\/wp\/v2\/media?parent=1426"}],"wp:term":[{"taxonomy":"category","embeddable":true,"href":"https:\/\/notabene.world\/nb\/wp-json\/wp\/v2\/categories?post=1426"},{"taxonomy":"post_tag","embeddable":true,"href":"https:\/\/notabene.world\/nb\/wp-json\/wp\/v2\/tags?post=1426"}],"curies":[{"name":"wp","href":"https:\/\/api.w.org\/{rel}","templated":true}]}}