{"id":14524,"date":"2025-06-22T21:39:00","date_gmt":"2025-06-22T19:39:00","guid":{"rendered":"https:\/\/notabene.world\/nb\/?p=14524"},"modified":"2025-07-11T02:18:57","modified_gmt":"2025-07-11T00:18:57","slug":"26-miliardow-zlotych","status":"publish","type":"post","link":"https:\/\/notabene.world\/nb\/26-miliardow-zlotych\/","title":{"rendered":"26 miliard\u00f3w z\u0142otych"},"content":{"rendered":"\n<p>Niedziela rano, a ju\u017c w cieniu 26 stopni Celsjusza, szykuje si\u0119 upalny dzie\u0144. Wczoraj, czyli 21 czerwca, cieszyli\u015bmy si\u0119 najd\u0142u\u017cszym dniem roku. Na przyk\u0142ad w Warszawie dzie\u0144 trwa\u0142 16 godzin i 45 minut a w Gda\u0144sku (zale\u017cy to od szeroko\u015bci geograficznej) a\u017c 17 godzin i 15 minut. &nbsp;To by\u0142 tak\u017ce pocz\u0105tek astronomicznego lata. W bardzo wielu miejscach w kraju odby\u0142y si\u0119 imprezy zwi\u0105zane z tzw. przesileniem letnim. W Polsce przesilenie pokrywa si\u0119 z obchodami Nocy Kupa\u0142y, a wi\u0119c dawnym s\u0142owia\u0144skim \u015bwi\u0119tem wody i ognia. Dziewcz\u0119ta tradycyjnie puszcza\u0142y wtedy wianki na wod\u0119, a ch\u0142opcy przeskakiwali przez ogniska. Zakochani szukali w t\u0119 noc legendarnego kwiatu paproci. W staro\u017cytnych kulturach dzie\u0144 ten traktowany by\u0142 jak \u015bwi\u0119to \u017cycia i \u015bwiat\u0142a.<\/p>\n\n\n\n<p>To przes\u0142anie\u201d \u015bwi\u0119tej nocy\u201d w 2025 roku jest dla nas wszystkich ogromnie wa\u017cne. Kumulacja niebezpiecznych zdarze\u0144: wojna na Ukrainie (tak blisko nas), wojna pomi\u0119dzy Izraelem a Iranem (wczorajszy atak wojsk ameryka\u0144skich na trzy o\u015brodki nuklearne w Iranie), ci\u0105gle trwaj\u0105ce ataki w Strefie Gazy &#8211; to wszystko powoduje, \u017ce jeste\u015bmy bardzo zaniepokojeni i niepewni jutra. A nie wiemy jeszcze, jakie b\u0119d\u0105 konsekwencje tych wydarze\u0144, zar\u00f3wno w sferze politycznej, jak i gospodarczej na \u015bwiecie, w Europie i w Polsce. Tym bardziej czekamy na r\u00f3\u017cne pozytywne informacje dotycz\u0105ce naszego funkcjonowania na co dzie\u0144.<\/p>\n\n\n\n<p>Wiemy ju\u017c, \u017ce gospodarka ruszy\u0142a i osi\u0105gn\u0119\u0142a najwy\u017cszy poziom w Europie. Inflacja w maju wynios\u0142a 4% (dwa lata temu si\u0119ga\u0142a 18%), jest rekordowo niskie bezrobocie. Przeci\u0119tne wynagrodzenie w Polsce w pierwszym kwartale 2025 roku wynios\u0142o 8962,28 z\u0142otych brutto jak podaje G\u0142\u00f3wny Urz\u0105d Statystyczny. \u015arednie miesi\u0119czne wynagrodzenie brutto w gospodarce narodowej w 2024 roku wynios\u0142o 8181,72 z\u0142otych. Wed\u0142ug GUS w por\u00f3wnaniu z 2023 rokiem nast\u0105pi\u0142 nominalny wzrost o 13,6%.<\/p>\n\n\n\n<p>Dobr\u0105 nowin\u0105, jest tak\u017ce to, \u017ce ministrowie finans\u00f3w UE zgodzili si\u0119 na wniosek Polski o&nbsp; przesuniecie 26 miliard\u00f3w z\u0142otych w polskim Krajowym Planie Odbudowy na utworzenie Funduszu Bezpiecze\u0144stwa i Obronno\u015bci, z kt\u00f3rego mi\u0119dzy innymi b\u0119d\u0105 budowane schrony.<\/p>\n\n\n\n<p>Bud\u017cet ca\u0142ego KPO dla Polski to 60 miliard\u00f3w euro, tj. oko\u0142o 268 miliard\u00f3w z\u0142otych. Do tej pory (po 1,5 roku realizacji programu) podpisano z beneficjentami ponad 774,6 tysi\u0119cy um\u00f3w na ponad 117 miliard\u00f3w z\u0142otych, co stanowi 44,5% ca\u0142ego KPO. Minister Pe\u0142czy\u0144ska \u2013Na\u0142\u0119cz przekaza\u0142a, \u017ce Komisja Europejska zgodzi\u0142a si\u0119 r\u00f3wnie\u017c na przed\u0142u\u017cenie KPO do ko\u0144ca 2026 roku. To ogromny sukces. Polska stara\u0142a si\u0119 o przed\u0142u\u017cenie tego terminu, poniewa\u017c realizacja KPO w Polsce rozpocz\u0119\u0142a si\u0119 z ogromnym op\u00f3\u017anieniem dopiero w grudniu 2023 roku. To oznacza, \u017ce samorz\u0105dy i inni beneficjenci, kt\u00f3rzy \u015bcigali si\u0119 z czasem, \u017ceby sko\u0144czy\u0107 inwestycje do sierpnia 2026, b\u0119d\u0105 mieli jeszcze kilka dodatkowych miesi\u0119cy, zaznaczy\u0142 wiceminister funduszy i polityki regionalnej.<\/p>\n\n\n\n<p>&nbsp;A w Ukrainie to ju\u017c 1214 dzie\u0144 wojny. Trwaj\u0105 ogromne naloty, mi\u0119dzy innymi na Kij\u00f3w, gin\u0105 cywile, trwaj\u0105 walki o kluczowe dla logistyki miejsca wzd\u0142u\u017c ca\u0142ej linii frontu. Niestety wojna na Bliskim Wschodzie skierowa\u0142a uwag\u0119 ca\u0142ego \u015bwiata na nowy konflikt&nbsp; pozostawiaj\u0105c wojn\u0119 na Ukrainie na dalszym planie. Pozwala to Putinowi wyg\u0142asza\u0107&nbsp; mi\u0119dzy innymi stwierdzenia typu: \u201etam, gdzie stanie stopa rosyjskiego \u017co\u0142nierza, to jest nasze\u201d. Przera\u017caj\u0105ce!!!<\/p>\n","protected":false},"excerpt":{"rendered":"<p>Dobr\u0105 nowin\u0105, jest tak\u017ce to, \u017ce ministrowie finans\u00f3w UE zgodzili si\u0119 na wniosek Polski o\u00a0 przesuniecie 26 miliard\u00f3w z\u0142otych w polskim Krajowym Planie Odbudowy na utworzenie Funduszu Bezpiecze\u0144stwa i Obronno\u015bci, z kt\u00f3rego mi\u0119dzy innymi b\u0119d\u0105 budowane schrony.<br \/>\n<br \/>\nBud\u017cet ca\u0142ego KPO dla Polski to 60 miliard\u00f3w euro, tj. oko\u0142o 268 miliard\u00f3w z\u0142otych. Do tej pory (po 1,5 roku realizacji programu) podpisano z beneficjentami ponad 774,6 tysi\u0119cy um\u00f3w na ponad 117 miliard\u00f3w z\u0142otych, co stanowi 44,5% ca\u0142ego KPO. Minister Pe\u0142czy\u0144ska-Na\u0142\u0119cz przekaza\u0142a, \u017ce Komisja Europejska zgodzi\u0142a si\u0119 r\u00f3wnie\u017c na przed\u0142u\u017cenie KPO do ko\u0144ca 2026 roku. To ogromny sukces. Polska stara\u0142a si\u0119 o przed\u0142u\u017cenie tego terminu, poniewa\u017c realizacja KPO w Polsce rozpocz\u0119\u0142a si\u0119 z ogromnym op\u00f3\u017anieniem dopiero w grudniu 2023 roku.<br \/>\n<br \/>\nTo oznacza, \u017ce samorz\u0105dy i inni beneficjenci, kt\u00f3rzy \u015bcigali si\u0119 z czasem, \u017ceby sko\u0144czy\u0107 inwestycje do sierpnia 2026, b\u0119d\u0105 mieli jeszcze kilka dodatkowych miesi\u0119cy, zaznaczy\u0142 wiceminister funduszy i polityki regionalnej.<\/p>\n","protected":false},"author":35,"featured_media":14525,"comment_status":"closed","ping_status":"closed","sticky":false,"template":"","format":"standard","meta":{"colormag_page_container_layout":"default_layout","colormag_page_sidebar_layout":"default_layout","_jetpack_memberships_contains_paid_content":false,"footnotes":"","_links_to":"","_links_to_target":""},"categories":[64,42,175],"tags":[],"class_list":["post-14524","post","type-post","status-publish","format-standard","has-post-thumbnail","hentry","category-aktualnosci","category-felietony","category-liczby-i-fakty"],"yoast_head":"<!-- This site is optimized with the Yoast SEO plugin v27.4 - https:\/\/yoast.com\/product\/yoast-seo-wordpress\/ -->\n<title>26 miliard\u00f3w z\u0142otych - NOTABENE.WORLD<\/title>\n<meta name=\"robots\" content=\"index, follow, max-snippet:-1, max-image-preview:large, max-video-preview:-1\" \/>\n<link rel=\"canonical\" href=\"https:\/\/notabene.world\/nb\/26-miliardow-zlotych\/\" \/>\n<meta property=\"og:locale\" content=\"pl_PL\" \/>\n<meta property=\"og:type\" content=\"article\" \/>\n<meta property=\"og:title\" content=\"26 miliard\u00f3w z\u0142otych - NOTABENE.WORLD\" \/>\n<meta property=\"og:description\" content=\"Dobr\u0105 nowin\u0105, jest tak\u017ce to, \u017ce ministrowie finans\u00f3w UE zgodzili si\u0119 na wniosek Polski o\u00a0 przesuniecie 26 miliard\u00f3w z\u0142otych w polskim Krajowym Planie Odbudowy na utworzenie Funduszu Bezpiecze\u0144stwa i Obronno\u015bci, z kt\u00f3rego mi\u0119dzy innymi b\u0119d\u0105 budowane schrony. Bud\u017cet ca\u0142ego KPO dla Polski to 60 miliard\u00f3w euro, tj. oko\u0142o 268 miliard\u00f3w z\u0142otych. Do tej pory (po 1,5 roku realizacji programu) podpisano z beneficjentami ponad 774,6 tysi\u0119cy um\u00f3w na ponad 117 miliard\u00f3w z\u0142otych, co stanowi 44,5% ca\u0142ego KPO. Minister Pe\u0142czy\u0144ska-Na\u0142\u0119cz przekaza\u0142a, \u017ce Komisja Europejska zgodzi\u0142a si\u0119 r\u00f3wnie\u017c na przed\u0142u\u017cenie KPO do ko\u0144ca 2026 roku. To ogromny sukces. Polska stara\u0142a si\u0119 o przed\u0142u\u017cenie tego terminu, poniewa\u017c realizacja KPO w Polsce rozpocz\u0119\u0142a si\u0119 z ogromnym op\u00f3\u017anieniem dopiero w grudniu 2023 roku. To oznacza, \u017ce samorz\u0105dy i inni beneficjenci, kt\u00f3rzy \u015bcigali si\u0119 z czasem, \u017ceby sko\u0144czy\u0107 inwestycje do sierpnia 2026, b\u0119d\u0105 mieli jeszcze kilka dodatkowych miesi\u0119cy, zaznaczy\u0142 wiceminister funduszy i polityki regionalnej.\" \/>\n<meta property=\"og:url\" content=\"https:\/\/notabene.world\/nb\/26-miliardow-zlotych\/\" \/>\n<meta property=\"og:site_name\" content=\"NOTABENE.WORLD\" \/>\n<meta property=\"article:publisher\" content=\"https:\/\/www.facebook.com\/Notabene.World\" \/>\n<meta property=\"article:published_time\" content=\"2025-06-22T19:39:00+00:00\" \/>\n<meta property=\"article:modified_time\" content=\"2025-07-11T00:18:57+00:00\" \/>\n<meta property=\"og:image\" content=\"https:\/\/notabene.world\/nb\/wp-content\/uploads\/2025\/06\/bd76.jpg\" \/>\n\t<meta property=\"og:image:width\" content=\"800\" \/>\n\t<meta property=\"og:image:height\" content=\"445\" \/>\n\t<meta property=\"og:image:type\" content=\"image\/jpeg\" \/>\n<meta name=\"author\" content=\"B D\" \/>\n<meta name=\"twitter:card\" content=\"summary_large_image\" \/>\n<meta name=\"twitter:label1\" content=\"Napisane przez\" \/>\n\t<meta name=\"twitter:data1\" content=\"B D\" \/>\n\t<meta name=\"twitter:label2\" content=\"Szacowany czas czytania\" \/>\n\t<meta name=\"twitter:data2\" content=\"3 minuty\" \/>\n<script type=\"application\/ld+json\" class=\"yoast-schema-graph\">{\"@context\":\"https:\\\/\\\/schema.org\",\"@graph\":[{\"@type\":\"Article\",\"@id\":\"https:\\\/\\\/notabene.world\\\/nb\\\/26-miliardow-zlotych\\\/#article\",\"isPartOf\":{\"@id\":\"https:\\\/\\\/notabene.world\\\/nb\\\/26-miliardow-zlotych\\\/\"},\"author\":{\"name\":\"B D\",\"@id\":\"https:\\\/\\\/notabene.world\\\/nb\\\/#\\\/schema\\\/person\\\/9081f0d094ad3e2767736feb48c99520\"},\"headline\":\"26 miliard\u00f3w z\u0142otych\",\"datePublished\":\"2025-06-22T19:39:00+00:00\",\"dateModified\":\"2025-07-11T00:18:57+00:00\",\"mainEntityOfPage\":{\"@id\":\"https:\\\/\\\/notabene.world\\\/nb\\\/26-miliardow-zlotych\\\/\"},\"wordCount\":574,\"publisher\":{\"@id\":\"https:\\\/\\\/notabene.world\\\/nb\\\/#organization\"},\"image\":{\"@id\":\"https:\\\/\\\/notabene.world\\\/nb\\\/26-miliardow-zlotych\\\/#primaryimage\"},\"thumbnailUrl\":\"https:\\\/\\\/i0.wp.com\\\/notabene.world\\\/nb\\\/wp-content\\\/uploads\\\/2025\\\/06\\\/bd76.jpg?fit=800%2C445&ssl=1\",\"articleSection\":[\"Aktualno\u015bci\",\"Felietony\",\"Liczby i Fakty\"],\"inLanguage\":\"pl-PL\"},{\"@type\":\"WebPage\",\"@id\":\"https:\\\/\\\/notabene.world\\\/nb\\\/26-miliardow-zlotych\\\/\",\"url\":\"https:\\\/\\\/notabene.world\\\/nb\\\/26-miliardow-zlotych\\\/\",\"name\":\"26 miliard\u00f3w z\u0142otych - NOTABENE.WORLD\",\"isPartOf\":{\"@id\":\"https:\\\/\\\/notabene.world\\\/nb\\\/#website\"},\"primaryImageOfPage\":{\"@id\":\"https:\\\/\\\/notabene.world\\\/nb\\\/26-miliardow-zlotych\\\/#primaryimage\"},\"image\":{\"@id\":\"https:\\\/\\\/notabene.world\\\/nb\\\/26-miliardow-zlotych\\\/#primaryimage\"},\"thumbnailUrl\":\"https:\\\/\\\/i0.wp.com\\\/notabene.world\\\/nb\\\/wp-content\\\/uploads\\\/2025\\\/06\\\/bd76.jpg?fit=800%2C445&ssl=1\",\"datePublished\":\"2025-06-22T19:39:00+00:00\",\"dateModified\":\"2025-07-11T00:18:57+00:00\",\"breadcrumb\":{\"@id\":\"https:\\\/\\\/notabene.world\\\/nb\\\/26-miliardow-zlotych\\\/#breadcrumb\"},\"inLanguage\":\"pl-PL\",\"potentialAction\":[{\"@type\":\"ReadAction\",\"target\":[\"https:\\\/\\\/notabene.world\\\/nb\\\/26-miliardow-zlotych\\\/\"]}]},{\"@type\":\"ImageObject\",\"inLanguage\":\"pl-PL\",\"@id\":\"https:\\\/\\\/notabene.world\\\/nb\\\/26-miliardow-zlotych\\\/#primaryimage\",\"url\":\"https:\\\/\\\/i0.wp.com\\\/notabene.world\\\/nb\\\/wp-content\\\/uploads\\\/2025\\\/06\\\/bd76.jpg?fit=800%2C445&ssl=1\",\"contentUrl\":\"https:\\\/\\\/i0.wp.com\\\/notabene.world\\\/nb\\\/wp-content\\\/uploads\\\/2025\\\/06\\\/bd76.jpg?fit=800%2C445&ssl=1\",\"width\":800,\"height\":445},{\"@type\":\"BreadcrumbList\",\"@id\":\"https:\\\/\\\/notabene.world\\\/nb\\\/26-miliardow-zlotych\\\/#breadcrumb\",\"itemListElement\":[{\"@type\":\"ListItem\",\"position\":1,\"name\":\"Home\",\"item\":\"https:\\\/\\\/notabene.world\\\/nb\\\/\"},{\"@type\":\"ListItem\",\"position\":2,\"name\":\"26 miliard\u00f3w z\u0142otych\"}]},{\"@type\":\"WebSite\",\"@id\":\"https:\\\/\\\/notabene.world\\\/nb\\\/#website\",\"url\":\"https:\\\/\\\/notabene.world\\\/nb\\\/\",\"name\":\"NOTABENE.WORLD\",\"description\":\"Przekaz. Warto\u015bci. Wsp\u00f3lnota.\",\"publisher\":{\"@id\":\"https:\\\/\\\/notabene.world\\\/nb\\\/#organization\"},\"potentialAction\":[{\"@type\":\"SearchAction\",\"target\":{\"@type\":\"EntryPoint\",\"urlTemplate\":\"https:\\\/\\\/notabene.world\\\/nb\\\/?s={search_term_string}\"},\"query-input\":{\"@type\":\"PropertyValueSpecification\",\"valueRequired\":true,\"valueName\":\"search_term_string\"}}],\"inLanguage\":\"pl-PL\"},{\"@type\":\"Organization\",\"@id\":\"https:\\\/\\\/notabene.world\\\/nb\\\/#organization\",\"name\":\"NOTABENE.WORLD\",\"url\":\"https:\\\/\\\/notabene.world\\\/nb\\\/\",\"logo\":{\"@type\":\"ImageObject\",\"inLanguage\":\"pl-PL\",\"@id\":\"https:\\\/\\\/notabene.world\\\/nb\\\/#\\\/schema\\\/logo\\\/image\\\/\",\"url\":\"https:\\\/\\\/notabene.world\\\/nb\\\/wp-content\\\/uploads\\\/2022\\\/01\\\/NB-club-start-www1.jpg\",\"contentUrl\":\"https:\\\/\\\/notabene.world\\\/nb\\\/wp-content\\\/uploads\\\/2022\\\/01\\\/NB-club-start-www1.jpg\",\"width\":1000,\"height\":839,\"caption\":\"NOTABENE.WORLD\"},\"image\":{\"@id\":\"https:\\\/\\\/notabene.world\\\/nb\\\/#\\\/schema\\\/logo\\\/image\\\/\"},\"sameAs\":[\"https:\\\/\\\/www.facebook.com\\\/Notabene.World\"]},{\"@type\":\"Person\",\"@id\":\"https:\\\/\\\/notabene.world\\\/nb\\\/#\\\/schema\\\/person\\\/9081f0d094ad3e2767736feb48c99520\",\"name\":\"B D\",\"image\":{\"@type\":\"ImageObject\",\"inLanguage\":\"pl-PL\",\"@id\":\"https:\\\/\\\/secure.gravatar.com\\\/avatar\\\/ebcdcd8c0a7789c85d5a03ead2e68bda7a5fcb1ab728d56a4bd678c5ea15faa2?s=96&d=mm&r=g\",\"url\":\"https:\\\/\\\/secure.gravatar.com\\\/avatar\\\/ebcdcd8c0a7789c85d5a03ead2e68bda7a5fcb1ab728d56a4bd678c5ea15faa2?s=96&d=mm&r=g\",\"contentUrl\":\"https:\\\/\\\/secure.gravatar.com\\\/avatar\\\/ebcdcd8c0a7789c85d5a03ead2e68bda7a5fcb1ab728d56a4bd678c5ea15faa2?s=96&d=mm&r=g\",\"caption\":\"B D\"},\"url\":\"https:\\\/\\\/notabene.world\\\/nb\\\/author\\\/jo-d\\\/\"}]}<\/script>\n<!-- \/ Yoast SEO plugin. -->","yoast_head_json":{"title":"26 miliard\u00f3w z\u0142otych - NOTABENE.WORLD","robots":{"index":"index","follow":"follow","max-snippet":"max-snippet:-1","max-image-preview":"max-image-preview:large","max-video-preview":"max-video-preview:-1"},"canonical":"https:\/\/notabene.world\/nb\/26-miliardow-zlotych\/","og_locale":"pl_PL","og_type":"article","og_title":"26 miliard\u00f3w z\u0142otych - NOTABENE.WORLD","og_description":"Dobr\u0105 nowin\u0105, jest tak\u017ce to, \u017ce ministrowie finans\u00f3w UE zgodzili si\u0119 na wniosek Polski o\u00a0 przesuniecie 26 miliard\u00f3w z\u0142otych w polskim Krajowym Planie Odbudowy na utworzenie Funduszu Bezpiecze\u0144stwa i Obronno\u015bci, z kt\u00f3rego mi\u0119dzy innymi b\u0119d\u0105 budowane schrony. Bud\u017cet ca\u0142ego KPO dla Polski to 60 miliard\u00f3w euro, tj. oko\u0142o 268 miliard\u00f3w z\u0142otych. Do tej pory (po 1,5 roku realizacji programu) podpisano z beneficjentami ponad 774,6 tysi\u0119cy um\u00f3w na ponad 117 miliard\u00f3w z\u0142otych, co stanowi 44,5% ca\u0142ego KPO. Minister Pe\u0142czy\u0144ska-Na\u0142\u0119cz przekaza\u0142a, \u017ce Komisja Europejska zgodzi\u0142a si\u0119 r\u00f3wnie\u017c na przed\u0142u\u017cenie KPO do ko\u0144ca 2026 roku. To ogromny sukces. Polska stara\u0142a si\u0119 o przed\u0142u\u017cenie tego terminu, poniewa\u017c realizacja KPO w Polsce rozpocz\u0119\u0142a si\u0119 z ogromnym op\u00f3\u017anieniem dopiero w grudniu 2023 roku. To oznacza, \u017ce samorz\u0105dy i inni beneficjenci, kt\u00f3rzy \u015bcigali si\u0119 z czasem, \u017ceby sko\u0144czy\u0107 inwestycje do sierpnia 2026, b\u0119d\u0105 mieli jeszcze kilka dodatkowych miesi\u0119cy, zaznaczy\u0142 wiceminister funduszy i polityki regionalnej.","og_url":"https:\/\/notabene.world\/nb\/26-miliardow-zlotych\/","og_site_name":"NOTABENE.WORLD","article_publisher":"https:\/\/www.facebook.com\/Notabene.World","article_published_time":"2025-06-22T19:39:00+00:00","article_modified_time":"2025-07-11T00:18:57+00:00","og_image":[{"width":800,"height":445,"url":"https:\/\/notabene.world\/nb\/wp-content\/uploads\/2025\/06\/bd76.jpg","type":"image\/jpeg"}],"author":"B D","twitter_card":"summary_large_image","twitter_misc":{"Napisane przez":"B D","Szacowany czas czytania":"3 minuty"},"schema":{"@context":"https:\/\/schema.org","@graph":[{"@type":"Article","@id":"https:\/\/notabene.world\/nb\/26-miliardow-zlotych\/#article","isPartOf":{"@id":"https:\/\/notabene.world\/nb\/26-miliardow-zlotych\/"},"author":{"name":"B D","@id":"https:\/\/notabene.world\/nb\/#\/schema\/person\/9081f0d094ad3e2767736feb48c99520"},"headline":"26 miliard\u00f3w z\u0142otych","datePublished":"2025-06-22T19:39:00+00:00","dateModified":"2025-07-11T00:18:57+00:00","mainEntityOfPage":{"@id":"https:\/\/notabene.world\/nb\/26-miliardow-zlotych\/"},"wordCount":574,"publisher":{"@id":"https:\/\/notabene.world\/nb\/#organization"},"image":{"@id":"https:\/\/notabene.world\/nb\/26-miliardow-zlotych\/#primaryimage"},"thumbnailUrl":"https:\/\/i0.wp.com\/notabene.world\/nb\/wp-content\/uploads\/2025\/06\/bd76.jpg?fit=800%2C445&ssl=1","articleSection":["Aktualno\u015bci","Felietony","Liczby i Fakty"],"inLanguage":"pl-PL"},{"@type":"WebPage","@id":"https:\/\/notabene.world\/nb\/26-miliardow-zlotych\/","url":"https:\/\/notabene.world\/nb\/26-miliardow-zlotych\/","name":"26 miliard\u00f3w z\u0142otych - NOTABENE.WORLD","isPartOf":{"@id":"https:\/\/notabene.world\/nb\/#website"},"primaryImageOfPage":{"@id":"https:\/\/notabene.world\/nb\/26-miliardow-zlotych\/#primaryimage"},"image":{"@id":"https:\/\/notabene.world\/nb\/26-miliardow-zlotych\/#primaryimage"},"thumbnailUrl":"https:\/\/i0.wp.com\/notabene.world\/nb\/wp-content\/uploads\/2025\/06\/bd76.jpg?fit=800%2C445&ssl=1","datePublished":"2025-06-22T19:39:00+00:00","dateModified":"2025-07-11T00:18:57+00:00","breadcrumb":{"@id":"https:\/\/notabene.world\/nb\/26-miliardow-zlotych\/#breadcrumb"},"inLanguage":"pl-PL","potentialAction":[{"@type":"ReadAction","target":["https:\/\/notabene.world\/nb\/26-miliardow-zlotych\/"]}]},{"@type":"ImageObject","inLanguage":"pl-PL","@id":"https:\/\/notabene.world\/nb\/26-miliardow-zlotych\/#primaryimage","url":"https:\/\/i0.wp.com\/notabene.world\/nb\/wp-content\/uploads\/2025\/06\/bd76.jpg?fit=800%2C445&ssl=1","contentUrl":"https:\/\/i0.wp.com\/notabene.world\/nb\/wp-content\/uploads\/2025\/06\/bd76.jpg?fit=800%2C445&ssl=1","width":800,"height":445},{"@type":"BreadcrumbList","@id":"https:\/\/notabene.world\/nb\/26-miliardow-zlotych\/#breadcrumb","itemListElement":[{"@type":"ListItem","position":1,"name":"Home","item":"https:\/\/notabene.world\/nb\/"},{"@type":"ListItem","position":2,"name":"26 miliard\u00f3w z\u0142otych"}]},{"@type":"WebSite","@id":"https:\/\/notabene.world\/nb\/#website","url":"https:\/\/notabene.world\/nb\/","name":"NOTABENE.WORLD","description":"Przekaz. Warto\u015bci. Wsp\u00f3lnota.","publisher":{"@id":"https:\/\/notabene.world\/nb\/#organization"},"potentialAction":[{"@type":"SearchAction","target":{"@type":"EntryPoint","urlTemplate":"https:\/\/notabene.world\/nb\/?s={search_term_string}"},"query-input":{"@type":"PropertyValueSpecification","valueRequired":true,"valueName":"search_term_string"}}],"inLanguage":"pl-PL"},{"@type":"Organization","@id":"https:\/\/notabene.world\/nb\/#organization","name":"NOTABENE.WORLD","url":"https:\/\/notabene.world\/nb\/","logo":{"@type":"ImageObject","inLanguage":"pl-PL","@id":"https:\/\/notabene.world\/nb\/#\/schema\/logo\/image\/","url":"https:\/\/notabene.world\/nb\/wp-content\/uploads\/2022\/01\/NB-club-start-www1.jpg","contentUrl":"https:\/\/notabene.world\/nb\/wp-content\/uploads\/2022\/01\/NB-club-start-www1.jpg","width":1000,"height":839,"caption":"NOTABENE.WORLD"},"image":{"@id":"https:\/\/notabene.world\/nb\/#\/schema\/logo\/image\/"},"sameAs":["https:\/\/www.facebook.com\/Notabene.World"]},{"@type":"Person","@id":"https:\/\/notabene.world\/nb\/#\/schema\/person\/9081f0d094ad3e2767736feb48c99520","name":"B D","image":{"@type":"ImageObject","inLanguage":"pl-PL","@id":"https:\/\/secure.gravatar.com\/avatar\/ebcdcd8c0a7789c85d5a03ead2e68bda7a5fcb1ab728d56a4bd678c5ea15faa2?s=96&d=mm&r=g","url":"https:\/\/secure.gravatar.com\/avatar\/ebcdcd8c0a7789c85d5a03ead2e68bda7a5fcb1ab728d56a4bd678c5ea15faa2?s=96&d=mm&r=g","contentUrl":"https:\/\/secure.gravatar.com\/avatar\/ebcdcd8c0a7789c85d5a03ead2e68bda7a5fcb1ab728d56a4bd678c5ea15faa2?s=96&d=mm&r=g","caption":"B D"},"url":"https:\/\/notabene.world\/nb\/author\/jo-d\/"}]}},"jetpack_featured_media_url":"https:\/\/i0.wp.com\/notabene.world\/nb\/wp-content\/uploads\/2025\/06\/bd76.jpg?fit=800%2C445&ssl=1","jetpack_sharing_enabled":true,"jetpack_shortlink":"https:\/\/wp.me\/pdCobN-3Mg","_links":{"self":[{"href":"https:\/\/notabene.world\/nb\/wp-json\/wp\/v2\/posts\/14524","targetHints":{"allow":["GET"]}}],"collection":[{"href":"https:\/\/notabene.world\/nb\/wp-json\/wp\/v2\/posts"}],"about":[{"href":"https:\/\/notabene.world\/nb\/wp-json\/wp\/v2\/types\/post"}],"author":[{"embeddable":true,"href":"https:\/\/notabene.world\/nb\/wp-json\/wp\/v2\/users\/35"}],"replies":[{"embeddable":true,"href":"https:\/\/notabene.world\/nb\/wp-json\/wp\/v2\/comments?post=14524"}],"version-history":[{"count":3,"href":"https:\/\/notabene.world\/nb\/wp-json\/wp\/v2\/posts\/14524\/revisions"}],"predecessor-version":[{"id":14759,"href":"https:\/\/notabene.world\/nb\/wp-json\/wp\/v2\/posts\/14524\/revisions\/14759"}],"wp:featuredmedia":[{"embeddable":true,"href":"https:\/\/notabene.world\/nb\/wp-json\/wp\/v2\/media\/14525"}],"wp:attachment":[{"href":"https:\/\/notabene.world\/nb\/wp-json\/wp\/v2\/media?parent=14524"}],"wp:term":[{"taxonomy":"category","embeddable":true,"href":"https:\/\/notabene.world\/nb\/wp-json\/wp\/v2\/categories?post=14524"},{"taxonomy":"post_tag","embeddable":true,"href":"https:\/\/notabene.world\/nb\/wp-json\/wp\/v2\/tags?post=14524"}],"curies":[{"name":"wp","href":"https:\/\/api.w.org\/{rel}","templated":true}]}}