{"id":1457,"date":"2022-01-26T17:16:00","date_gmt":"2022-01-26T16:16:00","guid":{"rendered":"https:\/\/notabene.world\/nb\/?p=1457"},"modified":"2022-02-20T16:26:21","modified_gmt":"2022-02-20T15:26:21","slug":"agnieszka-z-czestochowy-nie-zyje-polskie-prawo-antyaborcyjne-przeraza-nawet-za-granica","status":"publish","type":"post","link":"https:\/\/notabene.world\/nb\/agnieszka-z-czestochowy-nie-zyje-polskie-prawo-antyaborcyjne-przeraza-nawet-za-granica\/","title":{"rendered":"Agnieszka z Cz\u0119stochowy nie \u017cyje &#8211; lekarze powo\u0142uj\u0105 si\u0119 na ustaw\u0119?"},"content":{"rendered":"\n<p>25 stycznia 2022 roku wskutek dzia\u0142ania zaostrzonego prawa antyaborcyjnego w Polsce zmar\u0142a kolejna kobieta. 37-letnia Agnieszka z Cz\u0119stochowy osieroci\u0142a tr\u00f3jk\u0119 dzieci po tym, jak nosi\u0142a w swojej macicy jednego z martwych bli\u017aniak\u00f3w przez tydzie\u0144.<\/p>\n\n\n\n<p>Podobna sytuacja mia\u0142a miejsce we wrze\u015bniu 2021, gdy kobieta w 22. tygodniu ci\u0105\u017cy trafi\u0142a do szpitala z bezwodziem. W\u00f3wczas tak\u017ce przyj\u0119to postaw\u0119 wyczekuj\u0105c\u0105 &#8211; p\u0142\u00f3d mia\u0142 obumrze\u0107 sam, a stanu zdrowia kobiety nikt nie traktowa\u0142 powa\u017cnie. W konsekwencji kobieta zmar\u0142a 22 wrze\u015bnia.<\/p>\n\n\n\n<p> <img data-recalc-dims=\"1\" loading=\"lazy\" decoding=\"async\" width=\"800\" height=\"591\" class=\"wp-image-1460\" style=\"width: 300px\" src=\"https:\/\/i0.wp.com\/notabene.world\/nb\/wp-content\/uploads\/2022\/01\/Zrzut-ekranu-2022-01-28-o-14.30.57.png?resize=800%2C591&#038;ssl=1\" alt=\"\" srcset=\"https:\/\/i0.wp.com\/notabene.world\/nb\/wp-content\/uploads\/2022\/01\/Zrzut-ekranu-2022-01-28-o-14.30.57.png?w=1050&amp;ssl=1 1050w, https:\/\/i0.wp.com\/notabene.world\/nb\/wp-content\/uploads\/2022\/01\/Zrzut-ekranu-2022-01-28-o-14.30.57.png?resize=300%2C222&amp;ssl=1 300w, https:\/\/i0.wp.com\/notabene.world\/nb\/wp-content\/uploads\/2022\/01\/Zrzut-ekranu-2022-01-28-o-14.30.57.png?resize=1024%2C757&amp;ssl=1 1024w, https:\/\/i0.wp.com\/notabene.world\/nb\/wp-content\/uploads\/2022\/01\/Zrzut-ekranu-2022-01-28-o-14.30.57.png?resize=768%2C568&amp;ssl=1 768w\" sizes=\"auto, (max-width: 800px) 100vw, 800px\" \/><\/p>\n\n\n\n<p>Tym razem ofiar\u0105 sta\u0142a si\u0119 37-letnia Agnieszka, kt\u00f3ra skar\u017c\u0105c si\u0119 na b\u00f3l po raz pierwszy trafi\u0142a do szpitala na pocz\u0105tku grudnia 2021 roku. Wed\u0142ug zezna\u0144 rodziny stan Agnieszki bardzo szybko si\u0119 pogarsza\u0142. Dwa tygodnie po przewiezieniu do szpitala obumar\u0142 pierwszy z bli\u017aniaczych p\u0142od\u00f3w, ale to nie sk\u0142oni\u0142o lekarzy do przerwania ci\u0105\u017cy &#8211; wed\u0142ug polskiego prawa powinni &#8222;czeka\u0107 a\u017c funkcje \u017cyciowe drugiego z bli\u017aniak\u00f3w samoistnie ustan\u0105&#8221;. Szpital jednak nie odpowiedzia\u0142 na pytanie prawniczki Kamili Ferenc, dlaczego nie mog\u0142a by\u0107 przeprowadzona aborcja selektywna.<\/p>\n\n\n\n<p> <img data-recalc-dims=\"1\" loading=\"lazy\" decoding=\"async\" width=\"800\" height=\"247\" class=\"wp-image-1459\" style=\"width: 500px\" src=\"https:\/\/i0.wp.com\/notabene.world\/nb\/wp-content\/uploads\/2022\/01\/Zrzut-ekranu-2022-01-28-o-14.21.36.png?resize=800%2C247&#038;ssl=1\" alt=\"\" srcset=\"https:\/\/i0.wp.com\/notabene.world\/nb\/wp-content\/uploads\/2022\/01\/Zrzut-ekranu-2022-01-28-o-14.21.36.png?w=1154&amp;ssl=1 1154w, https:\/\/i0.wp.com\/notabene.world\/nb\/wp-content\/uploads\/2022\/01\/Zrzut-ekranu-2022-01-28-o-14.21.36.png?resize=300%2C93&amp;ssl=1 300w, https:\/\/i0.wp.com\/notabene.world\/nb\/wp-content\/uploads\/2022\/01\/Zrzut-ekranu-2022-01-28-o-14.21.36.png?resize=1024%2C316&amp;ssl=1 1024w, https:\/\/i0.wp.com\/notabene.world\/nb\/wp-content\/uploads\/2022\/01\/Zrzut-ekranu-2022-01-28-o-14.21.36.png?resize=768%2C237&amp;ssl=1 768w\" sizes=\"auto, (max-width: 800px) 100vw, 800px\" \/><\/p>\n\n\n\n<p>Agnieszka przez tydzie\u0144 musia\u0142a nosi\u0107 w swojej macicy martwy p\u0142\u00f3d, a\u017c w ko\u0144cu drugi bli\u017aniak obumar\u0142 29 grudnia. Dopiero dwa dni p\u00f3\u017aniej cia\u0142a usuni\u0119to, ale stan kobiety by\u0142 ju\u017c op\u0142akany. Dosta\u0142a zaka\u017cenia septycznego i trafi\u0142a na inny oddzia\u0142. Podczas, gdy rodzina Agnieszki nie mog\u0142a nawet swobodnie si\u0119 z ni\u0105 kontaktowa\u0107, do szpitala zd\u0105\u017cono wezwa\u0107 ksi\u0119dza, by odprawi\u0142 pogrzeb dla dzieci. Z niewiadomych powod\u00f3w kobieta a\u017c trzy tygodnie przebywa\u0142a na oddziale neurologii, co wed\u0142ug ginekolog\u00f3w zazwyczaj nie zdarza si\u0119 tu\u017c po przerwaniu ci\u0105\u017cy.<\/p>\n\n\n\n<p>W oficjalnym o\u015bwiadczeniu rodziny czytamy:<\/p>\n\n\n\n<p> <img data-recalc-dims=\"1\" loading=\"lazy\" decoding=\"async\" width=\"279\" height=\"495\" class=\"wp-image-1462\" style=\"width: 234px\" src=\"https:\/\/i0.wp.com\/notabene.world\/nb\/wp-content\/uploads\/2022\/01\/IMG-2581-1.jpg?resize=279%2C495&#038;ssl=1\" alt=\"\" srcset=\"https:\/\/i0.wp.com\/notabene.world\/nb\/wp-content\/uploads\/2022\/01\/IMG-2581-1.jpg?w=279&amp;ssl=1 279w, https:\/\/i0.wp.com\/notabene.world\/nb\/wp-content\/uploads\/2022\/01\/IMG-2581-1.jpg?resize=169%2C300&amp;ssl=1 169w\" sizes=\"auto, (max-width: 279px) 100vw, 279px\" \/><\/p>\n\n\n\n<p>Po \u015bmierci kobiety, 25 stycznia, rodzina opublikowa\u0142a o\u015bwiadczenie, z kt\u00f3rego pochodzi powy\u017cszy fragment oraz wypowiedzia\u0142a si\u0119 szerzej na temat zmar\u0142ej. Przez ca\u0142y okres pobytu Agnieszki w pierwszym szpitalu kontakt z ni\u0105 mia\u0142 by\u0107 utrudniany, a pewne informacje &#8211; zatajane. <\/p>\n\n\n\n<blockquote class=\"wp-block-quote is-style-default is-layout-flow wp-block-quote-is-layout-flow\" style=\"font-style:italic;font-weight:500;text-transform:uppercase\"><p>&#8222;Apelujemy o sprawiedliwo\u015b\u0107 i zado\u015b\u0107uczynienie za \u015bmier\u0107 naszej zmar\u0142ej \u017cony, mamy, siostry i przyjaci\u00f3\u0142ki.&nbsp;To kolejny dow\u00f3d na to, \u017ce panuj\u0105ce rz\u0105dy maj\u0105 krew na r\u0119kach. Ponownie zgin\u0119\u0142a ci\u0119\u017carna, niewinna, m\u0142oda kobieta, matka i \u017cona, osieracaj\u0105c 3 dzieci, kt\u00f3re nie doczeka\u0142y si\u0119 powrotu Mamy do domu. Chcia\u0142a \u017cy\u0107, nikt nie spodziewa\u0142 si\u0119 takiej eskalacji spraw.&#8221;<\/p><\/blockquote>\n\n\n\n<p>Kontakt do rodziny: <strong>sprawa.agnieszki@onet.pl<\/strong><\/p>\n\n\n\n<p><img data-recalc-dims=\"1\" loading=\"lazy\" decoding=\"async\" width=\"200\" height=\"200\" class=\"wp-image-1463\" style=\"width: 200px;\" src=\"https:\/\/i0.wp.com\/notabene.world\/nb\/wp-content\/uploads\/2022\/01\/ani-jednej-2.jpg?resize=200%2C200&#038;ssl=1\" alt=\"\" srcset=\"https:\/\/i0.wp.com\/notabene.world\/nb\/wp-content\/uploads\/2022\/01\/ani-jednej-2.jpg?w=1290&amp;ssl=1 1290w, https:\/\/i0.wp.com\/notabene.world\/nb\/wp-content\/uploads\/2022\/01\/ani-jednej-2.jpg?resize=300%2C300&amp;ssl=1 300w, https:\/\/i0.wp.com\/notabene.world\/nb\/wp-content\/uploads\/2022\/01\/ani-jednej-2.jpg?resize=1024%2C1024&amp;ssl=1 1024w, https:\/\/i0.wp.com\/notabene.world\/nb\/wp-content\/uploads\/2022\/01\/ani-jednej-2.jpg?resize=150%2C150&amp;ssl=1 150w, https:\/\/i0.wp.com\/notabene.world\/nb\/wp-content\/uploads\/2022\/01\/ani-jednej-2.jpg?resize=768%2C768&amp;ssl=1 768w\" sizes=\"auto, (max-width: 200px) 100vw, 200px\" \/><\/p>\n\n\n\n<p><\/p>\n","protected":false},"excerpt":{"rendered":"<p>25 stycznia 2022 roku wskutek dzia\u0142ania zaostrzonego prawa antyaborcyjnego w Polsce zmar\u0142a kolejna kobieta. 37-letnia Agnieszka z Cz\u0119stochowy osieroci\u0142a tr\u00f3jk\u0119 dzieci.<\/p>\n","protected":false},"author":23,"featured_media":1467,"comment_status":"closed","ping_status":"closed","sticky":false,"template":"","format":"standard","meta":{"colormag_page_container_layout":"default_layout","colormag_page_sidebar_layout":"default_layout","_jetpack_memberships_contains_paid_content":false,"footnotes":"","_links_to":"","_links_to_target":""},"categories":[12,150],"tags":[76,74,75,69],"class_list":["post-1457","post","type-post","status-publish","format-standard","has-post-thumbnail","hentry","category-spoleczenstwo","category-publicystyka","tag-aborcja","tag-anijednejwiecej-2","tag-prawakobiet","tag-strajkkobiet"],"yoast_head":"<!-- This site is optimized with the Yoast SEO plugin v27.4 - https:\/\/yoast.com\/product\/yoast-seo-wordpress\/ -->\n<title>Agnieszka z Cz\u0119stochowy nie \u017cyje - lekarze powo\u0142uj\u0105 si\u0119 na ustaw\u0119? - NOTABENE.WORLD<\/title>\n<meta name=\"robots\" content=\"index, follow, max-snippet:-1, max-image-preview:large, max-video-preview:-1\" \/>\n<link rel=\"canonical\" href=\"https:\/\/notabene.world\/nb\/agnieszka-z-czestochowy-nie-zyje-polskie-prawo-antyaborcyjne-przeraza-nawet-za-granica\/\" \/>\n<meta property=\"og:locale\" content=\"pl_PL\" \/>\n<meta property=\"og:type\" content=\"article\" \/>\n<meta property=\"og:title\" content=\"Agnieszka z Cz\u0119stochowy nie \u017cyje - lekarze powo\u0142uj\u0105 si\u0119 na ustaw\u0119? - NOTABENE.WORLD\" \/>\n<meta property=\"og:description\" content=\"25 stycznia 2022 roku wskutek dzia\u0142ania zaostrzonego prawa antyaborcyjnego w Polsce zmar\u0142a kolejna kobieta. 37-letnia Agnieszka z Cz\u0119stochowy osieroci\u0142a tr\u00f3jk\u0119 dzieci.\" \/>\n<meta property=\"og:url\" content=\"https:\/\/notabene.world\/nb\/agnieszka-z-czestochowy-nie-zyje-polskie-prawo-antyaborcyjne-przeraza-nawet-za-granica\/\" \/>\n<meta property=\"og:site_name\" content=\"NOTABENE.WORLD\" \/>\n<meta property=\"article:publisher\" content=\"https:\/\/www.facebook.com\/Notabene.World\" \/>\n<meta property=\"article:published_time\" content=\"2022-01-26T16:16:00+00:00\" \/>\n<meta property=\"article:modified_time\" content=\"2022-02-20T15:26:21+00:00\" \/>\n<meta property=\"og:image\" content=\"https:\/\/notabene.world\/nb\/wp-content\/uploads\/2022\/01\/Smierc-Agnieszki-z-Czestochowy.-Cierpienie-kobiety-ignorowane-przez-personel_article.jpg\" \/>\n\t<meta property=\"og:image:width\" content=\"822\" \/>\n\t<meta property=\"og:image:height\" content=\"462\" \/>\n\t<meta property=\"og:image:type\" content=\"image\/jpeg\" \/>\n<meta name=\"author\" content=\"M. Hoffmann\" \/>\n<meta name=\"twitter:card\" content=\"summary_large_image\" \/>\n<meta name=\"twitter:label1\" content=\"Napisane przez\" \/>\n\t<meta name=\"twitter:data1\" content=\"M. Hoffmann\" \/>\n\t<meta name=\"twitter:label2\" content=\"Szacowany czas czytania\" \/>\n\t<meta name=\"twitter:data2\" content=\"3 minuty\" \/>\n<script type=\"application\/ld+json\" class=\"yoast-schema-graph\">{\"@context\":\"https:\\\/\\\/schema.org\",\"@graph\":[{\"@type\":\"Article\",\"@id\":\"https:\\\/\\\/notabene.world\\\/nb\\\/agnieszka-z-czestochowy-nie-zyje-polskie-prawo-antyaborcyjne-przeraza-nawet-za-granica\\\/#article\",\"isPartOf\":{\"@id\":\"https:\\\/\\\/notabene.world\\\/nb\\\/agnieszka-z-czestochowy-nie-zyje-polskie-prawo-antyaborcyjne-przeraza-nawet-za-granica\\\/\"},\"author\":{\"name\":\"M. Hoffmann\",\"@id\":\"https:\\\/\\\/notabene.world\\\/nb\\\/#\\\/schema\\\/person\\\/331faf5f761ee67ad7d5d058fd8df849\"},\"headline\":\"Agnieszka z Cz\u0119stochowy nie \u017cyje &#8211; lekarze powo\u0142uj\u0105 si\u0119 na ustaw\u0119?\",\"datePublished\":\"2022-01-26T16:16:00+00:00\",\"dateModified\":\"2022-02-20T15:26:21+00:00\",\"mainEntityOfPage\":{\"@id\":\"https:\\\/\\\/notabene.world\\\/nb\\\/agnieszka-z-czestochowy-nie-zyje-polskie-prawo-antyaborcyjne-przeraza-nawet-za-granica\\\/\"},\"wordCount\":428,\"publisher\":{\"@id\":\"https:\\\/\\\/notabene.world\\\/nb\\\/#organization\"},\"image\":{\"@id\":\"https:\\\/\\\/notabene.world\\\/nb\\\/agnieszka-z-czestochowy-nie-zyje-polskie-prawo-antyaborcyjne-przeraza-nawet-za-granica\\\/#primaryimage\"},\"thumbnailUrl\":\"https:\\\/\\\/i0.wp.com\\\/notabene.world\\\/nb\\\/wp-content\\\/uploads\\\/2022\\\/01\\\/Smierc-Agnieszki-z-Czestochowy.-Cierpienie-kobiety-ignorowane-przez-personel_article.jpg?fit=822%2C462&ssl=1\",\"keywords\":[\"#aborcja\",\"#anijednejwi\u0119cej\",\"#prawakobiet\",\"#strajkkobiet\"],\"articleSection\":[\"Nasz \u015awiat\",\"Publicystyka\"],\"inLanguage\":\"pl-PL\"},{\"@type\":\"WebPage\",\"@id\":\"https:\\\/\\\/notabene.world\\\/nb\\\/agnieszka-z-czestochowy-nie-zyje-polskie-prawo-antyaborcyjne-przeraza-nawet-za-granica\\\/\",\"url\":\"https:\\\/\\\/notabene.world\\\/nb\\\/agnieszka-z-czestochowy-nie-zyje-polskie-prawo-antyaborcyjne-przeraza-nawet-za-granica\\\/\",\"name\":\"Agnieszka z Cz\u0119stochowy nie \u017cyje - lekarze powo\u0142uj\u0105 si\u0119 na ustaw\u0119? - NOTABENE.WORLD\",\"isPartOf\":{\"@id\":\"https:\\\/\\\/notabene.world\\\/nb\\\/#website\"},\"primaryImageOfPage\":{\"@id\":\"https:\\\/\\\/notabene.world\\\/nb\\\/agnieszka-z-czestochowy-nie-zyje-polskie-prawo-antyaborcyjne-przeraza-nawet-za-granica\\\/#primaryimage\"},\"image\":{\"@id\":\"https:\\\/\\\/notabene.world\\\/nb\\\/agnieszka-z-czestochowy-nie-zyje-polskie-prawo-antyaborcyjne-przeraza-nawet-za-granica\\\/#primaryimage\"},\"thumbnailUrl\":\"https:\\\/\\\/i0.wp.com\\\/notabene.world\\\/nb\\\/wp-content\\\/uploads\\\/2022\\\/01\\\/Smierc-Agnieszki-z-Czestochowy.-Cierpienie-kobiety-ignorowane-przez-personel_article.jpg?fit=822%2C462&ssl=1\",\"datePublished\":\"2022-01-26T16:16:00+00:00\",\"dateModified\":\"2022-02-20T15:26:21+00:00\",\"breadcrumb\":{\"@id\":\"https:\\\/\\\/notabene.world\\\/nb\\\/agnieszka-z-czestochowy-nie-zyje-polskie-prawo-antyaborcyjne-przeraza-nawet-za-granica\\\/#breadcrumb\"},\"inLanguage\":\"pl-PL\",\"potentialAction\":[{\"@type\":\"ReadAction\",\"target\":[\"https:\\\/\\\/notabene.world\\\/nb\\\/agnieszka-z-czestochowy-nie-zyje-polskie-prawo-antyaborcyjne-przeraza-nawet-za-granica\\\/\"]}]},{\"@type\":\"ImageObject\",\"inLanguage\":\"pl-PL\",\"@id\":\"https:\\\/\\\/notabene.world\\\/nb\\\/agnieszka-z-czestochowy-nie-zyje-polskie-prawo-antyaborcyjne-przeraza-nawet-za-granica\\\/#primaryimage\",\"url\":\"https:\\\/\\\/i0.wp.com\\\/notabene.world\\\/nb\\\/wp-content\\\/uploads\\\/2022\\\/01\\\/Smierc-Agnieszki-z-Czestochowy.-Cierpienie-kobiety-ignorowane-przez-personel_article.jpg?fit=822%2C462&ssl=1\",\"contentUrl\":\"https:\\\/\\\/i0.wp.com\\\/notabene.world\\\/nb\\\/wp-content\\\/uploads\\\/2022\\\/01\\\/Smierc-Agnieszki-z-Czestochowy.-Cierpienie-kobiety-ignorowane-przez-personel_article.jpg?fit=822%2C462&ssl=1\",\"width\":822,\"height\":462,\"caption\":\"26. 01.2022 Krakow Protest przed biurem PiS po smierci Agnieszki z Czestochowy fot. Beata awrzel\\\/REPORTER\"},{\"@type\":\"BreadcrumbList\",\"@id\":\"https:\\\/\\\/notabene.world\\\/nb\\\/agnieszka-z-czestochowy-nie-zyje-polskie-prawo-antyaborcyjne-przeraza-nawet-za-granica\\\/#breadcrumb\",\"itemListElement\":[{\"@type\":\"ListItem\",\"position\":1,\"name\":\"Home\",\"item\":\"https:\\\/\\\/notabene.world\\\/nb\\\/\"},{\"@type\":\"ListItem\",\"position\":2,\"name\":\"Agnieszka z Cz\u0119stochowy nie \u017cyje &#8211; lekarze powo\u0142uj\u0105 si\u0119 na ustaw\u0119?\"}]},{\"@type\":\"WebSite\",\"@id\":\"https:\\\/\\\/notabene.world\\\/nb\\\/#website\",\"url\":\"https:\\\/\\\/notabene.world\\\/nb\\\/\",\"name\":\"NOTABENE.WORLD\",\"description\":\"Przekaz. Warto\u015bci. Wsp\u00f3lnota.\",\"publisher\":{\"@id\":\"https:\\\/\\\/notabene.world\\\/nb\\\/#organization\"},\"potentialAction\":[{\"@type\":\"SearchAction\",\"target\":{\"@type\":\"EntryPoint\",\"urlTemplate\":\"https:\\\/\\\/notabene.world\\\/nb\\\/?s={search_term_string}\"},\"query-input\":{\"@type\":\"PropertyValueSpecification\",\"valueRequired\":true,\"valueName\":\"search_term_string\"}}],\"inLanguage\":\"pl-PL\"},{\"@type\":\"Organization\",\"@id\":\"https:\\\/\\\/notabene.world\\\/nb\\\/#organization\",\"name\":\"NOTABENE.WORLD\",\"url\":\"https:\\\/\\\/notabene.world\\\/nb\\\/\",\"logo\":{\"@type\":\"ImageObject\",\"inLanguage\":\"pl-PL\",\"@id\":\"https:\\\/\\\/notabene.world\\\/nb\\\/#\\\/schema\\\/logo\\\/image\\\/\",\"url\":\"https:\\\/\\\/notabene.world\\\/nb\\\/wp-content\\\/uploads\\\/2022\\\/01\\\/NB-club-start-www1.jpg\",\"contentUrl\":\"https:\\\/\\\/notabene.world\\\/nb\\\/wp-content\\\/uploads\\\/2022\\\/01\\\/NB-club-start-www1.jpg\",\"width\":1000,\"height\":839,\"caption\":\"NOTABENE.WORLD\"},\"image\":{\"@id\":\"https:\\\/\\\/notabene.world\\\/nb\\\/#\\\/schema\\\/logo\\\/image\\\/\"},\"sameAs\":[\"https:\\\/\\\/www.facebook.com\\\/Notabene.World\"]},{\"@type\":\"Person\",\"@id\":\"https:\\\/\\\/notabene.world\\\/nb\\\/#\\\/schema\\\/person\\\/331faf5f761ee67ad7d5d058fd8df849\",\"name\":\"M. Hoffmann\",\"image\":{\"@type\":\"ImageObject\",\"inLanguage\":\"pl-PL\",\"@id\":\"https:\\\/\\\/secure.gravatar.com\\\/avatar\\\/7d680551b50541a2eb4d9f0eeb5ec73e8b7b30a37b96432deb5650eabb999f24?s=96&d=mm&r=g\",\"url\":\"https:\\\/\\\/secure.gravatar.com\\\/avatar\\\/7d680551b50541a2eb4d9f0eeb5ec73e8b7b30a37b96432deb5650eabb999f24?s=96&d=mm&r=g\",\"contentUrl\":\"https:\\\/\\\/secure.gravatar.com\\\/avatar\\\/7d680551b50541a2eb4d9f0eeb5ec73e8b7b30a37b96432deb5650eabb999f24?s=96&d=mm&r=g\",\"caption\":\"M. Hoffmann\"},\"url\":\"https:\\\/\\\/notabene.world\\\/nb\\\/author\\\/m-h\\\/\"}]}<\/script>\n<!-- \/ Yoast SEO plugin. -->","yoast_head_json":{"title":"Agnieszka z Cz\u0119stochowy nie \u017cyje - lekarze powo\u0142uj\u0105 si\u0119 na ustaw\u0119? - NOTABENE.WORLD","robots":{"index":"index","follow":"follow","max-snippet":"max-snippet:-1","max-image-preview":"max-image-preview:large","max-video-preview":"max-video-preview:-1"},"canonical":"https:\/\/notabene.world\/nb\/agnieszka-z-czestochowy-nie-zyje-polskie-prawo-antyaborcyjne-przeraza-nawet-za-granica\/","og_locale":"pl_PL","og_type":"article","og_title":"Agnieszka z Cz\u0119stochowy nie \u017cyje - lekarze powo\u0142uj\u0105 si\u0119 na ustaw\u0119? - NOTABENE.WORLD","og_description":"25 stycznia 2022 roku wskutek dzia\u0142ania zaostrzonego prawa antyaborcyjnego w Polsce zmar\u0142a kolejna kobieta. 37-letnia Agnieszka z Cz\u0119stochowy osieroci\u0142a tr\u00f3jk\u0119 dzieci.","og_url":"https:\/\/notabene.world\/nb\/agnieszka-z-czestochowy-nie-zyje-polskie-prawo-antyaborcyjne-przeraza-nawet-za-granica\/","og_site_name":"NOTABENE.WORLD","article_publisher":"https:\/\/www.facebook.com\/Notabene.World","article_published_time":"2022-01-26T16:16:00+00:00","article_modified_time":"2022-02-20T15:26:21+00:00","og_image":[{"width":822,"height":462,"url":"https:\/\/notabene.world\/nb\/wp-content\/uploads\/2022\/01\/Smierc-Agnieszki-z-Czestochowy.-Cierpienie-kobiety-ignorowane-przez-personel_article.jpg","type":"image\/jpeg"}],"author":"M. Hoffmann","twitter_card":"summary_large_image","twitter_misc":{"Napisane przez":"M. Hoffmann","Szacowany czas czytania":"3 minuty"},"schema":{"@context":"https:\/\/schema.org","@graph":[{"@type":"Article","@id":"https:\/\/notabene.world\/nb\/agnieszka-z-czestochowy-nie-zyje-polskie-prawo-antyaborcyjne-przeraza-nawet-za-granica\/#article","isPartOf":{"@id":"https:\/\/notabene.world\/nb\/agnieszka-z-czestochowy-nie-zyje-polskie-prawo-antyaborcyjne-przeraza-nawet-za-granica\/"},"author":{"name":"M. Hoffmann","@id":"https:\/\/notabene.world\/nb\/#\/schema\/person\/331faf5f761ee67ad7d5d058fd8df849"},"headline":"Agnieszka z Cz\u0119stochowy nie \u017cyje &#8211; lekarze powo\u0142uj\u0105 si\u0119 na ustaw\u0119?","datePublished":"2022-01-26T16:16:00+00:00","dateModified":"2022-02-20T15:26:21+00:00","mainEntityOfPage":{"@id":"https:\/\/notabene.world\/nb\/agnieszka-z-czestochowy-nie-zyje-polskie-prawo-antyaborcyjne-przeraza-nawet-za-granica\/"},"wordCount":428,"publisher":{"@id":"https:\/\/notabene.world\/nb\/#organization"},"image":{"@id":"https:\/\/notabene.world\/nb\/agnieszka-z-czestochowy-nie-zyje-polskie-prawo-antyaborcyjne-przeraza-nawet-za-granica\/#primaryimage"},"thumbnailUrl":"https:\/\/i0.wp.com\/notabene.world\/nb\/wp-content\/uploads\/2022\/01\/Smierc-Agnieszki-z-Czestochowy.-Cierpienie-kobiety-ignorowane-przez-personel_article.jpg?fit=822%2C462&ssl=1","keywords":["#aborcja","#anijednejwi\u0119cej","#prawakobiet","#strajkkobiet"],"articleSection":["Nasz \u015awiat","Publicystyka"],"inLanguage":"pl-PL"},{"@type":"WebPage","@id":"https:\/\/notabene.world\/nb\/agnieszka-z-czestochowy-nie-zyje-polskie-prawo-antyaborcyjne-przeraza-nawet-za-granica\/","url":"https:\/\/notabene.world\/nb\/agnieszka-z-czestochowy-nie-zyje-polskie-prawo-antyaborcyjne-przeraza-nawet-za-granica\/","name":"Agnieszka z Cz\u0119stochowy nie \u017cyje - lekarze powo\u0142uj\u0105 si\u0119 na ustaw\u0119? - NOTABENE.WORLD","isPartOf":{"@id":"https:\/\/notabene.world\/nb\/#website"},"primaryImageOfPage":{"@id":"https:\/\/notabene.world\/nb\/agnieszka-z-czestochowy-nie-zyje-polskie-prawo-antyaborcyjne-przeraza-nawet-za-granica\/#primaryimage"},"image":{"@id":"https:\/\/notabene.world\/nb\/agnieszka-z-czestochowy-nie-zyje-polskie-prawo-antyaborcyjne-przeraza-nawet-za-granica\/#primaryimage"},"thumbnailUrl":"https:\/\/i0.wp.com\/notabene.world\/nb\/wp-content\/uploads\/2022\/01\/Smierc-Agnieszki-z-Czestochowy.-Cierpienie-kobiety-ignorowane-przez-personel_article.jpg?fit=822%2C462&ssl=1","datePublished":"2022-01-26T16:16:00+00:00","dateModified":"2022-02-20T15:26:21+00:00","breadcrumb":{"@id":"https:\/\/notabene.world\/nb\/agnieszka-z-czestochowy-nie-zyje-polskie-prawo-antyaborcyjne-przeraza-nawet-za-granica\/#breadcrumb"},"inLanguage":"pl-PL","potentialAction":[{"@type":"ReadAction","target":["https:\/\/notabene.world\/nb\/agnieszka-z-czestochowy-nie-zyje-polskie-prawo-antyaborcyjne-przeraza-nawet-za-granica\/"]}]},{"@type":"ImageObject","inLanguage":"pl-PL","@id":"https:\/\/notabene.world\/nb\/agnieszka-z-czestochowy-nie-zyje-polskie-prawo-antyaborcyjne-przeraza-nawet-za-granica\/#primaryimage","url":"https:\/\/i0.wp.com\/notabene.world\/nb\/wp-content\/uploads\/2022\/01\/Smierc-Agnieszki-z-Czestochowy.-Cierpienie-kobiety-ignorowane-przez-personel_article.jpg?fit=822%2C462&ssl=1","contentUrl":"https:\/\/i0.wp.com\/notabene.world\/nb\/wp-content\/uploads\/2022\/01\/Smierc-Agnieszki-z-Czestochowy.-Cierpienie-kobiety-ignorowane-przez-personel_article.jpg?fit=822%2C462&ssl=1","width":822,"height":462,"caption":"26. 01.2022 Krakow Protest przed biurem PiS po smierci Agnieszki z Czestochowy fot. Beata awrzel\/REPORTER"},{"@type":"BreadcrumbList","@id":"https:\/\/notabene.world\/nb\/agnieszka-z-czestochowy-nie-zyje-polskie-prawo-antyaborcyjne-przeraza-nawet-za-granica\/#breadcrumb","itemListElement":[{"@type":"ListItem","position":1,"name":"Home","item":"https:\/\/notabene.world\/nb\/"},{"@type":"ListItem","position":2,"name":"Agnieszka z Cz\u0119stochowy nie \u017cyje &#8211; lekarze powo\u0142uj\u0105 si\u0119 na ustaw\u0119?"}]},{"@type":"WebSite","@id":"https:\/\/notabene.world\/nb\/#website","url":"https:\/\/notabene.world\/nb\/","name":"NOTABENE.WORLD","description":"Przekaz. Warto\u015bci. Wsp\u00f3lnota.","publisher":{"@id":"https:\/\/notabene.world\/nb\/#organization"},"potentialAction":[{"@type":"SearchAction","target":{"@type":"EntryPoint","urlTemplate":"https:\/\/notabene.world\/nb\/?s={search_term_string}"},"query-input":{"@type":"PropertyValueSpecification","valueRequired":true,"valueName":"search_term_string"}}],"inLanguage":"pl-PL"},{"@type":"Organization","@id":"https:\/\/notabene.world\/nb\/#organization","name":"NOTABENE.WORLD","url":"https:\/\/notabene.world\/nb\/","logo":{"@type":"ImageObject","inLanguage":"pl-PL","@id":"https:\/\/notabene.world\/nb\/#\/schema\/logo\/image\/","url":"https:\/\/notabene.world\/nb\/wp-content\/uploads\/2022\/01\/NB-club-start-www1.jpg","contentUrl":"https:\/\/notabene.world\/nb\/wp-content\/uploads\/2022\/01\/NB-club-start-www1.jpg","width":1000,"height":839,"caption":"NOTABENE.WORLD"},"image":{"@id":"https:\/\/notabene.world\/nb\/#\/schema\/logo\/image\/"},"sameAs":["https:\/\/www.facebook.com\/Notabene.World"]},{"@type":"Person","@id":"https:\/\/notabene.world\/nb\/#\/schema\/person\/331faf5f761ee67ad7d5d058fd8df849","name":"M. Hoffmann","image":{"@type":"ImageObject","inLanguage":"pl-PL","@id":"https:\/\/secure.gravatar.com\/avatar\/7d680551b50541a2eb4d9f0eeb5ec73e8b7b30a37b96432deb5650eabb999f24?s=96&d=mm&r=g","url":"https:\/\/secure.gravatar.com\/avatar\/7d680551b50541a2eb4d9f0eeb5ec73e8b7b30a37b96432deb5650eabb999f24?s=96&d=mm&r=g","contentUrl":"https:\/\/secure.gravatar.com\/avatar\/7d680551b50541a2eb4d9f0eeb5ec73e8b7b30a37b96432deb5650eabb999f24?s=96&d=mm&r=g","caption":"M. Hoffmann"},"url":"https:\/\/notabene.world\/nb\/author\/m-h\/"}]}},"jetpack_featured_media_url":"https:\/\/i0.wp.com\/notabene.world\/nb\/wp-content\/uploads\/2022\/01\/Smierc-Agnieszki-z-Czestochowy.-Cierpienie-kobiety-ignorowane-przez-personel_article.jpg?fit=822%2C462&ssl=1","jetpack_sharing_enabled":true,"jetpack_shortlink":"https:\/\/wp.me\/pdCobN-nv","_links":{"self":[{"href":"https:\/\/notabene.world\/nb\/wp-json\/wp\/v2\/posts\/1457","targetHints":{"allow":["GET"]}}],"collection":[{"href":"https:\/\/notabene.world\/nb\/wp-json\/wp\/v2\/posts"}],"about":[{"href":"https:\/\/notabene.world\/nb\/wp-json\/wp\/v2\/types\/post"}],"author":[{"embeddable":true,"href":"https:\/\/notabene.world\/nb\/wp-json\/wp\/v2\/users\/23"}],"replies":[{"embeddable":true,"href":"https:\/\/notabene.world\/nb\/wp-json\/wp\/v2\/comments?post=1457"}],"version-history":[{"count":5,"href":"https:\/\/notabene.world\/nb\/wp-json\/wp\/v2\/posts\/1457\/revisions"}],"predecessor-version":[{"id":1895,"href":"https:\/\/notabene.world\/nb\/wp-json\/wp\/v2\/posts\/1457\/revisions\/1895"}],"wp:featuredmedia":[{"embeddable":true,"href":"https:\/\/notabene.world\/nb\/wp-json\/wp\/v2\/media\/1467"}],"wp:attachment":[{"href":"https:\/\/notabene.world\/nb\/wp-json\/wp\/v2\/media?parent=1457"}],"wp:term":[{"taxonomy":"category","embeddable":true,"href":"https:\/\/notabene.world\/nb\/wp-json\/wp\/v2\/categories?post=1457"},{"taxonomy":"post_tag","embeddable":true,"href":"https:\/\/notabene.world\/nb\/wp-json\/wp\/v2\/tags?post=1457"}],"curies":[{"name":"wp","href":"https:\/\/api.w.org\/{rel}","templated":true}]}}