{"id":14764,"date":"2025-05-15T16:13:00","date_gmt":"2025-05-15T14:13:00","guid":{"rendered":"https:\/\/notabene.world\/nb\/?p=14764"},"modified":"2025-09-15T14:27:47","modified_gmt":"2025-09-15T14:27:47","slug":"nie-czekajmy-na-barbarzyncow","status":"publish","type":"post","link":"https:\/\/notabene.world\/nb\/nie-czekajmy-na-barbarzyncow\/","title":{"rendered":"Nie czekajmy na barbarzy\u0144c\u00f3w"},"content":{"rendered":"\n<p>4 wrze\u015bnia 476 roku Odoaker, &nbsp;dow\u00f3dca germa\u0144skich najemnik\u00f3w w s\u0142u\u017cbie Rzymu zdetronizowa\u0142 ostatniego cesarza Romulusa Augustulusa i sam obj\u0105\u0142 w\u0142adz\u0119 nad Zachodnim Cesarstwem. To wydarzenie uznajemy dzisiaj za kres staro\u017cytno\u015bci i pocz\u0105tek \u015bredniowiecza. Jednak \u00f3wcze\u015bni kronikarze nie potraktowali tego wydarzenia powa\u017cnie. Nie dostrzegli w nim katastrofy. Oto kolejna zmiana w\u0142adzy w niestabilnych czasach. Dopiero d\u0142uga perspektywa historyczna pozwala wi\u0105za\u0107 ze sob\u0105 wydarzenia w \u0142a\u0144cuchy przyczynowo skutkowe. Rzymianie stoj\u0105cy u progu swojego upadku nie mieli tego komfortu, wi\u0119c nie zauwa\u017cyli momentu swego kresu. Usprawiedliwia ich to, \u017ce obalenie Romulusa odby\u0142o si\u0119 bezkrwawo. Nie dosz\u0142o do \u017cadnej bitwy , obl\u0119\u017cenia i rzezi. Uzurpator zast\u0105pi\u0142 legalnego w\u0142adc\u0119, a Senat to klepn\u0105\u0142. Romulus dosta\u0142 godziw\u0105 rent\u0119, z kt\u00f3rej \u017cy\u0142 dostatnio w Neapolu. Zatem dlaczego historycy uczepili si\u0119 tej daty? Bo Rzymianie ca\u0142kiem przestali si\u0119 liczy\u0107 w polityce. Od tej chwili o losie Urbi et Orbi decydowali barbarzy\u0144cy. W gruzach leg\u0142y instytucje i prawo a za nimi posypa\u0142o si\u0119 ca\u0142e pa\u0144stwo. Stopniowo ulega\u0142y barbaryzacji ca\u0142y prowincje. W dzisiejszej wyk\u0142adni historii nie wypada \u017ale m\u00f3wi\u0107 o \u015bredniowieczu.&nbsp; Ale wystarczy odwiedzi\u0107 parki archeologiczne z odkopanymi antycznymi miastami i por\u00f3wna\u0107 je ze \u015bredniowiecznymi mie\u015bcinami, aby wyrobi\u0107 sobie na ten temat zdanie. Wszak s\u0142owo cywilizacja pochodzi od \u0142aci\u0144skiego civitas \u2013 miasto. Termin ukuto we Francji w XVIII wieku i trafi\u0142 do naszego j\u0119zyka, bo jest trafny. Cywilizacja powstaje w mie\u015bcie, a nie na wsi. \u0141acina i kultura antyczna okaza\u0142y si\u0119 twardsze ni\u017c kamienie z kt\u00f3ry zbudowano pa\u0142ace, \u0142a\u017anie i akwedukty. Przewidzia\u0142 to Horacy w proroczej pie\u015bni Exegi monumentum aere perennius. Prawie dwa tysi\u0105ce lat po \u015bmierci poety w pewnym liceum w pewnym prowincjonalnym mie\u015bcie na p\u00f3\u0142nocy Europy pracowicie przek\u0142adali\u015bmy wiersz z \u0142aciny na polski pod \u015bwiat\u0142ym okiem pani profesorki M.K. Dwadzie\u015bcia osiem (o ile si\u0119 nie myl\u0119) nastoletnich g\u0142\u00f3w sp\u0119dzi\u0142o jedn\u0105, czy dwie lekcje nad tekstem pochodz\u0105cym z dalekiej przesz\u0142o\u015bci. Nie zadawali\u015bmy sobie ani nauczycielom pyta\u0144 po co to robimy. Ufali\u015bmy im i Horacemu, \u017ce warto! I to by\u0142 prawdziwy triumf antyku nad czasem i przestrzeni\u0105.<\/p>\n\n\n\n<p>W po\u0142owie lat \u201980 XX wieku, czyli w czasie, kiedy przek\u0142adali\u015bmy Horacego inne imperium chyli\u0142o si\u0119 ku upadkowi i co zabawne ani jego przyw\u00f3dcy ani mieszka\u0144cy te\u017c tego nie dostrzegali. W roku 1987 ju\u017c jako student KUL-u uczestniczy\u0142em w spotkaniu z pewnym profesorem socjologii z Freie Universit\u00e4t z Berlina Zachodniego. Zapyta\u0142em go jak d\u0142ugo przetrwa Zwi\u0105zek Radziecki. Po namy\u015ble odpowiedzia\u0142, \u017ce jeszcze co najmniej 25 lat! Wszyscy si\u0119 z nim zgodzili\u015bmy.<\/p>\n\n\n\n<p>Jak wiemy, bo mamy ju\u017c odpowiedni\u0105 perspektyw\u0119 Zwi\u0105zek Radziecki ani materialnie, ani duchowo nie wni\u00f3s\u0142 do naszej cywilizacji nic pozytywnego. Przeciwnie pozostawi\u0142 po sobie wirusa zniewolenia umys\u0142u, kt\u00f3ry okaza\u0142 si\u0119 by\u0107 trwalszy ni\u017c komunizm. Rosyjska Federacja &#8211; spadkobierca ZSRR\u00a0 jest pa\u0144stwem mafijnym z zalegalizowanym \u00a0barbarzy\u0144stwem. Jak to wygl\u0105da w praktyce widzimy na ukrai\u0144skim froncie.<\/p>\n\n\n\n<p>A dzisiaj, w tej chwili czyjego upadku nie jeste\u015bmy \u015bwiadomi? Zachodniej cywilizacji?&nbsp; Stan\u00f3w Zjednoczonych? Chin? A mo\u017ce III Rzeczypospolitej?<\/p>\n\n\n\n<p>Kryzys instytucji, pogarda dla autorytet\u00f3w, triumf fikcji nad rzeczywisto\u015bci\u0105, mo\u017cna by d\u0142ugo wymienia\u0107 symptomy trawi\u0105cej \u015bwiat choroby. &nbsp;Czy to zapowied\u017a kresu? &nbsp;Czy to &nbsp;znak \u017ce wszystko stracone?&nbsp; Tego nie wiemy, ale parafrazuj\u0105c Konstandinosa Kawafisa &#8211; nie czekajmy a\u017c przyjd\u0105 barbarzy\u0144cy! Ci ludzie nie s\u0105 \u017cadnym rozwi\u0105zaniem.<\/p>\n\n\n\n<p><strong>Exegi monumentum<\/strong><br>Pie\u015b\u0144 III, 30<\/p>\n\n\n\n<p>Horacy<\/p>\n\n\n\n<p>Przek\u0142ad Adam Zeme\u0142ka<\/p>\n\n\n\n<p>Zbudowa\u0142em monument trwalszy ni\u017c ze stali<br>Mocniejszy nad piramid kr\u00f3lewskich istnienie<br>Deszcz wielki go nie zmyje wicher nie powali<br>Stuleci niezliczonych nie zniszczy go tchnienie<a href=\"https:\/\/pl.wikisource.org\/wiki\/Exegi_monumentum#cite_note-1\"><sup>[1]<\/sup><\/a><br><br>Bieg czasu go nie wzruszy i lat przemijanie<br>Nie ca\u0142y przecie\u017c umr\u0119 \u2013 przetrwam w swoim dziele<br>\u015amier\u0107 \u2013 bo zamieszka\u0142em w nadczasowej chwale<br>Jakbym m\u0142odzian wci\u0105\u017c w nowym odradza\u0142 si\u0119 ciele<br><br>P\u00f3ki kap\u0142an z westalk\u0105 sk\u0142adaj\u0105 ofiary<br>Gdzie Aufidus brzeg \u017c\u0142obi wzburzonymi wody<br>I gdzie Daunus suchymi zarz\u0105dza obszary<br>Tam wszystkie moje imi\u0119 b\u0119d\u0105 zna\u0107 narody<br><br>Oto z nizin wyros\u0142y eolskich rytm wierszy<br>Swymi pie\u015bni powiod\u0142em w italskie ustronie<br>Za to zechciej \u017ce w lirze ze wszystkich jam pierwszy<br>Melpomeno swym laurem ople\u015b\u0107 moje skronie<\/p>\n","protected":false},"excerpt":{"rendered":"<p>W po\u0142owie lat \u201980 XX wieku, czyli w czasie, kiedy przek\u0142adali\u015bmy Horacego inne imperium chyli\u0142o si\u0119 ku upadkowi i co zabawne ani jego przyw\u00f3dcy ani mieszka\u0144cy te\u017c tego nie dostrzegali. W roku 1987 ju\u017c jako student KUL-u uczestniczy\u0142em w spotkaniu z pewnym profesorem socjologii z Freie Universit\u00e4t z Berlina Zachodniego. Zapyta\u0142em go jak d\u0142ugo przetrwa Zwi\u0105zek Radziecki. Po namy\u015ble odpowiedzia\u0142, \u017ce jeszcze co najmniej 25 lat! Wszyscy si\u0119 z nim zgodzili\u015bmy.<br \/>\n<br \/>\nJak wiemy, bo mamy ju\u017c odpowiedni\u0105 perspektyw\u0119 Zwi\u0105zek Radziecki ani materialnie, ani duchowo nie wni\u00f3s\u0142 do naszej cywilizacji nic pozytywnego. Przeciwnie pozostawi\u0142 po sobie wirusa zniewolenie umys\u0142u, kt\u00f3ry okaza\u0142 si\u0119 by\u0107 trwalszy ni\u017c komunizm. Rosyjska Federacja &#8211; spadkobierca ZSRR\u00a0 jest pa\u0144stwem mafijnym z zalegalizowanym \u00a0barbarzy\u0144stwem. Jak to wygl\u0105da w praktyce widzimy na ukrai\u0144skim froncie.<br \/>\nA dzisiaj, w tej chwili czyjego upadku nie jeste\u015bmy \u015bwiadomi? Zachodniej cywilizacji?\u00a0 Stan\u00f3w Zjednoczonych? Chin? A mo\u017ce III Rzeczypospolitej?<\/p>\n","protected":false},"author":67,"featured_media":14765,"comment_status":"closed","ping_status":"closed","sticky":false,"template":"","format":"standard","meta":{"colormag_page_container_layout":"no_sidebar_content_centered","colormag_page_sidebar_layout":"no_sidebar","_jetpack_memberships_contains_paid_content":false,"footnotes":"","_links_to":"","_links_to_target":""},"categories":[42,240],"tags":[],"class_list":["post-14764","post","type-post","status-publish","format-standard","has-post-thumbnail","hentry","category-felietony","category-notabene"],"yoast_head":"<!-- This site is optimized with the Yoast SEO plugin v27.4 - https:\/\/yoast.com\/product\/yoast-seo-wordpress\/ -->\n<title>Nie czekajmy na barbarzy\u0144c\u00f3w - NOTABENE.WORLD<\/title>\n<meta name=\"robots\" content=\"index, follow, max-snippet:-1, max-image-preview:large, max-video-preview:-1\" \/>\n<link rel=\"canonical\" href=\"https:\/\/notabene.world\/nb\/nie-czekajmy-na-barbarzyncow\/\" \/>\n<meta property=\"og:locale\" content=\"pl_PL\" \/>\n<meta property=\"og:type\" content=\"article\" \/>\n<meta property=\"og:title\" content=\"Nie czekajmy na barbarzy\u0144c\u00f3w - NOTABENE.WORLD\" \/>\n<meta property=\"og:description\" content=\"W po\u0142owie lat \u201980 XX wieku, czyli w czasie, kiedy przek\u0142adali\u015bmy Horacego inne imperium chyli\u0142o si\u0119 ku upadkowi i co zabawne ani jego przyw\u00f3dcy ani mieszka\u0144cy te\u017c tego nie dostrzegali. W roku 1987 ju\u017c jako student KUL-u uczestniczy\u0142em w spotkaniu z pewnym profesorem socjologii z Freie Universit\u00e4t z Berlina Zachodniego. Zapyta\u0142em go jak d\u0142ugo przetrwa Zwi\u0105zek Radziecki. Po namy\u015ble odpowiedzia\u0142, \u017ce jeszcze co najmniej 25 lat! Wszyscy si\u0119 z nim zgodzili\u015bmy. Jak wiemy, bo mamy ju\u017c odpowiedni\u0105 perspektyw\u0119 Zwi\u0105zek Radziecki ani materialnie, ani duchowo nie wni\u00f3s\u0142 do naszej cywilizacji nic pozytywnego. Przeciwnie pozostawi\u0142 po sobie wirusa zniewolenie umys\u0142u, kt\u00f3ry okaza\u0142 si\u0119 by\u0107 trwalszy ni\u017c komunizm. Rosyjska Federacja - spadkobierca ZSRR\u00a0 jest pa\u0144stwem mafijnym z zalegalizowanym \u00a0barbarzy\u0144stwem. Jak to wygl\u0105da w praktyce widzimy na ukrai\u0144skim froncie. A dzisiaj, w tej chwili czyjego upadku nie jeste\u015bmy \u015bwiadomi? Zachodniej cywilizacji?\u00a0 Stan\u00f3w Zjednoczonych? Chin? A mo\u017ce III Rzeczypospolitej?\" \/>\n<meta property=\"og:url\" content=\"https:\/\/notabene.world\/nb\/nie-czekajmy-na-barbarzyncow\/\" \/>\n<meta property=\"og:site_name\" content=\"NOTABENE.WORLD\" \/>\n<meta property=\"article:publisher\" content=\"https:\/\/www.facebook.com\/Notabene.World\" \/>\n<meta property=\"article:published_time\" content=\"2025-05-15T14:13:00+00:00\" \/>\n<meta property=\"article:modified_time\" content=\"2025-09-15T14:27:47+00:00\" \/>\n<meta property=\"og:image\" content=\"https:\/\/notabene.world\/nb\/wp-content\/uploads\/2025\/06\/odoa.jpg\" \/>\n\t<meta property=\"og:image:width\" content=\"800\" \/>\n\t<meta property=\"og:image:height\" content=\"445\" \/>\n\t<meta property=\"og:image:type\" content=\"image\/jpeg\" \/>\n<meta name=\"author\" content=\"Witos\u0142aw St\u0119pie\u0144\" \/>\n<meta name=\"twitter:card\" content=\"summary_large_image\" \/>\n<meta name=\"twitter:label1\" content=\"Napisane przez\" \/>\n\t<meta name=\"twitter:data1\" content=\"Witos\u0142aw St\u0119pie\u0144\" \/>\n\t<meta name=\"twitter:label2\" content=\"Szacowany czas czytania\" \/>\n\t<meta name=\"twitter:data2\" content=\"4 minuty\" \/>\n<script type=\"application\/ld+json\" class=\"yoast-schema-graph\">{\"@context\":\"https:\\\/\\\/schema.org\",\"@graph\":[{\"@type\":\"Article\",\"@id\":\"https:\\\/\\\/notabene.world\\\/nb\\\/nie-czekajmy-na-barbarzyncow\\\/#article\",\"isPartOf\":{\"@id\":\"https:\\\/\\\/notabene.world\\\/nb\\\/nie-czekajmy-na-barbarzyncow\\\/\"},\"author\":{\"name\":\"Witos\u0142aw St\u0119pie\u0144\",\"@id\":\"https:\\\/\\\/notabene.world\\\/nb\\\/#\\\/schema\\\/person\\\/a9bf063a4f8d1e97780283deb7b5cbfb\"},\"headline\":\"Nie czekajmy na barbarzy\u0144c\u00f3w\",\"datePublished\":\"2025-05-15T14:13:00+00:00\",\"dateModified\":\"2025-09-15T14:27:47+00:00\",\"mainEntityOfPage\":{\"@id\":\"https:\\\/\\\/notabene.world\\\/nb\\\/nie-czekajmy-na-barbarzyncow\\\/\"},\"wordCount\":738,\"publisher\":{\"@id\":\"https:\\\/\\\/notabene.world\\\/nb\\\/#organization\"},\"image\":{\"@id\":\"https:\\\/\\\/notabene.world\\\/nb\\\/nie-czekajmy-na-barbarzyncow\\\/#primaryimage\"},\"thumbnailUrl\":\"https:\\\/\\\/i0.wp.com\\\/notabene.world\\\/nb\\\/wp-content\\\/uploads\\\/2025\\\/06\\\/odoa.jpg?fit=800%2C445&ssl=1\",\"articleSection\":[\"Felietony\",\"NOTABENE 1985-2025\"],\"inLanguage\":\"pl-PL\"},{\"@type\":\"WebPage\",\"@id\":\"https:\\\/\\\/notabene.world\\\/nb\\\/nie-czekajmy-na-barbarzyncow\\\/\",\"url\":\"https:\\\/\\\/notabene.world\\\/nb\\\/nie-czekajmy-na-barbarzyncow\\\/\",\"name\":\"Nie czekajmy na barbarzy\u0144c\u00f3w - NOTABENE.WORLD\",\"isPartOf\":{\"@id\":\"https:\\\/\\\/notabene.world\\\/nb\\\/#website\"},\"primaryImageOfPage\":{\"@id\":\"https:\\\/\\\/notabene.world\\\/nb\\\/nie-czekajmy-na-barbarzyncow\\\/#primaryimage\"},\"image\":{\"@id\":\"https:\\\/\\\/notabene.world\\\/nb\\\/nie-czekajmy-na-barbarzyncow\\\/#primaryimage\"},\"thumbnailUrl\":\"https:\\\/\\\/i0.wp.com\\\/notabene.world\\\/nb\\\/wp-content\\\/uploads\\\/2025\\\/06\\\/odoa.jpg?fit=800%2C445&ssl=1\",\"datePublished\":\"2025-05-15T14:13:00+00:00\",\"dateModified\":\"2025-09-15T14:27:47+00:00\",\"breadcrumb\":{\"@id\":\"https:\\\/\\\/notabene.world\\\/nb\\\/nie-czekajmy-na-barbarzyncow\\\/#breadcrumb\"},\"inLanguage\":\"pl-PL\",\"potentialAction\":[{\"@type\":\"ReadAction\",\"target\":[\"https:\\\/\\\/notabene.world\\\/nb\\\/nie-czekajmy-na-barbarzyncow\\\/\"]}]},{\"@type\":\"ImageObject\",\"inLanguage\":\"pl-PL\",\"@id\":\"https:\\\/\\\/notabene.world\\\/nb\\\/nie-czekajmy-na-barbarzyncow\\\/#primaryimage\",\"url\":\"https:\\\/\\\/i0.wp.com\\\/notabene.world\\\/nb\\\/wp-content\\\/uploads\\\/2025\\\/06\\\/odoa.jpg?fit=800%2C445&ssl=1\",\"contentUrl\":\"https:\\\/\\\/i0.wp.com\\\/notabene.world\\\/nb\\\/wp-content\\\/uploads\\\/2025\\\/06\\\/odoa.jpg?fit=800%2C445&ssl=1\",\"width\":800,\"height\":445},{\"@type\":\"BreadcrumbList\",\"@id\":\"https:\\\/\\\/notabene.world\\\/nb\\\/nie-czekajmy-na-barbarzyncow\\\/#breadcrumb\",\"itemListElement\":[{\"@type\":\"ListItem\",\"position\":1,\"name\":\"Home\",\"item\":\"https:\\\/\\\/notabene.world\\\/nb\\\/\"},{\"@type\":\"ListItem\",\"position\":2,\"name\":\"Nie czekajmy na barbarzy\u0144c\u00f3w\"}]},{\"@type\":\"WebSite\",\"@id\":\"https:\\\/\\\/notabene.world\\\/nb\\\/#website\",\"url\":\"https:\\\/\\\/notabene.world\\\/nb\\\/\",\"name\":\"NOTABENE.WORLD\",\"description\":\"Przekaz. Warto\u015bci. Wsp\u00f3lnota.\",\"publisher\":{\"@id\":\"https:\\\/\\\/notabene.world\\\/nb\\\/#organization\"},\"potentialAction\":[{\"@type\":\"SearchAction\",\"target\":{\"@type\":\"EntryPoint\",\"urlTemplate\":\"https:\\\/\\\/notabene.world\\\/nb\\\/?s={search_term_string}\"},\"query-input\":{\"@type\":\"PropertyValueSpecification\",\"valueRequired\":true,\"valueName\":\"search_term_string\"}}],\"inLanguage\":\"pl-PL\"},{\"@type\":\"Organization\",\"@id\":\"https:\\\/\\\/notabene.world\\\/nb\\\/#organization\",\"name\":\"NOTABENE.WORLD\",\"url\":\"https:\\\/\\\/notabene.world\\\/nb\\\/\",\"logo\":{\"@type\":\"ImageObject\",\"inLanguage\":\"pl-PL\",\"@id\":\"https:\\\/\\\/notabene.world\\\/nb\\\/#\\\/schema\\\/logo\\\/image\\\/\",\"url\":\"https:\\\/\\\/notabene.world\\\/nb\\\/wp-content\\\/uploads\\\/2022\\\/01\\\/NB-club-start-www1.jpg\",\"contentUrl\":\"https:\\\/\\\/notabene.world\\\/nb\\\/wp-content\\\/uploads\\\/2022\\\/01\\\/NB-club-start-www1.jpg\",\"width\":1000,\"height\":839,\"caption\":\"NOTABENE.WORLD\"},\"image\":{\"@id\":\"https:\\\/\\\/notabene.world\\\/nb\\\/#\\\/schema\\\/logo\\\/image\\\/\"},\"sameAs\":[\"https:\\\/\\\/www.facebook.com\\\/Notabene.World\"]},{\"@type\":\"Person\",\"@id\":\"https:\\\/\\\/notabene.world\\\/nb\\\/#\\\/schema\\\/person\\\/a9bf063a4f8d1e97780283deb7b5cbfb\",\"name\":\"Witos\u0142aw St\u0119pie\u0144\",\"image\":{\"@type\":\"ImageObject\",\"inLanguage\":\"pl-PL\",\"@id\":\"https:\\\/\\\/secure.gravatar.com\\\/avatar\\\/e13fd5514974a288d62bccdab0245944d3361f07ad005b4ded333804492e5a61?s=96&d=mm&r=g\",\"url\":\"https:\\\/\\\/secure.gravatar.com\\\/avatar\\\/e13fd5514974a288d62bccdab0245944d3361f07ad005b4ded333804492e5a61?s=96&d=mm&r=g\",\"contentUrl\":\"https:\\\/\\\/secure.gravatar.com\\\/avatar\\\/e13fd5514974a288d62bccdab0245944d3361f07ad005b4ded333804492e5a61?s=96&d=mm&r=g\",\"caption\":\"Witos\u0142aw St\u0119pie\u0144\"},\"url\":\"https:\\\/\\\/notabene.world\\\/nb\\\/author\\\/w-s\\\/\"}]}<\/script>\n<!-- \/ Yoast SEO plugin. -->","yoast_head_json":{"title":"Nie czekajmy na barbarzy\u0144c\u00f3w - NOTABENE.WORLD","robots":{"index":"index","follow":"follow","max-snippet":"max-snippet:-1","max-image-preview":"max-image-preview:large","max-video-preview":"max-video-preview:-1"},"canonical":"https:\/\/notabene.world\/nb\/nie-czekajmy-na-barbarzyncow\/","og_locale":"pl_PL","og_type":"article","og_title":"Nie czekajmy na barbarzy\u0144c\u00f3w - NOTABENE.WORLD","og_description":"W po\u0142owie lat \u201980 XX wieku, czyli w czasie, kiedy przek\u0142adali\u015bmy Horacego inne imperium chyli\u0142o si\u0119 ku upadkowi i co zabawne ani jego przyw\u00f3dcy ani mieszka\u0144cy te\u017c tego nie dostrzegali. W roku 1987 ju\u017c jako student KUL-u uczestniczy\u0142em w spotkaniu z pewnym profesorem socjologii z Freie Universit\u00e4t z Berlina Zachodniego. Zapyta\u0142em go jak d\u0142ugo przetrwa Zwi\u0105zek Radziecki. Po namy\u015ble odpowiedzia\u0142, \u017ce jeszcze co najmniej 25 lat! Wszyscy si\u0119 z nim zgodzili\u015bmy. Jak wiemy, bo mamy ju\u017c odpowiedni\u0105 perspektyw\u0119 Zwi\u0105zek Radziecki ani materialnie, ani duchowo nie wni\u00f3s\u0142 do naszej cywilizacji nic pozytywnego. Przeciwnie pozostawi\u0142 po sobie wirusa zniewolenie umys\u0142u, kt\u00f3ry okaza\u0142 si\u0119 by\u0107 trwalszy ni\u017c komunizm. Rosyjska Federacja - spadkobierca ZSRR\u00a0 jest pa\u0144stwem mafijnym z zalegalizowanym \u00a0barbarzy\u0144stwem. Jak to wygl\u0105da w praktyce widzimy na ukrai\u0144skim froncie. A dzisiaj, w tej chwili czyjego upadku nie jeste\u015bmy \u015bwiadomi? Zachodniej cywilizacji?\u00a0 Stan\u00f3w Zjednoczonych? Chin? A mo\u017ce III Rzeczypospolitej?","og_url":"https:\/\/notabene.world\/nb\/nie-czekajmy-na-barbarzyncow\/","og_site_name":"NOTABENE.WORLD","article_publisher":"https:\/\/www.facebook.com\/Notabene.World","article_published_time":"2025-05-15T14:13:00+00:00","article_modified_time":"2025-09-15T14:27:47+00:00","og_image":[{"width":800,"height":445,"url":"https:\/\/notabene.world\/nb\/wp-content\/uploads\/2025\/06\/odoa.jpg","type":"image\/jpeg"}],"author":"Witos\u0142aw St\u0119pie\u0144","twitter_card":"summary_large_image","twitter_misc":{"Napisane przez":"Witos\u0142aw St\u0119pie\u0144","Szacowany czas czytania":"4 minuty"},"schema":{"@context":"https:\/\/schema.org","@graph":[{"@type":"Article","@id":"https:\/\/notabene.world\/nb\/nie-czekajmy-na-barbarzyncow\/#article","isPartOf":{"@id":"https:\/\/notabene.world\/nb\/nie-czekajmy-na-barbarzyncow\/"},"author":{"name":"Witos\u0142aw St\u0119pie\u0144","@id":"https:\/\/notabene.world\/nb\/#\/schema\/person\/a9bf063a4f8d1e97780283deb7b5cbfb"},"headline":"Nie czekajmy na barbarzy\u0144c\u00f3w","datePublished":"2025-05-15T14:13:00+00:00","dateModified":"2025-09-15T14:27:47+00:00","mainEntityOfPage":{"@id":"https:\/\/notabene.world\/nb\/nie-czekajmy-na-barbarzyncow\/"},"wordCount":738,"publisher":{"@id":"https:\/\/notabene.world\/nb\/#organization"},"image":{"@id":"https:\/\/notabene.world\/nb\/nie-czekajmy-na-barbarzyncow\/#primaryimage"},"thumbnailUrl":"https:\/\/i0.wp.com\/notabene.world\/nb\/wp-content\/uploads\/2025\/06\/odoa.jpg?fit=800%2C445&ssl=1","articleSection":["Felietony","NOTABENE 1985-2025"],"inLanguage":"pl-PL"},{"@type":"WebPage","@id":"https:\/\/notabene.world\/nb\/nie-czekajmy-na-barbarzyncow\/","url":"https:\/\/notabene.world\/nb\/nie-czekajmy-na-barbarzyncow\/","name":"Nie czekajmy na barbarzy\u0144c\u00f3w - NOTABENE.WORLD","isPartOf":{"@id":"https:\/\/notabene.world\/nb\/#website"},"primaryImageOfPage":{"@id":"https:\/\/notabene.world\/nb\/nie-czekajmy-na-barbarzyncow\/#primaryimage"},"image":{"@id":"https:\/\/notabene.world\/nb\/nie-czekajmy-na-barbarzyncow\/#primaryimage"},"thumbnailUrl":"https:\/\/i0.wp.com\/notabene.world\/nb\/wp-content\/uploads\/2025\/06\/odoa.jpg?fit=800%2C445&ssl=1","datePublished":"2025-05-15T14:13:00+00:00","dateModified":"2025-09-15T14:27:47+00:00","breadcrumb":{"@id":"https:\/\/notabene.world\/nb\/nie-czekajmy-na-barbarzyncow\/#breadcrumb"},"inLanguage":"pl-PL","potentialAction":[{"@type":"ReadAction","target":["https:\/\/notabene.world\/nb\/nie-czekajmy-na-barbarzyncow\/"]}]},{"@type":"ImageObject","inLanguage":"pl-PL","@id":"https:\/\/notabene.world\/nb\/nie-czekajmy-na-barbarzyncow\/#primaryimage","url":"https:\/\/i0.wp.com\/notabene.world\/nb\/wp-content\/uploads\/2025\/06\/odoa.jpg?fit=800%2C445&ssl=1","contentUrl":"https:\/\/i0.wp.com\/notabene.world\/nb\/wp-content\/uploads\/2025\/06\/odoa.jpg?fit=800%2C445&ssl=1","width":800,"height":445},{"@type":"BreadcrumbList","@id":"https:\/\/notabene.world\/nb\/nie-czekajmy-na-barbarzyncow\/#breadcrumb","itemListElement":[{"@type":"ListItem","position":1,"name":"Home","item":"https:\/\/notabene.world\/nb\/"},{"@type":"ListItem","position":2,"name":"Nie czekajmy na barbarzy\u0144c\u00f3w"}]},{"@type":"WebSite","@id":"https:\/\/notabene.world\/nb\/#website","url":"https:\/\/notabene.world\/nb\/","name":"NOTABENE.WORLD","description":"Przekaz. Warto\u015bci. Wsp\u00f3lnota.","publisher":{"@id":"https:\/\/notabene.world\/nb\/#organization"},"potentialAction":[{"@type":"SearchAction","target":{"@type":"EntryPoint","urlTemplate":"https:\/\/notabene.world\/nb\/?s={search_term_string}"},"query-input":{"@type":"PropertyValueSpecification","valueRequired":true,"valueName":"search_term_string"}}],"inLanguage":"pl-PL"},{"@type":"Organization","@id":"https:\/\/notabene.world\/nb\/#organization","name":"NOTABENE.WORLD","url":"https:\/\/notabene.world\/nb\/","logo":{"@type":"ImageObject","inLanguage":"pl-PL","@id":"https:\/\/notabene.world\/nb\/#\/schema\/logo\/image\/","url":"https:\/\/notabene.world\/nb\/wp-content\/uploads\/2022\/01\/NB-club-start-www1.jpg","contentUrl":"https:\/\/notabene.world\/nb\/wp-content\/uploads\/2022\/01\/NB-club-start-www1.jpg","width":1000,"height":839,"caption":"NOTABENE.WORLD"},"image":{"@id":"https:\/\/notabene.world\/nb\/#\/schema\/logo\/image\/"},"sameAs":["https:\/\/www.facebook.com\/Notabene.World"]},{"@type":"Person","@id":"https:\/\/notabene.world\/nb\/#\/schema\/person\/a9bf063a4f8d1e97780283deb7b5cbfb","name":"Witos\u0142aw St\u0119pie\u0144","image":{"@type":"ImageObject","inLanguage":"pl-PL","@id":"https:\/\/secure.gravatar.com\/avatar\/e13fd5514974a288d62bccdab0245944d3361f07ad005b4ded333804492e5a61?s=96&d=mm&r=g","url":"https:\/\/secure.gravatar.com\/avatar\/e13fd5514974a288d62bccdab0245944d3361f07ad005b4ded333804492e5a61?s=96&d=mm&r=g","contentUrl":"https:\/\/secure.gravatar.com\/avatar\/e13fd5514974a288d62bccdab0245944d3361f07ad005b4ded333804492e5a61?s=96&d=mm&r=g","caption":"Witos\u0142aw St\u0119pie\u0144"},"url":"https:\/\/notabene.world\/nb\/author\/w-s\/"}]}},"jetpack_featured_media_url":"https:\/\/i0.wp.com\/notabene.world\/nb\/wp-content\/uploads\/2025\/06\/odoa.jpg?fit=800%2C445&ssl=1","jetpack_sharing_enabled":true,"jetpack_shortlink":"https:\/\/wp.me\/pdCobN-3Q8","_links":{"self":[{"href":"https:\/\/notabene.world\/nb\/wp-json\/wp\/v2\/posts\/14764","targetHints":{"allow":["GET"]}}],"collection":[{"href":"https:\/\/notabene.world\/nb\/wp-json\/wp\/v2\/posts"}],"about":[{"href":"https:\/\/notabene.world\/nb\/wp-json\/wp\/v2\/types\/post"}],"author":[{"embeddable":true,"href":"https:\/\/notabene.world\/nb\/wp-json\/wp\/v2\/users\/67"}],"replies":[{"embeddable":true,"href":"https:\/\/notabene.world\/nb\/wp-json\/wp\/v2\/comments?post=14764"}],"version-history":[{"count":2,"href":"https:\/\/notabene.world\/nb\/wp-json\/wp\/v2\/posts\/14764\/revisions"}],"predecessor-version":[{"id":14769,"href":"https:\/\/notabene.world\/nb\/wp-json\/wp\/v2\/posts\/14764\/revisions\/14769"}],"wp:featuredmedia":[{"embeddable":true,"href":"https:\/\/notabene.world\/nb\/wp-json\/wp\/v2\/media\/14765"}],"wp:attachment":[{"href":"https:\/\/notabene.world\/nb\/wp-json\/wp\/v2\/media?parent=14764"}],"wp:term":[{"taxonomy":"category","embeddable":true,"href":"https:\/\/notabene.world\/nb\/wp-json\/wp\/v2\/categories?post=14764"},{"taxonomy":"post_tag","embeddable":true,"href":"https:\/\/notabene.world\/nb\/wp-json\/wp\/v2\/tags?post=14764"}],"curies":[{"name":"wp","href":"https:\/\/api.w.org\/{rel}","templated":true}]}}