{"id":15018,"date":"2025-07-03T10:00:00","date_gmt":"2025-07-03T08:00:00","guid":{"rendered":"https:\/\/notabene.world\/nb\/?p=15018"},"modified":"2025-07-17T03:56:03","modified_gmt":"2025-07-17T01:56:03","slug":"tekturowy-folwark-w-samo-poludnie","status":"publish","type":"post","link":"https:\/\/notabene.world\/nb\/tekturowy-folwark-w-samo-poludnie\/","title":{"rendered":"Tekturowy folwark w samo po\u0142udnie"},"content":{"rendered":"\n<p class=\"has-text-align-right\"><em>Na motywach &#8222;Popio\u0142\u00f3w&#8221; Stefana \u017beromskiego oraz &#8222;Folwarku zwierz\u0119cego&#8221; George&#8217;a Orwella. Czytajcie, a b\u0119dzie Wam dane<\/em><\/p>\n\n\n\n<p><em>Ogary posz\u0142y w las&#8230;<\/em> Chocia\u017c wszystkie <em>polnische Schweine<\/em> dawno ju\u017c odlecia\u0142y (na Zach\u00f3d), <em>nach Deutschland, f\u00fcr Deutschland, <\/em>smr\u00f3d i tak si\u0119 wylewa z polskiego chlewa. <em>Hej, co si\u0119 porobi\u0142o z t\u0105 krain\u0105 z\u0142\u0105 (?)<\/em> &#8211; jak \u015bpiewa Kazik. Upa\u0142 rozgrzewa dzi\u015b do czerrrwono\u015bci polsk\u0105 polityk\u0119. Na polsko-niemiecko-polskie pogranicze &#8211; niczym karaluchy &#8211; wype\u0142zaj\u0105 B\u0105kowicze. Hej.<\/p>\n\n\n\n<p>My za\u015b w <em>interiorze wschodnim,<\/em> czyli bli\u017cej centrum &#8211; pytamy nie\u015bmia\u0142o, jak d\u0142ugo jeszcze b\u0119dzie to swojskie szambo wybija\u0142o? Kiedy wreszcie skutecznie <em>teoretyczny folwark z tektury,<\/em> przep\u0119dzi na amen wszelkie kreatury? Teraz przywo\u0142amy Orwella, <em>two legs bad, four legs good?<\/em> Ojtam, ojtam, \u015bwinia to \u017caden cud. Hej.<\/p>\n\n\n\n<p>Je\u015bli nic si\u0119 szybko nie zmieni, to w\u015br\u00f3d <em>sienkiewiczowej kupy kamieni<\/em> &#8211; by\u0107 mo\u017ce dla szpanu &#8211; bohatersko pojawi si\u0119 na granicy tak\u017ce \u015bwi\u0119tokrzyski pose\u0142 pierwszego planu &#8211; ten na gie. Panie po\u015ble, to dzisiaj powinien by\u0107 ten dzie\u0144! Hej. W t\u0119tni\u0105cej \u017cyciem stolicy naszej ma\u0142ej ojczyzny, nieopodal puszczy, co <em>nie niczyja, jeno Bo\u017ca, \u015bwi\u0119ta<\/em>,<a href=\"http:\/\/www.tnp.org.pl\/biblioteka\/dlibra\/docmetadata?id=302&amp;from=pubstats\" target=\"_blank\" rel=\"noreferrer noopener\">*<\/a> terrrmometry si\u0119gaj\u0105 w\u0142a\u015bnie kosmicznego poziomu +37 C w cieniu. Niech\u017ce pan zatem wyjdzie z cienia, by nikt ju\u017c nie pyta\u0142, gdzie si\u0119 chowa <em>\u015bwi\u0119tokrzyska elyta.<\/em> \u015amia\u0142o, \u015bmia\u0142o &#8211; to nic, \u017ce z czo\u0142a b\u0119dzie si\u0119 la\u0142o. To nie sztuka \u0142ga\u0107 i wod\u0119 la\u0107, straszy\u0107 i &#8222;brylowa\u0107&#8221; o poranku z klimatyzowanego studia Radia Kielce.&nbsp;Hej.<\/p>\n\n\n\n<p>Prawdziwa polityka zawsze jest gorrr\u0105ca i dzieje si\u0119 wszak na pograniczu mi\u0142o\u015bci i nienawi\u015bci, czyli strachu. Jak zwyk\u0142 mawia\u0107 Machiavelli, je\u015bli lud nie mo\u017ce nas jednocze\u015bnie kocha\u0107 i nienawidzi\u0107, niechaj przynajmniej truchleje ze strachu. Cel u\u015bwi\u0119ca \u015brodki, a gdy z nieba bucha, najlepsza jest pseudopatriotyczna rozpierducha, od ucha do ucha. Hej.<\/p>\n\n\n\n<p>Machiaweliczni kataryniarze zn\u00f3w chwycili wiatr w \u017cagle, a my maluczcy pytamy, jak \u017cy\u0107, by nie o\u015blepi\u0142y nas przeb\u0142yski ich cynicznej inteligencji. Jak \u017cy\u0107 w tym amoku, by nie straci\u0107 wzroku? A mo\u017ce o to w\u0142a\u015bnie chodzi, by\u015bmy z mi\u0142o\u015bci do wodza o\u015blepli i przy okazji stracili te\u017c rozum? Jednak nie ma takiej opcji, bo nikt nas nie przekona, \u017ce nasz \u015bwiat jest <strong>czarno-bia\u0142y<\/strong> albo tym bardziej <strong>bia\u0142o-czarny.<\/strong> Nasz \u015bwiat jest kolorowy i takim zostanie. Nie chcemy przecie\u017c szarych plam na s\u0142o\u0144cu. Hej.<\/p>\n\n\n\n<p><strong>POSTSCRIPTUM 1 \u2022 Z OSTATNIEJ CHWILI:<\/strong> Odchodz\u0105cy prezydent, co B\u0105kiewicz\u00f3w wspiera, aspiruje do roli premiera. Bezwzgl\u0119dny lustrator za\u015b przygotowuje si\u0119 do roli szefa Biura Bezpiecze\u0144stwa Narodowego. Tym samym dzisiejszy folwarczny upa\u0142 staje sie jeszcze bardziej niezno\u015bny i cokolwiek zdarzy si\u0119 dalej, idziemy zaraz do kina, gdy\u017c tylko tam z pewno\u015bci\u0105 b\u0119dzie bezpiecznie i &#8211; przede wszystkim &#8211; du\u017co ch\u0142odniej. Hej.<\/p>\n\n\n\n<figure class=\"wp-block-image size-full\"><img data-recalc-dims=\"1\" loading=\"lazy\" decoding=\"async\" width=\"800\" height=\"445\" src=\"https:\/\/i0.wp.com\/notabene.world\/nb\/wp-content\/uploads\/2025\/07\/anfa7-1.jpg?resize=800%2C445&#038;ssl=1\" alt=\"\" class=\"wp-image-15083\" srcset=\"https:\/\/i0.wp.com\/notabene.world\/nb\/wp-content\/uploads\/2025\/07\/anfa7-1.jpg?w=800&amp;ssl=1 800w, https:\/\/i0.wp.com\/notabene.world\/nb\/wp-content\/uploads\/2025\/07\/anfa7-1.jpg?resize=300%2C167&amp;ssl=1 300w, https:\/\/i0.wp.com\/notabene.world\/nb\/wp-content\/uploads\/2025\/07\/anfa7-1.jpg?resize=768%2C427&amp;ssl=1 768w\" sizes=\"auto, (max-width: 800px) 100vw, 800px\" \/><\/figure>\n\n\n\n<p><strong>POSTSCRIPTUM 2:<\/strong> Taaak&#8230; <em>Ogary posz\u0142y w las&#8230; <strong>Echo ich grania s\u0142ab\u0142o coraz bardziej, a\u017c wreszcie uton\u0119\u0142o w milczeniu le\u015bnym<\/strong>. Zdawa\u0142o si\u0119 chwilami, \u017ce nik\u0142y dwug\u0142os jeszcze brzmi w boru, nie wiedzie\u0107 gdzie: to jakby od strony Samsonowskich las\u00f3w, od Klonowej, od Bukowej, od Strawczanej, to znowu jakby od Jeleniowskiej G\u00f3ry&#8230;<a href=\"https:\/\/wolnelektury.pl\/media\/book\/pdf\/zeromski-popioly.pdf\" target=\"_blank\" rel=\"noreferrer noopener\">**<\/a><\/em> <\/p>\n\n\n\n<p><a href=\"https:\/\/maps.app.goo.gl\/9zvf1ZqWB1D783Ej6\" target=\"_blank\" rel=\"noreferrer noopener\">Nieopodal za\u015b &#8211; jakby wiecznie \u017cywy&#8230; Pu\u0142kownik &#8222;PONURY&#8221;. W Janowicach.<\/a><\/p>\n\n\n\n<p><\/p>\n","protected":false},"excerpt":{"rendered":"<p>Ogary posz\u0142y w las&#8230; Chocia\u017c wszystkie polnische Schweine dawno ju\u017c odlecia\u0142y (na Zach\u00f3d), nach Deutschland, f\u00fcr Deutschland, smr\u00f3d i tak si\u0119 wylewa z polskiego chlewa. Hej, co si\u0119 porobi\u0142o z t\u0105 krain\u0105 z\u0142\u0105 (?) &#8211; jak \u015bpiewa Kazik. Upa\u0142 rozgrzewa dzi\u015b do czerrrwono\u015bci polsk\u0105 polityk\u0119. Na polsko-niemiecko-polskie pogranicze &#8211; niczym karaluchy &#8211; wype\u0142zaj\u0105 B\u0105kowicze. Hej.<br \/>\n<br \/>\nPrawdziwa polityka zawsze jest gorrr\u0105ca i dzieje si\u0119 wszak na pograniczu mi\u0142o\u015bci i nienawi\u015bci, czyli strachu. Jak zwyk\u0142 mawia\u0107 Machiawelli, je\u015bli lud nie mo\u017ce nas jednocze\u015bnie kocha\u0107 i nienawidzi\u0107, niechaj przynajmniej truchleje ze strachu. Cel u\u015bwi\u0119ca \u015brodki, a gdy z nieba bucha, najlepsza jest pseudopatriotyczna rozpierducha, od ucha do ucha. Hej.<br \/>\n<br \/>\nMachiaweliczni kataryniarze zn\u00f3w chwycili wiatr w \u017cagle, a my maluczcy pytamy, jak \u017cy\u0107, by nie o\u015blepi\u0142y nas przeb\u0142yski ich cynicznej inteligencji. Jak \u017cy\u0107 w tym amoku, by nie straci\u0107 wzroku? A mo\u017ce o to w\u0142a\u015bnie chodzi, by\u015bmy z mi\u0142o\u015bci do wodza o\u015blepli i przy okazji stracili rozum? Jednak nie ma takiej opcji, bo nikt nas nie przekona, \u017ce nasz \u015bwiat jest czarno-bia\u0142y albo tym bardziej bia\u0142o-czarny. Nasz \u015bwiat jest kolorowy i takim zostanie. Nie chcemy przecie\u017c szarych plam na s\u0142o\u0144cu. Hej.<\/p>\n","protected":false},"author":1,"featured_media":15045,"comment_status":"closed","ping_status":"closed","sticky":false,"template":"","format":"standard","meta":{"colormag_page_container_layout":"no_sidebar_content_centered","colormag_page_sidebar_layout":"no_sidebar","_jetpack_memberships_contains_paid_content":false,"footnotes":"","_links_to":"","_links_to_target":""},"categories":[64,42,48],"tags":[],"class_list":["post-15018","post","type-post","status-publish","format-standard","has-post-thumbnail","hentry","category-aktualnosci","category-felietony","category-wiecej-swiatla"],"yoast_head":"<!-- This site is optimized with the Yoast SEO plugin v27.5 - https:\/\/yoast.com\/product\/yoast-seo-wordpress\/ -->\n<title>Tekturowy folwark w samo po\u0142udnie - NOTABENE.WORLD<\/title>\n<meta name=\"robots\" content=\"index, follow, max-snippet:-1, max-image-preview:large, max-video-preview:-1\" \/>\n<link rel=\"canonical\" href=\"https:\/\/notabene.world\/nb\/tekturowy-folwark-w-samo-poludnie\/\" \/>\n<meta property=\"og:locale\" content=\"pl_PL\" \/>\n<meta property=\"og:type\" content=\"article\" \/>\n<meta property=\"og:title\" content=\"Tekturowy folwark w samo po\u0142udnie - NOTABENE.WORLD\" \/>\n<meta property=\"og:description\" content=\"Ogary posz\u0142y w las... Chocia\u017c wszystkie polnische Schweine dawno ju\u017c odlecia\u0142y (na Zach\u00f3d), nach Deutschland, f\u00fcr Deutschland, smr\u00f3d i tak si\u0119 wylewa z polskiego chlewa. Hej, co si\u0119 porobi\u0142o z t\u0105 krain\u0105 z\u0142\u0105 (?) - jak \u015bpiewa Kazik. Upa\u0142 rozgrzewa dzi\u015b do czerrrwono\u015bci polsk\u0105 polityk\u0119. Na polsko-niemiecko-polskie pogranicze - niczym karaluchy - wype\u0142zaj\u0105 B\u0105kowicze. Hej. Prawdziwa polityka zawsze jest gorrr\u0105ca i dzieje si\u0119 wszak na pograniczu mi\u0142o\u015bci i nienawi\u015bci, czyli strachu. Jak zwyk\u0142 mawia\u0107 Machiawelli, je\u015bli lud nie mo\u017ce nas jednocze\u015bnie kocha\u0107 i nienawidzi\u0107, niechaj przynajmniej truchleje ze strachu. Cel u\u015bwi\u0119ca \u015brodki, a gdy z nieba bucha, najlepsza jest pseudopatriotyczna rozpierducha, od ucha do ucha. Hej. Machiaweliczni kataryniarze zn\u00f3w chwycili wiatr w \u017cagle, a my maluczcy pytamy, jak \u017cy\u0107, by nie o\u015blepi\u0142y nas przeb\u0142yski ich cynicznej inteligencji. Jak \u017cy\u0107 w tym amoku, by nie straci\u0107 wzroku? A mo\u017ce o to w\u0142a\u015bnie chodzi, by\u015bmy z mi\u0142o\u015bci do wodza o\u015blepli i przy okazji stracili rozum? Jednak nie ma takiej opcji, bo nikt nas nie przekona, \u017ce nasz \u015bwiat jest czarno-bia\u0142y albo tym bardziej bia\u0142o-czarny. Nasz \u015bwiat jest kolorowy i takim zostanie. Nie chcemy przecie\u017c szarych plam na s\u0142o\u0144cu. Hej.\" \/>\n<meta property=\"og:url\" content=\"https:\/\/notabene.world\/nb\/tekturowy-folwark-w-samo-poludnie\/\" \/>\n<meta property=\"og:site_name\" content=\"NOTABENE.WORLD\" \/>\n<meta property=\"article:publisher\" content=\"https:\/\/www.facebook.com\/Notabene.World\" \/>\n<meta property=\"article:published_time\" content=\"2025-07-03T08:00:00+00:00\" \/>\n<meta property=\"article:modified_time\" content=\"2025-07-17T01:56:03+00:00\" \/>\n<meta property=\"og:image\" content=\"https:\/\/notabene.world\/nb\/wp-content\/uploads\/2025\/07\/pimak.jpg\" \/>\n\t<meta property=\"og:image:width\" content=\"800\" \/>\n\t<meta property=\"og:image:height\" content=\"445\" \/>\n\t<meta property=\"og:image:type\" content=\"image\/jpeg\" \/>\n<meta name=\"author\" content=\"C vel K\" \/>\n<meta name=\"twitter:card\" content=\"summary_large_image\" \/>\n<meta name=\"twitter:label1\" content=\"Napisane przez\" \/>\n\t<meta name=\"twitter:data1\" content=\"C vel K\" \/>\n\t<meta name=\"twitter:label2\" content=\"Szacowany czas czytania\" \/>\n\t<meta name=\"twitter:data2\" content=\"3 minuty\" \/>\n<script type=\"application\/ld+json\" class=\"yoast-schema-graph\">{\"@context\":\"https:\\\/\\\/schema.org\",\"@graph\":[{\"@type\":\"Article\",\"@id\":\"https:\\\/\\\/notabene.world\\\/nb\\\/tekturowy-folwark-w-samo-poludnie\\\/#article\",\"isPartOf\":{\"@id\":\"https:\\\/\\\/notabene.world\\\/nb\\\/tekturowy-folwark-w-samo-poludnie\\\/\"},\"author\":{\"name\":\"C vel K\",\"@id\":\"https:\\\/\\\/notabene.world\\\/nb\\\/#\\\/schema\\\/person\\\/2227ed509f9261e544f6078919e1981d\"},\"headline\":\"Tekturowy folwark w samo po\u0142udnie\",\"datePublished\":\"2025-07-03T08:00:00+00:00\",\"dateModified\":\"2025-07-17T01:56:03+00:00\",\"mainEntityOfPage\":{\"@id\":\"https:\\\/\\\/notabene.world\\\/nb\\\/tekturowy-folwark-w-samo-poludnie\\\/\"},\"wordCount\":569,\"publisher\":{\"@id\":\"https:\\\/\\\/notabene.world\\\/nb\\\/#organization\"},\"image\":{\"@id\":\"https:\\\/\\\/notabene.world\\\/nb\\\/tekturowy-folwark-w-samo-poludnie\\\/#primaryimage\"},\"thumbnailUrl\":\"https:\\\/\\\/i0.wp.com\\\/notabene.world\\\/nb\\\/wp-content\\\/uploads\\\/2025\\\/07\\\/pimak.jpg?fit=800%2C445&ssl=1\",\"articleSection\":[\"Aktualno\u015bci\",\"Felietony\",\"WI\u0118CEJ \u015aWIAT(\u0141)A\"],\"inLanguage\":\"pl-PL\"},{\"@type\":\"WebPage\",\"@id\":\"https:\\\/\\\/notabene.world\\\/nb\\\/tekturowy-folwark-w-samo-poludnie\\\/\",\"url\":\"https:\\\/\\\/notabene.world\\\/nb\\\/tekturowy-folwark-w-samo-poludnie\\\/\",\"name\":\"Tekturowy folwark w samo po\u0142udnie - NOTABENE.WORLD\",\"isPartOf\":{\"@id\":\"https:\\\/\\\/notabene.world\\\/nb\\\/#website\"},\"primaryImageOfPage\":{\"@id\":\"https:\\\/\\\/notabene.world\\\/nb\\\/tekturowy-folwark-w-samo-poludnie\\\/#primaryimage\"},\"image\":{\"@id\":\"https:\\\/\\\/notabene.world\\\/nb\\\/tekturowy-folwark-w-samo-poludnie\\\/#primaryimage\"},\"thumbnailUrl\":\"https:\\\/\\\/i0.wp.com\\\/notabene.world\\\/nb\\\/wp-content\\\/uploads\\\/2025\\\/07\\\/pimak.jpg?fit=800%2C445&ssl=1\",\"datePublished\":\"2025-07-03T08:00:00+00:00\",\"dateModified\":\"2025-07-17T01:56:03+00:00\",\"breadcrumb\":{\"@id\":\"https:\\\/\\\/notabene.world\\\/nb\\\/tekturowy-folwark-w-samo-poludnie\\\/#breadcrumb\"},\"inLanguage\":\"pl-PL\",\"potentialAction\":[{\"@type\":\"ReadAction\",\"target\":[\"https:\\\/\\\/notabene.world\\\/nb\\\/tekturowy-folwark-w-samo-poludnie\\\/\"]}]},{\"@type\":\"ImageObject\",\"inLanguage\":\"pl-PL\",\"@id\":\"https:\\\/\\\/notabene.world\\\/nb\\\/tekturowy-folwark-w-samo-poludnie\\\/#primaryimage\",\"url\":\"https:\\\/\\\/i0.wp.com\\\/notabene.world\\\/nb\\\/wp-content\\\/uploads\\\/2025\\\/07\\\/pimak.jpg?fit=800%2C445&ssl=1\",\"contentUrl\":\"https:\\\/\\\/i0.wp.com\\\/notabene.world\\\/nb\\\/wp-content\\\/uploads\\\/2025\\\/07\\\/pimak.jpg?fit=800%2C445&ssl=1\",\"width\":800,\"height\":445},{\"@type\":\"BreadcrumbList\",\"@id\":\"https:\\\/\\\/notabene.world\\\/nb\\\/tekturowy-folwark-w-samo-poludnie\\\/#breadcrumb\",\"itemListElement\":[{\"@type\":\"ListItem\",\"position\":1,\"name\":\"Home\",\"item\":\"https:\\\/\\\/notabene.world\\\/nb\\\/\"},{\"@type\":\"ListItem\",\"position\":2,\"name\":\"Tekturowy folwark w samo po\u0142udnie\"}]},{\"@type\":\"WebSite\",\"@id\":\"https:\\\/\\\/notabene.world\\\/nb\\\/#website\",\"url\":\"https:\\\/\\\/notabene.world\\\/nb\\\/\",\"name\":\"NOTABENE.WORLD\",\"description\":\"Przekaz. Warto\u015bci. Wsp\u00f3lnota.\",\"publisher\":{\"@id\":\"https:\\\/\\\/notabene.world\\\/nb\\\/#organization\"},\"potentialAction\":[{\"@type\":\"SearchAction\",\"target\":{\"@type\":\"EntryPoint\",\"urlTemplate\":\"https:\\\/\\\/notabene.world\\\/nb\\\/?s={search_term_string}\"},\"query-input\":{\"@type\":\"PropertyValueSpecification\",\"valueRequired\":true,\"valueName\":\"search_term_string\"}}],\"inLanguage\":\"pl-PL\"},{\"@type\":\"Organization\",\"@id\":\"https:\\\/\\\/notabene.world\\\/nb\\\/#organization\",\"name\":\"NOTABENE.WORLD\",\"url\":\"https:\\\/\\\/notabene.world\\\/nb\\\/\",\"logo\":{\"@type\":\"ImageObject\",\"inLanguage\":\"pl-PL\",\"@id\":\"https:\\\/\\\/notabene.world\\\/nb\\\/#\\\/schema\\\/logo\\\/image\\\/\",\"url\":\"https:\\\/\\\/notabene.world\\\/nb\\\/wp-content\\\/uploads\\\/2022\\\/01\\\/NB-club-start-www1.jpg\",\"contentUrl\":\"https:\\\/\\\/notabene.world\\\/nb\\\/wp-content\\\/uploads\\\/2022\\\/01\\\/NB-club-start-www1.jpg\",\"width\":1000,\"height\":839,\"caption\":\"NOTABENE.WORLD\"},\"image\":{\"@id\":\"https:\\\/\\\/notabene.world\\\/nb\\\/#\\\/schema\\\/logo\\\/image\\\/\"},\"sameAs\":[\"https:\\\/\\\/www.facebook.com\\\/Notabene.World\"]},{\"@type\":\"Person\",\"@id\":\"https:\\\/\\\/notabene.world\\\/nb\\\/#\\\/schema\\\/person\\\/2227ed509f9261e544f6078919e1981d\",\"name\":\"C vel K\",\"image\":{\"@type\":\"ImageObject\",\"inLanguage\":\"pl-PL\",\"@id\":\"https:\\\/\\\/secure.gravatar.com\\\/avatar\\\/da4181237ddf77c667487dd66af5231faaf45fbcb0774d7a408f868da56bf04c?s=96&d=mm&r=g\",\"url\":\"https:\\\/\\\/secure.gravatar.com\\\/avatar\\\/da4181237ddf77c667487dd66af5231faaf45fbcb0774d7a408f868da56bf04c?s=96&d=mm&r=g\",\"contentUrl\":\"https:\\\/\\\/secure.gravatar.com\\\/avatar\\\/da4181237ddf77c667487dd66af5231faaf45fbcb0774d7a408f868da56bf04c?s=96&d=mm&r=g\",\"caption\":\"C vel K\"},\"url\":\"https:\\\/\\\/notabene.world\\\/nb\\\/author\\\/kcedro\\\/\"}]}<\/script>\n<!-- \/ Yoast SEO plugin. -->","yoast_head_json":{"title":"Tekturowy folwark w samo po\u0142udnie - NOTABENE.WORLD","robots":{"index":"index","follow":"follow","max-snippet":"max-snippet:-1","max-image-preview":"max-image-preview:large","max-video-preview":"max-video-preview:-1"},"canonical":"https:\/\/notabene.world\/nb\/tekturowy-folwark-w-samo-poludnie\/","og_locale":"pl_PL","og_type":"article","og_title":"Tekturowy folwark w samo po\u0142udnie - NOTABENE.WORLD","og_description":"Ogary posz\u0142y w las... Chocia\u017c wszystkie polnische Schweine dawno ju\u017c odlecia\u0142y (na Zach\u00f3d), nach Deutschland, f\u00fcr Deutschland, smr\u00f3d i tak si\u0119 wylewa z polskiego chlewa. Hej, co si\u0119 porobi\u0142o z t\u0105 krain\u0105 z\u0142\u0105 (?) - jak \u015bpiewa Kazik. Upa\u0142 rozgrzewa dzi\u015b do czerrrwono\u015bci polsk\u0105 polityk\u0119. Na polsko-niemiecko-polskie pogranicze - niczym karaluchy - wype\u0142zaj\u0105 B\u0105kowicze. Hej. Prawdziwa polityka zawsze jest gorrr\u0105ca i dzieje si\u0119 wszak na pograniczu mi\u0142o\u015bci i nienawi\u015bci, czyli strachu. Jak zwyk\u0142 mawia\u0107 Machiawelli, je\u015bli lud nie mo\u017ce nas jednocze\u015bnie kocha\u0107 i nienawidzi\u0107, niechaj przynajmniej truchleje ze strachu. Cel u\u015bwi\u0119ca \u015brodki, a gdy z nieba bucha, najlepsza jest pseudopatriotyczna rozpierducha, od ucha do ucha. Hej. Machiaweliczni kataryniarze zn\u00f3w chwycili wiatr w \u017cagle, a my maluczcy pytamy, jak \u017cy\u0107, by nie o\u015blepi\u0142y nas przeb\u0142yski ich cynicznej inteligencji. Jak \u017cy\u0107 w tym amoku, by nie straci\u0107 wzroku? A mo\u017ce o to w\u0142a\u015bnie chodzi, by\u015bmy z mi\u0142o\u015bci do wodza o\u015blepli i przy okazji stracili rozum? Jednak nie ma takiej opcji, bo nikt nas nie przekona, \u017ce nasz \u015bwiat jest czarno-bia\u0142y albo tym bardziej bia\u0142o-czarny. Nasz \u015bwiat jest kolorowy i takim zostanie. Nie chcemy przecie\u017c szarych plam na s\u0142o\u0144cu. Hej.","og_url":"https:\/\/notabene.world\/nb\/tekturowy-folwark-w-samo-poludnie\/","og_site_name":"NOTABENE.WORLD","article_publisher":"https:\/\/www.facebook.com\/Notabene.World","article_published_time":"2025-07-03T08:00:00+00:00","article_modified_time":"2025-07-17T01:56:03+00:00","og_image":[{"width":800,"height":445,"url":"https:\/\/notabene.world\/nb\/wp-content\/uploads\/2025\/07\/pimak.jpg","type":"image\/jpeg"}],"author":"C vel K","twitter_card":"summary_large_image","twitter_misc":{"Napisane przez":"C vel K","Szacowany czas czytania":"3 minuty"},"schema":{"@context":"https:\/\/schema.org","@graph":[{"@type":"Article","@id":"https:\/\/notabene.world\/nb\/tekturowy-folwark-w-samo-poludnie\/#article","isPartOf":{"@id":"https:\/\/notabene.world\/nb\/tekturowy-folwark-w-samo-poludnie\/"},"author":{"name":"C vel K","@id":"https:\/\/notabene.world\/nb\/#\/schema\/person\/2227ed509f9261e544f6078919e1981d"},"headline":"Tekturowy folwark w samo po\u0142udnie","datePublished":"2025-07-03T08:00:00+00:00","dateModified":"2025-07-17T01:56:03+00:00","mainEntityOfPage":{"@id":"https:\/\/notabene.world\/nb\/tekturowy-folwark-w-samo-poludnie\/"},"wordCount":569,"publisher":{"@id":"https:\/\/notabene.world\/nb\/#organization"},"image":{"@id":"https:\/\/notabene.world\/nb\/tekturowy-folwark-w-samo-poludnie\/#primaryimage"},"thumbnailUrl":"https:\/\/i0.wp.com\/notabene.world\/nb\/wp-content\/uploads\/2025\/07\/pimak.jpg?fit=800%2C445&ssl=1","articleSection":["Aktualno\u015bci","Felietony","WI\u0118CEJ \u015aWIAT(\u0141)A"],"inLanguage":"pl-PL"},{"@type":"WebPage","@id":"https:\/\/notabene.world\/nb\/tekturowy-folwark-w-samo-poludnie\/","url":"https:\/\/notabene.world\/nb\/tekturowy-folwark-w-samo-poludnie\/","name":"Tekturowy folwark w samo po\u0142udnie - NOTABENE.WORLD","isPartOf":{"@id":"https:\/\/notabene.world\/nb\/#website"},"primaryImageOfPage":{"@id":"https:\/\/notabene.world\/nb\/tekturowy-folwark-w-samo-poludnie\/#primaryimage"},"image":{"@id":"https:\/\/notabene.world\/nb\/tekturowy-folwark-w-samo-poludnie\/#primaryimage"},"thumbnailUrl":"https:\/\/i0.wp.com\/notabene.world\/nb\/wp-content\/uploads\/2025\/07\/pimak.jpg?fit=800%2C445&ssl=1","datePublished":"2025-07-03T08:00:00+00:00","dateModified":"2025-07-17T01:56:03+00:00","breadcrumb":{"@id":"https:\/\/notabene.world\/nb\/tekturowy-folwark-w-samo-poludnie\/#breadcrumb"},"inLanguage":"pl-PL","potentialAction":[{"@type":"ReadAction","target":["https:\/\/notabene.world\/nb\/tekturowy-folwark-w-samo-poludnie\/"]}]},{"@type":"ImageObject","inLanguage":"pl-PL","@id":"https:\/\/notabene.world\/nb\/tekturowy-folwark-w-samo-poludnie\/#primaryimage","url":"https:\/\/i0.wp.com\/notabene.world\/nb\/wp-content\/uploads\/2025\/07\/pimak.jpg?fit=800%2C445&ssl=1","contentUrl":"https:\/\/i0.wp.com\/notabene.world\/nb\/wp-content\/uploads\/2025\/07\/pimak.jpg?fit=800%2C445&ssl=1","width":800,"height":445},{"@type":"BreadcrumbList","@id":"https:\/\/notabene.world\/nb\/tekturowy-folwark-w-samo-poludnie\/#breadcrumb","itemListElement":[{"@type":"ListItem","position":1,"name":"Home","item":"https:\/\/notabene.world\/nb\/"},{"@type":"ListItem","position":2,"name":"Tekturowy folwark w samo po\u0142udnie"}]},{"@type":"WebSite","@id":"https:\/\/notabene.world\/nb\/#website","url":"https:\/\/notabene.world\/nb\/","name":"NOTABENE.WORLD","description":"Przekaz. Warto\u015bci. Wsp\u00f3lnota.","publisher":{"@id":"https:\/\/notabene.world\/nb\/#organization"},"potentialAction":[{"@type":"SearchAction","target":{"@type":"EntryPoint","urlTemplate":"https:\/\/notabene.world\/nb\/?s={search_term_string}"},"query-input":{"@type":"PropertyValueSpecification","valueRequired":true,"valueName":"search_term_string"}}],"inLanguage":"pl-PL"},{"@type":"Organization","@id":"https:\/\/notabene.world\/nb\/#organization","name":"NOTABENE.WORLD","url":"https:\/\/notabene.world\/nb\/","logo":{"@type":"ImageObject","inLanguage":"pl-PL","@id":"https:\/\/notabene.world\/nb\/#\/schema\/logo\/image\/","url":"https:\/\/notabene.world\/nb\/wp-content\/uploads\/2022\/01\/NB-club-start-www1.jpg","contentUrl":"https:\/\/notabene.world\/nb\/wp-content\/uploads\/2022\/01\/NB-club-start-www1.jpg","width":1000,"height":839,"caption":"NOTABENE.WORLD"},"image":{"@id":"https:\/\/notabene.world\/nb\/#\/schema\/logo\/image\/"},"sameAs":["https:\/\/www.facebook.com\/Notabene.World"]},{"@type":"Person","@id":"https:\/\/notabene.world\/nb\/#\/schema\/person\/2227ed509f9261e544f6078919e1981d","name":"C vel K","image":{"@type":"ImageObject","inLanguage":"pl-PL","@id":"https:\/\/secure.gravatar.com\/avatar\/da4181237ddf77c667487dd66af5231faaf45fbcb0774d7a408f868da56bf04c?s=96&d=mm&r=g","url":"https:\/\/secure.gravatar.com\/avatar\/da4181237ddf77c667487dd66af5231faaf45fbcb0774d7a408f868da56bf04c?s=96&d=mm&r=g","contentUrl":"https:\/\/secure.gravatar.com\/avatar\/da4181237ddf77c667487dd66af5231faaf45fbcb0774d7a408f868da56bf04c?s=96&d=mm&r=g","caption":"C vel K"},"url":"https:\/\/notabene.world\/nb\/author\/kcedro\/"}]}},"jetpack_featured_media_url":"https:\/\/i0.wp.com\/notabene.world\/nb\/wp-content\/uploads\/2025\/07\/pimak.jpg?fit=800%2C445&ssl=1","jetpack_sharing_enabled":true,"jetpack_shortlink":"https:\/\/wp.me\/pdCobN-3Ue","_links":{"self":[{"href":"https:\/\/notabene.world\/nb\/wp-json\/wp\/v2\/posts\/15018","targetHints":{"allow":["GET"]}}],"collection":[{"href":"https:\/\/notabene.world\/nb\/wp-json\/wp\/v2\/posts"}],"about":[{"href":"https:\/\/notabene.world\/nb\/wp-json\/wp\/v2\/types\/post"}],"author":[{"embeddable":true,"href":"https:\/\/notabene.world\/nb\/wp-json\/wp\/v2\/users\/1"}],"replies":[{"embeddable":true,"href":"https:\/\/notabene.world\/nb\/wp-json\/wp\/v2\/comments?post=15018"}],"version-history":[{"count":5,"href":"https:\/\/notabene.world\/nb\/wp-json\/wp\/v2\/posts\/15018\/revisions"}],"predecessor-version":[{"id":15778,"href":"https:\/\/notabene.world\/nb\/wp-json\/wp\/v2\/posts\/15018\/revisions\/15778"}],"wp:featuredmedia":[{"embeddable":true,"href":"https:\/\/notabene.world\/nb\/wp-json\/wp\/v2\/media\/15045"}],"wp:attachment":[{"href":"https:\/\/notabene.world\/nb\/wp-json\/wp\/v2\/media?parent=15018"}],"wp:term":[{"taxonomy":"category","embeddable":true,"href":"https:\/\/notabene.world\/nb\/wp-json\/wp\/v2\/categories?post=15018"},{"taxonomy":"post_tag","embeddable":true,"href":"https:\/\/notabene.world\/nb\/wp-json\/wp\/v2\/tags?post=15018"}],"curies":[{"name":"wp","href":"https:\/\/api.w.org\/{rel}","templated":true}]}}