{"id":1505,"date":"2026-03-11T21:08:54","date_gmt":"2026-03-11T21:08:54","guid":{"rendered":"https:\/\/notabene.world\/nb\/?p=1505"},"modified":"2026-04-06T09:52:03","modified_gmt":"2026-04-06T09:52:03","slug":"byc-czyli-miec","status":"publish","type":"post","link":"https:\/\/notabene.world\/nb\/byc-czyli-miec\/","title":{"rendered":"Nie ma, jak na wsi. By\u0107, czyli mie\u0107"},"content":{"rendered":"\n<p class=\"has-text-align-right\"><em>Czytajcie i cieszcie si\u0119 szcz\u0119\u015bciem innych, a b\u0119dzie Wam dane<\/em><\/p>\n\n\n<p>Nie ma, jak na wsi. Za okno zerkam i miesza mi si\u0119 wszystko, gdy o \u015bwicie niespodzianie puka do mych drzwi wietrzysko. Widz\u0119 pastwisko. Z oddali s\u0142ycha\u0107 burzy \u015bwist. To przyszed\u0142 list. Nim go otworz\u0119, patrz\u0119 w lustro. Po nocy dniowi patrz\u0119 w oczy. Serce mocniej bije czy raczej klekocze? Tego nie wiem, lecz do szcz\u0119\u015bcia biegn\u0119 i ju\u017c.<\/p>\n<p>Cz\u0119sto nad ranem z Kielc do Lublina zmierzam &#8211; przez Sycyn\u0119, Zwole\u0144 i Czarnolas. Po drodze \u2013 jak zawsze \u2013 mijam ma\u0142\u0105 wie\u015b Szcz\u0119\u015bcie, nazwan\u0105 tak zapewne na cze\u015b\u0107 Jana Kochanowskiego. Tak w\u0142a\u015bnie sobie wyobra\u017cam \u201cwie\u015b spokojn\u0105, wie\u015b weso\u0142\u0105\u201d, gdzie mimo ch\u0142odu, nie ma g\u0142odu, a faunowie skacz\u0105 rado\u015bnie po lesie, szcz\u0119\u015bliwi gospodarze za\u015b wieczorami licz\u0105 wracaj\u0105ce z pola ekstatycznie rycz\u0105ce byd\u0142o.<\/p>\n<p>Od czas\u00f3w wieszcza wiele si\u0119 tu zmieni\u0142o, bo obecnie w Szcz\u0119\u015bciu &#8211; bez wzgl\u0119du na por\u0119 &#8211; ze \u015bwiec\u0105 szuka\u0107 by byd\u0142a jakiego\u015b. No w\u0142a\u015bnie, gdzie si\u0119 podzia\u0142y te krowy szcz\u0119\u015bliwe i \u015bwi\u0119te? Pewnie \u015bpi\u0105 jeszcze b\u0105d\u017a te\u017c wyemigrowa\u0142y. Wykl\u0119te? Muuuuu&#8230;<\/p>\n<p>Skoro o szcz\u0119\u015bciu mowa, nie spos\u00f3b nie podda\u0107 si\u0119 metafizyce i nie wspomnie\u0107 o Arystotelesie. Wed\u0142ug niego by\u0107 szcz\u0119\u015bliwym, to \u201cdobrze \u017cy\u0107 i dobrze si\u0119 mie\u0107\u201d. Szcz\u0119\u015bcie zatem to bardziej spos\u00f3b \u017cycia ni\u017c stan materialny. Szcz\u0119\u015bcie to najwy\u017csze pragnienie wszelkich istot ludzkich.<\/p>\n<p>Skoro zatem szcz\u0119\u015bcie jest w nas, to droga do niego prowadzi poprzez rozwa\u017cne piel\u0119gnowanie w sobie cn\u00f3t najszlachetniejszych. Indywidualne szcz\u0119\u015bcie splecione jest te\u017c ze szcz\u0119\u015bciem zbiorowym, z trosk\u0105 o dobro wsp\u00f3lne. Im bardziej sami jeste\u015bmy szcz\u0119\u015bliwi, tym szcz\u0119\u015bliwszymi czynimy naszych wsp\u00f3\u0142obywateli. By\u0107 szcz\u0119\u015bliwym, to mie\u0107 szcz\u0119\u015bcie i potrafi\u0107 si\u0119 nim dzieli\u0107. Wtedy nigdy nam szcz\u0119\u015bcia nie zabraknie.<\/p>\n<p>Sam wiem, \u017ce to nie sen.<\/p>\n\n\n<figure class=\"wp-block-image size-full\"><img data-recalc-dims=\"1\" loading=\"lazy\" decoding=\"async\" width=\"800\" height=\"445\" src=\"https:\/\/i0.wp.com\/notabene.world\/nb\/wp-content\/uploads\/2025\/03\/szcz.jpeg?resize=800%2C445&#038;ssl=1\" alt=\"\" class=\"wp-image-16034\" srcset=\"https:\/\/i0.wp.com\/notabene.world\/nb\/wp-content\/uploads\/2025\/03\/szcz.jpeg?w=800&amp;ssl=1 800w, https:\/\/i0.wp.com\/notabene.world\/nb\/wp-content\/uploads\/2025\/03\/szcz.jpeg?resize=300%2C167&amp;ssl=1 300w, https:\/\/i0.wp.com\/notabene.world\/nb\/wp-content\/uploads\/2025\/03\/szcz.jpeg?resize=768%2C427&amp;ssl=1 768w\" sizes=\"auto, (max-width: 800px) 100vw, 800px\" \/><\/figure>\n\n\n\n<p class=\"has-text-align-right\"><\/p>\n\n\n\n<figure class=\"wp-block-image aligncenter size-full\"><img data-recalc-dims=\"1\" loading=\"lazy\" decoding=\"async\" width=\"800\" height=\"445\" src=\"https:\/\/i0.wp.com\/notabene.world\/nb\/wp-content\/uploads\/2025\/03\/arist-szcz1.jpeg?resize=800%2C445&#038;ssl=1\" alt=\"\" class=\"wp-image-14273\" srcset=\"https:\/\/i0.wp.com\/notabene.world\/nb\/wp-content\/uploads\/2025\/03\/arist-szcz1.jpeg?w=800&amp;ssl=1 800w, https:\/\/i0.wp.com\/notabene.world\/nb\/wp-content\/uploads\/2025\/03\/arist-szcz1.jpeg?resize=300%2C167&amp;ssl=1 300w, https:\/\/i0.wp.com\/notabene.world\/nb\/wp-content\/uploads\/2025\/03\/arist-szcz1.jpeg?resize=768%2C427&amp;ssl=1 768w\" sizes=\"auto, (max-width: 800px) 100vw, 800px\" \/><\/figure>\n","protected":false},"excerpt":{"rendered":"<p>Cz\u0119sto nad ranem z Kielc do Lublina zmierzam &#8211; przez Sycyn\u0119, Zwole\u0144 i Czarnolas. Po drodze \u2013 jak zawsze \u2013 mijam ma\u0142\u0105 wie\u015b Szcz\u0119\u015bcie, nazwan\u0105 tak zapewne na cze\u015b\u0107 Jana Kochanowskiego.<br \/>\n<br \/>\nTak w\u0142a\u015bnie sobie wyobra\u017cam \u201cwie\u015b spokojn\u0105, wie\u015b weso\u0142\u0105\u201d, gdzie mimo ch\u0142odu, nie ma g\u0142odu, a faunowie skacz\u0105 rado\u015bnie po lesie, szcz\u0119\u015bliwi gospodarze za\u015b wieczorami licz\u0105 wracaj\u0105ce z pola ekstatycznie rycz\u0105ce byd\u0142o.<br \/>\n<br \/>\nOd czas\u00f3w wieszcza wiele si\u0119 tu zmieni\u0142o, bo obecnie w Szcz\u0119\u015bciu &#8211; bez wzgl\u0119du na por\u0119 &#8211; ze \u015bwiec\u0105 szuka\u0107 by byd\u0142a jakiego\u015b. No w\u0142a\u015bnie, gdzie si\u0119 podzia\u0142y te krowy szcz\u0119\u015bliwe i \u015bwi\u0119te? Pewnie \u015bpi\u0105 jeszcze b\u0105d\u017a te\u017c wyemigrowa\u0142y. Wykl\u0119te?<br \/>\n<br \/>\nSkoro o szcz\u0119\u015bciu mowa, nie spos\u00f3b nie podda\u0107 si\u0119 metafizyce i nie wspomnie\u0107 o Arystotelesie. Wed\u0142ug niego by\u0107 szcz\u0119\u015bliwym, to \u201cdobrze \u017cy\u0107 i dobrze si\u0119 mie\u0107\u201d. Szcz\u0119\u015bcie zatem to bardziej spos\u00f3b \u017cycia ni\u017c stan materialny. Szcz\u0119\u015bcie to najwy\u017csze pragnienie wszelkich istot ludzkich.<br \/>\n<br \/>\nSkoro zatem szcz\u0119\u015bcie jest w nas, to droga do niego prowadzi poprzez rozwa\u017cne piel\u0119gnowanie w sobie cn\u00f3t najszlachetniejszych. Indywidualne szcz\u0119\u015bcie splecione jest te\u017c ze szcz\u0119\u015bciem zbiorowym, z trosk\u0105 o dobro wsp\u00f3lne.<br \/>\n<br \/>\nIm bardziej sami jeste\u015bmy szcz\u0119\u015bliwi, tym szcz\u0119\u015bliwszymi czynimy naszych wsp\u00f3\u0142obywateli. By\u0107 szcz\u0119\u015bliwym, to mie\u0107 szcz\u0119\u015bcie i potrafi\u0107 si\u0119 nim dzieli\u0107. Wtedy nigdy nam szcz\u0119\u015bcia nie zabraknie.<\/p>\n","protected":false},"author":1,"featured_media":16033,"comment_status":"closed","ping_status":"closed","sticky":false,"template":"","format":"standard","meta":{"colormag_page_container_layout":"no_sidebar_content_centered","colormag_page_sidebar_layout":"no_sidebar","_jetpack_memberships_contains_paid_content":false,"footnotes":"","_links_to":"","_links_to_target":""},"categories":[64,42,48],"tags":[],"class_list":["post-1505","post","type-post","status-publish","format-standard","has-post-thumbnail","hentry","category-aktualnosci","category-felietony","category-wiecej-swiatla"],"yoast_head":"<!-- This site is optimized with the Yoast SEO plugin v27.4 - https:\/\/yoast.com\/product\/yoast-seo-wordpress\/ -->\n<title>Nie ma, jak na wsi. By\u0107, czyli mie\u0107 - NOTABENE.WORLD<\/title>\n<meta name=\"robots\" content=\"index, follow, max-snippet:-1, max-image-preview:large, max-video-preview:-1\" \/>\n<link rel=\"canonical\" href=\"https:\/\/notabene.world\/nb\/byc-czyli-miec\/\" \/>\n<meta property=\"og:locale\" content=\"pl_PL\" \/>\n<meta property=\"og:type\" content=\"article\" \/>\n<meta property=\"og:title\" content=\"Nie ma, jak na wsi. By\u0107, czyli mie\u0107 - NOTABENE.WORLD\" \/>\n<meta property=\"og:description\" content=\"Cz\u0119sto nad ranem z Kielc do Lublina zmierzam - przez Sycyn\u0119, Zwole\u0144 i Czarnolas. Po drodze \u2013 jak zawsze \u2013 mijam ma\u0142\u0105 wie\u015b Szcz\u0119\u015bcie, nazwan\u0105 tak zapewne na cze\u015b\u0107 Jana Kochanowskiego. Tak w\u0142a\u015bnie sobie wyobra\u017cam \u201cwie\u015b spokojn\u0105, wie\u015b weso\u0142\u0105\u201d, gdzie mimo ch\u0142odu, nie ma g\u0142odu, a faunowie skacz\u0105 rado\u015bnie po lesie, szcz\u0119\u015bliwi gospodarze za\u015b wieczorami licz\u0105 wracaj\u0105ce z pola ekstatycznie rycz\u0105ce byd\u0142o. Od czas\u00f3w wieszcza wiele si\u0119 tu zmieni\u0142o, bo obecnie w Szcz\u0119\u015bciu - bez wzgl\u0119du na por\u0119 - ze \u015bwiec\u0105 szuka\u0107 by byd\u0142a jakiego\u015b. No w\u0142a\u015bnie, gdzie si\u0119 podzia\u0142y te krowy szcz\u0119\u015bliwe i \u015bwi\u0119te? Pewnie \u015bpi\u0105 jeszcze b\u0105d\u017a te\u017c wyemigrowa\u0142y. Wykl\u0119te? Skoro o szcz\u0119\u015bciu mowa, nie spos\u00f3b nie podda\u0107 si\u0119 metafizyce i nie wspomnie\u0107 o Arystotelesie. Wed\u0142ug niego by\u0107 szcz\u0119\u015bliwym, to \u201cdobrze \u017cy\u0107 i dobrze si\u0119 mie\u0107\u201d. Szcz\u0119\u015bcie zatem to bardziej spos\u00f3b \u017cycia ni\u017c stan materialny. Szcz\u0119\u015bcie to najwy\u017csze pragnienie wszelkich istot ludzkich. Skoro zatem szcz\u0119\u015bcie jest w nas, to droga do niego prowadzi poprzez rozwa\u017cne piel\u0119gnowanie w sobie cn\u00f3t najszlachetniejszych. Indywidualne szcz\u0119\u015bcie splecione jest te\u017c ze szcz\u0119\u015bciem zbiorowym, z trosk\u0105 o dobro wsp\u00f3lne. Im bardziej sami jeste\u015bmy szcz\u0119\u015bliwi, tym szcz\u0119\u015bliwszymi czynimy naszych wsp\u00f3\u0142obywateli. By\u0107 szcz\u0119\u015bliwym, to mie\u0107 szcz\u0119\u015bcie i potrafi\u0107 si\u0119 nim dzieli\u0107. Wtedy nigdy nam szcz\u0119\u015bcia nie zabraknie.\" \/>\n<meta property=\"og:url\" content=\"https:\/\/notabene.world\/nb\/byc-czyli-miec\/\" \/>\n<meta property=\"og:site_name\" content=\"NOTABENE.WORLD\" \/>\n<meta property=\"article:publisher\" content=\"https:\/\/www.facebook.com\/Notabene.World\" \/>\n<meta property=\"article:published_time\" content=\"2026-03-11T21:08:54+00:00\" \/>\n<meta property=\"article:modified_time\" content=\"2026-04-06T09:52:03+00:00\" \/>\n<meta property=\"og:image\" content=\"https:\/\/notabene.world\/nb\/wp-content\/uploads\/2025\/03\/ha25.jpg\" \/>\n\t<meta property=\"og:image:width\" content=\"800\" \/>\n\t<meta property=\"og:image:height\" content=\"445\" \/>\n\t<meta property=\"og:image:type\" content=\"image\/jpeg\" \/>\n<meta name=\"author\" content=\"C vel K\" \/>\n<meta name=\"twitter:card\" content=\"summary_large_image\" \/>\n<meta name=\"twitter:label1\" content=\"Napisane przez\" \/>\n\t<meta name=\"twitter:data1\" content=\"C vel K\" \/>\n\t<meta name=\"twitter:label2\" content=\"Szacowany czas czytania\" \/>\n\t<meta name=\"twitter:data2\" content=\"3 minuty\" \/>\n<script type=\"application\/ld+json\" class=\"yoast-schema-graph\">{\"@context\":\"https:\\\/\\\/schema.org\",\"@graph\":[{\"@type\":\"Article\",\"@id\":\"https:\\\/\\\/notabene.world\\\/nb\\\/byc-czyli-miec\\\/#article\",\"isPartOf\":{\"@id\":\"https:\\\/\\\/notabene.world\\\/nb\\\/byc-czyli-miec\\\/\"},\"author\":{\"name\":\"C vel K\",\"@id\":\"https:\\\/\\\/notabene.world\\\/nb\\\/#\\\/schema\\\/person\\\/2227ed509f9261e544f6078919e1981d\"},\"headline\":\"Nie ma, jak na wsi. By\u0107, czyli mie\u0107\",\"datePublished\":\"2026-03-11T21:08:54+00:00\",\"dateModified\":\"2026-04-06T09:52:03+00:00\",\"mainEntityOfPage\":{\"@id\":\"https:\\\/\\\/notabene.world\\\/nb\\\/byc-czyli-miec\\\/\"},\"wordCount\":334,\"publisher\":{\"@id\":\"https:\\\/\\\/notabene.world\\\/nb\\\/#organization\"},\"image\":{\"@id\":\"https:\\\/\\\/notabene.world\\\/nb\\\/byc-czyli-miec\\\/#primaryimage\"},\"thumbnailUrl\":\"https:\\\/\\\/i0.wp.com\\\/notabene.world\\\/nb\\\/wp-content\\\/uploads\\\/2025\\\/03\\\/ha25.jpg?fit=800%2C445&ssl=1\",\"articleSection\":[\"Aktualno\u015bci\",\"Felietony\",\"WI\u0118CEJ \u015aWIAT(\u0141)A\"],\"inLanguage\":\"pl-PL\"},{\"@type\":\"WebPage\",\"@id\":\"https:\\\/\\\/notabene.world\\\/nb\\\/byc-czyli-miec\\\/\",\"url\":\"https:\\\/\\\/notabene.world\\\/nb\\\/byc-czyli-miec\\\/\",\"name\":\"Nie ma, jak na wsi. By\u0107, czyli mie\u0107 - NOTABENE.WORLD\",\"isPartOf\":{\"@id\":\"https:\\\/\\\/notabene.world\\\/nb\\\/#website\"},\"primaryImageOfPage\":{\"@id\":\"https:\\\/\\\/notabene.world\\\/nb\\\/byc-czyli-miec\\\/#primaryimage\"},\"image\":{\"@id\":\"https:\\\/\\\/notabene.world\\\/nb\\\/byc-czyli-miec\\\/#primaryimage\"},\"thumbnailUrl\":\"https:\\\/\\\/i0.wp.com\\\/notabene.world\\\/nb\\\/wp-content\\\/uploads\\\/2025\\\/03\\\/ha25.jpg?fit=800%2C445&ssl=1\",\"datePublished\":\"2026-03-11T21:08:54+00:00\",\"dateModified\":\"2026-04-06T09:52:03+00:00\",\"breadcrumb\":{\"@id\":\"https:\\\/\\\/notabene.world\\\/nb\\\/byc-czyli-miec\\\/#breadcrumb\"},\"inLanguage\":\"pl-PL\",\"potentialAction\":[{\"@type\":\"ReadAction\",\"target\":[\"https:\\\/\\\/notabene.world\\\/nb\\\/byc-czyli-miec\\\/\"]}]},{\"@type\":\"ImageObject\",\"inLanguage\":\"pl-PL\",\"@id\":\"https:\\\/\\\/notabene.world\\\/nb\\\/byc-czyli-miec\\\/#primaryimage\",\"url\":\"https:\\\/\\\/i0.wp.com\\\/notabene.world\\\/nb\\\/wp-content\\\/uploads\\\/2025\\\/03\\\/ha25.jpg?fit=800%2C445&ssl=1\",\"contentUrl\":\"https:\\\/\\\/i0.wp.com\\\/notabene.world\\\/nb\\\/wp-content\\\/uploads\\\/2025\\\/03\\\/ha25.jpg?fit=800%2C445&ssl=1\",\"width\":800,\"height\":445},{\"@type\":\"BreadcrumbList\",\"@id\":\"https:\\\/\\\/notabene.world\\\/nb\\\/byc-czyli-miec\\\/#breadcrumb\",\"itemListElement\":[{\"@type\":\"ListItem\",\"position\":1,\"name\":\"Home\",\"item\":\"https:\\\/\\\/notabene.world\\\/nb\\\/\"},{\"@type\":\"ListItem\",\"position\":2,\"name\":\"Nie ma, jak na wsi. By\u0107, czyli mie\u0107\"}]},{\"@type\":\"WebSite\",\"@id\":\"https:\\\/\\\/notabene.world\\\/nb\\\/#website\",\"url\":\"https:\\\/\\\/notabene.world\\\/nb\\\/\",\"name\":\"NOTABENE.WORLD\",\"description\":\"Przekaz. Warto\u015bci. Wsp\u00f3lnota.\",\"publisher\":{\"@id\":\"https:\\\/\\\/notabene.world\\\/nb\\\/#organization\"},\"potentialAction\":[{\"@type\":\"SearchAction\",\"target\":{\"@type\":\"EntryPoint\",\"urlTemplate\":\"https:\\\/\\\/notabene.world\\\/nb\\\/?s={search_term_string}\"},\"query-input\":{\"@type\":\"PropertyValueSpecification\",\"valueRequired\":true,\"valueName\":\"search_term_string\"}}],\"inLanguage\":\"pl-PL\"},{\"@type\":\"Organization\",\"@id\":\"https:\\\/\\\/notabene.world\\\/nb\\\/#organization\",\"name\":\"NOTABENE.WORLD\",\"url\":\"https:\\\/\\\/notabene.world\\\/nb\\\/\",\"logo\":{\"@type\":\"ImageObject\",\"inLanguage\":\"pl-PL\",\"@id\":\"https:\\\/\\\/notabene.world\\\/nb\\\/#\\\/schema\\\/logo\\\/image\\\/\",\"url\":\"https:\\\/\\\/notabene.world\\\/nb\\\/wp-content\\\/uploads\\\/2022\\\/01\\\/NB-club-start-www1.jpg\",\"contentUrl\":\"https:\\\/\\\/notabene.world\\\/nb\\\/wp-content\\\/uploads\\\/2022\\\/01\\\/NB-club-start-www1.jpg\",\"width\":1000,\"height\":839,\"caption\":\"NOTABENE.WORLD\"},\"image\":{\"@id\":\"https:\\\/\\\/notabene.world\\\/nb\\\/#\\\/schema\\\/logo\\\/image\\\/\"},\"sameAs\":[\"https:\\\/\\\/www.facebook.com\\\/Notabene.World\"]},{\"@type\":\"Person\",\"@id\":\"https:\\\/\\\/notabene.world\\\/nb\\\/#\\\/schema\\\/person\\\/2227ed509f9261e544f6078919e1981d\",\"name\":\"C vel K\",\"image\":{\"@type\":\"ImageObject\",\"inLanguage\":\"pl-PL\",\"@id\":\"https:\\\/\\\/secure.gravatar.com\\\/avatar\\\/da4181237ddf77c667487dd66af5231faaf45fbcb0774d7a408f868da56bf04c?s=96&d=mm&r=g\",\"url\":\"https:\\\/\\\/secure.gravatar.com\\\/avatar\\\/da4181237ddf77c667487dd66af5231faaf45fbcb0774d7a408f868da56bf04c?s=96&d=mm&r=g\",\"contentUrl\":\"https:\\\/\\\/secure.gravatar.com\\\/avatar\\\/da4181237ddf77c667487dd66af5231faaf45fbcb0774d7a408f868da56bf04c?s=96&d=mm&r=g\",\"caption\":\"C vel K\"},\"url\":\"https:\\\/\\\/notabene.world\\\/nb\\\/author\\\/kcedro\\\/\"}]}<\/script>\n<!-- \/ Yoast SEO plugin. -->","yoast_head_json":{"title":"Nie ma, jak na wsi. By\u0107, czyli mie\u0107 - NOTABENE.WORLD","robots":{"index":"index","follow":"follow","max-snippet":"max-snippet:-1","max-image-preview":"max-image-preview:large","max-video-preview":"max-video-preview:-1"},"canonical":"https:\/\/notabene.world\/nb\/byc-czyli-miec\/","og_locale":"pl_PL","og_type":"article","og_title":"Nie ma, jak na wsi. By\u0107, czyli mie\u0107 - NOTABENE.WORLD","og_description":"Cz\u0119sto nad ranem z Kielc do Lublina zmierzam - przez Sycyn\u0119, Zwole\u0144 i Czarnolas. Po drodze \u2013 jak zawsze \u2013 mijam ma\u0142\u0105 wie\u015b Szcz\u0119\u015bcie, nazwan\u0105 tak zapewne na cze\u015b\u0107 Jana Kochanowskiego. Tak w\u0142a\u015bnie sobie wyobra\u017cam \u201cwie\u015b spokojn\u0105, wie\u015b weso\u0142\u0105\u201d, gdzie mimo ch\u0142odu, nie ma g\u0142odu, a faunowie skacz\u0105 rado\u015bnie po lesie, szcz\u0119\u015bliwi gospodarze za\u015b wieczorami licz\u0105 wracaj\u0105ce z pola ekstatycznie rycz\u0105ce byd\u0142o. Od czas\u00f3w wieszcza wiele si\u0119 tu zmieni\u0142o, bo obecnie w Szcz\u0119\u015bciu - bez wzgl\u0119du na por\u0119 - ze \u015bwiec\u0105 szuka\u0107 by byd\u0142a jakiego\u015b. No w\u0142a\u015bnie, gdzie si\u0119 podzia\u0142y te krowy szcz\u0119\u015bliwe i \u015bwi\u0119te? Pewnie \u015bpi\u0105 jeszcze b\u0105d\u017a te\u017c wyemigrowa\u0142y. Wykl\u0119te? Skoro o szcz\u0119\u015bciu mowa, nie spos\u00f3b nie podda\u0107 si\u0119 metafizyce i nie wspomnie\u0107 o Arystotelesie. Wed\u0142ug niego by\u0107 szcz\u0119\u015bliwym, to \u201cdobrze \u017cy\u0107 i dobrze si\u0119 mie\u0107\u201d. Szcz\u0119\u015bcie zatem to bardziej spos\u00f3b \u017cycia ni\u017c stan materialny. Szcz\u0119\u015bcie to najwy\u017csze pragnienie wszelkich istot ludzkich. Skoro zatem szcz\u0119\u015bcie jest w nas, to droga do niego prowadzi poprzez rozwa\u017cne piel\u0119gnowanie w sobie cn\u00f3t najszlachetniejszych. Indywidualne szcz\u0119\u015bcie splecione jest te\u017c ze szcz\u0119\u015bciem zbiorowym, z trosk\u0105 o dobro wsp\u00f3lne. Im bardziej sami jeste\u015bmy szcz\u0119\u015bliwi, tym szcz\u0119\u015bliwszymi czynimy naszych wsp\u00f3\u0142obywateli. By\u0107 szcz\u0119\u015bliwym, to mie\u0107 szcz\u0119\u015bcie i potrafi\u0107 si\u0119 nim dzieli\u0107. Wtedy nigdy nam szcz\u0119\u015bcia nie zabraknie.","og_url":"https:\/\/notabene.world\/nb\/byc-czyli-miec\/","og_site_name":"NOTABENE.WORLD","article_publisher":"https:\/\/www.facebook.com\/Notabene.World","article_published_time":"2026-03-11T21:08:54+00:00","article_modified_time":"2026-04-06T09:52:03+00:00","og_image":[{"width":800,"height":445,"url":"https:\/\/notabene.world\/nb\/wp-content\/uploads\/2025\/03\/ha25.jpg","type":"image\/jpeg"}],"author":"C vel K","twitter_card":"summary_large_image","twitter_misc":{"Napisane przez":"C vel K","Szacowany czas czytania":"3 minuty"},"schema":{"@context":"https:\/\/schema.org","@graph":[{"@type":"Article","@id":"https:\/\/notabene.world\/nb\/byc-czyli-miec\/#article","isPartOf":{"@id":"https:\/\/notabene.world\/nb\/byc-czyli-miec\/"},"author":{"name":"C vel K","@id":"https:\/\/notabene.world\/nb\/#\/schema\/person\/2227ed509f9261e544f6078919e1981d"},"headline":"Nie ma, jak na wsi. By\u0107, czyli mie\u0107","datePublished":"2026-03-11T21:08:54+00:00","dateModified":"2026-04-06T09:52:03+00:00","mainEntityOfPage":{"@id":"https:\/\/notabene.world\/nb\/byc-czyli-miec\/"},"wordCount":334,"publisher":{"@id":"https:\/\/notabene.world\/nb\/#organization"},"image":{"@id":"https:\/\/notabene.world\/nb\/byc-czyli-miec\/#primaryimage"},"thumbnailUrl":"https:\/\/i0.wp.com\/notabene.world\/nb\/wp-content\/uploads\/2025\/03\/ha25.jpg?fit=800%2C445&ssl=1","articleSection":["Aktualno\u015bci","Felietony","WI\u0118CEJ \u015aWIAT(\u0141)A"],"inLanguage":"pl-PL"},{"@type":"WebPage","@id":"https:\/\/notabene.world\/nb\/byc-czyli-miec\/","url":"https:\/\/notabene.world\/nb\/byc-czyli-miec\/","name":"Nie ma, jak na wsi. By\u0107, czyli mie\u0107 - NOTABENE.WORLD","isPartOf":{"@id":"https:\/\/notabene.world\/nb\/#website"},"primaryImageOfPage":{"@id":"https:\/\/notabene.world\/nb\/byc-czyli-miec\/#primaryimage"},"image":{"@id":"https:\/\/notabene.world\/nb\/byc-czyli-miec\/#primaryimage"},"thumbnailUrl":"https:\/\/i0.wp.com\/notabene.world\/nb\/wp-content\/uploads\/2025\/03\/ha25.jpg?fit=800%2C445&ssl=1","datePublished":"2026-03-11T21:08:54+00:00","dateModified":"2026-04-06T09:52:03+00:00","breadcrumb":{"@id":"https:\/\/notabene.world\/nb\/byc-czyli-miec\/#breadcrumb"},"inLanguage":"pl-PL","potentialAction":[{"@type":"ReadAction","target":["https:\/\/notabene.world\/nb\/byc-czyli-miec\/"]}]},{"@type":"ImageObject","inLanguage":"pl-PL","@id":"https:\/\/notabene.world\/nb\/byc-czyli-miec\/#primaryimage","url":"https:\/\/i0.wp.com\/notabene.world\/nb\/wp-content\/uploads\/2025\/03\/ha25.jpg?fit=800%2C445&ssl=1","contentUrl":"https:\/\/i0.wp.com\/notabene.world\/nb\/wp-content\/uploads\/2025\/03\/ha25.jpg?fit=800%2C445&ssl=1","width":800,"height":445},{"@type":"BreadcrumbList","@id":"https:\/\/notabene.world\/nb\/byc-czyli-miec\/#breadcrumb","itemListElement":[{"@type":"ListItem","position":1,"name":"Home","item":"https:\/\/notabene.world\/nb\/"},{"@type":"ListItem","position":2,"name":"Nie ma, jak na wsi. By\u0107, czyli mie\u0107"}]},{"@type":"WebSite","@id":"https:\/\/notabene.world\/nb\/#website","url":"https:\/\/notabene.world\/nb\/","name":"NOTABENE.WORLD","description":"Przekaz. Warto\u015bci. Wsp\u00f3lnota.","publisher":{"@id":"https:\/\/notabene.world\/nb\/#organization"},"potentialAction":[{"@type":"SearchAction","target":{"@type":"EntryPoint","urlTemplate":"https:\/\/notabene.world\/nb\/?s={search_term_string}"},"query-input":{"@type":"PropertyValueSpecification","valueRequired":true,"valueName":"search_term_string"}}],"inLanguage":"pl-PL"},{"@type":"Organization","@id":"https:\/\/notabene.world\/nb\/#organization","name":"NOTABENE.WORLD","url":"https:\/\/notabene.world\/nb\/","logo":{"@type":"ImageObject","inLanguage":"pl-PL","@id":"https:\/\/notabene.world\/nb\/#\/schema\/logo\/image\/","url":"https:\/\/notabene.world\/nb\/wp-content\/uploads\/2022\/01\/NB-club-start-www1.jpg","contentUrl":"https:\/\/notabene.world\/nb\/wp-content\/uploads\/2022\/01\/NB-club-start-www1.jpg","width":1000,"height":839,"caption":"NOTABENE.WORLD"},"image":{"@id":"https:\/\/notabene.world\/nb\/#\/schema\/logo\/image\/"},"sameAs":["https:\/\/www.facebook.com\/Notabene.World"]},{"@type":"Person","@id":"https:\/\/notabene.world\/nb\/#\/schema\/person\/2227ed509f9261e544f6078919e1981d","name":"C vel K","image":{"@type":"ImageObject","inLanguage":"pl-PL","@id":"https:\/\/secure.gravatar.com\/avatar\/da4181237ddf77c667487dd66af5231faaf45fbcb0774d7a408f868da56bf04c?s=96&d=mm&r=g","url":"https:\/\/secure.gravatar.com\/avatar\/da4181237ddf77c667487dd66af5231faaf45fbcb0774d7a408f868da56bf04c?s=96&d=mm&r=g","contentUrl":"https:\/\/secure.gravatar.com\/avatar\/da4181237ddf77c667487dd66af5231faaf45fbcb0774d7a408f868da56bf04c?s=96&d=mm&r=g","caption":"C vel K"},"url":"https:\/\/notabene.world\/nb\/author\/kcedro\/"}]}},"jetpack_featured_media_url":"https:\/\/i0.wp.com\/notabene.world\/nb\/wp-content\/uploads\/2025\/03\/ha25.jpg?fit=800%2C445&ssl=1","jetpack_sharing_enabled":true,"jetpack_shortlink":"https:\/\/wp.me\/pdCobN-oh","_links":{"self":[{"href":"https:\/\/notabene.world\/nb\/wp-json\/wp\/v2\/posts\/1505","targetHints":{"allow":["GET"]}}],"collection":[{"href":"https:\/\/notabene.world\/nb\/wp-json\/wp\/v2\/posts"}],"about":[{"href":"https:\/\/notabene.world\/nb\/wp-json\/wp\/v2\/types\/post"}],"author":[{"embeddable":true,"href":"https:\/\/notabene.world\/nb\/wp-json\/wp\/v2\/users\/1"}],"replies":[{"embeddable":true,"href":"https:\/\/notabene.world\/nb\/wp-json\/wp\/v2\/comments?post=1505"}],"version-history":[{"count":5,"href":"https:\/\/notabene.world\/nb\/wp-json\/wp\/v2\/posts\/1505\/revisions"}],"predecessor-version":[{"id":19667,"href":"https:\/\/notabene.world\/nb\/wp-json\/wp\/v2\/posts\/1505\/revisions\/19667"}],"wp:featuredmedia":[{"embeddable":true,"href":"https:\/\/notabene.world\/nb\/wp-json\/wp\/v2\/media\/16033"}],"wp:attachment":[{"href":"https:\/\/notabene.world\/nb\/wp-json\/wp\/v2\/media?parent=1505"}],"wp:term":[{"taxonomy":"category","embeddable":true,"href":"https:\/\/notabene.world\/nb\/wp-json\/wp\/v2\/categories?post=1505"},{"taxonomy":"post_tag","embeddable":true,"href":"https:\/\/notabene.world\/nb\/wp-json\/wp\/v2\/tags?post=1505"}],"curies":[{"name":"wp","href":"https:\/\/api.w.org\/{rel}","templated":true}]}}