{"id":15331,"date":"2025-07-08T09:02:49","date_gmt":"2025-07-08T07:02:49","guid":{"rendered":"https:\/\/notabene.world\/nb\/?p=15331"},"modified":"2025-07-13T19:35:55","modified_gmt":"2025-07-13T17:35:55","slug":"na-antypodach","status":"publish","type":"post","link":"https:\/\/notabene.world\/nb\/na-antypodach\/","title":{"rendered":"Na antypodach"},"content":{"rendered":"\n<p class=\"has-text-align-right\"><em>Czytajcie, a b\u0119dzie Wam dane. Nie pukajcie, bo i tak &#8222;nikogo nie ma w domu&#8221;<\/em><\/p>\n\n\n\n<p>Cudowny lud \u015bwi\u0119tokrzyski okrutnie boi si\u0119 uchod\u017ac\u00f3w, kt\u00f3rych hordy &#8211; niczym barbarzy\u0144cy &#8211; pono\u0107 osaczaj\u0105 ju\u017c granice \u015awientostanu. Stoj\u0105 natr\u0119tnie u naszych bram z dzidami, maczetami i czym-tam-chceta. Te\u017c to widzita? Je\u015bli nie, to sta\u0144ta tera zara na g\u0142owie, by empirycznie i antypodycznie zbli\u017cy\u0107 si\u0119 do prawdy. Jak mawia\u0142 ks. Tischner &#8211; w naszym \u015bwiecie prawdy som a\u017c trzy: \u015bwiento prawda, tys prawda i g\u00f3wno prawda. Sami zdecydujcie, kt\u00f3ra kategoria prawdy jest wam najbli\u017csza.<\/p>\n\n\n\n<div class=\"wp-block-group is-layout-constrained wp-block-group-is-layout-constrained\">\n<p>Kiedy rozum \u015bpi, budz\u0105 si\u0119 demony. XVIII-wieczny hiszpa\u0144ski artysta Francisco Goya, tw\u00f3rca \u201ckapry\u015bnych\u201d satyrycznych miedzioryt\u00f3w z pewno\u015bci\u0105 nie spodziewa\u0142 si\u0119, i\u017c jego o\u015bwieceniowa frywolno\u015b\u0107 nabierze z czasem wymiaru quasi-uniwersalnego. Goya ze strachu przed Inkwizycj\u0105 zniszczy\u0142 znaczn\u0105 cz\u0119\u015b\u0107 swoich prac. Pono\u0107 obawia\u0142 si\u0119 demon\u00f3w, kt\u00f3re trwale tkwi\u0105 w ka\u017cdym z nas.<\/p>\n\n\n\n<p>Strach ma wielkie oczy, a ja spogl\u0105dam niepewnie na stoj\u0105ca w k\u0105cie wielk\u0105 i ci\u0119\u017ck\u0105 walizk\u0119 w kolorze pomara\u0144czowym, kt\u00f3rej nie mam odwagi otworzy\u0107 ju\u017c od prawie 20 lat. Spakowa\u0142em j\u0105 przed laty w Arabii Saudyjskiej i omijam od tej pory szerokim \u0142ukiem niczym lamp\u0119 Aladyna. Po prostu boj\u0119 si\u0119, oj boj\u0119, tego d\u017cina, kt\u00f3ry m\u00f3g\u0142by ze\u0144 wyskoczy\u0107. By\u0142 kiedy\u015b taki radziecki film <em>Magiczna lampa Aladyna,&nbsp;<\/em>nakr\u0119cony w roku mojego urodzenia\u2026 Lepiej wi\u0119c w\u0142o\u017cy\u0107 czapk\u0119 niewidk\u0119 i i\u015b\u0107 dalej, ni\u017ali mierzy\u0107 si\u0119 z przesz\u0142o\u015bci\u0105 ukryt\u0105 w magicznej walizce. Te\u017c mam swoje traumy i tajemnice, a bo co?<\/p>\n\n\n\n<p>Wiara w d\u017ciny jest ci\u0105gle \u017cywa w ludowej tradycji muzu\u0142ma\u0144skiej. Mieszkaj\u0105 one na pustyni. S\u0105 dobre i z\u0142e. Posiadaj\u0105 nadnaturaln\u0105 moc, s\u0105 niewidzialne i mog\u0105 przybiera\u0107 dowolne postacie. Dobre s\u0142u\u017c\u0105 Allahowi, z\u0142e za\u015b szkodz\u0105. Do z\u0142ych d\u017cin\u00f3w zalicza si\u0119 Szatana. Zgodnie z ludowymi przekazami, cz\u0142owiek mo\u017ce podporz\u0105dkowa\u0107 sobie d\u017cina przy pomocy tajemnych zakl\u0119\u0107 i na przyk\u0142ad uwi\u0119zi\u0107 go w butelce (albo w walizce?)&#8230;<\/p>\n\n\n\n<p>W niezwyk\u0142ym AD 2015 (AH 1436\/37) na pustyni nieopodal Rijadu spad\u0142 \u015bnieg i wszyscy rado\u015bnie zacz\u0119li nagle lepi\u0107 ba\u0142wany. Rado\u015b\u0107 trwa\u0142a jednak jeszcze kr\u00f3cej ni\u017c \u015bnieg, kt\u00f3rego obfite opady by\u0142y oczywist\u0105 aberracj\u0105 klimatyczn\u0105. Jakby tego by\u0142o ma\u0142o, policja religijna natychmiast zakaza\u0142a lepienia &#8222;rze\u017ab z ludzk\u0105 twarz\u0105\u201d, czyli ba\u0142wan\u00f3w. Lepienie tych\u017ce zosta\u0142o oficjalnie uznane za \u201cna\u015bladowanie niewiernych, promuj\u0105ce rozwi\u0105z\u0142o\u015b\u0107 i erotyzm\u201d. \u0141ojojoj&#8230; Chodzi\u0142o zapewne o jakie\u015b pustynne hordy d\u017cin\u00f3w-demon\u00f3w, stanowi\u0105cych potencjalne zagro\u017cenie dla okolicznego porz\u0105dku. Na szcz\u0119\u015bcie ba\u0142wany szybko stopnia\u0142y.<\/p>\n\n\n\n<p>W Nowej Zelandii najzimniejszym miesi\u0105cem jest w\u0142a\u015bnie lipiec, czyli teraz. Mimo, i\u017c \u015bwiat stoi tu na g\u0142owie, ostatnie wielkie opady zanotowano w roku 1939, mniej wi\u0119cej w tym czasie, gdy w Polsce robi\u0142o si\u0119 gor\u0105co przed wybuchem wojny (czyli przed najazdem hord niemieckich faszyst\u00f3w). Wszyscy wiemy, co by\u0142o du\u017co-przed i niema\u0142o-po. Jedno jest pewne, Wanda jak nie chcia\u0142a Niemca wtedy, tak i nie chce go dzisiaj.<\/p>\n\n\n\n<p>W 2025 o\u017cywczy ch\u0142\u00f3d Auckland sprawia, \u017ce z antypod\u00f3w \u015bwiat naprawd\u0119 wida\u0107 lepiej, bo do g\u00f3ry nogami. Ja za\u015b &#8211; w oparach absurdu &#8211; te\u017c marz\u0105c o d\u0142ugich leniwych wakacjach, po drodze wpad\u0142em na weekend do Europy, a w niej&#8230; do \u015awi\u0119tokrzyskiego Dwuk\u0105ta Uzdrowiskowego \u201eBusko-Solec\u201d, do kt\u00f3rego do\u0142\u0105czy\u0142a niedawno tak\u017ce \u201eKazimierza Wielka\u201d. Tym samym domniemany dwuk\u0105t wreszcie staje si\u0119 tr\u00f3jk\u0105tem.&nbsp;<\/p>\n\n\n\n<p>W swojskim&nbsp;<em>tr\u00f3jk\u0105cie<\/em>&nbsp;i okolicach \u015bwiat w tych dniach te\u017c niespodziewanie stan\u0105\u0142 na g\u0142owie. Wsz\u0119dzie tr\u0105by powietrzne i ukrop nieziemski, bo \u017carem zieje tropikalnym od r\u00f3wnika, a ja z gryp\u0105 na ramieniu pluskam si\u0119 frywolnie na przek\u00f3r przeznaczeniu w rodzimych siarczkowych basenach, jak zawsze pe\u0142en nadziei, \u017ce to co\u015b da. Snuj\u0119 te\u017c wizje na przysz\u0142o\u015b\u0107, jak to b\u0119dzie, gdy z&nbsp;<em>tr\u00f3jk\u0105ta<\/em>&nbsp;zrobi si\u0119 nam kiedy\u015b&nbsp;<em>czworok\u0105t, <\/em>czyli na przyk\u0142ad <em>kwadrat<\/em>&#8230;&nbsp;Czy natychmiast przyczyni si\u0119 to do zmiany lokalnego klimatu na lepsze, czyli \u017ce temperatury spadn\u0105 natychmiast do poziomu przyzwoitego i \u017ce wszystkie te niezno\u015bne tropikalne z\u0142o\u015bliwo\u015bci ostatnich dni odp\u0142yn\u0105 gdzie\u015b-tam-w-sin\u0105-dal, czyli tam, gdzie ich miejsce?<\/p>\n<\/div>\n\n\n\n<p>Niemo\u017cliwy upa\u0142 wieloznacznie odbija si\u0119 r\u00f3wnie\u017c niestety na poziomie rodzimego dyskursu, w kt\u00f3rym na razie go\u015bci na przemian albo to&nbsp;<em>dwuk\u0105t,<\/em>&nbsp;albo to&nbsp;<em>tr\u00f3jk\u0105t<\/em> (<em>bermudzki?)<\/em>&#8230; Dylemat polega oczywi\u015bcie na tym, \u017ce z&nbsp;<em>dwuk\u0105ta<\/em>&nbsp;to by\u0142aby jeszcze szansa si\u0119 wydosta\u0107, ale gdyby jakim\u015b cudem uda\u0142o si\u0119 jednak stworzy\u0107 \u00f3w pe\u0142ny&nbsp;<em>tr\u00f3jk\u0105t,<\/em>&nbsp;to wyzdrowie\u0107 w zaledwie jeden weekend mo\u017ce by\u0107 ju\u017c znacznie trudniej i zupe\u0142nie nie b\u0119dzie wtedy wiadomo, co-gdzie-jak-i-kiedy wy\u0142oni si\u0119 z wszechobecnych opar\u00f3w absurdu (na miar\u0119 naszych mo\u017cliwo\u015bci) i czy w og\u00f3le. Zupe\u0142nie jak na Bermudach. Skoro <em>Trzeciej Drogi<\/em> w\u0142a\u015bciwie ju\u017c nie ma, ca\u0142a nadzieja w <em>kwadracie&#8230;<\/em> Wa\u017cne te\u017c, by z powodu anginy <em>temu<\/em>&nbsp;<em>Misiu<\/em>&nbsp;znowu si\u0119 oczko nie odklei\u0142o, bo wtedy to ju\u017c raczej \u017cadna kuracja nie pomo\u017ce. Chyba \u017ce na antypodach.<\/p>\n\n\n\n<p><strong>POSTSCRIPTUM:<\/strong> Plotka po mrogonowickiej wsi (miejscu urodzenia neofaszysty i antysemity europos\u0142a Grzegorza Brauna) niesie, \u017ce w \u015awientostanie zbli\u017caj\u0105 si\u0119 nieuchronnie przedterminowe wybory samorz\u0105dowe. Niestety urz\u0119duj\u0105ca marsza\u0142ek Renata Janik nie ma szans, a to dlatego, \u017ce baronessa-pos\u0142anka Anna Krupka &#8211; na wyra\u017ane polecenie z Nowogrodzkiej &#8211; desygnowa\u0142a (przedwcze\u015bnie?) na marsza\u0142ka-elekta neofaszyst\u0119 z Radomia Roberta B\u0105kiewicza. Zast\u0119pc\u0105 za\u015b ma zosta\u0107 pose\u0142 Mariusz Gosek. Z oboma m\u0119\u017cami stanu na czele (nareszcie skutecznie) bogobojny lud \u015bwi\u0119tokrzyski b\u0119dzie m\u00f3g\u0142 broni\u0107 granic absurdu, w b\u0142ogim stanie permanentnego nowego os\u0142upienia. Jak to na antypody przysta\u0142o. Amen.<\/p>\n\n\n\n<p><\/p>\n","protected":false},"excerpt":{"rendered":"<p>Cudowny lud \u015bwi\u0119tokrzyski okrutnie boi si\u0119 uchod\u017ac\u00f3w, kt\u00f3rych hordy &#8211; niczym barbarzy\u0144cy &#8211; pono\u0107 osaczaj\u0105 ju\u017c granice \u015awientostanu. Stoj\u0105 natr\u0119tnie u naszych bram z dzidami, maczetami i czym-tam-chceta. Te\u017c to widzicie? Je\u015bli nie, to sta\u0144cie teraz pos\u0142usznie na g\u0142owie, by empirycznie i antypodycznie zbli\u017cy\u0107 si\u0119 do prawdy. Jak mawia\u0142 ks. Tischner &#8211; w naszym \u015bwiecie prawdy som a\u017c trzy: \u015bwiento prawda, tys prawda i g\u00f3wno prawda. Sami zdecydujcie, kt\u00f3ra kategoria prawdy jest wam najbli\u017csza.<br \/>\n<br \/>\nKiedy rozum \u015bpi, budz\u0105 si\u0119 demony. XVIII-wieczny hiszpa\u0144ski artysta Francisco Goya, tw\u00f3rca \u201ckapry\u015bnych\u201d satyrycznych miedzioryt\u00f3w z pewno\u015bci\u0105 nie spodziewa\u0142 si\u0119, i\u017c jego o\u015bwieceniowa frywolno\u015b\u0107 nabierze z czasem wymiaru quasi-uniwersalnego. Goya ze strachu przed Inkwizycj\u0105 zniszczy\u0142 znaczn\u0105 cz\u0119\u015b\u0107 swoich prac. Podobno obawia\u0142 si\u0119 demon\u00f3w, kt\u00f3re trwale tkwi\u0105 w ka\u017cdym z nas.<br \/>\n<br \/>\nStrach ma podobno wielkie oczy, a ja spogl\u0105dam niepewnie na stoj\u0105ca w k\u0105cie wielk\u0105 i ci\u0119\u017ck\u0105 walizk\u0119 w kolorze pomara\u0144czowym, kt\u00f3rej nie mam odwagi otworzy\u0107 ju\u017c od prawie 20 lat. Spakowa\u0142em j\u0105 przed laty w Arabii Saudyjskiej i omijam od tej pory szerokim \u0142ukiem niczym lamp\u0119 Aladyna. Po prostu boj\u0119 si\u0119, oj boj\u0119, tego d\u017cina, kt\u00f3ry m\u00f3g\u0142by ze\u0144 wyskoczy\u0107. By\u0142 kiedy\u015b taki radziecki film Magiczna lampa Aladyna,\u00a0nakr\u0119cony w roku mojego urodzenia\u2026 Lepiej wi\u0119c w\u0142o\u017cy\u0107 czapk\u0119 niewidk\u0119 i i\u015b\u0107 dalej, ni\u017ali mierzy\u0107 si\u0119 z przesz\u0142o\u015bci\u0105 ukryt\u0105 w magicznej walizce. Te\u017c mam swoje traumy i tajemnice, a bo co?<\/p>\n","protected":false},"author":1,"featured_media":15333,"comment_status":"closed","ping_status":"closed","sticky":false,"template":"","format":"standard","meta":{"colormag_page_container_layout":"no_sidebar_content_centered","colormag_page_sidebar_layout":"no_sidebar","_jetpack_memberships_contains_paid_content":false,"footnotes":"","_links_to":"","_links_to_target":""},"categories":[64,42,48],"tags":[],"class_list":["post-15331","post","type-post","status-publish","format-standard","has-post-thumbnail","hentry","category-aktualnosci","category-felietony","category-wiecej-swiatla"],"yoast_head":"<!-- This site is optimized with the Yoast SEO plugin v27.4 - https:\/\/yoast.com\/product\/yoast-seo-wordpress\/ -->\n<title>Na antypodach - NOTABENE.WORLD<\/title>\n<meta name=\"robots\" content=\"index, follow, max-snippet:-1, max-image-preview:large, max-video-preview:-1\" \/>\n<link rel=\"canonical\" href=\"https:\/\/notabene.world\/nb\/na-antypodach\/\" \/>\n<meta property=\"og:locale\" content=\"pl_PL\" \/>\n<meta property=\"og:type\" content=\"article\" \/>\n<meta property=\"og:title\" content=\"Na antypodach - NOTABENE.WORLD\" \/>\n<meta property=\"og:description\" content=\"Cudowny lud \u015bwi\u0119tokrzyski okrutnie boi si\u0119 uchod\u017ac\u00f3w, kt\u00f3rych hordy - niczym barbarzy\u0144cy - pono\u0107 osaczaj\u0105 ju\u017c granice \u015awientostanu. Stoj\u0105 natr\u0119tnie u naszych bram z dzidami, maczetami i czym-tam-chceta. Te\u017c to widzicie? Je\u015bli nie, to sta\u0144cie teraz pos\u0142usznie na g\u0142owie, by empirycznie i antypodycznie zbli\u017cy\u0107 si\u0119 do prawdy. Jak mawia\u0142 ks. Tischner - w naszym \u015bwiecie prawdy som a\u017c trzy: \u015bwiento prawda, tys prawda i g\u00f3wno prawda. Sami zdecydujcie, kt\u00f3ra kategoria prawdy jest wam najbli\u017csza. Kiedy rozum \u015bpi, budz\u0105 si\u0119 demony. XVIII-wieczny hiszpa\u0144ski artysta Francisco Goya, tw\u00f3rca \u201ckapry\u015bnych\u201d satyrycznych miedzioryt\u00f3w z pewno\u015bci\u0105 nie spodziewa\u0142 si\u0119, i\u017c jego o\u015bwieceniowa frywolno\u015b\u0107 nabierze z czasem wymiaru quasi-uniwersalnego. Goya ze strachu przed Inkwizycj\u0105 zniszczy\u0142 znaczn\u0105 cz\u0119\u015b\u0107 swoich prac. Podobno obawia\u0142 si\u0119 demon\u00f3w, kt\u00f3re trwale tkwi\u0105 w ka\u017cdym z nas. Strach ma podobno wielkie oczy, a ja spogl\u0105dam niepewnie na stoj\u0105ca w k\u0105cie wielk\u0105 i ci\u0119\u017ck\u0105 walizk\u0119 w kolorze pomara\u0144czowym, kt\u00f3rej nie mam odwagi otworzy\u0107 ju\u017c od prawie 20 lat. Spakowa\u0142em j\u0105 przed laty w Arabii Saudyjskiej i omijam od tej pory szerokim \u0142ukiem niczym lamp\u0119 Aladyna. Po prostu boj\u0119 si\u0119, oj boj\u0119, tego d\u017cina, kt\u00f3ry m\u00f3g\u0142by ze\u0144 wyskoczy\u0107. By\u0142 kiedy\u015b taki radziecki film Magiczna lampa Aladyna,\u00a0nakr\u0119cony w roku mojego urodzenia\u2026 Lepiej wi\u0119c w\u0142o\u017cy\u0107 czapk\u0119 niewidk\u0119 i i\u015b\u0107 dalej, ni\u017ali mierzy\u0107 si\u0119 z przesz\u0142o\u015bci\u0105 ukryt\u0105 w magicznej walizce. Te\u017c mam swoje traumy i tajemnice, a bo co?\" \/>\n<meta property=\"og:url\" content=\"https:\/\/notabene.world\/nb\/na-antypodach\/\" \/>\n<meta property=\"og:site_name\" content=\"NOTABENE.WORLD\" \/>\n<meta property=\"article:publisher\" content=\"https:\/\/www.facebook.com\/Notabene.World\" \/>\n<meta property=\"article:published_time\" content=\"2025-07-08T07:02:49+00:00\" \/>\n<meta property=\"article:modified_time\" content=\"2025-07-13T17:35:55+00:00\" \/>\n<meta property=\"og:image\" content=\"https:\/\/notabene.world\/nb\/wp-content\/uploads\/2025\/07\/antyp.jpg\" \/>\n\t<meta property=\"og:image:width\" content=\"800\" \/>\n\t<meta property=\"og:image:height\" content=\"445\" \/>\n\t<meta property=\"og:image:type\" content=\"image\/jpeg\" \/>\n<meta name=\"author\" content=\"C vel K\" \/>\n<meta name=\"twitter:card\" content=\"summary_large_image\" \/>\n<meta name=\"twitter:label1\" content=\"Napisane przez\" \/>\n\t<meta name=\"twitter:data1\" content=\"C vel K\" \/>\n\t<meta name=\"twitter:label2\" content=\"Szacowany czas czytania\" \/>\n\t<meta name=\"twitter:data2\" content=\"5 minut\" \/>\n<script type=\"application\/ld+json\" class=\"yoast-schema-graph\">{\"@context\":\"https:\\\/\\\/schema.org\",\"@graph\":[{\"@type\":\"Article\",\"@id\":\"https:\\\/\\\/notabene.world\\\/nb\\\/na-antypodach\\\/#article\",\"isPartOf\":{\"@id\":\"https:\\\/\\\/notabene.world\\\/nb\\\/na-antypodach\\\/\"},\"author\":{\"name\":\"C vel K\",\"@id\":\"https:\\\/\\\/notabene.world\\\/nb\\\/#\\\/schema\\\/person\\\/2227ed509f9261e544f6078919e1981d\"},\"headline\":\"Na antypodach\",\"datePublished\":\"2025-07-08T07:02:49+00:00\",\"dateModified\":\"2025-07-13T17:35:55+00:00\",\"mainEntityOfPage\":{\"@id\":\"https:\\\/\\\/notabene.world\\\/nb\\\/na-antypodach\\\/\"},\"wordCount\":1020,\"publisher\":{\"@id\":\"https:\\\/\\\/notabene.world\\\/nb\\\/#organization\"},\"image\":{\"@id\":\"https:\\\/\\\/notabene.world\\\/nb\\\/na-antypodach\\\/#primaryimage\"},\"thumbnailUrl\":\"https:\\\/\\\/i0.wp.com\\\/notabene.world\\\/nb\\\/wp-content\\\/uploads\\\/2025\\\/07\\\/antyp.jpg?fit=800%2C445&ssl=1\",\"articleSection\":[\"Aktualno\u015bci\",\"Felietony\",\"WI\u0118CEJ \u015aWIAT(\u0141)A\"],\"inLanguage\":\"pl-PL\"},{\"@type\":\"WebPage\",\"@id\":\"https:\\\/\\\/notabene.world\\\/nb\\\/na-antypodach\\\/\",\"url\":\"https:\\\/\\\/notabene.world\\\/nb\\\/na-antypodach\\\/\",\"name\":\"Na antypodach - NOTABENE.WORLD\",\"isPartOf\":{\"@id\":\"https:\\\/\\\/notabene.world\\\/nb\\\/#website\"},\"primaryImageOfPage\":{\"@id\":\"https:\\\/\\\/notabene.world\\\/nb\\\/na-antypodach\\\/#primaryimage\"},\"image\":{\"@id\":\"https:\\\/\\\/notabene.world\\\/nb\\\/na-antypodach\\\/#primaryimage\"},\"thumbnailUrl\":\"https:\\\/\\\/i0.wp.com\\\/notabene.world\\\/nb\\\/wp-content\\\/uploads\\\/2025\\\/07\\\/antyp.jpg?fit=800%2C445&ssl=1\",\"datePublished\":\"2025-07-08T07:02:49+00:00\",\"dateModified\":\"2025-07-13T17:35:55+00:00\",\"breadcrumb\":{\"@id\":\"https:\\\/\\\/notabene.world\\\/nb\\\/na-antypodach\\\/#breadcrumb\"},\"inLanguage\":\"pl-PL\",\"potentialAction\":[{\"@type\":\"ReadAction\",\"target\":[\"https:\\\/\\\/notabene.world\\\/nb\\\/na-antypodach\\\/\"]}]},{\"@type\":\"ImageObject\",\"inLanguage\":\"pl-PL\",\"@id\":\"https:\\\/\\\/notabene.world\\\/nb\\\/na-antypodach\\\/#primaryimage\",\"url\":\"https:\\\/\\\/i0.wp.com\\\/notabene.world\\\/nb\\\/wp-content\\\/uploads\\\/2025\\\/07\\\/antyp.jpg?fit=800%2C445&ssl=1\",\"contentUrl\":\"https:\\\/\\\/i0.wp.com\\\/notabene.world\\\/nb\\\/wp-content\\\/uploads\\\/2025\\\/07\\\/antyp.jpg?fit=800%2C445&ssl=1\",\"width\":800,\"height\":445},{\"@type\":\"BreadcrumbList\",\"@id\":\"https:\\\/\\\/notabene.world\\\/nb\\\/na-antypodach\\\/#breadcrumb\",\"itemListElement\":[{\"@type\":\"ListItem\",\"position\":1,\"name\":\"Home\",\"item\":\"https:\\\/\\\/notabene.world\\\/nb\\\/\"},{\"@type\":\"ListItem\",\"position\":2,\"name\":\"Na antypodach\"}]},{\"@type\":\"WebSite\",\"@id\":\"https:\\\/\\\/notabene.world\\\/nb\\\/#website\",\"url\":\"https:\\\/\\\/notabene.world\\\/nb\\\/\",\"name\":\"NOTABENE.WORLD\",\"description\":\"Przekaz. Warto\u015bci. Wsp\u00f3lnota.\",\"publisher\":{\"@id\":\"https:\\\/\\\/notabene.world\\\/nb\\\/#organization\"},\"potentialAction\":[{\"@type\":\"SearchAction\",\"target\":{\"@type\":\"EntryPoint\",\"urlTemplate\":\"https:\\\/\\\/notabene.world\\\/nb\\\/?s={search_term_string}\"},\"query-input\":{\"@type\":\"PropertyValueSpecification\",\"valueRequired\":true,\"valueName\":\"search_term_string\"}}],\"inLanguage\":\"pl-PL\"},{\"@type\":\"Organization\",\"@id\":\"https:\\\/\\\/notabene.world\\\/nb\\\/#organization\",\"name\":\"NOTABENE.WORLD\",\"url\":\"https:\\\/\\\/notabene.world\\\/nb\\\/\",\"logo\":{\"@type\":\"ImageObject\",\"inLanguage\":\"pl-PL\",\"@id\":\"https:\\\/\\\/notabene.world\\\/nb\\\/#\\\/schema\\\/logo\\\/image\\\/\",\"url\":\"https:\\\/\\\/notabene.world\\\/nb\\\/wp-content\\\/uploads\\\/2022\\\/01\\\/NB-club-start-www1.jpg\",\"contentUrl\":\"https:\\\/\\\/notabene.world\\\/nb\\\/wp-content\\\/uploads\\\/2022\\\/01\\\/NB-club-start-www1.jpg\",\"width\":1000,\"height\":839,\"caption\":\"NOTABENE.WORLD\"},\"image\":{\"@id\":\"https:\\\/\\\/notabene.world\\\/nb\\\/#\\\/schema\\\/logo\\\/image\\\/\"},\"sameAs\":[\"https:\\\/\\\/www.facebook.com\\\/Notabene.World\"]},{\"@type\":\"Person\",\"@id\":\"https:\\\/\\\/notabene.world\\\/nb\\\/#\\\/schema\\\/person\\\/2227ed509f9261e544f6078919e1981d\",\"name\":\"C vel K\",\"image\":{\"@type\":\"ImageObject\",\"inLanguage\":\"pl-PL\",\"@id\":\"https:\\\/\\\/secure.gravatar.com\\\/avatar\\\/da4181237ddf77c667487dd66af5231faaf45fbcb0774d7a408f868da56bf04c?s=96&d=mm&r=g\",\"url\":\"https:\\\/\\\/secure.gravatar.com\\\/avatar\\\/da4181237ddf77c667487dd66af5231faaf45fbcb0774d7a408f868da56bf04c?s=96&d=mm&r=g\",\"contentUrl\":\"https:\\\/\\\/secure.gravatar.com\\\/avatar\\\/da4181237ddf77c667487dd66af5231faaf45fbcb0774d7a408f868da56bf04c?s=96&d=mm&r=g\",\"caption\":\"C vel K\"},\"url\":\"https:\\\/\\\/notabene.world\\\/nb\\\/author\\\/kcedro\\\/\"}]}<\/script>\n<!-- \/ Yoast SEO plugin. -->","yoast_head_json":{"title":"Na antypodach - NOTABENE.WORLD","robots":{"index":"index","follow":"follow","max-snippet":"max-snippet:-1","max-image-preview":"max-image-preview:large","max-video-preview":"max-video-preview:-1"},"canonical":"https:\/\/notabene.world\/nb\/na-antypodach\/","og_locale":"pl_PL","og_type":"article","og_title":"Na antypodach - NOTABENE.WORLD","og_description":"Cudowny lud \u015bwi\u0119tokrzyski okrutnie boi si\u0119 uchod\u017ac\u00f3w, kt\u00f3rych hordy - niczym barbarzy\u0144cy - pono\u0107 osaczaj\u0105 ju\u017c granice \u015awientostanu. Stoj\u0105 natr\u0119tnie u naszych bram z dzidami, maczetami i czym-tam-chceta. Te\u017c to widzicie? Je\u015bli nie, to sta\u0144cie teraz pos\u0142usznie na g\u0142owie, by empirycznie i antypodycznie zbli\u017cy\u0107 si\u0119 do prawdy. Jak mawia\u0142 ks. Tischner - w naszym \u015bwiecie prawdy som a\u017c trzy: \u015bwiento prawda, tys prawda i g\u00f3wno prawda. Sami zdecydujcie, kt\u00f3ra kategoria prawdy jest wam najbli\u017csza. Kiedy rozum \u015bpi, budz\u0105 si\u0119 demony. XVIII-wieczny hiszpa\u0144ski artysta Francisco Goya, tw\u00f3rca \u201ckapry\u015bnych\u201d satyrycznych miedzioryt\u00f3w z pewno\u015bci\u0105 nie spodziewa\u0142 si\u0119, i\u017c jego o\u015bwieceniowa frywolno\u015b\u0107 nabierze z czasem wymiaru quasi-uniwersalnego. Goya ze strachu przed Inkwizycj\u0105 zniszczy\u0142 znaczn\u0105 cz\u0119\u015b\u0107 swoich prac. Podobno obawia\u0142 si\u0119 demon\u00f3w, kt\u00f3re trwale tkwi\u0105 w ka\u017cdym z nas. Strach ma podobno wielkie oczy, a ja spogl\u0105dam niepewnie na stoj\u0105ca w k\u0105cie wielk\u0105 i ci\u0119\u017ck\u0105 walizk\u0119 w kolorze pomara\u0144czowym, kt\u00f3rej nie mam odwagi otworzy\u0107 ju\u017c od prawie 20 lat. Spakowa\u0142em j\u0105 przed laty w Arabii Saudyjskiej i omijam od tej pory szerokim \u0142ukiem niczym lamp\u0119 Aladyna. Po prostu boj\u0119 si\u0119, oj boj\u0119, tego d\u017cina, kt\u00f3ry m\u00f3g\u0142by ze\u0144 wyskoczy\u0107. By\u0142 kiedy\u015b taki radziecki film Magiczna lampa Aladyna,\u00a0nakr\u0119cony w roku mojego urodzenia\u2026 Lepiej wi\u0119c w\u0142o\u017cy\u0107 czapk\u0119 niewidk\u0119 i i\u015b\u0107 dalej, ni\u017ali mierzy\u0107 si\u0119 z przesz\u0142o\u015bci\u0105 ukryt\u0105 w magicznej walizce. Te\u017c mam swoje traumy i tajemnice, a bo co?","og_url":"https:\/\/notabene.world\/nb\/na-antypodach\/","og_site_name":"NOTABENE.WORLD","article_publisher":"https:\/\/www.facebook.com\/Notabene.World","article_published_time":"2025-07-08T07:02:49+00:00","article_modified_time":"2025-07-13T17:35:55+00:00","og_image":[{"width":800,"height":445,"url":"https:\/\/notabene.world\/nb\/wp-content\/uploads\/2025\/07\/antyp.jpg","type":"image\/jpeg"}],"author":"C vel K","twitter_card":"summary_large_image","twitter_misc":{"Napisane przez":"C vel K","Szacowany czas czytania":"5 minut"},"schema":{"@context":"https:\/\/schema.org","@graph":[{"@type":"Article","@id":"https:\/\/notabene.world\/nb\/na-antypodach\/#article","isPartOf":{"@id":"https:\/\/notabene.world\/nb\/na-antypodach\/"},"author":{"name":"C vel K","@id":"https:\/\/notabene.world\/nb\/#\/schema\/person\/2227ed509f9261e544f6078919e1981d"},"headline":"Na antypodach","datePublished":"2025-07-08T07:02:49+00:00","dateModified":"2025-07-13T17:35:55+00:00","mainEntityOfPage":{"@id":"https:\/\/notabene.world\/nb\/na-antypodach\/"},"wordCount":1020,"publisher":{"@id":"https:\/\/notabene.world\/nb\/#organization"},"image":{"@id":"https:\/\/notabene.world\/nb\/na-antypodach\/#primaryimage"},"thumbnailUrl":"https:\/\/i0.wp.com\/notabene.world\/nb\/wp-content\/uploads\/2025\/07\/antyp.jpg?fit=800%2C445&ssl=1","articleSection":["Aktualno\u015bci","Felietony","WI\u0118CEJ \u015aWIAT(\u0141)A"],"inLanguage":"pl-PL"},{"@type":"WebPage","@id":"https:\/\/notabene.world\/nb\/na-antypodach\/","url":"https:\/\/notabene.world\/nb\/na-antypodach\/","name":"Na antypodach - NOTABENE.WORLD","isPartOf":{"@id":"https:\/\/notabene.world\/nb\/#website"},"primaryImageOfPage":{"@id":"https:\/\/notabene.world\/nb\/na-antypodach\/#primaryimage"},"image":{"@id":"https:\/\/notabene.world\/nb\/na-antypodach\/#primaryimage"},"thumbnailUrl":"https:\/\/i0.wp.com\/notabene.world\/nb\/wp-content\/uploads\/2025\/07\/antyp.jpg?fit=800%2C445&ssl=1","datePublished":"2025-07-08T07:02:49+00:00","dateModified":"2025-07-13T17:35:55+00:00","breadcrumb":{"@id":"https:\/\/notabene.world\/nb\/na-antypodach\/#breadcrumb"},"inLanguage":"pl-PL","potentialAction":[{"@type":"ReadAction","target":["https:\/\/notabene.world\/nb\/na-antypodach\/"]}]},{"@type":"ImageObject","inLanguage":"pl-PL","@id":"https:\/\/notabene.world\/nb\/na-antypodach\/#primaryimage","url":"https:\/\/i0.wp.com\/notabene.world\/nb\/wp-content\/uploads\/2025\/07\/antyp.jpg?fit=800%2C445&ssl=1","contentUrl":"https:\/\/i0.wp.com\/notabene.world\/nb\/wp-content\/uploads\/2025\/07\/antyp.jpg?fit=800%2C445&ssl=1","width":800,"height":445},{"@type":"BreadcrumbList","@id":"https:\/\/notabene.world\/nb\/na-antypodach\/#breadcrumb","itemListElement":[{"@type":"ListItem","position":1,"name":"Home","item":"https:\/\/notabene.world\/nb\/"},{"@type":"ListItem","position":2,"name":"Na antypodach"}]},{"@type":"WebSite","@id":"https:\/\/notabene.world\/nb\/#website","url":"https:\/\/notabene.world\/nb\/","name":"NOTABENE.WORLD","description":"Przekaz. Warto\u015bci. Wsp\u00f3lnota.","publisher":{"@id":"https:\/\/notabene.world\/nb\/#organization"},"potentialAction":[{"@type":"SearchAction","target":{"@type":"EntryPoint","urlTemplate":"https:\/\/notabene.world\/nb\/?s={search_term_string}"},"query-input":{"@type":"PropertyValueSpecification","valueRequired":true,"valueName":"search_term_string"}}],"inLanguage":"pl-PL"},{"@type":"Organization","@id":"https:\/\/notabene.world\/nb\/#organization","name":"NOTABENE.WORLD","url":"https:\/\/notabene.world\/nb\/","logo":{"@type":"ImageObject","inLanguage":"pl-PL","@id":"https:\/\/notabene.world\/nb\/#\/schema\/logo\/image\/","url":"https:\/\/notabene.world\/nb\/wp-content\/uploads\/2022\/01\/NB-club-start-www1.jpg","contentUrl":"https:\/\/notabene.world\/nb\/wp-content\/uploads\/2022\/01\/NB-club-start-www1.jpg","width":1000,"height":839,"caption":"NOTABENE.WORLD"},"image":{"@id":"https:\/\/notabene.world\/nb\/#\/schema\/logo\/image\/"},"sameAs":["https:\/\/www.facebook.com\/Notabene.World"]},{"@type":"Person","@id":"https:\/\/notabene.world\/nb\/#\/schema\/person\/2227ed509f9261e544f6078919e1981d","name":"C vel K","image":{"@type":"ImageObject","inLanguage":"pl-PL","@id":"https:\/\/secure.gravatar.com\/avatar\/da4181237ddf77c667487dd66af5231faaf45fbcb0774d7a408f868da56bf04c?s=96&d=mm&r=g","url":"https:\/\/secure.gravatar.com\/avatar\/da4181237ddf77c667487dd66af5231faaf45fbcb0774d7a408f868da56bf04c?s=96&d=mm&r=g","contentUrl":"https:\/\/secure.gravatar.com\/avatar\/da4181237ddf77c667487dd66af5231faaf45fbcb0774d7a408f868da56bf04c?s=96&d=mm&r=g","caption":"C vel K"},"url":"https:\/\/notabene.world\/nb\/author\/kcedro\/"}]}},"jetpack_featured_media_url":"https:\/\/i0.wp.com\/notabene.world\/nb\/wp-content\/uploads\/2025\/07\/antyp.jpg?fit=800%2C445&ssl=1","jetpack_sharing_enabled":true,"jetpack_shortlink":"https:\/\/wp.me\/pdCobN-3Zh","_links":{"self":[{"href":"https:\/\/notabene.world\/nb\/wp-json\/wp\/v2\/posts\/15331","targetHints":{"allow":["GET"]}}],"collection":[{"href":"https:\/\/notabene.world\/nb\/wp-json\/wp\/v2\/posts"}],"about":[{"href":"https:\/\/notabene.world\/nb\/wp-json\/wp\/v2\/types\/post"}],"author":[{"embeddable":true,"href":"https:\/\/notabene.world\/nb\/wp-json\/wp\/v2\/users\/1"}],"replies":[{"embeddable":true,"href":"https:\/\/notabene.world\/nb\/wp-json\/wp\/v2\/comments?post=15331"}],"version-history":[{"count":5,"href":"https:\/\/notabene.world\/nb\/wp-json\/wp\/v2\/posts\/15331\/revisions"}],"predecessor-version":[{"id":15416,"href":"https:\/\/notabene.world\/nb\/wp-json\/wp\/v2\/posts\/15331\/revisions\/15416"}],"wp:featuredmedia":[{"embeddable":true,"href":"https:\/\/notabene.world\/nb\/wp-json\/wp\/v2\/media\/15333"}],"wp:attachment":[{"href":"https:\/\/notabene.world\/nb\/wp-json\/wp\/v2\/media?parent=15331"}],"wp:term":[{"taxonomy":"category","embeddable":true,"href":"https:\/\/notabene.world\/nb\/wp-json\/wp\/v2\/categories?post=15331"},{"taxonomy":"post_tag","embeddable":true,"href":"https:\/\/notabene.world\/nb\/wp-json\/wp\/v2\/tags?post=15331"}],"curies":[{"name":"wp","href":"https:\/\/api.w.org\/{rel}","templated":true}]}}