{"id":15426,"date":"2025-07-09T07:00:00","date_gmt":"2025-07-09T05:00:00","guid":{"rendered":"https:\/\/notabene.world\/nb\/?p=15426"},"modified":"2025-11-26T10:33:51","modified_gmt":"2025-11-26T10:33:51","slug":"poranna-medytacja-w-deszczu","status":"publish","type":"post","link":"https:\/\/notabene.world\/nb\/poranna-medytacja-w-deszczu\/","title":{"rendered":"Poranna medytacja w deszczu"},"content":{"rendered":"\n<p class=\"has-text-align-right\"><em>Czytajcie, piszcie (nie tylko) listy , \u015bpiewajcie i pijcie wino, a b\u0119dzie Wam dane (wedle znanej staro\u017cytnej zasady)<\/em><\/p>\n\n\n\n<p>Gdy pada deszcz, najlepiej napi\u0107 si\u0119 wina i &#8211; oczywi\u015bcie &#8211; odda\u0107 medytacji. Przemin\u0119\u0142y wszak w ko\u0144cu niezno\u015bne upa\u0142y i nawet w Opolu ju\u017c dawno po festiwalu. Wraz z nadej\u015bciem kalendarzowego lata mia\u0142o by\u0107 normalniej. W\u0142a\u015bciwie to cudnie by\u0142oby tak od razu wskoczy\u0107 na&nbsp;rower i uda\u0107 si\u0119 gdzie\u015b w sin\u0105 dal.&nbsp;Wraz z nadej\u015bciem lata&nbsp;mia\u0142o te\u017c by\u0107&nbsp;natychmiast&nbsp;<em>tyle s\u0142o\u0144ca&nbsp;w ca\u0142ym mie\u015bcie. Popatrz, no po prostu popatrz, ile szcz\u0119\u015bcia nios\u0105 z sob\u0105 zakochani.<\/em> Taaak, najlepsze s\u0105 medytacje przy winie w obj\u0119ciach zakochanej kobiety. Chyba, \u017ce jest si\u0119 listonoszem.<\/p>\n\n\n\n<p id=\"block-085c9c6e-3f37-43cf-ad60-9b9a2ed4b42b\">Niestety u nas na wsi te\u017c ci\u0105gle\u00a0leje jak z cebra,\u00a0przez co utkn\u0105\u0142\u00a0na dobre w\u015br\u00f3d tych \u0142\u0105k zielonych nasz <em>czu\u0142y listonosz<\/em> (niczym\u00a0\u00f3w\u00a0<em>narrator<\/em> ze s\u0142ynnego eseju noblistki). Przy\u00a0ma\u0142ej\u00a0kapliczce pod wiat\u0105 przycupn\u0105\u0142, zadumany\u00a0w medytacji\u00a0nad naszym losem, onie\u015bmielony nieco pobo\u017cnym patosem. Wiejska droga rozmok\u0142a zupe\u0142nie i\u00a0wko\u0142o b\u0142ota tyle, \u017ce nie spos\u00f3b z\u0142apa\u0107 jak\u0105kolwiek r\u00f3wnowag\u0119 i jecha\u0107 dalej.\u00a0A to przecie\u017c i tu, i tam ludzie listy pisz\u0105 oraz na listy czekaj\u0105.<\/p>\n\n\n\n<p id=\"block-78551140-e5fb-49a9-a979-db4809c3cd8f\">Chwilowo krajobraz zrobi\u0142 si\u0119 szwedzki. Wozy kolorowe p\u0119dz\u0105, nie zwa\u017caj\u0105c na wszechobecne ka\u0142u\u017ce. A tu wypada\u0142oby mo\u017ce na chwil\u0119 zdj\u0105\u0107 nog\u0119 z gazu i przykl\u0119kn\u0105\u0107. Ale gdzie tam&#8230; Zw\u0142aszcza, \u017ce torba listonosza&nbsp;jest&nbsp;dzi\u015b r\u00f3wnie ci\u0119\u017cka jak i&nbsp;g\u0142owa&nbsp;jego &#8211;&nbsp;od my\u015bli&nbsp;niezno\u015bnych.&nbsp;Nasz listonosz musi jeszcze zr\u0119cznie&nbsp;trzyma\u0107 parasol, \u017ceby przynajmniej one nie przemok\u0142y. C\u00f3\u017c innego ma&nbsp;pocz\u0105\u0107,&nbsp;skoro&nbsp;\u015bwiat doko\u0142a taki&nbsp;przemoczony i zamroczony.&nbsp;Wszak ci\u0105gle leje i&nbsp;b\u0142oto wsz\u0119dzie &#8211; oj&nbsp;co to b\u0119dzie,&nbsp;oj&nbsp;co to b\u0119dzie? Czy kogokolwiek w og\u00f3le interesuje jeszcze stan ducha swojskiego wiejskiego listonosza? Raz po raz powtarzam to samo pytanie, nie wiedz\u0105c zupe\u0142nie, co dalej si\u0119 stanie. Gdy niebo wreszcie rozkwita, pojawia si\u0119 t\u0119cza, na co czu\u0142y listonosz nadal si\u0119 zadr\u0119cza. Ko\u0144ca medytacji po prostu nie wida\u0107, lecz jedno jest pewne: trzeba jecha\u0107 dalej &#8211; by na co\u015b si\u0119 przyda\u0107.<\/p>\n\n\n\n<p id=\"block-5ec45fdd-7287-44ec-9dfb-5f616ba14e27\">Po deszczu wie\u015b zaraz budzi si\u0119 do \u017cycia, kolor\u00f3w nabiera, szcz\u0119\u015bliwa, a jak\u017ce \u2013 wychodzi z ukrycia. Robi si\u0119 weso\u0142a. Nasz listonosz z ulg\u0105 przerywa dumanie, ju\u017c parasol sk\u0142ada, ociera pot z czo\u0142a. Co\u015b tam gada pod nosem i z trudem ponownie na sw\u00f3j rower wsiada. Pojecha\u0142by dalej, ale&#8230; <em>nikt nie wo\u0142a. <\/em>Zwidy ma chyba jakie\u015b, \u017ce w g\u00f3rze ta\u0144cz\u0105 na niebie or\u0142y same i soko\u0142y. Gdy przyjrzy si\u0119 bli\u017cej, to jednak chocho\u0142y. Rozum przysypia, budz\u0105 si\u0119 demony? Wok\u00f3\u0142 za\u015b wsz\u0119dzie natr\u0119tnie i nami\u0119tnie bzycz\u0105 pszczo\u0142y. Nieweso\u0142y jest \u017cywot wiejskiego listonosza, oj nieweso\u0142y.&nbsp;<\/p>\n\n\n\n<p id=\"block-a7791ac9-2a89-458f-a1ad-0e72d0d44c42\">Pszcz\u00f3\u0142 (a zw\u0142aszcza trutni) nasz <em>czu\u0142y listonosz<\/em> boi si\u0119 najbardziej. Nie do\u015b\u0107, \u017ce trudno jednoznacznie ustali\u0107, z jakiej one pasieki, to jeszcze \u017c\u0105d\u0142a maj\u0105 gro\u017ane i uk\u0105si\u0107 mog\u0105 znienacka.&nbsp;I nici wtedy z dalszych medytacji, o dor\u0119czaniu list\u00f3w pod w\u0142a\u015bciwe adresy nie wspominaj\u0105c.<\/p>\n\n\n\n<p id=\"block-f4f2d8dd-62e9-4039-ae57-6c5ee8d247e2\"><em><a href=\"https:\/\/youtu.be\/EX25EbyY7fM\">Ludzie, pom\u00f3\u017ccie i zejd\u017acie czasem z drogi, bo&#8230;<\/a> listonosz jedzie,<\/em> by\u0107 mo\u017ce zb\u0142\u0105kany i zakochany (?). Takie czasy, \u017ce coraz trudniej prost\u0105 drog\u0105 dotrze\u0107 st\u0105d dotamt\u0105d. Zrozumcie listonosza.<\/p>\n","protected":false},"excerpt":{"rendered":"<p>Gdy pada deszcz, najlepiej napi\u0107 si\u0119 wina i &#8211; oczywi\u015bcie &#8211; odda\u0107 si\u0119 medytacji. Przemin\u0119\u0142y wszak w ko\u0144cu niezno\u015bne upa\u0142y i nawet w Opolu ju\u017c dawno po festiwalu. Wraz z nadej\u015bciem kalendarzowego lata mia\u0142o by\u0107 normalniej. W\u0142a\u015bciwie to cudnie by\u0142oby tak od razu wskoczy\u0107 na\u00a0rower i uda\u0107 si\u0119 gdzie\u015b w sin\u0105 dal.\u00a0Wraz z nadej\u015bciem lata\u00a0mia\u0142o by\u0107\u00a0natychmiast\u00a0tyle s\u0142o\u0144ca\u00a0w ca\u0142ym mie\u015bcie. Popatrz, no po prostu popatrz, ile szcz\u0119\u015bcia nios\u0105 z sob\u0105 zakochani. Taaak, najlepsze s\u0105 medytacje przy winie w obj\u0119ciach zakochanej kobiety. Chyba, \u017ce jest si\u0119 listonoszem.<br \/>\n<br \/>\nNiestety u nas na wsi te\u017c ci\u0105gle\u00a0leje jak z cebra,\u00a0przez co utkn\u0105\u0142\u00a0na dobre w\u015br\u00f3d tych \u0142\u0105k zielonych nasz czu\u0142y listonosz (niczym\u00a0\u00f3w\u00a0narrator ze s\u0142ynnego eseju noblistki). Przy\u00a0ma\u0142ej\u00a0kapliczce pod wiat\u0105 przycupn\u0105\u0142,\u00a0zadumany\u00a0w medytacji\u00a0nad naszym losem, onie\u015bmielony nieco pobo\u017cnym patosem. Wiejska droga rozmok\u0142a zupe\u0142nie i\u00a0wko\u0142o b\u0142ota tyle, \u017ce nie spos\u00f3b z\u0142apa\u0107 jak\u0105kolwiek r\u00f3wnowag\u0119 i jecha\u0107 dalej.\u00a0A to przecie\u017c i tu, i tam ludzie listy pisz\u0105 oraz na listy czekaj\u0105.<br \/>\n<br \/>\nChwilowo krajobraz zrobi\u0142 si\u0119 szwedzki. Wozy kolorowe p\u0119dz\u0105, nie zwa\u017caj\u0105c na wszechobecne ka\u0142u\u017ce. A tu wypada\u0142oby mo\u017ce na chwil\u0119 zdj\u0105\u0107 nog\u0119 z gazu i przykl\u0119kn\u0105\u0107. Ale gdzie tam&#8230; Zw\u0142aszcza, \u017ce torba listonosza\u00a0jest\u00a0dzi\u015b r\u00f3wnie ci\u0119\u017cka jak i\u00a0g\u0142owa\u00a0jego &#8211;\u00a0od my\u015bli\u00a0niezno\u015bnych.\u00a0Nasz listonosz musi jeszcze zr\u0119cznie\u00a0trzyma\u0107 parasol, \u017ceby przynajmniej one nie przemok\u0142y. C\u00f3\u017c innego ma\u00a0pocz\u0105\u0107,\u00a0skoro\u00a0\u015bwiat doko\u0142a taki\u00a0przemoczony i zamroczony.<\/p>\n","protected":false},"author":1,"featured_media":15429,"comment_status":"closed","ping_status":"closed","sticky":false,"template":"","format":"standard","meta":{"colormag_page_container_layout":"no_sidebar_content_centered","colormag_page_sidebar_layout":"no_sidebar","_jetpack_memberships_contains_paid_content":false,"footnotes":"","_links_to":"","_links_to_target":""},"categories":[64,42,48],"tags":[],"class_list":["post-15426","post","type-post","status-publish","format-standard","has-post-thumbnail","hentry","category-aktualnosci","category-felietony","category-wiecej-swiatla"],"yoast_head":"<!-- This site is optimized with the Yoast SEO plugin v27.4 - https:\/\/yoast.com\/product\/yoast-seo-wordpress\/ -->\n<title>Poranna medytacja w deszczu - NOTABENE.WORLD<\/title>\n<meta name=\"robots\" content=\"index, follow, max-snippet:-1, max-image-preview:large, max-video-preview:-1\" \/>\n<link rel=\"canonical\" href=\"https:\/\/notabene.world\/nb\/poranna-medytacja-w-deszczu\/\" \/>\n<meta property=\"og:locale\" content=\"pl_PL\" \/>\n<meta property=\"og:type\" content=\"article\" \/>\n<meta property=\"og:title\" content=\"Poranna medytacja w deszczu - NOTABENE.WORLD\" \/>\n<meta property=\"og:description\" content=\"Gdy pada deszcz, najlepiej napi\u0107 si\u0119 wina i - oczywi\u015bcie - odda\u0107 si\u0119 medytacji. Przemin\u0119\u0142y wszak w ko\u0144cu niezno\u015bne upa\u0142y i nawet w Opolu ju\u017c dawno po festiwalu. Wraz z nadej\u015bciem kalendarzowego lata mia\u0142o by\u0107 normalniej. W\u0142a\u015bciwie to cudnie by\u0142oby tak od razu wskoczy\u0107 na\u00a0rower i uda\u0107 si\u0119 gdzie\u015b w sin\u0105 dal.\u00a0Wraz z nadej\u015bciem lata\u00a0mia\u0142o by\u0107\u00a0natychmiast\u00a0tyle s\u0142o\u0144ca\u00a0w ca\u0142ym mie\u015bcie. Popatrz, no po prostu popatrz, ile szcz\u0119\u015bcia nios\u0105 z sob\u0105 zakochani. Taaak, najlepsze s\u0105 medytacje przy winie w obj\u0119ciach zakochanej kobiety. Chyba, \u017ce jest si\u0119 listonoszem. Niestety u nas na wsi te\u017c ci\u0105gle\u00a0leje jak z cebra,\u00a0przez co utkn\u0105\u0142\u00a0na dobre w\u015br\u00f3d tych \u0142\u0105k zielonych nasz czu\u0142y listonosz (niczym\u00a0\u00f3w\u00a0narrator ze s\u0142ynnego eseju noblistki). Przy\u00a0ma\u0142ej\u00a0kapliczce pod wiat\u0105 przycupn\u0105\u0142,\u00a0zadumany\u00a0w medytacji\u00a0nad naszym losem, onie\u015bmielony nieco pobo\u017cnym patosem. Wiejska droga rozmok\u0142a zupe\u0142nie i\u00a0wko\u0142o b\u0142ota tyle, \u017ce nie spos\u00f3b z\u0142apa\u0107 jak\u0105kolwiek r\u00f3wnowag\u0119 i jecha\u0107 dalej.\u00a0A to przecie\u017c i tu, i tam ludzie listy pisz\u0105 oraz na listy czekaj\u0105. Chwilowo krajobraz zrobi\u0142 si\u0119 szwedzki. Wozy kolorowe p\u0119dz\u0105, nie zwa\u017caj\u0105c na wszechobecne ka\u0142u\u017ce. A tu wypada\u0142oby mo\u017ce na chwil\u0119 zdj\u0105\u0107 nog\u0119 z gazu i przykl\u0119kn\u0105\u0107. Ale gdzie tam... Zw\u0142aszcza, \u017ce torba listonosza\u00a0jest\u00a0dzi\u015b r\u00f3wnie ci\u0119\u017cka jak i\u00a0g\u0142owa\u00a0jego -\u00a0od my\u015bli\u00a0niezno\u015bnych.\u00a0Nasz listonosz musi jeszcze zr\u0119cznie\u00a0trzyma\u0107 parasol, \u017ceby przynajmniej one nie przemok\u0142y. C\u00f3\u017c innego ma\u00a0pocz\u0105\u0107,\u00a0skoro\u00a0\u015bwiat doko\u0142a taki\u00a0przemoczony i zamroczony.\" \/>\n<meta property=\"og:url\" content=\"https:\/\/notabene.world\/nb\/poranna-medytacja-w-deszczu\/\" \/>\n<meta property=\"og:site_name\" content=\"NOTABENE.WORLD\" \/>\n<meta property=\"article:publisher\" content=\"https:\/\/www.facebook.com\/Notabene.World\" \/>\n<meta property=\"article:published_time\" content=\"2025-07-09T05:00:00+00:00\" \/>\n<meta property=\"article:modified_time\" content=\"2025-11-26T10:33:51+00:00\" \/>\n<meta property=\"og:image\" content=\"https:\/\/notabene.world\/nb\/wp-content\/uploads\/2025\/07\/mm2.jpg\" \/>\n\t<meta property=\"og:image:width\" content=\"800\" \/>\n\t<meta property=\"og:image:height\" content=\"445\" \/>\n\t<meta property=\"og:image:type\" content=\"image\/jpeg\" \/>\n<meta name=\"author\" content=\"C vel K\" \/>\n<meta name=\"twitter:card\" content=\"summary_large_image\" \/>\n<meta name=\"twitter:label1\" content=\"Napisane przez\" \/>\n\t<meta name=\"twitter:data1\" content=\"C vel K\" \/>\n\t<meta name=\"twitter:label2\" content=\"Szacowany czas czytania\" \/>\n\t<meta name=\"twitter:data2\" content=\"3 minuty\" \/>\n<script type=\"application\/ld+json\" class=\"yoast-schema-graph\">{\"@context\":\"https:\\\/\\\/schema.org\",\"@graph\":[{\"@type\":\"Article\",\"@id\":\"https:\\\/\\\/notabene.world\\\/nb\\\/poranna-medytacja-w-deszczu\\\/#article\",\"isPartOf\":{\"@id\":\"https:\\\/\\\/notabene.world\\\/nb\\\/poranna-medytacja-w-deszczu\\\/\"},\"author\":{\"name\":\"C vel K\",\"@id\":\"https:\\\/\\\/notabene.world\\\/nb\\\/#\\\/schema\\\/person\\\/2227ed509f9261e544f6078919e1981d\"},\"headline\":\"Poranna medytacja w deszczu\",\"datePublished\":\"2025-07-09T05:00:00+00:00\",\"dateModified\":\"2025-11-26T10:33:51+00:00\",\"mainEntityOfPage\":{\"@id\":\"https:\\\/\\\/notabene.world\\\/nb\\\/poranna-medytacja-w-deszczu\\\/\"},\"wordCount\":618,\"publisher\":{\"@id\":\"https:\\\/\\\/notabene.world\\\/nb\\\/#organization\"},\"image\":{\"@id\":\"https:\\\/\\\/notabene.world\\\/nb\\\/poranna-medytacja-w-deszczu\\\/#primaryimage\"},\"thumbnailUrl\":\"https:\\\/\\\/i0.wp.com\\\/notabene.world\\\/nb\\\/wp-content\\\/uploads\\\/2025\\\/07\\\/mm2.jpg?fit=800%2C445&ssl=1\",\"articleSection\":[\"Aktualno\u015bci\",\"Felietony\",\"WI\u0118CEJ \u015aWIAT(\u0141)A\"],\"inLanguage\":\"pl-PL\"},{\"@type\":\"WebPage\",\"@id\":\"https:\\\/\\\/notabene.world\\\/nb\\\/poranna-medytacja-w-deszczu\\\/\",\"url\":\"https:\\\/\\\/notabene.world\\\/nb\\\/poranna-medytacja-w-deszczu\\\/\",\"name\":\"Poranna medytacja w deszczu - NOTABENE.WORLD\",\"isPartOf\":{\"@id\":\"https:\\\/\\\/notabene.world\\\/nb\\\/#website\"},\"primaryImageOfPage\":{\"@id\":\"https:\\\/\\\/notabene.world\\\/nb\\\/poranna-medytacja-w-deszczu\\\/#primaryimage\"},\"image\":{\"@id\":\"https:\\\/\\\/notabene.world\\\/nb\\\/poranna-medytacja-w-deszczu\\\/#primaryimage\"},\"thumbnailUrl\":\"https:\\\/\\\/i0.wp.com\\\/notabene.world\\\/nb\\\/wp-content\\\/uploads\\\/2025\\\/07\\\/mm2.jpg?fit=800%2C445&ssl=1\",\"datePublished\":\"2025-07-09T05:00:00+00:00\",\"dateModified\":\"2025-11-26T10:33:51+00:00\",\"breadcrumb\":{\"@id\":\"https:\\\/\\\/notabene.world\\\/nb\\\/poranna-medytacja-w-deszczu\\\/#breadcrumb\"},\"inLanguage\":\"pl-PL\",\"potentialAction\":[{\"@type\":\"ReadAction\",\"target\":[\"https:\\\/\\\/notabene.world\\\/nb\\\/poranna-medytacja-w-deszczu\\\/\"]}]},{\"@type\":\"ImageObject\",\"inLanguage\":\"pl-PL\",\"@id\":\"https:\\\/\\\/notabene.world\\\/nb\\\/poranna-medytacja-w-deszczu\\\/#primaryimage\",\"url\":\"https:\\\/\\\/i0.wp.com\\\/notabene.world\\\/nb\\\/wp-content\\\/uploads\\\/2025\\\/07\\\/mm2.jpg?fit=800%2C445&ssl=1\",\"contentUrl\":\"https:\\\/\\\/i0.wp.com\\\/notabene.world\\\/nb\\\/wp-content\\\/uploads\\\/2025\\\/07\\\/mm2.jpg?fit=800%2C445&ssl=1\",\"width\":800,\"height\":445},{\"@type\":\"BreadcrumbList\",\"@id\":\"https:\\\/\\\/notabene.world\\\/nb\\\/poranna-medytacja-w-deszczu\\\/#breadcrumb\",\"itemListElement\":[{\"@type\":\"ListItem\",\"position\":1,\"name\":\"Home\",\"item\":\"https:\\\/\\\/notabene.world\\\/nb\\\/\"},{\"@type\":\"ListItem\",\"position\":2,\"name\":\"Poranna medytacja w deszczu\"}]},{\"@type\":\"WebSite\",\"@id\":\"https:\\\/\\\/notabene.world\\\/nb\\\/#website\",\"url\":\"https:\\\/\\\/notabene.world\\\/nb\\\/\",\"name\":\"NOTABENE.WORLD\",\"description\":\"Przekaz. Warto\u015bci. Wsp\u00f3lnota.\",\"publisher\":{\"@id\":\"https:\\\/\\\/notabene.world\\\/nb\\\/#organization\"},\"potentialAction\":[{\"@type\":\"SearchAction\",\"target\":{\"@type\":\"EntryPoint\",\"urlTemplate\":\"https:\\\/\\\/notabene.world\\\/nb\\\/?s={search_term_string}\"},\"query-input\":{\"@type\":\"PropertyValueSpecification\",\"valueRequired\":true,\"valueName\":\"search_term_string\"}}],\"inLanguage\":\"pl-PL\"},{\"@type\":\"Organization\",\"@id\":\"https:\\\/\\\/notabene.world\\\/nb\\\/#organization\",\"name\":\"NOTABENE.WORLD\",\"url\":\"https:\\\/\\\/notabene.world\\\/nb\\\/\",\"logo\":{\"@type\":\"ImageObject\",\"inLanguage\":\"pl-PL\",\"@id\":\"https:\\\/\\\/notabene.world\\\/nb\\\/#\\\/schema\\\/logo\\\/image\\\/\",\"url\":\"https:\\\/\\\/notabene.world\\\/nb\\\/wp-content\\\/uploads\\\/2022\\\/01\\\/NB-club-start-www1.jpg\",\"contentUrl\":\"https:\\\/\\\/notabene.world\\\/nb\\\/wp-content\\\/uploads\\\/2022\\\/01\\\/NB-club-start-www1.jpg\",\"width\":1000,\"height\":839,\"caption\":\"NOTABENE.WORLD\"},\"image\":{\"@id\":\"https:\\\/\\\/notabene.world\\\/nb\\\/#\\\/schema\\\/logo\\\/image\\\/\"},\"sameAs\":[\"https:\\\/\\\/www.facebook.com\\\/Notabene.World\"]},{\"@type\":\"Person\",\"@id\":\"https:\\\/\\\/notabene.world\\\/nb\\\/#\\\/schema\\\/person\\\/2227ed509f9261e544f6078919e1981d\",\"name\":\"C vel K\",\"image\":{\"@type\":\"ImageObject\",\"inLanguage\":\"pl-PL\",\"@id\":\"https:\\\/\\\/secure.gravatar.com\\\/avatar\\\/da4181237ddf77c667487dd66af5231faaf45fbcb0774d7a408f868da56bf04c?s=96&d=mm&r=g\",\"url\":\"https:\\\/\\\/secure.gravatar.com\\\/avatar\\\/da4181237ddf77c667487dd66af5231faaf45fbcb0774d7a408f868da56bf04c?s=96&d=mm&r=g\",\"contentUrl\":\"https:\\\/\\\/secure.gravatar.com\\\/avatar\\\/da4181237ddf77c667487dd66af5231faaf45fbcb0774d7a408f868da56bf04c?s=96&d=mm&r=g\",\"caption\":\"C vel K\"},\"url\":\"https:\\\/\\\/notabene.world\\\/nb\\\/author\\\/kcedro\\\/\"}]}<\/script>\n<!-- \/ Yoast SEO plugin. -->","yoast_head_json":{"title":"Poranna medytacja w deszczu - NOTABENE.WORLD","robots":{"index":"index","follow":"follow","max-snippet":"max-snippet:-1","max-image-preview":"max-image-preview:large","max-video-preview":"max-video-preview:-1"},"canonical":"https:\/\/notabene.world\/nb\/poranna-medytacja-w-deszczu\/","og_locale":"pl_PL","og_type":"article","og_title":"Poranna medytacja w deszczu - NOTABENE.WORLD","og_description":"Gdy pada deszcz, najlepiej napi\u0107 si\u0119 wina i - oczywi\u015bcie - odda\u0107 si\u0119 medytacji. Przemin\u0119\u0142y wszak w ko\u0144cu niezno\u015bne upa\u0142y i nawet w Opolu ju\u017c dawno po festiwalu. Wraz z nadej\u015bciem kalendarzowego lata mia\u0142o by\u0107 normalniej. W\u0142a\u015bciwie to cudnie by\u0142oby tak od razu wskoczy\u0107 na\u00a0rower i uda\u0107 si\u0119 gdzie\u015b w sin\u0105 dal.\u00a0Wraz z nadej\u015bciem lata\u00a0mia\u0142o by\u0107\u00a0natychmiast\u00a0tyle s\u0142o\u0144ca\u00a0w ca\u0142ym mie\u015bcie. Popatrz, no po prostu popatrz, ile szcz\u0119\u015bcia nios\u0105 z sob\u0105 zakochani. Taaak, najlepsze s\u0105 medytacje przy winie w obj\u0119ciach zakochanej kobiety. Chyba, \u017ce jest si\u0119 listonoszem. Niestety u nas na wsi te\u017c ci\u0105gle\u00a0leje jak z cebra,\u00a0przez co utkn\u0105\u0142\u00a0na dobre w\u015br\u00f3d tych \u0142\u0105k zielonych nasz czu\u0142y listonosz (niczym\u00a0\u00f3w\u00a0narrator ze s\u0142ynnego eseju noblistki). Przy\u00a0ma\u0142ej\u00a0kapliczce pod wiat\u0105 przycupn\u0105\u0142,\u00a0zadumany\u00a0w medytacji\u00a0nad naszym losem, onie\u015bmielony nieco pobo\u017cnym patosem. Wiejska droga rozmok\u0142a zupe\u0142nie i\u00a0wko\u0142o b\u0142ota tyle, \u017ce nie spos\u00f3b z\u0142apa\u0107 jak\u0105kolwiek r\u00f3wnowag\u0119 i jecha\u0107 dalej.\u00a0A to przecie\u017c i tu, i tam ludzie listy pisz\u0105 oraz na listy czekaj\u0105. Chwilowo krajobraz zrobi\u0142 si\u0119 szwedzki. Wozy kolorowe p\u0119dz\u0105, nie zwa\u017caj\u0105c na wszechobecne ka\u0142u\u017ce. A tu wypada\u0142oby mo\u017ce na chwil\u0119 zdj\u0105\u0107 nog\u0119 z gazu i przykl\u0119kn\u0105\u0107. Ale gdzie tam... Zw\u0142aszcza, \u017ce torba listonosza\u00a0jest\u00a0dzi\u015b r\u00f3wnie ci\u0119\u017cka jak i\u00a0g\u0142owa\u00a0jego -\u00a0od my\u015bli\u00a0niezno\u015bnych.\u00a0Nasz listonosz musi jeszcze zr\u0119cznie\u00a0trzyma\u0107 parasol, \u017ceby przynajmniej one nie przemok\u0142y. C\u00f3\u017c innego ma\u00a0pocz\u0105\u0107,\u00a0skoro\u00a0\u015bwiat doko\u0142a taki\u00a0przemoczony i zamroczony.","og_url":"https:\/\/notabene.world\/nb\/poranna-medytacja-w-deszczu\/","og_site_name":"NOTABENE.WORLD","article_publisher":"https:\/\/www.facebook.com\/Notabene.World","article_published_time":"2025-07-09T05:00:00+00:00","article_modified_time":"2025-11-26T10:33:51+00:00","og_image":[{"width":800,"height":445,"url":"https:\/\/notabene.world\/nb\/wp-content\/uploads\/2025\/07\/mm2.jpg","type":"image\/jpeg"}],"author":"C vel K","twitter_card":"summary_large_image","twitter_misc":{"Napisane przez":"C vel K","Szacowany czas czytania":"3 minuty"},"schema":{"@context":"https:\/\/schema.org","@graph":[{"@type":"Article","@id":"https:\/\/notabene.world\/nb\/poranna-medytacja-w-deszczu\/#article","isPartOf":{"@id":"https:\/\/notabene.world\/nb\/poranna-medytacja-w-deszczu\/"},"author":{"name":"C vel K","@id":"https:\/\/notabene.world\/nb\/#\/schema\/person\/2227ed509f9261e544f6078919e1981d"},"headline":"Poranna medytacja w deszczu","datePublished":"2025-07-09T05:00:00+00:00","dateModified":"2025-11-26T10:33:51+00:00","mainEntityOfPage":{"@id":"https:\/\/notabene.world\/nb\/poranna-medytacja-w-deszczu\/"},"wordCount":618,"publisher":{"@id":"https:\/\/notabene.world\/nb\/#organization"},"image":{"@id":"https:\/\/notabene.world\/nb\/poranna-medytacja-w-deszczu\/#primaryimage"},"thumbnailUrl":"https:\/\/i0.wp.com\/notabene.world\/nb\/wp-content\/uploads\/2025\/07\/mm2.jpg?fit=800%2C445&ssl=1","articleSection":["Aktualno\u015bci","Felietony","WI\u0118CEJ \u015aWIAT(\u0141)A"],"inLanguage":"pl-PL"},{"@type":"WebPage","@id":"https:\/\/notabene.world\/nb\/poranna-medytacja-w-deszczu\/","url":"https:\/\/notabene.world\/nb\/poranna-medytacja-w-deszczu\/","name":"Poranna medytacja w deszczu - NOTABENE.WORLD","isPartOf":{"@id":"https:\/\/notabene.world\/nb\/#website"},"primaryImageOfPage":{"@id":"https:\/\/notabene.world\/nb\/poranna-medytacja-w-deszczu\/#primaryimage"},"image":{"@id":"https:\/\/notabene.world\/nb\/poranna-medytacja-w-deszczu\/#primaryimage"},"thumbnailUrl":"https:\/\/i0.wp.com\/notabene.world\/nb\/wp-content\/uploads\/2025\/07\/mm2.jpg?fit=800%2C445&ssl=1","datePublished":"2025-07-09T05:00:00+00:00","dateModified":"2025-11-26T10:33:51+00:00","breadcrumb":{"@id":"https:\/\/notabene.world\/nb\/poranna-medytacja-w-deszczu\/#breadcrumb"},"inLanguage":"pl-PL","potentialAction":[{"@type":"ReadAction","target":["https:\/\/notabene.world\/nb\/poranna-medytacja-w-deszczu\/"]}]},{"@type":"ImageObject","inLanguage":"pl-PL","@id":"https:\/\/notabene.world\/nb\/poranna-medytacja-w-deszczu\/#primaryimage","url":"https:\/\/i0.wp.com\/notabene.world\/nb\/wp-content\/uploads\/2025\/07\/mm2.jpg?fit=800%2C445&ssl=1","contentUrl":"https:\/\/i0.wp.com\/notabene.world\/nb\/wp-content\/uploads\/2025\/07\/mm2.jpg?fit=800%2C445&ssl=1","width":800,"height":445},{"@type":"BreadcrumbList","@id":"https:\/\/notabene.world\/nb\/poranna-medytacja-w-deszczu\/#breadcrumb","itemListElement":[{"@type":"ListItem","position":1,"name":"Home","item":"https:\/\/notabene.world\/nb\/"},{"@type":"ListItem","position":2,"name":"Poranna medytacja w deszczu"}]},{"@type":"WebSite","@id":"https:\/\/notabene.world\/nb\/#website","url":"https:\/\/notabene.world\/nb\/","name":"NOTABENE.WORLD","description":"Przekaz. Warto\u015bci. Wsp\u00f3lnota.","publisher":{"@id":"https:\/\/notabene.world\/nb\/#organization"},"potentialAction":[{"@type":"SearchAction","target":{"@type":"EntryPoint","urlTemplate":"https:\/\/notabene.world\/nb\/?s={search_term_string}"},"query-input":{"@type":"PropertyValueSpecification","valueRequired":true,"valueName":"search_term_string"}}],"inLanguage":"pl-PL"},{"@type":"Organization","@id":"https:\/\/notabene.world\/nb\/#organization","name":"NOTABENE.WORLD","url":"https:\/\/notabene.world\/nb\/","logo":{"@type":"ImageObject","inLanguage":"pl-PL","@id":"https:\/\/notabene.world\/nb\/#\/schema\/logo\/image\/","url":"https:\/\/notabene.world\/nb\/wp-content\/uploads\/2022\/01\/NB-club-start-www1.jpg","contentUrl":"https:\/\/notabene.world\/nb\/wp-content\/uploads\/2022\/01\/NB-club-start-www1.jpg","width":1000,"height":839,"caption":"NOTABENE.WORLD"},"image":{"@id":"https:\/\/notabene.world\/nb\/#\/schema\/logo\/image\/"},"sameAs":["https:\/\/www.facebook.com\/Notabene.World"]},{"@type":"Person","@id":"https:\/\/notabene.world\/nb\/#\/schema\/person\/2227ed509f9261e544f6078919e1981d","name":"C vel K","image":{"@type":"ImageObject","inLanguage":"pl-PL","@id":"https:\/\/secure.gravatar.com\/avatar\/da4181237ddf77c667487dd66af5231faaf45fbcb0774d7a408f868da56bf04c?s=96&d=mm&r=g","url":"https:\/\/secure.gravatar.com\/avatar\/da4181237ddf77c667487dd66af5231faaf45fbcb0774d7a408f868da56bf04c?s=96&d=mm&r=g","contentUrl":"https:\/\/secure.gravatar.com\/avatar\/da4181237ddf77c667487dd66af5231faaf45fbcb0774d7a408f868da56bf04c?s=96&d=mm&r=g","caption":"C vel K"},"url":"https:\/\/notabene.world\/nb\/author\/kcedro\/"}]}},"jetpack_featured_media_url":"https:\/\/i0.wp.com\/notabene.world\/nb\/wp-content\/uploads\/2025\/07\/mm2.jpg?fit=800%2C445&ssl=1","jetpack_sharing_enabled":true,"jetpack_shortlink":"https:\/\/wp.me\/pdCobN-40O","_links":{"self":[{"href":"https:\/\/notabene.world\/nb\/wp-json\/wp\/v2\/posts\/15426","targetHints":{"allow":["GET"]}}],"collection":[{"href":"https:\/\/notabene.world\/nb\/wp-json\/wp\/v2\/posts"}],"about":[{"href":"https:\/\/notabene.world\/nb\/wp-json\/wp\/v2\/types\/post"}],"author":[{"embeddable":true,"href":"https:\/\/notabene.world\/nb\/wp-json\/wp\/v2\/users\/1"}],"replies":[{"embeddable":true,"href":"https:\/\/notabene.world\/nb\/wp-json\/wp\/v2\/comments?post=15426"}],"version-history":[{"count":5,"href":"https:\/\/notabene.world\/nb\/wp-json\/wp\/v2\/posts\/15426\/revisions"}],"predecessor-version":[{"id":18538,"href":"https:\/\/notabene.world\/nb\/wp-json\/wp\/v2\/posts\/15426\/revisions\/18538"}],"wp:featuredmedia":[{"embeddable":true,"href":"https:\/\/notabene.world\/nb\/wp-json\/wp\/v2\/media\/15429"}],"wp:attachment":[{"href":"https:\/\/notabene.world\/nb\/wp-json\/wp\/v2\/media?parent=15426"}],"wp:term":[{"taxonomy":"category","embeddable":true,"href":"https:\/\/notabene.world\/nb\/wp-json\/wp\/v2\/categories?post=15426"},{"taxonomy":"post_tag","embeddable":true,"href":"https:\/\/notabene.world\/nb\/wp-json\/wp\/v2\/tags?post=15426"}],"curies":[{"name":"wp","href":"https:\/\/api.w.org\/{rel}","templated":true}]}}