{"id":15612,"date":"2025-08-23T02:01:00","date_gmt":"2025-08-23T02:01:00","guid":{"rendered":"https:\/\/notabene.world\/nb\/?p=15612"},"modified":"2025-09-15T14:20:23","modified_gmt":"2025-09-15T14:20:23","slug":"minela-polnoc","status":"publish","type":"post","link":"https:\/\/notabene.world\/nb\/minela-polnoc\/","title":{"rendered":"Min\u0119\u0142a p\u00f3\u0142noc"},"content":{"rendered":"\n<p class=\"has-text-align-center\">***<br>min\u0119\u0142a p\u00f3\u0142noc<br>umar\u0142 piec kaflowy<br>na Amen<br>s\u0142owa na ustach zakrzep\u0142y<br>odp\u0142yn\u0105\u0142 pok\u00f3j gdzie\u015b z Golfstromem ciep\u0142ym i zn\u00f3w na palcach przysz\u0142a\u015b mi do g\u0142owy<\/p>\n\n\n\n<p class=\"has-text-align-center\">w meandrach m\u00f3zgu prost\u0105 k\u0142adziesz drog\u0119 i swoje \u015bwiat\u0142o przez oczy przetaczasz otwierasz klatk\u0119 czerwonego wr\u00f3bla<br>&#8211; bez serca<\/p>\n\n\n\n<p class=\"has-text-align-center\">&#8211; z tob\u0105<br>&#8211; przez noc &#8211; nie powracam<\/p>\n\n\n\n<p class=\"has-text-align-center\">w ch\u0142\u00f3d alabastru wcieram ciemny p\u0142omie\u0144 i to co w\u0105t\u0142e wzniecam by powsta\u0142o<br>&#8211; \u015bwi\u0119cimy \u015bwi\u0119to nie\u015bwi\u0119tej komunii<br>wi\u0119c pij\u0119 wino i po\u017ceram cia\u0142o<\/p>\n\n\n\n<p class=\"has-text-align-center\">lawin\u0105 twoich w\u0142os\u00f3w przysypanym w s\u0142odkim wi\u0119zieniu<br>pod cypryjsk\u0105 ska\u0142\u0105<br>zosta\u0107 do rana ty mi nie pozwolisz &#8211; uciekniesz znowu&#8230;<\/p>\n\n\n\n<p class=\"has-text-align-center\">* zbudzony chy\u0142kiem pogryziony kocem<\/p>\n\n\n\n<p class=\"has-text-align-center\">nim blady s\u0142o\u0144ca uniesie si\u0119 placek<br>w schodzony kape\u0107 wsuwam swoj\u0105 stop\u0119 by podbi\u0107 kart\u0119 na portierni \u015bwitu<\/p>\n\n\n\n<div class=\"wp-block-media-text is-stacked-on-mobile has-very-light-gray-to-cyan-bluish-gray-gradient-background has-background\" style=\"grid-template-columns:25% auto\"><figure class=\"wp-block-media-text__media\"><img data-recalc-dims=\"1\" loading=\"lazy\" decoding=\"async\" width=\"200\" height=\"200\" src=\"https:\/\/i0.wp.com\/notabene.world\/nb\/wp-content\/uploads\/2025\/08\/ijak-1.jpg?resize=200%2C200&#038;ssl=1\" alt=\"\" class=\"wp-image-17298 size-full\" srcset=\"https:\/\/i0.wp.com\/notabene.world\/nb\/wp-content\/uploads\/2025\/08\/ijak-1.jpg?w=200&amp;ssl=1 200w, https:\/\/i0.wp.com\/notabene.world\/nb\/wp-content\/uploads\/2025\/08\/ijak-1.jpg?resize=150%2C150&amp;ssl=1 150w\" sizes=\"auto, (max-width: 200px) 100vw, 200px\" \/><\/figure><div class=\"wp-block-media-text__content\">\n<p><strong>Ignacy Jakubczyk<\/strong><\/p>\n\n\n\n<p>Dr Ignacy Jakubczyk urodzi\u0142 si\u0119 w 1967 r. w Ch\u0119cinach. Jest absolwentem I LO im. Stefana \u017beromskiego w Kielcach (matura 1986 &#8211; profil klasyczny). Autor rysunk\u00f3w i wierszy w szkolnych wydaniach \u201eNotabene\u201d w latach 1986-1995. Z wykszta\u0142cenia historyk (WSP w Krakowie) i konserwator dzie\u0142 sztuki (ASP tam\u017ce). Od 1997 r. pracuje jako konserwator zabytk\u00f3w w Polsce po\u0142udniowej. W 2014 r. uzyska\u0142 stopie\u0144 doktora na Wydziale Konserwacji i Restauracji Dzie\u0142 Sztuki ASP w Krakowie. W dysertacji opartej na do\u015bwiadczeniach zawodowych zaj\u0105\u0142 si\u0119 problematyk\u0105 materialnego kontekstu dzie\u0142 sztuki, rozpoznanego w toku ich konserwacji, jako \u017ar\u00f3d\u0142a historycznego. Od kilkunastu lat prowadzi prace w grobach kr\u00f3lewskich i wn\u0119trzach katedry wawelskiej. Za osi\u0105gni\u0119cia zawodowe zosta\u0142 odznaczony Medalem Stulecia Odzyskania Niepodleg\u0142o\u015bci (2020). Uczestnik konferencji naukowych i autor artyku\u0142\u00f3w o tematyce konserwatorsko-badawczej. Prywatnie kosmita.<\/p>\n\n\n\n<p><\/p>\n<\/div><\/div>\n","protected":false},"excerpt":{"rendered":"<p>***min\u0119\u0142a p\u00f3\u0142nocumar\u0142 piec kaflowyna Amens\u0142owa na ustach zakrzep\u0142yodp\u0142yn\u0105\u0142 pok\u00f3j gdzie\u015b z Golfstromem ciep\u0142ym i zn\u00f3w na palcach przysz\u0142a\u015b mi do<\/p>\n","protected":false},"author":69,"featured_media":15616,"comment_status":"closed","ping_status":"closed","sticky":false,"template":"","format":"standard","meta":{"colormag_page_container_layout":"no_sidebar_content_centered","colormag_page_sidebar_layout":"no_sidebar","_jetpack_memberships_contains_paid_content":false,"footnotes":"","_links_to":"","_links_to_target":""},"categories":[240,202],"tags":[],"class_list":["post-15612","post","type-post","status-publish","format-standard","has-post-thumbnail","hentry","category-notabene","category-poezja"],"yoast_head":"<!-- This site is optimized with the Yoast SEO plugin v27.4 - https:\/\/yoast.com\/product\/yoast-seo-wordpress\/ -->\n<title>Min\u0119\u0142a p\u00f3\u0142noc - NOTABENE.WORLD<\/title>\n<meta name=\"robots\" content=\"index, follow, max-snippet:-1, max-image-preview:large, max-video-preview:-1\" \/>\n<link rel=\"canonical\" href=\"https:\/\/notabene.world\/nb\/minela-polnoc\/\" \/>\n<meta property=\"og:locale\" content=\"pl_PL\" \/>\n<meta property=\"og:type\" content=\"article\" \/>\n<meta property=\"og:title\" content=\"Min\u0119\u0142a p\u00f3\u0142noc - NOTABENE.WORLD\" \/>\n<meta property=\"og:description\" content=\"***min\u0119\u0142a p\u00f3\u0142nocumar\u0142 piec kaflowyna Amens\u0142owa na ustach zakrzep\u0142yodp\u0142yn\u0105\u0142 pok\u00f3j gdzie\u015b z Golfstromem ciep\u0142ym i zn\u00f3w na palcach przysz\u0142a\u015b mi do\" \/>\n<meta property=\"og:url\" content=\"https:\/\/notabene.world\/nb\/minela-polnoc\/\" \/>\n<meta property=\"og:site_name\" content=\"NOTABENE.WORLD\" \/>\n<meta property=\"article:publisher\" content=\"https:\/\/www.facebook.com\/Notabene.World\" \/>\n<meta property=\"article:published_time\" content=\"2025-08-23T02:01:00+00:00\" \/>\n<meta property=\"article:modified_time\" content=\"2025-09-15T14:20:23+00:00\" \/>\n<meta property=\"og:image\" content=\"https:\/\/notabene.world\/nb\/wp-content\/uploads\/2025\/07\/sbrij.jpg\" \/>\n\t<meta property=\"og:image:width\" content=\"800\" \/>\n\t<meta property=\"og:image:height\" content=\"445\" \/>\n\t<meta property=\"og:image:type\" content=\"image\/jpeg\" \/>\n<meta name=\"author\" content=\"Ignacy Jakubczyk\" \/>\n<meta name=\"twitter:card\" content=\"summary_large_image\" \/>\n<meta name=\"twitter:label1\" content=\"Napisane przez\" \/>\n\t<meta name=\"twitter:data1\" content=\"Ignacy Jakubczyk\" \/>\n\t<meta name=\"twitter:label2\" content=\"Szacowany czas czytania\" \/>\n\t<meta name=\"twitter:data2\" content=\"1 minuta\" \/>\n<script type=\"application\/ld+json\" class=\"yoast-schema-graph\">{\"@context\":\"https:\\\/\\\/schema.org\",\"@graph\":[{\"@type\":\"Article\",\"@id\":\"https:\\\/\\\/notabene.world\\\/nb\\\/minela-polnoc\\\/#article\",\"isPartOf\":{\"@id\":\"https:\\\/\\\/notabene.world\\\/nb\\\/minela-polnoc\\\/\"},\"author\":{\"name\":\"Ignacy Jakubczyk\",\"@id\":\"https:\\\/\\\/notabene.world\\\/nb\\\/#\\\/schema\\\/person\\\/45dc4a4b9a18fdde674b8503173b1695\"},\"headline\":\"Min\u0119\u0142a p\u00f3\u0142noc\",\"datePublished\":\"2025-08-23T02:01:00+00:00\",\"dateModified\":\"2025-09-15T14:20:23+00:00\",\"mainEntityOfPage\":{\"@id\":\"https:\\\/\\\/notabene.world\\\/nb\\\/minela-polnoc\\\/\"},\"wordCount\":287,\"publisher\":{\"@id\":\"https:\\\/\\\/notabene.world\\\/nb\\\/#organization\"},\"image\":{\"@id\":\"https:\\\/\\\/notabene.world\\\/nb\\\/minela-polnoc\\\/#primaryimage\"},\"thumbnailUrl\":\"https:\\\/\\\/i0.wp.com\\\/notabene.world\\\/nb\\\/wp-content\\\/uploads\\\/2025\\\/07\\\/sbrij.jpg?fit=800%2C445&ssl=1\",\"articleSection\":[\"NOTABENE 1985-2025\",\"Poezja\"],\"inLanguage\":\"pl-PL\"},{\"@type\":\"WebPage\",\"@id\":\"https:\\\/\\\/notabene.world\\\/nb\\\/minela-polnoc\\\/\",\"url\":\"https:\\\/\\\/notabene.world\\\/nb\\\/minela-polnoc\\\/\",\"name\":\"Min\u0119\u0142a p\u00f3\u0142noc - NOTABENE.WORLD\",\"isPartOf\":{\"@id\":\"https:\\\/\\\/notabene.world\\\/nb\\\/#website\"},\"primaryImageOfPage\":{\"@id\":\"https:\\\/\\\/notabene.world\\\/nb\\\/minela-polnoc\\\/#primaryimage\"},\"image\":{\"@id\":\"https:\\\/\\\/notabene.world\\\/nb\\\/minela-polnoc\\\/#primaryimage\"},\"thumbnailUrl\":\"https:\\\/\\\/i0.wp.com\\\/notabene.world\\\/nb\\\/wp-content\\\/uploads\\\/2025\\\/07\\\/sbrij.jpg?fit=800%2C445&ssl=1\",\"datePublished\":\"2025-08-23T02:01:00+00:00\",\"dateModified\":\"2025-09-15T14:20:23+00:00\",\"breadcrumb\":{\"@id\":\"https:\\\/\\\/notabene.world\\\/nb\\\/minela-polnoc\\\/#breadcrumb\"},\"inLanguage\":\"pl-PL\",\"potentialAction\":[{\"@type\":\"ReadAction\",\"target\":[\"https:\\\/\\\/notabene.world\\\/nb\\\/minela-polnoc\\\/\"]}]},{\"@type\":\"ImageObject\",\"inLanguage\":\"pl-PL\",\"@id\":\"https:\\\/\\\/notabene.world\\\/nb\\\/minela-polnoc\\\/#primaryimage\",\"url\":\"https:\\\/\\\/i0.wp.com\\\/notabene.world\\\/nb\\\/wp-content\\\/uploads\\\/2025\\\/07\\\/sbrij.jpg?fit=800%2C445&ssl=1\",\"contentUrl\":\"https:\\\/\\\/i0.wp.com\\\/notabene.world\\\/nb\\\/wp-content\\\/uploads\\\/2025\\\/07\\\/sbrij.jpg?fit=800%2C445&ssl=1\",\"width\":800,\"height\":445},{\"@type\":\"BreadcrumbList\",\"@id\":\"https:\\\/\\\/notabene.world\\\/nb\\\/minela-polnoc\\\/#breadcrumb\",\"itemListElement\":[{\"@type\":\"ListItem\",\"position\":1,\"name\":\"Home\",\"item\":\"https:\\\/\\\/notabene.world\\\/nb\\\/\"},{\"@type\":\"ListItem\",\"position\":2,\"name\":\"Min\u0119\u0142a p\u00f3\u0142noc\"}]},{\"@type\":\"WebSite\",\"@id\":\"https:\\\/\\\/notabene.world\\\/nb\\\/#website\",\"url\":\"https:\\\/\\\/notabene.world\\\/nb\\\/\",\"name\":\"NOTABENE.WORLD\",\"description\":\"Przekaz. Warto\u015bci. Wsp\u00f3lnota.\",\"publisher\":{\"@id\":\"https:\\\/\\\/notabene.world\\\/nb\\\/#organization\"},\"potentialAction\":[{\"@type\":\"SearchAction\",\"target\":{\"@type\":\"EntryPoint\",\"urlTemplate\":\"https:\\\/\\\/notabene.world\\\/nb\\\/?s={search_term_string}\"},\"query-input\":{\"@type\":\"PropertyValueSpecification\",\"valueRequired\":true,\"valueName\":\"search_term_string\"}}],\"inLanguage\":\"pl-PL\"},{\"@type\":\"Organization\",\"@id\":\"https:\\\/\\\/notabene.world\\\/nb\\\/#organization\",\"name\":\"NOTABENE.WORLD\",\"url\":\"https:\\\/\\\/notabene.world\\\/nb\\\/\",\"logo\":{\"@type\":\"ImageObject\",\"inLanguage\":\"pl-PL\",\"@id\":\"https:\\\/\\\/notabene.world\\\/nb\\\/#\\\/schema\\\/logo\\\/image\\\/\",\"url\":\"https:\\\/\\\/notabene.world\\\/nb\\\/wp-content\\\/uploads\\\/2022\\\/01\\\/NB-club-start-www1.jpg\",\"contentUrl\":\"https:\\\/\\\/notabene.world\\\/nb\\\/wp-content\\\/uploads\\\/2022\\\/01\\\/NB-club-start-www1.jpg\",\"width\":1000,\"height\":839,\"caption\":\"NOTABENE.WORLD\"},\"image\":{\"@id\":\"https:\\\/\\\/notabene.world\\\/nb\\\/#\\\/schema\\\/logo\\\/image\\\/\"},\"sameAs\":[\"https:\\\/\\\/www.facebook.com\\\/Notabene.World\"]},{\"@type\":\"Person\",\"@id\":\"https:\\\/\\\/notabene.world\\\/nb\\\/#\\\/schema\\\/person\\\/45dc4a4b9a18fdde674b8503173b1695\",\"name\":\"Ignacy Jakubczyk\",\"image\":{\"@type\":\"ImageObject\",\"inLanguage\":\"pl-PL\",\"@id\":\"https:\\\/\\\/secure.gravatar.com\\\/avatar\\\/697338ce7e4ea377d354afbce8c7071a8997b05b67555aa43f3e8d510b7cd2d1?s=96&d=mm&r=g\",\"url\":\"https:\\\/\\\/secure.gravatar.com\\\/avatar\\\/697338ce7e4ea377d354afbce8c7071a8997b05b67555aa43f3e8d510b7cd2d1?s=96&d=mm&r=g\",\"contentUrl\":\"https:\\\/\\\/secure.gravatar.com\\\/avatar\\\/697338ce7e4ea377d354afbce8c7071a8997b05b67555aa43f3e8d510b7cd2d1?s=96&d=mm&r=g\",\"caption\":\"Ignacy Jakubczyk\"},\"url\":\"https:\\\/\\\/notabene.world\\\/nb\\\/author\\\/ig-ja\\\/\"}]}<\/script>\n<!-- \/ Yoast SEO plugin. -->","yoast_head_json":{"title":"Min\u0119\u0142a p\u00f3\u0142noc - NOTABENE.WORLD","robots":{"index":"index","follow":"follow","max-snippet":"max-snippet:-1","max-image-preview":"max-image-preview:large","max-video-preview":"max-video-preview:-1"},"canonical":"https:\/\/notabene.world\/nb\/minela-polnoc\/","og_locale":"pl_PL","og_type":"article","og_title":"Min\u0119\u0142a p\u00f3\u0142noc - NOTABENE.WORLD","og_description":"***min\u0119\u0142a p\u00f3\u0142nocumar\u0142 piec kaflowyna Amens\u0142owa na ustach zakrzep\u0142yodp\u0142yn\u0105\u0142 pok\u00f3j gdzie\u015b z Golfstromem ciep\u0142ym i zn\u00f3w na palcach przysz\u0142a\u015b mi do","og_url":"https:\/\/notabene.world\/nb\/minela-polnoc\/","og_site_name":"NOTABENE.WORLD","article_publisher":"https:\/\/www.facebook.com\/Notabene.World","article_published_time":"2025-08-23T02:01:00+00:00","article_modified_time":"2025-09-15T14:20:23+00:00","og_image":[{"width":800,"height":445,"url":"https:\/\/notabene.world\/nb\/wp-content\/uploads\/2025\/07\/sbrij.jpg","type":"image\/jpeg"}],"author":"Ignacy Jakubczyk","twitter_card":"summary_large_image","twitter_misc":{"Napisane przez":"Ignacy Jakubczyk","Szacowany czas czytania":"1 minuta"},"schema":{"@context":"https:\/\/schema.org","@graph":[{"@type":"Article","@id":"https:\/\/notabene.world\/nb\/minela-polnoc\/#article","isPartOf":{"@id":"https:\/\/notabene.world\/nb\/minela-polnoc\/"},"author":{"name":"Ignacy Jakubczyk","@id":"https:\/\/notabene.world\/nb\/#\/schema\/person\/45dc4a4b9a18fdde674b8503173b1695"},"headline":"Min\u0119\u0142a p\u00f3\u0142noc","datePublished":"2025-08-23T02:01:00+00:00","dateModified":"2025-09-15T14:20:23+00:00","mainEntityOfPage":{"@id":"https:\/\/notabene.world\/nb\/minela-polnoc\/"},"wordCount":287,"publisher":{"@id":"https:\/\/notabene.world\/nb\/#organization"},"image":{"@id":"https:\/\/notabene.world\/nb\/minela-polnoc\/#primaryimage"},"thumbnailUrl":"https:\/\/i0.wp.com\/notabene.world\/nb\/wp-content\/uploads\/2025\/07\/sbrij.jpg?fit=800%2C445&ssl=1","articleSection":["NOTABENE 1985-2025","Poezja"],"inLanguage":"pl-PL"},{"@type":"WebPage","@id":"https:\/\/notabene.world\/nb\/minela-polnoc\/","url":"https:\/\/notabene.world\/nb\/minela-polnoc\/","name":"Min\u0119\u0142a p\u00f3\u0142noc - NOTABENE.WORLD","isPartOf":{"@id":"https:\/\/notabene.world\/nb\/#website"},"primaryImageOfPage":{"@id":"https:\/\/notabene.world\/nb\/minela-polnoc\/#primaryimage"},"image":{"@id":"https:\/\/notabene.world\/nb\/minela-polnoc\/#primaryimage"},"thumbnailUrl":"https:\/\/i0.wp.com\/notabene.world\/nb\/wp-content\/uploads\/2025\/07\/sbrij.jpg?fit=800%2C445&ssl=1","datePublished":"2025-08-23T02:01:00+00:00","dateModified":"2025-09-15T14:20:23+00:00","breadcrumb":{"@id":"https:\/\/notabene.world\/nb\/minela-polnoc\/#breadcrumb"},"inLanguage":"pl-PL","potentialAction":[{"@type":"ReadAction","target":["https:\/\/notabene.world\/nb\/minela-polnoc\/"]}]},{"@type":"ImageObject","inLanguage":"pl-PL","@id":"https:\/\/notabene.world\/nb\/minela-polnoc\/#primaryimage","url":"https:\/\/i0.wp.com\/notabene.world\/nb\/wp-content\/uploads\/2025\/07\/sbrij.jpg?fit=800%2C445&ssl=1","contentUrl":"https:\/\/i0.wp.com\/notabene.world\/nb\/wp-content\/uploads\/2025\/07\/sbrij.jpg?fit=800%2C445&ssl=1","width":800,"height":445},{"@type":"BreadcrumbList","@id":"https:\/\/notabene.world\/nb\/minela-polnoc\/#breadcrumb","itemListElement":[{"@type":"ListItem","position":1,"name":"Home","item":"https:\/\/notabene.world\/nb\/"},{"@type":"ListItem","position":2,"name":"Min\u0119\u0142a p\u00f3\u0142noc"}]},{"@type":"WebSite","@id":"https:\/\/notabene.world\/nb\/#website","url":"https:\/\/notabene.world\/nb\/","name":"NOTABENE.WORLD","description":"Przekaz. Warto\u015bci. Wsp\u00f3lnota.","publisher":{"@id":"https:\/\/notabene.world\/nb\/#organization"},"potentialAction":[{"@type":"SearchAction","target":{"@type":"EntryPoint","urlTemplate":"https:\/\/notabene.world\/nb\/?s={search_term_string}"},"query-input":{"@type":"PropertyValueSpecification","valueRequired":true,"valueName":"search_term_string"}}],"inLanguage":"pl-PL"},{"@type":"Organization","@id":"https:\/\/notabene.world\/nb\/#organization","name":"NOTABENE.WORLD","url":"https:\/\/notabene.world\/nb\/","logo":{"@type":"ImageObject","inLanguage":"pl-PL","@id":"https:\/\/notabene.world\/nb\/#\/schema\/logo\/image\/","url":"https:\/\/notabene.world\/nb\/wp-content\/uploads\/2022\/01\/NB-club-start-www1.jpg","contentUrl":"https:\/\/notabene.world\/nb\/wp-content\/uploads\/2022\/01\/NB-club-start-www1.jpg","width":1000,"height":839,"caption":"NOTABENE.WORLD"},"image":{"@id":"https:\/\/notabene.world\/nb\/#\/schema\/logo\/image\/"},"sameAs":["https:\/\/www.facebook.com\/Notabene.World"]},{"@type":"Person","@id":"https:\/\/notabene.world\/nb\/#\/schema\/person\/45dc4a4b9a18fdde674b8503173b1695","name":"Ignacy Jakubczyk","image":{"@type":"ImageObject","inLanguage":"pl-PL","@id":"https:\/\/secure.gravatar.com\/avatar\/697338ce7e4ea377d354afbce8c7071a8997b05b67555aa43f3e8d510b7cd2d1?s=96&d=mm&r=g","url":"https:\/\/secure.gravatar.com\/avatar\/697338ce7e4ea377d354afbce8c7071a8997b05b67555aa43f3e8d510b7cd2d1?s=96&d=mm&r=g","contentUrl":"https:\/\/secure.gravatar.com\/avatar\/697338ce7e4ea377d354afbce8c7071a8997b05b67555aa43f3e8d510b7cd2d1?s=96&d=mm&r=g","caption":"Ignacy Jakubczyk"},"url":"https:\/\/notabene.world\/nb\/author\/ig-ja\/"}]}},"jetpack_featured_media_url":"https:\/\/i0.wp.com\/notabene.world\/nb\/wp-content\/uploads\/2025\/07\/sbrij.jpg?fit=800%2C445&ssl=1","jetpack_sharing_enabled":true,"jetpack_shortlink":"https:\/\/wp.me\/pdCobN-43O","_links":{"self":[{"href":"https:\/\/notabene.world\/nb\/wp-json\/wp\/v2\/posts\/15612","targetHints":{"allow":["GET"]}}],"collection":[{"href":"https:\/\/notabene.world\/nb\/wp-json\/wp\/v2\/posts"}],"about":[{"href":"https:\/\/notabene.world\/nb\/wp-json\/wp\/v2\/types\/post"}],"author":[{"embeddable":true,"href":"https:\/\/notabene.world\/nb\/wp-json\/wp\/v2\/users\/69"}],"replies":[{"embeddable":true,"href":"https:\/\/notabene.world\/nb\/wp-json\/wp\/v2\/comments?post=15612"}],"version-history":[{"count":5,"href":"https:\/\/notabene.world\/nb\/wp-json\/wp\/v2\/posts\/15612\/revisions"}],"predecessor-version":[{"id":17299,"href":"https:\/\/notabene.world\/nb\/wp-json\/wp\/v2\/posts\/15612\/revisions\/17299"}],"wp:featuredmedia":[{"embeddable":true,"href":"https:\/\/notabene.world\/nb\/wp-json\/wp\/v2\/media\/15616"}],"wp:attachment":[{"href":"https:\/\/notabene.world\/nb\/wp-json\/wp\/v2\/media?parent=15612"}],"wp:term":[{"taxonomy":"category","embeddable":true,"href":"https:\/\/notabene.world\/nb\/wp-json\/wp\/v2\/categories?post=15612"},{"taxonomy":"post_tag","embeddable":true,"href":"https:\/\/notabene.world\/nb\/wp-json\/wp\/v2\/tags?post=15612"}],"curies":[{"name":"wp","href":"https:\/\/api.w.org\/{rel}","templated":true}]}}